{"id":13750,"date":"2024-01-09T07:05:00","date_gmt":"2024-01-09T06:05:00","guid":{"rendered":"https:\/\/www.deutsche-glasfaser.de\/blog\/?p=13750"},"modified":"2024-01-03T11:05:36","modified_gmt":"2024-01-03T10:05:36","slug":"digitale-verwaltung-leichte-verbesserungen-und-wunsch-nach-mehr-tempo","status":"publish","type":"post","link":"https:\/\/www.deutsche-glasfaser.de\/blog\/digitale-verwaltung-leichte-verbesserungen-und-wunsch-nach-mehr-tempo\/","title":{"rendered":"Digitale Verwaltung: Leichte Verbesserungen und Wunsch nach mehr Tempo"},"content":{"rendered":"\t\t<div data-elementor-type=\"wp-post\" data-elementor-id=\"13750\" class=\"elementor elementor-13750\">\n\t\t\t\t\t\t<section class=\"elementor-section elementor-top-section elementor-element elementor-element-73cf694 elementor-section-boxed elementor-section-height-default elementor-section-height-default\" data-id=\"73cf694\" data-element_type=\"section\" data-e-type=\"section\">\n\t\t\t\t\t\t<div class=\"elementor-container elementor-column-gap-default\">\n\t\t\t\t\t<div class=\"elementor-column elementor-col-100 elementor-top-column elementor-element elementor-element-110fc3e\" data-id=\"110fc3e\" data-element_type=\"column\" data-e-type=\"column\">\n\t\t\t<div class=\"elementor-widget-wrap elementor-element-populated\">\n\t\t\t\t\t\t<div class=\"elementor-element elementor-element-c553b5a elementor-widget elementor-widget-text-editor\" data-id=\"c553b5a\" data-element_type=\"widget\" data-e-type=\"widget\" data-widget_type=\"text-editor.default\">\n\t\t\t\t<div class=\"elementor-widget-container\">\n\t\t\t\t\t\t\t\t\t<p>Eine digitale Verwaltung ist kein Nice-to-have\u201c, sagt Bitkom-Pr\u00e4sident Dr. Ralf Wintergerst. \u00a9 Bitkom e.V.<\/p>\t\t\t\t\t\t\t\t<\/div>\n\t\t\t\t<\/div>\n\t\t\t\t\t<\/div>\n\t\t<\/div>\n\t\t\t\t\t<\/div>\n\t\t<\/section>\n\t\t\t\t<section class=\"elementor-section elementor-top-section elementor-element elementor-element-370032e elementor-section-boxed elementor-section-height-default elementor-section-height-default\" data-id=\"370032e\" data-element_type=\"section\" data-e-type=\"section\">\n\t\t\t\t\t\t<div class=\"elementor-container elementor-column-gap-default\">\n\t\t\t\t\t<div class=\"elementor-column elementor-col-100 elementor-top-column elementor-element elementor-element-9b04412\" data-id=\"9b04412\" data-element_type=\"column\" data-e-type=\"column\">\n\t\t\t<div class=\"elementor-widget-wrap elementor-element-populated\">\n\t\t\t\t\t\t<div class=\"elementor-element elementor-element-43f5888 elementor-widget elementor-widget-text-editor\" data-id=\"43f5888\" data-element_type=\"widget\" data-e-type=\"widget\" data-widget_type=\"text-editor.default\">\n\t\t\t\t<div class=\"elementor-widget-container\">\n\t\t\t\t\t\t\t\t\t<p>Die Digitalisierung der Verwaltung in Deutschland hat in den vergangenen Jahren Fortschritte gemacht, aber es gibt noch gro\u00dfen Verbesserungsspielraum. Laut einer neuen Studie des Branchenverbands Bitkom, die im November 2023 auf der Smart Country Convention in Berlin vorgestellt wurde, sch\u00e4tzen 40 Prozent der Befragten den Digitalisierungsgrad ihrer Stadt oder Gemeinde als sehr (12 Prozent) oder eher (28 Prozent) fortgeschritten ein, 2020 waren es nur 37 Prozent. Als sehr r\u00fcckst\u00e4ndig bezeichnen ihn nur noch 22 Prozent, nach 28 Prozent bei der Befragung 2020.<\/p>\t\t\t\t\t\t\t\t<\/div>\n\t\t\t\t<\/div>\n\t\t\t\t\t<\/div>\n\t\t<\/div>\n\t\t\t\t\t<\/div>\n\t\t<\/section>\n\t\t\t\t<section class=\"elementor-section elementor-top-section elementor-element elementor-element-deea046 elementor-section-boxed elementor-section-height-default elementor-section-height-default\" data-id=\"deea046\" data-element_type=\"section\" data-e-type=\"section\">\n\t\t\t\t\t\t<div class=\"elementor-container elementor-column-gap-default\">\n\t\t\t\t\t<div class=\"elementor-column elementor-col-100 elementor-top-column elementor-element elementor-element-1c81abe\" data-id=\"1c81abe\" data-element_type=\"column\" data-e-type=\"column\">\n\t\t\t<div class=\"elementor-widget-wrap elementor-element-populated\">\n\t\t\t\t\t\t<div class=\"elementor-element elementor-element-35461da elementor-widget elementor-widget-image\" data-id=\"35461da\" data-element_type=\"widget\" data-e-type=\"widget\" data-widget_type=\"image.default\">\n\t\t\t\t<div class=\"elementor-widget-container\">\n\t\t\t\t\t\t\t\t\t\t\t\t<figure class=\"wp-caption\">\n\t\t\t\t\t\t\t\t\t\t<img fetchpriority=\"high\" decoding=\"async\" width=\"768\" height=\"434\" src=\"https:\/\/www.deutsche-glasfaser.de\/blog\/wp-content\/uploads\/2024\/01\/Beitragsbild_Bildschirmfoto_2023-12-05_um_08.01.04_FINAL-768x434.jpg\" class=\"attachment-medium_large size-medium_large wp-image-13753\" alt=\"Grafik zur Digitalisierung der Kommunen\" srcset=\"https:\/\/www.deutsche-glasfaser.de\/blog\/wp-content\/uploads\/2024\/01\/Beitragsbild_Bildschirmfoto_2023-12-05_um_08.01.04_FINAL-768x434.jpg 768w, https:\/\/www.deutsche-glasfaser.de\/blog\/wp-content\/uploads\/2024\/01\/Beitragsbild_Bildschirmfoto_2023-12-05_um_08.01.04_FINAL-300x169.jpg 300w, https:\/\/www.deutsche-glasfaser.de\/blog\/wp-content\/uploads\/2024\/01\/Beitragsbild_Bildschirmfoto_2023-12-05_um_08.01.04_FINAL.jpg 788w\" sizes=\"(max-width: 768px) 100vw, 768px\" \/>\t\t\t\t\t\t\t\t\t\t\t<figcaption class=\"widget-image-caption wp-caption-text\">Leichte Verbesserungen in den vergangenen drei Jahren\n\u00a9 Bitkom e.V.\n<\/figcaption>\n\t\t\t\t\t\t\t\t\t\t<\/figure>\n\t\t\t\t\t\t\t\t\t<\/div>\n\t\t\t\t<\/div>\n\t\t\t\t<div class=\"elementor-element elementor-element-7551c3a elementor-widget elementor-widget-spacer\" data-id=\"7551c3a\" data-element_type=\"widget\" data-e-type=\"widget\" data-widget_type=\"spacer.default\">\n\t\t\t\t<div class=\"elementor-widget-container\">\n\t\t\t\t\t\t\t<div class=\"elementor-spacer\">\n\t\t\t<div class=\"elementor-spacer-inner\"><\/div>\n\t\t<\/div>\n\t\t\t\t\t\t<\/div>\n\t\t\t\t<\/div>\n\t\t\t\t<div class=\"elementor-element elementor-element-a647e6b elementor-widget elementor-widget-text-editor\" data-id=\"a647e6b\" data-element_type=\"widget\" data-e-type=\"widget\" data-widget_type=\"text-editor.default\">\n\t\t\t\t<div class=\"elementor-widget-container\">\n\t\t\t\t\t\t\t\t\t<p><em>\u00a0<\/em>\u201eDie Digitalisierung in St\u00e4dten und Kommunen hat in den vergangenen Jahren Fortschritte gemacht, gleichzeitig sind die Erwartungen der Menschen gestiegen. Das Ziel muss sein, dass nicht nur online Termine vereinbart werden, sondern dass jede Verwaltungsleistung auch wirklich digital genutzt werden kann \u2013 und zwar so einfach und bequem wie Online-Shopping oder Online-Banking\u201c, sagt Bitkom-Pr\u00e4sident Dr. Ralf Wintergerst. \u201eEine digitale Verwaltung ist kein Nice-to-have, sondern entwickelt sich insbesondere mit Blick auf den Kontakt zwischen Unternehmen und Verwaltungen zu einem wichtigen Standortfaktor und ist Grundlage f\u00fcr smarte St\u00e4dte und Regionen. Die Smart County Convention zeigt, dass es nicht an funktionierenden digitalen Angeboten fehlt, es fehlt schlicht am Einsatz in der Fl\u00e4che.\u201c<\/p>\t\t\t\t\t\t\t\t<\/div>\n\t\t\t\t<\/div>\n\t\t\t\t<div class=\"elementor-element elementor-element-24e2b9c elementor-widget elementor-widget-spacer\" data-id=\"24e2b9c\" data-element_type=\"widget\" data-e-type=\"widget\" data-widget_type=\"spacer.default\">\n\t\t\t\t<div class=\"elementor-widget-container\">\n\t\t\t\t\t\t\t<div class=\"elementor-spacer\">\n\t\t\t<div class=\"elementor-spacer-inner\"><\/div>\n\t\t<\/div>\n\t\t\t\t\t\t<\/div>\n\t\t\t\t<\/div>\n\t\t\t\t<div class=\"elementor-element elementor-element-82ac719 elementor-widget elementor-widget-heading\" data-id=\"82ac719\" data-element_type=\"widget\" data-e-type=\"widget\" data-widget_type=\"heading.default\">\n\t\t\t\t<div class=\"elementor-widget-container\">\n\t\t\t\t\t<h2 class=\"elementor-heading-title elementor-size-xl\">B\u00fcrger:innen fordern mehr Tempo<\/h2>\t\t\t\t<\/div>\n\t\t\t\t<\/div>\n\t\t\t\t<div class=\"elementor-element elementor-element-b6fae9d elementor-widget elementor-widget-spacer\" data-id=\"b6fae9d\" data-element_type=\"widget\" data-e-type=\"widget\" data-widget_type=\"spacer.default\">\n\t\t\t\t<div class=\"elementor-widget-container\">\n\t\t\t\t\t\t\t<div class=\"elementor-spacer\">\n\t\t\t<div class=\"elementor-spacer-inner\"><\/div>\n\t\t<\/div>\n\t\t\t\t\t\t<\/div>\n\t\t\t\t<\/div>\n\t\t\t\t<div class=\"elementor-element elementor-element-1e58266 elementor-widget elementor-widget-text-editor\" data-id=\"1e58266\" data-element_type=\"widget\" data-e-type=\"widget\" data-widget_type=\"text-editor.default\">\n\t\t\t\t<div class=\"elementor-widget-container\">\n\t\t\t\t\t\t\t\t\t<p>W\u00e4hrend die Online-Terminvergabe bereits von 61 Prozent der Befragten genutzt wurde, haben nur 14 Prozent Verwaltungsleistungen direkt online beantragt \u2013 ein Zeichen, dass trotz der wachsenden Bedeutung digitaler Dienste in anderen Bereichen des Lebens, die digitale Transformation der Verwaltung noch nicht ausreichend vorangeschritten ist.<\/p><p>Am Willen der B\u00fcrgerinnen und B\u00fcrger scheitert es nicht. 87 Prozent w\u00fcnschen sich, dass die Stadt- oder Gemeindeverwaltung das Thema Digitalisierung mit mehr Nachdruck verfolgt. Au\u00dferdem ergab die Studie, die auf einer repr\u00e4sentativen Umfrage unter 1.007 Menschen in Deutschland ab 18 Jahren basiert, dass die Mehrheit der Befragten gerne auf pers\u00f6nliche Besuche bei Beh\u00f6rden verzichten w\u00fcrde.<\/p>\t\t\t\t\t\t\t\t<\/div>\n\t\t\t\t<\/div>\n\t\t\t\t<div class=\"elementor-element elementor-element-777543d elementor-widget elementor-widget-spacer\" data-id=\"777543d\" data-element_type=\"widget\" data-e-type=\"widget\" data-widget_type=\"spacer.default\">\n\t\t\t\t<div class=\"elementor-widget-container\">\n\t\t\t\t\t\t\t<div class=\"elementor-spacer\">\n\t\t\t<div class=\"elementor-spacer-inner\"><\/div>\n\t\t<\/div>\n\t\t\t\t\t\t<\/div>\n\t\t\t\t<\/div>\n\t\t\t\t<div class=\"elementor-element elementor-element-104da3e elementor-widget elementor-widget-heading\" data-id=\"104da3e\" data-element_type=\"widget\" data-e-type=\"widget\" data-widget_type=\"heading.default\">\n\t\t\t\t<div class=\"elementor-widget-container\">\n\t\t\t\t\t<h2 class=\"elementor-heading-title elementor-size-xl\">Smart Country Convention bringt Akteure zusammen<\/h2>\t\t\t\t<\/div>\n\t\t\t\t<\/div>\n\t\t\t\t<div class=\"elementor-element elementor-element-7748b3b elementor-widget elementor-widget-spacer\" data-id=\"7748b3b\" data-element_type=\"widget\" data-e-type=\"widget\" data-widget_type=\"spacer.default\">\n\t\t\t\t<div class=\"elementor-widget-container\">\n\t\t\t\t\t\t\t<div class=\"elementor-spacer\">\n\t\t\t<div class=\"elementor-spacer-inner\"><\/div>\n\t\t<\/div>\n\t\t\t\t\t\t<\/div>\n\t\t\t\t<\/div>\n\t\t\t\t<div class=\"elementor-element elementor-element-2a528f0 elementor-widget elementor-widget-text-editor\" data-id=\"2a528f0\" data-element_type=\"widget\" data-e-type=\"widget\" data-widget_type=\"text-editor.default\">\n\t\t\t\t<div class=\"elementor-widget-container\">\n\t\t\t\t\t\t\t\t\t<p>Auf der Smart Country Convention warb auch Bundesinnenministerin Nancy Faeser f\u00fcr mehr Tempo bei der Digitalisierung in der Verwaltung. \u201eIch will, dass wir das Potenzial der Digitalisierung und der Daten in vollem Umfang nutzen \u2013 f\u00fcr einen modernen, b\u00fcrgernahen Staat. Wir wollen den Menschen wertvolle Zeit sparen, der Zettelwirtschaft ein Ende bereiten, offene Daten nutzbar und die Verwaltungsarbeit transparent machen\u201c, erkl\u00e4rte sie. \u201eZuk\u00fcnftig k\u00f6nnen digitale Antr\u00e4ge deutschlandweit \u00fcber das zentrale B\u00fcrgerkonto, die BundID, oder mit dem Online-Ausweis gestellt werden. Wenn wir die B\u00fcrgerinnen und B\u00fcrger daf\u00fcr gewinnen wollen, digitale Angebote der Verwaltung zu nutzen, m\u00fcssen wir zugleich f\u00fcr die notwendige Informationssicherheit sorgen: gemeinsam und beh\u00f6rden\u00fcbergreifend, mit klugen IT-Sicherheitskonzepten.\u201c<\/p>\t\t\t\t\t\t\t\t<\/div>\n\t\t\t\t<\/div>\n\t\t\t\t<div class=\"elementor-element elementor-element-879e96e elementor-widget elementor-widget-spacer\" data-id=\"879e96e\" data-element_type=\"widget\" data-e-type=\"widget\" data-widget_type=\"spacer.default\">\n\t\t\t\t<div class=\"elementor-widget-container\">\n\t\t\t\t\t\t\t<div class=\"elementor-spacer\">\n\t\t\t<div class=\"elementor-spacer-inner\"><\/div>\n\t\t<\/div>\n\t\t\t\t\t\t<\/div>\n\t\t\t\t<\/div>\n\t\t\t\t<div class=\"elementor-element elementor-element-ef09542 elementor-widget elementor-widget-image\" data-id=\"ef09542\" data-element_type=\"widget\" data-e-type=\"widget\" data-widget_type=\"image.default\">\n\t\t\t\t<div class=\"elementor-widget-container\">\n\t\t\t\t\t\t\t\t\t\t\t\t<figure class=\"wp-caption\">\n\t\t\t\t\t\t\t\t\t\t<img decoding=\"async\" width=\"768\" height=\"595\" src=\"https:\/\/www.deutsche-glasfaser.de\/blog\/wp-content\/uploads\/2024\/01\/Beitragsbild_portrait-ministerin-faeser-neu_FINAL-768x595.jpg\" class=\"attachment-medium_large size-medium_large wp-image-13754\" alt=\"Portr\u00e4t Nancy Faeser\" srcset=\"https:\/\/www.deutsche-glasfaser.de\/blog\/wp-content\/uploads\/2024\/01\/Beitragsbild_portrait-ministerin-faeser-neu_FINAL-768x595.jpg 768w, https:\/\/www.deutsche-glasfaser.de\/blog\/wp-content\/uploads\/2024\/01\/Beitragsbild_portrait-ministerin-faeser-neu_FINAL-300x232.jpg 300w, https:\/\/www.deutsche-glasfaser.de\/blog\/wp-content\/uploads\/2024\/01\/Beitragsbild_portrait-ministerin-faeser-neu_FINAL.jpg 788w\" sizes=\"(max-width: 768px) 100vw, 768px\" \/>\t\t\t\t\t\t\t\t\t\t\t<figcaption class=\"widget-image-caption wp-caption-text\">Innenministerin Nancy Faeser will \u201edas Potenzial der Digitalisierung und der Daten in vollem Umfang nutzen\u201c.\nFoto \u00a9 Peter J\u00fclich<\/figcaption>\n\t\t\t\t\t\t\t\t\t\t<\/figure>\n\t\t\t\t\t\t\t\t\t<\/div>\n\t\t\t\t<\/div>\n\t\t\t\t<div class=\"elementor-element elementor-element-a01f291 elementor-widget elementor-widget-spacer\" data-id=\"a01f291\" data-element_type=\"widget\" data-e-type=\"widget\" data-widget_type=\"spacer.default\">\n\t\t\t\t<div class=\"elementor-widget-container\">\n\t\t\t\t\t\t\t<div class=\"elementor-spacer\">\n\t\t\t<div class=\"elementor-spacer-inner\"><\/div>\n\t\t<\/div>\n\t\t\t\t\t\t<\/div>\n\t\t\t\t<\/div>\n\t\t\t\t<div class=\"elementor-element elementor-element-0f66bc3 elementor-widget elementor-widget-text-editor\" data-id=\"0f66bc3\" data-element_type=\"widget\" data-e-type=\"widget\" data-widget_type=\"text-editor.default\">\n\t\t\t\t<div class=\"elementor-widget-container\">\n\t\t\t\t\t\t\t\t\t<p>Die Smart Country Convention hat das Ziel, die Digitalisierung der Verwaltung auf verschiedenen Ebenen zu beschleunigen und die Bed\u00fcrfnisse der B\u00fcrgerinnen und B\u00fcrger besser zu ber\u00fccksichtigen. Die Veranstaltung brachte vom 7. bis 9. November 2023 mehr als 12.000 Vertreterinnen und Vertreter aus Politik, Wirtschaft, St\u00e4dten und Gemeinden zusammen, um L\u00f6sungen f\u00fcr die Herausforderungen der digitalen Transformation in der Verwaltung zu finden.<\/p>\t\t\t\t\t\t\t\t<\/div>\n\t\t\t\t<\/div>\n\t\t\t\t<div class=\"elementor-element elementor-element-18f7e4a elementor-widget elementor-widget-spacer\" data-id=\"18f7e4a\" data-element_type=\"widget\" data-e-type=\"widget\" data-widget_type=\"spacer.default\">\n\t\t\t\t<div class=\"elementor-widget-container\">\n\t\t\t\t\t\t\t<div class=\"elementor-spacer\">\n\t\t\t<div class=\"elementor-spacer-inner\"><\/div>\n\t\t<\/div>\n\t\t\t\t\t\t<\/div>\n\t\t\t\t<\/div>\n\t\t\t\t<div class=\"elementor-element elementor-element-fbdbc59 elementor-widget elementor-widget-heading\" data-id=\"fbdbc59\" data-element_type=\"widget\" data-e-type=\"widget\" data-widget_type=\"heading.default\">\n\t\t\t\t<div class=\"elementor-widget-container\">\n\t\t\t\t\t<h2 class=\"elementor-heading-title elementor-size-xl\">Einfach Prozesse setzen sich digital durch<\/h2>\t\t\t\t<\/div>\n\t\t\t\t<\/div>\n\t\t\t\t<div class=\"elementor-element elementor-element-3dcd973 elementor-widget elementor-widget-spacer\" data-id=\"3dcd973\" data-element_type=\"widget\" data-e-type=\"widget\" data-widget_type=\"spacer.default\">\n\t\t\t\t<div class=\"elementor-widget-container\">\n\t\t\t\t\t\t\t<div class=\"elementor-spacer\">\n\t\t\t<div class=\"elementor-spacer-inner\"><\/div>\n\t\t<\/div>\n\t\t\t\t\t\t<\/div>\n\t\t\t\t<\/div>\n\t\t\t\t<div class=\"elementor-element elementor-element-8b7986b elementor-widget elementor-widget-text-editor\" data-id=\"8b7986b\" data-element_type=\"widget\" data-e-type=\"widget\" data-widget_type=\"text-editor.default\">\n\t\t\t\t<div class=\"elementor-widget-container\">\n\t\t\t\t\t\t\t\t\t<p>Die Bitkom-Studie zeigt, dass die B\u00fcrger:innen eher bereit sind, Dienstleistungen online in Anspruch zu nehmen, wenn es um weniger komplexe Abl\u00e4ufe geht. So w\u00fcrden beispielsweise 81 Prozent ihren Personalausweis und 79 Prozent ihren Anwohnerparkausweis lieber online als vor Ort beantragen. Eine polizeiliche Anzeige m\u00f6chten dagegen 52 Prozent vor Ort erstatten, nur 44 Prozent online. Eine Unternehmensanmeldung bevorzugen 48 Prozent vor Ort, 39 Prozent online. Und die Eheschlie\u00dfung wollen sogar nur 26 Prozent online beantragen, 64 Prozent vor Ort.<\/p>\t\t\t\t\t\t\t\t<\/div>\n\t\t\t\t<\/div>\n\t\t\t\t<div class=\"elementor-element elementor-element-d17bc94 elementor-widget elementor-widget-spacer\" data-id=\"d17bc94\" data-element_type=\"widget\" data-e-type=\"widget\" data-widget_type=\"spacer.default\">\n\t\t\t\t<div class=\"elementor-widget-container\">\n\t\t\t\t\t\t\t<div class=\"elementor-spacer\">\n\t\t\t<div class=\"elementor-spacer-inner\"><\/div>\n\t\t<\/div>\n\t\t\t\t\t\t<\/div>\n\t\t\t\t<\/div>\n\t\t\t\t<div class=\"elementor-element elementor-element-563c38e elementor-widget elementor-widget-image\" data-id=\"563c38e\" data-element_type=\"widget\" data-e-type=\"widget\" data-widget_type=\"image.default\">\n\t\t\t\t<div class=\"elementor-widget-container\">\n\t\t\t\t\t\t\t\t\t\t\t\t<figure class=\"wp-caption\">\n\t\t\t\t\t\t\t\t\t\t<img decoding=\"async\" width=\"768\" height=\"434\" src=\"https:\/\/www.deutsche-glasfaser.de\/blog\/wp-content\/uploads\/2024\/01\/Beitragsbild_Bildschirmfoto_2023-12-04_um_19.57.42_FINAL-768x434.jpg\" class=\"attachment-medium_large size-medium_large wp-image-13751\" alt=\"Grafik zur digitalen Erledigung von Verwaltungsdienstleistungen\" srcset=\"https:\/\/www.deutsche-glasfaser.de\/blog\/wp-content\/uploads\/2024\/01\/Beitragsbild_Bildschirmfoto_2023-12-04_um_19.57.42_FINAL-768x434.jpg 768w, https:\/\/www.deutsche-glasfaser.de\/blog\/wp-content\/uploads\/2024\/01\/Beitragsbild_Bildschirmfoto_2023-12-04_um_19.57.42_FINAL-300x169.jpg 300w, https:\/\/www.deutsche-glasfaser.de\/blog\/wp-content\/uploads\/2024\/01\/Beitragsbild_Bildschirmfoto_2023-12-04_um_19.57.42_FINAL.jpg 788w\" sizes=\"(max-width: 768px) 100vw, 768px\" \/>\t\t\t\t\t\t\t\t\t\t\t<figcaption class=\"widget-image-caption wp-caption-text\">Die Bereitschaft, Angelegenheiten digital zu erledigen, h\u00e4ngt stark von der Art der Dienstleistung ab. \u00a9 Bitkom e.V.\n<\/figcaption>\n\t\t\t\t\t\t\t\t\t\t<\/figure>\n\t\t\t\t\t\t\t\t\t<\/div>\n\t\t\t\t<\/div>\n\t\t\t\t<div class=\"elementor-element elementor-element-8e03b33 elementor-widget elementor-widget-spacer\" data-id=\"8e03b33\" data-element_type=\"widget\" data-e-type=\"widget\" data-widget_type=\"spacer.default\">\n\t\t\t\t<div class=\"elementor-widget-container\">\n\t\t\t\t\t\t\t<div class=\"elementor-spacer\">\n\t\t\t<div class=\"elementor-spacer-inner\"><\/div>\n\t\t<\/div>\n\t\t\t\t\t\t<\/div>\n\t\t\t\t<\/div>\n\t\t\t\t<div class=\"elementor-element elementor-element-00b7102 elementor-widget elementor-widget-text-editor\" data-id=\"00b7102\" data-element_type=\"widget\" data-e-type=\"widget\" data-widget_type=\"text-editor.default\">\n\t\t\t\t<div class=\"elementor-widget-container\">\n\t\t\t\t\t\t\t\t\t<p>\u201eJe einfacher eine Verwaltungsleistung ist, umso mehr Menschen m\u00f6chten sie online erledigen. Und je tiefer die Entscheidung ins pers\u00f6nliche Leben eingreift und je emotionaler die Angelegenheit ist, desto st\u00e4rker ist der Wunsch nach einem pers\u00f6nlichen Besuch in der Beh\u00f6rde\u201c, res\u00fcmiert Ralf Wintergerst. \u201eWir brauchen Wahlfreiheit der B\u00fcrgerinnen und B\u00fcrger f\u00fcr jede Verwaltungsleistung: Will ich sie online erledigen oder pers\u00f6nlich vor Ort? Wer sich f\u00fcr die Online-Variante entscheidet, entlastet damit die Beh\u00f6rden, die mehr Zeit f\u00fcr die Beratung in schwierigeren Angelegenheiten haben.\u201c<\/p>\t\t\t\t\t\t\t\t<\/div>\n\t\t\t\t<\/div>\n\t\t\t\t<div class=\"elementor-element elementor-element-c960ebc elementor-widget elementor-widget-spacer\" data-id=\"c960ebc\" data-element_type=\"widget\" data-e-type=\"widget\" data-widget_type=\"spacer.default\">\n\t\t\t\t<div class=\"elementor-widget-container\">\n\t\t\t\t\t\t\t<div class=\"elementor-spacer\">\n\t\t\t<div class=\"elementor-spacer-inner\"><\/div>\n\t\t<\/div>\n\t\t\t\t\t\t<\/div>\n\t\t\t\t<\/div>\n\t\t\t\t<div class=\"elementor-element elementor-element-5c231ea elementor-widget elementor-widget-heading\" data-id=\"5c231ea\" data-element_type=\"widget\" data-e-type=\"widget\" data-widget_type=\"heading.default\">\n\t\t\t\t<div class=\"elementor-widget-container\">\n\t\t\t\t\t<h2 class=\"elementor-heading-title elementor-size-xl\">Angebote bekannter machen<\/h2>\t\t\t\t<\/div>\n\t\t\t\t<\/div>\n\t\t\t\t<div class=\"elementor-element elementor-element-bd6caf3 elementor-widget elementor-widget-spacer\" data-id=\"bd6caf3\" data-element_type=\"widget\" data-e-type=\"widget\" data-widget_type=\"spacer.default\">\n\t\t\t\t<div class=\"elementor-widget-container\">\n\t\t\t\t\t\t\t<div class=\"elementor-spacer\">\n\t\t\t<div class=\"elementor-spacer-inner\"><\/div>\n\t\t<\/div>\n\t\t\t\t\t\t<\/div>\n\t\t\t\t<\/div>\n\t\t\t\t<div class=\"elementor-element elementor-element-c570979 elementor-widget elementor-widget-text-editor\" data-id=\"c570979\" data-element_type=\"widget\" data-e-type=\"widget\" data-widget_type=\"text-editor.default\">\n\t\t\t\t<div class=\"elementor-widget-container\">\n\t\t\t\t\t\t\t\t\t<p>Noch sind viele digitale Verwaltungsangebote den Menschen v\u00f6llig unbekannt. Am bekanntesten ist die digitale Steuererkl\u00e4rung \u00fcber Elster, die 25 Prozent bereits genutzt haben, 48 Prozent zumindest kennen und nur 22 Prozent unbekannt ist. Zum Vergleich: Digitale M\u00e4ngelmelder f\u00fcr Sch\u00e4den und Probleme im \u00f6ffentlichen Raum nutzen nur 8 Prozent, 57 Prozent kennen das Angebot gar nicht. \u201eDas Beispiel Elster zeigt, was eine digitale Verwaltungsleistung braucht, um erfolgreich zu sein: Sie muss bekannt sein, wobei ein eing\u00e4ngiger Name hilft. Sie muss funktionieren und einen ganz konkreten Vorteil f\u00fcr die B\u00fcrgerinnen und B\u00fcrger liefern, zum Beispiel eine schnellere Bearbeitung und den Verzicht auf jedwedes Papier\u201c, so Wintergerst. \u201eElster zeigt auch, dass ein zentraler Ansatz, bei dem nicht jedes Bundesland, jede Stadt und jede Gemeinde eine eigene L\u00f6sung entwickelt, hilfreich ist. Durch offene Schnittstellen kann sich ein ganzes \u00d6kosystem rund um Verwaltungsleistungen entwickeln und es entsteht ein echter Mehrwert f\u00fcr die Menschen und Unternehmen vor Ort.\u201c<\/p>\t\t\t\t\t\t\t\t<\/div>\n\t\t\t\t<\/div>\n\t\t\t\t<div class=\"elementor-element elementor-element-9b5618c elementor-widget elementor-widget-spacer\" data-id=\"9b5618c\" data-element_type=\"widget\" data-e-type=\"widget\" data-widget_type=\"spacer.default\">\n\t\t\t\t<div class=\"elementor-widget-container\">\n\t\t\t\t\t\t\t<div class=\"elementor-spacer\">\n\t\t\t<div class=\"elementor-spacer-inner\"><\/div>\n\t\t<\/div>\n\t\t\t\t\t\t<\/div>\n\t\t\t\t<\/div>\n\t\t\t\t<div class=\"elementor-element elementor-element-65ee682 eael-infobox-icon-bg-shape-none eael-infobox-icon-hover-bg-shape-none elementor-widget elementor-widget-eael-info-box\" data-id=\"65ee682\" data-element_type=\"widget\" data-e-type=\"widget\" data-widget_type=\"eael-info-box.default\">\n\t\t\t\t<div class=\"elementor-widget-container\">\n\t\t\t\t\t        <div class=\"eael-infobox icon-on-left\">\n\t            <div class=\"infobox-icon eael-icon-only\">\n\n            \n                            <div class=\"infobox-icon-wrap\">\n                    <i aria-hidden=\"true\" class=\"fas fa-info-circle\"><\/i>                <\/div>\n            \n            \n        <\/div>\n            <div class=\"infobox-content eael-icon-only\">\n                    <div class=\"infobox-title-section\">\n                <h2 class=\"title\">Weiterf\u00fchrende Links<\/h2>            <\/div>\n            <div><p>Eine Pr\u00e4sentation zur Studie \u201eDigitalisierung von Verwaltung und \u00f6ffentlicher Hand\u201c, finden Sie <a href=\"https:\/\/www.bitkom.org\/Presse\/Presseinformation\/Digitale-Verwaltung-jeder-Siebte-hat-online-Antrag-gestellt#_\">hier<\/a>.<\/p><p>Die n\u00e4chste Smart Country Convention findet vom 15. bis 17. Oktober 2024 in Berlin statt. Mehr Informationen gibt es hier: <a href=\"http:\/\/www.smartcountry.berlin\">www.smartcountry.berlin<\/a><\/p><\/div>        <\/div>\n            <\/div>\n\n\t\t\t\t\t\t<\/div>\n\t\t\t\t<\/div>\n\t\t\t\t\t<\/div>\n\t\t<\/div>\n\t\t\t\t\t<\/div>\n\t\t<\/section>\n\t\t\t\t<\/div>\n\t\t","protected":false},"excerpt":{"rendered":"<p>Am Willen der B\u00fcrger:innen scheitert es nicht: Das ist ein Ergebnis der Bitkom-Studie \u201eDigitalisierung von Verwaltung und \u00f6ffentlicher Hand\u201c. Viele wollen ihre Angelegenheiten online erledigen. Die \u00f6ffentliche Hand macht aber nur kleine Fortschritte.<\/p>\n","protected":false},"author":5,"featured_media":13755,"comment_status":"open","ping_status":"open","sticky":false,"template":"","format":"standard","meta":{"footnotes":""},"categories":[72],"tags":[],"class_list":["post-13750","post","type-post","status-publish","format-standard","has-post-thumbnail","hentry","category-landlebendigital"],"yoast_head":"<!-- This site is optimized with the Yoast SEO plugin v27.5 - https:\/\/yoast.com\/product\/yoast-seo-wordpress\/ -->\n<title>Eine Bitkom-Studie zeigt: Kommunen werden digitaler - Digitales B\u00fcrgernetz<\/title>\n<meta name=\"description\" content=\"Nach einer Befragung von \u00fcber 1.000 B\u00fcrger:innen w\u00fcnschen sich viele noch mehr Digitalisierung in der Verwaltung.\" \/>\n<meta name=\"robots\" content=\"index, follow, max-snippet:-1, max-image-preview:large, max-video-preview:-1\" \/>\n<link rel=\"canonical\" href=\"https:\/\/www.deutsche-glasfaser.de\/blog\/digitale-verwaltung-leichte-verbesserungen-und-wunsch-nach-mehr-tempo\/\" \/>\n<meta property=\"og:locale\" content=\"de_DE\" \/>\n<meta property=\"og:type\" content=\"article\" \/>\n<meta property=\"og:title\" content=\"Eine Bitkom-Studie zeigt: Kommunen werden digitaler - Digitales B\u00fcrgernetz\" \/>\n<meta property=\"og:description\" content=\"Nach einer Befragung von \u00fcber 1.000 B\u00fcrger:innen w\u00fcnschen sich viele noch mehr Digitalisierung in der Verwaltung.\" \/>\n<meta property=\"og:url\" content=\"https:\/\/www.deutsche-glasfaser.de\/blog\/digitale-verwaltung-leichte-verbesserungen-und-wunsch-nach-mehr-tempo\/\" \/>\n<meta property=\"og:site_name\" content=\"Digitales B\u00fcrgernetz\" \/>\n<meta property=\"article:published_time\" content=\"2024-01-09T06:05:00+00:00\" \/>\n<meta property=\"og:image\" content=\"https:\/\/www.deutsche-glasfaser.de\/blog\/wp-content\/uploads\/2024\/01\/Titelbild_ralf-wintergerst_high-res_FINAL.jpg\" \/>\n\t<meta property=\"og:image:width\" content=\"1500\" \/>\n\t<meta property=\"og:image:height\" content=\"705\" \/>\n\t<meta property=\"og:image:type\" content=\"image\/jpeg\" \/>\n<meta name=\"author\" content=\"Deutsche Glasfaser\" \/>\n<meta name=\"twitter:card\" content=\"summary_large_image\" \/>\n<meta name=\"twitter:label1\" content=\"Verfasst von\" \/>\n\t<meta name=\"twitter:data1\" content=\"Deutsche Glasfaser\" \/>\n\t<meta name=\"twitter:label2\" content=\"Gesch\u00e4tzte Lesezeit\" \/>\n\t<meta name=\"twitter:data2\" content=\"6\u00a0Minuten\" \/>\n<script type=\"application\/ld+json\" class=\"yoast-schema-graph\">{\"@context\":\"https:\\\/\\\/schema.org\",\"@graph\":[{\"@type\":\"Article\",\"@id\":\"https:\\\/\\\/www.deutsche-glasfaser.de\\\/blog\\\/digitale-verwaltung-leichte-verbesserungen-und-wunsch-nach-mehr-tempo\\\/#article\",\"isPartOf\":{\"@id\":\"https:\\\/\\\/www.deutsche-glasfaser.de\\\/blog\\\/digitale-verwaltung-leichte-verbesserungen-und-wunsch-nach-mehr-tempo\\\/\"},\"author\":{\"name\":\"Deutsche Glasfaser\",\"@id\":\"https:\\\/\\\/www.deutsche-glasfaser.de\\\/blog\\\/#\\\/schema\\\/person\\\/9380a6dc7443d77143d0c66c409f574b\"},\"headline\":\"Digitale Verwaltung: Leichte Verbesserungen und Wunsch nach mehr Tempo\",\"datePublished\":\"2024-01-09T06:05:00+00:00\",\"mainEntityOfPage\":{\"@id\":\"https:\\\/\\\/www.deutsche-glasfaser.de\\\/blog\\\/digitale-verwaltung-leichte-verbesserungen-und-wunsch-nach-mehr-tempo\\\/\"},\"wordCount\":937,\"commentCount\":0,\"publisher\":{\"@id\":\"https:\\\/\\\/www.deutsche-glasfaser.de\\\/blog\\\/#organization\"},\"image\":{\"@id\":\"https:\\\/\\\/www.deutsche-glasfaser.de\\\/blog\\\/digitale-verwaltung-leichte-verbesserungen-und-wunsch-nach-mehr-tempo\\\/#primaryimage\"},\"thumbnailUrl\":\"https:\\\/\\\/www.deutsche-glasfaser.de\\\/blog\\\/wp-content\\\/uploads\\\/2024\\\/01\\\/Titelbild_ralf-wintergerst_high-res_FINAL.jpg\",\"articleSection\":[\"#LandLebenDigital\"],\"inLanguage\":\"de\",\"potentialAction\":[{\"@type\":\"CommentAction\",\"name\":\"Comment\",\"target\":[\"https:\\\/\\\/www.deutsche-glasfaser.de\\\/blog\\\/digitale-verwaltung-leichte-verbesserungen-und-wunsch-nach-mehr-tempo\\\/#respond\"]}]},{\"@type\":\"WebPage\",\"@id\":\"https:\\\/\\\/www.deutsche-glasfaser.de\\\/blog\\\/digitale-verwaltung-leichte-verbesserungen-und-wunsch-nach-mehr-tempo\\\/\",\"url\":\"https:\\\/\\\/www.deutsche-glasfaser.de\\\/blog\\\/digitale-verwaltung-leichte-verbesserungen-und-wunsch-nach-mehr-tempo\\\/\",\"name\":\"Eine Bitkom-Studie zeigt: Kommunen werden digitaler - Digitales B\u00fcrgernetz\",\"isPartOf\":{\"@id\":\"https:\\\/\\\/www.deutsche-glasfaser.de\\\/blog\\\/#website\"},\"primaryImageOfPage\":{\"@id\":\"https:\\\/\\\/www.deutsche-glasfaser.de\\\/blog\\\/digitale-verwaltung-leichte-verbesserungen-und-wunsch-nach-mehr-tempo\\\/#primaryimage\"},\"image\":{\"@id\":\"https:\\\/\\\/www.deutsche-glasfaser.de\\\/blog\\\/digitale-verwaltung-leichte-verbesserungen-und-wunsch-nach-mehr-tempo\\\/#primaryimage\"},\"thumbnailUrl\":\"https:\\\/\\\/www.deutsche-glasfaser.de\\\/blog\\\/wp-content\\\/uploads\\\/2024\\\/01\\\/Titelbild_ralf-wintergerst_high-res_FINAL.jpg\",\"datePublished\":\"2024-01-09T06:05:00+00:00\",\"description\":\"Nach einer Befragung von \u00fcber 1.000 B\u00fcrger:innen w\u00fcnschen sich viele noch mehr Digitalisierung in der Verwaltung.\",\"inLanguage\":\"de\",\"potentialAction\":[{\"@type\":\"ReadAction\",\"target\":[\"https:\\\/\\\/www.deutsche-glasfaser.de\\\/blog\\\/digitale-verwaltung-leichte-verbesserungen-und-wunsch-nach-mehr-tempo\\\/\"]}]},{\"@type\":\"ImageObject\",\"inLanguage\":\"de\",\"@id\":\"https:\\\/\\\/www.deutsche-glasfaser.de\\\/blog\\\/digitale-verwaltung-leichte-verbesserungen-und-wunsch-nach-mehr-tempo\\\/#primaryimage\",\"url\":\"https:\\\/\\\/www.deutsche-glasfaser.de\\\/blog\\\/wp-content\\\/uploads\\\/2024\\\/01\\\/Titelbild_ralf-wintergerst_high-res_FINAL.jpg\",\"contentUrl\":\"https:\\\/\\\/www.deutsche-glasfaser.de\\\/blog\\\/wp-content\\\/uploads\\\/2024\\\/01\\\/Titelbild_ralf-wintergerst_high-res_FINAL.jpg\",\"width\":1500,\"height\":705,\"caption\":\"\u201eEine digitale Verwaltung ist kein Nice-to-have\u201c, sagt Bitkom-Pr\u00e4sident Dr. Ralf Wintergerst. \u00a9 Bitkom e.V.\"},{\"@type\":\"WebSite\",\"@id\":\"https:\\\/\\\/www.deutsche-glasfaser.de\\\/blog\\\/#website\",\"url\":\"https:\\\/\\\/www.deutsche-glasfaser.de\\\/blog\\\/\",\"name\":\"Digitales B\u00fcrgernetz\",\"description\":\"Deutsche Glasfaser Blog\",\"publisher\":{\"@id\":\"https:\\\/\\\/www.deutsche-glasfaser.de\\\/blog\\\/#organization\"},\"potentialAction\":[{\"@type\":\"SearchAction\",\"target\":{\"@type\":\"EntryPoint\",\"urlTemplate\":\"https:\\\/\\\/www.deutsche-glasfaser.de\\\/blog\\\/?s={search_term_string}\"},\"query-input\":{\"@type\":\"PropertyValueSpecification\",\"valueRequired\":true,\"valueName\":\"search_term_string\"}}],\"inLanguage\":\"de\"},{\"@type\":\"Organization\",\"@id\":\"https:\\\/\\\/www.deutsche-glasfaser.de\\\/blog\\\/#organization\",\"name\":\"Digitales B\u00fcrgernetz\",\"url\":\"https:\\\/\\\/www.deutsche-glasfaser.de\\\/blog\\\/\",\"logo\":{\"@type\":\"ImageObject\",\"inLanguage\":\"de\",\"@id\":\"https:\\\/\\\/www.deutsche-glasfaser.de\\\/blog\\\/#\\\/schema\\\/logo\\\/image\\\/\",\"url\":\"https:\\\/\\\/www.deutsche-glasfaser.de\\\/blog\\\/wp-content\\\/uploads\\\/2021\\\/08\\\/DGF_Logo_Basis_RGB-Large@2x.png\",\"contentUrl\":\"https:\\\/\\\/www.deutsche-glasfaser.de\\\/blog\\\/wp-content\\\/uploads\\\/2021\\\/08\\\/DGF_Logo_Basis_RGB-Large@2x.png\",\"width\":312,\"height\":104,\"caption\":\"Digitales B\u00fcrgernetz\"},\"image\":{\"@id\":\"https:\\\/\\\/www.deutsche-glasfaser.de\\\/blog\\\/#\\\/schema\\\/logo\\\/image\\\/\"}},{\"@type\":\"Person\",\"@id\":\"https:\\\/\\\/www.deutsche-glasfaser.de\\\/blog\\\/#\\\/schema\\\/person\\\/9380a6dc7443d77143d0c66c409f574b\",\"name\":\"Deutsche Glasfaser\"}]}<\/script>\n<!-- \/ Yoast SEO plugin. -->","yoast_head_json":{"title":"Eine Bitkom-Studie zeigt: Kommunen werden digitaler - Digitales B\u00fcrgernetz","description":"Nach einer Befragung von \u00fcber 1.000 B\u00fcrger:innen w\u00fcnschen sich viele noch mehr Digitalisierung in der Verwaltung.","robots":{"index":"index","follow":"follow","max-snippet":"max-snippet:-1","max-image-preview":"max-image-preview:large","max-video-preview":"max-video-preview:-1"},"canonical":"https:\/\/www.deutsche-glasfaser.de\/blog\/digitale-verwaltung-leichte-verbesserungen-und-wunsch-nach-mehr-tempo\/","og_locale":"de_DE","og_type":"article","og_title":"Eine Bitkom-Studie zeigt: Kommunen werden digitaler - Digitales B\u00fcrgernetz","og_description":"Nach einer Befragung von \u00fcber 1.000 B\u00fcrger:innen w\u00fcnschen sich viele noch mehr Digitalisierung in der Verwaltung.","og_url":"https:\/\/www.deutsche-glasfaser.de\/blog\/digitale-verwaltung-leichte-verbesserungen-und-wunsch-nach-mehr-tempo\/","og_site_name":"Digitales B\u00fcrgernetz","article_published_time":"2024-01-09T06:05:00+00:00","og_image":[{"width":1500,"height":705,"url":"https:\/\/www.deutsche-glasfaser.de\/blog\/wp-content\/uploads\/2024\/01\/Titelbild_ralf-wintergerst_high-res_FINAL.jpg","type":"image\/jpeg"}],"author":"Deutsche Glasfaser","twitter_card":"summary_large_image","twitter_misc":{"Verfasst von":"Deutsche Glasfaser","Gesch\u00e4tzte Lesezeit":"6\u00a0Minuten"},"schema":{"@context":"https:\/\/schema.org","@graph":[{"@type":"Article","@id":"https:\/\/www.deutsche-glasfaser.de\/blog\/digitale-verwaltung-leichte-verbesserungen-und-wunsch-nach-mehr-tempo\/#article","isPartOf":{"@id":"https:\/\/www.deutsche-glasfaser.de\/blog\/digitale-verwaltung-leichte-verbesserungen-und-wunsch-nach-mehr-tempo\/"},"author":{"name":"Deutsche Glasfaser","@id":"https:\/\/www.deutsche-glasfaser.de\/blog\/#\/schema\/person\/9380a6dc7443d77143d0c66c409f574b"},"headline":"Digitale Verwaltung: Leichte Verbesserungen und Wunsch nach mehr Tempo","datePublished":"2024-01-09T06:05:00+00:00","mainEntityOfPage":{"@id":"https:\/\/www.deutsche-glasfaser.de\/blog\/digitale-verwaltung-leichte-verbesserungen-und-wunsch-nach-mehr-tempo\/"},"wordCount":937,"commentCount":0,"publisher":{"@id":"https:\/\/www.deutsche-glasfaser.de\/blog\/#organization"},"image":{"@id":"https:\/\/www.deutsche-glasfaser.de\/blog\/digitale-verwaltung-leichte-verbesserungen-und-wunsch-nach-mehr-tempo\/#primaryimage"},"thumbnailUrl":"https:\/\/www.deutsche-glasfaser.de\/blog\/wp-content\/uploads\/2024\/01\/Titelbild_ralf-wintergerst_high-res_FINAL.jpg","articleSection":["#LandLebenDigital"],"inLanguage":"de","potentialAction":[{"@type":"CommentAction","name":"Comment","target":["https:\/\/www.deutsche-glasfaser.de\/blog\/digitale-verwaltung-leichte-verbesserungen-und-wunsch-nach-mehr-tempo\/#respond"]}]},{"@type":"WebPage","@id":"https:\/\/www.deutsche-glasfaser.de\/blog\/digitale-verwaltung-leichte-verbesserungen-und-wunsch-nach-mehr-tempo\/","url":"https:\/\/www.deutsche-glasfaser.de\/blog\/digitale-verwaltung-leichte-verbesserungen-und-wunsch-nach-mehr-tempo\/","name":"Eine Bitkom-Studie zeigt: Kommunen werden digitaler - Digitales B\u00fcrgernetz","isPartOf":{"@id":"https:\/\/www.deutsche-glasfaser.de\/blog\/#website"},"primaryImageOfPage":{"@id":"https:\/\/www.deutsche-glasfaser.de\/blog\/digitale-verwaltung-leichte-verbesserungen-und-wunsch-nach-mehr-tempo\/#primaryimage"},"image":{"@id":"https:\/\/www.deutsche-glasfaser.de\/blog\/digitale-verwaltung-leichte-verbesserungen-und-wunsch-nach-mehr-tempo\/#primaryimage"},"thumbnailUrl":"https:\/\/www.deutsche-glasfaser.de\/blog\/wp-content\/uploads\/2024\/01\/Titelbild_ralf-wintergerst_high-res_FINAL.jpg","datePublished":"2024-01-09T06:05:00+00:00","description":"Nach einer Befragung von \u00fcber 1.000 B\u00fcrger:innen w\u00fcnschen sich viele noch mehr Digitalisierung in der Verwaltung.","inLanguage":"de","potentialAction":[{"@type":"ReadAction","target":["https:\/\/www.deutsche-glasfaser.de\/blog\/digitale-verwaltung-leichte-verbesserungen-und-wunsch-nach-mehr-tempo\/"]}]},{"@type":"ImageObject","inLanguage":"de","@id":"https:\/\/www.deutsche-glasfaser.de\/blog\/digitale-verwaltung-leichte-verbesserungen-und-wunsch-nach-mehr-tempo\/#primaryimage","url":"https:\/\/www.deutsche-glasfaser.de\/blog\/wp-content\/uploads\/2024\/01\/Titelbild_ralf-wintergerst_high-res_FINAL.jpg","contentUrl":"https:\/\/www.deutsche-glasfaser.de\/blog\/wp-content\/uploads\/2024\/01\/Titelbild_ralf-wintergerst_high-res_FINAL.jpg","width":1500,"height":705,"caption":"\u201eEine digitale Verwaltung ist kein Nice-to-have\u201c, sagt Bitkom-Pr\u00e4sident Dr. Ralf Wintergerst. \u00a9 Bitkom e.V."},{"@type":"WebSite","@id":"https:\/\/www.deutsche-glasfaser.de\/blog\/#website","url":"https:\/\/www.deutsche-glasfaser.de\/blog\/","name":"Digitales B\u00fcrgernetz","description":"Deutsche Glasfaser Blog","publisher":{"@id":"https:\/\/www.deutsche-glasfaser.de\/blog\/#organization"},"potentialAction":[{"@type":"SearchAction","target":{"@type":"EntryPoint","urlTemplate":"https:\/\/www.deutsche-glasfaser.de\/blog\/?s={search_term_string}"},"query-input":{"@type":"PropertyValueSpecification","valueRequired":true,"valueName":"search_term_string"}}],"inLanguage":"de"},{"@type":"Organization","@id":"https:\/\/www.deutsche-glasfaser.de\/blog\/#organization","name":"Digitales B\u00fcrgernetz","url":"https:\/\/www.deutsche-glasfaser.de\/blog\/","logo":{"@type":"ImageObject","inLanguage":"de","@id":"https:\/\/www.deutsche-glasfaser.de\/blog\/#\/schema\/logo\/image\/","url":"https:\/\/www.deutsche-glasfaser.de\/blog\/wp-content\/uploads\/2021\/08\/DGF_Logo_Basis_RGB-Large@2x.png","contentUrl":"https:\/\/www.deutsche-glasfaser.de\/blog\/wp-content\/uploads\/2021\/08\/DGF_Logo_Basis_RGB-Large@2x.png","width":312,"height":104,"caption":"Digitales B\u00fcrgernetz"},"image":{"@id":"https:\/\/www.deutsche-glasfaser.de\/blog\/#\/schema\/logo\/image\/"}},{"@type":"Person","@id":"https:\/\/www.deutsche-glasfaser.de\/blog\/#\/schema\/person\/9380a6dc7443d77143d0c66c409f574b","name":"Deutsche Glasfaser"}]}},"_links":{"self":[{"href":"https:\/\/www.deutsche-glasfaser.de\/blog\/wp-json\/wp\/v2\/posts\/13750","targetHints":{"allow":["GET"]}}],"collection":[{"href":"https:\/\/www.deutsche-glasfaser.de\/blog\/wp-json\/wp\/v2\/posts"}],"about":[{"href":"https:\/\/www.deutsche-glasfaser.de\/blog\/wp-json\/wp\/v2\/types\/post"}],"author":[{"embeddable":true,"href":"https:\/\/www.deutsche-glasfaser.de\/blog\/wp-json\/wp\/v2\/users\/5"}],"replies":[{"embeddable":true,"href":"https:\/\/www.deutsche-glasfaser.de\/blog\/wp-json\/wp\/v2\/comments?post=13750"}],"version-history":[{"count":8,"href":"https:\/\/www.deutsche-glasfaser.de\/blog\/wp-json\/wp\/v2\/posts\/13750\/revisions"}],"predecessor-version":[{"id":13763,"href":"https:\/\/www.deutsche-glasfaser.de\/blog\/wp-json\/wp\/v2\/posts\/13750\/revisions\/13763"}],"wp:featuredmedia":[{"embeddable":true,"href":"https:\/\/www.deutsche-glasfaser.de\/blog\/wp-json\/wp\/v2\/media\/13755"}],"wp:attachment":[{"href":"https:\/\/www.deutsche-glasfaser.de\/blog\/wp-json\/wp\/v2\/media?parent=13750"}],"wp:term":[{"taxonomy":"category","embeddable":true,"href":"https:\/\/www.deutsche-glasfaser.de\/blog\/wp-json\/wp\/v2\/categories?post=13750"},{"taxonomy":"post_tag","embeddable":true,"href":"https:\/\/www.deutsche-glasfaser.de\/blog\/wp-json\/wp\/v2\/tags?post=13750"}],"curies":[{"name":"wp","href":"https:\/\/api.w.org\/{rel}","templated":true}]}}