{"id":13741,"date":"2024-01-04T07:03:00","date_gmt":"2024-01-04T06:03:00","guid":{"rendered":"https:\/\/www.deutsche-glasfaser.de\/blog\/?p=13741"},"modified":"2024-01-03T09:05:26","modified_gmt":"2024-01-03T08:05:26","slug":"greentwin-nachhaltige-logistik-im-laendlichen-raum","status":"publish","type":"post","link":"https:\/\/www.deutsche-glasfaser.de\/blog\/greentwin-nachhaltige-logistik-im-laendlichen-raum\/","title":{"rendered":"GreenTwin \u2013 nachhaltige Logistik im l\u00e4ndlichen Raum"},"content":{"rendered":"\t\t<div data-elementor-type=\"wp-post\" data-elementor-id=\"13741\" class=\"elementor elementor-13741\">\n\t\t\t\t\t\t<section class=\"elementor-section elementor-top-section elementor-element elementor-element-9a62625 elementor-section-boxed elementor-section-height-default elementor-section-height-default\" data-id=\"9a62625\" data-element_type=\"section\" data-e-type=\"section\">\n\t\t\t\t\t\t<div class=\"elementor-container elementor-column-gap-default\">\n\t\t\t\t\t<div class=\"elementor-column elementor-col-100 elementor-top-column elementor-element elementor-element-1ec6a57\" data-id=\"1ec6a57\" data-element_type=\"column\" data-e-type=\"column\">\n\t\t\t<div class=\"elementor-widget-wrap elementor-element-populated\">\n\t\t\t\t\t\t<div class=\"elementor-element elementor-element-81b0966 elementor-widget elementor-widget-text-editor\" data-id=\"81b0966\" data-element_type=\"widget\" data-e-type=\"widget\" data-widget_type=\"text-editor.default\">\n\t\t\t\t<div class=\"elementor-widget-container\">\n\t\t\t\t\t\t\t\t\t<p>Zusammen mit seinen Partnern hat sich der Umwelt-Campus Birkenfeld das Ziel gesetzt, die Logistik zu regionalisieren. Daf\u00fcr entwickelt das Projektteam einen digitalen Zwilling, der alle Akteure abbildet. \u00a9 erstellt mit ChatGPT<\/p>\t\t\t\t\t\t\t\t<\/div>\n\t\t\t\t<\/div>\n\t\t\t\t\t<\/div>\n\t\t<\/div>\n\t\t\t\t\t<\/div>\n\t\t<\/section>\n\t\t\t\t<section class=\"elementor-section elementor-top-section elementor-element elementor-element-5a92cbd elementor-section-boxed elementor-section-height-default elementor-section-height-default\" data-id=\"5a92cbd\" data-element_type=\"section\" data-e-type=\"section\">\n\t\t\t\t\t\t<div class=\"elementor-container elementor-column-gap-default\">\n\t\t\t\t\t<div class=\"elementor-column elementor-col-100 elementor-top-column elementor-element elementor-element-56849e3\" data-id=\"56849e3\" data-element_type=\"column\" data-e-type=\"column\">\n\t\t\t<div class=\"elementor-widget-wrap elementor-element-populated\">\n\t\t\t\t\t\t<div class=\"elementor-element elementor-element-d2dd5f8 elementor-widget elementor-widget-text-editor\" data-id=\"d2dd5f8\" data-element_type=\"widget\" data-e-type=\"widget\" data-widget_type=\"text-editor.default\">\n\t\t\t\t<div class=\"elementor-widget-container\">\n\t\t\t\t\t\t\t\t\t<p>Sch\u00e4tzungen zufolge sto\u00dfen Menschen, die auf dem Land leben, durch ihr Mobilit\u00e4tsverhalten 83 Prozent mehr CO<sub>2<\/sub> aus als dieselbe Anzahl an Einwohner:innen in der Stadt. Im Forschungsprojekt GreenTwin haben sich vier Partner das Ziel gesetzt, das zu \u00e4ndern. Sie arbeiten an einer KI-gest\u00fctzten, dezentralen Marktplatzplattform, die helfen soll, die Logistik auf der letzten Meile effizienter zu organisieren. Jens Schneider, vom <a href=\"https:\/\/www.umwelt-campus.de\/\">Umwelt-Campus Birkenfeld der Hochschule Trier<\/a>, geh\u00f6rt zum Koordinationsteam und erkl\u00e4rt im Interview, wie die Projektpartner ihr Ziel erreichen m\u00f6chten.<\/p>\t\t\t\t\t\t\t\t<\/div>\n\t\t\t\t<\/div>\n\t\t\t\t\t<\/div>\n\t\t<\/div>\n\t\t\t\t\t<\/div>\n\t\t<\/section>\n\t\t\t\t<section class=\"elementor-section elementor-top-section elementor-element elementor-element-6044af8 elementor-section-boxed elementor-section-height-default elementor-section-height-default\" data-id=\"6044af8\" data-element_type=\"section\" data-e-type=\"section\">\n\t\t\t\t\t\t<div class=\"elementor-container elementor-column-gap-default\">\n\t\t\t\t\t<div class=\"elementor-column elementor-col-100 elementor-top-column elementor-element elementor-element-2767577\" data-id=\"2767577\" data-element_type=\"column\" data-e-type=\"column\">\n\t\t\t<div class=\"elementor-widget-wrap elementor-element-populated\">\n\t\t\t\t\t\t<div class=\"elementor-element elementor-element-311fa87 elementor-widget elementor-widget-text-editor\" data-id=\"311fa87\" data-element_type=\"widget\" data-e-type=\"widget\" data-widget_type=\"text-editor.default\">\n\t\t\t\t<div class=\"elementor-widget-container\">\n\t\t\t\t\t\t\t\t\t<p><strong>Herr Schneider, vor welchem Hintergrund kam es zu dem Projekt?<\/strong><\/p><p>Der Umwelt-Campus Birkenfeld befindet sich in einer sehr l\u00e4ndlichen Region, etwa 50 Kilometer s\u00fcd\u00f6stlich von Trier, einer Stadt, die eher Regiopole als Metropole ist. Die Probleme, vor denen die Menschen auf dem Land stehen, bekommen wir aus direkter N\u00e4he mit: Die Nahversorgung ist schwierig, es fehlen \u00c4rzte, jede und jeder ist aufs Auto angewiesen. Das verursacht einen hohen CO<sub>2<\/sub>-Aussto\u00df. Hinzu kommt: F\u00fcr \u00e4ltere Menschen, die kein Auto mehr fahren, und Menschen, die sich kein Auto leisten k\u00f6nnen, bedeutet die schlechte Nahversorgung eine geringere Lebensqualit\u00e4t, insgesamt verliert der l\u00e4ndliche Raum an Attraktivit\u00e4t. Dieses Problem wollen wir im Rahmen des Forschungsprojekts mithilfe von K\u00fcnstlicher Intelligenz angehen. KI ist einer unserer Forschungsschwerpunkt hier in Birkenfeld.<\/p>\t\t\t\t\t\t\t\t<\/div>\n\t\t\t\t<\/div>\n\t\t\t\t<div class=\"elementor-element elementor-element-38dc873 elementor-widget elementor-widget-spacer\" data-id=\"38dc873\" data-element_type=\"widget\" data-e-type=\"widget\" data-widget_type=\"spacer.default\">\n\t\t\t\t<div class=\"elementor-widget-container\">\n\t\t\t\t\t\t\t<div class=\"elementor-spacer\">\n\t\t\t<div class=\"elementor-spacer-inner\"><\/div>\n\t\t<\/div>\n\t\t\t\t\t\t<\/div>\n\t\t\t\t<\/div>\n\t\t\t\t<div class=\"elementor-element elementor-element-6a04130 elementor-widget elementor-widget-image\" data-id=\"6a04130\" data-element_type=\"widget\" data-e-type=\"widget\" data-widget_type=\"image.default\">\n\t\t\t\t<div class=\"elementor-widget-container\">\n\t\t\t\t\t\t\t\t\t\t\t\t<figure class=\"wp-caption\">\n\t\t\t\t\t\t\t\t\t\t<img fetchpriority=\"high\" decoding=\"async\" width=\"768\" height=\"595\" src=\"https:\/\/www.deutsche-glasfaser.de\/blog\/wp-content\/uploads\/2024\/01\/Beitragsbild_Portraet_Jens_Schneider_FINAL-768x595.jpeg\" class=\"attachment-medium_large size-medium_large wp-image-13743\" alt=\"Portr\u00e4t Jens Schneider\" srcset=\"https:\/\/www.deutsche-glasfaser.de\/blog\/wp-content\/uploads\/2024\/01\/Beitragsbild_Portraet_Jens_Schneider_FINAL-768x595.jpeg 768w, https:\/\/www.deutsche-glasfaser.de\/blog\/wp-content\/uploads\/2024\/01\/Beitragsbild_Portraet_Jens_Schneider_FINAL-300x232.jpeg 300w, https:\/\/www.deutsche-glasfaser.de\/blog\/wp-content\/uploads\/2024\/01\/Beitragsbild_Portraet_Jens_Schneider_FINAL.jpeg 788w\" sizes=\"(max-width: 768px) 100vw, 768px\" \/>\t\t\t\t\t\t\t\t\t\t\t<figcaption class=\"widget-image-caption wp-caption-text\">Der Umwelt-Campus Birkenfeld besch\u00e4ftigt sich intensiv mit den Chancen energieeffizienter Digitalisierung und des nachhaltigen Wirtschaftens. Jens Schneider geh\u00f6rt zum Projektteam, das GreenTwin koordiniert. \u00a9 privat<\/figcaption>\n\t\t\t\t\t\t\t\t\t\t<\/figure>\n\t\t\t\t\t\t\t\t\t<\/div>\n\t\t\t\t<\/div>\n\t\t\t\t<div class=\"elementor-element elementor-element-50b7612 elementor-widget elementor-widget-spacer\" data-id=\"50b7612\" data-element_type=\"widget\" data-e-type=\"widget\" data-widget_type=\"spacer.default\">\n\t\t\t\t<div class=\"elementor-widget-container\">\n\t\t\t\t\t\t\t<div class=\"elementor-spacer\">\n\t\t\t<div class=\"elementor-spacer-inner\"><\/div>\n\t\t<\/div>\n\t\t\t\t\t\t<\/div>\n\t\t\t\t<\/div>\n\t\t\t\t<div class=\"elementor-element elementor-element-e43c1ae elementor-widget elementor-widget-text-editor\" data-id=\"e43c1ae\" data-element_type=\"widget\" data-e-type=\"widget\" data-widget_type=\"text-editor.default\">\n\t\t\t\t<div class=\"elementor-widget-container\">\n\t\t\t\t\t\t\t\t\t<p><strong>Zusammen mit ihren Partnern erforschen Sie eine KI-gest\u00fctzte, dezentrale Markplatzplattform, die Informationen \u00fcber CO<\/strong><strong><sub>2<\/sub><\/strong><strong>-Emissionen und Logistik-Dienste miteinander verkn\u00fcpft. K\u00f6nnen Sie etwas genauer die beschreiben, was die Plattform leisten soll?<\/strong><\/p><p>Die Idee ist, Produktion und Logistik zu regionalisieren. Das hei\u00dft: Wir wollen die Abh\u00e4ngigkeit von den gro\u00dfen Online-Plattformen und Lieferdiensten reduzieren und stattdessen die Anbieter und H\u00e4ndler aus der Region st\u00e4rken, indem wir sie in eine Plattform integrieren. Es wird sich um einen offenen Marktplatz handeln, an dem alle Anbieter sowie die Bewohner der Region als Kunden teilhaben k\u00f6nnen.<\/p><p>\u00a0<\/p><p><strong>Und wie kommt die KI ins Spiel?<\/strong><\/p><p>Hinter der Plattform steht ein digitaler Zwilling, der die komplette Region mit all seinen Akteuren, H\u00e4ndler und Einkaufende, abbildet. Wie verhalten sie sich? Wo gibt es Bedarfe? Wir werden diese gedeckt? Es wird einen initialen Zustand geben. Daf\u00fcr wollen wir unterschiedliche Daten verwenden, zum Beispiel Zensusdaten, Daten aus Verkehrsz\u00e4hlungen und aus Umfragen, die wir durchf\u00fchren. Und dann m\u00f6chten wir erforschen, wie wir das fortlaufend aktualisieren k\u00f6nnen. Der digitale Zwilling soll sich fortw\u00e4hrend an die reale Welt anpassen.<\/p><p>Basierend auf den Daten simuliert der digitale Zwilling mithilfe K\u00fcnstlicher Intelligenz verschiedene Szenarien und leitet daraus Empfehlungen f\u00fcr die Verbraucher ab. \u00dcber den Markplatz k\u00f6nnen die Verbraucher erfahren, wo sie das, was sie brauchen, am besten bestellen. Indem das System mehrere H\u00e4ndler verkn\u00fcpft und die Eink\u00e4ufe b\u00fcndelt, erreichen wir, dass die vielen Einzelfahrten durch Lieferverb\u00fcnde ersetzt werden. Erg\u00e4nzend dazu planen wir Smart Hubs, also Container, die in D\u00f6rfern stehen sollen, wo man Dinge des t\u00e4glichen Bedarfs bekommt und wo man Bestellungen abholen kann. Ziel ist es, die Prozesse so effizient wie m\u00f6glich zu steuern, damit zum einen der CO<sub>2<\/sub>-Aussto\u00df sinkt, und zum anderen die Menschen gut versorgt sind.<\/p><p>\u00a0<\/p><p><strong>Sie sind mit dem Projekt Anfang M\u00e4rz dieses Jahres gestartet. Wo stehen sie aktuell?<\/strong><\/p><p>Wir sind noch in der konzeptionellen Planung. Wir schauen, wo wir die Daten herbekommen, mit denen wir den digitalen Zwilling f\u00fcttern wollen. Wir akquirieren Partner, also lokale H\u00e4ndler und Gemeinden, f\u00fcr den sp\u00e4teren Pilotbetrieb.<\/p><p>\u00a0<\/p><p><strong>Inwiefern wird die Plattform den Kommunen zugutekommen?<\/strong><\/p><p>Wenn sie funktioniert, k\u00f6nnen wir den CO<sub>2<\/sub>-Aussto\u00df senken, die lokalen Unternehmen st\u00e4rken und die Lebensqualit\u00e4t f\u00fcr die Menschen vor Ort steigern. So kann die Plattform einen Beitrag dazu leisten, den l\u00e4ndlichen Raum attraktiver zu machen. Die Effekte der Plattform m\u00f6chten wir den Kommunen mithilfe eines Dashboards veranschaulichen. Es soll die CO<sub>2<\/sub>-Einsparungen anzeigen, wie das System genutzt wird und wie die Einzelh\u00e4ndler profitieren. So m\u00f6chten wir die Kommunen motivieren, die Plattform mit voranzutreiben und f\u00fcr die Nutzung zu werben. Je mehr Unternehmen und Verbraucher sich beteiligen, desto besser funktioniert die Plattform.<\/p>\t\t\t\t\t\t\t\t<\/div>\n\t\t\t\t<\/div>\n\t\t\t\t<div class=\"elementor-element elementor-element-53571ae elementor-widget elementor-widget-spacer\" data-id=\"53571ae\" data-element_type=\"widget\" data-e-type=\"widget\" data-widget_type=\"spacer.default\">\n\t\t\t\t<div class=\"elementor-widget-container\">\n\t\t\t\t\t\t\t<div class=\"elementor-spacer\">\n\t\t\t<div class=\"elementor-spacer-inner\"><\/div>\n\t\t<\/div>\n\t\t\t\t\t\t<\/div>\n\t\t\t\t<\/div>\n\t\t\t\t<div class=\"elementor-element elementor-element-a91ce03 eael-infobox-icon-bg-shape-none eael-infobox-icon-hover-bg-shape-none elementor-widget elementor-widget-eael-info-box\" data-id=\"a91ce03\" data-element_type=\"widget\" data-e-type=\"widget\" data-widget_type=\"eael-info-box.default\">\n\t\t\t\t<div class=\"elementor-widget-container\">\n\t\t\t\t\t        <div class=\"eael-infobox icon-on-left\">\n\t            <div class=\"infobox-icon eael-icon-only\">\n\n            \n                            <div class=\"infobox-icon-wrap\">\n                    <i aria-hidden=\"true\" class=\"fas fa-info-circle\"><\/i>                <\/div>\n            \n            \n        <\/div>\n            <div class=\"infobox-content eael-icon-only\">\n                    <div class=\"infobox-title-section\">\n                <h2 class=\"title\">\u00dcber das Projekt und die Beteiligten<\/h2>            <\/div>\n            <div><p>Das Projekt <a href=\"https:\/\/www.z-u-g.org\/foerderung\/ki-leuchttuerme-fuer-umwelt-klima-natur-und-ressourcen\/zweiter-foerderaufruf\/\">GreenTwin<\/a> wird vom Bundesministerium f\u00fcr Umwelt, Naturschutz, nukleare Sicherheit und Verbraucherschutz (BMUV) unter dem F\u00f6rderprogramm <a href=\"https:\/\/www.z-u-g.org\/foerderung\/ki-leuchttuerme-fuer-umwelt-klima-natur-und-ressourcen\/\">\u201eKI-Leuchtt\u00fcrme f\u00fcr Umwelt, Klima, Natur und Ressourcen\u201c<\/a> mit rund 2 Millionen\u00a0Euro gef\u00f6rdert. Insgesamt vier Partner sind an dem Projekt beteiligt:<\/p><ul><li>Die <a href=\"https:\/\/www.psilogistics.com\/de\/home\/\">PSI Logistics GmbH<\/a> bringt ihre gesamte Logistikerfahrung in das Projekt ein und stellt ihre Software-Tools zur Verf\u00fcgung.<\/li><li>Das <a href=\"https:\/\/www.dfki.de\/web\">Deutsche Forschungszentrum f\u00fcr K\u00fcnstliche Intelligenz (DFKI)<\/a> der Universit\u00e4t Trier entwickelt ma\u00dfgeblich den digitalen Zwilling.<\/li><li>Der <a href=\"https:\/\/www.umwelt-campus.de\/iss\/projekte\/laufende-projekte\/greentwin\">Umwelt-Campus Birkenfeld<\/a> ist f\u00fcr die Wissensbasis, die Tourenplanung und die Simulation sowie Berechnung der CO<sub>2<\/sub>-Emissionen zust\u00e4ndig und koordiniert das gesamte Projekt.<\/li><li>Das <a href=\"https:\/\/hcic.rwth-aachen.de\/\">Human-Computer Interaction Center der RWTH Aachen<\/a> wird mit seiner Expertise die Akzeptanz der Marktplatzplattform untersuchen.<\/li><\/ul><\/div>        <\/div>\n            <\/div>\n\n\t\t\t\t\t\t<\/div>\n\t\t\t\t<\/div>\n\t\t\t\t\t<\/div>\n\t\t<\/div>\n\t\t\t\t\t<\/div>\n\t\t<\/section>\n\t\t\t\t<\/div>\n\t\t","protected":false},"excerpt":{"rendered":"<p>Fahrten auf der letzten Meile treiben die CO2-Emissionen nach oben. KI kann helfen, die Logistik effizienter zu organisieren. Wie das funktioniert und wie Menschen und Unternehmen profitieren, erkl\u00e4rt Jens Schneider vom Umwelt-Campus Birkenfeld.<\/p>\n","protected":false},"author":5,"featured_media":13744,"comment_status":"open","ping_status":"open","sticky":false,"template":"","format":"standard","meta":{"footnotes":""},"categories":[68],"tags":[],"class_list":["post-13741","post","type-post","status-publish","format-standard","has-post-thumbnail","hentry","category-zuhause"],"yoast_head":"<!-- This site is optimized with the Yoast SEO plugin v27.5 - https:\/\/yoast.com\/product\/yoast-seo-wordpress\/ -->\n<title>GreenTwin \u2013 nachhaltige Logistik im l\u00e4ndlichen Raum - Digitales B\u00fcrgernetz<\/title>\n<meta name=\"description\" content=\"Vier Projektpartner entwickeln mithilfe K\u00fcnstlicher Intelligenz L\u00f6sungen f\u00fcr eine umweltfreundliche Logistik auf der letzten Meile.\" \/>\n<meta name=\"robots\" content=\"index, follow, max-snippet:-1, max-image-preview:large, max-video-preview:-1\" \/>\n<link rel=\"canonical\" href=\"https:\/\/www.deutsche-glasfaser.de\/blog\/greentwin-nachhaltige-logistik-im-laendlichen-raum\/\" \/>\n<meta property=\"og:locale\" content=\"de_DE\" \/>\n<meta property=\"og:type\" content=\"article\" \/>\n<meta property=\"og:title\" content=\"GreenTwin \u2013 nachhaltige Logistik im l\u00e4ndlichen Raum - Digitales B\u00fcrgernetz\" \/>\n<meta property=\"og:description\" content=\"Vier Projektpartner entwickeln mithilfe K\u00fcnstlicher Intelligenz L\u00f6sungen f\u00fcr eine umweltfreundliche Logistik auf der letzten Meile.\" \/>\n<meta property=\"og:url\" content=\"https:\/\/www.deutsche-glasfaser.de\/blog\/greentwin-nachhaltige-logistik-im-laendlichen-raum\/\" \/>\n<meta property=\"og:site_name\" content=\"Digitales B\u00fcrgernetz\" \/>\n<meta property=\"article:published_time\" content=\"2024-01-04T06:03:00+00:00\" \/>\n<meta property=\"og:image\" content=\"https:\/\/www.deutsche-glasfaser.de\/blog\/wp-content\/uploads\/2024\/01\/Titelbild_green-twin_FINAL.jpeg\" \/>\n\t<meta property=\"og:image:width\" content=\"1500\" \/>\n\t<meta property=\"og:image:height\" content=\"705\" \/>\n\t<meta property=\"og:image:type\" content=\"image\/jpeg\" \/>\n<meta name=\"author\" content=\"Deutsche Glasfaser\" \/>\n<meta name=\"twitter:card\" content=\"summary_large_image\" \/>\n<meta name=\"twitter:label1\" content=\"Verfasst von\" \/>\n\t<meta name=\"twitter:data1\" content=\"Deutsche Glasfaser\" \/>\n\t<meta name=\"twitter:label2\" content=\"Gesch\u00e4tzte Lesezeit\" \/>\n\t<meta name=\"twitter:data2\" content=\"5\u00a0Minuten\" \/>\n<script type=\"application\/ld+json\" class=\"yoast-schema-graph\">{\"@context\":\"https:\\\/\\\/schema.org\",\"@graph\":[{\"@type\":\"Article\",\"@id\":\"https:\\\/\\\/www.deutsche-glasfaser.de\\\/blog\\\/greentwin-nachhaltige-logistik-im-laendlichen-raum\\\/#article\",\"isPartOf\":{\"@id\":\"https:\\\/\\\/www.deutsche-glasfaser.de\\\/blog\\\/greentwin-nachhaltige-logistik-im-laendlichen-raum\\\/\"},\"author\":{\"name\":\"Deutsche Glasfaser\",\"@id\":\"https:\\\/\\\/www.deutsche-glasfaser.de\\\/blog\\\/#\\\/schema\\\/person\\\/9380a6dc7443d77143d0c66c409f574b\"},\"headline\":\"GreenTwin \u2013 nachhaltige Logistik im l\u00e4ndlichen Raum\",\"datePublished\":\"2024-01-04T06:03:00+00:00\",\"mainEntityOfPage\":{\"@id\":\"https:\\\/\\\/www.deutsche-glasfaser.de\\\/blog\\\/greentwin-nachhaltige-logistik-im-laendlichen-raum\\\/\"},\"wordCount\":880,\"commentCount\":0,\"publisher\":{\"@id\":\"https:\\\/\\\/www.deutsche-glasfaser.de\\\/blog\\\/#organization\"},\"image\":{\"@id\":\"https:\\\/\\\/www.deutsche-glasfaser.de\\\/blog\\\/greentwin-nachhaltige-logistik-im-laendlichen-raum\\\/#primaryimage\"},\"thumbnailUrl\":\"https:\\\/\\\/www.deutsche-glasfaser.de\\\/blog\\\/wp-content\\\/uploads\\\/2024\\\/01\\\/Titelbild_green-twin_FINAL.jpeg\",\"articleSection\":[\"#zuHause\"],\"inLanguage\":\"de\",\"potentialAction\":[{\"@type\":\"CommentAction\",\"name\":\"Comment\",\"target\":[\"https:\\\/\\\/www.deutsche-glasfaser.de\\\/blog\\\/greentwin-nachhaltige-logistik-im-laendlichen-raum\\\/#respond\"]}]},{\"@type\":\"WebPage\",\"@id\":\"https:\\\/\\\/www.deutsche-glasfaser.de\\\/blog\\\/greentwin-nachhaltige-logistik-im-laendlichen-raum\\\/\",\"url\":\"https:\\\/\\\/www.deutsche-glasfaser.de\\\/blog\\\/greentwin-nachhaltige-logistik-im-laendlichen-raum\\\/\",\"name\":\"GreenTwin \u2013 nachhaltige Logistik im l\u00e4ndlichen Raum - Digitales B\u00fcrgernetz\",\"isPartOf\":{\"@id\":\"https:\\\/\\\/www.deutsche-glasfaser.de\\\/blog\\\/#website\"},\"primaryImageOfPage\":{\"@id\":\"https:\\\/\\\/www.deutsche-glasfaser.de\\\/blog\\\/greentwin-nachhaltige-logistik-im-laendlichen-raum\\\/#primaryimage\"},\"image\":{\"@id\":\"https:\\\/\\\/www.deutsche-glasfaser.de\\\/blog\\\/greentwin-nachhaltige-logistik-im-laendlichen-raum\\\/#primaryimage\"},\"thumbnailUrl\":\"https:\\\/\\\/www.deutsche-glasfaser.de\\\/blog\\\/wp-content\\\/uploads\\\/2024\\\/01\\\/Titelbild_green-twin_FINAL.jpeg\",\"datePublished\":\"2024-01-04T06:03:00+00:00\",\"description\":\"Vier Projektpartner entwickeln mithilfe K\u00fcnstlicher Intelligenz L\u00f6sungen f\u00fcr eine umweltfreundliche Logistik auf der letzten Meile.\",\"inLanguage\":\"de\",\"potentialAction\":[{\"@type\":\"ReadAction\",\"target\":[\"https:\\\/\\\/www.deutsche-glasfaser.de\\\/blog\\\/greentwin-nachhaltige-logistik-im-laendlichen-raum\\\/\"]}]},{\"@type\":\"ImageObject\",\"inLanguage\":\"de\",\"@id\":\"https:\\\/\\\/www.deutsche-glasfaser.de\\\/blog\\\/greentwin-nachhaltige-logistik-im-laendlichen-raum\\\/#primaryimage\",\"url\":\"https:\\\/\\\/www.deutsche-glasfaser.de\\\/blog\\\/wp-content\\\/uploads\\\/2024\\\/01\\\/Titelbild_green-twin_FINAL.jpeg\",\"contentUrl\":\"https:\\\/\\\/www.deutsche-glasfaser.de\\\/blog\\\/wp-content\\\/uploads\\\/2024\\\/01\\\/Titelbild_green-twin_FINAL.jpeg\",\"width\":1500,\"height\":705,\"caption\":\"Zusammen mit seinen Partnern hat sich der Umwelt-Campus Birkenfeld das Ziel gesetzt, die Logistik zu regionalisieren. Daf\u00fcr entwickelt das Projektteam einen digitalen Zwilling, der alle Akteure abbildet. \u00a9 erstellt mit ChatGPT\"},{\"@type\":\"WebSite\",\"@id\":\"https:\\\/\\\/www.deutsche-glasfaser.de\\\/blog\\\/#website\",\"url\":\"https:\\\/\\\/www.deutsche-glasfaser.de\\\/blog\\\/\",\"name\":\"Digitales B\u00fcrgernetz\",\"description\":\"Deutsche Glasfaser Blog\",\"publisher\":{\"@id\":\"https:\\\/\\\/www.deutsche-glasfaser.de\\\/blog\\\/#organization\"},\"potentialAction\":[{\"@type\":\"SearchAction\",\"target\":{\"@type\":\"EntryPoint\",\"urlTemplate\":\"https:\\\/\\\/www.deutsche-glasfaser.de\\\/blog\\\/?s={search_term_string}\"},\"query-input\":{\"@type\":\"PropertyValueSpecification\",\"valueRequired\":true,\"valueName\":\"search_term_string\"}}],\"inLanguage\":\"de\"},{\"@type\":\"Organization\",\"@id\":\"https:\\\/\\\/www.deutsche-glasfaser.de\\\/blog\\\/#organization\",\"name\":\"Digitales B\u00fcrgernetz\",\"url\":\"https:\\\/\\\/www.deutsche-glasfaser.de\\\/blog\\\/\",\"logo\":{\"@type\":\"ImageObject\",\"inLanguage\":\"de\",\"@id\":\"https:\\\/\\\/www.deutsche-glasfaser.de\\\/blog\\\/#\\\/schema\\\/logo\\\/image\\\/\",\"url\":\"https:\\\/\\\/www.deutsche-glasfaser.de\\\/blog\\\/wp-content\\\/uploads\\\/2021\\\/08\\\/DGF_Logo_Basis_RGB-Large@2x.png\",\"contentUrl\":\"https:\\\/\\\/www.deutsche-glasfaser.de\\\/blog\\\/wp-content\\\/uploads\\\/2021\\\/08\\\/DGF_Logo_Basis_RGB-Large@2x.png\",\"width\":312,\"height\":104,\"caption\":\"Digitales B\u00fcrgernetz\"},\"image\":{\"@id\":\"https:\\\/\\\/www.deutsche-glasfaser.de\\\/blog\\\/#\\\/schema\\\/logo\\\/image\\\/\"}},{\"@type\":\"Person\",\"@id\":\"https:\\\/\\\/www.deutsche-glasfaser.de\\\/blog\\\/#\\\/schema\\\/person\\\/9380a6dc7443d77143d0c66c409f574b\",\"name\":\"Deutsche Glasfaser\"}]}<\/script>\n<!-- \/ Yoast SEO plugin. -->","yoast_head_json":{"title":"GreenTwin \u2013 nachhaltige Logistik im l\u00e4ndlichen Raum - Digitales B\u00fcrgernetz","description":"Vier Projektpartner entwickeln mithilfe K\u00fcnstlicher Intelligenz L\u00f6sungen f\u00fcr eine umweltfreundliche Logistik auf der letzten Meile.","robots":{"index":"index","follow":"follow","max-snippet":"max-snippet:-1","max-image-preview":"max-image-preview:large","max-video-preview":"max-video-preview:-1"},"canonical":"https:\/\/www.deutsche-glasfaser.de\/blog\/greentwin-nachhaltige-logistik-im-laendlichen-raum\/","og_locale":"de_DE","og_type":"article","og_title":"GreenTwin \u2013 nachhaltige Logistik im l\u00e4ndlichen Raum - Digitales B\u00fcrgernetz","og_description":"Vier Projektpartner entwickeln mithilfe K\u00fcnstlicher Intelligenz L\u00f6sungen f\u00fcr eine umweltfreundliche Logistik auf der letzten Meile.","og_url":"https:\/\/www.deutsche-glasfaser.de\/blog\/greentwin-nachhaltige-logistik-im-laendlichen-raum\/","og_site_name":"Digitales B\u00fcrgernetz","article_published_time":"2024-01-04T06:03:00+00:00","og_image":[{"width":1500,"height":705,"url":"https:\/\/www.deutsche-glasfaser.de\/blog\/wp-content\/uploads\/2024\/01\/Titelbild_green-twin_FINAL.jpeg","type":"image\/jpeg"}],"author":"Deutsche Glasfaser","twitter_card":"summary_large_image","twitter_misc":{"Verfasst von":"Deutsche Glasfaser","Gesch\u00e4tzte Lesezeit":"5\u00a0Minuten"},"schema":{"@context":"https:\/\/schema.org","@graph":[{"@type":"Article","@id":"https:\/\/www.deutsche-glasfaser.de\/blog\/greentwin-nachhaltige-logistik-im-laendlichen-raum\/#article","isPartOf":{"@id":"https:\/\/www.deutsche-glasfaser.de\/blog\/greentwin-nachhaltige-logistik-im-laendlichen-raum\/"},"author":{"name":"Deutsche Glasfaser","@id":"https:\/\/www.deutsche-glasfaser.de\/blog\/#\/schema\/person\/9380a6dc7443d77143d0c66c409f574b"},"headline":"GreenTwin \u2013 nachhaltige Logistik im l\u00e4ndlichen Raum","datePublished":"2024-01-04T06:03:00+00:00","mainEntityOfPage":{"@id":"https:\/\/www.deutsche-glasfaser.de\/blog\/greentwin-nachhaltige-logistik-im-laendlichen-raum\/"},"wordCount":880,"commentCount":0,"publisher":{"@id":"https:\/\/www.deutsche-glasfaser.de\/blog\/#organization"},"image":{"@id":"https:\/\/www.deutsche-glasfaser.de\/blog\/greentwin-nachhaltige-logistik-im-laendlichen-raum\/#primaryimage"},"thumbnailUrl":"https:\/\/www.deutsche-glasfaser.de\/blog\/wp-content\/uploads\/2024\/01\/Titelbild_green-twin_FINAL.jpeg","articleSection":["#zuHause"],"inLanguage":"de","potentialAction":[{"@type":"CommentAction","name":"Comment","target":["https:\/\/www.deutsche-glasfaser.de\/blog\/greentwin-nachhaltige-logistik-im-laendlichen-raum\/#respond"]}]},{"@type":"WebPage","@id":"https:\/\/www.deutsche-glasfaser.de\/blog\/greentwin-nachhaltige-logistik-im-laendlichen-raum\/","url":"https:\/\/www.deutsche-glasfaser.de\/blog\/greentwin-nachhaltige-logistik-im-laendlichen-raum\/","name":"GreenTwin \u2013 nachhaltige Logistik im l\u00e4ndlichen Raum - Digitales B\u00fcrgernetz","isPartOf":{"@id":"https:\/\/www.deutsche-glasfaser.de\/blog\/#website"},"primaryImageOfPage":{"@id":"https:\/\/www.deutsche-glasfaser.de\/blog\/greentwin-nachhaltige-logistik-im-laendlichen-raum\/#primaryimage"},"image":{"@id":"https:\/\/www.deutsche-glasfaser.de\/blog\/greentwin-nachhaltige-logistik-im-laendlichen-raum\/#primaryimage"},"thumbnailUrl":"https:\/\/www.deutsche-glasfaser.de\/blog\/wp-content\/uploads\/2024\/01\/Titelbild_green-twin_FINAL.jpeg","datePublished":"2024-01-04T06:03:00+00:00","description":"Vier Projektpartner entwickeln mithilfe K\u00fcnstlicher Intelligenz L\u00f6sungen f\u00fcr eine umweltfreundliche Logistik auf der letzten Meile.","inLanguage":"de","potentialAction":[{"@type":"ReadAction","target":["https:\/\/www.deutsche-glasfaser.de\/blog\/greentwin-nachhaltige-logistik-im-laendlichen-raum\/"]}]},{"@type":"ImageObject","inLanguage":"de","@id":"https:\/\/www.deutsche-glasfaser.de\/blog\/greentwin-nachhaltige-logistik-im-laendlichen-raum\/#primaryimage","url":"https:\/\/www.deutsche-glasfaser.de\/blog\/wp-content\/uploads\/2024\/01\/Titelbild_green-twin_FINAL.jpeg","contentUrl":"https:\/\/www.deutsche-glasfaser.de\/blog\/wp-content\/uploads\/2024\/01\/Titelbild_green-twin_FINAL.jpeg","width":1500,"height":705,"caption":"Zusammen mit seinen Partnern hat sich der Umwelt-Campus Birkenfeld das Ziel gesetzt, die Logistik zu regionalisieren. Daf\u00fcr entwickelt das Projektteam einen digitalen Zwilling, der alle Akteure abbildet. \u00a9 erstellt mit ChatGPT"},{"@type":"WebSite","@id":"https:\/\/www.deutsche-glasfaser.de\/blog\/#website","url":"https:\/\/www.deutsche-glasfaser.de\/blog\/","name":"Digitales B\u00fcrgernetz","description":"Deutsche Glasfaser Blog","publisher":{"@id":"https:\/\/www.deutsche-glasfaser.de\/blog\/#organization"},"potentialAction":[{"@type":"SearchAction","target":{"@type":"EntryPoint","urlTemplate":"https:\/\/www.deutsche-glasfaser.de\/blog\/?s={search_term_string}"},"query-input":{"@type":"PropertyValueSpecification","valueRequired":true,"valueName":"search_term_string"}}],"inLanguage":"de"},{"@type":"Organization","@id":"https:\/\/www.deutsche-glasfaser.de\/blog\/#organization","name":"Digitales B\u00fcrgernetz","url":"https:\/\/www.deutsche-glasfaser.de\/blog\/","logo":{"@type":"ImageObject","inLanguage":"de","@id":"https:\/\/www.deutsche-glasfaser.de\/blog\/#\/schema\/logo\/image\/","url":"https:\/\/www.deutsche-glasfaser.de\/blog\/wp-content\/uploads\/2021\/08\/DGF_Logo_Basis_RGB-Large@2x.png","contentUrl":"https:\/\/www.deutsche-glasfaser.de\/blog\/wp-content\/uploads\/2021\/08\/DGF_Logo_Basis_RGB-Large@2x.png","width":312,"height":104,"caption":"Digitales B\u00fcrgernetz"},"image":{"@id":"https:\/\/www.deutsche-glasfaser.de\/blog\/#\/schema\/logo\/image\/"}},{"@type":"Person","@id":"https:\/\/www.deutsche-glasfaser.de\/blog\/#\/schema\/person\/9380a6dc7443d77143d0c66c409f574b","name":"Deutsche Glasfaser"}]}},"_links":{"self":[{"href":"https:\/\/www.deutsche-glasfaser.de\/blog\/wp-json\/wp\/v2\/posts\/13741","targetHints":{"allow":["GET"]}}],"collection":[{"href":"https:\/\/www.deutsche-glasfaser.de\/blog\/wp-json\/wp\/v2\/posts"}],"about":[{"href":"https:\/\/www.deutsche-glasfaser.de\/blog\/wp-json\/wp\/v2\/types\/post"}],"author":[{"embeddable":true,"href":"https:\/\/www.deutsche-glasfaser.de\/blog\/wp-json\/wp\/v2\/users\/5"}],"replies":[{"embeddable":true,"href":"https:\/\/www.deutsche-glasfaser.de\/blog\/wp-json\/wp\/v2\/comments?post=13741"}],"version-history":[{"count":4,"href":"https:\/\/www.deutsche-glasfaser.de\/blog\/wp-json\/wp\/v2\/posts\/13741\/revisions"}],"predecessor-version":[{"id":13748,"href":"https:\/\/www.deutsche-glasfaser.de\/blog\/wp-json\/wp\/v2\/posts\/13741\/revisions\/13748"}],"wp:featuredmedia":[{"embeddable":true,"href":"https:\/\/www.deutsche-glasfaser.de\/blog\/wp-json\/wp\/v2\/media\/13744"}],"wp:attachment":[{"href":"https:\/\/www.deutsche-glasfaser.de\/blog\/wp-json\/wp\/v2\/media?parent=13741"}],"wp:term":[{"taxonomy":"category","embeddable":true,"href":"https:\/\/www.deutsche-glasfaser.de\/blog\/wp-json\/wp\/v2\/categories?post=13741"},{"taxonomy":"post_tag","embeddable":true,"href":"https:\/\/www.deutsche-glasfaser.de\/blog\/wp-json\/wp\/v2\/tags?post=13741"}],"curies":[{"name":"wp","href":"https:\/\/api.w.org\/{rel}","templated":true}]}}