{"id":13657,"date":"2023-12-15T09:38:16","date_gmt":"2023-12-15T08:38:16","guid":{"rendered":"https:\/\/www.deutsche-glasfaser.de\/blog\/?p=13657"},"modified":"2023-12-15T09:50:05","modified_gmt":"2023-12-15T08:50:05","slug":"aufgabe-geloest-diese-projekte-gehen-smarte-kommunen-aktuell-an","status":"publish","type":"post","link":"https:\/\/www.deutsche-glasfaser.de\/blog\/aufgabe-geloest-diese-projekte-gehen-smarte-kommunen-aktuell-an\/","title":{"rendered":"Aufgabe gel\u00f6st: Diese Projekte gehen smarte Kommunen aktuell an"},"content":{"rendered":"\t\t<div data-elementor-type=\"wp-post\" data-elementor-id=\"13657\" class=\"elementor elementor-13657\">\n\t\t\t\t\t\t<section class=\"elementor-section elementor-top-section elementor-element elementor-element-24d4810 elementor-section-boxed elementor-section-height-default elementor-section-height-default\" data-id=\"24d4810\" data-element_type=\"section\" data-e-type=\"section\">\n\t\t\t\t\t\t<div class=\"elementor-container elementor-column-gap-default\">\n\t\t\t\t\t<div class=\"elementor-column elementor-col-100 elementor-top-column elementor-element elementor-element-8596be8\" data-id=\"8596be8\" data-element_type=\"column\" data-e-type=\"column\">\n\t\t\t<div class=\"elementor-widget-wrap elementor-element-populated\">\n\t\t\t\t\t\t<div class=\"elementor-element elementor-element-e60e38f elementor-widget elementor-widget-text-editor\" data-id=\"e60e38f\" data-element_type=\"widget\" data-e-type=\"widget\" data-widget_type=\"text-editor.default\">\n\t\t\t\t<div class=\"elementor-widget-container\">\n\t\t\t\t\t\t\t\t\t<p>Chatbots und Voicebots wie KOMMI aus Baden-W\u00fcrttemberg k\u00f6nnen in Kommunen die Verwaltung entlasten. \u00a9Komm.ONE<\/p>\t\t\t\t\t\t\t\t<\/div>\n\t\t\t\t<\/div>\n\t\t\t\t\t<\/div>\n\t\t<\/div>\n\t\t\t\t\t<\/div>\n\t\t<\/section>\n\t\t\t\t<section class=\"elementor-section elementor-top-section elementor-element elementor-element-88044af elementor-section-boxed elementor-section-height-default elementor-section-height-default\" data-id=\"88044af\" data-element_type=\"section\" data-e-type=\"section\">\n\t\t\t\t\t\t<div class=\"elementor-container elementor-column-gap-default\">\n\t\t\t\t\t<div class=\"elementor-column elementor-col-100 elementor-top-column elementor-element elementor-element-3e5f762\" data-id=\"3e5f762\" data-element_type=\"column\" data-e-type=\"column\">\n\t\t\t<div class=\"elementor-widget-wrap elementor-element-populated\">\n\t\t\t\t\t\t<div class=\"elementor-element elementor-element-0c70ecf elementor-widget elementor-widget-table-of-contents\" data-id=\"0c70ecf\" data-element_type=\"widget\" data-e-type=\"widget\" data-widget_type=\"table-of-contents.default\">\n\t\t\t\t<div class=\"elementor-widget-container\">\n\t\t\t\t\t \t\t\t\t<\/div>\n\t\t\t\t<\/div>\n\t\t\t\t<div class=\"elementor-element elementor-element-807e4cf elementor-widget elementor-widget-spacer\" data-id=\"807e4cf\" data-element_type=\"widget\" data-e-type=\"widget\" data-widget_type=\"spacer.default\">\n\t\t\t\t<div class=\"elementor-widget-container\">\n\t\t\t\t\t\t\t<div class=\"elementor-spacer\">\n\t\t\t<div class=\"elementor-spacer-inner\"><\/div>\n\t\t<\/div>\n\t\t\t\t\t\t<\/div>\n\t\t\t\t<\/div>\n\t\t\t\t<div class=\"elementor-element elementor-element-8fd3e4d elementor-widget elementor-widget-text-editor\" data-id=\"8fd3e4d\" data-element_type=\"widget\" data-e-type=\"widget\" data-widget_type=\"text-editor.default\">\n\t\t\t\t<div class=\"elementor-widget-container\">\n\t\t\t\t\t\t\t\t\t<p>Es ist kein Zufall, dass der Innovationswettbewerb \u201eDigitale Orte\u201c in diesem Jahr erstmals Projekte in der Kategorie \u201eSmarte Kommune\u201c ausgezeichnet hat. Denn die digitale Weiterentwicklung steht in vielen Gemeinden weit oben auf der Tagesordnung, wie die <a href=\"https:\/\/www.deutsche-glasfaser.de\/blog\/digitalisierung-und-infrastrukturausbau-in-deutschland-mehr-vertrauen-in-kommunen\/\">Smart Country Convention<\/a>\u00a0vor wenigen Wochen erneut gezeigt hat. Beim Roundtable von Deutsche Glasfaser und dem Netzwerk Junge B\u00fcrgermeister*innen wurde klar: Es mangelt in Deutschland an der fl\u00e4chendeckenden Umsetzung der Digitalisierung \u2013 einzelne Kommunen stellen sich ihren Herausforderungen jedoch mit smarten L\u00f6sungen und verkn\u00fcpfen sie immer h\u00e4ufiger zu einer digitalen Strategie.<\/p>\t\t\t\t\t\t\t\t<\/div>\n\t\t\t\t<\/div>\n\t\t\t\t<div class=\"elementor-element elementor-element-819c936 elementor-widget elementor-widget-spacer\" data-id=\"819c936\" data-element_type=\"widget\" data-e-type=\"widget\" data-widget_type=\"spacer.default\">\n\t\t\t\t<div class=\"elementor-widget-container\">\n\t\t\t\t\t\t\t<div class=\"elementor-spacer\">\n\t\t\t<div class=\"elementor-spacer-inner\"><\/div>\n\t\t<\/div>\n\t\t\t\t\t\t<\/div>\n\t\t\t\t<\/div>\n\t\t\t\t<div class=\"elementor-element elementor-element-0630b11 elementor-widget elementor-widget-heading\" data-id=\"0630b11\" data-element_type=\"widget\" data-e-type=\"widget\" data-widget_type=\"heading.default\">\n\t\t\t\t<div class=\"elementor-widget-container\">\n\t\t\t\t\t<h2 class=\"elementor-heading-title elementor-size-xl\">Vor Ort im Einsatz: Sensoren f\u00fcr die Datenerhebung<\/h2>\t\t\t\t<\/div>\n\t\t\t\t<\/div>\n\t\t\t\t<div class=\"elementor-element elementor-element-8b2a39e elementor-widget elementor-widget-spacer\" data-id=\"8b2a39e\" data-element_type=\"widget\" data-e-type=\"widget\" data-widget_type=\"spacer.default\">\n\t\t\t\t<div class=\"elementor-widget-container\">\n\t\t\t\t\t\t\t<div class=\"elementor-spacer\">\n\t\t\t<div class=\"elementor-spacer-inner\"><\/div>\n\t\t<\/div>\n\t\t\t\t\t\t<\/div>\n\t\t\t\t<\/div>\n\t\t\t\t<div class=\"elementor-element elementor-element-681a20c elementor-widget elementor-widget-text-editor\" data-id=\"681a20c\" data-element_type=\"widget\" data-e-type=\"widget\" data-widget_type=\"text-editor.default\">\n\t\t\t\t<div class=\"elementor-widget-container\">\n\t\t\t\t\t\t\t\t\t<p>Der diesj\u00e4hrige <u>\u201e<\/u><a href=\"https:\/\/www.deutsche-glasfaser.de\/blog\/neue-digitale-orte-gefunden-das-sind-die-gewinner-des-innovationswettbewerbs\/\">Digitale Orte\u201c-Gewinner SMARTinfeld <\/a>beispielsweise erweitert sein System st\u00e4ndig um neue Use Cases und nutzt datenbasierte IoT-L\u00f6sungen sehr vielf\u00e4ltig. Die Gemeinde Martinfeld im th\u00fcringischen Landkreis Eichsfeld setzt auf LoRaWAN-Funktechnologie, um die Stra\u00dfenbeleuchtung intelligent zu steuern, die Luftqualit\u00e4t zu messen oder freie Parkpl\u00e4tze auszuweisen. Die B\u00fcrger:innen haben auch die M\u00f6glichkeit, Wetterdaten und die Pegelst\u00e4nde des Flusses anzusehen \u2013 solche Features liefern dann auch Gespr\u00e4chsthemen im Dorf. Jan Bose, CEO des an der Entwicklung beteiligten Unternehmens Alpha-Omega Technology, sagte dazu am Rande des Wettbewerbs: \u201eIch w\u00fcrde mir w\u00fcnschen, dass die Digitalisierung in Deutschland mehr \u201aopen-minded\u2018 ist, dass wir etwas ausprobieren und dann bewerten, ob es richtig oder falsch ist. Wir diskutieren leider eher \u00fcber Probleme, nicht \u00fcber M\u00f6glichkeiten.\u201c<\/p>\t\t\t\t\t\t\t\t<\/div>\n\t\t\t\t<\/div>\n\t\t\t\t<div class=\"elementor-element elementor-element-772e5b5 elementor-widget elementor-widget-spacer\" data-id=\"772e5b5\" data-element_type=\"widget\" data-e-type=\"widget\" data-widget_type=\"spacer.default\">\n\t\t\t\t<div class=\"elementor-widget-container\">\n\t\t\t\t\t\t\t<div class=\"elementor-spacer\">\n\t\t\t<div class=\"elementor-spacer-inner\"><\/div>\n\t\t<\/div>\n\t\t\t\t\t\t<\/div>\n\t\t\t\t<\/div>\n\t\t\t\t<div class=\"elementor-element elementor-element-7205872 elementor-widget elementor-widget-image\" data-id=\"7205872\" data-element_type=\"widget\" data-e-type=\"widget\" data-widget_type=\"image.default\">\n\t\t\t\t<div class=\"elementor-widget-container\">\n\t\t\t\t\t\t\t\t\t\t\t\t<figure class=\"wp-caption\">\n\t\t\t\t\t\t\t\t\t\t<img fetchpriority=\"high\" decoding=\"async\" width=\"768\" height=\"595\" src=\"https:\/\/www.deutsche-glasfaser.de\/blog\/wp-content\/uploads\/2023\/12\/Beitragsbild_SMARTinfeld_1_FINAL-768x595.jpg\" class=\"attachment-medium_large size-medium_large wp-image-13663\" alt=\"Luftbild von Martinfeld bei Nacht mit Stra\u00dfenbeleuchtung; im Vordergrund der Schriftzug SMARTinfeld.\" srcset=\"https:\/\/www.deutsche-glasfaser.de\/blog\/wp-content\/uploads\/2023\/12\/Beitragsbild_SMARTinfeld_1_FINAL-768x595.jpg 768w, https:\/\/www.deutsche-glasfaser.de\/blog\/wp-content\/uploads\/2023\/12\/Beitragsbild_SMARTinfeld_1_FINAL-300x232.jpg 300w, https:\/\/www.deutsche-glasfaser.de\/blog\/wp-content\/uploads\/2023\/12\/Beitragsbild_SMARTinfeld_1_FINAL.jpg 788w\" sizes=\"(max-width: 768px) 100vw, 768px\" \/>\t\t\t\t\t\t\t\t\t\t\t<figcaption class=\"widget-image-caption wp-caption-text\">Das Projekt SMARTinfeld zeigt, wie IoT-L\u00f6sungen f\u00fcr eine ganze Gemeinde funktionieren \u00a9 Alpha-Omega Technology GmbH<\/figcaption>\n\t\t\t\t\t\t\t\t\t\t<\/figure>\n\t\t\t\t\t\t\t\t\t<\/div>\n\t\t\t\t<\/div>\n\t\t\t\t<div class=\"elementor-element elementor-element-eb99ab3 elementor-widget elementor-widget-spacer\" data-id=\"eb99ab3\" data-element_type=\"widget\" data-e-type=\"widget\" data-widget_type=\"spacer.default\">\n\t\t\t\t<div class=\"elementor-widget-container\">\n\t\t\t\t\t\t\t<div class=\"elementor-spacer\">\n\t\t\t<div class=\"elementor-spacer-inner\"><\/div>\n\t\t<\/div>\n\t\t\t\t\t\t<\/div>\n\t\t\t\t<\/div>\n\t\t\t\t<div class=\"elementor-element elementor-element-c1b16be elementor-widget elementor-widget-text-editor\" data-id=\"c1b16be\" data-element_type=\"widget\" data-e-type=\"widget\" data-widget_type=\"text-editor.default\">\n\t\t\t\t<div class=\"elementor-widget-container\">\n\t\t\t\t\t\t\t\t\t<p>Wie Martinfeld setzen viele kleine Gemeinden auf LoRaWAN-Netze, um digitale Anwendungen vor Ort umzusetzen. <a href=\"https:\/\/www.deutsche-glasfaser.de\/blog\/personenzaehlung-in-der-innenstadt-erkenntnisse-sollen-uns-bei-belebung-der-innenstadt-helfen\/\">Linz am Rhein<\/a>\u00a0nutzt die Technologie f\u00fcr eine Personenz\u00e4hlung in der Innenstadt und f\u00fcr die Baumbew\u00e4sserung. Auch Projekte wie <a href=\"https:\/\/www.deutsche-glasfaser.de\/blog\/futureforest-wie-ki-dabei-hilft-waelder-fuer-den-klimawandel-stark-zu-machen\/\">FutureForest<\/a>\u00a0oder das <a href=\"https:\/\/www.deutsche-glasfaser.de\/blog\/neues-forschungsprojekt-besserer-hochwasserschutz-dank-kuenstlicher-intelligenz\/\">Hochwasserschutzsystem 4.0 des Wupperverbandes<\/a>\u00a0sammeln Daten \u00fcber Sensoren in LoRaWAN-Netzwerken. H\u00e4ufig kommt f\u00fcr die Auswertung anschlie\u00dfend KI zum Einsatz.<\/p>\t\t\t\t\t\t\t\t<\/div>\n\t\t\t\t<\/div>\n\t\t\t\t<div class=\"elementor-element elementor-element-d753be0 elementor-widget elementor-widget-spacer\" data-id=\"d753be0\" data-element_type=\"widget\" data-e-type=\"widget\" data-widget_type=\"spacer.default\">\n\t\t\t\t<div class=\"elementor-widget-container\">\n\t\t\t\t\t\t\t<div class=\"elementor-spacer\">\n\t\t\t<div class=\"elementor-spacer-inner\"><\/div>\n\t\t<\/div>\n\t\t\t\t\t\t<\/div>\n\t\t\t\t<\/div>\n\t\t\t\t<div class=\"elementor-element elementor-element-4f54ce4 elementor-widget elementor-widget-heading\" data-id=\"4f54ce4\" data-element_type=\"widget\" data-e-type=\"widget\" data-widget_type=\"heading.default\">\n\t\t\t\t<div class=\"elementor-widget-container\">\n\t\t\t\t\t<h2 class=\"elementor-heading-title elementor-size-xl\">Was ist? Was wird? Digitale Abbilder von St\u00e4dten und Gemeinden<\/h2>\t\t\t\t<\/div>\n\t\t\t\t<\/div>\n\t\t\t\t<div class=\"elementor-element elementor-element-4e8c8a2 elementor-widget elementor-widget-spacer\" data-id=\"4e8c8a2\" data-element_type=\"widget\" data-e-type=\"widget\" data-widget_type=\"spacer.default\">\n\t\t\t\t<div class=\"elementor-widget-container\">\n\t\t\t\t\t\t\t<div class=\"elementor-spacer\">\n\t\t\t<div class=\"elementor-spacer-inner\"><\/div>\n\t\t<\/div>\n\t\t\t\t\t\t<\/div>\n\t\t\t\t<\/div>\n\t\t\t\t<div class=\"elementor-element elementor-element-54fd6e4 elementor-widget elementor-widget-text-editor\" data-id=\"54fd6e4\" data-element_type=\"widget\" data-e-type=\"widget\" data-widget_type=\"text-editor.default\">\n\t\t\t\t<div class=\"elementor-widget-container\">\n\t\t\t\t\t\t\t\t\t<p>Vorhandene Daten f\u00fcr die Weiterentwicklung nutzbar zu machen: Darum geht es Kommunen, die ganze digitale Zwillinge ihrer selbst erstellen. Neue M\u00f6glichkeiten schafft das nicht nur in der Stadtentwicklung, sondern auch f\u00fcr Anpassungen, die in Zusammenhang mit dem Klimawandel n\u00f6tig werden \u2013 und bei der B\u00fcrgerbeteiligung. Susanne Schreiber, Baub\u00fcrgermeisterin der <a href=\"https:\/\/www.deutsche-glasfaser.de\/blog\/digitaler-zwilling-in-herrenberg-ein-unglaublicher-schatz-an-daten\/\">Stadt Herrenberg<\/a>, fasst die Vorteile des \u201adigital twin\u2018 so zusammen: \u201eDer digitale Zwilling enth\u00e4lt einen unglaublichen Schatz an Daten. Von all diesen Datens\u00e4tzen in der Plattform und ihren Anwendungsm\u00f6glichkeiten bek\u00e4men die B\u00fcrgerinnen und B\u00fcrger aber nichts mit, wenn wir nicht einen weiteren Vorteil des digitalen Zwillings nutzen w\u00fcrden: Auf Grundlage der Daten entstehen 3-D-Animationen, in denen man sich mit VR-Brille fortbewegen kann. Das ist ein Erlebnis.\u201c<\/p>\t\t\t\t\t\t\t\t<\/div>\n\t\t\t\t<\/div>\n\t\t\t\t<div class=\"elementor-element elementor-element-1d9493d elementor-widget elementor-widget-spacer\" data-id=\"1d9493d\" data-element_type=\"widget\" data-e-type=\"widget\" data-widget_type=\"spacer.default\">\n\t\t\t\t<div class=\"elementor-widget-container\">\n\t\t\t\t\t\t\t<div class=\"elementor-spacer\">\n\t\t\t<div class=\"elementor-spacer-inner\"><\/div>\n\t\t<\/div>\n\t\t\t\t\t\t<\/div>\n\t\t\t\t<\/div>\n\t\t\t\t<div class=\"elementor-element elementor-element-f4c0925 elementor-widget elementor-widget-image\" data-id=\"f4c0925\" data-element_type=\"widget\" data-e-type=\"widget\" data-widget_type=\"image.default\">\n\t\t\t\t<div class=\"elementor-widget-container\">\n\t\t\t\t\t\t\t\t\t\t\t\t<figure class=\"wp-caption\">\n\t\t\t\t\t\t\t\t\t\t<img decoding=\"async\" width=\"768\" height=\"595\" src=\"https:\/\/www.deutsche-glasfaser.de\/blog\/wp-content\/uploads\/2023\/12\/Beitragsbild_Zukunftslabor_Smart_City-768x576_FINAL-768x595.jpg\" class=\"attachment-medium_large size-medium_large wp-image-13665\" alt=\"Eine Gruppe von Menschen steht um einen Tisch mit Touchscreen herum; im Vordergrund tr\u00e4gt eine Person eine VR-Brille.\" srcset=\"https:\/\/www.deutsche-glasfaser.de\/blog\/wp-content\/uploads\/2023\/12\/Beitragsbild_Zukunftslabor_Smart_City-768x576_FINAL-768x595.jpg 768w, https:\/\/www.deutsche-glasfaser.de\/blog\/wp-content\/uploads\/2023\/12\/Beitragsbild_Zukunftslabor_Smart_City-768x576_FINAL-300x232.jpg 300w, https:\/\/www.deutsche-glasfaser.de\/blog\/wp-content\/uploads\/2023\/12\/Beitragsbild_Zukunftslabor_Smart_City-768x576_FINAL.jpg 788w\" sizes=\"(max-width: 768px) 100vw, 768px\" \/>\t\t\t\t\t\t\t\t\t\t\t<figcaption class=\"widget-image-caption wp-caption-text\">Von Touchscreen bis VR-Brille: B\u00fcrger:innen zu Besuch im Zukunftslabor Kempten. \u00a9 Stadt Kempten<\/figcaption>\n\t\t\t\t\t\t\t\t\t\t<\/figure>\n\t\t\t\t\t\t\t\t\t<\/div>\n\t\t\t\t<\/div>\n\t\t\t\t<div class=\"elementor-element elementor-element-a0bf160 elementor-widget elementor-widget-spacer\" data-id=\"a0bf160\" data-element_type=\"widget\" data-e-type=\"widget\" data-widget_type=\"spacer.default\">\n\t\t\t\t<div class=\"elementor-widget-container\">\n\t\t\t\t\t\t\t<div class=\"elementor-spacer\">\n\t\t\t<div class=\"elementor-spacer-inner\"><\/div>\n\t\t<\/div>\n\t\t\t\t\t\t<\/div>\n\t\t\t\t<\/div>\n\t\t\t\t<div class=\"elementor-element elementor-element-e5019d4 elementor-widget elementor-widget-text-editor\" data-id=\"e5019d4\" data-element_type=\"widget\" data-e-type=\"widget\" data-widget_type=\"text-editor.default\">\n\t\t\t\t<div class=\"elementor-widget-container\">\n\t\t\t\t\t\t\t\t\t<p>Auch die <a href=\"https:\/\/www.deutsche-glasfaser.de\/blog\/stadtentwicklung-erleben-in-kempten-entsteht-ein-digitales-buergerforum\/\">Stadt Kempten im Allg\u00e4u<\/a>\u00a0setzt auf die Daten des digitalen Zwillings, um B\u00fcrger:innen Stadtentwicklungspl\u00e4ne zu pr\u00e4sentieren. \u201eWir wollen eine technische Plattform aufbauen, damit sich B\u00fcrgerinnen und B\u00fcrger zeit- und ortsunabh\u00e4ngig informieren und beteiligen k\u00f6nnen \u2013 nach Feierabend, wenn Fach\u00e4mter bereits geschlossen haben\u201c, sagt Sandro Mertens, Leiter der Stabsstelle Digitale Stadtentwicklung. \u201eTrotzdem war uns die analoge Begegnungsst\u00e4tte im Zukunftslabor sehr wichtig, weil sie den pers\u00f6nlichen Austausch erm\u00f6glicht. Als Stadt versprechen wir uns, dass sich die Akzeptanz f\u00fcr Projekte der Stadtentwicklung erh\u00f6ht. Erst durch eine 3D-Animation bekommt man einen realistischen Eindruck.\u201c<\/p>\t\t\t\t\t\t\t\t<\/div>\n\t\t\t\t<\/div>\n\t\t\t\t<div class=\"elementor-element elementor-element-3bf5251 elementor-widget elementor-widget-spacer\" data-id=\"3bf5251\" data-element_type=\"widget\" data-e-type=\"widget\" data-widget_type=\"spacer.default\">\n\t\t\t\t<div class=\"elementor-widget-container\">\n\t\t\t\t\t\t\t<div class=\"elementor-spacer\">\n\t\t\t<div class=\"elementor-spacer-inner\"><\/div>\n\t\t<\/div>\n\t\t\t\t\t\t<\/div>\n\t\t\t\t<\/div>\n\t\t\t\t<div class=\"elementor-element elementor-element-c6b7a34 elementor-widget elementor-widget-heading\" data-id=\"c6b7a34\" data-element_type=\"widget\" data-e-type=\"widget\" data-widget_type=\"heading.default\">\n\t\t\t\t<div class=\"elementor-widget-container\">\n\t\t\t\t\t<h2 class=\"elementor-heading-title elementor-size-xl\">Chatten mit der Verwaltung<\/h2>\t\t\t\t<\/div>\n\t\t\t\t<\/div>\n\t\t\t\t<div class=\"elementor-element elementor-element-7cf0c82 elementor-widget elementor-widget-spacer\" data-id=\"7cf0c82\" data-element_type=\"widget\" data-e-type=\"widget\" data-widget_type=\"spacer.default\">\n\t\t\t\t<div class=\"elementor-widget-container\">\n\t\t\t\t\t\t\t<div class=\"elementor-spacer\">\n\t\t\t<div class=\"elementor-spacer-inner\"><\/div>\n\t\t<\/div>\n\t\t\t\t\t\t<\/div>\n\t\t\t\t<\/div>\n\t\t\t\t<div class=\"elementor-element elementor-element-0fcf475 elementor-widget elementor-widget-text-editor\" data-id=\"0fcf475\" data-element_type=\"widget\" data-e-type=\"widget\" data-widget_type=\"text-editor.default\">\n\t\t\t\t<div class=\"elementor-widget-container\">\n\t\t\t\t\t\t\t\t\t<p>Die Kommunikation mit den B\u00fcrger:innen steht bei einer weiteren aktuellen Entwicklung klar im Vordergrund: Einige Gemeinden haben bereits ihre eigenen Voicebots oder Chatbots entwickelt, um Fragen schneller beantworten zu k\u00f6nnen. So haben sich in Baden-W\u00fcrttemberg Kommunen zusammengetan, um ihre Sachbearbeitung mit K\u00fcnstlicher Intelligenz zu entlasten und den Bu\u0308rger:innen einen besseren Service zu bieten. Entstanden ist daraus <a href=\"https:\/\/www.deutsche-glasfaser.de\/blog\/frag-den-voicebot-wie-kommunen-kuenstliche-intelligenz-nutzen-koennen\/\">KOMMI, ein Voicebot<\/a>, der eigenst\u00e4ndig Fragen beantworten soll. \u201eVerwaltungsassistenten mit Expertenwissen, die sich in vielen Fachbereichen auskennen, wird man damit nicht komplett ersetzen k\u00f6nnen\u201c, betont Peter W\u00f6hrle, Bereichsleiter bei Komm.ONE, die das Projekt entwickelt hat. \u201eWenn es aber beispielsweise darum geht, die richtigen Informationen rauszusuchen, k\u00f6nnen solche Systeme sehr hilfreich sein. Voraussetzung ist aber, dass sie ganz speziell auf die Inhalte der \u00f6ffentlichen Verwaltung trainiert werden.\u201c<\/p><p>In Bad Oeynhausen beantwortet seit diesem Jahr der <a href=\"https:\/\/www.deutsche-glasfaser.de\/blog\/hallo-chatbot-bad-oeynhausen-beantwortet-buergeranfragen-automatisch\/\">Chatbot Colon S\u00fcltemeyer<\/a>, benannt nach dem Entdecker der ersten \u00f6rtlichen Solequelle, B\u00fcrgeranfragen. \u201eWenn der Chatbot nicht weiterwei\u00df, kann man uns eine Nachricht schreiben, auf die wir auch reagieren. So vermeiden wir, dass sich die B\u00fcrgerinnen und B\u00fcrger zweimal bei uns melden m\u00fcssen. Schlie\u00dflich wollen wir das Anfragemanagement f\u00fcr beide Seiten erleichtern\u201c, sagt Patrick H\u00f6wener, Digitaler Lotse im Bereich Finanzen. Unterhalten kann sich der Chatbot dank Anbindung an die KI-L\u00f6sung DeepL in 24 Sprachen. In Abstimmung mit dem B\u00fcrgerb\u00fcro wurden besonders h\u00e4ufig genutzte Fremdsprachen wie Rum\u00e4nisch, T\u00fcrkisch oder Polnisch in der Auswahlleiste nach vorne gezogen.<\/p><p>Eine solche mehrsprachige \u2013 und damit niedrigschwellige \u2013 L\u00f6sung f\u00fcr Verwaltungsanfragen steckt auch in einem der Finalistenprojekte \u201eSmarte Kommune\u201c des diesj\u00e4hrigen Wettbewerbs \u201eDigitale Orte\u201c. Das bayerische Balderschwang hat die Software <a href=\"https:\/\/www.deutsche-glasfaser.de\/blog\/digitale-orte-im-land-der-ideen-drei-smarte-kommunen-auf-dem-weg-in-die-zukunft\/\">\u201eDahuim Anmelden&#8220;<\/a>\u00a0eigens f\u00fcr die zahlreichen Saisonarbeitskr\u00e4fte entwickelt, die im B\u00fcrgerb\u00fcro ihren Wohnsitz anmelden wollen. Diese k\u00f6nnen die Formulare jetzt digital in ihrer Landessprache ausf\u00fcllen und m\u00fcssen alle Angaben nur einmal machen. Das spart Zeit und verbessert die Datenqualit\u00e4t.<\/p>\t\t\t\t\t\t\t\t<\/div>\n\t\t\t\t<\/div>\n\t\t\t\t<div class=\"elementor-element elementor-element-7762714 elementor-widget elementor-widget-spacer\" data-id=\"7762714\" data-element_type=\"widget\" data-e-type=\"widget\" data-widget_type=\"spacer.default\">\n\t\t\t\t<div class=\"elementor-widget-container\">\n\t\t\t\t\t\t\t<div class=\"elementor-spacer\">\n\t\t\t<div class=\"elementor-spacer-inner\"><\/div>\n\t\t<\/div>\n\t\t\t\t\t\t<\/div>\n\t\t\t\t<\/div>\n\t\t\t\t<div class=\"elementor-element elementor-element-1b92510 elementor-widget elementor-widget-heading\" data-id=\"1b92510\" data-element_type=\"widget\" data-e-type=\"widget\" data-widget_type=\"heading.default\">\n\t\t\t\t<div class=\"elementor-widget-container\">\n\t\t\t\t\t<h2 class=\"elementor-heading-title elementor-size-xl\">Gemeinsam stark: Digitale Anwendungen sind Vorbild f\u00fcr andere<\/h2>\t\t\t\t<\/div>\n\t\t\t\t<\/div>\n\t\t\t\t<div class=\"elementor-element elementor-element-acf605c elementor-widget elementor-widget-spacer\" data-id=\"acf605c\" data-element_type=\"widget\" data-e-type=\"widget\" data-widget_type=\"spacer.default\">\n\t\t\t\t<div class=\"elementor-widget-container\">\n\t\t\t\t\t\t\t<div class=\"elementor-spacer\">\n\t\t\t<div class=\"elementor-spacer-inner\"><\/div>\n\t\t<\/div>\n\t\t\t\t\t\t<\/div>\n\t\t\t\t<\/div>\n\t\t\t\t<div class=\"elementor-element elementor-element-783839a elementor-widget elementor-widget-text-editor\" data-id=\"783839a\" data-element_type=\"widget\" data-e-type=\"widget\" data-widget_type=\"text-editor.default\">\n\t\t\t\t<div class=\"elementor-widget-container\">\n\t\t\t\t\t\t\t\t\t<p>Viele Gemeinden setzen ihre Digitalprojekte im Verbund mit anderen Gemeinden um. Oft sind die Kommunen bereit, ihre datenoffen erstellten Ergebnisse zu teilen. Und einige Anwendungen werden gezielt in einer Region entwickelt, um sie als Standard oder Vorbild f\u00fcr ganz Deutschland auszurollen. Das geschieht aktuell mit dem <a href=\"https:\/\/www.deutsche-glasfaser.de\/blog\/schnell-praktisch-papierlos-der-digitale-bauantrag-kommt-deutschlandweit\/\">digitalen Bauantrag<\/a>. Der L\u00f6sung aus Mecklenburg-Vorpommern haben sich zehn andere Bundesl\u00e4nder angeschlossen. Die \u00fcbrigen sind bereits dabei, eigene Systeme zu etablieren.<\/p><p>Eine solche Entwicklung \u201eeiner f\u00fcr alle\u201c funktioniert auch in anderen Bereichen der Verwaltung. Smarte Kommunen k\u00f6nnen davon profitieren und ihre Digitalisierungsvorhaben schneller umsetzen.<\/p>\t\t\t\t\t\t\t\t<\/div>\n\t\t\t\t<\/div>\n\t\t\t\t\t<\/div>\n\t\t<\/div>\n\t\t\t\t\t<\/div>\n\t\t<\/section>\n\t\t\t\t<\/div>\n\t\t","protected":false},"excerpt":{"rendered":"<p>Wann wird die Dorflinde gegossen? Wie entwickelt sich die Stadt weiter? Wo gibt\u2019s den Meldetermin? Kommunen m\u00fcssen auf viele Fragen Antworten finden \u2013 und suchen sie immer h\u00e4ufiger in Digitalisierungsl\u00f6sungen. Unser Jahresr\u00fcckblick zeigt einige gute Beispiele. <\/p>\n","protected":false},"author":5,"featured_media":13664,"comment_status":"open","ping_status":"open","sticky":false,"template":"","format":"standard","meta":{"footnotes":""},"categories":[71],"tags":[],"class_list":["post-13657","post","type-post","status-publish","format-standard","has-post-thumbnail","hentry","category-gemeinschaft"],"yoast_head":"<!-- This site is optimized with the Yoast SEO plugin v27.5 - https:\/\/yoast.com\/product\/yoast-seo-wordpress\/ -->\n<title>Digitalisierung bringt smarte Kommunen voran - Digitales B\u00fcrgernetz<\/title>\n<meta name=\"description\" content=\"Verwaltung, Stadtentwicklung, B\u00fcrgerkommunikation: Auch kleine St\u00e4dte und Gemeinden profitieren von erprobten Digitalisierungsl\u00f6sungen.\" \/>\n<meta name=\"robots\" content=\"index, follow, max-snippet:-1, max-image-preview:large, max-video-preview:-1\" \/>\n<link rel=\"canonical\" href=\"https:\/\/www.deutsche-glasfaser.de\/blog\/aufgabe-geloest-diese-projekte-gehen-smarte-kommunen-aktuell-an\/\" \/>\n<meta property=\"og:locale\" content=\"de_DE\" \/>\n<meta property=\"og:type\" content=\"article\" \/>\n<meta property=\"og:title\" content=\"Digitalisierung bringt smarte Kommunen voran - Digitales B\u00fcrgernetz\" \/>\n<meta property=\"og:description\" content=\"Verwaltung, Stadtentwicklung, B\u00fcrgerkommunikation: Auch kleine St\u00e4dte und Gemeinden profitieren von erprobten Digitalisierungsl\u00f6sungen.\" \/>\n<meta property=\"og:url\" content=\"https:\/\/www.deutsche-glasfaser.de\/blog\/aufgabe-geloest-diese-projekte-gehen-smarte-kommunen-aktuell-an\/\" \/>\n<meta property=\"og:site_name\" content=\"Digitales B\u00fcrgernetz\" \/>\n<meta property=\"article:published_time\" content=\"2023-12-15T08:38:16+00:00\" \/>\n<meta property=\"article:modified_time\" content=\"2023-12-15T08:50:05+00:00\" \/>\n<meta property=\"og:image\" content=\"https:\/\/www.deutsche-glasfaser.de\/blog\/wp-content\/uploads\/2023\/12\/Titelbild_Bildschirmfoto_2023-08-03_um_16.22.12_FINAL.jpg\" \/>\n\t<meta property=\"og:image:width\" content=\"1500\" \/>\n\t<meta property=\"og:image:height\" content=\"705\" \/>\n\t<meta property=\"og:image:type\" content=\"image\/jpeg\" \/>\n<meta name=\"author\" content=\"Deutsche Glasfaser\" \/>\n<meta name=\"twitter:card\" content=\"summary_large_image\" \/>\n<meta name=\"twitter:label1\" content=\"Verfasst von\" \/>\n\t<meta name=\"twitter:data1\" content=\"Deutsche Glasfaser\" \/>\n\t<meta name=\"twitter:label2\" content=\"Gesch\u00e4tzte Lesezeit\" \/>\n\t<meta name=\"twitter:data2\" content=\"6\u00a0Minuten\" \/>\n<script type=\"application\/ld+json\" class=\"yoast-schema-graph\">{\"@context\":\"https:\\\/\\\/schema.org\",\"@graph\":[{\"@type\":\"Article\",\"@id\":\"https:\\\/\\\/www.deutsche-glasfaser.de\\\/blog\\\/aufgabe-geloest-diese-projekte-gehen-smarte-kommunen-aktuell-an\\\/#article\",\"isPartOf\":{\"@id\":\"https:\\\/\\\/www.deutsche-glasfaser.de\\\/blog\\\/aufgabe-geloest-diese-projekte-gehen-smarte-kommunen-aktuell-an\\\/\"},\"author\":{\"name\":\"Deutsche Glasfaser\",\"@id\":\"https:\\\/\\\/www.deutsche-glasfaser.de\\\/blog\\\/#\\\/schema\\\/person\\\/9380a6dc7443d77143d0c66c409f574b\"},\"headline\":\"Aufgabe gel\u00f6st: Diese Projekte gehen smarte Kommunen aktuell an\",\"datePublished\":\"2023-12-15T08:38:16+00:00\",\"dateModified\":\"2023-12-15T08:50:05+00:00\",\"mainEntityOfPage\":{\"@id\":\"https:\\\/\\\/www.deutsche-glasfaser.de\\\/blog\\\/aufgabe-geloest-diese-projekte-gehen-smarte-kommunen-aktuell-an\\\/\"},\"wordCount\":1033,\"commentCount\":0,\"publisher\":{\"@id\":\"https:\\\/\\\/www.deutsche-glasfaser.de\\\/blog\\\/#organization\"},\"image\":{\"@id\":\"https:\\\/\\\/www.deutsche-glasfaser.de\\\/blog\\\/aufgabe-geloest-diese-projekte-gehen-smarte-kommunen-aktuell-an\\\/#primaryimage\"},\"thumbnailUrl\":\"https:\\\/\\\/www.deutsche-glasfaser.de\\\/blog\\\/wp-content\\\/uploads\\\/2023\\\/12\\\/Titelbild_Bildschirmfoto_2023-08-03_um_16.22.12_FINAL.jpg\",\"articleSection\":[\"#Gemeinschaft\"],\"inLanguage\":\"de\",\"potentialAction\":[{\"@type\":\"CommentAction\",\"name\":\"Comment\",\"target\":[\"https:\\\/\\\/www.deutsche-glasfaser.de\\\/blog\\\/aufgabe-geloest-diese-projekte-gehen-smarte-kommunen-aktuell-an\\\/#respond\"]}]},{\"@type\":\"WebPage\",\"@id\":\"https:\\\/\\\/www.deutsche-glasfaser.de\\\/blog\\\/aufgabe-geloest-diese-projekte-gehen-smarte-kommunen-aktuell-an\\\/\",\"url\":\"https:\\\/\\\/www.deutsche-glasfaser.de\\\/blog\\\/aufgabe-geloest-diese-projekte-gehen-smarte-kommunen-aktuell-an\\\/\",\"name\":\"Digitalisierung bringt smarte Kommunen voran - Digitales B\u00fcrgernetz\",\"isPartOf\":{\"@id\":\"https:\\\/\\\/www.deutsche-glasfaser.de\\\/blog\\\/#website\"},\"primaryImageOfPage\":{\"@id\":\"https:\\\/\\\/www.deutsche-glasfaser.de\\\/blog\\\/aufgabe-geloest-diese-projekte-gehen-smarte-kommunen-aktuell-an\\\/#primaryimage\"},\"image\":{\"@id\":\"https:\\\/\\\/www.deutsche-glasfaser.de\\\/blog\\\/aufgabe-geloest-diese-projekte-gehen-smarte-kommunen-aktuell-an\\\/#primaryimage\"},\"thumbnailUrl\":\"https:\\\/\\\/www.deutsche-glasfaser.de\\\/blog\\\/wp-content\\\/uploads\\\/2023\\\/12\\\/Titelbild_Bildschirmfoto_2023-08-03_um_16.22.12_FINAL.jpg\",\"datePublished\":\"2023-12-15T08:38:16+00:00\",\"dateModified\":\"2023-12-15T08:50:05+00:00\",\"description\":\"Verwaltung, Stadtentwicklung, B\u00fcrgerkommunikation: Auch kleine St\u00e4dte und Gemeinden profitieren von erprobten Digitalisierungsl\u00f6sungen.\",\"inLanguage\":\"de\",\"potentialAction\":[{\"@type\":\"ReadAction\",\"target\":[\"https:\\\/\\\/www.deutsche-glasfaser.de\\\/blog\\\/aufgabe-geloest-diese-projekte-gehen-smarte-kommunen-aktuell-an\\\/\"]}]},{\"@type\":\"ImageObject\",\"inLanguage\":\"de\",\"@id\":\"https:\\\/\\\/www.deutsche-glasfaser.de\\\/blog\\\/aufgabe-geloest-diese-projekte-gehen-smarte-kommunen-aktuell-an\\\/#primaryimage\",\"url\":\"https:\\\/\\\/www.deutsche-glasfaser.de\\\/blog\\\/wp-content\\\/uploads\\\/2023\\\/12\\\/Titelbild_Bildschirmfoto_2023-08-03_um_16.22.12_FINAL.jpg\",\"contentUrl\":\"https:\\\/\\\/www.deutsche-glasfaser.de\\\/blog\\\/wp-content\\\/uploads\\\/2023\\\/12\\\/Titelbild_Bildschirmfoto_2023-08-03_um_16.22.12_FINAL.jpg\",\"width\":1500,\"height\":705,\"caption\":\"Chatbots und Voicebots wie KOMMI aus Baden-W\u00fcrttemberg k\u00f6nnen in Kommunen die Verwaltung entlasten. \u00a9Komm.ONE\"},{\"@type\":\"WebSite\",\"@id\":\"https:\\\/\\\/www.deutsche-glasfaser.de\\\/blog\\\/#website\",\"url\":\"https:\\\/\\\/www.deutsche-glasfaser.de\\\/blog\\\/\",\"name\":\"Digitales B\u00fcrgernetz\",\"description\":\"Deutsche Glasfaser Blog\",\"publisher\":{\"@id\":\"https:\\\/\\\/www.deutsche-glasfaser.de\\\/blog\\\/#organization\"},\"potentialAction\":[{\"@type\":\"SearchAction\",\"target\":{\"@type\":\"EntryPoint\",\"urlTemplate\":\"https:\\\/\\\/www.deutsche-glasfaser.de\\\/blog\\\/?s={search_term_string}\"},\"query-input\":{\"@type\":\"PropertyValueSpecification\",\"valueRequired\":true,\"valueName\":\"search_term_string\"}}],\"inLanguage\":\"de\"},{\"@type\":\"Organization\",\"@id\":\"https:\\\/\\\/www.deutsche-glasfaser.de\\\/blog\\\/#organization\",\"name\":\"Digitales B\u00fcrgernetz\",\"url\":\"https:\\\/\\\/www.deutsche-glasfaser.de\\\/blog\\\/\",\"logo\":{\"@type\":\"ImageObject\",\"inLanguage\":\"de\",\"@id\":\"https:\\\/\\\/www.deutsche-glasfaser.de\\\/blog\\\/#\\\/schema\\\/logo\\\/image\\\/\",\"url\":\"https:\\\/\\\/www.deutsche-glasfaser.de\\\/blog\\\/wp-content\\\/uploads\\\/2021\\\/08\\\/DGF_Logo_Basis_RGB-Large@2x.png\",\"contentUrl\":\"https:\\\/\\\/www.deutsche-glasfaser.de\\\/blog\\\/wp-content\\\/uploads\\\/2021\\\/08\\\/DGF_Logo_Basis_RGB-Large@2x.png\",\"width\":312,\"height\":104,\"caption\":\"Digitales B\u00fcrgernetz\"},\"image\":{\"@id\":\"https:\\\/\\\/www.deutsche-glasfaser.de\\\/blog\\\/#\\\/schema\\\/logo\\\/image\\\/\"}},{\"@type\":\"Person\",\"@id\":\"https:\\\/\\\/www.deutsche-glasfaser.de\\\/blog\\\/#\\\/schema\\\/person\\\/9380a6dc7443d77143d0c66c409f574b\",\"name\":\"Deutsche Glasfaser\"}]}<\/script>\n<!-- \/ Yoast SEO plugin. -->","yoast_head_json":{"title":"Digitalisierung bringt smarte Kommunen voran - Digitales B\u00fcrgernetz","description":"Verwaltung, Stadtentwicklung, B\u00fcrgerkommunikation: Auch kleine St\u00e4dte und Gemeinden profitieren von erprobten Digitalisierungsl\u00f6sungen.","robots":{"index":"index","follow":"follow","max-snippet":"max-snippet:-1","max-image-preview":"max-image-preview:large","max-video-preview":"max-video-preview:-1"},"canonical":"https:\/\/www.deutsche-glasfaser.de\/blog\/aufgabe-geloest-diese-projekte-gehen-smarte-kommunen-aktuell-an\/","og_locale":"de_DE","og_type":"article","og_title":"Digitalisierung bringt smarte Kommunen voran - Digitales B\u00fcrgernetz","og_description":"Verwaltung, Stadtentwicklung, B\u00fcrgerkommunikation: Auch kleine St\u00e4dte und Gemeinden profitieren von erprobten Digitalisierungsl\u00f6sungen.","og_url":"https:\/\/www.deutsche-glasfaser.de\/blog\/aufgabe-geloest-diese-projekte-gehen-smarte-kommunen-aktuell-an\/","og_site_name":"Digitales B\u00fcrgernetz","article_published_time":"2023-12-15T08:38:16+00:00","article_modified_time":"2023-12-15T08:50:05+00:00","og_image":[{"width":1500,"height":705,"url":"https:\/\/www.deutsche-glasfaser.de\/blog\/wp-content\/uploads\/2023\/12\/Titelbild_Bildschirmfoto_2023-08-03_um_16.22.12_FINAL.jpg","type":"image\/jpeg"}],"author":"Deutsche Glasfaser","twitter_card":"summary_large_image","twitter_misc":{"Verfasst von":"Deutsche Glasfaser","Gesch\u00e4tzte Lesezeit":"6\u00a0Minuten"},"schema":{"@context":"https:\/\/schema.org","@graph":[{"@type":"Article","@id":"https:\/\/www.deutsche-glasfaser.de\/blog\/aufgabe-geloest-diese-projekte-gehen-smarte-kommunen-aktuell-an\/#article","isPartOf":{"@id":"https:\/\/www.deutsche-glasfaser.de\/blog\/aufgabe-geloest-diese-projekte-gehen-smarte-kommunen-aktuell-an\/"},"author":{"name":"Deutsche Glasfaser","@id":"https:\/\/www.deutsche-glasfaser.de\/blog\/#\/schema\/person\/9380a6dc7443d77143d0c66c409f574b"},"headline":"Aufgabe gel\u00f6st: Diese Projekte gehen smarte Kommunen aktuell an","datePublished":"2023-12-15T08:38:16+00:00","dateModified":"2023-12-15T08:50:05+00:00","mainEntityOfPage":{"@id":"https:\/\/www.deutsche-glasfaser.de\/blog\/aufgabe-geloest-diese-projekte-gehen-smarte-kommunen-aktuell-an\/"},"wordCount":1033,"commentCount":0,"publisher":{"@id":"https:\/\/www.deutsche-glasfaser.de\/blog\/#organization"},"image":{"@id":"https:\/\/www.deutsche-glasfaser.de\/blog\/aufgabe-geloest-diese-projekte-gehen-smarte-kommunen-aktuell-an\/#primaryimage"},"thumbnailUrl":"https:\/\/www.deutsche-glasfaser.de\/blog\/wp-content\/uploads\/2023\/12\/Titelbild_Bildschirmfoto_2023-08-03_um_16.22.12_FINAL.jpg","articleSection":["#Gemeinschaft"],"inLanguage":"de","potentialAction":[{"@type":"CommentAction","name":"Comment","target":["https:\/\/www.deutsche-glasfaser.de\/blog\/aufgabe-geloest-diese-projekte-gehen-smarte-kommunen-aktuell-an\/#respond"]}]},{"@type":"WebPage","@id":"https:\/\/www.deutsche-glasfaser.de\/blog\/aufgabe-geloest-diese-projekte-gehen-smarte-kommunen-aktuell-an\/","url":"https:\/\/www.deutsche-glasfaser.de\/blog\/aufgabe-geloest-diese-projekte-gehen-smarte-kommunen-aktuell-an\/","name":"Digitalisierung bringt smarte Kommunen voran - Digitales B\u00fcrgernetz","isPartOf":{"@id":"https:\/\/www.deutsche-glasfaser.de\/blog\/#website"},"primaryImageOfPage":{"@id":"https:\/\/www.deutsche-glasfaser.de\/blog\/aufgabe-geloest-diese-projekte-gehen-smarte-kommunen-aktuell-an\/#primaryimage"},"image":{"@id":"https:\/\/www.deutsche-glasfaser.de\/blog\/aufgabe-geloest-diese-projekte-gehen-smarte-kommunen-aktuell-an\/#primaryimage"},"thumbnailUrl":"https:\/\/www.deutsche-glasfaser.de\/blog\/wp-content\/uploads\/2023\/12\/Titelbild_Bildschirmfoto_2023-08-03_um_16.22.12_FINAL.jpg","datePublished":"2023-12-15T08:38:16+00:00","dateModified":"2023-12-15T08:50:05+00:00","description":"Verwaltung, Stadtentwicklung, B\u00fcrgerkommunikation: Auch kleine St\u00e4dte und Gemeinden profitieren von erprobten Digitalisierungsl\u00f6sungen.","inLanguage":"de","potentialAction":[{"@type":"ReadAction","target":["https:\/\/www.deutsche-glasfaser.de\/blog\/aufgabe-geloest-diese-projekte-gehen-smarte-kommunen-aktuell-an\/"]}]},{"@type":"ImageObject","inLanguage":"de","@id":"https:\/\/www.deutsche-glasfaser.de\/blog\/aufgabe-geloest-diese-projekte-gehen-smarte-kommunen-aktuell-an\/#primaryimage","url":"https:\/\/www.deutsche-glasfaser.de\/blog\/wp-content\/uploads\/2023\/12\/Titelbild_Bildschirmfoto_2023-08-03_um_16.22.12_FINAL.jpg","contentUrl":"https:\/\/www.deutsche-glasfaser.de\/blog\/wp-content\/uploads\/2023\/12\/Titelbild_Bildschirmfoto_2023-08-03_um_16.22.12_FINAL.jpg","width":1500,"height":705,"caption":"Chatbots und Voicebots wie KOMMI aus Baden-W\u00fcrttemberg k\u00f6nnen in Kommunen die Verwaltung entlasten. \u00a9Komm.ONE"},{"@type":"WebSite","@id":"https:\/\/www.deutsche-glasfaser.de\/blog\/#website","url":"https:\/\/www.deutsche-glasfaser.de\/blog\/","name":"Digitales B\u00fcrgernetz","description":"Deutsche Glasfaser Blog","publisher":{"@id":"https:\/\/www.deutsche-glasfaser.de\/blog\/#organization"},"potentialAction":[{"@type":"SearchAction","target":{"@type":"EntryPoint","urlTemplate":"https:\/\/www.deutsche-glasfaser.de\/blog\/?s={search_term_string}"},"query-input":{"@type":"PropertyValueSpecification","valueRequired":true,"valueName":"search_term_string"}}],"inLanguage":"de"},{"@type":"Organization","@id":"https:\/\/www.deutsche-glasfaser.de\/blog\/#organization","name":"Digitales B\u00fcrgernetz","url":"https:\/\/www.deutsche-glasfaser.de\/blog\/","logo":{"@type":"ImageObject","inLanguage":"de","@id":"https:\/\/www.deutsche-glasfaser.de\/blog\/#\/schema\/logo\/image\/","url":"https:\/\/www.deutsche-glasfaser.de\/blog\/wp-content\/uploads\/2021\/08\/DGF_Logo_Basis_RGB-Large@2x.png","contentUrl":"https:\/\/www.deutsche-glasfaser.de\/blog\/wp-content\/uploads\/2021\/08\/DGF_Logo_Basis_RGB-Large@2x.png","width":312,"height":104,"caption":"Digitales B\u00fcrgernetz"},"image":{"@id":"https:\/\/www.deutsche-glasfaser.de\/blog\/#\/schema\/logo\/image\/"}},{"@type":"Person","@id":"https:\/\/www.deutsche-glasfaser.de\/blog\/#\/schema\/person\/9380a6dc7443d77143d0c66c409f574b","name":"Deutsche Glasfaser"}]}},"_links":{"self":[{"href":"https:\/\/www.deutsche-glasfaser.de\/blog\/wp-json\/wp\/v2\/posts\/13657","targetHints":{"allow":["GET"]}}],"collection":[{"href":"https:\/\/www.deutsche-glasfaser.de\/blog\/wp-json\/wp\/v2\/posts"}],"about":[{"href":"https:\/\/www.deutsche-glasfaser.de\/blog\/wp-json\/wp\/v2\/types\/post"}],"author":[{"embeddable":true,"href":"https:\/\/www.deutsche-glasfaser.de\/blog\/wp-json\/wp\/v2\/users\/5"}],"replies":[{"embeddable":true,"href":"https:\/\/www.deutsche-glasfaser.de\/blog\/wp-json\/wp\/v2\/comments?post=13657"}],"version-history":[{"count":7,"href":"https:\/\/www.deutsche-glasfaser.de\/blog\/wp-json\/wp\/v2\/posts\/13657\/revisions"}],"predecessor-version":[{"id":13672,"href":"https:\/\/www.deutsche-glasfaser.de\/blog\/wp-json\/wp\/v2\/posts\/13657\/revisions\/13672"}],"wp:featuredmedia":[{"embeddable":true,"href":"https:\/\/www.deutsche-glasfaser.de\/blog\/wp-json\/wp\/v2\/media\/13664"}],"wp:attachment":[{"href":"https:\/\/www.deutsche-glasfaser.de\/blog\/wp-json\/wp\/v2\/media?parent=13657"}],"wp:term":[{"taxonomy":"category","embeddable":true,"href":"https:\/\/www.deutsche-glasfaser.de\/blog\/wp-json\/wp\/v2\/categories?post=13657"},{"taxonomy":"post_tag","embeddable":true,"href":"https:\/\/www.deutsche-glasfaser.de\/blog\/wp-json\/wp\/v2\/tags?post=13657"}],"curies":[{"name":"wp","href":"https:\/\/api.w.org\/{rel}","templated":true}]}}