{"id":13544,"date":"2023-11-24T08:47:08","date_gmt":"2023-11-24T07:47:08","guid":{"rendered":"https:\/\/www.deutsche-glasfaser.de\/blog\/?p=13544"},"modified":"2023-11-27T18:25:14","modified_gmt":"2023-11-27T17:25:14","slug":"futureforest-wie-ki-dabei-hilft-waelder-fuer-den-klimawandel-stark-zu-machen","status":"publish","type":"post","link":"https:\/\/www.deutsche-glasfaser.de\/blog\/futureforest-wie-ki-dabei-hilft-waelder-fuer-den-klimawandel-stark-zu-machen\/","title":{"rendered":"FutureForest: Wie KI dabei hilft, W\u00e4lder f\u00fcr den Klimawandel stark zu machen"},"content":{"rendered":"\t\t<div data-elementor-type=\"wp-post\" data-elementor-id=\"13544\" class=\"elementor elementor-13544\">\n\t\t\t\t\t\t<section class=\"elementor-section elementor-top-section elementor-element elementor-element-d97c2c1 elementor-section-boxed elementor-section-height-default elementor-section-height-default\" data-id=\"d97c2c1\" data-element_type=\"section\" data-e-type=\"section\">\n\t\t\t\t\t\t<div class=\"elementor-container elementor-column-gap-default\">\n\t\t\t\t\t<div class=\"elementor-column elementor-col-100 elementor-top-column elementor-element elementor-element-594c336\" data-id=\"594c336\" data-element_type=\"column\" data-e-type=\"column\">\n\t\t\t<div class=\"elementor-widget-wrap elementor-element-populated\">\n\t\t\t\t\t\t<div class=\"elementor-element elementor-element-6a6d048 elementor-widget elementor-widget-text-editor\" data-id=\"6a6d048\" data-element_type=\"widget\" data-e-type=\"widget\" data-widget_type=\"text-editor.default\">\n\t\t\t\t<div class=\"elementor-widget-container\">\n\t\t\t\t\t\t\t\t\t<p>Ziel von FutureForest ist ein Decision Support System, das nachvollziehbare Handlungsempfehlungen f\u00fcr einen klimaangepassten Waldumbau bereitstellt. \u00a9 wetransform<\/p>\t\t\t\t\t\t\t\t<\/div>\n\t\t\t\t<\/div>\n\t\t\t\t\t<\/div>\n\t\t<\/div>\n\t\t\t\t\t<\/div>\n\t\t<\/section>\n\t\t\t\t<section class=\"elementor-section elementor-top-section elementor-element elementor-element-22fea8e elementor-section-boxed elementor-section-height-default elementor-section-height-default\" data-id=\"22fea8e\" data-element_type=\"section\" data-e-type=\"section\">\n\t\t\t\t\t\t<div class=\"elementor-container elementor-column-gap-default\">\n\t\t\t\t\t<div class=\"elementor-column elementor-col-100 elementor-top-column elementor-element elementor-element-439554e\" data-id=\"439554e\" data-element_type=\"column\" data-e-type=\"column\">\n\t\t\t<div class=\"elementor-widget-wrap elementor-element-populated\">\n\t\t\t\t\t\t<div class=\"elementor-element elementor-element-ec729c7 elementor-widget elementor-widget-text-editor\" data-id=\"ec729c7\" data-element_type=\"widget\" data-e-type=\"widget\" data-widget_type=\"text-editor.default\">\n\t\t\t\t<div class=\"elementor-widget-container\">\n\t\t\t\t\t\t\t\t\t<p>Extreme Hitze, langanhaltende Trockenheit, Starkregen, Sch\u00e4dlingsbefall: All das sind Folgen des Klimawandels und belasten unsere W\u00e4lder. Hinzu kommen Schadstoffe aus der Luft und im Boden. Gefragt sind L\u00f6sungsans\u00e4tze f\u00fcr einen langfristigen, klimaangepassten Waldumbau. Im Projekt FutureForest entwickelt ein Konsortium eine KI-Anwendung, die datengest\u00fctzte Entscheidungen erm\u00f6glichen soll. Geleitet wird das Forschungsvorhaben von dem Darmst\u00e4dter Start-up wetransform. Dar\u00fcber hinaus beteiligt sind die Freie Universit\u00e4t Berlin, die Technische Universit\u00e4t M\u00fcnchen und das Unternehmen M.O.S.S. Computer Grafik Systeme. Warum eine datenbasierte KI-Anwendung sinnvoll ist und was genau dahintersteckt, berichtet Projektkoordinator Dr. Somakanthan Somalingam.<\/p>\t\t\t\t\t\t\t\t<\/div>\n\t\t\t\t<\/div>\n\t\t\t\t<div class=\"elementor-element elementor-element-5a20bfa elementor-widget elementor-widget-spacer\" data-id=\"5a20bfa\" data-element_type=\"widget\" data-e-type=\"widget\" data-widget_type=\"spacer.default\">\n\t\t\t\t<div class=\"elementor-widget-container\">\n\t\t\t\t\t\t\t<div class=\"elementor-spacer\">\n\t\t\t<div class=\"elementor-spacer-inner\"><\/div>\n\t\t<\/div>\n\t\t\t\t\t\t<\/div>\n\t\t\t\t<\/div>\n\t\t\t\t<div class=\"elementor-element elementor-element-c3a118e elementor-widget elementor-widget-image\" data-id=\"c3a118e\" data-element_type=\"widget\" data-e-type=\"widget\" data-widget_type=\"image.default\">\n\t\t\t\t<div class=\"elementor-widget-container\">\n\t\t\t\t\t\t\t\t\t\t\t\t<figure class=\"wp-caption\">\n\t\t\t\t\t\t\t\t\t\t<img fetchpriority=\"high\" decoding=\"async\" width=\"768\" height=\"595\" src=\"https:\/\/www.deutsche-glasfaser.de\/blog\/wp-content\/uploads\/2023\/11\/Beitragsbild_1_Profilbild_Somakanthan_Somalingam_FINAL-768x595.jpg\" class=\"attachment-medium_large size-medium_large wp-image-13549\" alt=\"Portr\u00e4t Somakanthan Somalingam\" srcset=\"https:\/\/www.deutsche-glasfaser.de\/blog\/wp-content\/uploads\/2023\/11\/Beitragsbild_1_Profilbild_Somakanthan_Somalingam_FINAL-768x595.jpg 768w, https:\/\/www.deutsche-glasfaser.de\/blog\/wp-content\/uploads\/2023\/11\/Beitragsbild_1_Profilbild_Somakanthan_Somalingam_FINAL-300x232.jpg 300w, https:\/\/www.deutsche-glasfaser.de\/blog\/wp-content\/uploads\/2023\/11\/Beitragsbild_1_Profilbild_Somakanthan_Somalingam_FINAL.jpg 788w\" sizes=\"(max-width: 768px) 100vw, 768px\" \/>\t\t\t\t\t\t\t\t\t\t\t<figcaption class=\"widget-image-caption wp-caption-text\">Dr. Somakanthan Somalingam von wetransform koordiniert das Projekt FutureForest. \u00a9 privat<\/figcaption>\n\t\t\t\t\t\t\t\t\t\t<\/figure>\n\t\t\t\t\t\t\t\t\t<\/div>\n\t\t\t\t<\/div>\n\t\t\t\t<div class=\"elementor-element elementor-element-dce9a2c elementor-widget elementor-widget-spacer\" data-id=\"dce9a2c\" data-element_type=\"widget\" data-e-type=\"widget\" data-widget_type=\"spacer.default\">\n\t\t\t\t<div class=\"elementor-widget-container\">\n\t\t\t\t\t\t\t<div class=\"elementor-spacer\">\n\t\t\t<div class=\"elementor-spacer-inner\"><\/div>\n\t\t<\/div>\n\t\t\t\t\t\t<\/div>\n\t\t\t\t<\/div>\n\t\t\t\t<div class=\"elementor-element elementor-element-49928f7 elementor-widget elementor-widget-text-editor\" data-id=\"49928f7\" data-element_type=\"widget\" data-e-type=\"widget\" data-widget_type=\"text-editor.default\">\n\t\t\t\t<div class=\"elementor-widget-container\">\n\t\t\t\t\t\t\t\t\t<p><strong>Herr Somalingam, damit unsere W\u00e4lder auch k\u00fcnftig noch ihre Nutz-, Schutz- und Erholungsfunktion erf\u00fcllen k\u00f6nnen, m\u00fcssen sie robuster werden. Wie k\u00f6nnen K\u00fcnstliche Intelligenz und andere moderne Technologie dabei helfen?<\/strong><\/p><p>Es ist einfach so, dass der Klimawandel gro\u00dfe Auswirkungen hat und die Ver\u00e4nderungen sich derart schnell vollziehen, dass Erfahrungswissen nicht mehr ausreicht. Selbst F\u00f6rster, die sich seit vielen Jahren um W\u00e4lder k\u00fcmmern, kommen an ihre Grenzen, bei der Frage, welche Baumarten auch in 20 Jahren noch die richtigen f\u00fcr einen bestimmten Ort sind. Dar\u00fcber hinaus geht es f\u00fcr die Forstwirtschaft darum, zu entscheiden, wo der Waldumbau besonders dringlich ist und wie der Umbau so durchgef\u00fchrt werden kann, dass der Wald eine hohe Biodiversit\u00e4t aufweist, einen wirtschaftlichen Ertrag sicherstellt und seine Klimafunktion erf\u00fcllt. Bei all diesen Fragen stellen datengest\u00fctzte L\u00f6sungsans\u00e4tze eine wichtige Entscheidungshilfe dar.<\/p><p>\u00a0<\/p><p><strong>Wie sieht der L\u00f6sungsansatz aus, den Sie in dem Projekt erarbeiten?<\/strong><\/p><p>Wir simulieren mit verschiedenen Methoden der k\u00fcnstlichen Intelligenz ortsbezogene Auswirkungen verschiedener Klimaprognosen und Waldumbauszenarien. Ziel ist es, anhand dessen nachvollziehbare Handlungsempfehlungen f\u00fcr einen klimaangepassten Waldumbau in einem sogenannten Decision Support System, kurz DSS, bereitzustellen.<\/p><p>\u00a0<\/p><p><strong>K\u00f6nnen Sie das Decision Support System bitte noch etwas genauer beschreiben?<\/strong><\/p><p>Basis f\u00fcr die Handlungsempfehlungen werden Daten zur aktuellen Baumartenverteilung und zum Baumzustand sein. Diese leiten wir mithilfe von Deep-Learning-Verfahren aus Fernerkundungsdaten wie Luftbildern und Satellitenbildern ab. Des Weiteren sollen aktuelle und lokal erfasste Daten zu den Standorteigenschaften und zum Vegetationszustand in das System einflie\u00dfen. Ein Deep-Learning-basiertes Modell wird all diese Daten nutzen, um die Effekte von unterschiedlichen Klimaprognosen und Waldumbauszenarien zu simulieren.<\/p>\t\t\t\t\t\t\t\t<\/div>\n\t\t\t\t<\/div>\n\t\t\t\t<div class=\"elementor-element elementor-element-01be83e elementor-widget elementor-widget-spacer\" data-id=\"01be83e\" data-element_type=\"widget\" data-e-type=\"widget\" data-widget_type=\"spacer.default\">\n\t\t\t\t<div class=\"elementor-widget-container\">\n\t\t\t\t\t\t\t<div class=\"elementor-spacer\">\n\t\t\t<div class=\"elementor-spacer-inner\"><\/div>\n\t\t<\/div>\n\t\t\t\t\t\t<\/div>\n\t\t\t\t<\/div>\n\t\t\t\t<div class=\"elementor-element elementor-element-3e6baa9 elementor-widget elementor-widget-image\" data-id=\"3e6baa9\" data-element_type=\"widget\" data-e-type=\"widget\" data-widget_type=\"image.default\">\n\t\t\t\t<div class=\"elementor-widget-container\">\n\t\t\t\t\t\t\t\t\t\t\t\t<figure class=\"wp-caption\">\n\t\t\t\t\t\t\t\t\t\t<img decoding=\"async\" width=\"768\" height=\"595\" src=\"https:\/\/www.deutsche-glasfaser.de\/blog\/wp-content\/uploads\/2023\/11\/Beitragsbild_2_LoRa_Gateway_im_Baum_FINAL-768x595.jpg\" class=\"attachment-medium_large size-medium_large wp-image-13546\" alt=\"LoRaWAN-Gateway an einem Baumstamm im Wald\" srcset=\"https:\/\/www.deutsche-glasfaser.de\/blog\/wp-content\/uploads\/2023\/11\/Beitragsbild_2_LoRa_Gateway_im_Baum_FINAL-768x595.jpg 768w, https:\/\/www.deutsche-glasfaser.de\/blog\/wp-content\/uploads\/2023\/11\/Beitragsbild_2_LoRa_Gateway_im_Baum_FINAL-300x232.jpg 300w, https:\/\/www.deutsche-glasfaser.de\/blog\/wp-content\/uploads\/2023\/11\/Beitragsbild_2_LoRa_Gateway_im_Baum_FINAL.jpg 788w\" sizes=\"(max-width: 768px) 100vw, 768px\" \/>\t\t\t\t\t\t\t\t\t\t\t<figcaption class=\"widget-image-caption wp-caption-text\">Ein LoRaWAN-Gateway empf\u00e4ngt die Daten von Sensoren aus der Umgebung. \u00a9 Tim Haubold<\/figcaption>\n\t\t\t\t\t\t\t\t\t\t<\/figure>\n\t\t\t\t\t\t\t\t\t<\/div>\n\t\t\t\t<\/div>\n\t\t\t\t<div class=\"elementor-element elementor-element-2b40067 elementor-widget elementor-widget-spacer\" data-id=\"2b40067\" data-element_type=\"widget\" data-e-type=\"widget\" data-widget_type=\"spacer.default\">\n\t\t\t\t<div class=\"elementor-widget-container\">\n\t\t\t\t\t\t\t<div class=\"elementor-spacer\">\n\t\t\t<div class=\"elementor-spacer-inner\"><\/div>\n\t\t<\/div>\n\t\t\t\t\t\t<\/div>\n\t\t\t\t<\/div>\n\t\t\t\t<div class=\"elementor-element elementor-element-012cd5f elementor-widget elementor-widget-text-editor\" data-id=\"012cd5f\" data-element_type=\"widget\" data-e-type=\"widget\" data-widget_type=\"text-editor.default\">\n\t\t\t\t<div class=\"elementor-widget-container\">\n\t\t\t\t\t\t\t\t\t<p><strong>Vor welchen Herausforderungen stehen Sie?<\/strong><\/p><p>Aktuell haben wir eine L\u00fccke bei den Standortdaten. Diese stehen nicht einfach so zur Verf\u00fcgung. Damit wir die Bereitschaft erh\u00f6hen, dass zum Beispiel Forstbetriebe ihre Daten teilen, entwickeln wir im Rahmen des Projekts einen sogenannten forstlichen Datenraum. Im Unterschied zu Cloud-L\u00f6sungen beruht ein Datenraum nach EU-Definition auf einer dezentralen Struktur. Das hei\u00dft, die Daten liegen beim Datengeber, der auch dar\u00fcber bestimmt, wer die Daten wie nutzen darf. Unser Ziel ist es, einen sicheren Datenraum f\u00fcr Sensordaten, Fernerkundungsdaten, Klimadaten sowie Daten aus der Standortskartierung zu schaffen, in dem m\u00f6glichst viele Akteure der Forstwirtschaft ihre Daten mit anderen teilen.<\/p><p>Eine weitere Herausforderung sind fehlende Standards in der Forstwirtschaft. Jedes Bundesland verwendet sein eigenes Vokabular, seine eigene Software, die nicht kompatibel mit der der anderen ist. Wir arbeiten an L\u00f6sungen, die den Datenaustausch leichter machen \u2013 auch \u00fcber nationale Grenzen hinweg.<\/p><p>\u00a0<\/p><p><strong>Das Projekt l\u00e4uft seit Mai 2022. Wie weit sind Sie mit der Entwicklung des Decision Support Systems?<\/strong><\/p><p>Wir haben ein Testgebiet im Raum Landshut. F\u00fcr dieses Gebiet haben wir in den letzten Monaten eine Standortkartierung mit allen klimarelevanten Daten erstellt. F\u00fcr das Testgebiete liegen auch die Simulationsergebnisse vor. Derzeit finalisieren wir die Benutzeroberfl\u00e4che f\u00fcr das DSS. Noch in diesem Jahr m\u00f6chten wir den ersten Prototypen fertigstellen, in den forstlichen Datenraum integrieren und einer Arbeitsgruppe pr\u00e4sentieren. Im n\u00e4chsten Schritt werden wir diesen Prototypen Forstbetrieben vorstellen und mir ihren Erfahrungen weiterentwickeln. Generell arbeiten wir eng mit F\u00f6rstern und anderen Experten zusammen, damit die Handlungsempfehlungen, die das Decision Support System bereitstellt, so valide wie m\u00f6glich sind.<\/p>\t\t\t\t\t\t\t\t<\/div>\n\t\t\t\t<\/div>\n\t\t\t\t<div class=\"elementor-element elementor-element-d0f0637 elementor-widget elementor-widget-spacer\" data-id=\"d0f0637\" data-element_type=\"widget\" data-e-type=\"widget\" data-widget_type=\"spacer.default\">\n\t\t\t\t<div class=\"elementor-widget-container\">\n\t\t\t\t\t\t\t<div class=\"elementor-spacer\">\n\t\t\t<div class=\"elementor-spacer-inner\"><\/div>\n\t\t<\/div>\n\t\t\t\t\t\t<\/div>\n\t\t\t\t<\/div>\n\t\t\t\t<div class=\"elementor-element elementor-element-01365b4 elementor-widget elementor-widget-image\" data-id=\"01365b4\" data-element_type=\"widget\" data-e-type=\"widget\" data-widget_type=\"image.default\">\n\t\t\t\t<div class=\"elementor-widget-container\">\n\t\t\t\t\t\t\t\t\t\t\t\t<figure class=\"wp-caption\">\n\t\t\t\t\t\t\t\t\t\t<img decoding=\"async\" width=\"768\" height=\"595\" src=\"https:\/\/www.deutsche-glasfaser.de\/blog\/wp-content\/uploads\/2023\/11\/Beitragsbild_3_Future_Forest_Dashboard_FINAL-768x595.jpg\" class=\"attachment-medium_large size-medium_large wp-image-13547\" alt=\"Satellitenbild eines Waldabschnitts mit Hinweisen zur Datenerfassung unter anderem \u00fcber Kameras und LoRaWAN-Stationen\" srcset=\"https:\/\/www.deutsche-glasfaser.de\/blog\/wp-content\/uploads\/2023\/11\/Beitragsbild_3_Future_Forest_Dashboard_FINAL-768x595.jpg 768w, https:\/\/www.deutsche-glasfaser.de\/blog\/wp-content\/uploads\/2023\/11\/Beitragsbild_3_Future_Forest_Dashboard_FINAL-300x232.jpg 300w, https:\/\/www.deutsche-glasfaser.de\/blog\/wp-content\/uploads\/2023\/11\/Beitragsbild_3_Future_Forest_Dashboard_FINAL.jpg 788w\" sizes=\"(max-width: 768px) 100vw, 768px\" \/>\t\t\t\t\t\t\t\t\t\t\t<figcaption class=\"widget-image-caption wp-caption-text\">Visualisierung von Live-Daten von 206 Sensoren auf dem FutureForest-Testgel\u00e4nde in Landshut. \u00a9 Dr. Marco Bobinger<\/figcaption>\n\t\t\t\t\t\t\t\t\t\t<\/figure>\n\t\t\t\t\t\t\t\t\t<\/div>\n\t\t\t\t<\/div>\n\t\t\t\t<div class=\"elementor-element elementor-element-6fdc349 elementor-widget elementor-widget-spacer\" data-id=\"6fdc349\" data-element_type=\"widget\" data-e-type=\"widget\" data-widget_type=\"spacer.default\">\n\t\t\t\t<div class=\"elementor-widget-container\">\n\t\t\t\t\t\t\t<div class=\"elementor-spacer\">\n\t\t\t<div class=\"elementor-spacer-inner\"><\/div>\n\t\t<\/div>\n\t\t\t\t\t\t<\/div>\n\t\t\t\t<\/div>\n\t\t\t\t\t<\/div>\n\t\t<\/div>\n\t\t\t\t\t<\/div>\n\t\t<\/section>\n\t\t\t\t<section class=\"elementor-section elementor-top-section elementor-element elementor-element-bcf9810 elementor-section-boxed elementor-section-height-default elementor-section-height-default\" data-id=\"bcf9810\" data-element_type=\"section\" data-e-type=\"section\">\n\t\t\t\t\t\t<div class=\"elementor-container elementor-column-gap-default\">\n\t\t\t\t\t<div class=\"elementor-column elementor-col-100 elementor-top-column elementor-element elementor-element-eb4ed1c\" data-id=\"eb4ed1c\" data-element_type=\"column\" data-e-type=\"column\">\n\t\t\t<div class=\"elementor-widget-wrap elementor-element-populated\">\n\t\t\t\t\t\t<div class=\"elementor-element elementor-element-1db1cfb eael-infobox-icon-bg-shape-none eael-infobox-icon-hover-bg-shape-none elementor-widget elementor-widget-eael-info-box\" data-id=\"1db1cfb\" data-element_type=\"widget\" data-e-type=\"widget\" data-widget_type=\"eael-info-box.default\">\n\t\t\t\t<div class=\"elementor-widget-container\">\n\t\t\t\t\t        <div class=\"eael-infobox icon-on-left\">\n\t            <div class=\"infobox-icon eael-icon-only\">\n\n            \n                            <div class=\"infobox-icon-wrap\">\n                    <i aria-hidden=\"true\" class=\"fas fa-info-circle\"><\/i>                <\/div>\n            \n            \n        <\/div>\n            <div class=\"infobox-content eael-icon-only\">\n                    <div class=\"infobox-title-section\">\n                <h2 class=\"title\">\u00dcber das Projekt und die Beteiligten<\/h2>            <\/div>\n            <div><p>Das Projekt <a href=\"https:\/\/future-forest.eu\/\">FutureForest<\/a> wird vom Bundesministerium f\u00fcr Umwelt, Naturschutz, nukleare Sicherheit und Verbraucherschutz (BMUV) unter dem F\u00f6rderprogramm <a href=\"https:\/\/www.z-u-g.org\/foerderung\/ki-leuchttuerme-fuer-umwelt-klima-natur-und-ressourcen\/\">\u201eKI-Leuchtt\u00fcrme f\u00fcr Umwelt, Klima, Natur und Ressourcen\u201c<\/a> mit rund 2,5 Millionen Euro gef\u00f6rdert. Das Projektteam vereint die Expertise aus Wissenschaft und Forschung mit privatwirtschaftlichen Interessen und besteht aus vier Partnern:<\/p><ul><li>Die <a href=\"https:\/\/www.geo.fu-berlin.de\/geog\/index.html\">FU Berlin<\/a> besitzt langj\u00e4hrige Erfahrung in Bezug auf Fernerkundungsverfahren zur Beantwortung vegetationskundlicher Fragestellungen, insbesondere Baumartenklassifikation und Erkennung von Baummortalit\u00e4ten.<\/li><li>Der <a href=\"https:\/\/www.lss.ls.tum.de\/edfm\/startseite\/\">Lehrstuhl f\u00fcr \u00d6kosystemdynamik und Waldmanagement an der Technischen Universit\u00e4t M\u00fcnchen<\/a> z\u00e4hlt zu den Pionieren in der Nutzung von KI-Methoden in den Umweltwissenschaften.<\/li><li><a href=\"https:\/\/www.moss.de\/\">M.O.S.S. Computer Grafik Systeme GmbH<\/a> bietet intelligente und innovative Geo- und IT-L\u00f6sungen, die helfen, Geoinformationen nachhaltig und gewinnbringend zu nutzen.<\/li><li>Koordiniert wird das Projekt durch das Darmst\u00e4dter Start-Up <a href=\"https:\/\/wetransform.to\/de\/\">wetransform GmbH<\/a>, dessen Ziel es ist Datenplattformen f\u00fcr Umwelt- und Geodaten bereitzustellen, die offene Standards konsequent umsetzen, um die Zug\u00e4nglichkeit, die Nutzbarkeit und N\u00fctzlichkeit dieser Daten zu verbessern.<\/li><\/ul><p>\u00a0<\/p><p><span class=\"ui-provider ee cay caz cba cbb cbc cbd cbe cbf cbg cbh cbi cbj cbk cbl cbm cbn cbo cbp cbq cbr cbs cbt cbu cbv cbw cbx cby cbz cca ccb ccc ccd cce ccf\">In unserem Blog besch\u00e4ftigen sich auch andere Beitr\u00e4ge mit dem Lebensraum Wald. In Brandenburg kommt zum Beispiel ein \u00dcberwachungssystem zum Einsatz, das mithilfe von Sensoren und K\u00fcnstlicher Intelligenz Waldbr\u00e4nde fr\u00fchzeitig erkennen kann. Den Beitrag<\/span>\u00a0dazu lesen Sie <a href=\"https:\/\/www.deutsche-glasfaser.de\/blog\/sensoren-erkennen-fruehzeitig-waldbraende-in-brandenburg\/\">hier<\/a>.<\/p><\/div>        <\/div>\n            <\/div>\n\n\t\t\t\t\t\t<\/div>\n\t\t\t\t<\/div>\n\t\t\t\t\t<\/div>\n\t\t<\/div>\n\t\t\t\t\t<\/div>\n\t\t<\/section>\n\t\t\t\t<\/div>\n\t\t","protected":false},"excerpt":{"rendered":"<p>In einem Forschungsprojekt entwickeln zwei Hochschulen und zwei Unternehmen KI-Verfahren, die Daten \u00fcber den Zustand von W\u00e4ldern erfassen und auswerten sowie Entscheidungsprozesse beim klimaangepassten Waldumbau unterst\u00fctzen.<\/p>\n","protected":false},"author":5,"featured_media":13548,"comment_status":"open","ping_status":"open","sticky":false,"template":"","format":"standard","meta":{"footnotes":""},"categories":[71],"tags":[],"class_list":["post-13544","post","type-post","status-publish","format-standard","has-post-thumbnail","hentry","category-gemeinschaft"],"yoast_head":"<!-- This site is optimized with the Yoast SEO plugin v27.5 - https:\/\/yoast.com\/product\/yoast-seo-wordpress\/ -->\n<title>FutureForest: Wie KI dabei hilft, W\u00e4lder f\u00fcr den Klimawandel stark zu machen FutureForest - Digitales B\u00fcrgernetz<\/title>\n<meta name=\"description\" content=\"KI-Einsatz bei Waldzustandsanalyse, der Bewertung zuk\u00fcnftiger Waldentwicklung sowie Entscheidungsvorbereitung zum klimaangepassten Waldumbau.\" \/>\n<meta name=\"robots\" content=\"index, follow, max-snippet:-1, max-image-preview:large, max-video-preview:-1\" \/>\n<link rel=\"canonical\" href=\"https:\/\/www.deutsche-glasfaser.de\/blog\/futureforest-wie-ki-dabei-hilft-waelder-fuer-den-klimawandel-stark-zu-machen\/\" \/>\n<meta property=\"og:locale\" content=\"de_DE\" \/>\n<meta property=\"og:type\" content=\"article\" \/>\n<meta property=\"og:title\" content=\"FutureForest: Wie KI dabei hilft, W\u00e4lder f\u00fcr den Klimawandel stark zu machen FutureForest - Digitales B\u00fcrgernetz\" \/>\n<meta property=\"og:description\" content=\"KI-Einsatz bei Waldzustandsanalyse, der Bewertung zuk\u00fcnftiger Waldentwicklung sowie Entscheidungsvorbereitung zum klimaangepassten Waldumbau.\" \/>\n<meta property=\"og:url\" content=\"https:\/\/www.deutsche-glasfaser.de\/blog\/futureforest-wie-ki-dabei-hilft-waelder-fuer-den-klimawandel-stark-zu-machen\/\" \/>\n<meta property=\"og:site_name\" content=\"Digitales B\u00fcrgernetz\" \/>\n<meta property=\"article:published_time\" content=\"2023-11-24T07:47:08+00:00\" \/>\n<meta property=\"article:modified_time\" content=\"2023-11-27T17:25:14+00:00\" \/>\n<meta property=\"og:image\" content=\"https:\/\/www.deutsche-glasfaser.de\/blog\/wp-content\/uploads\/2023\/11\/Titelbild_tr_forest_dss_FINAL.jpg\" \/>\n\t<meta property=\"og:image:width\" content=\"1500\" \/>\n\t<meta property=\"og:image:height\" content=\"705\" \/>\n\t<meta property=\"og:image:type\" content=\"image\/jpeg\" \/>\n<meta name=\"author\" content=\"Deutsche Glasfaser\" \/>\n<meta name=\"twitter:card\" content=\"summary_large_image\" \/>\n<meta name=\"twitter:label1\" content=\"Verfasst von\" \/>\n\t<meta name=\"twitter:data1\" content=\"Deutsche Glasfaser\" \/>\n\t<meta name=\"twitter:label2\" content=\"Gesch\u00e4tzte Lesezeit\" \/>\n\t<meta name=\"twitter:data2\" content=\"6\u00a0Minuten\" \/>\n<script type=\"application\/ld+json\" class=\"yoast-schema-graph\">{\"@context\":\"https:\\\/\\\/schema.org\",\"@graph\":[{\"@type\":\"Article\",\"@id\":\"https:\\\/\\\/www.deutsche-glasfaser.de\\\/blog\\\/futureforest-wie-ki-dabei-hilft-waelder-fuer-den-klimawandel-stark-zu-machen\\\/#article\",\"isPartOf\":{\"@id\":\"https:\\\/\\\/www.deutsche-glasfaser.de\\\/blog\\\/futureforest-wie-ki-dabei-hilft-waelder-fuer-den-klimawandel-stark-zu-machen\\\/\"},\"author\":{\"name\":\"Deutsche Glasfaser\",\"@id\":\"https:\\\/\\\/www.deutsche-glasfaser.de\\\/blog\\\/#\\\/schema\\\/person\\\/9380a6dc7443d77143d0c66c409f574b\"},\"headline\":\"FutureForest: Wie KI dabei hilft, W\u00e4lder f\u00fcr den Klimawandel stark zu machen\",\"datePublished\":\"2023-11-24T07:47:08+00:00\",\"dateModified\":\"2023-11-27T17:25:14+00:00\",\"mainEntityOfPage\":{\"@id\":\"https:\\\/\\\/www.deutsche-glasfaser.de\\\/blog\\\/futureforest-wie-ki-dabei-hilft-waelder-fuer-den-klimawandel-stark-zu-machen\\\/\"},\"wordCount\":935,\"commentCount\":0,\"publisher\":{\"@id\":\"https:\\\/\\\/www.deutsche-glasfaser.de\\\/blog\\\/#organization\"},\"image\":{\"@id\":\"https:\\\/\\\/www.deutsche-glasfaser.de\\\/blog\\\/futureforest-wie-ki-dabei-hilft-waelder-fuer-den-klimawandel-stark-zu-machen\\\/#primaryimage\"},\"thumbnailUrl\":\"https:\\\/\\\/www.deutsche-glasfaser.de\\\/blog\\\/wp-content\\\/uploads\\\/2023\\\/11\\\/Titelbild_tr_forest_dss_FINAL.jpg\",\"articleSection\":[\"#Gemeinschaft\"],\"inLanguage\":\"de\",\"potentialAction\":[{\"@type\":\"CommentAction\",\"name\":\"Comment\",\"target\":[\"https:\\\/\\\/www.deutsche-glasfaser.de\\\/blog\\\/futureforest-wie-ki-dabei-hilft-waelder-fuer-den-klimawandel-stark-zu-machen\\\/#respond\"]}]},{\"@type\":\"WebPage\",\"@id\":\"https:\\\/\\\/www.deutsche-glasfaser.de\\\/blog\\\/futureforest-wie-ki-dabei-hilft-waelder-fuer-den-klimawandel-stark-zu-machen\\\/\",\"url\":\"https:\\\/\\\/www.deutsche-glasfaser.de\\\/blog\\\/futureforest-wie-ki-dabei-hilft-waelder-fuer-den-klimawandel-stark-zu-machen\\\/\",\"name\":\"FutureForest: Wie KI dabei hilft, W\u00e4lder f\u00fcr den Klimawandel stark zu machen FutureForest - Digitales B\u00fcrgernetz\",\"isPartOf\":{\"@id\":\"https:\\\/\\\/www.deutsche-glasfaser.de\\\/blog\\\/#website\"},\"primaryImageOfPage\":{\"@id\":\"https:\\\/\\\/www.deutsche-glasfaser.de\\\/blog\\\/futureforest-wie-ki-dabei-hilft-waelder-fuer-den-klimawandel-stark-zu-machen\\\/#primaryimage\"},\"image\":{\"@id\":\"https:\\\/\\\/www.deutsche-glasfaser.de\\\/blog\\\/futureforest-wie-ki-dabei-hilft-waelder-fuer-den-klimawandel-stark-zu-machen\\\/#primaryimage\"},\"thumbnailUrl\":\"https:\\\/\\\/www.deutsche-glasfaser.de\\\/blog\\\/wp-content\\\/uploads\\\/2023\\\/11\\\/Titelbild_tr_forest_dss_FINAL.jpg\",\"datePublished\":\"2023-11-24T07:47:08+00:00\",\"dateModified\":\"2023-11-27T17:25:14+00:00\",\"description\":\"KI-Einsatz bei Waldzustandsanalyse, der Bewertung zuk\u00fcnftiger Waldentwicklung sowie Entscheidungsvorbereitung zum klimaangepassten Waldumbau.\",\"inLanguage\":\"de\",\"potentialAction\":[{\"@type\":\"ReadAction\",\"target\":[\"https:\\\/\\\/www.deutsche-glasfaser.de\\\/blog\\\/futureforest-wie-ki-dabei-hilft-waelder-fuer-den-klimawandel-stark-zu-machen\\\/\"]}]},{\"@type\":\"ImageObject\",\"inLanguage\":\"de\",\"@id\":\"https:\\\/\\\/www.deutsche-glasfaser.de\\\/blog\\\/futureforest-wie-ki-dabei-hilft-waelder-fuer-den-klimawandel-stark-zu-machen\\\/#primaryimage\",\"url\":\"https:\\\/\\\/www.deutsche-glasfaser.de\\\/blog\\\/wp-content\\\/uploads\\\/2023\\\/11\\\/Titelbild_tr_forest_dss_FINAL.jpg\",\"contentUrl\":\"https:\\\/\\\/www.deutsche-glasfaser.de\\\/blog\\\/wp-content\\\/uploads\\\/2023\\\/11\\\/Titelbild_tr_forest_dss_FINAL.jpg\",\"width\":1500,\"height\":705,\"caption\":\"Ziel von FutureForest ist ein Decision Support System, das nachvollziehbare Handlungsempfehlungen f\u00fcr einen klimaangepassten Waldumbau bereitstellt. \u00a9 wetransform\"},{\"@type\":\"WebSite\",\"@id\":\"https:\\\/\\\/www.deutsche-glasfaser.de\\\/blog\\\/#website\",\"url\":\"https:\\\/\\\/www.deutsche-glasfaser.de\\\/blog\\\/\",\"name\":\"Digitales B\u00fcrgernetz\",\"description\":\"Deutsche Glasfaser Blog\",\"publisher\":{\"@id\":\"https:\\\/\\\/www.deutsche-glasfaser.de\\\/blog\\\/#organization\"},\"potentialAction\":[{\"@type\":\"SearchAction\",\"target\":{\"@type\":\"EntryPoint\",\"urlTemplate\":\"https:\\\/\\\/www.deutsche-glasfaser.de\\\/blog\\\/?s={search_term_string}\"},\"query-input\":{\"@type\":\"PropertyValueSpecification\",\"valueRequired\":true,\"valueName\":\"search_term_string\"}}],\"inLanguage\":\"de\"},{\"@type\":\"Organization\",\"@id\":\"https:\\\/\\\/www.deutsche-glasfaser.de\\\/blog\\\/#organization\",\"name\":\"Digitales B\u00fcrgernetz\",\"url\":\"https:\\\/\\\/www.deutsche-glasfaser.de\\\/blog\\\/\",\"logo\":{\"@type\":\"ImageObject\",\"inLanguage\":\"de\",\"@id\":\"https:\\\/\\\/www.deutsche-glasfaser.de\\\/blog\\\/#\\\/schema\\\/logo\\\/image\\\/\",\"url\":\"https:\\\/\\\/www.deutsche-glasfaser.de\\\/blog\\\/wp-content\\\/uploads\\\/2021\\\/08\\\/DGF_Logo_Basis_RGB-Large@2x.png\",\"contentUrl\":\"https:\\\/\\\/www.deutsche-glasfaser.de\\\/blog\\\/wp-content\\\/uploads\\\/2021\\\/08\\\/DGF_Logo_Basis_RGB-Large@2x.png\",\"width\":312,\"height\":104,\"caption\":\"Digitales B\u00fcrgernetz\"},\"image\":{\"@id\":\"https:\\\/\\\/www.deutsche-glasfaser.de\\\/blog\\\/#\\\/schema\\\/logo\\\/image\\\/\"}},{\"@type\":\"Person\",\"@id\":\"https:\\\/\\\/www.deutsche-glasfaser.de\\\/blog\\\/#\\\/schema\\\/person\\\/9380a6dc7443d77143d0c66c409f574b\",\"name\":\"Deutsche Glasfaser\"}]}<\/script>\n<!-- \/ Yoast SEO plugin. -->","yoast_head_json":{"title":"FutureForest: Wie KI dabei hilft, W\u00e4lder f\u00fcr den Klimawandel stark zu machen FutureForest - Digitales B\u00fcrgernetz","description":"KI-Einsatz bei Waldzustandsanalyse, der Bewertung zuk\u00fcnftiger Waldentwicklung sowie Entscheidungsvorbereitung zum klimaangepassten Waldumbau.","robots":{"index":"index","follow":"follow","max-snippet":"max-snippet:-1","max-image-preview":"max-image-preview:large","max-video-preview":"max-video-preview:-1"},"canonical":"https:\/\/www.deutsche-glasfaser.de\/blog\/futureforest-wie-ki-dabei-hilft-waelder-fuer-den-klimawandel-stark-zu-machen\/","og_locale":"de_DE","og_type":"article","og_title":"FutureForest: Wie KI dabei hilft, W\u00e4lder f\u00fcr den Klimawandel stark zu machen FutureForest - Digitales B\u00fcrgernetz","og_description":"KI-Einsatz bei Waldzustandsanalyse, der Bewertung zuk\u00fcnftiger Waldentwicklung sowie Entscheidungsvorbereitung zum klimaangepassten Waldumbau.","og_url":"https:\/\/www.deutsche-glasfaser.de\/blog\/futureforest-wie-ki-dabei-hilft-waelder-fuer-den-klimawandel-stark-zu-machen\/","og_site_name":"Digitales B\u00fcrgernetz","article_published_time":"2023-11-24T07:47:08+00:00","article_modified_time":"2023-11-27T17:25:14+00:00","og_image":[{"width":1500,"height":705,"url":"https:\/\/www.deutsche-glasfaser.de\/blog\/wp-content\/uploads\/2023\/11\/Titelbild_tr_forest_dss_FINAL.jpg","type":"image\/jpeg"}],"author":"Deutsche Glasfaser","twitter_card":"summary_large_image","twitter_misc":{"Verfasst von":"Deutsche Glasfaser","Gesch\u00e4tzte Lesezeit":"6\u00a0Minuten"},"schema":{"@context":"https:\/\/schema.org","@graph":[{"@type":"Article","@id":"https:\/\/www.deutsche-glasfaser.de\/blog\/futureforest-wie-ki-dabei-hilft-waelder-fuer-den-klimawandel-stark-zu-machen\/#article","isPartOf":{"@id":"https:\/\/www.deutsche-glasfaser.de\/blog\/futureforest-wie-ki-dabei-hilft-waelder-fuer-den-klimawandel-stark-zu-machen\/"},"author":{"name":"Deutsche Glasfaser","@id":"https:\/\/www.deutsche-glasfaser.de\/blog\/#\/schema\/person\/9380a6dc7443d77143d0c66c409f574b"},"headline":"FutureForest: Wie KI dabei hilft, W\u00e4lder f\u00fcr den Klimawandel stark zu machen","datePublished":"2023-11-24T07:47:08+00:00","dateModified":"2023-11-27T17:25:14+00:00","mainEntityOfPage":{"@id":"https:\/\/www.deutsche-glasfaser.de\/blog\/futureforest-wie-ki-dabei-hilft-waelder-fuer-den-klimawandel-stark-zu-machen\/"},"wordCount":935,"commentCount":0,"publisher":{"@id":"https:\/\/www.deutsche-glasfaser.de\/blog\/#organization"},"image":{"@id":"https:\/\/www.deutsche-glasfaser.de\/blog\/futureforest-wie-ki-dabei-hilft-waelder-fuer-den-klimawandel-stark-zu-machen\/#primaryimage"},"thumbnailUrl":"https:\/\/www.deutsche-glasfaser.de\/blog\/wp-content\/uploads\/2023\/11\/Titelbild_tr_forest_dss_FINAL.jpg","articleSection":["#Gemeinschaft"],"inLanguage":"de","potentialAction":[{"@type":"CommentAction","name":"Comment","target":["https:\/\/www.deutsche-glasfaser.de\/blog\/futureforest-wie-ki-dabei-hilft-waelder-fuer-den-klimawandel-stark-zu-machen\/#respond"]}]},{"@type":"WebPage","@id":"https:\/\/www.deutsche-glasfaser.de\/blog\/futureforest-wie-ki-dabei-hilft-waelder-fuer-den-klimawandel-stark-zu-machen\/","url":"https:\/\/www.deutsche-glasfaser.de\/blog\/futureforest-wie-ki-dabei-hilft-waelder-fuer-den-klimawandel-stark-zu-machen\/","name":"FutureForest: Wie KI dabei hilft, W\u00e4lder f\u00fcr den Klimawandel stark zu machen FutureForest - Digitales B\u00fcrgernetz","isPartOf":{"@id":"https:\/\/www.deutsche-glasfaser.de\/blog\/#website"},"primaryImageOfPage":{"@id":"https:\/\/www.deutsche-glasfaser.de\/blog\/futureforest-wie-ki-dabei-hilft-waelder-fuer-den-klimawandel-stark-zu-machen\/#primaryimage"},"image":{"@id":"https:\/\/www.deutsche-glasfaser.de\/blog\/futureforest-wie-ki-dabei-hilft-waelder-fuer-den-klimawandel-stark-zu-machen\/#primaryimage"},"thumbnailUrl":"https:\/\/www.deutsche-glasfaser.de\/blog\/wp-content\/uploads\/2023\/11\/Titelbild_tr_forest_dss_FINAL.jpg","datePublished":"2023-11-24T07:47:08+00:00","dateModified":"2023-11-27T17:25:14+00:00","description":"KI-Einsatz bei Waldzustandsanalyse, der Bewertung zuk\u00fcnftiger Waldentwicklung sowie Entscheidungsvorbereitung zum klimaangepassten Waldumbau.","inLanguage":"de","potentialAction":[{"@type":"ReadAction","target":["https:\/\/www.deutsche-glasfaser.de\/blog\/futureforest-wie-ki-dabei-hilft-waelder-fuer-den-klimawandel-stark-zu-machen\/"]}]},{"@type":"ImageObject","inLanguage":"de","@id":"https:\/\/www.deutsche-glasfaser.de\/blog\/futureforest-wie-ki-dabei-hilft-waelder-fuer-den-klimawandel-stark-zu-machen\/#primaryimage","url":"https:\/\/www.deutsche-glasfaser.de\/blog\/wp-content\/uploads\/2023\/11\/Titelbild_tr_forest_dss_FINAL.jpg","contentUrl":"https:\/\/www.deutsche-glasfaser.de\/blog\/wp-content\/uploads\/2023\/11\/Titelbild_tr_forest_dss_FINAL.jpg","width":1500,"height":705,"caption":"Ziel von FutureForest ist ein Decision Support System, das nachvollziehbare Handlungsempfehlungen f\u00fcr einen klimaangepassten Waldumbau bereitstellt. \u00a9 wetransform"},{"@type":"WebSite","@id":"https:\/\/www.deutsche-glasfaser.de\/blog\/#website","url":"https:\/\/www.deutsche-glasfaser.de\/blog\/","name":"Digitales B\u00fcrgernetz","description":"Deutsche Glasfaser Blog","publisher":{"@id":"https:\/\/www.deutsche-glasfaser.de\/blog\/#organization"},"potentialAction":[{"@type":"SearchAction","target":{"@type":"EntryPoint","urlTemplate":"https:\/\/www.deutsche-glasfaser.de\/blog\/?s={search_term_string}"},"query-input":{"@type":"PropertyValueSpecification","valueRequired":true,"valueName":"search_term_string"}}],"inLanguage":"de"},{"@type":"Organization","@id":"https:\/\/www.deutsche-glasfaser.de\/blog\/#organization","name":"Digitales B\u00fcrgernetz","url":"https:\/\/www.deutsche-glasfaser.de\/blog\/","logo":{"@type":"ImageObject","inLanguage":"de","@id":"https:\/\/www.deutsche-glasfaser.de\/blog\/#\/schema\/logo\/image\/","url":"https:\/\/www.deutsche-glasfaser.de\/blog\/wp-content\/uploads\/2021\/08\/DGF_Logo_Basis_RGB-Large@2x.png","contentUrl":"https:\/\/www.deutsche-glasfaser.de\/blog\/wp-content\/uploads\/2021\/08\/DGF_Logo_Basis_RGB-Large@2x.png","width":312,"height":104,"caption":"Digitales B\u00fcrgernetz"},"image":{"@id":"https:\/\/www.deutsche-glasfaser.de\/blog\/#\/schema\/logo\/image\/"}},{"@type":"Person","@id":"https:\/\/www.deutsche-glasfaser.de\/blog\/#\/schema\/person\/9380a6dc7443d77143d0c66c409f574b","name":"Deutsche Glasfaser"}]}},"_links":{"self":[{"href":"https:\/\/www.deutsche-glasfaser.de\/blog\/wp-json\/wp\/v2\/posts\/13544","targetHints":{"allow":["GET"]}}],"collection":[{"href":"https:\/\/www.deutsche-glasfaser.de\/blog\/wp-json\/wp\/v2\/posts"}],"about":[{"href":"https:\/\/www.deutsche-glasfaser.de\/blog\/wp-json\/wp\/v2\/types\/post"}],"author":[{"embeddable":true,"href":"https:\/\/www.deutsche-glasfaser.de\/blog\/wp-json\/wp\/v2\/users\/5"}],"replies":[{"embeddable":true,"href":"https:\/\/www.deutsche-glasfaser.de\/blog\/wp-json\/wp\/v2\/comments?post=13544"}],"version-history":[{"count":17,"href":"https:\/\/www.deutsche-glasfaser.de\/blog\/wp-json\/wp\/v2\/posts\/13544\/revisions"}],"predecessor-version":[{"id":13579,"href":"https:\/\/www.deutsche-glasfaser.de\/blog\/wp-json\/wp\/v2\/posts\/13544\/revisions\/13579"}],"wp:featuredmedia":[{"embeddable":true,"href":"https:\/\/www.deutsche-glasfaser.de\/blog\/wp-json\/wp\/v2\/media\/13548"}],"wp:attachment":[{"href":"https:\/\/www.deutsche-glasfaser.de\/blog\/wp-json\/wp\/v2\/media?parent=13544"}],"wp:term":[{"taxonomy":"category","embeddable":true,"href":"https:\/\/www.deutsche-glasfaser.de\/blog\/wp-json\/wp\/v2\/categories?post=13544"},{"taxonomy":"post_tag","embeddable":true,"href":"https:\/\/www.deutsche-glasfaser.de\/blog\/wp-json\/wp\/v2\/tags?post=13544"}],"curies":[{"name":"wp","href":"https:\/\/api.w.org\/{rel}","templated":true}]}}