{"id":13274,"date":"2023-11-09T16:15:21","date_gmt":"2023-11-09T15:15:21","guid":{"rendered":"https:\/\/www.deutsche-glasfaser.de\/blog\/?p=13274"},"modified":"2023-11-10T12:04:04","modified_gmt":"2023-11-10T11:04:04","slug":"digitalisierung-und-infrastrukturausbau-in-deutschland-mehr-vertrauen-in-kommunen","status":"publish","type":"post","link":"https:\/\/www.deutsche-glasfaser.de\/blog\/digitalisierung-und-infrastrukturausbau-in-deutschland-mehr-vertrauen-in-kommunen\/","title":{"rendered":"Digitalisierung und Infrastrukturausbau in Deutschland \u2013 mehr Vertrauen in Kommunen"},"content":{"rendered":"\t\t<div data-elementor-type=\"wp-post\" data-elementor-id=\"13274\" class=\"elementor elementor-13274\">\n\t\t\t\t\t\t<section class=\"elementor-section elementor-top-section elementor-element elementor-element-ab93dfa elementor-section-boxed elementor-section-height-default elementor-section-height-default\" data-id=\"ab93dfa\" data-element_type=\"section\" data-e-type=\"section\">\n\t\t\t\t\t\t<div class=\"elementor-container elementor-column-gap-default\">\n\t\t\t\t\t<div class=\"elementor-column elementor-col-100 elementor-top-column elementor-element elementor-element-e768834\" data-id=\"e768834\" data-element_type=\"column\" data-e-type=\"column\">\n\t\t\t<div class=\"elementor-widget-wrap elementor-element-populated\">\n\t\t\t\t\t\t<div class=\"elementor-element elementor-element-ebd4ffe elementor-widget elementor-widget-text-editor\" data-id=\"ebd4ffe\" data-element_type=\"widget\" data-e-type=\"widget\" data-widget_type=\"text-editor.default\">\n\t\t\t\t<div class=\"elementor-widget-container\">\n\t\t\t\t\t\t\t\t\t<p>Konstruktiver Austausch auf Augenh\u00f6he: darum ging beim Roundtable in Berlin. \u00a9 Deutsche Glasfaser \/ Jana Legler<\/p>\t\t\t\t\t\t\t\t<\/div>\n\t\t\t\t<\/div>\n\t\t\t\t\t<\/div>\n\t\t<\/div>\n\t\t\t\t\t<\/div>\n\t\t<\/section>\n\t\t\t\t<section class=\"elementor-section elementor-top-section elementor-element elementor-element-efe68dc elementor-section-boxed elementor-section-height-default elementor-section-height-default\" data-id=\"efe68dc\" data-element_type=\"section\" data-e-type=\"section\">\n\t\t\t\t\t\t<div class=\"elementor-container elementor-column-gap-default\">\n\t\t\t\t\t<div class=\"elementor-column elementor-col-100 elementor-top-column elementor-element elementor-element-4307b8a\" data-id=\"4307b8a\" data-element_type=\"column\" data-e-type=\"column\">\n\t\t\t<div class=\"elementor-widget-wrap elementor-element-populated\">\n\t\t\t\t\t\t<div class=\"elementor-element elementor-element-e84c809 elementor-widget elementor-widget-text-editor\" data-id=\"e84c809\" data-element_type=\"widget\" data-e-type=\"widget\" data-widget_type=\"text-editor.default\">\n\t\t\t\t<div class=\"elementor-widget-container\">\n\t\t\t\t\t\t\t\t\t<p>Die Smart Country Convention 2023 ist zu Ende. Drei Tage lang wurde auf der f\u00fchrenden Veranstaltung zur Digitalisierung der Verwaltungen in Bund, L\u00e4ndern und Kommunen auf und abseits von 4 B\u00fchnen und zahlreichen St\u00e4nden \u00fcber die Digitalisierung der Verwaltung und der \u00f6ffentlichen Hand diskutiert.<\/p><p>Was deutlich wurde ist: Deutschland hat kein Erkenntnis- aber ein Umsetzungsproblem. W\u00e4hrend es vielen Projekten und Kommunen gelingt, einzelne Herausforderungen zu l\u00f6sen, gelingt es\u00a0 nicht, Deutschland fl\u00e4chendeckend in der Digitalisierung in dem Ma\u00dfe weiterzubringen. Aber woran liegt das? Wie machen wir aus dem Flickenteppich von guten Ideen ein funktionierendes System f\u00fcr die Kommunen?<\/p><p>Um dieser Frage nachzugehen, haben Deutsche Glasfaser und das Netzwerk Junge B\u00fcrgermeister*innen eine Veranstaltung ins Leben gerufen, um im sektor\u00fcbergreifenden Kreis von Entscheider*innen lokale Konzepte, Landes- und Bundesprogramme zu diskutieren. Was funktioniert gut? Was kommt bei den Kommunen an? An welchen Stellen muss nachgebessert werden?<\/p><p>Beim Roundtable haben wir besonders die Grundlage der Digitalisierung mit einbezogen: den Infrastrukturausbau und die Bedeutung der Kommunen. Zahlreiche Vertreter*innen aus Bund, L\u00e4ndern, Kommunen und Wirtschaft sind der Einladung gefolgt, um unter der Moderation von Dr. Eva-Charlotte Proll, Herausgeberin und Chefredakteurin des Beh\u00f6rden Spiegel, mitzudiskutieren.<\/p>\t\t\t\t\t\t\t\t<\/div>\n\t\t\t\t<\/div>\n\t\t\t\t<div class=\"elementor-element elementor-element-6b1cd39 elementor-widget elementor-widget-spacer\" data-id=\"6b1cd39\" data-element_type=\"widget\" data-e-type=\"widget\" data-widget_type=\"spacer.default\">\n\t\t\t\t<div class=\"elementor-widget-container\">\n\t\t\t\t\t\t\t<div class=\"elementor-spacer\">\n\t\t\t<div class=\"elementor-spacer-inner\"><\/div>\n\t\t<\/div>\n\t\t\t\t\t\t<\/div>\n\t\t\t\t<\/div>\n\t\t\t\t<div class=\"elementor-element elementor-element-c89c85b elementor-widget elementor-widget-heading\" data-id=\"c89c85b\" data-element_type=\"widget\" data-e-type=\"widget\" data-widget_type=\"heading.default\">\n\t\t\t\t<div class=\"elementor-widget-container\">\n\t\t\t\t\t<h2 class=\"elementor-heading-title elementor-size-xl\">Aus F\u00f6rdertsunami wurde Jahrhundertflut <\/h2>\t\t\t\t<\/div>\n\t\t\t\t<\/div>\n\t\t\t\t<div class=\"elementor-element elementor-element-dfddf6e elementor-widget elementor-widget-spacer\" data-id=\"dfddf6e\" data-element_type=\"widget\" data-e-type=\"widget\" data-widget_type=\"spacer.default\">\n\t\t\t\t<div class=\"elementor-widget-container\">\n\t\t\t\t\t\t\t<div class=\"elementor-spacer\">\n\t\t\t<div class=\"elementor-spacer-inner\"><\/div>\n\t\t<\/div>\n\t\t\t\t\t\t<\/div>\n\t\t\t\t<\/div>\n\t\t\t\t<div class=\"elementor-element elementor-element-7a7edb7 elementor-widget elementor-widget-text-editor\" data-id=\"7a7edb7\" data-element_type=\"widget\" data-e-type=\"widget\" data-widget_type=\"text-editor.default\">\n\t\t\t\t<div class=\"elementor-widget-container\">\n\t\t\t\t\t\t\t\t\t<p>Andreas Pfisterer, CEO Deutsche Glasfaser, sprach vor allem \u00fcber die Grundlage der Digitalisierung: den n\u00f6tigen Infrastrukturausbau, den Deutsche Glasfaser gemeinsam mit den Kommunen vorantreibe. Er bem\u00e4ngelte die F\u00f6rderkultur des Bundes: dem eigenwirtschaftlichen Ausbau m\u00fcsse Vorrang gegeben werden. Aus einem F\u00f6rdertsunami im letzten Jahr sei inzwischen eine wahre Jahrhundertflut geworden. Derzeit sehe es auch deswegen f\u00fcr ihn nicht so aus, als ob die Bundesregierung an ihrem Ziel festh\u00e4lt, bis 2030 alle Haushalte in Deutschlang mit Glasfaser angeschlossen zu haben. Wenn der Markt weiterhin mit F\u00f6rdermitteln \u00fcberschwemmt wird und dadurch \u2013 wie bereits 2016\/17 \u2013 die Tiefbaupreise in exorbitante H\u00f6hen gehen, werde es der eigenwirtschaftliche Ausbau deutlich schwerer haben \u2013 und das anvisierte Ziel 2030 unm\u00f6glich erreichen. Das Erfolgsrezept von Deutsche Glasfaser beim Netzausbau sei daher: auf Augenh\u00f6he zusammenarbeiten und gemeinsam Gro\u00dfes gestalten.<\/p>\t\t\t\t\t\t\t\t<\/div>\n\t\t\t\t<\/div>\n\t\t\t\t<div class=\"elementor-element elementor-element-c088b13 elementor-widget elementor-widget-spacer\" data-id=\"c088b13\" data-element_type=\"widget\" data-e-type=\"widget\" data-widget_type=\"spacer.default\">\n\t\t\t\t<div class=\"elementor-widget-container\">\n\t\t\t\t\t\t\t<div class=\"elementor-spacer\">\n\t\t\t<div class=\"elementor-spacer-inner\"><\/div>\n\t\t<\/div>\n\t\t\t\t\t\t<\/div>\n\t\t\t\t<\/div>\n\t\t\t\t<div class=\"elementor-element elementor-element-930e1c3 elementor-widget elementor-widget-image\" data-id=\"930e1c3\" data-element_type=\"widget\" data-e-type=\"widget\" data-widget_type=\"image.default\">\n\t\t\t\t<div class=\"elementor-widget-container\">\n\t\t\t\t\t\t\t\t\t\t\t\t<figure class=\"wp-caption\">\n\t\t\t\t\t\t\t\t\t\t<img fetchpriority=\"high\" decoding=\"async\" width=\"768\" height=\"512\" src=\"https:\/\/www.deutsche-glasfaser.de\/blog\/wp-content\/uploads\/2023\/11\/2023-11-08-deutsche-glasfaser-hub27-by-jana-legler-25-768x512.jpg\" class=\"attachment-medium_large size-medium_large wp-image-13275\" alt=\"Eine Frau und vier M\u00e4nner stehen um einen runden Tisch herum und l\u00e4cheln\" srcset=\"https:\/\/www.deutsche-glasfaser.de\/blog\/wp-content\/uploads\/2023\/11\/2023-11-08-deutsche-glasfaser-hub27-by-jana-legler-25-768x512.jpg 768w, https:\/\/www.deutsche-glasfaser.de\/blog\/wp-content\/uploads\/2023\/11\/2023-11-08-deutsche-glasfaser-hub27-by-jana-legler-25-300x200.jpg 300w, https:\/\/www.deutsche-glasfaser.de\/blog\/wp-content\/uploads\/2023\/11\/2023-11-08-deutsche-glasfaser-hub27-by-jana-legler-25-1024x683.jpg 1024w, https:\/\/www.deutsche-glasfaser.de\/blog\/wp-content\/uploads\/2023\/11\/2023-11-08-deutsche-glasfaser-hub27-by-jana-legler-25-1536x1024.jpg 1536w, https:\/\/www.deutsche-glasfaser.de\/blog\/wp-content\/uploads\/2023\/11\/2023-11-08-deutsche-glasfaser-hub27-by-jana-legler-25-2048x1365.jpg 2048w\" sizes=\"(max-width: 768px) 100vw, 768px\" \/>\t\t\t\t\t\t\t\t\t\t\t<figcaption class=\"widget-image-caption wp-caption-text\">Die Moderatorin Dr. Eva-Charlotte Proll mit den Speakern Lena-Sophie M\u00fcller, Staatssekret\u00e4r Stefan Schnorr, Michael Salomo und Andreas Pfisterer (v.l.n.r.) \u00a9 Deutsche Glasfaser \/ Jana Legler<\/figcaption>\n\t\t\t\t\t\t\t\t\t\t<\/figure>\n\t\t\t\t\t\t\t\t\t<\/div>\n\t\t\t\t<\/div>\n\t\t\t\t<div class=\"elementor-element elementor-element-4fb3bde elementor-widget elementor-widget-spacer\" data-id=\"4fb3bde\" data-element_type=\"widget\" data-e-type=\"widget\" data-widget_type=\"spacer.default\">\n\t\t\t\t<div class=\"elementor-widget-container\">\n\t\t\t\t\t\t\t<div class=\"elementor-spacer\">\n\t\t\t<div class=\"elementor-spacer-inner\"><\/div>\n\t\t<\/div>\n\t\t\t\t\t\t<\/div>\n\t\t\t\t<\/div>\n\t\t\t\t<div class=\"elementor-element elementor-element-cac8920 elementor-widget elementor-widget-heading\" data-id=\"cac8920\" data-element_type=\"widget\" data-e-type=\"widget\" data-widget_type=\"heading.default\">\n\t\t\t\t<div class=\"elementor-widget-container\">\n\t\t\t\t\t<h2 class=\"elementor-heading-title elementor-size-xl\">Wo der Schuh dr\u00fcckt, wei\u00df die Kommune am besten<\/h2>\t\t\t\t<\/div>\n\t\t\t\t<\/div>\n\t\t\t\t<div class=\"elementor-element elementor-element-cc3c85e elementor-widget elementor-widget-spacer\" data-id=\"cc3c85e\" data-element_type=\"widget\" data-e-type=\"widget\" data-widget_type=\"spacer.default\">\n\t\t\t\t<div class=\"elementor-widget-container\">\n\t\t\t\t\t\t\t<div class=\"elementor-spacer\">\n\t\t\t<div class=\"elementor-spacer-inner\"><\/div>\n\t\t<\/div>\n\t\t\t\t\t\t<\/div>\n\t\t\t\t<\/div>\n\t\t\t\t<div class=\"elementor-element elementor-element-223a38b elementor-widget elementor-widget-text-editor\" data-id=\"223a38b\" data-element_type=\"widget\" data-e-type=\"widget\" data-widget_type=\"text-editor.default\">\n\t\t\t\t<div class=\"elementor-widget-container\">\n\t\t\t\t\t\t\t\t\t<p>Stefan Schnorr, Staatssekret\u00e4r im Bundesministerium f\u00fcr Digitales und Verkehr, sprach \u00fcber das Thema \u201eDeutschland in die digitale Welt des 21. Jahrhunderts f\u00fchren und gesellschaftlich und wirtschaftlich erfolgreich machen\u201c.<\/p><p>Zun\u00e4chst betonte er die insgesamt gute Zusammenarbeit mit den Infrastrukturanbietern Deutschlands: \u201eWir haben zwar einige Diskussionspunkte, aber in der Regel arbeiten wir gut zusammen.\u201c Er lobte den Multi-Stakeholder-Ansatz des Roundtables, so k\u00f6nne man \u00fcber den besten Weg diskutieren. Grade die N\u00e4he zu den Kommunen sei wichtig: Kommunale Vertreter wissen am besten, wo der Schuh dr\u00fccke und seien daher wichtige Ansprechpartner f\u00fcr sein Ministerium. Das Gigabitziel des Bundes, bis 2030 Glasfaser in jedem Haushalt Deutschlands zu bringen, sieht er nicht in Gefahr und betonte die Steigerungsraten.<\/p><p>Das Ziel sei auch, die b\u00fcrokratischen Wege zu vereinfachen. F\u00fcr die Gigabitf\u00f6rderung stehen seitens des Bundes Mittel von 3 Mrd. Euro pro Jahr zur Verf\u00fcgung, die Vergabe erfolge nach einem Punktesystem.<\/p>\t\t\t\t\t\t\t\t<\/div>\n\t\t\t\t<\/div>\n\t\t\t\t<div class=\"elementor-element elementor-element-1169817 elementor-widget elementor-widget-spacer\" data-id=\"1169817\" data-element_type=\"widget\" data-e-type=\"widget\" data-widget_type=\"spacer.default\">\n\t\t\t\t<div class=\"elementor-widget-container\">\n\t\t\t\t\t\t\t<div class=\"elementor-spacer\">\n\t\t\t<div class=\"elementor-spacer-inner\"><\/div>\n\t\t<\/div>\n\t\t\t\t\t\t<\/div>\n\t\t\t\t<\/div>\n\t\t\t\t<div class=\"elementor-element elementor-element-6bce96c elementor-widget elementor-widget-image\" data-id=\"6bce96c\" data-element_type=\"widget\" data-e-type=\"widget\" data-widget_type=\"image.default\">\n\t\t\t\t<div class=\"elementor-widget-container\">\n\t\t\t\t\t\t\t\t\t\t\t\t<figure class=\"wp-caption\">\n\t\t\t\t\t\t\t\t\t\t<img decoding=\"async\" width=\"768\" height=\"512\" src=\"https:\/\/www.deutsche-glasfaser.de\/blog\/wp-content\/uploads\/2023\/11\/2023-11-08-deutsche-glasfaser-hub27-by-jana-legler-53-768x512.jpg\" class=\"attachment-medium_large size-medium_large wp-image-13280\" alt=\"Ein Mann spricht\" srcset=\"https:\/\/www.deutsche-glasfaser.de\/blog\/wp-content\/uploads\/2023\/11\/2023-11-08-deutsche-glasfaser-hub27-by-jana-legler-53-768x512.jpg 768w, https:\/\/www.deutsche-glasfaser.de\/blog\/wp-content\/uploads\/2023\/11\/2023-11-08-deutsche-glasfaser-hub27-by-jana-legler-53-300x200.jpg 300w, https:\/\/www.deutsche-glasfaser.de\/blog\/wp-content\/uploads\/2023\/11\/2023-11-08-deutsche-glasfaser-hub27-by-jana-legler-53-1024x683.jpg 1024w, https:\/\/www.deutsche-glasfaser.de\/blog\/wp-content\/uploads\/2023\/11\/2023-11-08-deutsche-glasfaser-hub27-by-jana-legler-53-1536x1024.jpg 1536w, https:\/\/www.deutsche-glasfaser.de\/blog\/wp-content\/uploads\/2023\/11\/2023-11-08-deutsche-glasfaser-hub27-by-jana-legler-53-2048x1365.jpg 2048w\" sizes=\"(max-width: 768px) 100vw, 768px\" \/>\t\t\t\t\t\t\t\t\t\t\t<figcaption class=\"widget-image-caption wp-caption-text\">Stefan Schnorr beim Roundtable \"Infrastruktur und Digitalisierung in einem f\u00f6deralen System. \u00a9 Deutsche Glasfaser \/ Jana Legler<\/figcaption>\n\t\t\t\t\t\t\t\t\t\t<\/figure>\n\t\t\t\t\t\t\t\t\t<\/div>\n\t\t\t\t<\/div>\n\t\t\t\t<div class=\"elementor-element elementor-element-6c6a316 elementor-widget elementor-widget-spacer\" data-id=\"6c6a316\" data-element_type=\"widget\" data-e-type=\"widget\" data-widget_type=\"spacer.default\">\n\t\t\t\t<div class=\"elementor-widget-container\">\n\t\t\t\t\t\t\t<div class=\"elementor-spacer\">\n\t\t\t<div class=\"elementor-spacer-inner\"><\/div>\n\t\t<\/div>\n\t\t\t\t\t\t<\/div>\n\t\t\t\t<\/div>\n\t\t\t\t<div class=\"elementor-element elementor-element-be8a321 elementor-widget elementor-widget-heading\" data-id=\"be8a321\" data-element_type=\"widget\" data-e-type=\"widget\" data-widget_type=\"heading.default\">\n\t\t\t\t<div class=\"elementor-widget-container\">\n\t\t\t\t\t<h2 class=\"elementor-heading-title elementor-size-xl\">Fokus auf Anwendungen<\/h2>\t\t\t\t<\/div>\n\t\t\t\t<\/div>\n\t\t\t\t<div class=\"elementor-element elementor-element-2c2fad2 elementor-widget elementor-widget-spacer\" data-id=\"2c2fad2\" data-element_type=\"widget\" data-e-type=\"widget\" data-widget_type=\"spacer.default\">\n\t\t\t\t<div class=\"elementor-widget-container\">\n\t\t\t\t\t\t\t<div class=\"elementor-spacer\">\n\t\t\t<div class=\"elementor-spacer-inner\"><\/div>\n\t\t<\/div>\n\t\t\t\t\t\t<\/div>\n\t\t\t\t<\/div>\n\t\t\t\t<div class=\"elementor-element elementor-element-11019b3 elementor-widget elementor-widget-text-editor\" data-id=\"11019b3\" data-element_type=\"widget\" data-e-type=\"widget\" data-widget_type=\"text-editor.default\">\n\t\t\t\t<div class=\"elementor-widget-container\">\n\t\t\t\t\t\t\t\t\t<p>Lena-Sophie M\u00fcller, Gesch\u00e4ftsf\u00fchrerin Initiative D21 e.V., betonte, dass es ein \u00d6kosystem der Digitalisierung brauche. \u201eWir brauchen Anwendungen, die auf der Infrastruktur aufsetzen.\u201c Der Mehrwert des schnellen Internets m\u00fcsse erst noch erkannt werden. Durch Corona habe es einen Schub gegeben, dieser sei aber auch nur partiell erfolgt: Gut erkannt h\u00e4tten den Nutzen vor allem Schulen und Unternehmen, deren Mitarbeiter*innen pl\u00f6tzlich im Homeoffice sa\u00dfen.<\/p>\t\t\t\t\t\t\t\t<\/div>\n\t\t\t\t<\/div>\n\t\t\t\t<div class=\"elementor-element elementor-element-4e9d5ed elementor-widget elementor-widget-spacer\" data-id=\"4e9d5ed\" data-element_type=\"widget\" data-e-type=\"widget\" data-widget_type=\"spacer.default\">\n\t\t\t\t<div class=\"elementor-widget-container\">\n\t\t\t\t\t\t\t<div class=\"elementor-spacer\">\n\t\t\t<div class=\"elementor-spacer-inner\"><\/div>\n\t\t<\/div>\n\t\t\t\t\t\t<\/div>\n\t\t\t\t<\/div>\n\t\t\t\t<div class=\"elementor-element elementor-element-6353f73 elementor-widget elementor-widget-heading\" data-id=\"6353f73\" data-element_type=\"widget\" data-e-type=\"widget\" data-widget_type=\"heading.default\">\n\t\t\t\t<div class=\"elementor-widget-container\">\n\t\t\t\t\t<h2 class=\"elementor-heading-title elementor-size-xl\">F\u00f6rderprogramme sind sch\u00e4dlich<\/h2>\t\t\t\t<\/div>\n\t\t\t\t<\/div>\n\t\t\t\t<div class=\"elementor-element elementor-element-0b10391 elementor-widget elementor-widget-spacer\" data-id=\"0b10391\" data-element_type=\"widget\" data-e-type=\"widget\" data-widget_type=\"spacer.default\">\n\t\t\t\t<div class=\"elementor-widget-container\">\n\t\t\t\t\t\t\t<div class=\"elementor-spacer\">\n\t\t\t<div class=\"elementor-spacer-inner\"><\/div>\n\t\t<\/div>\n\t\t\t\t\t\t<\/div>\n\t\t\t\t<\/div>\n\t\t\t\t<div class=\"elementor-element elementor-element-f4a47c3 elementor-widget elementor-widget-text-editor\" data-id=\"f4a47c3\" data-element_type=\"widget\" data-e-type=\"widget\" data-widget_type=\"text-editor.default\">\n\t\t\t\t<div class=\"elementor-widget-container\">\n\t\t\t\t\t\t\t\t\t<p>Michael Salomo, Bundesvorsitzender und Sprecher des Netzwerks Netzwerk Junge B\u00fcrgermeister*innen der Bundesrepublik Deutschland e.V. und Oberb\u00fcrgermeister der Stadt Heidenheim brachte die Sicht der Kommunen mit ein. Ihn ver\u00e4rgere, dass man viele jetzt bestehenden Probleme schon lange antizipiere \u2013 und doch nichts unternommen habe: \u201eVor 18 Jahren haben wir die gleichen Themen diskutiert wie heute. Der Unterschied ist, vor 18 Jahren sprachen wir dar\u00fcber, wenn 2023 \u00fcber 1 Millionen Mitarbeiter im \u00d6ffentlichen Dienst fehlen. Jetzt fehlen sie wirklich.\u201c Man habe riesige Probleme, die die Bev\u00f6lkerung sp\u00fcre, was sich bis in die Wahlen durchschlage. Das m\u00fcsse motivieren, schneller zu werden.<\/p><p>Zudem fehle ihm der Gesamtpakt Deutschland: \u201eDie Herausforderungen h\u00e4ngen alle zusammen, aber wir verstecken uns hinter Zust\u00e4ndigkeiten und Verantwortlichkeiten.\u201c Von den Ma\u00dfnahmen des Bundes h\u00e4lt er wenig: Diese w\u00fcrden eine Anschaffung, aber nicht die Instandhaltung, Inbetriebnahme sowie den laufenden Betrieb erm\u00f6glichen.<\/p>\t\t\t\t\t\t\t\t<\/div>\n\t\t\t\t<\/div>\n\t\t\t\t<div class=\"elementor-element elementor-element-062a848 elementor-widget elementor-widget-spacer\" data-id=\"062a848\" data-element_type=\"widget\" data-e-type=\"widget\" data-widget_type=\"spacer.default\">\n\t\t\t\t<div class=\"elementor-widget-container\">\n\t\t\t\t\t\t\t<div class=\"elementor-spacer\">\n\t\t\t<div class=\"elementor-spacer-inner\"><\/div>\n\t\t<\/div>\n\t\t\t\t\t\t<\/div>\n\t\t\t\t<\/div>\n\t\t\t\t<div class=\"elementor-element elementor-element-50bbf18 elementor-widget elementor-widget-heading\" data-id=\"50bbf18\" data-element_type=\"widget\" data-e-type=\"widget\" data-widget_type=\"heading.default\">\n\t\t\t\t<div class=\"elementor-widget-container\">\n\t\t\t\t\t<h2 class=\"elementor-heading-title elementor-size-xl\">Mehr Vertrauen in Kommunen und F\u00f6rdermengen auf den Pr\u00fcfstand<\/h2>\t\t\t\t<\/div>\n\t\t\t\t<\/div>\n\t\t\t\t<div class=\"elementor-element elementor-element-995032a elementor-widget elementor-widget-spacer\" data-id=\"995032a\" data-element_type=\"widget\" data-e-type=\"widget\" data-widget_type=\"spacer.default\">\n\t\t\t\t<div class=\"elementor-widget-container\">\n\t\t\t\t\t\t\t<div class=\"elementor-spacer\">\n\t\t\t<div class=\"elementor-spacer-inner\"><\/div>\n\t\t<\/div>\n\t\t\t\t\t\t<\/div>\n\t\t\t\t<\/div>\n\t\t\t\t<div class=\"elementor-element elementor-element-d3004d2 elementor-widget elementor-widget-text-editor\" data-id=\"d3004d2\" data-element_type=\"widget\" data-e-type=\"widget\" data-widget_type=\"text-editor.default\">\n\t\t\t\t<div class=\"elementor-widget-container\">\n\t\t\t\t\t\t\t\t\t<p>Frau Dr. Proll leitete nach den Impulsen zur Diskussion mit den knapp 30 weiteren Panelteinehmer*innen \u00fcber. In dieser zeigten sich einige deutlich: \u201eWen interessiert das Gigabit, wir brauchen Glasfaser!\u201c, sagte Daniel Domscheit-Berg, der sich f\u00fcr ein gemeinsames Infrastrukturziel einsetzte. Glasfaser sei zudem nicht mehr als Innovation zu betrachten, sondern als Notwendigkeit. Die Innovation seien die damit zu nutzenden Dienste. Beim Thema Ausbau st\u00fcnden wir uns in Deutschland im Weg \u2013 und er warf der Regierung einen klaren Interessenkonflikt vor.<\/p><p>Die Themen seien l\u00f6sbar, wenn wir auf die kleinstm\u00f6gliche Ebene gingen. F\u00f6deralismus ist f\u00fcr ihn kein Nachteil, sondern ein klarer Vorteil. Die Menschen vor Ort in der Fl\u00e4che w\u00fcssten am besten \u00fcber ihre Bedarfe und Besonderheiten Bescheid.<\/p><p>W\u00e4hrend die F\u00f6rderpolitik des Bundes insgesamt kritisch betrachtet wurde, \u00e4u\u00dferte sich Holger Kl\u00f6tzner, Dezernent und Stadtrat f\u00fcr Digitalisierung und Schule der Stadt Darmstadt vers\u00f6hnlicher: \u201eF\u00f6rdermittel sorgen f\u00fcr eine gewisse Standardisierung.\u201c Die Art und Weise wie es gehandhabt w\u00fcrde, sei gar nicht so verkehrt, sondern ein guter Kompromiss. \u201eWir m\u00fcssen aber als Kommunen st\u00e4rker zusammenarbeiten. Wir brauchen gemeinsame Ziele und gemeinsame Standards.\u201c Wenn man 10.000 Kommunen selbst entscheiden lie\u00dfe, was sie machen wollen, g\u00e4be es auch 10.000 Einzell\u00f6sungen.<\/p><p>In den meisten Punkten waren sich die TeilnehmerInnen einig: es braucht Geschwindigkeit, weniger F\u00f6rdermittel und mehr Vertrauen in die Kommunen. Dr. Carolin Pecho, B\u00fcrgermeisterin der Gemeinde Ringelai betonte letzteres: \u201eWir sind alle gew\u00e4hlte Vertreter und wissen, wie es vor Ort funktionieren kann.\u201c Was gebraucht w\u00fcrde sei daher Vertrauen \u2013 und Know-how. Der Fachkr\u00e4ftemangel sei in den Kommunen ein Riesen-Thema, implementierte Systeme m\u00fcssten schlie\u00dflich auch kompetent begleitet werden k\u00f6nnen. Demnach brauche es vor allem \u201eeinen Kompetenzaufbau, der Kommunen in die Lage versetzt, die Digitalisierung auch umzusetzen.\u201c<\/p><p>Die Schlussworte hatten die Speaker Michael Solomo und Andreas Pfisterer. Salomo pl\u00e4dierte dabei: \u201eLasst uns endlich fertig werden mit der Glasfaser! Wir reden seit Jahren \u00fcber das gleiche!\u201c<\/p><p>Andreas Pfisterer zeigte sich zum Abschluss zuversichtlich \u201eWir sollten den Mut nicht verlieren, auch wenn es ein teils schmaler Grat ist.\u201c Wir sollten von anderen L\u00e4ndern lernen: \u201eDer Blick auf D\u00e4nemark zeigt, dass es geht!\u201c Nach dem Glasfaserausbau ginge es darum, das Ganze nutzbar zu machen, darauf sollten wir unsere Blicke richten.<\/p>\t\t\t\t\t\t\t\t<\/div>\n\t\t\t\t<\/div>\n\t\t\t\t\t<\/div>\n\t\t<\/div>\n\t\t\t\t\t<\/div>\n\t\t<\/section>\n\t\t\t\t<section class=\"elementor-section elementor-top-section elementor-element elementor-element-75f2f07 elementor-section-boxed elementor-section-height-default elementor-section-height-default\" data-id=\"75f2f07\" data-element_type=\"section\" data-e-type=\"section\">\n\t\t\t\t\t\t<div class=\"elementor-container elementor-column-gap-default\">\n\t\t\t\t\t<div class=\"elementor-column elementor-col-100 elementor-top-column elementor-element elementor-element-2137090\" data-id=\"2137090\" data-element_type=\"column\" data-e-type=\"column\">\n\t\t\t<div class=\"elementor-widget-wrap\">\n\t\t\t\t\t\t\t<\/div>\n\t\t<\/div>\n\t\t\t\t\t<\/div>\n\t\t<\/section>\n\t\t\t\t<section class=\"elementor-section elementor-top-section elementor-element elementor-element-cc3e548 elementor-section-boxed elementor-section-height-default elementor-section-height-default\" data-id=\"cc3e548\" data-element_type=\"section\" data-e-type=\"section\">\n\t\t\t\t\t\t<div class=\"elementor-container elementor-column-gap-default\">\n\t\t\t\t\t<div class=\"elementor-column elementor-col-100 elementor-top-column elementor-element elementor-element-61e500c\" data-id=\"61e500c\" data-element_type=\"column\" data-e-type=\"column\">\n\t\t\t<div class=\"elementor-widget-wrap elementor-element-populated\">\n\t\t\t\t\t\t<div class=\"elementor-element elementor-element-f4e575d elementor-widget elementor-widget-image-gallery\" data-id=\"f4e575d\" data-element_type=\"widget\" data-e-type=\"widget\" data-widget_type=\"image-gallery.default\">\n\t\t\t\t<div class=\"elementor-widget-container\">\n\t\t\t\t\t\t\t<div class=\"elementor-image-gallery\">\n\t\t\t\n\t\t<style type=\"text\/css\">\n\t\t\t#gallery-1 {\n\t\t\t\tmargin: auto;\n\t\t\t}\n\t\t\t#gallery-1 .gallery-item {\n\t\t\t\tfloat: left;\n\t\t\t\tmargin-top: 10px;\n\t\t\t\ttext-align: center;\n\t\t\t\twidth: 25%;\n\t\t\t}\n\t\t\t#gallery-1 img {\n\t\t\t\tborder: 2px solid #cfcfcf;\n\t\t\t}\n\t\t\t#gallery-1 .gallery-caption {\n\t\t\t\tmargin-left: 0;\n\t\t\t}\n\t\t\t\/* see gallery_shortcode() in wp-includes\/media.php *\/\n\t\t<\/style>\n\t\t<div id='gallery-1' class='gallery galleryid-13274 gallery-columns-4 gallery-size-medium'><dl class='gallery-item'>\n\t\t\t<dt class='gallery-icon landscape'>\n\t\t\t\t<a data-elementor-open-lightbox=\"yes\" data-elementor-lightbox-slideshow=\"f4e575d\" data-elementor-lightbox-title=\"2023-11-08-deutsche-glasfaser-hub27-by-jana-legler-95\" data-e-action-hash=\"#elementor-action%3Aaction%3Dlightbox%26settings%3DeyJpZCI6MTMyODMsInVybCI6Imh0dHBzOlwvXC93d3cuZGV1dHNjaGUtZ2xhc2Zhc2VyLmRlXC9ibG9nXC93cC1jb250ZW50XC91cGxvYWRzXC8yMDIzXC8xMVwvMjAyMy0xMS0wOC1kZXV0c2NoZS1nbGFzZmFzZXItaHViMjctYnktamFuYS1sZWdsZXItOTUtc2NhbGVkLmpwZyIsInNsaWRlc2hvdyI6ImY0ZTU3NWQifQ%3D%3D\" href='https:\/\/www.deutsche-glasfaser.de\/blog\/wp-content\/uploads\/2023\/11\/2023-11-08-deutsche-glasfaser-hub27-by-jana-legler-95-scaled.jpg'><img decoding=\"async\" width=\"300\" height=\"200\" src=\"https:\/\/www.deutsche-glasfaser.de\/blog\/wp-content\/uploads\/2023\/11\/2023-11-08-deutsche-glasfaser-hub27-by-jana-legler-95-300x200.jpg\" class=\"attachment-medium size-medium\" alt=\"\" srcset=\"https:\/\/www.deutsche-glasfaser.de\/blog\/wp-content\/uploads\/2023\/11\/2023-11-08-deutsche-glasfaser-hub27-by-jana-legler-95-300x200.jpg 300w, https:\/\/www.deutsche-glasfaser.de\/blog\/wp-content\/uploads\/2023\/11\/2023-11-08-deutsche-glasfaser-hub27-by-jana-legler-95-1024x683.jpg 1024w, https:\/\/www.deutsche-glasfaser.de\/blog\/wp-content\/uploads\/2023\/11\/2023-11-08-deutsche-glasfaser-hub27-by-jana-legler-95-768x512.jpg 768w, https:\/\/www.deutsche-glasfaser.de\/blog\/wp-content\/uploads\/2023\/11\/2023-11-08-deutsche-glasfaser-hub27-by-jana-legler-95-1536x1024.jpg 1536w, https:\/\/www.deutsche-glasfaser.de\/blog\/wp-content\/uploads\/2023\/11\/2023-11-08-deutsche-glasfaser-hub27-by-jana-legler-95-2048x1365.jpg 2048w\" sizes=\"(max-width: 300px) 100vw, 300px\" \/><\/a>\n\t\t\t<\/dt><\/dl><dl class='gallery-item'>\n\t\t\t<dt class='gallery-icon landscape'>\n\t\t\t\t<a data-elementor-open-lightbox=\"yes\" data-elementor-lightbox-slideshow=\"f4e575d\" data-elementor-lightbox-title=\"2023-11-08-deutsche-glasfaser-hub27-by-jana-legler-105\" data-e-action-hash=\"#elementor-action%3Aaction%3Dlightbox%26settings%3DeyJpZCI6MTMzNTEsInVybCI6Imh0dHBzOlwvXC93d3cuZGV1dHNjaGUtZ2xhc2Zhc2VyLmRlXC9ibG9nXC93cC1jb250ZW50XC91cGxvYWRzXC8yMDIzXC8xMVwvMjAyMy0xMS0wOC1kZXV0c2NoZS1nbGFzZmFzZXItaHViMjctYnktamFuYS1sZWdsZXItMTA1LTEuanBnIiwic2xpZGVzaG93IjoiZjRlNTc1ZCJ9\" href='https:\/\/www.deutsche-glasfaser.de\/blog\/wp-content\/uploads\/2023\/11\/2023-11-08-deutsche-glasfaser-hub27-by-jana-legler-105-1.jpg'><img loading=\"lazy\" decoding=\"async\" width=\"300\" height=\"200\" src=\"https:\/\/www.deutsche-glasfaser.de\/blog\/wp-content\/uploads\/2023\/11\/2023-11-08-deutsche-glasfaser-hub27-by-jana-legler-105-1-300x200.jpg\" class=\"attachment-medium size-medium\" alt=\"\" srcset=\"https:\/\/www.deutsche-glasfaser.de\/blog\/wp-content\/uploads\/2023\/11\/2023-11-08-deutsche-glasfaser-hub27-by-jana-legler-105-1-300x200.jpg 300w, https:\/\/www.deutsche-glasfaser.de\/blog\/wp-content\/uploads\/2023\/11\/2023-11-08-deutsche-glasfaser-hub27-by-jana-legler-105-1-1024x682.jpg 1024w, https:\/\/www.deutsche-glasfaser.de\/blog\/wp-content\/uploads\/2023\/11\/2023-11-08-deutsche-glasfaser-hub27-by-jana-legler-105-1-768x512.jpg 768w, https:\/\/www.deutsche-glasfaser.de\/blog\/wp-content\/uploads\/2023\/11\/2023-11-08-deutsche-glasfaser-hub27-by-jana-legler-105-1-1536x1024.jpg 1536w, https:\/\/www.deutsche-glasfaser.de\/blog\/wp-content\/uploads\/2023\/11\/2023-11-08-deutsche-glasfaser-hub27-by-jana-legler-105-1.jpg 2000w\" sizes=\"(max-width: 300px) 100vw, 300px\" \/><\/a>\n\t\t\t<\/dt><\/dl><dl class='gallery-item'>\n\t\t\t<dt class='gallery-icon landscape'>\n\t\t\t\t<a data-elementor-open-lightbox=\"yes\" data-elementor-lightbox-slideshow=\"f4e575d\" data-elementor-lightbox-title=\"2023-11-08-deutsche-glasfaser-hub27-by-jana-legler-85\" data-e-action-hash=\"#elementor-action%3Aaction%3Dlightbox%26settings%3DeyJpZCI6MTMyODIsInVybCI6Imh0dHBzOlwvXC93d3cuZGV1dHNjaGUtZ2xhc2Zhc2VyLmRlXC9ibG9nXC93cC1jb250ZW50XC91cGxvYWRzXC8yMDIzXC8xMVwvMjAyMy0xMS0wOC1kZXV0c2NoZS1nbGFzZmFzZXItaHViMjctYnktamFuYS1sZWdsZXItODUtc2NhbGVkLmpwZyIsInNsaWRlc2hvdyI6ImY0ZTU3NWQifQ%3D%3D\" href='https:\/\/www.deutsche-glasfaser.de\/blog\/wp-content\/uploads\/2023\/11\/2023-11-08-deutsche-glasfaser-hub27-by-jana-legler-85-scaled.jpg'><img loading=\"lazy\" decoding=\"async\" width=\"300\" height=\"200\" src=\"https:\/\/www.deutsche-glasfaser.de\/blog\/wp-content\/uploads\/2023\/11\/2023-11-08-deutsche-glasfaser-hub27-by-jana-legler-85-300x200.jpg\" class=\"attachment-medium size-medium\" alt=\"\" srcset=\"https:\/\/www.deutsche-glasfaser.de\/blog\/wp-content\/uploads\/2023\/11\/2023-11-08-deutsche-glasfaser-hub27-by-jana-legler-85-300x200.jpg 300w, https:\/\/www.deutsche-glasfaser.de\/blog\/wp-content\/uploads\/2023\/11\/2023-11-08-deutsche-glasfaser-hub27-by-jana-legler-85-1024x683.jpg 1024w, https:\/\/www.deutsche-glasfaser.de\/blog\/wp-content\/uploads\/2023\/11\/2023-11-08-deutsche-glasfaser-hub27-by-jana-legler-85-768x512.jpg 768w, https:\/\/www.deutsche-glasfaser.de\/blog\/wp-content\/uploads\/2023\/11\/2023-11-08-deutsche-glasfaser-hub27-by-jana-legler-85-1536x1024.jpg 1536w, https:\/\/www.deutsche-glasfaser.de\/blog\/wp-content\/uploads\/2023\/11\/2023-11-08-deutsche-glasfaser-hub27-by-jana-legler-85-2048x1365.jpg 2048w\" sizes=\"(max-width: 300px) 100vw, 300px\" \/><\/a>\n\t\t\t<\/dt><\/dl><dl class='gallery-item'>\n\t\t\t<dt class='gallery-icon landscape'>\n\t\t\t\t<a data-elementor-open-lightbox=\"yes\" data-elementor-lightbox-slideshow=\"f4e575d\" data-elementor-lightbox-title=\"2023-11-08-deutsche-glasfaser-hub27-by-jana-legler-65\" data-e-action-hash=\"#elementor-action%3Aaction%3Dlightbox%26settings%3DeyJpZCI6MTMzMzksInVybCI6Imh0dHBzOlwvXC93d3cuZGV1dHNjaGUtZ2xhc2Zhc2VyLmRlXC9ibG9nXC93cC1jb250ZW50XC91cGxvYWRzXC8yMDIzXC8xMVwvMjAyMy0xMS0wOC1kZXV0c2NoZS1nbGFzZmFzZXItaHViMjctYnktamFuYS1sZWdsZXItNjUtMS5qcGciLCJzbGlkZXNob3ciOiJmNGU1NzVkIn0%3D\" href='https:\/\/www.deutsche-glasfaser.de\/blog\/wp-content\/uploads\/2023\/11\/2023-11-08-deutsche-glasfaser-hub27-by-jana-legler-65-1.jpg'><img loading=\"lazy\" decoding=\"async\" width=\"300\" height=\"200\" src=\"https:\/\/www.deutsche-glasfaser.de\/blog\/wp-content\/uploads\/2023\/11\/2023-11-08-deutsche-glasfaser-hub27-by-jana-legler-65-1-300x200.jpg\" class=\"attachment-medium size-medium\" alt=\"\" srcset=\"https:\/\/www.deutsche-glasfaser.de\/blog\/wp-content\/uploads\/2023\/11\/2023-11-08-deutsche-glasfaser-hub27-by-jana-legler-65-1-300x200.jpg 300w, https:\/\/www.deutsche-glasfaser.de\/blog\/wp-content\/uploads\/2023\/11\/2023-11-08-deutsche-glasfaser-hub27-by-jana-legler-65-1-1024x682.jpg 1024w, https:\/\/www.deutsche-glasfaser.de\/blog\/wp-content\/uploads\/2023\/11\/2023-11-08-deutsche-glasfaser-hub27-by-jana-legler-65-1-768x512.jpg 768w, https:\/\/www.deutsche-glasfaser.de\/blog\/wp-content\/uploads\/2023\/11\/2023-11-08-deutsche-glasfaser-hub27-by-jana-legler-65-1-1536x1024.jpg 1536w, https:\/\/www.deutsche-glasfaser.de\/blog\/wp-content\/uploads\/2023\/11\/2023-11-08-deutsche-glasfaser-hub27-by-jana-legler-65-1.jpg 2000w\" sizes=\"(max-width: 300px) 100vw, 300px\" \/><\/a>\n\t\t\t<\/dt><\/dl><br style=\"clear: both\" \/><dl class='gallery-item'>\n\t\t\t<dt class='gallery-icon landscape'>\n\t\t\t\t<a data-elementor-open-lightbox=\"yes\" data-elementor-lightbox-slideshow=\"f4e575d\" data-elementor-lightbox-title=\"2023-11-08-deutsche-glasfaser-hub27-by-jana-legler-44\" data-e-action-hash=\"#elementor-action%3Aaction%3Dlightbox%26settings%3DeyJpZCI6MTMyNzgsInVybCI6Imh0dHBzOlwvXC93d3cuZGV1dHNjaGUtZ2xhc2Zhc2VyLmRlXC9ibG9nXC93cC1jb250ZW50XC91cGxvYWRzXC8yMDIzXC8xMVwvMjAyMy0xMS0wOC1kZXV0c2NoZS1nbGFzZmFzZXItaHViMjctYnktamFuYS1sZWdsZXItNDQtc2NhbGVkLmpwZyIsInNsaWRlc2hvdyI6ImY0ZTU3NWQifQ%3D%3D\" href='https:\/\/www.deutsche-glasfaser.de\/blog\/wp-content\/uploads\/2023\/11\/2023-11-08-deutsche-glasfaser-hub27-by-jana-legler-44-scaled.jpg'><img loading=\"lazy\" decoding=\"async\" width=\"300\" height=\"200\" src=\"https:\/\/www.deutsche-glasfaser.de\/blog\/wp-content\/uploads\/2023\/11\/2023-11-08-deutsche-glasfaser-hub27-by-jana-legler-44-300x200.jpg\" class=\"attachment-medium size-medium\" alt=\"\" srcset=\"https:\/\/www.deutsche-glasfaser.de\/blog\/wp-content\/uploads\/2023\/11\/2023-11-08-deutsche-glasfaser-hub27-by-jana-legler-44-300x200.jpg 300w, https:\/\/www.deutsche-glasfaser.de\/blog\/wp-content\/uploads\/2023\/11\/2023-11-08-deutsche-glasfaser-hub27-by-jana-legler-44-1024x683.jpg 1024w, https:\/\/www.deutsche-glasfaser.de\/blog\/wp-content\/uploads\/2023\/11\/2023-11-08-deutsche-glasfaser-hub27-by-jana-legler-44-768x512.jpg 768w, https:\/\/www.deutsche-glasfaser.de\/blog\/wp-content\/uploads\/2023\/11\/2023-11-08-deutsche-glasfaser-hub27-by-jana-legler-44-1536x1024.jpg 1536w, https:\/\/www.deutsche-glasfaser.de\/blog\/wp-content\/uploads\/2023\/11\/2023-11-08-deutsche-glasfaser-hub27-by-jana-legler-44-2048x1365.jpg 2048w\" sizes=\"(max-width: 300px) 100vw, 300px\" \/><\/a>\n\t\t\t<\/dt><\/dl><dl class='gallery-item'>\n\t\t\t<dt class='gallery-icon landscape'>\n\t\t\t\t<a data-elementor-open-lightbox=\"yes\" data-elementor-lightbox-slideshow=\"f4e575d\" data-elementor-lightbox-title=\"2023-11-08-deutsche-glasfaser-hub27-by-jana-legler-30\" data-e-action-hash=\"#elementor-action%3Aaction%3Dlightbox%26settings%3DeyJpZCI6MTMyNzYsInVybCI6Imh0dHBzOlwvXC93d3cuZGV1dHNjaGUtZ2xhc2Zhc2VyLmRlXC9ibG9nXC93cC1jb250ZW50XC91cGxvYWRzXC8yMDIzXC8xMVwvMjAyMy0xMS0wOC1kZXV0c2NoZS1nbGFzZmFzZXItaHViMjctYnktamFuYS1sZWdsZXItMzAtc2NhbGVkLmpwZyIsInNsaWRlc2hvdyI6ImY0ZTU3NWQifQ%3D%3D\" href='https:\/\/www.deutsche-glasfaser.de\/blog\/wp-content\/uploads\/2023\/11\/2023-11-08-deutsche-glasfaser-hub27-by-jana-legler-30-scaled.jpg'><img loading=\"lazy\" decoding=\"async\" width=\"300\" height=\"200\" src=\"https:\/\/www.deutsche-glasfaser.de\/blog\/wp-content\/uploads\/2023\/11\/2023-11-08-deutsche-glasfaser-hub27-by-jana-legler-30-300x200.jpg\" class=\"attachment-medium size-medium\" alt=\"\" srcset=\"https:\/\/www.deutsche-glasfaser.de\/blog\/wp-content\/uploads\/2023\/11\/2023-11-08-deutsche-glasfaser-hub27-by-jana-legler-30-300x200.jpg 300w, https:\/\/www.deutsche-glasfaser.de\/blog\/wp-content\/uploads\/2023\/11\/2023-11-08-deutsche-glasfaser-hub27-by-jana-legler-30-1024x683.jpg 1024w, https:\/\/www.deutsche-glasfaser.de\/blog\/wp-content\/uploads\/2023\/11\/2023-11-08-deutsche-glasfaser-hub27-by-jana-legler-30-768x512.jpg 768w, https:\/\/www.deutsche-glasfaser.de\/blog\/wp-content\/uploads\/2023\/11\/2023-11-08-deutsche-glasfaser-hub27-by-jana-legler-30-1536x1024.jpg 1536w, https:\/\/www.deutsche-glasfaser.de\/blog\/wp-content\/uploads\/2023\/11\/2023-11-08-deutsche-glasfaser-hub27-by-jana-legler-30-2048x1365.jpg 2048w\" sizes=\"(max-width: 300px) 100vw, 300px\" \/><\/a>\n\t\t\t<\/dt><\/dl><dl class='gallery-item'>\n\t\t\t<dt class='gallery-icon landscape'>\n\t\t\t\t<a data-elementor-open-lightbox=\"yes\" data-elementor-lightbox-slideshow=\"f4e575d\" data-elementor-lightbox-title=\"2023-11-08-deutsche-glasfaser-hub27-by-jana-legler-16\" data-e-action-hash=\"#elementor-action%3Aaction%3Dlightbox%26settings%3DeyJpZCI6MTMzMjcsInVybCI6Imh0dHBzOlwvXC93d3cuZGV1dHNjaGUtZ2xhc2Zhc2VyLmRlXC9ibG9nXC93cC1jb250ZW50XC91cGxvYWRzXC8yMDIzXC8xMVwvMjAyMy0xMS0wOC1kZXV0c2NoZS1nbGFzZmFzZXItaHViMjctYnktamFuYS1sZWdsZXItMTYtMS5qcGciLCJzbGlkZXNob3ciOiJmNGU1NzVkIn0%3D\" href='https:\/\/www.deutsche-glasfaser.de\/blog\/wp-content\/uploads\/2023\/11\/2023-11-08-deutsche-glasfaser-hub27-by-jana-legler-16-1.jpg'><img loading=\"lazy\" decoding=\"async\" width=\"300\" height=\"200\" src=\"https:\/\/www.deutsche-glasfaser.de\/blog\/wp-content\/uploads\/2023\/11\/2023-11-08-deutsche-glasfaser-hub27-by-jana-legler-16-1-300x200.jpg\" class=\"attachment-medium size-medium\" alt=\"\" srcset=\"https:\/\/www.deutsche-glasfaser.de\/blog\/wp-content\/uploads\/2023\/11\/2023-11-08-deutsche-glasfaser-hub27-by-jana-legler-16-1-300x200.jpg 300w, https:\/\/www.deutsche-glasfaser.de\/blog\/wp-content\/uploads\/2023\/11\/2023-11-08-deutsche-glasfaser-hub27-by-jana-legler-16-1-1024x682.jpg 1024w, https:\/\/www.deutsche-glasfaser.de\/blog\/wp-content\/uploads\/2023\/11\/2023-11-08-deutsche-glasfaser-hub27-by-jana-legler-16-1-768x512.jpg 768w, https:\/\/www.deutsche-glasfaser.de\/blog\/wp-content\/uploads\/2023\/11\/2023-11-08-deutsche-glasfaser-hub27-by-jana-legler-16-1-1536x1024.jpg 1536w, https:\/\/www.deutsche-glasfaser.de\/blog\/wp-content\/uploads\/2023\/11\/2023-11-08-deutsche-glasfaser-hub27-by-jana-legler-16-1.jpg 2000w\" sizes=\"(max-width: 300px) 100vw, 300px\" \/><\/a>\n\t\t\t<\/dt><\/dl><dl class='gallery-item'>\n\t\t\t<dt class='gallery-icon landscape'>\n\t\t\t\t<a data-elementor-open-lightbox=\"yes\" data-elementor-lightbox-slideshow=\"f4e575d\" data-elementor-lightbox-title=\"2023-11-08-deutsche-glasfaser-hub27-by-jana-legler-30\" data-e-action-hash=\"#elementor-action%3Aaction%3Dlightbox%26settings%3DeyJpZCI6MTMzMjksInVybCI6Imh0dHBzOlwvXC93d3cuZGV1dHNjaGUtZ2xhc2Zhc2VyLmRlXC9ibG9nXC93cC1jb250ZW50XC91cGxvYWRzXC8yMDIzXC8xMVwvMjAyMy0xMS0wOC1kZXV0c2NoZS1nbGFzZmFzZXItaHViMjctYnktamFuYS1sZWdsZXItMzAtMi1zY2FsZWQuanBnIiwic2xpZGVzaG93IjoiZjRlNTc1ZCJ9\" href='https:\/\/www.deutsche-glasfaser.de\/blog\/wp-content\/uploads\/2023\/11\/2023-11-08-deutsche-glasfaser-hub27-by-jana-legler-30-2-scaled.jpg'><img loading=\"lazy\" decoding=\"async\" width=\"300\" height=\"200\" src=\"https:\/\/www.deutsche-glasfaser.de\/blog\/wp-content\/uploads\/2023\/11\/2023-11-08-deutsche-glasfaser-hub27-by-jana-legler-30-2-300x200.jpg\" class=\"attachment-medium size-medium\" alt=\"\" srcset=\"https:\/\/www.deutsche-glasfaser.de\/blog\/wp-content\/uploads\/2023\/11\/2023-11-08-deutsche-glasfaser-hub27-by-jana-legler-30-2-300x200.jpg 300w, https:\/\/www.deutsche-glasfaser.de\/blog\/wp-content\/uploads\/2023\/11\/2023-11-08-deutsche-glasfaser-hub27-by-jana-legler-30-2-1024x683.jpg 1024w, https:\/\/www.deutsche-glasfaser.de\/blog\/wp-content\/uploads\/2023\/11\/2023-11-08-deutsche-glasfaser-hub27-by-jana-legler-30-2-768x512.jpg 768w, https:\/\/www.deutsche-glasfaser.de\/blog\/wp-content\/uploads\/2023\/11\/2023-11-08-deutsche-glasfaser-hub27-by-jana-legler-30-2-1536x1024.jpg 1536w, https:\/\/www.deutsche-glasfaser.de\/blog\/wp-content\/uploads\/2023\/11\/2023-11-08-deutsche-glasfaser-hub27-by-jana-legler-30-2-2048x1365.jpg 2048w\" sizes=\"(max-width: 300px) 100vw, 300px\" \/><\/a>\n\t\t\t<\/dt><\/dl><br style=\"clear: both\" \/><dl class='gallery-item'>\n\t\t\t<dt class='gallery-icon landscape'>\n\t\t\t\t<a data-elementor-open-lightbox=\"yes\" data-elementor-lightbox-slideshow=\"f4e575d\" data-elementor-lightbox-title=\"2023-11-08-deutsche-glasfaser-hub27-by-jana-legler-37\" data-e-action-hash=\"#elementor-action%3Aaction%3Dlightbox%26settings%3DeyJpZCI6MTMzMzAsInVybCI6Imh0dHBzOlwvXC93d3cuZGV1dHNjaGUtZ2xhc2Zhc2VyLmRlXC9ibG9nXC93cC1jb250ZW50XC91cGxvYWRzXC8yMDIzXC8xMVwvMjAyMy0xMS0wOC1kZXV0c2NoZS1nbGFzZmFzZXItaHViMjctYnktamFuYS1sZWdsZXItMzctMS5qcGciLCJzbGlkZXNob3ciOiJmNGU1NzVkIn0%3D\" href='https:\/\/www.deutsche-glasfaser.de\/blog\/wp-content\/uploads\/2023\/11\/2023-11-08-deutsche-glasfaser-hub27-by-jana-legler-37-1.jpg'><img loading=\"lazy\" decoding=\"async\" width=\"300\" height=\"200\" src=\"https:\/\/www.deutsche-glasfaser.de\/blog\/wp-content\/uploads\/2023\/11\/2023-11-08-deutsche-glasfaser-hub27-by-jana-legler-37-1-300x200.jpg\" class=\"attachment-medium size-medium\" alt=\"\" srcset=\"https:\/\/www.deutsche-glasfaser.de\/blog\/wp-content\/uploads\/2023\/11\/2023-11-08-deutsche-glasfaser-hub27-by-jana-legler-37-1-300x200.jpg 300w, https:\/\/www.deutsche-glasfaser.de\/blog\/wp-content\/uploads\/2023\/11\/2023-11-08-deutsche-glasfaser-hub27-by-jana-legler-37-1-1024x682.jpg 1024w, https:\/\/www.deutsche-glasfaser.de\/blog\/wp-content\/uploads\/2023\/11\/2023-11-08-deutsche-glasfaser-hub27-by-jana-legler-37-1-768x512.jpg 768w, https:\/\/www.deutsche-glasfaser.de\/blog\/wp-content\/uploads\/2023\/11\/2023-11-08-deutsche-glasfaser-hub27-by-jana-legler-37-1-1536x1024.jpg 1536w, https:\/\/www.deutsche-glasfaser.de\/blog\/wp-content\/uploads\/2023\/11\/2023-11-08-deutsche-glasfaser-hub27-by-jana-legler-37-1.jpg 2000w\" sizes=\"(max-width: 300px) 100vw, 300px\" \/><\/a>\n\t\t\t<\/dt><\/dl><dl class='gallery-item'>\n\t\t\t<dt class='gallery-icon portrait'>\n\t\t\t\t<a data-elementor-open-lightbox=\"yes\" data-elementor-lightbox-slideshow=\"f4e575d\" data-elementor-lightbox-title=\"2023-11-08-deutsche-glasfaser-hub27-by-jana-legler-42\" data-e-action-hash=\"#elementor-action%3Aaction%3Dlightbox%26settings%3DeyJpZCI6MTMzMzEsInVybCI6Imh0dHBzOlwvXC93d3cuZGV1dHNjaGUtZ2xhc2Zhc2VyLmRlXC9ibG9nXC93cC1jb250ZW50XC91cGxvYWRzXC8yMDIzXC8xMVwvMjAyMy0xMS0wOC1kZXV0c2NoZS1nbGFzZmFzZXItaHViMjctYnktamFuYS1sZWdsZXItNDItMi1zY2FsZWQuanBnIiwic2xpZGVzaG93IjoiZjRlNTc1ZCJ9\" href='https:\/\/www.deutsche-glasfaser.de\/blog\/wp-content\/uploads\/2023\/11\/2023-11-08-deutsche-glasfaser-hub27-by-jana-legler-42-2-scaled.jpg'><img loading=\"lazy\" decoding=\"async\" width=\"200\" height=\"300\" src=\"https:\/\/www.deutsche-glasfaser.de\/blog\/wp-content\/uploads\/2023\/11\/2023-11-08-deutsche-glasfaser-hub27-by-jana-legler-42-2-200x300.jpg\" class=\"attachment-medium size-medium\" alt=\"\" srcset=\"https:\/\/www.deutsche-glasfaser.de\/blog\/wp-content\/uploads\/2023\/11\/2023-11-08-deutsche-glasfaser-hub27-by-jana-legler-42-2-200x300.jpg 200w, https:\/\/www.deutsche-glasfaser.de\/blog\/wp-content\/uploads\/2023\/11\/2023-11-08-deutsche-glasfaser-hub27-by-jana-legler-42-2-683x1024.jpg 683w, https:\/\/www.deutsche-glasfaser.de\/blog\/wp-content\/uploads\/2023\/11\/2023-11-08-deutsche-glasfaser-hub27-by-jana-legler-42-2-768x1152.jpg 768w, https:\/\/www.deutsche-glasfaser.de\/blog\/wp-content\/uploads\/2023\/11\/2023-11-08-deutsche-glasfaser-hub27-by-jana-legler-42-2-1024x1536.jpg 1024w, https:\/\/www.deutsche-glasfaser.de\/blog\/wp-content\/uploads\/2023\/11\/2023-11-08-deutsche-glasfaser-hub27-by-jana-legler-42-2-1365x2048.jpg 1365w, https:\/\/www.deutsche-glasfaser.de\/blog\/wp-content\/uploads\/2023\/11\/2023-11-08-deutsche-glasfaser-hub27-by-jana-legler-42-2-scaled.jpg 1707w\" sizes=\"(max-width: 200px) 100vw, 200px\" \/><\/a>\n\t\t\t<\/dt><\/dl><dl class='gallery-item'>\n\t\t\t<dt class='gallery-icon landscape'>\n\t\t\t\t<a data-elementor-open-lightbox=\"yes\" data-elementor-lightbox-slideshow=\"f4e575d\" data-elementor-lightbox-title=\"2023-11-08-deutsche-glasfaser-hub27-by-jana-legler-44\" data-e-action-hash=\"#elementor-action%3Aaction%3Dlightbox%26settings%3DeyJpZCI6MTMzMzIsInVybCI6Imh0dHBzOlwvXC93d3cuZGV1dHNjaGUtZ2xhc2Zhc2VyLmRlXC9ibG9nXC93cC1jb250ZW50XC91cGxvYWRzXC8yMDIzXC8xMVwvMjAyMy0xMS0wOC1kZXV0c2NoZS1nbGFzZmFzZXItaHViMjctYnktamFuYS1sZWdsZXItNDQtMi1zY2FsZWQuanBnIiwic2xpZGVzaG93IjoiZjRlNTc1ZCJ9\" href='https:\/\/www.deutsche-glasfaser.de\/blog\/wp-content\/uploads\/2023\/11\/2023-11-08-deutsche-glasfaser-hub27-by-jana-legler-44-2-scaled.jpg'><img loading=\"lazy\" decoding=\"async\" width=\"300\" height=\"200\" src=\"https:\/\/www.deutsche-glasfaser.de\/blog\/wp-content\/uploads\/2023\/11\/2023-11-08-deutsche-glasfaser-hub27-by-jana-legler-44-2-300x200.jpg\" class=\"attachment-medium size-medium\" alt=\"\" srcset=\"https:\/\/www.deutsche-glasfaser.de\/blog\/wp-content\/uploads\/2023\/11\/2023-11-08-deutsche-glasfaser-hub27-by-jana-legler-44-2-300x200.jpg 300w, https:\/\/www.deutsche-glasfaser.de\/blog\/wp-content\/uploads\/2023\/11\/2023-11-08-deutsche-glasfaser-hub27-by-jana-legler-44-2-1024x683.jpg 1024w, https:\/\/www.deutsche-glasfaser.de\/blog\/wp-content\/uploads\/2023\/11\/2023-11-08-deutsche-glasfaser-hub27-by-jana-legler-44-2-768x512.jpg 768w, https:\/\/www.deutsche-glasfaser.de\/blog\/wp-content\/uploads\/2023\/11\/2023-11-08-deutsche-glasfaser-hub27-by-jana-legler-44-2-1536x1024.jpg 1536w, https:\/\/www.deutsche-glasfaser.de\/blog\/wp-content\/uploads\/2023\/11\/2023-11-08-deutsche-glasfaser-hub27-by-jana-legler-44-2-2048x1365.jpg 2048w\" sizes=\"(max-width: 300px) 100vw, 300px\" \/><\/a>\n\t\t\t<\/dt><\/dl><dl class='gallery-item'>\n\t\t\t<dt class='gallery-icon landscape'>\n\t\t\t\t<a data-elementor-open-lightbox=\"yes\" data-elementor-lightbox-slideshow=\"f4e575d\" data-elementor-lightbox-title=\"2023-11-08-deutsche-glasfaser-hub27-by-jana-legler-49\" data-e-action-hash=\"#elementor-action%3Aaction%3Dlightbox%26settings%3DeyJpZCI6MTMzMzMsInVybCI6Imh0dHBzOlwvXC93d3cuZGV1dHNjaGUtZ2xhc2Zhc2VyLmRlXC9ibG9nXC93cC1jb250ZW50XC91cGxvYWRzXC8yMDIzXC8xMVwvMjAyMy0xMS0wOC1kZXV0c2NoZS1nbGFzZmFzZXItaHViMjctYnktamFuYS1sZWdsZXItNDktMi1zY2FsZWQuanBnIiwic2xpZGVzaG93IjoiZjRlNTc1ZCJ9\" href='https:\/\/www.deutsche-glasfaser.de\/blog\/wp-content\/uploads\/2023\/11\/2023-11-08-deutsche-glasfaser-hub27-by-jana-legler-49-2-scaled.jpg'><img loading=\"lazy\" decoding=\"async\" width=\"300\" height=\"200\" src=\"https:\/\/www.deutsche-glasfaser.de\/blog\/wp-content\/uploads\/2023\/11\/2023-11-08-deutsche-glasfaser-hub27-by-jana-legler-49-2-300x200.jpg\" class=\"attachment-medium size-medium\" alt=\"\" srcset=\"https:\/\/www.deutsche-glasfaser.de\/blog\/wp-content\/uploads\/2023\/11\/2023-11-08-deutsche-glasfaser-hub27-by-jana-legler-49-2-300x200.jpg 300w, https:\/\/www.deutsche-glasfaser.de\/blog\/wp-content\/uploads\/2023\/11\/2023-11-08-deutsche-glasfaser-hub27-by-jana-legler-49-2-1024x683.jpg 1024w, https:\/\/www.deutsche-glasfaser.de\/blog\/wp-content\/uploads\/2023\/11\/2023-11-08-deutsche-glasfaser-hub27-by-jana-legler-49-2-768x512.jpg 768w, https:\/\/www.deutsche-glasfaser.de\/blog\/wp-content\/uploads\/2023\/11\/2023-11-08-deutsche-glasfaser-hub27-by-jana-legler-49-2-1536x1024.jpg 1536w, https:\/\/www.deutsche-glasfaser.de\/blog\/wp-content\/uploads\/2023\/11\/2023-11-08-deutsche-glasfaser-hub27-by-jana-legler-49-2-2048x1365.jpg 2048w\" sizes=\"(max-width: 300px) 100vw, 300px\" \/><\/a>\n\t\t\t<\/dt><\/dl><br style=\"clear: both\" \/><dl class='gallery-item'>\n\t\t\t<dt class='gallery-icon landscape'>\n\t\t\t\t<a data-elementor-open-lightbox=\"yes\" data-elementor-lightbox-slideshow=\"f4e575d\" data-elementor-lightbox-title=\"2023-11-08-deutsche-glasfaser-hub27-by-jana-legler-53\" data-e-action-hash=\"#elementor-action%3Aaction%3Dlightbox%26settings%3DeyJpZCI6MTMzMzQsInVybCI6Imh0dHBzOlwvXC93d3cuZGV1dHNjaGUtZ2xhc2Zhc2VyLmRlXC9ibG9nXC93cC1jb250ZW50XC91cGxvYWRzXC8yMDIzXC8xMVwvMjAyMy0xMS0wOC1kZXV0c2NoZS1nbGFzZmFzZXItaHViMjctYnktamFuYS1sZWdsZXItNTMtMi1zY2FsZWQuanBnIiwic2xpZGVzaG93IjoiZjRlNTc1ZCJ9\" href='https:\/\/www.deutsche-glasfaser.de\/blog\/wp-content\/uploads\/2023\/11\/2023-11-08-deutsche-glasfaser-hub27-by-jana-legler-53-2-scaled.jpg'><img loading=\"lazy\" decoding=\"async\" width=\"300\" height=\"200\" src=\"https:\/\/www.deutsche-glasfaser.de\/blog\/wp-content\/uploads\/2023\/11\/2023-11-08-deutsche-glasfaser-hub27-by-jana-legler-53-2-300x200.jpg\" class=\"attachment-medium size-medium\" alt=\"\" srcset=\"https:\/\/www.deutsche-glasfaser.de\/blog\/wp-content\/uploads\/2023\/11\/2023-11-08-deutsche-glasfaser-hub27-by-jana-legler-53-2-300x200.jpg 300w, https:\/\/www.deutsche-glasfaser.de\/blog\/wp-content\/uploads\/2023\/11\/2023-11-08-deutsche-glasfaser-hub27-by-jana-legler-53-2-1024x683.jpg 1024w, https:\/\/www.deutsche-glasfaser.de\/blog\/wp-content\/uploads\/2023\/11\/2023-11-08-deutsche-glasfaser-hub27-by-jana-legler-53-2-768x512.jpg 768w, https:\/\/www.deutsche-glasfaser.de\/blog\/wp-content\/uploads\/2023\/11\/2023-11-08-deutsche-glasfaser-hub27-by-jana-legler-53-2-1536x1024.jpg 1536w, https:\/\/www.deutsche-glasfaser.de\/blog\/wp-content\/uploads\/2023\/11\/2023-11-08-deutsche-glasfaser-hub27-by-jana-legler-53-2-2048x1365.jpg 2048w\" sizes=\"(max-width: 300px) 100vw, 300px\" \/><\/a>\n\t\t\t<\/dt><\/dl><dl class='gallery-item'>\n\t\t\t<dt class='gallery-icon landscape'>\n\t\t\t\t<a data-elementor-open-lightbox=\"yes\" data-elementor-lightbox-slideshow=\"f4e575d\" data-elementor-lightbox-title=\"2023-11-08-deutsche-glasfaser-hub27-by-jana-legler-58\" data-e-action-hash=\"#elementor-action%3Aaction%3Dlightbox%26settings%3DeyJpZCI6MTMzMzUsInVybCI6Imh0dHBzOlwvXC93d3cuZGV1dHNjaGUtZ2xhc2Zhc2VyLmRlXC9ibG9nXC93cC1jb250ZW50XC91cGxvYWRzXC8yMDIzXC8xMVwvMjAyMy0xMS0wOC1kZXV0c2NoZS1nbGFzZmFzZXItaHViMjctYnktamFuYS1sZWdsZXItNTgtMS5qcGciLCJzbGlkZXNob3ciOiJmNGU1NzVkIn0%3D\" href='https:\/\/www.deutsche-glasfaser.de\/blog\/wp-content\/uploads\/2023\/11\/2023-11-08-deutsche-glasfaser-hub27-by-jana-legler-58-1.jpg'><img loading=\"lazy\" decoding=\"async\" width=\"300\" height=\"200\" src=\"https:\/\/www.deutsche-glasfaser.de\/blog\/wp-content\/uploads\/2023\/11\/2023-11-08-deutsche-glasfaser-hub27-by-jana-legler-58-1-300x200.jpg\" class=\"attachment-medium size-medium\" alt=\"\" srcset=\"https:\/\/www.deutsche-glasfaser.de\/blog\/wp-content\/uploads\/2023\/11\/2023-11-08-deutsche-glasfaser-hub27-by-jana-legler-58-1-300x200.jpg 300w, https:\/\/www.deutsche-glasfaser.de\/blog\/wp-content\/uploads\/2023\/11\/2023-11-08-deutsche-glasfaser-hub27-by-jana-legler-58-1-1024x682.jpg 1024w, https:\/\/www.deutsche-glasfaser.de\/blog\/wp-content\/uploads\/2023\/11\/2023-11-08-deutsche-glasfaser-hub27-by-jana-legler-58-1-768x512.jpg 768w, https:\/\/www.deutsche-glasfaser.de\/blog\/wp-content\/uploads\/2023\/11\/2023-11-08-deutsche-glasfaser-hub27-by-jana-legler-58-1-1536x1024.jpg 1536w, https:\/\/www.deutsche-glasfaser.de\/blog\/wp-content\/uploads\/2023\/11\/2023-11-08-deutsche-glasfaser-hub27-by-jana-legler-58-1.jpg 2000w\" sizes=\"(max-width: 300px) 100vw, 300px\" \/><\/a>\n\t\t\t<\/dt><\/dl><dl class='gallery-item'>\n\t\t\t<dt class='gallery-icon landscape'>\n\t\t\t\t<a data-elementor-open-lightbox=\"yes\" data-elementor-lightbox-slideshow=\"f4e575d\" data-elementor-lightbox-title=\"2023-11-08-deutsche-glasfaser-hub27-by-jana-legler-60\" data-e-action-hash=\"#elementor-action%3Aaction%3Dlightbox%26settings%3DeyJpZCI6MTMzMzYsInVybCI6Imh0dHBzOlwvXC93d3cuZGV1dHNjaGUtZ2xhc2Zhc2VyLmRlXC9ibG9nXC93cC1jb250ZW50XC91cGxvYWRzXC8yMDIzXC8xMVwvMjAyMy0xMS0wOC1kZXV0c2NoZS1nbGFzZmFzZXItaHViMjctYnktamFuYS1sZWdsZXItNjAtMS5qcGciLCJzbGlkZXNob3ciOiJmNGU1NzVkIn0%3D\" href='https:\/\/www.deutsche-glasfaser.de\/blog\/wp-content\/uploads\/2023\/11\/2023-11-08-deutsche-glasfaser-hub27-by-jana-legler-60-1.jpg'><img loading=\"lazy\" decoding=\"async\" width=\"300\" height=\"200\" src=\"https:\/\/www.deutsche-glasfaser.de\/blog\/wp-content\/uploads\/2023\/11\/2023-11-08-deutsche-glasfaser-hub27-by-jana-legler-60-1-300x200.jpg\" class=\"attachment-medium size-medium\" alt=\"\" srcset=\"https:\/\/www.deutsche-glasfaser.de\/blog\/wp-content\/uploads\/2023\/11\/2023-11-08-deutsche-glasfaser-hub27-by-jana-legler-60-1-300x200.jpg 300w, https:\/\/www.deutsche-glasfaser.de\/blog\/wp-content\/uploads\/2023\/11\/2023-11-08-deutsche-glasfaser-hub27-by-jana-legler-60-1-1024x682.jpg 1024w, https:\/\/www.deutsche-glasfaser.de\/blog\/wp-content\/uploads\/2023\/11\/2023-11-08-deutsche-glasfaser-hub27-by-jana-legler-60-1-768x512.jpg 768w, https:\/\/www.deutsche-glasfaser.de\/blog\/wp-content\/uploads\/2023\/11\/2023-11-08-deutsche-glasfaser-hub27-by-jana-legler-60-1-1536x1024.jpg 1536w, https:\/\/www.deutsche-glasfaser.de\/blog\/wp-content\/uploads\/2023\/11\/2023-11-08-deutsche-glasfaser-hub27-by-jana-legler-60-1.jpg 2000w\" sizes=\"(max-width: 300px) 100vw, 300px\" \/><\/a>\n\t\t\t<\/dt><\/dl><dl class='gallery-item'>\n\t\t\t<dt class='gallery-icon landscape'>\n\t\t\t\t<a data-elementor-open-lightbox=\"yes\" data-elementor-lightbox-slideshow=\"f4e575d\" data-elementor-lightbox-title=\"2023-11-08-deutsche-glasfaser-hub27-by-jana-legler-62\" data-e-action-hash=\"#elementor-action%3Aaction%3Dlightbox%26settings%3DeyJpZCI6MTMzMzcsInVybCI6Imh0dHBzOlwvXC93d3cuZGV1dHNjaGUtZ2xhc2Zhc2VyLmRlXC9ibG9nXC93cC1jb250ZW50XC91cGxvYWRzXC8yMDIzXC8xMVwvMjAyMy0xMS0wOC1kZXV0c2NoZS1nbGFzZmFzZXItaHViMjctYnktamFuYS1sZWdsZXItNjItMS5qcGciLCJzbGlkZXNob3ciOiJmNGU1NzVkIn0%3D\" href='https:\/\/www.deutsche-glasfaser.de\/blog\/wp-content\/uploads\/2023\/11\/2023-11-08-deutsche-glasfaser-hub27-by-jana-legler-62-1.jpg'><img loading=\"lazy\" decoding=\"async\" width=\"300\" height=\"200\" src=\"https:\/\/www.deutsche-glasfaser.de\/blog\/wp-content\/uploads\/2023\/11\/2023-11-08-deutsche-glasfaser-hub27-by-jana-legler-62-1-300x200.jpg\" class=\"attachment-medium size-medium\" alt=\"\" srcset=\"https:\/\/www.deutsche-glasfaser.de\/blog\/wp-content\/uploads\/2023\/11\/2023-11-08-deutsche-glasfaser-hub27-by-jana-legler-62-1-300x200.jpg 300w, https:\/\/www.deutsche-glasfaser.de\/blog\/wp-content\/uploads\/2023\/11\/2023-11-08-deutsche-glasfaser-hub27-by-jana-legler-62-1-1024x682.jpg 1024w, https:\/\/www.deutsche-glasfaser.de\/blog\/wp-content\/uploads\/2023\/11\/2023-11-08-deutsche-glasfaser-hub27-by-jana-legler-62-1-768x512.jpg 768w, https:\/\/www.deutsche-glasfaser.de\/blog\/wp-content\/uploads\/2023\/11\/2023-11-08-deutsche-glasfaser-hub27-by-jana-legler-62-1-1536x1024.jpg 1536w, https:\/\/www.deutsche-glasfaser.de\/blog\/wp-content\/uploads\/2023\/11\/2023-11-08-deutsche-glasfaser-hub27-by-jana-legler-62-1.jpg 2000w\" sizes=\"(max-width: 300px) 100vw, 300px\" \/><\/a>\n\t\t\t<\/dt><\/dl><br style=\"clear: both\" \/><dl class='gallery-item'>\n\t\t\t<dt class='gallery-icon landscape'>\n\t\t\t\t<a data-elementor-open-lightbox=\"yes\" data-elementor-lightbox-slideshow=\"f4e575d\" data-elementor-lightbox-title=\"2023-11-08-deutsche-glasfaser-hub27-by-jana-legler-25\" data-e-action-hash=\"#elementor-action%3Aaction%3Dlightbox%26settings%3DeyJpZCI6MTMzMjgsInVybCI6Imh0dHBzOlwvXC93d3cuZGV1dHNjaGUtZ2xhc2Zhc2VyLmRlXC9ibG9nXC93cC1jb250ZW50XC91cGxvYWRzXC8yMDIzXC8xMVwvMjAyMy0xMS0wOC1kZXV0c2NoZS1nbGFzZmFzZXItaHViMjctYnktamFuYS1sZWdsZXItMjUtMi1zY2FsZWQuanBnIiwic2xpZGVzaG93IjoiZjRlNTc1ZCJ9\" href='https:\/\/www.deutsche-glasfaser.de\/blog\/wp-content\/uploads\/2023\/11\/2023-11-08-deutsche-glasfaser-hub27-by-jana-legler-25-2-scaled.jpg'><img loading=\"lazy\" decoding=\"async\" width=\"300\" height=\"200\" src=\"https:\/\/www.deutsche-glasfaser.de\/blog\/wp-content\/uploads\/2023\/11\/2023-11-08-deutsche-glasfaser-hub27-by-jana-legler-25-2-300x200.jpg\" class=\"attachment-medium size-medium\" alt=\"\" srcset=\"https:\/\/www.deutsche-glasfaser.de\/blog\/wp-content\/uploads\/2023\/11\/2023-11-08-deutsche-glasfaser-hub27-by-jana-legler-25-2-300x200.jpg 300w, https:\/\/www.deutsche-glasfaser.de\/blog\/wp-content\/uploads\/2023\/11\/2023-11-08-deutsche-glasfaser-hub27-by-jana-legler-25-2-1024x683.jpg 1024w, https:\/\/www.deutsche-glasfaser.de\/blog\/wp-content\/uploads\/2023\/11\/2023-11-08-deutsche-glasfaser-hub27-by-jana-legler-25-2-768x512.jpg 768w, https:\/\/www.deutsche-glasfaser.de\/blog\/wp-content\/uploads\/2023\/11\/2023-11-08-deutsche-glasfaser-hub27-by-jana-legler-25-2-1536x1024.jpg 1536w, https:\/\/www.deutsche-glasfaser.de\/blog\/wp-content\/uploads\/2023\/11\/2023-11-08-deutsche-glasfaser-hub27-by-jana-legler-25-2-2048x1365.jpg 2048w\" sizes=\"(max-width: 300px) 100vw, 300px\" \/><\/a>\n\t\t\t<\/dt><\/dl><dl class='gallery-item'>\n\t\t\t<dt class='gallery-icon landscape'>\n\t\t\t\t<a data-elementor-open-lightbox=\"yes\" data-elementor-lightbox-slideshow=\"f4e575d\" data-elementor-lightbox-title=\"2023-11-08-deutsche-glasfaser-hub27-by-jana-legler-63\" data-e-action-hash=\"#elementor-action%3Aaction%3Dlightbox%26settings%3DeyJpZCI6MTMzMzgsInVybCI6Imh0dHBzOlwvXC93d3cuZGV1dHNjaGUtZ2xhc2Zhc2VyLmRlXC9ibG9nXC93cC1jb250ZW50XC91cGxvYWRzXC8yMDIzXC8xMVwvMjAyMy0xMS0wOC1kZXV0c2NoZS1nbGFzZmFzZXItaHViMjctYnktamFuYS1sZWdsZXItNjMtMS5qcGciLCJzbGlkZXNob3ciOiJmNGU1NzVkIn0%3D\" href='https:\/\/www.deutsche-glasfaser.de\/blog\/wp-content\/uploads\/2023\/11\/2023-11-08-deutsche-glasfaser-hub27-by-jana-legler-63-1.jpg'><img loading=\"lazy\" decoding=\"async\" width=\"300\" height=\"200\" src=\"https:\/\/www.deutsche-glasfaser.de\/blog\/wp-content\/uploads\/2023\/11\/2023-11-08-deutsche-glasfaser-hub27-by-jana-legler-63-1-300x200.jpg\" class=\"attachment-medium size-medium\" alt=\"\" srcset=\"https:\/\/www.deutsche-glasfaser.de\/blog\/wp-content\/uploads\/2023\/11\/2023-11-08-deutsche-glasfaser-hub27-by-jana-legler-63-1-300x200.jpg 300w, https:\/\/www.deutsche-glasfaser.de\/blog\/wp-content\/uploads\/2023\/11\/2023-11-08-deutsche-glasfaser-hub27-by-jana-legler-63-1-1024x682.jpg 1024w, https:\/\/www.deutsche-glasfaser.de\/blog\/wp-content\/uploads\/2023\/11\/2023-11-08-deutsche-glasfaser-hub27-by-jana-legler-63-1-768x512.jpg 768w, https:\/\/www.deutsche-glasfaser.de\/blog\/wp-content\/uploads\/2023\/11\/2023-11-08-deutsche-glasfaser-hub27-by-jana-legler-63-1-1536x1024.jpg 1536w, https:\/\/www.deutsche-glasfaser.de\/blog\/wp-content\/uploads\/2023\/11\/2023-11-08-deutsche-glasfaser-hub27-by-jana-legler-63-1.jpg 2000w\" sizes=\"(max-width: 300px) 100vw, 300px\" \/><\/a>\n\t\t\t<\/dt><\/dl><dl class='gallery-item'>\n\t\t\t<dt class='gallery-icon portrait'>\n\t\t\t\t<a data-elementor-open-lightbox=\"yes\" data-elementor-lightbox-slideshow=\"f4e575d\" data-elementor-lightbox-title=\"2023-11-08-deutsche-glasfaser-hub27-by-jana-legler-68\" data-e-action-hash=\"#elementor-action%3Aaction%3Dlightbox%26settings%3DeyJpZCI6MTMzNDAsInVybCI6Imh0dHBzOlwvXC93d3cuZGV1dHNjaGUtZ2xhc2Zhc2VyLmRlXC9ibG9nXC93cC1jb250ZW50XC91cGxvYWRzXC8yMDIzXC8xMVwvMjAyMy0xMS0wOC1kZXV0c2NoZS1nbGFzZmFzZXItaHViMjctYnktamFuYS1sZWdsZXItNjgtMS5qcGciLCJzbGlkZXNob3ciOiJmNGU1NzVkIn0%3D\" href='https:\/\/www.deutsche-glasfaser.de\/blog\/wp-content\/uploads\/2023\/11\/2023-11-08-deutsche-glasfaser-hub27-by-jana-legler-68-1.jpg'><img loading=\"lazy\" decoding=\"async\" width=\"200\" height=\"300\" src=\"https:\/\/www.deutsche-glasfaser.de\/blog\/wp-content\/uploads\/2023\/11\/2023-11-08-deutsche-glasfaser-hub27-by-jana-legler-68-1-200x300.jpg\" class=\"attachment-medium size-medium\" alt=\"\" srcset=\"https:\/\/www.deutsche-glasfaser.de\/blog\/wp-content\/uploads\/2023\/11\/2023-11-08-deutsche-glasfaser-hub27-by-jana-legler-68-1-200x300.jpg 200w, https:\/\/www.deutsche-glasfaser.de\/blog\/wp-content\/uploads\/2023\/11\/2023-11-08-deutsche-glasfaser-hub27-by-jana-legler-68-1-682x1024.jpg 682w, https:\/\/www.deutsche-glasfaser.de\/blog\/wp-content\/uploads\/2023\/11\/2023-11-08-deutsche-glasfaser-hub27-by-jana-legler-68-1-768x1152.jpg 768w, https:\/\/www.deutsche-glasfaser.de\/blog\/wp-content\/uploads\/2023\/11\/2023-11-08-deutsche-glasfaser-hub27-by-jana-legler-68-1-1024x1536.jpg 1024w, https:\/\/www.deutsche-glasfaser.de\/blog\/wp-content\/uploads\/2023\/11\/2023-11-08-deutsche-glasfaser-hub27-by-jana-legler-68-1.jpg 1333w\" sizes=\"(max-width: 200px) 100vw, 200px\" \/><\/a>\n\t\t\t<\/dt><\/dl><dl class='gallery-item'>\n\t\t\t<dt class='gallery-icon landscape'>\n\t\t\t\t<a data-elementor-open-lightbox=\"yes\" data-elementor-lightbox-slideshow=\"f4e575d\" data-elementor-lightbox-title=\"2023-11-08-deutsche-glasfaser-hub27-by-jana-legler-73\" data-e-action-hash=\"#elementor-action%3Aaction%3Dlightbox%26settings%3DeyJpZCI6MTMzNDEsInVybCI6Imh0dHBzOlwvXC93d3cuZGV1dHNjaGUtZ2xhc2Zhc2VyLmRlXC9ibG9nXC93cC1jb250ZW50XC91cGxvYWRzXC8yMDIzXC8xMVwvMjAyMy0xMS0wOC1kZXV0c2NoZS1nbGFzZmFzZXItaHViMjctYnktamFuYS1sZWdsZXItNzMtMi1zY2FsZWQuanBnIiwic2xpZGVzaG93IjoiZjRlNTc1ZCJ9\" href='https:\/\/www.deutsche-glasfaser.de\/blog\/wp-content\/uploads\/2023\/11\/2023-11-08-deutsche-glasfaser-hub27-by-jana-legler-73-2-scaled.jpg'><img loading=\"lazy\" decoding=\"async\" width=\"300\" height=\"200\" src=\"https:\/\/www.deutsche-glasfaser.de\/blog\/wp-content\/uploads\/2023\/11\/2023-11-08-deutsche-glasfaser-hub27-by-jana-legler-73-2-300x200.jpg\" class=\"attachment-medium size-medium\" alt=\"\" srcset=\"https:\/\/www.deutsche-glasfaser.de\/blog\/wp-content\/uploads\/2023\/11\/2023-11-08-deutsche-glasfaser-hub27-by-jana-legler-73-2-300x200.jpg 300w, https:\/\/www.deutsche-glasfaser.de\/blog\/wp-content\/uploads\/2023\/11\/2023-11-08-deutsche-glasfaser-hub27-by-jana-legler-73-2-1024x683.jpg 1024w, https:\/\/www.deutsche-glasfaser.de\/blog\/wp-content\/uploads\/2023\/11\/2023-11-08-deutsche-glasfaser-hub27-by-jana-legler-73-2-768x512.jpg 768w, https:\/\/www.deutsche-glasfaser.de\/blog\/wp-content\/uploads\/2023\/11\/2023-11-08-deutsche-glasfaser-hub27-by-jana-legler-73-2-1536x1024.jpg 1536w, https:\/\/www.deutsche-glasfaser.de\/blog\/wp-content\/uploads\/2023\/11\/2023-11-08-deutsche-glasfaser-hub27-by-jana-legler-73-2-2048x1365.jpg 2048w\" sizes=\"(max-width: 300px) 100vw, 300px\" \/><\/a>\n\t\t\t<\/dt><\/dl><br style=\"clear: both\" \/><dl class='gallery-item'>\n\t\t\t<dt class='gallery-icon landscape'>\n\t\t\t\t<a data-elementor-open-lightbox=\"yes\" data-elementor-lightbox-slideshow=\"f4e575d\" data-elementor-lightbox-title=\"2023-11-08-deutsche-glasfaser-hub27-by-jana-legler-74\" data-e-action-hash=\"#elementor-action%3Aaction%3Dlightbox%26settings%3DeyJpZCI6MTMzNDIsInVybCI6Imh0dHBzOlwvXC93d3cuZGV1dHNjaGUtZ2xhc2Zhc2VyLmRlXC9ibG9nXC93cC1jb250ZW50XC91cGxvYWRzXC8yMDIzXC8xMVwvMjAyMy0xMS0wOC1kZXV0c2NoZS1nbGFzZmFzZXItaHViMjctYnktamFuYS1sZWdsZXItNzQtMS5qcGciLCJzbGlkZXNob3ciOiJmNGU1NzVkIn0%3D\" href='https:\/\/www.deutsche-glasfaser.de\/blog\/wp-content\/uploads\/2023\/11\/2023-11-08-deutsche-glasfaser-hub27-by-jana-legler-74-1.jpg'><img loading=\"lazy\" decoding=\"async\" width=\"300\" height=\"200\" src=\"https:\/\/www.deutsche-glasfaser.de\/blog\/wp-content\/uploads\/2023\/11\/2023-11-08-deutsche-glasfaser-hub27-by-jana-legler-74-1-300x200.jpg\" class=\"attachment-medium size-medium\" alt=\"\" srcset=\"https:\/\/www.deutsche-glasfaser.de\/blog\/wp-content\/uploads\/2023\/11\/2023-11-08-deutsche-glasfaser-hub27-by-jana-legler-74-1-300x200.jpg 300w, https:\/\/www.deutsche-glasfaser.de\/blog\/wp-content\/uploads\/2023\/11\/2023-11-08-deutsche-glasfaser-hub27-by-jana-legler-74-1-1024x682.jpg 1024w, https:\/\/www.deutsche-glasfaser.de\/blog\/wp-content\/uploads\/2023\/11\/2023-11-08-deutsche-glasfaser-hub27-by-jana-legler-74-1-768x512.jpg 768w, https:\/\/www.deutsche-glasfaser.de\/blog\/wp-content\/uploads\/2023\/11\/2023-11-08-deutsche-glasfaser-hub27-by-jana-legler-74-1-1536x1024.jpg 1536w, https:\/\/www.deutsche-glasfaser.de\/blog\/wp-content\/uploads\/2023\/11\/2023-11-08-deutsche-glasfaser-hub27-by-jana-legler-74-1.jpg 2000w\" sizes=\"(max-width: 300px) 100vw, 300px\" \/><\/a>\n\t\t\t<\/dt><\/dl><dl class='gallery-item'>\n\t\t\t<dt class='gallery-icon landscape'>\n\t\t\t\t<a data-elementor-open-lightbox=\"yes\" data-elementor-lightbox-slideshow=\"f4e575d\" data-elementor-lightbox-title=\"2023-11-08-deutsche-glasfaser-hub27-by-jana-legler-85\" data-e-action-hash=\"#elementor-action%3Aaction%3Dlightbox%26settings%3DeyJpZCI6MTMzNDMsInVybCI6Imh0dHBzOlwvXC93d3cuZGV1dHNjaGUtZ2xhc2Zhc2VyLmRlXC9ibG9nXC93cC1jb250ZW50XC91cGxvYWRzXC8yMDIzXC8xMVwvMjAyMy0xMS0wOC1kZXV0c2NoZS1nbGFzZmFzZXItaHViMjctYnktamFuYS1sZWdsZXItODUtMi1zY2FsZWQuanBnIiwic2xpZGVzaG93IjoiZjRlNTc1ZCJ9\" href='https:\/\/www.deutsche-glasfaser.de\/blog\/wp-content\/uploads\/2023\/11\/2023-11-08-deutsche-glasfaser-hub27-by-jana-legler-85-2-scaled.jpg'><img loading=\"lazy\" decoding=\"async\" width=\"300\" height=\"200\" src=\"https:\/\/www.deutsche-glasfaser.de\/blog\/wp-content\/uploads\/2023\/11\/2023-11-08-deutsche-glasfaser-hub27-by-jana-legler-85-2-300x200.jpg\" class=\"attachment-medium size-medium\" alt=\"\" srcset=\"https:\/\/www.deutsche-glasfaser.de\/blog\/wp-content\/uploads\/2023\/11\/2023-11-08-deutsche-glasfaser-hub27-by-jana-legler-85-2-300x200.jpg 300w, https:\/\/www.deutsche-glasfaser.de\/blog\/wp-content\/uploads\/2023\/11\/2023-11-08-deutsche-glasfaser-hub27-by-jana-legler-85-2-1024x683.jpg 1024w, https:\/\/www.deutsche-glasfaser.de\/blog\/wp-content\/uploads\/2023\/11\/2023-11-08-deutsche-glasfaser-hub27-by-jana-legler-85-2-768x512.jpg 768w, https:\/\/www.deutsche-glasfaser.de\/blog\/wp-content\/uploads\/2023\/11\/2023-11-08-deutsche-glasfaser-hub27-by-jana-legler-85-2-1536x1024.jpg 1536w, https:\/\/www.deutsche-glasfaser.de\/blog\/wp-content\/uploads\/2023\/11\/2023-11-08-deutsche-glasfaser-hub27-by-jana-legler-85-2-2048x1365.jpg 2048w\" sizes=\"(max-width: 300px) 100vw, 300px\" \/><\/a>\n\t\t\t<\/dt><\/dl><dl class='gallery-item'>\n\t\t\t<dt class='gallery-icon landscape'>\n\t\t\t\t<a data-elementor-open-lightbox=\"yes\" data-elementor-lightbox-slideshow=\"f4e575d\" data-elementor-lightbox-title=\"2023-11-08-deutsche-glasfaser-hub27-by-jana-legler-87\" data-e-action-hash=\"#elementor-action%3Aaction%3Dlightbox%26settings%3DeyJpZCI6MTMzNDQsInVybCI6Imh0dHBzOlwvXC93d3cuZGV1dHNjaGUtZ2xhc2Zhc2VyLmRlXC9ibG9nXC93cC1jb250ZW50XC91cGxvYWRzXC8yMDIzXC8xMVwvMjAyMy0xMS0wOC1kZXV0c2NoZS1nbGFzZmFzZXItaHViMjctYnktamFuYS1sZWdsZXItODctMS5qcGciLCJzbGlkZXNob3ciOiJmNGU1NzVkIn0%3D\" href='https:\/\/www.deutsche-glasfaser.de\/blog\/wp-content\/uploads\/2023\/11\/2023-11-08-deutsche-glasfaser-hub27-by-jana-legler-87-1.jpg'><img loading=\"lazy\" decoding=\"async\" width=\"300\" height=\"200\" src=\"https:\/\/www.deutsche-glasfaser.de\/blog\/wp-content\/uploads\/2023\/11\/2023-11-08-deutsche-glasfaser-hub27-by-jana-legler-87-1-300x200.jpg\" class=\"attachment-medium size-medium\" alt=\"\" srcset=\"https:\/\/www.deutsche-glasfaser.de\/blog\/wp-content\/uploads\/2023\/11\/2023-11-08-deutsche-glasfaser-hub27-by-jana-legler-87-1-300x200.jpg 300w, https:\/\/www.deutsche-glasfaser.de\/blog\/wp-content\/uploads\/2023\/11\/2023-11-08-deutsche-glasfaser-hub27-by-jana-legler-87-1-1024x682.jpg 1024w, https:\/\/www.deutsche-glasfaser.de\/blog\/wp-content\/uploads\/2023\/11\/2023-11-08-deutsche-glasfaser-hub27-by-jana-legler-87-1-768x512.jpg 768w, https:\/\/www.deutsche-glasfaser.de\/blog\/wp-content\/uploads\/2023\/11\/2023-11-08-deutsche-glasfaser-hub27-by-jana-legler-87-1-1536x1024.jpg 1536w, https:\/\/www.deutsche-glasfaser.de\/blog\/wp-content\/uploads\/2023\/11\/2023-11-08-deutsche-glasfaser-hub27-by-jana-legler-87-1.jpg 2000w\" sizes=\"(max-width: 300px) 100vw, 300px\" \/><\/a>\n\t\t\t<\/dt><\/dl><dl class='gallery-item'>\n\t\t\t<dt class='gallery-icon landscape'>\n\t\t\t\t<a data-elementor-open-lightbox=\"yes\" data-elementor-lightbox-slideshow=\"f4e575d\" data-elementor-lightbox-title=\"2023-11-08-deutsche-glasfaser-hub27-by-jana-legler-95\" data-e-action-hash=\"#elementor-action%3Aaction%3Dlightbox%26settings%3DeyJpZCI6MTMzNDUsInVybCI6Imh0dHBzOlwvXC93d3cuZGV1dHNjaGUtZ2xhc2Zhc2VyLmRlXC9ibG9nXC93cC1jb250ZW50XC91cGxvYWRzXC8yMDIzXC8xMVwvMjAyMy0xMS0wOC1kZXV0c2NoZS1nbGFzZmFzZXItaHViMjctYnktamFuYS1sZWdsZXItOTUtMi1zY2FsZWQuanBnIiwic2xpZGVzaG93IjoiZjRlNTc1ZCJ9\" href='https:\/\/www.deutsche-glasfaser.de\/blog\/wp-content\/uploads\/2023\/11\/2023-11-08-deutsche-glasfaser-hub27-by-jana-legler-95-2-scaled.jpg'><img loading=\"lazy\" decoding=\"async\" width=\"300\" height=\"200\" src=\"https:\/\/www.deutsche-glasfaser.de\/blog\/wp-content\/uploads\/2023\/11\/2023-11-08-deutsche-glasfaser-hub27-by-jana-legler-95-2-300x200.jpg\" class=\"attachment-medium size-medium\" alt=\"Diskussion am runden Tisch\" aria-describedby=\"gallery-1-13345\" srcset=\"https:\/\/www.deutsche-glasfaser.de\/blog\/wp-content\/uploads\/2023\/11\/2023-11-08-deutsche-glasfaser-hub27-by-jana-legler-95-2-300x200.jpg 300w, https:\/\/www.deutsche-glasfaser.de\/blog\/wp-content\/uploads\/2023\/11\/2023-11-08-deutsche-glasfaser-hub27-by-jana-legler-95-2-1024x683.jpg 1024w, https:\/\/www.deutsche-glasfaser.de\/blog\/wp-content\/uploads\/2023\/11\/2023-11-08-deutsche-glasfaser-hub27-by-jana-legler-95-2-768x512.jpg 768w, https:\/\/www.deutsche-glasfaser.de\/blog\/wp-content\/uploads\/2023\/11\/2023-11-08-deutsche-glasfaser-hub27-by-jana-legler-95-2-1536x1024.jpg 1536w, https:\/\/www.deutsche-glasfaser.de\/blog\/wp-content\/uploads\/2023\/11\/2023-11-08-deutsche-glasfaser-hub27-by-jana-legler-95-2-2048x1365.jpg 2048w\" sizes=\"(max-width: 300px) 100vw, 300px\" \/><\/a>\n\t\t\t<\/dt>\n\t\t\t\t<dd class='wp-caption-text gallery-caption' id='gallery-1-13345'>\n\t\t\t\tKonstruktiver Austausch auf Augenh\u00f6he: So sah es beim Roundtable der SCCON 2023 aus. \u00a9 Deutsche Glasfaser \/ Jana Legler\n\t\t\t\t<\/dd><\/dl><br style=\"clear: both\" \/><dl class='gallery-item'>\n\t\t\t<dt class='gallery-icon landscape'>\n\t\t\t\t<a data-elementor-open-lightbox=\"yes\" data-elementor-lightbox-slideshow=\"f4e575d\" data-elementor-lightbox-title=\"2023-11-08-deutsche-glasfaser-hub27-by-jana-legler-96\" data-e-action-hash=\"#elementor-action%3Aaction%3Dlightbox%26settings%3DeyJpZCI6MTMzNDcsInVybCI6Imh0dHBzOlwvXC93d3cuZGV1dHNjaGUtZ2xhc2Zhc2VyLmRlXC9ibG9nXC93cC1jb250ZW50XC91cGxvYWRzXC8yMDIzXC8xMVwvMjAyMy0xMS0wOC1kZXV0c2NoZS1nbGFzZmFzZXItaHViMjctYnktamFuYS1sZWdsZXItOTYtMS5qcGciLCJzbGlkZXNob3ciOiJmNGU1NzVkIn0%3D\" href='https:\/\/www.deutsche-glasfaser.de\/blog\/wp-content\/uploads\/2023\/11\/2023-11-08-deutsche-glasfaser-hub27-by-jana-legler-96-1.jpg'><img loading=\"lazy\" decoding=\"async\" width=\"300\" height=\"200\" src=\"https:\/\/www.deutsche-glasfaser.de\/blog\/wp-content\/uploads\/2023\/11\/2023-11-08-deutsche-glasfaser-hub27-by-jana-legler-96-1-300x200.jpg\" class=\"attachment-medium size-medium\" alt=\"\" srcset=\"https:\/\/www.deutsche-glasfaser.de\/blog\/wp-content\/uploads\/2023\/11\/2023-11-08-deutsche-glasfaser-hub27-by-jana-legler-96-1-300x200.jpg 300w, https:\/\/www.deutsche-glasfaser.de\/blog\/wp-content\/uploads\/2023\/11\/2023-11-08-deutsche-glasfaser-hub27-by-jana-legler-96-1-1024x682.jpg 1024w, https:\/\/www.deutsche-glasfaser.de\/blog\/wp-content\/uploads\/2023\/11\/2023-11-08-deutsche-glasfaser-hub27-by-jana-legler-96-1-768x512.jpg 768w, https:\/\/www.deutsche-glasfaser.de\/blog\/wp-content\/uploads\/2023\/11\/2023-11-08-deutsche-glasfaser-hub27-by-jana-legler-96-1-1536x1024.jpg 1536w, https:\/\/www.deutsche-glasfaser.de\/blog\/wp-content\/uploads\/2023\/11\/2023-11-08-deutsche-glasfaser-hub27-by-jana-legler-96-1.jpg 2000w\" sizes=\"(max-width: 300px) 100vw, 300px\" \/><\/a>\n\t\t\t<\/dt><\/dl><dl class='gallery-item'>\n\t\t\t<dt class='gallery-icon landscape'>\n\t\t\t\t<a data-elementor-open-lightbox=\"yes\" data-elementor-lightbox-slideshow=\"f4e575d\" data-elementor-lightbox-title=\"2023-11-08-deutsche-glasfaser-hub27-by-jana-legler-98\" data-e-action-hash=\"#elementor-action%3Aaction%3Dlightbox%26settings%3DeyJpZCI6MTMzNDgsInVybCI6Imh0dHBzOlwvXC93d3cuZGV1dHNjaGUtZ2xhc2Zhc2VyLmRlXC9ibG9nXC93cC1jb250ZW50XC91cGxvYWRzXC8yMDIzXC8xMVwvMjAyMy0xMS0wOC1kZXV0c2NoZS1nbGFzZmFzZXItaHViMjctYnktamFuYS1sZWdsZXItOTgtMS5qcGciLCJzbGlkZXNob3ciOiJmNGU1NzVkIn0%3D\" href='https:\/\/www.deutsche-glasfaser.de\/blog\/wp-content\/uploads\/2023\/11\/2023-11-08-deutsche-glasfaser-hub27-by-jana-legler-98-1.jpg'><img loading=\"lazy\" decoding=\"async\" width=\"300\" height=\"200\" src=\"https:\/\/www.deutsche-glasfaser.de\/blog\/wp-content\/uploads\/2023\/11\/2023-11-08-deutsche-glasfaser-hub27-by-jana-legler-98-1-300x200.jpg\" class=\"attachment-medium size-medium\" alt=\"\" srcset=\"https:\/\/www.deutsche-glasfaser.de\/blog\/wp-content\/uploads\/2023\/11\/2023-11-08-deutsche-glasfaser-hub27-by-jana-legler-98-1-300x200.jpg 300w, https:\/\/www.deutsche-glasfaser.de\/blog\/wp-content\/uploads\/2023\/11\/2023-11-08-deutsche-glasfaser-hub27-by-jana-legler-98-1-1024x682.jpg 1024w, https:\/\/www.deutsche-glasfaser.de\/blog\/wp-content\/uploads\/2023\/11\/2023-11-08-deutsche-glasfaser-hub27-by-jana-legler-98-1-768x512.jpg 768w, https:\/\/www.deutsche-glasfaser.de\/blog\/wp-content\/uploads\/2023\/11\/2023-11-08-deutsche-glasfaser-hub27-by-jana-legler-98-1-1536x1024.jpg 1536w, https:\/\/www.deutsche-glasfaser.de\/blog\/wp-content\/uploads\/2023\/11\/2023-11-08-deutsche-glasfaser-hub27-by-jana-legler-98-1.jpg 2000w\" sizes=\"(max-width: 300px) 100vw, 300px\" \/><\/a>\n\t\t\t<\/dt><\/dl><dl class='gallery-item'>\n\t\t\t<dt class='gallery-icon portrait'>\n\t\t\t\t<a data-elementor-open-lightbox=\"yes\" data-elementor-lightbox-slideshow=\"f4e575d\" data-elementor-lightbox-title=\"2023-11-08-deutsche-glasfaser-hub27-by-jana-legler-99\" data-e-action-hash=\"#elementor-action%3Aaction%3Dlightbox%26settings%3DeyJpZCI6MTMzNDksInVybCI6Imh0dHBzOlwvXC93d3cuZGV1dHNjaGUtZ2xhc2Zhc2VyLmRlXC9ibG9nXC93cC1jb250ZW50XC91cGxvYWRzXC8yMDIzXC8xMVwvMjAyMy0xMS0wOC1kZXV0c2NoZS1nbGFzZmFzZXItaHViMjctYnktamFuYS1sZWdsZXItOTktMS5qcGciLCJzbGlkZXNob3ciOiJmNGU1NzVkIn0%3D\" href='https:\/\/www.deutsche-glasfaser.de\/blog\/wp-content\/uploads\/2023\/11\/2023-11-08-deutsche-glasfaser-hub27-by-jana-legler-99-1.jpg'><img loading=\"lazy\" decoding=\"async\" width=\"200\" height=\"300\" src=\"https:\/\/www.deutsche-glasfaser.de\/blog\/wp-content\/uploads\/2023\/11\/2023-11-08-deutsche-glasfaser-hub27-by-jana-legler-99-1-200x300.jpg\" class=\"attachment-medium size-medium\" alt=\"\" srcset=\"https:\/\/www.deutsche-glasfaser.de\/blog\/wp-content\/uploads\/2023\/11\/2023-11-08-deutsche-glasfaser-hub27-by-jana-legler-99-1-200x300.jpg 200w, https:\/\/www.deutsche-glasfaser.de\/blog\/wp-content\/uploads\/2023\/11\/2023-11-08-deutsche-glasfaser-hub27-by-jana-legler-99-1-682x1024.jpg 682w, https:\/\/www.deutsche-glasfaser.de\/blog\/wp-content\/uploads\/2023\/11\/2023-11-08-deutsche-glasfaser-hub27-by-jana-legler-99-1-768x1152.jpg 768w, https:\/\/www.deutsche-glasfaser.de\/blog\/wp-content\/uploads\/2023\/11\/2023-11-08-deutsche-glasfaser-hub27-by-jana-legler-99-1-1024x1536.jpg 1024w, https:\/\/www.deutsche-glasfaser.de\/blog\/wp-content\/uploads\/2023\/11\/2023-11-08-deutsche-glasfaser-hub27-by-jana-legler-99-1.jpg 1333w\" sizes=\"(max-width: 200px) 100vw, 200px\" \/><\/a>\n\t\t\t<\/dt><\/dl><dl class='gallery-item'>\n\t\t\t<dt class='gallery-icon landscape'>\n\t\t\t\t<a data-elementor-open-lightbox=\"yes\" data-elementor-lightbox-slideshow=\"f4e575d\" data-elementor-lightbox-title=\"2023-11-08-deutsche-glasfaser-hub27-by-jana-legler-101\" data-e-action-hash=\"#elementor-action%3Aaction%3Dlightbox%26settings%3DeyJpZCI6MTMzNTAsInVybCI6Imh0dHBzOlwvXC93d3cuZGV1dHNjaGUtZ2xhc2Zhc2VyLmRlXC9ibG9nXC93cC1jb250ZW50XC91cGxvYWRzXC8yMDIzXC8xMVwvMjAyMy0xMS0wOC1kZXV0c2NoZS1nbGFzZmFzZXItaHViMjctYnktamFuYS1sZWdsZXItMTAxLTEuanBnIiwic2xpZGVzaG93IjoiZjRlNTc1ZCJ9\" href='https:\/\/www.deutsche-glasfaser.de\/blog\/wp-content\/uploads\/2023\/11\/2023-11-08-deutsche-glasfaser-hub27-by-jana-legler-101-1.jpg'><img loading=\"lazy\" decoding=\"async\" width=\"300\" height=\"200\" src=\"https:\/\/www.deutsche-glasfaser.de\/blog\/wp-content\/uploads\/2023\/11\/2023-11-08-deutsche-glasfaser-hub27-by-jana-legler-101-1-300x200.jpg\" class=\"attachment-medium size-medium\" alt=\"\" srcset=\"https:\/\/www.deutsche-glasfaser.de\/blog\/wp-content\/uploads\/2023\/11\/2023-11-08-deutsche-glasfaser-hub27-by-jana-legler-101-1-300x200.jpg 300w, https:\/\/www.deutsche-glasfaser.de\/blog\/wp-content\/uploads\/2023\/11\/2023-11-08-deutsche-glasfaser-hub27-by-jana-legler-101-1-1024x682.jpg 1024w, https:\/\/www.deutsche-glasfaser.de\/blog\/wp-content\/uploads\/2023\/11\/2023-11-08-deutsche-glasfaser-hub27-by-jana-legler-101-1-768x512.jpg 768w, https:\/\/www.deutsche-glasfaser.de\/blog\/wp-content\/uploads\/2023\/11\/2023-11-08-deutsche-glasfaser-hub27-by-jana-legler-101-1-1536x1024.jpg 1536w, https:\/\/www.deutsche-glasfaser.de\/blog\/wp-content\/uploads\/2023\/11\/2023-11-08-deutsche-glasfaser-hub27-by-jana-legler-101-1.jpg 2000w\" sizes=\"(max-width: 300px) 100vw, 300px\" \/><\/a>\n\t\t\t<\/dt><\/dl><br style=\"clear: both\" \/><dl class='gallery-item'>\n\t\t\t<dt class='gallery-icon landscape'>\n\t\t\t\t<a data-elementor-open-lightbox=\"yes\" data-elementor-lightbox-slideshow=\"f4e575d\" data-elementor-lightbox-title=\"2023-11-08-deutsche-glasfaser-hub27-by-jana-legler-111\" data-e-action-hash=\"#elementor-action%3Aaction%3Dlightbox%26settings%3DeyJpZCI6MTMzNTIsInVybCI6Imh0dHBzOlwvXC93d3cuZGV1dHNjaGUtZ2xhc2Zhc2VyLmRlXC9ibG9nXC93cC1jb250ZW50XC91cGxvYWRzXC8yMDIzXC8xMVwvMjAyMy0xMS0wOC1kZXV0c2NoZS1nbGFzZmFzZXItaHViMjctYnktamFuYS1sZWdsZXItMTExLTEuanBnIiwic2xpZGVzaG93IjoiZjRlNTc1ZCJ9\" href='https:\/\/www.deutsche-glasfaser.de\/blog\/wp-content\/uploads\/2023\/11\/2023-11-08-deutsche-glasfaser-hub27-by-jana-legler-111-1.jpg'><img loading=\"lazy\" decoding=\"async\" width=\"300\" height=\"200\" src=\"https:\/\/www.deutsche-glasfaser.de\/blog\/wp-content\/uploads\/2023\/11\/2023-11-08-deutsche-glasfaser-hub27-by-jana-legler-111-1-300x200.jpg\" class=\"attachment-medium size-medium\" alt=\"\" srcset=\"https:\/\/www.deutsche-glasfaser.de\/blog\/wp-content\/uploads\/2023\/11\/2023-11-08-deutsche-glasfaser-hub27-by-jana-legler-111-1-300x200.jpg 300w, https:\/\/www.deutsche-glasfaser.de\/blog\/wp-content\/uploads\/2023\/11\/2023-11-08-deutsche-glasfaser-hub27-by-jana-legler-111-1-1024x682.jpg 1024w, https:\/\/www.deutsche-glasfaser.de\/blog\/wp-content\/uploads\/2023\/11\/2023-11-08-deutsche-glasfaser-hub27-by-jana-legler-111-1-768x512.jpg 768w, https:\/\/www.deutsche-glasfaser.de\/blog\/wp-content\/uploads\/2023\/11\/2023-11-08-deutsche-glasfaser-hub27-by-jana-legler-111-1-1536x1024.jpg 1536w, https:\/\/www.deutsche-glasfaser.de\/blog\/wp-content\/uploads\/2023\/11\/2023-11-08-deutsche-glasfaser-hub27-by-jana-legler-111-1.jpg 2000w\" sizes=\"(max-width: 300px) 100vw, 300px\" \/><\/a>\n\t\t\t<\/dt><\/dl><dl class='gallery-item'>\n\t\t\t<dt class='gallery-icon landscape'>\n\t\t\t\t<a data-elementor-open-lightbox=\"yes\" data-elementor-lightbox-slideshow=\"f4e575d\" data-elementor-lightbox-title=\"2023-11-08-deutsche-glasfaser-hub27-by-jana-legler-125\" data-e-action-hash=\"#elementor-action%3Aaction%3Dlightbox%26settings%3DeyJpZCI6MTMzNTMsInVybCI6Imh0dHBzOlwvXC93d3cuZGV1dHNjaGUtZ2xhc2Zhc2VyLmRlXC9ibG9nXC93cC1jb250ZW50XC91cGxvYWRzXC8yMDIzXC8xMVwvMjAyMy0xMS0wOC1kZXV0c2NoZS1nbGFzZmFzZXItaHViMjctYnktamFuYS1sZWdsZXItMTI1LTEuanBnIiwic2xpZGVzaG93IjoiZjRlNTc1ZCJ9\" href='https:\/\/www.deutsche-glasfaser.de\/blog\/wp-content\/uploads\/2023\/11\/2023-11-08-deutsche-glasfaser-hub27-by-jana-legler-125-1.jpg'><img loading=\"lazy\" decoding=\"async\" width=\"300\" height=\"200\" src=\"https:\/\/www.deutsche-glasfaser.de\/blog\/wp-content\/uploads\/2023\/11\/2023-11-08-deutsche-glasfaser-hub27-by-jana-legler-125-1-300x200.jpg\" class=\"attachment-medium size-medium\" alt=\"\" srcset=\"https:\/\/www.deutsche-glasfaser.de\/blog\/wp-content\/uploads\/2023\/11\/2023-11-08-deutsche-glasfaser-hub27-by-jana-legler-125-1-300x200.jpg 300w, https:\/\/www.deutsche-glasfaser.de\/blog\/wp-content\/uploads\/2023\/11\/2023-11-08-deutsche-glasfaser-hub27-by-jana-legler-125-1-1024x682.jpg 1024w, https:\/\/www.deutsche-glasfaser.de\/blog\/wp-content\/uploads\/2023\/11\/2023-11-08-deutsche-glasfaser-hub27-by-jana-legler-125-1-768x512.jpg 768w, https:\/\/www.deutsche-glasfaser.de\/blog\/wp-content\/uploads\/2023\/11\/2023-11-08-deutsche-glasfaser-hub27-by-jana-legler-125-1-1536x1024.jpg 1536w, https:\/\/www.deutsche-glasfaser.de\/blog\/wp-content\/uploads\/2023\/11\/2023-11-08-deutsche-glasfaser-hub27-by-jana-legler-125-1.jpg 2000w\" sizes=\"(max-width: 300px) 100vw, 300px\" \/><\/a>\n\t\t\t<\/dt><\/dl><dl class='gallery-item'>\n\t\t\t<dt class='gallery-icon landscape'>\n\t\t\t\t<a data-elementor-open-lightbox=\"yes\" data-elementor-lightbox-slideshow=\"f4e575d\" data-elementor-lightbox-title=\"2023-11-08-deutsche-glasfaser-hub27-by-jana-legler-127\" data-e-action-hash=\"#elementor-action%3Aaction%3Dlightbox%26settings%3DeyJpZCI6MTMzNTQsInVybCI6Imh0dHBzOlwvXC93d3cuZGV1dHNjaGUtZ2xhc2Zhc2VyLmRlXC9ibG9nXC93cC1jb250ZW50XC91cGxvYWRzXC8yMDIzXC8xMVwvMjAyMy0xMS0wOC1kZXV0c2NoZS1nbGFzZmFzZXItaHViMjctYnktamFuYS1sZWdsZXItMTI3LTEuanBnIiwic2xpZGVzaG93IjoiZjRlNTc1ZCJ9\" href='https:\/\/www.deutsche-glasfaser.de\/blog\/wp-content\/uploads\/2023\/11\/2023-11-08-deutsche-glasfaser-hub27-by-jana-legler-127-1.jpg'><img loading=\"lazy\" decoding=\"async\" width=\"300\" height=\"200\" src=\"https:\/\/www.deutsche-glasfaser.de\/blog\/wp-content\/uploads\/2023\/11\/2023-11-08-deutsche-glasfaser-hub27-by-jana-legler-127-1-300x200.jpg\" class=\"attachment-medium size-medium\" alt=\"\" srcset=\"https:\/\/www.deutsche-glasfaser.de\/blog\/wp-content\/uploads\/2023\/11\/2023-11-08-deutsche-glasfaser-hub27-by-jana-legler-127-1-300x200.jpg 300w, https:\/\/www.deutsche-glasfaser.de\/blog\/wp-content\/uploads\/2023\/11\/2023-11-08-deutsche-glasfaser-hub27-by-jana-legler-127-1-1024x682.jpg 1024w, https:\/\/www.deutsche-glasfaser.de\/blog\/wp-content\/uploads\/2023\/11\/2023-11-08-deutsche-glasfaser-hub27-by-jana-legler-127-1-768x512.jpg 768w, https:\/\/www.deutsche-glasfaser.de\/blog\/wp-content\/uploads\/2023\/11\/2023-11-08-deutsche-glasfaser-hub27-by-jana-legler-127-1-1536x1024.jpg 1536w, https:\/\/www.deutsche-glasfaser.de\/blog\/wp-content\/uploads\/2023\/11\/2023-11-08-deutsche-glasfaser-hub27-by-jana-legler-127-1.jpg 2000w\" sizes=\"(max-width: 300px) 100vw, 300px\" \/><\/a>\n\t\t\t<\/dt><\/dl>\n\t\t\t<br style='clear: both' \/>\n\t\t<\/div>\n\t\t<\/div>\n\t\t\t\t\t\t<\/div>\n\t\t\t\t<\/div>\n\t\t\t\t\t<\/div>\n\t\t<\/div>\n\t\t\t\t\t<\/div>\n\t\t<\/section>\n\t\t\t\t<\/div>\n\t\t","protected":false},"excerpt":{"rendered":"<p>Viel Einigkeit und deutliche Worte &#8211; das war der Roundtable, zu dem Deutsche Glasfaser und das Netzwerk Junge B\u00fcrgermeister*innen im Rahmen der Smart Country Convention. <\/p>\n","protected":false},"author":5,"featured_media":13283,"comment_status":"open","ping_status":"open","sticky":false,"template":"","format":"standard","meta":{"footnotes":""},"categories":[71],"tags":[],"class_list":["post-13274","post","type-post","status-publish","format-standard","has-post-thumbnail","hentry","category-gemeinschaft"],"yoast_head":"<!-- This site is optimized with the Yoast SEO plugin v27.5 - https:\/\/yoast.com\/product\/yoast-seo-wordpress\/ -->\n<title>Digitalisierung und Infrastrukturausbau in Deutschland \u2013 mehr Vertrauen in Kommunen - Digitales B\u00fcrgernetz<\/title>\n<meta name=\"robots\" content=\"index, follow, max-snippet:-1, max-image-preview:large, max-video-preview:-1\" \/>\n<link rel=\"canonical\" href=\"https:\/\/www.deutsche-glasfaser.de\/blog\/digitalisierung-und-infrastrukturausbau-in-deutschland-mehr-vertrauen-in-kommunen\/\" \/>\n<meta property=\"og:locale\" content=\"de_DE\" \/>\n<meta property=\"og:type\" content=\"article\" \/>\n<meta property=\"og:title\" content=\"Digitalisierung und Infrastrukturausbau in Deutschland \u2013 mehr Vertrauen in Kommunen - Digitales B\u00fcrgernetz\" \/>\n<meta property=\"og:description\" content=\"Viel Einigkeit und deutliche Worte - das war der Roundtable, zu dem Deutsche Glasfaser und das Netzwerk Junge B\u00fcrgermeister*innen im Rahmen der Smart Country Convention.\" \/>\n<meta property=\"og:url\" content=\"https:\/\/www.deutsche-glasfaser.de\/blog\/digitalisierung-und-infrastrukturausbau-in-deutschland-mehr-vertrauen-in-kommunen\/\" \/>\n<meta property=\"og:site_name\" content=\"Digitales B\u00fcrgernetz\" \/>\n<meta property=\"article:published_time\" content=\"2023-11-09T15:15:21+00:00\" \/>\n<meta property=\"article:modified_time\" content=\"2023-11-10T11:04:04+00:00\" \/>\n<meta property=\"og:image\" content=\"https:\/\/www.deutsche-glasfaser.de\/blog\/wp-content\/uploads\/2023\/11\/2023-11-08-deutsche-glasfaser-hub27-by-jana-legler-95-scaled.jpg\" \/>\n\t<meta property=\"og:image:width\" content=\"2560\" \/>\n\t<meta property=\"og:image:height\" content=\"1707\" \/>\n\t<meta property=\"og:image:type\" content=\"image\/jpeg\" \/>\n<meta name=\"author\" content=\"Deutsche Glasfaser\" \/>\n<meta name=\"twitter:card\" content=\"summary_large_image\" \/>\n<meta name=\"twitter:label1\" content=\"Verfasst von\" \/>\n\t<meta name=\"twitter:data1\" content=\"Deutsche Glasfaser\" \/>\n\t<meta name=\"twitter:label2\" content=\"Gesch\u00e4tzte Lesezeit\" \/>\n\t<meta name=\"twitter:data2\" content=\"13\u00a0Minuten\" \/>\n<script type=\"application\/ld+json\" class=\"yoast-schema-graph\">{\"@context\":\"https:\\\/\\\/schema.org\",\"@graph\":[{\"@type\":\"Article\",\"@id\":\"https:\\\/\\\/www.deutsche-glasfaser.de\\\/blog\\\/digitalisierung-und-infrastrukturausbau-in-deutschland-mehr-vertrauen-in-kommunen\\\/#article\",\"isPartOf\":{\"@id\":\"https:\\\/\\\/www.deutsche-glasfaser.de\\\/blog\\\/digitalisierung-und-infrastrukturausbau-in-deutschland-mehr-vertrauen-in-kommunen\\\/\"},\"author\":{\"name\":\"Deutsche Glasfaser\",\"@id\":\"https:\\\/\\\/www.deutsche-glasfaser.de\\\/blog\\\/#\\\/schema\\\/person\\\/9380a6dc7443d77143d0c66c409f574b\"},\"headline\":\"Digitalisierung und Infrastrukturausbau in Deutschland \u2013 mehr Vertrauen in Kommunen\",\"datePublished\":\"2023-11-09T15:15:21+00:00\",\"dateModified\":\"2023-11-10T11:04:04+00:00\",\"mainEntityOfPage\":{\"@id\":\"https:\\\/\\\/www.deutsche-glasfaser.de\\\/blog\\\/digitalisierung-und-infrastrukturausbau-in-deutschland-mehr-vertrauen-in-kommunen\\\/\"},\"wordCount\":1200,\"commentCount\":0,\"publisher\":{\"@id\":\"https:\\\/\\\/www.deutsche-glasfaser.de\\\/blog\\\/#organization\"},\"image\":{\"@id\":\"https:\\\/\\\/www.deutsche-glasfaser.de\\\/blog\\\/digitalisierung-und-infrastrukturausbau-in-deutschland-mehr-vertrauen-in-kommunen\\\/#primaryimage\"},\"thumbnailUrl\":\"https:\\\/\\\/www.deutsche-glasfaser.de\\\/blog\\\/wp-content\\\/uploads\\\/2023\\\/11\\\/2023-11-08-deutsche-glasfaser-hub27-by-jana-legler-95-scaled.jpg\",\"articleSection\":[\"#Gemeinschaft\"],\"inLanguage\":\"de\",\"potentialAction\":[{\"@type\":\"CommentAction\",\"name\":\"Comment\",\"target\":[\"https:\\\/\\\/www.deutsche-glasfaser.de\\\/blog\\\/digitalisierung-und-infrastrukturausbau-in-deutschland-mehr-vertrauen-in-kommunen\\\/#respond\"]}]},{\"@type\":\"WebPage\",\"@id\":\"https:\\\/\\\/www.deutsche-glasfaser.de\\\/blog\\\/digitalisierung-und-infrastrukturausbau-in-deutschland-mehr-vertrauen-in-kommunen\\\/\",\"url\":\"https:\\\/\\\/www.deutsche-glasfaser.de\\\/blog\\\/digitalisierung-und-infrastrukturausbau-in-deutschland-mehr-vertrauen-in-kommunen\\\/\",\"name\":\"Digitalisierung und Infrastrukturausbau in Deutschland \u2013 mehr Vertrauen in Kommunen - Digitales B\u00fcrgernetz\",\"isPartOf\":{\"@id\":\"https:\\\/\\\/www.deutsche-glasfaser.de\\\/blog\\\/#website\"},\"primaryImageOfPage\":{\"@id\":\"https:\\\/\\\/www.deutsche-glasfaser.de\\\/blog\\\/digitalisierung-und-infrastrukturausbau-in-deutschland-mehr-vertrauen-in-kommunen\\\/#primaryimage\"},\"image\":{\"@id\":\"https:\\\/\\\/www.deutsche-glasfaser.de\\\/blog\\\/digitalisierung-und-infrastrukturausbau-in-deutschland-mehr-vertrauen-in-kommunen\\\/#primaryimage\"},\"thumbnailUrl\":\"https:\\\/\\\/www.deutsche-glasfaser.de\\\/blog\\\/wp-content\\\/uploads\\\/2023\\\/11\\\/2023-11-08-deutsche-glasfaser-hub27-by-jana-legler-95-scaled.jpg\",\"datePublished\":\"2023-11-09T15:15:21+00:00\",\"dateModified\":\"2023-11-10T11:04:04+00:00\",\"inLanguage\":\"de\",\"potentialAction\":[{\"@type\":\"ReadAction\",\"target\":[\"https:\\\/\\\/www.deutsche-glasfaser.de\\\/blog\\\/digitalisierung-und-infrastrukturausbau-in-deutschland-mehr-vertrauen-in-kommunen\\\/\"]}]},{\"@type\":\"ImageObject\",\"inLanguage\":\"de\",\"@id\":\"https:\\\/\\\/www.deutsche-glasfaser.de\\\/blog\\\/digitalisierung-und-infrastrukturausbau-in-deutschland-mehr-vertrauen-in-kommunen\\\/#primaryimage\",\"url\":\"https:\\\/\\\/www.deutsche-glasfaser.de\\\/blog\\\/wp-content\\\/uploads\\\/2023\\\/11\\\/2023-11-08-deutsche-glasfaser-hub27-by-jana-legler-95-scaled.jpg\",\"contentUrl\":\"https:\\\/\\\/www.deutsche-glasfaser.de\\\/blog\\\/wp-content\\\/uploads\\\/2023\\\/11\\\/2023-11-08-deutsche-glasfaser-hub27-by-jana-legler-95-scaled.jpg\",\"width\":2560,\"height\":1707},{\"@type\":\"WebSite\",\"@id\":\"https:\\\/\\\/www.deutsche-glasfaser.de\\\/blog\\\/#website\",\"url\":\"https:\\\/\\\/www.deutsche-glasfaser.de\\\/blog\\\/\",\"name\":\"Digitales B\u00fcrgernetz\",\"description\":\"Deutsche Glasfaser Blog\",\"publisher\":{\"@id\":\"https:\\\/\\\/www.deutsche-glasfaser.de\\\/blog\\\/#organization\"},\"potentialAction\":[{\"@type\":\"SearchAction\",\"target\":{\"@type\":\"EntryPoint\",\"urlTemplate\":\"https:\\\/\\\/www.deutsche-glasfaser.de\\\/blog\\\/?s={search_term_string}\"},\"query-input\":{\"@type\":\"PropertyValueSpecification\",\"valueRequired\":true,\"valueName\":\"search_term_string\"}}],\"inLanguage\":\"de\"},{\"@type\":\"Organization\",\"@id\":\"https:\\\/\\\/www.deutsche-glasfaser.de\\\/blog\\\/#organization\",\"name\":\"Digitales B\u00fcrgernetz\",\"url\":\"https:\\\/\\\/www.deutsche-glasfaser.de\\\/blog\\\/\",\"logo\":{\"@type\":\"ImageObject\",\"inLanguage\":\"de\",\"@id\":\"https:\\\/\\\/www.deutsche-glasfaser.de\\\/blog\\\/#\\\/schema\\\/logo\\\/image\\\/\",\"url\":\"https:\\\/\\\/www.deutsche-glasfaser.de\\\/blog\\\/wp-content\\\/uploads\\\/2021\\\/08\\\/DGF_Logo_Basis_RGB-Large@2x.png\",\"contentUrl\":\"https:\\\/\\\/www.deutsche-glasfaser.de\\\/blog\\\/wp-content\\\/uploads\\\/2021\\\/08\\\/DGF_Logo_Basis_RGB-Large@2x.png\",\"width\":312,\"height\":104,\"caption\":\"Digitales B\u00fcrgernetz\"},\"image\":{\"@id\":\"https:\\\/\\\/www.deutsche-glasfaser.de\\\/blog\\\/#\\\/schema\\\/logo\\\/image\\\/\"}},{\"@type\":\"Person\",\"@id\":\"https:\\\/\\\/www.deutsche-glasfaser.de\\\/blog\\\/#\\\/schema\\\/person\\\/9380a6dc7443d77143d0c66c409f574b\",\"name\":\"Deutsche Glasfaser\"}]}<\/script>\n<!-- \/ Yoast SEO plugin. -->","yoast_head_json":{"title":"Digitalisierung und Infrastrukturausbau in Deutschland \u2013 mehr Vertrauen in Kommunen - Digitales B\u00fcrgernetz","robots":{"index":"index","follow":"follow","max-snippet":"max-snippet:-1","max-image-preview":"max-image-preview:large","max-video-preview":"max-video-preview:-1"},"canonical":"https:\/\/www.deutsche-glasfaser.de\/blog\/digitalisierung-und-infrastrukturausbau-in-deutschland-mehr-vertrauen-in-kommunen\/","og_locale":"de_DE","og_type":"article","og_title":"Digitalisierung und Infrastrukturausbau in Deutschland \u2013 mehr Vertrauen in Kommunen - Digitales B\u00fcrgernetz","og_description":"Viel Einigkeit und deutliche Worte - das war der Roundtable, zu dem Deutsche Glasfaser und das Netzwerk Junge B\u00fcrgermeister*innen im Rahmen der Smart Country Convention.","og_url":"https:\/\/www.deutsche-glasfaser.de\/blog\/digitalisierung-und-infrastrukturausbau-in-deutschland-mehr-vertrauen-in-kommunen\/","og_site_name":"Digitales B\u00fcrgernetz","article_published_time":"2023-11-09T15:15:21+00:00","article_modified_time":"2023-11-10T11:04:04+00:00","og_image":[{"width":2560,"height":1707,"url":"https:\/\/www.deutsche-glasfaser.de\/blog\/wp-content\/uploads\/2023\/11\/2023-11-08-deutsche-glasfaser-hub27-by-jana-legler-95-scaled.jpg","type":"image\/jpeg"}],"author":"Deutsche Glasfaser","twitter_card":"summary_large_image","twitter_misc":{"Verfasst von":"Deutsche Glasfaser","Gesch\u00e4tzte Lesezeit":"13\u00a0Minuten"},"schema":{"@context":"https:\/\/schema.org","@graph":[{"@type":"Article","@id":"https:\/\/www.deutsche-glasfaser.de\/blog\/digitalisierung-und-infrastrukturausbau-in-deutschland-mehr-vertrauen-in-kommunen\/#article","isPartOf":{"@id":"https:\/\/www.deutsche-glasfaser.de\/blog\/digitalisierung-und-infrastrukturausbau-in-deutschland-mehr-vertrauen-in-kommunen\/"},"author":{"name":"Deutsche Glasfaser","@id":"https:\/\/www.deutsche-glasfaser.de\/blog\/#\/schema\/person\/9380a6dc7443d77143d0c66c409f574b"},"headline":"Digitalisierung und Infrastrukturausbau in Deutschland \u2013 mehr Vertrauen in Kommunen","datePublished":"2023-11-09T15:15:21+00:00","dateModified":"2023-11-10T11:04:04+00:00","mainEntityOfPage":{"@id":"https:\/\/www.deutsche-glasfaser.de\/blog\/digitalisierung-und-infrastrukturausbau-in-deutschland-mehr-vertrauen-in-kommunen\/"},"wordCount":1200,"commentCount":0,"publisher":{"@id":"https:\/\/www.deutsche-glasfaser.de\/blog\/#organization"},"image":{"@id":"https:\/\/www.deutsche-glasfaser.de\/blog\/digitalisierung-und-infrastrukturausbau-in-deutschland-mehr-vertrauen-in-kommunen\/#primaryimage"},"thumbnailUrl":"https:\/\/www.deutsche-glasfaser.de\/blog\/wp-content\/uploads\/2023\/11\/2023-11-08-deutsche-glasfaser-hub27-by-jana-legler-95-scaled.jpg","articleSection":["#Gemeinschaft"],"inLanguage":"de","potentialAction":[{"@type":"CommentAction","name":"Comment","target":["https:\/\/www.deutsche-glasfaser.de\/blog\/digitalisierung-und-infrastrukturausbau-in-deutschland-mehr-vertrauen-in-kommunen\/#respond"]}]},{"@type":"WebPage","@id":"https:\/\/www.deutsche-glasfaser.de\/blog\/digitalisierung-und-infrastrukturausbau-in-deutschland-mehr-vertrauen-in-kommunen\/","url":"https:\/\/www.deutsche-glasfaser.de\/blog\/digitalisierung-und-infrastrukturausbau-in-deutschland-mehr-vertrauen-in-kommunen\/","name":"Digitalisierung und Infrastrukturausbau in Deutschland \u2013 mehr Vertrauen in Kommunen - Digitales B\u00fcrgernetz","isPartOf":{"@id":"https:\/\/www.deutsche-glasfaser.de\/blog\/#website"},"primaryImageOfPage":{"@id":"https:\/\/www.deutsche-glasfaser.de\/blog\/digitalisierung-und-infrastrukturausbau-in-deutschland-mehr-vertrauen-in-kommunen\/#primaryimage"},"image":{"@id":"https:\/\/www.deutsche-glasfaser.de\/blog\/digitalisierung-und-infrastrukturausbau-in-deutschland-mehr-vertrauen-in-kommunen\/#primaryimage"},"thumbnailUrl":"https:\/\/www.deutsche-glasfaser.de\/blog\/wp-content\/uploads\/2023\/11\/2023-11-08-deutsche-glasfaser-hub27-by-jana-legler-95-scaled.jpg","datePublished":"2023-11-09T15:15:21+00:00","dateModified":"2023-11-10T11:04:04+00:00","inLanguage":"de","potentialAction":[{"@type":"ReadAction","target":["https:\/\/www.deutsche-glasfaser.de\/blog\/digitalisierung-und-infrastrukturausbau-in-deutschland-mehr-vertrauen-in-kommunen\/"]}]},{"@type":"ImageObject","inLanguage":"de","@id":"https:\/\/www.deutsche-glasfaser.de\/blog\/digitalisierung-und-infrastrukturausbau-in-deutschland-mehr-vertrauen-in-kommunen\/#primaryimage","url":"https:\/\/www.deutsche-glasfaser.de\/blog\/wp-content\/uploads\/2023\/11\/2023-11-08-deutsche-glasfaser-hub27-by-jana-legler-95-scaled.jpg","contentUrl":"https:\/\/www.deutsche-glasfaser.de\/blog\/wp-content\/uploads\/2023\/11\/2023-11-08-deutsche-glasfaser-hub27-by-jana-legler-95-scaled.jpg","width":2560,"height":1707},{"@type":"WebSite","@id":"https:\/\/www.deutsche-glasfaser.de\/blog\/#website","url":"https:\/\/www.deutsche-glasfaser.de\/blog\/","name":"Digitales B\u00fcrgernetz","description":"Deutsche Glasfaser Blog","publisher":{"@id":"https:\/\/www.deutsche-glasfaser.de\/blog\/#organization"},"potentialAction":[{"@type":"SearchAction","target":{"@type":"EntryPoint","urlTemplate":"https:\/\/www.deutsche-glasfaser.de\/blog\/?s={search_term_string}"},"query-input":{"@type":"PropertyValueSpecification","valueRequired":true,"valueName":"search_term_string"}}],"inLanguage":"de"},{"@type":"Organization","@id":"https:\/\/www.deutsche-glasfaser.de\/blog\/#organization","name":"Digitales B\u00fcrgernetz","url":"https:\/\/www.deutsche-glasfaser.de\/blog\/","logo":{"@type":"ImageObject","inLanguage":"de","@id":"https:\/\/www.deutsche-glasfaser.de\/blog\/#\/schema\/logo\/image\/","url":"https:\/\/www.deutsche-glasfaser.de\/blog\/wp-content\/uploads\/2021\/08\/DGF_Logo_Basis_RGB-Large@2x.png","contentUrl":"https:\/\/www.deutsche-glasfaser.de\/blog\/wp-content\/uploads\/2021\/08\/DGF_Logo_Basis_RGB-Large@2x.png","width":312,"height":104,"caption":"Digitales B\u00fcrgernetz"},"image":{"@id":"https:\/\/www.deutsche-glasfaser.de\/blog\/#\/schema\/logo\/image\/"}},{"@type":"Person","@id":"https:\/\/www.deutsche-glasfaser.de\/blog\/#\/schema\/person\/9380a6dc7443d77143d0c66c409f574b","name":"Deutsche Glasfaser"}]}},"_links":{"self":[{"href":"https:\/\/www.deutsche-glasfaser.de\/blog\/wp-json\/wp\/v2\/posts\/13274","targetHints":{"allow":["GET"]}}],"collection":[{"href":"https:\/\/www.deutsche-glasfaser.de\/blog\/wp-json\/wp\/v2\/posts"}],"about":[{"href":"https:\/\/www.deutsche-glasfaser.de\/blog\/wp-json\/wp\/v2\/types\/post"}],"author":[{"embeddable":true,"href":"https:\/\/www.deutsche-glasfaser.de\/blog\/wp-json\/wp\/v2\/users\/5"}],"replies":[{"embeddable":true,"href":"https:\/\/www.deutsche-glasfaser.de\/blog\/wp-json\/wp\/v2\/comments?post=13274"}],"version-history":[{"count":26,"href":"https:\/\/www.deutsche-glasfaser.de\/blog\/wp-json\/wp\/v2\/posts\/13274\/revisions"}],"predecessor-version":[{"id":13366,"href":"https:\/\/www.deutsche-glasfaser.de\/blog\/wp-json\/wp\/v2\/posts\/13274\/revisions\/13366"}],"wp:featuredmedia":[{"embeddable":true,"href":"https:\/\/www.deutsche-glasfaser.de\/blog\/wp-json\/wp\/v2\/media\/13283"}],"wp:attachment":[{"href":"https:\/\/www.deutsche-glasfaser.de\/blog\/wp-json\/wp\/v2\/media?parent=13274"}],"wp:term":[{"taxonomy":"category","embeddable":true,"href":"https:\/\/www.deutsche-glasfaser.de\/blog\/wp-json\/wp\/v2\/categories?post=13274"},{"taxonomy":"post_tag","embeddable":true,"href":"https:\/\/www.deutsche-glasfaser.de\/blog\/wp-json\/wp\/v2\/tags?post=13274"}],"curies":[{"name":"wp","href":"https:\/\/api.w.org\/{rel}","templated":true}]}}