{"id":13037,"date":"2023-09-06T12:22:17","date_gmt":"2023-09-06T10:22:17","guid":{"rendered":"https:\/\/www.deutsche-glasfaser.de\/blog\/?p=13037"},"modified":"2023-09-06T12:22:18","modified_gmt":"2023-09-06T10:22:18","slug":"wettbewerb-digitale-orte-im-land-der-ideen-die-nominierten-in-der-kategorie-gemeinschaft","status":"publish","type":"post","link":"https:\/\/www.deutsche-glasfaser.de\/blog\/wettbewerb-digitale-orte-im-land-der-ideen-die-nominierten-in-der-kategorie-gemeinschaft\/","title":{"rendered":"Wettbewerb \u201eDigitale Orte im Land der Ideen\u201c: Die Nominierten in der Kategorie \u201eGemeinschaft\u201c"},"content":{"rendered":"\t\t<div data-elementor-type=\"wp-post\" data-elementor-id=\"13037\" class=\"elementor elementor-13037\">\n\t\t\t\t\t\t<section class=\"elementor-section elementor-top-section elementor-element elementor-element-23892dd elementor-section-boxed elementor-section-height-default elementor-section-height-default\" data-id=\"23892dd\" data-element_type=\"section\" data-e-type=\"section\">\n\t\t\t\t\t\t<div class=\"elementor-container elementor-column-gap-default\">\n\t\t\t\t\t<div class=\"elementor-column elementor-col-100 elementor-top-column elementor-element elementor-element-d50cde7\" data-id=\"d50cde7\" data-element_type=\"column\" data-e-type=\"column\">\n\t\t\t<div class=\"elementor-widget-wrap elementor-element-populated\">\n\t\t\t\t\t\t<div class=\"elementor-element elementor-element-0a7747a elementor-widget elementor-widget-text-editor\" data-id=\"0a7747a\" data-element_type=\"widget\" data-e-type=\"widget\" data-widget_type=\"text-editor.default\">\n\t\t\t\t<div class=\"elementor-widget-container\">\n\t\t\t\t\t\t\t\t\t<p><i><span style=\"font-size: 11.0pt; font-family: 'Arial',sans-serif; color: black; mso-themecolor: text1;\">Ein Projekt, das im Finale f\u00fcr den Preis in der Kategorie \u201eGemeinschaft\u201c steht, ist der Proviantomat. Foto: czech vibes<\/span><\/i><\/p>\t\t\t\t\t\t\t\t<\/div>\n\t\t\t\t<\/div>\n\t\t\t\t\t<\/div>\n\t\t<\/div>\n\t\t\t\t\t<\/div>\n\t\t<\/section>\n\t\t\t\t<section class=\"elementor-section elementor-top-section elementor-element elementor-element-43e2a1c elementor-section-boxed elementor-section-height-default elementor-section-height-default\" data-id=\"43e2a1c\" data-element_type=\"section\" data-e-type=\"section\">\n\t\t\t\t\t\t<div class=\"elementor-container elementor-column-gap-default\">\n\t\t\t\t\t<div class=\"elementor-column elementor-col-100 elementor-top-column elementor-element elementor-element-bbe6d2f\" data-id=\"bbe6d2f\" data-element_type=\"column\" data-e-type=\"column\">\n\t\t\t<div class=\"elementor-widget-wrap elementor-element-populated\">\n\t\t\t\t\t\t<div class=\"elementor-element elementor-element-cfe3420 elementor-widget elementor-widget-text-editor\" data-id=\"cfe3420\" data-element_type=\"widget\" data-e-type=\"widget\" data-widget_type=\"text-editor.default\">\n\t\t\t\t<div class=\"elementor-widget-container\">\n\t\t\t\t\t\t\t\t\t<p>Im Rahmen des Wettbewerbs \u201eDigitale Orte im Land der Ideen\u201c werden von einer hochkar\u00e4tigen Jury Projekte in insgesamt f\u00fcnf Kategorien gek\u00fcrt, die mithilfe von digitalen Technologien neuartige L\u00f6sungen umgesetzt und damit den digitalen Wandel im l\u00e4ndlichen Raum vorangetrieben haben: Bildung, Gemeinschaft, Gesundheit, Mobilit\u00e4t und Smarte Kommune. Hier sind die f\u00fcr den Preis \u201eGemeinschaft\u201c nominierten Projekte, von denen am 14. November 2023 eines zum Gewinner gek\u00fcrt wird.<\/p>\t\t\t\t\t\t\t\t<\/div>\n\t\t\t\t<\/div>\n\t\t\t\t<div class=\"elementor-element elementor-element-9d70830 elementor-widget elementor-widget-spacer\" data-id=\"9d70830\" data-element_type=\"widget\" data-e-type=\"widget\" data-widget_type=\"spacer.default\">\n\t\t\t\t<div class=\"elementor-widget-container\">\n\t\t\t\t\t\t\t<div class=\"elementor-spacer\">\n\t\t\t<div class=\"elementor-spacer-inner\"><\/div>\n\t\t<\/div>\n\t\t\t\t\t\t<\/div>\n\t\t\t\t<\/div>\n\t\t\t\t<div class=\"elementor-element elementor-element-6b9b2cf elementor-widget elementor-widget-table-of-contents\" data-id=\"6b9b2cf\" data-element_type=\"widget\" data-e-type=\"widget\" data-widget_type=\"table-of-contents.default\">\n\t\t\t\t<div class=\"elementor-widget-container\">\n\t\t\t\t\t \t\t\t\t<\/div>\n\t\t\t\t<\/div>\n\t\t\t\t<div class=\"elementor-element elementor-element-48af3ba elementor-widget elementor-widget-spacer\" data-id=\"48af3ba\" data-element_type=\"widget\" data-e-type=\"widget\" data-widget_type=\"spacer.default\">\n\t\t\t\t<div class=\"elementor-widget-container\">\n\t\t\t\t\t\t\t<div class=\"elementor-spacer\">\n\t\t\t<div class=\"elementor-spacer-inner\"><\/div>\n\t\t<\/div>\n\t\t\t\t\t\t<\/div>\n\t\t\t\t<\/div>\n\t\t\t\t<div class=\"elementor-element elementor-element-90b7d79 elementor-widget elementor-widget-heading\" data-id=\"90b7d79\" data-element_type=\"widget\" data-e-type=\"widget\" data-widget_type=\"heading.default\">\n\t\t\t\t<div class=\"elementor-widget-container\">\n\t\t\t\t\t<h2 class=\"elementor-heading-title elementor-size-xl\">Ankerplatz Stade \u2013 ein Reallabor f\u00fcr den Marktplatz der Zukunft<\/h2>\t\t\t\t<\/div>\n\t\t\t\t<\/div>\n\t\t\t\t<div class=\"elementor-element elementor-element-2f06a9a elementor-widget elementor-widget-spacer\" data-id=\"2f06a9a\" data-element_type=\"widget\" data-e-type=\"widget\" data-widget_type=\"spacer.default\">\n\t\t\t\t<div class=\"elementor-widget-container\">\n\t\t\t\t\t\t\t<div class=\"elementor-spacer\">\n\t\t\t<div class=\"elementor-spacer-inner\"><\/div>\n\t\t<\/div>\n\t\t\t\t\t\t<\/div>\n\t\t\t\t<\/div>\n\t\t\t\t<div class=\"elementor-element elementor-element-8e1a4e1 elementor-widget elementor-widget-text-editor\" data-id=\"8e1a4e1\" data-element_type=\"widget\" data-e-type=\"widget\" data-widget_type=\"text-editor.default\">\n\t\t\t\t<div class=\"elementor-widget-container\">\n\t\t\t\t\t\t\t\t\t<p>Wie macht man den innerst\u00e4dtischen Raum nach der Pandemie wieder zu einem attraktiven Zentrum? Wie kann man mit Hilfe digitaler Tools das Gemeinschaftserlebnis f\u00f6rdern? Antworten auf diese Fragen haben die Macher des Projekts \u201eAnkerplatz Stade\u201c gefunden.<\/p><p>Der gleichnamige Verein hat einen 6.000 Quadratmeter gro\u00dfen Parkplatz in der Stader Innenstadt zu einem lebendigen und digitalen Ort der Begegnung gemacht. Eine Planbude, eine Bikebox, eine Spiel- und Sportbox, ein Spielplatz, eine B\u00fchne, einen Jugendcontainer, eine Klimakiste sowie ein Ministudio sollen demn\u00e4chst neben einem Outdoor-Fitnessbereich, einer offenen Werkstatt und einem Kochcontainer entstehen.<\/p><p>\u201eDer Ankerplatz soll einen neuen Ort und neue Formate schaffen, um Menschen wieder zusammenzubringen. Runter vom Sofa \u2013 rein in die Stadt. F\u00fcr ein soziales Netzwerk, das den Namen auch wirklich verdient\u201c, erl\u00e4utert Mario Handke von Ankerplatz Stade e.V. Das Konzept zielt darauf ab, die Tendenz zum R\u00fcckzug ins Private umzukehren, die durch die Bequemlichkeit von Online-Diensten verst\u00e4rkt wurde. Gleichzeitig setzt es auf digitale Vernetzung: Auf der Website der Initiative k\u00f6nnen sich Dorfbewohner:innen k\u00fcnftig mit ihrem echten Namen registrieren und Zugang zum internen Communitybereich sowie eine digitale ID f\u00fcr das Smartphone erhalten, mit der nahezu s\u00e4mtliche Angebote auf dem Platz genutzt und gesteuert werden k\u00f6nnen.<\/p><p>Die Nominierung f\u00fcr das Finale des Wettbewerbs hat das Team best\u00e4rkt, wie Handke betont: \u201eDiese Momente motivieren auch bei vereinzelten R\u00fcckschl\u00e4gen zum Weitermachen und zum Festhalten an der gemeinsamen Vision. Wir hoffen, dass dadurch auch die Chance entsteht, gemeinsam mit erfolgreichen Akteuren aus der Tech-Szene Innovationen so weiterzuentwickeln, dass sie Menschen wieder zusammenbringen, statt sie immer weiter voneinander zu entfernen.\u201c Weitere Informationen auf <a href=\"http:\/\/www.ankerplatz-stade.de\"><strong>www.ankerplatz-stade.de<\/strong><\/a>.<\/p>\t\t\t\t\t\t\t\t<\/div>\n\t\t\t\t<\/div>\n\t\t\t\t<div class=\"elementor-element elementor-element-f1e4c2e elementor-widget elementor-widget-spacer\" data-id=\"f1e4c2e\" data-element_type=\"widget\" data-e-type=\"widget\" data-widget_type=\"spacer.default\">\n\t\t\t\t<div class=\"elementor-widget-container\">\n\t\t\t\t\t\t\t<div class=\"elementor-spacer\">\n\t\t\t<div class=\"elementor-spacer-inner\"><\/div>\n\t\t<\/div>\n\t\t\t\t\t\t<\/div>\n\t\t\t\t<\/div>\n\t\t\t\t<div class=\"elementor-element elementor-element-5a2e52f elementor-widget elementor-widget-image\" data-id=\"5a2e52f\" data-element_type=\"widget\" data-e-type=\"widget\" data-widget_type=\"image.default\">\n\t\t\t\t<div class=\"elementor-widget-container\">\n\t\t\t\t\t\t\t\t\t\t\t\t<figure class=\"wp-caption\">\n\t\t\t\t\t\t\t\t\t\t<img fetchpriority=\"high\" decoding=\"async\" width=\"768\" height=\"595\" src=\"https:\/\/www.deutsche-glasfaser.de\/blog\/wp-content\/uploads\/2023\/09\/Beitragsbild_Ankerplatz_Stade_1-2_FINAL_01-768x595.jpeg\" class=\"attachment-medium_large size-medium_large wp-image-13038\" alt=\"Vor historischen Geb\u00e4uden an einem Platz stehen Container mit verschiedenen Angeboten.\" srcset=\"https:\/\/www.deutsche-glasfaser.de\/blog\/wp-content\/uploads\/2023\/09\/Beitragsbild_Ankerplatz_Stade_1-2_FINAL_01-768x595.jpeg 768w, https:\/\/www.deutsche-glasfaser.de\/blog\/wp-content\/uploads\/2023\/09\/Beitragsbild_Ankerplatz_Stade_1-2_FINAL_01-300x232.jpeg 300w, https:\/\/www.deutsche-glasfaser.de\/blog\/wp-content\/uploads\/2023\/09\/Beitragsbild_Ankerplatz_Stade_1-2_FINAL_01.jpeg 788w\" sizes=\"(max-width: 768px) 100vw, 768px\" \/>\t\t\t\t\t\t\t\t\t\t\t<figcaption class=\"widget-image-caption wp-caption-text\">Aus einem ehemaligen Parkplatz wurde ein Ort der Begegnung.\nFoto: Ankerplatz Stade e.V.<\/figcaption>\n\t\t\t\t\t\t\t\t\t\t<\/figure>\n\t\t\t\t\t\t\t\t\t<\/div>\n\t\t\t\t<\/div>\n\t\t\t\t<div class=\"elementor-element elementor-element-ee353c5 elementor-widget elementor-widget-spacer\" data-id=\"ee353c5\" data-element_type=\"widget\" data-e-type=\"widget\" data-widget_type=\"spacer.default\">\n\t\t\t\t<div class=\"elementor-widget-container\">\n\t\t\t\t\t\t\t<div class=\"elementor-spacer\">\n\t\t\t<div class=\"elementor-spacer-inner\"><\/div>\n\t\t<\/div>\n\t\t\t\t\t\t<\/div>\n\t\t\t\t<\/div>\n\t\t\t\t<div class=\"elementor-element elementor-element-85276b3 elementor-widget elementor-widget-heading\" data-id=\"85276b3\" data-element_type=\"widget\" data-e-type=\"widget\" data-widget_type=\"heading.default\">\n\t\t\t\t<div class=\"elementor-widget-container\">\n\t\t\t\t\t<h2 class=\"elementor-heading-title elementor-size-xl\">Der Proviantomat \u2013 Grundversorgung an entlegenen Orten<\/h2>\t\t\t\t<\/div>\n\t\t\t\t<\/div>\n\t\t\t\t<div class=\"elementor-element elementor-element-afdbe95 elementor-widget elementor-widget-spacer\" data-id=\"afdbe95\" data-element_type=\"widget\" data-e-type=\"widget\" data-widget_type=\"spacer.default\">\n\t\t\t\t<div class=\"elementor-widget-container\">\n\t\t\t\t\t\t\t<div class=\"elementor-spacer\">\n\t\t\t<div class=\"elementor-spacer-inner\"><\/div>\n\t\t<\/div>\n\t\t\t\t\t\t<\/div>\n\t\t\t\t<\/div>\n\t\t\t\t<div class=\"elementor-element elementor-element-f7e0881 elementor-widget elementor-widget-text-editor\" data-id=\"f7e0881\" data-element_type=\"widget\" data-e-type=\"widget\" data-widget_type=\"text-editor.default\">\n\t\t\t\t<div class=\"elementor-widget-container\">\n\t\t\t\t\t\t\t\t\t<p>Der Proviantomat ist mehr als ein Automat; er ist ein Lebensmittelpunkt, der frische, regionale und saisonale Produkte rund um die Uhr zug\u00e4nglich macht. Entwickelt von einem Startup in der S\u00e4chsischen Schweiz, bietet er eine L\u00f6sung f\u00fcr Orte, an denen konventionelle Gesch\u00e4fte nicht mehr tragbar sind, insbesondere in l\u00e4ndlichen Gebieten.<\/p><p>Felix Zschoge, einer der K\u00f6pfe hinter dem Projekt, erl\u00e4utert die Mission: \u201eIn unserer Heimatregion ist es oft schwierig, sich am Nachmittag, am Wochenende oder an Feiertagen zu versorgen, besonders in den l\u00e4ndlicheren Gebieten, wo viele kleine L\u00e4den leider geschlossen haben. Die Versorgung \u00fcbernehmen Discounterketten, bei denen regionale Produkte aber oft fehlen. Diese L\u00fccke schlie\u00dft der Proviantomat.\u201c<\/p><p>Er bietet regionale Produkte und kombiniert Digitalisierung mit Nachhaltigkeit, indem er Elektromobilit\u00e4t und Solarstrom nutzt, um den CO2-Fu\u00dfabdruck m\u00f6glichst klein zu halten. Die kontinuierliche Fern\u00fcberwachung und KI-Analyse erm\u00f6glichen eine schnelle Reaktion und Anpassung des Angebots, was Lebensmittelverschwendung minimiert.<\/p><p>\u201eWir fahren fast t\u00e4glich mit unserem Elektrotransporter zu den aktuell sieben Automatenstandorten und nehmen uns die Zeit, mit Anwohnern und G\u00e4sten zu sprechen. Der Proviantomat soll als Mehrwert f\u00fcr die Gemeinde und das Ortsbild wahrgenommen werden\u201c, sagt Zschoge. Mit Pl\u00e4nen f\u00fcr weitere Standorte mit E-Bike-Ladestationen und Photovoltaikanlagen ist der Proviantomat auf Wachstum ausgerichtet.<\/p><p>Die Teilnahme am Wettbewerb \u201eDigitale Orte\u201c und die Platzierung auf der Shortlist sind f\u00fcr das Team ein Zeichen der Anerkennung und ein Ansporn, weiterhin innovativ zu sein. Mit der Ausrichtung auf Regionalit\u00e4t und der Abstimmung auf die Bed\u00fcrfnisse der Nutzer:innen ist der \u00a0Proviantomat ein tolles Beispiel daf\u00fcr, wie Technologie und Gemeinschaftssinn zusammenarbeiten k\u00f6nnen, um das Leben in l\u00e4ndlichen Gebieten zu bereichern. Weitere Informationen auf <a href=\"http:\/\/www.proviantomat.de\"><strong>www.proviantomat.de<\/strong><\/a>.<\/p>\t\t\t\t\t\t\t\t<\/div>\n\t\t\t\t<\/div>\n\t\t\t\t<div class=\"elementor-element elementor-element-7bd5109 elementor-widget elementor-widget-spacer\" data-id=\"7bd5109\" data-element_type=\"widget\" data-e-type=\"widget\" data-widget_type=\"spacer.default\">\n\t\t\t\t<div class=\"elementor-widget-container\">\n\t\t\t\t\t\t\t<div class=\"elementor-spacer\">\n\t\t\t<div class=\"elementor-spacer-inner\"><\/div>\n\t\t<\/div>\n\t\t\t\t\t\t<\/div>\n\t\t\t\t<\/div>\n\t\t\t\t<div class=\"elementor-element elementor-element-e4fa903 elementor-widget elementor-widget-image\" data-id=\"e4fa903\" data-element_type=\"widget\" data-e-type=\"widget\" data-widget_type=\"image.default\">\n\t\t\t\t<div class=\"elementor-widget-container\">\n\t\t\t\t\t\t\t\t\t\t\t\t<figure class=\"wp-caption\">\n\t\t\t\t\t\t\t\t\t\t<img decoding=\"async\" width=\"768\" height=\"595\" src=\"https:\/\/www.deutsche-glasfaser.de\/blog\/wp-content\/uploads\/2023\/09\/Beitragsbild_Proviantomat_Rastplatz_mit_Photovoltaik-2FINAL_02-768x595.jpeg\" class=\"attachment-medium_large size-medium_large wp-image-13040\" alt=\"Unter einem Pavillon mit der Aufschrift \u201eRastplatz\u201c stehen zwei Verkaufsautomaten.\" srcset=\"https:\/\/www.deutsche-glasfaser.de\/blog\/wp-content\/uploads\/2023\/09\/Beitragsbild_Proviantomat_Rastplatz_mit_Photovoltaik-2FINAL_02-768x595.jpeg 768w, https:\/\/www.deutsche-glasfaser.de\/blog\/wp-content\/uploads\/2023\/09\/Beitragsbild_Proviantomat_Rastplatz_mit_Photovoltaik-2FINAL_02-300x232.jpeg 300w, https:\/\/www.deutsche-glasfaser.de\/blog\/wp-content\/uploads\/2023\/09\/Beitragsbild_Proviantomat_Rastplatz_mit_Photovoltaik-2FINAL_02.jpeg 788w\" sizes=\"(max-width: 768px) 100vw, 768px\" \/>\t\t\t\t\t\t\t\t\t\t\t<figcaption class=\"widget-image-caption wp-caption-text\">Solarzellen auf dem Dach machen diese Proviantomat-Station autark.\nFoto: Marko Fo\u0308rster, Tourismusverband S\u00e4chsische Schweiz<\/figcaption>\n\t\t\t\t\t\t\t\t\t\t<\/figure>\n\t\t\t\t\t\t\t\t\t<\/div>\n\t\t\t\t<\/div>\n\t\t\t\t<div class=\"elementor-element elementor-element-c147694 elementor-widget elementor-widget-spacer\" data-id=\"c147694\" data-element_type=\"widget\" data-e-type=\"widget\" data-widget_type=\"spacer.default\">\n\t\t\t\t<div class=\"elementor-widget-container\">\n\t\t\t\t\t\t\t<div class=\"elementor-spacer\">\n\t\t\t<div class=\"elementor-spacer-inner\"><\/div>\n\t\t<\/div>\n\t\t\t\t\t\t<\/div>\n\t\t\t\t<\/div>\n\t\t\t\t<div class=\"elementor-element elementor-element-d9d5ac5 elementor-widget elementor-widget-heading\" data-id=\"d9d5ac5\" data-element_type=\"widget\" data-e-type=\"widget\" data-widget_type=\"heading.default\">\n\t\t\t\t<div class=\"elementor-widget-container\">\n\t\t\t\t\t<h2 class=\"elementor-heading-title elementor-size-xl\">Firemon 112 \u2013 bessere Einsatzplanung f\u00fcr die Freiwillige Feuerwehr<\/h2>\t\t\t\t<\/div>\n\t\t\t\t<\/div>\n\t\t\t\t<div class=\"elementor-element elementor-element-e28d0fa elementor-widget elementor-widget-spacer\" data-id=\"e28d0fa\" data-element_type=\"widget\" data-e-type=\"widget\" data-widget_type=\"spacer.default\">\n\t\t\t\t<div class=\"elementor-widget-container\">\n\t\t\t\t\t\t\t<div class=\"elementor-spacer\">\n\t\t\t<div class=\"elementor-spacer-inner\"><\/div>\n\t\t<\/div>\n\t\t\t\t\t\t<\/div>\n\t\t\t\t<\/div>\n\t\t\t\t<div class=\"elementor-element elementor-element-be4b9a2 elementor-widget elementor-widget-text-editor\" data-id=\"be4b9a2\" data-element_type=\"widget\" data-e-type=\"widget\" data-widget_type=\"text-editor.default\">\n\t\t\t\t<div class=\"elementor-widget-container\">\n\t\t\t\t\t\t\t\t\t<p>Wie erhalten die Freiwillige Feuerwehren ihre Einsatzmeldungen? H\u00e4ufig noch per Fax \u2013 digitale L\u00f6sungen fehlen in der Realit\u00e4t. Patrick Moldenhauer von der Freiwilligen Feuerwehr S\u00fcderbrarup hat daf\u00fcr eine L\u00f6sung geschaffen:\u00a0 Firemon 112 ist eine eigens programmierte Software, die die Freiwillige Feuerwehr im l\u00e4ndlichen Raum bei der Vorbereitung auf Eins\u00e4tze unterst\u00fctzt. Firemon 112visualisiert Einsatzdepeschen auf verschiedenen digitalen Ger\u00e4ten und erg\u00e4nzt sie dar\u00fcber hinaus mit wichtigen Details wie dem Einsatzort aus der Vogelperspektive und Windinformationen, was die Vorbereitung verbessert und Zeit einspart.<\/p><p>\u201eDa ich selbst Feuerwehrkamerad bin und F\u00fchrungsaufgaben wahrnehme, bin ich selbst vermutlich der kritischste Nutzer des Projektes. Aber mich erreicht regelm\u00e4\u00dfig tolles Feedback der Kameradinnen und Kameraden\u201c, erz\u00e4hlt Patrick Moldenhauer.<\/p><p>Dass er es beim Wettbewerb in die engere Auswahl geschafft hat, dar\u00fcber freut er sich sehr: \u201eMein prim\u00e4rer Antrieb ist nat\u00fcrlich nicht, irgendwelche Preise abzustauben, denn mir geht es um die Sache an sich und um das Projekt selbst. Aber ich muss gestehen, dass bereits die Auswahl in die Shortlist mich sehr freut und die damit verbundene Aufmerksamkeit sich sicherlich positiv auf das Projekt auswirken d\u00fcrfte. Es w\u00e4re toll, dadurch interessierte Personen zu finden, die an dem Projekt mitwirken m\u00f6chten.\u201c<\/p><p>Mit der Gr\u00fcndung des Vereins Firemon 112 e.V. und einer Liste von geplanten Verbesserungen und Erweiterungen ist das Projekt auf einem guten Weg, sich weiter zu verbreiten und die Arbeit der Freiwilligen Feuerwehr weiter zu modernisieren. Es steht als ehrenamtliches und Open-Source-Projekt in der Tradition der Gemeinschaft und Zusammenarbeit, die im Herzen der Feuerwehrarbeit liegt. Weitere Informationen auf <a href=\"http:\/\/www.firemon112.de\"><strong>www.firemon112.de<\/strong><\/a>.<\/p>\t\t\t\t\t\t\t\t<\/div>\n\t\t\t\t<\/div>\n\t\t\t\t<div class=\"elementor-element elementor-element-9e52868 elementor-widget elementor-widget-spacer\" data-id=\"9e52868\" data-element_type=\"widget\" data-e-type=\"widget\" data-widget_type=\"spacer.default\">\n\t\t\t\t<div class=\"elementor-widget-container\">\n\t\t\t\t\t\t\t<div class=\"elementor-spacer\">\n\t\t\t<div class=\"elementor-spacer-inner\"><\/div>\n\t\t<\/div>\n\t\t\t\t\t\t<\/div>\n\t\t\t\t<\/div>\n\t\t\t\t<div class=\"elementor-element elementor-element-bf32624 elementor-widget elementor-widget-image\" data-id=\"bf32624\" data-element_type=\"widget\" data-e-type=\"widget\" data-widget_type=\"image.default\">\n\t\t\t\t<div class=\"elementor-widget-container\">\n\t\t\t\t\t\t\t\t\t\t\t\t<figure class=\"wp-caption\">\n\t\t\t\t\t\t\t\t\t\t<img decoding=\"async\" width=\"768\" height=\"595\" src=\"https:\/\/www.deutsche-glasfaser.de\/blog\/wp-content\/uploads\/2023\/09\/Beitragsbild_Firemon_FINAL-768x595.jpg\" class=\"attachment-medium_large size-medium_large wp-image-13041\" alt=\"Patrick Moldenhauer vor einem Bildschirm.\" srcset=\"https:\/\/www.deutsche-glasfaser.de\/blog\/wp-content\/uploads\/2023\/09\/Beitragsbild_Firemon_FINAL-768x595.jpg 768w, https:\/\/www.deutsche-glasfaser.de\/blog\/wp-content\/uploads\/2023\/09\/Beitragsbild_Firemon_FINAL-300x232.jpg 300w, https:\/\/www.deutsche-glasfaser.de\/blog\/wp-content\/uploads\/2023\/09\/Beitragsbild_Firemon_FINAL.jpg 788w\" sizes=\"(max-width: 768px) 100vw, 768px\" \/>\t\t\t\t\t\t\t\t\t\t\t<figcaption class=\"widget-image-caption wp-caption-text\">Patrick Moldenhauer hat eine Software entwickelt, die die Feuerwehr besser auf ihre Eins\u00e4tze vorbereitet.\nFoto: Smart City Amt S\u00fcderbrarup<\/figcaption>\n\t\t\t\t\t\t\t\t\t\t<\/figure>\n\t\t\t\t\t\t\t\t\t<\/div>\n\t\t\t\t<\/div>\n\t\t\t\t<div class=\"elementor-element elementor-element-b409289 elementor-widget elementor-widget-spacer\" data-id=\"b409289\" data-element_type=\"widget\" data-e-type=\"widget\" data-widget_type=\"spacer.default\">\n\t\t\t\t<div class=\"elementor-widget-container\">\n\t\t\t\t\t\t\t<div class=\"elementor-spacer\">\n\t\t\t<div class=\"elementor-spacer-inner\"><\/div>\n\t\t<\/div>\n\t\t\t\t\t\t<\/div>\n\t\t\t\t<\/div>\n\t\t\t\t\t<\/div>\n\t\t<\/div>\n\t\t\t\t\t<\/div>\n\t\t<\/section>\n\t\t\t\t<section class=\"elementor-section elementor-top-section elementor-element elementor-element-f4dc43c elementor-section-boxed elementor-section-height-default elementor-section-height-default\" data-id=\"f4dc43c\" data-element_type=\"section\" data-e-type=\"section\">\n\t\t\t\t\t\t<div class=\"elementor-container elementor-column-gap-default\">\n\t\t\t\t\t<div class=\"elementor-column elementor-col-100 elementor-top-column elementor-element elementor-element-32101f0\" data-id=\"32101f0\" data-element_type=\"column\" data-e-type=\"column\">\n\t\t\t<div class=\"elementor-widget-wrap elementor-element-populated\">\n\t\t\t\t\t\t<div class=\"elementor-element elementor-element-ba1fa3a eael-infobox-icon-bg-shape-none eael-infobox-icon-hover-bg-shape-none elementor-widget elementor-widget-eael-info-box\" data-id=\"ba1fa3a\" data-element_type=\"widget\" data-e-type=\"widget\" data-widget_type=\"eael-info-box.default\">\n\t\t\t\t<div class=\"elementor-widget-container\">\n\t\t\t\t\t        <div class=\"eael-infobox icon-on-left\">\n\t            <div class=\"infobox-icon eael-icon-only\">\n\n            \n                            <div class=\"infobox-icon-wrap\">\n                    <i aria-hidden=\"true\" class=\"fas fa-info-circle\"><\/i>                <\/div>\n            \n            \n        <\/div>\n            <div class=\"infobox-content eael-icon-only\">\n                    <div class=\"infobox-title-section\">\n                <h5 class=\"title\">Wettbewerb: Das Finale l\u00e4uft<\/h5>            <\/div>\n            <div><p>Mit dem Wettbewerb \u201eDigitale Orte im Land der Ideen\u201c erh\u00f6hen Deutsche Glasfaser und \u201eDeutschland \u2013 Land der Ideen\u201c die Sichtbarkeit von digitalen Projekten im l\u00e4ndlichen Raum. Auch 2023 konnte die Jury wieder viele spannende Digitalprojekte sichten. Jeweils drei Projekte in f\u00fcnf Kategorien haben es ins Finale geschafft. Am 14. November 2023 werden die Gewinnerprojekte in Berlin gek\u00fcrt.<\/p><p>Informationen \u00fcber den Wettbewerb gibt es hier:<br \/><a href=\"http:\/\/www.digitale-orte.de\">www.digitale-orte.de<\/a><\/p><\/div>        <\/div>\n            <\/div>\n\n\t\t\t\t\t\t<\/div>\n\t\t\t\t<\/div>\n\t\t\t\t\t<\/div>\n\t\t<\/div>\n\t\t\t\t\t<\/div>\n\t\t<\/section>\n\t\t\t\t<\/div>\n\t\t","protected":false},"excerpt":{"rendered":"<p>Die Deutsche Glasfaser (DG) f\u00fchrt gemeinsam mit der Initiative \u201eDeutschland \u2013 Land der Ideen\u201c bereits zum zweiten Mal den bundesweiten Wettbewerb \u201eDigitale Orte im Land der Ideen\u201c durch. Die Nominierten in der Kategorie \u201eGemeinschaft\u201c stehen nun fest.<\/p>\n","protected":false},"author":5,"featured_media":13039,"comment_status":"open","ping_status":"open","sticky":false,"template":"","format":"standard","meta":{"footnotes":""},"categories":[71],"tags":[],"class_list":["post-13037","post","type-post","status-publish","format-standard","has-post-thumbnail","hentry","category-gemeinschaft"],"yoast_head":"<!-- This site is optimized with the Yoast SEO plugin v27.5 - https:\/\/yoast.com\/product\/yoast-seo-wordpress\/ -->\n<title>N\u00e4chste Runde f\u00fcr den Wettbewerb \u201eDigitale Orte\u201c - Digitales B\u00fcrgernetz<\/title>\n<meta name=\"description\" content=\"In der Kategorie \u201eGemeinschaft\u201c sind drei innovative Projekte f\u00fcr den Preis nominiert.\" \/>\n<meta name=\"robots\" content=\"index, follow, max-snippet:-1, max-image-preview:large, max-video-preview:-1\" \/>\n<link rel=\"canonical\" href=\"https:\/\/www.deutsche-glasfaser.de\/blog\/wettbewerb-digitale-orte-im-land-der-ideen-die-nominierten-in-der-kategorie-gemeinschaft\/\" \/>\n<meta property=\"og:locale\" content=\"de_DE\" \/>\n<meta property=\"og:type\" content=\"article\" \/>\n<meta property=\"og:title\" content=\"N\u00e4chste Runde f\u00fcr den Wettbewerb \u201eDigitale Orte\u201c - Digitales B\u00fcrgernetz\" \/>\n<meta property=\"og:description\" content=\"In der Kategorie \u201eGemeinschaft\u201c sind drei innovative Projekte f\u00fcr den Preis nominiert.\" \/>\n<meta property=\"og:url\" content=\"https:\/\/www.deutsche-glasfaser.de\/blog\/wettbewerb-digitale-orte-im-land-der-ideen-die-nominierten-in-der-kategorie-gemeinschaft\/\" \/>\n<meta property=\"og:site_name\" content=\"Digitales B\u00fcrgernetz\" \/>\n<meta property=\"article:published_time\" content=\"2023-09-06T10:22:17+00:00\" \/>\n<meta property=\"article:modified_time\" content=\"2023-09-06T10:22:18+00:00\" \/>\n<meta property=\"og:image\" content=\"https:\/\/www.deutsche-glasfaser.de\/blog\/wp-content\/uploads\/2023\/09\/Titelbild_Proviantomat_E28093_Standort_Rathen_1-2_FINAL.jpeg\" \/>\n\t<meta property=\"og:image:width\" content=\"1500\" \/>\n\t<meta property=\"og:image:height\" content=\"705\" \/>\n\t<meta property=\"og:image:type\" content=\"image\/jpeg\" \/>\n<meta name=\"author\" content=\"Deutsche Glasfaser\" \/>\n<meta name=\"twitter:card\" content=\"summary_large_image\" \/>\n<meta name=\"twitter:label1\" content=\"Verfasst von\" \/>\n\t<meta name=\"twitter:data1\" content=\"Deutsche Glasfaser\" \/>\n\t<meta name=\"twitter:label2\" content=\"Gesch\u00e4tzte Lesezeit\" \/>\n\t<meta name=\"twitter:data2\" content=\"7\u00a0Minuten\" \/>\n<script type=\"application\/ld+json\" class=\"yoast-schema-graph\">{\"@context\":\"https:\\\/\\\/schema.org\",\"@graph\":[{\"@type\":\"Article\",\"@id\":\"https:\\\/\\\/www.deutsche-glasfaser.de\\\/blog\\\/wettbewerb-digitale-orte-im-land-der-ideen-die-nominierten-in-der-kategorie-gemeinschaft\\\/#article\",\"isPartOf\":{\"@id\":\"https:\\\/\\\/www.deutsche-glasfaser.de\\\/blog\\\/wettbewerb-digitale-orte-im-land-der-ideen-die-nominierten-in-der-kategorie-gemeinschaft\\\/\"},\"author\":{\"name\":\"Deutsche Glasfaser\",\"@id\":\"https:\\\/\\\/www.deutsche-glasfaser.de\\\/blog\\\/#\\\/schema\\\/person\\\/9380a6dc7443d77143d0c66c409f574b\"},\"headline\":\"Wettbewerb \u201eDigitale Orte im Land der Ideen\u201c: Die Nominierten in der Kategorie \u201eGemeinschaft\u201c\",\"datePublished\":\"2023-09-06T10:22:17+00:00\",\"dateModified\":\"2023-09-06T10:22:18+00:00\",\"mainEntityOfPage\":{\"@id\":\"https:\\\/\\\/www.deutsche-glasfaser.de\\\/blog\\\/wettbewerb-digitale-orte-im-land-der-ideen-die-nominierten-in-der-kategorie-gemeinschaft\\\/\"},\"wordCount\":1095,\"commentCount\":0,\"publisher\":{\"@id\":\"https:\\\/\\\/www.deutsche-glasfaser.de\\\/blog\\\/#organization\"},\"image\":{\"@id\":\"https:\\\/\\\/www.deutsche-glasfaser.de\\\/blog\\\/wettbewerb-digitale-orte-im-land-der-ideen-die-nominierten-in-der-kategorie-gemeinschaft\\\/#primaryimage\"},\"thumbnailUrl\":\"https:\\\/\\\/www.deutsche-glasfaser.de\\\/blog\\\/wp-content\\\/uploads\\\/2023\\\/09\\\/Titelbild_Proviantomat_E28093_Standort_Rathen_1-2_FINAL.jpeg\",\"articleSection\":[\"#Gemeinschaft\"],\"inLanguage\":\"de\",\"potentialAction\":[{\"@type\":\"CommentAction\",\"name\":\"Comment\",\"target\":[\"https:\\\/\\\/www.deutsche-glasfaser.de\\\/blog\\\/wettbewerb-digitale-orte-im-land-der-ideen-die-nominierten-in-der-kategorie-gemeinschaft\\\/#respond\"]}]},{\"@type\":\"WebPage\",\"@id\":\"https:\\\/\\\/www.deutsche-glasfaser.de\\\/blog\\\/wettbewerb-digitale-orte-im-land-der-ideen-die-nominierten-in-der-kategorie-gemeinschaft\\\/\",\"url\":\"https:\\\/\\\/www.deutsche-glasfaser.de\\\/blog\\\/wettbewerb-digitale-orte-im-land-der-ideen-die-nominierten-in-der-kategorie-gemeinschaft\\\/\",\"name\":\"N\u00e4chste Runde f\u00fcr den Wettbewerb \u201eDigitale Orte\u201c - Digitales B\u00fcrgernetz\",\"isPartOf\":{\"@id\":\"https:\\\/\\\/www.deutsche-glasfaser.de\\\/blog\\\/#website\"},\"primaryImageOfPage\":{\"@id\":\"https:\\\/\\\/www.deutsche-glasfaser.de\\\/blog\\\/wettbewerb-digitale-orte-im-land-der-ideen-die-nominierten-in-der-kategorie-gemeinschaft\\\/#primaryimage\"},\"image\":{\"@id\":\"https:\\\/\\\/www.deutsche-glasfaser.de\\\/blog\\\/wettbewerb-digitale-orte-im-land-der-ideen-die-nominierten-in-der-kategorie-gemeinschaft\\\/#primaryimage\"},\"thumbnailUrl\":\"https:\\\/\\\/www.deutsche-glasfaser.de\\\/blog\\\/wp-content\\\/uploads\\\/2023\\\/09\\\/Titelbild_Proviantomat_E28093_Standort_Rathen_1-2_FINAL.jpeg\",\"datePublished\":\"2023-09-06T10:22:17+00:00\",\"dateModified\":\"2023-09-06T10:22:18+00:00\",\"description\":\"In der Kategorie \u201eGemeinschaft\u201c sind drei innovative Projekte f\u00fcr den Preis nominiert.\",\"inLanguage\":\"de\",\"potentialAction\":[{\"@type\":\"ReadAction\",\"target\":[\"https:\\\/\\\/www.deutsche-glasfaser.de\\\/blog\\\/wettbewerb-digitale-orte-im-land-der-ideen-die-nominierten-in-der-kategorie-gemeinschaft\\\/\"]}]},{\"@type\":\"ImageObject\",\"inLanguage\":\"de\",\"@id\":\"https:\\\/\\\/www.deutsche-glasfaser.de\\\/blog\\\/wettbewerb-digitale-orte-im-land-der-ideen-die-nominierten-in-der-kategorie-gemeinschaft\\\/#primaryimage\",\"url\":\"https:\\\/\\\/www.deutsche-glasfaser.de\\\/blog\\\/wp-content\\\/uploads\\\/2023\\\/09\\\/Titelbild_Proviantomat_E28093_Standort_Rathen_1-2_FINAL.jpeg\",\"contentUrl\":\"https:\\\/\\\/www.deutsche-glasfaser.de\\\/blog\\\/wp-content\\\/uploads\\\/2023\\\/09\\\/Titelbild_Proviantomat_E28093_Standort_Rathen_1-2_FINAL.jpeg\",\"width\":1500,\"height\":705,\"caption\":\"Ein Projekt, das im Finale f\u00fcr den Preis in der Kategorie \u201eGemeinschaft\u201c steht, ist der Proviantomat. Foto: czech vibes\"},{\"@type\":\"WebSite\",\"@id\":\"https:\\\/\\\/www.deutsche-glasfaser.de\\\/blog\\\/#website\",\"url\":\"https:\\\/\\\/www.deutsche-glasfaser.de\\\/blog\\\/\",\"name\":\"Digitales B\u00fcrgernetz\",\"description\":\"Deutsche Glasfaser Blog\",\"publisher\":{\"@id\":\"https:\\\/\\\/www.deutsche-glasfaser.de\\\/blog\\\/#organization\"},\"potentialAction\":[{\"@type\":\"SearchAction\",\"target\":{\"@type\":\"EntryPoint\",\"urlTemplate\":\"https:\\\/\\\/www.deutsche-glasfaser.de\\\/blog\\\/?s={search_term_string}\"},\"query-input\":{\"@type\":\"PropertyValueSpecification\",\"valueRequired\":true,\"valueName\":\"search_term_string\"}}],\"inLanguage\":\"de\"},{\"@type\":\"Organization\",\"@id\":\"https:\\\/\\\/www.deutsche-glasfaser.de\\\/blog\\\/#organization\",\"name\":\"Digitales B\u00fcrgernetz\",\"url\":\"https:\\\/\\\/www.deutsche-glasfaser.de\\\/blog\\\/\",\"logo\":{\"@type\":\"ImageObject\",\"inLanguage\":\"de\",\"@id\":\"https:\\\/\\\/www.deutsche-glasfaser.de\\\/blog\\\/#\\\/schema\\\/logo\\\/image\\\/\",\"url\":\"https:\\\/\\\/www.deutsche-glasfaser.de\\\/blog\\\/wp-content\\\/uploads\\\/2021\\\/08\\\/DGF_Logo_Basis_RGB-Large@2x.png\",\"contentUrl\":\"https:\\\/\\\/www.deutsche-glasfaser.de\\\/blog\\\/wp-content\\\/uploads\\\/2021\\\/08\\\/DGF_Logo_Basis_RGB-Large@2x.png\",\"width\":312,\"height\":104,\"caption\":\"Digitales B\u00fcrgernetz\"},\"image\":{\"@id\":\"https:\\\/\\\/www.deutsche-glasfaser.de\\\/blog\\\/#\\\/schema\\\/logo\\\/image\\\/\"}},{\"@type\":\"Person\",\"@id\":\"https:\\\/\\\/www.deutsche-glasfaser.de\\\/blog\\\/#\\\/schema\\\/person\\\/9380a6dc7443d77143d0c66c409f574b\",\"name\":\"Deutsche Glasfaser\"}]}<\/script>\n<!-- \/ Yoast SEO plugin. -->","yoast_head_json":{"title":"N\u00e4chste Runde f\u00fcr den Wettbewerb \u201eDigitale Orte\u201c - Digitales B\u00fcrgernetz","description":"In der Kategorie \u201eGemeinschaft\u201c sind drei innovative Projekte f\u00fcr den Preis nominiert.","robots":{"index":"index","follow":"follow","max-snippet":"max-snippet:-1","max-image-preview":"max-image-preview:large","max-video-preview":"max-video-preview:-1"},"canonical":"https:\/\/www.deutsche-glasfaser.de\/blog\/wettbewerb-digitale-orte-im-land-der-ideen-die-nominierten-in-der-kategorie-gemeinschaft\/","og_locale":"de_DE","og_type":"article","og_title":"N\u00e4chste Runde f\u00fcr den Wettbewerb \u201eDigitale Orte\u201c - Digitales B\u00fcrgernetz","og_description":"In der Kategorie \u201eGemeinschaft\u201c sind drei innovative Projekte f\u00fcr den Preis nominiert.","og_url":"https:\/\/www.deutsche-glasfaser.de\/blog\/wettbewerb-digitale-orte-im-land-der-ideen-die-nominierten-in-der-kategorie-gemeinschaft\/","og_site_name":"Digitales B\u00fcrgernetz","article_published_time":"2023-09-06T10:22:17+00:00","article_modified_time":"2023-09-06T10:22:18+00:00","og_image":[{"width":1500,"height":705,"url":"https:\/\/www.deutsche-glasfaser.de\/blog\/wp-content\/uploads\/2023\/09\/Titelbild_Proviantomat_E28093_Standort_Rathen_1-2_FINAL.jpeg","type":"image\/jpeg"}],"author":"Deutsche Glasfaser","twitter_card":"summary_large_image","twitter_misc":{"Verfasst von":"Deutsche Glasfaser","Gesch\u00e4tzte Lesezeit":"7\u00a0Minuten"},"schema":{"@context":"https:\/\/schema.org","@graph":[{"@type":"Article","@id":"https:\/\/www.deutsche-glasfaser.de\/blog\/wettbewerb-digitale-orte-im-land-der-ideen-die-nominierten-in-der-kategorie-gemeinschaft\/#article","isPartOf":{"@id":"https:\/\/www.deutsche-glasfaser.de\/blog\/wettbewerb-digitale-orte-im-land-der-ideen-die-nominierten-in-der-kategorie-gemeinschaft\/"},"author":{"name":"Deutsche Glasfaser","@id":"https:\/\/www.deutsche-glasfaser.de\/blog\/#\/schema\/person\/9380a6dc7443d77143d0c66c409f574b"},"headline":"Wettbewerb \u201eDigitale Orte im Land der Ideen\u201c: Die Nominierten in der Kategorie \u201eGemeinschaft\u201c","datePublished":"2023-09-06T10:22:17+00:00","dateModified":"2023-09-06T10:22:18+00:00","mainEntityOfPage":{"@id":"https:\/\/www.deutsche-glasfaser.de\/blog\/wettbewerb-digitale-orte-im-land-der-ideen-die-nominierten-in-der-kategorie-gemeinschaft\/"},"wordCount":1095,"commentCount":0,"publisher":{"@id":"https:\/\/www.deutsche-glasfaser.de\/blog\/#organization"},"image":{"@id":"https:\/\/www.deutsche-glasfaser.de\/blog\/wettbewerb-digitale-orte-im-land-der-ideen-die-nominierten-in-der-kategorie-gemeinschaft\/#primaryimage"},"thumbnailUrl":"https:\/\/www.deutsche-glasfaser.de\/blog\/wp-content\/uploads\/2023\/09\/Titelbild_Proviantomat_E28093_Standort_Rathen_1-2_FINAL.jpeg","articleSection":["#Gemeinschaft"],"inLanguage":"de","potentialAction":[{"@type":"CommentAction","name":"Comment","target":["https:\/\/www.deutsche-glasfaser.de\/blog\/wettbewerb-digitale-orte-im-land-der-ideen-die-nominierten-in-der-kategorie-gemeinschaft\/#respond"]}]},{"@type":"WebPage","@id":"https:\/\/www.deutsche-glasfaser.de\/blog\/wettbewerb-digitale-orte-im-land-der-ideen-die-nominierten-in-der-kategorie-gemeinschaft\/","url":"https:\/\/www.deutsche-glasfaser.de\/blog\/wettbewerb-digitale-orte-im-land-der-ideen-die-nominierten-in-der-kategorie-gemeinschaft\/","name":"N\u00e4chste Runde f\u00fcr den Wettbewerb \u201eDigitale Orte\u201c - Digitales B\u00fcrgernetz","isPartOf":{"@id":"https:\/\/www.deutsche-glasfaser.de\/blog\/#website"},"primaryImageOfPage":{"@id":"https:\/\/www.deutsche-glasfaser.de\/blog\/wettbewerb-digitale-orte-im-land-der-ideen-die-nominierten-in-der-kategorie-gemeinschaft\/#primaryimage"},"image":{"@id":"https:\/\/www.deutsche-glasfaser.de\/blog\/wettbewerb-digitale-orte-im-land-der-ideen-die-nominierten-in-der-kategorie-gemeinschaft\/#primaryimage"},"thumbnailUrl":"https:\/\/www.deutsche-glasfaser.de\/blog\/wp-content\/uploads\/2023\/09\/Titelbild_Proviantomat_E28093_Standort_Rathen_1-2_FINAL.jpeg","datePublished":"2023-09-06T10:22:17+00:00","dateModified":"2023-09-06T10:22:18+00:00","description":"In der Kategorie \u201eGemeinschaft\u201c sind drei innovative Projekte f\u00fcr den Preis nominiert.","inLanguage":"de","potentialAction":[{"@type":"ReadAction","target":["https:\/\/www.deutsche-glasfaser.de\/blog\/wettbewerb-digitale-orte-im-land-der-ideen-die-nominierten-in-der-kategorie-gemeinschaft\/"]}]},{"@type":"ImageObject","inLanguage":"de","@id":"https:\/\/www.deutsche-glasfaser.de\/blog\/wettbewerb-digitale-orte-im-land-der-ideen-die-nominierten-in-der-kategorie-gemeinschaft\/#primaryimage","url":"https:\/\/www.deutsche-glasfaser.de\/blog\/wp-content\/uploads\/2023\/09\/Titelbild_Proviantomat_E28093_Standort_Rathen_1-2_FINAL.jpeg","contentUrl":"https:\/\/www.deutsche-glasfaser.de\/blog\/wp-content\/uploads\/2023\/09\/Titelbild_Proviantomat_E28093_Standort_Rathen_1-2_FINAL.jpeg","width":1500,"height":705,"caption":"Ein Projekt, das im Finale f\u00fcr den Preis in der Kategorie \u201eGemeinschaft\u201c steht, ist der Proviantomat. Foto: czech vibes"},{"@type":"WebSite","@id":"https:\/\/www.deutsche-glasfaser.de\/blog\/#website","url":"https:\/\/www.deutsche-glasfaser.de\/blog\/","name":"Digitales B\u00fcrgernetz","description":"Deutsche Glasfaser Blog","publisher":{"@id":"https:\/\/www.deutsche-glasfaser.de\/blog\/#organization"},"potentialAction":[{"@type":"SearchAction","target":{"@type":"EntryPoint","urlTemplate":"https:\/\/www.deutsche-glasfaser.de\/blog\/?s={search_term_string}"},"query-input":{"@type":"PropertyValueSpecification","valueRequired":true,"valueName":"search_term_string"}}],"inLanguage":"de"},{"@type":"Organization","@id":"https:\/\/www.deutsche-glasfaser.de\/blog\/#organization","name":"Digitales B\u00fcrgernetz","url":"https:\/\/www.deutsche-glasfaser.de\/blog\/","logo":{"@type":"ImageObject","inLanguage":"de","@id":"https:\/\/www.deutsche-glasfaser.de\/blog\/#\/schema\/logo\/image\/","url":"https:\/\/www.deutsche-glasfaser.de\/blog\/wp-content\/uploads\/2021\/08\/DGF_Logo_Basis_RGB-Large@2x.png","contentUrl":"https:\/\/www.deutsche-glasfaser.de\/blog\/wp-content\/uploads\/2021\/08\/DGF_Logo_Basis_RGB-Large@2x.png","width":312,"height":104,"caption":"Digitales B\u00fcrgernetz"},"image":{"@id":"https:\/\/www.deutsche-glasfaser.de\/blog\/#\/schema\/logo\/image\/"}},{"@type":"Person","@id":"https:\/\/www.deutsche-glasfaser.de\/blog\/#\/schema\/person\/9380a6dc7443d77143d0c66c409f574b","name":"Deutsche Glasfaser"}]}},"_links":{"self":[{"href":"https:\/\/www.deutsche-glasfaser.de\/blog\/wp-json\/wp\/v2\/posts\/13037","targetHints":{"allow":["GET"]}}],"collection":[{"href":"https:\/\/www.deutsche-glasfaser.de\/blog\/wp-json\/wp\/v2\/posts"}],"about":[{"href":"https:\/\/www.deutsche-glasfaser.de\/blog\/wp-json\/wp\/v2\/types\/post"}],"author":[{"embeddable":true,"href":"https:\/\/www.deutsche-glasfaser.de\/blog\/wp-json\/wp\/v2\/users\/5"}],"replies":[{"embeddable":true,"href":"https:\/\/www.deutsche-glasfaser.de\/blog\/wp-json\/wp\/v2\/comments?post=13037"}],"version-history":[{"count":9,"href":"https:\/\/www.deutsche-glasfaser.de\/blog\/wp-json\/wp\/v2\/posts\/13037\/revisions"}],"predecessor-version":[{"id":13050,"href":"https:\/\/www.deutsche-glasfaser.de\/blog\/wp-json\/wp\/v2\/posts\/13037\/revisions\/13050"}],"wp:featuredmedia":[{"embeddable":true,"href":"https:\/\/www.deutsche-glasfaser.de\/blog\/wp-json\/wp\/v2\/media\/13039"}],"wp:attachment":[{"href":"https:\/\/www.deutsche-glasfaser.de\/blog\/wp-json\/wp\/v2\/media?parent=13037"}],"wp:term":[{"taxonomy":"category","embeddable":true,"href":"https:\/\/www.deutsche-glasfaser.de\/blog\/wp-json\/wp\/v2\/categories?post=13037"},{"taxonomy":"post_tag","embeddable":true,"href":"https:\/\/www.deutsche-glasfaser.de\/blog\/wp-json\/wp\/v2\/tags?post=13037"}],"curies":[{"name":"wp","href":"https:\/\/api.w.org\/{rel}","templated":true}]}}