{"id":12806,"date":"2023-07-24T07:30:00","date_gmt":"2023-07-24T05:30:00","guid":{"rendered":"https:\/\/www.deutsche-glasfaser.de\/blog\/?p=12806"},"modified":"2023-07-21T13:02:46","modified_gmt":"2023-07-21T11:02:46","slug":"neues-forschungsprojekt-besserer-hochwasserschutz-dank-kuenstlicher-intelligenz","status":"publish","type":"post","link":"https:\/\/www.deutsche-glasfaser.de\/blog\/neues-forschungsprojekt-besserer-hochwasserschutz-dank-kuenstlicher-intelligenz\/","title":{"rendered":"Neues Forschungsprojekt: Besserer Hochwasserschutz dank k\u00fcnstlicher Intelligenz"},"content":{"rendered":"\t\t<div data-elementor-type=\"wp-post\" data-elementor-id=\"12806\" class=\"elementor elementor-12806\">\n\t\t\t\t\t\t<section class=\"elementor-section elementor-top-section elementor-element elementor-element-4709c59 elementor-section-boxed elementor-section-height-default elementor-section-height-default\" data-id=\"4709c59\" data-element_type=\"section\" data-e-type=\"section\">\n\t\t\t\t\t\t<div class=\"elementor-container elementor-column-gap-default\">\n\t\t\t\t\t<div class=\"elementor-column elementor-col-100 elementor-top-column elementor-element elementor-element-d606a41\" data-id=\"d606a41\" data-element_type=\"column\" data-e-type=\"column\">\n\t\t\t<div class=\"elementor-widget-wrap elementor-element-populated\">\n\t\t\t\t\t\t<div class=\"elementor-element elementor-element-d1573c6 elementor-widget elementor-widget-text-editor\" data-id=\"d1573c6\" data-element_type=\"widget\" data-e-type=\"widget\" data-widget_type=\"text-editor.default\">\n\t\t\t\t<div class=\"elementor-widget-container\">\n\t\t\t\t\t\t\t\t\t<p>An der Wupper in NRW soll mit k\u00fcnstlicher Intelligenz besser vor Hochwasser gewarnt werden. Foto: Wupperverband<\/p>\t\t\t\t\t\t\t\t<\/div>\n\t\t\t\t<\/div>\n\t\t\t\t\t<\/div>\n\t\t<\/div>\n\t\t\t\t\t<\/div>\n\t\t<\/section>\n\t\t\t\t<section class=\"elementor-section elementor-top-section elementor-element elementor-element-4000dcb elementor-section-boxed elementor-section-height-default elementor-section-height-default\" data-id=\"4000dcb\" data-element_type=\"section\" data-e-type=\"section\">\n\t\t\t\t\t\t<div class=\"elementor-container elementor-column-gap-default\">\n\t\t\t\t\t<div class=\"elementor-column elementor-col-100 elementor-top-column elementor-element elementor-element-ae21c93\" data-id=\"ae21c93\" data-element_type=\"column\" data-e-type=\"column\">\n\t\t\t<div class=\"elementor-widget-wrap elementor-element-populated\">\n\t\t\t\t\t\t<div class=\"elementor-element elementor-element-5159e5c elementor-widget elementor-widget-text-editor\" data-id=\"5159e5c\" data-element_type=\"widget\" data-e-type=\"widget\" data-widget_type=\"text-editor.default\">\n\t\t\t\t<div class=\"elementor-widget-container\">\n\t\t\t\t\t\t\t\t\t<p><strong>Im Bergischen Land hat ein Konsortium f\u00fcr ein Forschungsprojekt zum Einsatz k\u00fcnstlicher Intelligenz F\u00f6rdergelder in H\u00f6he von 2,8 Millionen Euro erhalten. Christian F\u00f6rster, Leiter Fachinformationssysteme &amp; Datenanalytik beim Wupperverband, erkl\u00e4rt im Interview, worum es dabei geht.<\/strong><\/p>\t\t\t\t\t\t\t\t<\/div>\n\t\t\t\t<\/div>\n\t\t\t\t<div class=\"elementor-element elementor-element-663e41a elementor-widget elementor-widget-spacer\" data-id=\"663e41a\" data-element_type=\"widget\" data-e-type=\"widget\" data-widget_type=\"spacer.default\">\n\t\t\t\t<div class=\"elementor-widget-container\">\n\t\t\t\t\t\t\t<div class=\"elementor-spacer\">\n\t\t\t<div class=\"elementor-spacer-inner\"><\/div>\n\t\t<\/div>\n\t\t\t\t\t\t<\/div>\n\t\t\t\t<\/div>\n\t\t\t\t<div class=\"elementor-element elementor-element-887de92 elementor-widget elementor-widget-text-editor\" data-id=\"887de92\" data-element_type=\"widget\" data-e-type=\"widget\" data-widget_type=\"text-editor.default\">\n\t\t\t\t<div class=\"elementor-widget-container\">\n\t\t\t\t\t\t\t\t\t<p><strong>Herr F\u00f6rster, wie kam es zu dem Projekt Hochwasserschutzsystem 4.0?<\/strong><\/p>\t\t\t\t\t\t\t\t<\/div>\n\t\t\t\t<\/div>\n\t\t\t\t<div class=\"elementor-element elementor-element-5c862d3 elementor-widget elementor-widget-text-editor\" data-id=\"5c862d3\" data-element_type=\"widget\" data-e-type=\"widget\" data-widget_type=\"text-editor.default\">\n\t\t\t\t<div class=\"elementor-widget-container\">\n\t\t\t\t\t\t\t\t\t<p>Das Bergische Land war vom gro\u00dfen Hochwasser 2021 stark betroffen. Die Sch\u00e4den waren enorm. Auch bei der Heinz Berger Maschinenfabrik gab es \u00dcberschwemmungen, und das Unternehmen startete sofort Bem\u00fchungen, um mithilfe von Sensoren die Vorhersagen entlang der Wupper weiter zu verbessern. Wir als Wupperverband betreiben seit Jahren ein umfangreiches Messnetz zur Erfassung der Wassersituation im gesamten Wuppereinzugsgebiet. Es fanden sich schnell verschiedene Partner zusammen, die gemeinsam den Hochwasserschutz \u2013 insbesondere die Vorhersage \u2013 verbessern wollten. Wir formulierten einen Projektantrag und gingen auf die Suche nach F\u00f6rdergeldern.<\/p>\t\t\t\t\t\t\t\t<\/div>\n\t\t\t\t<\/div>\n\t\t\t\t<div class=\"elementor-element elementor-element-4f02278 elementor-widget elementor-widget-spacer\" data-id=\"4f02278\" data-element_type=\"widget\" data-e-type=\"widget\" data-widget_type=\"spacer.default\">\n\t\t\t\t<div class=\"elementor-widget-container\">\n\t\t\t\t\t\t\t<div class=\"elementor-spacer\">\n\t\t\t<div class=\"elementor-spacer-inner\"><\/div>\n\t\t<\/div>\n\t\t\t\t\t\t<\/div>\n\t\t\t\t<\/div>\n\t\t\t\t<div class=\"elementor-element elementor-element-3a3f73f elementor-widget elementor-widget-image\" data-id=\"3a3f73f\" data-element_type=\"widget\" data-e-type=\"widget\" data-widget_type=\"image.default\">\n\t\t\t\t<div class=\"elementor-widget-container\">\n\t\t\t\t\t\t\t\t\t\t\t\t<figure class=\"wp-caption\">\n\t\t\t\t\t\t\t\t\t\t<img fetchpriority=\"high\" decoding=\"async\" width=\"768\" height=\"595\" src=\"https:\/\/www.deutsche-glasfaser.de\/blog\/wp-content\/uploads\/2023\/07\/Beitragsbild_Christian_FoCC88rster_FINAL_01-768x595.jpg\" class=\"attachment-medium_large size-medium_large wp-image-12810\" alt=\"Portrait Christian F\u00f6rster\" srcset=\"https:\/\/www.deutsche-glasfaser.de\/blog\/wp-content\/uploads\/2023\/07\/Beitragsbild_Christian_FoCC88rster_FINAL_01-768x595.jpg 768w, https:\/\/www.deutsche-glasfaser.de\/blog\/wp-content\/uploads\/2023\/07\/Beitragsbild_Christian_FoCC88rster_FINAL_01-300x232.jpg 300w, https:\/\/www.deutsche-glasfaser.de\/blog\/wp-content\/uploads\/2023\/07\/Beitragsbild_Christian_FoCC88rster_FINAL_01.jpg 788w\" sizes=\"(max-width: 768px) 100vw, 768px\" \/>\t\t\t\t\t\t\t\t\t\t\t<figcaption class=\"widget-image-caption wp-caption-text\">Christian F\u00f6rster ist beim Wupperverband f\u00fcr das Projekt Hochwasserschutz 4.0 zust\u00e4ndig.\nFoto: Wupperverband <\/figcaption>\n\t\t\t\t\t\t\t\t\t\t<\/figure>\n\t\t\t\t\t\t\t\t\t<\/div>\n\t\t\t\t<\/div>\n\t\t\t\t<div class=\"elementor-element elementor-element-5b302f3 elementor-widget elementor-widget-spacer\" data-id=\"5b302f3\" data-element_type=\"widget\" data-e-type=\"widget\" data-widget_type=\"spacer.default\">\n\t\t\t\t<div class=\"elementor-widget-container\">\n\t\t\t\t\t\t\t<div class=\"elementor-spacer\">\n\t\t\t<div class=\"elementor-spacer-inner\"><\/div>\n\t\t<\/div>\n\t\t\t\t\t\t<\/div>\n\t\t\t\t<\/div>\n\t\t\t\t<div class=\"elementor-element elementor-element-fa5c149 elementor-widget elementor-widget-text-editor\" data-id=\"fa5c149\" data-element_type=\"widget\" data-e-type=\"widget\" data-widget_type=\"text-editor.default\">\n\t\t\t\t<div class=\"elementor-widget-container\">\n\t\t\t\t\t\t\t\t\t<p><strong>Was genau soll im Rahmen des Projekts erforscht werden und was tragen die einzelnen Partner dazu bei?<\/strong><\/p>\t\t\t\t\t\t\t\t<\/div>\n\t\t\t\t<\/div>\n\t\t\t\t<div class=\"elementor-element elementor-element-13231de elementor-widget elementor-widget-text-editor\" data-id=\"13231de\" data-element_type=\"widget\" data-e-type=\"widget\" data-widget_type=\"text-editor.default\">\n\t\t\t\t<div class=\"elementor-widget-container\">\n\t\t\t\t\t\t\t\t\t<p>Wir wissen, dass Hochwasserereignisse und urbane Sturzfluten immer h\u00e4ufiger auf uns zukommen werden. Wir m\u00fcssen also schneller und besser reagieren, unter anderem indem wir die Meldesysteme verbessern und ausbauen. Wir erheben seit Jahrzehnten regelm\u00e4\u00dfig Daten, aber dadurch, dass wir immer zeitlich hochaufgel\u00f6ster messen \u2013 beispielsweise im Ein- oder F\u00fcnf-Minuten-Takt, wo man fr\u00fcher vielleicht nur einmal am Tag gemessen hat \u2013 kommt eine riesige Datenmenge zusammen, die mit herk\u00f6mmlichen Methoden oder durch Menschen nicht mehr zu bew\u00e4ltigen ist.<\/p><p>Wir wollen daher erforschen, wie k\u00fcnstliche Intelligenz dabei helfen kann, diese Daten schneller auszuwerten, auf ihrer Grundlage pr\u00e4zisere Vorhersagen zu treffen und daher die Menschen schneller zu informieren und z\u00fcgiger Ma\u00dfnahmen ergreifen zu k\u00f6nnen. Ein KI-gest\u00fctztes System k\u00f6nnte die datengetriebene Vorhersage von regionalen Wasserpegeln und Hochwassergefahren unter Ber\u00fccksichtigung der aktuellen Wetterlage und sonstiger Umweltfaktoren verbessern. Aus den Daten digitaler Sensoren, die die Pegelst\u00e4nde an Gew\u00e4ssern, R\u00fcckhaltebecken und Kan\u00e4len sowie weitere Faktoren wie Niederschlagsmengen, Luftfeuchtigkeit und Windrichtung messen, soll die k\u00fcnstliche Intelligenz Muster erkennen, die im Zusammenhang mit einem Anstieg der Pegelst\u00e4nde stehen.<\/p><p>Wir beim Wupperverband stellen dazu beispielsweise das wasserwirtschaftliche Know-how und die dazu n\u00f6tigen langen Datenreihen zur Verf\u00fcgung. F\u00fcr die Entwicklung der KI-L\u00f6sung brauchen wir aber die Kompetenz der Universit\u00e4t Wuppertal. Die Stadtwerke Wuppertal betreiben ebenfalls Sensorik im gesamten Stadtgebiet und verf\u00fcgen zudem \u00fcber n\u00fctzliche WLAN- oder LoRaWAN-Netzwerke, die die Anbindung weiterer Sensoren erleichtern. Jeder der Partner tr\u00e4gt seine eigene Expertise bei. Ich muss sagen, dass die Zusammenarbeit sehr bereichernd ist. Durch die lange Phase der Beantragung von F\u00f6rdergeldern sind wir bereits sehr stark zusammengewachsen, bevor es \u00fcberhaupt richtig losging. Alle Beteiligten sind hochmotiviert.<\/p>\t\t\t\t\t\t\t\t<\/div>\n\t\t\t\t<\/div>\n\t\t\t\t<div class=\"elementor-element elementor-element-c7bccab elementor-widget elementor-widget-spacer\" data-id=\"c7bccab\" data-element_type=\"widget\" data-e-type=\"widget\" data-widget_type=\"spacer.default\">\n\t\t\t\t<div class=\"elementor-widget-container\">\n\t\t\t\t\t\t\t<div class=\"elementor-spacer\">\n\t\t\t<div class=\"elementor-spacer-inner\"><\/div>\n\t\t<\/div>\n\t\t\t\t\t\t<\/div>\n\t\t\t\t<\/div>\n\t\t\t\t<div class=\"elementor-element elementor-element-c7e461d elementor-widget elementor-widget-image\" data-id=\"c7e461d\" data-element_type=\"widget\" data-e-type=\"widget\" data-widget_type=\"image.default\">\n\t\t\t\t<div class=\"elementor-widget-container\">\n\t\t\t\t\t\t\t\t\t\t\t\t<figure class=\"wp-caption\">\n\t\t\t\t\t\t\t\t\t\t<img decoding=\"async\" width=\"768\" height=\"595\" src=\"https:\/\/www.deutsche-glasfaser.de\/blog\/wp-content\/uploads\/2023\/07\/Beitragsbild_20210715_DSC1166_HW_Wupper_Barmen-2_FINAL_02-768x595.jpg\" class=\"attachment-medium_large size-medium_large wp-image-12811\" alt=\"Ein Fluss mit hohem Pegelstand und \u00fcberschwemmte Stra\u00dfe\" srcset=\"https:\/\/www.deutsche-glasfaser.de\/blog\/wp-content\/uploads\/2023\/07\/Beitragsbild_20210715_DSC1166_HW_Wupper_Barmen-2_FINAL_02-768x595.jpg 768w, https:\/\/www.deutsche-glasfaser.de\/blog\/wp-content\/uploads\/2023\/07\/Beitragsbild_20210715_DSC1166_HW_Wupper_Barmen-2_FINAL_02-300x232.jpg 300w, https:\/\/www.deutsche-glasfaser.de\/blog\/wp-content\/uploads\/2023\/07\/Beitragsbild_20210715_DSC1166_HW_Wupper_Barmen-2_FINAL_02.jpg 788w\" sizes=\"(max-width: 768px) 100vw, 768px\" \/>\t\t\t\t\t\t\t\t\t\t\t<figcaption class=\"widget-image-caption wp-caption-text\">Im Sommer 2021 trat auch die Wupper \u00fcber die Ufer und verursachte damit erhebliche Sch\u00e4den.\nFoto: Wupperverband <\/figcaption>\n\t\t\t\t\t\t\t\t\t\t<\/figure>\n\t\t\t\t\t\t\t\t\t<\/div>\n\t\t\t\t<\/div>\n\t\t\t\t<div class=\"elementor-element elementor-element-b52afd8 elementor-widget elementor-widget-spacer\" data-id=\"b52afd8\" data-element_type=\"widget\" data-e-type=\"widget\" data-widget_type=\"spacer.default\">\n\t\t\t\t<div class=\"elementor-widget-container\">\n\t\t\t\t\t\t\t<div class=\"elementor-spacer\">\n\t\t\t<div class=\"elementor-spacer-inner\"><\/div>\n\t\t<\/div>\n\t\t\t\t\t\t<\/div>\n\t\t\t\t<\/div>\n\t\t\t\t<div class=\"elementor-element elementor-element-656fc8f elementor-widget elementor-widget-text-editor\" data-id=\"656fc8f\" data-element_type=\"widget\" data-e-type=\"widget\" data-widget_type=\"text-editor.default\">\n\t\t\t\t<div class=\"elementor-widget-container\">\n\t\t\t\t\t\t\t\t\t<p><strong>Am 1. Juni fiel der Startschuss. Wie geht es jetzt weiter und welche Ergebnisse erhoffen Sie sich letztendlich?<\/strong><\/p>\t\t\t\t\t\t\t\t<\/div>\n\t\t\t\t<\/div>\n\t\t\t\t<div class=\"elementor-element elementor-element-72ea52c elementor-widget elementor-widget-text-editor\" data-id=\"72ea52c\" data-element_type=\"widget\" data-e-type=\"widget\" data-widget_type=\"text-editor.default\">\n\t\t\t\t<div class=\"elementor-widget-container\">\n\t\t\t\t\t\t\t\t\t<p>Wir m\u00fcssen uns jetzt erst einmal organisieren, die n\u00f6tigen Stellen ausschreiben, die wir jetzt besetzen d\u00fcrfen, eine Kommunikationsstruktur aufbauen. Danach geht es an die konkrete Erforschung und Umsetzung.<\/p><p>Ich erhoffe mir vor allem eine L\u00f6sung in Form einer App, mit der die Bev\u00f6lkerung viel pr\u00e4ziser informiert wird. Wenn die Menschen zu ungenaue oder zu h\u00e4ufig Meldungen bekommen, besteht die Gefahr, dass sie nicht mehr ernst genommen werden. Wir brauchen eine L\u00f6sung, die zum Beispiel ganz gezielt die Anwohner in der Kohlfurth, einem Stadtbezirk entlang der Wupper in Wuppertal informiert, dass die Pegelst\u00e4nde dort in kurzer Zeit stark steigen werden \u2013 und zwar am besten mit mehr Vorlaufzeit, als wir es heute k\u00f6nnen. Wichtig w\u00e4re auch die Anbindung an die Krisenst\u00e4be, um beispielsweise das Stromnetz abzuschalten oder Bezirke zu evakuieren.<\/p>\t\t\t\t\t\t\t\t<\/div>\n\t\t\t\t<\/div>\n\t\t\t\t<div class=\"elementor-element elementor-element-083d318 elementor-widget elementor-widget-spacer\" data-id=\"083d318\" data-element_type=\"widget\" data-e-type=\"widget\" data-widget_type=\"spacer.default\">\n\t\t\t\t<div class=\"elementor-widget-container\">\n\t\t\t\t\t\t\t<div class=\"elementor-spacer\">\n\t\t\t<div class=\"elementor-spacer-inner\"><\/div>\n\t\t<\/div>\n\t\t\t\t\t\t<\/div>\n\t\t\t\t<\/div>\n\t\t\t\t<div class=\"elementor-element elementor-element-e9a8df6 elementor-widget elementor-widget-text-editor\" data-id=\"e9a8df6\" data-element_type=\"widget\" data-e-type=\"widget\" data-widget_type=\"text-editor.default\">\n\t\t\t\t<div class=\"elementor-widget-container\">\n\t\t\t\t\t\t\t\t\t<p><strong>Wie beurteilen sie insgesamt das Potenzial von Digitalisierung und k\u00fcnstlicher Intelligenz f\u00fcr Anliegen im kommunalen Umfeld?<\/strong><\/p>\t\t\t\t\t\t\t\t<\/div>\n\t\t\t\t<\/div>\n\t\t\t\t<div class=\"elementor-element elementor-element-1969fae elementor-widget elementor-widget-text-editor\" data-id=\"1969fae\" data-element_type=\"widget\" data-e-type=\"widget\" data-widget_type=\"text-editor.default\">\n\t\t\t\t<div class=\"elementor-widget-container\">\n\t\t\t\t\t\t\t\t\t<p>Ohne Digitalisierung geht es nicht mehr, und wahrscheinlich bald auch nicht mehr ohne KI. Mit digitalen Technologien arbeiten wir seit Jahren und sehen die Vorteile ganz klar im Arbeitsalltag. Datenstr\u00f6me auswerten und automatisieren \u2013 das ist heute undenkbar auf Papier, allein schon aufgrund der schieren Menge an Daten. Die KI kann zus\u00e4tzlich die Schl\u00fcsse, die man aus den Daten ziehen kann, verbessern. Ich kann mir sehr viele Anwendungsbereiche vorstellen \u2013 nat\u00fcrlich immer unter Ber\u00fccksichtigung des Datenschutzes, der aber in unserem Fall bei Messwerten nat\u00fcrlich kaum eine Rolle spielt. Daher hat die KI gerade im technischen Bereich sehr gro\u00dfes Potenzial, da weniger H\u00fcrden als in anderen Bereichen bestehen.<\/p>\t\t\t\t\t\t\t\t<\/div>\n\t\t\t\t<\/div>\n\t\t\t\t<div class=\"elementor-element elementor-element-6d9b904 elementor-widget elementor-widget-spacer\" data-id=\"6d9b904\" data-element_type=\"widget\" data-e-type=\"widget\" data-widget_type=\"spacer.default\">\n\t\t\t\t<div class=\"elementor-widget-container\">\n\t\t\t\t\t\t\t<div class=\"elementor-spacer\">\n\t\t\t<div class=\"elementor-spacer-inner\"><\/div>\n\t\t<\/div>\n\t\t\t\t\t\t<\/div>\n\t\t\t\t<\/div>\n\t\t\t\t\t<\/div>\n\t\t<\/div>\n\t\t\t\t\t<\/div>\n\t\t<\/section>\n\t\t\t\t<section class=\"elementor-section elementor-top-section elementor-element elementor-element-156b4ab elementor-section-boxed elementor-section-height-default elementor-section-height-default\" data-id=\"156b4ab\" data-element_type=\"section\" data-e-type=\"section\">\n\t\t\t\t\t\t<div class=\"elementor-container elementor-column-gap-default\">\n\t\t\t\t\t<div class=\"elementor-column elementor-col-100 elementor-top-column elementor-element elementor-element-6df2674\" data-id=\"6df2674\" data-element_type=\"column\" data-e-type=\"column\">\n\t\t\t<div class=\"elementor-widget-wrap elementor-element-populated\">\n\t\t\t\t\t\t<div class=\"elementor-element elementor-element-aa6780e eael-infobox-icon-bg-shape-none eael-infobox-icon-hover-bg-shape-none elementor-widget elementor-widget-eael-info-box\" data-id=\"aa6780e\" data-element_type=\"widget\" data-e-type=\"widget\" data-widget_type=\"eael-info-box.default\">\n\t\t\t\t<div class=\"elementor-widget-container\">\n\t\t\t\t\t        <div class=\"eael-infobox icon-on-left\">\n\t            <div class=\"infobox-icon eael-icon-only\">\n\n            \n                            <div class=\"infobox-icon-wrap\">\n                    <i aria-hidden=\"true\" class=\"fas fa-info-circle\"><\/i>                <\/div>\n            \n            \n        <\/div>\n            <div class=\"infobox-content eael-icon-only\">\n                    <div class=\"infobox-title-section\">\n                <h5 class=\"title\">\u00dcber das Projekt<\/h5>            <\/div>\n            <div><p>Das Forschungsprojekt lotet die M\u00f6glichkeiten k\u00fcnstlicher Intelligenz aus, um Gefahren durch \u00dcberschwemmungen pr\u00e4ziser und schneller als etablierte Warnsysteme zu erkennen. \u201eDas Projekt, Hochwasserschutzsystem 4.0\u2018 im Bergischen Land zeigt, wie k\u00fcnstliche Intelligenz im Ernstfall dazu beitragen kann, rechtzeitig notwendige Schutzma\u00dfnahmen zu ergreifen, so Leben zu retten und auch gr\u00f6\u00dfere Sch\u00e4den an Geb\u00e4uden und Infrastruktur zu vermeiden\u201c, sagte die nordrhein-westf\u00e4lische Wirtschafts- und Klimaschutzministerin Mona Neubaur als sie Ende Mai 2023 f\u00fcr das Projekt F\u00f6rderbescheide \u00fcber insgesamt 2,8 Millionen Euro \u00fcberreichte.<\/p><\/div>        <\/div>\n            <\/div>\n\n\t\t\t\t\t\t<\/div>\n\t\t\t\t<\/div>\n\t\t\t\t<div class=\"elementor-element elementor-element-823b4c4 elementor-widget elementor-widget-image\" data-id=\"823b4c4\" data-element_type=\"widget\" data-e-type=\"widget\" data-widget_type=\"image.default\">\n\t\t\t\t<div class=\"elementor-widget-container\">\n\t\t\t\t\t\t\t\t\t\t\t\t<figure class=\"wp-caption\">\n\t\t\t\t\t\t\t\t\t\t<img decoding=\"async\" width=\"768\" height=\"595\" src=\"https:\/\/www.deutsche-glasfaser.de\/blog\/wp-content\/uploads\/2023\/07\/Beitragsbild_20230306_mona-neubaur_portrait_final_4_skaliert-fur-web_FINAL_03-768x595.jpg\" class=\"attachment-medium_large size-medium_large wp-image-12807\" alt=\"Portrait Mona Neubaur\" srcset=\"https:\/\/www.deutsche-glasfaser.de\/blog\/wp-content\/uploads\/2023\/07\/Beitragsbild_20230306_mona-neubaur_portrait_final_4_skaliert-fur-web_FINAL_03-768x595.jpg 768w, https:\/\/www.deutsche-glasfaser.de\/blog\/wp-content\/uploads\/2023\/07\/Beitragsbild_20230306_mona-neubaur_portrait_final_4_skaliert-fur-web_FINAL_03-300x232.jpg 300w, https:\/\/www.deutsche-glasfaser.de\/blog\/wp-content\/uploads\/2023\/07\/Beitragsbild_20230306_mona-neubaur_portrait_final_4_skaliert-fur-web_FINAL_03.jpg 788w\" sizes=\"(max-width: 768px) 100vw, 768px\" \/>\t\t\t\t\t\t\t\t\t\t\t<figcaption class=\"widget-image-caption wp-caption-text\">NRW-Klimaschutzministerin Mona Neubaur \u00fcberreichte dem Projekt F\u00f6rderbescheide in Millionenh\u00f6he.\nFoto: MWIKE NRW\/Nils Leon Brauer <\/figcaption>\n\t\t\t\t\t\t\t\t\t\t<\/figure>\n\t\t\t\t\t\t\t\t\t<\/div>\n\t\t\t\t<\/div>\n\t\t\t\t<div class=\"elementor-element elementor-element-a55137f elementor-widget elementor-widget-spacer\" data-id=\"a55137f\" data-element_type=\"widget\" data-e-type=\"widget\" data-widget_type=\"spacer.default\">\n\t\t\t\t<div class=\"elementor-widget-container\">\n\t\t\t\t\t\t\t<div class=\"elementor-spacer\">\n\t\t\t<div class=\"elementor-spacer-inner\"><\/div>\n\t\t<\/div>\n\t\t\t\t\t\t<\/div>\n\t\t\t\t<\/div>\n\t\t\t\t<div class=\"elementor-element elementor-element-82f4d14 elementor-widget elementor-widget-text-editor\" data-id=\"82f4d14\" data-element_type=\"widget\" data-e-type=\"widget\" data-widget_type=\"text-editor.default\">\n\t\t\t\t<div class=\"elementor-widget-container\">\n\t\t\t\t\t\t\t\t\t<p>Zu den beteiligten Akteuren geh\u00f6ren die Heinz Berger Maschinenfabrik, der Wupperverband, die Bergischer Universit\u00e4t Wuppertal, die Bergischer Struktur- und Wirtschaftsf\u00f6rderungsgesellschaft, <br \/>die Wuppertaler Stadtwerke und die Bergischer Industrie- und Handelskammer Wuppertal-<br \/>Remscheid-Solingen. Das Projekt ist Teil der <strong><a href=\"https:\/\/www.ki.nrw\/flagships\/\">Flagship-Initiative<\/a><\/strong> der Kompetenzplattform KI.NRW.<\/p>\t\t\t\t\t\t\t\t<\/div>\n\t\t\t\t<\/div>\n\t\t\t\t<div class=\"elementor-element elementor-element-f0e075a elementor-widget elementor-widget-image\" data-id=\"f0e075a\" data-element_type=\"widget\" data-e-type=\"widget\" data-widget_type=\"image.default\">\n\t\t\t\t<div class=\"elementor-widget-container\">\n\t\t\t\t\t\t\t\t\t\t\t\t<figure class=\"wp-caption\">\n\t\t\t\t\t\t\t\t\t\t<img loading=\"lazy\" decoding=\"async\" width=\"768\" height=\"595\" src=\"https:\/\/www.deutsche-glasfaser.de\/blog\/wp-content\/uploads\/2023\/07\/Beitragsbild_Foto_Dr._Christian_Temath_FINAL_04-768x595.jpg\" class=\"attachment-medium_large size-medium_large wp-image-12808\" alt=\"Portrait Dr. Christian Temath\" srcset=\"https:\/\/www.deutsche-glasfaser.de\/blog\/wp-content\/uploads\/2023\/07\/Beitragsbild_Foto_Dr._Christian_Temath_FINAL_04-768x595.jpg 768w, https:\/\/www.deutsche-glasfaser.de\/blog\/wp-content\/uploads\/2023\/07\/Beitragsbild_Foto_Dr._Christian_Temath_FINAL_04-300x232.jpg 300w, https:\/\/www.deutsche-glasfaser.de\/blog\/wp-content\/uploads\/2023\/07\/Beitragsbild_Foto_Dr._Christian_Temath_FINAL_04.jpg 788w\" sizes=\"(max-width: 768px) 100vw, 768px\" \/>\t\t\t\t\t\t\t\t\t\t\t<figcaption class=\"widget-image-caption wp-caption-text\">Dr. Christian Themath, Gesch\u00e4ftsf\u00fchrer von KI.NRW, sieht gro\u00dfes Potenzial in der k\u00fcnstlichen Intelligenz\nFoto (Quelle: KI.NRW) <\/figcaption>\n\t\t\t\t\t\t\t\t\t\t<\/figure>\n\t\t\t\t\t\t\t\t\t<\/div>\n\t\t\t\t<\/div>\n\t\t\t\t<div class=\"elementor-element elementor-element-70dfa54 elementor-widget elementor-widget-spacer\" data-id=\"70dfa54\" data-element_type=\"widget\" data-e-type=\"widget\" data-widget_type=\"spacer.default\">\n\t\t\t\t<div class=\"elementor-widget-container\">\n\t\t\t\t\t\t\t<div class=\"elementor-spacer\">\n\t\t\t<div class=\"elementor-spacer-inner\"><\/div>\n\t\t<\/div>\n\t\t\t\t\t\t<\/div>\n\t\t\t\t<\/div>\n\t\t\t\t<div class=\"elementor-element elementor-element-11bb94d elementor-widget elementor-widget-text-editor\" data-id=\"11bb94d\" data-element_type=\"widget\" data-e-type=\"widget\" data-widget_type=\"text-editor.default\">\n\t\t\t\t<div class=\"elementor-widget-container\">\n\t\t\t\t\t\t\t\t\t<p>\u201eWir sind davon \u00fcberzeugt, dass k\u00fcnstliche Intelligenz dazu da ist, um zu helfen. In nahezu allen Bereichen gibt es Potenziale, die wir mit KI heben k\u00f6nnen, egal ob in der Medizin, der Produktion oder beim Thema Nachhaltigkeit. Das Projekt ,Hochwasserschutz 4.0\u2018 zeigt, dass KI auch bei der Sicherung unserer D\u00f6rfer und St\u00e4dte zum Einsatz kommen kann. Wir freuen uns daher sehr, dieses Vorhaben in unsere Initiative mit aufzunehmen und sind uns sicher, dass es das KI-\u00d6kosystem in NRW bereichern wird\u201c, sagt Dr. Christian Temath, Gesch\u00e4ftsf\u00fchrer KI.NRW.<\/p>\t\t\t\t\t\t\t\t<\/div>\n\t\t\t\t<\/div>\n\t\t\t\t\t<\/div>\n\t\t<\/div>\n\t\t\t\t\t<\/div>\n\t\t<\/section>\n\t\t\t\t<\/div>\n\t\t","protected":false},"excerpt":{"rendered":"<p>K\u00fcnstliche Intelligenz kann dabei helfen, schneller und pr\u00e4ziser vor Hochwasser zu warnen. In NRW wird diese M\u00f6glichkeit nun in einem Projekt ausgelotet. Christian F\u00f6rster vom Wupperverband sieht gro\u00dfes Potenzial.<\/p>\n","protected":false},"author":5,"featured_media":12809,"comment_status":"open","ping_status":"open","sticky":false,"template":"","format":"standard","meta":{"footnotes":""},"categories":[71],"tags":[],"class_list":["post-12806","post","type-post","status-publish","format-standard","has-post-thumbnail","hentry","category-gemeinschaft"],"yoast_head":"<!-- This site is optimized with the Yoast SEO plugin v27.5 - https:\/\/yoast.com\/product\/yoast-seo-wordpress\/ -->\n<title>Das Projekt Hochwasserschutz 4.0 setzt auf k\u00fcnstliche Intelligenz - Digitales B\u00fcrgernetz<\/title>\n<meta name=\"description\" content=\"KI-Algorithmen k\u00f6nnten bei der Auswertung von Messdaten helfen und so schneller und pr\u00e4ziser vor Hochwasser warnen.\" \/>\n<meta name=\"robots\" content=\"index, follow, max-snippet:-1, max-image-preview:large, max-video-preview:-1\" \/>\n<link rel=\"canonical\" href=\"https:\/\/www.deutsche-glasfaser.de\/blog\/neues-forschungsprojekt-besserer-hochwasserschutz-dank-kuenstlicher-intelligenz\/\" \/>\n<meta property=\"og:locale\" content=\"de_DE\" \/>\n<meta property=\"og:type\" content=\"article\" \/>\n<meta property=\"og:title\" content=\"Das Projekt Hochwasserschutz 4.0 setzt auf k\u00fcnstliche Intelligenz - Digitales B\u00fcrgernetz\" \/>\n<meta property=\"og:description\" content=\"KI-Algorithmen k\u00f6nnten bei der Auswertung von Messdaten helfen und so schneller und pr\u00e4ziser vor Hochwasser warnen.\" \/>\n<meta property=\"og:url\" content=\"https:\/\/www.deutsche-glasfaser.de\/blog\/neues-forschungsprojekt-besserer-hochwasserschutz-dank-kuenstlicher-intelligenz\/\" \/>\n<meta property=\"og:site_name\" content=\"Digitales B\u00fcrgernetz\" \/>\n<meta property=\"article:published_time\" content=\"2023-07-24T05:30:00+00:00\" \/>\n<meta property=\"og:image\" content=\"https:\/\/www.deutsche-glasfaser.de\/blog\/wp-content\/uploads\/2023\/07\/Titelbild_GroC39F_28Wupper_wuppertal-Laaken_DSC0957429_FINAL.jpg\" \/>\n\t<meta property=\"og:image:width\" content=\"1500\" \/>\n\t<meta property=\"og:image:height\" content=\"705\" \/>\n\t<meta property=\"og:image:type\" content=\"image\/jpeg\" \/>\n<meta name=\"author\" content=\"Deutsche Glasfaser\" \/>\n<meta name=\"twitter:card\" content=\"summary_large_image\" \/>\n<meta name=\"twitter:label1\" content=\"Verfasst von\" \/>\n\t<meta name=\"twitter:data1\" content=\"Deutsche Glasfaser\" \/>\n\t<meta name=\"twitter:label2\" content=\"Gesch\u00e4tzte Lesezeit\" \/>\n\t<meta name=\"twitter:data2\" content=\"7\u00a0Minuten\" \/>\n<script type=\"application\/ld+json\" class=\"yoast-schema-graph\">{\"@context\":\"https:\\\/\\\/schema.org\",\"@graph\":[{\"@type\":\"Article\",\"@id\":\"https:\\\/\\\/www.deutsche-glasfaser.de\\\/blog\\\/neues-forschungsprojekt-besserer-hochwasserschutz-dank-kuenstlicher-intelligenz\\\/#article\",\"isPartOf\":{\"@id\":\"https:\\\/\\\/www.deutsche-glasfaser.de\\\/blog\\\/neues-forschungsprojekt-besserer-hochwasserschutz-dank-kuenstlicher-intelligenz\\\/\"},\"author\":{\"name\":\"Deutsche Glasfaser\",\"@id\":\"https:\\\/\\\/www.deutsche-glasfaser.de\\\/blog\\\/#\\\/schema\\\/person\\\/9380a6dc7443d77143d0c66c409f574b\"},\"headline\":\"Neues Forschungsprojekt: Besserer Hochwasserschutz dank k\u00fcnstlicher Intelligenz\",\"datePublished\":\"2023-07-24T05:30:00+00:00\",\"mainEntityOfPage\":{\"@id\":\"https:\\\/\\\/www.deutsche-glasfaser.de\\\/blog\\\/neues-forschungsprojekt-besserer-hochwasserschutz-dank-kuenstlicher-intelligenz\\\/\"},\"wordCount\":1056,\"commentCount\":0,\"publisher\":{\"@id\":\"https:\\\/\\\/www.deutsche-glasfaser.de\\\/blog\\\/#organization\"},\"image\":{\"@id\":\"https:\\\/\\\/www.deutsche-glasfaser.de\\\/blog\\\/neues-forschungsprojekt-besserer-hochwasserschutz-dank-kuenstlicher-intelligenz\\\/#primaryimage\"},\"thumbnailUrl\":\"https:\\\/\\\/www.deutsche-glasfaser.de\\\/blog\\\/wp-content\\\/uploads\\\/2023\\\/07\\\/Titelbild_GroC39F_28Wupper_wuppertal-Laaken_DSC0957429_FINAL.jpg\",\"articleSection\":[\"#Gemeinschaft\"],\"inLanguage\":\"de\",\"potentialAction\":[{\"@type\":\"CommentAction\",\"name\":\"Comment\",\"target\":[\"https:\\\/\\\/www.deutsche-glasfaser.de\\\/blog\\\/neues-forschungsprojekt-besserer-hochwasserschutz-dank-kuenstlicher-intelligenz\\\/#respond\"]}]},{\"@type\":\"WebPage\",\"@id\":\"https:\\\/\\\/www.deutsche-glasfaser.de\\\/blog\\\/neues-forschungsprojekt-besserer-hochwasserschutz-dank-kuenstlicher-intelligenz\\\/\",\"url\":\"https:\\\/\\\/www.deutsche-glasfaser.de\\\/blog\\\/neues-forschungsprojekt-besserer-hochwasserschutz-dank-kuenstlicher-intelligenz\\\/\",\"name\":\"Das Projekt Hochwasserschutz 4.0 setzt auf k\u00fcnstliche Intelligenz - Digitales B\u00fcrgernetz\",\"isPartOf\":{\"@id\":\"https:\\\/\\\/www.deutsche-glasfaser.de\\\/blog\\\/#website\"},\"primaryImageOfPage\":{\"@id\":\"https:\\\/\\\/www.deutsche-glasfaser.de\\\/blog\\\/neues-forschungsprojekt-besserer-hochwasserschutz-dank-kuenstlicher-intelligenz\\\/#primaryimage\"},\"image\":{\"@id\":\"https:\\\/\\\/www.deutsche-glasfaser.de\\\/blog\\\/neues-forschungsprojekt-besserer-hochwasserschutz-dank-kuenstlicher-intelligenz\\\/#primaryimage\"},\"thumbnailUrl\":\"https:\\\/\\\/www.deutsche-glasfaser.de\\\/blog\\\/wp-content\\\/uploads\\\/2023\\\/07\\\/Titelbild_GroC39F_28Wupper_wuppertal-Laaken_DSC0957429_FINAL.jpg\",\"datePublished\":\"2023-07-24T05:30:00+00:00\",\"description\":\"KI-Algorithmen k\u00f6nnten bei der Auswertung von Messdaten helfen und so schneller und pr\u00e4ziser vor Hochwasser warnen.\",\"inLanguage\":\"de\",\"potentialAction\":[{\"@type\":\"ReadAction\",\"target\":[\"https:\\\/\\\/www.deutsche-glasfaser.de\\\/blog\\\/neues-forschungsprojekt-besserer-hochwasserschutz-dank-kuenstlicher-intelligenz\\\/\"]}]},{\"@type\":\"ImageObject\",\"inLanguage\":\"de\",\"@id\":\"https:\\\/\\\/www.deutsche-glasfaser.de\\\/blog\\\/neues-forschungsprojekt-besserer-hochwasserschutz-dank-kuenstlicher-intelligenz\\\/#primaryimage\",\"url\":\"https:\\\/\\\/www.deutsche-glasfaser.de\\\/blog\\\/wp-content\\\/uploads\\\/2023\\\/07\\\/Titelbild_GroC39F_28Wupper_wuppertal-Laaken_DSC0957429_FINAL.jpg\",\"contentUrl\":\"https:\\\/\\\/www.deutsche-glasfaser.de\\\/blog\\\/wp-content\\\/uploads\\\/2023\\\/07\\\/Titelbild_GroC39F_28Wupper_wuppertal-Laaken_DSC0957429_FINAL.jpg\",\"width\":1500,\"height\":705,\"caption\":\"An der Wupper in NRW soll mit k\u00fcnstlicher Intelligenz besser vor Hochwasser gewarnt werden. Foto: Wupperverband\"},{\"@type\":\"WebSite\",\"@id\":\"https:\\\/\\\/www.deutsche-glasfaser.de\\\/blog\\\/#website\",\"url\":\"https:\\\/\\\/www.deutsche-glasfaser.de\\\/blog\\\/\",\"name\":\"Digitales B\u00fcrgernetz\",\"description\":\"Deutsche Glasfaser Blog\",\"publisher\":{\"@id\":\"https:\\\/\\\/www.deutsche-glasfaser.de\\\/blog\\\/#organization\"},\"potentialAction\":[{\"@type\":\"SearchAction\",\"target\":{\"@type\":\"EntryPoint\",\"urlTemplate\":\"https:\\\/\\\/www.deutsche-glasfaser.de\\\/blog\\\/?s={search_term_string}\"},\"query-input\":{\"@type\":\"PropertyValueSpecification\",\"valueRequired\":true,\"valueName\":\"search_term_string\"}}],\"inLanguage\":\"de\"},{\"@type\":\"Organization\",\"@id\":\"https:\\\/\\\/www.deutsche-glasfaser.de\\\/blog\\\/#organization\",\"name\":\"Digitales B\u00fcrgernetz\",\"url\":\"https:\\\/\\\/www.deutsche-glasfaser.de\\\/blog\\\/\",\"logo\":{\"@type\":\"ImageObject\",\"inLanguage\":\"de\",\"@id\":\"https:\\\/\\\/www.deutsche-glasfaser.de\\\/blog\\\/#\\\/schema\\\/logo\\\/image\\\/\",\"url\":\"https:\\\/\\\/www.deutsche-glasfaser.de\\\/blog\\\/wp-content\\\/uploads\\\/2021\\\/08\\\/DGF_Logo_Basis_RGB-Large@2x.png\",\"contentUrl\":\"https:\\\/\\\/www.deutsche-glasfaser.de\\\/blog\\\/wp-content\\\/uploads\\\/2021\\\/08\\\/DGF_Logo_Basis_RGB-Large@2x.png\",\"width\":312,\"height\":104,\"caption\":\"Digitales B\u00fcrgernetz\"},\"image\":{\"@id\":\"https:\\\/\\\/www.deutsche-glasfaser.de\\\/blog\\\/#\\\/schema\\\/logo\\\/image\\\/\"}},{\"@type\":\"Person\",\"@id\":\"https:\\\/\\\/www.deutsche-glasfaser.de\\\/blog\\\/#\\\/schema\\\/person\\\/9380a6dc7443d77143d0c66c409f574b\",\"name\":\"Deutsche Glasfaser\"}]}<\/script>\n<!-- \/ Yoast SEO plugin. -->","yoast_head_json":{"title":"Das Projekt Hochwasserschutz 4.0 setzt auf k\u00fcnstliche Intelligenz - Digitales B\u00fcrgernetz","description":"KI-Algorithmen k\u00f6nnten bei der Auswertung von Messdaten helfen und so schneller und pr\u00e4ziser vor Hochwasser warnen.","robots":{"index":"index","follow":"follow","max-snippet":"max-snippet:-1","max-image-preview":"max-image-preview:large","max-video-preview":"max-video-preview:-1"},"canonical":"https:\/\/www.deutsche-glasfaser.de\/blog\/neues-forschungsprojekt-besserer-hochwasserschutz-dank-kuenstlicher-intelligenz\/","og_locale":"de_DE","og_type":"article","og_title":"Das Projekt Hochwasserschutz 4.0 setzt auf k\u00fcnstliche Intelligenz - Digitales B\u00fcrgernetz","og_description":"KI-Algorithmen k\u00f6nnten bei der Auswertung von Messdaten helfen und so schneller und pr\u00e4ziser vor Hochwasser warnen.","og_url":"https:\/\/www.deutsche-glasfaser.de\/blog\/neues-forschungsprojekt-besserer-hochwasserschutz-dank-kuenstlicher-intelligenz\/","og_site_name":"Digitales B\u00fcrgernetz","article_published_time":"2023-07-24T05:30:00+00:00","og_image":[{"width":1500,"height":705,"url":"https:\/\/www.deutsche-glasfaser.de\/blog\/wp-content\/uploads\/2023\/07\/Titelbild_GroC39F_28Wupper_wuppertal-Laaken_DSC0957429_FINAL.jpg","type":"image\/jpeg"}],"author":"Deutsche Glasfaser","twitter_card":"summary_large_image","twitter_misc":{"Verfasst von":"Deutsche Glasfaser","Gesch\u00e4tzte Lesezeit":"7\u00a0Minuten"},"schema":{"@context":"https:\/\/schema.org","@graph":[{"@type":"Article","@id":"https:\/\/www.deutsche-glasfaser.de\/blog\/neues-forschungsprojekt-besserer-hochwasserschutz-dank-kuenstlicher-intelligenz\/#article","isPartOf":{"@id":"https:\/\/www.deutsche-glasfaser.de\/blog\/neues-forschungsprojekt-besserer-hochwasserschutz-dank-kuenstlicher-intelligenz\/"},"author":{"name":"Deutsche Glasfaser","@id":"https:\/\/www.deutsche-glasfaser.de\/blog\/#\/schema\/person\/9380a6dc7443d77143d0c66c409f574b"},"headline":"Neues Forschungsprojekt: Besserer Hochwasserschutz dank k\u00fcnstlicher Intelligenz","datePublished":"2023-07-24T05:30:00+00:00","mainEntityOfPage":{"@id":"https:\/\/www.deutsche-glasfaser.de\/blog\/neues-forschungsprojekt-besserer-hochwasserschutz-dank-kuenstlicher-intelligenz\/"},"wordCount":1056,"commentCount":0,"publisher":{"@id":"https:\/\/www.deutsche-glasfaser.de\/blog\/#organization"},"image":{"@id":"https:\/\/www.deutsche-glasfaser.de\/blog\/neues-forschungsprojekt-besserer-hochwasserschutz-dank-kuenstlicher-intelligenz\/#primaryimage"},"thumbnailUrl":"https:\/\/www.deutsche-glasfaser.de\/blog\/wp-content\/uploads\/2023\/07\/Titelbild_GroC39F_28Wupper_wuppertal-Laaken_DSC0957429_FINAL.jpg","articleSection":["#Gemeinschaft"],"inLanguage":"de","potentialAction":[{"@type":"CommentAction","name":"Comment","target":["https:\/\/www.deutsche-glasfaser.de\/blog\/neues-forschungsprojekt-besserer-hochwasserschutz-dank-kuenstlicher-intelligenz\/#respond"]}]},{"@type":"WebPage","@id":"https:\/\/www.deutsche-glasfaser.de\/blog\/neues-forschungsprojekt-besserer-hochwasserschutz-dank-kuenstlicher-intelligenz\/","url":"https:\/\/www.deutsche-glasfaser.de\/blog\/neues-forschungsprojekt-besserer-hochwasserschutz-dank-kuenstlicher-intelligenz\/","name":"Das Projekt Hochwasserschutz 4.0 setzt auf k\u00fcnstliche Intelligenz - Digitales B\u00fcrgernetz","isPartOf":{"@id":"https:\/\/www.deutsche-glasfaser.de\/blog\/#website"},"primaryImageOfPage":{"@id":"https:\/\/www.deutsche-glasfaser.de\/blog\/neues-forschungsprojekt-besserer-hochwasserschutz-dank-kuenstlicher-intelligenz\/#primaryimage"},"image":{"@id":"https:\/\/www.deutsche-glasfaser.de\/blog\/neues-forschungsprojekt-besserer-hochwasserschutz-dank-kuenstlicher-intelligenz\/#primaryimage"},"thumbnailUrl":"https:\/\/www.deutsche-glasfaser.de\/blog\/wp-content\/uploads\/2023\/07\/Titelbild_GroC39F_28Wupper_wuppertal-Laaken_DSC0957429_FINAL.jpg","datePublished":"2023-07-24T05:30:00+00:00","description":"KI-Algorithmen k\u00f6nnten bei der Auswertung von Messdaten helfen und so schneller und pr\u00e4ziser vor Hochwasser warnen.","inLanguage":"de","potentialAction":[{"@type":"ReadAction","target":["https:\/\/www.deutsche-glasfaser.de\/blog\/neues-forschungsprojekt-besserer-hochwasserschutz-dank-kuenstlicher-intelligenz\/"]}]},{"@type":"ImageObject","inLanguage":"de","@id":"https:\/\/www.deutsche-glasfaser.de\/blog\/neues-forschungsprojekt-besserer-hochwasserschutz-dank-kuenstlicher-intelligenz\/#primaryimage","url":"https:\/\/www.deutsche-glasfaser.de\/blog\/wp-content\/uploads\/2023\/07\/Titelbild_GroC39F_28Wupper_wuppertal-Laaken_DSC0957429_FINAL.jpg","contentUrl":"https:\/\/www.deutsche-glasfaser.de\/blog\/wp-content\/uploads\/2023\/07\/Titelbild_GroC39F_28Wupper_wuppertal-Laaken_DSC0957429_FINAL.jpg","width":1500,"height":705,"caption":"An der Wupper in NRW soll mit k\u00fcnstlicher Intelligenz besser vor Hochwasser gewarnt werden. Foto: Wupperverband"},{"@type":"WebSite","@id":"https:\/\/www.deutsche-glasfaser.de\/blog\/#website","url":"https:\/\/www.deutsche-glasfaser.de\/blog\/","name":"Digitales B\u00fcrgernetz","description":"Deutsche Glasfaser Blog","publisher":{"@id":"https:\/\/www.deutsche-glasfaser.de\/blog\/#organization"},"potentialAction":[{"@type":"SearchAction","target":{"@type":"EntryPoint","urlTemplate":"https:\/\/www.deutsche-glasfaser.de\/blog\/?s={search_term_string}"},"query-input":{"@type":"PropertyValueSpecification","valueRequired":true,"valueName":"search_term_string"}}],"inLanguage":"de"},{"@type":"Organization","@id":"https:\/\/www.deutsche-glasfaser.de\/blog\/#organization","name":"Digitales B\u00fcrgernetz","url":"https:\/\/www.deutsche-glasfaser.de\/blog\/","logo":{"@type":"ImageObject","inLanguage":"de","@id":"https:\/\/www.deutsche-glasfaser.de\/blog\/#\/schema\/logo\/image\/","url":"https:\/\/www.deutsche-glasfaser.de\/blog\/wp-content\/uploads\/2021\/08\/DGF_Logo_Basis_RGB-Large@2x.png","contentUrl":"https:\/\/www.deutsche-glasfaser.de\/blog\/wp-content\/uploads\/2021\/08\/DGF_Logo_Basis_RGB-Large@2x.png","width":312,"height":104,"caption":"Digitales B\u00fcrgernetz"},"image":{"@id":"https:\/\/www.deutsche-glasfaser.de\/blog\/#\/schema\/logo\/image\/"}},{"@type":"Person","@id":"https:\/\/www.deutsche-glasfaser.de\/blog\/#\/schema\/person\/9380a6dc7443d77143d0c66c409f574b","name":"Deutsche Glasfaser"}]}},"_links":{"self":[{"href":"https:\/\/www.deutsche-glasfaser.de\/blog\/wp-json\/wp\/v2\/posts\/12806","targetHints":{"allow":["GET"]}}],"collection":[{"href":"https:\/\/www.deutsche-glasfaser.de\/blog\/wp-json\/wp\/v2\/posts"}],"about":[{"href":"https:\/\/www.deutsche-glasfaser.de\/blog\/wp-json\/wp\/v2\/types\/post"}],"author":[{"embeddable":true,"href":"https:\/\/www.deutsche-glasfaser.de\/blog\/wp-json\/wp\/v2\/users\/5"}],"replies":[{"embeddable":true,"href":"https:\/\/www.deutsche-glasfaser.de\/blog\/wp-json\/wp\/v2\/comments?post=12806"}],"version-history":[{"count":27,"href":"https:\/\/www.deutsche-glasfaser.de\/blog\/wp-json\/wp\/v2\/posts\/12806\/revisions"}],"predecessor-version":[{"id":12838,"href":"https:\/\/www.deutsche-glasfaser.de\/blog\/wp-json\/wp\/v2\/posts\/12806\/revisions\/12838"}],"wp:featuredmedia":[{"embeddable":true,"href":"https:\/\/www.deutsche-glasfaser.de\/blog\/wp-json\/wp\/v2\/media\/12809"}],"wp:attachment":[{"href":"https:\/\/www.deutsche-glasfaser.de\/blog\/wp-json\/wp\/v2\/media?parent=12806"}],"wp:term":[{"taxonomy":"category","embeddable":true,"href":"https:\/\/www.deutsche-glasfaser.de\/blog\/wp-json\/wp\/v2\/categories?post=12806"},{"taxonomy":"post_tag","embeddable":true,"href":"https:\/\/www.deutsche-glasfaser.de\/blog\/wp-json\/wp\/v2\/tags?post=12806"}],"curies":[{"name":"wp","href":"https:\/\/api.w.org\/{rel}","templated":true}]}}