{"id":12742,"date":"2023-07-13T10:48:52","date_gmt":"2023-07-13T08:48:52","guid":{"rendered":"https:\/\/www.deutsche-glasfaser.de\/blog\/?p=12742"},"modified":"2023-07-13T10:48:54","modified_gmt":"2023-07-13T08:48:54","slug":"bei-der-rente-besser-durchblicken-verbraucher-wuenschen-sich-digitale-informationen","status":"publish","type":"post","link":"https:\/\/www.deutsche-glasfaser.de\/blog\/bei-der-rente-besser-durchblicken-verbraucher-wuenschen-sich-digitale-informationen\/","title":{"rendered":"Bei der Rente besser durchblicken \u2013 Verbraucher w\u00fcnschen sich digitale Informationen"},"content":{"rendered":"\t\t<div data-elementor-type=\"wp-post\" data-elementor-id=\"12742\" class=\"elementor elementor-12742\">\n\t\t\t\t\t\t<section class=\"elementor-section elementor-top-section elementor-element elementor-element-5a6bf88 elementor-section-boxed elementor-section-height-default elementor-section-height-default\" data-id=\"5a6bf88\" data-element_type=\"section\" data-e-type=\"section\">\n\t\t\t\t\t\t<div class=\"elementor-container elementor-column-gap-default\">\n\t\t\t\t\t<div class=\"elementor-column elementor-col-100 elementor-top-column elementor-element elementor-element-3efcd53\" data-id=\"3efcd53\" data-element_type=\"column\" data-e-type=\"column\">\n\t\t\t<div class=\"elementor-widget-wrap elementor-element-populated\">\n\t\t\t\t\t\t<div class=\"elementor-element elementor-element-580fcef elementor-widget elementor-widget-text-editor\" data-id=\"580fcef\" data-element_type=\"widget\" data-e-type=\"widget\" data-widget_type=\"text-editor.default\">\n\t\t\t\t<div class=\"elementor-widget-container\">\n\t\t\t\t\t\t\t\t\t<p>Die Digitalisierung kann der Schl\u00fcssel dazu sein, Angebote und Leistungen der Altersvorsorge \u00fcbersichtlicher zu machen. \u00a9iStock<\/p>\t\t\t\t\t\t\t\t<\/div>\n\t\t\t\t<\/div>\n\t\t\t\t<div class=\"elementor-element elementor-element-14bfe20 elementor-widget elementor-widget-spacer\" data-id=\"14bfe20\" data-element_type=\"widget\" data-e-type=\"widget\" data-widget_type=\"spacer.default\">\n\t\t\t\t<div class=\"elementor-widget-container\">\n\t\t\t\t\t\t\t<div class=\"elementor-spacer\">\n\t\t\t<div class=\"elementor-spacer-inner\"><\/div>\n\t\t<\/div>\n\t\t\t\t\t\t<\/div>\n\t\t\t\t<\/div>\n\t\t\t\t<div class=\"elementor-element elementor-element-ba73c1b elementor-widget elementor-widget-text-editor\" data-id=\"ba73c1b\" data-element_type=\"widget\" data-e-type=\"widget\" data-widget_type=\"text-editor.default\">\n\t\t\t\t<div class=\"elementor-widget-container\">\n\t\t\t\t\t\t\t\t\t<p>Mehr Digitalisierung bei den Angeboten und Leistungen der Rente! Das fordern die Macher des Bitkom-Whitepapers \u201eAltersvorsorge 4.0: Der Beitrag der Digitalisierung zur Altersvorsorge\u201c. Sie sehen in der Digitalisierung gro\u00dfe Vorteile f\u00fcr die Kunden und fordern die Anbieter der Produkte und den Gesetzgeber zum Handeln auf.<\/p>\t\t\t\t\t\t\t\t<\/div>\n\t\t\t\t<\/div>\n\t\t\t\t<div class=\"elementor-element elementor-element-998bac9 elementor-widget elementor-widget-table-of-contents\" data-id=\"998bac9\" data-element_type=\"widget\" data-e-type=\"widget\" data-widget_type=\"table-of-contents.default\">\n\t\t\t\t<div class=\"elementor-widget-container\">\n\t\t\t\t\t \t\t\t\t<\/div>\n\t\t\t\t<\/div>\n\t\t\t\t<div class=\"elementor-element elementor-element-f58b503 elementor-widget elementor-widget-spacer\" data-id=\"f58b503\" data-element_type=\"widget\" data-e-type=\"widget\" data-widget_type=\"spacer.default\">\n\t\t\t\t<div class=\"elementor-widget-container\">\n\t\t\t\t\t\t\t<div class=\"elementor-spacer\">\n\t\t\t<div class=\"elementor-spacer-inner\"><\/div>\n\t\t<\/div>\n\t\t\t\t\t\t<\/div>\n\t\t\t\t<\/div>\n\t\t\t\t<div class=\"elementor-element elementor-element-1700518 elementor-widget elementor-widget-text-editor\" data-id=\"1700518\" data-element_type=\"widget\" data-e-type=\"widget\" data-widget_type=\"text-editor.default\">\n\t\t\t\t<div class=\"elementor-widget-container\">\n\t\t\t\t\t\t\t\t\t<p style=\"margin: 0cm 0cm 15.0pt 0cm;\"><span style=\"font-size: 13.5pt; font-family: 'Arial',sans-serif; color: #07262d;\">Gesetzliche Rente, Lebensversicherung, Riester-Rente, Gehaltsumwandlung \u2013 f\u00fcr die meisten ist es gar nicht so einfach, den Durchblick zu behalten, welche Eink\u00fcnfte sie im Alter erwarten. Das Whitepaper des Digitalverbands Bitkom besch\u00e4ftigt sich damit, wie das im Zuge der Digitalisierung verbessert werden kann und hat ermittelt, was sich die Kunden der Altersvorsorgeprodukte w\u00fcnschen. \u00dcber 1.000 Personen ab 16 Jahren wurden dazu befragt.<\/span><\/p><p style=\"margin: 0cm 0cm 15.0pt 0cm;\"><span style=\"font-size: 13.5pt; font-family: 'Arial',sans-serif; color: #07262d;\">Die Ergebnisse: 6 von 10 Deutschen (59 Prozent) und sogar mehr als zwei Drittel (70 Prozent) derjenigen, die noch nicht in Rente oder Ruhestand sind, w\u00fcnschen sich eine einfache digitale \u00dcbersicht \u00fcber ihre voraussichtlichen Eink\u00fcnfte im Alter. Rund die H\u00e4lfte m\u00f6chten alles rund um ihre Altersvorsorge digital erledigen k\u00f6nnen. <\/span><\/p><p style=\"margin: 0cm 0cm 15.0pt 0cm;\"><span style=\"font-size: 13.5pt; font-family: 'Arial',sans-serif; color: #07262d;\">\u201eOhne private oder betriebliche Altersvorsorge st\u00fcnden viele Menschen im Alter vor dem finanziellen Ruin. Umso wichtiger ist es, sowohl den Zugang m\u00f6glichst einfach zu machen, als auch f\u00fcr Transparenz und \u00dcberblick bei den Leistungen zu sorgen \u2013 und das bedeutet, konsequent auf digitale Technologien zu setzen\u201c, sagt Bitkom-Hauptgesch\u00e4ftsf\u00fchrer Dr. Bernhard Rohleder.<\/span><\/p>\t\t\t\t\t\t\t\t<\/div>\n\t\t\t\t<\/div>\n\t\t\t\t<div class=\"elementor-element elementor-element-ea0ed87 elementor-widget elementor-widget-spacer\" data-id=\"ea0ed87\" data-element_type=\"widget\" data-e-type=\"widget\" data-widget_type=\"spacer.default\">\n\t\t\t\t<div class=\"elementor-widget-container\">\n\t\t\t\t\t\t\t<div class=\"elementor-spacer\">\n\t\t\t<div class=\"elementor-spacer-inner\"><\/div>\n\t\t<\/div>\n\t\t\t\t\t\t<\/div>\n\t\t\t\t<\/div>\n\t\t\t\t<div class=\"elementor-element elementor-element-ab5386d elementor-widget elementor-widget-heading\" data-id=\"ab5386d\" data-element_type=\"widget\" data-e-type=\"widget\" data-widget_type=\"heading.default\">\n\t\t\t\t<div class=\"elementor-widget-container\">\n\t\t\t\t\t<h2 class=\"elementor-heading-title elementor-size-xl\">Digital und menschlich verkn\u00fcpfen<\/h2>\t\t\t\t<\/div>\n\t\t\t\t<\/div>\n\t\t\t\t<div class=\"elementor-element elementor-element-f97336a elementor-widget elementor-widget-spacer\" data-id=\"f97336a\" data-element_type=\"widget\" data-e-type=\"widget\" data-widget_type=\"spacer.default\">\n\t\t\t\t<div class=\"elementor-widget-container\">\n\t\t\t\t\t\t\t<div class=\"elementor-spacer\">\n\t\t\t<div class=\"elementor-spacer-inner\"><\/div>\n\t\t<\/div>\n\t\t\t\t\t\t<\/div>\n\t\t\t\t<\/div>\n\t\t\t\t<div class=\"elementor-element elementor-element-d5ae341 elementor-widget elementor-widget-text-editor\" data-id=\"d5ae341\" data-element_type=\"widget\" data-e-type=\"widget\" data-widget_type=\"text-editor.default\">\n\t\t\t\t<div class=\"elementor-widget-container\">\n\t\t\t\t\t\t\t\t\t<p>Laut des Verbands kann der digitale Zugang zu Produkten der Altersvorsorge diese transparenter und dadurch auch f\u00fcr viele Menschen attraktiver machen. Gerade j\u00fcngere Menschen, die aktuell noch keine Altersvorsorge beziehen, scheinen digitalen Informationsangeboten sehr offen gegen\u00fcberzustehen. Von ihnen sagt sogar eine knappe Mehrheit, dass sie sich von einer K\u00fcnstlichen Intelligenz auf Grundlage ihrer jeweiligen Lebenssituation zur Altersvorsorge beraten lassen w\u00fcrden.<\/p><p>Dagegen steht die Realit\u00e4t, dass nur 22 Prozent ihr letztes privates Altersvorsorgeprodukt digital abgeschlossen haben. 65 Prozent waren daf\u00fcr vor Ort in einer Bankfiliale oder in einem Versicherungsb\u00fcro. Dazu r\u00e4umen die Autoren der Studie ein, dass es sich bei bestimmten Produkten, gerade auch den gef\u00f6rderten wie beispielsweise der Riester-Rente um hoch komplexe Vertr\u00e4ge handelt, die einer umfassenden Beratung bed\u00fcrfen. \u00dcber 60 Prozent der Befragten glauben daher auch, dass der Abschluss einer Altersvorsorge so kompliziert ist, dass dies letztlich nicht ohne Hilfe eines Menschen m\u00f6glich ist. \u201eKurzfristig geht es um hybride L\u00f6sungen, die digitale und pers\u00f6nliche Beratung verzahnen\u201c, so Rohleder. \u201eEine einfache, klare und digitale Darstellung w\u00fcrde es mehr Menschen erm\u00f6glichen, eine selbstst\u00e4ndige und fundierte Entscheidung f\u00fcr ihre Altersvorsorge zu treffen.\u201c<\/p><p>Der Verband kommt in der Analyse zu dem Schluss, dass der f\u00fcr viele andere Bereiche des t\u00e4glichen Lebens bereits selbstverst\u00e4ndliche digitale Zugang auch auf die Altersvorsorgeprodukte \u00fcbertragen werden muss. Das w\u00fcrde auch die Akzeptanz und Nutzung dieser Produkte erh\u00f6hen. Und nur dann w\u00e4ren die Rahmenbedingungen f\u00fcr die Altersvorsorge auch zeitgem\u00e4\u00df.<\/p><p>\u201eDie Altersvorsorgesituation in Deutschland ist angespannt und dennoch verschlafen wir es, die volle Power der Digitalisierung zu nutzen. Sie kann ma\u00dfgeblich dazu beitragen ein transparenteres, verst\u00e4ndlicheres und flexibleres System der Altersvorsorge zu schaffen\u201c, kommentiert Lukas Marschallek Referent Digital Banking &amp; Financial Services bei Bitkom, auf LinkedIn das Whitepaper. \u201eEs ist an der Zeit, die Potenziale zu heben und bestehende H\u00fcrden zu beseitigen, um Ver\u00e4nderungen herbeizuf\u00fchren.\u201c<\/p>\t\t\t\t\t\t\t\t<\/div>\n\t\t\t\t<\/div>\n\t\t\t\t<div class=\"elementor-element elementor-element-7d1b578 elementor-widget elementor-widget-spacer\" data-id=\"7d1b578\" data-element_type=\"widget\" data-e-type=\"widget\" data-widget_type=\"spacer.default\">\n\t\t\t\t<div class=\"elementor-widget-container\">\n\t\t\t\t\t\t\t<div class=\"elementor-spacer\">\n\t\t\t<div class=\"elementor-spacer-inner\"><\/div>\n\t\t<\/div>\n\t\t\t\t\t\t<\/div>\n\t\t\t\t<\/div>\n\t\t\t\t<div class=\"elementor-element elementor-element-d4c5f18 elementor-widget elementor-widget-image\" data-id=\"d4c5f18\" data-element_type=\"widget\" data-e-type=\"widget\" data-widget_type=\"image.default\">\n\t\t\t\t<div class=\"elementor-widget-container\">\n\t\t\t\t\t\t\t\t\t\t\t\t<figure class=\"wp-caption\">\n\t\t\t\t\t\t\t\t\t\t<img fetchpriority=\"high\" decoding=\"async\" width=\"768\" height=\"595\" src=\"https:\/\/www.deutsche-glasfaser.de\/blog\/wp-content\/uploads\/2023\/07\/Beitragsbild_Bitcom_FINAL-768x595.jpg\" class=\"attachment-medium_large size-medium_large wp-image-12783\" alt=\"Zwei Kuchendiagramme. Aufteilung der Anteile von Personen, die ihre Eink\u00fcnfte im Alter digital regeln wollen.\" srcset=\"https:\/\/www.deutsche-glasfaser.de\/blog\/wp-content\/uploads\/2023\/07\/Beitragsbild_Bitcom_FINAL-768x595.jpg 768w, https:\/\/www.deutsche-glasfaser.de\/blog\/wp-content\/uploads\/2023\/07\/Beitragsbild_Bitcom_FINAL-300x232.jpg 300w, https:\/\/www.deutsche-glasfaser.de\/blog\/wp-content\/uploads\/2023\/07\/Beitragsbild_Bitcom_FINAL.jpg 788w\" sizes=\"(max-width: 768px) 100vw, 768px\" \/>\t\t\t\t\t\t\t\t\t\t\t<figcaption class=\"widget-image-caption wp-caption-text\">59 Prozent der Deutschen und 70 Prozent derjenigen, die noch nicht in Rente oder Ruhestand sind, w\u00fcnschen sich eine einfache digitale \u00dcbersicht \u00fcber ihre voraussichtlichen Eink\u00fcnfte im Alter. \u00a9Bitkom<\/figcaption>\n\t\t\t\t\t\t\t\t\t\t<\/figure>\n\t\t\t\t\t\t\t\t\t<\/div>\n\t\t\t\t<\/div>\n\t\t\t\t<div class=\"elementor-element elementor-element-66b575f elementor-widget elementor-widget-spacer\" data-id=\"66b575f\" data-element_type=\"widget\" data-e-type=\"widget\" data-widget_type=\"spacer.default\">\n\t\t\t\t<div class=\"elementor-widget-container\">\n\t\t\t\t\t\t\t<div class=\"elementor-spacer\">\n\t\t\t<div class=\"elementor-spacer-inner\"><\/div>\n\t\t<\/div>\n\t\t\t\t\t\t<\/div>\n\t\t\t\t<\/div>\n\t\t\t\t<div class=\"elementor-element elementor-element-a13f795 elementor-widget elementor-widget-heading\" data-id=\"a13f795\" data-element_type=\"widget\" data-e-type=\"widget\" data-widget_type=\"heading.default\">\n\t\t\t\t<div class=\"elementor-widget-container\">\n\t\t\t\t\t<h2 class=\"elementor-heading-title elementor-size-xl\">Digitale Renten\u00fcbersicht als richtiger Schritt<\/h2>\t\t\t\t<\/div>\n\t\t\t\t<\/div>\n\t\t\t\t<div class=\"elementor-element elementor-element-df9f9d2 elementor-widget elementor-widget-spacer\" data-id=\"df9f9d2\" data-element_type=\"widget\" data-e-type=\"widget\" data-widget_type=\"spacer.default\">\n\t\t\t\t<div class=\"elementor-widget-container\">\n\t\t\t\t\t\t\t<div class=\"elementor-spacer\">\n\t\t\t<div class=\"elementor-spacer-inner\"><\/div>\n\t\t<\/div>\n\t\t\t\t\t\t<\/div>\n\t\t\t\t<\/div>\n\t\t\t\t<div class=\"elementor-element elementor-element-e5ea506 elementor-widget elementor-widget-text-editor\" data-id=\"e5ea506\" data-element_type=\"widget\" data-e-type=\"widget\" data-widget_type=\"text-editor.default\">\n\t\t\t\t<div class=\"elementor-widget-container\">\n\t\t\t\t\t\t\t\t\t<p>Nicht das System der Rente solle sich ver\u00e4ndern, betonen die Autoren. Es soll vielmehr durch digitale Angebote verbessert und erweitert werden, um den sich \u00e4ndernden Bed\u00fcrfnissen und Erwartungen der Kunden gerecht zu werden. Die digitale Renten\u00fcbersicht des Bundes sei ein erster Anfang, alle bestehenden Informationen \u00fcber eine Schnittstelle digital zusammenzutragen und darzustellen. Daher begr\u00fc\u00dft der Verband, dass der Bund ein entsprechendes Gesetz dazu verabschiedet hat.<\/p><p>Plattform-Anbieter, die hochsichere Tools anbieten, die sowohl den Anforderungen des Datenschutzes als auch der IT-Sicherheit entsprechen, gibt es laut Bitkom bereits. Diese Plattforml\u00f6sungen m\u00fcssten nun konsequent weiterentwickelt werden.<\/p><p>Das komplette Whitepaper ist <strong><a href=\"https:\/\/www.bitkom.org\/sites\/main\/files\/2023-06\/230606LFAltersvorsorge-40.pdf\">hier<\/a> <\/strong>verf\u00fcgbar.<\/p>\t\t\t\t\t\t\t\t<\/div>\n\t\t\t\t<\/div>\n\t\t\t\t\t<\/div>\n\t\t<\/div>\n\t\t\t\t\t<\/div>\n\t\t<\/section>\n\t\t\t\t<\/div>\n\t\t","protected":false},"excerpt":{"rendered":"<p>Eine Bitkom-Studie zeigt: \u00dcber zwei Drittel der Deutschen w\u00fcnschen sich eine digitale \u00dcbersicht ihrer voraussichtlichen Eink\u00fcnfte im Alter. Mehr als die H\u00e4lfte w\u00fcrden sich sogar von K\u00fcnstlicher Intelligenz dazu beraten lassen, wie sie am besten vorsorgen.<\/p>\n","protected":false},"author":5,"featured_media":12782,"comment_status":"open","ping_status":"open","sticky":false,"template":"","format":"standard","meta":{"footnotes":""},"categories":[71],"tags":[],"class_list":["post-12742","post","type-post","status-publish","format-standard","has-post-thumbnail","hentry","category-gemeinschaft"],"yoast_head":"<!-- This site is optimized with the Yoast SEO plugin v27.5 - https:\/\/yoast.com\/product\/yoast-seo-wordpress\/ -->\n<title>Digitalisierung der Altersvorsorge - Digitales B\u00fcrgernetz<\/title>\n<meta name=\"description\" content=\"Eine Studie des Digitalverbands Bitkom siehe gro\u00dfen Bedarf und gro\u00dfe Vorteile beim digitalen Zugang zu Produkten der Altersvorsorge.\" \/>\n<meta name=\"robots\" content=\"index, follow, max-snippet:-1, max-image-preview:large, max-video-preview:-1\" \/>\n<link rel=\"canonical\" href=\"https:\/\/www.deutsche-glasfaser.de\/blog\/bei-der-rente-besser-durchblicken-verbraucher-wuenschen-sich-digitale-informationen\/\" \/>\n<meta property=\"og:locale\" content=\"de_DE\" \/>\n<meta property=\"og:type\" content=\"article\" \/>\n<meta property=\"og:title\" content=\"Digitalisierung der Altersvorsorge - Digitales B\u00fcrgernetz\" \/>\n<meta property=\"og:description\" content=\"Eine Studie des Digitalverbands Bitkom siehe gro\u00dfen Bedarf und gro\u00dfe Vorteile beim digitalen Zugang zu Produkten der Altersvorsorge.\" \/>\n<meta property=\"og:url\" content=\"https:\/\/www.deutsche-glasfaser.de\/blog\/bei-der-rente-besser-durchblicken-verbraucher-wuenschen-sich-digitale-informationen\/\" \/>\n<meta property=\"og:site_name\" content=\"Digitales B\u00fcrgernetz\" \/>\n<meta property=\"article:published_time\" content=\"2023-07-13T08:48:52+00:00\" \/>\n<meta property=\"article:modified_time\" content=\"2023-07-13T08:48:54+00:00\" \/>\n<meta property=\"og:image\" content=\"https:\/\/www.deutsche-glasfaser.de\/blog\/wp-content\/uploads\/2023\/07\/Titelbild_iStock-1088250982_FINAL.jpg\" \/>\n\t<meta property=\"og:image:width\" content=\"1500\" \/>\n\t<meta property=\"og:image:height\" content=\"705\" \/>\n\t<meta property=\"og:image:type\" content=\"image\/jpeg\" \/>\n<meta name=\"author\" content=\"Deutsche Glasfaser\" \/>\n<meta name=\"twitter:card\" content=\"summary_large_image\" \/>\n<meta name=\"twitter:label1\" content=\"Verfasst von\" \/>\n\t<meta name=\"twitter:data1\" content=\"Deutsche Glasfaser\" \/>\n\t<meta name=\"twitter:label2\" content=\"Gesch\u00e4tzte Lesezeit\" \/>\n\t<meta name=\"twitter:data2\" content=\"4\u00a0Minuten\" \/>\n<script type=\"application\/ld+json\" class=\"yoast-schema-graph\">{\"@context\":\"https:\\\/\\\/schema.org\",\"@graph\":[{\"@type\":\"Article\",\"@id\":\"https:\\\/\\\/www.deutsche-glasfaser.de\\\/blog\\\/bei-der-rente-besser-durchblicken-verbraucher-wuenschen-sich-digitale-informationen\\\/#article\",\"isPartOf\":{\"@id\":\"https:\\\/\\\/www.deutsche-glasfaser.de\\\/blog\\\/bei-der-rente-besser-durchblicken-verbraucher-wuenschen-sich-digitale-informationen\\\/\"},\"author\":{\"name\":\"Deutsche Glasfaser\",\"@id\":\"https:\\\/\\\/www.deutsche-glasfaser.de\\\/blog\\\/#\\\/schema\\\/person\\\/9380a6dc7443d77143d0c66c409f574b\"},\"headline\":\"Bei der Rente besser durchblicken \u2013 Verbraucher w\u00fcnschen sich digitale Informationen\",\"datePublished\":\"2023-07-13T08:48:52+00:00\",\"dateModified\":\"2023-07-13T08:48:54+00:00\",\"mainEntityOfPage\":{\"@id\":\"https:\\\/\\\/www.deutsche-glasfaser.de\\\/blog\\\/bei-der-rente-besser-durchblicken-verbraucher-wuenschen-sich-digitale-informationen\\\/\"},\"wordCount\":713,\"commentCount\":0,\"publisher\":{\"@id\":\"https:\\\/\\\/www.deutsche-glasfaser.de\\\/blog\\\/#organization\"},\"image\":{\"@id\":\"https:\\\/\\\/www.deutsche-glasfaser.de\\\/blog\\\/bei-der-rente-besser-durchblicken-verbraucher-wuenschen-sich-digitale-informationen\\\/#primaryimage\"},\"thumbnailUrl\":\"https:\\\/\\\/www.deutsche-glasfaser.de\\\/blog\\\/wp-content\\\/uploads\\\/2023\\\/07\\\/Titelbild_iStock-1088250982_FINAL.jpg\",\"articleSection\":[\"#Gemeinschaft\"],\"inLanguage\":\"de\",\"potentialAction\":[{\"@type\":\"CommentAction\",\"name\":\"Comment\",\"target\":[\"https:\\\/\\\/www.deutsche-glasfaser.de\\\/blog\\\/bei-der-rente-besser-durchblicken-verbraucher-wuenschen-sich-digitale-informationen\\\/#respond\"]}]},{\"@type\":\"WebPage\",\"@id\":\"https:\\\/\\\/www.deutsche-glasfaser.de\\\/blog\\\/bei-der-rente-besser-durchblicken-verbraucher-wuenschen-sich-digitale-informationen\\\/\",\"url\":\"https:\\\/\\\/www.deutsche-glasfaser.de\\\/blog\\\/bei-der-rente-besser-durchblicken-verbraucher-wuenschen-sich-digitale-informationen\\\/\",\"name\":\"Digitalisierung der Altersvorsorge - Digitales B\u00fcrgernetz\",\"isPartOf\":{\"@id\":\"https:\\\/\\\/www.deutsche-glasfaser.de\\\/blog\\\/#website\"},\"primaryImageOfPage\":{\"@id\":\"https:\\\/\\\/www.deutsche-glasfaser.de\\\/blog\\\/bei-der-rente-besser-durchblicken-verbraucher-wuenschen-sich-digitale-informationen\\\/#primaryimage\"},\"image\":{\"@id\":\"https:\\\/\\\/www.deutsche-glasfaser.de\\\/blog\\\/bei-der-rente-besser-durchblicken-verbraucher-wuenschen-sich-digitale-informationen\\\/#primaryimage\"},\"thumbnailUrl\":\"https:\\\/\\\/www.deutsche-glasfaser.de\\\/blog\\\/wp-content\\\/uploads\\\/2023\\\/07\\\/Titelbild_iStock-1088250982_FINAL.jpg\",\"datePublished\":\"2023-07-13T08:48:52+00:00\",\"dateModified\":\"2023-07-13T08:48:54+00:00\",\"description\":\"Eine Studie des Digitalverbands Bitkom siehe gro\u00dfen Bedarf und gro\u00dfe Vorteile beim digitalen Zugang zu Produkten der Altersvorsorge.\",\"inLanguage\":\"de\",\"potentialAction\":[{\"@type\":\"ReadAction\",\"target\":[\"https:\\\/\\\/www.deutsche-glasfaser.de\\\/blog\\\/bei-der-rente-besser-durchblicken-verbraucher-wuenschen-sich-digitale-informationen\\\/\"]}]},{\"@type\":\"ImageObject\",\"inLanguage\":\"de\",\"@id\":\"https:\\\/\\\/www.deutsche-glasfaser.de\\\/blog\\\/bei-der-rente-besser-durchblicken-verbraucher-wuenschen-sich-digitale-informationen\\\/#primaryimage\",\"url\":\"https:\\\/\\\/www.deutsche-glasfaser.de\\\/blog\\\/wp-content\\\/uploads\\\/2023\\\/07\\\/Titelbild_iStock-1088250982_FINAL.jpg\",\"contentUrl\":\"https:\\\/\\\/www.deutsche-glasfaser.de\\\/blog\\\/wp-content\\\/uploads\\\/2023\\\/07\\\/Titelbild_iStock-1088250982_FINAL.jpg\",\"width\":1500,\"height\":705,\"caption\":\"Die Digitalisierung kann der Schl\u00fcssel dazu sein, Angebote und Leistungen der Altersvorsorge \u00fcbersichtlicher zu machen. \u00a9iStock\"},{\"@type\":\"WebSite\",\"@id\":\"https:\\\/\\\/www.deutsche-glasfaser.de\\\/blog\\\/#website\",\"url\":\"https:\\\/\\\/www.deutsche-glasfaser.de\\\/blog\\\/\",\"name\":\"Digitales B\u00fcrgernetz\",\"description\":\"Deutsche Glasfaser Blog\",\"publisher\":{\"@id\":\"https:\\\/\\\/www.deutsche-glasfaser.de\\\/blog\\\/#organization\"},\"potentialAction\":[{\"@type\":\"SearchAction\",\"target\":{\"@type\":\"EntryPoint\",\"urlTemplate\":\"https:\\\/\\\/www.deutsche-glasfaser.de\\\/blog\\\/?s={search_term_string}\"},\"query-input\":{\"@type\":\"PropertyValueSpecification\",\"valueRequired\":true,\"valueName\":\"search_term_string\"}}],\"inLanguage\":\"de\"},{\"@type\":\"Organization\",\"@id\":\"https:\\\/\\\/www.deutsche-glasfaser.de\\\/blog\\\/#organization\",\"name\":\"Digitales B\u00fcrgernetz\",\"url\":\"https:\\\/\\\/www.deutsche-glasfaser.de\\\/blog\\\/\",\"logo\":{\"@type\":\"ImageObject\",\"inLanguage\":\"de\",\"@id\":\"https:\\\/\\\/www.deutsche-glasfaser.de\\\/blog\\\/#\\\/schema\\\/logo\\\/image\\\/\",\"url\":\"https:\\\/\\\/www.deutsche-glasfaser.de\\\/blog\\\/wp-content\\\/uploads\\\/2021\\\/08\\\/DGF_Logo_Basis_RGB-Large@2x.png\",\"contentUrl\":\"https:\\\/\\\/www.deutsche-glasfaser.de\\\/blog\\\/wp-content\\\/uploads\\\/2021\\\/08\\\/DGF_Logo_Basis_RGB-Large@2x.png\",\"width\":312,\"height\":104,\"caption\":\"Digitales B\u00fcrgernetz\"},\"image\":{\"@id\":\"https:\\\/\\\/www.deutsche-glasfaser.de\\\/blog\\\/#\\\/schema\\\/logo\\\/image\\\/\"}},{\"@type\":\"Person\",\"@id\":\"https:\\\/\\\/www.deutsche-glasfaser.de\\\/blog\\\/#\\\/schema\\\/person\\\/9380a6dc7443d77143d0c66c409f574b\",\"name\":\"Deutsche Glasfaser\"}]}<\/script>\n<!-- \/ Yoast SEO plugin. -->","yoast_head_json":{"title":"Digitalisierung der Altersvorsorge - Digitales B\u00fcrgernetz","description":"Eine Studie des Digitalverbands Bitkom siehe gro\u00dfen Bedarf und gro\u00dfe Vorteile beim digitalen Zugang zu Produkten der Altersvorsorge.","robots":{"index":"index","follow":"follow","max-snippet":"max-snippet:-1","max-image-preview":"max-image-preview:large","max-video-preview":"max-video-preview:-1"},"canonical":"https:\/\/www.deutsche-glasfaser.de\/blog\/bei-der-rente-besser-durchblicken-verbraucher-wuenschen-sich-digitale-informationen\/","og_locale":"de_DE","og_type":"article","og_title":"Digitalisierung der Altersvorsorge - Digitales B\u00fcrgernetz","og_description":"Eine Studie des Digitalverbands Bitkom siehe gro\u00dfen Bedarf und gro\u00dfe Vorteile beim digitalen Zugang zu Produkten der Altersvorsorge.","og_url":"https:\/\/www.deutsche-glasfaser.de\/blog\/bei-der-rente-besser-durchblicken-verbraucher-wuenschen-sich-digitale-informationen\/","og_site_name":"Digitales B\u00fcrgernetz","article_published_time":"2023-07-13T08:48:52+00:00","article_modified_time":"2023-07-13T08:48:54+00:00","og_image":[{"width":1500,"height":705,"url":"https:\/\/www.deutsche-glasfaser.de\/blog\/wp-content\/uploads\/2023\/07\/Titelbild_iStock-1088250982_FINAL.jpg","type":"image\/jpeg"}],"author":"Deutsche Glasfaser","twitter_card":"summary_large_image","twitter_misc":{"Verfasst von":"Deutsche Glasfaser","Gesch\u00e4tzte Lesezeit":"4\u00a0Minuten"},"schema":{"@context":"https:\/\/schema.org","@graph":[{"@type":"Article","@id":"https:\/\/www.deutsche-glasfaser.de\/blog\/bei-der-rente-besser-durchblicken-verbraucher-wuenschen-sich-digitale-informationen\/#article","isPartOf":{"@id":"https:\/\/www.deutsche-glasfaser.de\/blog\/bei-der-rente-besser-durchblicken-verbraucher-wuenschen-sich-digitale-informationen\/"},"author":{"name":"Deutsche Glasfaser","@id":"https:\/\/www.deutsche-glasfaser.de\/blog\/#\/schema\/person\/9380a6dc7443d77143d0c66c409f574b"},"headline":"Bei der Rente besser durchblicken \u2013 Verbraucher w\u00fcnschen sich digitale Informationen","datePublished":"2023-07-13T08:48:52+00:00","dateModified":"2023-07-13T08:48:54+00:00","mainEntityOfPage":{"@id":"https:\/\/www.deutsche-glasfaser.de\/blog\/bei-der-rente-besser-durchblicken-verbraucher-wuenschen-sich-digitale-informationen\/"},"wordCount":713,"commentCount":0,"publisher":{"@id":"https:\/\/www.deutsche-glasfaser.de\/blog\/#organization"},"image":{"@id":"https:\/\/www.deutsche-glasfaser.de\/blog\/bei-der-rente-besser-durchblicken-verbraucher-wuenschen-sich-digitale-informationen\/#primaryimage"},"thumbnailUrl":"https:\/\/www.deutsche-glasfaser.de\/blog\/wp-content\/uploads\/2023\/07\/Titelbild_iStock-1088250982_FINAL.jpg","articleSection":["#Gemeinschaft"],"inLanguage":"de","potentialAction":[{"@type":"CommentAction","name":"Comment","target":["https:\/\/www.deutsche-glasfaser.de\/blog\/bei-der-rente-besser-durchblicken-verbraucher-wuenschen-sich-digitale-informationen\/#respond"]}]},{"@type":"WebPage","@id":"https:\/\/www.deutsche-glasfaser.de\/blog\/bei-der-rente-besser-durchblicken-verbraucher-wuenschen-sich-digitale-informationen\/","url":"https:\/\/www.deutsche-glasfaser.de\/blog\/bei-der-rente-besser-durchblicken-verbraucher-wuenschen-sich-digitale-informationen\/","name":"Digitalisierung der Altersvorsorge - Digitales B\u00fcrgernetz","isPartOf":{"@id":"https:\/\/www.deutsche-glasfaser.de\/blog\/#website"},"primaryImageOfPage":{"@id":"https:\/\/www.deutsche-glasfaser.de\/blog\/bei-der-rente-besser-durchblicken-verbraucher-wuenschen-sich-digitale-informationen\/#primaryimage"},"image":{"@id":"https:\/\/www.deutsche-glasfaser.de\/blog\/bei-der-rente-besser-durchblicken-verbraucher-wuenschen-sich-digitale-informationen\/#primaryimage"},"thumbnailUrl":"https:\/\/www.deutsche-glasfaser.de\/blog\/wp-content\/uploads\/2023\/07\/Titelbild_iStock-1088250982_FINAL.jpg","datePublished":"2023-07-13T08:48:52+00:00","dateModified":"2023-07-13T08:48:54+00:00","description":"Eine Studie des Digitalverbands Bitkom siehe gro\u00dfen Bedarf und gro\u00dfe Vorteile beim digitalen Zugang zu Produkten der Altersvorsorge.","inLanguage":"de","potentialAction":[{"@type":"ReadAction","target":["https:\/\/www.deutsche-glasfaser.de\/blog\/bei-der-rente-besser-durchblicken-verbraucher-wuenschen-sich-digitale-informationen\/"]}]},{"@type":"ImageObject","inLanguage":"de","@id":"https:\/\/www.deutsche-glasfaser.de\/blog\/bei-der-rente-besser-durchblicken-verbraucher-wuenschen-sich-digitale-informationen\/#primaryimage","url":"https:\/\/www.deutsche-glasfaser.de\/blog\/wp-content\/uploads\/2023\/07\/Titelbild_iStock-1088250982_FINAL.jpg","contentUrl":"https:\/\/www.deutsche-glasfaser.de\/blog\/wp-content\/uploads\/2023\/07\/Titelbild_iStock-1088250982_FINAL.jpg","width":1500,"height":705,"caption":"Die Digitalisierung kann der Schl\u00fcssel dazu sein, Angebote und Leistungen der Altersvorsorge \u00fcbersichtlicher zu machen. \u00a9iStock"},{"@type":"WebSite","@id":"https:\/\/www.deutsche-glasfaser.de\/blog\/#website","url":"https:\/\/www.deutsche-glasfaser.de\/blog\/","name":"Digitales B\u00fcrgernetz","description":"Deutsche Glasfaser Blog","publisher":{"@id":"https:\/\/www.deutsche-glasfaser.de\/blog\/#organization"},"potentialAction":[{"@type":"SearchAction","target":{"@type":"EntryPoint","urlTemplate":"https:\/\/www.deutsche-glasfaser.de\/blog\/?s={search_term_string}"},"query-input":{"@type":"PropertyValueSpecification","valueRequired":true,"valueName":"search_term_string"}}],"inLanguage":"de"},{"@type":"Organization","@id":"https:\/\/www.deutsche-glasfaser.de\/blog\/#organization","name":"Digitales B\u00fcrgernetz","url":"https:\/\/www.deutsche-glasfaser.de\/blog\/","logo":{"@type":"ImageObject","inLanguage":"de","@id":"https:\/\/www.deutsche-glasfaser.de\/blog\/#\/schema\/logo\/image\/","url":"https:\/\/www.deutsche-glasfaser.de\/blog\/wp-content\/uploads\/2021\/08\/DGF_Logo_Basis_RGB-Large@2x.png","contentUrl":"https:\/\/www.deutsche-glasfaser.de\/blog\/wp-content\/uploads\/2021\/08\/DGF_Logo_Basis_RGB-Large@2x.png","width":312,"height":104,"caption":"Digitales B\u00fcrgernetz"},"image":{"@id":"https:\/\/www.deutsche-glasfaser.de\/blog\/#\/schema\/logo\/image\/"}},{"@type":"Person","@id":"https:\/\/www.deutsche-glasfaser.de\/blog\/#\/schema\/person\/9380a6dc7443d77143d0c66c409f574b","name":"Deutsche Glasfaser"}]}},"_links":{"self":[{"href":"https:\/\/www.deutsche-glasfaser.de\/blog\/wp-json\/wp\/v2\/posts\/12742","targetHints":{"allow":["GET"]}}],"collection":[{"href":"https:\/\/www.deutsche-glasfaser.de\/blog\/wp-json\/wp\/v2\/posts"}],"about":[{"href":"https:\/\/www.deutsche-glasfaser.de\/blog\/wp-json\/wp\/v2\/types\/post"}],"author":[{"embeddable":true,"href":"https:\/\/www.deutsche-glasfaser.de\/blog\/wp-json\/wp\/v2\/users\/5"}],"replies":[{"embeddable":true,"href":"https:\/\/www.deutsche-glasfaser.de\/blog\/wp-json\/wp\/v2\/comments?post=12742"}],"version-history":[{"count":15,"href":"https:\/\/www.deutsche-glasfaser.de\/blog\/wp-json\/wp\/v2\/posts\/12742\/revisions"}],"predecessor-version":[{"id":12789,"href":"https:\/\/www.deutsche-glasfaser.de\/blog\/wp-json\/wp\/v2\/posts\/12742\/revisions\/12789"}],"wp:featuredmedia":[{"embeddable":true,"href":"https:\/\/www.deutsche-glasfaser.de\/blog\/wp-json\/wp\/v2\/media\/12782"}],"wp:attachment":[{"href":"https:\/\/www.deutsche-glasfaser.de\/blog\/wp-json\/wp\/v2\/media?parent=12742"}],"wp:term":[{"taxonomy":"category","embeddable":true,"href":"https:\/\/www.deutsche-glasfaser.de\/blog\/wp-json\/wp\/v2\/categories?post=12742"},{"taxonomy":"post_tag","embeddable":true,"href":"https:\/\/www.deutsche-glasfaser.de\/blog\/wp-json\/wp\/v2\/tags?post=12742"}],"curies":[{"name":"wp","href":"https:\/\/api.w.org\/{rel}","templated":true}]}}