{"id":12691,"date":"2023-07-07T21:31:23","date_gmt":"2023-07-07T19:31:23","guid":{"rendered":"https:\/\/www.deutsche-glasfaser.de\/blog\/?p=12691"},"modified":"2023-07-13T20:33:52","modified_gmt":"2023-07-13T18:33:52","slug":"digitale-zukunftschwaben-so-war-der-3-roundtable-des-digitalen-buergernetz","status":"publish","type":"post","link":"https:\/\/www.deutsche-glasfaser.de\/blog\/digitale-zukunftschwaben-so-war-der-3-roundtable-des-digitalen-buergernetz\/","title":{"rendered":"Digitale Zukunft@Schwaben \u2013 So war der 3. Roundtable des Digitalen B\u00fcrgernetz"},"content":{"rendered":"\t\t<div data-elementor-type=\"wp-post\" data-elementor-id=\"12691\" class=\"elementor elementor-12691\">\n\t\t\t\t\t\t<section class=\"elementor-section elementor-top-section elementor-element elementor-element-ad7a7f3 elementor-section-boxed elementor-section-height-default elementor-section-height-default\" data-id=\"ad7a7f3\" data-element_type=\"section\" data-e-type=\"section\">\n\t\t\t\t\t\t<div class=\"elementor-container elementor-column-gap-default\">\n\t\t\t\t\t<div class=\"elementor-column elementor-col-100 elementor-top-column elementor-element elementor-element-3c2fd5e\" data-id=\"3c2fd5e\" data-element_type=\"column\" data-e-type=\"column\">\n\t\t\t<div class=\"elementor-widget-wrap elementor-element-populated\">\n\t\t\t\t\t\t<div class=\"elementor-element elementor-element-2843c01 elementor-widget elementor-widget-text-editor\" data-id=\"2843c01\" data-element_type=\"widget\" data-e-type=\"widget\" data-widget_type=\"text-editor.default\">\n\t\t\t\t<div class=\"elementor-widget-container\">\n\t\t\t\t\t\t\t\t\t<p>Guter Austausch am Roundtable in Neu-Ulm \u00a9 Jascha Pansch<\/p>\t\t\t\t\t\t\t\t<\/div>\n\t\t\t\t<\/div>\n\t\t\t\t\t<\/div>\n\t\t<\/div>\n\t\t\t\t\t<\/div>\n\t\t<\/section>\n\t\t\t\t<section class=\"elementor-section elementor-top-section elementor-element elementor-element-42bd786 elementor-section-boxed elementor-section-height-default elementor-section-height-default\" data-id=\"42bd786\" data-element_type=\"section\" data-e-type=\"section\">\n\t\t\t\t\t\t<div class=\"elementor-container elementor-column-gap-default\">\n\t\t\t\t\t<div class=\"elementor-column elementor-col-100 elementor-top-column elementor-element elementor-element-06f4a9e\" data-id=\"06f4a9e\" data-element_type=\"column\" data-e-type=\"column\">\n\t\t\t<div class=\"elementor-widget-wrap elementor-element-populated\">\n\t\t\t\t\t\t<div class=\"elementor-element elementor-element-fb508a9 elementor-widget elementor-widget-text-editor\" data-id=\"fb508a9\" data-element_type=\"widget\" data-e-type=\"widget\" data-widget_type=\"text-editor.default\">\n\t\t\t\t<div class=\"elementor-widget-container\">\n\t\t\t\t\t\t\t\t\t<p><span class=\"TextRun SCXW211079811 BCX9\" lang=\"DE-DE\" xml:lang=\"DE-DE\" data-contrast=\"auto\"><span class=\"NormalTextRun SCXW211079811 BCX9\" data-ccp-parastyle=\"Normal (Web)\">Wie kann die Digitalisierung neue Perspektiven schaffen und strukturelle Probleme l\u00f6sen und damit die Lebensqualit\u00e4t in und die Chancen von l\u00e4ndlichen Regionen st\u00e4rken? Mit dieser Frage besch\u00e4ftigen wir uns im Digitalen B\u00fcrgernetz intensiv. Wir finden und erz\u00e4hlen Beispiele f\u00fcr gelungene Digitalisierungsprojekte in den Regionen,\u202fzeigen Pionierleistungen und L\u00f6sungen und leisten so einen wertvollen Beitrag dabei, die Gesellschaft aktiv bei der Ergreifung ihrer Gestaltungsm\u00f6glichkeiten zu unterst\u00fctzen.<\/span><\/span><\/p>\t\t\t\t\t\t\t\t<\/div>\n\t\t\t\t<\/div>\n\t\t\t\t<div class=\"elementor-element elementor-element-1e5eef8 elementor-widget elementor-widget-table-of-contents\" data-id=\"1e5eef8\" data-element_type=\"widget\" data-e-type=\"widget\" data-widget_type=\"table-of-contents.default\">\n\t\t\t\t<div class=\"elementor-widget-container\">\n\t\t\t\t\t \t\t\t\t<\/div>\n\t\t\t\t<\/div>\n\t\t\t\t<div class=\"elementor-element elementor-element-83818d0 elementor-widget elementor-widget-spacer\" data-id=\"83818d0\" data-element_type=\"widget\" data-e-type=\"widget\" data-widget_type=\"spacer.default\">\n\t\t\t\t<div class=\"elementor-widget-container\">\n\t\t\t\t\t\t\t<div class=\"elementor-spacer\">\n\t\t\t<div class=\"elementor-spacer-inner\"><\/div>\n\t\t<\/div>\n\t\t\t\t\t\t<\/div>\n\t\t\t\t<\/div>\n\t\t\t\t<div class=\"elementor-element elementor-element-ad6e328 elementor-widget elementor-widget-heading\" data-id=\"ad6e328\" data-element_type=\"widget\" data-e-type=\"widget\" data-widget_type=\"heading.default\">\n\t\t\t\t<div class=\"elementor-widget-container\">\n\t\t\t\t\t<h2 class=\"elementor-heading-title elementor-size-xl\">Breitbandausbau als Voraussetzung einer digitalen Gesellschaft <\/h2>\t\t\t\t<\/div>\n\t\t\t\t<\/div>\n\t\t\t\t<div class=\"elementor-element elementor-element-05ccb11 elementor-widget elementor-widget-spacer\" data-id=\"05ccb11\" data-element_type=\"widget\" data-e-type=\"widget\" data-widget_type=\"spacer.default\">\n\t\t\t\t<div class=\"elementor-widget-container\">\n\t\t\t\t\t\t\t<div class=\"elementor-spacer\">\n\t\t\t<div class=\"elementor-spacer-inner\"><\/div>\n\t\t<\/div>\n\t\t\t\t\t\t<\/div>\n\t\t\t\t<\/div>\n\t\t\t\t<div class=\"elementor-element elementor-element-7c09c9e elementor-widget elementor-widget-text-editor\" data-id=\"7c09c9e\" data-element_type=\"widget\" data-e-type=\"widget\" data-widget_type=\"text-editor.default\">\n\t\t\t\t<div class=\"elementor-widget-container\">\n\t\t\t\t\t\t\t\t\t<p><span data-contrast=\"auto\">Voraussetzung f\u00fcr die Digitalisierung ist der Zugang zu schnellem Internet. Neben dem Breitbandausbau braucht es aber auch inspirierende Best Practices, von denen man lernen kann. Es braucht einen sektor\u00fcbergreifenden Austausch aller Akteure, um die Gesellschaft aktiv bei der Ergreifung ihrer Gestaltungsm\u00f6glichkeiten zu unterst\u00fctzen.<\/span><span data-ccp-props=\"{&quot;134233117&quot;:true,&quot;134233118&quot;:false,&quot;201341983&quot;:0,&quot;335559739&quot;:240,&quot;335559740&quot;:240}\">\u00a0<\/span><\/p><p><span data-contrast=\"auto\">Mit der Entscheidung Live-Formate in die Regionen zu bringen, setzen wir diesen Gedanken seit Herbst 2022 um: durch das Roundtable-Format \u201eDigitale Zukunft@\u201c schaffen wir lebendige Orte zum Austausch f\u00fcr Entscheiderinnen und Entscheider aus der Region.<\/span><span data-ccp-props=\"{&quot;134233117&quot;:true,&quot;134233118&quot;:false,&quot;201341983&quot;:0,&quot;335559739&quot;:240,&quot;335559740&quot;:240}\">\u00a0<\/span><\/p><p><span data-contrast=\"auto\">In Neu-Ulm folgten der Einladung des Digitalen B\u00fcrgernetz unter anderem <\/span><b><span data-contrast=\"auto\">Dr. Arndt M\u00f6ser<\/span><\/b><span data-contrast=\"auto\">, Ministerium des Inneren, f\u00fcr Digitalisierung und Kommunen Baden-W\u00fcrttemberg, <\/span><b><span data-contrast=\"auto\">Anna-Lisa Bohn,<\/span><\/b><span data-contrast=\"auto\">\u202fGemeinde Ellenberg, <\/span><b><span data-contrast=\"auto\">Stefan Graf<\/span><\/b><span data-contrast=\"auto\">, Bayerischer Gemeindetag, <\/span><b><span data-contrast=\"auto\">Michael Beuschlein,<\/span><\/b><span data-contrast=\"auto\"> SWU TeleNet GmbH, <\/span><b><span data-contrast=\"auto\">Anja Genetsch,\u202f<\/span><\/b><span data-contrast=\"auto\">Deutsche Glasfaser Holding GmbH und <\/span><b><span data-contrast=\"auto\">J\u00f6rg M\u00f6llenbrock,<\/span><\/b><span data-contrast=\"auto\"> Team VoluMap und Preistr\u00e4ger \u201eDigitale Orte im Land der Ideen 2022\u201c. Nach kurzen Vortr\u00e4gen dieser SprecherInnen ging es in die Diskussion mit den restlichen Teilnehmer:innen .<\/span><span data-ccp-props=\"{&quot;134233117&quot;:true,&quot;134233118&quot;:false,&quot;201341983&quot;:0,&quot;335559739&quot;:240,&quot;335559740&quot;:240}\">\u00a0<\/span><\/p><p><span data-contrast=\"auto\">Moderator Dr. Herbert Lackner, B\u00fcrgermeister a.D. Bad Reichenhall, leitete in den Abend. \u201eDigitalisierung kennt keine Landesgrenzen\u201c, sagte er in seiner Einf\u00fchrung mit Blick auf Schwaben. Schwaben sei keine politische Einheit, hier k\u00e4men <\/span><span data-contrast=\"auto\">bundesland\u00fcbergreifend <\/span><span data-contrast=\"auto\">zwei verschiedene Digitalstrategien zum Tragen. Aber \u201ees brauch eine Zusammenarbeit zum Wohl des gesamten Wirtschaftsstandorts Schwaben\u201c. Und f\u00fcgte mit einem Augenzwinkern hinzu: \u201eIch gehe davon aus, dass Schwaben auf einem sehr guten Weg ist, weil der Schwabe ja flei\u00dfig und schlau ist.\u201c<\/span><span data-ccp-props=\"{&quot;134233117&quot;:true,&quot;134233118&quot;:false,&quot;201341983&quot;:0,&quot;335559739&quot;:240,&quot;335559740&quot;:240}\">\u00a0<\/span><\/p>\t\t\t\t\t\t\t\t<\/div>\n\t\t\t\t<\/div>\n\t\t\t\t<div class=\"elementor-element elementor-element-95424c2 elementor-widget elementor-widget-spacer\" data-id=\"95424c2\" data-element_type=\"widget\" data-e-type=\"widget\" data-widget_type=\"spacer.default\">\n\t\t\t\t<div class=\"elementor-widget-container\">\n\t\t\t\t\t\t\t<div class=\"elementor-spacer\">\n\t\t\t<div class=\"elementor-spacer-inner\"><\/div>\n\t\t<\/div>\n\t\t\t\t\t\t<\/div>\n\t\t\t\t<\/div>\n\t\t\t\t<div class=\"elementor-element elementor-element-0ffd363 elementor-widget elementor-widget-heading\" data-id=\"0ffd363\" data-element_type=\"widget\" data-e-type=\"widget\" data-widget_type=\"heading.default\">\n\t\t\t\t<div class=\"elementor-widget-container\">\n\t\t\t\t\t<h2 class=\"elementor-heading-title elementor-size-xl\">Baden-W\u00fcrttemberg m\u00f6chte digitale Leitregion werden <\/h2>\t\t\t\t<\/div>\n\t\t\t\t<\/div>\n\t\t\t\t<div class=\"elementor-element elementor-element-6eb1849 elementor-widget elementor-widget-spacer\" data-id=\"6eb1849\" data-element_type=\"widget\" data-e-type=\"widget\" data-widget_type=\"spacer.default\">\n\t\t\t\t<div class=\"elementor-widget-container\">\n\t\t\t\t\t\t\t<div class=\"elementor-spacer\">\n\t\t\t<div class=\"elementor-spacer-inner\"><\/div>\n\t\t<\/div>\n\t\t\t\t\t\t<\/div>\n\t\t\t\t<\/div>\n\t\t\t\t<div class=\"elementor-element elementor-element-4e53159 elementor-widget elementor-widget-text-editor\" data-id=\"4e53159\" data-element_type=\"widget\" data-e-type=\"widget\" data-widget_type=\"text-editor.default\">\n\t\t\t\t<div class=\"elementor-widget-container\">\n\t\t\t\t\t\t\t\t\t<p><span class=\"TextRun SCXW256831994 BCX9\" lang=\"DE-DE\" xml:lang=\"DE-DE\" data-contrast=\"auto\"><span class=\"NormalTextRun SCXW256831994 BCX9\" data-ccp-parastyle=\"Normal (Web)\">Dr. Arndt M\u00f6ser vom Ministerium des Inneren, f\u00fcr Digitalisierung und Kommunen Baden-W\u00fcrttemberg, brachte einen Einblick in die Digitalisierungsstrategie des Landes mit: <\/span><\/span><a class=\"Hyperlink SCXW256831994 BCX9\" href=\"https:\/\/digital-laend.de\/\" target=\"_blank\" rel=\"noreferrer noopener\"><span class=\"TextRun Underlined SCXW256831994 BCX9\" lang=\"DE-DE\" xml:lang=\"DE-DE\" data-contrast=\"none\"><span class=\"NormalTextRun SCXW256831994 BCX9\" data-ccp-charstyle=\"Hyperlink\">digital.L\u00e4nd<\/span><\/span><\/a><span class=\"TextRun SCXW256831994 BCX9\" lang=\"DE-DE\" xml:lang=\"DE-DE\" data-contrast=\"auto\"><span class=\"NormalTextRun SCXW256831994 BCX9\" data-ccp-parastyle=\"Normal (Web)\">. Man sei sich zwar n<\/span><\/span><span class=\"TrackChangeTextInsertion TrackedChange SCXW256831994 BCX9\"><span class=\"TextRun SCXW256831994 BCX9\" lang=\"DE-DE\" xml:lang=\"DE-DE\" data-contrast=\"auto\"><span class=\"NormalTextRun SCXW256831994 BCX9\" data-ccp-parastyle=\"Normal (Web)\">o<\/span><\/span><\/span><span class=\"TextRun SCXW256831994 BCX9\" lang=\"DE-DE\" xml:lang=\"DE-DE\" data-contrast=\"auto\"><span class=\"NormalTextRun SCXW256831994 BCX9\" data-ccp-parastyle=\"Normal (Web)\">ch nicht \u00fcber die korrekte Aussprache dieser Strategie einig, aber \u00fcber den Inhalt: Digitalisierung kennt keine Regierungsbezirke und Landesgrenzen. Zun\u00e4chst machte Dr. M\u00f6ser noch einmal den Impact des Themas klar: \u201eF\u00fcnf Worte reichen, um das Ausma\u00df klarzumachen: Die Digitalisierung ver\u00e4ndert die Welt.\u201c<\/span><\/span><span class=\"EOP SCXW256831994 BCX9\" data-ccp-props=\"{&quot;134233117&quot;:true,&quot;134233118&quot;:false,&quot;201341983&quot;:0,&quot;335559739&quot;:240,&quot;335559740&quot;:240}\">\u00a0<\/span><\/p><p><span data-contrast=\"auto\">Baden-W\u00fcrttemberg hat sich vorgenommen, die digitale Leitregion des Landes zu werden. \u201edigital.L\u00e4nd\u201c sei daf\u00fcr das Navigationssystem. Im Fokus stehe der B\u00fcrger, die Technik soll dem Menschen dienen und nicht umgekehrt. Der Gleichklang aus Verf\u00fcgbarkeit und Sicherheit muss stimmen.<\/span><span data-ccp-props=\"{&quot;134233117&quot;:true,&quot;134233118&quot;:false,&quot;201341983&quot;:0,&quot;335559739&quot;:240,&quot;335559740&quot;:240}\">\u00a0<\/span><\/p><p><span data-contrast=\"auto\">Cybersicherheit ist f\u00fcr Dr. M\u00f6ser ein sehr wichtiges Thema. \u201eCyberkriminalit\u00e4t ist die gro\u00dfe Gefahr der Digitalisierung. Heute ist niemand vor Digitalangriffen sicher.\u201c, warnte er und f\u00fchrte weiter aus: \u201eEin Digitales Immunsystem kann nur erreicht werden bei gleichzeitiger Entstehung von Sicherheitskultur.\u201c Somit sieht er dies auch als Kernaufgabe der Digitalisierung. In Baden-W\u00fcrttemberg g\u00e4be es daf\u00fcr die Cybersicherheitsagentur BaW\u00fc. Diese sei noch im Aufbau, die Kommunen w\u00fcrden aber bereits unterst\u00fctzt.<\/span><span data-ccp-props=\"{&quot;134233117&quot;:true,&quot;134233118&quot;:false,&quot;201341983&quot;:0,&quot;335559739&quot;:240,&quot;335559740&quot;:240}\">\u00a0<\/span><\/p><p><span data-contrast=\"auto\">Die Gigabitstrategie des Bundes hat zum Ziel, bis 2030 alle deutschen Haushalte an ein Glasfasernetz anzuschlie\u00dfen. In Baden-W\u00fcrttemberg sei es, bis 2025 den Ausbau einer Infrastruktur auf den Weg zu bringen. \u201eWir sehen das als Mannschaftssport!\u201c<\/span><span data-ccp-props=\"{&quot;134233117&quot;:true,&quot;134233118&quot;:false,&quot;201341983&quot;:0,&quot;335559739&quot;:240,&quot;335559740&quot;:240}\">\u00a0<\/span><\/p><p><span data-contrast=\"auto\">Als erfahrener ehemaliger Oberb\u00fcrgermeister erkl\u00e4rte Dr. Lackner sich bereit, die Inhalte der kurzfristig erkrankten Anna-Lisa Bohn vorzutragen. Diese ist B\u00fcrgermeisterin der Gemeinde Ellenberg.<\/span><span data-ccp-props=\"{&quot;134233117&quot;:true,&quot;134233118&quot;:false,&quot;201341983&quot;:0,&quot;335559739&quot;:240,&quot;335559740&quot;:240}\">\u00a0<\/span><\/p>\t\t\t\t\t\t\t\t<\/div>\n\t\t\t\t<\/div>\n\t\t\t\t<div class=\"elementor-element elementor-element-ef6ae08 elementor-widget elementor-widget-spacer\" data-id=\"ef6ae08\" data-element_type=\"widget\" data-e-type=\"widget\" data-widget_type=\"spacer.default\">\n\t\t\t\t<div class=\"elementor-widget-container\">\n\t\t\t\t\t\t\t<div class=\"elementor-spacer\">\n\t\t\t<div class=\"elementor-spacer-inner\"><\/div>\n\t\t<\/div>\n\t\t\t\t\t\t<\/div>\n\t\t\t\t<\/div>\n\t\t\t\t<div class=\"elementor-element elementor-element-8fdabc9 elementor-widget elementor-widget-heading\" data-id=\"8fdabc9\" data-element_type=\"widget\" data-e-type=\"widget\" data-widget_type=\"heading.default\">\n\t\t\t\t<div class=\"elementor-widget-container\">\n\t\t\t\t\t<h2 class=\"elementor-heading-title elementor-size-xl\">Glasfaserausbau erm\u00f6glicht die Chancen der digitalen Welt voll auszusch\u00f6pfen <\/h2>\t\t\t\t<\/div>\n\t\t\t\t<\/div>\n\t\t\t\t<div class=\"elementor-element elementor-element-7ecb440 elementor-widget elementor-widget-spacer\" data-id=\"7ecb440\" data-element_type=\"widget\" data-e-type=\"widget\" data-widget_type=\"spacer.default\">\n\t\t\t\t<div class=\"elementor-widget-container\">\n\t\t\t\t\t\t\t<div class=\"elementor-spacer\">\n\t\t\t<div class=\"elementor-spacer-inner\"><\/div>\n\t\t<\/div>\n\t\t\t\t\t\t<\/div>\n\t\t\t\t<\/div>\n\t\t\t\t<div class=\"elementor-element elementor-element-3d62a35 elementor-widget elementor-widget-text-editor\" data-id=\"3d62a35\" data-element_type=\"widget\" data-e-type=\"widget\" data-widget_type=\"text-editor.default\">\n\t\t\t\t<div class=\"elementor-widget-container\">\n\t\t\t\t\t\t\t\t\t<p><span data-contrast=\"auto\">Die Gemeinde Ellenberg war eine der ersten Gemeinden in Baden-W\u00fcrttemberg in welcher ein fl\u00e4chendeckendes Breitbandnetz geschaffen wurde. Auf der <\/span><a href=\"https:\/\/www.ellenberg.de\/\"><span data-contrast=\"none\">Website<\/span><\/a><span data-contrast=\"auto\"> der Gemeinde verweist man direkt auf der Startseite darauf: &#8222;In Ellenberg lebt es sich so gut, weil wir in unserer herrlichen Seenlandschaft eine gute Infrastruktur mit hervorragender Breitbandversorgung, ein reges Vereinsleben sowie eine hohe Lebensqualit\u00e4t haben.&#8220;, hei\u00dft es hier.<\/span><span data-ccp-props=\"{&quot;134233117&quot;:true,&quot;134233118&quot;:false,&quot;201341983&quot;:0,&quot;335559739&quot;:240,&quot;335559740&quot;:240}\">\u00a0<\/span><\/p><p><span data-contrast=\"auto\">Der Glasfaserausbau bringe jedoch nat\u00fcrlich Herausforderungen mit sich. \u201eDie Verlegung von Glasfaserkabeln erfordert eine umfangreiche Infrastrukturplanung und teils hohe Investitionen. Zudem kann es zu Beeintr\u00e4chtigungen im Stra\u00dfenverkehr, den Einwohnern und der Umgebung kommen.\u201c, zitierte Dr. Lackner.\u202f<\/span>\u00a0<br \/>\u00a0<br \/><span data-contrast=\"auto\">Es sei weiter wichtig, dass der Glasfaserausbau mit Bedacht und unter Ber\u00fccksichtigung der Bed\u00fcrfnisse der B\u00fcrgerinnen und B\u00fcrger erfolgt. Eine transparente Kommunikation und enge Zusammenarbeit zwischen den Kommunen, den Telekommunikationsunternehmen und den B\u00fcrgerinnen und B\u00fcrgern sei von gro\u00dfer Bedeutung, um m\u00f6gliche Unannehmlichkeiten zu minimieren und die Vorteile des Glasfaserausbaus bestm\u00f6glich zu nutzen.<\/span><span data-ccp-props=\"{&quot;134233117&quot;:true,&quot;134233118&quot;:true,&quot;201341983&quot;:0,&quot;335559740&quot;:240}\">\u00a0<\/span><\/p>\t\t\t\t\t\t\t\t<\/div>\n\t\t\t\t<\/div>\n\t\t\t\t<div class=\"elementor-element elementor-element-845207d elementor-widget elementor-widget-spacer\" data-id=\"845207d\" data-element_type=\"widget\" data-e-type=\"widget\" data-widget_type=\"spacer.default\">\n\t\t\t\t<div class=\"elementor-widget-container\">\n\t\t\t\t\t\t\t<div class=\"elementor-spacer\">\n\t\t\t<div class=\"elementor-spacer-inner\"><\/div>\n\t\t<\/div>\n\t\t\t\t\t\t<\/div>\n\t\t\t\t<\/div>\n\t\t\t\t<div class=\"elementor-element elementor-element-82e831d elementor-widget elementor-widget-heading\" data-id=\"82e831d\" data-element_type=\"widget\" data-e-type=\"widget\" data-widget_type=\"heading.default\">\n\t\t\t\t<div class=\"elementor-widget-container\">\n\t\t\t\t\t<h2 class=\"elementor-heading-title elementor-size-xl\">\u201eWir sind im Wesentlichen zufrieden\u201c <\/h2>\t\t\t\t<\/div>\n\t\t\t\t<\/div>\n\t\t\t\t<div class=\"elementor-element elementor-element-f09c4f2 elementor-widget elementor-widget-spacer\" data-id=\"f09c4f2\" data-element_type=\"widget\" data-e-type=\"widget\" data-widget_type=\"spacer.default\">\n\t\t\t\t<div class=\"elementor-widget-container\">\n\t\t\t\t\t\t\t<div class=\"elementor-spacer\">\n\t\t\t<div class=\"elementor-spacer-inner\"><\/div>\n\t\t<\/div>\n\t\t\t\t\t\t<\/div>\n\t\t\t\t<\/div>\n\t\t\t\t<div class=\"elementor-element elementor-element-da8cd13 elementor-widget elementor-widget-text-editor\" data-id=\"da8cd13\" data-element_type=\"widget\" data-e-type=\"widget\" data-widget_type=\"text-editor.default\">\n\t\t\t\t<div class=\"elementor-widget-container\">\n\t\t\t\t\t\t\t\t\t<p><span data-contrast=\"auto\">Stefan Graf vom Bayerischen Gemeindetag \u00fcbertrug in seinem Vortrag die Inhalte aus Ellenberg auf Bayern: Man sei dort inzwischen weit gekommen. \u201e2030 wollen wir fertig sein, das ist vollkommen unrealistisch aus unserer Sicht\u201c, erkl\u00e4rte er in Neu-Ulm. Das werden wir nicht nur allein mit F\u00f6rderungen hinbekommen, man sei deswegen froh \u00fcber umsetzungsstarke Player am Markt wie Deutsche Glasfaser, die auch gewillt sind, die Standards einzuhalten<\/span><span data-ccp-props=\"{&quot;134233117&quot;:true,&quot;134233118&quot;:false,&quot;201341983&quot;:0,&quot;335559739&quot;:240,&quot;335559740&quot;:240}\">\u00a0<\/span><\/p><p><span data-contrast=\"auto\">Stefan Graf fokussierte sich in seinem Vortrag unter anderem auf das Zusammenspiel von gef\u00f6rdertem und Privat-Ausbau. \u201eWir stehen absolut hinter dem, dass der Ausbau prim\u00e4r privatwirtschaftlich erfolgen muss.\u201c Das neu eingef\u00fchrte Markterkundungsverfahren sei ein guter Schritt um m\u00f6glichst viel eigenwirtschaftlich zu erschlie\u00dfen. Der Bayerische Gemeindetag ermutige die Kommunen, in die Gespr\u00e4che zu gehen und Kooperationsvereinbarungen einzugehen.<\/span><span data-ccp-props=\"{&quot;134233117&quot;:true,&quot;134233118&quot;:false,&quot;201341983&quot;:0,&quot;335559739&quot;:240,&quot;335559740&quot;:240}\">\u00a0<\/span><\/p><p><span data-contrast=\"auto\">\u201eGlasfaserausbau geht nicht mit der Brechstange, es muss ein intelligenter Ausbau sein.\u201c, betonte er. Daf\u00fcr m\u00fcssten Synergien genutzt werden, denn: \u201eEs wird nicht alles eigenwirtschaftlich gehen.\u201c<\/span><\/p>\t\t\t\t\t\t\t\t<\/div>\n\t\t\t\t<\/div>\n\t\t\t\t<div class=\"elementor-element elementor-element-7331aac elementor-widget elementor-widget-spacer\" data-id=\"7331aac\" data-element_type=\"widget\" data-e-type=\"widget\" data-widget_type=\"spacer.default\">\n\t\t\t\t<div class=\"elementor-widget-container\">\n\t\t\t\t\t\t\t<div class=\"elementor-spacer\">\n\t\t\t<div class=\"elementor-spacer-inner\"><\/div>\n\t\t<\/div>\n\t\t\t\t\t\t<\/div>\n\t\t\t\t<\/div>\n\t\t\t\t<div class=\"elementor-element elementor-element-3463f63 elementor-widget elementor-widget-image\" data-id=\"3463f63\" data-element_type=\"widget\" data-e-type=\"widget\" data-widget_type=\"image.default\">\n\t\t\t\t<div class=\"elementor-widget-container\">\n\t\t\t\t\t\t\t\t\t\t\t\t<figure class=\"wp-caption\">\n\t\t\t\t\t\t\t\t\t\t<img fetchpriority=\"high\" decoding=\"async\" width=\"768\" height=\"512\" src=\"https:\/\/www.deutsche-glasfaser.de\/blog\/wp-content\/uploads\/2023\/07\/x_JAP1-28-768x512.jpg\" class=\"attachment-medium_large size-medium_large wp-image-12697\" alt=\"Dr. Arndt M\u00f6ser w\u00e4hrend seines Impulsvortrags. \u00a9 Jascha Pansch\" srcset=\"https:\/\/www.deutsche-glasfaser.de\/blog\/wp-content\/uploads\/2023\/07\/x_JAP1-28-768x512.jpg 768w, https:\/\/www.deutsche-glasfaser.de\/blog\/wp-content\/uploads\/2023\/07\/x_JAP1-28-300x200.jpg 300w, https:\/\/www.deutsche-glasfaser.de\/blog\/wp-content\/uploads\/2023\/07\/x_JAP1-28-1024x683.jpg 1024w, https:\/\/www.deutsche-glasfaser.de\/blog\/wp-content\/uploads\/2023\/07\/x_JAP1-28-1536x1024.jpg 1536w, https:\/\/www.deutsche-glasfaser.de\/blog\/wp-content\/uploads\/2023\/07\/x_JAP1-28-2048x1365.jpg 2048w\" sizes=\"(max-width: 768px) 100vw, 768px\" \/>\t\t\t\t\t\t\t\t\t\t\t<figcaption class=\"widget-image-caption wp-caption-text\">Dr. Arndt M\u00f6ser w\u00e4hrend seines Impulsvortrags. \u00a9 Jascha Pansch<\/figcaption>\n\t\t\t\t\t\t\t\t\t\t<\/figure>\n\t\t\t\t\t\t\t\t\t<\/div>\n\t\t\t\t<\/div>\n\t\t\t\t<div class=\"elementor-element elementor-element-44e5a68 elementor-widget elementor-widget-spacer\" data-id=\"44e5a68\" data-element_type=\"widget\" data-e-type=\"widget\" data-widget_type=\"spacer.default\">\n\t\t\t\t<div class=\"elementor-widget-container\">\n\t\t\t\t\t\t\t<div class=\"elementor-spacer\">\n\t\t\t<div class=\"elementor-spacer-inner\"><\/div>\n\t\t<\/div>\n\t\t\t\t\t\t<\/div>\n\t\t\t\t<\/div>\n\t\t\t\t<div class=\"elementor-element elementor-element-89ab7fd elementor-widget elementor-widget-heading\" data-id=\"89ab7fd\" data-element_type=\"widget\" data-e-type=\"widget\" data-widget_type=\"heading.default\">\n\t\t\t\t<div class=\"elementor-widget-container\">\n\t\t\t\t\t<h2 class=\"elementor-heading-title elementor-size-xl\">Partnerschaften sind ein wichtiger Schl\u00fcssel f\u00fcr den schnellen Ausbau <\/h2>\t\t\t\t<\/div>\n\t\t\t\t<\/div>\n\t\t\t\t<div class=\"elementor-element elementor-element-0bdcb14 elementor-widget elementor-widget-spacer\" data-id=\"0bdcb14\" data-element_type=\"widget\" data-e-type=\"widget\" data-widget_type=\"spacer.default\">\n\t\t\t\t<div class=\"elementor-widget-container\">\n\t\t\t\t\t\t\t<div class=\"elementor-spacer\">\n\t\t\t<div class=\"elementor-spacer-inner\"><\/div>\n\t\t<\/div>\n\t\t\t\t\t\t<\/div>\n\t\t\t\t<\/div>\n\t\t\t\t<div class=\"elementor-element elementor-element-1a1ab76 elementor-widget elementor-widget-text-editor\" data-id=\"1a1ab76\" data-element_type=\"widget\" data-e-type=\"widget\" data-widget_type=\"text-editor.default\">\n\t\t\t\t<div class=\"elementor-widget-container\">\n\t\t\t\t\t\t\t\t\t<p>Michael Beuschlein, Gesch\u00e4ftsf\u00fchrer der SWU TeleNet Gmbh, sprach gemeinsam mit Anja Genetsch, Bereichsleiterin Kommunale Kooperationen Deutsche Glasfaser.&nbsp;<\/p><p>\u201eIn Partnerschaft auf Augenh\u00f6he den Ausbau vorantreiben\u201c, das ist das gemeinsame Ziel. \u201eKooperationen sind f\u00fcr uns ein ganz wichtiges Thema\u201c, betonte Michael Beuschlein. \u201eIn unserer Region geht es jetzt in den strategischen Glasfaserausbau.\u201c Da gibt es viel zu tun: Der Ausbau soll clusterweise vorangetrieben werden. \u201eDiese finanzielle und ressourcengreifende Ma\u00dfnahme schaffen wir nicht alleine, wenn wir bis 2030 alle Haushalte anschlie\u00dfen wollen. Aus dem Grund ist eine Partnerschaft mit einem kompetenten und erfahrenen Partner wichtig.\u201c<br>Anja Genetsch erg\u00e4nzte: \u201eF\u00fcr den fl\u00e4chendeckenden Glasfaserausbau sind Kooperationen der Schl\u00fcssel zum Erfolg.\u201c Je kleiner die Gemeinde, desto gr\u00f6\u00dfer ist beim Glasfaserausbau die Herausforderung f\u00fcr die \u00f6rtliche Verwaltung. Eine enge Abstimmung und Kommunikation der Partner ist darum sehr wichtig. \u201eWir stimmen uns beim Ausbau mit unseren Partnern im Vorfeld immer sehr genau ab, so dass wir ein gemeinsames Verst\u00e4ndnis \u00fcber die Herangehensweise haben. Das erleichtert Vieles.\u201c<\/p>\n<p><span data-contrast=\"auto\">Sie freute sich zudem \u00fcber die jetzt in Kraft getretene DIN Normierung zu mindertiefen Verlegemethoden. \u201eDie DIN ist ein riesen Meilenstein, der den schnellen Ausbau immens erleichtern wird.\u201c Sie sieht die Anbieter in der Pflicht, die Kommunen zu informieren und in der ganzen Phase des Ausbaus zu begleiten.<\/span><span data-ccp-props=\"{&quot;134233117&quot;:true,&quot;134233118&quot;:true,&quot;201341983&quot;:0,&quot;335559740&quot;:240}\">&nbsp;<\/span><\/p>\t\t\t\t\t\t\t\t<\/div>\n\t\t\t\t<\/div>\n\t\t\t\t<div class=\"elementor-element elementor-element-da84d61 elementor-widget elementor-widget-spacer\" data-id=\"da84d61\" data-element_type=\"widget\" data-e-type=\"widget\" data-widget_type=\"spacer.default\">\n\t\t\t\t<div class=\"elementor-widget-container\">\n\t\t\t\t\t\t\t<div class=\"elementor-spacer\">\n\t\t\t<div class=\"elementor-spacer-inner\"><\/div>\n\t\t<\/div>\n\t\t\t\t\t\t<\/div>\n\t\t\t\t<\/div>\n\t\t\t\t<div class=\"elementor-element elementor-element-3c5070d elementor-widget elementor-widget-heading\" data-id=\"3c5070d\" data-element_type=\"widget\" data-e-type=\"widget\" data-widget_type=\"heading.default\">\n\t\t\t\t<div class=\"elementor-widget-container\">\n\t\t\t\t\t<h2 class=\"elementor-heading-title elementor-size-xl\">Digitalisierung in der Anwendung: Am Beispiel VoluMap, Platho und Meltho<\/h2>\t\t\t\t<\/div>\n\t\t\t\t<\/div>\n\t\t\t\t<div class=\"elementor-element elementor-element-ba8c7a2 elementor-widget elementor-widget-spacer\" data-id=\"ba8c7a2\" data-element_type=\"widget\" data-e-type=\"widget\" data-widget_type=\"spacer.default\">\n\t\t\t\t<div class=\"elementor-widget-container\">\n\t\t\t\t\t\t\t<div class=\"elementor-spacer\">\n\t\t\t<div class=\"elementor-spacer-inner\"><\/div>\n\t\t<\/div>\n\t\t\t\t\t\t<\/div>\n\t\t\t\t<\/div>\n\t\t\t\t<div class=\"elementor-element elementor-element-62b3295 elementor-widget elementor-widget-text-editor\" data-id=\"62b3295\" data-element_type=\"widget\" data-e-type=\"widget\" data-widget_type=\"text-editor.default\">\n\t\t\t\t<div class=\"elementor-widget-container\">\n\t\t\t\t\t\t\t\t\t<p>Mit Informationsweitergabe besch\u00e4ftigt sich auch J\u00f6rg M\u00f6llenbrock von topocare. Das Idee zum ersten Tool VoluMap entstand beim Elbhochwasser: wie sollen ehrenamtliche Helfer koordiniert werden, so dass sie auch wirklich dort zum Einsatz kommen k\u00f6nnen, wo sie gebraucht werden? \u201eDas war der Einstieg. Dann haben wir mit Rentnern und mit Jugendlichen, mit THW und anderen Kriseneinheiten gesprochen: wie muss das konzipiert sein, damit ihr die App nutzen werdet. Daraus entstanden ist Volumap.\u201c, erkl\u00e4rte M\u00f6llenbrock in Neu-Ulm. Damit gewannen die Macher auch den Preis \u201eDigitale Orte im Land der Ideen 2022\u201c. Inzwischen sind weitere Softwarel\u00f6sungen entstanden.<\/p><p>Bei allen dreien stehen die Organisation und Koordination von Mensch und Material im Mittelpunkt. \u201eDies war bei allen zur\u00fcckliegenden Katastrophen in Deutschland immer eine Schwachstelle gewesen und hat nicht funktioniert.\u201c, erkl\u00e4rt er seinen Antrieb.<\/p><p><a href=\"https:\/\/topocare.de\/platho.html\">Platho<\/a> ist eine Simulations- und Logistiksoftware, welche gemeinsam mit den Stadtentw\u00e4sserungsbetrieben der Stadt K\u00f6ln entwickelt wurde. Sie erm\u00f6glicht die Simulation diverser Katastrophenszenarien &#8211; inklusive der Rollen diverser Akteure im Ernstfall (z.B. Feuerwehr, THW). \u201eSo k\u00f6nnen Sie im Ernstfall auf Knopfdruck ein Szenario ausl\u00f6sen und es kann sofort mit dessen Umsetzung begonnen werden.\u201c\u00a0<\/p><p>Meltho beinhaltet eine Art &#8222;Meldesystem&#8220;, welches entweder rein intern genutzt\u00a0 (ausschl. Mitarbeitende) oder auch f\u00fcr Externe frei geschaltet werden kann. Dar\u00fcber werden georeferenzierte Informationen gesendet, z.B. in Form von Fotos, die sofort an die zust\u00e4ndige Stelle gehen und im Katastrophenfall ggf. im Rahmen von Platho genutzt werden k\u00f6nnen.<\/p>\t\t\t\t\t\t\t\t<\/div>\n\t\t\t\t<\/div>\n\t\t\t\t<div class=\"elementor-element elementor-element-8081d02 elementor-widget elementor-widget-spacer\" data-id=\"8081d02\" data-element_type=\"widget\" data-e-type=\"widget\" data-widget_type=\"spacer.default\">\n\t\t\t\t<div class=\"elementor-widget-container\">\n\t\t\t\t\t\t\t<div class=\"elementor-spacer\">\n\t\t\t<div class=\"elementor-spacer-inner\"><\/div>\n\t\t<\/div>\n\t\t\t\t\t\t<\/div>\n\t\t\t\t<\/div>\n\t\t\t\t<div class=\"elementor-element elementor-element-b304d41 elementor-widget elementor-widget-image\" data-id=\"b304d41\" data-element_type=\"widget\" data-e-type=\"widget\" data-widget_type=\"image.default\">\n\t\t\t\t<div class=\"elementor-widget-container\">\n\t\t\t\t\t\t\t\t\t\t\t\t<figure class=\"wp-caption\">\n\t\t\t\t\t\t\t\t\t\t<img decoding=\"async\" width=\"768\" height=\"512\" src=\"https:\/\/www.deutsche-glasfaser.de\/blog\/wp-content\/uploads\/2023\/07\/x_JAP1-100-768x512.jpg\" class=\"attachment-medium_large size-medium_large wp-image-12701\" alt=\"Mann und Frau sitzen am tisch und Lachen\" srcset=\"https:\/\/www.deutsche-glasfaser.de\/blog\/wp-content\/uploads\/2023\/07\/x_JAP1-100-768x512.jpg 768w, https:\/\/www.deutsche-glasfaser.de\/blog\/wp-content\/uploads\/2023\/07\/x_JAP1-100-300x200.jpg 300w, https:\/\/www.deutsche-glasfaser.de\/blog\/wp-content\/uploads\/2023\/07\/x_JAP1-100-1024x683.jpg 1024w, https:\/\/www.deutsche-glasfaser.de\/blog\/wp-content\/uploads\/2023\/07\/x_JAP1-100-1536x1024.jpg 1536w, https:\/\/www.deutsche-glasfaser.de\/blog\/wp-content\/uploads\/2023\/07\/x_JAP1-100-2048x1365.jpg 2048w\" sizes=\"(max-width: 768px) 100vw, 768px\" \/>\t\t\t\t\t\t\t\t\t\t\t<figcaption class=\"widget-image-caption wp-caption-text\">Im Anschluss an die Impulse ging der Austausch unter allen Teilnehmer:innen weiter. \u00a9 Jascha Pansch<\/figcaption>\n\t\t\t\t\t\t\t\t\t\t<\/figure>\n\t\t\t\t\t\t\t\t\t<\/div>\n\t\t\t\t<\/div>\n\t\t\t\t<div class=\"elementor-element elementor-element-86936b6 elementor-widget elementor-widget-spacer\" data-id=\"86936b6\" data-element_type=\"widget\" data-e-type=\"widget\" data-widget_type=\"spacer.default\">\n\t\t\t\t<div class=\"elementor-widget-container\">\n\t\t\t\t\t\t\t<div class=\"elementor-spacer\">\n\t\t\t<div class=\"elementor-spacer-inner\"><\/div>\n\t\t<\/div>\n\t\t\t\t\t\t<\/div>\n\t\t\t\t<\/div>\n\t\t\t\t<div class=\"elementor-element elementor-element-ce14659 elementor-widget elementor-widget-text-editor\" data-id=\"ce14659\" data-element_type=\"widget\" data-e-type=\"widget\" data-widget_type=\"text-editor.default\">\n\t\t\t\t<div class=\"elementor-widget-container\">\n\t\t\t\t\t\t\t\t\t<p>In der anschlie\u00dfenden Diskussion ergriffen viele Teilnehmenden die Gelegenheit, R\u00fcckfragen zu den Impulsen zu stellen. Die Zeit wurde zudem f\u00fcr einen intensiven Erfahrungsaustausch genutzt. Schwerpunkte bildeten hierbei zum einen unisono die Relevanz der richtigen Kommunikation von Unternehmen, Gemeinden, F\u00f6rderstellen und Anwohnern. Zudem entbrannte eine Diskussion um die gesetzlich vorgeschriebene Verlegung von Leerrohren. Diese m\u00fcssen also verlegt werden, k\u00f6nnen aber nur in wenigen F\u00e4llen von Infrastrukturunternehmen auch gewinnbringend genutzt werden. Auch die f\u00fcr alle beteiligten schwierige Situation, wenn es zum \u00dcberbau kommt, wurde eingehender thematisiert. Der lebhafte Austausch wurde im anschlie\u00dfenden Get together weiter vertieft.<\/p><p>In Neu-Ulm hat das Digitale B\u00fcrgernetz wieder einen lebendigen Ort zum Austausch geschaffen und aufgezeigt, dass auch in Schwaben die k\u00fcnftige Wettbewerbsf\u00e4higkeit und Wirtschaftsst\u00e4rke sehr stark von dem Fortschreiten der Digitalisierung sowie dem hierf\u00fcr notwendigen Aufbau von Infrastrukturen wie Glasfasernetzen abh\u00e4ngen.<\/p>\t\t\t\t\t\t\t\t<\/div>\n\t\t\t\t<\/div>\n\t\t\t\t<div class=\"elementor-element elementor-element-2cd86d6 elementor-widget elementor-widget-text-editor\" data-id=\"2cd86d6\" data-element_type=\"widget\" data-e-type=\"widget\" data-widget_type=\"text-editor.default\">\n\t\t\t\t<div class=\"elementor-widget-container\">\n\t\t\t\t\t\t\t\t\t<p><span class=\"ui-provider ga b c d e f g h i j k l m n o p q r s t u v w x y z ab ac ae af ag ah ai aj ak\" dir=\"ltr\"><strong>[elementor-template id=&#8220;9843&#8243;]<\/strong><\/span><\/p>\t\t\t\t\t\t\t\t<\/div>\n\t\t\t\t<\/div>\n\t\t\t\t<div class=\"elementor-element elementor-element-53ebdb6 elementor-widget elementor-widget-spacer\" data-id=\"53ebdb6\" data-element_type=\"widget\" data-e-type=\"widget\" data-widget_type=\"spacer.default\">\n\t\t\t\t<div class=\"elementor-widget-container\">\n\t\t\t\t\t\t\t<div class=\"elementor-spacer\">\n\t\t\t<div class=\"elementor-spacer-inner\"><\/div>\n\t\t<\/div>\n\t\t\t\t\t\t<\/div>\n\t\t\t\t<\/div>\n\t\t\t\t<div class=\"elementor-element elementor-element-cd7eb10 eael-infobox-icon-bg-shape-none eael-infobox-icon-hover-bg-shape-none elementor-widget elementor-widget-eael-info-box\" data-id=\"cd7eb10\" data-element_type=\"widget\" data-e-type=\"widget\" data-widget_type=\"eael-info-box.default\">\n\t\t\t\t<div class=\"elementor-widget-container\">\n\t\t\t\t\t        <div class=\"eael-infobox icon-on-left\">\n\t            <div class=\"infobox-icon eael-icon-only\">\n\n            \n                            <div class=\"infobox-icon-wrap\">\n                    <i aria-hidden=\"true\" class=\"fas fa-link\"><\/i>                <\/div>\n            \n            \n        <\/div>\n            <div class=\"infobox-content eael-icon-only\">\n                    <div class=\"infobox-title-section\">\n                <h2 class=\"title\">Zusammenfassungen der anderen Roundtable-Veranstaltungen<\/h2>            <\/div>\n            <div><p>Weitere Informationen zu den bisher stattgefundenen Veranstaltungen des Digitalen B\u00fcrgernetz finden Sie hier:<\/p><ol><li><a href=\"https:\/\/www.deutsche-glasfaser.de\/blog\/das-digitale-buergernetz-zu-gast-im-kreis-goeppingen\/\">Roundtable am 14.11.2022 in G\u00f6ppingen<\/a><\/li><li><a href=\"https:\/\/www.deutsche-glasfaser.de\/blog\/digitale-zukunft-sachsen-das-digitale-burgernetz-zu-gast-in-dresden\/\">Roundtable in Dresden am 29.03.2023<\/a><\/li><\/ol><\/div>        <\/div>\n            <\/div>\n\n\t\t\t\t\t\t<\/div>\n\t\t\t\t<\/div>\n\t\t\t\t\t<\/div>\n\t\t<\/div>\n\t\t\t\t\t<\/div>\n\t\t<\/section>\n\t\t\t\t<section class=\"elementor-section elementor-top-section elementor-element elementor-element-9ee8041 elementor-section-boxed elementor-section-height-default elementor-section-height-default\" data-id=\"9ee8041\" data-element_type=\"section\" data-e-type=\"section\">\n\t\t\t\t\t\t<div class=\"elementor-container elementor-column-gap-default\">\n\t\t\t\t\t<div class=\"elementor-column elementor-col-100 elementor-top-column elementor-element elementor-element-05e6a7c\" data-id=\"05e6a7c\" data-element_type=\"column\" data-e-type=\"column\">\n\t\t\t<div class=\"elementor-widget-wrap elementor-element-populated\">\n\t\t\t\t\t\t<div class=\"elementor-element elementor-element-37e6f62 elementor-widget elementor-widget-gallery\" data-id=\"37e6f62\" data-element_type=\"widget\" data-e-type=\"widget\" data-widget_type=\"gallery.default\">\n\t\t\t\t<div class=\"elementor-widget-container\">\n\t\t\t\t\t \t\t\t\t<\/div>\n\t\t\t\t<\/div>\n\t\t\t\t\t<\/div>\n\t\t<\/div>\n\t\t\t\t\t<\/div>\n\t\t<\/section>\n\t\t\t\t<\/div>\n\t\t","protected":false},"excerpt":{"rendered":"<p>Wie kann die Digitalisierung neue Perspektiven schaffen und strukturelle Probleme l\u00f6sen und damit die Lebensqualit\u00e4t in und die Chancen von l\u00e4ndlichen Regionen st\u00e4rken? Um diese Frage f\u00fcr die Region Schwaben zu diskutieren, hat das Digitale B\u00fcrgernetz verschiedene Entscheider:innen zu einem Austausch \u00fcber die digitale Zukunft in Neu-Ulm zusammengebracht. <\/p>\n","protected":false},"author":5,"featured_media":12692,"comment_status":"open","ping_status":"open","sticky":false,"template":"","format":"standard","meta":{"footnotes":""},"categories":[71],"tags":[],"class_list":["post-12691","post","type-post","status-publish","format-standard","has-post-thumbnail","hentry","category-gemeinschaft"],"yoast_head":"<!-- This site is optimized with the Yoast SEO plugin v27.5 - https:\/\/yoast.com\/product\/yoast-seo-wordpress\/ -->\n<title>Digitale Zukunft @Schwaben \u2013 erfolgreicher Roundtable zur Entwicklung der Regionen in Neu-Ulm - Digitales B\u00fcrgernetz<\/title>\n<meta name=\"description\" content=\"In Neu-Ulm fand der 3. Roundtable des Digitalen B\u00fcrgernetz statt: Digitale zukunft@Schwaben.\" \/>\n<meta name=\"robots\" content=\"index, follow, max-snippet:-1, max-image-preview:large, max-video-preview:-1\" \/>\n<link rel=\"canonical\" href=\"https:\/\/www.deutsche-glasfaser.de\/blog\/digitale-zukunftschwaben-so-war-der-3-roundtable-des-digitalen-buergernetz\/\" \/>\n<meta property=\"og:locale\" content=\"de_DE\" \/>\n<meta property=\"og:type\" content=\"article\" \/>\n<meta property=\"og:title\" content=\"Digitale Zukunft @Schwaben \u2013 erfolgreicher Roundtable zur Entwicklung der Regionen in Neu-Ulm - Digitales B\u00fcrgernetz\" \/>\n<meta property=\"og:description\" content=\"In Neu-Ulm fand der 3. Roundtable des Digitalen B\u00fcrgernetz statt: Digitale zukunft@Schwaben.\" \/>\n<meta property=\"og:url\" content=\"https:\/\/www.deutsche-glasfaser.de\/blog\/digitale-zukunftschwaben-so-war-der-3-roundtable-des-digitalen-buergernetz\/\" \/>\n<meta property=\"og:site_name\" content=\"Digitales B\u00fcrgernetz\" \/>\n<meta property=\"article:published_time\" content=\"2023-07-07T19:31:23+00:00\" \/>\n<meta property=\"article:modified_time\" content=\"2023-07-13T18:33:52+00:00\" \/>\n<meta property=\"og:image\" content=\"https:\/\/www.deutsche-glasfaser.de\/blog\/wp-content\/uploads\/2023\/07\/x_JAP1-48-scaled.jpg\" \/>\n\t<meta property=\"og:image:width\" content=\"2560\" \/>\n\t<meta property=\"og:image:height\" content=\"1706\" \/>\n\t<meta property=\"og:image:type\" content=\"image\/jpeg\" \/>\n<meta name=\"author\" content=\"Deutsche Glasfaser\" \/>\n<meta name=\"twitter:card\" content=\"summary_large_image\" \/>\n<meta name=\"twitter:label1\" content=\"Verfasst von\" \/>\n\t<meta name=\"twitter:data1\" content=\"Deutsche Glasfaser\" \/>\n\t<meta name=\"twitter:label2\" content=\"Gesch\u00e4tzte Lesezeit\" \/>\n\t<meta name=\"twitter:data2\" content=\"22\u00a0Minuten\" \/>\n<script type=\"application\/ld+json\" class=\"yoast-schema-graph\">{\"@context\":\"https:\\\/\\\/schema.org\",\"@graph\":[{\"@type\":\"Article\",\"@id\":\"https:\\\/\\\/www.deutsche-glasfaser.de\\\/blog\\\/digitale-zukunftschwaben-so-war-der-3-roundtable-des-digitalen-buergernetz\\\/#article\",\"isPartOf\":{\"@id\":\"https:\\\/\\\/www.deutsche-glasfaser.de\\\/blog\\\/digitale-zukunftschwaben-so-war-der-3-roundtable-des-digitalen-buergernetz\\\/\"},\"author\":{\"name\":\"Deutsche Glasfaser\",\"@id\":\"https:\\\/\\\/www.deutsche-glasfaser.de\\\/blog\\\/#\\\/schema\\\/person\\\/9380a6dc7443d77143d0c66c409f574b\"},\"headline\":\"Digitale Zukunft@Schwaben \u2013 So war der 3. Roundtable des Digitalen B\u00fcrgernetz\",\"datePublished\":\"2023-07-07T19:31:23+00:00\",\"dateModified\":\"2023-07-13T18:33:52+00:00\",\"mainEntityOfPage\":{\"@id\":\"https:\\\/\\\/www.deutsche-glasfaser.de\\\/blog\\\/digitale-zukunftschwaben-so-war-der-3-roundtable-des-digitalen-buergernetz\\\/\"},\"wordCount\":1637,\"commentCount\":1,\"publisher\":{\"@id\":\"https:\\\/\\\/www.deutsche-glasfaser.de\\\/blog\\\/#organization\"},\"image\":{\"@id\":\"https:\\\/\\\/www.deutsche-glasfaser.de\\\/blog\\\/digitale-zukunftschwaben-so-war-der-3-roundtable-des-digitalen-buergernetz\\\/#primaryimage\"},\"thumbnailUrl\":\"https:\\\/\\\/www.deutsche-glasfaser.de\\\/blog\\\/wp-content\\\/uploads\\\/2023\\\/07\\\/x_JAP1-48-scaled.jpg\",\"articleSection\":[\"#Gemeinschaft\"],\"inLanguage\":\"de\",\"potentialAction\":[{\"@type\":\"CommentAction\",\"name\":\"Comment\",\"target\":[\"https:\\\/\\\/www.deutsche-glasfaser.de\\\/blog\\\/digitale-zukunftschwaben-so-war-der-3-roundtable-des-digitalen-buergernetz\\\/#respond\"]}]},{\"@type\":\"WebPage\",\"@id\":\"https:\\\/\\\/www.deutsche-glasfaser.de\\\/blog\\\/digitale-zukunftschwaben-so-war-der-3-roundtable-des-digitalen-buergernetz\\\/\",\"url\":\"https:\\\/\\\/www.deutsche-glasfaser.de\\\/blog\\\/digitale-zukunftschwaben-so-war-der-3-roundtable-des-digitalen-buergernetz\\\/\",\"name\":\"Digitale Zukunft @Schwaben \u2013 erfolgreicher Roundtable zur Entwicklung der Regionen in Neu-Ulm - Digitales B\u00fcrgernetz\",\"isPartOf\":{\"@id\":\"https:\\\/\\\/www.deutsche-glasfaser.de\\\/blog\\\/#website\"},\"primaryImageOfPage\":{\"@id\":\"https:\\\/\\\/www.deutsche-glasfaser.de\\\/blog\\\/digitale-zukunftschwaben-so-war-der-3-roundtable-des-digitalen-buergernetz\\\/#primaryimage\"},\"image\":{\"@id\":\"https:\\\/\\\/www.deutsche-glasfaser.de\\\/blog\\\/digitale-zukunftschwaben-so-war-der-3-roundtable-des-digitalen-buergernetz\\\/#primaryimage\"},\"thumbnailUrl\":\"https:\\\/\\\/www.deutsche-glasfaser.de\\\/blog\\\/wp-content\\\/uploads\\\/2023\\\/07\\\/x_JAP1-48-scaled.jpg\",\"datePublished\":\"2023-07-07T19:31:23+00:00\",\"dateModified\":\"2023-07-13T18:33:52+00:00\",\"description\":\"In Neu-Ulm fand der 3. Roundtable des Digitalen B\u00fcrgernetz statt: Digitale zukunft@Schwaben.\",\"inLanguage\":\"de\",\"potentialAction\":[{\"@type\":\"ReadAction\",\"target\":[\"https:\\\/\\\/www.deutsche-glasfaser.de\\\/blog\\\/digitale-zukunftschwaben-so-war-der-3-roundtable-des-digitalen-buergernetz\\\/\"]}]},{\"@type\":\"ImageObject\",\"inLanguage\":\"de\",\"@id\":\"https:\\\/\\\/www.deutsche-glasfaser.de\\\/blog\\\/digitale-zukunftschwaben-so-war-der-3-roundtable-des-digitalen-buergernetz\\\/#primaryimage\",\"url\":\"https:\\\/\\\/www.deutsche-glasfaser.de\\\/blog\\\/wp-content\\\/uploads\\\/2023\\\/07\\\/x_JAP1-48-scaled.jpg\",\"contentUrl\":\"https:\\\/\\\/www.deutsche-glasfaser.de\\\/blog\\\/wp-content\\\/uploads\\\/2023\\\/07\\\/x_JAP1-48-scaled.jpg\",\"width\":2560,\"height\":1706,\"caption\":\"Guter Austausch am Roundtable in Neu-Ulm \u00a9 Jascha Pansch\"},{\"@type\":\"WebSite\",\"@id\":\"https:\\\/\\\/www.deutsche-glasfaser.de\\\/blog\\\/#website\",\"url\":\"https:\\\/\\\/www.deutsche-glasfaser.de\\\/blog\\\/\",\"name\":\"Digitales B\u00fcrgernetz\",\"description\":\"Deutsche Glasfaser Blog\",\"publisher\":{\"@id\":\"https:\\\/\\\/www.deutsche-glasfaser.de\\\/blog\\\/#organization\"},\"potentialAction\":[{\"@type\":\"SearchAction\",\"target\":{\"@type\":\"EntryPoint\",\"urlTemplate\":\"https:\\\/\\\/www.deutsche-glasfaser.de\\\/blog\\\/?s={search_term_string}\"},\"query-input\":{\"@type\":\"PropertyValueSpecification\",\"valueRequired\":true,\"valueName\":\"search_term_string\"}}],\"inLanguage\":\"de\"},{\"@type\":\"Organization\",\"@id\":\"https:\\\/\\\/www.deutsche-glasfaser.de\\\/blog\\\/#organization\",\"name\":\"Digitales B\u00fcrgernetz\",\"url\":\"https:\\\/\\\/www.deutsche-glasfaser.de\\\/blog\\\/\",\"logo\":{\"@type\":\"ImageObject\",\"inLanguage\":\"de\",\"@id\":\"https:\\\/\\\/www.deutsche-glasfaser.de\\\/blog\\\/#\\\/schema\\\/logo\\\/image\\\/\",\"url\":\"https:\\\/\\\/www.deutsche-glasfaser.de\\\/blog\\\/wp-content\\\/uploads\\\/2021\\\/08\\\/DGF_Logo_Basis_RGB-Large@2x.png\",\"contentUrl\":\"https:\\\/\\\/www.deutsche-glasfaser.de\\\/blog\\\/wp-content\\\/uploads\\\/2021\\\/08\\\/DGF_Logo_Basis_RGB-Large@2x.png\",\"width\":312,\"height\":104,\"caption\":\"Digitales B\u00fcrgernetz\"},\"image\":{\"@id\":\"https:\\\/\\\/www.deutsche-glasfaser.de\\\/blog\\\/#\\\/schema\\\/logo\\\/image\\\/\"}},{\"@type\":\"Person\",\"@id\":\"https:\\\/\\\/www.deutsche-glasfaser.de\\\/blog\\\/#\\\/schema\\\/person\\\/9380a6dc7443d77143d0c66c409f574b\",\"name\":\"Deutsche Glasfaser\"}]}<\/script>\n<!-- \/ Yoast SEO plugin. -->","yoast_head_json":{"title":"Digitale Zukunft @Schwaben \u2013 erfolgreicher Roundtable zur Entwicklung der Regionen in Neu-Ulm - Digitales B\u00fcrgernetz","description":"In Neu-Ulm fand der 3. Roundtable des Digitalen B\u00fcrgernetz statt: Digitale zukunft@Schwaben.","robots":{"index":"index","follow":"follow","max-snippet":"max-snippet:-1","max-image-preview":"max-image-preview:large","max-video-preview":"max-video-preview:-1"},"canonical":"https:\/\/www.deutsche-glasfaser.de\/blog\/digitale-zukunftschwaben-so-war-der-3-roundtable-des-digitalen-buergernetz\/","og_locale":"de_DE","og_type":"article","og_title":"Digitale Zukunft @Schwaben \u2013 erfolgreicher Roundtable zur Entwicklung der Regionen in Neu-Ulm - Digitales B\u00fcrgernetz","og_description":"In Neu-Ulm fand der 3. Roundtable des Digitalen B\u00fcrgernetz statt: Digitale zukunft@Schwaben.","og_url":"https:\/\/www.deutsche-glasfaser.de\/blog\/digitale-zukunftschwaben-so-war-der-3-roundtable-des-digitalen-buergernetz\/","og_site_name":"Digitales B\u00fcrgernetz","article_published_time":"2023-07-07T19:31:23+00:00","article_modified_time":"2023-07-13T18:33:52+00:00","og_image":[{"width":2560,"height":1706,"url":"https:\/\/www.deutsche-glasfaser.de\/blog\/wp-content\/uploads\/2023\/07\/x_JAP1-48-scaled.jpg","type":"image\/jpeg"}],"author":"Deutsche Glasfaser","twitter_card":"summary_large_image","twitter_misc":{"Verfasst von":"Deutsche Glasfaser","Gesch\u00e4tzte Lesezeit":"22\u00a0Minuten"},"schema":{"@context":"https:\/\/schema.org","@graph":[{"@type":"Article","@id":"https:\/\/www.deutsche-glasfaser.de\/blog\/digitale-zukunftschwaben-so-war-der-3-roundtable-des-digitalen-buergernetz\/#article","isPartOf":{"@id":"https:\/\/www.deutsche-glasfaser.de\/blog\/digitale-zukunftschwaben-so-war-der-3-roundtable-des-digitalen-buergernetz\/"},"author":{"name":"Deutsche Glasfaser","@id":"https:\/\/www.deutsche-glasfaser.de\/blog\/#\/schema\/person\/9380a6dc7443d77143d0c66c409f574b"},"headline":"Digitale Zukunft@Schwaben \u2013 So war der 3. Roundtable des Digitalen B\u00fcrgernetz","datePublished":"2023-07-07T19:31:23+00:00","dateModified":"2023-07-13T18:33:52+00:00","mainEntityOfPage":{"@id":"https:\/\/www.deutsche-glasfaser.de\/blog\/digitale-zukunftschwaben-so-war-der-3-roundtable-des-digitalen-buergernetz\/"},"wordCount":1637,"commentCount":1,"publisher":{"@id":"https:\/\/www.deutsche-glasfaser.de\/blog\/#organization"},"image":{"@id":"https:\/\/www.deutsche-glasfaser.de\/blog\/digitale-zukunftschwaben-so-war-der-3-roundtable-des-digitalen-buergernetz\/#primaryimage"},"thumbnailUrl":"https:\/\/www.deutsche-glasfaser.de\/blog\/wp-content\/uploads\/2023\/07\/x_JAP1-48-scaled.jpg","articleSection":["#Gemeinschaft"],"inLanguage":"de","potentialAction":[{"@type":"CommentAction","name":"Comment","target":["https:\/\/www.deutsche-glasfaser.de\/blog\/digitale-zukunftschwaben-so-war-der-3-roundtable-des-digitalen-buergernetz\/#respond"]}]},{"@type":"WebPage","@id":"https:\/\/www.deutsche-glasfaser.de\/blog\/digitale-zukunftschwaben-so-war-der-3-roundtable-des-digitalen-buergernetz\/","url":"https:\/\/www.deutsche-glasfaser.de\/blog\/digitale-zukunftschwaben-so-war-der-3-roundtable-des-digitalen-buergernetz\/","name":"Digitale Zukunft @Schwaben \u2013 erfolgreicher Roundtable zur Entwicklung der Regionen in Neu-Ulm - Digitales B\u00fcrgernetz","isPartOf":{"@id":"https:\/\/www.deutsche-glasfaser.de\/blog\/#website"},"primaryImageOfPage":{"@id":"https:\/\/www.deutsche-glasfaser.de\/blog\/digitale-zukunftschwaben-so-war-der-3-roundtable-des-digitalen-buergernetz\/#primaryimage"},"image":{"@id":"https:\/\/www.deutsche-glasfaser.de\/blog\/digitale-zukunftschwaben-so-war-der-3-roundtable-des-digitalen-buergernetz\/#primaryimage"},"thumbnailUrl":"https:\/\/www.deutsche-glasfaser.de\/blog\/wp-content\/uploads\/2023\/07\/x_JAP1-48-scaled.jpg","datePublished":"2023-07-07T19:31:23+00:00","dateModified":"2023-07-13T18:33:52+00:00","description":"In Neu-Ulm fand der 3. Roundtable des Digitalen B\u00fcrgernetz statt: Digitale zukunft@Schwaben.","inLanguage":"de","potentialAction":[{"@type":"ReadAction","target":["https:\/\/www.deutsche-glasfaser.de\/blog\/digitale-zukunftschwaben-so-war-der-3-roundtable-des-digitalen-buergernetz\/"]}]},{"@type":"ImageObject","inLanguage":"de","@id":"https:\/\/www.deutsche-glasfaser.de\/blog\/digitale-zukunftschwaben-so-war-der-3-roundtable-des-digitalen-buergernetz\/#primaryimage","url":"https:\/\/www.deutsche-glasfaser.de\/blog\/wp-content\/uploads\/2023\/07\/x_JAP1-48-scaled.jpg","contentUrl":"https:\/\/www.deutsche-glasfaser.de\/blog\/wp-content\/uploads\/2023\/07\/x_JAP1-48-scaled.jpg","width":2560,"height":1706,"caption":"Guter Austausch am Roundtable in Neu-Ulm \u00a9 Jascha Pansch"},{"@type":"WebSite","@id":"https:\/\/www.deutsche-glasfaser.de\/blog\/#website","url":"https:\/\/www.deutsche-glasfaser.de\/blog\/","name":"Digitales B\u00fcrgernetz","description":"Deutsche Glasfaser Blog","publisher":{"@id":"https:\/\/www.deutsche-glasfaser.de\/blog\/#organization"},"potentialAction":[{"@type":"SearchAction","target":{"@type":"EntryPoint","urlTemplate":"https:\/\/www.deutsche-glasfaser.de\/blog\/?s={search_term_string}"},"query-input":{"@type":"PropertyValueSpecification","valueRequired":true,"valueName":"search_term_string"}}],"inLanguage":"de"},{"@type":"Organization","@id":"https:\/\/www.deutsche-glasfaser.de\/blog\/#organization","name":"Digitales B\u00fcrgernetz","url":"https:\/\/www.deutsche-glasfaser.de\/blog\/","logo":{"@type":"ImageObject","inLanguage":"de","@id":"https:\/\/www.deutsche-glasfaser.de\/blog\/#\/schema\/logo\/image\/","url":"https:\/\/www.deutsche-glasfaser.de\/blog\/wp-content\/uploads\/2021\/08\/DGF_Logo_Basis_RGB-Large@2x.png","contentUrl":"https:\/\/www.deutsche-glasfaser.de\/blog\/wp-content\/uploads\/2021\/08\/DGF_Logo_Basis_RGB-Large@2x.png","width":312,"height":104,"caption":"Digitales B\u00fcrgernetz"},"image":{"@id":"https:\/\/www.deutsche-glasfaser.de\/blog\/#\/schema\/logo\/image\/"}},{"@type":"Person","@id":"https:\/\/www.deutsche-glasfaser.de\/blog\/#\/schema\/person\/9380a6dc7443d77143d0c66c409f574b","name":"Deutsche Glasfaser"}]}},"_links":{"self":[{"href":"https:\/\/www.deutsche-glasfaser.de\/blog\/wp-json\/wp\/v2\/posts\/12691","targetHints":{"allow":["GET"]}}],"collection":[{"href":"https:\/\/www.deutsche-glasfaser.de\/blog\/wp-json\/wp\/v2\/posts"}],"about":[{"href":"https:\/\/www.deutsche-glasfaser.de\/blog\/wp-json\/wp\/v2\/types\/post"}],"author":[{"embeddable":true,"href":"https:\/\/www.deutsche-glasfaser.de\/blog\/wp-json\/wp\/v2\/users\/5"}],"replies":[{"embeddable":true,"href":"https:\/\/www.deutsche-glasfaser.de\/blog\/wp-json\/wp\/v2\/comments?post=12691"}],"version-history":[{"count":20,"href":"https:\/\/www.deutsche-glasfaser.de\/blog\/wp-json\/wp\/v2\/posts\/12691\/revisions"}],"predecessor-version":[{"id":12792,"href":"https:\/\/www.deutsche-glasfaser.de\/blog\/wp-json\/wp\/v2\/posts\/12691\/revisions\/12792"}],"wp:featuredmedia":[{"embeddable":true,"href":"https:\/\/www.deutsche-glasfaser.de\/blog\/wp-json\/wp\/v2\/media\/12692"}],"wp:attachment":[{"href":"https:\/\/www.deutsche-glasfaser.de\/blog\/wp-json\/wp\/v2\/media?parent=12691"}],"wp:term":[{"taxonomy":"category","embeddable":true,"href":"https:\/\/www.deutsche-glasfaser.de\/blog\/wp-json\/wp\/v2\/categories?post=12691"},{"taxonomy":"post_tag","embeddable":true,"href":"https:\/\/www.deutsche-glasfaser.de\/blog\/wp-json\/wp\/v2\/tags?post=12691"}],"curies":[{"name":"wp","href":"https:\/\/api.w.org\/{rel}","templated":true}]}}