{"id":12621,"date":"2023-06-27T14:56:58","date_gmt":"2023-06-27T12:56:58","guid":{"rendered":"https:\/\/www.deutsche-glasfaser.de\/blog\/?p=12621"},"modified":"2023-06-29T15:47:23","modified_gmt":"2023-06-29T13:47:23","slug":"leben-in-der-kleinstadt-die-elblandwerker-setzen-neue-impulse-in-wittenberge","status":"publish","type":"post","link":"https:\/\/www.deutsche-glasfaser.de\/blog\/leben-in-der-kleinstadt-die-elblandwerker-setzen-neue-impulse-in-wittenberge\/","title":{"rendered":"Leben in der Kleinstadt: Die Elblandwerker setzen neue Impulse in Wittenberge"},"content":{"rendered":"\t\t<div data-elementor-type=\"wp-post\" data-elementor-id=\"12621\" class=\"elementor elementor-12621\">\n\t\t\t\t\t\t<section class=\"elementor-section elementor-top-section elementor-element elementor-element-2cf013c elementor-section-boxed elementor-section-height-default elementor-section-height-default\" data-id=\"2cf013c\" data-element_type=\"section\" data-e-type=\"section\">\n\t\t\t\t\t\t<div class=\"elementor-container elementor-column-gap-default\">\n\t\t\t\t\t<div class=\"elementor-column elementor-col-100 elementor-top-column elementor-element elementor-element-e68c559\" data-id=\"e68c559\" data-element_type=\"column\" data-e-type=\"column\">\n\t\t\t<div class=\"elementor-widget-wrap elementor-element-populated\">\n\t\t\t\t\t\t<div class=\"elementor-element elementor-element-bda71f0 elementor-widget elementor-widget-text-editor\" data-id=\"bda71f0\" data-element_type=\"widget\" data-e-type=\"widget\" data-widget_type=\"text-editor.default\">\n\t\t\t\t<div class=\"elementor-widget-container\">\n\t\t\t\t\t\t\t\t\t<p>Vom Pionier zum Elblandwerker: Christian Soult \u00a9 Kobie van Rensburg<\/p>\t\t\t\t\t\t\t\t<\/div>\n\t\t\t\t<\/div>\n\t\t\t\t\t<\/div>\n\t\t<\/div>\n\t\t\t\t\t<\/div>\n\t\t<\/section>\n\t\t\t\t<section class=\"elementor-section elementor-top-section elementor-element elementor-element-64dfdf9 elementor-section-boxed elementor-section-height-default elementor-section-height-default\" data-id=\"64dfdf9\" data-element_type=\"section\" data-e-type=\"section\">\n\t\t\t\t\t\t<div class=\"elementor-container elementor-column-gap-default\">\n\t\t\t\t\t<div class=\"elementor-column elementor-col-100 elementor-top-column elementor-element elementor-element-c577e6e\" data-id=\"c577e6e\" data-element_type=\"column\" data-e-type=\"column\">\n\t\t\t<div class=\"elementor-widget-wrap elementor-element-populated\">\n\t\t\t\t\t\t<div class=\"elementor-element elementor-element-f41c339 elementor-widget elementor-widget-text-editor\" data-id=\"f41c339\" data-element_type=\"widget\" data-e-type=\"widget\" data-widget_type=\"text-editor.default\">\n\t\t\t\t<div class=\"elementor-widget-container\">\n\t\t\t\t\t\t\t\t\t<p>Wittenberge war zu DDR-Zeiten ein Industriestandort. Nach der Wende schlossen die Fabriken, mit ihnen gingen die Menschen \u2013 vor allem die jungen. Doch seit einigen Jahren tut sich wieder etwas, die Kleinstadt an der Elbe erfindet sich neu. Die Elblandwerker geh\u00f6ren zu denjenigen, die einen wichtigen Beitrag dazu leisten. Christian Soult ist einer von ihnen.<\/p>\t\t\t\t\t\t\t\t<\/div>\n\t\t\t\t<\/div>\n\t\t\t\t\t<\/div>\n\t\t<\/div>\n\t\t\t\t\t<\/div>\n\t\t<\/section>\n\t\t\t\t<section class=\"elementor-section elementor-top-section elementor-element elementor-element-e6ede9e elementor-section-boxed elementor-section-height-default elementor-section-height-default\" data-id=\"e6ede9e\" data-element_type=\"section\" data-e-type=\"section\">\n\t\t\t\t\t\t<div class=\"elementor-container elementor-column-gap-default\">\n\t\t\t\t\t<div class=\"elementor-column elementor-col-100 elementor-top-column elementor-element elementor-element-81a67eb\" data-id=\"81a67eb\" data-element_type=\"column\" data-e-type=\"column\">\n\t\t\t<div class=\"elementor-widget-wrap elementor-element-populated\">\n\t\t\t\t\t\t<div class=\"elementor-element elementor-element-cdd222c elementor-widget elementor-widget-text-editor\" data-id=\"cdd222c\" data-element_type=\"widget\" data-e-type=\"widget\" data-widget_type=\"text-editor.default\">\n\t\t\t\t<div class=\"elementor-widget-container\">\n\t\t\t\t\t\t\t\t\t<p><strong>Herr Soult, die Elblandwerker sind aus dem Projekt Summer of Pioneers hervorgegangen, das 2019\/20 in Wittenberge stattfand. Der Summer of Pioneers gibt Digitalarbeiter:innen und Kreativen aus der Gro\u00dfstadt die M\u00f6glichkeit, ein halbes Jahr im l\u00e4ndlichen Raum zu leben, zu arbeiten und vor Ort neue Impulse zu setzen. Was hat Sie pers\u00f6nlich 2019 dazu bewogen, als Pioneer nach Wittenberge zu kommen?<\/strong><\/p>\t\t\t\t\t\t\t\t<\/div>\n\t\t\t\t<\/div>\n\t\t\t\t<div class=\"elementor-element elementor-element-8a62359 elementor-widget elementor-widget-text-editor\" data-id=\"8a62359\" data-element_type=\"widget\" data-e-type=\"widget\" data-widget_type=\"text-editor.default\">\n\t\t\t\t<div class=\"elementor-widget-container\">\n\t\t\t\t\t\t\t\t\t<p>Ich lebte damals in Berlin. Die Stadt wurde mir zu laut und zu voll, ich war gro\u00dfstadtm\u00fcde. Die Idee des Summer of Pioneers hat mich angesprochen. Zum Angebot geh\u00f6rte ein Coworking Space. Ich hatte Lust, das auszuprobieren. Au\u00dferdem waren wir aufgefordert, uns in die Stadt einzubringen. Der Gedanke, in Wittenberge etwas zu machen, was in Berlin gar nicht m\u00f6glich w\u00e4re, hat mir gefallen.<\/p>\t\t\t\t\t\t\t\t<\/div>\n\t\t\t\t<\/div>\n\t\t\t\t<div class=\"elementor-element elementor-element-1465360 elementor-widget elementor-widget-spacer\" data-id=\"1465360\" data-element_type=\"widget\" data-e-type=\"widget\" data-widget_type=\"spacer.default\">\n\t\t\t\t<div class=\"elementor-widget-container\">\n\t\t\t\t\t\t\t<div class=\"elementor-spacer\">\n\t\t\t<div class=\"elementor-spacer-inner\"><\/div>\n\t\t<\/div>\n\t\t\t\t\t\t<\/div>\n\t\t\t\t<\/div>\n\t\t\t\t\t<\/div>\n\t\t<\/div>\n\t\t\t\t\t<\/div>\n\t\t<\/section>\n\t\t\t\t<section class=\"elementor-section elementor-top-section elementor-element elementor-element-4aa6ee0 elementor-section-boxed elementor-section-height-default elementor-section-height-default\" data-id=\"4aa6ee0\" data-element_type=\"section\" data-e-type=\"section\">\n\t\t\t\t\t\t<div class=\"elementor-container elementor-column-gap-default\">\n\t\t\t\t\t<div class=\"elementor-column elementor-col-100 elementor-top-column elementor-element elementor-element-c291de9\" data-id=\"c291de9\" data-element_type=\"column\" data-e-type=\"column\">\n\t\t\t<div class=\"elementor-widget-wrap elementor-element-populated\">\n\t\t\t\t\t\t<div class=\"elementor-element elementor-element-f18457e elementor-widget elementor-widget-text-editor\" data-id=\"f18457e\" data-element_type=\"widget\" data-e-type=\"widget\" data-widget_type=\"text-editor.default\">\n\t\t\t\t<div class=\"elementor-widget-container\">\n\t\t\t\t\t\t\t\t\t<p><strong>Nach zwei Sommern sind 2020 mehr als die H\u00e4lfte der Pioneers geblieben. Was hat Sie und die anderen dazu bewogen?<\/strong><\/p>\t\t\t\t\t\t\t\t<\/div>\n\t\t\t\t<\/div>\n\t\t\t\t<div class=\"elementor-element elementor-element-1213d3a elementor-widget elementor-widget-text-editor\" data-id=\"1213d3a\" data-element_type=\"widget\" data-e-type=\"widget\" data-widget_type=\"text-editor.default\">\n\t\t\t\t<div class=\"elementor-widget-container\">\n\t\t\t\t\t\t\t\t\t<p>Es ist zum einen die Gemeinschaft. Sie ist auch der wesentliche Grund, warum immer mehr Menschen Teil der Elblandwerker werden m\u00f6chten. Hinzukommt die M\u00f6glichkeit, dass wir uns hier entfalten und ganz unterschiedliche Projekte ansto\u00dfen k\u00f6nnen.<\/p>\t\t\t\t\t\t\t\t<\/div>\n\t\t\t\t<\/div>\n\t\t\t\t<div class=\"elementor-element elementor-element-ebc47a2 elementor-widget elementor-widget-spacer\" data-id=\"ebc47a2\" data-element_type=\"widget\" data-e-type=\"widget\" data-widget_type=\"spacer.default\">\n\t\t\t\t<div class=\"elementor-widget-container\">\n\t\t\t\t\t\t\t<div class=\"elementor-spacer\">\n\t\t\t<div class=\"elementor-spacer-inner\"><\/div>\n\t\t<\/div>\n\t\t\t\t\t\t<\/div>\n\t\t\t\t<\/div>\n\t\t\t\t\t<\/div>\n\t\t<\/div>\n\t\t\t\t\t<\/div>\n\t\t<\/section>\n\t\t\t\t<section class=\"elementor-section elementor-top-section elementor-element elementor-element-107efec elementor-section-boxed elementor-section-height-default elementor-section-height-default\" data-id=\"107efec\" data-element_type=\"section\" data-e-type=\"section\">\n\t\t\t\t\t\t<div class=\"elementor-container elementor-column-gap-default\">\n\t\t\t\t\t<div class=\"elementor-column elementor-col-100 elementor-top-column elementor-element elementor-element-04a82ae\" data-id=\"04a82ae\" data-element_type=\"column\" data-e-type=\"column\">\n\t\t\t<div class=\"elementor-widget-wrap elementor-element-populated\">\n\t\t\t\t\t\t<div class=\"elementor-element elementor-element-1a70e2a elementor-widget elementor-widget-text-editor\" data-id=\"1a70e2a\" data-element_type=\"widget\" data-e-type=\"widget\" data-widget_type=\"text-editor.default\">\n\t\t\t\t<div class=\"elementor-widget-container\">\n\t\t\t\t\t\t\t\t\t<p><strong>Was sind das f\u00fcr Projekte und was bewirken sie in der Stadt?<\/strong><\/p>\t\t\t\t\t\t\t\t<\/div>\n\t\t\t\t<\/div>\n\t\t\t\t<div class=\"elementor-element elementor-element-513972b elementor-widget elementor-widget-text-editor\" data-id=\"513972b\" data-element_type=\"widget\" data-e-type=\"widget\" data-widget_type=\"text-editor.default\">\n\t\t\t\t<div class=\"elementor-widget-container\">\n\t\t\t\t\t\t\t\t\t<p>Wir f\u00fchren viele Projekte fort, die w\u00e4hrend des Summers of Pioneers entstanden sind. Da gibt es zum Beispiel den Stadtsalon Safari. Drei Pioneers haben sich zusammengetan und einen Ort f\u00fcr Kunst, Kultur und Begegnung geschaffen, den es so in Wittenberge noch nicht gab. Das Besondere: Jede und jeder kann mit Ideen vorbeikommen und sich einbringen. Es gibt Musik, Lesungen, Reparaturcaf\u00e9s, Workshops und Fortbildungen. F\u00fcr die Elblandwerker \u2013 und zuvor f\u00fcr die Pioneers \u2013 war der Stadtsalon Safari von Anfang an eine T\u00fcr zur Stadtbev\u00f6lkerung. Inzwischen ist er zu einem sehr wichtigen Ort geworden \u2013 auch f\u00fcr die kulturelle Stadtentwicklung.<\/p>\t\t\t\t\t\t\t\t<\/div>\n\t\t\t\t<\/div>\n\t\t\t\t<div class=\"elementor-element elementor-element-c3439ec elementor-widget elementor-widget-spacer\" data-id=\"c3439ec\" data-element_type=\"widget\" data-e-type=\"widget\" data-widget_type=\"spacer.default\">\n\t\t\t\t<div class=\"elementor-widget-container\">\n\t\t\t\t\t\t\t<div class=\"elementor-spacer\">\n\t\t\t<div class=\"elementor-spacer-inner\"><\/div>\n\t\t<\/div>\n\t\t\t\t\t\t<\/div>\n\t\t\t\t<\/div>\n\t\t\t\t<div class=\"elementor-element elementor-element-7589d95 elementor-widget elementor-widget-image\" data-id=\"7589d95\" data-element_type=\"widget\" data-e-type=\"widget\" data-widget_type=\"image.default\">\n\t\t\t\t<div class=\"elementor-widget-container\">\n\t\t\t\t\t\t\t\t\t\t\t\t<figure class=\"wp-caption\">\n\t\t\t\t\t\t\t\t\t\t<img fetchpriority=\"high\" decoding=\"async\" width=\"768\" height=\"509\" src=\"https:\/\/www.deutsche-glasfaser.de\/blog\/wp-content\/uploads\/2023\/06\/Beitragsbild_1_Stadtsalon_Safari_Gartenkino_5_28c29_Stadtsalon_Safari_e.V.-1-768x509.jpg\" class=\"attachment-medium_large size-medium_large wp-image-12646\" alt=\"Stimmungsvoll beleuchteter Hinterhof bei Nacht mit Menschen auf St\u00fchlen\" srcset=\"https:\/\/www.deutsche-glasfaser.de\/blog\/wp-content\/uploads\/2023\/06\/Beitragsbild_1_Stadtsalon_Safari_Gartenkino_5_28c29_Stadtsalon_Safari_e.V.-1-768x509.jpg 768w, https:\/\/www.deutsche-glasfaser.de\/blog\/wp-content\/uploads\/2023\/06\/Beitragsbild_1_Stadtsalon_Safari_Gartenkino_5_28c29_Stadtsalon_Safari_e.V.-1-300x199.jpg 300w, https:\/\/www.deutsche-glasfaser.de\/blog\/wp-content\/uploads\/2023\/06\/Beitragsbild_1_Stadtsalon_Safari_Gartenkino_5_28c29_Stadtsalon_Safari_e.V.-1-1024x678.jpg 1024w, https:\/\/www.deutsche-glasfaser.de\/blog\/wp-content\/uploads\/2023\/06\/Beitragsbild_1_Stadtsalon_Safari_Gartenkino_5_28c29_Stadtsalon_Safari_e.V.-1-1536x1018.jpg 1536w, https:\/\/www.deutsche-glasfaser.de\/blog\/wp-content\/uploads\/2023\/06\/Beitragsbild_1_Stadtsalon_Safari_Gartenkino_5_28c29_Stadtsalon_Safari_e.V.-1.jpg 2000w\" sizes=\"(max-width: 768px) 100vw, 768px\" \/>\t\t\t\t\t\t\t\t\t\t\t<figcaption class=\"widget-image-caption wp-caption-text\">Raum f\u00fcr Kunst, Kultur und Begegnung: Der Stadtsalon Safari ist f\u00fcr die Elblandwerker die T\u00fcr zur Stadtbev\u00f6lkerung \u00a9 Stadtsalon Safari e.V.<\/figcaption>\n\t\t\t\t\t\t\t\t\t\t<\/figure>\n\t\t\t\t\t\t\t\t\t<\/div>\n\t\t\t\t<\/div>\n\t\t\t\t<div class=\"elementor-element elementor-element-73dd7fa elementor-widget elementor-widget-spacer\" data-id=\"73dd7fa\" data-element_type=\"widget\" data-e-type=\"widget\" data-widget_type=\"spacer.default\">\n\t\t\t\t<div class=\"elementor-widget-container\">\n\t\t\t\t\t\t\t<div class=\"elementor-spacer\">\n\t\t\t<div class=\"elementor-spacer-inner\"><\/div>\n\t\t<\/div>\n\t\t\t\t\t\t<\/div>\n\t\t\t\t<\/div>\n\t\t\t\t<div class=\"elementor-element elementor-element-6421640 elementor-widget elementor-widget-text-editor\" data-id=\"6421640\" data-element_type=\"widget\" data-e-type=\"widget\" data-widget_type=\"text-editor.default\">\n\t\t\t\t<div class=\"elementor-widget-container\">\n\t\t\t\t\t\t\t\t\t<p>Ein weiteres Projekt ist der Coworking Space, den wir in Kooperation mit dem Technologie- und Gewerbezentrum Prignitz und der Wohnungsbaugesellschaft der Stadt weiterf\u00fchren. Damit beh\u00e4lt Wittenberge einen Ort, an dem Menschen arbeiten und sich austauschen k\u00f6nnen.<\/p>\t\t\t\t\t\t\t\t<\/div>\n\t\t\t\t<\/div>\n\t\t\t\t<div class=\"elementor-element elementor-element-4121842 elementor-widget elementor-widget-spacer\" data-id=\"4121842\" data-element_type=\"widget\" data-e-type=\"widget\" data-widget_type=\"spacer.default\">\n\t\t\t\t<div class=\"elementor-widget-container\">\n\t\t\t\t\t\t\t<div class=\"elementor-spacer\">\n\t\t\t<div class=\"elementor-spacer-inner\"><\/div>\n\t\t<\/div>\n\t\t\t\t\t\t<\/div>\n\t\t\t\t<\/div>\n\t\t\t\t<div class=\"elementor-element elementor-element-5a37227 elementor-widget elementor-widget-image\" data-id=\"5a37227\" data-element_type=\"widget\" data-e-type=\"widget\" data-widget_type=\"image.default\">\n\t\t\t\t<div class=\"elementor-widget-container\">\n\t\t\t\t\t\t\t\t\t\t\t\t<figure class=\"wp-caption\">\n\t\t\t\t\t\t\t\t\t\t<img decoding=\"async\" width=\"768\" height=\"576\" src=\"https:\/\/www.deutsche-glasfaser.de\/blog\/wp-content\/uploads\/2023\/06\/Beitragsbild_2_elblandwerker_Coworking_Space_Wittenberge_IV_bearbeitet_28c29Christian_Soult-1-768x576.jpg\" class=\"attachment-medium_large size-medium_large wp-image-12643\" alt=\"Coworking Space mit Arbeitspl\u00e4tzen und Pflanzen\" srcset=\"https:\/\/www.deutsche-glasfaser.de\/blog\/wp-content\/uploads\/2023\/06\/Beitragsbild_2_elblandwerker_Coworking_Space_Wittenberge_IV_bearbeitet_28c29Christian_Soult-1-768x576.jpg 768w, https:\/\/www.deutsche-glasfaser.de\/blog\/wp-content\/uploads\/2023\/06\/Beitragsbild_2_elblandwerker_Coworking_Space_Wittenberge_IV_bearbeitet_28c29Christian_Soult-1-300x225.jpg 300w, https:\/\/www.deutsche-glasfaser.de\/blog\/wp-content\/uploads\/2023\/06\/Beitragsbild_2_elblandwerker_Coworking_Space_Wittenberge_IV_bearbeitet_28c29Christian_Soult-1-1024x768.jpg 1024w, https:\/\/www.deutsche-glasfaser.de\/blog\/wp-content\/uploads\/2023\/06\/Beitragsbild_2_elblandwerker_Coworking_Space_Wittenberge_IV_bearbeitet_28c29Christian_Soult-1.jpg 1500w\" sizes=\"(max-width: 768px) 100vw, 768px\" \/>\t\t\t\t\t\t\t\t\t\t\t<figcaption class=\"widget-image-caption wp-caption-text\">Ort f\u00fcr Arbeit und Austausch: Coworking Space in Wittenberge \u00a9 Christian Soult<\/figcaption>\n\t\t\t\t\t\t\t\t\t\t<\/figure>\n\t\t\t\t\t\t\t\t\t<\/div>\n\t\t\t\t<\/div>\n\t\t\t\t<div class=\"elementor-element elementor-element-f152c5e elementor-widget elementor-widget-spacer\" data-id=\"f152c5e\" data-element_type=\"widget\" data-e-type=\"widget\" data-widget_type=\"spacer.default\">\n\t\t\t\t<div class=\"elementor-widget-container\">\n\t\t\t\t\t\t\t<div class=\"elementor-spacer\">\n\t\t\t<div class=\"elementor-spacer-inner\"><\/div>\n\t\t<\/div>\n\t\t\t\t\t\t<\/div>\n\t\t\t\t<\/div>\n\t\t\t\t<div class=\"elementor-element elementor-element-2d585ac elementor-widget elementor-widget-text-editor\" data-id=\"2d585ac\" data-element_type=\"widget\" data-e-type=\"widget\" data-widget_type=\"text-editor.default\">\n\t\t\t\t<div class=\"elementor-widget-container\">\n\t\t\t\t\t\t\t\t\t<p><strong>Was hat sich gegen\u00fcber dem Summer of Pioneers ver\u00e4ndert?<\/strong><\/p>\t\t\t\t\t\t\t\t<\/div>\n\t\t\t\t<\/div>\n\t\t\t\t<div class=\"elementor-element elementor-element-cfa2854 elementor-widget elementor-widget-text-editor\" data-id=\"cfa2854\" data-element_type=\"widget\" data-e-type=\"widget\" data-widget_type=\"text-editor.default\">\n\t\t\t\t<div class=\"elementor-widget-container\">\n\t\t\t\t\t\t\t\t\t<p>Wir sind zum einen viel mehr Menschen. Es gibt inzwischen \u00fcber 300 Elblandwerker. Da kann man eine Menge machen. Wir k\u00f6nnen Impulse setzen und haben uns so weit etabliert, dass die Stadt immer wieder nach unseren Ideen und Meinungen fragt.<\/p><p>Die Elblandwerker gibt es auch nicht mehr nur in Wittenberge, sondern in der ganzen Prignitz. Wir sind mit anderen Gemeinden im Gespr\u00e4ch, zum Beispiel was Coworking Spaces angeht. In Wittenberge selbst soll ein weiterer entstehen.<\/p><p>Insgesamt ver\u00e4ndert sich in der Stadt unheimlich viel. Dazu tragen die Elblandwerker ihren Teil bei. Wir ziehen Menschen an, die H\u00e4user kaufen und Leerstand beleben. Es kommen junge Familien mit Kindern, die hier in die Kita und zur Schule gehen. Ich denke, wir verj\u00fcngen die Stadt, wir sind eine Zuzugsinitiative. Die Offenheit, die wir von Anfang an in Wittenberge erfahren haben, geben wir jetzt weiter. Das Gute: Niemand muss sich sofort entscheiden, herzuziehen. Wer m\u00f6chte, kann das Leben in der Kleinstadt erst einmal testen. Daf\u00fcr gibt es zwei Community-Wohnungen, die vom Summer of Pioneers geblieben sind, und die wir jetzt in Kooperation mit der WGW, der Wohnungsbaugesellschaft der Stadt Wittenberge, betreuen.<\/p>\t\t\t\t\t\t\t\t<\/div>\n\t\t\t\t<\/div>\n\t\t\t\t<div class=\"elementor-element elementor-element-7c57c3f elementor-widget elementor-widget-spacer\" data-id=\"7c57c3f\" data-element_type=\"widget\" data-e-type=\"widget\" data-widget_type=\"spacer.default\">\n\t\t\t\t<div class=\"elementor-widget-container\">\n\t\t\t\t\t\t\t<div class=\"elementor-spacer\">\n\t\t\t<div class=\"elementor-spacer-inner\"><\/div>\n\t\t<\/div>\n\t\t\t\t\t\t<\/div>\n\t\t\t\t<\/div>\n\t\t\t\t<div class=\"elementor-element elementor-element-ec6103c elementor-widget elementor-widget-image\" data-id=\"ec6103c\" data-element_type=\"widget\" data-e-type=\"widget\" data-widget_type=\"image.default\">\n\t\t\t\t<div class=\"elementor-widget-container\">\n\t\t\t\t\t\t\t\t\t\t\t\t<figure class=\"wp-caption\">\n\t\t\t\t\t\t\t\t\t\t<img decoding=\"async\" width=\"768\" height=\"1024\" src=\"https:\/\/www.deutsche-glasfaser.de\/blog\/wp-content\/uploads\/2023\/06\/Beitragsbild_3_elblandwerker__Community-Wohnungen_Wohnzimmer_Blick_Hof_klein_28c29_elblandwerker_-1-768x1024.jpeg\" class=\"attachment-medium_large size-medium_large wp-image-12645\" alt=\"Raum mit Sofa, Regal und Sideboard mit Blick ins Gr\u00fcne\" srcset=\"https:\/\/www.deutsche-glasfaser.de\/blog\/wp-content\/uploads\/2023\/06\/Beitragsbild_3_elblandwerker__Community-Wohnungen_Wohnzimmer_Blick_Hof_klein_28c29_elblandwerker_-1-768x1024.jpeg 768w, https:\/\/www.deutsche-glasfaser.de\/blog\/wp-content\/uploads\/2023\/06\/Beitragsbild_3_elblandwerker__Community-Wohnungen_Wohnzimmer_Blick_Hof_klein_28c29_elblandwerker_-1-225x300.jpeg 225w, https:\/\/www.deutsche-glasfaser.de\/blog\/wp-content\/uploads\/2023\/06\/Beitragsbild_3_elblandwerker__Community-Wohnungen_Wohnzimmer_Blick_Hof_klein_28c29_elblandwerker_-1-1152x1536.jpeg 1152w, https:\/\/www.deutsche-glasfaser.de\/blog\/wp-content\/uploads\/2023\/06\/Beitragsbild_3_elblandwerker__Community-Wohnungen_Wohnzimmer_Blick_Hof_klein_28c29_elblandwerker_-1.jpeg 1512w\" sizes=\"(max-width: 768px) 100vw, 768px\" \/>\t\t\t\t\t\t\t\t\t\t\t<figcaption class=\"widget-image-caption wp-caption-text\">In einer Community-Wohnung k\u00f6nnen Interessierte das Leben und Arbeiten in Wittenberge ausprobieren \u00a9 Elblandwerker<\/figcaption>\n\t\t\t\t\t\t\t\t\t\t<\/figure>\n\t\t\t\t\t\t\t\t\t<\/div>\n\t\t\t\t<\/div>\n\t\t\t\t<div class=\"elementor-element elementor-element-73628eb elementor-widget elementor-widget-spacer\" data-id=\"73628eb\" data-element_type=\"widget\" data-e-type=\"widget\" data-widget_type=\"spacer.default\">\n\t\t\t\t<div class=\"elementor-widget-container\">\n\t\t\t\t\t\t\t<div class=\"elementor-spacer\">\n\t\t\t<div class=\"elementor-spacer-inner\"><\/div>\n\t\t<\/div>\n\t\t\t\t\t\t<\/div>\n\t\t\t\t<\/div>\n\t\t\t\t<div class=\"elementor-element elementor-element-626b0bb elementor-widget elementor-widget-text-editor\" data-id=\"626b0bb\" data-element_type=\"widget\" data-e-type=\"widget\" data-widget_type=\"text-editor.default\">\n\t\t\t\t<div class=\"elementor-widget-container\">\n\t\t\t\t\t\t\t\t\t<p><strong>Wie wichtig ist die digitale Infrastruktur f\u00fcr Sie und die anderen Elblandwerker?<\/strong><\/p>\t\t\t\t\t\t\t\t<\/div>\n\t\t\t\t<\/div>\n\t\t\t\t<div class=\"elementor-element elementor-element-df37c3d elementor-widget elementor-widget-text-editor\" data-id=\"df37c3d\" data-element_type=\"widget\" data-e-type=\"widget\" data-widget_type=\"text-editor.default\">\n\t\t\t\t<div class=\"elementor-widget-container\">\n\t\t\t\t\t\t\t\t\t<p>Kurz gesagt: sehr wichtig. Die meisten von uns kommen nach Wittenberge und bringen ihre Arbeit mit. Egal ob wir im Coworking Space oder von zu Hause arbeiten, wir brauchen schnelles Internet. Das war in Wittenberge von Anfang an vorhanden und wird aktuell mit Glasfaser weiter ausgebaut.<\/p><p>Auch f\u00fcr die weitere wirtschaftliche Entwicklung ist eine gute digitale Infrastruktur notwendig. Wir haben hier noch einiges vor. Wir m\u00f6chten unser Netzwerk nutzen, um weitere spannende Unternehmen aus der Start-up- und Tech-Szene nach Wittenberge zu holen.<\/p>\t\t\t\t\t\t\t\t<\/div>\n\t\t\t\t<\/div>\n\t\t\t\t<div class=\"elementor-element elementor-element-af9d6e7 elementor-widget elementor-widget-spacer\" data-id=\"af9d6e7\" data-element_type=\"widget\" data-e-type=\"widget\" data-widget_type=\"spacer.default\">\n\t\t\t\t<div class=\"elementor-widget-container\">\n\t\t\t\t\t\t\t<div class=\"elementor-spacer\">\n\t\t\t<div class=\"elementor-spacer-inner\"><\/div>\n\t\t<\/div>\n\t\t\t\t\t\t<\/div>\n\t\t\t\t<\/div>\n\t\t\t\t\t<\/div>\n\t\t<\/div>\n\t\t\t\t\t<\/div>\n\t\t<\/section>\n\t\t\t\t<section class=\"elementor-section elementor-top-section elementor-element elementor-element-e71506d elementor-section-boxed elementor-section-height-default elementor-section-height-default\" data-id=\"e71506d\" data-element_type=\"section\" data-e-type=\"section\">\n\t\t\t\t\t\t<div class=\"elementor-container elementor-column-gap-default\">\n\t\t\t\t\t<div class=\"elementor-column elementor-col-100 elementor-top-column elementor-element elementor-element-304abf0\" data-id=\"304abf0\" data-element_type=\"column\" data-e-type=\"column\">\n\t\t\t<div class=\"elementor-widget-wrap elementor-element-populated\">\n\t\t\t\t\t\t<div class=\"elementor-element elementor-element-0c525be elementor-widget elementor-widget-text-editor\" data-id=\"0c525be\" data-element_type=\"widget\" data-e-type=\"widget\" data-widget_type=\"text-editor.default\">\n\t\t\t\t<div class=\"elementor-widget-container\">\n\t\t\t\t\t\t\t\t\t<p><strong>Sie sagten, dass inzwischen mehr als 300 Elblandwerker zur Community geh\u00f6ren. Wie gelingt es Ihnen, so viele Menschen anzuziehen?<\/strong><\/p>\t\t\t\t\t\t\t\t<\/div>\n\t\t\t\t<\/div>\n\t\t\t\t<div class=\"elementor-element elementor-element-788461e elementor-widget elementor-widget-text-editor\" data-id=\"788461e\" data-element_type=\"widget\" data-e-type=\"widget\" data-widget_type=\"text-editor.default\">\n\t\t\t\t<div class=\"elementor-widget-container\">\n\t\t\t\t\t\t\t\t\t<p>Sie kommen tats\u00e4chlich von selbst. Einfach, weil wir die Angebote haben: Das Probewohnen, den Coworking Space, aber auch Orte wie den Stadtsalon Safari. Die Menschen ziehen aus verschiedenen Gr\u00fcnden in eine Stadt beziehungsweise Region. Eine wichtige Rolle spielt die Stimmung. Was passiert in einer Stadt? Sind dort Menschen, mit denen ich mich austauschen und etwas machen kann? Dass in Wittenberge eine Aufbruchstimmung herrscht, hat sich herumgesprochen \u2013 unter anderem dank der medialen Berichterstattung, die es in den vergangenen Jahren gegeben hat.<\/p>\t\t\t\t\t\t\t\t<\/div>\n\t\t\t\t<\/div>\n\t\t\t\t<div class=\"elementor-element elementor-element-81514f2 elementor-widget elementor-widget-spacer\" data-id=\"81514f2\" data-element_type=\"widget\" data-e-type=\"widget\" data-widget_type=\"spacer.default\">\n\t\t\t\t<div class=\"elementor-widget-container\">\n\t\t\t\t\t\t\t<div class=\"elementor-spacer\">\n\t\t\t<div class=\"elementor-spacer-inner\"><\/div>\n\t\t<\/div>\n\t\t\t\t\t\t<\/div>\n\t\t\t\t<\/div>\n\t\t\t\t\t<\/div>\n\t\t<\/div>\n\t\t\t\t\t<\/div>\n\t\t<\/section>\n\t\t\t\t<section class=\"elementor-section elementor-top-section elementor-element elementor-element-f6794ad elementor-section-boxed elementor-section-height-default elementor-section-height-default\" data-id=\"f6794ad\" data-element_type=\"section\" data-e-type=\"section\">\n\t\t\t\t\t\t<div class=\"elementor-container elementor-column-gap-default\">\n\t\t\t\t\t<div class=\"elementor-column elementor-col-100 elementor-top-column elementor-element elementor-element-c189030\" data-id=\"c189030\" data-element_type=\"column\" data-e-type=\"column\">\n\t\t\t<div class=\"elementor-widget-wrap elementor-element-populated\">\n\t\t\t\t\t\t<div class=\"elementor-element elementor-element-839370f eael-infobox-icon-bg-shape-none eael-infobox-icon-hover-bg-shape-none elementor-widget elementor-widget-eael-info-box\" data-id=\"839370f\" data-element_type=\"widget\" data-e-type=\"widget\" data-widget_type=\"eael-info-box.default\">\n\t\t\t\t<div class=\"elementor-widget-container\">\n\t\t\t\t\t        <div class=\"eael-infobox icon-on-left\">\n\t            <div class=\"infobox-icon eael-icon-only\">\n\n            \n                            <div class=\"infobox-icon-wrap\">\n                    <i aria-hidden=\"true\" class=\"fas fa-info-circle\"><\/i>                <\/div>\n            \n            \n        <\/div>\n            <div class=\"infobox-content eael-icon-only\">\n                    <div class=\"infobox-title-section\">\n                <h5 class=\"title\">Elblandwerker und Summer of Pioneers<\/h5>            <\/div>\n            <div><p>Die <strong><a href=\"https:\/\/elblandwerker.de\/\">Elblandwerker<\/a><\/strong> sind eine Kooperative f\u00fcr Arbeit, Leben und Wandel, die im Jahr 2020 in Wittenberge als Fortf\u00fchrung des Projektes Summer of Pioneers entstanden ist. Sie richtet sich an Menschen, die nach einer Gemeinschaft von Gleichgesinnten suchen und ein Bed\u00fcrfnis nach Ruhe, Natur und Entschleunigung versp\u00fcren. Die Elblandwerker helfen dabei, sich in der Prignitz anzusiedeln, sich zu vernetzen und gemeinsam Ideen und Projekte in und f\u00fcr die Region zu verwirklichen.<\/p><p>Der <a href=\"https:\/\/neulandia.de\/summer-of-pioneers\/\"><strong>Summer of Pioneers<\/strong><\/a> in Wittenberge war der erste, aber nicht der letzte. Regelm\u00e4\u00dfig bietet das Projekt von Neulandia Menschen aus der Gro\u00dfstadt Probewohnen und Coworking auf dem Land.<\/p><\/div>        <\/div>\n            <\/div>\n\n\t\t\t\t\t\t<\/div>\n\t\t\t\t<\/div>\n\t\t\t\t\t<\/div>\n\t\t<\/div>\n\t\t\t\t\t<\/div>\n\t\t<\/section>\n\t\t\t\t<section class=\"elementor-section elementor-top-section elementor-element elementor-element-f44732e elementor-section-boxed elementor-section-height-default elementor-section-height-default\" data-id=\"f44732e\" data-element_type=\"section\" data-e-type=\"section\">\n\t\t\t\t\t\t<div class=\"elementor-container elementor-column-gap-default\">\n\t\t\t\t\t<div class=\"elementor-column elementor-col-100 elementor-top-column elementor-element elementor-element-4d9c938\" data-id=\"4d9c938\" data-element_type=\"column\" data-e-type=\"column\">\n\t\t\t<div class=\"elementor-widget-wrap elementor-element-populated\">\n\t\t\t\t\t\t<div class=\"elementor-element elementor-element-aacf087 elementor-widget elementor-widget-spacer\" data-id=\"aacf087\" data-element_type=\"widget\" data-e-type=\"widget\" data-widget_type=\"spacer.default\">\n\t\t\t\t<div class=\"elementor-widget-container\">\n\t\t\t\t\t\t\t<div class=\"elementor-spacer\">\n\t\t\t<div class=\"elementor-spacer-inner\"><\/div>\n\t\t<\/div>\n\t\t\t\t\t\t<\/div>\n\t\t\t\t<\/div>\n\t\t\t\t<div class=\"elementor-element elementor-element-c291689 eael-infobox-icon-bg-shape-none eael-infobox-icon-hover-bg-shape-none elementor-widget elementor-widget-eael-info-box\" data-id=\"c291689\" data-element_type=\"widget\" data-e-type=\"widget\" data-widget_type=\"eael-info-box.default\">\n\t\t\t\t<div class=\"elementor-widget-container\">\n\t\t\t\t\t        <div class=\"eael-infobox icon-on-left\">\n\t            <div class=\"infobox-icon eael-icon-only\">\n\n            \n                            <div class=\"infobox-icon-wrap\">\n                    <i aria-hidden=\"true\" class=\"fas fa-info-circle\"><\/i>                <\/div>\n            \n            \n        <\/div>\n            <div class=\"infobox-content eael-icon-only\">\n                    <div class=\"infobox-title-section\">\n                <h5 class=\"title\">Mehr zum Thema:<\/h5>            <\/div>\n            <div><p><a href=\"https:\/\/www.deutsche-glasfaser.de\/blog\/mobiles-arbeiten-erhoeht-die-attraktivitaet-von-kleinstaedten\/\"><strong>\u201eMobiles Arbeiten erh\u00f6ht die Attraktivit\u00e4t von Kleinst\u00e4dten\u201c \u2013 Interview mit Martin Hahn, Leiter des Bauamts der Stadt Wittenberge<\/strong><\/a>\u00a0<\/p><p><a href=\"https:\/\/www.deutsche-glasfaser.de\/blog\/neue-perspektiven-fuer-den-tourismus-mit-workation-mobil-im-urlaub-arbeiten\/\">Neue Perspektiven f\u00fcr den Tourismus: Mit Workation mobil im Urlaub arbeiten<\/a><\/p><p><a href=\"https:\/\/www.deutsche-glasfaser.de\/blog\/digitaler-zukunftsort-schloss-blumenfeld-soll-wieder-leuchten\/\">Digitaler Zukunftsort: Schloss Blumenfeld soll wieder leuchten<\/a><\/p><p><a href=\"https:\/\/www.deutsche-glasfaser.de\/blog\/vom-meeting-zum-gipfeltreffen-coworkationalps%EF%BF%BC\/\">Vom Meeting zum Gipfeltreffen: CoworkationALPS<\/a><\/p><p><a href=\"https:\/\/www.deutsche-glasfaser.de\/blog\/project-bay-auf-ruegen-innovatives-arbeiten-am-meer\/\">Project Bay auf R\u00fcgen \u2013 Innovatives Arbeiten am Meer<\/a><\/p><\/div>        <\/div>\n            <\/div>\n\n\t\t\t\t\t\t<\/div>\n\t\t\t\t<\/div>\n\t\t\t\t\t<\/div>\n\t\t<\/div>\n\t\t\t\t\t<\/div>\n\t\t<\/section>\n\t\t\t\t<\/div>\n\t\t","protected":false},"excerpt":{"rendered":"<p>Coworking Space, Community-Wohnungen, Gemeinschaft: Mit ihrem Angebot ziehen die Elblandwerker immer mehr Menschen an. Davon profitiert die brandenburgische Kleinstadt Wittenberge auf vielf\u00e4ltige Weise. Im Interview macht Christian Soult deutlich, was die Elblandwerker ausmacht.<\/p>\n","protected":false},"author":5,"featured_media":12656,"comment_status":"open","ping_status":"open","sticky":false,"template":"","format":"standard","meta":{"footnotes":""},"categories":[71],"tags":[],"class_list":["post-12621","post","type-post","status-publish","format-standard","has-post-thumbnail","hentry","category-gemeinschaft"],"yoast_head":"<!-- This site is optimized with the Yoast SEO plugin v27.5 - https:\/\/yoast.com\/product\/yoast-seo-wordpress\/ -->\n<title>Die Elblandwerker - Digitales B\u00fcrgernetz<\/title>\n<meta name=\"description\" content=\"Aus dem Projekt Summer of Pioneers sind die Elblandwerker hervorgegangen. Mit ihren Ideen setzt die Kooperative neue Impulse in der Kleinstadt Wittenberge.\" \/>\n<meta name=\"robots\" content=\"index, follow, max-snippet:-1, max-image-preview:large, max-video-preview:-1\" \/>\n<link rel=\"canonical\" href=\"https:\/\/www.deutsche-glasfaser.de\/blog\/leben-in-der-kleinstadt-die-elblandwerker-setzen-neue-impulse-in-wittenberge\/\" \/>\n<meta property=\"og:locale\" content=\"de_DE\" \/>\n<meta property=\"og:type\" content=\"article\" \/>\n<meta property=\"og:title\" content=\"Die Elblandwerker - Digitales B\u00fcrgernetz\" \/>\n<meta property=\"og:description\" content=\"Aus dem Projekt Summer of Pioneers sind die Elblandwerker hervorgegangen. Mit ihren Ideen setzt die Kooperative neue Impulse in der Kleinstadt Wittenberge.\" \/>\n<meta property=\"og:url\" content=\"https:\/\/www.deutsche-glasfaser.de\/blog\/leben-in-der-kleinstadt-die-elblandwerker-setzen-neue-impulse-in-wittenberge\/\" \/>\n<meta property=\"og:site_name\" content=\"Digitales B\u00fcrgernetz\" \/>\n<meta property=\"article:published_time\" content=\"2023-06-27T12:56:58+00:00\" \/>\n<meta property=\"article:modified_time\" content=\"2023-06-29T13:47:23+00:00\" \/>\n<meta property=\"og:image\" content=\"https:\/\/www.deutsche-glasfaser.de\/blog\/wp-content\/uploads\/2023\/06\/Titelbild_Christian20Soult_print_28c29Kobie20van20Rensburg_230627-scaled.jpg\" \/>\n\t<meta property=\"og:image:width\" content=\"2560\" \/>\n\t<meta property=\"og:image:height\" content=\"1203\" \/>\n\t<meta property=\"og:image:type\" content=\"image\/jpeg\" \/>\n<meta name=\"author\" content=\"Deutsche Glasfaser\" \/>\n<meta name=\"twitter:card\" content=\"summary_large_image\" \/>\n<meta name=\"twitter:label1\" content=\"Verfasst von\" \/>\n\t<meta name=\"twitter:data1\" content=\"Deutsche Glasfaser\" \/>\n\t<meta name=\"twitter:label2\" content=\"Gesch\u00e4tzte Lesezeit\" \/>\n\t<meta name=\"twitter:data2\" content=\"7\u00a0Minuten\" \/>\n<script type=\"application\/ld+json\" class=\"yoast-schema-graph\">{\"@context\":\"https:\\\/\\\/schema.org\",\"@graph\":[{\"@type\":\"Article\",\"@id\":\"https:\\\/\\\/www.deutsche-glasfaser.de\\\/blog\\\/leben-in-der-kleinstadt-die-elblandwerker-setzen-neue-impulse-in-wittenberge\\\/#article\",\"isPartOf\":{\"@id\":\"https:\\\/\\\/www.deutsche-glasfaser.de\\\/blog\\\/leben-in-der-kleinstadt-die-elblandwerker-setzen-neue-impulse-in-wittenberge\\\/\"},\"author\":{\"name\":\"Deutsche Glasfaser\",\"@id\":\"https:\\\/\\\/www.deutsche-glasfaser.de\\\/blog\\\/#\\\/schema\\\/person\\\/9380a6dc7443d77143d0c66c409f574b\"},\"headline\":\"Leben in der Kleinstadt: Die Elblandwerker setzen neue Impulse in Wittenberge\",\"datePublished\":\"2023-06-27T12:56:58+00:00\",\"dateModified\":\"2023-06-29T13:47:23+00:00\",\"mainEntityOfPage\":{\"@id\":\"https:\\\/\\\/www.deutsche-glasfaser.de\\\/blog\\\/leben-in-der-kleinstadt-die-elblandwerker-setzen-neue-impulse-in-wittenberge\\\/\"},\"wordCount\":1041,\"commentCount\":0,\"publisher\":{\"@id\":\"https:\\\/\\\/www.deutsche-glasfaser.de\\\/blog\\\/#organization\"},\"image\":{\"@id\":\"https:\\\/\\\/www.deutsche-glasfaser.de\\\/blog\\\/leben-in-der-kleinstadt-die-elblandwerker-setzen-neue-impulse-in-wittenberge\\\/#primaryimage\"},\"thumbnailUrl\":\"https:\\\/\\\/www.deutsche-glasfaser.de\\\/blog\\\/wp-content\\\/uploads\\\/2023\\\/06\\\/Titelbild_Christian20Soult_print_28c29Kobie20van20Rensburg_230627-scaled.jpg\",\"articleSection\":[\"#Gemeinschaft\"],\"inLanguage\":\"de\",\"potentialAction\":[{\"@type\":\"CommentAction\",\"name\":\"Comment\",\"target\":[\"https:\\\/\\\/www.deutsche-glasfaser.de\\\/blog\\\/leben-in-der-kleinstadt-die-elblandwerker-setzen-neue-impulse-in-wittenberge\\\/#respond\"]}]},{\"@type\":\"WebPage\",\"@id\":\"https:\\\/\\\/www.deutsche-glasfaser.de\\\/blog\\\/leben-in-der-kleinstadt-die-elblandwerker-setzen-neue-impulse-in-wittenberge\\\/\",\"url\":\"https:\\\/\\\/www.deutsche-glasfaser.de\\\/blog\\\/leben-in-der-kleinstadt-die-elblandwerker-setzen-neue-impulse-in-wittenberge\\\/\",\"name\":\"Die Elblandwerker - Digitales B\u00fcrgernetz\",\"isPartOf\":{\"@id\":\"https:\\\/\\\/www.deutsche-glasfaser.de\\\/blog\\\/#website\"},\"primaryImageOfPage\":{\"@id\":\"https:\\\/\\\/www.deutsche-glasfaser.de\\\/blog\\\/leben-in-der-kleinstadt-die-elblandwerker-setzen-neue-impulse-in-wittenberge\\\/#primaryimage\"},\"image\":{\"@id\":\"https:\\\/\\\/www.deutsche-glasfaser.de\\\/blog\\\/leben-in-der-kleinstadt-die-elblandwerker-setzen-neue-impulse-in-wittenberge\\\/#primaryimage\"},\"thumbnailUrl\":\"https:\\\/\\\/www.deutsche-glasfaser.de\\\/blog\\\/wp-content\\\/uploads\\\/2023\\\/06\\\/Titelbild_Christian20Soult_print_28c29Kobie20van20Rensburg_230627-scaled.jpg\",\"datePublished\":\"2023-06-27T12:56:58+00:00\",\"dateModified\":\"2023-06-29T13:47:23+00:00\",\"description\":\"Aus dem Projekt Summer of Pioneers sind die Elblandwerker hervorgegangen. Mit ihren Ideen setzt die Kooperative neue Impulse in der Kleinstadt Wittenberge.\",\"inLanguage\":\"de\",\"potentialAction\":[{\"@type\":\"ReadAction\",\"target\":[\"https:\\\/\\\/www.deutsche-glasfaser.de\\\/blog\\\/leben-in-der-kleinstadt-die-elblandwerker-setzen-neue-impulse-in-wittenberge\\\/\"]}]},{\"@type\":\"ImageObject\",\"inLanguage\":\"de\",\"@id\":\"https:\\\/\\\/www.deutsche-glasfaser.de\\\/blog\\\/leben-in-der-kleinstadt-die-elblandwerker-setzen-neue-impulse-in-wittenberge\\\/#primaryimage\",\"url\":\"https:\\\/\\\/www.deutsche-glasfaser.de\\\/blog\\\/wp-content\\\/uploads\\\/2023\\\/06\\\/Titelbild_Christian20Soult_print_28c29Kobie20van20Rensburg_230627-scaled.jpg\",\"contentUrl\":\"https:\\\/\\\/www.deutsche-glasfaser.de\\\/blog\\\/wp-content\\\/uploads\\\/2023\\\/06\\\/Titelbild_Christian20Soult_print_28c29Kobie20van20Rensburg_230627-scaled.jpg\",\"width\":2560,\"height\":1203},{\"@type\":\"WebSite\",\"@id\":\"https:\\\/\\\/www.deutsche-glasfaser.de\\\/blog\\\/#website\",\"url\":\"https:\\\/\\\/www.deutsche-glasfaser.de\\\/blog\\\/\",\"name\":\"Digitales B\u00fcrgernetz\",\"description\":\"Deutsche Glasfaser Blog\",\"publisher\":{\"@id\":\"https:\\\/\\\/www.deutsche-glasfaser.de\\\/blog\\\/#organization\"},\"potentialAction\":[{\"@type\":\"SearchAction\",\"target\":{\"@type\":\"EntryPoint\",\"urlTemplate\":\"https:\\\/\\\/www.deutsche-glasfaser.de\\\/blog\\\/?s={search_term_string}\"},\"query-input\":{\"@type\":\"PropertyValueSpecification\",\"valueRequired\":true,\"valueName\":\"search_term_string\"}}],\"inLanguage\":\"de\"},{\"@type\":\"Organization\",\"@id\":\"https:\\\/\\\/www.deutsche-glasfaser.de\\\/blog\\\/#organization\",\"name\":\"Digitales B\u00fcrgernetz\",\"url\":\"https:\\\/\\\/www.deutsche-glasfaser.de\\\/blog\\\/\",\"logo\":{\"@type\":\"ImageObject\",\"inLanguage\":\"de\",\"@id\":\"https:\\\/\\\/www.deutsche-glasfaser.de\\\/blog\\\/#\\\/schema\\\/logo\\\/image\\\/\",\"url\":\"https:\\\/\\\/www.deutsche-glasfaser.de\\\/blog\\\/wp-content\\\/uploads\\\/2021\\\/08\\\/DGF_Logo_Basis_RGB-Large@2x.png\",\"contentUrl\":\"https:\\\/\\\/www.deutsche-glasfaser.de\\\/blog\\\/wp-content\\\/uploads\\\/2021\\\/08\\\/DGF_Logo_Basis_RGB-Large@2x.png\",\"width\":312,\"height\":104,\"caption\":\"Digitales B\u00fcrgernetz\"},\"image\":{\"@id\":\"https:\\\/\\\/www.deutsche-glasfaser.de\\\/blog\\\/#\\\/schema\\\/logo\\\/image\\\/\"}},{\"@type\":\"Person\",\"@id\":\"https:\\\/\\\/www.deutsche-glasfaser.de\\\/blog\\\/#\\\/schema\\\/person\\\/9380a6dc7443d77143d0c66c409f574b\",\"name\":\"Deutsche Glasfaser\"}]}<\/script>\n<!-- \/ Yoast SEO plugin. -->","yoast_head_json":{"title":"Die Elblandwerker - Digitales B\u00fcrgernetz","description":"Aus dem Projekt Summer of Pioneers sind die Elblandwerker hervorgegangen. Mit ihren Ideen setzt die Kooperative neue Impulse in der Kleinstadt Wittenberge.","robots":{"index":"index","follow":"follow","max-snippet":"max-snippet:-1","max-image-preview":"max-image-preview:large","max-video-preview":"max-video-preview:-1"},"canonical":"https:\/\/www.deutsche-glasfaser.de\/blog\/leben-in-der-kleinstadt-die-elblandwerker-setzen-neue-impulse-in-wittenberge\/","og_locale":"de_DE","og_type":"article","og_title":"Die Elblandwerker - Digitales B\u00fcrgernetz","og_description":"Aus dem Projekt Summer of Pioneers sind die Elblandwerker hervorgegangen. Mit ihren Ideen setzt die Kooperative neue Impulse in der Kleinstadt Wittenberge.","og_url":"https:\/\/www.deutsche-glasfaser.de\/blog\/leben-in-der-kleinstadt-die-elblandwerker-setzen-neue-impulse-in-wittenberge\/","og_site_name":"Digitales B\u00fcrgernetz","article_published_time":"2023-06-27T12:56:58+00:00","article_modified_time":"2023-06-29T13:47:23+00:00","og_image":[{"width":2560,"height":1203,"url":"https:\/\/www.deutsche-glasfaser.de\/blog\/wp-content\/uploads\/2023\/06\/Titelbild_Christian20Soult_print_28c29Kobie20van20Rensburg_230627-scaled.jpg","type":"image\/jpeg"}],"author":"Deutsche Glasfaser","twitter_card":"summary_large_image","twitter_misc":{"Verfasst von":"Deutsche Glasfaser","Gesch\u00e4tzte Lesezeit":"7\u00a0Minuten"},"schema":{"@context":"https:\/\/schema.org","@graph":[{"@type":"Article","@id":"https:\/\/www.deutsche-glasfaser.de\/blog\/leben-in-der-kleinstadt-die-elblandwerker-setzen-neue-impulse-in-wittenberge\/#article","isPartOf":{"@id":"https:\/\/www.deutsche-glasfaser.de\/blog\/leben-in-der-kleinstadt-die-elblandwerker-setzen-neue-impulse-in-wittenberge\/"},"author":{"name":"Deutsche Glasfaser","@id":"https:\/\/www.deutsche-glasfaser.de\/blog\/#\/schema\/person\/9380a6dc7443d77143d0c66c409f574b"},"headline":"Leben in der Kleinstadt: Die Elblandwerker setzen neue Impulse in Wittenberge","datePublished":"2023-06-27T12:56:58+00:00","dateModified":"2023-06-29T13:47:23+00:00","mainEntityOfPage":{"@id":"https:\/\/www.deutsche-glasfaser.de\/blog\/leben-in-der-kleinstadt-die-elblandwerker-setzen-neue-impulse-in-wittenberge\/"},"wordCount":1041,"commentCount":0,"publisher":{"@id":"https:\/\/www.deutsche-glasfaser.de\/blog\/#organization"},"image":{"@id":"https:\/\/www.deutsche-glasfaser.de\/blog\/leben-in-der-kleinstadt-die-elblandwerker-setzen-neue-impulse-in-wittenberge\/#primaryimage"},"thumbnailUrl":"https:\/\/www.deutsche-glasfaser.de\/blog\/wp-content\/uploads\/2023\/06\/Titelbild_Christian20Soult_print_28c29Kobie20van20Rensburg_230627-scaled.jpg","articleSection":["#Gemeinschaft"],"inLanguage":"de","potentialAction":[{"@type":"CommentAction","name":"Comment","target":["https:\/\/www.deutsche-glasfaser.de\/blog\/leben-in-der-kleinstadt-die-elblandwerker-setzen-neue-impulse-in-wittenberge\/#respond"]}]},{"@type":"WebPage","@id":"https:\/\/www.deutsche-glasfaser.de\/blog\/leben-in-der-kleinstadt-die-elblandwerker-setzen-neue-impulse-in-wittenberge\/","url":"https:\/\/www.deutsche-glasfaser.de\/blog\/leben-in-der-kleinstadt-die-elblandwerker-setzen-neue-impulse-in-wittenberge\/","name":"Die Elblandwerker - Digitales B\u00fcrgernetz","isPartOf":{"@id":"https:\/\/www.deutsche-glasfaser.de\/blog\/#website"},"primaryImageOfPage":{"@id":"https:\/\/www.deutsche-glasfaser.de\/blog\/leben-in-der-kleinstadt-die-elblandwerker-setzen-neue-impulse-in-wittenberge\/#primaryimage"},"image":{"@id":"https:\/\/www.deutsche-glasfaser.de\/blog\/leben-in-der-kleinstadt-die-elblandwerker-setzen-neue-impulse-in-wittenberge\/#primaryimage"},"thumbnailUrl":"https:\/\/www.deutsche-glasfaser.de\/blog\/wp-content\/uploads\/2023\/06\/Titelbild_Christian20Soult_print_28c29Kobie20van20Rensburg_230627-scaled.jpg","datePublished":"2023-06-27T12:56:58+00:00","dateModified":"2023-06-29T13:47:23+00:00","description":"Aus dem Projekt Summer of Pioneers sind die Elblandwerker hervorgegangen. Mit ihren Ideen setzt die Kooperative neue Impulse in der Kleinstadt Wittenberge.","inLanguage":"de","potentialAction":[{"@type":"ReadAction","target":["https:\/\/www.deutsche-glasfaser.de\/blog\/leben-in-der-kleinstadt-die-elblandwerker-setzen-neue-impulse-in-wittenberge\/"]}]},{"@type":"ImageObject","inLanguage":"de","@id":"https:\/\/www.deutsche-glasfaser.de\/blog\/leben-in-der-kleinstadt-die-elblandwerker-setzen-neue-impulse-in-wittenberge\/#primaryimage","url":"https:\/\/www.deutsche-glasfaser.de\/blog\/wp-content\/uploads\/2023\/06\/Titelbild_Christian20Soult_print_28c29Kobie20van20Rensburg_230627-scaled.jpg","contentUrl":"https:\/\/www.deutsche-glasfaser.de\/blog\/wp-content\/uploads\/2023\/06\/Titelbild_Christian20Soult_print_28c29Kobie20van20Rensburg_230627-scaled.jpg","width":2560,"height":1203},{"@type":"WebSite","@id":"https:\/\/www.deutsche-glasfaser.de\/blog\/#website","url":"https:\/\/www.deutsche-glasfaser.de\/blog\/","name":"Digitales B\u00fcrgernetz","description":"Deutsche Glasfaser Blog","publisher":{"@id":"https:\/\/www.deutsche-glasfaser.de\/blog\/#organization"},"potentialAction":[{"@type":"SearchAction","target":{"@type":"EntryPoint","urlTemplate":"https:\/\/www.deutsche-glasfaser.de\/blog\/?s={search_term_string}"},"query-input":{"@type":"PropertyValueSpecification","valueRequired":true,"valueName":"search_term_string"}}],"inLanguage":"de"},{"@type":"Organization","@id":"https:\/\/www.deutsche-glasfaser.de\/blog\/#organization","name":"Digitales B\u00fcrgernetz","url":"https:\/\/www.deutsche-glasfaser.de\/blog\/","logo":{"@type":"ImageObject","inLanguage":"de","@id":"https:\/\/www.deutsche-glasfaser.de\/blog\/#\/schema\/logo\/image\/","url":"https:\/\/www.deutsche-glasfaser.de\/blog\/wp-content\/uploads\/2021\/08\/DGF_Logo_Basis_RGB-Large@2x.png","contentUrl":"https:\/\/www.deutsche-glasfaser.de\/blog\/wp-content\/uploads\/2021\/08\/DGF_Logo_Basis_RGB-Large@2x.png","width":312,"height":104,"caption":"Digitales B\u00fcrgernetz"},"image":{"@id":"https:\/\/www.deutsche-glasfaser.de\/blog\/#\/schema\/logo\/image\/"}},{"@type":"Person","@id":"https:\/\/www.deutsche-glasfaser.de\/blog\/#\/schema\/person\/9380a6dc7443d77143d0c66c409f574b","name":"Deutsche Glasfaser"}]}},"_links":{"self":[{"href":"https:\/\/www.deutsche-glasfaser.de\/blog\/wp-json\/wp\/v2\/posts\/12621","targetHints":{"allow":["GET"]}}],"collection":[{"href":"https:\/\/www.deutsche-glasfaser.de\/blog\/wp-json\/wp\/v2\/posts"}],"about":[{"href":"https:\/\/www.deutsche-glasfaser.de\/blog\/wp-json\/wp\/v2\/types\/post"}],"author":[{"embeddable":true,"href":"https:\/\/www.deutsche-glasfaser.de\/blog\/wp-json\/wp\/v2\/users\/5"}],"replies":[{"embeddable":true,"href":"https:\/\/www.deutsche-glasfaser.de\/blog\/wp-json\/wp\/v2\/comments?post=12621"}],"version-history":[{"count":24,"href":"https:\/\/www.deutsche-glasfaser.de\/blog\/wp-json\/wp\/v2\/posts\/12621\/revisions"}],"predecessor-version":[{"id":12660,"href":"https:\/\/www.deutsche-glasfaser.de\/blog\/wp-json\/wp\/v2\/posts\/12621\/revisions\/12660"}],"wp:featuredmedia":[{"embeddable":true,"href":"https:\/\/www.deutsche-glasfaser.de\/blog\/wp-json\/wp\/v2\/media\/12656"}],"wp:attachment":[{"href":"https:\/\/www.deutsche-glasfaser.de\/blog\/wp-json\/wp\/v2\/media?parent=12621"}],"wp:term":[{"taxonomy":"category","embeddable":true,"href":"https:\/\/www.deutsche-glasfaser.de\/blog\/wp-json\/wp\/v2\/categories?post=12621"},{"taxonomy":"post_tag","embeddable":true,"href":"https:\/\/www.deutsche-glasfaser.de\/blog\/wp-json\/wp\/v2\/tags?post=12621"}],"curies":[{"name":"wp","href":"https:\/\/api.w.org\/{rel}","templated":true}]}}