{"id":12444,"date":"2023-06-06T17:01:39","date_gmt":"2023-06-06T15:01:39","guid":{"rendered":"https:\/\/www.deutsche-glasfaser.de\/blog\/?p=12444"},"modified":"2023-06-09T08:57:10","modified_gmt":"2023-06-09T06:57:10","slug":"ehrenamtliches-engagement-die-digitalisierung-kann-helfen-last-von-den-schultern-einzelner-zu-nehmen","status":"publish","type":"post","link":"https:\/\/www.deutsche-glasfaser.de\/blog\/ehrenamtliches-engagement-die-digitalisierung-kann-helfen-last-von-den-schultern-einzelner-zu-nehmen\/","title":{"rendered":"Ehrenamtliches Engagement: \u201eDie Digitalisierung kann helfen, Last von den Schultern Einzelner zu nehmen.\u201c"},"content":{"rendered":"\t\t<div data-elementor-type=\"wp-post\" data-elementor-id=\"12444\" class=\"elementor elementor-12444\">\n\t\t\t\t\t\t<section class=\"elementor-section elementor-top-section elementor-element elementor-element-00a36ed elementor-section-boxed elementor-section-height-default elementor-section-height-default\" data-id=\"00a36ed\" data-element_type=\"section\" data-e-type=\"section\">\n\t\t\t\t\t\t<div class=\"elementor-container elementor-column-gap-default\">\n\t\t\t\t\t<div class=\"elementor-column elementor-col-100 elementor-top-column elementor-element elementor-element-48217a9\" data-id=\"48217a9\" data-element_type=\"column\" data-e-type=\"column\">\n\t\t\t<div class=\"elementor-widget-wrap elementor-element-populated\">\n\t\t\t\t\t\t<div class=\"elementor-element elementor-element-39f1ec2 elementor-widget elementor-widget-text-editor\" data-id=\"39f1ec2\" data-element_type=\"widget\" data-e-type=\"widget\" data-widget_type=\"text-editor.default\">\n\t\t\t\t<div class=\"elementor-widget-container\">\n\t\t\t\t\t\t\t\t\t<p>Projektreferent Bj\u00f6rn Kuhlenkamp von der Stiftung Digitale Chancen ist erster Ansprechpartner vor Ort f\u00fcr das Projekt \u201eMoiN \u2013 Miteinander online im Norden.\u201c <br \/>\u00a9 Stiftung Digitale Chancen<\/p>\t\t\t\t\t\t\t\t<\/div>\n\t\t\t\t<\/div>\n\t\t\t\t\t<\/div>\n\t\t<\/div>\n\t\t\t\t\t<\/div>\n\t\t<\/section>\n\t\t\t\t<section class=\"elementor-section elementor-top-section elementor-element elementor-element-9460b6f elementor-section-boxed elementor-section-height-default elementor-section-height-default\" data-id=\"9460b6f\" data-element_type=\"section\" data-e-type=\"section\">\n\t\t\t\t\t\t<div class=\"elementor-container elementor-column-gap-default\">\n\t\t\t\t\t<div class=\"elementor-column elementor-col-100 elementor-top-column elementor-element elementor-element-5e48f99\" data-id=\"5e48f99\" data-element_type=\"column\" data-e-type=\"column\">\n\t\t\t<div class=\"elementor-widget-wrap elementor-element-populated\">\n\t\t\t\t\t\t<div class=\"elementor-element elementor-element-7a5b660 elementor-widget elementor-widget-text-editor\" data-id=\"7a5b660\" data-element_type=\"widget\" data-e-type=\"widget\" data-widget_type=\"text-editor.default\">\n\t\t\t\t<div class=\"elementor-widget-container\">\n\t\t\t\t\t\t\t\t\t<p>Das soziale Ehrenamt und b\u00fcrgerschaftliches Engagement leisten einen wichtigen Beitrag zum Zusammenhalt der Gesellschaft in Deutschland, in Verb\u00e4nden wie der Arbeiterwohlfahrt (AWO) spielt beides eine zentrale Rolle. So wird die aktive Sozialarbeit in der AWO gemeinsam von ehrenamtlich Engagierten, Mitgliedern und hauptamtlichen Mitarbeitenden getragen. Wichtiges Anliegen der AWO ist es, alle engagierten Gruppen bestm\u00f6glich zu unterst\u00fctzen. Der <a href=\"https:\/\/www.awo-sh.de\/main\/verband\/digitale-bildung\/\"><strong>Landesverband Schleswig-Holstein<\/strong><\/a> tut dies zum Beispiel gemeinsam mit der <a href=\"https:\/\/www.digitale-chancen.de\/unsere-arbeit\/projekte\/detail\/moin-miteinander-online-im-norden\"><strong>Stiftung Digitale Chancen<\/strong><\/a> im Rahmen des Projekts \u201eMoiN \u2013 Miteinander online im Norden\u201c. Ziel des Projektes ist es, digitale M\u00f6glichkeiten zu nutzen, um ehrenamtliches Engagement und b\u00fcrgerschaftliche Beteiligung in der AWO Schleswig-Holstein zu st\u00e4rken. Bj\u00f6rn Kuhlenkamp von der Stiftung Digitale Chancen begleitet das Projekt.<\/p>\t\t\t\t\t\t\t\t<\/div>\n\t\t\t\t<\/div>\n\t\t\t\t<div class=\"elementor-element elementor-element-5e45917 elementor-widget elementor-widget-spacer\" data-id=\"5e45917\" data-element_type=\"widget\" data-e-type=\"widget\" data-widget_type=\"spacer.default\">\n\t\t\t\t<div class=\"elementor-widget-container\">\n\t\t\t\t\t\t\t<div class=\"elementor-spacer\">\n\t\t\t<div class=\"elementor-spacer-inner\"><\/div>\n\t\t<\/div>\n\t\t\t\t\t\t<\/div>\n\t\t\t\t<\/div>\n\t\t\t\t<div class=\"elementor-element elementor-element-0fd56ca elementor-widget elementor-widget-text-editor\" data-id=\"0fd56ca\" data-element_type=\"widget\" data-e-type=\"widget\" data-widget_type=\"text-editor.default\">\n\t\t\t\t<div class=\"elementor-widget-container\">\n\t\t\t\t\t\t\t\t\t<p><strong>Herr Kuhlenkamp, k\u00f6nnen Sie kurz erz\u00e4hlen, wie die Idee zu MoiN entstanden ist?<\/strong><\/p>\t\t\t\t\t\t\t\t<\/div>\n\t\t\t\t<\/div>\n\t\t\t\t<div class=\"elementor-element elementor-element-847bd32 elementor-widget elementor-widget-text-editor\" data-id=\"847bd32\" data-element_type=\"widget\" data-e-type=\"widget\" data-widget_type=\"text-editor.default\">\n\t\t\t\t<div class=\"elementor-widget-container\">\n\t\t\t\t\t\t\t\t\t<p>Selbstverst\u00e4ndlich. Die AWO Schleswig-Holstein hat sich das Ziel gesetzt, digitale Beteiligungsstrukturen f\u00fcr die Mitglieder zu schaffen, auch Wahlen sollen perspektivisch online durchgef\u00fchrt werden. Die Mitglieder sind allerdings im Schnitt \u00e4lter als 70 Jahre, das hei\u00dft: Sie sind nicht mit der Digitalisierung aufgewachsen. Deshalb ist es wichtig, diese Menschen online erst einmal abzuholen. Vor diesem Hintergrund ist das Projekt \u201eMoiN \u2013 Miteinander online im Norden\u201c entstanden.<\/p><p>Letztendlich geht es uns darum, den ganzen Landesverband digitaler aufzustellen. Wir haben verschiedene Digitalisierungsangebote entwickelt, um Mitglieder und Ehrenamtliche enger zu vernetzen, ihr Engagement zu f\u00f6rdern und zu st\u00e4rken und ihnen Beteiligung zu erm\u00f6glichen. Auch f\u00fcr Hauptamtliche haben wir passende Angebote.<\/p>\t\t\t\t\t\t\t\t<\/div>\n\t\t\t\t<\/div>\n\t\t\t\t<div class=\"elementor-element elementor-element-455ac2c elementor-widget elementor-widget-spacer\" data-id=\"455ac2c\" data-element_type=\"widget\" data-e-type=\"widget\" data-widget_type=\"spacer.default\">\n\t\t\t\t<div class=\"elementor-widget-container\">\n\t\t\t\t\t\t\t<div class=\"elementor-spacer\">\n\t\t\t<div class=\"elementor-spacer-inner\"><\/div>\n\t\t<\/div>\n\t\t\t\t\t\t<\/div>\n\t\t\t\t<\/div>\n\t\t\t\t<div class=\"elementor-element elementor-element-4137204 elementor-widget elementor-widget-image\" data-id=\"4137204\" data-element_type=\"widget\" data-e-type=\"widget\" data-widget_type=\"image.default\">\n\t\t\t\t<div class=\"elementor-widget-container\">\n\t\t\t\t\t\t\t\t\t\t\t\t<figure class=\"wp-caption\">\n\t\t\t\t\t\t\t\t\t\t<img fetchpriority=\"high\" decoding=\"async\" width=\"768\" height=\"576\" src=\"https:\/\/www.deutsche-glasfaser.de\/blog\/wp-content\/uploads\/2023\/05\/Beitragsbild_1_Verbandsbericht_2-768x576.jpg\" class=\"attachment-medium_large size-medium_large wp-image-12448\" alt=\"Drei Menschen vor Tablets an einem Tisch.\" srcset=\"https:\/\/www.deutsche-glasfaser.de\/blog\/wp-content\/uploads\/2023\/05\/Beitragsbild_1_Verbandsbericht_2-768x576.jpg 768w, https:\/\/www.deutsche-glasfaser.de\/blog\/wp-content\/uploads\/2023\/05\/Beitragsbild_1_Verbandsbericht_2-300x225.jpg 300w, https:\/\/www.deutsche-glasfaser.de\/blog\/wp-content\/uploads\/2023\/05\/Beitragsbild_1_Verbandsbericht_2-1024x768.jpg 1024w, https:\/\/www.deutsche-glasfaser.de\/blog\/wp-content\/uploads\/2023\/05\/Beitragsbild_1_Verbandsbericht_2-1536x1152.jpg 1536w, https:\/\/www.deutsche-glasfaser.de\/blog\/wp-content\/uploads\/2023\/05\/Beitragsbild_1_Verbandsbericht_2-2048x1536.jpg 2048w\" sizes=\"(max-width: 768px) 100vw, 768px\" \/>\t\t\t\t\t\t\t\t\t\t\t<figcaption class=\"widget-image-caption wp-caption-text\">Mitglieder und Ehrenamtliche des AWO-Landesverbands Schleswig-Holstein sind im Schnitt \u00e4lter als 70. Viele haben noch wenig Erfahrung mit digitalen Werkzeugen. \u00a9 Stiftung Digitale Chancen<\/figcaption>\n\t\t\t\t\t\t\t\t\t\t<\/figure>\n\t\t\t\t\t\t\t\t\t<\/div>\n\t\t\t\t<\/div>\n\t\t\t\t<div class=\"elementor-element elementor-element-fa45afc elementor-widget elementor-widget-spacer\" data-id=\"fa45afc\" data-element_type=\"widget\" data-e-type=\"widget\" data-widget_type=\"spacer.default\">\n\t\t\t\t<div class=\"elementor-widget-container\">\n\t\t\t\t\t\t\t<div class=\"elementor-spacer\">\n\t\t\t<div class=\"elementor-spacer-inner\"><\/div>\n\t\t<\/div>\n\t\t\t\t\t\t<\/div>\n\t\t\t\t<\/div>\n\t\t\t\t<div class=\"elementor-element elementor-element-93ff3eb elementor-widget elementor-widget-text-editor\" data-id=\"93ff3eb\" data-element_type=\"widget\" data-e-type=\"widget\" data-widget_type=\"text-editor.default\">\n\t\t\t\t<div class=\"elementor-widget-container\">\n\t\t\t\t\t\t\t\t\t<p><strong>Wie digital ist die AWO bisher?<\/strong><\/p>\t\t\t\t\t\t\t\t<\/div>\n\t\t\t\t<\/div>\n\t\t\t\t<div class=\"elementor-element elementor-element-6756876 elementor-widget elementor-widget-text-editor\" data-id=\"6756876\" data-element_type=\"widget\" data-e-type=\"widget\" data-widget_type=\"text-editor.default\">\n\t\t\t\t<div class=\"elementor-widget-container\">\n\t\t\t\t\t\t\t\t\t<p>Das ist sehr unterschiedlich. Es gibt im Bundeverband schon l\u00e4nger sehr spannende Bestrebungen zur Digitalisierung, die teilweise schon sehr fortgeschritten sind. Im Landesverband muss man zwischen Haupt- und Ehrenamt trennen. W\u00e4hrend das Hauptamt schon digital arbeitet, ist das Ehrenamt gro\u00dfenteils noch analog gepr\u00e4gt. Genau wie bei den Mitgliedern, haben wir es bei den Engagierten mit Menschen zu tun, die im Schnitt jenseits der 70 sind. Wobei der Wissenstand in puncto Digitalisierung unterschiedlich ist. Lassen Sie mich ein Beispiel geben: Wenn eine Vorstandsitzung in einem Ortsverein ansteht, l\u00e4dt der oder die Vorsitzende dazu ein. Manche der Vorstandskolleg:innen sind per E-Mail zu erreichen, manche nicht. Da kommt die Einladung dann per Post oder die Vorsitzende wirft sie direkt in den Briefkasten. Das ist in der Zusammenarbeit nicht immer ganz einfach.<\/p><p>Das Beispiel zeigt auch, wo wir stehen: Wenn einige Menschen nicht per E-Mail zu erreichen sind, m\u00fcssen unsere Angebote sehr grundlegende sein.<\/p>\t\t\t\t\t\t\t\t<\/div>\n\t\t\t\t<\/div>\n\t\t\t\t<div class=\"elementor-element elementor-element-1ea2b54 elementor-widget elementor-widget-spacer\" data-id=\"1ea2b54\" data-element_type=\"widget\" data-e-type=\"widget\" data-widget_type=\"spacer.default\">\n\t\t\t\t<div class=\"elementor-widget-container\">\n\t\t\t\t\t\t\t<div class=\"elementor-spacer\">\n\t\t\t<div class=\"elementor-spacer-inner\"><\/div>\n\t\t<\/div>\n\t\t\t\t\t\t<\/div>\n\t\t\t\t<\/div>\n\t\t\t\t<div class=\"elementor-element elementor-element-7f92385 elementor-widget elementor-widget-text-editor\" data-id=\"7f92385\" data-element_type=\"widget\" data-e-type=\"widget\" data-widget_type=\"text-editor.default\">\n\t\t\t\t<div class=\"elementor-widget-container\">\n\t\t\t\t\t\t\t\t\t<p><strong>Apropos Angebote: Wie sehen diese konkret aus?<\/strong><\/p>\t\t\t\t\t\t\t\t<\/div>\n\t\t\t\t<\/div>\n\t\t\t\t<div class=\"elementor-element elementor-element-334cf7e elementor-widget elementor-widget-text-editor\" data-id=\"334cf7e\" data-element_type=\"widget\" data-e-type=\"widget\" data-widget_type=\"text-editor.default\">\n\t\t\t\t<div class=\"elementor-widget-container\">\n\t\t\t\t\t\t\t\t\t<p>Wir setzen auf verschiedenen Ebenen an. F\u00fcr die Mitglieder gibt es zum Beispiel das \u201eSchnupperangebot \u2013 Smartphone, Tablet und das Internet f\u00fcr Senior:innen\u201c. Bei diesem Angebot geht es darum, dass die Teilnehmenden einen Einstieg in die digitale Welt finden. Wir stellen Nutzungsm\u00f6glichkeiten vor, die den Alltag erleichtern, machen Mut und nehmen \u00c4ngste, indem wir M\u00f6glichkeiten zum Ausprobieren geben.<\/p><p>Damit vor Ort weiterf\u00fchrende Kurse stattfinden k\u00f6nnen, f\u00fcr die das Projektteam keine Kapazit\u00e4ten hat, haben wir ein Fortbildungsangebot entwickelt: Die \u201eDigital-Lots:innen-Schulung\u201c. Sie richtet sich an Haupt- oder Ehrenamtliche und soll ihnen erm\u00f6glichen, anderen Menschen digitale Kompetenzen zu vermitteln. Wir gehen in der Schulung zum Beispiel der Frage nach, wie man herausfindet, welche Bedarfe die Menschen vor Ort haben. Letztendlich wollen wir mit diesem Angebot Strukturen schaffen, die auch dann Bestand haben, wenn das Projekt Ende Dezember 2024 ausl\u00e4uft.<\/p><p>Bei unseren Schulungen f\u00fcr Hauptamtliche geht es vor allem um Methoden zur digitalen Zusammenarbeit: Serverstrukturen, wie man Dokumente abspeichert oder wie man gleichzeitig an verschiedenen Dokumenten arbeitet, ohne die \u00c4nderungen anderer Mitarbeiter:innen zu \u00fcberschreiben.<\/p><p>Parallel zu den Schulungen beraten wir Orts- und Kreisverb\u00e4nde, die noch gar nicht wissen, was sie eigentlich brauchen.<\/p>\t\t\t\t\t\t\t\t<\/div>\n\t\t\t\t<\/div>\n\t\t\t\t<div class=\"elementor-element elementor-element-a2675d5 elementor-widget elementor-widget-spacer\" data-id=\"a2675d5\" data-element_type=\"widget\" data-e-type=\"widget\" data-widget_type=\"spacer.default\">\n\t\t\t\t<div class=\"elementor-widget-container\">\n\t\t\t\t\t\t\t<div class=\"elementor-spacer\">\n\t\t\t<div class=\"elementor-spacer-inner\"><\/div>\n\t\t<\/div>\n\t\t\t\t\t\t<\/div>\n\t\t\t\t<\/div>\n\t\t\t\t<div class=\"elementor-element elementor-element-307a319 elementor-widget elementor-widget-image\" data-id=\"307a319\" data-element_type=\"widget\" data-e-type=\"widget\" data-widget_type=\"image.default\">\n\t\t\t\t<div class=\"elementor-widget-container\">\n\t\t\t\t\t\t\t\t\t\t\t\t<figure class=\"wp-caption\">\n\t\t\t\t\t\t\t\t\t\t<img decoding=\"async\" width=\"768\" height=\"576\" src=\"https:\/\/www.deutsche-glasfaser.de\/blog\/wp-content\/uploads\/2023\/05\/Beitragsbild_2_IMG_1284-768x576.jpg\" class=\"attachment-medium_large size-medium_large wp-image-12445\" alt=\"Seniorin und Senior sitzen vor Tablets an einem Tisch.\" srcset=\"https:\/\/www.deutsche-glasfaser.de\/blog\/wp-content\/uploads\/2023\/05\/Beitragsbild_2_IMG_1284-768x576.jpg 768w, https:\/\/www.deutsche-glasfaser.de\/blog\/wp-content\/uploads\/2023\/05\/Beitragsbild_2_IMG_1284-300x225.jpg 300w, https:\/\/www.deutsche-glasfaser.de\/blog\/wp-content\/uploads\/2023\/05\/Beitragsbild_2_IMG_1284-1024x768.jpg 1024w, https:\/\/www.deutsche-glasfaser.de\/blog\/wp-content\/uploads\/2023\/05\/Beitragsbild_2_IMG_1284-1536x1152.jpg 1536w, https:\/\/www.deutsche-glasfaser.de\/blog\/wp-content\/uploads\/2023\/05\/Beitragsbild_2_IMG_1284-2048x1536.jpg 2048w\" sizes=\"(max-width: 768px) 100vw, 768px\" \/>\t\t\t\t\t\t\t\t\t\t\t<figcaption class=\"widget-image-caption wp-caption-text\">Das \u201eSchnupperangebot \u2013 Smartphone, Tablet und das Internet f\u00fcr Senior:innen\u201c m\u00f6chte \u00e4lteren Menschen den Einstieg in die digitale Welt leichter machen. \u00a9 Stiftung Digitale Chancen<\/figcaption>\n\t\t\t\t\t\t\t\t\t\t<\/figure>\n\t\t\t\t\t\t\t\t\t<\/div>\n\t\t\t\t<\/div>\n\t\t\t\t<div class=\"elementor-element elementor-element-7c2090b elementor-widget elementor-widget-spacer\" data-id=\"7c2090b\" data-element_type=\"widget\" data-e-type=\"widget\" data-widget_type=\"spacer.default\">\n\t\t\t\t<div class=\"elementor-widget-container\">\n\t\t\t\t\t\t\t<div class=\"elementor-spacer\">\n\t\t\t<div class=\"elementor-spacer-inner\"><\/div>\n\t\t<\/div>\n\t\t\t\t\t\t<\/div>\n\t\t\t\t<\/div>\n\t\t\t\t<div class=\"elementor-element elementor-element-319af42 elementor-widget elementor-widget-text-editor\" data-id=\"319af42\" data-element_type=\"widget\" data-e-type=\"widget\" data-widget_type=\"text-editor.default\">\n\t\t\t\t<div class=\"elementor-widget-container\">\n\t\t\t\t\t\t\t\t\t<p><strong>Sie sprachen davon, dass mit dem Projekt das ehrenamtliche Engagement gest\u00e4rkt werden soll. Wie kann die Digitalisierung konkret dabei helfen, dieses Ziel zu erreichen?<\/strong><\/p>\t\t\t\t\t\t\t\t<\/div>\n\t\t\t\t<\/div>\n\t\t\t\t<div class=\"elementor-element elementor-element-e1e13de elementor-widget elementor-widget-text-editor\" data-id=\"e1e13de\" data-element_type=\"widget\" data-e-type=\"widget\" data-widget_type=\"text-editor.default\">\n\t\t\t\t<div class=\"elementor-widget-container\">\n\t\t\t\t\t\t\t\t\t<p>Zu unserem Angebot geh\u00f6rt ein Grundkurs \u201eDigitales Ehrenamt\u201c. Hintergrund ist, dass es immer schwieriger wird, Ehrenamtliche zu gewinnen. Zudem m\u00f6chten sich immer weniger Menschen an eine Organisation binden, sie ziehen es vor, projektgebunden aktiv zu sein. Die Folge ist, dass mehr Last auf den Schultern Einzelner liegt. Die Digitalisierung kann hier einen gro\u00dfen Beitrag zu einer besseren Selbstorganisation leisten: Zum Beispiel mit digitalen Kalendern, Erinnerungen und Notizen, die man auf allen verwendeten Ger\u00e4ten wiederfindet. Und selbstverst\u00e4ndlich hilft die Digitalisierung auch Ehrenamtsgruppen, sich zu organisieren. Mithilfe digitaler Tools k\u00f6nnen sie sich zeit- und ortunabh\u00e4ngig austauschen. So lassen sich Arbeits- und Abstimmungsprozesse vereinfachen und Treffen vor Ort reduzieren. F\u00fcr diejenigen, die die entsprechenden Anwendungen nicht kennen oder Hemmungen haben, sie zu nutzen, bieten wir diese Ehrenamtsfortbildung an. So wollen wir das Engagement vor Ort st\u00e4rken und das Ehrenamt attraktiver machen. Kurz gesagt kann die Digitalisierung helfen, Last von den Schultern Einzelner zu nehmen.<\/p>\t\t\t\t\t\t\t\t<\/div>\n\t\t\t\t<\/div>\n\t\t\t\t<div class=\"elementor-element elementor-element-68fce7f elementor-widget elementor-widget-spacer\" data-id=\"68fce7f\" data-element_type=\"widget\" data-e-type=\"widget\" data-widget_type=\"spacer.default\">\n\t\t\t\t<div class=\"elementor-widget-container\">\n\t\t\t\t\t\t\t<div class=\"elementor-spacer\">\n\t\t\t<div class=\"elementor-spacer-inner\"><\/div>\n\t\t<\/div>\n\t\t\t\t\t\t<\/div>\n\t\t\t\t<\/div>\n\t\t\t\t<div class=\"elementor-element elementor-element-b7f4d9c elementor-widget elementor-widget-image\" data-id=\"b7f4d9c\" data-element_type=\"widget\" data-e-type=\"widget\" data-widget_type=\"image.default\">\n\t\t\t\t<div class=\"elementor-widget-container\">\n\t\t\t\t\t\t\t\t\t\t\t\t<figure class=\"wp-caption\">\n\t\t\t\t\t\t\t\t\t\t<img decoding=\"async\" width=\"640\" height=\"387\" src=\"https:\/\/www.deutsche-glasfaser.de\/blog\/wp-content\/uploads\/2023\/05\/Beitragsbild_3_2022-08-22_MoiN_OVKonferenz_3.jpg\" class=\"attachment-medium_large size-medium_large wp-image-12447\" alt=\"Gruppe von Menschen rund um einen Tisch bei einer Besprechung.\" srcset=\"https:\/\/www.deutsche-glasfaser.de\/blog\/wp-content\/uploads\/2023\/05\/Beitragsbild_3_2022-08-22_MoiN_OVKonferenz_3.jpg 640w, https:\/\/www.deutsche-glasfaser.de\/blog\/wp-content\/uploads\/2023\/05\/Beitragsbild_3_2022-08-22_MoiN_OVKonferenz_3-300x181.jpg 300w\" sizes=\"(max-width: 640px) 100vw, 640px\" \/>\t\t\t\t\t\t\t\t\t\t\t<figcaption class=\"widget-image-caption wp-caption-text\">Es gibt viele digitale Werkzeuge, die Gruppen dabei helfen, sich zu organisieren. So muss nicht jedes Treffen vor Ort stattfinden. \u00a9 Stiftung Digitale Chancen<\/figcaption>\n\t\t\t\t\t\t\t\t\t\t<\/figure>\n\t\t\t\t\t\t\t\t\t<\/div>\n\t\t\t\t<\/div>\n\t\t\t\t<div class=\"elementor-element elementor-element-cde7aa3 elementor-widget elementor-widget-spacer\" data-id=\"cde7aa3\" data-element_type=\"widget\" data-e-type=\"widget\" data-widget_type=\"spacer.default\">\n\t\t\t\t<div class=\"elementor-widget-container\">\n\t\t\t\t\t\t\t<div class=\"elementor-spacer\">\n\t\t\t<div class=\"elementor-spacer-inner\"><\/div>\n\t\t<\/div>\n\t\t\t\t\t\t<\/div>\n\t\t\t\t<\/div>\n\t\t\t\t<div class=\"elementor-element elementor-element-7783b6b elementor-widget elementor-widget-text-editor\" data-id=\"7783b6b\" data-element_type=\"widget\" data-e-type=\"widget\" data-widget_type=\"text-editor.default\">\n\t\t\t\t<div class=\"elementor-widget-container\">\n\t\t\t\t\t\t\t\t\t<p><strong>Wie kann das Ehrenamt gerade in den l\u00e4ndlichen Regionen von der Digitalisierung profitieren?<\/strong><\/p>\t\t\t\t\t\t\t\t<\/div>\n\t\t\t\t<\/div>\n\t\t\t\t<div class=\"elementor-element elementor-element-4f3ef3e elementor-widget elementor-widget-text-editor\" data-id=\"4f3ef3e\" data-element_type=\"widget\" data-e-type=\"widget\" data-widget_type=\"text-editor.default\">\n\t\t\t\t<div class=\"elementor-widget-container\">\n\t\t\t\t\t\t\t\t\t<p>Auf dem Land sind es vor allem die Wege, die f\u00fcr die Menschen zur Herausforderung werden. Ortsvereine schlie\u00dfen sich zusammen, zu Treffen muss man dann in den n\u00e4chsten Ort fahren. Das funktioniert nicht mehr mit dem Fahrrad. Wie gesagt: Hier macht die Digitalisierung manchen Weg \u00fcberfl\u00fcssig.<\/p>\t\t\t\t\t\t\t\t<\/div>\n\t\t\t\t<\/div>\n\t\t\t\t<div class=\"elementor-element elementor-element-8c18cd1 elementor-widget elementor-widget-spacer\" data-id=\"8c18cd1\" data-element_type=\"widget\" data-e-type=\"widget\" data-widget_type=\"spacer.default\">\n\t\t\t\t<div class=\"elementor-widget-container\">\n\t\t\t\t\t\t\t<div class=\"elementor-spacer\">\n\t\t\t<div class=\"elementor-spacer-inner\"><\/div>\n\t\t<\/div>\n\t\t\t\t\t\t<\/div>\n\t\t\t\t<\/div>\n\t\t\t\t<div class=\"elementor-element elementor-element-7d48cea elementor-widget elementor-widget-text-editor\" data-id=\"7d48cea\" data-element_type=\"widget\" data-e-type=\"widget\" data-widget_type=\"text-editor.default\">\n\t\t\t\t<div class=\"elementor-widget-container\">\n\t\t\t\t\t\t\t\t\t<p><strong>Welchen Herausforderungen begegnen Sie in dem Projekt?<\/strong><\/p>\t\t\t\t\t\t\t\t<\/div>\n\t\t\t\t<\/div>\n\t\t\t\t<div class=\"elementor-element elementor-element-d373d67 elementor-widget elementor-widget-text-editor\" data-id=\"d373d67\" data-element_type=\"widget\" data-e-type=\"widget\" data-widget_type=\"text-editor.default\">\n\t\t\t\t<div class=\"elementor-widget-container\">\n\t\t\t\t\t\t\t\t\t<p>Das sind sehr unterschiedliche. Ein Punkt ist, dass in l\u00e4ndlichen Regionen nicht \u00fcberall das Internet so weit ausgebaut ist, dass es auch Spa\u00df macht. Allerdings gab es da in den vergangenen Jahren gro\u00dfe Fortschritte. Das ist nicht unser gr\u00f6\u00dftes Problem.<\/p><p>Ich habe es schon angesprochen: Um Schulungen vor Ort durchf\u00fchren zu k\u00f6nnen, brauchen wir Ehrenamtliche, die das \u00fcbernehmen. Allein schaffen wir das nicht. Dass die Zahl der Ehrenamtlichen sinkt, sp\u00fcren auch wir in unseren Angeboten.<\/p>\t\t\t\t\t\t\t\t<\/div>\n\t\t\t\t<\/div>\n\t\t\t\t<div class=\"elementor-element elementor-element-6d8f00a elementor-widget elementor-widget-spacer\" data-id=\"6d8f00a\" data-element_type=\"widget\" data-e-type=\"widget\" data-widget_type=\"spacer.default\">\n\t\t\t\t<div class=\"elementor-widget-container\">\n\t\t\t\t\t\t\t<div class=\"elementor-spacer\">\n\t\t\t<div class=\"elementor-spacer-inner\"><\/div>\n\t\t<\/div>\n\t\t\t\t\t\t<\/div>\n\t\t\t\t<\/div>\n\t\t\t\t<div class=\"elementor-element elementor-element-fa82e2c elementor-widget elementor-widget-text-editor\" data-id=\"fa82e2c\" data-element_type=\"widget\" data-e-type=\"widget\" data-widget_type=\"text-editor.default\">\n\t\t\t\t<div class=\"elementor-widget-container\">\n\t\t\t\t\t\t\t\t\t<p><strong>Wie sind die Reaktionen der Menschen, die an den Schulungen teilnehmen? <\/strong><\/p>\t\t\t\t\t\t\t\t<\/div>\n\t\t\t\t<\/div>\n\t\t\t\t<div class=\"elementor-element elementor-element-9b686a0 elementor-widget elementor-widget-text-editor\" data-id=\"9b686a0\" data-element_type=\"widget\" data-e-type=\"widget\" data-widget_type=\"text-editor.default\">\n\t\t\t\t<div class=\"elementor-widget-container\">\n\t\t\t\t\t\t\t\t\t<p>Da kommen wir zu einem Punkt, der mit das Sch\u00f6nste an unserer Aufgabe ist: Vor Ort zu sein und zu sp\u00fcren und zur\u00fcckgemeldet zu bekommen, dass unser Angebot einen echten Einfluss auf die Menschen hat. Es nimmt ihnen die \u00c4ngste und senkt die H\u00fcrden, sich auf den Weg in die digitale Welt zu machen. Wenn wir die personellen M\u00f6glichkeiten h\u00e4tten, k\u00f6nnten wir noch viel mehr Schulungen anbieten. Das Interesse ist da.<\/p>\t\t\t\t\t\t\t\t<\/div>\n\t\t\t\t<\/div>\n\t\t\t\t<div class=\"elementor-element elementor-element-72be846 elementor-widget elementor-widget-spacer\" data-id=\"72be846\" data-element_type=\"widget\" data-e-type=\"widget\" data-widget_type=\"spacer.default\">\n\t\t\t\t<div class=\"elementor-widget-container\">\n\t\t\t\t\t\t\t<div class=\"elementor-spacer\">\n\t\t\t<div class=\"elementor-spacer-inner\"><\/div>\n\t\t<\/div>\n\t\t\t\t\t\t<\/div>\n\t\t\t\t<\/div>\n\t\t\t\t<div class=\"elementor-element elementor-element-cc2f22b elementor-widget elementor-widget-text-editor\" data-id=\"cc2f22b\" data-element_type=\"widget\" data-e-type=\"widget\" data-widget_type=\"text-editor.default\">\n\t\t\t\t<div class=\"elementor-widget-container\">\n\t\t\t\t\t\t\t\t\t<p><strong>K\u00f6nnen auch andere Landesverb\u00e4nde von Ihren Erfahrungen profitieren?<\/strong><\/p>\t\t\t\t\t\t\t\t<\/div>\n\t\t\t\t<\/div>\n\t\t\t\t<div class=\"elementor-element elementor-element-286197e elementor-widget elementor-widget-text-editor\" data-id=\"286197e\" data-element_type=\"widget\" data-e-type=\"widget\" data-widget_type=\"text-editor.default\">\n\t\t\t\t<div class=\"elementor-widget-container\">\n\t\t\t\t\t\t\t\t\t<p>Es gibt vom AWO-Bundesverband eine Gruppe zum Thema Digitalisierung, in der sich verschiedene Stabstellen der Landesverb\u00e4nde in einem losen Rhythmus alle vier bis acht Wochen treffen. Daran nehme ich teil und gebe die Erfahrungen weiter, die wir in Schleswig-Holstein sammeln. Umgekehrt nehme ich Erfahrungen aus anderen Bundesl\u00e4ndern mit. Ob MoiN gegebenenfalls auf andere Bundesl\u00e4nder ausgeweitet wird, muss man zum Ende der Projektlaufzeit sehen. Auf jeden Fall dokumentieren wir jetzt schon alles und erstellen Handouts, damit am Ende eine \u00dcbergabe mit dem gesammelten Wissensschatz stattfinden kann.<\/p>\t\t\t\t\t\t\t\t<\/div>\n\t\t\t\t<\/div>\n\t\t\t\t<div class=\"elementor-element elementor-element-18216cf elementor-widget elementor-widget-spacer\" data-id=\"18216cf\" data-element_type=\"widget\" data-e-type=\"widget\" data-widget_type=\"spacer.default\">\n\t\t\t\t<div class=\"elementor-widget-container\">\n\t\t\t\t\t\t\t<div class=\"elementor-spacer\">\n\t\t\t<div class=\"elementor-spacer-inner\"><\/div>\n\t\t<\/div>\n\t\t\t\t\t\t<\/div>\n\t\t\t\t<\/div>\n\t\t\t\t<div class=\"elementor-element elementor-element-c8b8f9e eael-infobox-icon-bg-shape-none eael-infobox-icon-hover-bg-shape-none elementor-widget elementor-widget-eael-info-box\" data-id=\"c8b8f9e\" data-element_type=\"widget\" data-e-type=\"widget\" data-widget_type=\"eael-info-box.default\">\n\t\t\t\t<div class=\"elementor-widget-container\">\n\t\t\t\t\t        <div class=\"eael-infobox icon-on-left\">\n\t            <div class=\"infobox-icon eael-icon-only\">\n\n            \n                            <div class=\"infobox-icon-wrap\">\n                    <i aria-hidden=\"true\" class=\"fas fa-info-circle\"><\/i>                <\/div>\n            \n            \n        <\/div>\n            <div class=\"infobox-content eael-icon-only\">\n                    <div class=\"infobox-title-section\">\n                <h5 class=\"title\">Das Projekt und sein Team<\/h5>            <\/div>\n            <div><p>Projektstart f\u00fcr \u201eMoiN \u2013 Miteinander online im Norden\u201c war am 1.\u00a0Januar 2021. Von Anfang an dabei ist Bj\u00f6rn Kuhlenkamp. Der 32-j\u00e4hrige Politikwissenschaftler ist ganz nah dran am Geschehen: Er sitzt direkt beim <a href=\"https:\/\/www.awo-sh.de\/main\/verband\/digitale-bildung\/\"><strong>AWO-Landesverband Schleswig-Holstein<\/strong><\/a> in Kiel und f\u00fchrt in den Kreis- und Ortsverb\u00e4nden Schulungen durch. Aus Berlin bekommt Kuhlenkamp Unterst\u00fctzung von zwei weiteren Mitarbeiter:innen der <a href=\"https:\/\/www.digitale-chancen.de\/unsere-arbeit\/projekte\/detail\/moin-miteinander-online-im-norden\"><strong>Stiftung Digitale Chancen<\/strong><\/a>.<\/p><p>Gef\u00f6rdert wird das Projekt durch das Bundesministerium des Innern und f\u00fcr Heimat im Rahmen des Bundesprogramms \u201eZusammenhalt durch Teilhabe\u201c. Die Laufzeit endet im Dezember 2024.<\/p><p><strong>Mehr zum Thema Digitalisierung und Ehrenamt<\/strong><\/p><p>Digitale Tools k\u00f6nnen das Ehrenamt auf vielf\u00e4ltige Weise st\u00e4rken. Ein Beispiel ist die <a href=\"https:\/\/www.deutsche-glasfaser.de\/blog\/hilfe-suchen-und-finden-die-volumap-unterstuetzt-ehrenamtliches-engagement\/\"><strong>VoluMap<\/strong><\/a>: Eine App, die gemeinn\u00fctzige Initiativen und Freiwillige zusammenbringt. Unterst\u00fctzung auf dem Weg in die digitale Welt erhalten Vereine zum Beispiel beim <a href=\"https:\/\/www.deutsche-glasfaser.de\/blog\/chancen-fuer-das-ehrenamt-wie-vereine-digitale-tools-fuer-ihre-arbeit-nutzen-koennen\/\"><strong>Projekt Digitale Nachbarschaft<\/strong><\/a>. Wie gerade junge Menschen das Internet nutzen, um sich ehrenamtlich zu engagieren, lesen Sie im Blog-Beitrag <a href=\"https:\/\/www.deutsche-glasfaser.de\/blog\/engagement-online-jung-digital-und-engagiert\/\"><strong>\u201eEhrenamt online\u201c<\/strong><\/a>.<\/p><\/div>        <\/div>\n            <\/div>\n\n\t\t\t\t\t\t<\/div>\n\t\t\t\t<\/div>\n\t\t\t\t\t<\/div>\n\t\t<\/div>\n\t\t\t\t\t<\/div>\n\t\t<\/section>\n\t\t\t\t<\/div>\n\t\t","protected":false},"excerpt":{"rendered":"<p>Die digitalen M\u00f6glichkeiten nutzen, um ehrenamtliches Engagement und b\u00fcrgerschaftliche Beteiligung in der AWO Schleswig-Holstein zu st\u00e4rken: Darum geht es im Projekt \u201eMoiN \u2013 Miteinander online im Norden\u201c.<\/p>\n","protected":false},"author":5,"featured_media":12446,"comment_status":"open","ping_status":"open","sticky":false,"template":"","format":"standard","meta":{"footnotes":""},"categories":[71],"tags":[],"class_list":["post-12444","post","type-post","status-publish","format-standard","has-post-thumbnail","hentry","category-gemeinschaft"],"yoast_head":"<!-- This site is optimized with the Yoast SEO plugin v27.5 - https:\/\/yoast.com\/product\/yoast-seo-wordpress\/ -->\n<title>MoiN \u2013 Miteinander online im Norden - Digitales B\u00fcrgernetz<\/title>\n<meta name=\"description\" content=\"Mit dem Projekt MoiN m\u00f6chten der AWO Landesverbandes Schleswig-Holstein e.V. und die Stiftung Digitale Chancen das Ehrenamt mithilfe digitaler M\u00f6glichkeiten st\u00e4rken.\" \/>\n<meta name=\"robots\" content=\"index, follow, max-snippet:-1, max-image-preview:large, max-video-preview:-1\" \/>\n<link rel=\"canonical\" href=\"https:\/\/www.deutsche-glasfaser.de\/blog\/ehrenamtliches-engagement-die-digitalisierung-kann-helfen-last-von-den-schultern-einzelner-zu-nehmen\/\" \/>\n<meta property=\"og:locale\" content=\"de_DE\" \/>\n<meta property=\"og:type\" content=\"article\" \/>\n<meta property=\"og:title\" content=\"MoiN \u2013 Miteinander online im Norden - Digitales B\u00fcrgernetz\" \/>\n<meta property=\"og:description\" content=\"Mit dem Projekt MoiN m\u00f6chten der AWO Landesverbandes Schleswig-Holstein e.V. und die Stiftung Digitale Chancen das Ehrenamt mithilfe digitaler M\u00f6glichkeiten st\u00e4rken.\" \/>\n<meta property=\"og:url\" content=\"https:\/\/www.deutsche-glasfaser.de\/blog\/ehrenamtliches-engagement-die-digitalisierung-kann-helfen-last-von-den-schultern-einzelner-zu-nehmen\/\" \/>\n<meta property=\"og:site_name\" content=\"Digitales B\u00fcrgernetz\" \/>\n<meta property=\"article:published_time\" content=\"2023-06-06T15:01:39+00:00\" \/>\n<meta property=\"article:modified_time\" content=\"2023-06-09T06:57:10+00:00\" \/>\n<meta property=\"og:image\" content=\"https:\/\/www.deutsche-glasfaser.de\/blog\/wp-content\/uploads\/2023\/05\/Titelbild_20220506_152900-scaled.jpg\" \/>\n\t<meta property=\"og:image:width\" content=\"2560\" \/>\n\t<meta property=\"og:image:height\" content=\"1440\" \/>\n\t<meta property=\"og:image:type\" content=\"image\/jpeg\" \/>\n<meta name=\"author\" content=\"Deutsche Glasfaser\" \/>\n<meta name=\"twitter:card\" content=\"summary_large_image\" \/>\n<meta name=\"twitter:label1\" content=\"Verfasst von\" \/>\n\t<meta name=\"twitter:data1\" content=\"Deutsche Glasfaser\" \/>\n\t<meta name=\"twitter:label2\" content=\"Gesch\u00e4tzte Lesezeit\" \/>\n\t<meta name=\"twitter:data2\" content=\"8\u00a0Minuten\" \/>\n<script type=\"application\/ld+json\" class=\"yoast-schema-graph\">{\"@context\":\"https:\\\/\\\/schema.org\",\"@graph\":[{\"@type\":\"Article\",\"@id\":\"https:\\\/\\\/www.deutsche-glasfaser.de\\\/blog\\\/ehrenamtliches-engagement-die-digitalisierung-kann-helfen-last-von-den-schultern-einzelner-zu-nehmen\\\/#article\",\"isPartOf\":{\"@id\":\"https:\\\/\\\/www.deutsche-glasfaser.de\\\/blog\\\/ehrenamtliches-engagement-die-digitalisierung-kann-helfen-last-von-den-schultern-einzelner-zu-nehmen\\\/\"},\"author\":{\"name\":\"Deutsche Glasfaser\",\"@id\":\"https:\\\/\\\/www.deutsche-glasfaser.de\\\/blog\\\/#\\\/schema\\\/person\\\/9380a6dc7443d77143d0c66c409f574b\"},\"headline\":\"Ehrenamtliches Engagement: \u201eDie Digitalisierung kann helfen, Last von den Schultern Einzelner zu nehmen.\u201c\",\"datePublished\":\"2023-06-06T15:01:39+00:00\",\"dateModified\":\"2023-06-09T06:57:10+00:00\",\"mainEntityOfPage\":{\"@id\":\"https:\\\/\\\/www.deutsche-glasfaser.de\\\/blog\\\/ehrenamtliches-engagement-die-digitalisierung-kann-helfen-last-von-den-schultern-einzelner-zu-nehmen\\\/\"},\"wordCount\":1409,\"commentCount\":0,\"publisher\":{\"@id\":\"https:\\\/\\\/www.deutsche-glasfaser.de\\\/blog\\\/#organization\"},\"image\":{\"@id\":\"https:\\\/\\\/www.deutsche-glasfaser.de\\\/blog\\\/ehrenamtliches-engagement-die-digitalisierung-kann-helfen-last-von-den-schultern-einzelner-zu-nehmen\\\/#primaryimage\"},\"thumbnailUrl\":\"https:\\\/\\\/www.deutsche-glasfaser.de\\\/blog\\\/wp-content\\\/uploads\\\/2023\\\/05\\\/Titelbild_20220506_152900-scaled.jpg\",\"articleSection\":[\"#Gemeinschaft\"],\"inLanguage\":\"de\",\"potentialAction\":[{\"@type\":\"CommentAction\",\"name\":\"Comment\",\"target\":[\"https:\\\/\\\/www.deutsche-glasfaser.de\\\/blog\\\/ehrenamtliches-engagement-die-digitalisierung-kann-helfen-last-von-den-schultern-einzelner-zu-nehmen\\\/#respond\"]}]},{\"@type\":\"WebPage\",\"@id\":\"https:\\\/\\\/www.deutsche-glasfaser.de\\\/blog\\\/ehrenamtliches-engagement-die-digitalisierung-kann-helfen-last-von-den-schultern-einzelner-zu-nehmen\\\/\",\"url\":\"https:\\\/\\\/www.deutsche-glasfaser.de\\\/blog\\\/ehrenamtliches-engagement-die-digitalisierung-kann-helfen-last-von-den-schultern-einzelner-zu-nehmen\\\/\",\"name\":\"MoiN \u2013 Miteinander online im Norden - Digitales B\u00fcrgernetz\",\"isPartOf\":{\"@id\":\"https:\\\/\\\/www.deutsche-glasfaser.de\\\/blog\\\/#website\"},\"primaryImageOfPage\":{\"@id\":\"https:\\\/\\\/www.deutsche-glasfaser.de\\\/blog\\\/ehrenamtliches-engagement-die-digitalisierung-kann-helfen-last-von-den-schultern-einzelner-zu-nehmen\\\/#primaryimage\"},\"image\":{\"@id\":\"https:\\\/\\\/www.deutsche-glasfaser.de\\\/blog\\\/ehrenamtliches-engagement-die-digitalisierung-kann-helfen-last-von-den-schultern-einzelner-zu-nehmen\\\/#primaryimage\"},\"thumbnailUrl\":\"https:\\\/\\\/www.deutsche-glasfaser.de\\\/blog\\\/wp-content\\\/uploads\\\/2023\\\/05\\\/Titelbild_20220506_152900-scaled.jpg\",\"datePublished\":\"2023-06-06T15:01:39+00:00\",\"dateModified\":\"2023-06-09T06:57:10+00:00\",\"description\":\"Mit dem Projekt MoiN m\u00f6chten der AWO Landesverbandes Schleswig-Holstein e.V. und die Stiftung Digitale Chancen das Ehrenamt mithilfe digitaler M\u00f6glichkeiten st\u00e4rken.\",\"inLanguage\":\"de\",\"potentialAction\":[{\"@type\":\"ReadAction\",\"target\":[\"https:\\\/\\\/www.deutsche-glasfaser.de\\\/blog\\\/ehrenamtliches-engagement-die-digitalisierung-kann-helfen-last-von-den-schultern-einzelner-zu-nehmen\\\/\"]}]},{\"@type\":\"ImageObject\",\"inLanguage\":\"de\",\"@id\":\"https:\\\/\\\/www.deutsche-glasfaser.de\\\/blog\\\/ehrenamtliches-engagement-die-digitalisierung-kann-helfen-last-von-den-schultern-einzelner-zu-nehmen\\\/#primaryimage\",\"url\":\"https:\\\/\\\/www.deutsche-glasfaser.de\\\/blog\\\/wp-content\\\/uploads\\\/2023\\\/05\\\/Titelbild_20220506_152900-scaled.jpg\",\"contentUrl\":\"https:\\\/\\\/www.deutsche-glasfaser.de\\\/blog\\\/wp-content\\\/uploads\\\/2023\\\/05\\\/Titelbild_20220506_152900-scaled.jpg\",\"width\":2560,\"height\":1440,\"caption\":\"Projektreferent Bj\u00f6rn Kuhlenkamp von der Stiftung Digitale Chancen ist erster Ansprechpartner vor Ort f\u00fcr das Projekt \u201eMoiN \u2013 Miteinander online im Norden.\u201c \u00a9 Stiftung Digitale Chancen\"},{\"@type\":\"WebSite\",\"@id\":\"https:\\\/\\\/www.deutsche-glasfaser.de\\\/blog\\\/#website\",\"url\":\"https:\\\/\\\/www.deutsche-glasfaser.de\\\/blog\\\/\",\"name\":\"Digitales B\u00fcrgernetz\",\"description\":\"Deutsche Glasfaser Blog\",\"publisher\":{\"@id\":\"https:\\\/\\\/www.deutsche-glasfaser.de\\\/blog\\\/#organization\"},\"potentialAction\":[{\"@type\":\"SearchAction\",\"target\":{\"@type\":\"EntryPoint\",\"urlTemplate\":\"https:\\\/\\\/www.deutsche-glasfaser.de\\\/blog\\\/?s={search_term_string}\"},\"query-input\":{\"@type\":\"PropertyValueSpecification\",\"valueRequired\":true,\"valueName\":\"search_term_string\"}}],\"inLanguage\":\"de\"},{\"@type\":\"Organization\",\"@id\":\"https:\\\/\\\/www.deutsche-glasfaser.de\\\/blog\\\/#organization\",\"name\":\"Digitales B\u00fcrgernetz\",\"url\":\"https:\\\/\\\/www.deutsche-glasfaser.de\\\/blog\\\/\",\"logo\":{\"@type\":\"ImageObject\",\"inLanguage\":\"de\",\"@id\":\"https:\\\/\\\/www.deutsche-glasfaser.de\\\/blog\\\/#\\\/schema\\\/logo\\\/image\\\/\",\"url\":\"https:\\\/\\\/www.deutsche-glasfaser.de\\\/blog\\\/wp-content\\\/uploads\\\/2021\\\/08\\\/DGF_Logo_Basis_RGB-Large@2x.png\",\"contentUrl\":\"https:\\\/\\\/www.deutsche-glasfaser.de\\\/blog\\\/wp-content\\\/uploads\\\/2021\\\/08\\\/DGF_Logo_Basis_RGB-Large@2x.png\",\"width\":312,\"height\":104,\"caption\":\"Digitales B\u00fcrgernetz\"},\"image\":{\"@id\":\"https:\\\/\\\/www.deutsche-glasfaser.de\\\/blog\\\/#\\\/schema\\\/logo\\\/image\\\/\"}},{\"@type\":\"Person\",\"@id\":\"https:\\\/\\\/www.deutsche-glasfaser.de\\\/blog\\\/#\\\/schema\\\/person\\\/9380a6dc7443d77143d0c66c409f574b\",\"name\":\"Deutsche Glasfaser\"}]}<\/script>\n<!-- \/ Yoast SEO plugin. -->","yoast_head_json":{"title":"MoiN \u2013 Miteinander online im Norden - Digitales B\u00fcrgernetz","description":"Mit dem Projekt MoiN m\u00f6chten der AWO Landesverbandes Schleswig-Holstein e.V. und die Stiftung Digitale Chancen das Ehrenamt mithilfe digitaler M\u00f6glichkeiten st\u00e4rken.","robots":{"index":"index","follow":"follow","max-snippet":"max-snippet:-1","max-image-preview":"max-image-preview:large","max-video-preview":"max-video-preview:-1"},"canonical":"https:\/\/www.deutsche-glasfaser.de\/blog\/ehrenamtliches-engagement-die-digitalisierung-kann-helfen-last-von-den-schultern-einzelner-zu-nehmen\/","og_locale":"de_DE","og_type":"article","og_title":"MoiN \u2013 Miteinander online im Norden - Digitales B\u00fcrgernetz","og_description":"Mit dem Projekt MoiN m\u00f6chten der AWO Landesverbandes Schleswig-Holstein e.V. und die Stiftung Digitale Chancen das Ehrenamt mithilfe digitaler M\u00f6glichkeiten st\u00e4rken.","og_url":"https:\/\/www.deutsche-glasfaser.de\/blog\/ehrenamtliches-engagement-die-digitalisierung-kann-helfen-last-von-den-schultern-einzelner-zu-nehmen\/","og_site_name":"Digitales B\u00fcrgernetz","article_published_time":"2023-06-06T15:01:39+00:00","article_modified_time":"2023-06-09T06:57:10+00:00","og_image":[{"width":2560,"height":1440,"url":"https:\/\/www.deutsche-glasfaser.de\/blog\/wp-content\/uploads\/2023\/05\/Titelbild_20220506_152900-scaled.jpg","type":"image\/jpeg"}],"author":"Deutsche Glasfaser","twitter_card":"summary_large_image","twitter_misc":{"Verfasst von":"Deutsche Glasfaser","Gesch\u00e4tzte Lesezeit":"8\u00a0Minuten"},"schema":{"@context":"https:\/\/schema.org","@graph":[{"@type":"Article","@id":"https:\/\/www.deutsche-glasfaser.de\/blog\/ehrenamtliches-engagement-die-digitalisierung-kann-helfen-last-von-den-schultern-einzelner-zu-nehmen\/#article","isPartOf":{"@id":"https:\/\/www.deutsche-glasfaser.de\/blog\/ehrenamtliches-engagement-die-digitalisierung-kann-helfen-last-von-den-schultern-einzelner-zu-nehmen\/"},"author":{"name":"Deutsche Glasfaser","@id":"https:\/\/www.deutsche-glasfaser.de\/blog\/#\/schema\/person\/9380a6dc7443d77143d0c66c409f574b"},"headline":"Ehrenamtliches Engagement: \u201eDie Digitalisierung kann helfen, Last von den Schultern Einzelner zu nehmen.\u201c","datePublished":"2023-06-06T15:01:39+00:00","dateModified":"2023-06-09T06:57:10+00:00","mainEntityOfPage":{"@id":"https:\/\/www.deutsche-glasfaser.de\/blog\/ehrenamtliches-engagement-die-digitalisierung-kann-helfen-last-von-den-schultern-einzelner-zu-nehmen\/"},"wordCount":1409,"commentCount":0,"publisher":{"@id":"https:\/\/www.deutsche-glasfaser.de\/blog\/#organization"},"image":{"@id":"https:\/\/www.deutsche-glasfaser.de\/blog\/ehrenamtliches-engagement-die-digitalisierung-kann-helfen-last-von-den-schultern-einzelner-zu-nehmen\/#primaryimage"},"thumbnailUrl":"https:\/\/www.deutsche-glasfaser.de\/blog\/wp-content\/uploads\/2023\/05\/Titelbild_20220506_152900-scaled.jpg","articleSection":["#Gemeinschaft"],"inLanguage":"de","potentialAction":[{"@type":"CommentAction","name":"Comment","target":["https:\/\/www.deutsche-glasfaser.de\/blog\/ehrenamtliches-engagement-die-digitalisierung-kann-helfen-last-von-den-schultern-einzelner-zu-nehmen\/#respond"]}]},{"@type":"WebPage","@id":"https:\/\/www.deutsche-glasfaser.de\/blog\/ehrenamtliches-engagement-die-digitalisierung-kann-helfen-last-von-den-schultern-einzelner-zu-nehmen\/","url":"https:\/\/www.deutsche-glasfaser.de\/blog\/ehrenamtliches-engagement-die-digitalisierung-kann-helfen-last-von-den-schultern-einzelner-zu-nehmen\/","name":"MoiN \u2013 Miteinander online im Norden - Digitales B\u00fcrgernetz","isPartOf":{"@id":"https:\/\/www.deutsche-glasfaser.de\/blog\/#website"},"primaryImageOfPage":{"@id":"https:\/\/www.deutsche-glasfaser.de\/blog\/ehrenamtliches-engagement-die-digitalisierung-kann-helfen-last-von-den-schultern-einzelner-zu-nehmen\/#primaryimage"},"image":{"@id":"https:\/\/www.deutsche-glasfaser.de\/blog\/ehrenamtliches-engagement-die-digitalisierung-kann-helfen-last-von-den-schultern-einzelner-zu-nehmen\/#primaryimage"},"thumbnailUrl":"https:\/\/www.deutsche-glasfaser.de\/blog\/wp-content\/uploads\/2023\/05\/Titelbild_20220506_152900-scaled.jpg","datePublished":"2023-06-06T15:01:39+00:00","dateModified":"2023-06-09T06:57:10+00:00","description":"Mit dem Projekt MoiN m\u00f6chten der AWO Landesverbandes Schleswig-Holstein e.V. und die Stiftung Digitale Chancen das Ehrenamt mithilfe digitaler M\u00f6glichkeiten st\u00e4rken.","inLanguage":"de","potentialAction":[{"@type":"ReadAction","target":["https:\/\/www.deutsche-glasfaser.de\/blog\/ehrenamtliches-engagement-die-digitalisierung-kann-helfen-last-von-den-schultern-einzelner-zu-nehmen\/"]}]},{"@type":"ImageObject","inLanguage":"de","@id":"https:\/\/www.deutsche-glasfaser.de\/blog\/ehrenamtliches-engagement-die-digitalisierung-kann-helfen-last-von-den-schultern-einzelner-zu-nehmen\/#primaryimage","url":"https:\/\/www.deutsche-glasfaser.de\/blog\/wp-content\/uploads\/2023\/05\/Titelbild_20220506_152900-scaled.jpg","contentUrl":"https:\/\/www.deutsche-glasfaser.de\/blog\/wp-content\/uploads\/2023\/05\/Titelbild_20220506_152900-scaled.jpg","width":2560,"height":1440,"caption":"Projektreferent Bj\u00f6rn Kuhlenkamp von der Stiftung Digitale Chancen ist erster Ansprechpartner vor Ort f\u00fcr das Projekt \u201eMoiN \u2013 Miteinander online im Norden.\u201c \u00a9 Stiftung Digitale Chancen"},{"@type":"WebSite","@id":"https:\/\/www.deutsche-glasfaser.de\/blog\/#website","url":"https:\/\/www.deutsche-glasfaser.de\/blog\/","name":"Digitales B\u00fcrgernetz","description":"Deutsche Glasfaser Blog","publisher":{"@id":"https:\/\/www.deutsche-glasfaser.de\/blog\/#organization"},"potentialAction":[{"@type":"SearchAction","target":{"@type":"EntryPoint","urlTemplate":"https:\/\/www.deutsche-glasfaser.de\/blog\/?s={search_term_string}"},"query-input":{"@type":"PropertyValueSpecification","valueRequired":true,"valueName":"search_term_string"}}],"inLanguage":"de"},{"@type":"Organization","@id":"https:\/\/www.deutsche-glasfaser.de\/blog\/#organization","name":"Digitales B\u00fcrgernetz","url":"https:\/\/www.deutsche-glasfaser.de\/blog\/","logo":{"@type":"ImageObject","inLanguage":"de","@id":"https:\/\/www.deutsche-glasfaser.de\/blog\/#\/schema\/logo\/image\/","url":"https:\/\/www.deutsche-glasfaser.de\/blog\/wp-content\/uploads\/2021\/08\/DGF_Logo_Basis_RGB-Large@2x.png","contentUrl":"https:\/\/www.deutsche-glasfaser.de\/blog\/wp-content\/uploads\/2021\/08\/DGF_Logo_Basis_RGB-Large@2x.png","width":312,"height":104,"caption":"Digitales B\u00fcrgernetz"},"image":{"@id":"https:\/\/www.deutsche-glasfaser.de\/blog\/#\/schema\/logo\/image\/"}},{"@type":"Person","@id":"https:\/\/www.deutsche-glasfaser.de\/blog\/#\/schema\/person\/9380a6dc7443d77143d0c66c409f574b","name":"Deutsche Glasfaser"}]}},"_links":{"self":[{"href":"https:\/\/www.deutsche-glasfaser.de\/blog\/wp-json\/wp\/v2\/posts\/12444","targetHints":{"allow":["GET"]}}],"collection":[{"href":"https:\/\/www.deutsche-glasfaser.de\/blog\/wp-json\/wp\/v2\/posts"}],"about":[{"href":"https:\/\/www.deutsche-glasfaser.de\/blog\/wp-json\/wp\/v2\/types\/post"}],"author":[{"embeddable":true,"href":"https:\/\/www.deutsche-glasfaser.de\/blog\/wp-json\/wp\/v2\/users\/5"}],"replies":[{"embeddable":true,"href":"https:\/\/www.deutsche-glasfaser.de\/blog\/wp-json\/wp\/v2\/comments?post=12444"}],"version-history":[{"count":29,"href":"https:\/\/www.deutsche-glasfaser.de\/blog\/wp-json\/wp\/v2\/posts\/12444\/revisions"}],"predecessor-version":[{"id":12491,"href":"https:\/\/www.deutsche-glasfaser.de\/blog\/wp-json\/wp\/v2\/posts\/12444\/revisions\/12491"}],"wp:featuredmedia":[{"embeddable":true,"href":"https:\/\/www.deutsche-glasfaser.de\/blog\/wp-json\/wp\/v2\/media\/12446"}],"wp:attachment":[{"href":"https:\/\/www.deutsche-glasfaser.de\/blog\/wp-json\/wp\/v2\/media?parent=12444"}],"wp:term":[{"taxonomy":"category","embeddable":true,"href":"https:\/\/www.deutsche-glasfaser.de\/blog\/wp-json\/wp\/v2\/categories?post=12444"},{"taxonomy":"post_tag","embeddable":true,"href":"https:\/\/www.deutsche-glasfaser.de\/blog\/wp-json\/wp\/v2\/tags?post=12444"}],"curies":[{"name":"wp","href":"https:\/\/api.w.org\/{rel}","templated":true}]}}