{"id":12408,"date":"2023-05-30T12:29:01","date_gmt":"2023-05-30T10:29:01","guid":{"rendered":"https:\/\/www.deutsche-glasfaser.de\/blog\/?p=12408"},"modified":"2023-05-30T12:29:02","modified_gmt":"2023-05-30T10:29:02","slug":"cybercrime-man-muss-jeden-tag-neu-fuer-sicherheit-eintreten","status":"publish","type":"post","link":"https:\/\/www.deutsche-glasfaser.de\/blog\/cybercrime-man-muss-jeden-tag-neu-fuer-sicherheit-eintreten\/","title":{"rendered":"Cybercrime: \u201eMan muss jeden Tag neu f\u00fcr Sicherheit eintreten\u201c"},"content":{"rendered":"\t\t<div data-elementor-type=\"wp-post\" data-elementor-id=\"12408\" class=\"elementor elementor-12408\">\n\t\t\t\t\t\t<section class=\"elementor-section elementor-top-section elementor-element elementor-element-eb84682 elementor-section-boxed elementor-section-height-default elementor-section-height-default\" data-id=\"eb84682\" data-element_type=\"section\" data-e-type=\"section\">\n\t\t\t\t\t\t<div class=\"elementor-container elementor-column-gap-default\">\n\t\t\t\t\t<div class=\"elementor-column elementor-col-100 elementor-top-column elementor-element elementor-element-d9293d3\" data-id=\"d9293d3\" data-element_type=\"column\" data-e-type=\"column\">\n\t\t\t<div class=\"elementor-widget-wrap elementor-element-populated\">\n\t\t\t\t\t\t<div class=\"elementor-element elementor-element-7753469 elementor-widget elementor-widget-text-editor\" data-id=\"7753469\" data-element_type=\"widget\" data-e-type=\"widget\" data-widget_type=\"text-editor.default\">\n\t\t\t\t<div class=\"elementor-widget-container\">\n\t\t\t\t\t\t\t\t\t<p><em>Leitender Oberstaatsanwalt Markus Hartmann sieht Fortschritte bei der Bek\u00e4mpfung von Cyberkriminalit\u00e4t. <\/em><em>Foto: <\/em>\u00a9 Andreas Br\u00fcck\/ZAC NRW<\/p>\t\t\t\t\t\t\t\t<\/div>\n\t\t\t\t<\/div>\n\t\t\t\t\t<\/div>\n\t\t<\/div>\n\t\t\t\t\t<\/div>\n\t\t<\/section>\n\t\t\t\t<section class=\"elementor-section elementor-top-section elementor-element elementor-element-fe25600 elementor-section-boxed elementor-section-height-default elementor-section-height-default\" data-id=\"fe25600\" data-element_type=\"section\" data-e-type=\"section\">\n\t\t\t\t\t\t<div class=\"elementor-container elementor-column-gap-default\">\n\t\t\t\t\t<div class=\"elementor-column elementor-col-100 elementor-top-column elementor-element elementor-element-2080508\" data-id=\"2080508\" data-element_type=\"column\" data-e-type=\"column\">\n\t\t\t<div class=\"elementor-widget-wrap elementor-element-populated\">\n\t\t\t\t\t\t<div class=\"elementor-element elementor-element-55be87c elementor-widget elementor-widget-text-editor\" data-id=\"55be87c\" data-element_type=\"widget\" data-e-type=\"widget\" data-widget_type=\"text-editor.default\">\n\t\t\t\t<div class=\"elementor-widget-container\">\n\t\t\t\t\t\t\t\t\t<p><strong>Leitender Oberstaatsanwalt Markus Hartmann leitet die Zentral- und Ansprechstelle Cybercrime Nordrhein-Westfalen (ZAC NRW) seit ihrer Gr\u00fcndung 2016. Seitdem hat sich vieles verbessert, dennoch wird ein Zustand v\u00f6lliger Sicherheit nie erreicht sein.<\/strong><\/p>\t\t\t\t\t\t\t\t<\/div>\n\t\t\t\t<\/div>\n\t\t\t\t\t<\/div>\n\t\t<\/div>\n\t\t\t\t\t<\/div>\n\t\t<\/section>\n\t\t\t\t<section class=\"elementor-section elementor-top-section elementor-element elementor-element-afe76ab elementor-section-boxed elementor-section-height-default elementor-section-height-default\" data-id=\"afe76ab\" data-element_type=\"section\" data-e-type=\"section\">\n\t\t\t\t\t\t<div class=\"elementor-container elementor-column-gap-default\">\n\t\t\t\t\t<div class=\"elementor-column elementor-col-100 elementor-top-column elementor-element elementor-element-088e720\" data-id=\"088e720\" data-element_type=\"column\" data-e-type=\"column\">\n\t\t\t<div class=\"elementor-widget-wrap elementor-element-populated\">\n\t\t\t\t\t\t<div class=\"elementor-element elementor-element-f60eb39 elementor-widget elementor-widget-spacer\" data-id=\"f60eb39\" data-element_type=\"widget\" data-e-type=\"widget\" data-widget_type=\"spacer.default\">\n\t\t\t\t<div class=\"elementor-widget-container\">\n\t\t\t\t\t\t\t<div class=\"elementor-spacer\">\n\t\t\t<div class=\"elementor-spacer-inner\"><\/div>\n\t\t<\/div>\n\t\t\t\t\t\t<\/div>\n\t\t\t\t<\/div>\n\t\t\t\t<div class=\"elementor-element elementor-element-fc2ea43 elementor-widget elementor-widget-text-editor\" data-id=\"fc2ea43\" data-element_type=\"widget\" data-e-type=\"widget\" data-widget_type=\"text-editor.default\">\n\t\t\t\t<div class=\"elementor-widget-container\">\n\t\t\t\t\t\t\t\t\t<p><strong>Herr Hartmann, welche Verbesserungen sehen Sie in den letzten Jahren beim Thema Cybersicherheit und bei Ihrer Arbeit in der ZAC?<\/strong><\/p>\t\t\t\t\t\t\t\t<\/div>\n\t\t\t\t<\/div>\n\t\t\t\t<div class=\"elementor-element elementor-element-d0c1c29 elementor-widget elementor-widget-text-editor\" data-id=\"d0c1c29\" data-element_type=\"widget\" data-e-type=\"widget\" data-widget_type=\"text-editor.default\">\n\t\t\t\t<div class=\"elementor-widget-container\">\n\t\t\t\t\t\t\t\t\t<p>Das Bewusstsein f\u00fcr die Gefahrenlage ist in Wirtschaft und Gesellschaft enorm gestiegen. Wo wir zu Beginn unserer Arbeit erst noch ein Grundverst\u00e4ndnis f\u00fcr die Bedrohung schaffen mussten, wird heute nicht mehr in Frage gestellt, wie ernst man das Thema nehmen muss. Selbst in kleinen und mittelst\u00e4ndischen Betrieben, den KMUs, gibt es kaum noch Defizite bei der Sensibilisierung. Hier hapert es eher noch an der Umsetzung. Gro\u00dfe Unternehmen, die zur kritischen Infrastruktur geh\u00f6ren, wie beispielsweise Energie- oder Wasserversorger, sind hingegen oftmals sehr gut aufgestellt und haben sehr hohe Investitionen und gro\u00dfe Kraftanstrengungen unternommen, um ihre Betriebe sicher zu machen.<\/p><p>Au\u00dferdem stellen wir fest, dass die Justiz selbst auch ihre Hausaufgaben gemacht hat und dem Thema eine andauernd hohe Bedeutung einr\u00e4umt. Als wir 2016 gestartet sind, waren uns gut vier Stellen zugewiesen, mittlerweile sind es mehr als 40. Unser Personalansatz hat sich also verzehnfacht. Dar\u00fcber hinaus arbeitet die Wirtschaft immer besser mit uns zusammen. Fr\u00fcher gab es noch mehr Vorbehalte, die Justiz einzuschalten. Dabei haben verschiedene Ursachen eine Rolle gespielt, etwa die Angst, die Kontrolle im eigenen Bereich zu verlieren, wenn Strafverfolger ins Haus kommen und Zugang zu Systemen und Daten bekommen. Durch unsere praktische Arbeit konnten wir solche Sorgen aufl\u00f6sen. Es hat sich zunehmend ein vertrauensvolles Miteinander entwickelt. Aber das Vertrauen muss in der t\u00e4glichen Arbeit stets neu erworben werden.<\/p>\t\t\t\t\t\t\t\t<\/div>\n\t\t\t\t<\/div>\n\t\t\t\t<div class=\"elementor-element elementor-element-d2daee3 elementor-widget elementor-widget-spacer\" data-id=\"d2daee3\" data-element_type=\"widget\" data-e-type=\"widget\" data-widget_type=\"spacer.default\">\n\t\t\t\t<div class=\"elementor-widget-container\">\n\t\t\t\t\t\t\t<div class=\"elementor-spacer\">\n\t\t\t<div class=\"elementor-spacer-inner\"><\/div>\n\t\t<\/div>\n\t\t\t\t\t\t<\/div>\n\t\t\t\t<\/div>\n\t\t\t\t\t<\/div>\n\t\t<\/div>\n\t\t\t\t\t<\/div>\n\t\t<\/section>\n\t\t\t\t<section class=\"elementor-section elementor-top-section elementor-element elementor-element-32f4b8f elementor-section-boxed elementor-section-height-default elementor-section-height-default\" data-id=\"32f4b8f\" data-element_type=\"section\" data-e-type=\"section\">\n\t\t\t\t\t\t<div class=\"elementor-container elementor-column-gap-default\">\n\t\t\t\t\t<div class=\"elementor-column elementor-col-100 elementor-top-column elementor-element elementor-element-2e1d5b0\" data-id=\"2e1d5b0\" data-element_type=\"column\" data-e-type=\"column\">\n\t\t\t<div class=\"elementor-widget-wrap elementor-element-populated\">\n\t\t\t\t\t\t<div class=\"elementor-element elementor-element-d277233 elementor-widget elementor-widget-text-editor\" data-id=\"d277233\" data-element_type=\"widget\" data-e-type=\"widget\" data-widget_type=\"text-editor.default\">\n\t\t\t\t<div class=\"elementor-widget-container\">\n\t\t\t\t\t\t\t\t\t<p><strong>In der Vergangenheit wurde immer wieder von Cyberattacken auf \u00f6ffentliche Einrichtungen berichtet. Wie k\u00f6nnen sich Kommunen und Beh\u00f6rden besser sch\u00fctzen?<\/strong><\/p>\t\t\t\t\t\t\t\t<\/div>\n\t\t\t\t<\/div>\n\t\t\t\t<div class=\"elementor-element elementor-element-354486a elementor-widget elementor-widget-text-editor\" data-id=\"354486a\" data-element_type=\"widget\" data-e-type=\"widget\" data-widget_type=\"text-editor.default\">\n\t\t\t\t<div class=\"elementor-widget-container\">\n\t\t\t\t\t\t\t\t\t<p>Die \u00f6ffentlichen Einrichtungen waren in letzter Zeit nicht nur gef\u00e4hrdet, sondern auch immer st\u00e4rker von tats\u00e4chlichen Angriffen betroffen. Dadurch hat sich auch der \u00f6ffentliche Bereich immer st\u00e4rker mit Cybersicherheit auseinandergesetzt. Das ist auch n\u00f6tig, da selbst die kleinste Kommune sehr sensible Daten verwaltet. Allerdings sind eben die Ressourcen sehr unterschiedlich und die \u00f6ffentliche Landschaft ist zersplittert. Selbst wenn man die n\u00f6tigen Investitionen in den Haushalten ber\u00fccksichtigt hat, erfordert die Umsetzung viele fachliche Kompetenzen. Hohes Potential bieten hier Zusammenschl\u00fcsse und Kooperationen. Es gibt Kommunen, die ihre Rechenzentren zusammengelegt und ihre Cybersicherheit dadurch professionalisiert haben. Da die T\u00e4ter immer professioneller werden, m\u00fcssen auch die Verteidiger \u2013 Beh\u00f6rden und Unternehmen \u2013 ihre IT-Sicherheit professionalisieren.<\/p><p>Man darf aber auch nicht vergessen, dass sehr \u00fcberwiegend nur erfolgreiche Angriffe bei uns zur Anzeige gebracht werden oder in den Schlagzeilen landen. Wenn eine Beh\u00f6rde oder ein Unternehmen einen Angriff abgewehrt hat, erf\u00e4hrt davon in der Regel niemand. Deswegen ist das Bild insgesamt m\u00f6glicherweise positiver, als wir es auf Basis unserer Ermittlungsverfahren sehen.<\/p>\t\t\t\t\t\t\t\t<\/div>\n\t\t\t\t<\/div>\n\t\t\t\t<div class=\"elementor-element elementor-element-d543ffa elementor-widget elementor-widget-spacer\" data-id=\"d543ffa\" data-element_type=\"widget\" data-e-type=\"widget\" data-widget_type=\"spacer.default\">\n\t\t\t\t<div class=\"elementor-widget-container\">\n\t\t\t\t\t\t\t<div class=\"elementor-spacer\">\n\t\t\t<div class=\"elementor-spacer-inner\"><\/div>\n\t\t<\/div>\n\t\t\t\t\t\t<\/div>\n\t\t\t\t<\/div>\n\t\t\t\t\t<\/div>\n\t\t<\/div>\n\t\t\t\t\t<\/div>\n\t\t<\/section>\n\t\t\t\t<section class=\"elementor-section elementor-top-section elementor-element elementor-element-e095d57 elementor-section-boxed elementor-section-height-default elementor-section-height-default\" data-id=\"e095d57\" data-element_type=\"section\" data-e-type=\"section\">\n\t\t\t\t\t\t<div class=\"elementor-container elementor-column-gap-default\">\n\t\t\t\t\t<div class=\"elementor-column elementor-col-100 elementor-top-column elementor-element elementor-element-2795455\" data-id=\"2795455\" data-element_type=\"column\" data-e-type=\"column\">\n\t\t\t<div class=\"elementor-widget-wrap elementor-element-populated\">\n\t\t\t\t\t\t<div class=\"elementor-element elementor-element-d51e015 elementor-widget elementor-widget-text-editor\" data-id=\"d51e015\" data-element_type=\"widget\" data-e-type=\"widget\" data-widget_type=\"text-editor.default\">\n\t\t\t\t<div class=\"elementor-widget-container\">\n\t\t\t\t\t\t\t\t\t<p><strong>Gibt es immer noch typische Fehler, die solche Angriffe zulassen? <\/strong><\/p>\t\t\t\t\t\t\t\t<\/div>\n\t\t\t\t<\/div>\n\t\t\t\t<div class=\"elementor-element elementor-element-a6a5e8c elementor-widget elementor-widget-text-editor\" data-id=\"a6a5e8c\" data-element_type=\"widget\" data-e-type=\"widget\" data-widget_type=\"text-editor.default\">\n\t\t\t\t<div class=\"elementor-widget-container\">\n\t\t\t\t\t\t\t\t\t<p>Da die Angriffe wie gesagt immer versierter und professioneller werden, f\u00e4llt es mir schwer, hier mit dem Finger auf die Anwender zu zeigen. Phishing-E-Mails sind beispielswiese heute vielfach so gut gemacht, dass man keinem vorwerfen kann, auf einen entsprechenden Link zu klicken. Ausschlie\u00dflich Awareness reicht nicht mehr. Man muss vielmehr daf\u00fcr sorgen, dass die richtige Technik einen Angriff erfolgreich abwehrt, auch wenn ein Mensch erfolgreich get\u00e4uscht worden ist. Ein schwerwiegender Fehler w\u00e4re, sich in Sicherheit zu wiegen, weil man die neueste Firewall installiert oder einmalig bestimmte Vorkehrungen getroffen hat. Einen permanenten Zustand der Sicherheit gibt es n\u00e4mlich nicht. Man muss jeden Tag neu f\u00fcr Sicherheit eintreten. Das ist ein st\u00e4ndiger Prozess.<\/p><p>Gro\u00dfe Fortschritte kann man schon erzielen, indem man einfache aber gleichwohl wirksame Ma\u00dfnahmen umsetzt, auch wenn sie vielleicht l\u00e4stig erscheinen. Bequemlichkeit und Sicherheit stehen manchmal eben im Gegensatz zueinander. Man kann beispielsweise ohne gro\u00dfe Aufw\u00e4nde Einstellungen im Betriebssystem vornehmen, die daf\u00fcr sorgen, dass eine Schadsoftware gar nicht erst ausgef\u00fchrt wird, auch wenn sie per Klick auf den Link in einer E-Mail heruntergeladen wurde. Das muss nat\u00fcrlich gepflegt und gelebt werden und ist manchmal etwas umst\u00e4ndlicher, erh\u00f6ht die Sicherheit aber enorm.<\/p>\t\t\t\t\t\t\t\t<\/div>\n\t\t\t\t<\/div>\n\t\t\t\t<div class=\"elementor-element elementor-element-45f128a elementor-widget elementor-widget-spacer\" data-id=\"45f128a\" data-element_type=\"widget\" data-e-type=\"widget\" data-widget_type=\"spacer.default\">\n\t\t\t\t<div class=\"elementor-widget-container\">\n\t\t\t\t\t\t\t<div class=\"elementor-spacer\">\n\t\t\t<div class=\"elementor-spacer-inner\"><\/div>\n\t\t<\/div>\n\t\t\t\t\t\t<\/div>\n\t\t\t\t<\/div>\n\t\t\t\t\t<\/div>\n\t\t<\/div>\n\t\t\t\t\t<\/div>\n\t\t<\/section>\n\t\t\t\t<section class=\"elementor-section elementor-top-section elementor-element elementor-element-a1d04be elementor-section-boxed elementor-section-height-default elementor-section-height-default\" data-id=\"a1d04be\" data-element_type=\"section\" data-e-type=\"section\">\n\t\t\t\t\t\t<div class=\"elementor-container elementor-column-gap-default\">\n\t\t\t\t\t<div class=\"elementor-column elementor-col-100 elementor-top-column elementor-element elementor-element-59fd506\" data-id=\"59fd506\" data-element_type=\"column\" data-e-type=\"column\">\n\t\t\t<div class=\"elementor-widget-wrap elementor-element-populated\">\n\t\t\t\t\t\t<div class=\"elementor-element elementor-element-60e6b6f eael-infobox-icon-bg-shape-none eael-infobox-icon-hover-bg-shape-none elementor-widget elementor-widget-eael-info-box\" data-id=\"60e6b6f\" data-element_type=\"widget\" data-e-type=\"widget\" data-widget_type=\"eael-info-box.default\">\n\t\t\t\t<div class=\"elementor-widget-container\">\n\t\t\t\t\t        <div class=\"eael-infobox icon-on-left\">\n\t            <div class=\"infobox-icon eael-icon-only\">\n\n            \n                            <div class=\"infobox-icon-wrap\">\n                    <i aria-hidden=\"true\" class=\"fas fa-info-circle\"><\/i>                <\/div>\n            \n            \n        <\/div>\n            <div class=\"infobox-content eael-icon-only\">\n                    <div class=\"infobox-title-section\">\n                <h5 class=\"title\">Die ZAC NRW<\/h5>            <\/div>\n            <div><p>Um den besonderen Herausforderungen digitaler Kriminalit\u00e4t gerecht werden zu k\u00f6nnen, wurde im April 2016 die landesweit zust\u00e4ndige Zentral- und Ansprechstelle Cybercrime Nordrhein-Westfalen (ZAC NRW) eingerichtet. Die ZAC NRW f\u00fchrt Cybercrime-Verfahren von herausgehobener Bedeutung. Sie ist dar\u00fcber hinaus zentrale Ansprechstelle f\u00fcr grunds\u00e4tzliche, verfahrensunabh\u00e4ngige Fragestellungen aus dem Bereich der Cyberkriminalit\u00e4t f\u00fcr Staatsanwaltschaften, Polizei- und sonstige Beh\u00f6rden Nordrhein-Westfalens und anderer L\u00e4nder sowie des Bundes. Ferner steht sie als Kontaktstelle f\u00fcr die Zusammenarbeit mit Wissenschaft und Wirtschaft zur Verf\u00fcgung, soweit dies mit ihrer Aufgabe als Strafverfolgungsbeh\u00f6rde vereinbar ist. Die Zentralstelle ist in einer hybriden Beh\u00f6rdenstruktur aus Staatsanwaltschaft und Generalstaatsanwaltschaft K\u00f6ln organisiert. Die F\u00fchrung operativer Ermittlungsverfahren liegt bei der Staatsanwaltschaft K\u00f6ln. Die \u00fcbrigen Aufgaben der Zentral- und Ansprechstelle erf\u00fcllt die Generalstaatsanwaltschaft. <br \/>Mehr Informationen gibt es beim <a href=\"http:\/\/www.justiz.nrw.de\/JM\/schwerpunkte\/zac\/\">NRW-Justizministerium<\/a> oder bei der <a href=\"http:\/\/www.sta-koeln.nrw.de\/aufgaben\/geschaefte-stak_1_zac\/\">Staatsanwaltschaft K\u00f6ln<\/a>.<\/p><p>Mehr zu diesem Thema:<\/p><p><a href=\"https:\/\/www.deutsche-glasfaser.de\/blog\/digitale-verwaltung-fortschritte-in-stadt-und-land\/\">Digitale Verwaltung: Fortschritte in Stadt und Land<\/a><\/p><p><a href=\"https:\/\/www.deutsche-glasfaser.de\/blog\/welche-gefahren-lauern-im-internet\/\">Welche Gefahren lauern im Internet?<\/a><\/p><p><a href=\"https:\/\/www.deutsche-glasfaser.de\/blog\/datensicherheit-in-kommunen-taeter-haben-nicht-nur-die-grossstaedte-im-visier\/\">Datensicherheit in Kommunen: \u201eT\u00e4ter haben nicht nur die Gro\u00dfst\u00e4dte im Visier\u201c<\/a><\/p><p><a href=\"https:\/\/www.deutsche-glasfaser.de\/blog\/cybersicherheit-in-deutschland-wie-sicher-ist-sicher\/\">Cybersicherheit in Deutschland: Wie sicher ist sicher?<\/a><\/p><\/div>        <\/div>\n            <\/div>\n\n\t\t\t\t\t\t<\/div>\n\t\t\t\t<\/div>\n\t\t\t\t\t<\/div>\n\t\t<\/div>\n\t\t\t\t\t<\/div>\n\t\t<\/section>\n\t\t\t\t<\/div>\n\t\t","protected":false},"excerpt":{"rendered":"<p>Leitender Oberstaatsanwalt Markus Hartmann, Leiter der Zentral- und Ansprechstelle Cybercrime Nordrhein-Westfalen (ZAC NRW) spricht im Interview dar\u00fcber, wie Wirtschaft und \u00f6ffentliche Einrichtungen sich besser vor Cyberattacken sch\u00fctzen k\u00f6nnen.<\/p>\n","protected":false},"author":5,"featured_media":12409,"comment_status":"open","ping_status":"open","sticky":false,"template":"","format":"standard","meta":{"footnotes":""},"categories":[71],"tags":[],"class_list":["post-12408","post","type-post","status-publish","format-standard","has-post-thumbnail","hentry","category-gemeinschaft"],"yoast_head":"<!-- This site is optimized with the Yoast SEO plugin v27.5 - https:\/\/yoast.com\/product\/yoast-seo-wordpress\/ -->\n<title>Interview mit Markus Hartmann zur Cybersicherheit - Digitales B\u00fcrgernetz<\/title>\n<meta name=\"description\" content=\"Markus Hartmann leitet die ZAC NRW, die zentrale Anlaufstelle f\u00fcr Cybersicherheit im Land.\" \/>\n<meta name=\"robots\" content=\"index, follow, max-snippet:-1, max-image-preview:large, max-video-preview:-1\" \/>\n<link rel=\"canonical\" href=\"https:\/\/www.deutsche-glasfaser.de\/blog\/cybercrime-man-muss-jeden-tag-neu-fuer-sicherheit-eintreten\/\" \/>\n<meta property=\"og:locale\" content=\"de_DE\" \/>\n<meta property=\"og:type\" content=\"article\" \/>\n<meta property=\"og:title\" content=\"Interview mit Markus Hartmann zur Cybersicherheit - Digitales B\u00fcrgernetz\" \/>\n<meta property=\"og:description\" content=\"Markus Hartmann leitet die ZAC NRW, die zentrale Anlaufstelle f\u00fcr Cybersicherheit im Land.\" \/>\n<meta property=\"og:url\" content=\"https:\/\/www.deutsche-glasfaser.de\/blog\/cybercrime-man-muss-jeden-tag-neu-fuer-sicherheit-eintreten\/\" \/>\n<meta property=\"og:site_name\" content=\"Digitales B\u00fcrgernetz\" \/>\n<meta property=\"article:published_time\" content=\"2023-05-30T10:29:01+00:00\" \/>\n<meta property=\"article:modified_time\" content=\"2023-05-30T10:29:02+00:00\" \/>\n<meta property=\"og:image\" content=\"https:\/\/www.deutsche-glasfaser.de\/blog\/wp-content\/uploads\/2023\/05\/GroC39F_28Markus_Hartmann29.jpeg\" \/>\n\t<meta property=\"og:image:width\" content=\"1280\" \/>\n\t<meta property=\"og:image:height\" content=\"960\" \/>\n\t<meta property=\"og:image:type\" content=\"image\/jpeg\" \/>\n<meta name=\"author\" content=\"Deutsche Glasfaser\" \/>\n<meta name=\"twitter:card\" content=\"summary_large_image\" \/>\n<meta name=\"twitter:label1\" content=\"Verfasst von\" \/>\n\t<meta name=\"twitter:data1\" content=\"Deutsche Glasfaser\" \/>\n<script type=\"application\/ld+json\" class=\"yoast-schema-graph\">{\"@context\":\"https:\\\/\\\/schema.org\",\"@graph\":[{\"@type\":\"Article\",\"@id\":\"https:\\\/\\\/www.deutsche-glasfaser.de\\\/blog\\\/cybercrime-man-muss-jeden-tag-neu-fuer-sicherheit-eintreten\\\/#article\",\"isPartOf\":{\"@id\":\"https:\\\/\\\/www.deutsche-glasfaser.de\\\/blog\\\/cybercrime-man-muss-jeden-tag-neu-fuer-sicherheit-eintreten\\\/\"},\"author\":{\"name\":\"Deutsche Glasfaser\",\"@id\":\"https:\\\/\\\/www.deutsche-glasfaser.de\\\/blog\\\/#\\\/schema\\\/person\\\/9380a6dc7443d77143d0c66c409f574b\"},\"headline\":\"Cybercrime: \u201eMan muss jeden Tag neu f\u00fcr Sicherheit eintreten\u201c\",\"datePublished\":\"2023-05-30T10:29:01+00:00\",\"dateModified\":\"2023-05-30T10:29:02+00:00\",\"mainEntityOfPage\":{\"@id\":\"https:\\\/\\\/www.deutsche-glasfaser.de\\\/blog\\\/cybercrime-man-muss-jeden-tag-neu-fuer-sicherheit-eintreten\\\/\"},\"wordCount\":917,\"commentCount\":0,\"publisher\":{\"@id\":\"https:\\\/\\\/www.deutsche-glasfaser.de\\\/blog\\\/#organization\"},\"image\":{\"@id\":\"https:\\\/\\\/www.deutsche-glasfaser.de\\\/blog\\\/cybercrime-man-muss-jeden-tag-neu-fuer-sicherheit-eintreten\\\/#primaryimage\"},\"thumbnailUrl\":\"https:\\\/\\\/www.deutsche-glasfaser.de\\\/blog\\\/wp-content\\\/uploads\\\/2023\\\/05\\\/GroC39F_28Markus_Hartmann29.jpeg\",\"articleSection\":[\"#Gemeinschaft\"],\"inLanguage\":\"de\",\"potentialAction\":[{\"@type\":\"CommentAction\",\"name\":\"Comment\",\"target\":[\"https:\\\/\\\/www.deutsche-glasfaser.de\\\/blog\\\/cybercrime-man-muss-jeden-tag-neu-fuer-sicherheit-eintreten\\\/#respond\"]}]},{\"@type\":\"WebPage\",\"@id\":\"https:\\\/\\\/www.deutsche-glasfaser.de\\\/blog\\\/cybercrime-man-muss-jeden-tag-neu-fuer-sicherheit-eintreten\\\/\",\"url\":\"https:\\\/\\\/www.deutsche-glasfaser.de\\\/blog\\\/cybercrime-man-muss-jeden-tag-neu-fuer-sicherheit-eintreten\\\/\",\"name\":\"Interview mit Markus Hartmann zur Cybersicherheit - Digitales B\u00fcrgernetz\",\"isPartOf\":{\"@id\":\"https:\\\/\\\/www.deutsche-glasfaser.de\\\/blog\\\/#website\"},\"primaryImageOfPage\":{\"@id\":\"https:\\\/\\\/www.deutsche-glasfaser.de\\\/blog\\\/cybercrime-man-muss-jeden-tag-neu-fuer-sicherheit-eintreten\\\/#primaryimage\"},\"image\":{\"@id\":\"https:\\\/\\\/www.deutsche-glasfaser.de\\\/blog\\\/cybercrime-man-muss-jeden-tag-neu-fuer-sicherheit-eintreten\\\/#primaryimage\"},\"thumbnailUrl\":\"https:\\\/\\\/www.deutsche-glasfaser.de\\\/blog\\\/wp-content\\\/uploads\\\/2023\\\/05\\\/GroC39F_28Markus_Hartmann29.jpeg\",\"datePublished\":\"2023-05-30T10:29:01+00:00\",\"dateModified\":\"2023-05-30T10:29:02+00:00\",\"description\":\"Markus Hartmann leitet die ZAC NRW, die zentrale Anlaufstelle f\u00fcr Cybersicherheit im Land.\",\"inLanguage\":\"de\",\"potentialAction\":[{\"@type\":\"ReadAction\",\"target\":[\"https:\\\/\\\/www.deutsche-glasfaser.de\\\/blog\\\/cybercrime-man-muss-jeden-tag-neu-fuer-sicherheit-eintreten\\\/\"]}]},{\"@type\":\"ImageObject\",\"inLanguage\":\"de\",\"@id\":\"https:\\\/\\\/www.deutsche-glasfaser.de\\\/blog\\\/cybercrime-man-muss-jeden-tag-neu-fuer-sicherheit-eintreten\\\/#primaryimage\",\"url\":\"https:\\\/\\\/www.deutsche-glasfaser.de\\\/blog\\\/wp-content\\\/uploads\\\/2023\\\/05\\\/GroC39F_28Markus_Hartmann29.jpeg\",\"contentUrl\":\"https:\\\/\\\/www.deutsche-glasfaser.de\\\/blog\\\/wp-content\\\/uploads\\\/2023\\\/05\\\/GroC39F_28Markus_Hartmann29.jpeg\",\"width\":1280,\"height\":960,\"caption\":\"Leitender Oberstaatsanwalt Markus Hartmann sieht Fortschritte bei der Bek\u00e4mpfung von Cyberkriminalit\u00e4t. Foto: \u00a9 Andreas Br\u00fcck\\\/ZAC NRW\"},{\"@type\":\"WebSite\",\"@id\":\"https:\\\/\\\/www.deutsche-glasfaser.de\\\/blog\\\/#website\",\"url\":\"https:\\\/\\\/www.deutsche-glasfaser.de\\\/blog\\\/\",\"name\":\"Digitales B\u00fcrgernetz\",\"description\":\"Deutsche Glasfaser Blog\",\"publisher\":{\"@id\":\"https:\\\/\\\/www.deutsche-glasfaser.de\\\/blog\\\/#organization\"},\"potentialAction\":[{\"@type\":\"SearchAction\",\"target\":{\"@type\":\"EntryPoint\",\"urlTemplate\":\"https:\\\/\\\/www.deutsche-glasfaser.de\\\/blog\\\/?s={search_term_string}\"},\"query-input\":{\"@type\":\"PropertyValueSpecification\",\"valueRequired\":true,\"valueName\":\"search_term_string\"}}],\"inLanguage\":\"de\"},{\"@type\":\"Organization\",\"@id\":\"https:\\\/\\\/www.deutsche-glasfaser.de\\\/blog\\\/#organization\",\"name\":\"Digitales B\u00fcrgernetz\",\"url\":\"https:\\\/\\\/www.deutsche-glasfaser.de\\\/blog\\\/\",\"logo\":{\"@type\":\"ImageObject\",\"inLanguage\":\"de\",\"@id\":\"https:\\\/\\\/www.deutsche-glasfaser.de\\\/blog\\\/#\\\/schema\\\/logo\\\/image\\\/\",\"url\":\"https:\\\/\\\/www.deutsche-glasfaser.de\\\/blog\\\/wp-content\\\/uploads\\\/2021\\\/08\\\/DGF_Logo_Basis_RGB-Large@2x.png\",\"contentUrl\":\"https:\\\/\\\/www.deutsche-glasfaser.de\\\/blog\\\/wp-content\\\/uploads\\\/2021\\\/08\\\/DGF_Logo_Basis_RGB-Large@2x.png\",\"width\":312,\"height\":104,\"caption\":\"Digitales B\u00fcrgernetz\"},\"image\":{\"@id\":\"https:\\\/\\\/www.deutsche-glasfaser.de\\\/blog\\\/#\\\/schema\\\/logo\\\/image\\\/\"}},{\"@type\":\"Person\",\"@id\":\"https:\\\/\\\/www.deutsche-glasfaser.de\\\/blog\\\/#\\\/schema\\\/person\\\/9380a6dc7443d77143d0c66c409f574b\",\"name\":\"Deutsche Glasfaser\"}]}<\/script>\n<!-- \/ Yoast SEO plugin. -->","yoast_head_json":{"title":"Interview mit Markus Hartmann zur Cybersicherheit - Digitales B\u00fcrgernetz","description":"Markus Hartmann leitet die ZAC NRW, die zentrale Anlaufstelle f\u00fcr Cybersicherheit im Land.","robots":{"index":"index","follow":"follow","max-snippet":"max-snippet:-1","max-image-preview":"max-image-preview:large","max-video-preview":"max-video-preview:-1"},"canonical":"https:\/\/www.deutsche-glasfaser.de\/blog\/cybercrime-man-muss-jeden-tag-neu-fuer-sicherheit-eintreten\/","og_locale":"de_DE","og_type":"article","og_title":"Interview mit Markus Hartmann zur Cybersicherheit - Digitales B\u00fcrgernetz","og_description":"Markus Hartmann leitet die ZAC NRW, die zentrale Anlaufstelle f\u00fcr Cybersicherheit im Land.","og_url":"https:\/\/www.deutsche-glasfaser.de\/blog\/cybercrime-man-muss-jeden-tag-neu-fuer-sicherheit-eintreten\/","og_site_name":"Digitales B\u00fcrgernetz","article_published_time":"2023-05-30T10:29:01+00:00","article_modified_time":"2023-05-30T10:29:02+00:00","og_image":[{"width":1280,"height":960,"url":"https:\/\/www.deutsche-glasfaser.de\/blog\/wp-content\/uploads\/2023\/05\/GroC39F_28Markus_Hartmann29.jpeg","type":"image\/jpeg"}],"author":"Deutsche Glasfaser","twitter_card":"summary_large_image","twitter_misc":{"Verfasst von":"Deutsche Glasfaser"},"schema":{"@context":"https:\/\/schema.org","@graph":[{"@type":"Article","@id":"https:\/\/www.deutsche-glasfaser.de\/blog\/cybercrime-man-muss-jeden-tag-neu-fuer-sicherheit-eintreten\/#article","isPartOf":{"@id":"https:\/\/www.deutsche-glasfaser.de\/blog\/cybercrime-man-muss-jeden-tag-neu-fuer-sicherheit-eintreten\/"},"author":{"name":"Deutsche Glasfaser","@id":"https:\/\/www.deutsche-glasfaser.de\/blog\/#\/schema\/person\/9380a6dc7443d77143d0c66c409f574b"},"headline":"Cybercrime: \u201eMan muss jeden Tag neu f\u00fcr Sicherheit eintreten\u201c","datePublished":"2023-05-30T10:29:01+00:00","dateModified":"2023-05-30T10:29:02+00:00","mainEntityOfPage":{"@id":"https:\/\/www.deutsche-glasfaser.de\/blog\/cybercrime-man-muss-jeden-tag-neu-fuer-sicherheit-eintreten\/"},"wordCount":917,"commentCount":0,"publisher":{"@id":"https:\/\/www.deutsche-glasfaser.de\/blog\/#organization"},"image":{"@id":"https:\/\/www.deutsche-glasfaser.de\/blog\/cybercrime-man-muss-jeden-tag-neu-fuer-sicherheit-eintreten\/#primaryimage"},"thumbnailUrl":"https:\/\/www.deutsche-glasfaser.de\/blog\/wp-content\/uploads\/2023\/05\/GroC39F_28Markus_Hartmann29.jpeg","articleSection":["#Gemeinschaft"],"inLanguage":"de","potentialAction":[{"@type":"CommentAction","name":"Comment","target":["https:\/\/www.deutsche-glasfaser.de\/blog\/cybercrime-man-muss-jeden-tag-neu-fuer-sicherheit-eintreten\/#respond"]}]},{"@type":"WebPage","@id":"https:\/\/www.deutsche-glasfaser.de\/blog\/cybercrime-man-muss-jeden-tag-neu-fuer-sicherheit-eintreten\/","url":"https:\/\/www.deutsche-glasfaser.de\/blog\/cybercrime-man-muss-jeden-tag-neu-fuer-sicherheit-eintreten\/","name":"Interview mit Markus Hartmann zur Cybersicherheit - Digitales B\u00fcrgernetz","isPartOf":{"@id":"https:\/\/www.deutsche-glasfaser.de\/blog\/#website"},"primaryImageOfPage":{"@id":"https:\/\/www.deutsche-glasfaser.de\/blog\/cybercrime-man-muss-jeden-tag-neu-fuer-sicherheit-eintreten\/#primaryimage"},"image":{"@id":"https:\/\/www.deutsche-glasfaser.de\/blog\/cybercrime-man-muss-jeden-tag-neu-fuer-sicherheit-eintreten\/#primaryimage"},"thumbnailUrl":"https:\/\/www.deutsche-glasfaser.de\/blog\/wp-content\/uploads\/2023\/05\/GroC39F_28Markus_Hartmann29.jpeg","datePublished":"2023-05-30T10:29:01+00:00","dateModified":"2023-05-30T10:29:02+00:00","description":"Markus Hartmann leitet die ZAC NRW, die zentrale Anlaufstelle f\u00fcr Cybersicherheit im Land.","inLanguage":"de","potentialAction":[{"@type":"ReadAction","target":["https:\/\/www.deutsche-glasfaser.de\/blog\/cybercrime-man-muss-jeden-tag-neu-fuer-sicherheit-eintreten\/"]}]},{"@type":"ImageObject","inLanguage":"de","@id":"https:\/\/www.deutsche-glasfaser.de\/blog\/cybercrime-man-muss-jeden-tag-neu-fuer-sicherheit-eintreten\/#primaryimage","url":"https:\/\/www.deutsche-glasfaser.de\/blog\/wp-content\/uploads\/2023\/05\/GroC39F_28Markus_Hartmann29.jpeg","contentUrl":"https:\/\/www.deutsche-glasfaser.de\/blog\/wp-content\/uploads\/2023\/05\/GroC39F_28Markus_Hartmann29.jpeg","width":1280,"height":960,"caption":"Leitender Oberstaatsanwalt Markus Hartmann sieht Fortschritte bei der Bek\u00e4mpfung von Cyberkriminalit\u00e4t. Foto: \u00a9 Andreas Br\u00fcck\/ZAC NRW"},{"@type":"WebSite","@id":"https:\/\/www.deutsche-glasfaser.de\/blog\/#website","url":"https:\/\/www.deutsche-glasfaser.de\/blog\/","name":"Digitales B\u00fcrgernetz","description":"Deutsche Glasfaser Blog","publisher":{"@id":"https:\/\/www.deutsche-glasfaser.de\/blog\/#organization"},"potentialAction":[{"@type":"SearchAction","target":{"@type":"EntryPoint","urlTemplate":"https:\/\/www.deutsche-glasfaser.de\/blog\/?s={search_term_string}"},"query-input":{"@type":"PropertyValueSpecification","valueRequired":true,"valueName":"search_term_string"}}],"inLanguage":"de"},{"@type":"Organization","@id":"https:\/\/www.deutsche-glasfaser.de\/blog\/#organization","name":"Digitales B\u00fcrgernetz","url":"https:\/\/www.deutsche-glasfaser.de\/blog\/","logo":{"@type":"ImageObject","inLanguage":"de","@id":"https:\/\/www.deutsche-glasfaser.de\/blog\/#\/schema\/logo\/image\/","url":"https:\/\/www.deutsche-glasfaser.de\/blog\/wp-content\/uploads\/2021\/08\/DGF_Logo_Basis_RGB-Large@2x.png","contentUrl":"https:\/\/www.deutsche-glasfaser.de\/blog\/wp-content\/uploads\/2021\/08\/DGF_Logo_Basis_RGB-Large@2x.png","width":312,"height":104,"caption":"Digitales B\u00fcrgernetz"},"image":{"@id":"https:\/\/www.deutsche-glasfaser.de\/blog\/#\/schema\/logo\/image\/"}},{"@type":"Person","@id":"https:\/\/www.deutsche-glasfaser.de\/blog\/#\/schema\/person\/9380a6dc7443d77143d0c66c409f574b","name":"Deutsche Glasfaser"}]}},"_links":{"self":[{"href":"https:\/\/www.deutsche-glasfaser.de\/blog\/wp-json\/wp\/v2\/posts\/12408","targetHints":{"allow":["GET"]}}],"collection":[{"href":"https:\/\/www.deutsche-glasfaser.de\/blog\/wp-json\/wp\/v2\/posts"}],"about":[{"href":"https:\/\/www.deutsche-glasfaser.de\/blog\/wp-json\/wp\/v2\/types\/post"}],"author":[{"embeddable":true,"href":"https:\/\/www.deutsche-glasfaser.de\/blog\/wp-json\/wp\/v2\/users\/5"}],"replies":[{"embeddable":true,"href":"https:\/\/www.deutsche-glasfaser.de\/blog\/wp-json\/wp\/v2\/comments?post=12408"}],"version-history":[{"count":9,"href":"https:\/\/www.deutsche-glasfaser.de\/blog\/wp-json\/wp\/v2\/posts\/12408\/revisions"}],"predecessor-version":[{"id":12418,"href":"https:\/\/www.deutsche-glasfaser.de\/blog\/wp-json\/wp\/v2\/posts\/12408\/revisions\/12418"}],"wp:featuredmedia":[{"embeddable":true,"href":"https:\/\/www.deutsche-glasfaser.de\/blog\/wp-json\/wp\/v2\/media\/12409"}],"wp:attachment":[{"href":"https:\/\/www.deutsche-glasfaser.de\/blog\/wp-json\/wp\/v2\/media?parent=12408"}],"wp:term":[{"taxonomy":"category","embeddable":true,"href":"https:\/\/www.deutsche-glasfaser.de\/blog\/wp-json\/wp\/v2\/categories?post=12408"},{"taxonomy":"post_tag","embeddable":true,"href":"https:\/\/www.deutsche-glasfaser.de\/blog\/wp-json\/wp\/v2\/tags?post=12408"}],"curies":[{"name":"wp","href":"https:\/\/api.w.org\/{rel}","templated":true}]}}