{"id":12251,"date":"2023-05-09T09:27:09","date_gmt":"2023-05-09T07:27:09","guid":{"rendered":"https:\/\/www.deutsche-glasfaser.de\/blog\/?p=12251"},"modified":"2023-05-09T09:27:29","modified_gmt":"2023-05-09T07:27:29","slug":"digitale-kunst-mit-dem-avatar-im-wald","status":"publish","type":"post","link":"https:\/\/www.deutsche-glasfaser.de\/blog\/digitale-kunst-mit-dem-avatar-im-wald\/","title":{"rendered":"Digitale Kunst: mit dem Avatar im Wald"},"content":{"rendered":"\t\t<div data-elementor-type=\"wp-post\" data-elementor-id=\"12251\" class=\"elementor elementor-12251\">\n\t\t\t\t\t\t<section class=\"elementor-section elementor-top-section elementor-element elementor-element-2afff68 elementor-section-boxed elementor-section-height-default elementor-section-height-default\" data-id=\"2afff68\" data-element_type=\"section\" data-e-type=\"section\">\n\t\t\t\t\t\t<div class=\"elementor-container elementor-column-gap-default\">\n\t\t\t\t\t<div class=\"elementor-column elementor-col-100 elementor-top-column elementor-element elementor-element-cf19fb6\" data-id=\"cf19fb6\" data-element_type=\"column\" data-e-type=\"column\">\n\t\t\t<div class=\"elementor-widget-wrap elementor-element-populated\">\n\t\t\t\t\t\t<div class=\"elementor-element elementor-element-627e3c9 elementor-widget elementor-widget-text-editor\" data-id=\"627e3c9\" data-element_type=\"widget\" data-e-type=\"widget\" data-widget_type=\"text-editor.default\">\n\t\t\t\t<div class=\"elementor-widget-container\">\n\t\t\t\t\t\t\t\t\t<p><em>Beim Blick aufs Handy ver\u00e4ndert Kunst die Landschaft.<\/em> <em>Foto <\/em>Naturpark Hoher Fl\u00e4ming e.V.<\/p>\t\t\t\t\t\t\t\t<\/div>\n\t\t\t\t<\/div>\n\t\t\t\t\t<\/div>\n\t\t<\/div>\n\t\t\t\t\t<\/div>\n\t\t<\/section>\n\t\t\t\t<section class=\"elementor-section elementor-top-section elementor-element elementor-element-d9961f3 elementor-section-boxed elementor-section-height-default elementor-section-height-default\" data-id=\"d9961f3\" data-element_type=\"section\" data-e-type=\"section\">\n\t\t\t\t\t\t<div class=\"elementor-container elementor-column-gap-default\">\n\t\t\t\t\t<div class=\"elementor-column elementor-col-100 elementor-top-column elementor-element elementor-element-36840e7\" data-id=\"36840e7\" data-element_type=\"column\" data-e-type=\"column\">\n\t\t\t<div class=\"elementor-widget-wrap elementor-element-populated\">\n\t\t\t\t\t\t<div class=\"elementor-element elementor-element-40ad83b elementor-widget elementor-widget-text-editor\" data-id=\"40ad83b\" data-element_type=\"widget\" data-e-type=\"widget\" data-widget_type=\"text-editor.default\">\n\t\t\t\t<div class=\"elementor-widget-container\">\n\t\t\t\t\t\t\t\t\t<p><span style=\"font-family: 'Arial',sans-serif;\">Im Sommer 2022 wurde die Smart Village App mit dem Preis \u201eDigitale Orte im Land der Ideen\u201c ausgezeichnet. Sie bietet St\u00e4dten und Gemeinden, die mit \u00fcberschaubarem Aufwand eine eigene App erstellen m\u00f6chten, einen digitalen Baukasten. Philipp Wilimzig, Gesch\u00e4ftsf\u00fchrer der Smart Village Solutions erz\u00e4hlt im Interview, wie es seitdem weiterging, und berichtet von der neuesten Erweiterung: einem Kunstwanderweg mit Augmented Reality.<\/span><\/p>\t\t\t\t\t\t\t\t<\/div>\n\t\t\t\t<\/div>\n\t\t\t\t<div class=\"elementor-element elementor-element-57f09d8 elementor-widget elementor-widget-spacer\" data-id=\"57f09d8\" data-element_type=\"widget\" data-e-type=\"widget\" data-widget_type=\"spacer.default\">\n\t\t\t\t<div class=\"elementor-widget-container\">\n\t\t\t\t\t\t\t<div class=\"elementor-spacer\">\n\t\t\t<div class=\"elementor-spacer-inner\"><\/div>\n\t\t<\/div>\n\t\t\t\t\t\t<\/div>\n\t\t\t\t<\/div>\n\t\t\t\t<div class=\"elementor-element elementor-element-15d4b91 elementor-widget elementor-widget-text-editor\" data-id=\"15d4b91\" data-element_type=\"widget\" data-e-type=\"widget\" data-widget_type=\"text-editor.default\">\n\t\t\t\t<div class=\"elementor-widget-container\">\n\t\t\t\t\t\t\t\t\t<p><strong>Herr Wilimzig, was ist die Idee hinter der Smart Village App?<\/strong><\/p><p>Mit der Smart Village App haben wir einen Baukasten f\u00fcr Kommunen entwickelt, mit dem sie eine App erstellen k\u00f6nnen, die unterschiedliche Angebote rund um die Gemeinde zusammenfasst. Das Besondere bei unserem Projekt: Der gesamte Quellcode steht allen mit einer offenen Lizenz zur Verf\u00fcgung. Viele St\u00e4dte und Gemeinden nutzen Apps, um einen leichteren Austausch mit ihren B\u00fcrgern zu erm\u00f6glichen. Dabei werden immer wieder eigenst\u00e4ndige L\u00f6sungen entwickelt, was kosten- und zeitintensiv ist. Mit der Smart Village App wird es einfacher und g\u00fcnstiger, und keine Kommune muss das Rad neu erfinden. Die App wird zum Knotenpunkt \u2013 einem digitalen Ort \u2013 an dem die Gemeinschaft sich sammelt, Services entstehen und genutzt werden k\u00f6nnen.<\/p>\t\t\t\t\t\t\t\t<\/div>\n\t\t\t\t<\/div>\n\t\t\t\t\t<\/div>\n\t\t<\/div>\n\t\t\t\t\t<\/div>\n\t\t<\/section>\n\t\t\t\t<section class=\"elementor-section elementor-top-section elementor-element elementor-element-3b3fb52 elementor-section-boxed elementor-section-height-default elementor-section-height-default\" data-id=\"3b3fb52\" data-element_type=\"section\" data-e-type=\"section\">\n\t\t\t\t\t\t<div class=\"elementor-container elementor-column-gap-default\">\n\t\t\t\t\t<div class=\"elementor-column elementor-col-100 elementor-top-column elementor-element elementor-element-4f9c97c\" data-id=\"4f9c97c\" data-element_type=\"column\" data-e-type=\"column\">\n\t\t\t<div class=\"elementor-widget-wrap elementor-element-populated\">\n\t\t\t\t\t\t<div class=\"elementor-element elementor-element-8a5b2ed elementor-widget elementor-widget-text-editor\" data-id=\"8a5b2ed\" data-element_type=\"widget\" data-e-type=\"widget\" data-widget_type=\"text-editor.default\">\n\t\t\t\t<div class=\"elementor-widget-container\">\n\t\t\t\t\t\t\t\t\t<p><strong>Was hat es f\u00fcr Sie bedeutet, im vergangenen Jahr den Preis \u201eDigitale Orte im Land der Ideen\u201c zu gewinnen?<\/strong><\/p><p>Zun\u00e4chst war das eine tolle Anerkennung unserer Arbeit. Auch die politische Aufmerksamkeit f\u00fcr unser Projekt ist gestiegen. So sind wir beispielswiese sp\u00e4ter vom Brandenburger Innenminister mit der Theodor-Fontane-Medaille ausgezeichnet worden. Dar\u00fcber hinaus war die Preisverleihung in Berlin eine tolle Veranstaltung, zu der wir nicht nur einige unserer Partner einladen durften, sondern auf der wir auch Kontakte zu den anderen Preistr\u00e4gern kn\u00fcpfen konnten. Seitdem haben wir uns immer st\u00e4rker vernetzt und machen teilweise gemeinsame Projekte.<\/p>\t\t\t\t\t\t\t\t<\/div>\n\t\t\t\t<\/div>\n\t\t\t\t<div class=\"elementor-element elementor-element-82147b4 elementor-widget elementor-widget-spacer\" data-id=\"82147b4\" data-element_type=\"widget\" data-e-type=\"widget\" data-widget_type=\"spacer.default\">\n\t\t\t\t<div class=\"elementor-widget-container\">\n\t\t\t\t\t\t\t<div class=\"elementor-spacer\">\n\t\t\t<div class=\"elementor-spacer-inner\"><\/div>\n\t\t<\/div>\n\t\t\t\t\t\t<\/div>\n\t\t\t\t<\/div>\n\t\t\t\t<div class=\"elementor-element elementor-element-6af375d elementor-widget elementor-widget-image\" data-id=\"6af375d\" data-element_type=\"widget\" data-e-type=\"widget\" data-widget_type=\"image.default\">\n\t\t\t\t<div class=\"elementor-widget-container\">\n\t\t\t\t\t\t\t\t\t\t\t\t<figure class=\"wp-caption\">\n\t\t\t\t\t\t\t\t\t\t<img fetchpriority=\"high\" decoding=\"async\" width=\"768\" height=\"512\" src=\"https:\/\/www.deutsche-glasfaser.de\/blog\/wp-content\/uploads\/2023\/05\/smart-village-app-20220610093626.1400-0-90-768x512.jpg\" class=\"attachment-medium_large size-medium_large wp-image-12254\" alt=\"F\u00fcnf Personen auf einer B\u00fchne, ein Preistr\u00e4ger h\u00e4lt eine Urkunde in der Hand. Foto: Deutschland \u2013 Land der Ideen\/Bernd Brundert\" srcset=\"https:\/\/www.deutsche-glasfaser.de\/blog\/wp-content\/uploads\/2023\/05\/smart-village-app-20220610093626.1400-0-90-768x512.jpg 768w, https:\/\/www.deutsche-glasfaser.de\/blog\/wp-content\/uploads\/2023\/05\/smart-village-app-20220610093626.1400-0-90-300x200.jpg 300w, https:\/\/www.deutsche-glasfaser.de\/blog\/wp-content\/uploads\/2023\/05\/smart-village-app-20220610093626.1400-0-90-1024x683.jpg 1024w, https:\/\/www.deutsche-glasfaser.de\/blog\/wp-content\/uploads\/2023\/05\/smart-village-app-20220610093626.1400-0-90.jpg 1400w\" sizes=\"(max-width: 768px) 100vw, 768px\" \/>\t\t\t\t\t\t\t\t\t\t\t<figcaption class=\"widget-image-caption wp-caption-text\">Philipp Wilimzig (3. v. l.) bei der Preisverleihung im Sommer 2022. Foto: Deutschland \u2013 Land der Ideen\/Bernd Brundert<\/figcaption>\n\t\t\t\t\t\t\t\t\t\t<\/figure>\n\t\t\t\t\t\t\t\t\t<\/div>\n\t\t\t\t<\/div>\n\t\t\t\t<div class=\"elementor-element elementor-element-fd85567 elementor-widget elementor-widget-spacer\" data-id=\"fd85567\" data-element_type=\"widget\" data-e-type=\"widget\" data-widget_type=\"spacer.default\">\n\t\t\t\t<div class=\"elementor-widget-container\">\n\t\t\t\t\t\t\t<div class=\"elementor-spacer\">\n\t\t\t<div class=\"elementor-spacer-inner\"><\/div>\n\t\t<\/div>\n\t\t\t\t\t\t<\/div>\n\t\t\t\t<\/div>\n\t\t\t\t<div class=\"elementor-element elementor-element-fb17f3b elementor-widget elementor-widget-text-editor\" data-id=\"fb17f3b\" data-element_type=\"widget\" data-e-type=\"widget\" data-widget_type=\"text-editor.default\">\n\t\t\t\t<div class=\"elementor-widget-container\">\n\t\t\t\t\t\t\t\t\t<p><strong>Wie hat sich die Smart Village App seitdem weiterentwickelt und wie wird sie von den Kommunen eingesetzt?<\/strong><\/p><p>Da wir den App-Baukasten als Open-Source-L\u00f6sung anbieten, kann jeder den Quellcode einfach nutzen. Allerdings haben nur wenige Kommunen eigene Programmierer, um das komplett allein zu stemmen. Die meisten nehmen uns auch als Dienstleister in Anspruch, um ihre Angebote umzusetzen. Waren es letzten Sommer noch etwas \u00fcber 20 Kommunen, nutzen mittlerweile rund 30 Gemeinden und Landkreise den Baukasten. Dabei kann jede Kommune selbst entscheiden, wie sie das Tool haupts\u00e4chlich nutzt. Durch das Open-Source-Konzept wird der Umfang an Anwendungsm\u00f6glichkeiten au\u00dferdem immer gr\u00f6\u00dfer, denn jede neue Funktion, die eine Gemeinde beauftragt, steht auch den anderen zur Verf\u00fcgung.<\/p><p>Im Fokus steht in der Regel die Informationsvermittlung. Lokale Nachrichten, Veranstaltungskalender, ein digitales Branchenbuch oder ein Abfallkalender mit Erinnerungsfunktion sind Angebote, die viele Kommunen in der App zusammenfassen. Auch zur Vernetzung in der Nachbarschaft und zur B\u00fcrgerbeteiligung wird sie genutzt.<\/p>\t\t\t\t\t\t\t\t<\/div>\n\t\t\t\t<\/div>\n\t\t\t\t\t<\/div>\n\t\t<\/div>\n\t\t\t\t\t<\/div>\n\t\t<\/section>\n\t\t\t\t<section class=\"elementor-section elementor-top-section elementor-element elementor-element-cd67dcc elementor-section-boxed elementor-section-height-default elementor-section-height-default\" data-id=\"cd67dcc\" data-element_type=\"section\" data-e-type=\"section\">\n\t\t\t\t\t\t<div class=\"elementor-container elementor-column-gap-default\">\n\t\t\t\t\t<div class=\"elementor-column elementor-col-100 elementor-top-column elementor-element elementor-element-c5c70ab\" data-id=\"c5c70ab\" data-element_type=\"column\" data-e-type=\"column\">\n\t\t\t<div class=\"elementor-widget-wrap elementor-element-populated\">\n\t\t\t\t\t\t<div class=\"elementor-element elementor-element-e519be2 elementor-widget elementor-widget-text-editor\" data-id=\"e519be2\" data-element_type=\"widget\" data-e-type=\"widget\" data-widget_type=\"text-editor.default\">\n\t\t\t\t<div class=\"elementor-widget-container\">\n\t\t\t\t\t\t\t\t\t<p><strong>Die Pilotkommune Bad Belzig s\u00fcdwestlich von Potsdam hat jetzt ein neues Angebot integriert. Erz\u00e4hlen Sie uns davon?<\/strong><\/p><p>Sehr gerne, denn das ist f\u00fcr uns praktisch das Sahneh\u00e4ubchen bei dem ganzen Projekt. In Bad Belzig konnten wir jetzt Augmented Reality in die App integrieren, was wir schon immer tun wollten, aber bisher fehlten das Budget und auch die Inhalte, die damit digital angereichert werden sollen.<\/p>\t\t\t\t\t\t\t\t<\/div>\n\t\t\t\t<\/div>\n\t\t\t\t<div class=\"elementor-element elementor-element-704dac1 elementor-widget elementor-widget-spacer\" data-id=\"704dac1\" data-element_type=\"widget\" data-e-type=\"widget\" data-widget_type=\"spacer.default\">\n\t\t\t\t<div class=\"elementor-widget-container\">\n\t\t\t\t\t\t\t<div class=\"elementor-spacer\">\n\t\t\t<div class=\"elementor-spacer-inner\"><\/div>\n\t\t<\/div>\n\t\t\t\t\t\t<\/div>\n\t\t\t\t<\/div>\n\t\t\t\t<div class=\"elementor-element elementor-element-ee5993a elementor-widget elementor-widget-image\" data-id=\"ee5993a\" data-element_type=\"widget\" data-e-type=\"widget\" data-widget_type=\"image.default\">\n\t\t\t\t<div class=\"elementor-widget-container\">\n\t\t\t\t\t\t\t\t\t\t\t\t<figure class=\"wp-caption\">\n\t\t\t\t\t\t\t\t\t\t<img decoding=\"async\" width=\"768\" height=\"512\" src=\"https:\/\/www.deutsche-glasfaser.de\/blog\/wp-content\/uploads\/2023\/05\/KWW.XR-AR-Installation_websized-115B485D-768x512.jpeg\" class=\"attachment-medium_large size-medium_large wp-image-12252\" alt=\"Eine Frau h\u00e4lt im Wald ein Handy in der Hand. Foto Naturpark Hoher Fl\u00e4ming e.V.\" srcset=\"https:\/\/www.deutsche-glasfaser.de\/blog\/wp-content\/uploads\/2023\/05\/KWW.XR-AR-Installation_websized-115B485D-768x512.jpeg 768w, https:\/\/www.deutsche-glasfaser.de\/blog\/wp-content\/uploads\/2023\/05\/KWW.XR-AR-Installation_websized-115B485D-300x200.jpeg 300w, https:\/\/www.deutsche-glasfaser.de\/blog\/wp-content\/uploads\/2023\/05\/KWW.XR-AR-Installation_websized-115B485D-1024x682.jpeg 1024w, https:\/\/www.deutsche-glasfaser.de\/blog\/wp-content\/uploads\/2023\/05\/KWW.XR-AR-Installation_websized-115B485D.jpeg 1280w\" sizes=\"(max-width: 768px) 100vw, 768px\" \/>\t\t\t\t\t\t\t\t\t\t\t<figcaption class=\"widget-image-caption wp-caption-text\">\u00dcber die App erscheinen im Wald digitale Kunstwerke. Foto Naturpark Hoher Fl\u00e4ming e.V.<\/figcaption>\n\t\t\t\t\t\t\t\t\t\t<\/figure>\n\t\t\t\t\t\t\t\t\t<\/div>\n\t\t\t\t<\/div>\n\t\t\t\t<div class=\"elementor-element elementor-element-c55cd08 elementor-widget elementor-widget-spacer\" data-id=\"c55cd08\" data-element_type=\"widget\" data-e-type=\"widget\" data-widget_type=\"spacer.default\">\n\t\t\t\t<div class=\"elementor-widget-container\">\n\t\t\t\t\t\t\t<div class=\"elementor-spacer\">\n\t\t\t<div class=\"elementor-spacer-inner\"><\/div>\n\t\t<\/div>\n\t\t\t\t\t\t<\/div>\n\t\t\t\t<\/div>\n\t\t\t\t<div class=\"elementor-element elementor-element-f4cf044 elementor-widget elementor-widget-text-editor\" data-id=\"f4cf044\" data-element_type=\"widget\" data-e-type=\"widget\" data-widget_type=\"text-editor.default\">\n\t\t\t\t<div class=\"elementor-widget-container\">\n\t\t\t\t\t\t\t\t\t<p>Dank einer F\u00f6rderung durch den Europ\u00e4ischen Fonds f\u00fcr regionale Entwicklung wurde der Kunstwanderweg XR umgesetzt. Der Kunstwanderweg zwischen den Bahnh\u00f6fen Bad Belzig und Wiesenburg ist seit langem ein wichtiges Projekt des Naturparkvereins Hoher Fl\u00e4ming. Auf einer sieben Kilometer langen Teilstrecke wurde er nun durch digitale Kunst mit Augmented-Reality-Technologie erweitert, die \u00fcber die Bad Belzig App \u2013 die erste App, die auf der Smart-Village-L\u00f6sung basiert \u2013 betrachtet werden kann.<\/p><p>Sechs der bereits bestehenden acht analogen Kunstwerke k\u00f6nnen sich die Wanderer jetzt von digitalen Avataren erkl\u00e4ren lassen. Dar\u00fcber hinaus haben f\u00fcnf internationale K\u00fcnstlerinnen und K\u00fcnstler, die von einer Jury ausgew\u00e4hlt wurden, neue Augmented-Reality-Werke erschaffen. Basis daf\u00fcr ist nat\u00fcrlich die gute Internetinfrastruktur, die wir in der Region haben, denn dazu m\u00fcssen teilweise recht gro\u00dfe 3-D-Objekte heruntergeladen werden. An einigen Stellen des Wanderwegs gibt es deshalb WLAN.<\/p>\t\t\t\t\t\t\t\t<\/div>\n\t\t\t\t<\/div>\n\t\t\t\t\t<\/div>\n\t\t<\/div>\n\t\t\t\t\t<\/div>\n\t\t<\/section>\n\t\t\t\t<section class=\"elementor-section elementor-top-section elementor-element elementor-element-15eba48 elementor-section-boxed elementor-section-height-default elementor-section-height-default\" data-id=\"15eba48\" data-element_type=\"section\" data-e-type=\"section\">\n\t\t\t\t\t\t<div class=\"elementor-container elementor-column-gap-default\">\n\t\t\t\t\t<div class=\"elementor-column elementor-col-100 elementor-top-column elementor-element elementor-element-78b51b9\" data-id=\"78b51b9\" data-element_type=\"column\" data-e-type=\"column\">\n\t\t\t<div class=\"elementor-widget-wrap elementor-element-populated\">\n\t\t\t\t\t\t<div class=\"elementor-element elementor-element-1f3df80 elementor-widget elementor-widget-spacer\" data-id=\"1f3df80\" data-element_type=\"widget\" data-e-type=\"widget\" data-widget_type=\"spacer.default\">\n\t\t\t\t<div class=\"elementor-widget-container\">\n\t\t\t\t\t\t\t<div class=\"elementor-spacer\">\n\t\t\t<div class=\"elementor-spacer-inner\"><\/div>\n\t\t<\/div>\n\t\t\t\t\t\t<\/div>\n\t\t\t\t<\/div>\n\t\t\t\t<div class=\"elementor-element elementor-element-c6072e7 elementor-widget elementor-widget-text-editor\" data-id=\"c6072e7\" data-element_type=\"widget\" data-e-type=\"widget\" data-widget_type=\"text-editor.default\">\n\t\t\t\t<div class=\"elementor-widget-container\">\n\t\t\t\t\t\t\t\t\t<p><b><span style=\"font-family: 'Arial',sans-serif;\">Was begeistert Sie besonders an diesem Angebot?<\/span><\/b><\/p><p><span style=\"font-family: 'Arial',sans-serif;\">Ich finde es toll, dass wir so zeigen: Ernsthafte Kunst, die mitunter technisch sehr anspruchsvoll ist, ist nicht nur in den gro\u00dfen, modernen St\u00e4dten zu finden, sondern eben auch auf dem Land. Wir haben in Bad Belzig eine sehr dynamische Community, die sich daf\u00fcr einsetzt, die Region smarter zu machen. Hier passiert ganz viel, was es woanders gar nicht gibt. Ein Kunstwerk des iranischen K\u00fcnstlers Mohsen Hazrati entwickelt sich beispielsweise immer weiter und ver\u00e4ndert sich im Laufe der Zeit. Alle, die es bisher gesehen haben, waren hellauf begeistert. Nat\u00fcrlich hoffen wir auch, dass sich durch dieses neue Feature weitere Kommunen, die den Smart-Village-Baukasten nutzen, an das Thema Augmented Reality herantrauen.<\/span><\/p>\t\t\t\t\t\t\t\t<\/div>\n\t\t\t\t<\/div>\n\t\t\t\t<div class=\"elementor-element elementor-element-23f9c51 elementor-widget elementor-widget-spacer\" data-id=\"23f9c51\" data-element_type=\"widget\" data-e-type=\"widget\" data-widget_type=\"spacer.default\">\n\t\t\t\t<div class=\"elementor-widget-container\">\n\t\t\t\t\t\t\t<div class=\"elementor-spacer\">\n\t\t\t<div class=\"elementor-spacer-inner\"><\/div>\n\t\t<\/div>\n\t\t\t\t\t\t<\/div>\n\t\t\t\t<\/div>\n\t\t\t\t<div class=\"elementor-element elementor-element-e48beec elementor-widget elementor-widget-image\" data-id=\"e48beec\" data-element_type=\"widget\" data-e-type=\"widget\" data-widget_type=\"image.default\">\n\t\t\t\t<div class=\"elementor-widget-container\">\n\t\t\t\t\t\t\t\t\t\t\t\t<figure class=\"wp-caption\">\n\t\t\t\t\t\t\t\t\t\t<img decoding=\"async\" width=\"768\" height=\"1024\" src=\"https:\/\/www.deutsche-glasfaser.de\/blog\/wp-content\/uploads\/2023\/05\/HAZRATI_Mohsen_PR_Bild_final_035B885D-768x1024.jpeg\" class=\"attachment-medium_large size-medium_large wp-image-12255\" alt=\"Auf einem Waldweg erscheint eine digitale Skulptur. Foto Naturpark Hoher Fl\u00e4ming e.V.\" srcset=\"https:\/\/www.deutsche-glasfaser.de\/blog\/wp-content\/uploads\/2023\/05\/HAZRATI_Mohsen_PR_Bild_final_035B885D-768x1024.jpeg 768w, https:\/\/www.deutsche-glasfaser.de\/blog\/wp-content\/uploads\/2023\/05\/HAZRATI_Mohsen_PR_Bild_final_035B885D-225x300.jpeg 225w, https:\/\/www.deutsche-glasfaser.de\/blog\/wp-content\/uploads\/2023\/05\/HAZRATI_Mohsen_PR_Bild_final_035B885D.jpeg 960w\" sizes=\"(max-width: 768px) 100vw, 768px\" \/>\t\t\t\t\t\t\t\t\t\t\t<figcaption class=\"widget-image-caption wp-caption-text\">Das digitale Kunstwerk von Mohsen Hazrati ver\u00e4ndert sich mit der Zeit. Foto Naturpark Hoher Fl\u00e4ming e.V.<\/figcaption>\n\t\t\t\t\t\t\t\t\t\t<\/figure>\n\t\t\t\t\t\t\t\t\t<\/div>\n\t\t\t\t<\/div>\n\t\t\t\t<div class=\"elementor-element elementor-element-fb6406c elementor-widget elementor-widget-spacer\" data-id=\"fb6406c\" data-element_type=\"widget\" data-e-type=\"widget\" data-widget_type=\"spacer.default\">\n\t\t\t\t<div class=\"elementor-widget-container\">\n\t\t\t\t\t\t\t<div class=\"elementor-spacer\">\n\t\t\t<div class=\"elementor-spacer-inner\"><\/div>\n\t\t<\/div>\n\t\t\t\t\t\t<\/div>\n\t\t\t\t<\/div>\n\t\t\t\t\t<\/div>\n\t\t<\/div>\n\t\t\t\t\t<\/div>\n\t\t<\/section>\n\t\t\t\t<section class=\"elementor-section elementor-top-section elementor-element elementor-element-394bcc7 elementor-section-boxed elementor-section-height-default elementor-section-height-default\" data-id=\"394bcc7\" data-element_type=\"section\" data-e-type=\"section\">\n\t\t\t\t\t\t<div class=\"elementor-container elementor-column-gap-default\">\n\t\t\t\t\t<div class=\"elementor-column elementor-col-100 elementor-top-column elementor-element elementor-element-5de2258\" data-id=\"5de2258\" data-element_type=\"column\" data-e-type=\"column\">\n\t\t\t<div class=\"elementor-widget-wrap elementor-element-populated\">\n\t\t\t\t\t\t<div class=\"elementor-element elementor-element-754b627 eael-infobox-icon-bg-shape-none eael-infobox-icon-hover-bg-shape-none elementor-widget elementor-widget-eael-info-box\" data-id=\"754b627\" data-element_type=\"widget\" data-e-type=\"widget\" data-widget_type=\"eael-info-box.default\">\n\t\t\t\t<div class=\"elementor-widget-container\">\n\t\t\t\t\t        <div class=\"eael-infobox icon-on-left\">\n\t            <div class=\"infobox-icon eael-icon-only\">\n\n            \n                            <div class=\"infobox-icon-wrap\">\n                    <i aria-hidden=\"true\" class=\"fas fa-info-circle\"><\/i>                <\/div>\n            \n            \n        <\/div>\n            <div class=\"infobox-content eael-icon-only\">\n                    <div class=\"infobox-title-section\">\n                <h5 class=\"title\">\u00dcber den Wettbewerb<\/h5>            <\/div>\n            <div><p>2022 hatten die Deutsche Glasfaser und \u201eDeutschland \u2013 Land der Ideen\u201c zum ersten Mal den Wettbewerb \u201eDigitale Orte im Land der Ideen\u201c ausgerufen, um zu zeigen, welche Innovationskraft im l\u00e4ndlichen Raum steckt. Mit gro\u00dfer Resonanz: Mehr als 200 Projekte bewarben sich damals um die Auszeichnung. Zehn Preistr\u00e4ger wurden ausgew\u00e4hlt. Mehr dazu lesen Sie <strong><a href=\"https:\/\/www.deutsche-glasfaser.de\/blog\/digitale-orte-im-land-der-ideen-gewinner-2022\/\"><u>hier<\/u><\/a><\/strong>. Der n\u00e4chste Wettbewerb findet bald wieder statt! Stay tuned!<\/p><\/div>        <\/div>\n            <\/div>\n\n\t\t\t\t\t\t<\/div>\n\t\t\t\t<\/div>\n\t\t\t\t\t<\/div>\n\t\t<\/div>\n\t\t\t\t\t<\/div>\n\t\t<\/section>\n\t\t\t\t<section class=\"elementor-section elementor-top-section elementor-element elementor-element-09c790e elementor-section-boxed elementor-section-height-default elementor-section-height-default\" data-id=\"09c790e\" data-element_type=\"section\" data-e-type=\"section\">\n\t\t\t\t\t\t<div class=\"elementor-container elementor-column-gap-default\">\n\t\t\t\t\t<div class=\"elementor-column elementor-col-100 elementor-top-column elementor-element elementor-element-065ea23\" data-id=\"065ea23\" data-element_type=\"column\" data-e-type=\"column\">\n\t\t\t<div class=\"elementor-widget-wrap elementor-element-populated\">\n\t\t\t\t\t\t<div class=\"elementor-element elementor-element-0ebc5e0 eael-infobox-icon-bg-shape-none eael-infobox-icon-hover-bg-shape-none elementor-widget elementor-widget-eael-info-box\" data-id=\"0ebc5e0\" data-element_type=\"widget\" data-e-type=\"widget\" data-widget_type=\"eael-info-box.default\">\n\t\t\t\t<div class=\"elementor-widget-container\">\n\t\t\t\t\t        <div class=\"eael-infobox icon-on-left\">\n\t            <div class=\"infobox-icon eael-icon-only\">\n\n            \n                            <div class=\"infobox-icon-wrap\">\n                    <i aria-hidden=\"true\" class=\"fas fa-info-circle\"><\/i>                <\/div>\n            \n            \n        <\/div>\n            <div class=\"infobox-content eael-icon-only\">\n                    <div class=\"infobox-title-section\">\n                <h5 class=\"title\">Zum Projekt<\/h5>            <\/div>\n            <div><p>Alle Infos zur Smart Village App gibt es auf <a href=\"https:\/\/smart-village.app\"><strong>https:\/\/smart-village.app<\/strong><\/a>. Weitere Einblicke in den Kunstwanderweg gibt es auf <strong><a href=\"http:\/\/www.wandern-im-flaeming.de\">www.wandern-im-flaeming.de<\/a><\/strong>.<\/p><\/div>        <\/div>\n            <\/div>\n\n\t\t\t\t\t\t<\/div>\n\t\t\t\t<\/div>\n\t\t\t\t\t<\/div>\n\t\t<\/div>\n\t\t\t\t\t<\/div>\n\t\t<\/section>\n\t\t\t\t<\/div>\n\t\t","protected":false},"excerpt":{"rendered":"<p>Die App-L\u00f6sung Smart Village gewann 2022 beim Wettbewerb \u201eDigitale Orte im Land der Ideen\u201c. Seitdem geht die Erfolgsstory weiter. Seit M\u00e4rz bietet die erste Kommune dar\u00fcber Augmented Reality an \u2013 und zwar in Form von Kunstwerken auf einem Wanderweg.<\/p>\n","protected":false},"author":5,"featured_media":12253,"comment_status":"open","ping_status":"open","sticky":false,"template":"","format":"standard","meta":{"footnotes":""},"categories":[71],"tags":[],"class_list":["post-12251","post","type-post","status-publish","format-standard","has-post-thumbnail","hentry","category-gemeinschaft"],"yoast_head":"<!-- This site is optimized with the Yoast SEO plugin v27.5 - https:\/\/yoast.com\/product\/yoast-seo-wordpress\/ -->\n<title>Adaptive App f\u00fcr Kommunen - Digitales B\u00fcrgernetz<\/title>\n<meta name=\"description\" content=\"Die Open-Source-L\u00f6sung Smart Village hilft Kommunen dabei, ihr App adaptiv weiter zu entwickeln \u2013 zum Beispiel f\u00fcr ein Kunst-Projekt mit Augmented Reality.\" \/>\n<meta name=\"robots\" content=\"index, follow, max-snippet:-1, max-image-preview:large, max-video-preview:-1\" \/>\n<link rel=\"canonical\" href=\"https:\/\/www.deutsche-glasfaser.de\/blog\/digitale-kunst-mit-dem-avatar-im-wald\/\" \/>\n<meta property=\"og:locale\" content=\"de_DE\" \/>\n<meta property=\"og:type\" content=\"article\" \/>\n<meta property=\"og:title\" content=\"Adaptive App f\u00fcr Kommunen - Digitales B\u00fcrgernetz\" \/>\n<meta property=\"og:description\" content=\"Die Open-Source-L\u00f6sung Smart Village hilft Kommunen dabei, ihr App adaptiv weiter zu entwickeln \u2013 zum Beispiel f\u00fcr ein Kunst-Projekt mit Augmented Reality.\" \/>\n<meta property=\"og:url\" content=\"https:\/\/www.deutsche-glasfaser.de\/blog\/digitale-kunst-mit-dem-avatar-im-wald\/\" \/>\n<meta property=\"og:site_name\" content=\"Digitales B\u00fcrgernetz\" \/>\n<meta property=\"article:published_time\" content=\"2023-05-09T07:27:09+00:00\" \/>\n<meta property=\"article:modified_time\" content=\"2023-05-09T07:27:29+00:00\" \/>\n<meta property=\"og:image\" content=\"https:\/\/www.deutsche-glasfaser.de\/blog\/wp-content\/uploads\/2023\/05\/Bild_Kunstwanderweg_XR_281295B515D.jpg\" \/>\n\t<meta property=\"og:image:width\" content=\"1191\" \/>\n\t<meta property=\"og:image:height\" content=\"842\" \/>\n\t<meta property=\"og:image:type\" content=\"image\/jpeg\" \/>\n<meta name=\"author\" content=\"Deutsche Glasfaser\" \/>\n<meta name=\"twitter:card\" content=\"summary_large_image\" \/>\n<meta name=\"twitter:label1\" content=\"Verfasst von\" \/>\n\t<meta name=\"twitter:data1\" content=\"Deutsche Glasfaser\" \/>\n\t<meta name=\"twitter:label2\" content=\"Gesch\u00e4tzte Lesezeit\" \/>\n\t<meta name=\"twitter:data2\" content=\"6\u00a0Minuten\" \/>\n<script type=\"application\/ld+json\" class=\"yoast-schema-graph\">{\"@context\":\"https:\\\/\\\/schema.org\",\"@graph\":[{\"@type\":\"Article\",\"@id\":\"https:\\\/\\\/www.deutsche-glasfaser.de\\\/blog\\\/digitale-kunst-mit-dem-avatar-im-wald\\\/#article\",\"isPartOf\":{\"@id\":\"https:\\\/\\\/www.deutsche-glasfaser.de\\\/blog\\\/digitale-kunst-mit-dem-avatar-im-wald\\\/\"},\"author\":{\"name\":\"Deutsche Glasfaser\",\"@id\":\"https:\\\/\\\/www.deutsche-glasfaser.de\\\/blog\\\/#\\\/schema\\\/person\\\/9380a6dc7443d77143d0c66c409f574b\"},\"headline\":\"Digitale Kunst: mit dem Avatar im Wald\",\"datePublished\":\"2023-05-09T07:27:09+00:00\",\"dateModified\":\"2023-05-09T07:27:29+00:00\",\"mainEntityOfPage\":{\"@id\":\"https:\\\/\\\/www.deutsche-glasfaser.de\\\/blog\\\/digitale-kunst-mit-dem-avatar-im-wald\\\/\"},\"wordCount\":955,\"commentCount\":0,\"publisher\":{\"@id\":\"https:\\\/\\\/www.deutsche-glasfaser.de\\\/blog\\\/#organization\"},\"image\":{\"@id\":\"https:\\\/\\\/www.deutsche-glasfaser.de\\\/blog\\\/digitale-kunst-mit-dem-avatar-im-wald\\\/#primaryimage\"},\"thumbnailUrl\":\"https:\\\/\\\/www.deutsche-glasfaser.de\\\/blog\\\/wp-content\\\/uploads\\\/2023\\\/05\\\/Bild_Kunstwanderweg_XR_281295B515D.jpg\",\"articleSection\":[\"#Gemeinschaft\"],\"inLanguage\":\"de\",\"potentialAction\":[{\"@type\":\"CommentAction\",\"name\":\"Comment\",\"target\":[\"https:\\\/\\\/www.deutsche-glasfaser.de\\\/blog\\\/digitale-kunst-mit-dem-avatar-im-wald\\\/#respond\"]}]},{\"@type\":\"WebPage\",\"@id\":\"https:\\\/\\\/www.deutsche-glasfaser.de\\\/blog\\\/digitale-kunst-mit-dem-avatar-im-wald\\\/\",\"url\":\"https:\\\/\\\/www.deutsche-glasfaser.de\\\/blog\\\/digitale-kunst-mit-dem-avatar-im-wald\\\/\",\"name\":\"Adaptive App f\u00fcr Kommunen - Digitales B\u00fcrgernetz\",\"isPartOf\":{\"@id\":\"https:\\\/\\\/www.deutsche-glasfaser.de\\\/blog\\\/#website\"},\"primaryImageOfPage\":{\"@id\":\"https:\\\/\\\/www.deutsche-glasfaser.de\\\/blog\\\/digitale-kunst-mit-dem-avatar-im-wald\\\/#primaryimage\"},\"image\":{\"@id\":\"https:\\\/\\\/www.deutsche-glasfaser.de\\\/blog\\\/digitale-kunst-mit-dem-avatar-im-wald\\\/#primaryimage\"},\"thumbnailUrl\":\"https:\\\/\\\/www.deutsche-glasfaser.de\\\/blog\\\/wp-content\\\/uploads\\\/2023\\\/05\\\/Bild_Kunstwanderweg_XR_281295B515D.jpg\",\"datePublished\":\"2023-05-09T07:27:09+00:00\",\"dateModified\":\"2023-05-09T07:27:29+00:00\",\"description\":\"Die Open-Source-L\u00f6sung Smart Village hilft Kommunen dabei, ihr App adaptiv weiter zu entwickeln \u2013 zum Beispiel f\u00fcr ein Kunst-Projekt mit Augmented Reality.\",\"inLanguage\":\"de\",\"potentialAction\":[{\"@type\":\"ReadAction\",\"target\":[\"https:\\\/\\\/www.deutsche-glasfaser.de\\\/blog\\\/digitale-kunst-mit-dem-avatar-im-wald\\\/\"]}]},{\"@type\":\"ImageObject\",\"inLanguage\":\"de\",\"@id\":\"https:\\\/\\\/www.deutsche-glasfaser.de\\\/blog\\\/digitale-kunst-mit-dem-avatar-im-wald\\\/#primaryimage\",\"url\":\"https:\\\/\\\/www.deutsche-glasfaser.de\\\/blog\\\/wp-content\\\/uploads\\\/2023\\\/05\\\/Bild_Kunstwanderweg_XR_281295B515D.jpg\",\"contentUrl\":\"https:\\\/\\\/www.deutsche-glasfaser.de\\\/blog\\\/wp-content\\\/uploads\\\/2023\\\/05\\\/Bild_Kunstwanderweg_XR_281295B515D.jpg\",\"width\":1191,\"height\":842,\"caption\":\"Beim Blick aufs Handy ver\u00e4ndert Kunst die Landschaft.\"},{\"@type\":\"WebSite\",\"@id\":\"https:\\\/\\\/www.deutsche-glasfaser.de\\\/blog\\\/#website\",\"url\":\"https:\\\/\\\/www.deutsche-glasfaser.de\\\/blog\\\/\",\"name\":\"Digitales B\u00fcrgernetz\",\"description\":\"Deutsche Glasfaser Blog\",\"publisher\":{\"@id\":\"https:\\\/\\\/www.deutsche-glasfaser.de\\\/blog\\\/#organization\"},\"potentialAction\":[{\"@type\":\"SearchAction\",\"target\":{\"@type\":\"EntryPoint\",\"urlTemplate\":\"https:\\\/\\\/www.deutsche-glasfaser.de\\\/blog\\\/?s={search_term_string}\"},\"query-input\":{\"@type\":\"PropertyValueSpecification\",\"valueRequired\":true,\"valueName\":\"search_term_string\"}}],\"inLanguage\":\"de\"},{\"@type\":\"Organization\",\"@id\":\"https:\\\/\\\/www.deutsche-glasfaser.de\\\/blog\\\/#organization\",\"name\":\"Digitales B\u00fcrgernetz\",\"url\":\"https:\\\/\\\/www.deutsche-glasfaser.de\\\/blog\\\/\",\"logo\":{\"@type\":\"ImageObject\",\"inLanguage\":\"de\",\"@id\":\"https:\\\/\\\/www.deutsche-glasfaser.de\\\/blog\\\/#\\\/schema\\\/logo\\\/image\\\/\",\"url\":\"https:\\\/\\\/www.deutsche-glasfaser.de\\\/blog\\\/wp-content\\\/uploads\\\/2021\\\/08\\\/DGF_Logo_Basis_RGB-Large@2x.png\",\"contentUrl\":\"https:\\\/\\\/www.deutsche-glasfaser.de\\\/blog\\\/wp-content\\\/uploads\\\/2021\\\/08\\\/DGF_Logo_Basis_RGB-Large@2x.png\",\"width\":312,\"height\":104,\"caption\":\"Digitales B\u00fcrgernetz\"},\"image\":{\"@id\":\"https:\\\/\\\/www.deutsche-glasfaser.de\\\/blog\\\/#\\\/schema\\\/logo\\\/image\\\/\"}},{\"@type\":\"Person\",\"@id\":\"https:\\\/\\\/www.deutsche-glasfaser.de\\\/blog\\\/#\\\/schema\\\/person\\\/9380a6dc7443d77143d0c66c409f574b\",\"name\":\"Deutsche Glasfaser\"}]}<\/script>\n<!-- \/ Yoast SEO plugin. -->","yoast_head_json":{"title":"Adaptive App f\u00fcr Kommunen - Digitales B\u00fcrgernetz","description":"Die Open-Source-L\u00f6sung Smart Village hilft Kommunen dabei, ihr App adaptiv weiter zu entwickeln \u2013 zum Beispiel f\u00fcr ein Kunst-Projekt mit Augmented Reality.","robots":{"index":"index","follow":"follow","max-snippet":"max-snippet:-1","max-image-preview":"max-image-preview:large","max-video-preview":"max-video-preview:-1"},"canonical":"https:\/\/www.deutsche-glasfaser.de\/blog\/digitale-kunst-mit-dem-avatar-im-wald\/","og_locale":"de_DE","og_type":"article","og_title":"Adaptive App f\u00fcr Kommunen - Digitales B\u00fcrgernetz","og_description":"Die Open-Source-L\u00f6sung Smart Village hilft Kommunen dabei, ihr App adaptiv weiter zu entwickeln \u2013 zum Beispiel f\u00fcr ein Kunst-Projekt mit Augmented Reality.","og_url":"https:\/\/www.deutsche-glasfaser.de\/blog\/digitale-kunst-mit-dem-avatar-im-wald\/","og_site_name":"Digitales B\u00fcrgernetz","article_published_time":"2023-05-09T07:27:09+00:00","article_modified_time":"2023-05-09T07:27:29+00:00","og_image":[{"width":1191,"height":842,"url":"https:\/\/www.deutsche-glasfaser.de\/blog\/wp-content\/uploads\/2023\/05\/Bild_Kunstwanderweg_XR_281295B515D.jpg","type":"image\/jpeg"}],"author":"Deutsche Glasfaser","twitter_card":"summary_large_image","twitter_misc":{"Verfasst von":"Deutsche Glasfaser","Gesch\u00e4tzte Lesezeit":"6\u00a0Minuten"},"schema":{"@context":"https:\/\/schema.org","@graph":[{"@type":"Article","@id":"https:\/\/www.deutsche-glasfaser.de\/blog\/digitale-kunst-mit-dem-avatar-im-wald\/#article","isPartOf":{"@id":"https:\/\/www.deutsche-glasfaser.de\/blog\/digitale-kunst-mit-dem-avatar-im-wald\/"},"author":{"name":"Deutsche Glasfaser","@id":"https:\/\/www.deutsche-glasfaser.de\/blog\/#\/schema\/person\/9380a6dc7443d77143d0c66c409f574b"},"headline":"Digitale Kunst: mit dem Avatar im Wald","datePublished":"2023-05-09T07:27:09+00:00","dateModified":"2023-05-09T07:27:29+00:00","mainEntityOfPage":{"@id":"https:\/\/www.deutsche-glasfaser.de\/blog\/digitale-kunst-mit-dem-avatar-im-wald\/"},"wordCount":955,"commentCount":0,"publisher":{"@id":"https:\/\/www.deutsche-glasfaser.de\/blog\/#organization"},"image":{"@id":"https:\/\/www.deutsche-glasfaser.de\/blog\/digitale-kunst-mit-dem-avatar-im-wald\/#primaryimage"},"thumbnailUrl":"https:\/\/www.deutsche-glasfaser.de\/blog\/wp-content\/uploads\/2023\/05\/Bild_Kunstwanderweg_XR_281295B515D.jpg","articleSection":["#Gemeinschaft"],"inLanguage":"de","potentialAction":[{"@type":"CommentAction","name":"Comment","target":["https:\/\/www.deutsche-glasfaser.de\/blog\/digitale-kunst-mit-dem-avatar-im-wald\/#respond"]}]},{"@type":"WebPage","@id":"https:\/\/www.deutsche-glasfaser.de\/blog\/digitale-kunst-mit-dem-avatar-im-wald\/","url":"https:\/\/www.deutsche-glasfaser.de\/blog\/digitale-kunst-mit-dem-avatar-im-wald\/","name":"Adaptive App f\u00fcr Kommunen - Digitales B\u00fcrgernetz","isPartOf":{"@id":"https:\/\/www.deutsche-glasfaser.de\/blog\/#website"},"primaryImageOfPage":{"@id":"https:\/\/www.deutsche-glasfaser.de\/blog\/digitale-kunst-mit-dem-avatar-im-wald\/#primaryimage"},"image":{"@id":"https:\/\/www.deutsche-glasfaser.de\/blog\/digitale-kunst-mit-dem-avatar-im-wald\/#primaryimage"},"thumbnailUrl":"https:\/\/www.deutsche-glasfaser.de\/blog\/wp-content\/uploads\/2023\/05\/Bild_Kunstwanderweg_XR_281295B515D.jpg","datePublished":"2023-05-09T07:27:09+00:00","dateModified":"2023-05-09T07:27:29+00:00","description":"Die Open-Source-L\u00f6sung Smart Village hilft Kommunen dabei, ihr App adaptiv weiter zu entwickeln \u2013 zum Beispiel f\u00fcr ein Kunst-Projekt mit Augmented Reality.","inLanguage":"de","potentialAction":[{"@type":"ReadAction","target":["https:\/\/www.deutsche-glasfaser.de\/blog\/digitale-kunst-mit-dem-avatar-im-wald\/"]}]},{"@type":"ImageObject","inLanguage":"de","@id":"https:\/\/www.deutsche-glasfaser.de\/blog\/digitale-kunst-mit-dem-avatar-im-wald\/#primaryimage","url":"https:\/\/www.deutsche-glasfaser.de\/blog\/wp-content\/uploads\/2023\/05\/Bild_Kunstwanderweg_XR_281295B515D.jpg","contentUrl":"https:\/\/www.deutsche-glasfaser.de\/blog\/wp-content\/uploads\/2023\/05\/Bild_Kunstwanderweg_XR_281295B515D.jpg","width":1191,"height":842,"caption":"Beim Blick aufs Handy ver\u00e4ndert Kunst die Landschaft."},{"@type":"WebSite","@id":"https:\/\/www.deutsche-glasfaser.de\/blog\/#website","url":"https:\/\/www.deutsche-glasfaser.de\/blog\/","name":"Digitales B\u00fcrgernetz","description":"Deutsche Glasfaser Blog","publisher":{"@id":"https:\/\/www.deutsche-glasfaser.de\/blog\/#organization"},"potentialAction":[{"@type":"SearchAction","target":{"@type":"EntryPoint","urlTemplate":"https:\/\/www.deutsche-glasfaser.de\/blog\/?s={search_term_string}"},"query-input":{"@type":"PropertyValueSpecification","valueRequired":true,"valueName":"search_term_string"}}],"inLanguage":"de"},{"@type":"Organization","@id":"https:\/\/www.deutsche-glasfaser.de\/blog\/#organization","name":"Digitales B\u00fcrgernetz","url":"https:\/\/www.deutsche-glasfaser.de\/blog\/","logo":{"@type":"ImageObject","inLanguage":"de","@id":"https:\/\/www.deutsche-glasfaser.de\/blog\/#\/schema\/logo\/image\/","url":"https:\/\/www.deutsche-glasfaser.de\/blog\/wp-content\/uploads\/2021\/08\/DGF_Logo_Basis_RGB-Large@2x.png","contentUrl":"https:\/\/www.deutsche-glasfaser.de\/blog\/wp-content\/uploads\/2021\/08\/DGF_Logo_Basis_RGB-Large@2x.png","width":312,"height":104,"caption":"Digitales B\u00fcrgernetz"},"image":{"@id":"https:\/\/www.deutsche-glasfaser.de\/blog\/#\/schema\/logo\/image\/"}},{"@type":"Person","@id":"https:\/\/www.deutsche-glasfaser.de\/blog\/#\/schema\/person\/9380a6dc7443d77143d0c66c409f574b","name":"Deutsche Glasfaser"}]}},"_links":{"self":[{"href":"https:\/\/www.deutsche-glasfaser.de\/blog\/wp-json\/wp\/v2\/posts\/12251","targetHints":{"allow":["GET"]}}],"collection":[{"href":"https:\/\/www.deutsche-glasfaser.de\/blog\/wp-json\/wp\/v2\/posts"}],"about":[{"href":"https:\/\/www.deutsche-glasfaser.de\/blog\/wp-json\/wp\/v2\/types\/post"}],"author":[{"embeddable":true,"href":"https:\/\/www.deutsche-glasfaser.de\/blog\/wp-json\/wp\/v2\/users\/5"}],"replies":[{"embeddable":true,"href":"https:\/\/www.deutsche-glasfaser.de\/blog\/wp-json\/wp\/v2\/comments?post=12251"}],"version-history":[{"count":22,"href":"https:\/\/www.deutsche-glasfaser.de\/blog\/wp-json\/wp\/v2\/posts\/12251\/revisions"}],"predecessor-version":[{"id":12286,"href":"https:\/\/www.deutsche-glasfaser.de\/blog\/wp-json\/wp\/v2\/posts\/12251\/revisions\/12286"}],"wp:featuredmedia":[{"embeddable":true,"href":"https:\/\/www.deutsche-glasfaser.de\/blog\/wp-json\/wp\/v2\/media\/12253"}],"wp:attachment":[{"href":"https:\/\/www.deutsche-glasfaser.de\/blog\/wp-json\/wp\/v2\/media?parent=12251"}],"wp:term":[{"taxonomy":"category","embeddable":true,"href":"https:\/\/www.deutsche-glasfaser.de\/blog\/wp-json\/wp\/v2\/categories?post=12251"},{"taxonomy":"post_tag","embeddable":true,"href":"https:\/\/www.deutsche-glasfaser.de\/blog\/wp-json\/wp\/v2\/tags?post=12251"}],"curies":[{"name":"wp","href":"https:\/\/api.w.org\/{rel}","templated":true}]}}