{"id":12232,"date":"2023-05-04T12:51:51","date_gmt":"2023-05-04T10:51:51","guid":{"rendered":"https:\/\/www.deutsche-glasfaser.de\/blog\/?p=12232"},"modified":"2023-05-05T08:06:56","modified_gmt":"2023-05-05T06:06:56","slug":"arbeiten-im-homeoffice-wie-unternehmen-flexible-arbeitsformen-einfach-organisieren-koennen","status":"publish","type":"post","link":"https:\/\/www.deutsche-glasfaser.de\/blog\/arbeiten-im-homeoffice-wie-unternehmen-flexible-arbeitsformen-einfach-organisieren-koennen\/","title":{"rendered":"Arbeiten im Homeoffice: Wie Unternehmen flexible Arbeitsformen einfach organisieren k\u00f6nnen"},"content":{"rendered":"\t\t<div data-elementor-type=\"wp-post\" data-elementor-id=\"12232\" class=\"elementor elementor-12232\">\n\t\t\t\t\t\t<section class=\"elementor-section elementor-top-section elementor-element elementor-element-a81acd1 elementor-section-boxed elementor-section-height-default elementor-section-height-default\" data-id=\"a81acd1\" data-element_type=\"section\" data-e-type=\"section\">\n\t\t\t\t\t\t<div class=\"elementor-container elementor-column-gap-default\">\n\t\t\t\t\t<div class=\"elementor-column elementor-col-100 elementor-top-column elementor-element elementor-element-1a2a5a8\" data-id=\"1a2a5a8\" data-element_type=\"column\" data-e-type=\"column\">\n\t\t\t<div class=\"elementor-widget-wrap elementor-element-populated\">\n\t\t\t\t\t\t<div class=\"elementor-element elementor-element-59711c9 elementor-widget elementor-widget-text-editor\" data-id=\"59711c9\" data-element_type=\"widget\" data-e-type=\"widget\" data-widget_type=\"text-editor.default\">\n\t\t\t\t<div class=\"elementor-widget-container\">\n\t\t\t\t\t\t\t\t\t<p>Lisa Rosa Br\u00e4utigam kam die Gesch\u00e4ftsidee zu nuwo w\u00e4hrend der Corona-Pandemie, als viele Menschen vom B\u00fcro ins Homeoffice wechselten. \u00a9 nuwo GmbH<\/p>\t\t\t\t\t\t\t\t<\/div>\n\t\t\t\t<\/div>\n\t\t\t\t\t<\/div>\n\t\t<\/div>\n\t\t\t\t\t<\/div>\n\t\t<\/section>\n\t\t\t\t<section class=\"elementor-section elementor-top-section elementor-element elementor-element-d2f5c33 elementor-section-boxed elementor-section-height-default elementor-section-height-default\" data-id=\"d2f5c33\" data-element_type=\"section\" data-e-type=\"section\">\n\t\t\t\t\t\t<div class=\"elementor-container elementor-column-gap-default\">\n\t\t\t\t\t<div class=\"elementor-column elementor-col-100 elementor-top-column elementor-element elementor-element-27b3d31\" data-id=\"27b3d31\" data-element_type=\"column\" data-e-type=\"column\">\n\t\t\t<div class=\"elementor-widget-wrap elementor-element-populated\">\n\t\t\t\t\t\t<div class=\"elementor-element elementor-element-d9d3a9f elementor-widget elementor-widget-text-editor\" data-id=\"d9d3a9f\" data-element_type=\"widget\" data-e-type=\"widget\" data-widget_type=\"text-editor.default\">\n\t\t\t\t<div class=\"elementor-widget-container\">\n\t\t\t\t\t\t\t\t\t<p>Arbeiten vom Sofa aus oder am K\u00fcchentisch auf harten St\u00fchlen: So gestaltete sich der Alltag f\u00fcr viele Arbeitnehmerinnen und Arbeitnehmer, als w\u00e4hrend der Corona-Pandemie das Homeoffice zur Pflicht wurde. Lisa Rosa Br\u00e4utigam fand diese Situation unhaltbar und fragte sich, wie man Unternehmen unterst\u00fctzen k\u00f6nne, die ihre Mitarbeitenden zu Hause nicht allein lassen wollten. Ihre Antwort hie\u00df \u201eHomeoffice as-a-Service\u201c. Was genau dahinter steckt und welche Vorteile Unternehmen davon haben, erz\u00e4hlt die 34-j\u00e4hrige Gr\u00fcnderin von <a href=\"https:\/\/www.nuwo.co\/\"><strong>nuwo<\/strong><\/a> im Interview.<\/p>\t\t\t\t\t\t\t\t<\/div>\n\t\t\t\t<\/div>\n\t\t\t\t<div class=\"elementor-element elementor-element-253d70b elementor-widget elementor-widget-spacer\" data-id=\"253d70b\" data-element_type=\"widget\" data-e-type=\"widget\" data-widget_type=\"spacer.default\">\n\t\t\t\t<div class=\"elementor-widget-container\">\n\t\t\t\t\t\t\t<div class=\"elementor-spacer\">\n\t\t\t<div class=\"elementor-spacer-inner\"><\/div>\n\t\t<\/div>\n\t\t\t\t\t\t<\/div>\n\t\t\t\t<\/div>\n\t\t\t\t\t<\/div>\n\t\t<\/div>\n\t\t\t\t\t<\/div>\n\t\t<\/section>\n\t\t\t\t<section class=\"elementor-section elementor-top-section elementor-element elementor-element-1e1cd8f elementor-section-boxed elementor-section-height-default elementor-section-height-default\" data-id=\"1e1cd8f\" data-element_type=\"section\" data-e-type=\"section\">\n\t\t\t\t\t\t<div class=\"elementor-container elementor-column-gap-default\">\n\t\t\t\t\t<div class=\"elementor-column elementor-col-100 elementor-top-column elementor-element elementor-element-6fdec39\" data-id=\"6fdec39\" data-element_type=\"column\" data-e-type=\"column\">\n\t\t\t<div class=\"elementor-widget-wrap elementor-element-populated\">\n\t\t\t\t\t\t<div class=\"elementor-element elementor-element-c876d65 elementor-widget elementor-widget-text-editor\" data-id=\"c876d65\" data-element_type=\"widget\" data-e-type=\"widget\" data-widget_type=\"text-editor.default\">\n\t\t\t\t<div class=\"elementor-widget-container\">\n\t\t\t\t\t\t\t\t\t<p><strong>Frau Br\u00e4utigam, welches sind die Herausforderungen, vor denen Unternehmen stehen, die ihre Mitarbeiterinnen und Mitarbeiter vern\u00fcnftig im Homeoffice ausstatten m\u00f6chten?<br \/><\/strong><\/p><p>Es geht vor allem um drei Dinge. Zum einen ist es eine finanzielle Herausforderung. B\u00fcroausstattung ist kapitalintensiv und aufgrund einer langen Abschreibungsdauer unattraktiv. Zweitens sind Produktauswahl, Bestellung und Logistik sehr zeitaufw\u00e4ndig. Und drittens geht es um steuerrechtliche und juristische Fragen. Ein Beispiel: Wenn sich eine Mitarbeiterin, die zu Hause beim Arbeiten auf einem K\u00fcchenstuhl sitzt, einen Bandscheibenvorfall zuzieht, ist der Arbeitgeber verantwortlich. Seine F\u00fcrsorgepflicht gilt auch f\u00fcr das Homeoffice.<\/p>\t\t\t\t\t\t\t\t<\/div>\n\t\t\t\t<\/div>\n\t\t\t\t\t<\/div>\n\t\t<\/div>\n\t\t\t\t\t<\/div>\n\t\t<\/section>\n\t\t\t\t<section class=\"elementor-section elementor-top-section elementor-element elementor-element-6bbf70f elementor-section-boxed elementor-section-height-default elementor-section-height-default\" data-id=\"6bbf70f\" data-element_type=\"section\" data-e-type=\"section\">\n\t\t\t\t\t\t<div class=\"elementor-container elementor-column-gap-default\">\n\t\t\t\t\t<div class=\"elementor-column elementor-col-100 elementor-top-column elementor-element elementor-element-2895c2e\" data-id=\"2895c2e\" data-element_type=\"column\" data-e-type=\"column\">\n\t\t\t<div class=\"elementor-widget-wrap elementor-element-populated\">\n\t\t\t\t\t\t<div class=\"elementor-element elementor-element-7bd3b5f elementor-widget elementor-widget-text-editor\" data-id=\"7bd3b5f\" data-element_type=\"widget\" data-e-type=\"widget\" data-widget_type=\"text-editor.default\">\n\t\t\t\t<div class=\"elementor-widget-container\">\n\t\t\t\t\t\t\t\t\t<p><strong>Als Antwort auf diese Herausforderungen haben Sie eine digitale Plattform entwickelt. Was bietet sie?<\/strong><\/p><p>Unsere Kunden erhalten \u00fcber die Plattform einen firmeneigenen Online-Shop. Dar\u00fcber k\u00f6nnen sich Mitarbeitende arbeitsst\u00e4ttenzertifizierte, ergonomische M\u00f6belst\u00fccke aussuchen, die von ausgew\u00e4hlten Fachh\u00e4ndlern geliefert und montiert werden. F\u00fcr die Finanzierung haben wir mit unseren Partnern Leasing-Modelle entwickelt, die den Unternehmen viel finanzielle Freiheit lassen. \u00dcber die Plattform k\u00f6nnen die Arbeitgeber au\u00dferdem Vertr\u00e4ge abschlie\u00dfen und im Blick behalten, bei wem sich welche Produkte befinden. Zudem erm\u00f6glichen wir eine digitale Gef\u00e4hrdungsbeurteilung und -unterweisung \u2013 auch ohne Zugangsrecht zum Heimarbeitsplatz. Damit sind unsere Kunden juristisch auf der sicheren Seite.<\/p>\t\t\t\t\t\t\t\t<\/div>\n\t\t\t\t<\/div>\n\t\t\t\t<div class=\"elementor-element elementor-element-924c4a7 elementor-widget elementor-widget-spacer\" data-id=\"924c4a7\" data-element_type=\"widget\" data-e-type=\"widget\" data-widget_type=\"spacer.default\">\n\t\t\t\t<div class=\"elementor-widget-container\">\n\t\t\t\t\t\t\t<div class=\"elementor-spacer\">\n\t\t\t<div class=\"elementor-spacer-inner\"><\/div>\n\t\t<\/div>\n\t\t\t\t\t\t<\/div>\n\t\t\t\t<\/div>\n\t\t\t\t<div class=\"elementor-element elementor-element-fbea920 elementor-widget elementor-widget-image\" data-id=\"fbea920\" data-element_type=\"widget\" data-e-type=\"widget\" data-widget_type=\"image.default\">\n\t\t\t\t<div class=\"elementor-widget-container\">\n\t\t\t\t\t\t\t\t\t\t\t\t<figure class=\"wp-caption\">\n\t\t\t\t\t\t\t\t\t\t<img fetchpriority=\"high\" decoding=\"async\" width=\"768\" height=\"533\" src=\"https:\/\/www.deutsche-glasfaser.de\/blog\/wp-content\/uploads\/2023\/05\/Beitragsbild_app_dashboard_leasing-768x533.png\" class=\"attachment-medium_large size-medium_large wp-image-12234\" alt=\"Dashboard, das eine \u00dcbersicht \u00fcber die Bestellungen und Summe der Leasing-Raten zeigt.\" srcset=\"https:\/\/www.deutsche-glasfaser.de\/blog\/wp-content\/uploads\/2023\/05\/Beitragsbild_app_dashboard_leasing-768x533.png 768w, https:\/\/www.deutsche-glasfaser.de\/blog\/wp-content\/uploads\/2023\/05\/Beitragsbild_app_dashboard_leasing-300x208.png 300w, https:\/\/www.deutsche-glasfaser.de\/blog\/wp-content\/uploads\/2023\/05\/Beitragsbild_app_dashboard_leasing-1024x711.png 1024w, https:\/\/www.deutsche-glasfaser.de\/blog\/wp-content\/uploads\/2023\/05\/Beitragsbild_app_dashboard_leasing-1536x1067.png 1536w, https:\/\/www.deutsche-glasfaser.de\/blog\/wp-content\/uploads\/2023\/05\/Beitragsbild_app_dashboard_leasing-2048x1422.png 2048w\" sizes=\"(max-width: 768px) 100vw, 768px\" \/>\t\t\t\t\t\t\t\t\t\t\t<figcaption class=\"widget-image-caption wp-caption-text\">\u00dcber das Dashboard haben Unternehmen ihre Bestellungen und Ausgaben jederzeit im Blick \u00a9 nuwo GmbH<\/figcaption>\n\t\t\t\t\t\t\t\t\t\t<\/figure>\n\t\t\t\t\t\t\t\t\t<\/div>\n\t\t\t\t<\/div>\n\t\t\t\t<div class=\"elementor-element elementor-element-921ade7 elementor-widget elementor-widget-spacer\" data-id=\"921ade7\" data-element_type=\"widget\" data-e-type=\"widget\" data-widget_type=\"spacer.default\">\n\t\t\t\t<div class=\"elementor-widget-container\">\n\t\t\t\t\t\t\t<div class=\"elementor-spacer\">\n\t\t\t<div class=\"elementor-spacer-inner\"><\/div>\n\t\t<\/div>\n\t\t\t\t\t\t<\/div>\n\t\t\t\t<\/div>\n\t\t\t\t<div class=\"elementor-element elementor-element-03b5af7 elementor-widget elementor-widget-text-editor\" data-id=\"03b5af7\" data-element_type=\"widget\" data-e-type=\"widget\" data-widget_type=\"text-editor.default\">\n\t\t\t\t<div class=\"elementor-widget-container\">\n\t\t\t\t\t\t\t\t\t<p><strong>Die Pandemie haben wir f\u00fcrs Erste hinter uns gelassen. Hat sich das Thema Homeoffice damit erledigt?<\/strong><\/p><p>Auf keinen Fall. Studien zeigen, dass kaum jemand Vollzeit ins B\u00fcro zur\u00fcck m\u00f6chte. Ich denke, die Zukunft liegt in einer Trias: Dem agilen Office, dem Homeoffice und den Third Places, dezentrale Orte, an denen Menschen sich treffen und miteinander arbeiten. Mit unserem Angebot m\u00f6chten wir diese Arbeitswelt f\u00fcr Unternehmen handelbar machen. Wir sprechen deshalb auch nicht mehr von Homeoffice as-a-Service, sondern von Workplace as-a-Service. Auch B\u00fcrofl\u00e4chen lassen sich \u00fcber unsere Plattform umgestalten, zum Beispiel zu Orten der Kooperation, Innovation und Zusammenkunft. Einzelarbeitspl\u00e4tze wie sie lange Zeit \u00fcblich waren, verlieren immer mehr an Bedeutung.<\/p>\t\t\t\t\t\t\t\t<\/div>\n\t\t\t\t<\/div>\n\t\t\t\t\t<\/div>\n\t\t<\/div>\n\t\t\t\t\t<\/div>\n\t\t<\/section>\n\t\t\t\t<section class=\"elementor-section elementor-top-section elementor-element elementor-element-dcef7bc elementor-section-boxed elementor-section-height-default elementor-section-height-default\" data-id=\"dcef7bc\" data-element_type=\"section\" data-e-type=\"section\">\n\t\t\t\t\t\t<div class=\"elementor-container elementor-column-gap-default\">\n\t\t\t\t\t<div class=\"elementor-column elementor-col-100 elementor-top-column elementor-element elementor-element-cf06a77\" data-id=\"cf06a77\" data-element_type=\"column\" data-e-type=\"column\">\n\t\t\t<div class=\"elementor-widget-wrap elementor-element-populated\">\n\t\t\t\t\t\t<div class=\"elementor-element elementor-element-855ebb0 elementor-widget elementor-widget-text-editor\" data-id=\"855ebb0\" data-element_type=\"widget\" data-e-type=\"widget\" data-widget_type=\"text-editor.default\">\n\t\t\t\t<div class=\"elementor-widget-container\">\n\t\t\t\t\t\t\t\t\t<p><strong>Welche Chancen birgt diese Ver\u00e4nderung der Arbeitswelt f\u00fcr Unternehmen?<\/strong><\/p><p>Wenn wir uns das Thema Fachkr\u00e4ftemangel anschauen, ist die Transformation hin zu einer hybriden Arbeitswelt ein gro\u00dfer Vorteil. Es spielt k\u00fcnftig keine ma\u00dfgebliche Rolle mehr, wo ein Unternehmen sitzt, ob in der Stadt oder auf dem Land. Im Prinzip kann jede Firma Mitarbeitende aus ganz Deutschland besch\u00e4ftigen \u2013 und dar\u00fcber hinaus. Wichtig aber ist: Wenn Unternehmen auf der einen Seite B\u00fcrofl\u00e4chen verkleinern, m\u00fcssen sie schauen, wie sie auf der anderen Seite ihre Mitarbeitenden zu Hause unterst\u00fctzen \u2013 vor allem, was den Gesundheitsschutz betrifft. Neben der arbeitsst\u00e4ttenzertifizierten B\u00fcroeinrichtung bieten wir \u00fcber die nuwo-Plattform deshalb auch zertifizierte Ergonomie-Schulungen sowie Team- und Einzeltrainings zu konkretem Bewegungsverhalten.<\/p>\t\t\t\t\t\t\t\t<\/div>\n\t\t\t\t<\/div>\n\t\t\t\t<div class=\"elementor-element elementor-element-30e8d38 elementor-widget elementor-widget-spacer\" data-id=\"30e8d38\" data-element_type=\"widget\" data-e-type=\"widget\" data-widget_type=\"spacer.default\">\n\t\t\t\t<div class=\"elementor-widget-container\">\n\t\t\t\t\t\t\t<div class=\"elementor-spacer\">\n\t\t\t<div class=\"elementor-spacer-inner\"><\/div>\n\t\t<\/div>\n\t\t\t\t\t\t<\/div>\n\t\t\t\t<\/div>\n\t\t\t\t\t<\/div>\n\t\t<\/div>\n\t\t\t\t\t<\/div>\n\t\t<\/section>\n\t\t\t\t<section class=\"elementor-section elementor-top-section elementor-element elementor-element-206821d elementor-section-boxed elementor-section-height-default elementor-section-height-default\" data-id=\"206821d\" data-element_type=\"section\" data-e-type=\"section\">\n\t\t\t\t\t\t<div class=\"elementor-container elementor-column-gap-default\">\n\t\t\t\t\t<div class=\"elementor-column elementor-col-100 elementor-top-column elementor-element elementor-element-a663335\" data-id=\"a663335\" data-element_type=\"column\" data-e-type=\"column\">\n\t\t\t<div class=\"elementor-widget-wrap elementor-element-populated\">\n\t\t\t\t\t\t<div class=\"elementor-element elementor-element-1a231b8 eael-infobox-icon-bg-shape-none eael-infobox-icon-hover-bg-shape-none elementor-widget elementor-widget-eael-info-box\" data-id=\"1a231b8\" data-element_type=\"widget\" data-e-type=\"widget\" data-widget_type=\"eael-info-box.default\">\n\t\t\t\t<div class=\"elementor-widget-container\">\n\t\t\t\t\t        <div class=\"eael-infobox icon-on-left\">\n\t            <div class=\"infobox-icon eael-icon-only\">\n\n            \n                            <div class=\"infobox-icon-wrap\">\n                    <i aria-hidden=\"true\" class=\"fas fa-info-circle\"><\/i>                <\/div>\n            \n            \n        <\/div>\n            <div class=\"infobox-content eael-icon-only\">\n                    <div class=\"infobox-title-section\">\n                <h5 class=\"title\">Von der Co-Rektorin zur Gr\u00fcnderin<\/h5>            <\/div>\n            <div><p>Lisa Rosa Br\u00e4utigam hat nicht gerade den typischen Lebenslauf einer Gr\u00fcnderin. Bis zum Jahr 2020 war sie verbeamtete Lehrerin, zuletzt Co-Rektorin einer Grundschule. Doch damit war sie f\u00fcr\u2018s Erste am Ende der Karriereleiter angekommen. F\u00fcr eine, die die Herausforderung und das Neue liebt, mit Anfang 30 nicht akzeptabel. Also beantragte Br\u00e4utigam die Entlassung aus dem Beamtenstatus, entwickelte die Gesch\u00e4ftsidee f\u00fcr <a href=\"https:\/\/www.nuwo.co\/\"><strong>nuwo<\/strong><\/a> und gr\u00fcndete im Januar 2021 ihr erstes Start-up. Wof\u00fcr der Name nuwo seht, ist naheliegend: New Work.<\/p><p>New Work ist f\u00fcr viele Unternehmen ein Thema \u2013 und damit auch in unserem Blog, zum Beispiel <a href=\"https:\/\/www.deutsche-glasfaser.de\/blog\/hybrides-arbeiten-die-herausforderungen-von-new-work-meistern\/\"><strong>hier<\/strong><\/a>.<\/p><\/div>        <\/div>\n            <\/div>\n\n\t\t\t\t\t\t<\/div>\n\t\t\t\t<\/div>\n\t\t\t\t\t<\/div>\n\t\t<\/div>\n\t\t\t\t\t<\/div>\n\t\t<\/section>\n\t\t\t\t<\/div>\n\t\t","protected":false},"excerpt":{"rendered":"<p>Die Corona-Pandemie hat die Arbeitswelt ver\u00e4ndert: Homeoffice ist keine Ausnahme mehr, sondern Alltag. Unternehmen stellt das vor finanzielle, organisatorische und rechtliche Herausforderungen. Das Start-up nuwo hat eine Plattform entwickelt, die L\u00f6sungen bietet.<\/p>\n","protected":false},"author":5,"featured_media":12235,"comment_status":"open","ping_status":"open","sticky":false,"template":"","format":"standard","meta":{"footnotes":""},"categories":[69],"tags":[],"class_list":["post-12232","post","type-post","status-publish","format-standard","has-post-thumbnail","hentry","category-arbeit"],"yoast_head":"<!-- This site is optimized with the Yoast SEO plugin v27.5 - https:\/\/yoast.com\/product\/yoast-seo-wordpress\/ -->\n<title>Homeoffice as-a-Service - Digitales B\u00fcrgernetz<\/title>\n<meta name=\"description\" content=\"Das Start-up nuwo hat eine Plattform entwickelt zur einfachen Finanzierung, Ausstattung und rechtssicheren Verwaltung hybrider Teams zur Arbeit im Homeoffice.\" \/>\n<meta name=\"robots\" content=\"index, follow, max-snippet:-1, max-image-preview:large, max-video-preview:-1\" \/>\n<link rel=\"canonical\" href=\"https:\/\/www.deutsche-glasfaser.de\/blog\/arbeiten-im-homeoffice-wie-unternehmen-flexible-arbeitsformen-einfach-organisieren-koennen\/\" \/>\n<meta property=\"og:locale\" content=\"de_DE\" \/>\n<meta property=\"og:type\" content=\"article\" \/>\n<meta property=\"og:title\" content=\"Homeoffice as-a-Service - Digitales B\u00fcrgernetz\" \/>\n<meta property=\"og:description\" content=\"Das Start-up nuwo hat eine Plattform entwickelt zur einfachen Finanzierung, Ausstattung und rechtssicheren Verwaltung hybrider Teams zur Arbeit im Homeoffice.\" \/>\n<meta property=\"og:url\" content=\"https:\/\/www.deutsche-glasfaser.de\/blog\/arbeiten-im-homeoffice-wie-unternehmen-flexible-arbeitsformen-einfach-organisieren-koennen\/\" \/>\n<meta property=\"og:site_name\" content=\"Digitales B\u00fcrgernetz\" \/>\n<meta property=\"article:published_time\" content=\"2023-05-04T10:51:51+00:00\" \/>\n<meta property=\"article:modified_time\" content=\"2023-05-05T06:06:56+00:00\" \/>\n<meta property=\"og:image\" content=\"https:\/\/www.deutsche-glasfaser.de\/blog\/wp-content\/uploads\/2023\/05\/Titelbild_2022-11-14_Kahl_Portraits1_klein.jpeg\" \/>\n\t<meta property=\"og:image:width\" content=\"1500\" \/>\n\t<meta property=\"og:image:height\" content=\"1000\" \/>\n\t<meta property=\"og:image:type\" content=\"image\/jpeg\" \/>\n<meta name=\"author\" content=\"Deutsche Glasfaser\" \/>\n<meta name=\"twitter:card\" content=\"summary_large_image\" \/>\n<meta name=\"twitter:label1\" content=\"Verfasst von\" \/>\n\t<meta name=\"twitter:data1\" content=\"Deutsche Glasfaser\" \/>\n\t<meta name=\"twitter:label2\" content=\"Gesch\u00e4tzte Lesezeit\" \/>\n\t<meta name=\"twitter:data2\" content=\"4\u00a0Minuten\" \/>\n<script type=\"application\/ld+json\" class=\"yoast-schema-graph\">{\"@context\":\"https:\\\/\\\/schema.org\",\"@graph\":[{\"@type\":\"Article\",\"@id\":\"https:\\\/\\\/www.deutsche-glasfaser.de\\\/blog\\\/arbeiten-im-homeoffice-wie-unternehmen-flexible-arbeitsformen-einfach-organisieren-koennen\\\/#article\",\"isPartOf\":{\"@id\":\"https:\\\/\\\/www.deutsche-glasfaser.de\\\/blog\\\/arbeiten-im-homeoffice-wie-unternehmen-flexible-arbeitsformen-einfach-organisieren-koennen\\\/\"},\"author\":{\"name\":\"Deutsche Glasfaser\",\"@id\":\"https:\\\/\\\/www.deutsche-glasfaser.de\\\/blog\\\/#\\\/schema\\\/person\\\/9380a6dc7443d77143d0c66c409f574b\"},\"headline\":\"Arbeiten im Homeoffice: Wie Unternehmen flexible Arbeitsformen einfach organisieren k\u00f6nnen\",\"datePublished\":\"2023-05-04T10:51:51+00:00\",\"dateModified\":\"2023-05-05T06:06:56+00:00\",\"mainEntityOfPage\":{\"@id\":\"https:\\\/\\\/www.deutsche-glasfaser.de\\\/blog\\\/arbeiten-im-homeoffice-wie-unternehmen-flexible-arbeitsformen-einfach-organisieren-koennen\\\/\"},\"wordCount\":695,\"commentCount\":0,\"publisher\":{\"@id\":\"https:\\\/\\\/www.deutsche-glasfaser.de\\\/blog\\\/#organization\"},\"image\":{\"@id\":\"https:\\\/\\\/www.deutsche-glasfaser.de\\\/blog\\\/arbeiten-im-homeoffice-wie-unternehmen-flexible-arbeitsformen-einfach-organisieren-koennen\\\/#primaryimage\"},\"thumbnailUrl\":\"https:\\\/\\\/www.deutsche-glasfaser.de\\\/blog\\\/wp-content\\\/uploads\\\/2023\\\/05\\\/Titelbild_2022-11-14_Kahl_Portraits1_klein.jpeg\",\"articleSection\":[\"#Arbeit\"],\"inLanguage\":\"de\",\"potentialAction\":[{\"@type\":\"CommentAction\",\"name\":\"Comment\",\"target\":[\"https:\\\/\\\/www.deutsche-glasfaser.de\\\/blog\\\/arbeiten-im-homeoffice-wie-unternehmen-flexible-arbeitsformen-einfach-organisieren-koennen\\\/#respond\"]}]},{\"@type\":\"WebPage\",\"@id\":\"https:\\\/\\\/www.deutsche-glasfaser.de\\\/blog\\\/arbeiten-im-homeoffice-wie-unternehmen-flexible-arbeitsformen-einfach-organisieren-koennen\\\/\",\"url\":\"https:\\\/\\\/www.deutsche-glasfaser.de\\\/blog\\\/arbeiten-im-homeoffice-wie-unternehmen-flexible-arbeitsformen-einfach-organisieren-koennen\\\/\",\"name\":\"Homeoffice as-a-Service - Digitales B\u00fcrgernetz\",\"isPartOf\":{\"@id\":\"https:\\\/\\\/www.deutsche-glasfaser.de\\\/blog\\\/#website\"},\"primaryImageOfPage\":{\"@id\":\"https:\\\/\\\/www.deutsche-glasfaser.de\\\/blog\\\/arbeiten-im-homeoffice-wie-unternehmen-flexible-arbeitsformen-einfach-organisieren-koennen\\\/#primaryimage\"},\"image\":{\"@id\":\"https:\\\/\\\/www.deutsche-glasfaser.de\\\/blog\\\/arbeiten-im-homeoffice-wie-unternehmen-flexible-arbeitsformen-einfach-organisieren-koennen\\\/#primaryimage\"},\"thumbnailUrl\":\"https:\\\/\\\/www.deutsche-glasfaser.de\\\/blog\\\/wp-content\\\/uploads\\\/2023\\\/05\\\/Titelbild_2022-11-14_Kahl_Portraits1_klein.jpeg\",\"datePublished\":\"2023-05-04T10:51:51+00:00\",\"dateModified\":\"2023-05-05T06:06:56+00:00\",\"description\":\"Das Start-up nuwo hat eine Plattform entwickelt zur einfachen Finanzierung, Ausstattung und rechtssicheren Verwaltung hybrider Teams zur Arbeit im Homeoffice.\",\"inLanguage\":\"de\",\"potentialAction\":[{\"@type\":\"ReadAction\",\"target\":[\"https:\\\/\\\/www.deutsche-glasfaser.de\\\/blog\\\/arbeiten-im-homeoffice-wie-unternehmen-flexible-arbeitsformen-einfach-organisieren-koennen\\\/\"]}]},{\"@type\":\"ImageObject\",\"inLanguage\":\"de\",\"@id\":\"https:\\\/\\\/www.deutsche-glasfaser.de\\\/blog\\\/arbeiten-im-homeoffice-wie-unternehmen-flexible-arbeitsformen-einfach-organisieren-koennen\\\/#primaryimage\",\"url\":\"https:\\\/\\\/www.deutsche-glasfaser.de\\\/blog\\\/wp-content\\\/uploads\\\/2023\\\/05\\\/Titelbild_2022-11-14_Kahl_Portraits1_klein.jpeg\",\"contentUrl\":\"https:\\\/\\\/www.deutsche-glasfaser.de\\\/blog\\\/wp-content\\\/uploads\\\/2023\\\/05\\\/Titelbild_2022-11-14_Kahl_Portraits1_klein.jpeg\",\"width\":1500,\"height\":1000,\"caption\":\"Lisa Rosa Br\u00e4utigam kam die Gesch\u00e4ftsidee zu nuwo w\u00e4hrend der Corona-Pandemie, als viele Menschen vom B\u00fcro ins Homeoffice wechselten. \u00a9 nuwo GmbH\"},{\"@type\":\"WebSite\",\"@id\":\"https:\\\/\\\/www.deutsche-glasfaser.de\\\/blog\\\/#website\",\"url\":\"https:\\\/\\\/www.deutsche-glasfaser.de\\\/blog\\\/\",\"name\":\"Digitales B\u00fcrgernetz\",\"description\":\"Deutsche Glasfaser Blog\",\"publisher\":{\"@id\":\"https:\\\/\\\/www.deutsche-glasfaser.de\\\/blog\\\/#organization\"},\"potentialAction\":[{\"@type\":\"SearchAction\",\"target\":{\"@type\":\"EntryPoint\",\"urlTemplate\":\"https:\\\/\\\/www.deutsche-glasfaser.de\\\/blog\\\/?s={search_term_string}\"},\"query-input\":{\"@type\":\"PropertyValueSpecification\",\"valueRequired\":true,\"valueName\":\"search_term_string\"}}],\"inLanguage\":\"de\"},{\"@type\":\"Organization\",\"@id\":\"https:\\\/\\\/www.deutsche-glasfaser.de\\\/blog\\\/#organization\",\"name\":\"Digitales B\u00fcrgernetz\",\"url\":\"https:\\\/\\\/www.deutsche-glasfaser.de\\\/blog\\\/\",\"logo\":{\"@type\":\"ImageObject\",\"inLanguage\":\"de\",\"@id\":\"https:\\\/\\\/www.deutsche-glasfaser.de\\\/blog\\\/#\\\/schema\\\/logo\\\/image\\\/\",\"url\":\"https:\\\/\\\/www.deutsche-glasfaser.de\\\/blog\\\/wp-content\\\/uploads\\\/2021\\\/08\\\/DGF_Logo_Basis_RGB-Large@2x.png\",\"contentUrl\":\"https:\\\/\\\/www.deutsche-glasfaser.de\\\/blog\\\/wp-content\\\/uploads\\\/2021\\\/08\\\/DGF_Logo_Basis_RGB-Large@2x.png\",\"width\":312,\"height\":104,\"caption\":\"Digitales B\u00fcrgernetz\"},\"image\":{\"@id\":\"https:\\\/\\\/www.deutsche-glasfaser.de\\\/blog\\\/#\\\/schema\\\/logo\\\/image\\\/\"}},{\"@type\":\"Person\",\"@id\":\"https:\\\/\\\/www.deutsche-glasfaser.de\\\/blog\\\/#\\\/schema\\\/person\\\/9380a6dc7443d77143d0c66c409f574b\",\"name\":\"Deutsche Glasfaser\"}]}<\/script>\n<!-- \/ Yoast SEO plugin. -->","yoast_head_json":{"title":"Homeoffice as-a-Service - Digitales B\u00fcrgernetz","description":"Das Start-up nuwo hat eine Plattform entwickelt zur einfachen Finanzierung, Ausstattung und rechtssicheren Verwaltung hybrider Teams zur Arbeit im Homeoffice.","robots":{"index":"index","follow":"follow","max-snippet":"max-snippet:-1","max-image-preview":"max-image-preview:large","max-video-preview":"max-video-preview:-1"},"canonical":"https:\/\/www.deutsche-glasfaser.de\/blog\/arbeiten-im-homeoffice-wie-unternehmen-flexible-arbeitsformen-einfach-organisieren-koennen\/","og_locale":"de_DE","og_type":"article","og_title":"Homeoffice as-a-Service - Digitales B\u00fcrgernetz","og_description":"Das Start-up nuwo hat eine Plattform entwickelt zur einfachen Finanzierung, Ausstattung und rechtssicheren Verwaltung hybrider Teams zur Arbeit im Homeoffice.","og_url":"https:\/\/www.deutsche-glasfaser.de\/blog\/arbeiten-im-homeoffice-wie-unternehmen-flexible-arbeitsformen-einfach-organisieren-koennen\/","og_site_name":"Digitales B\u00fcrgernetz","article_published_time":"2023-05-04T10:51:51+00:00","article_modified_time":"2023-05-05T06:06:56+00:00","og_image":[{"width":1500,"height":1000,"url":"https:\/\/www.deutsche-glasfaser.de\/blog\/wp-content\/uploads\/2023\/05\/Titelbild_2022-11-14_Kahl_Portraits1_klein.jpeg","type":"image\/jpeg"}],"author":"Deutsche Glasfaser","twitter_card":"summary_large_image","twitter_misc":{"Verfasst von":"Deutsche Glasfaser","Gesch\u00e4tzte Lesezeit":"4\u00a0Minuten"},"schema":{"@context":"https:\/\/schema.org","@graph":[{"@type":"Article","@id":"https:\/\/www.deutsche-glasfaser.de\/blog\/arbeiten-im-homeoffice-wie-unternehmen-flexible-arbeitsformen-einfach-organisieren-koennen\/#article","isPartOf":{"@id":"https:\/\/www.deutsche-glasfaser.de\/blog\/arbeiten-im-homeoffice-wie-unternehmen-flexible-arbeitsformen-einfach-organisieren-koennen\/"},"author":{"name":"Deutsche Glasfaser","@id":"https:\/\/www.deutsche-glasfaser.de\/blog\/#\/schema\/person\/9380a6dc7443d77143d0c66c409f574b"},"headline":"Arbeiten im Homeoffice: Wie Unternehmen flexible Arbeitsformen einfach organisieren k\u00f6nnen","datePublished":"2023-05-04T10:51:51+00:00","dateModified":"2023-05-05T06:06:56+00:00","mainEntityOfPage":{"@id":"https:\/\/www.deutsche-glasfaser.de\/blog\/arbeiten-im-homeoffice-wie-unternehmen-flexible-arbeitsformen-einfach-organisieren-koennen\/"},"wordCount":695,"commentCount":0,"publisher":{"@id":"https:\/\/www.deutsche-glasfaser.de\/blog\/#organization"},"image":{"@id":"https:\/\/www.deutsche-glasfaser.de\/blog\/arbeiten-im-homeoffice-wie-unternehmen-flexible-arbeitsformen-einfach-organisieren-koennen\/#primaryimage"},"thumbnailUrl":"https:\/\/www.deutsche-glasfaser.de\/blog\/wp-content\/uploads\/2023\/05\/Titelbild_2022-11-14_Kahl_Portraits1_klein.jpeg","articleSection":["#Arbeit"],"inLanguage":"de","potentialAction":[{"@type":"CommentAction","name":"Comment","target":["https:\/\/www.deutsche-glasfaser.de\/blog\/arbeiten-im-homeoffice-wie-unternehmen-flexible-arbeitsformen-einfach-organisieren-koennen\/#respond"]}]},{"@type":"WebPage","@id":"https:\/\/www.deutsche-glasfaser.de\/blog\/arbeiten-im-homeoffice-wie-unternehmen-flexible-arbeitsformen-einfach-organisieren-koennen\/","url":"https:\/\/www.deutsche-glasfaser.de\/blog\/arbeiten-im-homeoffice-wie-unternehmen-flexible-arbeitsformen-einfach-organisieren-koennen\/","name":"Homeoffice as-a-Service - Digitales B\u00fcrgernetz","isPartOf":{"@id":"https:\/\/www.deutsche-glasfaser.de\/blog\/#website"},"primaryImageOfPage":{"@id":"https:\/\/www.deutsche-glasfaser.de\/blog\/arbeiten-im-homeoffice-wie-unternehmen-flexible-arbeitsformen-einfach-organisieren-koennen\/#primaryimage"},"image":{"@id":"https:\/\/www.deutsche-glasfaser.de\/blog\/arbeiten-im-homeoffice-wie-unternehmen-flexible-arbeitsformen-einfach-organisieren-koennen\/#primaryimage"},"thumbnailUrl":"https:\/\/www.deutsche-glasfaser.de\/blog\/wp-content\/uploads\/2023\/05\/Titelbild_2022-11-14_Kahl_Portraits1_klein.jpeg","datePublished":"2023-05-04T10:51:51+00:00","dateModified":"2023-05-05T06:06:56+00:00","description":"Das Start-up nuwo hat eine Plattform entwickelt zur einfachen Finanzierung, Ausstattung und rechtssicheren Verwaltung hybrider Teams zur Arbeit im Homeoffice.","inLanguage":"de","potentialAction":[{"@type":"ReadAction","target":["https:\/\/www.deutsche-glasfaser.de\/blog\/arbeiten-im-homeoffice-wie-unternehmen-flexible-arbeitsformen-einfach-organisieren-koennen\/"]}]},{"@type":"ImageObject","inLanguage":"de","@id":"https:\/\/www.deutsche-glasfaser.de\/blog\/arbeiten-im-homeoffice-wie-unternehmen-flexible-arbeitsformen-einfach-organisieren-koennen\/#primaryimage","url":"https:\/\/www.deutsche-glasfaser.de\/blog\/wp-content\/uploads\/2023\/05\/Titelbild_2022-11-14_Kahl_Portraits1_klein.jpeg","contentUrl":"https:\/\/www.deutsche-glasfaser.de\/blog\/wp-content\/uploads\/2023\/05\/Titelbild_2022-11-14_Kahl_Portraits1_klein.jpeg","width":1500,"height":1000,"caption":"Lisa Rosa Br\u00e4utigam kam die Gesch\u00e4ftsidee zu nuwo w\u00e4hrend der Corona-Pandemie, als viele Menschen vom B\u00fcro ins Homeoffice wechselten. \u00a9 nuwo GmbH"},{"@type":"WebSite","@id":"https:\/\/www.deutsche-glasfaser.de\/blog\/#website","url":"https:\/\/www.deutsche-glasfaser.de\/blog\/","name":"Digitales B\u00fcrgernetz","description":"Deutsche Glasfaser Blog","publisher":{"@id":"https:\/\/www.deutsche-glasfaser.de\/blog\/#organization"},"potentialAction":[{"@type":"SearchAction","target":{"@type":"EntryPoint","urlTemplate":"https:\/\/www.deutsche-glasfaser.de\/blog\/?s={search_term_string}"},"query-input":{"@type":"PropertyValueSpecification","valueRequired":true,"valueName":"search_term_string"}}],"inLanguage":"de"},{"@type":"Organization","@id":"https:\/\/www.deutsche-glasfaser.de\/blog\/#organization","name":"Digitales B\u00fcrgernetz","url":"https:\/\/www.deutsche-glasfaser.de\/blog\/","logo":{"@type":"ImageObject","inLanguage":"de","@id":"https:\/\/www.deutsche-glasfaser.de\/blog\/#\/schema\/logo\/image\/","url":"https:\/\/www.deutsche-glasfaser.de\/blog\/wp-content\/uploads\/2021\/08\/DGF_Logo_Basis_RGB-Large@2x.png","contentUrl":"https:\/\/www.deutsche-glasfaser.de\/blog\/wp-content\/uploads\/2021\/08\/DGF_Logo_Basis_RGB-Large@2x.png","width":312,"height":104,"caption":"Digitales B\u00fcrgernetz"},"image":{"@id":"https:\/\/www.deutsche-glasfaser.de\/blog\/#\/schema\/logo\/image\/"}},{"@type":"Person","@id":"https:\/\/www.deutsche-glasfaser.de\/blog\/#\/schema\/person\/9380a6dc7443d77143d0c66c409f574b","name":"Deutsche Glasfaser"}]}},"_links":{"self":[{"href":"https:\/\/www.deutsche-glasfaser.de\/blog\/wp-json\/wp\/v2\/posts\/12232","targetHints":{"allow":["GET"]}}],"collection":[{"href":"https:\/\/www.deutsche-glasfaser.de\/blog\/wp-json\/wp\/v2\/posts"}],"about":[{"href":"https:\/\/www.deutsche-glasfaser.de\/blog\/wp-json\/wp\/v2\/types\/post"}],"author":[{"embeddable":true,"href":"https:\/\/www.deutsche-glasfaser.de\/blog\/wp-json\/wp\/v2\/users\/5"}],"replies":[{"embeddable":true,"href":"https:\/\/www.deutsche-glasfaser.de\/blog\/wp-json\/wp\/v2\/comments?post=12232"}],"version-history":[{"count":22,"href":"https:\/\/www.deutsche-glasfaser.de\/blog\/wp-json\/wp\/v2\/posts\/12232\/revisions"}],"predecessor-version":[{"id":12278,"href":"https:\/\/www.deutsche-glasfaser.de\/blog\/wp-json\/wp\/v2\/posts\/12232\/revisions\/12278"}],"wp:featuredmedia":[{"embeddable":true,"href":"https:\/\/www.deutsche-glasfaser.de\/blog\/wp-json\/wp\/v2\/media\/12235"}],"wp:attachment":[{"href":"https:\/\/www.deutsche-glasfaser.de\/blog\/wp-json\/wp\/v2\/media?parent=12232"}],"wp:term":[{"taxonomy":"category","embeddable":true,"href":"https:\/\/www.deutsche-glasfaser.de\/blog\/wp-json\/wp\/v2\/categories?post=12232"},{"taxonomy":"post_tag","embeddable":true,"href":"https:\/\/www.deutsche-glasfaser.de\/blog\/wp-json\/wp\/v2\/tags?post=12232"}],"curies":[{"name":"wp","href":"https:\/\/api.w.org\/{rel}","templated":true}]}}