{"id":12130,"date":"2023-04-21T11:13:42","date_gmt":"2023-04-21T09:13:42","guid":{"rendered":"https:\/\/www.deutsche-glasfaser.de\/blog\/?p=12130"},"modified":"2025-12-09T09:22:03","modified_gmt":"2025-12-09T08:22:03","slug":"mit-refurbishing-ein-stueck-weiter-in-richtung-nachhaltigkeit","status":"publish","type":"post","link":"https:\/\/www.deutsche-glasfaser.de\/blog\/mit-refurbishing-ein-stueck-weiter-in-richtung-nachhaltigkeit\/","title":{"rendered":"Mit Refurbishing ein St\u00fcck weiter in Richtung Nachhaltigkeit"},"content":{"rendered":"\t\t<div data-elementor-type=\"wp-post\" data-elementor-id=\"12130\" class=\"elementor elementor-12130\">\n\t\t\t\t\t\t<section class=\"elementor-section elementor-top-section elementor-element elementor-element-386687d elementor-section-boxed elementor-section-height-default elementor-section-height-default\" data-id=\"386687d\" data-element_type=\"section\" data-e-type=\"section\">\n\t\t\t\t\t\t<div class=\"elementor-container elementor-column-gap-default\">\n\t\t\t\t\t<div class=\"elementor-column elementor-col-100 elementor-top-column elementor-element elementor-element-6dcf36c\" data-id=\"6dcf36c\" data-element_type=\"column\" data-e-type=\"column\">\n\t\t\t<div class=\"elementor-widget-wrap elementor-element-populated\">\n\t\t\t\t\t\t<div class=\"elementor-element elementor-element-bc1c519 elementor-widget elementor-widget-text-editor\" data-id=\"bc1c519\" data-element_type=\"widget\" data-e-type=\"widget\" data-widget_type=\"text-editor.default\">\n\t\t\t\t<div class=\"elementor-widget-container\">\n\t\t\t\t\t\t\t\t\t<p>Das Notebook, das Sie sich schon lange w\u00fcnschen \u2013 voll funktionst\u00fcchtig und auf Hochglanz poliert, mit R\u00fcckgaberecht und Garantie, nachhaltig, wie neu und \u00fcberraschend g\u00fcnstig. Zu sch\u00f6n, um wahr zu sein? Nicht unbedingt. Refurbishing macht genau das m\u00f6glich, indem bereits gebrauchten technischen Ger\u00e4ten neues Leben eingehaucht wird. Das spart Rohstoffe, Energie und Emissionen, schafft Arbeitspl\u00e4tze und macht es Verbrauchern m\u00f6glich, Konsum und Nachhaltigkeit miteinander zu vereinen, ohne dabei auf etwas verzichten zu m\u00fcssen. Wir schauen uns an, wie genau Refurbishing funktioniert und welches Potenzial das Konzept birgt \u2013 und berichten von unseren Erfahrungen mit einem ganz besonderen Refurbish-Partner.<\/p>\t\t\t\t\t\t\t\t<\/div>\n\t\t\t\t<\/div>\n\t\t\t\t<div class=\"elementor-element elementor-element-47c905c elementor-widget elementor-widget-spacer\" data-id=\"47c905c\" data-element_type=\"widget\" data-e-type=\"widget\" data-widget_type=\"spacer.default\">\n\t\t\t\t<div class=\"elementor-widget-container\">\n\t\t\t\t\t\t\t<div class=\"elementor-spacer\">\n\t\t\t<div class=\"elementor-spacer-inner\"><\/div>\n\t\t<\/div>\n\t\t\t\t\t\t<\/div>\n\t\t\t\t<\/div>\n\t\t\t\t<div class=\"elementor-element elementor-element-521a76e elementor-widget elementor-widget-table-of-contents\" data-id=\"521a76e\" data-element_type=\"widget\" data-e-type=\"widget\" data-widget_type=\"table-of-contents.default\">\n\t\t\t\t<div class=\"elementor-widget-container\">\n\t\t\t\t\t \t\t\t\t<\/div>\n\t\t\t\t<\/div>\n\t\t\t\t<div class=\"elementor-element elementor-element-9c95a2f elementor-widget elementor-widget-spacer\" data-id=\"9c95a2f\" data-element_type=\"widget\" data-e-type=\"widget\" data-widget_type=\"spacer.default\">\n\t\t\t\t<div class=\"elementor-widget-container\">\n\t\t\t\t\t\t\t<div class=\"elementor-spacer\">\n\t\t\t<div class=\"elementor-spacer-inner\"><\/div>\n\t\t<\/div>\n\t\t\t\t\t\t<\/div>\n\t\t\t\t<\/div>\n\t\t\t\t<div class=\"elementor-element elementor-element-bb935c9 elementor-widget elementor-widget-menu-anchor\" data-id=\"bb935c9\" data-element_type=\"widget\" data-e-type=\"widget\" data-widget_type=\"menu-anchor.default\">\n\t\t\t\t<div class=\"elementor-widget-container\">\n\t\t\t\t\t\t\t<div class=\"elementor-menu-anchor\" id=\"Wasbedeutetrefurbished\"><\/div>\n\t\t\t\t\t\t<\/div>\n\t\t\t\t<\/div>\n\t\t\t\t<div class=\"elementor-element elementor-element-c2fc8f8 elementor-widget elementor-widget-heading\" data-id=\"c2fc8f8\" data-element_type=\"widget\" data-e-type=\"widget\" data-widget_type=\"heading.default\">\n\t\t\t\t<div class=\"elementor-widget-container\">\n\t\t\t\t\t<h2 class=\"elementor-heading-title elementor-size-xl\">Was bedeutet refurbished? <\/h2>\t\t\t\t<\/div>\n\t\t\t\t<\/div>\n\t\t\t\t<div class=\"elementor-element elementor-element-aadab99 elementor-widget elementor-widget-spacer\" data-id=\"aadab99\" data-element_type=\"widget\" data-e-type=\"widget\" data-widget_type=\"spacer.default\">\n\t\t\t\t<div class=\"elementor-widget-container\">\n\t\t\t\t\t\t\t<div class=\"elementor-spacer\">\n\t\t\t<div class=\"elementor-spacer-inner\"><\/div>\n\t\t<\/div>\n\t\t\t\t\t\t<\/div>\n\t\t\t\t<\/div>\n\t\t\t\t<div class=\"elementor-element elementor-element-5874384 elementor-widget elementor-widget-text-editor\" data-id=\"5874384\" data-element_type=\"widget\" data-e-type=\"widget\" data-widget_type=\"text-editor.default\">\n\t\t\t\t<div class=\"elementor-widget-container\">\n\t\t\t\t\t\t\t\t\t<p>Refurbishing ist Englisch und bedeutet \u00fcbersetzt so viel wie Sanierung oder General\u00fcberholung. Anwendung findet das Konzept im Bereich der Technik. Als Refurbisher bezeichnet man IT-Unternehmen, die <strong>gebrauchte technische Ger\u00e4te professionell wiederaufbereiten<\/strong>, um ihren Lebenszyklus zu verl\u00e4ngern.<\/p>\n<p>Das Ganze funktioniert wie folgt: Qualifizierte Refurbisher kaufen gebrauchte Technik vom Konsumenten und f\u00fchren zun\u00e4chst ein <strong>Audit<\/strong> durch. Im Zuge dessen werden die Ger\u00e4te ausgiebig begutachtet und auf Herz und Nieren gepr\u00fcft. S\u00e4mtliche optische wie auch technische Makel, Abnutzungs- oder Gebrauchsspuren werden aufgenommen und detailliert beschrieben: vom Kratzer am Geh\u00e4use bis hin zum Akku, der nicht mehr voll funktionst\u00fcchtig ist.<\/p>\n<p>Aus dieser Qualit\u00e4tsbeurteilung ergibt sich schlie\u00dflich der Handlungsbedarf f\u00fcr die <strong>General\u00fcberholung<\/strong>. Im n\u00e4chsten Schritt werden defekte Teile repariert oder ausgetauscht, das Ger\u00e4t wird gereinigt und abschlie\u00dfend noch einmal auf seine Funktionsf\u00e4higkeit hin gepr\u00fcft. Das Resultat ist ein refurbished Produkt: Gebrauchtware, die einem vergleichbaren Neuger\u00e4t in kaum etwas nachsteht, aber deutlich g\u00fcnstiger verkauft werden kann.<\/p>\n<p>Mehr noch als Recycling zeigt Refurbishing einen Weg in Richtung eines nachhaltigeren Konsumverhaltens auf: <strong>weg von der Wegwerfmentalit\u00e4t hin zur Kreislaufwirtschaft<\/strong>. Denn w\u00e4hrend die Ger\u00e4te beim Recycling in ihre Einzelteile zerlegt und schlie\u00dflich zu gro\u00dfen Teilen eingeschmolzen werden, werden refurbished Produkte so general\u00fcberholt, dass sie weiter genutzt werden k\u00f6nnen. Je mehr Nutzungszyklen ein Ger\u00e4t durchl\u00e4uft, desto nachhaltiger ist es \u2013 denn dank der funktionst\u00fcchtigen Bestandstechnik braucht es weniger Neuware. Sollten die Ger\u00e4te sich irgendwann doch nicht mehr refurbishen lassen, k\u00f6nnen die Materialien immer noch recycelt werden. <\/p>\t\t\t\t\t\t\t\t<\/div>\n\t\t\t\t<\/div>\n\t\t\t\t<div class=\"elementor-element elementor-element-3ab60ec elementor-widget elementor-widget-spacer\" data-id=\"3ab60ec\" data-element_type=\"widget\" data-e-type=\"widget\" data-widget_type=\"spacer.default\">\n\t\t\t\t<div class=\"elementor-widget-container\">\n\t\t\t\t\t\t\t<div class=\"elementor-spacer\">\n\t\t\t<div class=\"elementor-spacer-inner\"><\/div>\n\t\t<\/div>\n\t\t\t\t\t\t<\/div>\n\t\t\t\t<\/div>\n\t\t\t\t<div class=\"elementor-element elementor-element-fb1ee90 elementor-widget elementor-widget-menu-anchor\" data-id=\"fb1ee90\" data-element_type=\"widget\" data-e-type=\"widget\" data-widget_type=\"menu-anchor.default\">\n\t\t\t\t<div class=\"elementor-widget-container\">\n\t\t\t\t\t\t\t<div class=\"elementor-menu-anchor\" id=\"Business-ITbesondersinteressantfrRefurbisher\"><\/div>\n\t\t\t\t\t\t<\/div>\n\t\t\t\t<\/div>\n\t\t\t\t<div class=\"elementor-element elementor-element-b5f1038 elementor-widget elementor-widget-heading\" data-id=\"b5f1038\" data-element_type=\"widget\" data-e-type=\"widget\" data-widget_type=\"heading.default\">\n\t\t\t\t<div class=\"elementor-widget-container\">\n\t\t\t\t\t<h2 class=\"elementor-heading-title elementor-size-xl\">Business-IT \u2013 besonders interessant f\u00fcr Refurbisher <\/h2>\t\t\t\t<\/div>\n\t\t\t\t<\/div>\n\t\t\t\t<div class=\"elementor-element elementor-element-1c258eb elementor-widget elementor-widget-spacer\" data-id=\"1c258eb\" data-element_type=\"widget\" data-e-type=\"widget\" data-widget_type=\"spacer.default\">\n\t\t\t\t<div class=\"elementor-widget-container\">\n\t\t\t\t\t\t\t<div class=\"elementor-spacer\">\n\t\t\t<div class=\"elementor-spacer-inner\"><\/div>\n\t\t<\/div>\n\t\t\t\t\t\t<\/div>\n\t\t\t\t<\/div>\n\t\t\t\t<div class=\"elementor-element elementor-element-7694d90 elementor-widget elementor-widget-text-editor\" data-id=\"7694d90\" data-element_type=\"widget\" data-e-type=\"widget\" data-widget_type=\"text-editor.default\">\n\t\t\t\t<div class=\"elementor-widget-container\">\n\t\t\t\t\t\t\t\t\t<p>Business-Technik, also betrieblich genutzte Hardware, ist oftmals pr\u00e4destiniert, um refurbished zu werden. Denn gerade im beruflichen Kontext werden technische Ger\u00e4te in der Regel als Neuware angeschafft und bereits <strong>nach vergleichsweise kurzer Zeit ausgetauscht <\/strong>\u2013 zum Beispiel, um die internen Arbeitsprozesse zu optimieren, neueste technische Standards nutzen zu k\u00f6nnen, auf schnellere und effektivere Ger\u00e4te umzur\u00fcsten oder den Mitarbeitern eine Freude zu machen. Viele Unternehmen setzen bei der technischen Ausstattung ihrer Arbeitnehmer beispielsweise auch auf Leasingvertr\u00e4ge oder haben feste Kooperationspartner mit speziellen Tarifkonditionen oder Preisvorteilen.<\/p>\n<p>Gleichzeitig handelt es sich bei Business-Handys, -Notebooks, -Monitoren und anderen dienstlich genutzten IT-Ger\u00e4ten meist um <strong>qualitativ hochwertige Markenger\u00e4te<\/strong>, die <strong>wenige Gebrauchsspuren<\/strong> aufweisen, weitestgehend funktionsf\u00e4hig sind und somit problemlos general\u00fcberholt werden k\u00f6nnen.<\/p>\n<p>Ein weiterer Vorteil: In einem Betrieb finden sich zahlreiche IT- und Mobilger\u00e4te, die in etwa zum selben Zeitpunkt erneuert werden. So kann die <strong>Rebuy-Ware gesammelt<\/strong> an den Refurbisher \u00fcbergeben werden \u2013 das spart Versand- oder Abholwege und damit auch CO<sub>2<\/sub>-Emissionen.<\/p>\t\t\t\t\t\t\t\t<\/div>\n\t\t\t\t<\/div>\n\t\t\t\t<div class=\"elementor-element elementor-element-4456f45 elementor-widget elementor-widget-spacer\" data-id=\"4456f45\" data-element_type=\"widget\" data-e-type=\"widget\" data-widget_type=\"spacer.default\">\n\t\t\t\t<div class=\"elementor-widget-container\">\n\t\t\t\t\t\t\t<div class=\"elementor-spacer\">\n\t\t\t<div class=\"elementor-spacer-inner\"><\/div>\n\t\t<\/div>\n\t\t\t\t\t\t<\/div>\n\t\t\t\t<\/div>\n\t\t\t\t<div class=\"elementor-element elementor-element-4d6ea1e elementor-widget elementor-widget-menu-anchor\" data-id=\"4d6ea1e\" data-element_type=\"widget\" data-e-type=\"widget\" data-widget_type=\"menu-anchor.default\">\n\t\t\t\t<div class=\"elementor-widget-container\">\n\t\t\t\t\t\t\t<div class=\"elementor-menu-anchor\" id=\"NachhaltigkeittrifftInklusionAfBschenktIT-GerteneinzweitesLeben\"><\/div>\n\t\t\t\t\t\t<\/div>\n\t\t\t\t<\/div>\n\t\t\t\t<div class=\"elementor-element elementor-element-2d6b464 elementor-widget elementor-widget-heading\" data-id=\"2d6b464\" data-element_type=\"widget\" data-e-type=\"widget\" data-widget_type=\"heading.default\">\n\t\t\t\t<div class=\"elementor-widget-container\">\n\t\t\t\t\t<h2 class=\"elementor-heading-title elementor-size-xl\">Nachhaltigkeit trifft Inklusion: AfB schenkt IT-Ger\u00e4ten ein zweites Leben <\/h2>\t\t\t\t<\/div>\n\t\t\t\t<\/div>\n\t\t\t\t<div class=\"elementor-element elementor-element-5129f93 elementor-widget elementor-widget-spacer\" data-id=\"5129f93\" data-element_type=\"widget\" data-e-type=\"widget\" data-widget_type=\"spacer.default\">\n\t\t\t\t<div class=\"elementor-widget-container\">\n\t\t\t\t\t\t\t<div class=\"elementor-spacer\">\n\t\t\t<div class=\"elementor-spacer-inner\"><\/div>\n\t\t<\/div>\n\t\t\t\t\t\t<\/div>\n\t\t\t\t<\/div>\n\t\t\t\t<div class=\"elementor-element elementor-element-9008732 elementor-widget elementor-widget-text-editor\" data-id=\"9008732\" data-element_type=\"widget\" data-e-type=\"widget\" data-widget_type=\"text-editor.default\">\n\t\t\t\t<div class=\"elementor-widget-container\">\n\t\t\t\t\t\t\t\t\t<p>In puncto Nachhaltigkeit k\u00f6nnen refurbished Produkte richtig \u00fcberzeugen: Durch die Aufbereitung gebrauchter IT-Ger\u00e4te entsteht <strong>weniger Elektroschrott<\/strong>. Au\u00dferdem sinkt der Bedarf an Neuware, wodurch <strong>wertvolle Rohstoffe<\/strong> erhalten bleiben und umweltsch\u00e4dliche <strong>CO<sub>2<\/sub>-Emissionen bei der Produktion vermieden<\/strong> werden k\u00f6nnen. Damit aber nicht genug.<\/p>\n<p>Dass Refurbishing noch mehr kann als Klimaschutz, zeigt Europas gr\u00f6\u00dftes gemeinn\u00fctziges IT-Unternehmen, die <strong>AfB GmbH<\/strong> (Arbeit f\u00fcr Menschen mit Behinderung). Als Refurbisher schenkt AfB technischen Ger\u00e4ten ein zweites Leben \u2013 und schafft als Inklusionsunternehmen zugleich Arbeitspl\u00e4tze f\u00fcr Menschen mit Behinderung.<\/p>\n<p>Neben nachhaltigem und sozialem Handeln wird selbstverst\u00e4ndlich auch Professionalit\u00e4t gro\u00dfgeschrieben: Bei den <strong>IT-Spezialisten<\/strong> von AfB durchlaufen die gebrauchten Ger\u00e4te von Unternehmen, Banken und Co. den gesamten Refurbish-Prozess vom Ankauf \u00fcber die <strong>zertifizierte Datenl\u00f6schung<\/strong> bis zum Resale \u2013 Garantie und Gew\u00e4hrleistung inklusive. F\u00fcr den Endverbraucher bedeutet das maximale Sicherheit.<\/p>\n<p><strong>Gut zu wissen:<\/strong> \u201eRefurbished\u201c ist bislang keine gesch\u00fctzte Bezeichnung und kann somit auch von Privatpersonen genutzt werden, die ihre gebrauchte Technik zum Beispiel selbst f\u00fcr den Wiederverkauf bei eBay und Co. vorbereitet haben. Wer mit Blick auf Qualit\u00e4t und Datenschutz auf Nummer sicher gehen m\u00f6chte, entscheidet sich daher am besten f\u00fcr einen zertifizierten Verk\u00e4ufer von refurbished Ware und achtet auf den Zustand und die Beschreibung des Ger\u00e4ts. Neben AfB spezialisieren sich auch andere Onlineplattformen auf die Kombination aus Ankauf, General\u00fcberholung und Wiederverkauf \u2013 zum Beispiel Refurbish, Rebuy oder As Good As New. Zudem bieten auch Hersteller wie Apple general\u00fcberholte Handys und andere refurbished Ger\u00e4te an.\u00a0\u00a0<\/p>\t\t\t\t\t\t\t\t<\/div>\n\t\t\t\t<\/div>\n\t\t\t\t<div class=\"elementor-element elementor-element-d2305e1 elementor-widget elementor-widget-spacer\" data-id=\"d2305e1\" data-element_type=\"widget\" data-e-type=\"widget\" data-widget_type=\"spacer.default\">\n\t\t\t\t<div class=\"elementor-widget-container\">\n\t\t\t\t\t\t\t<div class=\"elementor-spacer\">\n\t\t\t<div class=\"elementor-spacer-inner\"><\/div>\n\t\t<\/div>\n\t\t\t\t\t\t<\/div>\n\t\t\t\t<\/div>\n\t\t\t\t<div class=\"elementor-element elementor-element-a7420e4 elementor-widget elementor-widget-menu-anchor\" data-id=\"a7420e4\" data-element_type=\"widget\" data-e-type=\"widget\" data-widget_type=\"menu-anchor.default\">\n\t\t\t\t<div class=\"elementor-widget-container\">\n\t\t\t\t\t\t\t<div class=\"elementor-menu-anchor\" id=\"KleinerSchrittgroerErfolgmehrals2000refurbishedIT-Gerte2022\"><\/div>\n\t\t\t\t\t\t<\/div>\n\t\t\t\t<\/div>\n\t\t\t\t<div class=\"elementor-element elementor-element-471e77f elementor-widget elementor-widget-heading\" data-id=\"471e77f\" data-element_type=\"widget\" data-e-type=\"widget\" data-widget_type=\"heading.default\">\n\t\t\t\t<div class=\"elementor-widget-container\">\n\t\t\t\t\t<h2 class=\"elementor-heading-title elementor-size-xl\">Kleiner Schritt, gro\u00dfer Erfolg: mehr als 2.000 refurbished IT-Ger\u00e4te 2022<\/h2>\t\t\t\t<\/div>\n\t\t\t\t<\/div>\n\t\t\t\t<div class=\"elementor-element elementor-element-47ff5f8 elementor-widget elementor-widget-spacer\" data-id=\"47ff5f8\" data-element_type=\"widget\" data-e-type=\"widget\" data-widget_type=\"spacer.default\">\n\t\t\t\t<div class=\"elementor-widget-container\">\n\t\t\t\t\t\t\t<div class=\"elementor-spacer\">\n\t\t\t<div class=\"elementor-spacer-inner\"><\/div>\n\t\t<\/div>\n\t\t\t\t\t\t<\/div>\n\t\t\t\t<\/div>\n\t\t\t\t<div class=\"elementor-element elementor-element-d08cf8c elementor-widget elementor-widget-text-editor\" data-id=\"d08cf8c\" data-element_type=\"widget\" data-e-type=\"widget\" data-widget_type=\"text-editor.default\">\n\t\t\t\t<div class=\"elementor-widget-container\">\n\t\t\t\t\t\t\t\t\t<p>Auch wir von Deutsche Glasfaser wollen nachhaltiger handeln. Deshalb arbeiten wir seit Januar 2022 mit AfB zusammen und lassen die dienstlichen IT- und Mobilger\u00e4te unserer Mitarbeiter refurbishen. So kamen innerhalb des Jahres 2022 2.114 Technikger\u00e4te mit einem Gesamtgewicht von 7,7 Tonnen zusammen. <br \/>2023 hat AfB insgesamt 15 Abholungen bei Deutsche Glasfaser gefahren und dabei 2.210 IT- und Mobilger\u00e4te mit einem Gesamtgewicht von 5,1 Tonnen bearbeitet. 57% der DG-Altger\u00e4te konnte AfB nach Datenvernichtung, Hardware-Test, Ersatzteilbeschaffung, Reparatur, Aufr\u00fcstung und Reinigung wieder an Endverbraucher, gemeinn\u00fctzige Organisationen und Bildungseinrichtungen vermarkten. Von den Notebooks waren es 96 Prozent, von den PCs sogar 100 Prozent.\u00a0<\/p>\t\t\t\t\t\t\t\t<\/div>\n\t\t\t\t<\/div>\n\t\t\t\t<div class=\"elementor-element elementor-element-a9ad7d0 elementor-widget elementor-widget-text-editor\" data-id=\"a9ad7d0\" data-element_type=\"widget\" data-e-type=\"widget\" data-widget_type=\"text-editor.default\">\n\t\t\t\t<div class=\"elementor-widget-container\">\n\t\t\t\t\t\t\t\t\t<p>Und weil Zahlen so viel mehr sagen als Worte, haben wir ausgerechnet, was man mit 2.210 wiederaufbereiteten Produkten in etwa sparen kann: <br \/>\ud83d\udca7 Rund 1,2 Mio. Liter Wasser<br \/>\ud83d\udd0b Mehr als 635.000 kWh Energie<br \/>\ud83d\udee2\ufe0f Knapp 53.000 Kg Rohstoffen <br \/>\ud83d\udca8 Rund 170.000 Kg CO2-Aussto\u00df<\/p>\t\t\t\t\t\t\t\t<\/div>\n\t\t\t\t<\/div>\n\t\t\t\t<div class=\"elementor-element elementor-element-027a52a elementor-widget elementor-widget-spacer\" data-id=\"027a52a\" data-element_type=\"widget\" data-e-type=\"widget\" data-widget_type=\"spacer.default\">\n\t\t\t\t<div class=\"elementor-widget-container\">\n\t\t\t\t\t\t\t<div class=\"elementor-spacer\">\n\t\t\t<div class=\"elementor-spacer-inner\"><\/div>\n\t\t<\/div>\n\t\t\t\t\t\t<\/div>\n\t\t\t\t<\/div>\n\t\t\t\t<div class=\"elementor-element elementor-element-9b68aca elementor-widget elementor-widget-text-editor\" data-id=\"9b68aca\" data-element_type=\"widget\" data-e-type=\"widget\" data-widget_type=\"text-editor.default\">\n\t\t\t\t<div class=\"elementor-widget-container\">\n\t\t\t\t\t\t\t\t\t<p>Wahnsinn, oder? Finden wir auch. Deshalb machen wir weiter \u2013 und gehen Schritt f\u00fcr Schritt in eine nachhaltigere Zukunft.<\/p>\t\t\t\t\t\t\t\t<\/div>\n\t\t\t\t<\/div>\n\t\t\t\t\t<\/div>\n\t\t<\/div>\n\t\t\t\t\t<\/div>\n\t\t<\/section>\n\t\t\t\t<\/div>\n\t\t","protected":false},"excerpt":{"rendered":"<p>Das Notebook, das Sie sich schon lange w\u00fcnschen \u2013 voll funktionst\u00fcchtig und auf Hochglanz poliert, mit R\u00fcckgaberecht und Garantie, nachhaltig, wie neu und \u00fcberraschend g\u00fcnstig. Zu sch\u00f6n, um wahr zu sein? Nicht unbedingt. Refurbishing macht genau das m\u00f6glich, indem bereits gebrauchten technischen Ger\u00e4ten neues Leben eingehaucht wird. Das spart Rohstoffe, Energie und Emissionen, schafft Arbeitspl\u00e4tze und macht es Verbrauchern m\u00f6glich, Konsum und Nachhaltigkeit miteinander zu vereinen, ohne dabei auf etwas verzichten zu m\u00fcssen. <\/p>\n","protected":false},"author":5,"featured_media":12139,"comment_status":"open","ping_status":"open","sticky":false,"template":"","format":"standard","meta":{"footnotes":""},"categories":[1],"tags":[],"class_list":["post-12130","post","type-post","status-publish","format-standard","has-post-thumbnail","hentry","category-service"],"yoast_head":"<!-- This site is optimized with the Yoast SEO plugin v27.5 - https:\/\/yoast.com\/product\/yoast-seo-wordpress\/ -->\n<title>Refurbished Bedeutung: nachhaltige Technik clever erkl\u00e4rt<\/title>\n<meta name=\"description\" content=\"Mit refurbished Ger\u00e4ten lassen sich Konsum und Nachhaltigkeit miteinander kombinieren. Wir zeigen, wie es geht \u2013 und machen mit.\" \/>\n<meta name=\"robots\" content=\"index, follow, max-snippet:-1, max-image-preview:large, max-video-preview:-1\" \/>\n<link rel=\"canonical\" href=\"https:\/\/www.deutsche-glasfaser.de\/blog\/mit-refurbishing-ein-stueck-weiter-in-richtung-nachhaltigkeit\/\" \/>\n<meta property=\"og:locale\" content=\"de_DE\" \/>\n<meta property=\"og:type\" content=\"article\" \/>\n<meta property=\"og:title\" content=\"Refurbished Bedeutung: nachhaltige Technik clever erkl\u00e4rt\" \/>\n<meta property=\"og:description\" content=\"Mit refurbished Ger\u00e4ten lassen sich Konsum und Nachhaltigkeit miteinander kombinieren. Wir zeigen, wie es geht \u2013 und machen mit.\" \/>\n<meta property=\"og:url\" content=\"https:\/\/www.deutsche-glasfaser.de\/blog\/mit-refurbishing-ein-stueck-weiter-in-richtung-nachhaltigkeit\/\" \/>\n<meta property=\"og:site_name\" content=\"Digitales B\u00fcrgernetz\" \/>\n<meta property=\"article:published_time\" content=\"2023-04-21T09:13:42+00:00\" \/>\n<meta property=\"article:modified_time\" content=\"2025-12-09T08:22:03+00:00\" \/>\n<meta property=\"og:image\" content=\"https:\/\/www.deutsche-glasfaser.de\/blog\/wp-content\/uploads\/2023\/04\/refurbishment_Header.jpg\" \/>\n\t<meta property=\"og:image:width\" content=\"1500\" \/>\n\t<meta property=\"og:image:height\" content=\"705\" \/>\n\t<meta property=\"og:image:type\" content=\"image\/jpeg\" \/>\n<meta name=\"author\" content=\"Deutsche Glasfaser\" \/>\n<meta name=\"twitter:card\" content=\"summary_large_image\" \/>\n<meta name=\"twitter:label1\" content=\"Verfasst von\" \/>\n\t<meta name=\"twitter:data1\" content=\"Deutsche Glasfaser\" \/>\n\t<meta name=\"twitter:label2\" content=\"Gesch\u00e4tzte Lesezeit\" \/>\n\t<meta name=\"twitter:data2\" content=\"6\u00a0Minuten\" \/>\n<script type=\"application\/ld+json\" class=\"yoast-schema-graph\">{\"@context\":\"https:\\\/\\\/schema.org\",\"@graph\":[{\"@type\":\"Article\",\"@id\":\"https:\\\/\\\/www.deutsche-glasfaser.de\\\/blog\\\/mit-refurbishing-ein-stueck-weiter-in-richtung-nachhaltigkeit\\\/#article\",\"isPartOf\":{\"@id\":\"https:\\\/\\\/www.deutsche-glasfaser.de\\\/blog\\\/mit-refurbishing-ein-stueck-weiter-in-richtung-nachhaltigkeit\\\/\"},\"author\":{\"name\":\"Deutsche Glasfaser\",\"@id\":\"https:\\\/\\\/www.deutsche-glasfaser.de\\\/blog\\\/#\\\/schema\\\/person\\\/9380a6dc7443d77143d0c66c409f574b\"},\"headline\":\"Mit Refurbishing ein St\u00fcck weiter in Richtung Nachhaltigkeit\",\"datePublished\":\"2023-04-21T09:13:42+00:00\",\"dateModified\":\"2025-12-09T08:22:03+00:00\",\"mainEntityOfPage\":{\"@id\":\"https:\\\/\\\/www.deutsche-glasfaser.de\\\/blog\\\/mit-refurbishing-ein-stueck-weiter-in-richtung-nachhaltigkeit\\\/\"},\"wordCount\":986,\"commentCount\":7,\"publisher\":{\"@id\":\"https:\\\/\\\/www.deutsche-glasfaser.de\\\/blog\\\/#organization\"},\"image\":{\"@id\":\"https:\\\/\\\/www.deutsche-glasfaser.de\\\/blog\\\/mit-refurbishing-ein-stueck-weiter-in-richtung-nachhaltigkeit\\\/#primaryimage\"},\"thumbnailUrl\":\"https:\\\/\\\/www.deutsche-glasfaser.de\\\/blog\\\/wp-content\\\/uploads\\\/2023\\\/04\\\/refurbishment_Header.jpg\",\"articleSection\":[\"Service\"],\"inLanguage\":\"de\",\"potentialAction\":[{\"@type\":\"CommentAction\",\"name\":\"Comment\",\"target\":[\"https:\\\/\\\/www.deutsche-glasfaser.de\\\/blog\\\/mit-refurbishing-ein-stueck-weiter-in-richtung-nachhaltigkeit\\\/#respond\"]}]},{\"@type\":\"WebPage\",\"@id\":\"https:\\\/\\\/www.deutsche-glasfaser.de\\\/blog\\\/mit-refurbishing-ein-stueck-weiter-in-richtung-nachhaltigkeit\\\/\",\"url\":\"https:\\\/\\\/www.deutsche-glasfaser.de\\\/blog\\\/mit-refurbishing-ein-stueck-weiter-in-richtung-nachhaltigkeit\\\/\",\"name\":\"Refurbished Bedeutung: nachhaltige Technik clever erkl\u00e4rt\",\"isPartOf\":{\"@id\":\"https:\\\/\\\/www.deutsche-glasfaser.de\\\/blog\\\/#website\"},\"primaryImageOfPage\":{\"@id\":\"https:\\\/\\\/www.deutsche-glasfaser.de\\\/blog\\\/mit-refurbishing-ein-stueck-weiter-in-richtung-nachhaltigkeit\\\/#primaryimage\"},\"image\":{\"@id\":\"https:\\\/\\\/www.deutsche-glasfaser.de\\\/blog\\\/mit-refurbishing-ein-stueck-weiter-in-richtung-nachhaltigkeit\\\/#primaryimage\"},\"thumbnailUrl\":\"https:\\\/\\\/www.deutsche-glasfaser.de\\\/blog\\\/wp-content\\\/uploads\\\/2023\\\/04\\\/refurbishment_Header.jpg\",\"datePublished\":\"2023-04-21T09:13:42+00:00\",\"dateModified\":\"2025-12-09T08:22:03+00:00\",\"description\":\"Mit refurbished Ger\u00e4ten lassen sich Konsum und Nachhaltigkeit miteinander kombinieren. Wir zeigen, wie es geht \u2013 und machen mit.\",\"inLanguage\":\"de\",\"potentialAction\":[{\"@type\":\"ReadAction\",\"target\":[\"https:\\\/\\\/www.deutsche-glasfaser.de\\\/blog\\\/mit-refurbishing-ein-stueck-weiter-in-richtung-nachhaltigkeit\\\/\"]}]},{\"@type\":\"ImageObject\",\"inLanguage\":\"de\",\"@id\":\"https:\\\/\\\/www.deutsche-glasfaser.de\\\/blog\\\/mit-refurbishing-ein-stueck-weiter-in-richtung-nachhaltigkeit\\\/#primaryimage\",\"url\":\"https:\\\/\\\/www.deutsche-glasfaser.de\\\/blog\\\/wp-content\\\/uploads\\\/2023\\\/04\\\/refurbishment_Header.jpg\",\"contentUrl\":\"https:\\\/\\\/www.deutsche-glasfaser.de\\\/blog\\\/wp-content\\\/uploads\\\/2023\\\/04\\\/refurbishment_Header.jpg\",\"width\":1500,\"height\":705},{\"@type\":\"WebSite\",\"@id\":\"https:\\\/\\\/www.deutsche-glasfaser.de\\\/blog\\\/#website\",\"url\":\"https:\\\/\\\/www.deutsche-glasfaser.de\\\/blog\\\/\",\"name\":\"Digitales B\u00fcrgernetz\",\"description\":\"Deutsche Glasfaser Blog\",\"publisher\":{\"@id\":\"https:\\\/\\\/www.deutsche-glasfaser.de\\\/blog\\\/#organization\"},\"potentialAction\":[{\"@type\":\"SearchAction\",\"target\":{\"@type\":\"EntryPoint\",\"urlTemplate\":\"https:\\\/\\\/www.deutsche-glasfaser.de\\\/blog\\\/?s={search_term_string}\"},\"query-input\":{\"@type\":\"PropertyValueSpecification\",\"valueRequired\":true,\"valueName\":\"search_term_string\"}}],\"inLanguage\":\"de\"},{\"@type\":\"Organization\",\"@id\":\"https:\\\/\\\/www.deutsche-glasfaser.de\\\/blog\\\/#organization\",\"name\":\"Digitales B\u00fcrgernetz\",\"url\":\"https:\\\/\\\/www.deutsche-glasfaser.de\\\/blog\\\/\",\"logo\":{\"@type\":\"ImageObject\",\"inLanguage\":\"de\",\"@id\":\"https:\\\/\\\/www.deutsche-glasfaser.de\\\/blog\\\/#\\\/schema\\\/logo\\\/image\\\/\",\"url\":\"https:\\\/\\\/www.deutsche-glasfaser.de\\\/blog\\\/wp-content\\\/uploads\\\/2021\\\/08\\\/DGF_Logo_Basis_RGB-Large@2x.png\",\"contentUrl\":\"https:\\\/\\\/www.deutsche-glasfaser.de\\\/blog\\\/wp-content\\\/uploads\\\/2021\\\/08\\\/DGF_Logo_Basis_RGB-Large@2x.png\",\"width\":312,\"height\":104,\"caption\":\"Digitales B\u00fcrgernetz\"},\"image\":{\"@id\":\"https:\\\/\\\/www.deutsche-glasfaser.de\\\/blog\\\/#\\\/schema\\\/logo\\\/image\\\/\"}},{\"@type\":\"Person\",\"@id\":\"https:\\\/\\\/www.deutsche-glasfaser.de\\\/blog\\\/#\\\/schema\\\/person\\\/9380a6dc7443d77143d0c66c409f574b\",\"name\":\"Deutsche Glasfaser\"}]}<\/script>\n<!-- \/ Yoast SEO plugin. -->","yoast_head_json":{"title":"Refurbished Bedeutung: nachhaltige Technik clever erkl\u00e4rt","description":"Mit refurbished Ger\u00e4ten lassen sich Konsum und Nachhaltigkeit miteinander kombinieren. Wir zeigen, wie es geht \u2013 und machen mit.","robots":{"index":"index","follow":"follow","max-snippet":"max-snippet:-1","max-image-preview":"max-image-preview:large","max-video-preview":"max-video-preview:-1"},"canonical":"https:\/\/www.deutsche-glasfaser.de\/blog\/mit-refurbishing-ein-stueck-weiter-in-richtung-nachhaltigkeit\/","og_locale":"de_DE","og_type":"article","og_title":"Refurbished Bedeutung: nachhaltige Technik clever erkl\u00e4rt","og_description":"Mit refurbished Ger\u00e4ten lassen sich Konsum und Nachhaltigkeit miteinander kombinieren. Wir zeigen, wie es geht \u2013 und machen mit.","og_url":"https:\/\/www.deutsche-glasfaser.de\/blog\/mit-refurbishing-ein-stueck-weiter-in-richtung-nachhaltigkeit\/","og_site_name":"Digitales B\u00fcrgernetz","article_published_time":"2023-04-21T09:13:42+00:00","article_modified_time":"2025-12-09T08:22:03+00:00","og_image":[{"width":1500,"height":705,"url":"https:\/\/www.deutsche-glasfaser.de\/blog\/wp-content\/uploads\/2023\/04\/refurbishment_Header.jpg","type":"image\/jpeg"}],"author":"Deutsche Glasfaser","twitter_card":"summary_large_image","twitter_misc":{"Verfasst von":"Deutsche Glasfaser","Gesch\u00e4tzte Lesezeit":"6\u00a0Minuten"},"schema":{"@context":"https:\/\/schema.org","@graph":[{"@type":"Article","@id":"https:\/\/www.deutsche-glasfaser.de\/blog\/mit-refurbishing-ein-stueck-weiter-in-richtung-nachhaltigkeit\/#article","isPartOf":{"@id":"https:\/\/www.deutsche-glasfaser.de\/blog\/mit-refurbishing-ein-stueck-weiter-in-richtung-nachhaltigkeit\/"},"author":{"name":"Deutsche Glasfaser","@id":"https:\/\/www.deutsche-glasfaser.de\/blog\/#\/schema\/person\/9380a6dc7443d77143d0c66c409f574b"},"headline":"Mit Refurbishing ein St\u00fcck weiter in Richtung Nachhaltigkeit","datePublished":"2023-04-21T09:13:42+00:00","dateModified":"2025-12-09T08:22:03+00:00","mainEntityOfPage":{"@id":"https:\/\/www.deutsche-glasfaser.de\/blog\/mit-refurbishing-ein-stueck-weiter-in-richtung-nachhaltigkeit\/"},"wordCount":986,"commentCount":7,"publisher":{"@id":"https:\/\/www.deutsche-glasfaser.de\/blog\/#organization"},"image":{"@id":"https:\/\/www.deutsche-glasfaser.de\/blog\/mit-refurbishing-ein-stueck-weiter-in-richtung-nachhaltigkeit\/#primaryimage"},"thumbnailUrl":"https:\/\/www.deutsche-glasfaser.de\/blog\/wp-content\/uploads\/2023\/04\/refurbishment_Header.jpg","articleSection":["Service"],"inLanguage":"de","potentialAction":[{"@type":"CommentAction","name":"Comment","target":["https:\/\/www.deutsche-glasfaser.de\/blog\/mit-refurbishing-ein-stueck-weiter-in-richtung-nachhaltigkeit\/#respond"]}]},{"@type":"WebPage","@id":"https:\/\/www.deutsche-glasfaser.de\/blog\/mit-refurbishing-ein-stueck-weiter-in-richtung-nachhaltigkeit\/","url":"https:\/\/www.deutsche-glasfaser.de\/blog\/mit-refurbishing-ein-stueck-weiter-in-richtung-nachhaltigkeit\/","name":"Refurbished Bedeutung: nachhaltige Technik clever erkl\u00e4rt","isPartOf":{"@id":"https:\/\/www.deutsche-glasfaser.de\/blog\/#website"},"primaryImageOfPage":{"@id":"https:\/\/www.deutsche-glasfaser.de\/blog\/mit-refurbishing-ein-stueck-weiter-in-richtung-nachhaltigkeit\/#primaryimage"},"image":{"@id":"https:\/\/www.deutsche-glasfaser.de\/blog\/mit-refurbishing-ein-stueck-weiter-in-richtung-nachhaltigkeit\/#primaryimage"},"thumbnailUrl":"https:\/\/www.deutsche-glasfaser.de\/blog\/wp-content\/uploads\/2023\/04\/refurbishment_Header.jpg","datePublished":"2023-04-21T09:13:42+00:00","dateModified":"2025-12-09T08:22:03+00:00","description":"Mit refurbished Ger\u00e4ten lassen sich Konsum und Nachhaltigkeit miteinander kombinieren. Wir zeigen, wie es geht \u2013 und machen mit.","inLanguage":"de","potentialAction":[{"@type":"ReadAction","target":["https:\/\/www.deutsche-glasfaser.de\/blog\/mit-refurbishing-ein-stueck-weiter-in-richtung-nachhaltigkeit\/"]}]},{"@type":"ImageObject","inLanguage":"de","@id":"https:\/\/www.deutsche-glasfaser.de\/blog\/mit-refurbishing-ein-stueck-weiter-in-richtung-nachhaltigkeit\/#primaryimage","url":"https:\/\/www.deutsche-glasfaser.de\/blog\/wp-content\/uploads\/2023\/04\/refurbishment_Header.jpg","contentUrl":"https:\/\/www.deutsche-glasfaser.de\/blog\/wp-content\/uploads\/2023\/04\/refurbishment_Header.jpg","width":1500,"height":705},{"@type":"WebSite","@id":"https:\/\/www.deutsche-glasfaser.de\/blog\/#website","url":"https:\/\/www.deutsche-glasfaser.de\/blog\/","name":"Digitales B\u00fcrgernetz","description":"Deutsche Glasfaser Blog","publisher":{"@id":"https:\/\/www.deutsche-glasfaser.de\/blog\/#organization"},"potentialAction":[{"@type":"SearchAction","target":{"@type":"EntryPoint","urlTemplate":"https:\/\/www.deutsche-glasfaser.de\/blog\/?s={search_term_string}"},"query-input":{"@type":"PropertyValueSpecification","valueRequired":true,"valueName":"search_term_string"}}],"inLanguage":"de"},{"@type":"Organization","@id":"https:\/\/www.deutsche-glasfaser.de\/blog\/#organization","name":"Digitales B\u00fcrgernetz","url":"https:\/\/www.deutsche-glasfaser.de\/blog\/","logo":{"@type":"ImageObject","inLanguage":"de","@id":"https:\/\/www.deutsche-glasfaser.de\/blog\/#\/schema\/logo\/image\/","url":"https:\/\/www.deutsche-glasfaser.de\/blog\/wp-content\/uploads\/2021\/08\/DGF_Logo_Basis_RGB-Large@2x.png","contentUrl":"https:\/\/www.deutsche-glasfaser.de\/blog\/wp-content\/uploads\/2021\/08\/DGF_Logo_Basis_RGB-Large@2x.png","width":312,"height":104,"caption":"Digitales B\u00fcrgernetz"},"image":{"@id":"https:\/\/www.deutsche-glasfaser.de\/blog\/#\/schema\/logo\/image\/"}},{"@type":"Person","@id":"https:\/\/www.deutsche-glasfaser.de\/blog\/#\/schema\/person\/9380a6dc7443d77143d0c66c409f574b","name":"Deutsche Glasfaser"}]}},"_links":{"self":[{"href":"https:\/\/www.deutsche-glasfaser.de\/blog\/wp-json\/wp\/v2\/posts\/12130","targetHints":{"allow":["GET"]}}],"collection":[{"href":"https:\/\/www.deutsche-glasfaser.de\/blog\/wp-json\/wp\/v2\/posts"}],"about":[{"href":"https:\/\/www.deutsche-glasfaser.de\/blog\/wp-json\/wp\/v2\/types\/post"}],"author":[{"embeddable":true,"href":"https:\/\/www.deutsche-glasfaser.de\/blog\/wp-json\/wp\/v2\/users\/5"}],"replies":[{"embeddable":true,"href":"https:\/\/www.deutsche-glasfaser.de\/blog\/wp-json\/wp\/v2\/comments?post=12130"}],"version-history":[{"count":16,"href":"https:\/\/www.deutsche-glasfaser.de\/blog\/wp-json\/wp\/v2\/posts\/12130\/revisions"}],"predecessor-version":[{"id":13897,"href":"https:\/\/www.deutsche-glasfaser.de\/blog\/wp-json\/wp\/v2\/posts\/12130\/revisions\/13897"}],"wp:featuredmedia":[{"embeddable":true,"href":"https:\/\/www.deutsche-glasfaser.de\/blog\/wp-json\/wp\/v2\/media\/12139"}],"wp:attachment":[{"href":"https:\/\/www.deutsche-glasfaser.de\/blog\/wp-json\/wp\/v2\/media?parent=12130"}],"wp:term":[{"taxonomy":"category","embeddable":true,"href":"https:\/\/www.deutsche-glasfaser.de\/blog\/wp-json\/wp\/v2\/categories?post=12130"},{"taxonomy":"post_tag","embeddable":true,"href":"https:\/\/www.deutsche-glasfaser.de\/blog\/wp-json\/wp\/v2\/tags?post=12130"}],"curies":[{"name":"wp","href":"https:\/\/api.w.org\/{rel}","templated":true}]}}