{"id":12058,"date":"2023-04-18T09:10:40","date_gmt":"2023-04-18T07:10:40","guid":{"rendered":"https:\/\/www.deutsche-glasfaser.de\/blog\/?p=12058"},"modified":"2023-04-18T15:00:14","modified_gmt":"2023-04-18T13:00:14","slug":"digitalisierung-im-tourismus-augmented-reality-entfuehrt-reisende-in-die-welt-der-hohenzollern","status":"publish","type":"post","link":"https:\/\/www.deutsche-glasfaser.de\/blog\/digitalisierung-im-tourismus-augmented-reality-entfuehrt-reisende-in-die-welt-der-hohenzollern\/","title":{"rendered":"Digitalisierung im Tourismus: Augmented Reality entf\u00fchrt Reisende in die Welt der Hohenzollern"},"content":{"rendered":"\t\t<div data-elementor-type=\"wp-post\" data-elementor-id=\"12058\" class=\"elementor elementor-12058\">\n\t\t\t\t\t\t<section class=\"elementor-section elementor-top-section elementor-element elementor-element-7e56f31 elementor-section-boxed elementor-section-height-default elementor-section-height-default\" data-id=\"7e56f31\" data-element_type=\"section\" data-e-type=\"section\">\n\t\t\t\t\t\t<div class=\"elementor-container elementor-column-gap-default\">\n\t\t\t\t\t<div class=\"elementor-column elementor-col-100 elementor-top-column elementor-element elementor-element-5063e8e\" data-id=\"5063e8e\" data-element_type=\"column\" data-e-type=\"column\">\n\t\t\t<div class=\"elementor-widget-wrap elementor-element-populated\">\n\t\t\t\t\t\t<div class=\"elementor-element elementor-element-4639c04 elementor-widget elementor-widget-text-editor\" data-id=\"4639c04\" data-element_type=\"widget\" data-e-type=\"widget\" data-widget_type=\"text-editor.default\">\n\t\t\t\t<div class=\"elementor-widget-container\">\n\t\t\t\t\t\t\t\t\t<p class=\"MsoNormal\"><span style=\"font-family:&quot;Segoe UI&quot;,sans-serif;mso-ascii-theme-font:\nminor-latin;mso-hansi-theme-font:minor-latin;mso-bidi-theme-font:minor-latin\">Augmented\nReality macht das Reisen entlang des Hohenzollern-Radwegs zum virtuellen\nErlebnis. \u00a9 Landkreis F\u00fcrth<o:p><\/o:p><\/span><\/p>\t\t\t\t\t\t\t\t<\/div>\n\t\t\t\t<\/div>\n\t\t\t\t\t<\/div>\n\t\t<\/div>\n\t\t\t\t\t<\/div>\n\t\t<\/section>\n\t\t\t\t<section class=\"elementor-section elementor-top-section elementor-element elementor-element-6b56539 elementor-section-boxed elementor-section-height-default elementor-section-height-default\" data-id=\"6b56539\" data-element_type=\"section\" data-e-type=\"section\">\n\t\t\t\t\t\t<div class=\"elementor-container elementor-column-gap-default\">\n\t\t\t\t\t<div class=\"elementor-column elementor-col-100 elementor-top-column elementor-element elementor-element-994925a\" data-id=\"994925a\" data-element_type=\"column\" data-e-type=\"column\">\n\t\t\t<div class=\"elementor-widget-wrap elementor-element-populated\">\n\t\t\t\t\t\t<div class=\"elementor-element elementor-element-4d546c5 elementor-widget elementor-widget-text-editor\" data-id=\"4d546c5\" data-element_type=\"widget\" data-e-type=\"widget\" data-widget_type=\"text-editor.default\">\n\t\t\t\t<div class=\"elementor-widget-container\">\n\t\t\t\t\t\t\t\t\t<p>Eine Reise in die Zeit der Hohenzollern: Das k\u00f6nnen Radfahrer:innen entlang des <a href=\"https:\/\/www.erlebnisradweg-hohenzollern.de\/app\/\"><strong>Erlebnisradwegs Hohenzollern<\/strong><\/a> erleben. Er f\u00fchrt \u00fcber eine Strecke von 95 Kilometern von der ehemaligen Kaiserstadt N\u00fcrnberg bis in die Residenzstadt Ansbach. Das Besondere: Eine App, die in Verbindung mit Augmented Reality (AR) digitale Inhalte in die reale Welt integriert und zentrale Orte des ber\u00fchmten Grafengeschlechts auf neue Weise erlebbar macht.<\/p><p>Burgen und Schl\u00f6sser im 3D-Modell, der Ausblick aus schwindelerregender H\u00f6he eines Kirchturms, ohne ihn zu besteigen, historische Figuren, die zum Leben erwachen: All das macht Augmented Reality m\u00f6glich. Wer etwa vorm M\u00fcnster im Heilsbronn steht, kann erleben, wie Burggraf Friedrich III. von N\u00fcrnberg aus dem alten Gem\u00e4uer hervortritt und erz\u00e4hlt, wie das M\u00fcnster mit seinem Tod im Jahr 1297 zur Familienruhest\u00e4tte der Hohenzollern wurde. Alles, was Besucher:innen f\u00fcr diese kleine Zeitreise ben\u00f6tigen, ist ein Smartphone oder ein Tablet und eine gute Datenverbindung. Mit dem mobilen Endger\u00e4t wird ein sogenannter Marker gescannt, der sich an insgesamt elf Highlights entlang des Radwegs befindet.<\/p>\t\t\t\t\t\t\t\t<\/div>\n\t\t\t\t<\/div>\n\t\t\t\t<div class=\"elementor-element elementor-element-55cd373 elementor-widget elementor-widget-spacer\" data-id=\"55cd373\" data-element_type=\"widget\" data-e-type=\"widget\" data-widget_type=\"spacer.default\">\n\t\t\t\t<div class=\"elementor-widget-container\">\n\t\t\t\t\t\t\t<div class=\"elementor-spacer\">\n\t\t\t<div class=\"elementor-spacer-inner\"><\/div>\n\t\t<\/div>\n\t\t\t\t\t\t<\/div>\n\t\t\t\t<\/div>\n\t\t\t\t<div class=\"elementor-element elementor-element-64f607c elementor-widget elementor-widget-image\" data-id=\"64f607c\" data-element_type=\"widget\" data-e-type=\"widget\" data-widget_type=\"image.default\">\n\t\t\t\t<div class=\"elementor-widget-container\">\n\t\t\t\t\t\t\t\t\t\t\t\t<figure class=\"wp-caption\">\n\t\t\t\t\t\t\t\t\t\t<img fetchpriority=\"high\" decoding=\"async\" width=\"768\" height=\"512\" src=\"https:\/\/www.deutsche-glasfaser.de\/blog\/wp-content\/uploads\/2023\/04\/Beitragsbild_1_ErlebnisRadweg_Hohenzollern_App_und_Marker_FINAL-768x512.jpg\" class=\"attachment-medium_large size-medium_large wp-image-12061\" alt=\"Smartphone vor Schild mit dem Marker der Hohenzollern-Radweg-App\" srcset=\"https:\/\/www.deutsche-glasfaser.de\/blog\/wp-content\/uploads\/2023\/04\/Beitragsbild_1_ErlebnisRadweg_Hohenzollern_App_und_Marker_FINAL-768x512.jpg 768w, https:\/\/www.deutsche-glasfaser.de\/blog\/wp-content\/uploads\/2023\/04\/Beitragsbild_1_ErlebnisRadweg_Hohenzollern_App_und_Marker_FINAL-300x200.jpg 300w, https:\/\/www.deutsche-glasfaser.de\/blog\/wp-content\/uploads\/2023\/04\/Beitragsbild_1_ErlebnisRadweg_Hohenzollern_App_und_Marker_FINAL.jpg 788w\" sizes=\"(max-width: 768px) 100vw, 768px\" \/>\t\t\t\t\t\t\t\t\t\t\t<figcaption class=\"widget-image-caption wp-caption-text\">Der Marker verbindet die App-Nutzer:innen mit der Welt der Hohenzollern \u00a9 Landkreis F\u00fcrth<\/figcaption>\n\t\t\t\t\t\t\t\t\t\t<\/figure>\n\t\t\t\t\t\t\t\t\t<\/div>\n\t\t\t\t<\/div>\n\t\t\t\t<div class=\"elementor-element elementor-element-0302652 elementor-widget elementor-widget-spacer\" data-id=\"0302652\" data-element_type=\"widget\" data-e-type=\"widget\" data-widget_type=\"spacer.default\">\n\t\t\t\t<div class=\"elementor-widget-container\">\n\t\t\t\t\t\t\t<div class=\"elementor-spacer\">\n\t\t\t<div class=\"elementor-spacer-inner\"><\/div>\n\t\t<\/div>\n\t\t\t\t\t\t<\/div>\n\t\t\t\t<\/div>\n\t\t\t\t<div class=\"elementor-element elementor-element-4e7fd0a elementor-widget elementor-widget-heading\" data-id=\"4e7fd0a\" data-element_type=\"widget\" data-e-type=\"widget\" data-widget_type=\"heading.default\">\n\t\t\t\t<div class=\"elementor-widget-container\">\n\t\t\t\t\t<h2 class=\"elementor-heading-title elementor-size-xl\">Ausgezeichnet mit dem ADAC Tourismuspreis Bayern 2018<\/h2>\t\t\t\t<\/div>\n\t\t\t\t<\/div>\n\t\t\t\t<div class=\"elementor-element elementor-element-de2d11b elementor-widget elementor-widget-spacer\" data-id=\"de2d11b\" data-element_type=\"widget\" data-e-type=\"widget\" data-widget_type=\"spacer.default\">\n\t\t\t\t<div class=\"elementor-widget-container\">\n\t\t\t\t\t\t\t<div class=\"elementor-spacer\">\n\t\t\t<div class=\"elementor-spacer-inner\"><\/div>\n\t\t<\/div>\n\t\t\t\t\t\t<\/div>\n\t\t\t\t<\/div>\n\t\t\t\t<div class=\"elementor-element elementor-element-9bfa9da elementor-widget elementor-widget-text-editor\" data-id=\"9bfa9da\" data-element_type=\"widget\" data-e-type=\"widget\" data-widget_type=\"text-editor.default\">\n\t\t\t\t<div class=\"elementor-widget-container\">\n\t\t\t\t\t\t\t\t\t<p>Die Hohenzollern-Radweg-App gibt es bereits seit 2017, sie gilt als erstes touristisches AR-Entwicklungsprojekt weltweit. Dabei war es eher Zufall, dass AR-Technologie ihren Weg in die App gefunden hat. \u201eMir ist das Thema auf einer Kunstausstellung begegnet und ich dachte: Lass uns doch die Geschichte der Hohenzollern interaktiv mit AR neu erz\u00e4hlen\u201c, so Joanna Bacik, Regionalmanagerin beim <a href=\"https:\/\/www.erlebnis-landkreis-fuerth.de\/Start\/\"><strong>Landkreis F\u00fcrth<\/strong><\/a>. Sie hat das Projekt federf\u00fchrend f\u00fcr ihren Landkreis in Kooperation mit dem <a href=\"https:\/\/www.romantisches-franken.de\/Home.html\"><strong>Tourismusverband Romantisches Franken<\/strong><\/a> geplant und umgesetzt. Beteiligt waren au\u00dferdem der <a href=\"https:\/\/www.landkreis-ansbach.de\/\"><strong>Landkreis Ansbach<\/strong><\/a>, die St\u00e4dte F\u00fcrth und N\u00fcrnberg sowie 11 weitere Kommunen. Die Frage, ob es nicht schwierig gewesen sei, so viele Gruppen mit ins Boot zu holen, verneint sie: \u201eAls wir die Idee vorgestellt haben, waren alle begeistert \u2013 obwohl AR in der Tourismusbranche damals wenig bekannt war. Alle hatten Lust, etwas Neues auszuprobieren.\u201c Belohnt wurde der Mut 2018 mit dem dritten Platz beim ADAC Tourismuspreis Bayern. \u201eDer ErlebnisRadweg Hohenzollern liefert als innovatives Leuchtturmprojekt einen wertvollen Beitrag zur touristischen Angebotsvielfalt in Bayern und zeigt beispielhaft, wie fruchtbar und erfolgreich interkommunale und landkreis\u00fcbergreifende Zusammenarbeit sein kann\u201c, so Herbert Behlert, Vorsitzender des ADAC Nordbayern e.V., bei der Preisverleihung.<\/p>\t\t\t\t\t\t\t\t<\/div>\n\t\t\t\t<\/div>\n\t\t\t\t<div class=\"elementor-element elementor-element-b27f233 elementor-widget elementor-widget-spacer\" data-id=\"b27f233\" data-element_type=\"widget\" data-e-type=\"widget\" data-widget_type=\"spacer.default\">\n\t\t\t\t<div class=\"elementor-widget-container\">\n\t\t\t\t\t\t\t<div class=\"elementor-spacer\">\n\t\t\t<div class=\"elementor-spacer-inner\"><\/div>\n\t\t<\/div>\n\t\t\t\t\t\t<\/div>\n\t\t\t\t<\/div>\n\t\t\t\t<div class=\"elementor-element elementor-element-7b0c3ee elementor-widget elementor-widget-heading\" data-id=\"7b0c3ee\" data-element_type=\"widget\" data-e-type=\"widget\" data-widget_type=\"heading.default\">\n\t\t\t\t<div class=\"elementor-widget-container\">\n\t\t\t\t\t<h2 class=\"elementor-heading-title elementor-size-xl\">Aush\u00e4ngeschild, das langfristig wirkt<\/h2>\t\t\t\t<\/div>\n\t\t\t\t<\/div>\n\t\t\t\t<div class=\"elementor-element elementor-element-d36f262 elementor-widget elementor-widget-spacer\" data-id=\"d36f262\" data-element_type=\"widget\" data-e-type=\"widget\" data-widget_type=\"spacer.default\">\n\t\t\t\t<div class=\"elementor-widget-container\">\n\t\t\t\t\t\t\t<div class=\"elementor-spacer\">\n\t\t\t<div class=\"elementor-spacer-inner\"><\/div>\n\t\t<\/div>\n\t\t\t\t\t\t<\/div>\n\t\t\t\t<\/div>\n\t\t\t\t<div class=\"elementor-element elementor-element-35c343b elementor-widget elementor-widget-text-editor\" data-id=\"35c343b\" data-element_type=\"widget\" data-e-type=\"widget\" data-widget_type=\"text-editor.default\">\n\t\t\t\t<div class=\"elementor-widget-container\">\n\t\t\t\t\t\t\t\t\t<p>W\u00e4hrend der vergangenen Jahre hat das Projektteam seine Erfahrungen an viele andere Tourismusdestinationen weitergegeben, war auf Messen pr\u00e4sent und hat mit Tourismusverantwortlichen am Telefon gesprochen. Die Frage nach den Kosten sei ihr am h\u00e4ufigsten gestellt worden, erz\u00e4hlt Joanna Bacik. \u201eDabei ist das gar nicht so problematisch. Es gibt kaum eine Region, die nicht in irgendein F\u00f6rderprogramm integriert ist, \u00fcber das sie Geld vom Freistaat Bayern bekommt. Nat\u00fcrlich m\u00fcssen die Kommunen auch ihren Teil einbringen. Aber wenn man \u00fcberlegt, was eine Anzeige in der Zeitung kostet, dann erscheinen einige Tausend Euro f\u00fcr ein langfristig ausgelegtes Projekt vielleicht nicht mehr so viel.\u201c<\/p><p>\u00a0<\/p><p>Genauso sieht es auch Regina Bremm, Gesch\u00e4ftsf\u00fchrerin vom Tourismusverband Romantisches Franken: Die Hohenzollern-Radweg-App sei ein Aush\u00e4ngeschild f\u00fcr die Region, mit der man vor allem j\u00fcngere Menschen und Familien mit Kindern anspreche: \u201eGerade diese Zielgruppe erwartet heute innovative Angebote mit Erlebnischarakter\u201c, so Bremm. Das Besondere der Hohenzollern-Radweg-App ist f\u00fcr sie auch die Verbindung von Naturerfahrung und kulturellen Informationen. Joanna Bacik weist darauf hin, dass man den Weg wirklich entlangradeln m\u00fcsse, um die AR-Funktionen zu nutzen: \u201eWer eine Station erlebt hat, wird motiviert, zur n\u00e4chsten zu fahren.\u201c Bewusst habe man den Radweg von N\u00fcrnberg bis nach Ansbach angelegt, sodass es f\u00fcr die Menschen naheliegt, mindestens einmal entlang der Strecke zu \u00fcbernachten. So profitieren auch die Beherbergungsbetriebe. \u00dcber die App k\u00f6nnen sich Nutzer:innen auf die Suche nach einer \u00dcbernachtungsm\u00f6glichkeit begeben.<\/p>\t\t\t\t\t\t\t\t<\/div>\n\t\t\t\t<\/div>\n\t\t\t\t<div class=\"elementor-element elementor-element-978af94 elementor-widget elementor-widget-spacer\" data-id=\"978af94\" data-element_type=\"widget\" data-e-type=\"widget\" data-widget_type=\"spacer.default\">\n\t\t\t\t<div class=\"elementor-widget-container\">\n\t\t\t\t\t\t\t<div class=\"elementor-spacer\">\n\t\t\t<div class=\"elementor-spacer-inner\"><\/div>\n\t\t<\/div>\n\t\t\t\t\t\t<\/div>\n\t\t\t\t<\/div>\n\t\t\t\t<div class=\"elementor-element elementor-element-ea55598 elementor-widget elementor-widget-image-gallery\" data-id=\"ea55598\" data-element_type=\"widget\" data-e-type=\"widget\" data-widget_type=\"image-gallery.default\">\n\t\t\t\t<div class=\"elementor-widget-container\">\n\t\t\t\t\t\t\t<div class=\"elementor-image-gallery\">\n\t\t\t\n<a data-elementor-open-lightbox=\"yes\" data-elementor-lightbox-slideshow=\"ea55598\" data-elementor-lightbox-title=\"Beitragsbild_2_links_J-Bacik_FINAL\" data-elementor-lightbox-description=\"Portr\u00e4ts von Joanna Bacik und Regina Bremm\" data-e-action-hash=\"#elementor-action%3Aaction%3Dlightbox%26settings%3DeyJpZCI6MTIwNjMsInVybCI6Imh0dHBzOlwvXC93d3cuZGV1dHNjaGUtZ2xhc2Zhc2VyLmRlXC9ibG9nXC93cC1jb250ZW50XC91cGxvYWRzXC8yMDIzXC8wNFwvQmVpdHJhZ3NiaWxkXzJfbGlua3NfSi1CYWNpa19GSU5BTC5qcGciLCJzbGlkZXNob3ciOiJlYTU1NTk4In0%3D\" href='https:\/\/www.deutsche-glasfaser.de\/blog\/wp-content\/uploads\/2023\/04\/Beitragsbild_2_links_J-Bacik_FINAL.jpg'><img decoding=\"async\" width=\"768\" height=\"994\" src=\"https:\/\/www.deutsche-glasfaser.de\/blog\/wp-content\/uploads\/2023\/04\/Beitragsbild_2_links_J-Bacik_FINAL-768x994.jpg\" class=\"attachment-medium_large size-medium_large\" alt=\"Portr\u00e4ts von Joanna Bacik und Regina Bremm\" srcset=\"https:\/\/www.deutsche-glasfaser.de\/blog\/wp-content\/uploads\/2023\/04\/Beitragsbild_2_links_J-Bacik_FINAL-768x994.jpg 768w, https:\/\/www.deutsche-glasfaser.de\/blog\/wp-content\/uploads\/2023\/04\/Beitragsbild_2_links_J-Bacik_FINAL-232x300.jpg 232w, https:\/\/www.deutsche-glasfaser.de\/blog\/wp-content\/uploads\/2023\/04\/Beitragsbild_2_links_J-Bacik_FINAL.jpg 788w\" sizes=\"(max-width: 768px) 100vw, 768px\" \/><\/a>\n<a data-elementor-open-lightbox=\"yes\" data-elementor-lightbox-slideshow=\"ea55598\" data-elementor-lightbox-title=\"Portr\u00e4ts von Joanna Bacik und Regina Bremm\" data-elementor-lightbox-description=\"Portr\u00e4ts von Joanna Bacik und Regina Bremm\" data-e-action-hash=\"#elementor-action%3Aaction%3Dlightbox%26settings%3DeyJpZCI6MTIwNjAsInVybCI6Imh0dHBzOlwvXC93d3cuZGV1dHNjaGUtZ2xhc2Zhc2VyLmRlXC9ibG9nXC93cC1jb250ZW50XC91cGxvYWRzXC8yMDIzXC8wNFwvQmVpdHJhZ3NiaWxkXzJfcmVjaHRzX1JCcmVtbV9Ucnlrb3dza2lfXzE4NTk0NjVfRklOQUwuanBnIiwic2xpZGVzaG93IjoiZWE1NTU5OCJ9\" href='https:\/\/www.deutsche-glasfaser.de\/blog\/wp-content\/uploads\/2023\/04\/Beitragsbild_2_rechts_RBremm_Trykowski__1859465_FINAL.jpg'><img decoding=\"async\" width=\"768\" height=\"994\" src=\"https:\/\/www.deutsche-glasfaser.de\/blog\/wp-content\/uploads\/2023\/04\/Beitragsbild_2_rechts_RBremm_Trykowski__1859465_FINAL-768x994.jpg\" class=\"attachment-medium_large size-medium_large\" alt=\"Portr\u00e4ts von Joanna Bacik und Regina Bremm\" srcset=\"https:\/\/www.deutsche-glasfaser.de\/blog\/wp-content\/uploads\/2023\/04\/Beitragsbild_2_rechts_RBremm_Trykowski__1859465_FINAL-768x994.jpg 768w, https:\/\/www.deutsche-glasfaser.de\/blog\/wp-content\/uploads\/2023\/04\/Beitragsbild_2_rechts_RBremm_Trykowski__1859465_FINAL-232x300.jpg 232w, https:\/\/www.deutsche-glasfaser.de\/blog\/wp-content\/uploads\/2023\/04\/Beitragsbild_2_rechts_RBremm_Trykowski__1859465_FINAL.jpg 788w\" sizes=\"(max-width: 768px) 100vw, 768px\" \/><\/a>\n\t\t<\/div>\n\t\t\t\t\t\t<\/div>\n\t\t\t\t<\/div>\n\t\t\t\t<div class=\"elementor-element elementor-element-e9e23a3 elementor-widget elementor-widget-text-editor\" data-id=\"e9e23a3\" data-element_type=\"widget\" data-e-type=\"widget\" data-widget_type=\"text-editor.default\">\n\t\t\t\t<div class=\"elementor-widget-container\">\n\t\t\t\t\t\t\t\t\t<p>Setzten sich f\u00fcr die Digitalisierung im Tourismus ein: Joanna Bacik (links), Regionalmanagerin beim Landkreis F\u00fcrth, und Regina Bremm, Gesch\u00e4ftsf\u00fchrerin vom Tourismusverband Romantisches Franken. \u00a9 Landkreis F\u00fcrth und Trykowski<\/p>\t\t\t\t\t\t\t\t<\/div>\n\t\t\t\t<\/div>\n\t\t\t\t<div class=\"elementor-element elementor-element-657683e elementor-widget elementor-widget-spacer\" data-id=\"657683e\" data-element_type=\"widget\" data-e-type=\"widget\" data-widget_type=\"spacer.default\">\n\t\t\t\t<div class=\"elementor-widget-container\">\n\t\t\t\t\t\t\t<div class=\"elementor-spacer\">\n\t\t\t<div class=\"elementor-spacer-inner\"><\/div>\n\t\t<\/div>\n\t\t\t\t\t\t<\/div>\n\t\t\t\t<\/div>\n\t\t\t\t<div class=\"elementor-element elementor-element-37347ad elementor-widget elementor-widget-heading\" data-id=\"37347ad\" data-element_type=\"widget\" data-e-type=\"widget\" data-widget_type=\"heading.default\">\n\t\t\t\t<div class=\"elementor-widget-container\">\n\t\t\t\t\t<h2 class=\"elementor-heading-title elementor-size-xl\">Blaupause f\u00fcr neue Projekte<\/h2>\t\t\t\t<\/div>\n\t\t\t\t<\/div>\n\t\t\t\t<div class=\"elementor-element elementor-element-d798365 elementor-widget elementor-widget-spacer\" data-id=\"d798365\" data-element_type=\"widget\" data-e-type=\"widget\" data-widget_type=\"spacer.default\">\n\t\t\t\t<div class=\"elementor-widget-container\">\n\t\t\t\t\t\t\t<div class=\"elementor-spacer\">\n\t\t\t<div class=\"elementor-spacer-inner\"><\/div>\n\t\t<\/div>\n\t\t\t\t\t\t<\/div>\n\t\t\t\t<\/div>\n\t\t\t\t<div class=\"elementor-element elementor-element-63b929f elementor-widget elementor-widget-text-editor\" data-id=\"63b929f\" data-element_type=\"widget\" data-e-type=\"widget\" data-widget_type=\"text-editor.default\">\n\t\t\t\t<div class=\"elementor-widget-container\">\n\t\t\t\t\t\t\t\t\t<p>Sowohl Bacik als auch Bremm betonen, dass die Digitalisierung generell eine wichtige Rolle f\u00fcr den Tourismus spiele \u2013 gleichzeitig analoge Erfahrungen aber wichtig blieben. Ein Vorzeigeprojekt sei die Cadolzburg, eine der bedeutendsten Burgen der Hohenzollern. \u201eDort gibt es VR-Brillen, Touchscreens, aber auch viele Dinge zum Anfassen, sodass Besucherinnen und Besucher zum Beispiel nachempfinden k\u00f6nnen, wie es sich in einem mittelalterlichen Bett gelegen hat\u201c, so Bacik. Die Regional- und Wirtschaftsf\u00f6rderung sieht sie als Impulsgeber, der Modellprojekte wie die Hohenzollern-Radweg-App f\u00f6rdere, die von den Tourismusverb\u00e4nden oder Destinationen verstetigt werden m\u00fcssten. Gleichzeitig dienen die Modellprojekte als Blaupause f\u00fcr neue Projekte. So gibt es inzwischen mit dem \u201eErlebnisweg Wallensteins Lager\u201c und der \u201eRothenburgAppDerTauber\u201c zwei weitere Aush\u00e4ngeschilder, die AR-Technologie in eine App integriert haben. Die Hohenzollern-Radweg-App wiederum wird noch im Jahr 2023 \u00fcberarbeitet. \u201eDas Design ist ein bisschen in die Jahre gekommen, die Technik hat sich weiterentwickelt. Da wollen wir wieder auf dem neuesten Stand sein\u201c, so Bacik.<\/p>\t\t\t\t\t\t\t\t<\/div>\n\t\t\t\t<\/div>\n\t\t\t\t<div class=\"elementor-element elementor-element-2b45fc4 elementor-widget elementor-widget-spacer\" data-id=\"2b45fc4\" data-element_type=\"widget\" data-e-type=\"widget\" data-widget_type=\"spacer.default\">\n\t\t\t\t<div class=\"elementor-widget-container\">\n\t\t\t\t\t\t\t<div class=\"elementor-spacer\">\n\t\t\t<div class=\"elementor-spacer-inner\"><\/div>\n\t\t<\/div>\n\t\t\t\t\t\t<\/div>\n\t\t\t\t<\/div>\n\t\t\t\t<div class=\"elementor-element elementor-element-a5fb3a6 elementor-widget elementor-widget-image\" data-id=\"a5fb3a6\" data-element_type=\"widget\" data-e-type=\"widget\" data-widget_type=\"image.default\">\n\t\t\t\t<div class=\"elementor-widget-container\">\n\t\t\t\t\t\t\t\t\t\t\t\t<figure class=\"wp-caption\">\n\t\t\t\t\t\t\t\t\t\t<img loading=\"lazy\" decoding=\"async\" width=\"768\" height=\"994\" src=\"https:\/\/www.deutsche-glasfaser.de\/blog\/wp-content\/uploads\/2023\/04\/Beitragsbild_3_ErlebnisRadweg_Hohenzollern_Tourismuspreis_FINAL-768x994.jpg\" class=\"attachment-medium_large size-medium_large wp-image-12062\" alt=\"Ritter-Avatar und Smartphone vor Cadolzburg\" srcset=\"https:\/\/www.deutsche-glasfaser.de\/blog\/wp-content\/uploads\/2023\/04\/Beitragsbild_3_ErlebnisRadweg_Hohenzollern_Tourismuspreis_FINAL-768x994.jpg 768w, https:\/\/www.deutsche-glasfaser.de\/blog\/wp-content\/uploads\/2023\/04\/Beitragsbild_3_ErlebnisRadweg_Hohenzollern_Tourismuspreis_FINAL-232x300.jpg 232w, https:\/\/www.deutsche-glasfaser.de\/blog\/wp-content\/uploads\/2023\/04\/Beitragsbild_3_ErlebnisRadweg_Hohenzollern_Tourismuspreis_FINAL.jpg 788w\" sizes=\"(max-width: 768px) 100vw, 768px\" \/>\t\t\t\t\t\t\t\t\t\t\t<figcaption class=\"widget-image-caption wp-caption-text\">Die Cadolzburg: Vorzeigeprojekt f\u00fcr die gelungene Verbindung digitaler und analoger Erfahrungen. \u00a9 Landkreis F\u00fcrth<\/figcaption>\n\t\t\t\t\t\t\t\t\t\t<\/figure>\n\t\t\t\t\t\t\t\t\t<\/div>\n\t\t\t\t<\/div>\n\t\t\t\t<div class=\"elementor-element elementor-element-9d174b5 elementor-widget elementor-widget-spacer\" data-id=\"9d174b5\" data-element_type=\"widget\" data-e-type=\"widget\" data-widget_type=\"spacer.default\">\n\t\t\t\t<div class=\"elementor-widget-container\">\n\t\t\t\t\t\t\t<div class=\"elementor-spacer\">\n\t\t\t<div class=\"elementor-spacer-inner\"><\/div>\n\t\t<\/div>\n\t\t\t\t\t\t<\/div>\n\t\t\t\t<\/div>\n\t\t\t\t<div class=\"elementor-element elementor-element-b851cc8 elementor-widget elementor-widget-heading\" data-id=\"b851cc8\" data-element_type=\"widget\" data-e-type=\"widget\" data-widget_type=\"heading.default\">\n\t\t\t\t<div class=\"elementor-widget-container\">\n\t\t\t\t\t<h2 class=\"elementor-heading-title elementor-size-xl\">Datenbank f\u00fcr mehr Reichweite<\/h2>\t\t\t\t<\/div>\n\t\t\t\t<\/div>\n\t\t\t\t<div class=\"elementor-element elementor-element-1d8f87f elementor-widget elementor-widget-spacer\" data-id=\"1d8f87f\" data-element_type=\"widget\" data-e-type=\"widget\" data-widget_type=\"spacer.default\">\n\t\t\t\t<div class=\"elementor-widget-container\">\n\t\t\t\t\t\t\t<div class=\"elementor-spacer\">\n\t\t\t<div class=\"elementor-spacer-inner\"><\/div>\n\t\t<\/div>\n\t\t\t\t\t\t<\/div>\n\t\t\t\t<\/div>\n\t\t\t\t<div class=\"elementor-element elementor-element-0ef215e elementor-widget elementor-widget-text-editor\" data-id=\"0ef215e\" data-element_type=\"widget\" data-e-type=\"widget\" data-widget_type=\"text-editor.default\">\n\t\t\t\t<div class=\"elementor-widget-container\">\n\t\t\t\t\t\t\t\t\t<p>Damit all die Angebote \u2013 Rad- und Wanderwege, Erlebnisse wie Alpaka-Wanderungen oder F\u00fchrungen durch Streuobstwiesen und Unterk\u00fcnfte \u2013 von Einheimischen und G\u00e4sten schnell und unkompliziert gefunden werden, setzt sich der Tourismusverband Romantisches Franken f\u00fcr den Ausbau der Online-Vermarktung in der Region ein. \u201eMenschen informieren sich heute online. Wer oder was dort nicht vorhanden ist, wird nur schwer gefunden\u201c, so Bremm. Deshalb haben sie und ihr Team zuletzt viel Zeit und Arbeit investiert, um das vorhandene Angebot in die neue Datenbank des Tourismusverbands zu integrieren. Alle Daten seien auf dem neuesten Stand und die technischen Voraussetzungen gegeben, sie an die sogenannte <a href=\"https:\/\/www.deutsche-glasfaser.de\/blog\/fit-fuer-die-zukunft-bayerncloud-tourismus-sorgt-fuer-mehr-effizienz-und-gaestezufriedenheit\/\"><strong>BayernCloud<\/strong><\/a> weiterzugeben. Diese soll k\u00fcnftig der zentrale Daten-Hub f\u00fcr alle touristisch relevanten Daten in Bayern sein und deren Reichweite deutlich erh\u00f6hen. Die BayernCloud wiederum wird die Datenquelle f\u00fcr den sogenannten <a href=\"https:\/\/open-data-germany.org\/open-data-germany\/\"><strong>Knowledge Graph<\/strong><\/a> der Deutschen Zentrale f\u00fcr Tourismus sein. Sein Ziel: Den Tourismusstandort Deutschland mithilfe der Digitalisierung langfristig zu st\u00e4rken.<\/p>\t\t\t\t\t\t\t\t<\/div>\n\t\t\t\t<\/div>\n\t\t\t\t<div class=\"elementor-element elementor-element-2c526b9 elementor-widget elementor-widget-spacer\" data-id=\"2c526b9\" data-element_type=\"widget\" data-e-type=\"widget\" data-widget_type=\"spacer.default\">\n\t\t\t\t<div class=\"elementor-widget-container\">\n\t\t\t\t\t\t\t<div class=\"elementor-spacer\">\n\t\t\t<div class=\"elementor-spacer-inner\"><\/div>\n\t\t<\/div>\n\t\t\t\t\t\t<\/div>\n\t\t\t\t<\/div>\n\t\t\t\t<div class=\"elementor-element elementor-element-c707851 eael-infobox-icon-bg-shape-none eael-infobox-icon-hover-bg-shape-none elementor-widget elementor-widget-eael-info-box\" data-id=\"c707851\" data-element_type=\"widget\" data-e-type=\"widget\" data-widget_type=\"eael-info-box.default\">\n\t\t\t\t<div class=\"elementor-widget-container\">\n\t\t\t\t\t        <div class=\"eael-infobox icon-on-left\">\n\t            <div class=\"infobox-icon eael-icon-only\">\n\n            \n                            <div class=\"infobox-icon-wrap\">\n                    <i aria-hidden=\"true\" class=\"fas fa-info-circle\"><\/i>                <\/div>\n            \n            \n        <\/div>\n            <div class=\"infobox-content eael-icon-only\">\n                    <div class=\"infobox-title-section\">\n                <h2 class=\"title\">Was ist der Unterschied zwischen VR und AR? <\/h2>            <\/div>\n            <div><p>Der Begriff <em>Virtual Reality<\/em> bezieht sich auf eine vollst\u00e4ndig virtuelle Welt, in die Menschen zum Beispiel mithilfe einer VR-Brille komplett eintauchen k\u00f6nnen. Die reale Welt wird durch die virtuelle ersetzt. Bei <em>Augmented Reality <\/em>hingegen wird die reale Welt mit kontextbezogenen, digitalen Objekten angereichert. Das k\u00f6nnen Bilder, Texte oder Animationen sein, auf die wir via Smartphone, Tablet oder AR-Brille zugreifen. Bekannt wurde AR vor allem durch \u201ePok\u00e9mon Go\u201c, ein Spiel f\u00fcr das Smartphone oder Tablet.<\/p><p>Wie wir mit diesen Technologien digital die Welt erkunden k\u00f6nnen, lesen Sie in unserem <a href=\"https:\/\/www.deutsche-glasfaser.de\/blog\/virtuelle-reisen-apps-und-websites-um-die-welt-digital-zu-erkunden\/\"><strong>Blog-Beitrag zum virtuellen Reisen<\/strong><\/a>.<\/p><\/div>        <\/div>\n            <\/div>\n\n\t\t\t\t\t\t<\/div>\n\t\t\t\t<\/div>\n\t\t\t\t\t<\/div>\n\t\t<\/div>\n\t\t\t\t\t<\/div>\n\t\t<\/section>\n\t\t\t\t<section class=\"elementor-section elementor-top-section elementor-element elementor-element-1132e71 elementor-section-boxed elementor-section-height-default elementor-section-height-default\" data-id=\"1132e71\" data-element_type=\"section\" data-e-type=\"section\">\n\t\t\t\t\t\t<div class=\"elementor-container elementor-column-gap-default\">\n\t\t\t\t\t<div class=\"elementor-column elementor-col-100 elementor-top-column elementor-element elementor-element-90220eb\" data-id=\"90220eb\" data-element_type=\"column\" data-e-type=\"column\">\n\t\t\t<div class=\"elementor-widget-wrap\">\n\t\t\t\t\t\t\t<\/div>\n\t\t<\/div>\n\t\t\t\t\t<\/div>\n\t\t<\/section>\n\t\t\t\t<\/div>\n\t\t","protected":false},"excerpt":{"rendered":"<p>Augmented Reality er\u00f6ffnet Zug\u00e4nge zu fernen Welten und l\u00e4ngst vergangen Zeiten. Touristische Ziele k\u00f6nnen so neu erlebt werden \u2013 zum Beispiel entlang des Hohenzollern-Radwegs in Franken.<\/p>\n","protected":false},"author":5,"featured_media":12059,"comment_status":"open","ping_status":"open","sticky":false,"template":"","format":"standard","meta":{"footnotes":""},"categories":[68],"tags":[],"class_list":["post-12058","post","type-post","status-publish","format-standard","has-post-thumbnail","hentry","category-zuhause"],"yoast_head":"<!-- This site is optimized with the Yoast SEO plugin v27.5 - https:\/\/yoast.com\/product\/yoast-seo-wordpress\/ -->\n<title>Digitalisierung in der Touristik - Digitales B\u00fcrgernetz<\/title>\n<meta name=\"description\" content=\"Die Hohenzollern-Radweg-App macht das Reisen zum virtuellen Erlebnis. Augmented Reality macht\u2019s m\u00f6glich.\" \/>\n<meta name=\"robots\" content=\"index, follow, max-snippet:-1, max-image-preview:large, max-video-preview:-1\" \/>\n<link rel=\"canonical\" href=\"https:\/\/www.deutsche-glasfaser.de\/blog\/digitalisierung-im-tourismus-augmented-reality-entfuehrt-reisende-in-die-welt-der-hohenzollern\/\" \/>\n<meta property=\"og:locale\" content=\"de_DE\" \/>\n<meta property=\"og:type\" content=\"article\" \/>\n<meta property=\"og:title\" content=\"Digitalisierung in der Touristik - Digitales B\u00fcrgernetz\" \/>\n<meta property=\"og:description\" content=\"Die Hohenzollern-Radweg-App macht das Reisen zum virtuellen Erlebnis. Augmented Reality macht\u2019s m\u00f6glich.\" \/>\n<meta property=\"og:url\" content=\"https:\/\/www.deutsche-glasfaser.de\/blog\/digitalisierung-im-tourismus-augmented-reality-entfuehrt-reisende-in-die-welt-der-hohenzollern\/\" \/>\n<meta property=\"og:site_name\" content=\"Digitales B\u00fcrgernetz\" \/>\n<meta property=\"article:published_time\" content=\"2023-04-18T07:10:40+00:00\" \/>\n<meta property=\"article:modified_time\" content=\"2023-04-18T13:00:14+00:00\" \/>\n<meta property=\"og:image\" content=\"https:\/\/www.deutsche-glasfaser.de\/blog\/wp-content\/uploads\/2023\/04\/Titelbild_ErlebnisRadweg_Hoenzollern_Funktion_Augmented_Reality_interaktives_3D-Modell_FINAL.jpg\" \/>\n\t<meta property=\"og:image:width\" content=\"1200\" \/>\n\t<meta property=\"og:image:height\" content=\"628\" \/>\n\t<meta property=\"og:image:type\" content=\"image\/jpeg\" \/>\n<meta name=\"author\" content=\"Deutsche Glasfaser\" \/>\n<meta name=\"twitter:card\" content=\"summary_large_image\" \/>\n<meta name=\"twitter:label1\" content=\"Verfasst von\" \/>\n\t<meta name=\"twitter:data1\" content=\"Deutsche Glasfaser\" \/>\n\t<meta name=\"twitter:label2\" content=\"Gesch\u00e4tzte Lesezeit\" \/>\n\t<meta name=\"twitter:data2\" content=\"7\u00a0Minuten\" \/>\n<script type=\"application\/ld+json\" class=\"yoast-schema-graph\">{\"@context\":\"https:\\\/\\\/schema.org\",\"@graph\":[{\"@type\":\"Article\",\"@id\":\"https:\\\/\\\/www.deutsche-glasfaser.de\\\/blog\\\/digitalisierung-im-tourismus-augmented-reality-entfuehrt-reisende-in-die-welt-der-hohenzollern\\\/#article\",\"isPartOf\":{\"@id\":\"https:\\\/\\\/www.deutsche-glasfaser.de\\\/blog\\\/digitalisierung-im-tourismus-augmented-reality-entfuehrt-reisende-in-die-welt-der-hohenzollern\\\/\"},\"author\":{\"name\":\"Deutsche Glasfaser\",\"@id\":\"https:\\\/\\\/www.deutsche-glasfaser.de\\\/blog\\\/#\\\/schema\\\/person\\\/9380a6dc7443d77143d0c66c409f574b\"},\"headline\":\"Digitalisierung im Tourismus: Augmented Reality entf\u00fchrt Reisende in die Welt der Hohenzollern\",\"datePublished\":\"2023-04-18T07:10:40+00:00\",\"dateModified\":\"2023-04-18T13:00:14+00:00\",\"mainEntityOfPage\":{\"@id\":\"https:\\\/\\\/www.deutsche-glasfaser.de\\\/blog\\\/digitalisierung-im-tourismus-augmented-reality-entfuehrt-reisende-in-die-welt-der-hohenzollern\\\/\"},\"wordCount\":1150,\"commentCount\":0,\"publisher\":{\"@id\":\"https:\\\/\\\/www.deutsche-glasfaser.de\\\/blog\\\/#organization\"},\"image\":{\"@id\":\"https:\\\/\\\/www.deutsche-glasfaser.de\\\/blog\\\/digitalisierung-im-tourismus-augmented-reality-entfuehrt-reisende-in-die-welt-der-hohenzollern\\\/#primaryimage\"},\"thumbnailUrl\":\"https:\\\/\\\/www.deutsche-glasfaser.de\\\/blog\\\/wp-content\\\/uploads\\\/2023\\\/04\\\/Titelbild_ErlebnisRadweg_Hoenzollern_Funktion_Augmented_Reality_interaktives_3D-Modell_FINAL.jpg\",\"articleSection\":[\"#zuHause\"],\"inLanguage\":\"de\",\"potentialAction\":[{\"@type\":\"CommentAction\",\"name\":\"Comment\",\"target\":[\"https:\\\/\\\/www.deutsche-glasfaser.de\\\/blog\\\/digitalisierung-im-tourismus-augmented-reality-entfuehrt-reisende-in-die-welt-der-hohenzollern\\\/#respond\"]}]},{\"@type\":\"WebPage\",\"@id\":\"https:\\\/\\\/www.deutsche-glasfaser.de\\\/blog\\\/digitalisierung-im-tourismus-augmented-reality-entfuehrt-reisende-in-die-welt-der-hohenzollern\\\/\",\"url\":\"https:\\\/\\\/www.deutsche-glasfaser.de\\\/blog\\\/digitalisierung-im-tourismus-augmented-reality-entfuehrt-reisende-in-die-welt-der-hohenzollern\\\/\",\"name\":\"Digitalisierung in der Touristik - Digitales B\u00fcrgernetz\",\"isPartOf\":{\"@id\":\"https:\\\/\\\/www.deutsche-glasfaser.de\\\/blog\\\/#website\"},\"primaryImageOfPage\":{\"@id\":\"https:\\\/\\\/www.deutsche-glasfaser.de\\\/blog\\\/digitalisierung-im-tourismus-augmented-reality-entfuehrt-reisende-in-die-welt-der-hohenzollern\\\/#primaryimage\"},\"image\":{\"@id\":\"https:\\\/\\\/www.deutsche-glasfaser.de\\\/blog\\\/digitalisierung-im-tourismus-augmented-reality-entfuehrt-reisende-in-die-welt-der-hohenzollern\\\/#primaryimage\"},\"thumbnailUrl\":\"https:\\\/\\\/www.deutsche-glasfaser.de\\\/blog\\\/wp-content\\\/uploads\\\/2023\\\/04\\\/Titelbild_ErlebnisRadweg_Hoenzollern_Funktion_Augmented_Reality_interaktives_3D-Modell_FINAL.jpg\",\"datePublished\":\"2023-04-18T07:10:40+00:00\",\"dateModified\":\"2023-04-18T13:00:14+00:00\",\"description\":\"Die Hohenzollern-Radweg-App macht das Reisen zum virtuellen Erlebnis. Augmented Reality macht\u2019s m\u00f6glich.\",\"inLanguage\":\"de\",\"potentialAction\":[{\"@type\":\"ReadAction\",\"target\":[\"https:\\\/\\\/www.deutsche-glasfaser.de\\\/blog\\\/digitalisierung-im-tourismus-augmented-reality-entfuehrt-reisende-in-die-welt-der-hohenzollern\\\/\"]}]},{\"@type\":\"ImageObject\",\"inLanguage\":\"de\",\"@id\":\"https:\\\/\\\/www.deutsche-glasfaser.de\\\/blog\\\/digitalisierung-im-tourismus-augmented-reality-entfuehrt-reisende-in-die-welt-der-hohenzollern\\\/#primaryimage\",\"url\":\"https:\\\/\\\/www.deutsche-glasfaser.de\\\/blog\\\/wp-content\\\/uploads\\\/2023\\\/04\\\/Titelbild_ErlebnisRadweg_Hoenzollern_Funktion_Augmented_Reality_interaktives_3D-Modell_FINAL.jpg\",\"contentUrl\":\"https:\\\/\\\/www.deutsche-glasfaser.de\\\/blog\\\/wp-content\\\/uploads\\\/2023\\\/04\\\/Titelbild_ErlebnisRadweg_Hoenzollern_Funktion_Augmented_Reality_interaktives_3D-Modell_FINAL.jpg\",\"width\":1200,\"height\":628,\"caption\":\"Augmented Reality macht das Reisen entlang des Hohenzollern-Radwegs zum virtuellen Erlebnis. \u00a9 Landkreis F\u00fcrth\"},{\"@type\":\"WebSite\",\"@id\":\"https:\\\/\\\/www.deutsche-glasfaser.de\\\/blog\\\/#website\",\"url\":\"https:\\\/\\\/www.deutsche-glasfaser.de\\\/blog\\\/\",\"name\":\"Digitales B\u00fcrgernetz\",\"description\":\"Deutsche Glasfaser Blog\",\"publisher\":{\"@id\":\"https:\\\/\\\/www.deutsche-glasfaser.de\\\/blog\\\/#organization\"},\"potentialAction\":[{\"@type\":\"SearchAction\",\"target\":{\"@type\":\"EntryPoint\",\"urlTemplate\":\"https:\\\/\\\/www.deutsche-glasfaser.de\\\/blog\\\/?s={search_term_string}\"},\"query-input\":{\"@type\":\"PropertyValueSpecification\",\"valueRequired\":true,\"valueName\":\"search_term_string\"}}],\"inLanguage\":\"de\"},{\"@type\":\"Organization\",\"@id\":\"https:\\\/\\\/www.deutsche-glasfaser.de\\\/blog\\\/#organization\",\"name\":\"Digitales B\u00fcrgernetz\",\"url\":\"https:\\\/\\\/www.deutsche-glasfaser.de\\\/blog\\\/\",\"logo\":{\"@type\":\"ImageObject\",\"inLanguage\":\"de\",\"@id\":\"https:\\\/\\\/www.deutsche-glasfaser.de\\\/blog\\\/#\\\/schema\\\/logo\\\/image\\\/\",\"url\":\"https:\\\/\\\/www.deutsche-glasfaser.de\\\/blog\\\/wp-content\\\/uploads\\\/2021\\\/08\\\/DGF_Logo_Basis_RGB-Large@2x.png\",\"contentUrl\":\"https:\\\/\\\/www.deutsche-glasfaser.de\\\/blog\\\/wp-content\\\/uploads\\\/2021\\\/08\\\/DGF_Logo_Basis_RGB-Large@2x.png\",\"width\":312,\"height\":104,\"caption\":\"Digitales B\u00fcrgernetz\"},\"image\":{\"@id\":\"https:\\\/\\\/www.deutsche-glasfaser.de\\\/blog\\\/#\\\/schema\\\/logo\\\/image\\\/\"}},{\"@type\":\"Person\",\"@id\":\"https:\\\/\\\/www.deutsche-glasfaser.de\\\/blog\\\/#\\\/schema\\\/person\\\/9380a6dc7443d77143d0c66c409f574b\",\"name\":\"Deutsche Glasfaser\"}]}<\/script>\n<!-- \/ Yoast SEO plugin. -->","yoast_head_json":{"title":"Digitalisierung in der Touristik - Digitales B\u00fcrgernetz","description":"Die Hohenzollern-Radweg-App macht das Reisen zum virtuellen Erlebnis. Augmented Reality macht\u2019s m\u00f6glich.","robots":{"index":"index","follow":"follow","max-snippet":"max-snippet:-1","max-image-preview":"max-image-preview:large","max-video-preview":"max-video-preview:-1"},"canonical":"https:\/\/www.deutsche-glasfaser.de\/blog\/digitalisierung-im-tourismus-augmented-reality-entfuehrt-reisende-in-die-welt-der-hohenzollern\/","og_locale":"de_DE","og_type":"article","og_title":"Digitalisierung in der Touristik - Digitales B\u00fcrgernetz","og_description":"Die Hohenzollern-Radweg-App macht das Reisen zum virtuellen Erlebnis. Augmented Reality macht\u2019s m\u00f6glich.","og_url":"https:\/\/www.deutsche-glasfaser.de\/blog\/digitalisierung-im-tourismus-augmented-reality-entfuehrt-reisende-in-die-welt-der-hohenzollern\/","og_site_name":"Digitales B\u00fcrgernetz","article_published_time":"2023-04-18T07:10:40+00:00","article_modified_time":"2023-04-18T13:00:14+00:00","og_image":[{"width":1200,"height":628,"url":"https:\/\/www.deutsche-glasfaser.de\/blog\/wp-content\/uploads\/2023\/04\/Titelbild_ErlebnisRadweg_Hoenzollern_Funktion_Augmented_Reality_interaktives_3D-Modell_FINAL.jpg","type":"image\/jpeg"}],"author":"Deutsche Glasfaser","twitter_card":"summary_large_image","twitter_misc":{"Verfasst von":"Deutsche Glasfaser","Gesch\u00e4tzte Lesezeit":"7\u00a0Minuten"},"schema":{"@context":"https:\/\/schema.org","@graph":[{"@type":"Article","@id":"https:\/\/www.deutsche-glasfaser.de\/blog\/digitalisierung-im-tourismus-augmented-reality-entfuehrt-reisende-in-die-welt-der-hohenzollern\/#article","isPartOf":{"@id":"https:\/\/www.deutsche-glasfaser.de\/blog\/digitalisierung-im-tourismus-augmented-reality-entfuehrt-reisende-in-die-welt-der-hohenzollern\/"},"author":{"name":"Deutsche Glasfaser","@id":"https:\/\/www.deutsche-glasfaser.de\/blog\/#\/schema\/person\/9380a6dc7443d77143d0c66c409f574b"},"headline":"Digitalisierung im Tourismus: Augmented Reality entf\u00fchrt Reisende in die Welt der Hohenzollern","datePublished":"2023-04-18T07:10:40+00:00","dateModified":"2023-04-18T13:00:14+00:00","mainEntityOfPage":{"@id":"https:\/\/www.deutsche-glasfaser.de\/blog\/digitalisierung-im-tourismus-augmented-reality-entfuehrt-reisende-in-die-welt-der-hohenzollern\/"},"wordCount":1150,"commentCount":0,"publisher":{"@id":"https:\/\/www.deutsche-glasfaser.de\/blog\/#organization"},"image":{"@id":"https:\/\/www.deutsche-glasfaser.de\/blog\/digitalisierung-im-tourismus-augmented-reality-entfuehrt-reisende-in-die-welt-der-hohenzollern\/#primaryimage"},"thumbnailUrl":"https:\/\/www.deutsche-glasfaser.de\/blog\/wp-content\/uploads\/2023\/04\/Titelbild_ErlebnisRadweg_Hoenzollern_Funktion_Augmented_Reality_interaktives_3D-Modell_FINAL.jpg","articleSection":["#zuHause"],"inLanguage":"de","potentialAction":[{"@type":"CommentAction","name":"Comment","target":["https:\/\/www.deutsche-glasfaser.de\/blog\/digitalisierung-im-tourismus-augmented-reality-entfuehrt-reisende-in-die-welt-der-hohenzollern\/#respond"]}]},{"@type":"WebPage","@id":"https:\/\/www.deutsche-glasfaser.de\/blog\/digitalisierung-im-tourismus-augmented-reality-entfuehrt-reisende-in-die-welt-der-hohenzollern\/","url":"https:\/\/www.deutsche-glasfaser.de\/blog\/digitalisierung-im-tourismus-augmented-reality-entfuehrt-reisende-in-die-welt-der-hohenzollern\/","name":"Digitalisierung in der Touristik - Digitales B\u00fcrgernetz","isPartOf":{"@id":"https:\/\/www.deutsche-glasfaser.de\/blog\/#website"},"primaryImageOfPage":{"@id":"https:\/\/www.deutsche-glasfaser.de\/blog\/digitalisierung-im-tourismus-augmented-reality-entfuehrt-reisende-in-die-welt-der-hohenzollern\/#primaryimage"},"image":{"@id":"https:\/\/www.deutsche-glasfaser.de\/blog\/digitalisierung-im-tourismus-augmented-reality-entfuehrt-reisende-in-die-welt-der-hohenzollern\/#primaryimage"},"thumbnailUrl":"https:\/\/www.deutsche-glasfaser.de\/blog\/wp-content\/uploads\/2023\/04\/Titelbild_ErlebnisRadweg_Hoenzollern_Funktion_Augmented_Reality_interaktives_3D-Modell_FINAL.jpg","datePublished":"2023-04-18T07:10:40+00:00","dateModified":"2023-04-18T13:00:14+00:00","description":"Die Hohenzollern-Radweg-App macht das Reisen zum virtuellen Erlebnis. Augmented Reality macht\u2019s m\u00f6glich.","inLanguage":"de","potentialAction":[{"@type":"ReadAction","target":["https:\/\/www.deutsche-glasfaser.de\/blog\/digitalisierung-im-tourismus-augmented-reality-entfuehrt-reisende-in-die-welt-der-hohenzollern\/"]}]},{"@type":"ImageObject","inLanguage":"de","@id":"https:\/\/www.deutsche-glasfaser.de\/blog\/digitalisierung-im-tourismus-augmented-reality-entfuehrt-reisende-in-die-welt-der-hohenzollern\/#primaryimage","url":"https:\/\/www.deutsche-glasfaser.de\/blog\/wp-content\/uploads\/2023\/04\/Titelbild_ErlebnisRadweg_Hoenzollern_Funktion_Augmented_Reality_interaktives_3D-Modell_FINAL.jpg","contentUrl":"https:\/\/www.deutsche-glasfaser.de\/blog\/wp-content\/uploads\/2023\/04\/Titelbild_ErlebnisRadweg_Hoenzollern_Funktion_Augmented_Reality_interaktives_3D-Modell_FINAL.jpg","width":1200,"height":628,"caption":"Augmented Reality macht das Reisen entlang des Hohenzollern-Radwegs zum virtuellen Erlebnis. \u00a9 Landkreis F\u00fcrth"},{"@type":"WebSite","@id":"https:\/\/www.deutsche-glasfaser.de\/blog\/#website","url":"https:\/\/www.deutsche-glasfaser.de\/blog\/","name":"Digitales B\u00fcrgernetz","description":"Deutsche Glasfaser Blog","publisher":{"@id":"https:\/\/www.deutsche-glasfaser.de\/blog\/#organization"},"potentialAction":[{"@type":"SearchAction","target":{"@type":"EntryPoint","urlTemplate":"https:\/\/www.deutsche-glasfaser.de\/blog\/?s={search_term_string}"},"query-input":{"@type":"PropertyValueSpecification","valueRequired":true,"valueName":"search_term_string"}}],"inLanguage":"de"},{"@type":"Organization","@id":"https:\/\/www.deutsche-glasfaser.de\/blog\/#organization","name":"Digitales B\u00fcrgernetz","url":"https:\/\/www.deutsche-glasfaser.de\/blog\/","logo":{"@type":"ImageObject","inLanguage":"de","@id":"https:\/\/www.deutsche-glasfaser.de\/blog\/#\/schema\/logo\/image\/","url":"https:\/\/www.deutsche-glasfaser.de\/blog\/wp-content\/uploads\/2021\/08\/DGF_Logo_Basis_RGB-Large@2x.png","contentUrl":"https:\/\/www.deutsche-glasfaser.de\/blog\/wp-content\/uploads\/2021\/08\/DGF_Logo_Basis_RGB-Large@2x.png","width":312,"height":104,"caption":"Digitales B\u00fcrgernetz"},"image":{"@id":"https:\/\/www.deutsche-glasfaser.de\/blog\/#\/schema\/logo\/image\/"}},{"@type":"Person","@id":"https:\/\/www.deutsche-glasfaser.de\/blog\/#\/schema\/person\/9380a6dc7443d77143d0c66c409f574b","name":"Deutsche Glasfaser"}]}},"_links":{"self":[{"href":"https:\/\/www.deutsche-glasfaser.de\/blog\/wp-json\/wp\/v2\/posts\/12058","targetHints":{"allow":["GET"]}}],"collection":[{"href":"https:\/\/www.deutsche-glasfaser.de\/blog\/wp-json\/wp\/v2\/posts"}],"about":[{"href":"https:\/\/www.deutsche-glasfaser.de\/blog\/wp-json\/wp\/v2\/types\/post"}],"author":[{"embeddable":true,"href":"https:\/\/www.deutsche-glasfaser.de\/blog\/wp-json\/wp\/v2\/users\/5"}],"replies":[{"embeddable":true,"href":"https:\/\/www.deutsche-glasfaser.de\/blog\/wp-json\/wp\/v2\/comments?post=12058"}],"version-history":[{"count":33,"href":"https:\/\/www.deutsche-glasfaser.de\/blog\/wp-json\/wp\/v2\/posts\/12058\/revisions"}],"predecessor-version":[{"id":12106,"href":"https:\/\/www.deutsche-glasfaser.de\/blog\/wp-json\/wp\/v2\/posts\/12058\/revisions\/12106"}],"wp:featuredmedia":[{"embeddable":true,"href":"https:\/\/www.deutsche-glasfaser.de\/blog\/wp-json\/wp\/v2\/media\/12059"}],"wp:attachment":[{"href":"https:\/\/www.deutsche-glasfaser.de\/blog\/wp-json\/wp\/v2\/media?parent=12058"}],"wp:term":[{"taxonomy":"category","embeddable":true,"href":"https:\/\/www.deutsche-glasfaser.de\/blog\/wp-json\/wp\/v2\/categories?post=12058"},{"taxonomy":"post_tag","embeddable":true,"href":"https:\/\/www.deutsche-glasfaser.de\/blog\/wp-json\/wp\/v2\/tags?post=12058"}],"curies":[{"name":"wp","href":"https:\/\/api.w.org\/{rel}","templated":true}]}}