{"id":12019,"date":"2023-04-14T07:39:00","date_gmt":"2023-04-14T05:39:00","guid":{"rendered":"https:\/\/www.deutsche-glasfaser.de\/blog\/?p=12019"},"modified":"2023-04-06T13:41:23","modified_gmt":"2023-04-06T11:41:23","slug":"digitales-dorf-spiegelau-frauenau-digitalisierung-muss-in-allen-rathaeusern-chefsache-werden","status":"publish","type":"post","link":"https:\/\/www.deutsche-glasfaser.de\/blog\/digitales-dorf-spiegelau-frauenau-digitalisierung-muss-in-allen-rathaeusern-chefsache-werden\/","title":{"rendered":"Digitales Dorf Spiegelau-Frauenau: \u201eDigitalisierung muss in allen Rath\u00e4usern Chefsache werden\u201c"},"content":{"rendered":"\t\t<div data-elementor-type=\"wp-post\" data-elementor-id=\"12019\" class=\"elementor elementor-12019\">\n\t\t\t\t\t\t<section class=\"elementor-section elementor-top-section elementor-element elementor-element-f55f6f9 elementor-section-boxed elementor-section-height-default elementor-section-height-default\" data-id=\"f55f6f9\" data-element_type=\"section\" data-e-type=\"section\">\n\t\t\t\t\t\t<div class=\"elementor-container elementor-column-gap-default\">\n\t\t\t\t\t<div class=\"elementor-column elementor-col-100 elementor-top-column elementor-element elementor-element-22d7da8\" data-id=\"22d7da8\" data-element_type=\"column\" data-e-type=\"column\">\n\t\t\t<div class=\"elementor-widget-wrap elementor-element-populated\">\n\t\t\t\t\t\t<div class=\"elementor-element elementor-element-6535b2b elementor-widget elementor-widget-text-editor\" data-id=\"6535b2b\" data-element_type=\"widget\" data-e-type=\"widget\" data-widget_type=\"text-editor.default\">\n\t\t\t\t<div class=\"elementor-widget-container\">\n\t\t\t\t\t\t\t\t\t<p>B\u00fcrgermeister Karlheinz Roth macht sich seit fast zwei Jahrzehnten f\u00fcr die digitale Transformation stark. \u00a9\u00a0Landkreis Freyung-Grafenau<\/p>\t\t\t\t\t\t\t\t<\/div>\n\t\t\t\t<\/div>\n\t\t\t\t\t<\/div>\n\t\t<\/div>\n\t\t\t\t\t<\/div>\n\t\t<\/section>\n\t\t\t\t<section class=\"elementor-section elementor-top-section elementor-element elementor-element-bd8d8d7 elementor-section-boxed elementor-section-height-default elementor-section-height-default\" data-id=\"bd8d8d7\" data-element_type=\"section\" data-e-type=\"section\">\n\t\t\t\t\t\t<div class=\"elementor-container elementor-column-gap-default\">\n\t\t\t\t\t<div class=\"elementor-column elementor-col-100 elementor-top-column elementor-element elementor-element-7bd2fcf\" data-id=\"7bd2fcf\" data-element_type=\"column\" data-e-type=\"column\">\n\t\t\t<div class=\"elementor-widget-wrap elementor-element-populated\">\n\t\t\t\t\t\t<div class=\"elementor-element elementor-element-d4bc094 elementor-widget elementor-widget-text-editor\" data-id=\"d4bc094\" data-element_type=\"widget\" data-e-type=\"widget\" data-widget_type=\"text-editor.default\">\n\t\t\t\t<div class=\"elementor-widget-container\">\n\t\t\t\t\t\t\t\t\t<p>Die Initiative <a href=\"https:\/\/www.digitales-dorf.bayern\/\"><strong>\u201eDigitales Dorf Bayern\u201c<\/strong><\/a> ist 2017 mit dem Ziel gestartet, Digitalisierungschancen aufzugreifen und Ideen und L\u00f6sungen in Modelld\u00f6rfern exemplarisch zu erproben. Das \u201eDigitale Dorf Spiegelau-Frauenau\u201c geh\u00f6rte zu den ersten von insgesamt f\u00fcnf Modellregionen. Karlheinz-Roth ist dort seit 2014 B\u00fcrgermeister.<\/p>\t\t\t\t\t\t\t\t<\/div>\n\t\t\t\t<\/div>\n\t\t\t\t<div class=\"elementor-element elementor-element-2a50f7f elementor-widget elementor-widget-spacer\" data-id=\"2a50f7f\" data-element_type=\"widget\" data-e-type=\"widget\" data-widget_type=\"spacer.default\">\n\t\t\t\t<div class=\"elementor-widget-container\">\n\t\t\t\t\t\t\t<div class=\"elementor-spacer\">\n\t\t\t<div class=\"elementor-spacer-inner\"><\/div>\n\t\t<\/div>\n\t\t\t\t\t\t<\/div>\n\t\t\t\t<\/div>\n\t\t\t\t<div class=\"elementor-element elementor-element-c609179 elementor-widget elementor-widget-text-editor\" data-id=\"c609179\" data-element_type=\"widget\" data-e-type=\"widget\" data-widget_type=\"text-editor.default\">\n\t\t\t\t<div class=\"elementor-widget-container\">\n\t\t\t\t\t\t\t\t\t<p><strong>Herr Roth, wie hat die Initiative \u201eDigitales Dorf Bayern\u201c Spiegelau ver\u00e4ndert?<\/strong><\/p><p>Mithilfe der Initiative ist es uns gelungen, das Thema Digitalisierung fr\u00fchzeitig bei uns im Dorf zu platzieren. Unser Ansatz war, Digitalisierung ausschlie\u00dflich dort einzusetzen, wo es Menschen etwas bringt. So sind viele Mehrwerte f\u00fcr die B\u00fcrgerinnen und B\u00fcrger entstanden. Dar\u00fcber hinaus konnten wir verschiedene Infrastrukturma\u00dfnehmen implementieren, die es ohne die Initiative nicht gegeben h\u00e4tte \u2013 oder zumindest w\u00e4ren sie nicht in dem Tempo m\u00f6glich gewesen.<\/p>\t\t\t\t\t\t\t\t<\/div>\n\t\t\t\t<\/div>\n\t\t\t\t<div class=\"elementor-element elementor-element-aeb7970 elementor-widget elementor-widget-spacer\" data-id=\"aeb7970\" data-element_type=\"widget\" data-e-type=\"widget\" data-widget_type=\"spacer.default\">\n\t\t\t\t<div class=\"elementor-widget-container\">\n\t\t\t\t\t\t\t<div class=\"elementor-spacer\">\n\t\t\t<div class=\"elementor-spacer-inner\"><\/div>\n\t\t<\/div>\n\t\t\t\t\t\t<\/div>\n\t\t\t\t<\/div>\n\t\t\t\t<div class=\"elementor-element elementor-element-ca9a204 elementor-widget elementor-widget-image\" data-id=\"ca9a204\" data-element_type=\"widget\" data-e-type=\"widget\" data-widget_type=\"image.default\">\n\t\t\t\t<div class=\"elementor-widget-container\">\n\t\t\t\t\t\t\t\t\t\t\t\t<figure class=\"wp-caption\">\n\t\t\t\t\t\t\t\t\t\t<img fetchpriority=\"high\" decoding=\"async\" width=\"768\" height=\"436\" src=\"https:\/\/www.deutsche-glasfaser.de\/blog\/wp-content\/uploads\/2023\/04\/Beitragsbild1_Ortsschild_FINAL-768x436.jpeg\" class=\"attachment-medium_large size-medium_large wp-image-12021\" alt=\"Ortseingangsschild Spiegelau, darunter Schild mit Logo und Schriftzug der Initiative \u201eDigitales Dorf\u201c\" srcset=\"https:\/\/www.deutsche-glasfaser.de\/blog\/wp-content\/uploads\/2023\/04\/Beitragsbild1_Ortsschild_FINAL-768x436.jpeg 768w, https:\/\/www.deutsche-glasfaser.de\/blog\/wp-content\/uploads\/2023\/04\/Beitragsbild1_Ortsschild_FINAL-300x170.jpeg 300w, https:\/\/www.deutsche-glasfaser.de\/blog\/wp-content\/uploads\/2023\/04\/Beitragsbild1_Ortsschild_FINAL.jpeg 788w\" sizes=\"(max-width: 768px) 100vw, 768px\" \/>\t\t\t\t\t\t\t\t\t\t\t<figcaption class=\"widget-image-caption wp-caption-text\">Schon am Ortseingang weist ein Schild darauf hin, dass sich Spiegelau, eine kleine Gemeinde im Bayerischen Wald, in puncto Digitalisierung viel vorgenommen hat. \u00a9 Gemeinde Spiegelau<\/figcaption>\n\t\t\t\t\t\t\t\t\t\t<\/figure>\n\t\t\t\t\t\t\t\t\t<\/div>\n\t\t\t\t<\/div>\n\t\t\t\t<div class=\"elementor-element elementor-element-20fd57e elementor-widget elementor-widget-spacer\" data-id=\"20fd57e\" data-element_type=\"widget\" data-e-type=\"widget\" data-widget_type=\"spacer.default\">\n\t\t\t\t<div class=\"elementor-widget-container\">\n\t\t\t\t\t\t\t<div class=\"elementor-spacer\">\n\t\t\t<div class=\"elementor-spacer-inner\"><\/div>\n\t\t<\/div>\n\t\t\t\t\t\t<\/div>\n\t\t\t\t<\/div>\n\t\t\t\t<div class=\"elementor-element elementor-element-6ded30d elementor-widget elementor-widget-text-editor\" data-id=\"6ded30d\" data-element_type=\"widget\" data-e-type=\"widget\" data-widget_type=\"text-editor.default\">\n\t\t\t\t<div class=\"elementor-widget-container\">\n\t\t\t\t\t\t\t\t\t<p><strong>K\u00f6nnen Sie uns einige Beispiele nennen?<\/strong><\/p><p>Da ist zum einen unsere digitale B\u00fccherei, die aktuell einen Onlinebestand von mehr als 60.000 Medien hat. Dann haben wir eine Rathaus-App mithilfe des Digitalen Dorfes umgesetzt. Dar\u00fcber k\u00f6nnen die B\u00fcrgerinnen und B\u00fcrger mit uns kommunizieren. Wenn sie im Kurpark spazieren gehen und sehen, dass ein Baum den Weg blockiert, k\u00f6nnen sie uns das direkt von dort melden. Au\u00dferdem hat die App eine Push-Funktion, die gerade in der Coronazeit sehr wertvoll war, da wir dar\u00fcber unsere B\u00fcrgerinnen und B\u00fcrger sehr schnell und direkt \u00fcber aktuelle Geschehnisse informieren konnten. Das dritte Beispiel betrifft unsere Grundschule, die wir komplett mit Glasfaser verkabelt haben. Au\u00dferdem haben alle Klassenzimmer einen Beamer, eine Dokumentenkamera, einen WLAN-Hotspot und eine Workstation erhalten, wo mehrere Kinder zusammen an einem Computer \u00dcbungen machen k\u00f6nnen. So k\u00f6nnen wir \u2013 obwohl wir eine Schule im l\u00e4ndlichen Raum sind \u2013 modernste Lehr- und Lernbedingungen bieten. Zu Beginn des Projekts \u201eDigitale D\u00f6rfer\u201c standen in unserer Schule noch Tageslichtprojektoren.<br \/><br \/>Ich werde immer mal wieder gefragt, wie wir das alles in relativ kurzer Zeit geschafft haben \u2013 erst vor kurzem zum Beispiel bei einer Veranstaltung in England. Meine Antwort war: \u201eWe just did it.\u201c Wir leben in einem Land, in dem erst einmal alles dahingehend \u00fcberpr\u00fcft wird, warum etwas nicht geht. Hier w\u00fcnsche ich mir einen Mentalit\u00e4tswechsel. Mit dem Beispiel Spiegelau m\u00f6chte ich anderen Mut machen.<\/p>\t\t\t\t\t\t\t\t<\/div>\n\t\t\t\t<\/div>\n\t\t\t\t<div class=\"elementor-element elementor-element-3aae60d elementor-widget elementor-widget-spacer\" data-id=\"3aae60d\" data-element_type=\"widget\" data-e-type=\"widget\" data-widget_type=\"spacer.default\">\n\t\t\t\t<div class=\"elementor-widget-container\">\n\t\t\t\t\t\t\t<div class=\"elementor-spacer\">\n\t\t\t<div class=\"elementor-spacer-inner\"><\/div>\n\t\t<\/div>\n\t\t\t\t\t\t<\/div>\n\t\t\t\t<\/div>\n\t\t\t\t<div class=\"elementor-element elementor-element-19f6166 elementor-widget elementor-widget-image\" data-id=\"19f6166\" data-element_type=\"widget\" data-e-type=\"widget\" data-widget_type=\"image.default\">\n\t\t\t\t<div class=\"elementor-widget-container\">\n\t\t\t\t\t\t\t\t\t\t\t\t<figure class=\"wp-caption\">\n\t\t\t\t\t\t\t\t\t\t<img decoding=\"async\" width=\"768\" height=\"436\" src=\"https:\/\/www.deutsche-glasfaser.de\/blog\/wp-content\/uploads\/2023\/04\/Beitragsbild2_RathausApp2C2A9TechnologieCampusGrafenau_Kopie_FINAL-1-768x436.jpeg\" class=\"attachment-medium_large size-medium_large wp-image-12022\" alt=\"Smartphone mit Rathaus-App\" srcset=\"https:\/\/www.deutsche-glasfaser.de\/blog\/wp-content\/uploads\/2023\/04\/Beitragsbild2_RathausApp2C2A9TechnologieCampusGrafenau_Kopie_FINAL-1-768x436.jpeg 768w, https:\/\/www.deutsche-glasfaser.de\/blog\/wp-content\/uploads\/2023\/04\/Beitragsbild2_RathausApp2C2A9TechnologieCampusGrafenau_Kopie_FINAL-1-300x170.jpeg 300w, https:\/\/www.deutsche-glasfaser.de\/blog\/wp-content\/uploads\/2023\/04\/Beitragsbild2_RathausApp2C2A9TechnologieCampusGrafenau_Kopie_FINAL-1.jpeg 788w\" sizes=\"(max-width: 768px) 100vw, 768px\" \/>\t\t\t\t\t\t\t\t\t\t\t<figcaption class=\"widget-image-caption wp-caption-text\">Mit der Rathaus-App sind B\u00fcrger:innen digital mit der Gemeinde vernetzt. \u00a9 Technologie Campus Grafenau<\/figcaption>\n\t\t\t\t\t\t\t\t\t\t<\/figure>\n\t\t\t\t\t\t\t\t\t<\/div>\n\t\t\t\t<\/div>\n\t\t\t\t<div class=\"elementor-element elementor-element-765680c elementor-widget elementor-widget-spacer\" data-id=\"765680c\" data-element_type=\"widget\" data-e-type=\"widget\" data-widget_type=\"spacer.default\">\n\t\t\t\t<div class=\"elementor-widget-container\">\n\t\t\t\t\t\t\t<div class=\"elementor-spacer\">\n\t\t\t<div class=\"elementor-spacer-inner\"><\/div>\n\t\t<\/div>\n\t\t\t\t\t\t<\/div>\n\t\t\t\t<\/div>\n\t\t\t\t<div class=\"elementor-element elementor-element-6daeed3 elementor-widget elementor-widget-text-editor\" data-id=\"6daeed3\" data-element_type=\"widget\" data-e-type=\"widget\" data-widget_type=\"text-editor.default\">\n\t\t\t\t<div class=\"elementor-widget-container\">\n\t\t\t\t\t\t\t\t\t<p><strong>Wie sieht es mit der Verwaltung aus?<\/strong><\/p><p>Da haben wir einen enormen Sprung gemacht. Im Zuge des Projekts haben wir auch das Rathaus ans Glasfasernetz angeschlossen und in allen Teilen unseres Rathauses eine EDV-L\u00f6sung eingef\u00fchrt, die untereinander kommuniziert. Das hei\u00dft: Die Information, die wir am Einwohnermeldeamt bekommen, wird an anderen Stellen weiterverwendet \u2013 nat\u00fcrlich unter Ber\u00fccksichtigung der Datenschutzbestimmungen.<br \/><br \/>Indem wir Prozesse digitalisieren, arbeiten wir wesentlich effizienter. F\u00fcr eine Auftragserteilung beispielsweise haben wir fr\u00fcher etwa zwei Wochen ben\u00f6tigt, heute schaffen wir das mitunter in einem halben Tag. Au\u00dferdem bringt der digitale Workflow mit sich, dass mein B\u00fcro inzwischen papierlos ist. In den vergangenen zwei Jahren haben wir vielleicht vier P\u00e4cklein Papier gekauft.<\/p><p><strong><br \/>K\u00f6nnen auch die B\u00fcrger ihre Anliegen online einbringen?<\/strong><\/p><p>Auf jeden Fall. Das Onlinezugangsgesetz, demzufolge Bund, L\u00e4nder und Kommunen Verwaltungsleistungen auch digital anbieten m\u00fcssen, ist bei uns umgesetzt.<\/p><p><strong><br \/>Was treibt Sie pers\u00f6nlich beim Thema Digitalisierung an?<\/strong><\/p><p>Das Thema begleitet mich seit dem Jahr 2004. Ich war damals Vorsitzender einer \u00f6rtlichen Jugendorganisation. Seinerzeit wurde an der Universit\u00e4t Passau ein Lehrstuhl f\u00fcr IT gegr\u00fcndet. Viele der Absolventen von dort sind damals ins ober\u00f6sterreichische Hagenberg abgewandert, eine Gemeinde mit etwa 5.000 Einwohnern und einer Besonderheit: Die Gemeinde hatte eine 16.000er DSL-Leitung. Das war zu der Zeit sehr schnell. Au\u00dferdem gab es einen Softwarepark mit einer Vielzahl an Arbeitspl\u00e4tzen. Dass wir unseren Nachwuchs exzellent ausbilden und dieser dann ins Ausland abwandert, hat mir nicht gepasst. Da bin ich aktiv geworden und habe gesagt: Wir brauchen eine Initiative, damit auch die l\u00e4ndlichen Regionen Breitband bekommen. Daf\u00fcr habe ich hart gek\u00e4mpft. Letztendlich konnte ich das Thema mithilfe der Presse ins Rollen bringen. So ging aus dem Ganzen das erste F\u00f6rderprogramm f\u00fcr den Breitbandausbau im l\u00e4ndlichen Raum in Bayern hervor.<\/p><p>Wenn Sie mit einem Thema so eng verbunden sind, l\u00e4sst es Sie nie mehr los. Noch heute besch\u00e4ftige ich mich jede Minute mit der Frage, wie es mithilfe der Digitalisierung gelingen kann, unser Leben besser zu machen. Damit sage ich auch: Es muss nicht alles digital sein. Digitalisierung ist f\u00fcr mich noch nie Selbstzweck gewesen.<\/p><p><strong><br \/>Vermutlich gelingt es Ihnen mit genau dieser Leidenschaft, die Menschen bei der digitalen Transformation mitzunehmen \u2026<\/strong><\/p><p>In der Tat ist das ein entscheidender Punkt. Bei der Digitalisierung reicht es nicht, einfach Geld zur Verf\u00fcgung zu stellen. Das Thema muss in allen Rath\u00e4usern Chefsache werden, und als B\u00fcrgermeister m\u00fcssen Sie mit dem Herzen dabei sein. Au\u00dferdem brauchen Sie in Ihrer Verwaltung eine Gesch\u00e4ftsleitung, die das Thema genauso in sich tr\u00e4gt und die Mitarbeitenden genauso motiviert wie Sie selbst. Nur so k\u00f6nnen Sie die Menschen von Ver\u00e4nderungen \u00fcberzeugen.<\/p><p>Gleichzeit d\u00fcrfen Sie die digitale Kompetenz nicht aus den Augen verlieren \u2013 weder bei den Mitarbeitenden der Verwaltung, der Gesch\u00e4ftsleitung oder sich selbst. Egal ob im Einwohnermelde- oder Bauamt: Die Anforderungen sind heute andere als vor 20 Jahren. Da m\u00fcssen Sie die Menschen mitnehmen.<\/p><p><strong><br \/>Und wie sieht es mit den B\u00fcrgerinnen und B\u00fcrgern aus?<\/strong><\/p><p>Wenn wir wollen, dass die B\u00fcrgerinnen und B\u00fcrger die digitale Transformation mitgehen, m\u00fcssen wir sie fr\u00fchzeitig einbinden. Bei uns hat das sehr gut funktioniert, indem wir sie zielgruppenorientiert angesprochen haben. Ein Beispiel ist unser Dorfbus, der vor allem f\u00fcr die \u00e4ltere Bev\u00f6lkerung interessant ist. Bevor wir daf\u00fcr eine App entwickelt haben, mussten wir zun\u00e4chst wissen, welche Buslinien wir brauchen. Um das herauszufinden, habe ich die Seniorinnen und Senioren vor Ort gezielt angesprochen und zu einer B\u00fcrgerversammlung eingeladen. Unsere Botschaft war: Wir wollen einen Dorfbus einf\u00fchren. Euch brauchen wir, um zu wissen, wie wir das am besten machen.<\/p><p>Ich bin fest \u00fcberzeugt: Wenn es unser Ziel ist, dass sich B\u00fcrgerinnen und B\u00fcrger an Politik beteiligen, m\u00fcssen wir uns immer wieder die Frage stellen: Welche Aufgabe hat die Politik auf der einen Seite, und wo muss der Souver\u00e4n loslassen, damit sich der B\u00fcrger auch ernst genommen f\u00fchlt und an B\u00fcrgerversammlungen teilnimmt. Wir haben das mit zwei W-W\u00f6rtern beantwortet: Das eine ist das \u201aWas\u2018 und das andere das \u201aWie\u2018. Was umgesetzt wird und was die Zielsetzungen f\u00fcr die Zukunft sind, ist klassische Aufgabe der Politik. Wenn es aber um die Frage geht, wie etwas gestaltet werden soll, ist es eine gute Idee, wenn der Souver\u00e4n losl\u00e4sst. Das haben wir getan. Wir haben uns beim B\u00fcrgerbus tats\u00e4chlich keine Gedanken gemacht, wo die Haltestellen sein sollen, sondern den B\u00fcrgern vertraut. 70 Menschen sind zu unserer B\u00fcrgerversammlung gekommen. Es war ein Akt sehr lebendiger Demokratie. Ich denke, das ist ein Modell, das Zukunft in unserer Gesellschaft hat \u2013 unabh\u00e4ngig vom konkreten Projekt.<\/p>\t\t\t\t\t\t\t\t<\/div>\n\t\t\t\t<\/div>\n\t\t\t\t<div class=\"elementor-element elementor-element-7ac2cea elementor-widget elementor-widget-spacer\" data-id=\"7ac2cea\" data-element_type=\"widget\" data-e-type=\"widget\" data-widget_type=\"spacer.default\">\n\t\t\t\t<div class=\"elementor-widget-container\">\n\t\t\t\t\t\t\t<div class=\"elementor-spacer\">\n\t\t\t<div class=\"elementor-spacer-inner\"><\/div>\n\t\t<\/div>\n\t\t\t\t\t\t<\/div>\n\t\t\t\t<\/div>\n\t\t\t\t<div class=\"elementor-element elementor-element-c9e81e1 elementor-widget elementor-widget-image\" data-id=\"c9e81e1\" data-element_type=\"widget\" data-e-type=\"widget\" data-widget_type=\"image.default\">\n\t\t\t\t<div class=\"elementor-widget-container\">\n\t\t\t\t\t\t\t\t\t\t\t\t<figure class=\"wp-caption\">\n\t\t\t\t\t\t\t\t\t\t<img decoding=\"async\" width=\"768\" height=\"436\" src=\"https:\/\/www.deutsche-glasfaser.de\/blog\/wp-content\/uploads\/2023\/04\/Beitragsbild3_Dorfbus_App_FINAL-768x436.jpeg\" class=\"attachment-medium_large size-medium_large wp-image-12020\" alt=\"B\u00fcrgerbus vor dem f\u00fcnf Personen stehen, rechts B\u00fcrgermeister Karlheinz Roth.\" srcset=\"https:\/\/www.deutsche-glasfaser.de\/blog\/wp-content\/uploads\/2023\/04\/Beitragsbild3_Dorfbus_App_FINAL-768x436.jpeg 768w, https:\/\/www.deutsche-glasfaser.de\/blog\/wp-content\/uploads\/2023\/04\/Beitragsbild3_Dorfbus_App_FINAL-300x170.jpeg 300w, https:\/\/www.deutsche-glasfaser.de\/blog\/wp-content\/uploads\/2023\/04\/Beitragsbild3_Dorfbus_App_FINAL.jpeg 788w\" sizes=\"(max-width: 768px) 100vw, 768px\" \/>\t\t\t\t\t\t\t\t\t\t\t<figcaption class=\"widget-image-caption wp-caption-text\">Der Dorfbus Spiegelau l\u00e4sst sich per App buchen. Welche Haltestellen er anf\u00e4hrt, haben die Menschen in Spiegelau selbst festgelegt. \u00a9 Gemeinde Spiegelau<\/figcaption>\n\t\t\t\t\t\t\t\t\t\t<\/figure>\n\t\t\t\t\t\t\t\t\t<\/div>\n\t\t\t\t<\/div>\n\t\t\t\t<div class=\"elementor-element elementor-element-a16c50b elementor-widget elementor-widget-spacer\" data-id=\"a16c50b\" data-element_type=\"widget\" data-e-type=\"widget\" data-widget_type=\"spacer.default\">\n\t\t\t\t<div class=\"elementor-widget-container\">\n\t\t\t\t\t\t\t<div class=\"elementor-spacer\">\n\t\t\t<div class=\"elementor-spacer-inner\"><\/div>\n\t\t<\/div>\n\t\t\t\t\t\t<\/div>\n\t\t\t\t<\/div>\n\t\t\t\t<div class=\"elementor-element elementor-element-c5c0182 elementor-widget elementor-widget-text-editor\" data-id=\"c5c0182\" data-element_type=\"widget\" data-e-type=\"widget\" data-widget_type=\"text-editor.default\">\n\t\t\t\t<div class=\"elementor-widget-container\">\n\t\t\t\t\t\t\t\t\t<p>Ein zweiter Punkt ist, dass B\u00fcrgerinnen und B\u00fcrger auch f\u00e4hig sein m\u00fcssen, Digitalisierung anzuwenden. Hierf\u00fcr haben wir zusammen mit der Volkshochschule niederschwellige Kurse in kleinen Gruppen angeboten. Wir haben im Rahmen des Projekts \u201eDigitales Dorf\u201c zum Beispiel eine Wisch-App entwickelt, mit der Seniorinnen und Senioren das Wischen auf dem Smartphone gelernt haben.<\/p><p><strong><br \/>Digitalisierung macht sich nicht von allein. Braucht jede Gemeinde einen eigenen Digitalisierungsbeauftragten?<\/strong><\/p><p>Das wird angesichts knapper Kassen und fehlender Fachkr\u00e4fte nicht funktionieren. Ich habe deshalb bereits ein Modell vorgeschlagen, bei dem wir einen Pool haben, bei dem sich die Rath\u00e4user anteilig Personal leihen bzw. Leistungen einkaufen k\u00f6nnen.<br \/><br \/><\/p><p><strong>Eine letzte Frage: Wo sehen Sie Spiegelau in f\u00fcnf Jahren?<\/strong><\/p><p>Das ist schwierig zu sagen. Der Prozess ist zu dynamisch. Wir werden den Weg der Digitalisierung auf jeden Fall weitergehen und versuchen, das zu tun, was wir immer versucht haben: Chancen zu ergreifen. Wohin uns das f\u00fchrt, werden wir in f\u00fcnf Jahren sehen.<\/p>\t\t\t\t\t\t\t\t<\/div>\n\t\t\t\t<\/div>\n\t\t\t\t\t<\/div>\n\t\t<\/div>\n\t\t\t\t\t<\/div>\n\t\t<\/section>\n\t\t\t\t<section class=\"elementor-section elementor-top-section elementor-element elementor-element-2c93ea3 elementor-section-boxed elementor-section-height-default elementor-section-height-default\" data-id=\"2c93ea3\" data-element_type=\"section\" data-e-type=\"section\">\n\t\t\t\t\t\t<div class=\"elementor-container elementor-column-gap-default\">\n\t\t\t\t\t<div class=\"elementor-column elementor-col-100 elementor-top-column elementor-element elementor-element-e337802\" data-id=\"e337802\" data-element_type=\"column\" data-e-type=\"column\">\n\t\t\t<div class=\"elementor-widget-wrap elementor-element-populated\">\n\t\t\t\t\t\t<div class=\"elementor-element elementor-element-9cc39c6 eael-infobox-icon-bg-shape-none eael-infobox-icon-hover-bg-shape-none elementor-widget elementor-widget-eael-info-box\" data-id=\"9cc39c6\" data-element_type=\"widget\" data-e-type=\"widget\" data-widget_type=\"eael-info-box.default\">\n\t\t\t\t<div class=\"elementor-widget-container\">\n\t\t\t\t\t        <div class=\"eael-infobox icon-on-left\">\n\t            <div class=\"infobox-icon eael-icon-only\">\n\n            \n                            <div class=\"infobox-icon-wrap\">\n                    <i aria-hidden=\"true\" class=\"fas fa-info-circle\"><\/i>                <\/div>\n            \n            \n        <\/div>\n            <div class=\"infobox-content eael-icon-only\">\n        <div><p>Mehr \u00fcber das \u201eDigitale Dorf Bayern\u201c lesen Sie im <a href=\"https:\/\/www.deutsche-glasfaser.de\/blog\/digitales-dorf-bayern-wir-wollen-digitale-loesungen-in-die-flaeche-bringen\/\"><strong>Interview mit Professorin Diane Ahrens<\/strong><\/a>, eine der Initiatorinnen der Initiative, hier bei uns im Blog.<\/p><\/div>        <\/div>\n            <\/div>\n\n\t\t\t\t\t\t<\/div>\n\t\t\t\t<\/div>\n\t\t\t\t\t<\/div>\n\t\t<\/div>\n\t\t\t\t\t<\/div>\n\t\t<\/section>\n\t\t\t\t<\/div>\n\t\t","protected":false},"excerpt":{"rendered":"<p>Das Thema Digitalisierung l\u00e4sst Karlheinz Roth, B\u00fcrgermeister von Spiegelau, seit 20 Jahren nicht mehr los. Im Interview berichtet der 42-J\u00e4hrige, wie die Initiative \u201eDigitales Dorf Bayern\u201c seine Gemeinde nachhaltig ver\u00e4ndert hat.<\/p>\n","protected":false},"author":5,"featured_media":12024,"comment_status":"open","ping_status":"open","sticky":false,"template":"","format":"standard","meta":{"footnotes":""},"categories":[68],"tags":[],"class_list":["post-12019","post","type-post","status-publish","format-standard","has-post-thumbnail","hentry","category-zuhause"],"yoast_head":"<!-- This site is optimized with the Yoast SEO plugin v27.5 - https:\/\/yoast.com\/product\/yoast-seo-wordpress\/ -->\n<title>Digitales Dorf Spiegelau-Frauenau - Digitales B\u00fcrgernetz<\/title>\n<meta name=\"description\" content=\"Das Digitale Dorf Spiegelau-Frauenau war 2017 eine der ersten Modellregionen der Initiative Digitales Dorf Bayern. Seitdem hat sich viel getan in puncto Digitalisierung.\" \/>\n<meta name=\"robots\" content=\"index, follow, max-snippet:-1, max-image-preview:large, max-video-preview:-1\" \/>\n<link rel=\"canonical\" href=\"https:\/\/www.deutsche-glasfaser.de\/blog\/digitales-dorf-spiegelau-frauenau-digitalisierung-muss-in-allen-rathaeusern-chefsache-werden\/\" \/>\n<meta property=\"og:locale\" content=\"de_DE\" \/>\n<meta property=\"og:type\" content=\"article\" \/>\n<meta property=\"og:title\" content=\"Digitales Dorf Spiegelau-Frauenau - Digitales B\u00fcrgernetz\" \/>\n<meta property=\"og:description\" content=\"Das Digitale Dorf Spiegelau-Frauenau war 2017 eine der ersten Modellregionen der Initiative Digitales Dorf Bayern. Seitdem hat sich viel getan in puncto Digitalisierung.\" \/>\n<meta property=\"og:url\" content=\"https:\/\/www.deutsche-glasfaser.de\/blog\/digitales-dorf-spiegelau-frauenau-digitalisierung-muss-in-allen-rathaeusern-chefsache-werden\/\" \/>\n<meta property=\"og:site_name\" content=\"Digitales B\u00fcrgernetz\" \/>\n<meta property=\"article:published_time\" content=\"2023-04-14T05:39:00+00:00\" \/>\n<meta property=\"og:image\" content=\"https:\/\/www.deutsche-glasfaser.de\/blog\/wp-content\/uploads\/2023\/04\/Titelbild_Karlheinz_Roth_A01_MG_0553_FINAL.jpeg\" \/>\n\t<meta property=\"og:image:width\" content=\"1200\" \/>\n\t<meta property=\"og:image:height\" content=\"628\" \/>\n\t<meta property=\"og:image:type\" content=\"image\/jpeg\" \/>\n<meta name=\"author\" content=\"Deutsche Glasfaser\" \/>\n<meta name=\"twitter:card\" content=\"summary_large_image\" \/>\n<meta name=\"twitter:label1\" content=\"Verfasst von\" \/>\n\t<meta name=\"twitter:data1\" content=\"Deutsche Glasfaser\" \/>\n\t<meta name=\"twitter:label2\" content=\"Gesch\u00e4tzte Lesezeit\" \/>\n\t<meta name=\"twitter:data2\" content=\"9\u00a0Minuten\" \/>\n<script type=\"application\/ld+json\" class=\"yoast-schema-graph\">{\"@context\":\"https:\\\/\\\/schema.org\",\"@graph\":[{\"@type\":\"Article\",\"@id\":\"https:\\\/\\\/www.deutsche-glasfaser.de\\\/blog\\\/digitales-dorf-spiegelau-frauenau-digitalisierung-muss-in-allen-rathaeusern-chefsache-werden\\\/#article\",\"isPartOf\":{\"@id\":\"https:\\\/\\\/www.deutsche-glasfaser.de\\\/blog\\\/digitales-dorf-spiegelau-frauenau-digitalisierung-muss-in-allen-rathaeusern-chefsache-werden\\\/\"},\"author\":{\"name\":\"Deutsche Glasfaser\",\"@id\":\"https:\\\/\\\/www.deutsche-glasfaser.de\\\/blog\\\/#\\\/schema\\\/person\\\/9380a6dc7443d77143d0c66c409f574b\"},\"headline\":\"Digitales Dorf Spiegelau-Frauenau: \u201eDigitalisierung muss in allen Rath\u00e4usern Chefsache werden\u201c\",\"datePublished\":\"2023-04-14T05:39:00+00:00\",\"mainEntityOfPage\":{\"@id\":\"https:\\\/\\\/www.deutsche-glasfaser.de\\\/blog\\\/digitales-dorf-spiegelau-frauenau-digitalisierung-muss-in-allen-rathaeusern-chefsache-werden\\\/\"},\"wordCount\":1449,\"commentCount\":0,\"publisher\":{\"@id\":\"https:\\\/\\\/www.deutsche-glasfaser.de\\\/blog\\\/#organization\"},\"image\":{\"@id\":\"https:\\\/\\\/www.deutsche-glasfaser.de\\\/blog\\\/digitales-dorf-spiegelau-frauenau-digitalisierung-muss-in-allen-rathaeusern-chefsache-werden\\\/#primaryimage\"},\"thumbnailUrl\":\"https:\\\/\\\/www.deutsche-glasfaser.de\\\/blog\\\/wp-content\\\/uploads\\\/2023\\\/04\\\/Titelbild_Karlheinz_Roth_A01_MG_0553_FINAL.jpeg\",\"articleSection\":[\"#zuHause\"],\"inLanguage\":\"de\",\"potentialAction\":[{\"@type\":\"CommentAction\",\"name\":\"Comment\",\"target\":[\"https:\\\/\\\/www.deutsche-glasfaser.de\\\/blog\\\/digitales-dorf-spiegelau-frauenau-digitalisierung-muss-in-allen-rathaeusern-chefsache-werden\\\/#respond\"]}]},{\"@type\":\"WebPage\",\"@id\":\"https:\\\/\\\/www.deutsche-glasfaser.de\\\/blog\\\/digitales-dorf-spiegelau-frauenau-digitalisierung-muss-in-allen-rathaeusern-chefsache-werden\\\/\",\"url\":\"https:\\\/\\\/www.deutsche-glasfaser.de\\\/blog\\\/digitales-dorf-spiegelau-frauenau-digitalisierung-muss-in-allen-rathaeusern-chefsache-werden\\\/\",\"name\":\"Digitales Dorf Spiegelau-Frauenau - Digitales B\u00fcrgernetz\",\"isPartOf\":{\"@id\":\"https:\\\/\\\/www.deutsche-glasfaser.de\\\/blog\\\/#website\"},\"primaryImageOfPage\":{\"@id\":\"https:\\\/\\\/www.deutsche-glasfaser.de\\\/blog\\\/digitales-dorf-spiegelau-frauenau-digitalisierung-muss-in-allen-rathaeusern-chefsache-werden\\\/#primaryimage\"},\"image\":{\"@id\":\"https:\\\/\\\/www.deutsche-glasfaser.de\\\/blog\\\/digitales-dorf-spiegelau-frauenau-digitalisierung-muss-in-allen-rathaeusern-chefsache-werden\\\/#primaryimage\"},\"thumbnailUrl\":\"https:\\\/\\\/www.deutsche-glasfaser.de\\\/blog\\\/wp-content\\\/uploads\\\/2023\\\/04\\\/Titelbild_Karlheinz_Roth_A01_MG_0553_FINAL.jpeg\",\"datePublished\":\"2023-04-14T05:39:00+00:00\",\"description\":\"Das Digitale Dorf Spiegelau-Frauenau war 2017 eine der ersten Modellregionen der Initiative Digitales Dorf Bayern. Seitdem hat sich viel getan in puncto Digitalisierung.\",\"inLanguage\":\"de\",\"potentialAction\":[{\"@type\":\"ReadAction\",\"target\":[\"https:\\\/\\\/www.deutsche-glasfaser.de\\\/blog\\\/digitales-dorf-spiegelau-frauenau-digitalisierung-muss-in-allen-rathaeusern-chefsache-werden\\\/\"]}]},{\"@type\":\"ImageObject\",\"inLanguage\":\"de\",\"@id\":\"https:\\\/\\\/www.deutsche-glasfaser.de\\\/blog\\\/digitales-dorf-spiegelau-frauenau-digitalisierung-muss-in-allen-rathaeusern-chefsache-werden\\\/#primaryimage\",\"url\":\"https:\\\/\\\/www.deutsche-glasfaser.de\\\/blog\\\/wp-content\\\/uploads\\\/2023\\\/04\\\/Titelbild_Karlheinz_Roth_A01_MG_0553_FINAL.jpeg\",\"contentUrl\":\"https:\\\/\\\/www.deutsche-glasfaser.de\\\/blog\\\/wp-content\\\/uploads\\\/2023\\\/04\\\/Titelbild_Karlheinz_Roth_A01_MG_0553_FINAL.jpeg\",\"width\":1200,\"height\":628,\"caption\":\"B\u00fcrgermeister Karlheinz Roth macht sich seit fast zwei Jahrzehnten f\u00fcr die digitale Transformation stark. \u00a9 Landkreis Freyung-Grafenau\"},{\"@type\":\"WebSite\",\"@id\":\"https:\\\/\\\/www.deutsche-glasfaser.de\\\/blog\\\/#website\",\"url\":\"https:\\\/\\\/www.deutsche-glasfaser.de\\\/blog\\\/\",\"name\":\"Digitales B\u00fcrgernetz\",\"description\":\"Deutsche Glasfaser Blog\",\"publisher\":{\"@id\":\"https:\\\/\\\/www.deutsche-glasfaser.de\\\/blog\\\/#organization\"},\"potentialAction\":[{\"@type\":\"SearchAction\",\"target\":{\"@type\":\"EntryPoint\",\"urlTemplate\":\"https:\\\/\\\/www.deutsche-glasfaser.de\\\/blog\\\/?s={search_term_string}\"},\"query-input\":{\"@type\":\"PropertyValueSpecification\",\"valueRequired\":true,\"valueName\":\"search_term_string\"}}],\"inLanguage\":\"de\"},{\"@type\":\"Organization\",\"@id\":\"https:\\\/\\\/www.deutsche-glasfaser.de\\\/blog\\\/#organization\",\"name\":\"Digitales B\u00fcrgernetz\",\"url\":\"https:\\\/\\\/www.deutsche-glasfaser.de\\\/blog\\\/\",\"logo\":{\"@type\":\"ImageObject\",\"inLanguage\":\"de\",\"@id\":\"https:\\\/\\\/www.deutsche-glasfaser.de\\\/blog\\\/#\\\/schema\\\/logo\\\/image\\\/\",\"url\":\"https:\\\/\\\/www.deutsche-glasfaser.de\\\/blog\\\/wp-content\\\/uploads\\\/2021\\\/08\\\/DGF_Logo_Basis_RGB-Large@2x.png\",\"contentUrl\":\"https:\\\/\\\/www.deutsche-glasfaser.de\\\/blog\\\/wp-content\\\/uploads\\\/2021\\\/08\\\/DGF_Logo_Basis_RGB-Large@2x.png\",\"width\":312,\"height\":104,\"caption\":\"Digitales B\u00fcrgernetz\"},\"image\":{\"@id\":\"https:\\\/\\\/www.deutsche-glasfaser.de\\\/blog\\\/#\\\/schema\\\/logo\\\/image\\\/\"}},{\"@type\":\"Person\",\"@id\":\"https:\\\/\\\/www.deutsche-glasfaser.de\\\/blog\\\/#\\\/schema\\\/person\\\/9380a6dc7443d77143d0c66c409f574b\",\"name\":\"Deutsche Glasfaser\"}]}<\/script>\n<!-- \/ Yoast SEO plugin. -->","yoast_head_json":{"title":"Digitales Dorf Spiegelau-Frauenau - Digitales B\u00fcrgernetz","description":"Das Digitale Dorf Spiegelau-Frauenau war 2017 eine der ersten Modellregionen der Initiative Digitales Dorf Bayern. Seitdem hat sich viel getan in puncto Digitalisierung.","robots":{"index":"index","follow":"follow","max-snippet":"max-snippet:-1","max-image-preview":"max-image-preview:large","max-video-preview":"max-video-preview:-1"},"canonical":"https:\/\/www.deutsche-glasfaser.de\/blog\/digitales-dorf-spiegelau-frauenau-digitalisierung-muss-in-allen-rathaeusern-chefsache-werden\/","og_locale":"de_DE","og_type":"article","og_title":"Digitales Dorf Spiegelau-Frauenau - Digitales B\u00fcrgernetz","og_description":"Das Digitale Dorf Spiegelau-Frauenau war 2017 eine der ersten Modellregionen der Initiative Digitales Dorf Bayern. Seitdem hat sich viel getan in puncto Digitalisierung.","og_url":"https:\/\/www.deutsche-glasfaser.de\/blog\/digitales-dorf-spiegelau-frauenau-digitalisierung-muss-in-allen-rathaeusern-chefsache-werden\/","og_site_name":"Digitales B\u00fcrgernetz","article_published_time":"2023-04-14T05:39:00+00:00","og_image":[{"width":1200,"height":628,"url":"https:\/\/www.deutsche-glasfaser.de\/blog\/wp-content\/uploads\/2023\/04\/Titelbild_Karlheinz_Roth_A01_MG_0553_FINAL.jpeg","type":"image\/jpeg"}],"author":"Deutsche Glasfaser","twitter_card":"summary_large_image","twitter_misc":{"Verfasst von":"Deutsche Glasfaser","Gesch\u00e4tzte Lesezeit":"9\u00a0Minuten"},"schema":{"@context":"https:\/\/schema.org","@graph":[{"@type":"Article","@id":"https:\/\/www.deutsche-glasfaser.de\/blog\/digitales-dorf-spiegelau-frauenau-digitalisierung-muss-in-allen-rathaeusern-chefsache-werden\/#article","isPartOf":{"@id":"https:\/\/www.deutsche-glasfaser.de\/blog\/digitales-dorf-spiegelau-frauenau-digitalisierung-muss-in-allen-rathaeusern-chefsache-werden\/"},"author":{"name":"Deutsche Glasfaser","@id":"https:\/\/www.deutsche-glasfaser.de\/blog\/#\/schema\/person\/9380a6dc7443d77143d0c66c409f574b"},"headline":"Digitales Dorf Spiegelau-Frauenau: \u201eDigitalisierung muss in allen Rath\u00e4usern Chefsache werden\u201c","datePublished":"2023-04-14T05:39:00+00:00","mainEntityOfPage":{"@id":"https:\/\/www.deutsche-glasfaser.de\/blog\/digitales-dorf-spiegelau-frauenau-digitalisierung-muss-in-allen-rathaeusern-chefsache-werden\/"},"wordCount":1449,"commentCount":0,"publisher":{"@id":"https:\/\/www.deutsche-glasfaser.de\/blog\/#organization"},"image":{"@id":"https:\/\/www.deutsche-glasfaser.de\/blog\/digitales-dorf-spiegelau-frauenau-digitalisierung-muss-in-allen-rathaeusern-chefsache-werden\/#primaryimage"},"thumbnailUrl":"https:\/\/www.deutsche-glasfaser.de\/blog\/wp-content\/uploads\/2023\/04\/Titelbild_Karlheinz_Roth_A01_MG_0553_FINAL.jpeg","articleSection":["#zuHause"],"inLanguage":"de","potentialAction":[{"@type":"CommentAction","name":"Comment","target":["https:\/\/www.deutsche-glasfaser.de\/blog\/digitales-dorf-spiegelau-frauenau-digitalisierung-muss-in-allen-rathaeusern-chefsache-werden\/#respond"]}]},{"@type":"WebPage","@id":"https:\/\/www.deutsche-glasfaser.de\/blog\/digitales-dorf-spiegelau-frauenau-digitalisierung-muss-in-allen-rathaeusern-chefsache-werden\/","url":"https:\/\/www.deutsche-glasfaser.de\/blog\/digitales-dorf-spiegelau-frauenau-digitalisierung-muss-in-allen-rathaeusern-chefsache-werden\/","name":"Digitales Dorf Spiegelau-Frauenau - Digitales B\u00fcrgernetz","isPartOf":{"@id":"https:\/\/www.deutsche-glasfaser.de\/blog\/#website"},"primaryImageOfPage":{"@id":"https:\/\/www.deutsche-glasfaser.de\/blog\/digitales-dorf-spiegelau-frauenau-digitalisierung-muss-in-allen-rathaeusern-chefsache-werden\/#primaryimage"},"image":{"@id":"https:\/\/www.deutsche-glasfaser.de\/blog\/digitales-dorf-spiegelau-frauenau-digitalisierung-muss-in-allen-rathaeusern-chefsache-werden\/#primaryimage"},"thumbnailUrl":"https:\/\/www.deutsche-glasfaser.de\/blog\/wp-content\/uploads\/2023\/04\/Titelbild_Karlheinz_Roth_A01_MG_0553_FINAL.jpeg","datePublished":"2023-04-14T05:39:00+00:00","description":"Das Digitale Dorf Spiegelau-Frauenau war 2017 eine der ersten Modellregionen der Initiative Digitales Dorf Bayern. Seitdem hat sich viel getan in puncto Digitalisierung.","inLanguage":"de","potentialAction":[{"@type":"ReadAction","target":["https:\/\/www.deutsche-glasfaser.de\/blog\/digitales-dorf-spiegelau-frauenau-digitalisierung-muss-in-allen-rathaeusern-chefsache-werden\/"]}]},{"@type":"ImageObject","inLanguage":"de","@id":"https:\/\/www.deutsche-glasfaser.de\/blog\/digitales-dorf-spiegelau-frauenau-digitalisierung-muss-in-allen-rathaeusern-chefsache-werden\/#primaryimage","url":"https:\/\/www.deutsche-glasfaser.de\/blog\/wp-content\/uploads\/2023\/04\/Titelbild_Karlheinz_Roth_A01_MG_0553_FINAL.jpeg","contentUrl":"https:\/\/www.deutsche-glasfaser.de\/blog\/wp-content\/uploads\/2023\/04\/Titelbild_Karlheinz_Roth_A01_MG_0553_FINAL.jpeg","width":1200,"height":628,"caption":"B\u00fcrgermeister Karlheinz Roth macht sich seit fast zwei Jahrzehnten f\u00fcr die digitale Transformation stark. \u00a9 Landkreis Freyung-Grafenau"},{"@type":"WebSite","@id":"https:\/\/www.deutsche-glasfaser.de\/blog\/#website","url":"https:\/\/www.deutsche-glasfaser.de\/blog\/","name":"Digitales B\u00fcrgernetz","description":"Deutsche Glasfaser Blog","publisher":{"@id":"https:\/\/www.deutsche-glasfaser.de\/blog\/#organization"},"potentialAction":[{"@type":"SearchAction","target":{"@type":"EntryPoint","urlTemplate":"https:\/\/www.deutsche-glasfaser.de\/blog\/?s={search_term_string}"},"query-input":{"@type":"PropertyValueSpecification","valueRequired":true,"valueName":"search_term_string"}}],"inLanguage":"de"},{"@type":"Organization","@id":"https:\/\/www.deutsche-glasfaser.de\/blog\/#organization","name":"Digitales B\u00fcrgernetz","url":"https:\/\/www.deutsche-glasfaser.de\/blog\/","logo":{"@type":"ImageObject","inLanguage":"de","@id":"https:\/\/www.deutsche-glasfaser.de\/blog\/#\/schema\/logo\/image\/","url":"https:\/\/www.deutsche-glasfaser.de\/blog\/wp-content\/uploads\/2021\/08\/DGF_Logo_Basis_RGB-Large@2x.png","contentUrl":"https:\/\/www.deutsche-glasfaser.de\/blog\/wp-content\/uploads\/2021\/08\/DGF_Logo_Basis_RGB-Large@2x.png","width":312,"height":104,"caption":"Digitales B\u00fcrgernetz"},"image":{"@id":"https:\/\/www.deutsche-glasfaser.de\/blog\/#\/schema\/logo\/image\/"}},{"@type":"Person","@id":"https:\/\/www.deutsche-glasfaser.de\/blog\/#\/schema\/person\/9380a6dc7443d77143d0c66c409f574b","name":"Deutsche Glasfaser"}]}},"_links":{"self":[{"href":"https:\/\/www.deutsche-glasfaser.de\/blog\/wp-json\/wp\/v2\/posts\/12019","targetHints":{"allow":["GET"]}}],"collection":[{"href":"https:\/\/www.deutsche-glasfaser.de\/blog\/wp-json\/wp\/v2\/posts"}],"about":[{"href":"https:\/\/www.deutsche-glasfaser.de\/blog\/wp-json\/wp\/v2\/types\/post"}],"author":[{"embeddable":true,"href":"https:\/\/www.deutsche-glasfaser.de\/blog\/wp-json\/wp\/v2\/users\/5"}],"replies":[{"embeddable":true,"href":"https:\/\/www.deutsche-glasfaser.de\/blog\/wp-json\/wp\/v2\/comments?post=12019"}],"version-history":[{"count":8,"href":"https:\/\/www.deutsche-glasfaser.de\/blog\/wp-json\/wp\/v2\/posts\/12019\/revisions"}],"predecessor-version":[{"id":12032,"href":"https:\/\/www.deutsche-glasfaser.de\/blog\/wp-json\/wp\/v2\/posts\/12019\/revisions\/12032"}],"wp:featuredmedia":[{"embeddable":true,"href":"https:\/\/www.deutsche-glasfaser.de\/blog\/wp-json\/wp\/v2\/media\/12024"}],"wp:attachment":[{"href":"https:\/\/www.deutsche-glasfaser.de\/blog\/wp-json\/wp\/v2\/media?parent=12019"}],"wp:term":[{"taxonomy":"category","embeddable":true,"href":"https:\/\/www.deutsche-glasfaser.de\/blog\/wp-json\/wp\/v2\/categories?post=12019"},{"taxonomy":"post_tag","embeddable":true,"href":"https:\/\/www.deutsche-glasfaser.de\/blog\/wp-json\/wp\/v2\/tags?post=12019"}],"curies":[{"name":"wp","href":"https:\/\/api.w.org\/{rel}","templated":true}]}}