{"id":12010,"date":"2023-04-12T07:18:00","date_gmt":"2023-04-12T05:18:00","guid":{"rendered":"https:\/\/www.deutsche-glasfaser.de\/blog\/?p=12010"},"modified":"2025-12-11T11:46:42","modified_gmt":"2025-12-11T10:46:42","slug":"digitales-gesundheitsdorf-selbstbestimmt-leben-im-eigenen-zuhause-2","status":"publish","type":"post","link":"https:\/\/www.deutsche-glasfaser.de\/blog\/digitales-gesundheitsdorf-selbstbestimmt-leben-im-eigenen-zuhause-2\/","title":{"rendered":"Digitales Gesundheitsdorf: selbstbestimmt leben im eigenen Zuhause"},"content":{"rendered":"\t\t<div data-elementor-type=\"wp-post\" data-elementor-id=\"12010\" class=\"elementor elementor-12010\">\n\t\t\t\t\t\t<section class=\"elementor-section elementor-top-section elementor-element elementor-element-7aee5b9 elementor-section-boxed elementor-section-height-default elementor-section-height-default\" data-id=\"7aee5b9\" data-element_type=\"section\" data-e-type=\"section\">\n\t\t\t\t\t\t<div class=\"elementor-container elementor-column-gap-default\">\n\t\t\t\t\t<div class=\"elementor-column elementor-col-100 elementor-top-column elementor-element elementor-element-59cdec4\" data-id=\"59cdec4\" data-element_type=\"column\" data-e-type=\"column\">\n\t\t\t<div class=\"elementor-widget-wrap elementor-element-populated\">\n\t\t\t\t\t\t<div class=\"elementor-element elementor-element-2aabf46 elementor-widget elementor-widget-text-editor\" data-id=\"2aabf46\" data-element_type=\"widget\" data-e-type=\"widget\" data-widget_type=\"text-editor.default\">\n\t\t\t\t<div class=\"elementor-widget-container\">\n\t\t\t\t\t\t\t\t\t<p>Eva-Maria M\u00fcller (links) zusammen mit Janet Januszewski, die in der lokalen Anlaufstelle DIGI-ORT in Steinwiesen \u00fcber M\u00f6glichkeiten zu technikunterst\u00fctztem Wohnen und technischen Assistenzsystemen informiert. \u00a9\u00a0Fraunhofer IIS<\/p>\t\t\t\t\t\t\t\t<\/div>\n\t\t\t\t<\/div>\n\t\t\t\t\t<\/div>\n\t\t<\/div>\n\t\t\t\t\t<\/div>\n\t\t<\/section>\n\t\t\t\t<section class=\"elementor-section elementor-top-section elementor-element elementor-element-f45b566 elementor-section-boxed elementor-section-height-default elementor-section-height-default\" data-id=\"f45b566\" data-element_type=\"section\" data-e-type=\"section\">\n\t\t\t\t\t\t<div class=\"elementor-container elementor-column-gap-default\">\n\t\t\t\t\t<div class=\"elementor-column elementor-col-100 elementor-top-column elementor-element elementor-element-27b4141\" data-id=\"27b4141\" data-element_type=\"column\" data-e-type=\"column\">\n\t\t\t<div class=\"elementor-widget-wrap elementor-element-populated\">\n\t\t\t\t\t\t<div class=\"elementor-element elementor-element-9e11f25 elementor-widget elementor-widget-text-editor\" data-id=\"9e11f25\" data-element_type=\"widget\" data-e-type=\"widget\" data-widget_type=\"text-editor.default\">\n\t\t\t\t<div class=\"elementor-widget-container\">\n\t\t\t\t\t\t\t\t\t<p>Wald und Wasser pr\u00e4gen das Obere Rodachtal im oberfr\u00e4nkischen Landkreis Kronach. Rund 8.000 Menschen leben hier verteilt auf drei Gemeinden: Wallenfels, Steinwiesen und Nordhalben. Die Herausforderungen, vor denen das Oberer Rodachtal in puncto medizinisch-pflegerische Versorgung steht, kennen auch andere l\u00e4ndliche Regionen: Die Gesellschaft altert, Arztpraxen schlie\u00dfen, weil sie keine Nachfolger finden, im Gesundheits- und Pflegebereich gibt es zu wenige Fachkr\u00e4fte.<\/p>\t\t\t\t\t\t\t\t<\/div>\n\t\t\t\t<\/div>\n\t\t\t\t<div class=\"elementor-element elementor-element-14bd940 elementor-widget elementor-widget-spacer\" data-id=\"14bd940\" data-element_type=\"widget\" data-e-type=\"widget\" data-widget_type=\"spacer.default\">\n\t\t\t\t<div class=\"elementor-widget-container\">\n\t\t\t\t\t\t\t<div class=\"elementor-spacer\">\n\t\t\t<div class=\"elementor-spacer-inner\"><\/div>\n\t\t<\/div>\n\t\t\t\t\t\t<\/div>\n\t\t\t\t<\/div>\n\t\t\t\t<div class=\"elementor-element elementor-element-95693bc elementor-widget elementor-widget-heading\" data-id=\"95693bc\" data-element_type=\"widget\" data-e-type=\"widget\" data-widget_type=\"heading.default\">\n\t\t\t\t<div class=\"elementor-widget-container\">\n\t\t\t\t\t<h2 class=\"elementor-heading-title elementor-size-xl\">Digitale Plattform vernetzt Pflegebed\u00fcrftige mit Angeh\u00f6rigen, Pflegediensten und \u00c4rzt:innen<\/h2>\t\t\t\t<\/div>\n\t\t\t\t<\/div>\n\t\t\t\t<div class=\"elementor-element elementor-element-f52cd6d elementor-widget elementor-widget-spacer\" data-id=\"f52cd6d\" data-element_type=\"widget\" data-e-type=\"widget\" data-widget_type=\"spacer.default\">\n\t\t\t\t<div class=\"elementor-widget-container\">\n\t\t\t\t\t\t\t<div class=\"elementor-spacer\">\n\t\t\t<div class=\"elementor-spacer-inner\"><\/div>\n\t\t<\/div>\n\t\t\t\t\t\t<\/div>\n\t\t\t\t<\/div>\n\t\t\t\t<div class=\"elementor-element elementor-element-1d13ac0 elementor-widget elementor-widget-text-editor\" data-id=\"1d13ac0\" data-element_type=\"widget\" data-e-type=\"widget\" data-widget_type=\"text-editor.default\">\n\t\t\t\t<div class=\"elementor-widget-container\">\n\t\t\t\t\t\t\t\t\t<p>Das ist der Hintergrund, vor dem 2018 das Forschungsprojekt \u201eDigitales Gesundheitsdorf Oberes Rodachtal\u201c (DIGI-ORT) entstand. Es ist Teil der Initiative <a href=\"https:\/\/www.digitales-dorf.bayern\/\"><strong>\u201eDigitales Dorf Bayern\u201c<\/strong><\/a>. Die Arbeitsgruppe f\u00fcr Supply Chain Services des Fraunhofer-Instituts f\u00fcr Integrierte Schaltungen (IIS) und der Caritasverband f\u00fcr den Landkreis Kronach e.V. mit seinem ambulanten Pflegedienst hatten sich f\u00fcr das Projekt zusammengetan \u2013 unterst\u00fctzt von den B\u00fcrgermeistern der drei Gemeinden im Oberen Rodachtal. \u201eDie Grundidee ist, die ambulante Versorgung mithilfe der Digitalisierung zu verbessern, damit Menschen m\u00f6glichst lange im eigenen Zuhause leben k\u00f6nnen und gleichzeitig Arztpraxen und ambulante Pflegedienste entlastet werden\u201c, berichtet Eva-Maria M\u00fcller, Projektleiterin Digitalisierung beim Caritasverband. \u201eIm Forschungsprojekt haben wir daf\u00fcr verschiedene L\u00f6sungen getestet: zum einen digitale Assistenztechnologien in den eigenen vier W\u00e4nden, zum anderen eine digitale Plattform, die Seniorinnen und Senioren, Pflegebed\u00fcrftige oder chronisch kranke Menschen mit deren Angeh\u00f6rigen, ambulanten Pflegediensten und Haus\u00e4rzten vernetzt und so Abstimmungsprozesse vereinfacht.\u201c<\/p><p>Sieben Haushalte konnte der ambulante Pflegedienst des Caritasverbands f\u00fcr das Forschungsprojekt gewinnen, das Team vom Fraunhofer ISS stattete sie mit digitalen Monitoring- und Assistenzger\u00e4ten aus. Darunter waren am Markt etablierte Assistenzsysteme wie Armbanduhren mit Schrittz\u00e4hler und Aktivit\u00e4tsmesser, Blutdruckmessger\u00e4te sowie Pr\u00e4senzmelder, aber auch ein vom Fraunhofer IIS entwickeltes textilbasiertes Vitaldatenmonitoring-System, das wie ein T-Shirt aussieht und Vitalwerte misst. Au\u00dferdem bekamen alle Haushalte einen privaten Datenspeicher, das sogenannte Home Data Gateway. In ihm flossen die Daten der Monitoring- und Assistenzger\u00e4te sowie die Daten aus der Pflegedokumentation der ambulanten Pflegekr\u00e4fte zusammen. \u00dcber eine verschl\u00fcsselte, digitale Kommunikations- und Vernetzungsplattform konnten die Daten mit der Au\u00dfenwelt sicher und datenschutzkonform geteilt werden. Wer Zugang zu welchen Daten bekommt, lag in der Hand der Teilnehmenden.<\/p><p>\u201eF\u00fcr die Menschen zu Hause und deren Angeh\u00f6rige bedeutet ein solches System Sicherheit\u201c, so Eva-Maria M\u00fcller. Dank des Monitorings k\u00f6nnen erwachsene Kinder zum Beispiel \u00fcber das Smartphone sehen, wie aktiv ihre alleinlebenden Eltern sind. Pflegedienste und Arztpraxen wiederum bekommen einen ganzheitlicheren Blick \u00fcber Krankheitsverl\u00e4ufe und den Gesundheitszustand ihrer Patienten, als es Momentaufnahmen vor Ort oder in der Praxis erm\u00f6glichen.<\/p>\t\t\t\t\t\t\t\t<\/div>\n\t\t\t\t<\/div>\n\t\t\t\t<div class=\"elementor-element elementor-element-3f35842 elementor-widget elementor-widget-spacer\" data-id=\"3f35842\" data-element_type=\"widget\" data-e-type=\"widget\" data-widget_type=\"spacer.default\">\n\t\t\t\t<div class=\"elementor-widget-container\">\n\t\t\t\t\t\t\t<div class=\"elementor-spacer\">\n\t\t\t<div class=\"elementor-spacer-inner\"><\/div>\n\t\t<\/div>\n\t\t\t\t\t\t<\/div>\n\t\t\t\t<\/div>\n\t\t\t\t<div class=\"elementor-element elementor-element-a2ed7db elementor-widget elementor-widget-heading\" data-id=\"a2ed7db\" data-element_type=\"widget\" data-e-type=\"widget\" data-widget_type=\"heading.default\">\n\t\t\t\t<div class=\"elementor-widget-container\">\n\t\t\t\t\t<h2 class=\"elementor-heading-title elementor-size-xl\">Entlastung f\u00fcr das Gesundheitssystem<\/h2>\t\t\t\t<\/div>\n\t\t\t\t<\/div>\n\t\t\t\t<div class=\"elementor-element elementor-element-fa427bd elementor-widget elementor-widget-spacer\" data-id=\"fa427bd\" data-element_type=\"widget\" data-e-type=\"widget\" data-widget_type=\"spacer.default\">\n\t\t\t\t<div class=\"elementor-widget-container\">\n\t\t\t\t\t\t\t<div class=\"elementor-spacer\">\n\t\t\t<div class=\"elementor-spacer-inner\"><\/div>\n\t\t<\/div>\n\t\t\t\t\t\t<\/div>\n\t\t\t\t<\/div>\n\t\t\t\t<div class=\"elementor-element elementor-element-eab4fa4 elementor-widget elementor-widget-text-editor\" data-id=\"eab4fa4\" data-element_type=\"widget\" data-e-type=\"widget\" data-widget_type=\"text-editor.default\">\n\t\t\t\t<div class=\"elementor-widget-container\">\n\t\t\t\t\t\t\t\t\t<p>\u201eK\u00fcnftig k\u00f6nnten wir mithilfe der Digitalisierung das gesamte Gesundheitssystem entlasten\u201c, ist Eva-Maria M\u00fcller \u00fcberzeugt. \u201eWenn Menschen in ihren eigenen vier W\u00e4nden gut \u00fcberwacht und versorgt sind, k\u00f6nnten wir uns zum Beispiel so manchen Weg zum Arzt oder den ein oder anderen Kliniktransport sparen.\u201c In vielen F\u00e4llen reiche es etwa, wenn eine Pflegekraft einen Arzt \u00fcber einen telemedizinischen Dienst hinzuzuziehe. Mithilfe von k\u00fcnstlicher Intelligenz k\u00f6nne man zudem daf\u00fcr sorgen, dass beim Vorliegen bestimmter Vitaldaten ein Notruf ausgel\u00f6st werde. \u201eDaf\u00fcr braucht unser Gesundheitssystem zun\u00e4chst neue Gesetze und neue Strukturen. Und es muss gekl\u00e4rt werden, wer die Dinge bezahlt. So weit sind wir noch nicht.\u201c<\/p>\t\t\t\t\t\t\t\t<\/div>\n\t\t\t\t<\/div>\n\t\t\t\t<div class=\"elementor-element elementor-element-579bf01 elementor-widget elementor-widget-spacer\" data-id=\"579bf01\" data-element_type=\"widget\" data-e-type=\"widget\" data-widget_type=\"spacer.default\">\n\t\t\t\t<div class=\"elementor-widget-container\">\n\t\t\t\t\t\t\t<div class=\"elementor-spacer\">\n\t\t\t<div class=\"elementor-spacer-inner\"><\/div>\n\t\t<\/div>\n\t\t\t\t\t\t<\/div>\n\t\t\t\t<\/div>\n\t\t\t\t<div class=\"elementor-element elementor-element-bad0189 elementor-widget elementor-widget-image\" data-id=\"bad0189\" data-element_type=\"widget\" data-e-type=\"widget\" data-widget_type=\"image.default\">\n\t\t\t\t<div class=\"elementor-widget-container\">\n\t\t\t\t\t\t\t\t\t\t\t\t<figure class=\"wp-caption\">\n\t\t\t\t\t\t\t\t\t\t<img fetchpriority=\"high\" decoding=\"async\" width=\"768\" height=\"512\" src=\"https:\/\/www.deutsche-glasfaser.de\/blog\/wp-content\/uploads\/2023\/04\/Beitragsbild_GettyImages-991915608_FINAL-768x512.jpg\" class=\"attachment-medium_large size-medium_large wp-image-12011\" alt=\"Seniorin, die aus einem Fenster hinausschaut, mit einer Tasse in der Hand und einem Fotoalbum.\" srcset=\"https:\/\/www.deutsche-glasfaser.de\/blog\/wp-content\/uploads\/2023\/04\/Beitragsbild_GettyImages-991915608_FINAL-768x512.jpg 768w, https:\/\/www.deutsche-glasfaser.de\/blog\/wp-content\/uploads\/2023\/04\/Beitragsbild_GettyImages-991915608_FINAL-300x200.jpg 300w, https:\/\/www.deutsche-glasfaser.de\/blog\/wp-content\/uploads\/2023\/04\/Beitragsbild_GettyImages-991915608_FINAL.jpg 788w\" sizes=\"(max-width: 768px) 100vw, 768px\" \/>\t\t\t\t\t\t\t\t\t\t\t<figcaption class=\"widget-image-caption wp-caption-text\">Viele Menschen m\u00f6chten m\u00f6glichst lange im eigenen Zuhause leben. Die Digitalisierung kann dabei helfen. \u00a9 gettyimages<\/figcaption>\n\t\t\t\t\t\t\t\t\t\t<\/figure>\n\t\t\t\t\t\t\t\t\t<\/div>\n\t\t\t\t<\/div>\n\t\t\t\t<div class=\"elementor-element elementor-element-efd743b elementor-widget elementor-widget-spacer\" data-id=\"efd743b\" data-element_type=\"widget\" data-e-type=\"widget\" data-widget_type=\"spacer.default\">\n\t\t\t\t<div class=\"elementor-widget-container\">\n\t\t\t\t\t\t\t<div class=\"elementor-spacer\">\n\t\t\t<div class=\"elementor-spacer-inner\"><\/div>\n\t\t<\/div>\n\t\t\t\t\t\t<\/div>\n\t\t\t\t<\/div>\n\t\t\t\t<div class=\"elementor-element elementor-element-4a480f6 elementor-widget elementor-widget-text-editor\" data-id=\"4a480f6\" data-element_type=\"widget\" data-e-type=\"widget\" data-widget_type=\"text-editor.default\">\n\t\t\t\t<div class=\"elementor-widget-container\">\n\t\t\t\t\t\t\t\t\t<p>Was M\u00fcller aus dem Forschungsprojekt DIGI-ORT auf jeden Fall mitnimmt: Die Technik funktioniert \u2013 vorausgesetzt, eine Netzverbindung ist vorhanden. Viel wichtiger f\u00fcr M\u00fcller aber ist die Erfahrung, dass die Menschen bereit sind, die technischen M\u00f6glichkeiten zu nutzen. \u201eSie haben keine Angst davor \u201a\u00fcberwacht\u2018 zu werden, stattdessen sind sie dankbar, wenn sie wissen: Da ist jemand, der wei\u00df, wenn mir etwas passiert.\u201c Voraussetzung sei, dass man den Menschen die Technik erkl\u00e4rt und ihnen eine Vorstellung davon gibt, was sie leisten kann. Daf\u00fcr hat das Projektteam eine lokale Anlaufstelle in Steinwiesen geschaffen, die der Caritasverband f\u00fcr den Landkreis Kronach e.V. seit Juni 2021 betreibt. \u201eAlles, was wir w\u00e4hrend des Forschungsprojekts getestet haben, machen wir hier erlebbar: sowohl die digitale Plattform als auch die technischen Assistenzsysteme \u2013 inklusive des textilbasierten Vitaldatenmonitoring-Systems.\u201c<\/p>\t\t\t\t\t\t\t\t<\/div>\n\t\t\t\t<\/div>\n\t\t\t\t\t<\/div>\n\t\t<\/div>\n\t\t\t\t\t<\/div>\n\t\t<\/section>\n\t\t\t\t<section class=\"elementor-section elementor-top-section elementor-element elementor-element-5578739 elementor-section-boxed elementor-section-height-default elementor-section-height-default\" data-id=\"5578739\" data-element_type=\"section\" data-e-type=\"section\">\n\t\t\t\t\t\t<div class=\"elementor-container elementor-column-gap-default\">\n\t\t\t\t\t<div class=\"elementor-column elementor-col-100 elementor-top-column elementor-element elementor-element-906fd8e\" data-id=\"906fd8e\" data-element_type=\"column\" data-e-type=\"column\">\n\t\t\t<div class=\"elementor-widget-wrap elementor-element-populated\">\n\t\t\t\t\t\t<div class=\"elementor-element elementor-element-830871e eael-infobox-icon-bg-shape-none eael-infobox-icon-hover-bg-shape-none elementor-widget elementor-widget-eael-info-box\" data-id=\"830871e\" data-element_type=\"widget\" data-e-type=\"widget\" data-widget_type=\"eael-info-box.default\">\n\t\t\t\t<div class=\"elementor-widget-container\">\n\t\t\t\t\t        <div class=\"eael-infobox icon-on-left\">\n\t            <div class=\"infobox-icon eael-icon-only\">\n\n            \n                            <div class=\"infobox-icon-wrap\">\n                    <i aria-hidden=\"true\" class=\"fas fa-info-circle\"><\/i>                <\/div>\n            \n            \n        <\/div>\n            <div class=\"infobox-content eael-icon-only\">\n                    <div class=\"infobox-title-section\">\n                <h5 class=\"title\">Mehr \u00fcber das Projekt<\/h5>            <\/div>\n            <div><p>Im Digitalen Gesundheitsdorf wurden die\u00a0Potentiale der Digitalisierung f\u00fcr die medizinisch-pflegerische Versorgung im l\u00e4ndlichen Raum\u00a0erforscht. Das\u00a0Projekt DIGI-ORT\u00a0untersuchte ganz konkret, wie Menschen ein m\u00f6glichst\u00a0langes und gut versorgtes Leben\u00a0im eigenen Zuhause\u00a0erm\u00f6glicht werden kann und sie dabei digital mit ihren\u00a0Angeh\u00f6rigen, \u00c4rztInnen und Pflegekr\u00e4ften in Kontakt bleiben k\u00f6nnen. <strong><a href=\"https:\/\/www.digitales-dorf.bayern\/die-modelldoerfer\/digitales-gesundheitsdorf-oberes-rodachtal\/\">Hier weiterlesen.<\/a><\/strong><\/p><\/div>        <\/div>\n            <\/div>\n\n\t\t\t\t\t\t<\/div>\n\t\t\t\t<\/div>\n\t\t\t\t\t<\/div>\n\t\t<\/div>\n\t\t\t\t\t<\/div>\n\t\t<\/section>\n\t\t\t\t<\/div>\n\t\t","protected":false},"excerpt":{"rendered":"<p>Das Fraunhofer-Institut f\u00fcr Integrierte Schaltungen (IIS) und der Caritasverband f\u00fcr den Landkreis Kronach haben gemeinsam die Potenziale der Digitalisierung f\u00fcr eine bessere medizinisch-pflegerische Versorgung im l\u00e4ndlichen Raum erforscht.<\/p>\n","protected":false},"author":5,"featured_media":12012,"comment_status":"open","ping_status":"open","sticky":false,"template":"","format":"standard","meta":{"footnotes":""},"categories":[66],"tags":[],"class_list":["post-12010","post","type-post","status-publish","format-standard","has-post-thumbnail","hentry","category-gesundheit"],"yoast_head":"<!-- This site is optimized with the Yoast SEO plugin v27.5 - https:\/\/yoast.com\/product\/yoast-seo-wordpress\/ -->\n<title>Digitales Gesundheitsdorf: Smarte Versorgung im Rodachtal<\/title>\n<meta name=\"description\" content=\"Im oberfr\u00e4nkischen Landkreis Kronach wurden die Potenziale der Digitalisierung f\u00fcr eine bessere medizinisch-pflegerische Versorgung erforscht und ein digitales Gesundheitsdorf gestartet.\" \/>\n<meta name=\"robots\" content=\"index, follow, max-snippet:-1, max-image-preview:large, max-video-preview:-1\" \/>\n<link rel=\"canonical\" href=\"https:\/\/www.deutsche-glasfaser.de\/blog\/digitales-gesundheitsdorf-selbstbestimmt-leben-im-eigenen-zuhause-2\/\" \/>\n<meta property=\"og:locale\" content=\"de_DE\" \/>\n<meta property=\"og:type\" content=\"article\" \/>\n<meta property=\"og:title\" content=\"Digitales Gesundheitsdorf: Smarte Versorgung im Rodachtal\" \/>\n<meta property=\"og:description\" content=\"Im oberfr\u00e4nkischen Landkreis Kronach wurden die Potenziale der Digitalisierung f\u00fcr eine bessere medizinisch-pflegerische Versorgung erforscht und ein digitales Gesundheitsdorf gestartet.\" \/>\n<meta property=\"og:url\" content=\"https:\/\/www.deutsche-glasfaser.de\/blog\/digitales-gesundheitsdorf-selbstbestimmt-leben-im-eigenen-zuhause-2\/\" \/>\n<meta property=\"og:site_name\" content=\"Digitales B\u00fcrgernetz\" \/>\n<meta property=\"article:published_time\" content=\"2023-04-12T05:18:00+00:00\" \/>\n<meta property=\"article:modified_time\" content=\"2025-12-11T10:46:42+00:00\" \/>\n<meta property=\"og:image\" content=\"https:\/\/www.deutsche-glasfaser.de\/blog\/wp-content\/uploads\/2023\/04\/DGF_Blog_DigitalesDorfBayern_Titelbild-1500x705px_230315-2.jpg\" \/>\n\t<meta property=\"og:image:width\" content=\"1500\" \/>\n\t<meta property=\"og:image:height\" content=\"705\" \/>\n\t<meta property=\"og:image:type\" content=\"image\/jpeg\" \/>\n<meta name=\"author\" content=\"Deutsche Glasfaser\" \/>\n<meta name=\"twitter:card\" content=\"summary_large_image\" \/>\n<meta name=\"twitter:label1\" content=\"Verfasst von\" \/>\n\t<meta name=\"twitter:data1\" content=\"Deutsche Glasfaser\" \/>\n\t<meta name=\"twitter:label2\" content=\"Gesch\u00e4tzte Lesezeit\" \/>\n\t<meta name=\"twitter:data2\" content=\"5\u00a0Minuten\" \/>\n<script type=\"application\/ld+json\" class=\"yoast-schema-graph\">{\"@context\":\"https:\\\/\\\/schema.org\",\"@graph\":[{\"@type\":\"Article\",\"@id\":\"https:\\\/\\\/www.deutsche-glasfaser.de\\\/blog\\\/digitales-gesundheitsdorf-selbstbestimmt-leben-im-eigenen-zuhause-2\\\/#article\",\"isPartOf\":{\"@id\":\"https:\\\/\\\/www.deutsche-glasfaser.de\\\/blog\\\/digitales-gesundheitsdorf-selbstbestimmt-leben-im-eigenen-zuhause-2\\\/\"},\"author\":{\"name\":\"Deutsche Glasfaser\",\"@id\":\"https:\\\/\\\/www.deutsche-glasfaser.de\\\/blog\\\/#\\\/schema\\\/person\\\/9380a6dc7443d77143d0c66c409f574b\"},\"headline\":\"Digitales Gesundheitsdorf: selbstbestimmt leben im eigenen Zuhause\",\"datePublished\":\"2023-04-12T05:18:00+00:00\",\"dateModified\":\"2025-12-11T10:46:42+00:00\",\"mainEntityOfPage\":{\"@id\":\"https:\\\/\\\/www.deutsche-glasfaser.de\\\/blog\\\/digitales-gesundheitsdorf-selbstbestimmt-leben-im-eigenen-zuhause-2\\\/\"},\"wordCount\":806,\"commentCount\":0,\"publisher\":{\"@id\":\"https:\\\/\\\/www.deutsche-glasfaser.de\\\/blog\\\/#organization\"},\"image\":{\"@id\":\"https:\\\/\\\/www.deutsche-glasfaser.de\\\/blog\\\/digitales-gesundheitsdorf-selbstbestimmt-leben-im-eigenen-zuhause-2\\\/#primaryimage\"},\"thumbnailUrl\":\"https:\\\/\\\/www.deutsche-glasfaser.de\\\/blog\\\/wp-content\\\/uploads\\\/2023\\\/04\\\/DGF_Blog_DigitalesDorfBayern_Titelbild-1500x705px_230315-2.jpg\",\"articleSection\":[\"#Gesundheit\"],\"inLanguage\":\"de\",\"potentialAction\":[{\"@type\":\"CommentAction\",\"name\":\"Comment\",\"target\":[\"https:\\\/\\\/www.deutsche-glasfaser.de\\\/blog\\\/digitales-gesundheitsdorf-selbstbestimmt-leben-im-eigenen-zuhause-2\\\/#respond\"]}]},{\"@type\":\"WebPage\",\"@id\":\"https:\\\/\\\/www.deutsche-glasfaser.de\\\/blog\\\/digitales-gesundheitsdorf-selbstbestimmt-leben-im-eigenen-zuhause-2\\\/\",\"url\":\"https:\\\/\\\/www.deutsche-glasfaser.de\\\/blog\\\/digitales-gesundheitsdorf-selbstbestimmt-leben-im-eigenen-zuhause-2\\\/\",\"name\":\"Digitales Gesundheitsdorf: Smarte Versorgung im Rodachtal\",\"isPartOf\":{\"@id\":\"https:\\\/\\\/www.deutsche-glasfaser.de\\\/blog\\\/#website\"},\"primaryImageOfPage\":{\"@id\":\"https:\\\/\\\/www.deutsche-glasfaser.de\\\/blog\\\/digitales-gesundheitsdorf-selbstbestimmt-leben-im-eigenen-zuhause-2\\\/#primaryimage\"},\"image\":{\"@id\":\"https:\\\/\\\/www.deutsche-glasfaser.de\\\/blog\\\/digitales-gesundheitsdorf-selbstbestimmt-leben-im-eigenen-zuhause-2\\\/#primaryimage\"},\"thumbnailUrl\":\"https:\\\/\\\/www.deutsche-glasfaser.de\\\/blog\\\/wp-content\\\/uploads\\\/2023\\\/04\\\/DGF_Blog_DigitalesDorfBayern_Titelbild-1500x705px_230315-2.jpg\",\"datePublished\":\"2023-04-12T05:18:00+00:00\",\"dateModified\":\"2025-12-11T10:46:42+00:00\",\"description\":\"Im oberfr\u00e4nkischen Landkreis Kronach wurden die Potenziale der Digitalisierung f\u00fcr eine bessere medizinisch-pflegerische Versorgung erforscht und ein digitales Gesundheitsdorf gestartet.\",\"inLanguage\":\"de\",\"potentialAction\":[{\"@type\":\"ReadAction\",\"target\":[\"https:\\\/\\\/www.deutsche-glasfaser.de\\\/blog\\\/digitales-gesundheitsdorf-selbstbestimmt-leben-im-eigenen-zuhause-2\\\/\"]}]},{\"@type\":\"ImageObject\",\"inLanguage\":\"de\",\"@id\":\"https:\\\/\\\/www.deutsche-glasfaser.de\\\/blog\\\/digitales-gesundheitsdorf-selbstbestimmt-leben-im-eigenen-zuhause-2\\\/#primaryimage\",\"url\":\"https:\\\/\\\/www.deutsche-glasfaser.de\\\/blog\\\/wp-content\\\/uploads\\\/2023\\\/04\\\/DGF_Blog_DigitalesDorfBayern_Titelbild-1500x705px_230315-2.jpg\",\"contentUrl\":\"https:\\\/\\\/www.deutsche-glasfaser.de\\\/blog\\\/wp-content\\\/uploads\\\/2023\\\/04\\\/DGF_Blog_DigitalesDorfBayern_Titelbild-1500x705px_230315-2.jpg\",\"width\":1500,\"height\":705,\"caption\":\"Eva-Maria M\u00fcller (links) zusammen mit Janet Januszewski, die in der lokalen Anlaufstelle DIGI-ORT in Steinwiesen \u00fcber M\u00f6glichkeiten zu technikunterst\u00fctztem Wohnen und technischen Assistenzsystemen informiert. \u00a9 Fraunhofer IIS\"},{\"@type\":\"WebSite\",\"@id\":\"https:\\\/\\\/www.deutsche-glasfaser.de\\\/blog\\\/#website\",\"url\":\"https:\\\/\\\/www.deutsche-glasfaser.de\\\/blog\\\/\",\"name\":\"Digitales B\u00fcrgernetz\",\"description\":\"Deutsche Glasfaser Blog\",\"publisher\":{\"@id\":\"https:\\\/\\\/www.deutsche-glasfaser.de\\\/blog\\\/#organization\"},\"potentialAction\":[{\"@type\":\"SearchAction\",\"target\":{\"@type\":\"EntryPoint\",\"urlTemplate\":\"https:\\\/\\\/www.deutsche-glasfaser.de\\\/blog\\\/?s={search_term_string}\"},\"query-input\":{\"@type\":\"PropertyValueSpecification\",\"valueRequired\":true,\"valueName\":\"search_term_string\"}}],\"inLanguage\":\"de\"},{\"@type\":\"Organization\",\"@id\":\"https:\\\/\\\/www.deutsche-glasfaser.de\\\/blog\\\/#organization\",\"name\":\"Digitales B\u00fcrgernetz\",\"url\":\"https:\\\/\\\/www.deutsche-glasfaser.de\\\/blog\\\/\",\"logo\":{\"@type\":\"ImageObject\",\"inLanguage\":\"de\",\"@id\":\"https:\\\/\\\/www.deutsche-glasfaser.de\\\/blog\\\/#\\\/schema\\\/logo\\\/image\\\/\",\"url\":\"https:\\\/\\\/www.deutsche-glasfaser.de\\\/blog\\\/wp-content\\\/uploads\\\/2021\\\/08\\\/DGF_Logo_Basis_RGB-Large@2x.png\",\"contentUrl\":\"https:\\\/\\\/www.deutsche-glasfaser.de\\\/blog\\\/wp-content\\\/uploads\\\/2021\\\/08\\\/DGF_Logo_Basis_RGB-Large@2x.png\",\"width\":312,\"height\":104,\"caption\":\"Digitales B\u00fcrgernetz\"},\"image\":{\"@id\":\"https:\\\/\\\/www.deutsche-glasfaser.de\\\/blog\\\/#\\\/schema\\\/logo\\\/image\\\/\"}},{\"@type\":\"Person\",\"@id\":\"https:\\\/\\\/www.deutsche-glasfaser.de\\\/blog\\\/#\\\/schema\\\/person\\\/9380a6dc7443d77143d0c66c409f574b\",\"name\":\"Deutsche Glasfaser\"}]}<\/script>\n<!-- \/ Yoast SEO plugin. -->","yoast_head_json":{"title":"Digitales Gesundheitsdorf: Smarte Versorgung im Rodachtal","description":"Im oberfr\u00e4nkischen Landkreis Kronach wurden die Potenziale der Digitalisierung f\u00fcr eine bessere medizinisch-pflegerische Versorgung erforscht und ein digitales Gesundheitsdorf gestartet.","robots":{"index":"index","follow":"follow","max-snippet":"max-snippet:-1","max-image-preview":"max-image-preview:large","max-video-preview":"max-video-preview:-1"},"canonical":"https:\/\/www.deutsche-glasfaser.de\/blog\/digitales-gesundheitsdorf-selbstbestimmt-leben-im-eigenen-zuhause-2\/","og_locale":"de_DE","og_type":"article","og_title":"Digitales Gesundheitsdorf: Smarte Versorgung im Rodachtal","og_description":"Im oberfr\u00e4nkischen Landkreis Kronach wurden die Potenziale der Digitalisierung f\u00fcr eine bessere medizinisch-pflegerische Versorgung erforscht und ein digitales Gesundheitsdorf gestartet.","og_url":"https:\/\/www.deutsche-glasfaser.de\/blog\/digitales-gesundheitsdorf-selbstbestimmt-leben-im-eigenen-zuhause-2\/","og_site_name":"Digitales B\u00fcrgernetz","article_published_time":"2023-04-12T05:18:00+00:00","article_modified_time":"2025-12-11T10:46:42+00:00","og_image":[{"width":1500,"height":705,"url":"https:\/\/www.deutsche-glasfaser.de\/blog\/wp-content\/uploads\/2023\/04\/DGF_Blog_DigitalesDorfBayern_Titelbild-1500x705px_230315-2.jpg","type":"image\/jpeg"}],"author":"Deutsche Glasfaser","twitter_card":"summary_large_image","twitter_misc":{"Verfasst von":"Deutsche Glasfaser","Gesch\u00e4tzte Lesezeit":"5\u00a0Minuten"},"schema":{"@context":"https:\/\/schema.org","@graph":[{"@type":"Article","@id":"https:\/\/www.deutsche-glasfaser.de\/blog\/digitales-gesundheitsdorf-selbstbestimmt-leben-im-eigenen-zuhause-2\/#article","isPartOf":{"@id":"https:\/\/www.deutsche-glasfaser.de\/blog\/digitales-gesundheitsdorf-selbstbestimmt-leben-im-eigenen-zuhause-2\/"},"author":{"name":"Deutsche Glasfaser","@id":"https:\/\/www.deutsche-glasfaser.de\/blog\/#\/schema\/person\/9380a6dc7443d77143d0c66c409f574b"},"headline":"Digitales Gesundheitsdorf: selbstbestimmt leben im eigenen Zuhause","datePublished":"2023-04-12T05:18:00+00:00","dateModified":"2025-12-11T10:46:42+00:00","mainEntityOfPage":{"@id":"https:\/\/www.deutsche-glasfaser.de\/blog\/digitales-gesundheitsdorf-selbstbestimmt-leben-im-eigenen-zuhause-2\/"},"wordCount":806,"commentCount":0,"publisher":{"@id":"https:\/\/www.deutsche-glasfaser.de\/blog\/#organization"},"image":{"@id":"https:\/\/www.deutsche-glasfaser.de\/blog\/digitales-gesundheitsdorf-selbstbestimmt-leben-im-eigenen-zuhause-2\/#primaryimage"},"thumbnailUrl":"https:\/\/www.deutsche-glasfaser.de\/blog\/wp-content\/uploads\/2023\/04\/DGF_Blog_DigitalesDorfBayern_Titelbild-1500x705px_230315-2.jpg","articleSection":["#Gesundheit"],"inLanguage":"de","potentialAction":[{"@type":"CommentAction","name":"Comment","target":["https:\/\/www.deutsche-glasfaser.de\/blog\/digitales-gesundheitsdorf-selbstbestimmt-leben-im-eigenen-zuhause-2\/#respond"]}]},{"@type":"WebPage","@id":"https:\/\/www.deutsche-glasfaser.de\/blog\/digitales-gesundheitsdorf-selbstbestimmt-leben-im-eigenen-zuhause-2\/","url":"https:\/\/www.deutsche-glasfaser.de\/blog\/digitales-gesundheitsdorf-selbstbestimmt-leben-im-eigenen-zuhause-2\/","name":"Digitales Gesundheitsdorf: Smarte Versorgung im Rodachtal","isPartOf":{"@id":"https:\/\/www.deutsche-glasfaser.de\/blog\/#website"},"primaryImageOfPage":{"@id":"https:\/\/www.deutsche-glasfaser.de\/blog\/digitales-gesundheitsdorf-selbstbestimmt-leben-im-eigenen-zuhause-2\/#primaryimage"},"image":{"@id":"https:\/\/www.deutsche-glasfaser.de\/blog\/digitales-gesundheitsdorf-selbstbestimmt-leben-im-eigenen-zuhause-2\/#primaryimage"},"thumbnailUrl":"https:\/\/www.deutsche-glasfaser.de\/blog\/wp-content\/uploads\/2023\/04\/DGF_Blog_DigitalesDorfBayern_Titelbild-1500x705px_230315-2.jpg","datePublished":"2023-04-12T05:18:00+00:00","dateModified":"2025-12-11T10:46:42+00:00","description":"Im oberfr\u00e4nkischen Landkreis Kronach wurden die Potenziale der Digitalisierung f\u00fcr eine bessere medizinisch-pflegerische Versorgung erforscht und ein digitales Gesundheitsdorf gestartet.","inLanguage":"de","potentialAction":[{"@type":"ReadAction","target":["https:\/\/www.deutsche-glasfaser.de\/blog\/digitales-gesundheitsdorf-selbstbestimmt-leben-im-eigenen-zuhause-2\/"]}]},{"@type":"ImageObject","inLanguage":"de","@id":"https:\/\/www.deutsche-glasfaser.de\/blog\/digitales-gesundheitsdorf-selbstbestimmt-leben-im-eigenen-zuhause-2\/#primaryimage","url":"https:\/\/www.deutsche-glasfaser.de\/blog\/wp-content\/uploads\/2023\/04\/DGF_Blog_DigitalesDorfBayern_Titelbild-1500x705px_230315-2.jpg","contentUrl":"https:\/\/www.deutsche-glasfaser.de\/blog\/wp-content\/uploads\/2023\/04\/DGF_Blog_DigitalesDorfBayern_Titelbild-1500x705px_230315-2.jpg","width":1500,"height":705,"caption":"Eva-Maria M\u00fcller (links) zusammen mit Janet Januszewski, die in der lokalen Anlaufstelle DIGI-ORT in Steinwiesen \u00fcber M\u00f6glichkeiten zu technikunterst\u00fctztem Wohnen und technischen Assistenzsystemen informiert. \u00a9 Fraunhofer IIS"},{"@type":"WebSite","@id":"https:\/\/www.deutsche-glasfaser.de\/blog\/#website","url":"https:\/\/www.deutsche-glasfaser.de\/blog\/","name":"Digitales B\u00fcrgernetz","description":"Deutsche Glasfaser Blog","publisher":{"@id":"https:\/\/www.deutsche-glasfaser.de\/blog\/#organization"},"potentialAction":[{"@type":"SearchAction","target":{"@type":"EntryPoint","urlTemplate":"https:\/\/www.deutsche-glasfaser.de\/blog\/?s={search_term_string}"},"query-input":{"@type":"PropertyValueSpecification","valueRequired":true,"valueName":"search_term_string"}}],"inLanguage":"de"},{"@type":"Organization","@id":"https:\/\/www.deutsche-glasfaser.de\/blog\/#organization","name":"Digitales B\u00fcrgernetz","url":"https:\/\/www.deutsche-glasfaser.de\/blog\/","logo":{"@type":"ImageObject","inLanguage":"de","@id":"https:\/\/www.deutsche-glasfaser.de\/blog\/#\/schema\/logo\/image\/","url":"https:\/\/www.deutsche-glasfaser.de\/blog\/wp-content\/uploads\/2021\/08\/DGF_Logo_Basis_RGB-Large@2x.png","contentUrl":"https:\/\/www.deutsche-glasfaser.de\/blog\/wp-content\/uploads\/2021\/08\/DGF_Logo_Basis_RGB-Large@2x.png","width":312,"height":104,"caption":"Digitales B\u00fcrgernetz"},"image":{"@id":"https:\/\/www.deutsche-glasfaser.de\/blog\/#\/schema\/logo\/image\/"}},{"@type":"Person","@id":"https:\/\/www.deutsche-glasfaser.de\/blog\/#\/schema\/person\/9380a6dc7443d77143d0c66c409f574b","name":"Deutsche Glasfaser"}]}},"_links":{"self":[{"href":"https:\/\/www.deutsche-glasfaser.de\/blog\/wp-json\/wp\/v2\/posts\/12010","targetHints":{"allow":["GET"]}}],"collection":[{"href":"https:\/\/www.deutsche-glasfaser.de\/blog\/wp-json\/wp\/v2\/posts"}],"about":[{"href":"https:\/\/www.deutsche-glasfaser.de\/blog\/wp-json\/wp\/v2\/types\/post"}],"author":[{"embeddable":true,"href":"https:\/\/www.deutsche-glasfaser.de\/blog\/wp-json\/wp\/v2\/users\/5"}],"replies":[{"embeddable":true,"href":"https:\/\/www.deutsche-glasfaser.de\/blog\/wp-json\/wp\/v2\/comments?post=12010"}],"version-history":[{"count":6,"href":"https:\/\/www.deutsche-glasfaser.de\/blog\/wp-json\/wp\/v2\/posts\/12010\/revisions"}],"predecessor-version":[{"id":12018,"href":"https:\/\/www.deutsche-glasfaser.de\/blog\/wp-json\/wp\/v2\/posts\/12010\/revisions\/12018"}],"wp:featuredmedia":[{"embeddable":true,"href":"https:\/\/www.deutsche-glasfaser.de\/blog\/wp-json\/wp\/v2\/media\/12012"}],"wp:attachment":[{"href":"https:\/\/www.deutsche-glasfaser.de\/blog\/wp-json\/wp\/v2\/media?parent=12010"}],"wp:term":[{"taxonomy":"category","embeddable":true,"href":"https:\/\/www.deutsche-glasfaser.de\/blog\/wp-json\/wp\/v2\/categories?post=12010"},{"taxonomy":"post_tag","embeddable":true,"href":"https:\/\/www.deutsche-glasfaser.de\/blog\/wp-json\/wp\/v2\/tags?post=12010"}],"curies":[{"name":"wp","href":"https:\/\/api.w.org\/{rel}","templated":true}]}}