{"id":11836,"date":"2023-03-27T09:04:20","date_gmt":"2023-03-27T07:04:20","guid":{"rendered":"https:\/\/www.deutsche-glasfaser.de\/blog\/?p=11836"},"modified":"2023-03-27T12:23:02","modified_gmt":"2023-03-27T10:23:02","slug":"digitale-modellregion-wie-fuenf-kommunen-in-nordhessen-die-zukunft-anpacken","status":"publish","type":"post","link":"https:\/\/www.deutsche-glasfaser.de\/blog\/digitale-modellregion-wie-fuenf-kommunen-in-nordhessen-die-zukunft-anpacken\/","title":{"rendered":"<strong>Digitale Modellregion: Wie f\u00fcnf Kommunen in Nordhessen die Zukunft anpacken<\/strong>"},"content":{"rendered":"\t\t<div data-elementor-type=\"wp-post\" data-elementor-id=\"11836\" class=\"elementor elementor-11836\">\n\t\t\t\t\t\t<section class=\"elementor-section elementor-top-section elementor-element elementor-element-d23745e elementor-section-boxed elementor-section-height-default elementor-section-height-default\" data-id=\"d23745e\" data-element_type=\"section\" data-e-type=\"section\">\n\t\t\t\t\t\t<div class=\"elementor-container elementor-column-gap-default\">\n\t\t\t\t\t<div class=\"elementor-column elementor-col-100 elementor-top-column elementor-element elementor-element-f14ae80\" data-id=\"f14ae80\" data-element_type=\"column\" data-e-type=\"column\">\n\t\t\t<div class=\"elementor-widget-wrap elementor-element-populated\">\n\t\t\t\t\t\t<div class=\"elementor-element elementor-element-b586eab elementor-widget elementor-widget-text-editor\" data-id=\"b586eab\" data-element_type=\"widget\" data-e-type=\"widget\" data-widget_type=\"text-editor.default\">\n\t\t\t\t<div class=\"elementor-widget-container\">\n\t\t\t\t\t\t\t\t\t<p>Marc\u00e8l Pritsch (links), B\u00fcrgermeister von Borken und Dr. Philipp Rottwilm (rechts), B\u00fcrgermeister von Neuental, treiben das gemeinsame Digitalisierungsprojekt voran. \u00a9 Stadtverwaltung Borken \/ Stadtverwaltung Neuental<\/p>\t\t\t\t\t\t\t\t<\/div>\n\t\t\t\t<\/div>\n\t\t\t\t\t<\/div>\n\t\t<\/div>\n\t\t\t\t\t<\/div>\n\t\t<\/section>\n\t\t\t\t<section class=\"elementor-section elementor-top-section elementor-element elementor-element-0466eea elementor-section-boxed elementor-section-height-default elementor-section-height-default\" data-id=\"0466eea\" data-element_type=\"section\" data-e-type=\"section\">\n\t\t\t\t\t\t<div class=\"elementor-container elementor-column-gap-default\">\n\t\t\t\t\t<div class=\"elementor-column elementor-col-100 elementor-top-column elementor-element elementor-element-37d8810\" data-id=\"37d8810\" data-element_type=\"column\" data-e-type=\"column\">\n\t\t\t<div class=\"elementor-widget-wrap elementor-element-populated\">\n\t\t\t\t\t\t<div class=\"elementor-element elementor-element-ab9aa9f elementor-widget elementor-widget-text-editor\" data-id=\"ab9aa9f\" data-element_type=\"widget\" data-e-type=\"widget\" data-widget_type=\"text-editor.default\">\n\t\t\t\t<div class=\"elementor-widget-container\">\n\t\t\t\t\t\t\t\t\t<p>Im Norden Hessens haben sich f\u00fcnf Kommunen zusammengeschlossen, um die Digitalisierung ihrer Verwaltungsaktivit\u00e4ten anzugehen. Durch die vorbildliche Umsetzung digitaler L\u00f6sungen wurde Schwalm-Eder-West zur \u201eSmart Region\u201c. Die B\u00fcrgermeister von Neuental und Borken \u2013 Dr. Philipp Rottwilm und Marc\u00e8l Pritsch \u2013 erz\u00e4hlen, was das bedeutet.<\/p>\t\t\t\t\t\t\t\t<\/div>\n\t\t\t\t<\/div>\n\t\t\t\t<div class=\"elementor-element elementor-element-e25f154 elementor-widget elementor-widget-spacer\" data-id=\"e25f154\" data-element_type=\"widget\" data-e-type=\"widget\" data-widget_type=\"spacer.default\">\n\t\t\t\t<div class=\"elementor-widget-container\">\n\t\t\t\t\t\t\t<div class=\"elementor-spacer\">\n\t\t\t<div class=\"elementor-spacer-inner\"><\/div>\n\t\t<\/div>\n\t\t\t\t\t\t<\/div>\n\t\t\t\t<\/div>\n\t\t\t\t<div class=\"elementor-element elementor-element-886c367 elementor-widget elementor-widget-text-editor\" data-id=\"886c367\" data-element_type=\"widget\" data-e-type=\"widget\" data-widget_type=\"text-editor.default\">\n\t\t\t\t<div class=\"elementor-widget-container\">\n\t\t\t\t\t\t\t\t\t<p><strong>Wie kam es dazu, dass sich Ihre f\u00fcnf Kommunen bei der Umsetzung der Digitalisierung zusammengeschlossen haben?<\/strong><\/p><p><strong>Pritsch<\/strong>: Ich erinnere mich an eine Veranstaltung in Kassel, auf der uns vorgestellt wurde, was wir f\u00fcr die Umsetzung des Onlinezugangsgesetztes OZG alles machen m\u00fcssen. Da wurde uns schnell klar: Das kann nicht jeder f\u00fcr sich machen, das muss gemeinsam passieren. Philipp Rottwilm war bereit, das ganze voranzutreiben und hat unser Vorhaben bei F\u00f6rderprogrammen eingereicht. So kam es, dass wir zu einer Smart Region wurden, die als Blaupause f\u00fcr die Digitalisierung des l\u00e4ndlichen Raums dienen soll. Voraussetzung f\u00fcr diese F\u00f6rdermittel ist, dass alles, was wir tun, leicht auf andere Regionen \u00fcbertragbar ist.<br \/><br \/><strong>Rottwilm<\/strong>: Die Verpflichtung, alle Dienstleistungen digital zur Verf\u00fcgung zu stellen, ist f\u00fcr die Kommunen eine enorme Herausforderung. Wir wollen zeigen, dass das, was in den St\u00e4dten mittlerweile selbstverst\u00e4ndlich ist \u2013 dass ich zum Beispiel abends vorm Fernseher \u00fcber mein Smartphone meinen Hund anmelden kann \u2013, auch auf dem platten Land funktioniert. Der Online-Zugang zu Verwaltungsdienstleistungen, den wir als Kommune ja schaffen m\u00fcssen, ist f\u00fcr uns aber nur die Basis. Wir gehen mit unseren Pl\u00e4nen weit dar\u00fcber hinaus und wollen eine digitale Modellregion werden.<\/p>\t\t\t\t\t\t\t\t<\/div>\n\t\t\t\t<\/div>\n\t\t\t\t<div class=\"elementor-element elementor-element-ae26dee elementor-widget elementor-widget-spacer\" data-id=\"ae26dee\" data-element_type=\"widget\" data-e-type=\"widget\" data-widget_type=\"spacer.default\">\n\t\t\t\t<div class=\"elementor-widget-container\">\n\t\t\t\t\t\t\t<div class=\"elementor-spacer\">\n\t\t\t<div class=\"elementor-spacer-inner\"><\/div>\n\t\t<\/div>\n\t\t\t\t\t\t<\/div>\n\t\t\t\t<\/div>\n\t\t\t\t<div class=\"elementor-element elementor-element-bbd4aac elementor-widget elementor-widget-image\" data-id=\"bbd4aac\" data-element_type=\"widget\" data-e-type=\"widget\" data-widget_type=\"image.default\">\n\t\t\t\t<div class=\"elementor-widget-container\">\n\t\t\t\t\t\t\t\t\t\t\t\t<figure class=\"wp-caption\">\n\t\t\t\t\t\t\t\t\t\t<img fetchpriority=\"high\" decoding=\"async\" width=\"768\" height=\"512\" src=\"https:\/\/www.deutsche-glasfaser.de\/blog\/wp-content\/uploads\/2023\/03\/Beitragsbild_1_GettyImages-1399446122_FINAL-768x512.jpg\" class=\"attachment-medium_large size-medium_large wp-image-11848\" alt=\"Eine Frau sitzt auf dem Sofa und schaut lachend in ein Smartphone.\" srcset=\"https:\/\/www.deutsche-glasfaser.de\/blog\/wp-content\/uploads\/2023\/03\/Beitragsbild_1_GettyImages-1399446122_FINAL-768x512.jpg 768w, https:\/\/www.deutsche-glasfaser.de\/blog\/wp-content\/uploads\/2023\/03\/Beitragsbild_1_GettyImages-1399446122_FINAL-300x200.jpg 300w, https:\/\/www.deutsche-glasfaser.de\/blog\/wp-content\/uploads\/2023\/03\/Beitragsbild_1_GettyImages-1399446122_FINAL.jpg 788w\" sizes=\"(max-width: 768px) 100vw, 768px\" \/>\t\t\t\t\t\t\t\t\t\t\t<figcaption class=\"widget-image-caption wp-caption-text\">Hund anmelden, Personalsausweis bestellen? In Borken oder Neuental geht das einfach von zu Hause aus. \u00a9gettyimages<\/figcaption>\n\t\t\t\t\t\t\t\t\t\t<\/figure>\n\t\t\t\t\t\t\t\t\t<\/div>\n\t\t\t\t<\/div>\n\t\t\t\t<div class=\"elementor-element elementor-element-4d65f41 elementor-widget elementor-widget-spacer\" data-id=\"4d65f41\" data-element_type=\"widget\" data-e-type=\"widget\" data-widget_type=\"spacer.default\">\n\t\t\t\t<div class=\"elementor-widget-container\">\n\t\t\t\t\t\t\t<div class=\"elementor-spacer\">\n\t\t\t<div class=\"elementor-spacer-inner\"><\/div>\n\t\t<\/div>\n\t\t\t\t\t\t<\/div>\n\t\t\t\t<\/div>\n\t\t\t\t<div class=\"elementor-element elementor-element-7056bfd elementor-widget elementor-widget-text-editor\" data-id=\"7056bfd\" data-element_type=\"widget\" data-e-type=\"widget\" data-widget_type=\"text-editor.default\">\n\t\t\t\t<div class=\"elementor-widget-container\">\n\t\t\t\t\t\t\t\t\t<p><strong>Welche Ma\u00dfnahmen verfolgen Sie, die \u00fcber das geforderte Ma\u00df hinausgehen?<\/strong><\/p><p><strong>Rottwilm<\/strong>: Da gibt es sehr viele Projekte, die allesamt den B\u00fcrgern, unserer Verwaltung und auch der Umwelt zugutekommen. Aktuell besch\u00e4ftigen wir uns beispielsweise mit der digitalen Steuerung \u00f6ffentlicher Geb\u00e4ude. Dazu geh\u00f6ren intelligentes Heizen und L\u00fcften, aber auch ein CO2-Monitoring, das f\u00fcr den B\u00fcrger transparent macht, wo wir stehen. Mit digitaler Steuerung lassen sich viel Energie und damit CO2 aber auch Kosten einsparen. Gleiches gilt f\u00fcr die intelligente Stra\u00dfenbeleuchtung. Wir wollen nicht einfach das Licht ausmachen, um Energie zu sparen. Wir setzen auf moderne, steuerbare LED, die gerade so viel leuchten, wie es unter den aktuellen Bedingungen notwendig ist, damit der B\u00fcrger sich wohl f\u00fchlt. Demn\u00e4chst wollen wir daf\u00fcr Sensoren einsetzen, die unter anderem daf\u00fcr sorgen, dass bei nassen Stra\u00dfen die Beleuchtung gedimmt wird, weil das Licht durch die Reflektionen auf dem Asphalt ohnehin verst\u00e4rkt wird.<br \/><br \/><strong>Pritsch<\/strong>: Wir schauen dabei genau hin, was in unserer Region sinnvoll ist. Digitalisierung ist kein Selbstzweck. Beispielsweise haben wir im Sommer gro\u00dfen Andrang an den Badeseen in unserer Region. In der Vergangenheit f\u00fchrte das h\u00e4ufig zu Konflikten, wenn Familien nach einer l\u00e4ngeren Anreise mit m\u00fcden Kindern im \u00fcberhitzten Auto um die Parkpl\u00e4tze k\u00e4mpften. Jetzt kann ich von zu Hause aus nachschauen, wo es Kapazit\u00e4ten gibt und ob es sich noch lohnt, zum See zu fahren \u2013 und zwar nicht nur in meiner Kommune, sondern eben im gesamten Gebiet. Ein weiteres Beispiel ist die digitale Messung von L\u00e4rm und Luftqualit\u00e4t entlang der A49, die jeder B\u00fcrger jederzeit einsehen kann. Diese Werte digital zu erfassen, liefert uns eine objektive Diskussionsgrundlage f\u00fcr den geplanten Ausbau der Autobahn \u2013 anstelle von diffusen \u00c4ngsten und Sorgen.<\/p>\t\t\t\t\t\t\t\t<\/div>\n\t\t\t\t<\/div>\n\t\t\t\t<div class=\"elementor-element elementor-element-7588129 elementor-widget elementor-widget-spacer\" data-id=\"7588129\" data-element_type=\"widget\" data-e-type=\"widget\" data-widget_type=\"spacer.default\">\n\t\t\t\t<div class=\"elementor-widget-container\">\n\t\t\t\t\t\t\t<div class=\"elementor-spacer\">\n\t\t\t<div class=\"elementor-spacer-inner\"><\/div>\n\t\t<\/div>\n\t\t\t\t\t\t<\/div>\n\t\t\t\t<\/div>\n\t\t\t\t<div class=\"elementor-element elementor-element-bf29f67 elementor-widget elementor-widget-image\" data-id=\"bf29f67\" data-element_type=\"widget\" data-e-type=\"widget\" data-widget_type=\"image.default\">\n\t\t\t\t<div class=\"elementor-widget-container\">\n\t\t\t\t\t\t\t\t\t\t\t\t<figure class=\"wp-caption\">\n\t\t\t\t\t\t\t\t\t\t<img decoding=\"async\" width=\"768\" height=\"512\" src=\"https:\/\/www.deutsche-glasfaser.de\/blog\/wp-content\/uploads\/2023\/03\/Beitragsbild_2_GettyImages-1287686306_FINAL-768x512.jpg\" class=\"attachment-medium_large size-medium_large wp-image-11849\" alt=\"Eine Frau steht in ein Badetuch geh\u00fcllt an einem See.\" srcset=\"https:\/\/www.deutsche-glasfaser.de\/blog\/wp-content\/uploads\/2023\/03\/Beitragsbild_2_GettyImages-1287686306_FINAL-768x512.jpg 768w, https:\/\/www.deutsche-glasfaser.de\/blog\/wp-content\/uploads\/2023\/03\/Beitragsbild_2_GettyImages-1287686306_FINAL-300x200.jpg 300w, https:\/\/www.deutsche-glasfaser.de\/blog\/wp-content\/uploads\/2023\/03\/Beitragsbild_2_GettyImages-1287686306_FINAL.jpg 788w\" sizes=\"(max-width: 768px) 100vw, 768px\" \/>\t\t\t\t\t\t\t\t\t\t\t<figcaption class=\"widget-image-caption wp-caption-text\">Digitalisierung mit Mehrwert: Die Auslastung der in der Region beliebten Badeseen kann vor der Abfahrt von zu Hause aus eingesehen werden. \u00a9gettyimages<\/figcaption>\n\t\t\t\t\t\t\t\t\t\t<\/figure>\n\t\t\t\t\t\t\t\t\t<\/div>\n\t\t\t\t<\/div>\n\t\t\t\t<div class=\"elementor-element elementor-element-733ac99 elementor-widget elementor-widget-spacer\" data-id=\"733ac99\" data-element_type=\"widget\" data-e-type=\"widget\" data-widget_type=\"spacer.default\">\n\t\t\t\t<div class=\"elementor-widget-container\">\n\t\t\t\t\t\t\t<div class=\"elementor-spacer\">\n\t\t\t<div class=\"elementor-spacer-inner\"><\/div>\n\t\t<\/div>\n\t\t\t\t\t\t<\/div>\n\t\t\t\t<\/div>\n\t\t\t\t<div class=\"elementor-element elementor-element-36a66eb elementor-widget elementor-widget-text-editor\" data-id=\"36a66eb\" data-element_type=\"widget\" data-e-type=\"widget\" data-widget_type=\"text-editor.default\">\n\t\t\t\t<div class=\"elementor-widget-container\">\n\t\t\t\t\t\t\t\t\t<p><strong>All diese Projekte bedeuten viel Arbeit. Wie sorgen Sie daf\u00fcr, dass alle mitziehen?<\/strong><\/p><p><strong>Pritsch<\/strong>: Durch die F\u00f6rdermittel konnten wir eine Stelle schaffen, einen zentralen Digitalisierungsbeauftragten, der als Spinne im Netz alles vorantreibt. Er steht in engem Kontakt mit den Digitalisierungslotsen, die wir f\u00fcr jeden Bereich ernannt haben. Es ist sehr viel Wert, jemanden zu haben, der sich ausschlie\u00dflich um das Thema Digitalisierung k\u00fcmmert, denn wir alle m\u00fcssen diese Projekte zu unseren tagt\u00e4glichen Aufgaben bew\u00e4ltigen. Da es aber sehr spannende Projekte sind, ist die Motivation unter den Mitarbeiten hoch.<\/p><p><strong>Rottwilm<\/strong>: Es ist sogar so, dass wir als Kommune f\u00fcr junge Mitarbeiter attraktiver werden, weil wir nicht als alte Amtsstube auftreten, sondern spannende Zukunftsprojekte bieten, mit denen sich die Mitarbeiter zukunftsf\u00e4hig weiterbilden k\u00f6nnen. Sie arbeiten nicht an Themen von gestern, sondern von \u00fcbermorgen. Da alle bei uns verstanden haben, wie wichtig dieses Thema ist, wird die Arbeit der Digitalisierungslosten und aller, die sich f\u00fcr diese Projekte engagieren, sehr wertgesch\u00e4tzt. Jeder wei\u00df, dass Digitalisierung bei uns Chefsache ist. Au\u00dferdem vereinfacht und automatisiert die Digitalisierung auch viele Prozesse, sodass die Mitarbeiter langfristig mehr Zeit haben, sich bei anderen Anliegen pers\u00f6nlich um die B\u00fcrger zu k\u00fcmmern.<\/p><p><strong>Bestehen keinerlei Bef\u00fcrchtungen, einen Teil der B\u00fcrger nicht mitnehmen zu k\u00f6nnen?<\/strong><\/p><p><strong>Rottwilm<\/strong>: Das ist nat\u00fcrlich ein wichtiger Punkt und wir versuchen, jeden mitzunehmen. Bisher haben wir nicht den Eindruck, dass beispielsweise die \u00e4ltere Generation nicht an unserer Digitalisierung teilnimmt. Das zeigen auch die Klickzahlen auf unserer Website. Mein Schwiegervater ist 80 und kennt sich mit dem Iphone besser aus als ich. Aber wenn jemand sich hier unsicher f\u00fchlt, haben wir ehrenamtliche Helfer, die sich im B\u00fcrgerhaus mit Menschen zusammensetzen, die erkl\u00e4rt bekommen wollen, wie sie beispielsweise online den Personalausweis beantragen.<\/p><p><strong>Pritsch<\/strong>: Ganz wichtig ist es zu betonen, dass die Online-Bereitstellung der Services ein Angebot an den B\u00fcrger ist, aber keine Verpflichtung. Sie k\u00f6nnen bei uns f\u00fcr alles immer noch im Rathaus vorbeikommen und es auf herk\u00f6mmliche Weise erledigen. Das wird auch in Zukunft so bleiben!<\/p><p><strong>Wie sehen die n\u00e4chsten Arbeitsschwerpunkte aus?<\/strong><\/p><p><strong>Pritsch<\/strong>: Die Digitalisierung der Verwaltung ist noch l\u00e4ngst nicht abgeschlossen. Die elektronische Akte steht auf der Tagesordnung. Au\u00dferdem zieht jedes Online-Angebot weitere Prozesse nach sich, die \u00fcberdacht werden m\u00fcssen, beispielweise die Bezahlung. Die Kosten f\u00fcr eine digitale Buchung jeglicher Art m\u00fcssen im Verh\u00e4ltnis stehen. Auf der anderen Seite werden bestimmte Aufgaben nach und nach reduziert, wie zum Beispiel das Leeren der Parkautomaten. Auch die Arbeit der Stadtkasse wird sich somit komplett ver\u00e4ndern.<\/p><p><strong>Rottwilm<\/strong>: \u00dcber diese Pflichtaufgaben hinaus sehe ich viele M\u00f6glichkeiten in der Verkehrssteuerung und im Tourismus. Herr Pritsch hat bereits das Parkleitsystem angesprochen, aber den Verkehr zu messen, hat auch andere Vorteile. Man kann Gefahrenstellen identifizieren und zum Beispiel sehen, wo eine Tempo-30-Zone sinnvoll w\u00e4re. Toll w\u00e4re auch ein einheitliches Buchungssystem, wo man vom Museum bis zur Location f\u00fcr die Dorffete alles zentral buchen kann. Eins ist klar: Es wird wieder ein Jahr voller Arbeit, aber damit legen wir den Grundstein f\u00fcr unsere Zukunft.<\/p>\t\t\t\t\t\t\t\t<\/div>\n\t\t\t\t<\/div>\n\t\t\t\t<div class=\"elementor-element elementor-element-37f58ea elementor-widget elementor-widget-spacer\" data-id=\"37f58ea\" data-element_type=\"widget\" data-e-type=\"widget\" data-widget_type=\"spacer.default\">\n\t\t\t\t<div class=\"elementor-widget-container\">\n\t\t\t\t\t\t\t<div class=\"elementor-spacer\">\n\t\t\t<div class=\"elementor-spacer-inner\"><\/div>\n\t\t<\/div>\n\t\t\t\t\t\t<\/div>\n\t\t\t\t<\/div>\n\t\t\t\t<div class=\"elementor-element elementor-element-1c3d355 eael-infobox-icon-bg-shape-none eael-infobox-icon-hover-bg-shape-none elementor-widget elementor-widget-eael-info-box\" data-id=\"1c3d355\" data-element_type=\"widget\" data-e-type=\"widget\" data-widget_type=\"eael-info-box.default\">\n\t\t\t\t<div class=\"elementor-widget-container\">\n\t\t\t\t\t        <div class=\"eael-infobox icon-on-left\">\n\t            <div class=\"infobox-icon eael-icon-only\">\n\n            \n                            <div class=\"infobox-icon-wrap\">\n                    <i aria-hidden=\"true\" class=\"fas fa-info\"><\/i>                <\/div>\n            \n            \n        <\/div>\n            <div class=\"infobox-content eael-icon-only\">\n        <div><p>Der <strong><a href=\"https:\/\/www.schwalm-eder-west.de\/\">Zweckverband Interkommunale Zusammenarbeit Schwalm-Eder-West<\/a><\/strong> setzt sich aus den Kommunen Bad Zwesten, Borken (Hessen), Jesberg, Neuental und Wabern zusammen. In 43 Orts- und Stadtteilen wohnen ca. 31.000 Einwohnerinnen und Einwohner. Als Smart Region gehen diese Kommunen mit smarten Digitalisierungskonzepten gemeinsam die Transformation des l\u00e4ndlichen Raums f\u00fcr eine digitale Zukunft an und wollen damit Mehrwerte f\u00fcr B\u00fcrger:innen, Politik und Verwaltung schaffen. Als Modellregion erh\u00e4lt Schwalm-Eder-West f\u00fcr einen Projektzeitraum von zwei Jahren 2,5 Millionen Euro an F\u00f6rdermitteln.<\/p><\/div>        <\/div>\n            <\/div>\n\n\t\t\t\t\t\t<\/div>\n\t\t\t\t<\/div>\n\t\t\t\t\t<\/div>\n\t\t<\/div>\n\t\t\t\t\t<\/div>\n\t\t<\/section>\n\t\t\t\t<\/div>\n\t\t","protected":false},"excerpt":{"rendered":"<p>Im Norden Hessens haben sich f\u00fcnf Kommunen zusammengeschlossen, um die Digitalisierung ihrer Verwaltungsaktivit\u00e4ten anzugehen. Durch die vorbildliche Umsetzung digitaler L\u00f6sungen wurde Schwalm-Eder-West zur \u201eSmart Region\u201c.<\/p>\n","protected":false},"author":5,"featured_media":11837,"comment_status":"open","ping_status":"open","sticky":false,"template":"","format":"standard","meta":{"footnotes":""},"categories":[71],"tags":[],"class_list":["post-11836","post","type-post","status-publish","format-standard","has-post-thumbnail","hentry","category-gemeinschaft"],"yoast_head":"<!-- This site is optimized with the Yoast SEO plugin v27.5 - https:\/\/yoast.com\/product\/yoast-seo-wordpress\/ -->\n<title>Schwalm-Eder-West ist digitale Modellregion - Digitales B\u00fcrgernetz<\/title>\n<meta name=\"description\" content=\"F\u00fcnf Kommunen in Nordhessen gehen bei der Digitalisierung von Verwaltungsaktivit\u00e4ten mit gutem Vorbild voran.\" \/>\n<meta name=\"robots\" content=\"index, follow, max-snippet:-1, max-image-preview:large, max-video-preview:-1\" \/>\n<link rel=\"canonical\" href=\"https:\/\/www.deutsche-glasfaser.de\/blog\/digitale-modellregion-wie-fuenf-kommunen-in-nordhessen-die-zukunft-anpacken\/\" \/>\n<meta property=\"og:locale\" content=\"de_DE\" \/>\n<meta property=\"og:type\" content=\"article\" \/>\n<meta property=\"og:title\" content=\"Schwalm-Eder-West ist digitale Modellregion - Digitales B\u00fcrgernetz\" \/>\n<meta property=\"og:description\" content=\"F\u00fcnf Kommunen in Nordhessen gehen bei der Digitalisierung von Verwaltungsaktivit\u00e4ten mit gutem Vorbild voran.\" \/>\n<meta property=\"og:url\" content=\"https:\/\/www.deutsche-glasfaser.de\/blog\/digitale-modellregion-wie-fuenf-kommunen-in-nordhessen-die-zukunft-anpacken\/\" \/>\n<meta property=\"og:site_name\" content=\"Digitales B\u00fcrgernetz\" \/>\n<meta property=\"article:published_time\" content=\"2023-03-27T07:04:20+00:00\" \/>\n<meta property=\"article:modified_time\" content=\"2023-03-27T10:23:02+00:00\" \/>\n<meta property=\"og:image\" content=\"https:\/\/www.deutsche-glasfaser.de\/blog\/wp-content\/uploads\/2023\/03\/Titelbild_Buegermeister_FINAL.jpeg\" \/>\n\t<meta property=\"og:image:width\" content=\"1200\" \/>\n\t<meta property=\"og:image:height\" content=\"628\" \/>\n\t<meta property=\"og:image:type\" content=\"image\/jpeg\" \/>\n<meta name=\"author\" content=\"Deutsche Glasfaser\" \/>\n<meta name=\"twitter:card\" content=\"summary_large_image\" \/>\n<meta name=\"twitter:label1\" content=\"Verfasst von\" \/>\n\t<meta name=\"twitter:data1\" content=\"Deutsche Glasfaser\" \/>\n\t<meta name=\"twitter:label2\" content=\"Gesch\u00e4tzte Lesezeit\" \/>\n\t<meta name=\"twitter:data2\" content=\"7\u00a0Minuten\" \/>\n<script type=\"application\/ld+json\" class=\"yoast-schema-graph\">{\"@context\":\"https:\\\/\\\/schema.org\",\"@graph\":[{\"@type\":\"Article\",\"@id\":\"https:\\\/\\\/www.deutsche-glasfaser.de\\\/blog\\\/digitale-modellregion-wie-fuenf-kommunen-in-nordhessen-die-zukunft-anpacken\\\/#article\",\"isPartOf\":{\"@id\":\"https:\\\/\\\/www.deutsche-glasfaser.de\\\/blog\\\/digitale-modellregion-wie-fuenf-kommunen-in-nordhessen-die-zukunft-anpacken\\\/\"},\"author\":{\"name\":\"Deutsche Glasfaser\",\"@id\":\"https:\\\/\\\/www.deutsche-glasfaser.de\\\/blog\\\/#\\\/schema\\\/person\\\/9380a6dc7443d77143d0c66c409f574b\"},\"headline\":\"Digitale Modellregion: Wie f\u00fcnf Kommunen in Nordhessen die Zukunft anpacken\",\"datePublished\":\"2023-03-27T07:04:20+00:00\",\"dateModified\":\"2023-03-27T10:23:02+00:00\",\"mainEntityOfPage\":{\"@id\":\"https:\\\/\\\/www.deutsche-glasfaser.de\\\/blog\\\/digitale-modellregion-wie-fuenf-kommunen-in-nordhessen-die-zukunft-anpacken\\\/\"},\"wordCount\":1240,\"commentCount\":0,\"publisher\":{\"@id\":\"https:\\\/\\\/www.deutsche-glasfaser.de\\\/blog\\\/#organization\"},\"image\":{\"@id\":\"https:\\\/\\\/www.deutsche-glasfaser.de\\\/blog\\\/digitale-modellregion-wie-fuenf-kommunen-in-nordhessen-die-zukunft-anpacken\\\/#primaryimage\"},\"thumbnailUrl\":\"https:\\\/\\\/www.deutsche-glasfaser.de\\\/blog\\\/wp-content\\\/uploads\\\/2023\\\/03\\\/Titelbild_Buegermeister_FINAL.jpeg\",\"articleSection\":[\"#Gemeinschaft\"],\"inLanguage\":\"de\",\"potentialAction\":[{\"@type\":\"CommentAction\",\"name\":\"Comment\",\"target\":[\"https:\\\/\\\/www.deutsche-glasfaser.de\\\/blog\\\/digitale-modellregion-wie-fuenf-kommunen-in-nordhessen-die-zukunft-anpacken\\\/#respond\"]}]},{\"@type\":\"WebPage\",\"@id\":\"https:\\\/\\\/www.deutsche-glasfaser.de\\\/blog\\\/digitale-modellregion-wie-fuenf-kommunen-in-nordhessen-die-zukunft-anpacken\\\/\",\"url\":\"https:\\\/\\\/www.deutsche-glasfaser.de\\\/blog\\\/digitale-modellregion-wie-fuenf-kommunen-in-nordhessen-die-zukunft-anpacken\\\/\",\"name\":\"Schwalm-Eder-West ist digitale Modellregion - Digitales B\u00fcrgernetz\",\"isPartOf\":{\"@id\":\"https:\\\/\\\/www.deutsche-glasfaser.de\\\/blog\\\/#website\"},\"primaryImageOfPage\":{\"@id\":\"https:\\\/\\\/www.deutsche-glasfaser.de\\\/blog\\\/digitale-modellregion-wie-fuenf-kommunen-in-nordhessen-die-zukunft-anpacken\\\/#primaryimage\"},\"image\":{\"@id\":\"https:\\\/\\\/www.deutsche-glasfaser.de\\\/blog\\\/digitale-modellregion-wie-fuenf-kommunen-in-nordhessen-die-zukunft-anpacken\\\/#primaryimage\"},\"thumbnailUrl\":\"https:\\\/\\\/www.deutsche-glasfaser.de\\\/blog\\\/wp-content\\\/uploads\\\/2023\\\/03\\\/Titelbild_Buegermeister_FINAL.jpeg\",\"datePublished\":\"2023-03-27T07:04:20+00:00\",\"dateModified\":\"2023-03-27T10:23:02+00:00\",\"description\":\"F\u00fcnf Kommunen in Nordhessen gehen bei der Digitalisierung von Verwaltungsaktivit\u00e4ten mit gutem Vorbild voran.\",\"inLanguage\":\"de\",\"potentialAction\":[{\"@type\":\"ReadAction\",\"target\":[\"https:\\\/\\\/www.deutsche-glasfaser.de\\\/blog\\\/digitale-modellregion-wie-fuenf-kommunen-in-nordhessen-die-zukunft-anpacken\\\/\"]}]},{\"@type\":\"ImageObject\",\"inLanguage\":\"de\",\"@id\":\"https:\\\/\\\/www.deutsche-glasfaser.de\\\/blog\\\/digitale-modellregion-wie-fuenf-kommunen-in-nordhessen-die-zukunft-anpacken\\\/#primaryimage\",\"url\":\"https:\\\/\\\/www.deutsche-glasfaser.de\\\/blog\\\/wp-content\\\/uploads\\\/2023\\\/03\\\/Titelbild_Buegermeister_FINAL.jpeg\",\"contentUrl\":\"https:\\\/\\\/www.deutsche-glasfaser.de\\\/blog\\\/wp-content\\\/uploads\\\/2023\\\/03\\\/Titelbild_Buegermeister_FINAL.jpeg\",\"width\":1200,\"height\":628,\"caption\":\"Marc\u00e8l Pritsch (links) ist B\u00fcrgermeister von Borken. Dr. Philipp Rottwilm (rechts), B\u00fcrgermeister von Neuental, treibt das gemeinsame Digitalisierungsprojekt voran. Fotos: Stadtverwaltung Borken \\\/ Stadtverwaltung Neuental\"},{\"@type\":\"WebSite\",\"@id\":\"https:\\\/\\\/www.deutsche-glasfaser.de\\\/blog\\\/#website\",\"url\":\"https:\\\/\\\/www.deutsche-glasfaser.de\\\/blog\\\/\",\"name\":\"Digitales B\u00fcrgernetz\",\"description\":\"Deutsche Glasfaser Blog\",\"publisher\":{\"@id\":\"https:\\\/\\\/www.deutsche-glasfaser.de\\\/blog\\\/#organization\"},\"potentialAction\":[{\"@type\":\"SearchAction\",\"target\":{\"@type\":\"EntryPoint\",\"urlTemplate\":\"https:\\\/\\\/www.deutsche-glasfaser.de\\\/blog\\\/?s={search_term_string}\"},\"query-input\":{\"@type\":\"PropertyValueSpecification\",\"valueRequired\":true,\"valueName\":\"search_term_string\"}}],\"inLanguage\":\"de\"},{\"@type\":\"Organization\",\"@id\":\"https:\\\/\\\/www.deutsche-glasfaser.de\\\/blog\\\/#organization\",\"name\":\"Digitales B\u00fcrgernetz\",\"url\":\"https:\\\/\\\/www.deutsche-glasfaser.de\\\/blog\\\/\",\"logo\":{\"@type\":\"ImageObject\",\"inLanguage\":\"de\",\"@id\":\"https:\\\/\\\/www.deutsche-glasfaser.de\\\/blog\\\/#\\\/schema\\\/logo\\\/image\\\/\",\"url\":\"https:\\\/\\\/www.deutsche-glasfaser.de\\\/blog\\\/wp-content\\\/uploads\\\/2021\\\/08\\\/DGF_Logo_Basis_RGB-Large@2x.png\",\"contentUrl\":\"https:\\\/\\\/www.deutsche-glasfaser.de\\\/blog\\\/wp-content\\\/uploads\\\/2021\\\/08\\\/DGF_Logo_Basis_RGB-Large@2x.png\",\"width\":312,\"height\":104,\"caption\":\"Digitales B\u00fcrgernetz\"},\"image\":{\"@id\":\"https:\\\/\\\/www.deutsche-glasfaser.de\\\/blog\\\/#\\\/schema\\\/logo\\\/image\\\/\"}},{\"@type\":\"Person\",\"@id\":\"https:\\\/\\\/www.deutsche-glasfaser.de\\\/blog\\\/#\\\/schema\\\/person\\\/9380a6dc7443d77143d0c66c409f574b\",\"name\":\"Deutsche Glasfaser\"}]}<\/script>\n<!-- \/ Yoast SEO plugin. -->","yoast_head_json":{"title":"Schwalm-Eder-West ist digitale Modellregion - Digitales B\u00fcrgernetz","description":"F\u00fcnf Kommunen in Nordhessen gehen bei der Digitalisierung von Verwaltungsaktivit\u00e4ten mit gutem Vorbild voran.","robots":{"index":"index","follow":"follow","max-snippet":"max-snippet:-1","max-image-preview":"max-image-preview:large","max-video-preview":"max-video-preview:-1"},"canonical":"https:\/\/www.deutsche-glasfaser.de\/blog\/digitale-modellregion-wie-fuenf-kommunen-in-nordhessen-die-zukunft-anpacken\/","og_locale":"de_DE","og_type":"article","og_title":"Schwalm-Eder-West ist digitale Modellregion - Digitales B\u00fcrgernetz","og_description":"F\u00fcnf Kommunen in Nordhessen gehen bei der Digitalisierung von Verwaltungsaktivit\u00e4ten mit gutem Vorbild voran.","og_url":"https:\/\/www.deutsche-glasfaser.de\/blog\/digitale-modellregion-wie-fuenf-kommunen-in-nordhessen-die-zukunft-anpacken\/","og_site_name":"Digitales B\u00fcrgernetz","article_published_time":"2023-03-27T07:04:20+00:00","article_modified_time":"2023-03-27T10:23:02+00:00","og_image":[{"width":1200,"height":628,"url":"https:\/\/www.deutsche-glasfaser.de\/blog\/wp-content\/uploads\/2023\/03\/Titelbild_Buegermeister_FINAL.jpeg","type":"image\/jpeg"}],"author":"Deutsche Glasfaser","twitter_card":"summary_large_image","twitter_misc":{"Verfasst von":"Deutsche Glasfaser","Gesch\u00e4tzte Lesezeit":"7\u00a0Minuten"},"schema":{"@context":"https:\/\/schema.org","@graph":[{"@type":"Article","@id":"https:\/\/www.deutsche-glasfaser.de\/blog\/digitale-modellregion-wie-fuenf-kommunen-in-nordhessen-die-zukunft-anpacken\/#article","isPartOf":{"@id":"https:\/\/www.deutsche-glasfaser.de\/blog\/digitale-modellregion-wie-fuenf-kommunen-in-nordhessen-die-zukunft-anpacken\/"},"author":{"name":"Deutsche Glasfaser","@id":"https:\/\/www.deutsche-glasfaser.de\/blog\/#\/schema\/person\/9380a6dc7443d77143d0c66c409f574b"},"headline":"Digitale Modellregion: Wie f\u00fcnf Kommunen in Nordhessen die Zukunft anpacken","datePublished":"2023-03-27T07:04:20+00:00","dateModified":"2023-03-27T10:23:02+00:00","mainEntityOfPage":{"@id":"https:\/\/www.deutsche-glasfaser.de\/blog\/digitale-modellregion-wie-fuenf-kommunen-in-nordhessen-die-zukunft-anpacken\/"},"wordCount":1240,"commentCount":0,"publisher":{"@id":"https:\/\/www.deutsche-glasfaser.de\/blog\/#organization"},"image":{"@id":"https:\/\/www.deutsche-glasfaser.de\/blog\/digitale-modellregion-wie-fuenf-kommunen-in-nordhessen-die-zukunft-anpacken\/#primaryimage"},"thumbnailUrl":"https:\/\/www.deutsche-glasfaser.de\/blog\/wp-content\/uploads\/2023\/03\/Titelbild_Buegermeister_FINAL.jpeg","articleSection":["#Gemeinschaft"],"inLanguage":"de","potentialAction":[{"@type":"CommentAction","name":"Comment","target":["https:\/\/www.deutsche-glasfaser.de\/blog\/digitale-modellregion-wie-fuenf-kommunen-in-nordhessen-die-zukunft-anpacken\/#respond"]}]},{"@type":"WebPage","@id":"https:\/\/www.deutsche-glasfaser.de\/blog\/digitale-modellregion-wie-fuenf-kommunen-in-nordhessen-die-zukunft-anpacken\/","url":"https:\/\/www.deutsche-glasfaser.de\/blog\/digitale-modellregion-wie-fuenf-kommunen-in-nordhessen-die-zukunft-anpacken\/","name":"Schwalm-Eder-West ist digitale Modellregion - Digitales B\u00fcrgernetz","isPartOf":{"@id":"https:\/\/www.deutsche-glasfaser.de\/blog\/#website"},"primaryImageOfPage":{"@id":"https:\/\/www.deutsche-glasfaser.de\/blog\/digitale-modellregion-wie-fuenf-kommunen-in-nordhessen-die-zukunft-anpacken\/#primaryimage"},"image":{"@id":"https:\/\/www.deutsche-glasfaser.de\/blog\/digitale-modellregion-wie-fuenf-kommunen-in-nordhessen-die-zukunft-anpacken\/#primaryimage"},"thumbnailUrl":"https:\/\/www.deutsche-glasfaser.de\/blog\/wp-content\/uploads\/2023\/03\/Titelbild_Buegermeister_FINAL.jpeg","datePublished":"2023-03-27T07:04:20+00:00","dateModified":"2023-03-27T10:23:02+00:00","description":"F\u00fcnf Kommunen in Nordhessen gehen bei der Digitalisierung von Verwaltungsaktivit\u00e4ten mit gutem Vorbild voran.","inLanguage":"de","potentialAction":[{"@type":"ReadAction","target":["https:\/\/www.deutsche-glasfaser.de\/blog\/digitale-modellregion-wie-fuenf-kommunen-in-nordhessen-die-zukunft-anpacken\/"]}]},{"@type":"ImageObject","inLanguage":"de","@id":"https:\/\/www.deutsche-glasfaser.de\/blog\/digitale-modellregion-wie-fuenf-kommunen-in-nordhessen-die-zukunft-anpacken\/#primaryimage","url":"https:\/\/www.deutsche-glasfaser.de\/blog\/wp-content\/uploads\/2023\/03\/Titelbild_Buegermeister_FINAL.jpeg","contentUrl":"https:\/\/www.deutsche-glasfaser.de\/blog\/wp-content\/uploads\/2023\/03\/Titelbild_Buegermeister_FINAL.jpeg","width":1200,"height":628,"caption":"Marc\u00e8l Pritsch (links) ist B\u00fcrgermeister von Borken. Dr. Philipp Rottwilm (rechts), B\u00fcrgermeister von Neuental, treibt das gemeinsame Digitalisierungsprojekt voran. Fotos: Stadtverwaltung Borken \/ Stadtverwaltung Neuental"},{"@type":"WebSite","@id":"https:\/\/www.deutsche-glasfaser.de\/blog\/#website","url":"https:\/\/www.deutsche-glasfaser.de\/blog\/","name":"Digitales B\u00fcrgernetz","description":"Deutsche Glasfaser Blog","publisher":{"@id":"https:\/\/www.deutsche-glasfaser.de\/blog\/#organization"},"potentialAction":[{"@type":"SearchAction","target":{"@type":"EntryPoint","urlTemplate":"https:\/\/www.deutsche-glasfaser.de\/blog\/?s={search_term_string}"},"query-input":{"@type":"PropertyValueSpecification","valueRequired":true,"valueName":"search_term_string"}}],"inLanguage":"de"},{"@type":"Organization","@id":"https:\/\/www.deutsche-glasfaser.de\/blog\/#organization","name":"Digitales B\u00fcrgernetz","url":"https:\/\/www.deutsche-glasfaser.de\/blog\/","logo":{"@type":"ImageObject","inLanguage":"de","@id":"https:\/\/www.deutsche-glasfaser.de\/blog\/#\/schema\/logo\/image\/","url":"https:\/\/www.deutsche-glasfaser.de\/blog\/wp-content\/uploads\/2021\/08\/DGF_Logo_Basis_RGB-Large@2x.png","contentUrl":"https:\/\/www.deutsche-glasfaser.de\/blog\/wp-content\/uploads\/2021\/08\/DGF_Logo_Basis_RGB-Large@2x.png","width":312,"height":104,"caption":"Digitales B\u00fcrgernetz"},"image":{"@id":"https:\/\/www.deutsche-glasfaser.de\/blog\/#\/schema\/logo\/image\/"}},{"@type":"Person","@id":"https:\/\/www.deutsche-glasfaser.de\/blog\/#\/schema\/person\/9380a6dc7443d77143d0c66c409f574b","name":"Deutsche Glasfaser"}]}},"_links":{"self":[{"href":"https:\/\/www.deutsche-glasfaser.de\/blog\/wp-json\/wp\/v2\/posts\/11836","targetHints":{"allow":["GET"]}}],"collection":[{"href":"https:\/\/www.deutsche-glasfaser.de\/blog\/wp-json\/wp\/v2\/posts"}],"about":[{"href":"https:\/\/www.deutsche-glasfaser.de\/blog\/wp-json\/wp\/v2\/types\/post"}],"author":[{"embeddable":true,"href":"https:\/\/www.deutsche-glasfaser.de\/blog\/wp-json\/wp\/v2\/users\/5"}],"replies":[{"embeddable":true,"href":"https:\/\/www.deutsche-glasfaser.de\/blog\/wp-json\/wp\/v2\/comments?post=11836"}],"version-history":[{"count":11,"href":"https:\/\/www.deutsche-glasfaser.de\/blog\/wp-json\/wp\/v2\/posts\/11836\/revisions"}],"predecessor-version":[{"id":11852,"href":"https:\/\/www.deutsche-glasfaser.de\/blog\/wp-json\/wp\/v2\/posts\/11836\/revisions\/11852"}],"wp:featuredmedia":[{"embeddable":true,"href":"https:\/\/www.deutsche-glasfaser.de\/blog\/wp-json\/wp\/v2\/media\/11837"}],"wp:attachment":[{"href":"https:\/\/www.deutsche-glasfaser.de\/blog\/wp-json\/wp\/v2\/media?parent=11836"}],"wp:term":[{"taxonomy":"category","embeddable":true,"href":"https:\/\/www.deutsche-glasfaser.de\/blog\/wp-json\/wp\/v2\/categories?post=11836"},{"taxonomy":"post_tag","embeddable":true,"href":"https:\/\/www.deutsche-glasfaser.de\/blog\/wp-json\/wp\/v2\/tags?post=11836"}],"curies":[{"name":"wp","href":"https:\/\/api.w.org\/{rel}","templated":true}]}}