{"id":11792,"date":"2023-03-17T13:05:23","date_gmt":"2023-03-17T12:05:23","guid":{"rendered":"https:\/\/www.deutsche-glasfaser.de\/blog\/?p=11792"},"modified":"2023-03-17T13:05:25","modified_gmt":"2023-03-17T12:05:25","slug":"leben-in-der-zukunft-alltag-in-zehn-jahren","status":"publish","type":"post","link":"https:\/\/www.deutsche-glasfaser.de\/blog\/leben-in-der-zukunft-alltag-in-zehn-jahren\/","title":{"rendered":"Leben in der Zukunft \u2013 Alltag in zehn Jahren"},"content":{"rendered":"\t\t<div data-elementor-type=\"wp-post\" data-elementor-id=\"11792\" class=\"elementor elementor-11792\">\n\t\t\t\t\t\t<section class=\"elementor-section elementor-top-section elementor-element elementor-element-308c228 elementor-section-boxed elementor-section-height-default elementor-section-height-default\" data-id=\"308c228\" data-element_type=\"section\" data-e-type=\"section\">\n\t\t\t\t\t\t<div class=\"elementor-container elementor-column-gap-default\">\n\t\t\t\t\t<div class=\"elementor-column elementor-col-100 elementor-top-column elementor-element elementor-element-3d823bf\" data-id=\"3d823bf\" data-element_type=\"column\" data-e-type=\"column\">\n\t\t\t<div class=\"elementor-widget-wrap elementor-element-populated\">\n\t\t\t\t\t\t<div class=\"elementor-element elementor-element-5f8a721 elementor-widget elementor-widget-text-editor\" data-id=\"5f8a721\" data-element_type=\"widget\" data-e-type=\"widget\" data-widget_type=\"text-editor.default\">\n\t\t\t\t<div class=\"elementor-widget-container\">\n\t\t\t\t\t\t\t\t\t<p><strong>Wie wollen und wie werden wir im Jahr 2032 leben? Auch ohne den Blick in die ber\u00fchmte Glaskugel steht fest: Vieles, das heute seinen Anfang nimmt, wird dann gelebter digitaler Alltag sein.<\/strong><\/p><p>Es ist noch nicht so lange her, da wohnten alle Familienmitglieder in einem Ort oder wenigstens in der N\u00e4he davon. Vielleicht lagen auch ein paar St\u00e4dte oder eine Autofahrt von ein paar Stunden zwischen ihnen. Heute, in einer <strong>globalisierten Welt<\/strong>, leben und arbeiten Eltern in Bremen, Kinder studieren in Texas und Gro\u00dfeltern verbringen ihren Lebensabend auf Gran Canaria. Dennoch sehen und unterhalten sich alle einmal in der Woche. <strong>Die Technologie macht\u2019s m\u00f6glich.<\/strong><\/p><p>Wir k\u00f6nnen erz\u00e4hlen und erleben, zuh\u00f6ren und gemeinsam miteinander lachen, so als ob wir alle in einem Zimmer sitzen w\u00fcrden. <strong>Schnelles Internet <\/strong>im Haus hilft uns \u2013 jedenfalls denjenigen von uns, die einen Glasfaser-Anschluss haben. Wie wird das erst aussehen, wenn ganz Deutschland fl\u00e4chendeckend damit ausgestattet ist?<\/p><p>Die Digitalisierung wird unser Leben ver\u00e4ndern. Es wird flexibler, einfacher und spannender. Denn der <strong>Glasfaser-Ausbau<\/strong> ist die Grundlage f\u00fcr Online-Shopping, virtuelle Bildung, Telemedizin und Mobilit\u00e4t. Er macht Wohnraum attraktiver \u2013 ob nun in urbaner oder l\u00e4ndlicher Umgebung.<\/p><p>Und er ist die Basis f\u00fcr komfortable <strong>weltweite Kommunikation<\/strong>. Im Jahr 2032 bringt schnelles Internet uns noch n\u00e4her zusammen. Kontinente und Landesgrenzen werden in Sekundenbruchteilen \u00fcberbr\u00fcckt. Wir k\u00f6nnen uns so einfach wie noch nie mit Menschen zu vernetzen, austauschen, neue Dinge kennenlernen.<\/p><p>Viele Menschen nutzen heute schon <a href=\"https:\/\/www.deutsche-glasfaser.de\/blog\/ok-google-was-sind-sprachassistenten\/\" target=\"_blank\" rel=\"noopener\"><strong>Smart Speaker und Assistenzsysteme<\/strong><\/a> \u2013 im kommenden Jahrzehnt wird das ganz selbstverst\u00e4ndlich sein. Die Grenzen zwischen Fernseher, Tablet oder Smartphone werden verschwimmen, weil es m\u00f6glich sein wird, blitzschnell Inhalte von einem Ger\u00e4t zum anderen zu \u00fcbertragen. Das alles passiert in Zukunft ohne m\u00fchsames Suchen nach der Fernbedienung, einfach mit der <strong>Sprachsteuerung<\/strong>.<\/p><p>Daf\u00fcr schafft Deutsche Glasfaser mit Fiber To The Home (FTTH) die Grundlage. Was heute noch l\u00e4ngst nicht \u00fcberall m\u00f6glich ist, wird dann eine Selbstverst\u00e4ndlichkeit sein: schnelles Internet und <strong>Datentransport in Lichtgeschwindigkeit<\/strong>.<\/p>\t\t\t\t\t\t\t\t<\/div>\n\t\t\t\t<\/div>\n\t\t\t\t<div class=\"elementor-element elementor-element-8094896 elementor-widget elementor-widget-spacer\" data-id=\"8094896\" data-element_type=\"widget\" data-e-type=\"widget\" data-widget_type=\"spacer.default\">\n\t\t\t\t<div class=\"elementor-widget-container\">\n\t\t\t\t\t\t\t<div class=\"elementor-spacer\">\n\t\t\t<div class=\"elementor-spacer-inner\"><\/div>\n\t\t<\/div>\n\t\t\t\t\t\t<\/div>\n\t\t\t\t<\/div>\n\t\t\t\t<div class=\"elementor-element elementor-element-96f660b elementor-widget elementor-widget-table-of-contents\" data-id=\"96f660b\" data-element_type=\"widget\" data-e-type=\"widget\" data-widget_type=\"table-of-contents.default\">\n\t\t\t\t<div class=\"elementor-widget-container\">\n\t\t\t\t\t \t\t\t\t<\/div>\n\t\t\t\t<\/div>\n\t\t\t\t<div class=\"elementor-element elementor-element-c478917 elementor-widget elementor-widget-spacer\" data-id=\"c478917\" data-element_type=\"widget\" data-e-type=\"widget\" data-widget_type=\"spacer.default\">\n\t\t\t\t<div class=\"elementor-widget-container\">\n\t\t\t\t\t\t\t<div class=\"elementor-spacer\">\n\t\t\t<div class=\"elementor-spacer-inner\"><\/div>\n\t\t<\/div>\n\t\t\t\t\t\t<\/div>\n\t\t\t\t<\/div>\n\t\t\t\t<div class=\"elementor-element elementor-element-969aca4 elementor-widget elementor-widget-menu-anchor\" data-id=\"969aca4\" data-element_type=\"widget\" data-e-type=\"widget\" data-widget_type=\"menu-anchor.default\">\n\t\t\t\t<div class=\"elementor-widget-container\">\n\t\t\t\t\t\t\t<div class=\"elementor-menu-anchor\" id=\"MaschinenundGertewerdeninZukunftintelligent\"><\/div>\n\t\t\t\t\t\t<\/div>\n\t\t\t\t<\/div>\n\t\t\t\t<div class=\"elementor-element elementor-element-11ee9a8 elementor-widget elementor-widget-heading\" data-id=\"11ee9a8\" data-element_type=\"widget\" data-e-type=\"widget\" data-widget_type=\"heading.default\">\n\t\t\t\t<div class=\"elementor-widget-container\">\n\t\t\t\t\t<h2 class=\"elementor-heading-title elementor-size-xl\">Maschinen und Ger\u00e4te werden in Zukunft intelligent <\/h2>\t\t\t\t<\/div>\n\t\t\t\t<\/div>\n\t\t\t\t<div class=\"elementor-element elementor-element-89a525c elementor-widget elementor-widget-spacer\" data-id=\"89a525c\" data-element_type=\"widget\" data-e-type=\"widget\" data-widget_type=\"spacer.default\">\n\t\t\t\t<div class=\"elementor-widget-container\">\n\t\t\t\t\t\t\t<div class=\"elementor-spacer\">\n\t\t\t<div class=\"elementor-spacer-inner\"><\/div>\n\t\t<\/div>\n\t\t\t\t\t\t<\/div>\n\t\t\t\t<\/div>\n\t\t\t\t<div class=\"elementor-element elementor-element-1f9dd89 elementor-widget elementor-widget-text-editor\" data-id=\"1f9dd89\" data-element_type=\"widget\" data-e-type=\"widget\" data-widget_type=\"text-editor.default\">\n\t\t\t\t<div class=\"elementor-widget-container\">\n\t\t\t\t\t\t\t\t\t<p>Wir stehen am Beginn eines neuen Zeitalters. Durch das <strong>\u201eInternet of Things\u201c<\/strong> (IoT) wird der Alltag in zehn Jahren in vielen Dingen einfacher, bequemer und sicherer sein. Denn die \u201eDinge\u201c werden miteinander kommunizieren, Daten messen, sammeln, austauschen und analysieren.<\/p><p>In zehn Jahren wird <a href=\"https:\/\/www.deutsche-glasfaser.de\/blog\/was-ist-smart-home\/\" target=\"_blank\" rel=\"noopener\">die K\u00fcche erkennen<\/a>, was ihr Besitzer backen m\u00f6chte und schon mal den Ofen anheizen. Dass der K\u00fchlschrank direkt mit dem <strong>Lieferdienst des Supermarktes<\/strong> kommuniziert und die Eink\u00e4ufe erledigt oder mit dem Herd die Zubereitung des Mittagessens \u201ebespricht\u201c, klingt heute schon nicht mehr nach weit entfernten Zukunftsvisionen. Kein Wunder, schon bald kann es <strong>Realit\u00e4t<\/strong> sein.<\/p><p>Das bedeutet in Zukunft mehr <a href=\"https:\/\/www.deutsche-glasfaser.de\/blog\/work-life-balance-wie-die-digitalisierung-das-leben-erleichtert-und-stress-reduziert\/\" target=\"_blank\" rel=\"noopener\"><strong>Freizeit <\/strong><strong>f\u00fcr die Familie, Freunde und eigene Interessen<\/strong><\/a>. \u201eIntelligente\u201c Ger\u00e4te im Haus sind dann selbstverst\u00e4ndlich untereinander vernetzt und werden nur noch von uns gesteuert. <strong>Mobile Endger\u00e4te<\/strong> werden uns \u00fcberall begleiten und als Zahlungsmittel, T\u00fcrschl\u00fcssel und Musikdatenbank fungieren.<\/p>\t\t\t\t\t\t\t\t<\/div>\n\t\t\t\t<\/div>\n\t\t\t\t<div class=\"elementor-element elementor-element-21a81bc elementor-widget elementor-widget-spacer\" data-id=\"21a81bc\" data-element_type=\"widget\" data-e-type=\"widget\" data-widget_type=\"spacer.default\">\n\t\t\t\t<div class=\"elementor-widget-container\">\n\t\t\t\t\t\t\t<div class=\"elementor-spacer\">\n\t\t\t<div class=\"elementor-spacer-inner\"><\/div>\n\t\t<\/div>\n\t\t\t\t\t\t<\/div>\n\t\t\t\t<\/div>\n\t\t\t\t<div class=\"elementor-element elementor-element-91b2fe9 elementor-widget elementor-widget-image\" data-id=\"91b2fe9\" data-element_type=\"widget\" data-e-type=\"widget\" data-widget_type=\"image.default\">\n\t\t\t\t<div class=\"elementor-widget-container\">\n\t\t\t\t\t\t\t\t\t\t\t\t\t\t\t<img fetchpriority=\"high\" decoding=\"async\" width=\"768\" height=\"512\" src=\"https:\/\/www.deutsche-glasfaser.de\/blog\/wp-content\/uploads\/2023\/03\/Leben_in-_der_zukunft_beitrag_2-768x512.jpg\" class=\"attachment-medium_large size-medium_large wp-image-11793\" alt=\"\" srcset=\"https:\/\/www.deutsche-glasfaser.de\/blog\/wp-content\/uploads\/2023\/03\/Leben_in-_der_zukunft_beitrag_2-768x512.jpg 768w, https:\/\/www.deutsche-glasfaser.de\/blog\/wp-content\/uploads\/2023\/03\/Leben_in-_der_zukunft_beitrag_2-300x200.jpg 300w, https:\/\/www.deutsche-glasfaser.de\/blog\/wp-content\/uploads\/2023\/03\/Leben_in-_der_zukunft_beitrag_2.jpg 800w\" sizes=\"(max-width: 768px) 100vw, 768px\" \/>\t\t\t\t\t\t\t\t\t\t\t\t\t\t\t<\/div>\n\t\t\t\t<\/div>\n\t\t\t\t<div class=\"elementor-element elementor-element-c571f10 elementor-widget elementor-widget-spacer\" data-id=\"c571f10\" data-element_type=\"widget\" data-e-type=\"widget\" data-widget_type=\"spacer.default\">\n\t\t\t\t<div class=\"elementor-widget-container\">\n\t\t\t\t\t\t\t<div class=\"elementor-spacer\">\n\t\t\t<div class=\"elementor-spacer-inner\"><\/div>\n\t\t<\/div>\n\t\t\t\t\t\t<\/div>\n\t\t\t\t<\/div>\n\t\t\t\t<div class=\"elementor-element elementor-element-bc19be2 elementor-widget elementor-widget-menu-anchor\" data-id=\"bc19be2\" data-element_type=\"widget\" data-e-type=\"widget\" data-widget_type=\"menu-anchor.default\">\n\t\t\t\t<div class=\"elementor-widget-container\">\n\t\t\t\t\t\t\t<div class=\"elementor-menu-anchor\" id=\"SchnellesInternetwirdunserLebenbereichern\"><\/div>\n\t\t\t\t\t\t<\/div>\n\t\t\t\t<\/div>\n\t\t\t\t<div class=\"elementor-element elementor-element-59fbae4 elementor-widget elementor-widget-heading\" data-id=\"59fbae4\" data-element_type=\"widget\" data-e-type=\"widget\" data-widget_type=\"heading.default\">\n\t\t\t\t<div class=\"elementor-widget-container\">\n\t\t\t\t\t<h2 class=\"elementor-heading-title elementor-size-xl\">Schnelles Internet wird unser Leben bereichern<\/h2>\t\t\t\t<\/div>\n\t\t\t\t<\/div>\n\t\t\t\t<div class=\"elementor-element elementor-element-86afed0 elementor-widget elementor-widget-spacer\" data-id=\"86afed0\" data-element_type=\"widget\" data-e-type=\"widget\" data-widget_type=\"spacer.default\">\n\t\t\t\t<div class=\"elementor-widget-container\">\n\t\t\t\t\t\t\t<div class=\"elementor-spacer\">\n\t\t\t<div class=\"elementor-spacer-inner\"><\/div>\n\t\t<\/div>\n\t\t\t\t\t\t<\/div>\n\t\t\t\t<\/div>\n\t\t\t\t<div class=\"elementor-element elementor-element-2bdc8c1 elementor-widget elementor-widget-text-editor\" data-id=\"2bdc8c1\" data-element_type=\"widget\" data-e-type=\"widget\" data-widget_type=\"text-editor.default\">\n\t\t\t\t<div class=\"elementor-widget-container\">\n\t\t\t\t\t\t\t\t\t<p>Die <a href=\"https:\/\/www.deutsche-glasfaser.de\/blog\/das-intelligente-zuhause-mehr-komfort-sicherheit-und-energieeffizienz\/\" target=\"_blank\" rel=\"noopener\">Heizung f\u00e4hrt hoch<\/a>, w\u00e4hrend wir noch einen Parkplatz suchen. Das Licht geht immer \u00fcberall da an, wo wir gerade sind und erkennt, ob wir arbeiten oder essen wollen. Wir <strong>w\u00e4hlen den Service<\/strong> aus, den wir ben\u00f6tigen. Die Technik erledigt den Rest. Das Deckenlicht wird gedimmt, die Leselampe schaltet sich an, das Bett nimmt die Leseposition ein. Alles ist bereit f\u00fcr eine spannende Schm\u00f6kerstunde mit dem Lieblingskrimi. Alles, was wir tun m\u00fcssen, ist einen <strong>Sprachbefehl<\/strong> zu geben. Die Daten arbeiten f\u00fcr uns.<\/p><p>Das ist bequem f\u00fcr alle Menschen. Aber f\u00fcr die, die nicht oder nicht mehr in der Lage sind, alle diese Dinge selbst zu tun, ist es ein gro\u00dfer <strong>Gewinn an Lebensqualit\u00e4t<\/strong> und Selbstbestimmung. Das betrifft vor allem \u00e4ltere oder bewegungseingeschr\u00e4nkte Menschen. Sie werden freier und unabh\u00e4ngiger in ihrem vertrauten Zuhause leben k\u00f6nnen und sind weniger auf externe Hilfe angewiesen.<\/p>\t\t\t\t\t\t\t\t<\/div>\n\t\t\t\t<\/div>\n\t\t\t\t<div class=\"elementor-element elementor-element-f8e913d elementor-widget elementor-widget-spacer\" data-id=\"f8e913d\" data-element_type=\"widget\" data-e-type=\"widget\" data-widget_type=\"spacer.default\">\n\t\t\t\t<div class=\"elementor-widget-container\">\n\t\t\t\t\t\t\t<div class=\"elementor-spacer\">\n\t\t\t<div class=\"elementor-spacer-inner\"><\/div>\n\t\t<\/div>\n\t\t\t\t\t\t<\/div>\n\t\t\t\t<\/div>\n\t\t\t\t<div class=\"elementor-element elementor-element-b201d7e elementor-widget elementor-widget-menu-anchor\" data-id=\"b201d7e\" data-element_type=\"widget\" data-e-type=\"widget\" data-widget_type=\"menu-anchor.default\">\n\t\t\t\t<div class=\"elementor-widget-container\">\n\t\t\t\t\t\t\t<div class=\"elementor-menu-anchor\" id=\"MitSicherheitundTelemedizinlterwerden\"><\/div>\n\t\t\t\t\t\t<\/div>\n\t\t\t\t<\/div>\n\t\t\t\t<div class=\"elementor-element elementor-element-902439d elementor-widget elementor-widget-heading\" data-id=\"902439d\" data-element_type=\"widget\" data-e-type=\"widget\" data-widget_type=\"heading.default\">\n\t\t\t\t<div class=\"elementor-widget-container\">\n\t\t\t\t\t<h2 class=\"elementor-heading-title elementor-size-xl\">Mit Sicherheit und Telemedizin \u00e4lter werden<\/h2>\t\t\t\t<\/div>\n\t\t\t\t<\/div>\n\t\t\t\t<div class=\"elementor-element elementor-element-0e84308 elementor-widget elementor-widget-spacer\" data-id=\"0e84308\" data-element_type=\"widget\" data-e-type=\"widget\" data-widget_type=\"spacer.default\">\n\t\t\t\t<div class=\"elementor-widget-container\">\n\t\t\t\t\t\t\t<div class=\"elementor-spacer\">\n\t\t\t<div class=\"elementor-spacer-inner\"><\/div>\n\t\t<\/div>\n\t\t\t\t\t\t<\/div>\n\t\t\t\t<\/div>\n\t\t\t\t<div class=\"elementor-element elementor-element-542c376 elementor-widget elementor-widget-text-editor\" data-id=\"542c376\" data-element_type=\"widget\" data-e-type=\"widget\" data-widget_type=\"text-editor.default\">\n\t\t\t\t<div class=\"elementor-widget-container\">\n\t\t\t\t\t\t\t\t\t<p>Wir haben eine deutliche <strong>h\u00f6here Lebenserwartung<\/strong> als die Generationen vor uns. Das stellt andere Anspr\u00fcche an medizinische und pflegerische Versorgung, Unterst\u00fctzung und Betreuung. Ein erster Anfang ist gemacht. 2021 ist die <strong>elektronische Patientenakte<\/strong> (ePA) eingef\u00fchrt worden, die alle unsere Behandlungsdaten speichert. In zehn Jahren werden Haus- und Fach\u00e4rzte ganz selbstverst\u00e4ndlich darauf zugreifen und Patienten damit gezielter behandeln k\u00f6nnen.<\/p><p>Viel ausgedrucktes Papier wird \u00fcberfl\u00fcssig, wenn der Krankenbericht vom Facharzt an den Hausarzt elektronisch \u00fcbermittelt wird. Porto- und Fahrtkosten werden eingespart, der Arbeitsalltag wird <strong>umweltschonender und nachhaltiger<\/strong> \u2013 wichtige Aspekte zu <a href=\"https:\/\/www.deutsche-glasfaser.de\/blog\/energiesparen-umweltschutz-smarte-technologie\/\" target=\"_blank\" rel=\"noopener\">Zeiten des Klimawandels.<\/a><\/p><p>Doch nicht nur der Planet atmet auf, auch die Menschen profitieren. Viele <strong>Arzt-Patientengespr\u00e4che<\/strong> finden dann virtuell statt. Das gilt vor allem dann, wenn es f\u00fcr die Menschen wegen gro\u00dfer Entfernung oder k\u00f6rperlicher Immobilit\u00e4t m\u00fchsam ist, ihren Mediziner aufzusuchen.<\/p><p>Um eine Diagnose zu stellen und eine Therapie einzuleiten, k\u00f6nnen Arzt und Patient auf die <strong>Vitaldaten von<\/strong> <strong>medizinischen Messger\u00e4ten<\/strong> zugreifen. Blutdruck, Blutzucker oder K\u00f6rpertemperatur lassen sich live \u00fcbertragen. Vor allem chronisch kranke oder \u00e4ltere Patienten k\u00f6nnen mithilfe neuen Technologien <strong>besser und l\u00e4nger zuhause versorgt<\/strong> werden, statt station\u00e4r behandelt werden zu m\u00fcssen. Ihre Daten werden zur Kontrolle an die behandelnden Mediziner weitergeleitet und wenn n\u00f6tig, k\u00f6nnen diese sofort eingreifen. Last, but not least: Technische Unterst\u00fctzungssysteme wie etwa Sensoren im Fu\u00dfboden melden Betreuern, wenn der Mensch st\u00fcrzt oder <strong>schnelle Hilfe<\/strong> braucht.<\/p>\t\t\t\t\t\t\t\t<\/div>\n\t\t\t\t<\/div>\n\t\t\t\t<div class=\"elementor-element elementor-element-d2dcc88 elementor-widget elementor-widget-spacer\" data-id=\"d2dcc88\" data-element_type=\"widget\" data-e-type=\"widget\" data-widget_type=\"spacer.default\">\n\t\t\t\t<div class=\"elementor-widget-container\">\n\t\t\t\t\t\t\t<div class=\"elementor-spacer\">\n\t\t\t<div class=\"elementor-spacer-inner\"><\/div>\n\t\t<\/div>\n\t\t\t\t\t\t<\/div>\n\t\t\t\t<\/div>\n\t\t\t\t<div class=\"elementor-element elementor-element-2313fd3 elementor-widget elementor-widget-image\" data-id=\"2313fd3\" data-element_type=\"widget\" data-e-type=\"widget\" data-widget_type=\"image.default\">\n\t\t\t\t<div class=\"elementor-widget-container\">\n\t\t\t\t\t\t\t\t\t\t\t\t\t\t\t<img decoding=\"async\" width=\"768\" height=\"512\" src=\"https:\/\/www.deutsche-glasfaser.de\/blog\/wp-content\/uploads\/2023\/03\/Leben_in-_der_zukunft_beitrag_1-768x512.jpg\" class=\"attachment-medium_large size-medium_large wp-image-11794\" alt=\"\" srcset=\"https:\/\/www.deutsche-glasfaser.de\/blog\/wp-content\/uploads\/2023\/03\/Leben_in-_der_zukunft_beitrag_1-768x512.jpg 768w, https:\/\/www.deutsche-glasfaser.de\/blog\/wp-content\/uploads\/2023\/03\/Leben_in-_der_zukunft_beitrag_1-300x200.jpg 300w, https:\/\/www.deutsche-glasfaser.de\/blog\/wp-content\/uploads\/2023\/03\/Leben_in-_der_zukunft_beitrag_1.jpg 800w\" sizes=\"(max-width: 768px) 100vw, 768px\" \/>\t\t\t\t\t\t\t\t\t\t\t\t\t\t\t<\/div>\n\t\t\t\t<\/div>\n\t\t\t\t<div class=\"elementor-element elementor-element-69961d8 elementor-widget elementor-widget-spacer\" data-id=\"69961d8\" data-element_type=\"widget\" data-e-type=\"widget\" data-widget_type=\"spacer.default\">\n\t\t\t\t<div class=\"elementor-widget-container\">\n\t\t\t\t\t\t\t<div class=\"elementor-spacer\">\n\t\t\t<div class=\"elementor-spacer-inner\"><\/div>\n\t\t<\/div>\n\t\t\t\t\t\t<\/div>\n\t\t\t\t<\/div>\n\t\t\t\t<div class=\"elementor-element elementor-element-b8e263c elementor-widget elementor-widget-menu-anchor\" data-id=\"b8e263c\" data-element_type=\"widget\" data-e-type=\"widget\" data-widget_type=\"menu-anchor.default\">\n\t\t\t\t<div class=\"elementor-widget-container\">\n\t\t\t\t\t\t\t<div class=\"elementor-menu-anchor\" id=\"RoboterinPflegeundBehandlung\"><\/div>\n\t\t\t\t\t\t<\/div>\n\t\t\t\t<\/div>\n\t\t\t\t<div class=\"elementor-element elementor-element-6397272 elementor-widget elementor-widget-heading\" data-id=\"6397272\" data-element_type=\"widget\" data-e-type=\"widget\" data-widget_type=\"heading.default\">\n\t\t\t\t<div class=\"elementor-widget-container\">\n\t\t\t\t\t<h2 class=\"elementor-heading-title elementor-size-xl\">Roboter in Pflege und Behandlung<\/h2>\t\t\t\t<\/div>\n\t\t\t\t<\/div>\n\t\t\t\t<div class=\"elementor-element elementor-element-03a801d elementor-widget elementor-widget-spacer\" data-id=\"03a801d\" data-element_type=\"widget\" data-e-type=\"widget\" data-widget_type=\"spacer.default\">\n\t\t\t\t<div class=\"elementor-widget-container\">\n\t\t\t\t\t\t\t<div class=\"elementor-spacer\">\n\t\t\t<div class=\"elementor-spacer-inner\"><\/div>\n\t\t<\/div>\n\t\t\t\t\t\t<\/div>\n\t\t\t\t<\/div>\n\t\t\t\t<div class=\"elementor-element elementor-element-dda25b3 elementor-widget elementor-widget-text-editor\" data-id=\"dda25b3\" data-element_type=\"widget\" data-e-type=\"widget\" data-widget_type=\"text-editor.default\">\n\t\t\t\t<div class=\"elementor-widget-container\">\n\t\t\t\t\t\t\t\t\t<p>Paro hat lange Wimpern und Kulleraugen. Er ist pl\u00fcschig, kuschelig und macht zufriedene Ger\u00e4usche, wenn man ihn streichelt. Paro, die kleine Robbe, ist ein Roboter, der in der <strong>Betreuung von Demenzkranken<\/strong> eingesetzt wird, um l\u00e4ngst versch\u00fcttete Emotionen und Erinnerungen zu wecken. Roboter werden in der Pflege und in der Medizin, aber auch im Haushalt immer wichtiger werden.<\/p><p>Sie entlasten und helfen Menschen im Alltag und bei der Arbeit. Heute schon werden in der Chirurgie bei komplizierten Eingriffen <strong>Roboterassistenten<\/strong> eingesetzt. Und in zehn Jahren k\u00f6nnte der Robodoc, der uns Blut abnimmt, ganz selbstverst\u00e4ndlich sein. Gerade in der Pflege k\u00f6nnen einfachere und immer wiederkehrende Aufgaben gut von derlei Robot-Helfern erledigt werden, damit die Fachkr\u00e4fte sich <strong>intensiver um ihre Patienten<\/strong> k\u00fcmmern und sie betreuen k\u00f6nnen.<\/p>\t\t\t\t\t\t\t\t<\/div>\n\t\t\t\t<\/div>\n\t\t\t\t<div class=\"elementor-element elementor-element-a49b99e elementor-widget elementor-widget-spacer\" data-id=\"a49b99e\" data-element_type=\"widget\" data-e-type=\"widget\" data-widget_type=\"spacer.default\">\n\t\t\t\t<div class=\"elementor-widget-container\">\n\t\t\t\t\t\t\t<div class=\"elementor-spacer\">\n\t\t\t<div class=\"elementor-spacer-inner\"><\/div>\n\t\t<\/div>\n\t\t\t\t\t\t<\/div>\n\t\t\t\t<\/div>\n\t\t\t\t<div class=\"elementor-element elementor-element-2694bec elementor-widget elementor-widget-menu-anchor\" data-id=\"2694bec\" data-element_type=\"widget\" data-e-type=\"widget\" data-widget_type=\"menu-anchor.default\">\n\t\t\t\t<div class=\"elementor-widget-container\">\n\t\t\t\t\t\t\t<div class=\"elementor-menu-anchor\" id=\"MobilvomerstenbiszumletztenKilometer\"><\/div>\n\t\t\t\t\t\t<\/div>\n\t\t\t\t<\/div>\n\t\t\t\t<div class=\"elementor-element elementor-element-7c669e0 elementor-widget elementor-widget-heading\" data-id=\"7c669e0\" data-element_type=\"widget\" data-e-type=\"widget\" data-widget_type=\"heading.default\">\n\t\t\t\t<div class=\"elementor-widget-container\">\n\t\t\t\t\t<h2 class=\"elementor-heading-title elementor-size-xl\">Mobil vom ersten bis zum letzten Kilometer<\/h2>\t\t\t\t<\/div>\n\t\t\t\t<\/div>\n\t\t\t\t<div class=\"elementor-element elementor-element-be35143 elementor-widget elementor-widget-spacer\" data-id=\"be35143\" data-element_type=\"widget\" data-e-type=\"widget\" data-widget_type=\"spacer.default\">\n\t\t\t\t<div class=\"elementor-widget-container\">\n\t\t\t\t\t\t\t<div class=\"elementor-spacer\">\n\t\t\t<div class=\"elementor-spacer-inner\"><\/div>\n\t\t<\/div>\n\t\t\t\t\t\t<\/div>\n\t\t\t\t<\/div>\n\t\t\t\t<div class=\"elementor-element elementor-element-d3c2673 elementor-widget elementor-widget-text-editor\" data-id=\"d3c2673\" data-element_type=\"widget\" data-e-type=\"widget\" data-widget_type=\"text-editor.default\">\n\t\t\t\t<div class=\"elementor-widget-container\">\n\t\t\t\t\t\t\t\t\t<p>\u201eBeam me up, Scotty\u201c. Auch wenn sich die Forscher noch so sehr ins Zeug legen: Auch im Jahr 2032 werden wir uns voraussichtlich noch nicht beamen k\u00f6nnen.<\/p><p>Aber eines ist klar: Unsere <a href=\"https:\/\/www.deutsche-glasfaser.de\/blog\/verkehrswende-innovative-konzepte-machen-mobil\/\" target=\"_blank\" rel=\"noopener\">Art der Fortbewegung<\/a> wird sich ver\u00e4ndern sein. Der Trend geht zu einer klugen <strong>Vernetzung von verschiedenen Verkehrsmitteln<\/strong>. Schon jetzt sind Carsharing, das Autoteilen, oder Ridesharing, das Mitfahren, zum Trend geworden. Der wird sich in den n\u00e4chsten Jahren noch verst\u00e4rken, denn wir alle wollen und m\u00fcssen mobil sein \u2013 ob mit 18 oder 90 Jahren.<\/p><p>Dazu werden sich <strong>Individualverkehr und \u00f6ffentlicher Personennahverkehr<\/strong> immer mehr vernetzen. Was derzeit vor allem innerst\u00e4dtisch funktioniert, wird sich zunehmend ausdehnen und auch l\u00e4ndliche Bereiche einschlie\u00dfen. Gerade angesichts einer fortschreitenden Urbanisierung und dem Mangel an g\u00fcnstigem Wohnraum in gro\u00dfen St\u00e4dten, ist das f\u00fcr viele Menschen potenziell eine willkommene Gelegenheit f\u00fcr einen <strong>Standortwechsel<\/strong>.<\/p><p>Modelle zeigen heute schon, wie es geht. Dank einer <strong>App oder Webplattform<\/strong> m\u00fcssen wir nur klicken, uns informieren und buchen \u2013 zu einem Preis. Wir bekommen Auskunft \u00fcber Bahn, B\u00fcrgerbus und Mitfahrgelegenheit und eine Routenplanung, die das kombiniert und optimiert. Schneller, einfacher und attraktiver kann es nicht werden, den eigenen fahrbaren Untersatz stehenzulassen.<\/p><p>Angetrieben wird diese Entwicklung zweifellos durch den Klimawandel und einer neuen <strong>Begeisterung f\u00fcr erneuerbare Energien<\/strong>, doch auch die Sicherheit spielt eine nicht zu verkennende Rolle. Selbstfahrende Autos oder andere Fahrzeuge werden vorausschauender fahren und weniger Unf\u00e4lle verursachen. Im kommenden Jahrzehnt, da sind sich Forscher und Experten einig, wird unsere Fortbewegung von vielen <strong>autonomen Fahrzeugen<\/strong> gepr\u00e4gt sein.<\/p><p>Die riesigen Datenmengen, die dabei verarbeitet werden m\u00fcssen, sind ohne <strong>leistungsf\u00e4hige digitale Infrastruktur<\/strong> undenkbar. Und die kann nicht funktionieren, wenn es im Hintergrund nicht eine leistungsstarke Technologie gibt, welche die Daten in Lichtgeschwindigkeit transportiert.<\/p>\t\t\t\t\t\t\t\t<\/div>\n\t\t\t\t<\/div>\n\t\t\t\t<div class=\"elementor-element elementor-element-edafa62 elementor-widget elementor-widget-spacer\" data-id=\"edafa62\" data-element_type=\"widget\" data-e-type=\"widget\" data-widget_type=\"spacer.default\">\n\t\t\t\t<div class=\"elementor-widget-container\">\n\t\t\t\t\t\t\t<div class=\"elementor-spacer\">\n\t\t\t<div class=\"elementor-spacer-inner\"><\/div>\n\t\t<\/div>\n\t\t\t\t\t\t<\/div>\n\t\t\t\t<\/div>\n\t\t\t\t<div class=\"elementor-element elementor-element-2de4a13 elementor-widget elementor-widget-menu-anchor\" data-id=\"2de4a13\" data-element_type=\"widget\" data-e-type=\"widget\" data-widget_type=\"menu-anchor.default\">\n\t\t\t\t<div class=\"elementor-widget-container\">\n\t\t\t\t\t\t\t<div class=\"elementor-menu-anchor\" id=\"GemeinsaminRichtungZukunft\"><\/div>\n\t\t\t\t\t\t<\/div>\n\t\t\t\t<\/div>\n\t\t\t\t<div class=\"elementor-element elementor-element-eff90c4 elementor-widget elementor-widget-heading\" data-id=\"eff90c4\" data-element_type=\"widget\" data-e-type=\"widget\" data-widget_type=\"heading.default\">\n\t\t\t\t<div class=\"elementor-widget-container\">\n\t\t\t\t\t<h2 class=\"elementor-heading-title elementor-size-xl\">Gemeinsam in Richtung Zukunft<\/h2>\t\t\t\t<\/div>\n\t\t\t\t<\/div>\n\t\t\t\t<div class=\"elementor-element elementor-element-104729e elementor-widget elementor-widget-spacer\" data-id=\"104729e\" data-element_type=\"widget\" data-e-type=\"widget\" data-widget_type=\"spacer.default\">\n\t\t\t\t<div class=\"elementor-widget-container\">\n\t\t\t\t\t\t\t<div class=\"elementor-spacer\">\n\t\t\t<div class=\"elementor-spacer-inner\"><\/div>\n\t\t<\/div>\n\t\t\t\t\t\t<\/div>\n\t\t\t\t<\/div>\n\t\t\t\t<div class=\"elementor-element elementor-element-ccbf0d0 elementor-widget elementor-widget-text-editor\" data-id=\"ccbf0d0\" data-element_type=\"widget\" data-e-type=\"widget\" data-widget_type=\"text-editor.default\">\n\t\t\t\t<div class=\"elementor-widget-container\">\n\t\t\t\t\t\t\t\t\t<p>Die Digitalisierung steht erst am Beginn. Viele Entwicklungen, die unsere Zukunft pr\u00e4gen werden, nehmen gerade ihren Anfang. In wenigen Jahren werden sie zur Normalit\u00e4t geh\u00f6ren. Eine Normalit\u00e4t, die sich auszeichnet durch <strong>Flexibilit\u00e4t und mehr Lebensqualit\u00e4t<\/strong> f\u00fcr Menschen allen Altersstufen, braucht schnellen Zugriff auf Daten. Ob Bauernhof oder Hochhaus: Zusammen mit engagierten Anwohnern und Vertretern aufgeschlossener Gemeinden, gelingt der Breitbandausbau und schafft \u00fcberall in Deutschland Chancen, die Zukunft noch lebenswerter zu gestalten.<\/p>\t\t\t\t\t\t\t\t<\/div>\n\t\t\t\t<\/div>\n\t\t\t\t\t<\/div>\n\t\t<\/div>\n\t\t\t\t\t<\/div>\n\t\t<\/section>\n\t\t\t\t<\/div>\n\t\t","protected":false},"excerpt":{"rendered":"<p>Wie wollen und wie werden wir im Jahr 2032 leben? Auch ohne den Blick in die ber\u00fchmte Glaskugel steht fest: Vieles, das heute seinen Anfang nimmt, wird dann gelebter digitaler Alltag sein.<\/p>\n","protected":false},"author":5,"featured_media":11795,"comment_status":"open","ping_status":"open","sticky":false,"template":"","format":"standard","meta":{"footnotes":""},"categories":[1],"tags":[],"class_list":["post-11792","post","type-post","status-publish","format-standard","has-post-thumbnail","hentry","category-service"],"yoast_head":"<!-- This site is optimized with the Yoast SEO plugin v27.5 - https:\/\/yoast.com\/product\/yoast-seo-wordpress\/ -->\n<title>Leben in der Zukunft \u2013 was \u00e4ndert sich? | Deutsche Glasfaser<\/title>\n<meta name=\"description\" content=\"Wie wird das Leben in der Zukunft sein? Neue Technologien vom \u2713Internet of Things \u00fcber \u2713Telemedizin bis zu \u2713Augmented Reality ver\u00e4ndern die Welt. Mehr erfahren!\" \/>\n<meta name=\"robots\" content=\"index, follow, max-snippet:-1, max-image-preview:large, max-video-preview:-1\" \/>\n<link rel=\"canonical\" href=\"https:\/\/www.deutsche-glasfaser.de\/blog\/leben-in-der-zukunft-alltag-in-zehn-jahren\/\" \/>\n<meta property=\"og:locale\" content=\"de_DE\" \/>\n<meta property=\"og:type\" content=\"article\" \/>\n<meta property=\"og:title\" content=\"Leben in der Zukunft \u2013 was \u00e4ndert sich? | Deutsche Glasfaser\" \/>\n<meta property=\"og:description\" content=\"Wie wird das Leben in der Zukunft sein? Neue Technologien vom \u2713Internet of Things \u00fcber \u2713Telemedizin bis zu \u2713Augmented Reality ver\u00e4ndern die Welt. Mehr erfahren!\" \/>\n<meta property=\"og:url\" content=\"https:\/\/www.deutsche-glasfaser.de\/blog\/leben-in-der-zukunft-alltag-in-zehn-jahren\/\" \/>\n<meta property=\"og:site_name\" content=\"Digitales B\u00fcrgernetz\" \/>\n<meta property=\"article:published_time\" content=\"2023-03-17T12:05:23+00:00\" \/>\n<meta property=\"article:modified_time\" content=\"2023-03-17T12:05:25+00:00\" \/>\n<meta property=\"og:image\" content=\"https:\/\/www.deutsche-glasfaser.de\/blog\/wp-content\/uploads\/2023\/03\/Leben_in_der_zukunft_header.jpg\" \/>\n\t<meta property=\"og:image:width\" content=\"1500\" \/>\n\t<meta property=\"og:image:height\" content=\"705\" \/>\n\t<meta property=\"og:image:type\" content=\"image\/jpeg\" \/>\n<meta name=\"author\" content=\"Deutsche Glasfaser\" \/>\n<meta name=\"twitter:card\" content=\"summary_large_image\" \/>\n<meta name=\"twitter:label1\" content=\"Verfasst von\" \/>\n\t<meta name=\"twitter:data1\" content=\"Deutsche Glasfaser\" \/>\n\t<meta name=\"twitter:label2\" content=\"Gesch\u00e4tzte Lesezeit\" \/>\n\t<meta name=\"twitter:data2\" content=\"8\u00a0Minuten\" \/>\n<script type=\"application\/ld+json\" class=\"yoast-schema-graph\">{\"@context\":\"https:\\\/\\\/schema.org\",\"@graph\":[{\"@type\":\"Article\",\"@id\":\"https:\\\/\\\/www.deutsche-glasfaser.de\\\/blog\\\/leben-in-der-zukunft-alltag-in-zehn-jahren\\\/#article\",\"isPartOf\":{\"@id\":\"https:\\\/\\\/www.deutsche-glasfaser.de\\\/blog\\\/leben-in-der-zukunft-alltag-in-zehn-jahren\\\/\"},\"author\":{\"name\":\"Deutsche Glasfaser\",\"@id\":\"https:\\\/\\\/www.deutsche-glasfaser.de\\\/blog\\\/#\\\/schema\\\/person\\\/9380a6dc7443d77143d0c66c409f574b\"},\"headline\":\"Leben in der Zukunft \u2013 Alltag in zehn Jahren\",\"datePublished\":\"2023-03-17T12:05:23+00:00\",\"dateModified\":\"2023-03-17T12:05:25+00:00\",\"mainEntityOfPage\":{\"@id\":\"https:\\\/\\\/www.deutsche-glasfaser.de\\\/blog\\\/leben-in-der-zukunft-alltag-in-zehn-jahren\\\/\"},\"wordCount\":1438,\"commentCount\":0,\"publisher\":{\"@id\":\"https:\\\/\\\/www.deutsche-glasfaser.de\\\/blog\\\/#organization\"},\"image\":{\"@id\":\"https:\\\/\\\/www.deutsche-glasfaser.de\\\/blog\\\/leben-in-der-zukunft-alltag-in-zehn-jahren\\\/#primaryimage\"},\"thumbnailUrl\":\"https:\\\/\\\/www.deutsche-glasfaser.de\\\/blog\\\/wp-content\\\/uploads\\\/2023\\\/03\\\/Leben_in_der_zukunft_header.jpg\",\"articleSection\":[\"Service\"],\"inLanguage\":\"de\",\"potentialAction\":[{\"@type\":\"CommentAction\",\"name\":\"Comment\",\"target\":[\"https:\\\/\\\/www.deutsche-glasfaser.de\\\/blog\\\/leben-in-der-zukunft-alltag-in-zehn-jahren\\\/#respond\"]}]},{\"@type\":\"WebPage\",\"@id\":\"https:\\\/\\\/www.deutsche-glasfaser.de\\\/blog\\\/leben-in-der-zukunft-alltag-in-zehn-jahren\\\/\",\"url\":\"https:\\\/\\\/www.deutsche-glasfaser.de\\\/blog\\\/leben-in-der-zukunft-alltag-in-zehn-jahren\\\/\",\"name\":\"Leben in der Zukunft \u2013 was \u00e4ndert sich? | Deutsche Glasfaser\",\"isPartOf\":{\"@id\":\"https:\\\/\\\/www.deutsche-glasfaser.de\\\/blog\\\/#website\"},\"primaryImageOfPage\":{\"@id\":\"https:\\\/\\\/www.deutsche-glasfaser.de\\\/blog\\\/leben-in-der-zukunft-alltag-in-zehn-jahren\\\/#primaryimage\"},\"image\":{\"@id\":\"https:\\\/\\\/www.deutsche-glasfaser.de\\\/blog\\\/leben-in-der-zukunft-alltag-in-zehn-jahren\\\/#primaryimage\"},\"thumbnailUrl\":\"https:\\\/\\\/www.deutsche-glasfaser.de\\\/blog\\\/wp-content\\\/uploads\\\/2023\\\/03\\\/Leben_in_der_zukunft_header.jpg\",\"datePublished\":\"2023-03-17T12:05:23+00:00\",\"dateModified\":\"2023-03-17T12:05:25+00:00\",\"description\":\"Wie wird das Leben in der Zukunft sein? Neue Technologien vom \u2713Internet of Things \u00fcber \u2713Telemedizin bis zu \u2713Augmented Reality ver\u00e4ndern die Welt. Mehr erfahren!\",\"inLanguage\":\"de\",\"potentialAction\":[{\"@type\":\"ReadAction\",\"target\":[\"https:\\\/\\\/www.deutsche-glasfaser.de\\\/blog\\\/leben-in-der-zukunft-alltag-in-zehn-jahren\\\/\"]}]},{\"@type\":\"ImageObject\",\"inLanguage\":\"de\",\"@id\":\"https:\\\/\\\/www.deutsche-glasfaser.de\\\/blog\\\/leben-in-der-zukunft-alltag-in-zehn-jahren\\\/#primaryimage\",\"url\":\"https:\\\/\\\/www.deutsche-glasfaser.de\\\/blog\\\/wp-content\\\/uploads\\\/2023\\\/03\\\/Leben_in_der_zukunft_header.jpg\",\"contentUrl\":\"https:\\\/\\\/www.deutsche-glasfaser.de\\\/blog\\\/wp-content\\\/uploads\\\/2023\\\/03\\\/Leben_in_der_zukunft_header.jpg\",\"width\":1500,\"height\":705},{\"@type\":\"WebSite\",\"@id\":\"https:\\\/\\\/www.deutsche-glasfaser.de\\\/blog\\\/#website\",\"url\":\"https:\\\/\\\/www.deutsche-glasfaser.de\\\/blog\\\/\",\"name\":\"Digitales B\u00fcrgernetz\",\"description\":\"Deutsche Glasfaser Blog\",\"publisher\":{\"@id\":\"https:\\\/\\\/www.deutsche-glasfaser.de\\\/blog\\\/#organization\"},\"potentialAction\":[{\"@type\":\"SearchAction\",\"target\":{\"@type\":\"EntryPoint\",\"urlTemplate\":\"https:\\\/\\\/www.deutsche-glasfaser.de\\\/blog\\\/?s={search_term_string}\"},\"query-input\":{\"@type\":\"PropertyValueSpecification\",\"valueRequired\":true,\"valueName\":\"search_term_string\"}}],\"inLanguage\":\"de\"},{\"@type\":\"Organization\",\"@id\":\"https:\\\/\\\/www.deutsche-glasfaser.de\\\/blog\\\/#organization\",\"name\":\"Digitales B\u00fcrgernetz\",\"url\":\"https:\\\/\\\/www.deutsche-glasfaser.de\\\/blog\\\/\",\"logo\":{\"@type\":\"ImageObject\",\"inLanguage\":\"de\",\"@id\":\"https:\\\/\\\/www.deutsche-glasfaser.de\\\/blog\\\/#\\\/schema\\\/logo\\\/image\\\/\",\"url\":\"https:\\\/\\\/www.deutsche-glasfaser.de\\\/blog\\\/wp-content\\\/uploads\\\/2021\\\/08\\\/DGF_Logo_Basis_RGB-Large@2x.png\",\"contentUrl\":\"https:\\\/\\\/www.deutsche-glasfaser.de\\\/blog\\\/wp-content\\\/uploads\\\/2021\\\/08\\\/DGF_Logo_Basis_RGB-Large@2x.png\",\"width\":312,\"height\":104,\"caption\":\"Digitales B\u00fcrgernetz\"},\"image\":{\"@id\":\"https:\\\/\\\/www.deutsche-glasfaser.de\\\/blog\\\/#\\\/schema\\\/logo\\\/image\\\/\"}},{\"@type\":\"Person\",\"@id\":\"https:\\\/\\\/www.deutsche-glasfaser.de\\\/blog\\\/#\\\/schema\\\/person\\\/9380a6dc7443d77143d0c66c409f574b\",\"name\":\"Deutsche Glasfaser\"}]}<\/script>\n<!-- \/ Yoast SEO plugin. -->","yoast_head_json":{"title":"Leben in der Zukunft \u2013 was \u00e4ndert sich? | Deutsche Glasfaser","description":"Wie wird das Leben in der Zukunft sein? Neue Technologien vom \u2713Internet of Things \u00fcber \u2713Telemedizin bis zu \u2713Augmented Reality ver\u00e4ndern die Welt. Mehr erfahren!","robots":{"index":"index","follow":"follow","max-snippet":"max-snippet:-1","max-image-preview":"max-image-preview:large","max-video-preview":"max-video-preview:-1"},"canonical":"https:\/\/www.deutsche-glasfaser.de\/blog\/leben-in-der-zukunft-alltag-in-zehn-jahren\/","og_locale":"de_DE","og_type":"article","og_title":"Leben in der Zukunft \u2013 was \u00e4ndert sich? | Deutsche Glasfaser","og_description":"Wie wird das Leben in der Zukunft sein? Neue Technologien vom \u2713Internet of Things \u00fcber \u2713Telemedizin bis zu \u2713Augmented Reality ver\u00e4ndern die Welt. Mehr erfahren!","og_url":"https:\/\/www.deutsche-glasfaser.de\/blog\/leben-in-der-zukunft-alltag-in-zehn-jahren\/","og_site_name":"Digitales B\u00fcrgernetz","article_published_time":"2023-03-17T12:05:23+00:00","article_modified_time":"2023-03-17T12:05:25+00:00","og_image":[{"width":1500,"height":705,"url":"https:\/\/www.deutsche-glasfaser.de\/blog\/wp-content\/uploads\/2023\/03\/Leben_in_der_zukunft_header.jpg","type":"image\/jpeg"}],"author":"Deutsche Glasfaser","twitter_card":"summary_large_image","twitter_misc":{"Verfasst von":"Deutsche Glasfaser","Gesch\u00e4tzte Lesezeit":"8\u00a0Minuten"},"schema":{"@context":"https:\/\/schema.org","@graph":[{"@type":"Article","@id":"https:\/\/www.deutsche-glasfaser.de\/blog\/leben-in-der-zukunft-alltag-in-zehn-jahren\/#article","isPartOf":{"@id":"https:\/\/www.deutsche-glasfaser.de\/blog\/leben-in-der-zukunft-alltag-in-zehn-jahren\/"},"author":{"name":"Deutsche Glasfaser","@id":"https:\/\/www.deutsche-glasfaser.de\/blog\/#\/schema\/person\/9380a6dc7443d77143d0c66c409f574b"},"headline":"Leben in der Zukunft \u2013 Alltag in zehn Jahren","datePublished":"2023-03-17T12:05:23+00:00","dateModified":"2023-03-17T12:05:25+00:00","mainEntityOfPage":{"@id":"https:\/\/www.deutsche-glasfaser.de\/blog\/leben-in-der-zukunft-alltag-in-zehn-jahren\/"},"wordCount":1438,"commentCount":0,"publisher":{"@id":"https:\/\/www.deutsche-glasfaser.de\/blog\/#organization"},"image":{"@id":"https:\/\/www.deutsche-glasfaser.de\/blog\/leben-in-der-zukunft-alltag-in-zehn-jahren\/#primaryimage"},"thumbnailUrl":"https:\/\/www.deutsche-glasfaser.de\/blog\/wp-content\/uploads\/2023\/03\/Leben_in_der_zukunft_header.jpg","articleSection":["Service"],"inLanguage":"de","potentialAction":[{"@type":"CommentAction","name":"Comment","target":["https:\/\/www.deutsche-glasfaser.de\/blog\/leben-in-der-zukunft-alltag-in-zehn-jahren\/#respond"]}]},{"@type":"WebPage","@id":"https:\/\/www.deutsche-glasfaser.de\/blog\/leben-in-der-zukunft-alltag-in-zehn-jahren\/","url":"https:\/\/www.deutsche-glasfaser.de\/blog\/leben-in-der-zukunft-alltag-in-zehn-jahren\/","name":"Leben in der Zukunft \u2013 was \u00e4ndert sich? | Deutsche Glasfaser","isPartOf":{"@id":"https:\/\/www.deutsche-glasfaser.de\/blog\/#website"},"primaryImageOfPage":{"@id":"https:\/\/www.deutsche-glasfaser.de\/blog\/leben-in-der-zukunft-alltag-in-zehn-jahren\/#primaryimage"},"image":{"@id":"https:\/\/www.deutsche-glasfaser.de\/blog\/leben-in-der-zukunft-alltag-in-zehn-jahren\/#primaryimage"},"thumbnailUrl":"https:\/\/www.deutsche-glasfaser.de\/blog\/wp-content\/uploads\/2023\/03\/Leben_in_der_zukunft_header.jpg","datePublished":"2023-03-17T12:05:23+00:00","dateModified":"2023-03-17T12:05:25+00:00","description":"Wie wird das Leben in der Zukunft sein? Neue Technologien vom \u2713Internet of Things \u00fcber \u2713Telemedizin bis zu \u2713Augmented Reality ver\u00e4ndern die Welt. Mehr erfahren!","inLanguage":"de","potentialAction":[{"@type":"ReadAction","target":["https:\/\/www.deutsche-glasfaser.de\/blog\/leben-in-der-zukunft-alltag-in-zehn-jahren\/"]}]},{"@type":"ImageObject","inLanguage":"de","@id":"https:\/\/www.deutsche-glasfaser.de\/blog\/leben-in-der-zukunft-alltag-in-zehn-jahren\/#primaryimage","url":"https:\/\/www.deutsche-glasfaser.de\/blog\/wp-content\/uploads\/2023\/03\/Leben_in_der_zukunft_header.jpg","contentUrl":"https:\/\/www.deutsche-glasfaser.de\/blog\/wp-content\/uploads\/2023\/03\/Leben_in_der_zukunft_header.jpg","width":1500,"height":705},{"@type":"WebSite","@id":"https:\/\/www.deutsche-glasfaser.de\/blog\/#website","url":"https:\/\/www.deutsche-glasfaser.de\/blog\/","name":"Digitales B\u00fcrgernetz","description":"Deutsche Glasfaser Blog","publisher":{"@id":"https:\/\/www.deutsche-glasfaser.de\/blog\/#organization"},"potentialAction":[{"@type":"SearchAction","target":{"@type":"EntryPoint","urlTemplate":"https:\/\/www.deutsche-glasfaser.de\/blog\/?s={search_term_string}"},"query-input":{"@type":"PropertyValueSpecification","valueRequired":true,"valueName":"search_term_string"}}],"inLanguage":"de"},{"@type":"Organization","@id":"https:\/\/www.deutsche-glasfaser.de\/blog\/#organization","name":"Digitales B\u00fcrgernetz","url":"https:\/\/www.deutsche-glasfaser.de\/blog\/","logo":{"@type":"ImageObject","inLanguage":"de","@id":"https:\/\/www.deutsche-glasfaser.de\/blog\/#\/schema\/logo\/image\/","url":"https:\/\/www.deutsche-glasfaser.de\/blog\/wp-content\/uploads\/2021\/08\/DGF_Logo_Basis_RGB-Large@2x.png","contentUrl":"https:\/\/www.deutsche-glasfaser.de\/blog\/wp-content\/uploads\/2021\/08\/DGF_Logo_Basis_RGB-Large@2x.png","width":312,"height":104,"caption":"Digitales B\u00fcrgernetz"},"image":{"@id":"https:\/\/www.deutsche-glasfaser.de\/blog\/#\/schema\/logo\/image\/"}},{"@type":"Person","@id":"https:\/\/www.deutsche-glasfaser.de\/blog\/#\/schema\/person\/9380a6dc7443d77143d0c66c409f574b","name":"Deutsche Glasfaser"}]}},"_links":{"self":[{"href":"https:\/\/www.deutsche-glasfaser.de\/blog\/wp-json\/wp\/v2\/posts\/11792","targetHints":{"allow":["GET"]}}],"collection":[{"href":"https:\/\/www.deutsche-glasfaser.de\/blog\/wp-json\/wp\/v2\/posts"}],"about":[{"href":"https:\/\/www.deutsche-glasfaser.de\/blog\/wp-json\/wp\/v2\/types\/post"}],"author":[{"embeddable":true,"href":"https:\/\/www.deutsche-glasfaser.de\/blog\/wp-json\/wp\/v2\/users\/5"}],"replies":[{"embeddable":true,"href":"https:\/\/www.deutsche-glasfaser.de\/blog\/wp-json\/wp\/v2\/comments?post=11792"}],"version-history":[{"count":8,"href":"https:\/\/www.deutsche-glasfaser.de\/blog\/wp-json\/wp\/v2\/posts\/11792\/revisions"}],"predecessor-version":[{"id":11803,"href":"https:\/\/www.deutsche-glasfaser.de\/blog\/wp-json\/wp\/v2\/posts\/11792\/revisions\/11803"}],"wp:featuredmedia":[{"embeddable":true,"href":"https:\/\/www.deutsche-glasfaser.de\/blog\/wp-json\/wp\/v2\/media\/11795"}],"wp:attachment":[{"href":"https:\/\/www.deutsche-glasfaser.de\/blog\/wp-json\/wp\/v2\/media?parent=11792"}],"wp:term":[{"taxonomy":"category","embeddable":true,"href":"https:\/\/www.deutsche-glasfaser.de\/blog\/wp-json\/wp\/v2\/categories?post=11792"},{"taxonomy":"post_tag","embeddable":true,"href":"https:\/\/www.deutsche-glasfaser.de\/blog\/wp-json\/wp\/v2\/tags?post=11792"}],"curies":[{"name":"wp","href":"https:\/\/api.w.org\/{rel}","templated":true}]}}