{"id":11683,"date":"2023-03-03T09:24:51","date_gmt":"2023-03-03T08:24:51","guid":{"rendered":"https:\/\/www.deutsche-glasfaser.de\/blog\/?p=11683"},"modified":"2023-03-03T09:24:52","modified_gmt":"2023-03-03T08:24:52","slug":"ki-trifft-schlagloch-wie-ein-start-up-die-arbeit-der-strassenbauaemter-revolutioniert","status":"publish","type":"post","link":"https:\/\/www.deutsche-glasfaser.de\/blog\/ki-trifft-schlagloch-wie-ein-start-up-die-arbeit-der-strassenbauaemter-revolutioniert\/","title":{"rendered":"KI trifft Schlagloch \u2013 wie ein Start-up die Arbeit der Stra\u00dfenbau\u00e4mter revolutioniert"},"content":{"rendered":"\t\t<div data-elementor-type=\"wp-post\" data-elementor-id=\"11683\" class=\"elementor elementor-11683\">\n\t\t\t\t\t\t<section class=\"elementor-section elementor-top-section elementor-element elementor-element-3a38796 elementor-section-boxed elementor-section-height-default elementor-section-height-default\" data-id=\"3a38796\" data-element_type=\"section\" data-e-type=\"section\">\n\t\t\t\t\t\t<div class=\"elementor-container elementor-column-gap-default\">\n\t\t\t\t\t<div class=\"elementor-column elementor-col-100 elementor-top-column elementor-element elementor-element-1f0326a\" data-id=\"1f0326a\" data-element_type=\"column\" data-e-type=\"column\">\n\t\t\t<div class=\"elementor-widget-wrap elementor-element-populated\">\n\t\t\t\t\t\t<div class=\"elementor-element elementor-element-8d1c2ff elementor-widget elementor-widget-text-editor\" data-id=\"8d1c2ff\" data-element_type=\"widget\" data-e-type=\"widget\" data-widget_type=\"text-editor.default\">\n\t\t\t\t<div class=\"elementor-widget-container\">\n\t\t\t\t\t\t\t\t\t<p>Vialytics macht beim Radfahren alle vier Meter ein Bild und erfasst so den gesamten Radweg. \u00a9 Vialytics<\/p>\t\t\t\t\t\t\t\t<\/div>\n\t\t\t\t<\/div>\n\t\t\t\t\t<\/div>\n\t\t<\/div>\n\t\t\t\t\t<\/div>\n\t\t<\/section>\n\t\t\t\t<section class=\"elementor-section elementor-top-section elementor-element elementor-element-e357b5e elementor-section-boxed elementor-section-height-default elementor-section-height-default\" data-id=\"e357b5e\" data-element_type=\"section\" data-e-type=\"section\">\n\t\t\t\t\t\t<div class=\"elementor-container elementor-column-gap-default\">\n\t\t\t\t\t<div class=\"elementor-column elementor-col-100 elementor-top-column elementor-element elementor-element-4b15caf\" data-id=\"4b15caf\" data-element_type=\"column\" data-e-type=\"column\">\n\t\t\t<div class=\"elementor-widget-wrap elementor-element-populated\">\n\t\t\t\t\t\t<div class=\"elementor-element elementor-element-6ce37c6 elementor-widget elementor-widget-text-editor\" data-id=\"6ce37c6\" data-element_type=\"widget\" data-e-type=\"widget\" data-widget_type=\"text-editor.default\">\n\t\t\t\t<div class=\"elementor-widget-container\">\n\t\t\t\t\t\t\t\t\t<p><strong>Im baden-w\u00fcrttembergischen Nagold radeln Mitarbeiter der Stadt das komplette Radwegenetz ab. Mit dabei: ein Handy am Lenker, auf dem die Anwendung Vialytics l\u00e4uft. Sie kann aber noch viel mehr als Radwege visuell zu erfassen.<br \/><br \/><\/strong>Streckenkontrolle mit Stift und Papier war gestern. Seit 2018 gibt es das Vialytics-System, das alle Arbeitsabl\u00e4ufe, die f\u00fcr die Verwaltung der Stra\u00dfeninfrastruktur notwendig sind, in einem intelligenten Stra\u00dfenmanagementsystem abbildet. \u201eMit Vialytics machen sich Kommunen fit f\u00fcr die Zukunft. Unsere Partnerkommunen berichten von bis zu 50 Prozent Zeitersparnis bei der Streckenkontrolle im Vergleich zur manuellen Papierliste \u2013 damit bleibt mehr Zeit f\u00fcr operative Aufgaben, um f\u00fcr sichere Stra\u00dfen zu sorgen\u201c, erl\u00e4utert Danilo Jovicic-Albrecht, Gr\u00fcnder von Vialytics.<\/p><p>F\u00fcr die Zustandserfassung von Stra\u00dfen und Radwegen werden beim Abfahren der Stra\u00dfen im Abstand von vier Metern automatisch Bilder vom Stra\u00dfenraum per Smartphone-App gemacht und anschlie\u00dfend im Vialytics-Web-System am Rechner weiterverarbeitet. Die vom Unternehmen selbst entwickelte k\u00fcnstliche Intelligenz analysiert alle Bilddaten objektiv in 15 unterschiedlichen Schadenskategorien und generiert ein digitales Abbild des Stra\u00dfennetzes. Alle Kfz-Kennzeichen und Gesichter werden dabei datenschutzkonform verpixelt.<\/p>\t\t\t\t\t\t\t\t<\/div>\n\t\t\t\t<\/div>\n\t\t\t\t<div class=\"elementor-element elementor-element-37ecd25 elementor-widget elementor-widget-spacer\" data-id=\"37ecd25\" data-element_type=\"widget\" data-e-type=\"widget\" data-widget_type=\"spacer.default\">\n\t\t\t\t<div class=\"elementor-widget-container\">\n\t\t\t\t\t\t\t<div class=\"elementor-spacer\">\n\t\t\t<div class=\"elementor-spacer-inner\"><\/div>\n\t\t<\/div>\n\t\t\t\t\t\t<\/div>\n\t\t\t\t<\/div>\n\t\t\t\t<div class=\"elementor-element elementor-element-d32f24a elementor-widget elementor-widget-heading\" data-id=\"d32f24a\" data-element_type=\"widget\" data-e-type=\"widget\" data-widget_type=\"heading.default\">\n\t\t\t\t<div class=\"elementor-widget-container\">\n\t\t\t\t\t<h2 class=\"elementor-heading-title elementor-size-xl\">Exakte Daten zum Zustand von Stra\u00dfen und Wegen<\/h2>\t\t\t\t<\/div>\n\t\t\t\t<\/div>\n\t\t\t\t<div class=\"elementor-element elementor-element-f963e32 elementor-widget elementor-widget-spacer\" data-id=\"f963e32\" data-element_type=\"widget\" data-e-type=\"widget\" data-widget_type=\"spacer.default\">\n\t\t\t\t<div class=\"elementor-widget-container\">\n\t\t\t\t\t\t\t<div class=\"elementor-spacer\">\n\t\t\t<div class=\"elementor-spacer-inner\"><\/div>\n\t\t<\/div>\n\t\t\t\t\t\t<\/div>\n\t\t\t\t<\/div>\n\t\t\t\t<div class=\"elementor-element elementor-element-64988bc elementor-widget elementor-widget-text-editor\" data-id=\"64988bc\" data-element_type=\"widget\" data-e-type=\"widget\" data-widget_type=\"text-editor.default\">\n\t\t\t\t<div class=\"elementor-widget-container\">\n\t\t\t\t\t\t\t\t\t<p>Eine der Kommunen, die Vialytics im Einsatz haben, ist Nagold, eine Kleinstadt mit rund 22.800 Einwohner:innen im Nordschwarzwald. Das kommunale Stra\u00dfennetz umfasst 180 Kilometer, zus\u00e4tzlich verantworten die Bau\u00e4mter den Zustand der Radwege mit einer L\u00e4nge von 90 Kilometern.<\/p><p>\u201eWir nutzen Vialytics seit 2020, um den Zustand unserer Stra\u00dfen zu erfassen. Zweimal im Jahr fahren wir alle Stra\u00dfen ab und haben so mittlerweile einen sehr guten Datenbestand im System,\u201c erkl\u00e4rt Walter Saar, Sachgebietsleiter Stra\u00dfen, Wege, Pl\u00e4tze und Stra\u00dfenbeleuchtung bei der Stadtverwaltung Nagold. \u201eF\u00fcr die mittelfristige Haushaltsplanung, die nat\u00fcrlich auch die Budgets f\u00fcr Stra\u00dfensanierungen umfasst, ist immer ein Gemeinderatsbeschluss n\u00f6tig, bei dem verschiedene Meinungen unter einen Hut gebracht werden m\u00fcssen. Vialytics unterst\u00fctzt uns mit objektiven Daten dabei, gemeinsame Entscheidungen zu treffen.\u201c<\/p>\t\t\t\t\t\t\t\t<\/div>\n\t\t\t\t<\/div>\n\t\t\t\t<div class=\"elementor-element elementor-element-c54c4ce elementor-widget elementor-widget-spacer\" data-id=\"c54c4ce\" data-element_type=\"widget\" data-e-type=\"widget\" data-widget_type=\"spacer.default\">\n\t\t\t\t<div class=\"elementor-widget-container\">\n\t\t\t\t\t\t\t<div class=\"elementor-spacer\">\n\t\t\t<div class=\"elementor-spacer-inner\"><\/div>\n\t\t<\/div>\n\t\t\t\t\t\t<\/div>\n\t\t\t\t<\/div>\n\t\t\t\t<div class=\"elementor-element elementor-element-28acb5c elementor-widget elementor-widget-image\" data-id=\"28acb5c\" data-element_type=\"widget\" data-e-type=\"widget\" data-widget_type=\"image.default\">\n\t\t\t\t<div class=\"elementor-widget-container\">\n\t\t\t\t\t\t\t\t\t\t\t\t<figure class=\"wp-caption\">\n\t\t\t\t\t\t\t\t\t\t<img fetchpriority=\"high\" decoding=\"async\" width=\"768\" height=\"512\" src=\"https:\/\/www.deutsche-glasfaser.de\/blog\/wp-content\/uploads\/2023\/03\/Beitrag_vialytics-Zustandserfassung-Fahrrad_copy_vialytics_GmbH_GroC39F_FINAL-768x512.jpeg\" class=\"attachment-medium_large size-medium_large wp-image-11685\" alt=\"Ein Mann f\u00e4hrt auf einem Fahrrad auf der Stra\u00dfe. Im Hintergrund ist eine Hecke zu sehen.\" srcset=\"https:\/\/www.deutsche-glasfaser.de\/blog\/wp-content\/uploads\/2023\/03\/Beitrag_vialytics-Zustandserfassung-Fahrrad_copy_vialytics_GmbH_GroC39F_FINAL-768x512.jpeg 768w, https:\/\/www.deutsche-glasfaser.de\/blog\/wp-content\/uploads\/2023\/03\/Beitrag_vialytics-Zustandserfassung-Fahrrad_copy_vialytics_GmbH_GroC39F_FINAL-300x200.jpeg 300w, https:\/\/www.deutsche-glasfaser.de\/blog\/wp-content\/uploads\/2023\/03\/Beitrag_vialytics-Zustandserfassung-Fahrrad_copy_vialytics_GmbH_GroC39F_FINAL.jpeg 788w\" sizes=\"(max-width: 768px) 100vw, 768px\" \/>\t\t\t\t\t\t\t\t\t\t\t<figcaption class=\"widget-image-caption wp-caption-text\">Walter Saar von der Stadtverwaltung Nagold f\u00e4hrt mit Vialytics am Lenker das Radwegenetz ab. \u00a9Vialytics<\/figcaption>\n\t\t\t\t\t\t\t\t\t\t<\/figure>\n\t\t\t\t\t\t\t\t\t<\/div>\n\t\t\t\t<\/div>\n\t\t\t\t<div class=\"elementor-element elementor-element-7bce012 elementor-widget elementor-widget-spacer\" data-id=\"7bce012\" data-element_type=\"widget\" data-e-type=\"widget\" data-widget_type=\"spacer.default\">\n\t\t\t\t<div class=\"elementor-widget-container\">\n\t\t\t\t\t\t\t<div class=\"elementor-spacer\">\n\t\t\t<div class=\"elementor-spacer-inner\"><\/div>\n\t\t<\/div>\n\t\t\t\t\t\t<\/div>\n\t\t\t\t<\/div>\n\t\t\t\t<div class=\"elementor-element elementor-element-293ff40 elementor-widget elementor-widget-text-editor\" data-id=\"293ff40\" data-element_type=\"widget\" data-e-type=\"widget\" data-widget_type=\"text-editor.default\">\n\t\t\t\t<div class=\"elementor-widget-container\">\n\t\t\t\t\t\t\t\t\t<p>In der Stadtverwaltung ist man begeistert von der Bildqualit\u00e4t, setzt das System nicht nur zur Erfassung von Stra\u00dfen, sondern auch zum Fotografieren von Schachtdeckeln und Verkehrsschildern ein. Im Herbst 2022 kam dann die Befahrung der Radwege hinzu, nachdem Vialytics das System entsprechend weiterentwickelt hatte.<\/p>\t\t\t\t\t\t\t\t<\/div>\n\t\t\t\t<\/div>\n\t\t\t\t<div class=\"elementor-element elementor-element-d1a5efe elementor-widget elementor-widget-spacer\" data-id=\"d1a5efe\" data-element_type=\"widget\" data-e-type=\"widget\" data-widget_type=\"spacer.default\">\n\t\t\t\t<div class=\"elementor-widget-container\">\n\t\t\t\t\t\t\t<div class=\"elementor-spacer\">\n\t\t\t<div class=\"elementor-spacer-inner\"><\/div>\n\t\t<\/div>\n\t\t\t\t\t\t<\/div>\n\t\t\t\t<\/div>\n\t\t\t\t<div class=\"elementor-element elementor-element-a2edff2 elementor-widget elementor-widget-heading\" data-id=\"a2edff2\" data-element_type=\"widget\" data-e-type=\"widget\" data-widget_type=\"heading.default\">\n\t\t\t\t<div class=\"elementor-widget-container\">\n\t\t\t\t\t<h2 class=\"elementor-heading-title elementor-size-xl\">Sichere Radwege dank k\u00fcnstlicher Intelligenz<\/h2>\t\t\t\t<\/div>\n\t\t\t\t<\/div>\n\t\t\t\t<div class=\"elementor-element elementor-element-ef25955 elementor-widget elementor-widget-spacer\" data-id=\"ef25955\" data-element_type=\"widget\" data-e-type=\"widget\" data-widget_type=\"spacer.default\">\n\t\t\t\t<div class=\"elementor-widget-container\">\n\t\t\t\t\t\t\t<div class=\"elementor-spacer\">\n\t\t\t<div class=\"elementor-spacer-inner\"><\/div>\n\t\t<\/div>\n\t\t\t\t\t\t<\/div>\n\t\t\t\t<\/div>\n\t\t\t\t<div class=\"elementor-element elementor-element-7ec1e0d elementor-widget elementor-widget-text-editor\" data-id=\"7ec1e0d\" data-element_type=\"widget\" data-e-type=\"widget\" data-widget_type=\"text-editor.default\">\n\t\t\t\t<div class=\"elementor-widget-container\">\n\t\t\t\t\t\t\t\t\t<p>Walter Saar ist einige der 90 Kilometer Radwege im Stadtgebiet selbst abgefahren. Dazu wird die Handykamera am Lenker befestigt, alle vier Meter schie\u00dft sie ein Foto. \u201eVom Zustand der Radwege gab es vorher kein klares Bild, obwohl es auch hier n\u00f6tig ist, f\u00fcr die Sicherheit der B\u00fcrger rechtzeitig Schlagl\u00f6cher und sonstige Sch\u00e4den zu erkennen,\u201c berichtet er. \u201eDas System erleichtert uns die Arbeit enorm. Man muss nicht dauernd anhalten, Fotos schie\u00dfen, sich Notizen machen. Man radelt einfach und den Rest erledigt die Anwendung.\u201c<\/p><p>Die macht f\u00fcr Walter Saar dann auch direkt die Planung und generiert eine Excel-Tabelle, die der Sachgebietsleiter an die Kolleg:innen im Tiefbau \u00fcbermittelt. \u201eWas mir besonders hilft, ist die integrierte Wirtschaftlichkeitsrechnung. Wenn ich meine Kosten eingebe, erstellt das System automatisch eine Kosten-Nutzen-Analyse \u2013 das ist f\u00fcr mich eine hervorragende Grundlage f\u00fcr die Gespr\u00e4che im Gemeinderat.\u201c<\/p>\t\t\t\t\t\t\t\t<\/div>\n\t\t\t\t<\/div>\n\t\t\t\t<div class=\"elementor-element elementor-element-bb3eba2 elementor-widget elementor-widget-spacer\" data-id=\"bb3eba2\" data-element_type=\"widget\" data-e-type=\"widget\" data-widget_type=\"spacer.default\">\n\t\t\t\t<div class=\"elementor-widget-container\">\n\t\t\t\t\t\t\t<div class=\"elementor-spacer\">\n\t\t\t<div class=\"elementor-spacer-inner\"><\/div>\n\t\t<\/div>\n\t\t\t\t\t\t<\/div>\n\t\t\t\t<\/div>\n\t\t\t\t<div class=\"elementor-element elementor-element-999ede1 elementor-widget elementor-widget-image\" data-id=\"999ede1\" data-element_type=\"widget\" data-e-type=\"widget\" data-widget_type=\"image.default\">\n\t\t\t\t<div class=\"elementor-widget-container\">\n\t\t\t\t\t\t\t\t\t\t\t\t<figure class=\"wp-caption\">\n\t\t\t\t\t\t\t\t\t\t<img decoding=\"async\" width=\"768\" height=\"512\" src=\"https:\/\/www.deutsche-glasfaser.de\/blog\/wp-content\/uploads\/2023\/03\/Beitrag_vialytics-GruCC88nder-Achim-Hoth-Patrick-Glaser-Danilo-Jovicic-Albrecht_copy_vialytics_GmbH_GroC39F_FINAL-1-768x512.jpeg\" class=\"attachment-medium_large size-medium_large wp-image-11687\" alt=\"Drei M\u00e4nner stehen auf einer Stra\u00dfe nebeneinander.\" srcset=\"https:\/\/www.deutsche-glasfaser.de\/blog\/wp-content\/uploads\/2023\/03\/Beitrag_vialytics-GruCC88nder-Achim-Hoth-Patrick-Glaser-Danilo-Jovicic-Albrecht_copy_vialytics_GmbH_GroC39F_FINAL-1-768x512.jpeg 768w, https:\/\/www.deutsche-glasfaser.de\/blog\/wp-content\/uploads\/2023\/03\/Beitrag_vialytics-GruCC88nder-Achim-Hoth-Patrick-Glaser-Danilo-Jovicic-Albrecht_copy_vialytics_GmbH_GroC39F_FINAL-1-300x200.jpeg 300w, https:\/\/www.deutsche-glasfaser.de\/blog\/wp-content\/uploads\/2023\/03\/Beitrag_vialytics-GruCC88nder-Achim-Hoth-Patrick-Glaser-Danilo-Jovicic-Albrecht_copy_vialytics_GmbH_GroC39F_FINAL-1.jpeg 788w\" sizes=\"(max-width: 768px) 100vw, 768px\" \/>\t\t\t\t\t\t\t\t\t\t\t<figcaption class=\"widget-image-caption wp-caption-text\">Die Vialytics-Gr\u00fcnder Achim Hoth, Danilo Jovicic-Albrecht und Patrick Glaser (v. l.). \u00a9Vialytics<\/figcaption>\n\t\t\t\t\t\t\t\t\t\t<\/figure>\n\t\t\t\t\t\t\t\t\t<\/div>\n\t\t\t\t<\/div>\n\t\t\t\t<div class=\"elementor-element elementor-element-d518188 elementor-widget elementor-widget-spacer\" data-id=\"d518188\" data-element_type=\"widget\" data-e-type=\"widget\" data-widget_type=\"spacer.default\">\n\t\t\t\t<div class=\"elementor-widget-container\">\n\t\t\t\t\t\t\t<div class=\"elementor-spacer\">\n\t\t\t<div class=\"elementor-spacer-inner\"><\/div>\n\t\t<\/div>\n\t\t\t\t\t\t<\/div>\n\t\t\t\t<\/div>\n\t\t\t\t<div class=\"elementor-element elementor-element-0d248ce elementor-widget elementor-widget-text-editor\" data-id=\"0d248ce\" data-element_type=\"widget\" data-e-type=\"widget\" data-widget_type=\"text-editor.default\">\n\t\t\t\t<div class=\"elementor-widget-container\">\n\t\t\t\t\t\t\t\t\t<p>Entstanden ist Vialytics vor f\u00fcnf Jahren, als Danilo Jovicic-Albrecht gemeinsam mit seinen Partnern Patrick Glaser und Achim Hoth in Gespr\u00e4chen mit Tiefbau\u00e4mtern in der Region Stuttgart herausfand, dass es noch keine digitalen Prozesse f\u00fcr die Verwaltung der Stra\u00dfeninfrastruktur gab. \u201eDabei ist das Stra\u00dfennetz das gr\u00f6\u00dfte Verm\u00f6gen in vielen Kommunen und zentral f\u00fcr eine funktionierende Infrastruktur und Wirtschaft. Der Fachkr\u00e4ftemangel wird den Bedarf nach einem effizienten Werkzeug, das Kommunen die Verkehrssicherung erleichtert und Zeit im Arbeitsalltag spart, weiter erh\u00f6hen\u201c, gibt Danilo Jovicic-Albrecht zu bedenken. Die Nachfrage nach Probefahrten sei aktuell enorm. \u201eAu\u00dferdem entwickeln wir das System in Zusammenarbeit mit unseren Partnerkommunen stetig weiter. Die KI erfasst neben Stra\u00dfensch\u00e4den auch Objekte im Stra\u00dfenraum. Da gibt es viele weitere Anwendungsm\u00f6glichkeiten, die wir f\u00fcr die Kommunen ergr\u00fcnden.\u201c<\/p><p>Und was kommt in Nagold als n\u00e4chstes? \u201eWir wollen demn\u00e4chst alle Treppenabh\u00e4nge mit dem Tool erfassen. Das wird bisher h\u00e4ndisch gemacht, was aber viel Erfahrung erfordert\u201c, so Walter Saar. \u201eMit dem Tool kann ich so gut wie jeden zu einer Treppe schicken. Die Qualit\u00e4t der Begutachtung wird damit immer gleich hoch sein, egal wer die Fotos vor Ort macht.\u201c<\/p>\t\t\t\t\t\t\t\t<\/div>\n\t\t\t\t<\/div>\n\t\t\t\t\t<\/div>\n\t\t<\/div>\n\t\t\t\t\t<\/div>\n\t\t<\/section>\n\t\t\t\t<\/div>\n\t\t","protected":false},"excerpt":{"rendered":"<p>Im baden-w\u00fcrttembergischen Nagold radeln Mitarbeitende der Stadt das komplette Radwegenetz ab. Mit dabei: ein Handy am Lenker, auf dem die Anwendung Vialytics l\u00e4uft. Sie kann aber noch viel mehr als Radwege visuell zu erfassen.<\/p>\n","protected":false},"author":5,"featured_media":11684,"comment_status":"open","ping_status":"open","sticky":false,"template":"","format":"standard","meta":{"footnotes":""},"categories":[67],"tags":[],"class_list":["post-11683","post","type-post","status-publish","format-standard","has-post-thumbnail","hentry","category-mobilitaet"],"yoast_head":"<!-- This site is optimized with the Yoast SEO plugin v27.5 - https:\/\/yoast.com\/product\/yoast-seo-wordpress\/ -->\n<title>Vialytics erfasst Infrastruktur digital - Digitales B\u00fcrgernetz<\/title>\n<meta name=\"description\" content=\"Das Vialytics-System deckt alle Arbeitsabl\u00e4ufe der kommunalen Verwaltung in einem intelligenten Stra\u00dfenmanagementsystem f\u00fcr Infrastruktur ab.\" \/>\n<meta name=\"robots\" content=\"index, follow, max-snippet:-1, max-image-preview:large, max-video-preview:-1\" \/>\n<link rel=\"canonical\" href=\"https:\/\/www.deutsche-glasfaser.de\/blog\/ki-trifft-schlagloch-wie-ein-start-up-die-arbeit-der-strassenbauaemter-revolutioniert\/\" \/>\n<meta property=\"og:locale\" content=\"de_DE\" \/>\n<meta property=\"og:type\" content=\"article\" \/>\n<meta property=\"og:title\" content=\"Vialytics erfasst Infrastruktur digital - Digitales B\u00fcrgernetz\" \/>\n<meta property=\"og:description\" content=\"Das Vialytics-System deckt alle Arbeitsabl\u00e4ufe der kommunalen Verwaltung in einem intelligenten Stra\u00dfenmanagementsystem f\u00fcr Infrastruktur ab.\" \/>\n<meta property=\"og:url\" content=\"https:\/\/www.deutsche-glasfaser.de\/blog\/ki-trifft-schlagloch-wie-ein-start-up-die-arbeit-der-strassenbauaemter-revolutioniert\/\" \/>\n<meta property=\"og:site_name\" content=\"Digitales B\u00fcrgernetz\" \/>\n<meta property=\"article:published_time\" content=\"2023-03-03T08:24:51+00:00\" \/>\n<meta property=\"article:modified_time\" content=\"2023-03-03T08:24:52+00:00\" \/>\n<meta property=\"og:image\" content=\"https:\/\/www.deutsche-glasfaser.de\/blog\/wp-content\/uploads\/2023\/03\/Titelbild_vialytics-System-am-Fahrradlenker_copy_vialytics_GmbH_GroC39F_FINAL.jpeg\" \/>\n\t<meta property=\"og:image:width\" content=\"1200\" \/>\n\t<meta property=\"og:image:height\" content=\"628\" \/>\n\t<meta property=\"og:image:type\" content=\"image\/jpeg\" \/>\n<meta name=\"author\" content=\"Deutsche Glasfaser\" \/>\n<meta name=\"twitter:card\" content=\"summary_large_image\" \/>\n<meta name=\"twitter:label1\" content=\"Verfasst von\" \/>\n\t<meta name=\"twitter:data1\" content=\"Deutsche Glasfaser\" \/>\n\t<meta name=\"twitter:label2\" content=\"Gesch\u00e4tzte Lesezeit\" \/>\n\t<meta name=\"twitter:data2\" content=\"5\u00a0Minuten\" \/>\n<script type=\"application\/ld+json\" class=\"yoast-schema-graph\">{\"@context\":\"https:\\\/\\\/schema.org\",\"@graph\":[{\"@type\":\"Article\",\"@id\":\"https:\\\/\\\/www.deutsche-glasfaser.de\\\/blog\\\/ki-trifft-schlagloch-wie-ein-start-up-die-arbeit-der-strassenbauaemter-revolutioniert\\\/#article\",\"isPartOf\":{\"@id\":\"https:\\\/\\\/www.deutsche-glasfaser.de\\\/blog\\\/ki-trifft-schlagloch-wie-ein-start-up-die-arbeit-der-strassenbauaemter-revolutioniert\\\/\"},\"author\":{\"name\":\"Deutsche Glasfaser\",\"@id\":\"https:\\\/\\\/www.deutsche-glasfaser.de\\\/blog\\\/#\\\/schema\\\/person\\\/9380a6dc7443d77143d0c66c409f574b\"},\"headline\":\"KI trifft Schlagloch \u2013 wie ein Start-up die Arbeit der Stra\u00dfenbau\u00e4mter revolutioniert\",\"datePublished\":\"2023-03-03T08:24:51+00:00\",\"dateModified\":\"2023-03-03T08:24:52+00:00\",\"mainEntityOfPage\":{\"@id\":\"https:\\\/\\\/www.deutsche-glasfaser.de\\\/blog\\\/ki-trifft-schlagloch-wie-ein-start-up-die-arbeit-der-strassenbauaemter-revolutioniert\\\/\"},\"wordCount\":788,\"commentCount\":0,\"publisher\":{\"@id\":\"https:\\\/\\\/www.deutsche-glasfaser.de\\\/blog\\\/#organization\"},\"image\":{\"@id\":\"https:\\\/\\\/www.deutsche-glasfaser.de\\\/blog\\\/ki-trifft-schlagloch-wie-ein-start-up-die-arbeit-der-strassenbauaemter-revolutioniert\\\/#primaryimage\"},\"thumbnailUrl\":\"https:\\\/\\\/www.deutsche-glasfaser.de\\\/blog\\\/wp-content\\\/uploads\\\/2023\\\/03\\\/Titelbild_vialytics-System-am-Fahrradlenker_copy_vialytics_GmbH_GroC39F_FINAL.jpeg\",\"articleSection\":[\"#Mobilit\u00e4t\"],\"inLanguage\":\"de\",\"potentialAction\":[{\"@type\":\"CommentAction\",\"name\":\"Comment\",\"target\":[\"https:\\\/\\\/www.deutsche-glasfaser.de\\\/blog\\\/ki-trifft-schlagloch-wie-ein-start-up-die-arbeit-der-strassenbauaemter-revolutioniert\\\/#respond\"]}]},{\"@type\":\"WebPage\",\"@id\":\"https:\\\/\\\/www.deutsche-glasfaser.de\\\/blog\\\/ki-trifft-schlagloch-wie-ein-start-up-die-arbeit-der-strassenbauaemter-revolutioniert\\\/\",\"url\":\"https:\\\/\\\/www.deutsche-glasfaser.de\\\/blog\\\/ki-trifft-schlagloch-wie-ein-start-up-die-arbeit-der-strassenbauaemter-revolutioniert\\\/\",\"name\":\"Vialytics erfasst Infrastruktur digital - Digitales B\u00fcrgernetz\",\"isPartOf\":{\"@id\":\"https:\\\/\\\/www.deutsche-glasfaser.de\\\/blog\\\/#website\"},\"primaryImageOfPage\":{\"@id\":\"https:\\\/\\\/www.deutsche-glasfaser.de\\\/blog\\\/ki-trifft-schlagloch-wie-ein-start-up-die-arbeit-der-strassenbauaemter-revolutioniert\\\/#primaryimage\"},\"image\":{\"@id\":\"https:\\\/\\\/www.deutsche-glasfaser.de\\\/blog\\\/ki-trifft-schlagloch-wie-ein-start-up-die-arbeit-der-strassenbauaemter-revolutioniert\\\/#primaryimage\"},\"thumbnailUrl\":\"https:\\\/\\\/www.deutsche-glasfaser.de\\\/blog\\\/wp-content\\\/uploads\\\/2023\\\/03\\\/Titelbild_vialytics-System-am-Fahrradlenker_copy_vialytics_GmbH_GroC39F_FINAL.jpeg\",\"datePublished\":\"2023-03-03T08:24:51+00:00\",\"dateModified\":\"2023-03-03T08:24:52+00:00\",\"description\":\"Das Vialytics-System deckt alle Arbeitsabl\u00e4ufe der kommunalen Verwaltung in einem intelligenten Stra\u00dfenmanagementsystem f\u00fcr Infrastruktur ab.\",\"inLanguage\":\"de\",\"potentialAction\":[{\"@type\":\"ReadAction\",\"target\":[\"https:\\\/\\\/www.deutsche-glasfaser.de\\\/blog\\\/ki-trifft-schlagloch-wie-ein-start-up-die-arbeit-der-strassenbauaemter-revolutioniert\\\/\"]}]},{\"@type\":\"ImageObject\",\"inLanguage\":\"de\",\"@id\":\"https:\\\/\\\/www.deutsche-glasfaser.de\\\/blog\\\/ki-trifft-schlagloch-wie-ein-start-up-die-arbeit-der-strassenbauaemter-revolutioniert\\\/#primaryimage\",\"url\":\"https:\\\/\\\/www.deutsche-glasfaser.de\\\/blog\\\/wp-content\\\/uploads\\\/2023\\\/03\\\/Titelbild_vialytics-System-am-Fahrradlenker_copy_vialytics_GmbH_GroC39F_FINAL.jpeg\",\"contentUrl\":\"https:\\\/\\\/www.deutsche-glasfaser.de\\\/blog\\\/wp-content\\\/uploads\\\/2023\\\/03\\\/Titelbild_vialytics-System-am-Fahrradlenker_copy_vialytics_GmbH_GroC39F_FINAL.jpeg\",\"width\":1200,\"height\":628,\"caption\":\"Vialytics macht beim Radfahren alle vier Meter ein Bild und erfasst so den gesamten Radweg. Alle Fotos: Vialytics\"},{\"@type\":\"WebSite\",\"@id\":\"https:\\\/\\\/www.deutsche-glasfaser.de\\\/blog\\\/#website\",\"url\":\"https:\\\/\\\/www.deutsche-glasfaser.de\\\/blog\\\/\",\"name\":\"Digitales B\u00fcrgernetz\",\"description\":\"Deutsche Glasfaser Blog\",\"publisher\":{\"@id\":\"https:\\\/\\\/www.deutsche-glasfaser.de\\\/blog\\\/#organization\"},\"potentialAction\":[{\"@type\":\"SearchAction\",\"target\":{\"@type\":\"EntryPoint\",\"urlTemplate\":\"https:\\\/\\\/www.deutsche-glasfaser.de\\\/blog\\\/?s={search_term_string}\"},\"query-input\":{\"@type\":\"PropertyValueSpecification\",\"valueRequired\":true,\"valueName\":\"search_term_string\"}}],\"inLanguage\":\"de\"},{\"@type\":\"Organization\",\"@id\":\"https:\\\/\\\/www.deutsche-glasfaser.de\\\/blog\\\/#organization\",\"name\":\"Digitales B\u00fcrgernetz\",\"url\":\"https:\\\/\\\/www.deutsche-glasfaser.de\\\/blog\\\/\",\"logo\":{\"@type\":\"ImageObject\",\"inLanguage\":\"de\",\"@id\":\"https:\\\/\\\/www.deutsche-glasfaser.de\\\/blog\\\/#\\\/schema\\\/logo\\\/image\\\/\",\"url\":\"https:\\\/\\\/www.deutsche-glasfaser.de\\\/blog\\\/wp-content\\\/uploads\\\/2021\\\/08\\\/DGF_Logo_Basis_RGB-Large@2x.png\",\"contentUrl\":\"https:\\\/\\\/www.deutsche-glasfaser.de\\\/blog\\\/wp-content\\\/uploads\\\/2021\\\/08\\\/DGF_Logo_Basis_RGB-Large@2x.png\",\"width\":312,\"height\":104,\"caption\":\"Digitales B\u00fcrgernetz\"},\"image\":{\"@id\":\"https:\\\/\\\/www.deutsche-glasfaser.de\\\/blog\\\/#\\\/schema\\\/logo\\\/image\\\/\"}},{\"@type\":\"Person\",\"@id\":\"https:\\\/\\\/www.deutsche-glasfaser.de\\\/blog\\\/#\\\/schema\\\/person\\\/9380a6dc7443d77143d0c66c409f574b\",\"name\":\"Deutsche Glasfaser\"}]}<\/script>\n<!-- \/ Yoast SEO plugin. -->","yoast_head_json":{"title":"Vialytics erfasst Infrastruktur digital - Digitales B\u00fcrgernetz","description":"Das Vialytics-System deckt alle Arbeitsabl\u00e4ufe der kommunalen Verwaltung in einem intelligenten Stra\u00dfenmanagementsystem f\u00fcr Infrastruktur ab.","robots":{"index":"index","follow":"follow","max-snippet":"max-snippet:-1","max-image-preview":"max-image-preview:large","max-video-preview":"max-video-preview:-1"},"canonical":"https:\/\/www.deutsche-glasfaser.de\/blog\/ki-trifft-schlagloch-wie-ein-start-up-die-arbeit-der-strassenbauaemter-revolutioniert\/","og_locale":"de_DE","og_type":"article","og_title":"Vialytics erfasst Infrastruktur digital - Digitales B\u00fcrgernetz","og_description":"Das Vialytics-System deckt alle Arbeitsabl\u00e4ufe der kommunalen Verwaltung in einem intelligenten Stra\u00dfenmanagementsystem f\u00fcr Infrastruktur ab.","og_url":"https:\/\/www.deutsche-glasfaser.de\/blog\/ki-trifft-schlagloch-wie-ein-start-up-die-arbeit-der-strassenbauaemter-revolutioniert\/","og_site_name":"Digitales B\u00fcrgernetz","article_published_time":"2023-03-03T08:24:51+00:00","article_modified_time":"2023-03-03T08:24:52+00:00","og_image":[{"width":1200,"height":628,"url":"https:\/\/www.deutsche-glasfaser.de\/blog\/wp-content\/uploads\/2023\/03\/Titelbild_vialytics-System-am-Fahrradlenker_copy_vialytics_GmbH_GroC39F_FINAL.jpeg","type":"image\/jpeg"}],"author":"Deutsche Glasfaser","twitter_card":"summary_large_image","twitter_misc":{"Verfasst von":"Deutsche Glasfaser","Gesch\u00e4tzte Lesezeit":"5\u00a0Minuten"},"schema":{"@context":"https:\/\/schema.org","@graph":[{"@type":"Article","@id":"https:\/\/www.deutsche-glasfaser.de\/blog\/ki-trifft-schlagloch-wie-ein-start-up-die-arbeit-der-strassenbauaemter-revolutioniert\/#article","isPartOf":{"@id":"https:\/\/www.deutsche-glasfaser.de\/blog\/ki-trifft-schlagloch-wie-ein-start-up-die-arbeit-der-strassenbauaemter-revolutioniert\/"},"author":{"name":"Deutsche Glasfaser","@id":"https:\/\/www.deutsche-glasfaser.de\/blog\/#\/schema\/person\/9380a6dc7443d77143d0c66c409f574b"},"headline":"KI trifft Schlagloch \u2013 wie ein Start-up die Arbeit der Stra\u00dfenbau\u00e4mter revolutioniert","datePublished":"2023-03-03T08:24:51+00:00","dateModified":"2023-03-03T08:24:52+00:00","mainEntityOfPage":{"@id":"https:\/\/www.deutsche-glasfaser.de\/blog\/ki-trifft-schlagloch-wie-ein-start-up-die-arbeit-der-strassenbauaemter-revolutioniert\/"},"wordCount":788,"commentCount":0,"publisher":{"@id":"https:\/\/www.deutsche-glasfaser.de\/blog\/#organization"},"image":{"@id":"https:\/\/www.deutsche-glasfaser.de\/blog\/ki-trifft-schlagloch-wie-ein-start-up-die-arbeit-der-strassenbauaemter-revolutioniert\/#primaryimage"},"thumbnailUrl":"https:\/\/www.deutsche-glasfaser.de\/blog\/wp-content\/uploads\/2023\/03\/Titelbild_vialytics-System-am-Fahrradlenker_copy_vialytics_GmbH_GroC39F_FINAL.jpeg","articleSection":["#Mobilit\u00e4t"],"inLanguage":"de","potentialAction":[{"@type":"CommentAction","name":"Comment","target":["https:\/\/www.deutsche-glasfaser.de\/blog\/ki-trifft-schlagloch-wie-ein-start-up-die-arbeit-der-strassenbauaemter-revolutioniert\/#respond"]}]},{"@type":"WebPage","@id":"https:\/\/www.deutsche-glasfaser.de\/blog\/ki-trifft-schlagloch-wie-ein-start-up-die-arbeit-der-strassenbauaemter-revolutioniert\/","url":"https:\/\/www.deutsche-glasfaser.de\/blog\/ki-trifft-schlagloch-wie-ein-start-up-die-arbeit-der-strassenbauaemter-revolutioniert\/","name":"Vialytics erfasst Infrastruktur digital - Digitales B\u00fcrgernetz","isPartOf":{"@id":"https:\/\/www.deutsche-glasfaser.de\/blog\/#website"},"primaryImageOfPage":{"@id":"https:\/\/www.deutsche-glasfaser.de\/blog\/ki-trifft-schlagloch-wie-ein-start-up-die-arbeit-der-strassenbauaemter-revolutioniert\/#primaryimage"},"image":{"@id":"https:\/\/www.deutsche-glasfaser.de\/blog\/ki-trifft-schlagloch-wie-ein-start-up-die-arbeit-der-strassenbauaemter-revolutioniert\/#primaryimage"},"thumbnailUrl":"https:\/\/www.deutsche-glasfaser.de\/blog\/wp-content\/uploads\/2023\/03\/Titelbild_vialytics-System-am-Fahrradlenker_copy_vialytics_GmbH_GroC39F_FINAL.jpeg","datePublished":"2023-03-03T08:24:51+00:00","dateModified":"2023-03-03T08:24:52+00:00","description":"Das Vialytics-System deckt alle Arbeitsabl\u00e4ufe der kommunalen Verwaltung in einem intelligenten Stra\u00dfenmanagementsystem f\u00fcr Infrastruktur ab.","inLanguage":"de","potentialAction":[{"@type":"ReadAction","target":["https:\/\/www.deutsche-glasfaser.de\/blog\/ki-trifft-schlagloch-wie-ein-start-up-die-arbeit-der-strassenbauaemter-revolutioniert\/"]}]},{"@type":"ImageObject","inLanguage":"de","@id":"https:\/\/www.deutsche-glasfaser.de\/blog\/ki-trifft-schlagloch-wie-ein-start-up-die-arbeit-der-strassenbauaemter-revolutioniert\/#primaryimage","url":"https:\/\/www.deutsche-glasfaser.de\/blog\/wp-content\/uploads\/2023\/03\/Titelbild_vialytics-System-am-Fahrradlenker_copy_vialytics_GmbH_GroC39F_FINAL.jpeg","contentUrl":"https:\/\/www.deutsche-glasfaser.de\/blog\/wp-content\/uploads\/2023\/03\/Titelbild_vialytics-System-am-Fahrradlenker_copy_vialytics_GmbH_GroC39F_FINAL.jpeg","width":1200,"height":628,"caption":"Vialytics macht beim Radfahren alle vier Meter ein Bild und erfasst so den gesamten Radweg. Alle Fotos: Vialytics"},{"@type":"WebSite","@id":"https:\/\/www.deutsche-glasfaser.de\/blog\/#website","url":"https:\/\/www.deutsche-glasfaser.de\/blog\/","name":"Digitales B\u00fcrgernetz","description":"Deutsche Glasfaser Blog","publisher":{"@id":"https:\/\/www.deutsche-glasfaser.de\/blog\/#organization"},"potentialAction":[{"@type":"SearchAction","target":{"@type":"EntryPoint","urlTemplate":"https:\/\/www.deutsche-glasfaser.de\/blog\/?s={search_term_string}"},"query-input":{"@type":"PropertyValueSpecification","valueRequired":true,"valueName":"search_term_string"}}],"inLanguage":"de"},{"@type":"Organization","@id":"https:\/\/www.deutsche-glasfaser.de\/blog\/#organization","name":"Digitales B\u00fcrgernetz","url":"https:\/\/www.deutsche-glasfaser.de\/blog\/","logo":{"@type":"ImageObject","inLanguage":"de","@id":"https:\/\/www.deutsche-glasfaser.de\/blog\/#\/schema\/logo\/image\/","url":"https:\/\/www.deutsche-glasfaser.de\/blog\/wp-content\/uploads\/2021\/08\/DGF_Logo_Basis_RGB-Large@2x.png","contentUrl":"https:\/\/www.deutsche-glasfaser.de\/blog\/wp-content\/uploads\/2021\/08\/DGF_Logo_Basis_RGB-Large@2x.png","width":312,"height":104,"caption":"Digitales B\u00fcrgernetz"},"image":{"@id":"https:\/\/www.deutsche-glasfaser.de\/blog\/#\/schema\/logo\/image\/"}},{"@type":"Person","@id":"https:\/\/www.deutsche-glasfaser.de\/blog\/#\/schema\/person\/9380a6dc7443d77143d0c66c409f574b","name":"Deutsche Glasfaser"}]}},"_links":{"self":[{"href":"https:\/\/www.deutsche-glasfaser.de\/blog\/wp-json\/wp\/v2\/posts\/11683","targetHints":{"allow":["GET"]}}],"collection":[{"href":"https:\/\/www.deutsche-glasfaser.de\/blog\/wp-json\/wp\/v2\/posts"}],"about":[{"href":"https:\/\/www.deutsche-glasfaser.de\/blog\/wp-json\/wp\/v2\/types\/post"}],"author":[{"embeddable":true,"href":"https:\/\/www.deutsche-glasfaser.de\/blog\/wp-json\/wp\/v2\/users\/5"}],"replies":[{"embeddable":true,"href":"https:\/\/www.deutsche-glasfaser.de\/blog\/wp-json\/wp\/v2\/comments?post=11683"}],"version-history":[{"count":6,"href":"https:\/\/www.deutsche-glasfaser.de\/blog\/wp-json\/wp\/v2\/posts\/11683\/revisions"}],"predecessor-version":[{"id":11692,"href":"https:\/\/www.deutsche-glasfaser.de\/blog\/wp-json\/wp\/v2\/posts\/11683\/revisions\/11692"}],"wp:featuredmedia":[{"embeddable":true,"href":"https:\/\/www.deutsche-glasfaser.de\/blog\/wp-json\/wp\/v2\/media\/11684"}],"wp:attachment":[{"href":"https:\/\/www.deutsche-glasfaser.de\/blog\/wp-json\/wp\/v2\/media?parent=11683"}],"wp:term":[{"taxonomy":"category","embeddable":true,"href":"https:\/\/www.deutsche-glasfaser.de\/blog\/wp-json\/wp\/v2\/categories?post=11683"},{"taxonomy":"post_tag","embeddable":true,"href":"https:\/\/www.deutsche-glasfaser.de\/blog\/wp-json\/wp\/v2\/tags?post=11683"}],"curies":[{"name":"wp","href":"https:\/\/api.w.org\/{rel}","templated":true}]}}