{"id":11566,"date":"2023-02-09T08:49:40","date_gmt":"2023-02-09T07:49:40","guid":{"rendered":"https:\/\/www.deutsche-glasfaser.de\/blog\/?p=11566"},"modified":"2023-02-09T08:52:54","modified_gmt":"2023-02-09T07:52:54","slug":"einkaufen-auf-dem-land-rund-um-die-uhr-im-dorfladen-mit-tante-enso","status":"publish","type":"post","link":"https:\/\/www.deutsche-glasfaser.de\/blog\/einkaufen-auf-dem-land-rund-um-die-uhr-im-dorfladen-mit-tante-enso\/","title":{"rendered":"Einkaufen auf dem Land: Rund um die Uhr im Dorfladen mit Tante Enso"},"content":{"rendered":"\t\t<div data-elementor-type=\"wp-post\" data-elementor-id=\"11566\" class=\"elementor elementor-11566\">\n\t\t\t\t\t\t<section class=\"elementor-section elementor-top-section elementor-element elementor-element-15028d5 elementor-section-boxed elementor-section-height-default elementor-section-height-default\" data-id=\"15028d5\" data-element_type=\"section\" data-e-type=\"section\">\n\t\t\t\t\t\t<div class=\"elementor-container elementor-column-gap-default\">\n\t\t\t\t\t<div class=\"elementor-column elementor-col-100 elementor-top-column elementor-element elementor-element-2db04b3\" data-id=\"2db04b3\" data-element_type=\"column\" data-e-type=\"column\">\n\t\t\t<div class=\"elementor-widget-wrap elementor-element-populated\">\n\t\t\t\t\t\t<div class=\"elementor-element elementor-element-89259ac elementor-widget elementor-widget-text-editor\" data-id=\"89259ac\" data-element_type=\"widget\" data-e-type=\"widget\" data-widget_type=\"text-editor.default\">\n\t\t\t\t<div class=\"elementor-widget-container\">\n\t\t\t\t\t\t\t\t\t<p>Im digitalen Dorfladen Tante Enso k\u00f6nnen Kund:innen rund um die Uhr an der Selfcheckout-Kasse bezahlen \u00a9myEnso<\/p>\t\t\t\t\t\t\t\t<\/div>\n\t\t\t\t<\/div>\n\t\t\t\t\t<\/div>\n\t\t<\/div>\n\t\t\t\t\t<\/div>\n\t\t<\/section>\n\t\t\t\t<section class=\"elementor-section elementor-top-section elementor-element elementor-element-c01c1ee elementor-section-boxed elementor-section-height-default elementor-section-height-default\" data-id=\"c01c1ee\" data-element_type=\"section\" data-e-type=\"section\">\n\t\t\t\t\t\t<div class=\"elementor-container elementor-column-gap-default\">\n\t\t\t\t\t<div class=\"elementor-column elementor-col-100 elementor-top-column elementor-element elementor-element-72e53b2\" data-id=\"72e53b2\" data-element_type=\"column\" data-e-type=\"column\">\n\t\t\t<div class=\"elementor-widget-wrap elementor-element-populated\">\n\t\t\t\t\t\t<div class=\"elementor-element elementor-element-4fc1e97 elementor-widget elementor-widget-text-editor\" data-id=\"4fc1e97\" data-element_type=\"widget\" data-e-type=\"widget\" data-widget_type=\"text-editor.default\">\n\t\t\t\t<div class=\"elementor-widget-container\">\n\t\t\t\t\t\t\t\t\t<p>Der Lebensmitteleinzelhandel hat sich in den vergangenen Jahrzenten stark ver\u00e4ndert. Die Zahl der Discounter nimmt zu, kleine Gesch\u00e4fte werden immer seltener. Laut einer <a href=\"https:\/\/literatur.thuenen.de\/digbib_extern\/dn064077.pdf\"><strong>Studie des Th\u00fcnen-Instituts f\u00fcr l\u00e4ndliche R\u00e4ume<\/strong><\/a> ist die Anzahl kleinfl\u00e4chiger Angebote mit einer Verkaufsfl\u00e4che von unter 400 qm zwischen 1990 und 2020 um 87 Prozent zur\u00fcckgegangen. Darunter leiden vor allem die l\u00e4ndlichen Regionen. F\u00fcr die gro\u00dfen Einzelhandelsketten sind Standorte mit einem Einzugsbiet mit weniger als 5.000 Personen wenig attraktiv, die kleinen, inhabergef\u00fchrten Dorfl\u00e4den finden nur schwer Nachfolger, die das Gesch\u00e4ft \u00fcbernehmen. Lange Zeit hie\u00df das: Schlie\u00dft der letzte Mini-Supermarkt vor Ort, ist Einkaufen zu Fu\u00df pass\u00e9, ohne Bus oder Auto geht nichts mehr.<\/p>\t\t\t\t\t\t\t\t<\/div>\n\t\t\t\t<\/div>\n\t\t\t\t<div class=\"elementor-element elementor-element-bfe69e2 elementor-widget elementor-widget-spacer\" data-id=\"bfe69e2\" data-element_type=\"widget\" data-e-type=\"widget\" data-widget_type=\"spacer.default\">\n\t\t\t\t<div class=\"elementor-widget-container\">\n\t\t\t\t\t\t\t<div class=\"elementor-spacer\">\n\t\t\t<div class=\"elementor-spacer-inner\"><\/div>\n\t\t<\/div>\n\t\t\t\t\t\t<\/div>\n\t\t\t\t<\/div>\n\t\t\t\t<div class=\"elementor-element elementor-element-660b5a9 elementor-widget elementor-widget-heading\" data-id=\"660b5a9\" data-element_type=\"widget\" data-e-type=\"widget\" data-widget_type=\"heading.default\">\n\t\t\t\t<div class=\"elementor-widget-container\">\n\t\t\t\t\t<h2 class=\"elementor-heading-title elementor-size-xl\">Aus Tante Emma wird Tante Enso<\/h2>\t\t\t\t<\/div>\n\t\t\t\t<\/div>\n\t\t\t\t<div class=\"elementor-element elementor-element-2710275 elementor-widget elementor-widget-spacer\" data-id=\"2710275\" data-element_type=\"widget\" data-e-type=\"widget\" data-widget_type=\"spacer.default\">\n\t\t\t\t<div class=\"elementor-widget-container\">\n\t\t\t\t\t\t\t<div class=\"elementor-spacer\">\n\t\t\t<div class=\"elementor-spacer-inner\"><\/div>\n\t\t<\/div>\n\t\t\t\t\t\t<\/div>\n\t\t\t\t<\/div>\n\t\t\t\t<div class=\"elementor-element elementor-element-69c8344 elementor-widget elementor-widget-text-editor\" data-id=\"69c8344\" data-element_type=\"widget\" data-e-type=\"widget\" data-widget_type=\"text-editor.default\">\n\t\t\t\t<div class=\"elementor-widget-container\">\n\t\t\t\t\t\t\t\t\t<p>Eine L\u00f6sung f\u00fcr das Problem bieten seit einiger Zeit Superm\u00e4rkte, die auf Einlasskarten und Selbstbedienungskassen setzen. Ein Beispiel ist das Konzept von Tante Enso. Die Idee dazu hatte ein Start-up aus Bremen. Zun\u00e4chst wollten die Gr\u00fcnder Thorsten Bausch und Norbert Hegemann regionale Online-Superm\u00e4rkte etablieren. Doch sie stellten fest, dass sich die Menschen auf dem Land etwas anderes w\u00fcnschten. Nachdem sie ihr Konzept eine Weile ausprobiert und optimiert hatten, sagten ihnen die Menschen: \u201eWir glauben, Ihr habt uns missverstanden. Wir wollen einen echten Supermarkt haben.\u201c So erz\u00e4hlt es Thorsten Bausch in einem <a href=\"https:\/\/www.sat1regional.de\/24-stunden-supermarkt-laden-in-schnega-hat-durchgehend-geoeffnet-teils-ohne-personal\/\"><strong>Beitrag auf SAT.1 regional<\/strong><\/a>. Mit seinem Gesch\u00e4ftspartner entwickelte er daraufhin eine moderne Variante des in die Jahre gekommenen Tante-Emma-Ladens: den digitalen Dorfladen Tante Enso, in dem die Menschen 24h Stunden t\u00e4glich w\u00e4hrend der ganzen Woche einkaufen k\u00f6nnen. Alles, was sie dazu ben\u00f6tigen, ist eine personalisierte Zugangskarte, mit der sie nicht nur den Laden betreten, sondern auch an der Selfcheckout-Kasse bezahlen k\u00f6nnen. Kameras sollen sicherstellen, dass niemand ohne zu bezahlen den Laden verl\u00e4sst. Das Sortiment der Tante-Enso-L\u00e4den umfasst in der Regel 2.500 bis 3.000 Artikel, damit gibt es nahezu alles, was f\u00fcr den t\u00e4glichen Bedarf n\u00f6tig ist. Haben Kunden besondere W\u00fcnsche, k\u00f6nnen sie diese online bestellen und sp\u00e4ter im Laden abholen. Tante Enso ist an den Online-Supermarkt myEnso angebunden, den Bausch und Hegemann 2017 gegr\u00fcndet haben.<\/p>\t\t\t\t\t\t\t\t<\/div>\n\t\t\t\t<\/div>\n\t\t\t\t<div class=\"elementor-element elementor-element-e2728a3 elementor-widget elementor-widget-spacer\" data-id=\"e2728a3\" data-element_type=\"widget\" data-e-type=\"widget\" data-widget_type=\"spacer.default\">\n\t\t\t\t<div class=\"elementor-widget-container\">\n\t\t\t\t\t\t\t<div class=\"elementor-spacer\">\n\t\t\t<div class=\"elementor-spacer-inner\"><\/div>\n\t\t<\/div>\n\t\t\t\t\t\t<\/div>\n\t\t\t\t<\/div>\n\t\t\t\t<div class=\"elementor-element elementor-element-fe4352a elementor-widget elementor-widget-heading\" data-id=\"fe4352a\" data-element_type=\"widget\" data-e-type=\"widget\" data-widget_type=\"heading.default\">\n\t\t\t\t<div class=\"elementor-widget-container\">\n\t\t\t\t\t<h2 class=\"elementor-heading-title elementor-size-xl\">Doppelter Service: digital und pers\u00f6nlich<\/h2>\t\t\t\t<\/div>\n\t\t\t\t<\/div>\n\t\t\t\t<div class=\"elementor-element elementor-element-4726509 elementor-widget elementor-widget-spacer\" data-id=\"4726509\" data-element_type=\"widget\" data-e-type=\"widget\" data-widget_type=\"spacer.default\">\n\t\t\t\t<div class=\"elementor-widget-container\">\n\t\t\t\t\t\t\t<div class=\"elementor-spacer\">\n\t\t\t<div class=\"elementor-spacer-inner\"><\/div>\n\t\t<\/div>\n\t\t\t\t\t\t<\/div>\n\t\t\t\t<\/div>\n\t\t\t\t<div class=\"elementor-element elementor-element-5cb5d42 elementor-widget elementor-widget-text-editor\" data-id=\"5cb5d42\" data-element_type=\"widget\" data-e-type=\"widget\" data-widget_type=\"text-editor.default\">\n\t\t\t\t<div class=\"elementor-widget-container\">\n\t\t\t\t\t\t\t\t\t<p>Anders als andere 24\/7-M\u00e4rkte wie <a href=\"https:\/\/www.tagundnachtmarkt.de\/\"><strong>\u201eEmma\u2019s Tag- und Nachtmarkt\u201c<\/strong><\/a>, verzichtet Tante Enso nicht vollst\u00e4ndig auf Personal vor Ort. In Schnega, einer kleinen Gemeinde in Niedersachsen, leitet zum Beispiel Janina R\u00f6hl den im Herbst 2020 er\u00f6ffneten Tante-Enso-Supermarkt in Teilzeit. Zusammen mit einem kleinen Team k\u00fcmmert sich R\u00f6hl um das Lager und das B\u00fcro, f\u00fcllt Regale auf oder sitzt an der Kasse, die in der Regel an f\u00fcnf Tagen die Woche mindestens vier Stunden besetzt ist. Da R\u00f6hl im Ort aufgewachsen ist und ihre Eltern den fr\u00fcheren Dorfladen f\u00fchrten, kennt sie fast alle, die bei Tante Enso einkaufen. Der pers\u00f6nliche Kontakt macht es gerade \u00e4lteren Menschen leichter, die Scheu vor den modernen Selfcheckout-Kasse zu verlieren. Gleichzeitig ist Tante Enso f\u00fcr die Senior:innen \u2013 aber auch f\u00fcr die anderen Kund:innen \u2013 ein Ort, mit Menschen ins Gespr\u00e4ch zu kommen. Im <a href=\"https:\/\/www.myenso.de\/content\/tanteenso\/standorte\/schnega\/neuigkeiten\/2-jahre-tante-enso\"><strong>Interview auf myenso.de<\/strong><\/a> erz\u00e4hlt Janina R\u00f6hl: \u201eSo wie der Laden meiner Eltern fr\u00fcher ein Treffpunkt war, so ist auch in den vergangenen zwei Jahren der Tante Enso zum Treffpunkt geworden. Dar\u00fcber freue ich mich riesig. Und wir werden alles geben, dass das auch so bleibt.\u201c<\/p>\t\t\t\t\t\t\t\t<\/div>\n\t\t\t\t<\/div>\n\t\t\t\t<div class=\"elementor-element elementor-element-c63acf3 elementor-widget elementor-widget-spacer\" data-id=\"c63acf3\" data-element_type=\"widget\" data-e-type=\"widget\" data-widget_type=\"spacer.default\">\n\t\t\t\t<div class=\"elementor-widget-container\">\n\t\t\t\t\t\t\t<div class=\"elementor-spacer\">\n\t\t\t<div class=\"elementor-spacer-inner\"><\/div>\n\t\t<\/div>\n\t\t\t\t\t\t<\/div>\n\t\t\t\t<\/div>\n\t\t\t\t<div class=\"elementor-element elementor-element-26bc778 elementor-widget elementor-widget-image\" data-id=\"26bc778\" data-element_type=\"widget\" data-e-type=\"widget\" data-widget_type=\"image.default\">\n\t\t\t\t<div class=\"elementor-widget-container\">\n\t\t\t\t\t\t\t\t\t\t\t\t<figure class=\"wp-caption\">\n\t\t\t\t\t\t\t\t\t\t<img fetchpriority=\"high\" decoding=\"async\" width=\"768\" height=\"663\" src=\"https:\/\/www.deutsche-glasfaser.de\/blog\/wp-content\/uploads\/2023\/02\/Beitragsbild_Filiale_Schnega_FINAL-768x663.jpeg\" class=\"attachment-medium_large size-medium_large wp-image-11569\" alt=\"Au\u00dfenansicht vom Dorfladen Tante Enso in Schnega\" srcset=\"https:\/\/www.deutsche-glasfaser.de\/blog\/wp-content\/uploads\/2023\/02\/Beitragsbild_Filiale_Schnega_FINAL-768x663.jpeg 768w, https:\/\/www.deutsche-glasfaser.de\/blog\/wp-content\/uploads\/2023\/02\/Beitragsbild_Filiale_Schnega_FINAL-300x259.jpeg 300w, https:\/\/www.deutsche-glasfaser.de\/blog\/wp-content\/uploads\/2023\/02\/Beitragsbild_Filiale_Schnega_FINAL.jpeg 788w\" sizes=\"(max-width: 768px) 100vw, 768px\" \/>\t\t\t\t\t\t\t\t\t\t\t<figcaption class=\"widget-image-caption wp-caption-text\">Kommt gut bei den Bewohnern an: Tante Enso in Schnega. \u00a9myEnso<\/figcaption>\n\t\t\t\t\t\t\t\t\t\t<\/figure>\n\t\t\t\t\t\t\t\t\t<\/div>\n\t\t\t\t<\/div>\n\t\t\t\t<div class=\"elementor-element elementor-element-d4b691d elementor-widget elementor-widget-spacer\" data-id=\"d4b691d\" data-element_type=\"widget\" data-e-type=\"widget\" data-widget_type=\"spacer.default\">\n\t\t\t\t<div class=\"elementor-widget-container\">\n\t\t\t\t\t\t\t<div class=\"elementor-spacer\">\n\t\t\t<div class=\"elementor-spacer-inner\"><\/div>\n\t\t<\/div>\n\t\t\t\t\t\t<\/div>\n\t\t\t\t<\/div>\n\t\t\t\t<div class=\"elementor-element elementor-element-04295ee elementor-widget elementor-widget-heading\" data-id=\"04295ee\" data-element_type=\"widget\" data-e-type=\"widget\" data-widget_type=\"heading.default\">\n\t\t\t\t<div class=\"elementor-widget-container\">\n\t\t\t\t\t<h2 class=\"elementor-heading-title elementor-size-xl\">Vom Dorfbewohner zum Teilhaber<\/h2>\t\t\t\t<\/div>\n\t\t\t\t<\/div>\n\t\t\t\t<div class=\"elementor-element elementor-element-c36cc26 elementor-widget elementor-widget-spacer\" data-id=\"c36cc26\" data-element_type=\"widget\" data-e-type=\"widget\" data-widget_type=\"spacer.default\">\n\t\t\t\t<div class=\"elementor-widget-container\">\n\t\t\t\t\t\t\t<div class=\"elementor-spacer\">\n\t\t\t<div class=\"elementor-spacer-inner\"><\/div>\n\t\t<\/div>\n\t\t\t\t\t\t<\/div>\n\t\t\t\t<\/div>\n\t\t\t\t<div class=\"elementor-element elementor-element-bc73029 elementor-widget elementor-widget-text-editor\" data-id=\"bc73029\" data-element_type=\"widget\" data-e-type=\"widget\" data-widget_type=\"text-editor.default\">\n\t\t\t\t<div class=\"elementor-widget-container\">\n\t\t\t\t\t\t\t\t\t<p>Die Verbundenheit der Menschen zu ihrem neuen, digitalen Dorfladen wird auch dadurch gef\u00f6rdert, dass eine Genossenschaft dahintersteckt. Bevor Bausch und Hegemann einen Tante-Enso-Laden er\u00f6ffnen, muss der Ort mindestens 300 Anteile zeichnen. Tante Enso wird damit zum Gemeinschaftsprojekt: \u201e300 Anteile hei\u00dfen nicht: einer zeichnet alle, sondern viele Menschen zeichnen viele, um die Idee gemeinsam zu unterst\u00fctzen\u201c, ist auf der <a href=\"https:\/\/www.myenso.de\/content\/tanteenso\/die-idee-von-tante-enso\"><strong>Internetseite des Start-ups<\/strong><\/a> zu lesen. Und weiter: \u201eEuer Ort tr\u00e4gt durch sein Bekenntnis und die Genossenschaftsanteile den Mini-Supermarkt mit. So wird jeder durch die Anteilszeichnung auch Teilhaber an seinem lokalen Tante Enso und kann diesen so unterst\u00fctzen und st\u00e4rken.\u201c<\/p><p>Die ersten Tante-Enso-L\u00e4den er\u00f6ffneten 2019, zurzeit gibt es 16 St\u00fcck, mehr als 50 sind in Planung. Geht es nach den Gr\u00fcndern von Tante Enso, werden noch viele weitere folgen und so ihren Beitrag leisten, die Nahversorgung im l\u00e4ndlichen Raum mithilfe digitaler Technik wieder sicherzustellen.<\/p>\t\t\t\t\t\t\t\t<\/div>\n\t\t\t\t<\/div>\n\t\t\t\t<div class=\"elementor-element elementor-element-7f94e5f elementor-widget-divider--view-line elementor-widget elementor-widget-divider\" data-id=\"7f94e5f\" data-element_type=\"widget\" data-e-type=\"widget\" data-widget_type=\"divider.default\">\n\t\t\t\t<div class=\"elementor-widget-container\">\n\t\t\t\t\t\t\t<div class=\"elementor-divider\">\n\t\t\t<span class=\"elementor-divider-separator\">\n\t\t\t\t\t\t<\/span>\n\t\t<\/div>\n\t\t\t\t\t\t<\/div>\n\t\t\t\t<\/div>\n\t\t\t\t<div class=\"elementor-element elementor-element-1aed440 elementor-widget elementor-widget-text-editor\" data-id=\"1aed440\" data-element_type=\"widget\" data-e-type=\"widget\" data-widget_type=\"text-editor.default\">\n\t\t\t\t<div class=\"elementor-widget-container\">\n\t\t\t\t\t\t\t\t\t<p>Sie m\u00f6chten wissen, wie andere 24\/7-M\u00e4rkte funktionieren? Einen Beitrag \u00fcber das Konzept von &#8222;Emma\u2019s Tag- und Nachtmarkt\u201c lesen Sie <a href=\"https:\/\/www.deutsche-glasfaser.de\/blog\/regional-einkaufen-rund-um-die-uhr-im-digitalen-tante-emma-laden\/\"><strong>hier<\/strong><\/a>.<\/p>\t\t\t\t\t\t\t\t<\/div>\n\t\t\t\t<\/div>\n\t\t\t\t\t<\/div>\n\t\t<\/div>\n\t\t\t\t\t<\/div>\n\t\t<\/section>\n\t\t\t\t<\/div>\n\t\t","protected":false},"excerpt":{"rendered":"<p>Fr\u00fcher gab es Tante Emma-L\u00e4den in fast jedem Dorf. Ein Besuch dort war mehr als Einkaufen, die L\u00e4den waren auch Treffpunkte f\u00fcr die Dorfgemeinschaft. Heute gibt es die kleinen Nahversorger kaum noch, daf\u00fcr moderne Varianten wie Tante Enso: ein digitaler Dorfladen, der niemals schlie\u00dft.<\/p>\n","protected":false},"author":5,"featured_media":11568,"comment_status":"open","ping_status":"open","sticky":false,"template":"","format":"standard","meta":{"footnotes":""},"categories":[69],"tags":[],"class_list":["post-11566","post","type-post","status-publish","format-standard","has-post-thumbnail","hentry","category-arbeit"],"yoast_head":"<!-- This site is optimized with the Yoast SEO plugin v27.5 - https:\/\/yoast.com\/product\/yoast-seo-wordpress\/ -->\n<title>Digitaler Dorfladen: Tante Enso setzt auf B\u00fcrgerbeteiligung - Digitales B\u00fcrgernetz<\/title>\n<meta name=\"description\" content=\"Auf dem Land gibt es immer weniger Superm\u00e4rkte. Digitale Dorfl\u00e4den mit Einlasskarte und Selbstbedienungskasse k\u00f6nnen eine Alternative sein.\" \/>\n<meta name=\"robots\" content=\"index, follow, max-snippet:-1, max-image-preview:large, max-video-preview:-1\" \/>\n<link rel=\"canonical\" href=\"https:\/\/www.deutsche-glasfaser.de\/blog\/einkaufen-auf-dem-land-rund-um-die-uhr-im-dorfladen-mit-tante-enso\/\" \/>\n<meta property=\"og:locale\" content=\"de_DE\" \/>\n<meta property=\"og:type\" content=\"article\" \/>\n<meta property=\"og:title\" content=\"Digitaler Dorfladen: Tante Enso setzt auf B\u00fcrgerbeteiligung - Digitales B\u00fcrgernetz\" \/>\n<meta property=\"og:description\" content=\"Auf dem Land gibt es immer weniger Superm\u00e4rkte. Digitale Dorfl\u00e4den mit Einlasskarte und Selbstbedienungskasse k\u00f6nnen eine Alternative sein.\" \/>\n<meta property=\"og:url\" content=\"https:\/\/www.deutsche-glasfaser.de\/blog\/einkaufen-auf-dem-land-rund-um-die-uhr-im-dorfladen-mit-tante-enso\/\" \/>\n<meta property=\"og:site_name\" content=\"Digitales B\u00fcrgernetz\" \/>\n<meta property=\"article:published_time\" content=\"2023-02-09T07:49:40+00:00\" \/>\n<meta property=\"article:modified_time\" content=\"2023-02-09T07:52:54+00:00\" \/>\n<meta property=\"og:image\" content=\"https:\/\/www.deutsche-glasfaser.de\/blog\/wp-content\/uploads\/2023\/02\/Titelbild_Frau_an_KartenlesegeraCC88t_FINAL.jpeg\" \/>\n\t<meta property=\"og:image:width\" content=\"1024\" \/>\n\t<meta property=\"og:image:height\" content=\"682\" \/>\n\t<meta property=\"og:image:type\" content=\"image\/jpeg\" \/>\n<meta name=\"author\" content=\"Deutsche Glasfaser\" \/>\n<meta name=\"twitter:card\" content=\"summary_large_image\" \/>\n<meta name=\"twitter:label1\" content=\"Verfasst von\" \/>\n\t<meta name=\"twitter:data1\" content=\"Deutsche Glasfaser\" \/>\n\t<meta name=\"twitter:label2\" content=\"Gesch\u00e4tzte Lesezeit\" \/>\n\t<meta name=\"twitter:data2\" content=\"5\u00a0Minuten\" \/>\n<script type=\"application\/ld+json\" class=\"yoast-schema-graph\">{\"@context\":\"https:\\\/\\\/schema.org\",\"@graph\":[{\"@type\":\"Article\",\"@id\":\"https:\\\/\\\/www.deutsche-glasfaser.de\\\/blog\\\/einkaufen-auf-dem-land-rund-um-die-uhr-im-dorfladen-mit-tante-enso\\\/#article\",\"isPartOf\":{\"@id\":\"https:\\\/\\\/www.deutsche-glasfaser.de\\\/blog\\\/einkaufen-auf-dem-land-rund-um-die-uhr-im-dorfladen-mit-tante-enso\\\/\"},\"author\":{\"name\":\"Deutsche Glasfaser\",\"@id\":\"https:\\\/\\\/www.deutsche-glasfaser.de\\\/blog\\\/#\\\/schema\\\/person\\\/9380a6dc7443d77143d0c66c409f574b\"},\"headline\":\"Einkaufen auf dem Land: Rund um die Uhr im Dorfladen mit Tante Enso\",\"datePublished\":\"2023-02-09T07:49:40+00:00\",\"dateModified\":\"2023-02-09T07:52:54+00:00\",\"mainEntityOfPage\":{\"@id\":\"https:\\\/\\\/www.deutsche-glasfaser.de\\\/blog\\\/einkaufen-auf-dem-land-rund-um-die-uhr-im-dorfladen-mit-tante-enso\\\/\"},\"wordCount\":785,\"commentCount\":0,\"publisher\":{\"@id\":\"https:\\\/\\\/www.deutsche-glasfaser.de\\\/blog\\\/#organization\"},\"image\":{\"@id\":\"https:\\\/\\\/www.deutsche-glasfaser.de\\\/blog\\\/einkaufen-auf-dem-land-rund-um-die-uhr-im-dorfladen-mit-tante-enso\\\/#primaryimage\"},\"thumbnailUrl\":\"https:\\\/\\\/www.deutsche-glasfaser.de\\\/blog\\\/wp-content\\\/uploads\\\/2023\\\/02\\\/Titelbild_Frau_an_KartenlesegeraCC88t_FINAL.jpeg\",\"articleSection\":[\"#Arbeit\"],\"inLanguage\":\"de\",\"potentialAction\":[{\"@type\":\"CommentAction\",\"name\":\"Comment\",\"target\":[\"https:\\\/\\\/www.deutsche-glasfaser.de\\\/blog\\\/einkaufen-auf-dem-land-rund-um-die-uhr-im-dorfladen-mit-tante-enso\\\/#respond\"]}]},{\"@type\":\"WebPage\",\"@id\":\"https:\\\/\\\/www.deutsche-glasfaser.de\\\/blog\\\/einkaufen-auf-dem-land-rund-um-die-uhr-im-dorfladen-mit-tante-enso\\\/\",\"url\":\"https:\\\/\\\/www.deutsche-glasfaser.de\\\/blog\\\/einkaufen-auf-dem-land-rund-um-die-uhr-im-dorfladen-mit-tante-enso\\\/\",\"name\":\"Digitaler Dorfladen: Tante Enso setzt auf B\u00fcrgerbeteiligung - Digitales B\u00fcrgernetz\",\"isPartOf\":{\"@id\":\"https:\\\/\\\/www.deutsche-glasfaser.de\\\/blog\\\/#website\"},\"primaryImageOfPage\":{\"@id\":\"https:\\\/\\\/www.deutsche-glasfaser.de\\\/blog\\\/einkaufen-auf-dem-land-rund-um-die-uhr-im-dorfladen-mit-tante-enso\\\/#primaryimage\"},\"image\":{\"@id\":\"https:\\\/\\\/www.deutsche-glasfaser.de\\\/blog\\\/einkaufen-auf-dem-land-rund-um-die-uhr-im-dorfladen-mit-tante-enso\\\/#primaryimage\"},\"thumbnailUrl\":\"https:\\\/\\\/www.deutsche-glasfaser.de\\\/blog\\\/wp-content\\\/uploads\\\/2023\\\/02\\\/Titelbild_Frau_an_KartenlesegeraCC88t_FINAL.jpeg\",\"datePublished\":\"2023-02-09T07:49:40+00:00\",\"dateModified\":\"2023-02-09T07:52:54+00:00\",\"description\":\"Auf dem Land gibt es immer weniger Superm\u00e4rkte. Digitale Dorfl\u00e4den mit Einlasskarte und Selbstbedienungskasse k\u00f6nnen eine Alternative sein.\",\"inLanguage\":\"de\",\"potentialAction\":[{\"@type\":\"ReadAction\",\"target\":[\"https:\\\/\\\/www.deutsche-glasfaser.de\\\/blog\\\/einkaufen-auf-dem-land-rund-um-die-uhr-im-dorfladen-mit-tante-enso\\\/\"]}]},{\"@type\":\"ImageObject\",\"inLanguage\":\"de\",\"@id\":\"https:\\\/\\\/www.deutsche-glasfaser.de\\\/blog\\\/einkaufen-auf-dem-land-rund-um-die-uhr-im-dorfladen-mit-tante-enso\\\/#primaryimage\",\"url\":\"https:\\\/\\\/www.deutsche-glasfaser.de\\\/blog\\\/wp-content\\\/uploads\\\/2023\\\/02\\\/Titelbild_Frau_an_KartenlesegeraCC88t_FINAL.jpeg\",\"contentUrl\":\"https:\\\/\\\/www.deutsche-glasfaser.de\\\/blog\\\/wp-content\\\/uploads\\\/2023\\\/02\\\/Titelbild_Frau_an_KartenlesegeraCC88t_FINAL.jpeg\",\"width\":1024,\"height\":682,\"caption\":\"Im digitalen Dorfladen Tante Enso k\u00f6nnen Kund:innen rund um die Uhr an der Selfcheckout-Kasse bezahlen (\u00a9myEnso)\"},{\"@type\":\"WebSite\",\"@id\":\"https:\\\/\\\/www.deutsche-glasfaser.de\\\/blog\\\/#website\",\"url\":\"https:\\\/\\\/www.deutsche-glasfaser.de\\\/blog\\\/\",\"name\":\"Digitales B\u00fcrgernetz\",\"description\":\"Deutsche Glasfaser Blog\",\"publisher\":{\"@id\":\"https:\\\/\\\/www.deutsche-glasfaser.de\\\/blog\\\/#organization\"},\"potentialAction\":[{\"@type\":\"SearchAction\",\"target\":{\"@type\":\"EntryPoint\",\"urlTemplate\":\"https:\\\/\\\/www.deutsche-glasfaser.de\\\/blog\\\/?s={search_term_string}\"},\"query-input\":{\"@type\":\"PropertyValueSpecification\",\"valueRequired\":true,\"valueName\":\"search_term_string\"}}],\"inLanguage\":\"de\"},{\"@type\":\"Organization\",\"@id\":\"https:\\\/\\\/www.deutsche-glasfaser.de\\\/blog\\\/#organization\",\"name\":\"Digitales B\u00fcrgernetz\",\"url\":\"https:\\\/\\\/www.deutsche-glasfaser.de\\\/blog\\\/\",\"logo\":{\"@type\":\"ImageObject\",\"inLanguage\":\"de\",\"@id\":\"https:\\\/\\\/www.deutsche-glasfaser.de\\\/blog\\\/#\\\/schema\\\/logo\\\/image\\\/\",\"url\":\"https:\\\/\\\/www.deutsche-glasfaser.de\\\/blog\\\/wp-content\\\/uploads\\\/2021\\\/08\\\/DGF_Logo_Basis_RGB-Large@2x.png\",\"contentUrl\":\"https:\\\/\\\/www.deutsche-glasfaser.de\\\/blog\\\/wp-content\\\/uploads\\\/2021\\\/08\\\/DGF_Logo_Basis_RGB-Large@2x.png\",\"width\":312,\"height\":104,\"caption\":\"Digitales B\u00fcrgernetz\"},\"image\":{\"@id\":\"https:\\\/\\\/www.deutsche-glasfaser.de\\\/blog\\\/#\\\/schema\\\/logo\\\/image\\\/\"}},{\"@type\":\"Person\",\"@id\":\"https:\\\/\\\/www.deutsche-glasfaser.de\\\/blog\\\/#\\\/schema\\\/person\\\/9380a6dc7443d77143d0c66c409f574b\",\"name\":\"Deutsche Glasfaser\"}]}<\/script>\n<!-- \/ Yoast SEO plugin. -->","yoast_head_json":{"title":"Digitaler Dorfladen: Tante Enso setzt auf B\u00fcrgerbeteiligung - Digitales B\u00fcrgernetz","description":"Auf dem Land gibt es immer weniger Superm\u00e4rkte. Digitale Dorfl\u00e4den mit Einlasskarte und Selbstbedienungskasse k\u00f6nnen eine Alternative sein.","robots":{"index":"index","follow":"follow","max-snippet":"max-snippet:-1","max-image-preview":"max-image-preview:large","max-video-preview":"max-video-preview:-1"},"canonical":"https:\/\/www.deutsche-glasfaser.de\/blog\/einkaufen-auf-dem-land-rund-um-die-uhr-im-dorfladen-mit-tante-enso\/","og_locale":"de_DE","og_type":"article","og_title":"Digitaler Dorfladen: Tante Enso setzt auf B\u00fcrgerbeteiligung - Digitales B\u00fcrgernetz","og_description":"Auf dem Land gibt es immer weniger Superm\u00e4rkte. Digitale Dorfl\u00e4den mit Einlasskarte und Selbstbedienungskasse k\u00f6nnen eine Alternative sein.","og_url":"https:\/\/www.deutsche-glasfaser.de\/blog\/einkaufen-auf-dem-land-rund-um-die-uhr-im-dorfladen-mit-tante-enso\/","og_site_name":"Digitales B\u00fcrgernetz","article_published_time":"2023-02-09T07:49:40+00:00","article_modified_time":"2023-02-09T07:52:54+00:00","og_image":[{"width":1024,"height":682,"url":"https:\/\/www.deutsche-glasfaser.de\/blog\/wp-content\/uploads\/2023\/02\/Titelbild_Frau_an_KartenlesegeraCC88t_FINAL.jpeg","type":"image\/jpeg"}],"author":"Deutsche Glasfaser","twitter_card":"summary_large_image","twitter_misc":{"Verfasst von":"Deutsche Glasfaser","Gesch\u00e4tzte Lesezeit":"5\u00a0Minuten"},"schema":{"@context":"https:\/\/schema.org","@graph":[{"@type":"Article","@id":"https:\/\/www.deutsche-glasfaser.de\/blog\/einkaufen-auf-dem-land-rund-um-die-uhr-im-dorfladen-mit-tante-enso\/#article","isPartOf":{"@id":"https:\/\/www.deutsche-glasfaser.de\/blog\/einkaufen-auf-dem-land-rund-um-die-uhr-im-dorfladen-mit-tante-enso\/"},"author":{"name":"Deutsche Glasfaser","@id":"https:\/\/www.deutsche-glasfaser.de\/blog\/#\/schema\/person\/9380a6dc7443d77143d0c66c409f574b"},"headline":"Einkaufen auf dem Land: Rund um die Uhr im Dorfladen mit Tante Enso","datePublished":"2023-02-09T07:49:40+00:00","dateModified":"2023-02-09T07:52:54+00:00","mainEntityOfPage":{"@id":"https:\/\/www.deutsche-glasfaser.de\/blog\/einkaufen-auf-dem-land-rund-um-die-uhr-im-dorfladen-mit-tante-enso\/"},"wordCount":785,"commentCount":0,"publisher":{"@id":"https:\/\/www.deutsche-glasfaser.de\/blog\/#organization"},"image":{"@id":"https:\/\/www.deutsche-glasfaser.de\/blog\/einkaufen-auf-dem-land-rund-um-die-uhr-im-dorfladen-mit-tante-enso\/#primaryimage"},"thumbnailUrl":"https:\/\/www.deutsche-glasfaser.de\/blog\/wp-content\/uploads\/2023\/02\/Titelbild_Frau_an_KartenlesegeraCC88t_FINAL.jpeg","articleSection":["#Arbeit"],"inLanguage":"de","potentialAction":[{"@type":"CommentAction","name":"Comment","target":["https:\/\/www.deutsche-glasfaser.de\/blog\/einkaufen-auf-dem-land-rund-um-die-uhr-im-dorfladen-mit-tante-enso\/#respond"]}]},{"@type":"WebPage","@id":"https:\/\/www.deutsche-glasfaser.de\/blog\/einkaufen-auf-dem-land-rund-um-die-uhr-im-dorfladen-mit-tante-enso\/","url":"https:\/\/www.deutsche-glasfaser.de\/blog\/einkaufen-auf-dem-land-rund-um-die-uhr-im-dorfladen-mit-tante-enso\/","name":"Digitaler Dorfladen: Tante Enso setzt auf B\u00fcrgerbeteiligung - Digitales B\u00fcrgernetz","isPartOf":{"@id":"https:\/\/www.deutsche-glasfaser.de\/blog\/#website"},"primaryImageOfPage":{"@id":"https:\/\/www.deutsche-glasfaser.de\/blog\/einkaufen-auf-dem-land-rund-um-die-uhr-im-dorfladen-mit-tante-enso\/#primaryimage"},"image":{"@id":"https:\/\/www.deutsche-glasfaser.de\/blog\/einkaufen-auf-dem-land-rund-um-die-uhr-im-dorfladen-mit-tante-enso\/#primaryimage"},"thumbnailUrl":"https:\/\/www.deutsche-glasfaser.de\/blog\/wp-content\/uploads\/2023\/02\/Titelbild_Frau_an_KartenlesegeraCC88t_FINAL.jpeg","datePublished":"2023-02-09T07:49:40+00:00","dateModified":"2023-02-09T07:52:54+00:00","description":"Auf dem Land gibt es immer weniger Superm\u00e4rkte. Digitale Dorfl\u00e4den mit Einlasskarte und Selbstbedienungskasse k\u00f6nnen eine Alternative sein.","inLanguage":"de","potentialAction":[{"@type":"ReadAction","target":["https:\/\/www.deutsche-glasfaser.de\/blog\/einkaufen-auf-dem-land-rund-um-die-uhr-im-dorfladen-mit-tante-enso\/"]}]},{"@type":"ImageObject","inLanguage":"de","@id":"https:\/\/www.deutsche-glasfaser.de\/blog\/einkaufen-auf-dem-land-rund-um-die-uhr-im-dorfladen-mit-tante-enso\/#primaryimage","url":"https:\/\/www.deutsche-glasfaser.de\/blog\/wp-content\/uploads\/2023\/02\/Titelbild_Frau_an_KartenlesegeraCC88t_FINAL.jpeg","contentUrl":"https:\/\/www.deutsche-glasfaser.de\/blog\/wp-content\/uploads\/2023\/02\/Titelbild_Frau_an_KartenlesegeraCC88t_FINAL.jpeg","width":1024,"height":682,"caption":"Im digitalen Dorfladen Tante Enso k\u00f6nnen Kund:innen rund um die Uhr an der Selfcheckout-Kasse bezahlen (\u00a9myEnso)"},{"@type":"WebSite","@id":"https:\/\/www.deutsche-glasfaser.de\/blog\/#website","url":"https:\/\/www.deutsche-glasfaser.de\/blog\/","name":"Digitales B\u00fcrgernetz","description":"Deutsche Glasfaser Blog","publisher":{"@id":"https:\/\/www.deutsche-glasfaser.de\/blog\/#organization"},"potentialAction":[{"@type":"SearchAction","target":{"@type":"EntryPoint","urlTemplate":"https:\/\/www.deutsche-glasfaser.de\/blog\/?s={search_term_string}"},"query-input":{"@type":"PropertyValueSpecification","valueRequired":true,"valueName":"search_term_string"}}],"inLanguage":"de"},{"@type":"Organization","@id":"https:\/\/www.deutsche-glasfaser.de\/blog\/#organization","name":"Digitales B\u00fcrgernetz","url":"https:\/\/www.deutsche-glasfaser.de\/blog\/","logo":{"@type":"ImageObject","inLanguage":"de","@id":"https:\/\/www.deutsche-glasfaser.de\/blog\/#\/schema\/logo\/image\/","url":"https:\/\/www.deutsche-glasfaser.de\/blog\/wp-content\/uploads\/2021\/08\/DGF_Logo_Basis_RGB-Large@2x.png","contentUrl":"https:\/\/www.deutsche-glasfaser.de\/blog\/wp-content\/uploads\/2021\/08\/DGF_Logo_Basis_RGB-Large@2x.png","width":312,"height":104,"caption":"Digitales B\u00fcrgernetz"},"image":{"@id":"https:\/\/www.deutsche-glasfaser.de\/blog\/#\/schema\/logo\/image\/"}},{"@type":"Person","@id":"https:\/\/www.deutsche-glasfaser.de\/blog\/#\/schema\/person\/9380a6dc7443d77143d0c66c409f574b","name":"Deutsche Glasfaser"}]}},"_links":{"self":[{"href":"https:\/\/www.deutsche-glasfaser.de\/blog\/wp-json\/wp\/v2\/posts\/11566","targetHints":{"allow":["GET"]}}],"collection":[{"href":"https:\/\/www.deutsche-glasfaser.de\/blog\/wp-json\/wp\/v2\/posts"}],"about":[{"href":"https:\/\/www.deutsche-glasfaser.de\/blog\/wp-json\/wp\/v2\/types\/post"}],"author":[{"embeddable":true,"href":"https:\/\/www.deutsche-glasfaser.de\/blog\/wp-json\/wp\/v2\/users\/5"}],"replies":[{"embeddable":true,"href":"https:\/\/www.deutsche-glasfaser.de\/blog\/wp-json\/wp\/v2\/comments?post=11566"}],"version-history":[{"count":8,"href":"https:\/\/www.deutsche-glasfaser.de\/blog\/wp-json\/wp\/v2\/posts\/11566\/revisions"}],"predecessor-version":[{"id":11577,"href":"https:\/\/www.deutsche-glasfaser.de\/blog\/wp-json\/wp\/v2\/posts\/11566\/revisions\/11577"}],"wp:featuredmedia":[{"embeddable":true,"href":"https:\/\/www.deutsche-glasfaser.de\/blog\/wp-json\/wp\/v2\/media\/11568"}],"wp:attachment":[{"href":"https:\/\/www.deutsche-glasfaser.de\/blog\/wp-json\/wp\/v2\/media?parent=11566"}],"wp:term":[{"taxonomy":"category","embeddable":true,"href":"https:\/\/www.deutsche-glasfaser.de\/blog\/wp-json\/wp\/v2\/categories?post=11566"},{"taxonomy":"post_tag","embeddable":true,"href":"https:\/\/www.deutsche-glasfaser.de\/blog\/wp-json\/wp\/v2\/tags?post=11566"}],"curies":[{"name":"wp","href":"https:\/\/api.w.org\/{rel}","templated":true}]}}