{"id":11555,"date":"2023-02-08T09:00:46","date_gmt":"2023-02-08T08:00:46","guid":{"rendered":"https:\/\/www.deutsche-glasfaser.de\/blog\/?p=11555"},"modified":"2025-12-11T12:17:30","modified_gmt":"2025-12-11T11:17:30","slug":"digitale-nomaden-in-der-welt-zuhause","status":"publish","type":"post","link":"https:\/\/www.deutsche-glasfaser.de\/blog\/digitale-nomaden-in-der-welt-zuhause\/","title":{"rendered":"<strong>Digitale Nomaden \u2013 in der Welt zuhause<\/strong>"},"content":{"rendered":"\t\t<div data-elementor-type=\"wp-post\" data-elementor-id=\"11555\" class=\"elementor elementor-11555\">\n\t\t\t\t\t\t<section class=\"elementor-section elementor-top-section elementor-element elementor-element-6504e38 elementor-section-boxed elementor-section-height-default elementor-section-height-default\" data-id=\"6504e38\" data-element_type=\"section\" data-e-type=\"section\">\n\t\t\t\t\t\t<div class=\"elementor-container elementor-column-gap-default\">\n\t\t\t\t\t<div class=\"elementor-column elementor-col-100 elementor-top-column elementor-element elementor-element-91fd50f\" data-id=\"91fd50f\" data-element_type=\"column\" data-e-type=\"column\">\n\t\t\t<div class=\"elementor-widget-wrap elementor-element-populated\">\n\t\t\t\t\t\t<div class=\"elementor-element elementor-element-3f9f58a elementor-widget elementor-widget-text-editor\" data-id=\"3f9f58a\" data-element_type=\"widget\" data-e-type=\"widget\" data-widget_type=\"text-editor.default\">\n\t\t\t\t<div class=\"elementor-widget-container\">\n\t\t\t\t\t\t\t\t\t<p>Wer auf den Kanarischen Inseln \u00fcberwintert, ist jenseits der 60 und Rentner? Das war einmal. Heute leben dort \u2013 wenn auch immer nur einige Monate \u2013 diejenigen, die sich als \u201edigitale Nomaden\u201c verstehen. Mit einer schnellen Internetverbindung \u00fcberwinden sie Zeitzonen und L\u00e4ndergrenzen, arbeiten ortsunabh\u00e4ngig und folgen dem eigenen Freiheitsdrang.<\/p><p>Am Strand sitzen, den Sonnenuntergang genie\u00dfen, dabei den Laptop auf den Knien \u2013 sieht so Arbeit aus? Ja, f\u00fcr alle diejenigen, die <strong>keinen Schreibtisch, kein B\u00fcro und keinen festen Arbeitsplatz<\/strong> brauchen, daf\u00fcr aber Freiheit sch\u00e4tzen und gerne reisen.<\/p><p>Die eine war gerade drei Monate auf Bali, der andere ein halbes Jahr in S\u00fcdafrika und davor in Thailand. Ihre Lieblingsorte sind Berlin und San Diego, Lissabon und Buenos Aires. Sie jetten von Kanada nach Indonesien und von den USA nach Taiwan. Sie sind \u00fcberall da, wo das <strong>Leben spannend<\/strong> und das Internet schnell ist.<\/p><p>Digitale Nomaden gibt es viele und es werden immer mehr. <a href=\"https:\/\/www.mbopartners.com\/state-of-independence\/2021-digital-nomads-research-brief\/\" target=\"_blank\" rel=\"noopener\">Eine Studie der \u00a0amerikanische Unternehmensberatung MBO Partners<\/a> geht beispielsweise davon aus, dass mittlerweile <strong>rund 15,5 Millionen US-B\u00fcrger <\/strong>der ortsunabh\u00e4ngigen Arbeitsweise nachgehen.<\/p><p>Was alle diese Nomaden gemeinsam haben, ist ein <strong>ortsunabh\u00e4ngiger, technologiebasierter Lebensstil<\/strong>, der es ihnen erm\u00f6glicht, \u00fcberall auf der Welt zu leben. Die Gr\u00fcnde sind attraktiv: Selbstbestimmung und <a href=\"https:\/\/www.deutsche-glasfaser.de\/blog\/work-life-balance-wie-die-digitalisierung-das-leben-erleichtert-und-stress-reduziert\/\" target=\"_blank\" rel=\"noopener\">Unabh\u00e4ngigkeit von einem klassischen \u201eNine-to-five-Rhythmus\u201c<\/a> des B\u00fcroalltags. Sie vereinbaren Leben und Arbeit so, wie es ihnen gef\u00e4llt.<\/p><p>Zu klassischen Auswanderern macht sie das nicht. Denn im Gegensatz zu diesen sind digitale Nomaden nicht auf der Suche nach einer bestimmten neuen Heimat, vielmehr zieht sie ihr Freiheitsdrang in die ganze Welt. Eine neue Sesshaftigkeit im Ausland ist bei den meisten nicht vorgesehen \u2013 eher planen sie bereits die <strong>n\u00e4chste Station ihrer Arbeit<\/strong> auf Achse.<\/p>\t\t\t\t\t\t\t\t<\/div>\n\t\t\t\t<\/div>\n\t\t\t\t<div class=\"elementor-element elementor-element-908ab8b elementor-widget elementor-widget-spacer\" data-id=\"908ab8b\" data-element_type=\"widget\" data-e-type=\"widget\" data-widget_type=\"spacer.default\">\n\t\t\t\t<div class=\"elementor-widget-container\">\n\t\t\t\t\t\t\t<div class=\"elementor-spacer\">\n\t\t\t<div class=\"elementor-spacer-inner\"><\/div>\n\t\t<\/div>\n\t\t\t\t\t\t<\/div>\n\t\t\t\t<\/div>\n\t\t\t\t<div class=\"elementor-element elementor-element-51d612d elementor-widget elementor-widget-menu-anchor\" data-id=\"51d612d\" data-element_type=\"widget\" data-e-type=\"widget\" data-widget_type=\"menu-anchor.default\">\n\t\t\t\t<div class=\"elementor-widget-container\">\n\t\t\t\t\t\t\t<div class=\"elementor-menu-anchor\" id=\"EineschnelleInternetverbindungmehrbrauchendigitaleNomadennicht\"><\/div>\n\t\t\t\t\t\t<\/div>\n\t\t\t\t<\/div>\n\t\t\t\t<div class=\"elementor-element elementor-element-f79661e elementor-widget elementor-widget-heading\" data-id=\"f79661e\" data-element_type=\"widget\" data-e-type=\"widget\" data-widget_type=\"heading.default\">\n\t\t\t\t<div class=\"elementor-widget-container\">\n\t\t\t\t\t<h2 class=\"elementor-heading-title elementor-size-xl\">Eine schnelle Internetverbindung \u2013 mehr brauchen digitale Nomaden nicht<\/h2>\t\t\t\t<\/div>\n\t\t\t\t<\/div>\n\t\t\t\t<div class=\"elementor-element elementor-element-de30c96 elementor-widget elementor-widget-spacer\" data-id=\"de30c96\" data-element_type=\"widget\" data-e-type=\"widget\" data-widget_type=\"spacer.default\">\n\t\t\t\t<div class=\"elementor-widget-container\">\n\t\t\t\t\t\t\t<div class=\"elementor-spacer\">\n\t\t\t<div class=\"elementor-spacer-inner\"><\/div>\n\t\t<\/div>\n\t\t\t\t\t\t<\/div>\n\t\t\t\t<\/div>\n\t\t\t\t<div class=\"elementor-element elementor-element-4556fc4 elementor-widget elementor-widget-text-editor\" data-id=\"4556fc4\" data-element_type=\"widget\" data-e-type=\"widget\" data-widget_type=\"text-editor.default\">\n\t\t\t\t<div class=\"elementor-widget-container\">\n\t\t\t\t\t\t\t\t\t<p>Deutlich mehr M\u00e4nner als Frauen entscheiden sich daf\u00fcr, nicht st\u00e4ndig von einem Ort, sondern multilokal zu arbeiten. Dabei wechseln die Orte und die Intervalle der T\u00e4tigkeit. Auff\u00e4llig ist, dass viele <strong>Mitglieder der \u201eGeneration Y\u201c<\/strong> darunter sind. Das ist die Altersgruppe, der nachgesagt wird, mit Smartphone und Notebook auf die Welt zu kommen und \u201eDigital Natives\u201c zu sein.<\/p><p>Sie gelten als <strong>gut vernetzt, technologieaffin und offen<\/strong> f\u00fcr das Arbeiten in anderen L\u00e4ndern. 30 Jahre an einem St\u00fcck f\u00fcr ein Unternehmen zu arbeiten, wie noch ihre Gro\u00dfeltern, das ist nicht ihr Ding. Status, Einkommen und Firmenwagen sind f\u00fcr viele keine ausreichenden Gr\u00fcnde, um <strong>Individualismus, Freiheit und Mut<\/strong> f\u00fcr Neues aufzugeben.<\/p><p>Aber auch immer mehr \u201eBabyboomer\u201c beantragen nicht mehr zu einem vorgegebenen Zeitpunkt Rente und lassen die Arbeit ruhen. Warum nicht auch jenseits einer Altersgrenze auf Reisen gehen und dabei \u2013 wenigstens teilweise \u2013 arbeiten und verdienen?<\/p><p>Wenn diese <strong>Weltenbummler<\/strong> etwas gemeinsam haben, dann sind es ihre Berufe. Jeder, der f\u00fcr seine T\u00e4tigkeit nicht mehr braucht als einen Laptop und eine stabile Internetverbindung, kann im Prinzip \u00fcberall auf der Welt seinem Job nachgehen. Deshalb gibt es so <strong>viele Kreative<\/strong> unter den digitalen Nomaden: Reiseblogger, Texter, Journalisten, Grafiker oder IT-Entwickler.<\/p>\t\t\t\t\t\t\t\t<\/div>\n\t\t\t\t<\/div>\n\t\t\t\t<div class=\"elementor-element elementor-element-78d5c63 elementor-widget elementor-widget-spacer\" data-id=\"78d5c63\" data-element_type=\"widget\" data-e-type=\"widget\" data-widget_type=\"spacer.default\">\n\t\t\t\t<div class=\"elementor-widget-container\">\n\t\t\t\t\t\t\t<div class=\"elementor-spacer\">\n\t\t\t<div class=\"elementor-spacer-inner\"><\/div>\n\t\t<\/div>\n\t\t\t\t\t\t<\/div>\n\t\t\t\t<\/div>\n\t\t\t\t<div class=\"elementor-element elementor-element-7fd8300 elementor-widget elementor-widget-menu-anchor\" data-id=\"7fd8300\" data-element_type=\"widget\" data-e-type=\"widget\" data-widget_type=\"menu-anchor.default\">\n\t\t\t\t<div class=\"elementor-widget-container\">\n\t\t\t\t\t\t\t<div class=\"elementor-menu-anchor\" id=\"DigitalesNomadentumkreativfreiundunabhngig\"><\/div>\n\t\t\t\t\t\t<\/div>\n\t\t\t\t<\/div>\n\t\t\t\t<div class=\"elementor-element elementor-element-7b094c3 elementor-widget elementor-widget-heading\" data-id=\"7b094c3\" data-element_type=\"widget\" data-e-type=\"widget\" data-widget_type=\"heading.default\">\n\t\t\t\t<div class=\"elementor-widget-container\">\n\t\t\t\t\t<h2 class=\"elementor-heading-title elementor-size-xl\">Digitales Nomadentum \u2013 kreativ, frei und unabh\u00e4ngig<\/h2>\t\t\t\t<\/div>\n\t\t\t\t<\/div>\n\t\t\t\t<div class=\"elementor-element elementor-element-4777c14 elementor-widget elementor-widget-spacer\" data-id=\"4777c14\" data-element_type=\"widget\" data-e-type=\"widget\" data-widget_type=\"spacer.default\">\n\t\t\t\t<div class=\"elementor-widget-container\">\n\t\t\t\t\t\t\t<div class=\"elementor-spacer\">\n\t\t\t<div class=\"elementor-spacer-inner\"><\/div>\n\t\t<\/div>\n\t\t\t\t\t\t<\/div>\n\t\t\t\t<\/div>\n\t\t\t\t<div class=\"elementor-element elementor-element-2b75a57 elementor-widget elementor-widget-text-editor\" data-id=\"2b75a57\" data-element_type=\"widget\" data-e-type=\"widget\" data-widget_type=\"text-editor.default\">\n\t\t\t\t<div class=\"elementor-widget-container\">\n\t\t\t\t\t\t\t\t\t<p>Aber auch Spezialisten f\u00fcr <a href=\"https:\/\/www.deutsche-glasfaser.de\/blog\/welche-social-media-plattformen-gibt-es\/\" target=\"_blank\" rel=\"noopener\">Social Media<\/a>, E-Commerce oder Webdesign sind unter den Nomaden zu finden. Sie sind <strong>Einzelunternehmer oder Freiberufler<\/strong>, arbeiten f\u00fcr einen festen Kundenstamm oder wechselnde Auftraggeber. Was sie antreibt, ist der <strong>Wunsch nach Freiheit und die Neugier auf andere Kulturen<\/strong>. Was sie auszeichnet, ist eine gute Selbstorganisation, Hartn\u00e4ckigkeit, Disziplin, Motivation und eine gute Gesch\u00e4ftsidee.<\/p><p>Manche von ihnen haben es geschafft, die Leidenschaft f\u00fcr das Reisen und den Broterwerb zu vereinbaren \u2013 ein Teil der Reiseblogger z\u00e4hlt sich zu den digitalen Nomaden. Andere der umtriebigen Globetrotter haben aber auch ein Gesch\u00e4ftsmodell daraus gemacht, Interessenten f\u00fcr den alternativen Lebensstil in Workshops zu beraten, zu coachen oder ihnen wichtige Kontakte zu vermitteln. So ist etwa das<a href=\"https:\/\/www.dnxfestival.de\/\" target=\"_blank\" rel=\"noopener\"> \u201eDNX-Festival\u201c<\/a> entstanden.<\/p><p>Die beiden Gr\u00fcnder leben in Thailand und Brasilien und haben sich nach der Gr\u00fcndung von Online-Start-ups mit einer Reisewebsite <a href=\"https:\/\/www.deutsche-glasfaser.de\/blog\/onlineshop-eroeffnen-e-commerce-aus-dem-wohnzimmer\/\" target=\"_blank\" rel=\"noopener\">selbstst\u00e4ndig gemacht.<\/a> Mittlerweile veranstalten sie mit dem DNX-Festival seit sieben Jahren die <strong>gr\u00f6\u00dfte<\/strong> <strong>internationale Zusammenkunft<\/strong> f\u00fcr alle, die sich f\u00fcr das Leben als \u201eNomade\u201c interessieren.<\/p><p>Schon l\u00e4ngst gibt es auch Marktpl\u00e4tze f\u00fcr Menschen, die ein \u201eremote year\u201c verbringen oder <strong>als Team eine \u201eWorkation\u201c<\/strong> erleben wollen. Hinter dem Kunstwort steht die Idee, dass gemeinsame Arbeit und Urlaub im Wechsel stattfinden. Unternehmen etwa nutzen Workation als Motivation f\u00fcr Mitarbeiter oder als Ma\u00dfnahme zum Teambuilding.<\/p>\t\t\t\t\t\t\t\t<\/div>\n\t\t\t\t<\/div>\n\t\t\t\t<div class=\"elementor-element elementor-element-b7cd87f elementor-widget elementor-widget-spacer\" data-id=\"b7cd87f\" data-element_type=\"widget\" data-e-type=\"widget\" data-widget_type=\"spacer.default\">\n\t\t\t\t<div class=\"elementor-widget-container\">\n\t\t\t\t\t\t\t<div class=\"elementor-spacer\">\n\t\t\t<div class=\"elementor-spacer-inner\"><\/div>\n\t\t<\/div>\n\t\t\t\t\t\t<\/div>\n\t\t\t\t<\/div>\n\t\t\t\t<div class=\"elementor-element elementor-element-816c08c elementor-widget elementor-widget-image\" data-id=\"816c08c\" data-element_type=\"widget\" data-e-type=\"widget\" data-widget_type=\"image.default\">\n\t\t\t\t<div class=\"elementor-widget-container\">\n\t\t\t\t\t\t\t\t\t\t\t\t\t\t\t<img fetchpriority=\"high\" decoding=\"async\" width=\"768\" height=\"512\" src=\"https:\/\/www.deutsche-glasfaser.de\/blog\/wp-content\/uploads\/2023\/02\/Digitale_Nomaden_Beitrag-768x512.jpg\" class=\"attachment-medium_large size-medium_large wp-image-11556\" alt=\"\" srcset=\"https:\/\/www.deutsche-glasfaser.de\/blog\/wp-content\/uploads\/2023\/02\/Digitale_Nomaden_Beitrag-768x512.jpg 768w, https:\/\/www.deutsche-glasfaser.de\/blog\/wp-content\/uploads\/2023\/02\/Digitale_Nomaden_Beitrag-300x200.jpg 300w, https:\/\/www.deutsche-glasfaser.de\/blog\/wp-content\/uploads\/2023\/02\/Digitale_Nomaden_Beitrag.jpg 800w\" sizes=\"(max-width: 768px) 100vw, 768px\" \/>\t\t\t\t\t\t\t\t\t\t\t\t\t\t\t<\/div>\n\t\t\t\t<\/div>\n\t\t\t\t<div class=\"elementor-element elementor-element-1c95f1c elementor-widget elementor-widget-spacer\" data-id=\"1c95f1c\" data-element_type=\"widget\" data-e-type=\"widget\" data-widget_type=\"spacer.default\">\n\t\t\t\t<div class=\"elementor-widget-container\">\n\t\t\t\t\t\t\t<div class=\"elementor-spacer\">\n\t\t\t<div class=\"elementor-spacer-inner\"><\/div>\n\t\t<\/div>\n\t\t\t\t\t\t<\/div>\n\t\t\t\t<\/div>\n\t\t\t\t<div class=\"elementor-element elementor-element-ff609e4 elementor-widget elementor-widget-menu-anchor\" data-id=\"ff609e4\" data-element_type=\"widget\" data-e-type=\"widget\" data-widget_type=\"menu-anchor.default\">\n\t\t\t\t<div class=\"elementor-widget-container\">\n\t\t\t\t\t\t\t<div class=\"elementor-menu-anchor\" id=\"ArbeitsmodellederZukunft\"><\/div>\n\t\t\t\t\t\t<\/div>\n\t\t\t\t<\/div>\n\t\t\t\t<div class=\"elementor-element elementor-element-0762359 elementor-widget elementor-widget-heading\" data-id=\"0762359\" data-element_type=\"widget\" data-e-type=\"widget\" data-widget_type=\"heading.default\">\n\t\t\t\t<div class=\"elementor-widget-container\">\n\t\t\t\t\t<h2 class=\"elementor-heading-title elementor-size-xl\">Arbeitsmodelle der Zukunft<\/h2>\t\t\t\t<\/div>\n\t\t\t\t<\/div>\n\t\t\t\t<div class=\"elementor-element elementor-element-e9f4803 elementor-widget elementor-widget-spacer\" data-id=\"e9f4803\" data-element_type=\"widget\" data-e-type=\"widget\" data-widget_type=\"spacer.default\">\n\t\t\t\t<div class=\"elementor-widget-container\">\n\t\t\t\t\t\t\t<div class=\"elementor-spacer\">\n\t\t\t<div class=\"elementor-spacer-inner\"><\/div>\n\t\t<\/div>\n\t\t\t\t\t\t<\/div>\n\t\t\t\t<\/div>\n\t\t\t\t<div class=\"elementor-element elementor-element-ca11a3a elementor-widget elementor-widget-text-editor\" data-id=\"ca11a3a\" data-element_type=\"widget\" data-e-type=\"widget\" data-widget_type=\"text-editor.default\">\n\t\t\t\t<div class=\"elementor-widget-container\">\n\t\t\t\t\t\t\t\t\t<p>L\u00e4ngst nicht jeder Nomade reist wirklich stets und st\u00e4ndig in exotisch ferne L\u00e4nder. Je mehr das Angebot von <strong>Co-Living- und Co-Working-Spaces<\/strong> zunimmt, desto mehr Menschen begeistern sich f\u00fcr einen Lebensstil, den sie in Barcelona ebenso leben k\u00f6nnen wie in Bielefeld \u2013 f\u00fcr kurze oder l\u00e4ngere Zeit.<\/p><p>\u00dcber Formen von Telearbeit wird seit vielen Jahren schon diskutiert und geforscht. Aber Ph\u00e4nomene, wie das der <strong>digitalen Nomaden oder des \u201eRemote Working\u201c<\/strong>, werden erst durch zwei Entwicklungen Wirklichkeit. Die eine ist die fortschreitende Digitalisierung. Sie schafft erst die Voraussetzung f\u00fcr flexibles, ortsunabh\u00e4ngiges Arbeiten. <strong>Online-Video- und Chatdienste<\/strong> bieten Austausch und Vernetzung rund um den Globus. Collaboration-Tools erm\u00f6glichen die Koordination von Aufgaben und Projekten in einem Team \u2013 dauerhaft oder nur f\u00fcr ein Projekt.<\/p><p>Die andere ist die Tatsache, dass immer mehr Unternehmen andere Formen von Arbeit und Arbeitszeit anbieten. Letztlich k\u00f6nnen auch <strong>angestellte Mitarbeiter digitale Nomaden <\/strong>sein, wenn sie ortsunabh\u00e4ngig in wechselnden Projekten, mit wechselnden Teams, aber f\u00fcr einen Arbeitgeber t\u00e4tig sind. Einzige H\u00fcrde bleibt hier bisweilen die <strong>Zeitverschiebung<\/strong>. Geh\u00f6ren Meetings und kurzfristige Abstimmungen zum Arbeitsalltag, m\u00fcssen Remote-Arbeitende im Zweifelsfall auch mal verf\u00fcgbar sein, wenn in ihrer Zeitzone gerade nicht die klassischen Kernarbeitszeiten sind.<\/p><p>Die M\u00f6glichkeiten, Anwesenheit im Unternehmen mit Homeoffice oder mobilem Arbeiten zu kombinieren sind heute so vielf\u00e4ltig wie noch nie. Im Wettstreit um qualifizierte Mitarbeiter spielen flexible Arbeitsm\u00f6glichkeiten und die Balance von Leben und Arbeiten eine immer gr\u00f6\u00dfere Rolle. Arbeiten von morgen hat heute schon begonnen. Digitale Nomaden haben den Weg daf\u00fcr geebnet.<\/p>\t\t\t\t\t\t\t\t<\/div>\n\t\t\t\t<\/div>\n\t\t\t\t\t<\/div>\n\t\t<\/div>\n\t\t\t\t\t<\/div>\n\t\t<\/section>\n\t\t\t\t<\/div>\n\t\t","protected":false},"excerpt":{"rendered":"<p>Wer auf den Kanarischen Inseln \u00fcberwintert, ist jenseits der 60 und Rentner? Das war einmal. Heute leben dort \u2013 wenn auch immer nur einige Monate \u2013 diejenigen, die sich als \u201edigitale Nomaden\u201c verstehen. Mit einer schnellen Internetverbindung \u00fcberwinden sie Zeitzonen und L\u00e4ndergrenzen, arbeiten ortsunabh\u00e4ngig und folgen dem eigenen Freiheitsdrang.<\/p>\n","protected":false},"author":5,"featured_media":11557,"comment_status":"open","ping_status":"open","sticky":false,"template":"","format":"standard","meta":{"footnotes":""},"categories":[1],"tags":[],"class_list":["post-11555","post","type-post","status-publish","format-standard","has-post-thumbnail","hentry","category-service"],"yoast_head":"<!-- This site is optimized with the Yoast SEO plugin v27.5 - https:\/\/yoast.com\/product\/yoast-seo-wordpress\/ -->\n<title>Digitale Nomaden: ortsunabh\u00e4ngig arbeiten und leben<\/title>\n<meta name=\"description\" content=\"Digitale Nomaden arbeiten dank Internet rund um den Globus \u2013 wie die Arbeit ohne \u2716Schreibtisch \u2716B\u00fcro und \u2716festen Arbeitsplatz aussieht? Jetzt erfahren!\" \/>\n<meta name=\"robots\" content=\"index, follow, max-snippet:-1, max-image-preview:large, max-video-preview:-1\" \/>\n<link rel=\"canonical\" href=\"https:\/\/www.deutsche-glasfaser.de\/blog\/digitale-nomaden-in-der-welt-zuhause\/\" \/>\n<meta property=\"og:locale\" content=\"de_DE\" \/>\n<meta property=\"og:type\" content=\"article\" \/>\n<meta property=\"og:title\" content=\"Digitale Nomaden: ortsunabh\u00e4ngig arbeiten und leben\" \/>\n<meta property=\"og:description\" content=\"Digitale Nomaden arbeiten dank Internet rund um den Globus \u2013 wie die Arbeit ohne \u2716Schreibtisch \u2716B\u00fcro und \u2716festen Arbeitsplatz aussieht? Jetzt erfahren!\" \/>\n<meta property=\"og:url\" content=\"https:\/\/www.deutsche-glasfaser.de\/blog\/digitale-nomaden-in-der-welt-zuhause\/\" \/>\n<meta property=\"og:site_name\" content=\"Digitales B\u00fcrgernetz\" \/>\n<meta property=\"article:published_time\" content=\"2023-02-08T08:00:46+00:00\" \/>\n<meta property=\"article:modified_time\" content=\"2025-12-11T11:17:30+00:00\" \/>\n<meta property=\"og:image\" content=\"https:\/\/www.deutsche-glasfaser.de\/blog\/wp-content\/uploads\/2023\/02\/Digitale_Nomaden_Header.jpg\" \/>\n\t<meta property=\"og:image:width\" content=\"1500\" \/>\n\t<meta property=\"og:image:height\" content=\"705\" \/>\n\t<meta property=\"og:image:type\" content=\"image\/jpeg\" \/>\n<meta name=\"author\" content=\"Deutsche Glasfaser\" \/>\n<meta name=\"twitter:card\" content=\"summary_large_image\" \/>\n<meta name=\"twitter:label1\" content=\"Verfasst von\" \/>\n\t<meta name=\"twitter:data1\" content=\"Deutsche Glasfaser\" \/>\n\t<meta name=\"twitter:label2\" content=\"Gesch\u00e4tzte Lesezeit\" \/>\n\t<meta name=\"twitter:data2\" content=\"6\u00a0Minuten\" \/>\n<script type=\"application\/ld+json\" class=\"yoast-schema-graph\">{\"@context\":\"https:\\\/\\\/schema.org\",\"@graph\":[{\"@type\":\"Article\",\"@id\":\"https:\\\/\\\/www.deutsche-glasfaser.de\\\/blog\\\/digitale-nomaden-in-der-welt-zuhause\\\/#article\",\"isPartOf\":{\"@id\":\"https:\\\/\\\/www.deutsche-glasfaser.de\\\/blog\\\/digitale-nomaden-in-der-welt-zuhause\\\/\"},\"author\":{\"name\":\"Deutsche Glasfaser\",\"@id\":\"https:\\\/\\\/www.deutsche-glasfaser.de\\\/blog\\\/#\\\/schema\\\/person\\\/9380a6dc7443d77143d0c66c409f574b\"},\"headline\":\"Digitale Nomaden \u2013 in der Welt zuhause\",\"datePublished\":\"2023-02-08T08:00:46+00:00\",\"dateModified\":\"2025-12-11T11:17:30+00:00\",\"mainEntityOfPage\":{\"@id\":\"https:\\\/\\\/www.deutsche-glasfaser.de\\\/blog\\\/digitale-nomaden-in-der-welt-zuhause\\\/\"},\"wordCount\":1007,\"commentCount\":0,\"publisher\":{\"@id\":\"https:\\\/\\\/www.deutsche-glasfaser.de\\\/blog\\\/#organization\"},\"image\":{\"@id\":\"https:\\\/\\\/www.deutsche-glasfaser.de\\\/blog\\\/digitale-nomaden-in-der-welt-zuhause\\\/#primaryimage\"},\"thumbnailUrl\":\"https:\\\/\\\/www.deutsche-glasfaser.de\\\/blog\\\/wp-content\\\/uploads\\\/2023\\\/02\\\/Digitale_Nomaden_Header.jpg\",\"articleSection\":[\"Service\"],\"inLanguage\":\"de\",\"potentialAction\":[{\"@type\":\"CommentAction\",\"name\":\"Comment\",\"target\":[\"https:\\\/\\\/www.deutsche-glasfaser.de\\\/blog\\\/digitale-nomaden-in-der-welt-zuhause\\\/#respond\"]}]},{\"@type\":\"WebPage\",\"@id\":\"https:\\\/\\\/www.deutsche-glasfaser.de\\\/blog\\\/digitale-nomaden-in-der-welt-zuhause\\\/\",\"url\":\"https:\\\/\\\/www.deutsche-glasfaser.de\\\/blog\\\/digitale-nomaden-in-der-welt-zuhause\\\/\",\"name\":\"Digitale Nomaden: ortsunabh\u00e4ngig arbeiten und leben\",\"isPartOf\":{\"@id\":\"https:\\\/\\\/www.deutsche-glasfaser.de\\\/blog\\\/#website\"},\"primaryImageOfPage\":{\"@id\":\"https:\\\/\\\/www.deutsche-glasfaser.de\\\/blog\\\/digitale-nomaden-in-der-welt-zuhause\\\/#primaryimage\"},\"image\":{\"@id\":\"https:\\\/\\\/www.deutsche-glasfaser.de\\\/blog\\\/digitale-nomaden-in-der-welt-zuhause\\\/#primaryimage\"},\"thumbnailUrl\":\"https:\\\/\\\/www.deutsche-glasfaser.de\\\/blog\\\/wp-content\\\/uploads\\\/2023\\\/02\\\/Digitale_Nomaden_Header.jpg\",\"datePublished\":\"2023-02-08T08:00:46+00:00\",\"dateModified\":\"2025-12-11T11:17:30+00:00\",\"description\":\"Digitale Nomaden arbeiten dank Internet rund um den Globus \u2013 wie die Arbeit ohne \u2716Schreibtisch \u2716B\u00fcro und \u2716festen Arbeitsplatz aussieht? Jetzt erfahren!\",\"inLanguage\":\"de\",\"potentialAction\":[{\"@type\":\"ReadAction\",\"target\":[\"https:\\\/\\\/www.deutsche-glasfaser.de\\\/blog\\\/digitale-nomaden-in-der-welt-zuhause\\\/\"]}]},{\"@type\":\"ImageObject\",\"inLanguage\":\"de\",\"@id\":\"https:\\\/\\\/www.deutsche-glasfaser.de\\\/blog\\\/digitale-nomaden-in-der-welt-zuhause\\\/#primaryimage\",\"url\":\"https:\\\/\\\/www.deutsche-glasfaser.de\\\/blog\\\/wp-content\\\/uploads\\\/2023\\\/02\\\/Digitale_Nomaden_Header.jpg\",\"contentUrl\":\"https:\\\/\\\/www.deutsche-glasfaser.de\\\/blog\\\/wp-content\\\/uploads\\\/2023\\\/02\\\/Digitale_Nomaden_Header.jpg\",\"width\":1500,\"height\":705},{\"@type\":\"WebSite\",\"@id\":\"https:\\\/\\\/www.deutsche-glasfaser.de\\\/blog\\\/#website\",\"url\":\"https:\\\/\\\/www.deutsche-glasfaser.de\\\/blog\\\/\",\"name\":\"Digitales B\u00fcrgernetz\",\"description\":\"Deutsche Glasfaser Blog\",\"publisher\":{\"@id\":\"https:\\\/\\\/www.deutsche-glasfaser.de\\\/blog\\\/#organization\"},\"potentialAction\":[{\"@type\":\"SearchAction\",\"target\":{\"@type\":\"EntryPoint\",\"urlTemplate\":\"https:\\\/\\\/www.deutsche-glasfaser.de\\\/blog\\\/?s={search_term_string}\"},\"query-input\":{\"@type\":\"PropertyValueSpecification\",\"valueRequired\":true,\"valueName\":\"search_term_string\"}}],\"inLanguage\":\"de\"},{\"@type\":\"Organization\",\"@id\":\"https:\\\/\\\/www.deutsche-glasfaser.de\\\/blog\\\/#organization\",\"name\":\"Digitales B\u00fcrgernetz\",\"url\":\"https:\\\/\\\/www.deutsche-glasfaser.de\\\/blog\\\/\",\"logo\":{\"@type\":\"ImageObject\",\"inLanguage\":\"de\",\"@id\":\"https:\\\/\\\/www.deutsche-glasfaser.de\\\/blog\\\/#\\\/schema\\\/logo\\\/image\\\/\",\"url\":\"https:\\\/\\\/www.deutsche-glasfaser.de\\\/blog\\\/wp-content\\\/uploads\\\/2021\\\/08\\\/DGF_Logo_Basis_RGB-Large@2x.png\",\"contentUrl\":\"https:\\\/\\\/www.deutsche-glasfaser.de\\\/blog\\\/wp-content\\\/uploads\\\/2021\\\/08\\\/DGF_Logo_Basis_RGB-Large@2x.png\",\"width\":312,\"height\":104,\"caption\":\"Digitales B\u00fcrgernetz\"},\"image\":{\"@id\":\"https:\\\/\\\/www.deutsche-glasfaser.de\\\/blog\\\/#\\\/schema\\\/logo\\\/image\\\/\"}},{\"@type\":\"Person\",\"@id\":\"https:\\\/\\\/www.deutsche-glasfaser.de\\\/blog\\\/#\\\/schema\\\/person\\\/9380a6dc7443d77143d0c66c409f574b\",\"name\":\"Deutsche Glasfaser\"}]}<\/script>\n<!-- \/ Yoast SEO plugin. -->","yoast_head_json":{"title":"Digitale Nomaden: ortsunabh\u00e4ngig arbeiten und leben","description":"Digitale Nomaden arbeiten dank Internet rund um den Globus \u2013 wie die Arbeit ohne \u2716Schreibtisch \u2716B\u00fcro und \u2716festen Arbeitsplatz aussieht? Jetzt erfahren!","robots":{"index":"index","follow":"follow","max-snippet":"max-snippet:-1","max-image-preview":"max-image-preview:large","max-video-preview":"max-video-preview:-1"},"canonical":"https:\/\/www.deutsche-glasfaser.de\/blog\/digitale-nomaden-in-der-welt-zuhause\/","og_locale":"de_DE","og_type":"article","og_title":"Digitale Nomaden: ortsunabh\u00e4ngig arbeiten und leben","og_description":"Digitale Nomaden arbeiten dank Internet rund um den Globus \u2013 wie die Arbeit ohne \u2716Schreibtisch \u2716B\u00fcro und \u2716festen Arbeitsplatz aussieht? Jetzt erfahren!","og_url":"https:\/\/www.deutsche-glasfaser.de\/blog\/digitale-nomaden-in-der-welt-zuhause\/","og_site_name":"Digitales B\u00fcrgernetz","article_published_time":"2023-02-08T08:00:46+00:00","article_modified_time":"2025-12-11T11:17:30+00:00","og_image":[{"width":1500,"height":705,"url":"https:\/\/www.deutsche-glasfaser.de\/blog\/wp-content\/uploads\/2023\/02\/Digitale_Nomaden_Header.jpg","type":"image\/jpeg"}],"author":"Deutsche Glasfaser","twitter_card":"summary_large_image","twitter_misc":{"Verfasst von":"Deutsche Glasfaser","Gesch\u00e4tzte Lesezeit":"6\u00a0Minuten"},"schema":{"@context":"https:\/\/schema.org","@graph":[{"@type":"Article","@id":"https:\/\/www.deutsche-glasfaser.de\/blog\/digitale-nomaden-in-der-welt-zuhause\/#article","isPartOf":{"@id":"https:\/\/www.deutsche-glasfaser.de\/blog\/digitale-nomaden-in-der-welt-zuhause\/"},"author":{"name":"Deutsche Glasfaser","@id":"https:\/\/www.deutsche-glasfaser.de\/blog\/#\/schema\/person\/9380a6dc7443d77143d0c66c409f574b"},"headline":"Digitale Nomaden \u2013 in der Welt zuhause","datePublished":"2023-02-08T08:00:46+00:00","dateModified":"2025-12-11T11:17:30+00:00","mainEntityOfPage":{"@id":"https:\/\/www.deutsche-glasfaser.de\/blog\/digitale-nomaden-in-der-welt-zuhause\/"},"wordCount":1007,"commentCount":0,"publisher":{"@id":"https:\/\/www.deutsche-glasfaser.de\/blog\/#organization"},"image":{"@id":"https:\/\/www.deutsche-glasfaser.de\/blog\/digitale-nomaden-in-der-welt-zuhause\/#primaryimage"},"thumbnailUrl":"https:\/\/www.deutsche-glasfaser.de\/blog\/wp-content\/uploads\/2023\/02\/Digitale_Nomaden_Header.jpg","articleSection":["Service"],"inLanguage":"de","potentialAction":[{"@type":"CommentAction","name":"Comment","target":["https:\/\/www.deutsche-glasfaser.de\/blog\/digitale-nomaden-in-der-welt-zuhause\/#respond"]}]},{"@type":"WebPage","@id":"https:\/\/www.deutsche-glasfaser.de\/blog\/digitale-nomaden-in-der-welt-zuhause\/","url":"https:\/\/www.deutsche-glasfaser.de\/blog\/digitale-nomaden-in-der-welt-zuhause\/","name":"Digitale Nomaden: ortsunabh\u00e4ngig arbeiten und leben","isPartOf":{"@id":"https:\/\/www.deutsche-glasfaser.de\/blog\/#website"},"primaryImageOfPage":{"@id":"https:\/\/www.deutsche-glasfaser.de\/blog\/digitale-nomaden-in-der-welt-zuhause\/#primaryimage"},"image":{"@id":"https:\/\/www.deutsche-glasfaser.de\/blog\/digitale-nomaden-in-der-welt-zuhause\/#primaryimage"},"thumbnailUrl":"https:\/\/www.deutsche-glasfaser.de\/blog\/wp-content\/uploads\/2023\/02\/Digitale_Nomaden_Header.jpg","datePublished":"2023-02-08T08:00:46+00:00","dateModified":"2025-12-11T11:17:30+00:00","description":"Digitale Nomaden arbeiten dank Internet rund um den Globus \u2013 wie die Arbeit ohne \u2716Schreibtisch \u2716B\u00fcro und \u2716festen Arbeitsplatz aussieht? Jetzt erfahren!","inLanguage":"de","potentialAction":[{"@type":"ReadAction","target":["https:\/\/www.deutsche-glasfaser.de\/blog\/digitale-nomaden-in-der-welt-zuhause\/"]}]},{"@type":"ImageObject","inLanguage":"de","@id":"https:\/\/www.deutsche-glasfaser.de\/blog\/digitale-nomaden-in-der-welt-zuhause\/#primaryimage","url":"https:\/\/www.deutsche-glasfaser.de\/blog\/wp-content\/uploads\/2023\/02\/Digitale_Nomaden_Header.jpg","contentUrl":"https:\/\/www.deutsche-glasfaser.de\/blog\/wp-content\/uploads\/2023\/02\/Digitale_Nomaden_Header.jpg","width":1500,"height":705},{"@type":"WebSite","@id":"https:\/\/www.deutsche-glasfaser.de\/blog\/#website","url":"https:\/\/www.deutsche-glasfaser.de\/blog\/","name":"Digitales B\u00fcrgernetz","description":"Deutsche Glasfaser Blog","publisher":{"@id":"https:\/\/www.deutsche-glasfaser.de\/blog\/#organization"},"potentialAction":[{"@type":"SearchAction","target":{"@type":"EntryPoint","urlTemplate":"https:\/\/www.deutsche-glasfaser.de\/blog\/?s={search_term_string}"},"query-input":{"@type":"PropertyValueSpecification","valueRequired":true,"valueName":"search_term_string"}}],"inLanguage":"de"},{"@type":"Organization","@id":"https:\/\/www.deutsche-glasfaser.de\/blog\/#organization","name":"Digitales B\u00fcrgernetz","url":"https:\/\/www.deutsche-glasfaser.de\/blog\/","logo":{"@type":"ImageObject","inLanguage":"de","@id":"https:\/\/www.deutsche-glasfaser.de\/blog\/#\/schema\/logo\/image\/","url":"https:\/\/www.deutsche-glasfaser.de\/blog\/wp-content\/uploads\/2021\/08\/DGF_Logo_Basis_RGB-Large@2x.png","contentUrl":"https:\/\/www.deutsche-glasfaser.de\/blog\/wp-content\/uploads\/2021\/08\/DGF_Logo_Basis_RGB-Large@2x.png","width":312,"height":104,"caption":"Digitales B\u00fcrgernetz"},"image":{"@id":"https:\/\/www.deutsche-glasfaser.de\/blog\/#\/schema\/logo\/image\/"}},{"@type":"Person","@id":"https:\/\/www.deutsche-glasfaser.de\/blog\/#\/schema\/person\/9380a6dc7443d77143d0c66c409f574b","name":"Deutsche Glasfaser"}]}},"_links":{"self":[{"href":"https:\/\/www.deutsche-glasfaser.de\/blog\/wp-json\/wp\/v2\/posts\/11555","targetHints":{"allow":["GET"]}}],"collection":[{"href":"https:\/\/www.deutsche-glasfaser.de\/blog\/wp-json\/wp\/v2\/posts"}],"about":[{"href":"https:\/\/www.deutsche-glasfaser.de\/blog\/wp-json\/wp\/v2\/types\/post"}],"author":[{"embeddable":true,"href":"https:\/\/www.deutsche-glasfaser.de\/blog\/wp-json\/wp\/v2\/users\/5"}],"replies":[{"embeddable":true,"href":"https:\/\/www.deutsche-glasfaser.de\/blog\/wp-json\/wp\/v2\/comments?post=11555"}],"version-history":[{"count":8,"href":"https:\/\/www.deutsche-glasfaser.de\/blog\/wp-json\/wp\/v2\/posts\/11555\/revisions"}],"predecessor-version":[{"id":11565,"href":"https:\/\/www.deutsche-glasfaser.de\/blog\/wp-json\/wp\/v2\/posts\/11555\/revisions\/11565"}],"wp:featuredmedia":[{"embeddable":true,"href":"https:\/\/www.deutsche-glasfaser.de\/blog\/wp-json\/wp\/v2\/media\/11557"}],"wp:attachment":[{"href":"https:\/\/www.deutsche-glasfaser.de\/blog\/wp-json\/wp\/v2\/media?parent=11555"}],"wp:term":[{"taxonomy":"category","embeddable":true,"href":"https:\/\/www.deutsche-glasfaser.de\/blog\/wp-json\/wp\/v2\/categories?post=11555"},{"taxonomy":"post_tag","embeddable":true,"href":"https:\/\/www.deutsche-glasfaser.de\/blog\/wp-json\/wp\/v2\/tags?post=11555"}],"curies":[{"name":"wp","href":"https:\/\/api.w.org\/{rel}","templated":true}]}}