{"id":11110,"date":"2022-12-16T10:25:24","date_gmt":"2022-12-16T09:25:24","guid":{"rendered":"https:\/\/www.deutsche-glasfaser.de\/blog\/?p=11110"},"modified":"2022-12-16T10:28:41","modified_gmt":"2022-12-16T09:28:41","slug":"leandoo-software-die-den-kita-alltag-vereinfacht","status":"publish","type":"post","link":"https:\/\/www.deutsche-glasfaser.de\/blog\/leandoo-software-die-den-kita-alltag-vereinfacht\/","title":{"rendered":"<strong>Leandoo: Software, die den Kita-Alltag vereinfacht<\/strong>"},"content":{"rendered":"\t\t<div data-elementor-type=\"wp-post\" data-elementor-id=\"11110\" class=\"elementor elementor-11110\">\n\t\t\t\t\t\t<section class=\"elementor-section elementor-top-section elementor-element elementor-element-57c25c7 elementor-section-boxed elementor-section-height-default elementor-section-height-default\" data-id=\"57c25c7\" data-element_type=\"section\" data-e-type=\"section\">\n\t\t\t\t\t\t<div class=\"elementor-container elementor-column-gap-default\">\n\t\t\t\t\t<div class=\"elementor-column elementor-col-100 elementor-top-column elementor-element elementor-element-b2ce940\" data-id=\"b2ce940\" data-element_type=\"column\" data-e-type=\"column\">\n\t\t\t<div class=\"elementor-widget-wrap elementor-element-populated\">\n\t\t\t\t\t\t<div class=\"elementor-element elementor-element-d651b01 elementor-widget elementor-widget-text-editor\" data-id=\"d651b01\" data-element_type=\"widget\" data-e-type=\"widget\" data-widget_type=\"text-editor.default\">\n\t\t\t\t<div class=\"elementor-widget-container\">\n\t\t\t\t\t\t\t\t\t<p>Mehr Zeit f\u00fcr Kinder: Die Software Leandoo vereinfacht das Datenmanagement und die Kommunikation in Kitas. \u00a9Getty Images<\/p>\t\t\t\t\t\t\t\t<\/div>\n\t\t\t\t<\/div>\n\t\t\t\t\t<\/div>\n\t\t<\/div>\n\t\t\t\t\t<\/div>\n\t\t<\/section>\n\t\t\t\t<section class=\"elementor-section elementor-top-section elementor-element elementor-element-5627794 elementor-section-boxed elementor-section-height-default elementor-section-height-default\" data-id=\"5627794\" data-element_type=\"section\" data-e-type=\"section\">\n\t\t\t\t\t\t<div class=\"elementor-container elementor-column-gap-default\">\n\t\t\t\t\t<div class=\"elementor-column elementor-col-100 elementor-top-column elementor-element elementor-element-d4b4c2f\" data-id=\"d4b4c2f\" data-element_type=\"column\" data-e-type=\"column\">\n\t\t\t<div class=\"elementor-widget-wrap elementor-element-populated\">\n\t\t\t\t\t\t<div class=\"elementor-element elementor-element-01134d5 elementor-widget elementor-widget-text-editor\" data-id=\"01134d5\" data-element_type=\"widget\" data-e-type=\"widget\" data-widget_type=\"text-editor.default\">\n\t\t\t\t<div class=\"elementor-widget-container\">\n\t\t\t\t\t\t\t\t\t<p>Viele Eltern kennen die Situation: Morgens stellt man fest, dass die Tochter oder der Sohn krank ist, schnell m\u00f6chte man der Kita Bescheid geben. Doch dort ist st\u00e4ndig besetzt. Das kostet Zeit und Nerven \u2013 nicht nur die Eltern, sondern auch die Erzieherinnen und Erzieher, die morgens gerade in der Erk\u00e4ltungszeit zahlreiche Anrufe entgegennehmen m\u00fcssen, w\u00e4hrend sie gleichzeitig die ankommenden Kinder in Empfang nehmen. Digitale Werkzeuge k\u00f6nnen solche und andere Probleme l\u00f6sen, oder die Abl\u00e4ufe zumindest deutlich vereinfachen. Bei den Kitas kommen sie gut an.<\/p>\t\t\t\t\t\t\t\t<\/div>\n\t\t\t\t<\/div>\n\t\t\t\t<div class=\"elementor-element elementor-element-3ba7e8e elementor-widget elementor-widget-spacer\" data-id=\"3ba7e8e\" data-element_type=\"widget\" data-e-type=\"widget\" data-widget_type=\"spacer.default\">\n\t\t\t\t<div class=\"elementor-widget-container\">\n\t\t\t\t\t\t\t<div class=\"elementor-spacer\">\n\t\t\t<div class=\"elementor-spacer-inner\"><\/div>\n\t\t<\/div>\n\t\t\t\t\t\t<\/div>\n\t\t\t\t<\/div>\n\t\t\t\t<div class=\"elementor-element elementor-element-f79c99b elementor-widget elementor-widget-heading\" data-id=\"f79c99b\" data-element_type=\"widget\" data-e-type=\"widget\" data-widget_type=\"heading.default\">\n\t\t\t\t<div class=\"elementor-widget-container\">\n\t\t\t\t\t<h2 class=\"elementor-heading-title elementor-size-xl\">Digitalisierung erreicht die Kitas<\/h2>\t\t\t\t<\/div>\n\t\t\t\t<\/div>\n\t\t\t\t<div class=\"elementor-element elementor-element-99c88da elementor-widget elementor-widget-spacer\" data-id=\"99c88da\" data-element_type=\"widget\" data-e-type=\"widget\" data-widget_type=\"spacer.default\">\n\t\t\t\t<div class=\"elementor-widget-container\">\n\t\t\t\t\t\t\t<div class=\"elementor-spacer\">\n\t\t\t<div class=\"elementor-spacer-inner\"><\/div>\n\t\t<\/div>\n\t\t\t\t\t\t<\/div>\n\t\t\t\t<\/div>\n\t\t\t\t<div class=\"elementor-element elementor-element-d38344c elementor-widget elementor-widget-text-editor\" data-id=\"d38344c\" data-element_type=\"widget\" data-e-type=\"widget\" data-widget_type=\"text-editor.default\">\n\t\t\t\t<div class=\"elementor-widget-container\">\n\t\t\t\t\t\t\t\t\t<p>Forschungseinrichtung des Bayerischen Staatsministeriums, w\u00e4chst der Markt f\u00fcr Kita-Apps und Softwarel\u00f6sungen stetig, immer mehr Einrichtungen nutzen die digitalen Werkzeuge. Um den Kitas einen \u00dcberblick \u00fcber das vorhandene Angebot zu geben, hat das Institut die Expertise <a href=\"https:\/\/www.kita-digital-bayern.de\/files\/media\/public\/downloads\/KitaApps-IFP-Expertise-Auflage-2-August-2021-final.pdf\">\u201e<strong>Kita Apps \u2013 Apps und Softwarel\u00f6sungen f\u00fcr mittelbare p\u00e4dagogische Aufgaben in der Kita\u201c<\/strong><\/a> erstellt. Demnach k\u00f6nnen Kitas in vier verschiedenen Aufgabenbereichen von den digitalen L\u00f6sungen profitieren: bei der Bildungs- und Entwicklungsdokumentation der Kinder, bei der Kommunikation mit den Eltern, beim Austausch im Team und in der Kitaverwaltung. Die Vorteile liegen f\u00fcr die Autoren der Expertise auf der Hand: \u201eSoftwarel\u00f6sungen verm\u00f6gen in diesen Bereichen zweierlei zu leisten: Ressourcenersparnis und Qualita\u0308tsverbesserungen. So k\u00f6nnen digital abgelegte Informationen unkompliziert, schnell, zeitlich flexibel und von verschiedenen Orten und Ger\u00e4ten aus umgehend mit anderen geteilt werden; damit sparen beispielsweise digital versandte Elternbriefe sowohl die Ressourcen \u201eArbeitszeit\u201c wie \u201ePapier\u201c und sind insofern qualita\u0308tswirksam, als sie manche Eltern zuverl\u00e4ssiger erreichen, als dies auf analogem Weg m\u00f6glich ist.\u201c<\/p>\t\t\t\t\t\t\t\t<\/div>\n\t\t\t\t<\/div>\n\t\t\t\t<div class=\"elementor-element elementor-element-1abedf2 elementor-widget elementor-widget-spacer\" data-id=\"1abedf2\" data-element_type=\"widget\" data-e-type=\"widget\" data-widget_type=\"spacer.default\">\n\t\t\t\t<div class=\"elementor-widget-container\">\n\t\t\t\t\t\t\t<div class=\"elementor-spacer\">\n\t\t\t<div class=\"elementor-spacer-inner\"><\/div>\n\t\t<\/div>\n\t\t\t\t\t\t<\/div>\n\t\t\t\t<\/div>\n\t\t\t\t<div class=\"elementor-element elementor-element-74f5612 elementor-widget elementor-widget-image\" data-id=\"74f5612\" data-element_type=\"widget\" data-e-type=\"widget\" data-widget_type=\"image.default\">\n\t\t\t\t<div class=\"elementor-widget-container\">\n\t\t\t\t\t\t\t\t\t\t\t\t<figure class=\"wp-caption\">\n\t\t\t\t\t\t\t\t\t\t<img fetchpriority=\"high\" decoding=\"async\" width=\"768\" height=\"663\" src=\"https:\/\/www.deutsche-glasfaser.de\/blog\/wp-content\/uploads\/2022\/12\/Beitragsbild_GettyImages-1421557967_FINAL-768x663.jpeg\" class=\"attachment-medium_large size-medium_large wp-image-11113\" alt=\"Mutter sitzt mit Kind auf dem Scho\u00df vor einem aufgeklappten Laptop.\" srcset=\"https:\/\/www.deutsche-glasfaser.de\/blog\/wp-content\/uploads\/2022\/12\/Beitragsbild_GettyImages-1421557967_FINAL-768x663.jpeg 768w, https:\/\/www.deutsche-glasfaser.de\/blog\/wp-content\/uploads\/2022\/12\/Beitragsbild_GettyImages-1421557967_FINAL-300x259.jpeg 300w, https:\/\/www.deutsche-glasfaser.de\/blog\/wp-content\/uploads\/2022\/12\/Beitragsbild_GettyImages-1421557967_FINAL.jpeg 788w\" sizes=\"(max-width: 768px) 100vw, 768px\" \/>\t\t\t\t\t\t\t\t\t\t\t<figcaption class=\"widget-image-caption wp-caption-text\">Schnell erledigt: Wenn das Kind krank ist, k\u00f6nnen Eltern es \u00fcber Kita-Apps bei der Einrichtung abmelden. \u00a9 Getty Images<\/figcaption>\n\t\t\t\t\t\t\t\t\t\t<\/figure>\n\t\t\t\t\t\t\t\t\t<\/div>\n\t\t\t\t<\/div>\n\t\t\t\t<div class=\"elementor-element elementor-element-62c2381 elementor-widget elementor-widget-spacer\" data-id=\"62c2381\" data-element_type=\"widget\" data-e-type=\"widget\" data-widget_type=\"spacer.default\">\n\t\t\t\t<div class=\"elementor-widget-container\">\n\t\t\t\t\t\t\t<div class=\"elementor-spacer\">\n\t\t\t<div class=\"elementor-spacer-inner\"><\/div>\n\t\t<\/div>\n\t\t\t\t\t\t<\/div>\n\t\t\t\t<\/div>\n\t\t\t\t<div class=\"elementor-element elementor-element-afa3fbe elementor-widget elementor-widget-heading\" data-id=\"afa3fbe\" data-element_type=\"widget\" data-e-type=\"widget\" data-widget_type=\"heading.default\">\n\t\t\t\t<div class=\"elementor-widget-container\">\n\t\t\t\t\t<h2 class=\"elementor-heading-title elementor-size-xl\">Leandoo: Beispiel f\u00fcr eine Komplettl\u00f6sung<\/h2>\t\t\t\t<\/div>\n\t\t\t\t<\/div>\n\t\t\t\t<div class=\"elementor-element elementor-element-a0f5e73 elementor-widget elementor-widget-spacer\" data-id=\"a0f5e73\" data-element_type=\"widget\" data-e-type=\"widget\" data-widget_type=\"spacer.default\">\n\t\t\t\t<div class=\"elementor-widget-container\">\n\t\t\t\t\t\t\t<div class=\"elementor-spacer\">\n\t\t\t<div class=\"elementor-spacer-inner\"><\/div>\n\t\t<\/div>\n\t\t\t\t\t\t<\/div>\n\t\t\t\t<\/div>\n\t\t\t\t<div class=\"elementor-element elementor-element-1edda20 elementor-widget elementor-widget-text-editor\" data-id=\"1edda20\" data-element_type=\"widget\" data-e-type=\"widget\" data-widget_type=\"text-editor.default\">\n\t\t\t\t<div class=\"elementor-widget-container\">\n\t\t\t\t\t\t\t\t\t<p>Entsprechend der Aufgabenbereiche unterscheiden die Autoren der Expertise zwischen Dokumentations-, Kommunikations- und Komplettl\u00f6sungen. Zu letzteren z\u00e4hlt unter anderem <a href=\"https:\/\/leandoo.com\/\"><strong>Leandoo<\/strong><\/a>. Hinter den Namen steckt ein kleines Unternehmen mit Sitz in NRW. Gr\u00fcnder Christoph Schneemann erz\u00e4hlt auf <a href=\"https:\/\/www.berlin.de\/wirtschaft\/startups\/interviews\/3519363-934258-leandoogruender-christoph-schneemann.html\"><strong>berlin.de<\/strong><\/a>, was ihn dazu gebracht hat, Leandoo zu entwickeln: \u201eDie Idee kam, als unser Sohn in die Kita kam. Dort hatten wir im Vorfeld pers\u00f6nliche Gespr\u00e4che mit den Erzieherinnen und der Leiterin. Man \u00fcberreichte uns dann diverse analoge Formulare, die wir alle mit den gleichen Informationen, z.B. Name, Geb.-Datum, Namen der Eltern, Kontaktdaten etc. versehen sollten. Da dachten wir uns, das muss auch umweltschonender, effizienter, kommunikativer und vor allem einfacher gehen.\u201c<\/p>\t\t\t\t\t\t\t\t<\/div>\n\t\t\t\t<\/div>\n\t\t\t\t<div class=\"elementor-element elementor-element-a797754 elementor-widget elementor-widget-spacer\" data-id=\"a797754\" data-element_type=\"widget\" data-e-type=\"widget\" data-widget_type=\"spacer.default\">\n\t\t\t\t<div class=\"elementor-widget-container\">\n\t\t\t\t\t\t\t<div class=\"elementor-spacer\">\n\t\t\t<div class=\"elementor-spacer-inner\"><\/div>\n\t\t<\/div>\n\t\t\t\t\t\t<\/div>\n\t\t\t\t<\/div>\n\t\t\t\t<div class=\"elementor-element elementor-element-a7714a9 elementor-widget elementor-widget-heading\" data-id=\"a7714a9\" data-element_type=\"widget\" data-e-type=\"widget\" data-widget_type=\"heading.default\">\n\t\t\t\t<div class=\"elementor-widget-container\">\n\t\t\t\t\t<h2 class=\"elementor-heading-title elementor-size-xl\">Gemacht f\u00fcr Eltern, Einrichtungen und Tr\u00e4ger<\/h2>\t\t\t\t<\/div>\n\t\t\t\t<\/div>\n\t\t\t\t<div class=\"elementor-element elementor-element-71c694f elementor-widget elementor-widget-spacer\" data-id=\"71c694f\" data-element_type=\"widget\" data-e-type=\"widget\" data-widget_type=\"spacer.default\">\n\t\t\t\t<div class=\"elementor-widget-container\">\n\t\t\t\t\t\t\t<div class=\"elementor-spacer\">\n\t\t\t<div class=\"elementor-spacer-inner\"><\/div>\n\t\t<\/div>\n\t\t\t\t\t\t<\/div>\n\t\t\t\t<\/div>\n\t\t\t\t<div class=\"elementor-element elementor-element-951d425 elementor-widget elementor-widget-text-editor\" data-id=\"951d425\" data-element_type=\"widget\" data-e-type=\"widget\" data-widget_type=\"text-editor.default\">\n\t\t\t\t<div class=\"elementor-widget-container\">\n\t\t\t\t\t\t\t\t\t<p>Das Ergebnis von Schneemanns Gedanken hei\u00dft seit 2014 Leandoo. Das Tool richtet sich vor allem an Eltern und Kitas, aber auch deren Tr\u00e4ger. Es setzt sich aus vier Bausteinen zusammen:<\/p><ul><li>Die Kitasoftware f\u00fcr Kita-Leiter und Erzieher hilft, alle wichtigen Daten zu verwalten und Eltern auf dem Laufenden zu halten. Es lassen sich zum Beispiel Abwesenheiten erfassen, Termine speichern sowie Speisepl\u00e4ne, Dienstpl\u00e4ne, Beobachtungspl\u00e4ne und Portfolios erstellen. Statt Informationen auszudrucken, k\u00f6nnen Erzieher:innen diese den Eltern digital zur Verf\u00fcgung stellen.<\/li><li>Die Eltern erhalten alle relevanten Infos \u00fcber die Eltern-App oder das Eltern-Portal. Statt das Kind mit einem Anruf krank zu melden, kann die Abwesenheit via App \u00fcbermittelt werden. Au\u00dferdem k\u00f6nnen Kita-Mitarbeitende und Eltern pers\u00f6nliche Nachrichten untereinander austauschen. Termine lassen sich direkt im eigenen Kalender speichern.<\/li><li>Mit der App \u201eTerminal by Leandoo\u201d k\u00f6nnen Einrichtungen die Arbeitszeiten der Mitarbeitenden sowie die Bring- und Abholzeiten der Kinder erfassen \u2013 via Tablet zum Beispiel direkt am Eingang der Kita.<\/li><li>\u00dcber eine Tr\u00e4ger-Ansicht erhalten die Tr\u00e4ger der Einrichtungen erweiterte Funktionen. Dazu z\u00e4hlen unter anderem die Verwaltung von Elternbeitr\u00e4gen und die Buchungen von Betreuungsgeldern. Au\u00dferdem bietet die Ansicht ein Wartelisten-Management, mit dem sich Mehrfachanmeldungen vermeiden lassen.<br \/><br \/><\/li><\/ul><p>Die Kosten f\u00fcr Leandoo richten sich nach der Gr\u00f6\u00dfe der Einrichtung: Bei bis zu 15 Kindern ist das Tool kostenlos. <\/p>\t\t\t\t\t\t\t\t<\/div>\n\t\t\t\t<\/div>\n\t\t\t\t<div class=\"elementor-element elementor-element-cde4bab elementor-widget elementor-widget-spacer\" data-id=\"cde4bab\" data-element_type=\"widget\" data-e-type=\"widget\" data-widget_type=\"spacer.default\">\n\t\t\t\t<div class=\"elementor-widget-container\">\n\t\t\t\t\t\t\t<div class=\"elementor-spacer\">\n\t\t\t<div class=\"elementor-spacer-inner\"><\/div>\n\t\t<\/div>\n\t\t\t\t\t\t<\/div>\n\t\t\t\t<\/div>\n\t\t\t\t<div class=\"elementor-element elementor-element-4b9131d elementor-widget elementor-widget-heading\" data-id=\"4b9131d\" data-element_type=\"widget\" data-e-type=\"widget\" data-widget_type=\"heading.default\">\n\t\t\t\t<div class=\"elementor-widget-container\">\n\t\t\t\t\t<h2 class=\"elementor-heading-title elementor-size-xl\">Leandoo im Praxistest<\/h2>\t\t\t\t<\/div>\n\t\t\t\t<\/div>\n\t\t\t\t<div class=\"elementor-element elementor-element-060ea23 elementor-widget elementor-widget-spacer\" data-id=\"060ea23\" data-element_type=\"widget\" data-e-type=\"widget\" data-widget_type=\"spacer.default\">\n\t\t\t\t<div class=\"elementor-widget-container\">\n\t\t\t\t\t\t\t<div class=\"elementor-spacer\">\n\t\t\t<div class=\"elementor-spacer-inner\"><\/div>\n\t\t<\/div>\n\t\t\t\t\t\t<\/div>\n\t\t\t\t<\/div>\n\t\t\t\t<div class=\"elementor-element elementor-element-45848ce elementor-widget elementor-widget-text-editor\" data-id=\"45848ce\" data-element_type=\"widget\" data-e-type=\"widget\" data-widget_type=\"text-editor.default\">\n\t\t\t\t<div class=\"elementor-widget-container\">\n\t\t\t\t\t\t\t\t\t<p>Leandoo kommt bereits in verschiedenen Kitas zum Einsatz. So hat zum Beispiel die DRK-Wohlfahrt 2019 begonnen, die Komplettl\u00f6sung im Rahmen eines <a href=\"https:\/\/drk-wohlfahrt.de\/unsere-themen\/soziale-innovation-digitalisierung\/kompetenzzentren-digitalisierung\/digitale-kita-mit-den-kompetenzzentren\/#c28570\"><strong>Pilotprojekts<\/strong><\/a> in der Kindertagesst\u00e4tte Anneliese-Pfeiffer in Plettenberg-Ohle und in der DRK-Kita Schalksm\u00fchle zu testen. Das Fazit der Kita-Leitung bereits ein dreiviertel Jahr nach Einf\u00fchrung der Software: \u201eWir haben jetzt immer alle relevanten Informationen bei uns. Egal ob es um die Verpflegung am Mittag geht oder um eine Notfallsituation, bei der das Geb\u00e4ude ger\u00e4umt werden muss, ein einfaches Handy gen\u00fcgt zum Abruf der Anwesenheiten.\u201c In einer <a href=\"https:\/\/drk-wohlfahrt.de\/unsere-themen\/soziale-innovation-digitalisierung\/best-practices-digitale-wohlfahrt\/\"><strong>dreiteiligen Videoreihe<\/strong><\/a> berichtet au\u00dferdem die DRK-Kita \u201eAm Stadtpark\u201c in Versmold \u00fcber die Erfahrungen, die sie mit Leandoo gemacht hat. Susan Sommer, die als Kita-Leitung die Einf\u00fchrung begleitet hat, r\u00e4t: \u201eIch kann jedem nur empfehlen, [\u2026] mutig nach vorne zu gucken bei der Digitalisierung. Denn Digitalisierung soll was Einfaches sein, es soll eigentlich die Einrichtung und den Tr\u00e4ger befl\u00fcgeln. Und ich bin mir sicher, wenn man mit einer solchen Leichtigkeit reingeht: dass der Arbeitsalltag allgemein leichter wird durch die Nutzung einer solchen M\u00f6glichkeit, und das Vernetzen wesentlich einfacher erfolgt, weil es automatisiert wird.\u201c<\/p>\t\t\t\t\t\t\t\t<\/div>\n\t\t\t\t<\/div>\n\t\t\t\t<div class=\"elementor-element elementor-element-8222489 elementor-widget elementor-widget-spacer\" data-id=\"8222489\" data-element_type=\"widget\" data-e-type=\"widget\" data-widget_type=\"spacer.default\">\n\t\t\t\t<div class=\"elementor-widget-container\">\n\t\t\t\t\t\t\t<div class=\"elementor-spacer\">\n\t\t\t<div class=\"elementor-spacer-inner\"><\/div>\n\t\t<\/div>\n\t\t\t\t\t\t<\/div>\n\t\t\t\t<\/div>\n\t\t\t\t<div class=\"elementor-element elementor-element-a0ccf9b elementor-widget elementor-widget-heading\" data-id=\"a0ccf9b\" data-element_type=\"widget\" data-e-type=\"widget\" data-widget_type=\"heading.default\">\n\t\t\t\t<div class=\"elementor-widget-container\">\n\t\t\t\t\t<h2 class=\"elementor-heading-title elementor-size-xl\">Expertise nutzen<\/h2>\t\t\t\t<\/div>\n\t\t\t\t<\/div>\n\t\t\t\t<div class=\"elementor-element elementor-element-9c76075 elementor-widget elementor-widget-spacer\" data-id=\"9c76075\" data-element_type=\"widget\" data-e-type=\"widget\" data-widget_type=\"spacer.default\">\n\t\t\t\t<div class=\"elementor-widget-container\">\n\t\t\t\t\t\t\t<div class=\"elementor-spacer\">\n\t\t\t<div class=\"elementor-spacer-inner\"><\/div>\n\t\t<\/div>\n\t\t\t\t\t\t<\/div>\n\t\t\t\t<\/div>\n\t\t\t\t<div class=\"elementor-element elementor-element-2c8af2b elementor-widget elementor-widget-text-editor\" data-id=\"2c8af2b\" data-element_type=\"widget\" data-e-type=\"widget\" data-widget_type=\"text-editor.default\">\n\t\t\t\t<div class=\"elementor-widget-container\">\n\t\t\t\t\t\t\t\t\t<p>Kitas, die das Potenzial der Digitalisierung k\u00fcnftig f\u00fcr ihren Alltag nutzen m\u00f6chten, erhalten in der <a href=\"https:\/\/www.kita-digital-bayern.de\/files\/media\/public\/downloads\/KitaApps-IFP-Expertise-Auflage-2-August-2021-final.pdf\"><strong>Kita-Expertise<\/strong><\/a> des IFP umfassende Hilfestellung: nicht nur einen \u00dcberblick \u00fcber die aktuell zur Verf\u00fcgung stehenden L\u00f6sungen, sondern auch Infos, wie man das passende Tool findet und wie die Einf\u00fchrung gelingt. Au\u00dferdem beschreibt die Expertise die Datenschutzanforderungen, die bei Kita-Apps und Software zu beachten sind und informiert dar\u00fcber, wie die Etablierung von digitalen L\u00f6sungen von staatlicher Seite unterst\u00fctzt wird.<\/p>\t\t\t\t\t\t\t\t<\/div>\n\t\t\t\t<\/div>\n\t\t\t\t\t<\/div>\n\t\t<\/div>\n\t\t\t\t\t<\/div>\n\t\t<\/section>\n\t\t\t\t<\/div>\n\t\t","protected":false},"excerpt":{"rendered":"<p>In Kindertageseinrichtungen ist der Alltag bis heute h\u00e4ufig analog gepr\u00e4gt. Digitale Werkzeuge k\u00f6nnen aber auch in Kitas die Arbeit vereinfachen. Ein Beispiel sind Apps und Software-L\u00f6sungen wie Leandoo. Das Tool hilft beim Datenmanagement und erleichtert die Kommunikation f\u00fcr Mitarbeitende und Eltern.<\/p>\n","protected":false},"author":5,"featured_media":11112,"comment_status":"open","ping_status":"open","sticky":false,"template":"","format":"standard","meta":{"footnotes":""},"categories":[69],"tags":[],"class_list":["post-11110","post","type-post","status-publish","format-standard","has-post-thumbnail","hentry","category-arbeit"],"yoast_head":"<!-- This site is optimized with the Yoast SEO plugin v27.5 - https:\/\/yoast.com\/product\/yoast-seo-wordpress\/ -->\n<title>Apps und Software vereinfachen den Kita-Alltag - Digitales B\u00fcrgernetz<\/title>\n<meta name=\"description\" content=\"Die Kita-Software Leandoo erm\u00f6glicht Leiter:innnen und Erzieher:innen ein effizientes Datenmanagement und eine unkomplizierte Kommunikation mit Eltern.\" \/>\n<meta name=\"robots\" content=\"index, follow, max-snippet:-1, max-image-preview:large, max-video-preview:-1\" \/>\n<link rel=\"canonical\" href=\"https:\/\/www.deutsche-glasfaser.de\/blog\/leandoo-software-die-den-kita-alltag-vereinfacht\/\" \/>\n<meta property=\"og:locale\" content=\"de_DE\" \/>\n<meta property=\"og:type\" content=\"article\" \/>\n<meta property=\"og:title\" content=\"Apps und Software vereinfachen den Kita-Alltag - Digitales B\u00fcrgernetz\" \/>\n<meta property=\"og:description\" content=\"Die Kita-Software Leandoo erm\u00f6glicht Leiter:innnen und Erzieher:innen ein effizientes Datenmanagement und eine unkomplizierte Kommunikation mit Eltern.\" \/>\n<meta property=\"og:url\" content=\"https:\/\/www.deutsche-glasfaser.de\/blog\/leandoo-software-die-den-kita-alltag-vereinfacht\/\" \/>\n<meta property=\"og:site_name\" content=\"Digitales B\u00fcrgernetz\" \/>\n<meta property=\"article:published_time\" content=\"2022-12-16T09:25:24+00:00\" \/>\n<meta property=\"article:modified_time\" content=\"2022-12-16T09:28:41+00:00\" \/>\n<meta property=\"og:image\" content=\"https:\/\/www.deutsche-glasfaser.de\/blog\/wp-content\/uploads\/2022\/12\/Titelbild_GettyImages-1067731518_FINAL.jpeg\" \/>\n\t<meta property=\"og:image:width\" content=\"1024\" \/>\n\t<meta property=\"og:image:height\" content=\"682\" \/>\n\t<meta property=\"og:image:type\" content=\"image\/jpeg\" \/>\n<meta name=\"author\" content=\"Deutsche Glasfaser\" \/>\n<meta name=\"twitter:card\" content=\"summary_large_image\" \/>\n<meta name=\"twitter:label1\" content=\"Verfasst von\" \/>\n\t<meta name=\"twitter:data1\" content=\"Deutsche Glasfaser\" \/>\n\t<meta name=\"twitter:label2\" content=\"Gesch\u00e4tzte Lesezeit\" \/>\n\t<meta name=\"twitter:data2\" content=\"5\u00a0Minuten\" \/>\n<script type=\"application\/ld+json\" class=\"yoast-schema-graph\">{\"@context\":\"https:\\\/\\\/schema.org\",\"@graph\":[{\"@type\":\"Article\",\"@id\":\"https:\\\/\\\/www.deutsche-glasfaser.de\\\/blog\\\/leandoo-software-die-den-kita-alltag-vereinfacht\\\/#article\",\"isPartOf\":{\"@id\":\"https:\\\/\\\/www.deutsche-glasfaser.de\\\/blog\\\/leandoo-software-die-den-kita-alltag-vereinfacht\\\/\"},\"author\":{\"name\":\"Deutsche Glasfaser\",\"@id\":\"https:\\\/\\\/www.deutsche-glasfaser.de\\\/blog\\\/#\\\/schema\\\/person\\\/9380a6dc7443d77143d0c66c409f574b\"},\"headline\":\"Leandoo: Software, die den Kita-Alltag vereinfacht\",\"datePublished\":\"2022-12-16T09:25:24+00:00\",\"dateModified\":\"2022-12-16T09:28:41+00:00\",\"mainEntityOfPage\":{\"@id\":\"https:\\\/\\\/www.deutsche-glasfaser.de\\\/blog\\\/leandoo-software-die-den-kita-alltag-vereinfacht\\\/\"},\"wordCount\":940,\"commentCount\":0,\"publisher\":{\"@id\":\"https:\\\/\\\/www.deutsche-glasfaser.de\\\/blog\\\/#organization\"},\"image\":{\"@id\":\"https:\\\/\\\/www.deutsche-glasfaser.de\\\/blog\\\/leandoo-software-die-den-kita-alltag-vereinfacht\\\/#primaryimage\"},\"thumbnailUrl\":\"https:\\\/\\\/www.deutsche-glasfaser.de\\\/blog\\\/wp-content\\\/uploads\\\/2022\\\/12\\\/Titelbild_GettyImages-1067731518_FINAL.jpeg\",\"articleSection\":[\"#Arbeit\"],\"inLanguage\":\"de\",\"potentialAction\":[{\"@type\":\"CommentAction\",\"name\":\"Comment\",\"target\":[\"https:\\\/\\\/www.deutsche-glasfaser.de\\\/blog\\\/leandoo-software-die-den-kita-alltag-vereinfacht\\\/#respond\"]}]},{\"@type\":\"WebPage\",\"@id\":\"https:\\\/\\\/www.deutsche-glasfaser.de\\\/blog\\\/leandoo-software-die-den-kita-alltag-vereinfacht\\\/\",\"url\":\"https:\\\/\\\/www.deutsche-glasfaser.de\\\/blog\\\/leandoo-software-die-den-kita-alltag-vereinfacht\\\/\",\"name\":\"Apps und Software vereinfachen den Kita-Alltag - Digitales B\u00fcrgernetz\",\"isPartOf\":{\"@id\":\"https:\\\/\\\/www.deutsche-glasfaser.de\\\/blog\\\/#website\"},\"primaryImageOfPage\":{\"@id\":\"https:\\\/\\\/www.deutsche-glasfaser.de\\\/blog\\\/leandoo-software-die-den-kita-alltag-vereinfacht\\\/#primaryimage\"},\"image\":{\"@id\":\"https:\\\/\\\/www.deutsche-glasfaser.de\\\/blog\\\/leandoo-software-die-den-kita-alltag-vereinfacht\\\/#primaryimage\"},\"thumbnailUrl\":\"https:\\\/\\\/www.deutsche-glasfaser.de\\\/blog\\\/wp-content\\\/uploads\\\/2022\\\/12\\\/Titelbild_GettyImages-1067731518_FINAL.jpeg\",\"datePublished\":\"2022-12-16T09:25:24+00:00\",\"dateModified\":\"2022-12-16T09:28:41+00:00\",\"description\":\"Die Kita-Software Leandoo erm\u00f6glicht Leiter:innnen und Erzieher:innen ein effizientes Datenmanagement und eine unkomplizierte Kommunikation mit Eltern.\",\"inLanguage\":\"de\",\"potentialAction\":[{\"@type\":\"ReadAction\",\"target\":[\"https:\\\/\\\/www.deutsche-glasfaser.de\\\/blog\\\/leandoo-software-die-den-kita-alltag-vereinfacht\\\/\"]}]},{\"@type\":\"ImageObject\",\"inLanguage\":\"de\",\"@id\":\"https:\\\/\\\/www.deutsche-glasfaser.de\\\/blog\\\/leandoo-software-die-den-kita-alltag-vereinfacht\\\/#primaryimage\",\"url\":\"https:\\\/\\\/www.deutsche-glasfaser.de\\\/blog\\\/wp-content\\\/uploads\\\/2022\\\/12\\\/Titelbild_GettyImages-1067731518_FINAL.jpeg\",\"contentUrl\":\"https:\\\/\\\/www.deutsche-glasfaser.de\\\/blog\\\/wp-content\\\/uploads\\\/2022\\\/12\\\/Titelbild_GettyImages-1067731518_FINAL.jpeg\",\"width\":1024,\"height\":682,\"caption\":\"Mehr Zeit f\u00fcr Kinder: Die Software Leandoo vereinfacht das Datenmanagement und die Kommunikation in Kitas (\u00a9Getty Images)\"},{\"@type\":\"WebSite\",\"@id\":\"https:\\\/\\\/www.deutsche-glasfaser.de\\\/blog\\\/#website\",\"url\":\"https:\\\/\\\/www.deutsche-glasfaser.de\\\/blog\\\/\",\"name\":\"Digitales B\u00fcrgernetz\",\"description\":\"Deutsche Glasfaser Blog\",\"publisher\":{\"@id\":\"https:\\\/\\\/www.deutsche-glasfaser.de\\\/blog\\\/#organization\"},\"potentialAction\":[{\"@type\":\"SearchAction\",\"target\":{\"@type\":\"EntryPoint\",\"urlTemplate\":\"https:\\\/\\\/www.deutsche-glasfaser.de\\\/blog\\\/?s={search_term_string}\"},\"query-input\":{\"@type\":\"PropertyValueSpecification\",\"valueRequired\":true,\"valueName\":\"search_term_string\"}}],\"inLanguage\":\"de\"},{\"@type\":\"Organization\",\"@id\":\"https:\\\/\\\/www.deutsche-glasfaser.de\\\/blog\\\/#organization\",\"name\":\"Digitales B\u00fcrgernetz\",\"url\":\"https:\\\/\\\/www.deutsche-glasfaser.de\\\/blog\\\/\",\"logo\":{\"@type\":\"ImageObject\",\"inLanguage\":\"de\",\"@id\":\"https:\\\/\\\/www.deutsche-glasfaser.de\\\/blog\\\/#\\\/schema\\\/logo\\\/image\\\/\",\"url\":\"https:\\\/\\\/www.deutsche-glasfaser.de\\\/blog\\\/wp-content\\\/uploads\\\/2021\\\/08\\\/DGF_Logo_Basis_RGB-Large@2x.png\",\"contentUrl\":\"https:\\\/\\\/www.deutsche-glasfaser.de\\\/blog\\\/wp-content\\\/uploads\\\/2021\\\/08\\\/DGF_Logo_Basis_RGB-Large@2x.png\",\"width\":312,\"height\":104,\"caption\":\"Digitales B\u00fcrgernetz\"},\"image\":{\"@id\":\"https:\\\/\\\/www.deutsche-glasfaser.de\\\/blog\\\/#\\\/schema\\\/logo\\\/image\\\/\"}},{\"@type\":\"Person\",\"@id\":\"https:\\\/\\\/www.deutsche-glasfaser.de\\\/blog\\\/#\\\/schema\\\/person\\\/9380a6dc7443d77143d0c66c409f574b\",\"name\":\"Deutsche Glasfaser\"}]}<\/script>\n<!-- \/ Yoast SEO plugin. -->","yoast_head_json":{"title":"Apps und Software vereinfachen den Kita-Alltag - Digitales B\u00fcrgernetz","description":"Die Kita-Software Leandoo erm\u00f6glicht Leiter:innnen und Erzieher:innen ein effizientes Datenmanagement und eine unkomplizierte Kommunikation mit Eltern.","robots":{"index":"index","follow":"follow","max-snippet":"max-snippet:-1","max-image-preview":"max-image-preview:large","max-video-preview":"max-video-preview:-1"},"canonical":"https:\/\/www.deutsche-glasfaser.de\/blog\/leandoo-software-die-den-kita-alltag-vereinfacht\/","og_locale":"de_DE","og_type":"article","og_title":"Apps und Software vereinfachen den Kita-Alltag - Digitales B\u00fcrgernetz","og_description":"Die Kita-Software Leandoo erm\u00f6glicht Leiter:innnen und Erzieher:innen ein effizientes Datenmanagement und eine unkomplizierte Kommunikation mit Eltern.","og_url":"https:\/\/www.deutsche-glasfaser.de\/blog\/leandoo-software-die-den-kita-alltag-vereinfacht\/","og_site_name":"Digitales B\u00fcrgernetz","article_published_time":"2022-12-16T09:25:24+00:00","article_modified_time":"2022-12-16T09:28:41+00:00","og_image":[{"width":1024,"height":682,"url":"https:\/\/www.deutsche-glasfaser.de\/blog\/wp-content\/uploads\/2022\/12\/Titelbild_GettyImages-1067731518_FINAL.jpeg","type":"image\/jpeg"}],"author":"Deutsche Glasfaser","twitter_card":"summary_large_image","twitter_misc":{"Verfasst von":"Deutsche Glasfaser","Gesch\u00e4tzte Lesezeit":"5\u00a0Minuten"},"schema":{"@context":"https:\/\/schema.org","@graph":[{"@type":"Article","@id":"https:\/\/www.deutsche-glasfaser.de\/blog\/leandoo-software-die-den-kita-alltag-vereinfacht\/#article","isPartOf":{"@id":"https:\/\/www.deutsche-glasfaser.de\/blog\/leandoo-software-die-den-kita-alltag-vereinfacht\/"},"author":{"name":"Deutsche Glasfaser","@id":"https:\/\/www.deutsche-glasfaser.de\/blog\/#\/schema\/person\/9380a6dc7443d77143d0c66c409f574b"},"headline":"Leandoo: Software, die den Kita-Alltag vereinfacht","datePublished":"2022-12-16T09:25:24+00:00","dateModified":"2022-12-16T09:28:41+00:00","mainEntityOfPage":{"@id":"https:\/\/www.deutsche-glasfaser.de\/blog\/leandoo-software-die-den-kita-alltag-vereinfacht\/"},"wordCount":940,"commentCount":0,"publisher":{"@id":"https:\/\/www.deutsche-glasfaser.de\/blog\/#organization"},"image":{"@id":"https:\/\/www.deutsche-glasfaser.de\/blog\/leandoo-software-die-den-kita-alltag-vereinfacht\/#primaryimage"},"thumbnailUrl":"https:\/\/www.deutsche-glasfaser.de\/blog\/wp-content\/uploads\/2022\/12\/Titelbild_GettyImages-1067731518_FINAL.jpeg","articleSection":["#Arbeit"],"inLanguage":"de","potentialAction":[{"@type":"CommentAction","name":"Comment","target":["https:\/\/www.deutsche-glasfaser.de\/blog\/leandoo-software-die-den-kita-alltag-vereinfacht\/#respond"]}]},{"@type":"WebPage","@id":"https:\/\/www.deutsche-glasfaser.de\/blog\/leandoo-software-die-den-kita-alltag-vereinfacht\/","url":"https:\/\/www.deutsche-glasfaser.de\/blog\/leandoo-software-die-den-kita-alltag-vereinfacht\/","name":"Apps und Software vereinfachen den Kita-Alltag - Digitales B\u00fcrgernetz","isPartOf":{"@id":"https:\/\/www.deutsche-glasfaser.de\/blog\/#website"},"primaryImageOfPage":{"@id":"https:\/\/www.deutsche-glasfaser.de\/blog\/leandoo-software-die-den-kita-alltag-vereinfacht\/#primaryimage"},"image":{"@id":"https:\/\/www.deutsche-glasfaser.de\/blog\/leandoo-software-die-den-kita-alltag-vereinfacht\/#primaryimage"},"thumbnailUrl":"https:\/\/www.deutsche-glasfaser.de\/blog\/wp-content\/uploads\/2022\/12\/Titelbild_GettyImages-1067731518_FINAL.jpeg","datePublished":"2022-12-16T09:25:24+00:00","dateModified":"2022-12-16T09:28:41+00:00","description":"Die Kita-Software Leandoo erm\u00f6glicht Leiter:innnen und Erzieher:innen ein effizientes Datenmanagement und eine unkomplizierte Kommunikation mit Eltern.","inLanguage":"de","potentialAction":[{"@type":"ReadAction","target":["https:\/\/www.deutsche-glasfaser.de\/blog\/leandoo-software-die-den-kita-alltag-vereinfacht\/"]}]},{"@type":"ImageObject","inLanguage":"de","@id":"https:\/\/www.deutsche-glasfaser.de\/blog\/leandoo-software-die-den-kita-alltag-vereinfacht\/#primaryimage","url":"https:\/\/www.deutsche-glasfaser.de\/blog\/wp-content\/uploads\/2022\/12\/Titelbild_GettyImages-1067731518_FINAL.jpeg","contentUrl":"https:\/\/www.deutsche-glasfaser.de\/blog\/wp-content\/uploads\/2022\/12\/Titelbild_GettyImages-1067731518_FINAL.jpeg","width":1024,"height":682,"caption":"Mehr Zeit f\u00fcr Kinder: Die Software Leandoo vereinfacht das Datenmanagement und die Kommunikation in Kitas (\u00a9Getty Images)"},{"@type":"WebSite","@id":"https:\/\/www.deutsche-glasfaser.de\/blog\/#website","url":"https:\/\/www.deutsche-glasfaser.de\/blog\/","name":"Digitales B\u00fcrgernetz","description":"Deutsche Glasfaser Blog","publisher":{"@id":"https:\/\/www.deutsche-glasfaser.de\/blog\/#organization"},"potentialAction":[{"@type":"SearchAction","target":{"@type":"EntryPoint","urlTemplate":"https:\/\/www.deutsche-glasfaser.de\/blog\/?s={search_term_string}"},"query-input":{"@type":"PropertyValueSpecification","valueRequired":true,"valueName":"search_term_string"}}],"inLanguage":"de"},{"@type":"Organization","@id":"https:\/\/www.deutsche-glasfaser.de\/blog\/#organization","name":"Digitales B\u00fcrgernetz","url":"https:\/\/www.deutsche-glasfaser.de\/blog\/","logo":{"@type":"ImageObject","inLanguage":"de","@id":"https:\/\/www.deutsche-glasfaser.de\/blog\/#\/schema\/logo\/image\/","url":"https:\/\/www.deutsche-glasfaser.de\/blog\/wp-content\/uploads\/2021\/08\/DGF_Logo_Basis_RGB-Large@2x.png","contentUrl":"https:\/\/www.deutsche-glasfaser.de\/blog\/wp-content\/uploads\/2021\/08\/DGF_Logo_Basis_RGB-Large@2x.png","width":312,"height":104,"caption":"Digitales B\u00fcrgernetz"},"image":{"@id":"https:\/\/www.deutsche-glasfaser.de\/blog\/#\/schema\/logo\/image\/"}},{"@type":"Person","@id":"https:\/\/www.deutsche-glasfaser.de\/blog\/#\/schema\/person\/9380a6dc7443d77143d0c66c409f574b","name":"Deutsche Glasfaser"}]}},"_links":{"self":[{"href":"https:\/\/www.deutsche-glasfaser.de\/blog\/wp-json\/wp\/v2\/posts\/11110","targetHints":{"allow":["GET"]}}],"collection":[{"href":"https:\/\/www.deutsche-glasfaser.de\/blog\/wp-json\/wp\/v2\/posts"}],"about":[{"href":"https:\/\/www.deutsche-glasfaser.de\/blog\/wp-json\/wp\/v2\/types\/post"}],"author":[{"embeddable":true,"href":"https:\/\/www.deutsche-glasfaser.de\/blog\/wp-json\/wp\/v2\/users\/5"}],"replies":[{"embeddable":true,"href":"https:\/\/www.deutsche-glasfaser.de\/blog\/wp-json\/wp\/v2\/comments?post=11110"}],"version-history":[{"count":8,"href":"https:\/\/www.deutsche-glasfaser.de\/blog\/wp-json\/wp\/v2\/posts\/11110\/revisions"}],"predecessor-version":[{"id":11121,"href":"https:\/\/www.deutsche-glasfaser.de\/blog\/wp-json\/wp\/v2\/posts\/11110\/revisions\/11121"}],"wp:featuredmedia":[{"embeddable":true,"href":"https:\/\/www.deutsche-glasfaser.de\/blog\/wp-json\/wp\/v2\/media\/11112"}],"wp:attachment":[{"href":"https:\/\/www.deutsche-glasfaser.de\/blog\/wp-json\/wp\/v2\/media?parent=11110"}],"wp:term":[{"taxonomy":"category","embeddable":true,"href":"https:\/\/www.deutsche-glasfaser.de\/blog\/wp-json\/wp\/v2\/categories?post=11110"},{"taxonomy":"post_tag","embeddable":true,"href":"https:\/\/www.deutsche-glasfaser.de\/blog\/wp-json\/wp\/v2\/tags?post=11110"}],"curies":[{"name":"wp","href":"https:\/\/api.w.org\/{rel}","templated":true}]}}