{"id":11093,"date":"2022-12-14T10:32:12","date_gmt":"2022-12-14T09:32:12","guid":{"rendered":"https:\/\/www.deutsche-glasfaser.de\/blog\/?p=11093"},"modified":"2022-12-14T10:32:14","modified_gmt":"2022-12-14T09:32:14","slug":"gruender-aus-leidenschaft-drei-sehr-verschiedene-geschichten","status":"publish","type":"post","link":"https:\/\/www.deutsche-glasfaser.de\/blog\/gruender-aus-leidenschaft-drei-sehr-verschiedene-geschichten\/","title":{"rendered":"Gr\u00fcnder aus Leidenschaft \u2013 Drei sehr verschiedene Geschichten"},"content":{"rendered":"\t\t<div data-elementor-type=\"wp-post\" data-elementor-id=\"11093\" class=\"elementor elementor-11093\">\n\t\t\t\t\t\t<section class=\"elementor-section elementor-top-section elementor-element elementor-element-76f0878 elementor-section-boxed elementor-section-height-default elementor-section-height-default\" data-id=\"76f0878\" data-element_type=\"section\" data-e-type=\"section\">\n\t\t\t\t\t\t<div class=\"elementor-container elementor-column-gap-default\">\n\t\t\t\t\t<div class=\"elementor-column elementor-col-100 elementor-top-column elementor-element elementor-element-5319c2d\" data-id=\"5319c2d\" data-element_type=\"column\" data-e-type=\"column\">\n\t\t\t<div class=\"elementor-widget-wrap elementor-element-populated\">\n\t\t\t\t\t\t<div class=\"elementor-element elementor-element-9769108 elementor-widget elementor-widget-text-editor\" data-id=\"9769108\" data-element_type=\"widget\" data-e-type=\"widget\" data-widget_type=\"text-editor.default\">\n\t\t\t\t<div class=\"elementor-widget-container\">\n\t\t\t\t\t\t\t\t\t<p>Eine abgelegene Garage, ein verkanntes Genie, ein harter Aufstiegskampf \u2013 die Zutaten f\u00fcr eine Unternehmensgeschichte wie aus Hollywood kennt man inzwischen zur Gen\u00fcge. Dabei ist gerade die <strong>deutsche Gr\u00fcnderszene<\/strong> deutlich facettenreicher und der Weg zur eigenen Firma in jedem Fall eine filmreife Leistung. Zwei Dinge sind zum Gr\u00fcnden allerdings unverzichtbar: <strong>Mut und eine Idee<\/strong>, von der man \u00fcberzeugt ist. Ob es sich dabei um eine neue App oder Apfelsaftsorte handelt, spielt keine Rolle.<\/p>\t\t\t\t\t\t\t\t<\/div>\n\t\t\t\t<\/div>\n\t\t\t\t<div class=\"elementor-element elementor-element-64da886 elementor-widget elementor-widget-spacer\" data-id=\"64da886\" data-element_type=\"widget\" data-e-type=\"widget\" data-widget_type=\"spacer.default\">\n\t\t\t\t<div class=\"elementor-widget-container\">\n\t\t\t\t\t\t\t<div class=\"elementor-spacer\">\n\t\t\t<div class=\"elementor-spacer-inner\"><\/div>\n\t\t<\/div>\n\t\t\t\t\t\t<\/div>\n\t\t\t\t<\/div>\n\t\t\t\t<div class=\"elementor-element elementor-element-fbf0d7e elementor-widget elementor-widget-heading\" data-id=\"fbf0d7e\" data-element_type=\"widget\" data-e-type=\"widget\" data-widget_type=\"heading.default\">\n\t\t\t\t<div class=\"elementor-widget-container\">\n\t\t\t\t\t<h2 class=\"elementor-heading-title elementor-size-xl\">Nebenberufliche Gr\u00fcndungen \u2013 der Weg in die Unabh\u00e4ngigkeit<\/h2>\t\t\t\t<\/div>\n\t\t\t\t<\/div>\n\t\t\t\t<div class=\"elementor-element elementor-element-1b18dfd elementor-widget elementor-widget-spacer\" data-id=\"1b18dfd\" data-element_type=\"widget\" data-e-type=\"widget\" data-widget_type=\"spacer.default\">\n\t\t\t\t<div class=\"elementor-widget-container\">\n\t\t\t\t\t\t\t<div class=\"elementor-spacer\">\n\t\t\t<div class=\"elementor-spacer-inner\"><\/div>\n\t\t<\/div>\n\t\t\t\t\t\t<\/div>\n\t\t\t\t<\/div>\n\t\t\t\t<div class=\"elementor-element elementor-element-435ca66 elementor-widget elementor-widget-text-editor\" data-id=\"435ca66\" data-element_type=\"widget\" data-e-type=\"widget\" data-widget_type=\"text-editor.default\">\n\t\t\t\t<div class=\"elementor-widget-container\">\n\t\t\t\t\t\t\t\t\t<p>F\u00fcr das eigene Start-up muss man sicher nicht alles stehen und liegen lassen, finden viele Gr\u00fcnder: Laut <strong><a href=\"https:\/\/www.kfw.de\/KfW-Konzern\/KfW-Research\/KfW-Gr\u00fcndungsmonitor.html\" target=\"_blank\" rel=\"noopener\">KfW Gr\u00fcndungsmonitor<\/a> <\/strong><strong>gab es 2020 rund 377.00 Nebenerwerbsgr\u00fcndungen<\/strong>, verglichen mit \u201enur\u201c 228.000 Haupterwerbsgr\u00fcndungen. Und das nicht ohne Grund, denn der nebenerwerbliche Start bietet einige Vorteile.<\/p><p>So lastet auf den neuen Chefs erst einmal deutlich <strong>weniger<\/strong> <strong>Druck<\/strong>, schnell erfolgreich zu werden \u2013 f\u00fcr das allt\u00e4gliche Leben ist schlie\u00dflich gesorgt. Das erm\u00f6glicht es, die eigene Idee sukzessive weiterzuentwickeln und das eigene <strong>Produkt zu perfektionieren<\/strong>.<\/p><p>Gerade f\u00fcr Start-ups ist dieser Prozess nicht zu untersch\u00e4tzen, denn eine Gr\u00fcndung entspringt h\u00e4ufig <strong>einer echten Leidenschaft<\/strong>, sei es f\u00fcr gesunde Ern\u00e4hrung oder Informatik. Diese Passion zu erhalten f\u00e4llt oftmals leichter, wenn sie nicht von Wirtschaftlichkeit \u00fcberschattet wird. <strong>Produkt und Entwickler k\u00f6nnen gemeinsam wachsen <\/strong>und sich an die Bed\u00fcrfnisse des Marktes anpassen \u2013 sehr zur Freude der Kunden.<\/p><p>Viele nebenberuflich Selbstst\u00e4ndige verf\u00fcgen \u00fcber eine <strong>gute<\/strong> <strong>Liquidit\u00e4t<\/strong>. F\u00fcr sie ist es kein Problem, wenn gerade einmal Flaute auf dem Markt herrscht. Zudem k\u00f6nnen sie nicht nur die Eink\u00fcnfte des Nebenerwerbs, sondern auch des Hauptberufes <strong>in ihr neues Unternehmen investieren<\/strong> und das Wachstum so individuell steuern. Ist es an der Zeit, Vollzeit-Innovator zu werden und sich mutig in die vollst\u00e4ndige Selbstst\u00e4ndigkeit zu st\u00fcrzen, f\u00e4llt dieser \u00dcbergang dank Investitionen und Reserven leicht: Das Unternehmen ist bereits herangewachsen und steht auf festen F\u00fc\u00dfen, statt wacklige erste Schritte zu wagen.<\/p>\t\t\t\t\t\t\t\t<\/div>\n\t\t\t\t<\/div>\n\t\t\t\t<div class=\"elementor-element elementor-element-d9b986d elementor-widget elementor-widget-spacer\" data-id=\"d9b986d\" data-element_type=\"widget\" data-e-type=\"widget\" data-widget_type=\"spacer.default\">\n\t\t\t\t<div class=\"elementor-widget-container\">\n\t\t\t\t\t\t\t<div class=\"elementor-spacer\">\n\t\t\t<div class=\"elementor-spacer-inner\"><\/div>\n\t\t<\/div>\n\t\t\t\t\t\t<\/div>\n\t\t\t\t<\/div>\n\t\t\t\t<div class=\"elementor-element elementor-element-0a68244 elementor-widget elementor-widget-heading\" data-id=\"0a68244\" data-element_type=\"widget\" data-e-type=\"widget\" data-widget_type=\"heading.default\">\n\t\t\t\t<div class=\"elementor-widget-container\">\n\t\t\t\t\t<h2 class=\"elementor-heading-title elementor-size-xl\">Gastfreund \u2013 digitale G\u00e4stemappen f\u00fcr den perfekten Aufenthalt<\/h2>\t\t\t\t<\/div>\n\t\t\t\t<\/div>\n\t\t\t\t<div class=\"elementor-element elementor-element-9c14517 elementor-widget elementor-widget-spacer\" data-id=\"9c14517\" data-element_type=\"widget\" data-e-type=\"widget\" data-widget_type=\"spacer.default\">\n\t\t\t\t<div class=\"elementor-widget-container\">\n\t\t\t\t\t\t\t<div class=\"elementor-spacer\">\n\t\t\t<div class=\"elementor-spacer-inner\"><\/div>\n\t\t<\/div>\n\t\t\t\t\t\t<\/div>\n\t\t\t\t<\/div>\n\t\t\t\t<div class=\"elementor-element elementor-element-b46efb9 elementor-widget elementor-widget-text-editor\" data-id=\"b46efb9\" data-element_type=\"widget\" data-e-type=\"widget\" data-widget_type=\"text-editor.default\">\n\t\t\t\t<div class=\"elementor-widget-container\">\n\t\t\t\t\t\t\t\t\t<p>\u201eDas geht doch besser!\u201c Es gibt wohl kaum einen Gedanken, der mehr z\u00fcndende Ideen und darauf basierende Firmen hervorgebracht hat, als dieser. Genau so war es bei <a href=\"https:\/\/www.gastfreund.net\/app\/\" target=\"_blank\" rel=\"noopener\"><strong>Gastfreund<\/strong><\/a> aus Kempten im Allg\u00e4u. Nachdem Marc M\u00fcnster und Dominik Ha\u00dfelkuss auf Reisen immer wieder die alten G\u00e4stemappen mit losen Zettelsammlungen in die H\u00e4nde fielen, nahmen sie sich vor, dieses Relikt der Hotellerie zu modernisieren.<\/p><p>Die <strong>digitale G\u00e4stemappe entwickelten die Gr\u00fcnder anfangs neben ihrer hauptberuflichen T\u00e4tigkeit<\/strong>, inzwischen wurde die entstandene App \u00fcber 350.000-mal heruntergeladen und informiert Hotelg\u00e4ste \u00fcber die jeweiligen Hygieneregeln, Speisekarten und Ausflugsziele. Obwohl die Anwendung stetig weiterentwickelt wurde und immer mehr Funktionen anbietet, empfehlen die Firmeninhaber angehenden Gr\u00fcndern, sich gerade zu Beginn auf die <strong>eigene Kernidee zu fokussieren und diese auszuarbeiten<\/strong>.<\/p><p>Neben ihrem Gesch\u00e4ftsmodell stand f\u00fcr die beiden Start-up-Chefs auch fest, dass sie in der Heimatstadt Kempten bleiben wollen. Dass es im Allg\u00e4u zu dieser Zeit nur wenige M\u00f6glichkeiten zur kreativen Entwicklung gab, konnte sie nicht aufhalten: Sie schufen kurzerhand selbst ein Unternehmen, das jungen Allg\u00e4uern heute erm\u00f6glicht, sowohl in der <strong>zukunftssicheren Digitallandschaft <\/strong>zu arbeiten als auch in der Heimat zu leben. F\u00fcr mutige Entscheidungen muss es eben nicht immer Hamburg oder Berlin sein.<\/p>\t\t\t\t\t\t\t\t<\/div>\n\t\t\t\t<\/div>\n\t\t\t\t<div class=\"elementor-element elementor-element-12cb8ec elementor-widget elementor-widget-spacer\" data-id=\"12cb8ec\" data-element_type=\"widget\" data-e-type=\"widget\" data-widget_type=\"spacer.default\">\n\t\t\t\t<div class=\"elementor-widget-container\">\n\t\t\t\t\t\t\t<div class=\"elementor-spacer\">\n\t\t\t<div class=\"elementor-spacer-inner\"><\/div>\n\t\t<\/div>\n\t\t\t\t\t\t<\/div>\n\t\t\t\t<\/div>\n\t\t\t\t<div class=\"elementor-element elementor-element-9ec81c3 elementor-widget elementor-widget-heading\" data-id=\"9ec81c3\" data-element_type=\"widget\" data-e-type=\"widget\" data-widget_type=\"heading.default\">\n\t\t\t\t<div class=\"elementor-widget-container\">\n\t\t\t\t\t<h2 class=\"elementor-heading-title elementor-size-xl\">Mymuesli \u2013 von der verr\u00fcckten Idee zum Vorzeige-Unternehmen<\/h2>\t\t\t\t<\/div>\n\t\t\t\t<\/div>\n\t\t\t\t<div class=\"elementor-element elementor-element-235101a elementor-widget elementor-widget-spacer\" data-id=\"235101a\" data-element_type=\"widget\" data-e-type=\"widget\" data-widget_type=\"spacer.default\">\n\t\t\t\t<div class=\"elementor-widget-container\">\n\t\t\t\t\t\t\t<div class=\"elementor-spacer\">\n\t\t\t<div class=\"elementor-spacer-inner\"><\/div>\n\t\t<\/div>\n\t\t\t\t\t\t<\/div>\n\t\t\t\t<\/div>\n\t\t\t\t<section class=\"elementor-section elementor-inner-section elementor-element elementor-element-c468e86 elementor-section-boxed elementor-section-height-default elementor-section-height-default\" data-id=\"c468e86\" data-element_type=\"section\" data-e-type=\"section\">\n\t\t\t\t\t\t<div class=\"elementor-container elementor-column-gap-default\">\n\t\t\t\t\t<div class=\"elementor-column elementor-col-50 elementor-inner-column elementor-element elementor-element-a6cfb75\" data-id=\"a6cfb75\" data-element_type=\"column\" data-e-type=\"column\">\n\t\t\t<div class=\"elementor-widget-wrap elementor-element-populated\">\n\t\t\t\t\t\t<div class=\"elementor-element elementor-element-4cf0036 elementor-widget elementor-widget-image\" data-id=\"4cf0036\" data-element_type=\"widget\" data-e-type=\"widget\" data-widget_type=\"image.default\">\n\t\t\t\t<div class=\"elementor-widget-container\">\n\t\t\t\t\t\t\t\t\t\t\t\t\t\t\t<img fetchpriority=\"high\" decoding=\"async\" width=\"800\" height=\"534\" src=\"https:\/\/www.deutsche-glasfaser.de\/blog\/wp-content\/uploads\/2022\/12\/Gruender_beitrag_1.jpg\" class=\"attachment-large size-large wp-image-11094\" alt=\"\" srcset=\"https:\/\/www.deutsche-glasfaser.de\/blog\/wp-content\/uploads\/2022\/12\/Gruender_beitrag_1.jpg 800w, https:\/\/www.deutsche-glasfaser.de\/blog\/wp-content\/uploads\/2022\/12\/Gruender_beitrag_1-300x200.jpg 300w, https:\/\/www.deutsche-glasfaser.de\/blog\/wp-content\/uploads\/2022\/12\/Gruender_beitrag_1-768x513.jpg 768w\" sizes=\"(max-width: 800px) 100vw, 800px\" \/>\t\t\t\t\t\t\t\t\t\t\t\t\t\t\t<\/div>\n\t\t\t\t<\/div>\n\t\t\t\t\t<\/div>\n\t\t<\/div>\n\t\t\t\t<div class=\"elementor-column elementor-col-50 elementor-inner-column elementor-element elementor-element-17b8756\" data-id=\"17b8756\" data-element_type=\"column\" data-e-type=\"column\">\n\t\t\t<div class=\"elementor-widget-wrap elementor-element-populated\">\n\t\t\t\t\t\t<div class=\"elementor-element elementor-element-4b73cb7 elementor-widget elementor-widget-text-editor\" data-id=\"4b73cb7\" data-element_type=\"widget\" data-e-type=\"widget\" data-widget_type=\"text-editor.default\">\n\t\t\t\t<div class=\"elementor-widget-container\">\n\t\t\t\t\t\t\t\t\t<p>Dass es auch abseits der Start-up-Metropolen geht, merkten auch die jungen Gr\u00fcnder von Mymuesli, die f\u00fcr ihr Studium nach Passau zogen. 2007 h\u00f6ren die Studenten Hubertus Bessau, Philipp Kraiss und Max Wittrock bei einem gemeinsamen Trip zum See den Radiospot einer namhaften M\u00fcslifirma \u2013 und sind wenig begeistert. Als Gegenentwurf zu dr\u00f6gem M\u00fcsli mit Zutaten, die sie nicht m\u00f6gen, entwickeln sie die Idee eines Online-Shops in denen sich Kunden ihr <strong>M\u00fcsli individuell zusammenstellen<\/strong> k\u00f6nnen.<\/p>\t\t\t\t\t\t\t\t<\/div>\n\t\t\t\t<\/div>\n\t\t\t\t\t<\/div>\n\t\t<\/div>\n\t\t\t\t\t<\/div>\n\t\t<\/section>\n\t\t\t\t<div class=\"elementor-element elementor-element-eb98d59 elementor-widget elementor-widget-text-editor\" data-id=\"eb98d59\" data-element_type=\"widget\" data-e-type=\"widget\" data-widget_type=\"text-editor.default\">\n\t\t\t\t<div class=\"elementor-widget-container\">\n\t\t\t\t\t\t\t\t\t<p>Von den ern\u00fcchternden Prognosen ihrer Umfrage \u2013 keiner der 1.000 Befragten gab an, man w\u00fcrde M\u00fcsli online kaufen \u2013 lassen sich die drei Macher nicht entmutigen. Sie glauben an ihr \u201eBaby\u201c und treiben das Projekt neben dem Studium beherzt voran. Den <strong>Online-Shop programmieren sie selbst<\/strong>, die kleine Manufaktur im ersten Stock in der Passauer Fu\u00dfg\u00e4ngerzone ziehen sie genauso eigenst\u00e4ndig hoch. <strong>Nur 3.500 \u20ac Gr\u00fcndungsinvestition <\/strong>hatten die Freunde damals zur Hand, 13 Monate sp\u00e4ter setzt ihr Shop die erste Million um.<\/p><p>Das Start-up agiert anfangs nur online und profitiert damals von den noch jungen <strong>sozialen Medien sowie einer Blogger-Szene<\/strong>, die fr\u00fch \u00fcber das junge Unternehmen berichtet. Und zwar so viel, dass auch klassische Medien pl\u00f6tzlich \u00fcber die \u201everr\u00fcckten\u201c M\u00fcsli-Enthusiasten berichten wollen. Schnell gewinnt Mymuesli an Bekanntheit und Kunden.<\/p><p>Aus dem erfolgreichen Online-Versandhandel f\u00fcr M\u00fcsli ist l\u00e4ngst ein vielseitiges Business geworden, das nicht nur eine breite Produktpalette vertreibt, sondern auch \u00fcber <strong>30 L\u00e4den in ganz Europa er\u00f6ffnet<\/strong> hat. Angesichts des Erfolges scheint die Idee heute gar nicht mehr so verr\u00fcckt: 59,6 Millionen Euro Umsatz im Jahr 2018 sprechen eine deutliche Sprache.<\/p><p>Die DIY-Einstellung der drei Freunde hat sich ausgezahlt. Ihre Story verdeutlicht, worum es bei Gr\u00fcndungen wirklich geht: <strong>Mutiges Anpacken und der Glaube an die eigene Idee<\/strong> \u2013 auch wenn andere die Vision nicht immer teilen. In einem Interview mit <a href=\"https:\/\/www.faz.net\/aktuell\/karriere-hochschule\/start-up-karriere-im-e-commerce-im-portrait-mymuesli-13555071-p2.html\">der FAZ<\/a> bringt es Max Wittrock mit einem Zitat von Henry Ford noch einmal auf den Punkt: \u201eWenn ich die Menschen gefragt h\u00e4tte, was sie wollen, h\u00e4tten sie geantwortet: schnellere Pferde.\u201c<\/p>\t\t\t\t\t\t\t\t<\/div>\n\t\t\t\t<\/div>\n\t\t\t\t<div class=\"elementor-element elementor-element-1e482e2 elementor-widget elementor-widget-spacer\" data-id=\"1e482e2\" data-element_type=\"widget\" data-e-type=\"widget\" data-widget_type=\"spacer.default\">\n\t\t\t\t<div class=\"elementor-widget-container\">\n\t\t\t\t\t\t\t<div class=\"elementor-spacer\">\n\t\t\t<div class=\"elementor-spacer-inner\"><\/div>\n\t\t<\/div>\n\t\t\t\t\t\t<\/div>\n\t\t\t\t<\/div>\n\t\t\t\t<div class=\"elementor-element elementor-element-d33a571 elementor-widget elementor-widget-heading\" data-id=\"d33a571\" data-element_type=\"widget\" data-e-type=\"widget\" data-widget_type=\"heading.default\">\n\t\t\t\t<div class=\"elementor-widget-container\">\n\t\t\t\t\t<h2 class=\"elementor-heading-title elementor-size-xl\">Stiefkind \u2013 die Geschichte eines Gr\u00fcndervaters<\/h2>\t\t\t\t<\/div>\n\t\t\t\t<\/div>\n\t\t\t\t<div class=\"elementor-element elementor-element-4ac6b70 elementor-widget elementor-widget-spacer\" data-id=\"4ac6b70\" data-element_type=\"widget\" data-e-type=\"widget\" data-widget_type=\"spacer.default\">\n\t\t\t\t<div class=\"elementor-widget-container\">\n\t\t\t\t\t\t\t<div class=\"elementor-spacer\">\n\t\t\t<div class=\"elementor-spacer-inner\"><\/div>\n\t\t<\/div>\n\t\t\t\t\t\t<\/div>\n\t\t\t\t<\/div>\n\t\t\t\t<div class=\"elementor-element elementor-element-2bc00ff elementor-widget elementor-widget-text-editor\" data-id=\"2bc00ff\" data-element_type=\"widget\" data-e-type=\"widget\" data-widget_type=\"text-editor.default\">\n\t\t\t\t<div class=\"elementor-widget-container\">\n\t\t\t\t\t\t\t\t\t<p>Doch nicht alle Gr\u00fcndungsgeschichten handeln vom Aufstieg zu millionenschweren Firmen. Letztlich geht es f\u00fcr viele Gr\u00fcnder auch darum, eine <strong>sinnstiftende<\/strong> <strong>T\u00e4tigkeit<\/strong> zu finden und sich f\u00fcr etwas einzusetzen, das z\u00e4hlt.<\/p><p>So erging es beispielsweise Obstbauer Georg Schneider aus Edingen. Bei einem Fortbildungsjahr in Frankreich <strong>fallen ihm auf dem dortigen Bauernhof ganz besondere \u00c4pfel auf<\/strong>: Sie haben rotes Fruchtfleisch. Vor den Augen des franz\u00f6sischen Lehrers k\u00f6nnen diese nicht bestehen, zu klein, zu sauer \u2013 kurzum nicht wirtschaftlich.<\/p><p>Doch Schneider fasst sich ein Herz und bringt die Sorte mit nach Deutschland und \u201eadoptiert\u201c sie. \u00dcber Jahre z\u00fcchtet er verschiedene Kreuzungen seines Z\u00f6glings, bis er die perfekte Version findet. Daraus presst er den <strong>leuchtend roten \u201eStiefkind\u201c-Saft<\/strong>, ein s\u00e4uerlicher Apfelsaft, der sich bewusst gegen die zuckrige, gelbe Konkurrenz auflehnt.<\/p><p>Den Saft vertreibt Schneider im Familienbetrieb <strong>\u00fcber seinen Hofladen und <a href=\"https:\/\/stiefkind-shop.de\/\">einen Online-Shop<\/a><\/strong>. Angesichts einer so tollen Geschichte und dem ansprechenden Design, w\u00fcrde es nicht wundern, wenn der Saft bald in angesagten Gastrobetrieben \u00fcber die Theke gehen w\u00fcrde.<\/p>\t\t\t\t\t\t\t\t<\/div>\n\t\t\t\t<\/div>\n\t\t\t\t<div class=\"elementor-element elementor-element-4303ab3 elementor-widget elementor-widget-spacer\" data-id=\"4303ab3\" data-element_type=\"widget\" data-e-type=\"widget\" data-widget_type=\"spacer.default\">\n\t\t\t\t<div class=\"elementor-widget-container\">\n\t\t\t\t\t\t\t<div class=\"elementor-spacer\">\n\t\t\t<div class=\"elementor-spacer-inner\"><\/div>\n\t\t<\/div>\n\t\t\t\t\t\t<\/div>\n\t\t\t\t<\/div>\n\t\t\t\t<div class=\"elementor-element elementor-element-41d3856 elementor-widget elementor-widget-heading\" data-id=\"41d3856\" data-element_type=\"widget\" data-e-type=\"widget\" data-widget_type=\"heading.default\">\n\t\t\t\t<div class=\"elementor-widget-container\">\n\t\t\t\t\t<h2 class=\"elementor-heading-title elementor-size-xl\">Gr\u00fcndungen \u2013 ein Fall f\u00fcr Macher<\/h2>\t\t\t\t<\/div>\n\t\t\t\t<\/div>\n\t\t\t\t<div class=\"elementor-element elementor-element-474f813 elementor-widget elementor-widget-spacer\" data-id=\"474f813\" data-element_type=\"widget\" data-e-type=\"widget\" data-widget_type=\"spacer.default\">\n\t\t\t\t<div class=\"elementor-widget-container\">\n\t\t\t\t\t\t\t<div class=\"elementor-spacer\">\n\t\t\t<div class=\"elementor-spacer-inner\"><\/div>\n\t\t<\/div>\n\t\t\t\t\t\t<\/div>\n\t\t\t\t<\/div>\n\t\t\t\t<div class=\"elementor-element elementor-element-e16b2e6 elementor-widget elementor-widget-image\" data-id=\"e16b2e6\" data-element_type=\"widget\" data-e-type=\"widget\" data-widget_type=\"image.default\">\n\t\t\t\t<div class=\"elementor-widget-container\">\n\t\t\t\t\t\t\t\t\t\t\t\t\t\t\t<img decoding=\"async\" width=\"768\" height=\"512\" src=\"https:\/\/www.deutsche-glasfaser.de\/blog\/wp-content\/uploads\/2022\/12\/Gruender_beitrag_2-768x512.jpg\" class=\"attachment-medium_large size-medium_large wp-image-11095\" alt=\"\" srcset=\"https:\/\/www.deutsche-glasfaser.de\/blog\/wp-content\/uploads\/2022\/12\/Gruender_beitrag_2-768x512.jpg 768w, https:\/\/www.deutsche-glasfaser.de\/blog\/wp-content\/uploads\/2022\/12\/Gruender_beitrag_2-300x200.jpg 300w, https:\/\/www.deutsche-glasfaser.de\/blog\/wp-content\/uploads\/2022\/12\/Gruender_beitrag_2.jpg 800w\" sizes=\"(max-width: 768px) 100vw, 768px\" \/>\t\t\t\t\t\t\t\t\t\t\t\t\t\t\t<\/div>\n\t\t\t\t<\/div>\n\t\t\t\t<div class=\"elementor-element elementor-element-61d70e4 elementor-widget elementor-widget-spacer\" data-id=\"61d70e4\" data-element_type=\"widget\" data-e-type=\"widget\" data-widget_type=\"spacer.default\">\n\t\t\t\t<div class=\"elementor-widget-container\">\n\t\t\t\t\t\t\t<div class=\"elementor-spacer\">\n\t\t\t<div class=\"elementor-spacer-inner\"><\/div>\n\t\t<\/div>\n\t\t\t\t\t\t<\/div>\n\t\t\t\t<\/div>\n\t\t\t\t<div class=\"elementor-element elementor-element-004211d elementor-widget elementor-widget-text-editor\" data-id=\"004211d\" data-element_type=\"widget\" data-e-type=\"widget\" data-widget_type=\"text-editor.default\">\n\t\t\t\t<div class=\"elementor-widget-container\">\n\t\t\t\t\t\t\t\t\t<p>Ob App-Entwicklung, Versandhandel oder Obstzucht: Was Gr\u00fcnder eint, ist <strong>Mut, \u00dcberzeugung und Leidenschaft<\/strong>. Die intrinsische Motivation ist kaum zu \u00fcberbieten und nicht selten der Weg zum Erfolg. Dabei spielt es keine Rolle, in welcher Branche man t\u00e4tig ist oder ob man sich gleich hauptberufliche ins Start-up werfen m\u00f6chte. Gerade nebenberufliche Gr\u00fcndungen bieten <strong>f\u00fcr viele Ideen und den Kopf dahinter das richtige Umfeld<\/strong>, sich auf die schnelllebige Gesch\u00e4ftswelt vorzubereiten und durchzustarten.<\/p>\t\t\t\t\t\t\t\t<\/div>\n\t\t\t\t<\/div>\n\t\t\t\t\t<\/div>\n\t\t<\/div>\n\t\t\t\t\t<\/div>\n\t\t<\/section>\n\t\t\t\t<\/div>\n\t\t","protected":false},"excerpt":{"rendered":"<p>Eine abgelegene Garage, ein verkanntes Genie, ein harter Aufstiegskampf \u2013 die Zutaten f\u00fcr eine Unternehmensgeschichte wie aus Hollywood kennt man inzwischen zur Gen\u00fcge. Dabei ist gerade die deutsche Gr\u00fcnderszene deutlich facettenreicher und der Weg zur eigenen Firma in jedem Fall eine filmreife Leistung. Zwei Dinge sind zum Gr\u00fcnden allerdings unverzichtbar: Mut und eine Idee, von der man \u00fcberzeugt ist. Ob es sich dabei um eine neue App oder Apfelsaftsorte handelt, spielt keine Rolle.<\/p>\n","protected":false},"author":5,"featured_media":11096,"comment_status":"open","ping_status":"open","sticky":false,"template":"","format":"standard","meta":{"footnotes":""},"categories":[1],"tags":[],"class_list":["post-11093","post","type-post","status-publish","format-standard","has-post-thumbnail","hentry","category-service"],"yoast_head":"<!-- This site is optimized with the Yoast SEO plugin v27.5 - https:\/\/yoast.com\/product\/yoast-seo-wordpress\/ -->\n<title>Drei sehr verschiedene Gr\u00fcnder-Geschichten | Deutsche Glasfaser<\/title>\n<meta name=\"description\" content=\"Die deutsche Gr\u00fcnderszene ist facettenreicher als gedacht. Wie aus einer Idee ein erfolgreiches digitales Unternehmen wird zeigen wir hier.\" \/>\n<meta name=\"robots\" content=\"index, follow, max-snippet:-1, max-image-preview:large, max-video-preview:-1\" \/>\n<link rel=\"canonical\" href=\"https:\/\/www.deutsche-glasfaser.de\/blog\/gruender-aus-leidenschaft-drei-sehr-verschiedene-geschichten\/\" \/>\n<meta property=\"og:locale\" content=\"de_DE\" \/>\n<meta property=\"og:type\" content=\"article\" \/>\n<meta property=\"og:title\" content=\"Drei sehr verschiedene Gr\u00fcnder-Geschichten | Deutsche Glasfaser\" \/>\n<meta property=\"og:description\" content=\"Die deutsche Gr\u00fcnderszene ist facettenreicher als gedacht. Wie aus einer Idee ein erfolgreiches digitales Unternehmen wird zeigen wir hier.\" \/>\n<meta property=\"og:url\" content=\"https:\/\/www.deutsche-glasfaser.de\/blog\/gruender-aus-leidenschaft-drei-sehr-verschiedene-geschichten\/\" \/>\n<meta property=\"og:site_name\" content=\"Digitales B\u00fcrgernetz\" \/>\n<meta property=\"article:published_time\" content=\"2022-12-14T09:32:12+00:00\" \/>\n<meta property=\"article:modified_time\" content=\"2022-12-14T09:32:14+00:00\" \/>\n<meta property=\"og:image\" content=\"https:\/\/www.deutsche-glasfaser.de\/blog\/wp-content\/uploads\/2022\/12\/Gruender_Header.jpg\" \/>\n\t<meta property=\"og:image:width\" content=\"1500\" \/>\n\t<meta property=\"og:image:height\" content=\"705\" \/>\n\t<meta property=\"og:image:type\" content=\"image\/jpeg\" \/>\n<meta name=\"author\" content=\"Deutsche Glasfaser\" \/>\n<meta name=\"twitter:card\" content=\"summary_large_image\" \/>\n<meta name=\"twitter:label1\" content=\"Verfasst von\" \/>\n\t<meta name=\"twitter:data1\" content=\"Deutsche Glasfaser\" \/>\n\t<meta name=\"twitter:label2\" content=\"Gesch\u00e4tzte Lesezeit\" \/>\n\t<meta name=\"twitter:data2\" content=\"7\u00a0Minuten\" \/>\n<script type=\"application\/ld+json\" class=\"yoast-schema-graph\">{\"@context\":\"https:\\\/\\\/schema.org\",\"@graph\":[{\"@type\":\"Article\",\"@id\":\"https:\\\/\\\/www.deutsche-glasfaser.de\\\/blog\\\/gruender-aus-leidenschaft-drei-sehr-verschiedene-geschichten\\\/#article\",\"isPartOf\":{\"@id\":\"https:\\\/\\\/www.deutsche-glasfaser.de\\\/blog\\\/gruender-aus-leidenschaft-drei-sehr-verschiedene-geschichten\\\/\"},\"author\":{\"name\":\"Deutsche Glasfaser\",\"@id\":\"https:\\\/\\\/www.deutsche-glasfaser.de\\\/blog\\\/#\\\/schema\\\/person\\\/9380a6dc7443d77143d0c66c409f574b\"},\"headline\":\"Gr\u00fcnder aus Leidenschaft \u2013 Drei sehr verschiedene Geschichten\",\"datePublished\":\"2022-12-14T09:32:12+00:00\",\"dateModified\":\"2022-12-14T09:32:14+00:00\",\"mainEntityOfPage\":{\"@id\":\"https:\\\/\\\/www.deutsche-glasfaser.de\\\/blog\\\/gruender-aus-leidenschaft-drei-sehr-verschiedene-geschichten\\\/\"},\"wordCount\":1174,\"commentCount\":0,\"publisher\":{\"@id\":\"https:\\\/\\\/www.deutsche-glasfaser.de\\\/blog\\\/#organization\"},\"image\":{\"@id\":\"https:\\\/\\\/www.deutsche-glasfaser.de\\\/blog\\\/gruender-aus-leidenschaft-drei-sehr-verschiedene-geschichten\\\/#primaryimage\"},\"thumbnailUrl\":\"https:\\\/\\\/www.deutsche-glasfaser.de\\\/blog\\\/wp-content\\\/uploads\\\/2022\\\/12\\\/Gruender_Header.jpg\",\"articleSection\":[\"Service\"],\"inLanguage\":\"de\",\"potentialAction\":[{\"@type\":\"CommentAction\",\"name\":\"Comment\",\"target\":[\"https:\\\/\\\/www.deutsche-glasfaser.de\\\/blog\\\/gruender-aus-leidenschaft-drei-sehr-verschiedene-geschichten\\\/#respond\"]}]},{\"@type\":\"WebPage\",\"@id\":\"https:\\\/\\\/www.deutsche-glasfaser.de\\\/blog\\\/gruender-aus-leidenschaft-drei-sehr-verschiedene-geschichten\\\/\",\"url\":\"https:\\\/\\\/www.deutsche-glasfaser.de\\\/blog\\\/gruender-aus-leidenschaft-drei-sehr-verschiedene-geschichten\\\/\",\"name\":\"Drei sehr verschiedene Gr\u00fcnder-Geschichten | Deutsche Glasfaser\",\"isPartOf\":{\"@id\":\"https:\\\/\\\/www.deutsche-glasfaser.de\\\/blog\\\/#website\"},\"primaryImageOfPage\":{\"@id\":\"https:\\\/\\\/www.deutsche-glasfaser.de\\\/blog\\\/gruender-aus-leidenschaft-drei-sehr-verschiedene-geschichten\\\/#primaryimage\"},\"image\":{\"@id\":\"https:\\\/\\\/www.deutsche-glasfaser.de\\\/blog\\\/gruender-aus-leidenschaft-drei-sehr-verschiedene-geschichten\\\/#primaryimage\"},\"thumbnailUrl\":\"https:\\\/\\\/www.deutsche-glasfaser.de\\\/blog\\\/wp-content\\\/uploads\\\/2022\\\/12\\\/Gruender_Header.jpg\",\"datePublished\":\"2022-12-14T09:32:12+00:00\",\"dateModified\":\"2022-12-14T09:32:14+00:00\",\"description\":\"Die deutsche Gr\u00fcnderszene ist facettenreicher als gedacht. Wie aus einer Idee ein erfolgreiches digitales Unternehmen wird zeigen wir hier.\",\"inLanguage\":\"de\",\"potentialAction\":[{\"@type\":\"ReadAction\",\"target\":[\"https:\\\/\\\/www.deutsche-glasfaser.de\\\/blog\\\/gruender-aus-leidenschaft-drei-sehr-verschiedene-geschichten\\\/\"]}]},{\"@type\":\"ImageObject\",\"inLanguage\":\"de\",\"@id\":\"https:\\\/\\\/www.deutsche-glasfaser.de\\\/blog\\\/gruender-aus-leidenschaft-drei-sehr-verschiedene-geschichten\\\/#primaryimage\",\"url\":\"https:\\\/\\\/www.deutsche-glasfaser.de\\\/blog\\\/wp-content\\\/uploads\\\/2022\\\/12\\\/Gruender_Header.jpg\",\"contentUrl\":\"https:\\\/\\\/www.deutsche-glasfaser.de\\\/blog\\\/wp-content\\\/uploads\\\/2022\\\/12\\\/Gruender_Header.jpg\",\"width\":1500,\"height\":705},{\"@type\":\"WebSite\",\"@id\":\"https:\\\/\\\/www.deutsche-glasfaser.de\\\/blog\\\/#website\",\"url\":\"https:\\\/\\\/www.deutsche-glasfaser.de\\\/blog\\\/\",\"name\":\"Digitales B\u00fcrgernetz\",\"description\":\"Deutsche Glasfaser Blog\",\"publisher\":{\"@id\":\"https:\\\/\\\/www.deutsche-glasfaser.de\\\/blog\\\/#organization\"},\"potentialAction\":[{\"@type\":\"SearchAction\",\"target\":{\"@type\":\"EntryPoint\",\"urlTemplate\":\"https:\\\/\\\/www.deutsche-glasfaser.de\\\/blog\\\/?s={search_term_string}\"},\"query-input\":{\"@type\":\"PropertyValueSpecification\",\"valueRequired\":true,\"valueName\":\"search_term_string\"}}],\"inLanguage\":\"de\"},{\"@type\":\"Organization\",\"@id\":\"https:\\\/\\\/www.deutsche-glasfaser.de\\\/blog\\\/#organization\",\"name\":\"Digitales B\u00fcrgernetz\",\"url\":\"https:\\\/\\\/www.deutsche-glasfaser.de\\\/blog\\\/\",\"logo\":{\"@type\":\"ImageObject\",\"inLanguage\":\"de\",\"@id\":\"https:\\\/\\\/www.deutsche-glasfaser.de\\\/blog\\\/#\\\/schema\\\/logo\\\/image\\\/\",\"url\":\"https:\\\/\\\/www.deutsche-glasfaser.de\\\/blog\\\/wp-content\\\/uploads\\\/2021\\\/08\\\/DGF_Logo_Basis_RGB-Large@2x.png\",\"contentUrl\":\"https:\\\/\\\/www.deutsche-glasfaser.de\\\/blog\\\/wp-content\\\/uploads\\\/2021\\\/08\\\/DGF_Logo_Basis_RGB-Large@2x.png\",\"width\":312,\"height\":104,\"caption\":\"Digitales B\u00fcrgernetz\"},\"image\":{\"@id\":\"https:\\\/\\\/www.deutsche-glasfaser.de\\\/blog\\\/#\\\/schema\\\/logo\\\/image\\\/\"}},{\"@type\":\"Person\",\"@id\":\"https:\\\/\\\/www.deutsche-glasfaser.de\\\/blog\\\/#\\\/schema\\\/person\\\/9380a6dc7443d77143d0c66c409f574b\",\"name\":\"Deutsche Glasfaser\"}]}<\/script>\n<!-- \/ Yoast SEO plugin. -->","yoast_head_json":{"title":"Drei sehr verschiedene Gr\u00fcnder-Geschichten | Deutsche Glasfaser","description":"Die deutsche Gr\u00fcnderszene ist facettenreicher als gedacht. Wie aus einer Idee ein erfolgreiches digitales Unternehmen wird zeigen wir hier.","robots":{"index":"index","follow":"follow","max-snippet":"max-snippet:-1","max-image-preview":"max-image-preview:large","max-video-preview":"max-video-preview:-1"},"canonical":"https:\/\/www.deutsche-glasfaser.de\/blog\/gruender-aus-leidenschaft-drei-sehr-verschiedene-geschichten\/","og_locale":"de_DE","og_type":"article","og_title":"Drei sehr verschiedene Gr\u00fcnder-Geschichten | Deutsche Glasfaser","og_description":"Die deutsche Gr\u00fcnderszene ist facettenreicher als gedacht. Wie aus einer Idee ein erfolgreiches digitales Unternehmen wird zeigen wir hier.","og_url":"https:\/\/www.deutsche-glasfaser.de\/blog\/gruender-aus-leidenschaft-drei-sehr-verschiedene-geschichten\/","og_site_name":"Digitales B\u00fcrgernetz","article_published_time":"2022-12-14T09:32:12+00:00","article_modified_time":"2022-12-14T09:32:14+00:00","og_image":[{"width":1500,"height":705,"url":"https:\/\/www.deutsche-glasfaser.de\/blog\/wp-content\/uploads\/2022\/12\/Gruender_Header.jpg","type":"image\/jpeg"}],"author":"Deutsche Glasfaser","twitter_card":"summary_large_image","twitter_misc":{"Verfasst von":"Deutsche Glasfaser","Gesch\u00e4tzte Lesezeit":"7\u00a0Minuten"},"schema":{"@context":"https:\/\/schema.org","@graph":[{"@type":"Article","@id":"https:\/\/www.deutsche-glasfaser.de\/blog\/gruender-aus-leidenschaft-drei-sehr-verschiedene-geschichten\/#article","isPartOf":{"@id":"https:\/\/www.deutsche-glasfaser.de\/blog\/gruender-aus-leidenschaft-drei-sehr-verschiedene-geschichten\/"},"author":{"name":"Deutsche Glasfaser","@id":"https:\/\/www.deutsche-glasfaser.de\/blog\/#\/schema\/person\/9380a6dc7443d77143d0c66c409f574b"},"headline":"Gr\u00fcnder aus Leidenschaft \u2013 Drei sehr verschiedene Geschichten","datePublished":"2022-12-14T09:32:12+00:00","dateModified":"2022-12-14T09:32:14+00:00","mainEntityOfPage":{"@id":"https:\/\/www.deutsche-glasfaser.de\/blog\/gruender-aus-leidenschaft-drei-sehr-verschiedene-geschichten\/"},"wordCount":1174,"commentCount":0,"publisher":{"@id":"https:\/\/www.deutsche-glasfaser.de\/blog\/#organization"},"image":{"@id":"https:\/\/www.deutsche-glasfaser.de\/blog\/gruender-aus-leidenschaft-drei-sehr-verschiedene-geschichten\/#primaryimage"},"thumbnailUrl":"https:\/\/www.deutsche-glasfaser.de\/blog\/wp-content\/uploads\/2022\/12\/Gruender_Header.jpg","articleSection":["Service"],"inLanguage":"de","potentialAction":[{"@type":"CommentAction","name":"Comment","target":["https:\/\/www.deutsche-glasfaser.de\/blog\/gruender-aus-leidenschaft-drei-sehr-verschiedene-geschichten\/#respond"]}]},{"@type":"WebPage","@id":"https:\/\/www.deutsche-glasfaser.de\/blog\/gruender-aus-leidenschaft-drei-sehr-verschiedene-geschichten\/","url":"https:\/\/www.deutsche-glasfaser.de\/blog\/gruender-aus-leidenschaft-drei-sehr-verschiedene-geschichten\/","name":"Drei sehr verschiedene Gr\u00fcnder-Geschichten | Deutsche Glasfaser","isPartOf":{"@id":"https:\/\/www.deutsche-glasfaser.de\/blog\/#website"},"primaryImageOfPage":{"@id":"https:\/\/www.deutsche-glasfaser.de\/blog\/gruender-aus-leidenschaft-drei-sehr-verschiedene-geschichten\/#primaryimage"},"image":{"@id":"https:\/\/www.deutsche-glasfaser.de\/blog\/gruender-aus-leidenschaft-drei-sehr-verschiedene-geschichten\/#primaryimage"},"thumbnailUrl":"https:\/\/www.deutsche-glasfaser.de\/blog\/wp-content\/uploads\/2022\/12\/Gruender_Header.jpg","datePublished":"2022-12-14T09:32:12+00:00","dateModified":"2022-12-14T09:32:14+00:00","description":"Die deutsche Gr\u00fcnderszene ist facettenreicher als gedacht. Wie aus einer Idee ein erfolgreiches digitales Unternehmen wird zeigen wir hier.","inLanguage":"de","potentialAction":[{"@type":"ReadAction","target":["https:\/\/www.deutsche-glasfaser.de\/blog\/gruender-aus-leidenschaft-drei-sehr-verschiedene-geschichten\/"]}]},{"@type":"ImageObject","inLanguage":"de","@id":"https:\/\/www.deutsche-glasfaser.de\/blog\/gruender-aus-leidenschaft-drei-sehr-verschiedene-geschichten\/#primaryimage","url":"https:\/\/www.deutsche-glasfaser.de\/blog\/wp-content\/uploads\/2022\/12\/Gruender_Header.jpg","contentUrl":"https:\/\/www.deutsche-glasfaser.de\/blog\/wp-content\/uploads\/2022\/12\/Gruender_Header.jpg","width":1500,"height":705},{"@type":"WebSite","@id":"https:\/\/www.deutsche-glasfaser.de\/blog\/#website","url":"https:\/\/www.deutsche-glasfaser.de\/blog\/","name":"Digitales B\u00fcrgernetz","description":"Deutsche Glasfaser Blog","publisher":{"@id":"https:\/\/www.deutsche-glasfaser.de\/blog\/#organization"},"potentialAction":[{"@type":"SearchAction","target":{"@type":"EntryPoint","urlTemplate":"https:\/\/www.deutsche-glasfaser.de\/blog\/?s={search_term_string}"},"query-input":{"@type":"PropertyValueSpecification","valueRequired":true,"valueName":"search_term_string"}}],"inLanguage":"de"},{"@type":"Organization","@id":"https:\/\/www.deutsche-glasfaser.de\/blog\/#organization","name":"Digitales B\u00fcrgernetz","url":"https:\/\/www.deutsche-glasfaser.de\/blog\/","logo":{"@type":"ImageObject","inLanguage":"de","@id":"https:\/\/www.deutsche-glasfaser.de\/blog\/#\/schema\/logo\/image\/","url":"https:\/\/www.deutsche-glasfaser.de\/blog\/wp-content\/uploads\/2021\/08\/DGF_Logo_Basis_RGB-Large@2x.png","contentUrl":"https:\/\/www.deutsche-glasfaser.de\/blog\/wp-content\/uploads\/2021\/08\/DGF_Logo_Basis_RGB-Large@2x.png","width":312,"height":104,"caption":"Digitales B\u00fcrgernetz"},"image":{"@id":"https:\/\/www.deutsche-glasfaser.de\/blog\/#\/schema\/logo\/image\/"}},{"@type":"Person","@id":"https:\/\/www.deutsche-glasfaser.de\/blog\/#\/schema\/person\/9380a6dc7443d77143d0c66c409f574b","name":"Deutsche Glasfaser"}]}},"_links":{"self":[{"href":"https:\/\/www.deutsche-glasfaser.de\/blog\/wp-json\/wp\/v2\/posts\/11093","targetHints":{"allow":["GET"]}}],"collection":[{"href":"https:\/\/www.deutsche-glasfaser.de\/blog\/wp-json\/wp\/v2\/posts"}],"about":[{"href":"https:\/\/www.deutsche-glasfaser.de\/blog\/wp-json\/wp\/v2\/types\/post"}],"author":[{"embeddable":true,"href":"https:\/\/www.deutsche-glasfaser.de\/blog\/wp-json\/wp\/v2\/users\/5"}],"replies":[{"embeddable":true,"href":"https:\/\/www.deutsche-glasfaser.de\/blog\/wp-json\/wp\/v2\/comments?post=11093"}],"version-history":[{"count":8,"href":"https:\/\/www.deutsche-glasfaser.de\/blog\/wp-json\/wp\/v2\/posts\/11093\/revisions"}],"predecessor-version":[{"id":11104,"href":"https:\/\/www.deutsche-glasfaser.de\/blog\/wp-json\/wp\/v2\/posts\/11093\/revisions\/11104"}],"wp:featuredmedia":[{"embeddable":true,"href":"https:\/\/www.deutsche-glasfaser.de\/blog\/wp-json\/wp\/v2\/media\/11096"}],"wp:attachment":[{"href":"https:\/\/www.deutsche-glasfaser.de\/blog\/wp-json\/wp\/v2\/media?parent=11093"}],"wp:term":[{"taxonomy":"category","embeddable":true,"href":"https:\/\/www.deutsche-glasfaser.de\/blog\/wp-json\/wp\/v2\/categories?post=11093"},{"taxonomy":"post_tag","embeddable":true,"href":"https:\/\/www.deutsche-glasfaser.de\/blog\/wp-json\/wp\/v2\/tags?post=11093"}],"curies":[{"name":"wp","href":"https:\/\/api.w.org\/{rel}","templated":true}]}}