{"id":11026,"date":"2022-12-07T09:11:30","date_gmt":"2022-12-07T08:11:30","guid":{"rendered":"https:\/\/www.deutsche-glasfaser.de\/blog\/?p=11026"},"modified":"2022-12-07T09:11:32","modified_gmt":"2022-12-07T08:11:32","slug":"welche-social-media-plattformen-gibt-es","status":"publish","type":"post","link":"https:\/\/www.deutsche-glasfaser.de\/blog\/welche-social-media-plattformen-gibt-es\/","title":{"rendered":"Welche Social-Media-Plattformen gibt es?"},"content":{"rendered":"\t\t<div data-elementor-type=\"wp-post\" data-elementor-id=\"11026\" class=\"elementor elementor-11026\">\n\t\t\t\t\t\t<section class=\"elementor-section elementor-top-section elementor-element elementor-element-6a2f9e0 elementor-section-boxed elementor-section-height-default elementor-section-height-default\" data-id=\"6a2f9e0\" data-element_type=\"section\" data-e-type=\"section\">\n\t\t\t\t\t\t<div class=\"elementor-container elementor-column-gap-default\">\n\t\t\t\t\t<div class=\"elementor-column elementor-col-100 elementor-top-column elementor-element elementor-element-fe73e40\" data-id=\"fe73e40\" data-element_type=\"column\" data-e-type=\"column\">\n\t\t\t<div class=\"elementor-widget-wrap elementor-element-populated\">\n\t\t\t\t\t\t<div class=\"elementor-element elementor-element-d5b6d51 elementor-widget elementor-widget-text-editor\" data-id=\"d5b6d51\" data-element_type=\"widget\" data-e-type=\"widget\" data-widget_type=\"text-editor.default\">\n\t\t\t\t<div class=\"elementor-widget-container\">\n\t\t\t\t\t\t\t\t\t<p>Wer sich in der digitalen Welt Aufmerksamkeit verschaffen m\u00f6chte, ben\u00f6tigt das richtige Sprachrohr. Verschiedene Plattformen bieten zahlreiche M\u00f6glichkeiten, um zu kommunizieren, mit Nutzern in Interaktion mit anderen zu treten und regelm\u00e4\u00dfig von sich h\u00f6ren zu machen. Ob passionierter Hobbybastler, frischgebackene Gr\u00fcnderin oder Kommunikationsspezialist eines Unternehmens \u2013 Menschen und Organisationen waren noch sie so frei in ihrer Kommunikation und in der Lage, auf ihre individuellen Anliegen aufmerksam zu machen.<\/p>\t\t\t\t\t\t\t\t<\/div>\n\t\t\t\t<\/div>\n\t\t\t\t<div class=\"elementor-element elementor-element-0db1784 elementor-widget elementor-widget-spacer\" data-id=\"0db1784\" data-element_type=\"widget\" data-e-type=\"widget\" data-widget_type=\"spacer.default\">\n\t\t\t\t<div class=\"elementor-widget-container\">\n\t\t\t\t\t\t\t<div class=\"elementor-spacer\">\n\t\t\t<div class=\"elementor-spacer-inner\"><\/div>\n\t\t<\/div>\n\t\t\t\t\t\t<\/div>\n\t\t\t\t<\/div>\n\t\t\t\t<div class=\"elementor-element elementor-element-d9711a6 elementor-widget elementor-widget-heading\" data-id=\"d9711a6\" data-element_type=\"widget\" data-e-type=\"widget\" data-widget_type=\"heading.default\">\n\t\t\t\t<div class=\"elementor-widget-container\">\n\t\t\t\t\t<h2 class=\"elementor-heading-title elementor-size-xl\">Viele Plattformen, viele Freiheiten<\/h2>\t\t\t\t<\/div>\n\t\t\t\t<\/div>\n\t\t\t\t<div class=\"elementor-element elementor-element-269ef81 elementor-widget elementor-widget-spacer\" data-id=\"269ef81\" data-element_type=\"widget\" data-e-type=\"widget\" data-widget_type=\"spacer.default\">\n\t\t\t\t<div class=\"elementor-widget-container\">\n\t\t\t\t\t\t\t<div class=\"elementor-spacer\">\n\t\t\t<div class=\"elementor-spacer-inner\"><\/div>\n\t\t<\/div>\n\t\t\t\t\t\t<\/div>\n\t\t\t\t<\/div>\n\t\t\t\t<div class=\"elementor-element elementor-element-1781f8b elementor-widget elementor-widget-text-editor\" data-id=\"1781f8b\" data-element_type=\"widget\" data-e-type=\"widget\" data-widget_type=\"text-editor.default\">\n\t\t\t\t<div class=\"elementor-widget-container\">\n\t\t\t\t\t\t\t\t\t<p>TikTok, Instagram oder Pinterest? Twitter, Facebook oder lieber doch einen eigenen Blog? Vielleicht auch Videos oder einen Podcast machen? Wer die Wahl hat, hat die Qual \u2013 aber auch <strong>alle Freiheit, sich zu entscheiden<\/strong>.<\/p><p>Jedes Social-Media-Netzwerk hat seine Vorz\u00fcge, bietet seinen Nutzern besondere Funktionen und erreicht <strong>bestimmte Zielgruppen<\/strong> besonders gut. \u00dcberall pr\u00e4sent zu sein \u2013 wom\u00f6glich auch noch mit demselben Content \u2013 ist aber keine gute Strategie. Zu <strong>unterschiedlich sind die Anspr\u00fcche<\/strong> des jeweiligen Publikums und vor allem die der Algorithmen der Social-Media-Plattformen.<\/p><p>Wer sich in das Abenteuer einer Online-Pr\u00e4senz st\u00fcrzen m\u00f6chte, sollte daher gezielt vorgehen \u2013 ob als Privatmensch oder als Unternehmen. Dazu geh\u00f6rt, gut zu \u00fcberlegen, welche <strong>Mittel und Kapazit\u00e4ten zur Verf\u00fcgung<\/strong> stehen und welche Nutzer erreicht werden sollen. Um das richtig einzusch\u00e4tzen, sollten vorab jedoch noch grunds\u00e4tzlichere \u00dcberlegungen gekl\u00e4rt werden. Die beiden Wichtigsten:<\/p><ul><li><strong>Was habe ich zu bieten?<br \/><\/strong>Ob Privatperson oder Unternehmen: Wer einen Social-Media-Kanal er\u00f6ffnet, tut dies, um sich mitzuteilen. Jedoch ist man damit auf keiner der Plattformen allein. Daher sollte auch immer mit einflie\u00dfen, was den eigenen Beitrag zuk\u00fcnftig von anderen abheben wird. Geht es vielleicht vorrangig um ein bestimmtes Produkt mit echtem Mehrwert? Oder besonders authentische Tests verschiedener Angebote? Wird etwas humorvoll aufbereitet oder detailliert erkl\u00e4rt? Der Anspruch muss hier nicht lauten, etwas v\u00f6llig Einzigartiges zu entwickeln, sondern vielmehr das eigene Steckenpferd zu finden.<\/li><li><strong>Wen soll das erreichen?<br \/><\/strong>Nicht nur die eigene Message ist wichtig, auch das Publikum der Kan\u00e4le sollte von vornherein mitgedacht werden. Welche Nutzer hole ich mit meinen Inhalten ab? Sind diese f\u00fcr Eltern und Hobbyhandwerker gedacht oder eher f\u00fcr junge Menschen und Gaming-Fans? Wie l\u00e4sst sich die Zielgruppe definieren nach Alter, Geschlecht, Bildung, Konsumverhalten, Einkommen und Mediennutzung?<\/li><\/ul><p>\u00a0<\/p><p>Sind diese wichtigen Grundlagen gekl\u00e4rt, l\u00e4sst sich auch die zentrale und wichtigste Frage beantworten: Welche Social-Media-Plattform passt am besten zu meinen Pl\u00e4nen?<\/p>\t\t\t\t\t\t\t\t<\/div>\n\t\t\t\t<\/div>\n\t\t\t\t<div class=\"elementor-element elementor-element-0e74c77 elementor-widget elementor-widget-spacer\" data-id=\"0e74c77\" data-element_type=\"widget\" data-e-type=\"widget\" data-widget_type=\"spacer.default\">\n\t\t\t\t<div class=\"elementor-widget-container\">\n\t\t\t\t\t\t\t<div class=\"elementor-spacer\">\n\t\t\t<div class=\"elementor-spacer-inner\"><\/div>\n\t\t<\/div>\n\t\t\t\t\t\t<\/div>\n\t\t\t\t<\/div>\n\t\t\t\t<div class=\"elementor-element elementor-element-4434d6d elementor-widget elementor-widget-heading\" data-id=\"4434d6d\" data-element_type=\"widget\" data-e-type=\"widget\" data-widget_type=\"heading.default\">\n\t\t\t\t<div class=\"elementor-widget-container\">\n\t\t\t\t\t<h2 class=\"elementor-heading-title elementor-size-xl\">Facebook: informieren, bewerben, verkaufen<\/h2>\t\t\t\t<\/div>\n\t\t\t\t<\/div>\n\t\t\t\t<div class=\"elementor-element elementor-element-10c0022 elementor-widget elementor-widget-spacer\" data-id=\"10c0022\" data-element_type=\"widget\" data-e-type=\"widget\" data-widget_type=\"spacer.default\">\n\t\t\t\t<div class=\"elementor-widget-container\">\n\t\t\t\t\t\t\t<div class=\"elementor-spacer\">\n\t\t\t<div class=\"elementor-spacer-inner\"><\/div>\n\t\t<\/div>\n\t\t\t\t\t\t<\/div>\n\t\t\t\t<\/div>\n\t\t\t\t<div class=\"elementor-element elementor-element-dc57bf4 elementor-widget elementor-widget-text-editor\" data-id=\"dc57bf4\" data-element_type=\"widget\" data-e-type=\"widget\" data-widget_type=\"text-editor.default\">\n\t\t\t\t<div class=\"elementor-widget-container\">\n\t\t\t\t\t\t\t\t\t<p>Trotz des Aufstiegs anderer Social-Media-Plattformen im weltweiten Vergleich noch immer ungeschlagen: Facebook. Mit rund <a href=\"https:\/\/de.statista.com\/statistik\/daten\/studie\/37545\/umfrage\/anzahl-der-aktiven-nutzer-von-facebook\/#:~:text=Die%20Anzahl%20der%20monatlich%20aktiven,Netzwerk%20zu%20dem%20Unternehmen%20Meta\" target=\"_blank\" rel=\"noopener\"><strong>2,9 Milliarden monatlich aktiven Nutzern<\/strong><\/a> rund um den Globus ist das soziale Netzwerk das mit Abstand gr\u00f6\u00dfte seiner Art.<\/p><p><a href=\"https:\/\/www.ard-zdf-onlinestudie.de\/\" target=\"_blank\" rel=\"noopener\">Laut der ARD und ZDF Onlinestudie 2021<\/a> ist Facebook auch <strong>in Deutschland<\/strong> noch immer die beliebteste Social-Media-Plattform \u2013 <strong>28 Prozent<\/strong> der Befragten nutzen sie mindestens w\u00f6chentlich. <a href=\"https:\/\/de.statista.com\/statistik\/daten\/studie\/550596\/umfrage\/anzahl-der-monatlich-aktiven-facebook-nutzer-in-deutschland\/\" target=\"_blank\" rel=\"noopener\">Laut Statista-Erhebung<\/a> sind mehr als 31 Millionen Deutsche dort auch im Jahr 2022 registriert.<\/p><p>Kein Wunder, denn Facebook erlaubt es, <strong>Texte, Fotos oder Videos<\/strong> auf allen mobilen oder station\u00e4ren Endger\u00e4ten zu ver\u00f6ffentlichen. Es gibt Organisationen, Firmen oder Einzelnutzern eine Plattform zur Pr\u00e4sentation und bietet die M\u00f6glichkeit, sich in <strong>Interessengruppen<\/strong> zu organisieren \u2013 privat oder \u00f6ffentlich. Es gibt Chat- und Nachrichtenfunktionen, eine virtuelle Pinnwand und ein spezielles Format zur Ank\u00fcndigung von Veranstaltungen.<\/p><p>Zudem bietet die Plattform einen <strong>eigenen Marktplatz<\/strong>, \u00fcber den Produkte direkt inseriert und verkauft werden k\u00f6nnen. Vor allem aber erm\u00f6glicht Facebook, <strong>gezielt zu werben<\/strong> und den Erfolg der eigenen Anzeigen nachzuvollziehen \u2013 wer Produkte direkt vertreiben und bewerben m\u00f6chte, ist hier also gut aufgehoben.<\/p><p>Kein Unternehmen, das etwas auf sich h\u00e4lt, kommt daher ohne eine eigene Facebook-Seite aus. Dort kann <strong>beliebig viel Content<\/strong> gepostet und auch professionell beworben werden. Wer mit bestehenden oder potenziellen Kunden kommunizieren will, nutzt Facebook. Und wer sich mit Menschen aus demselben Stadtteil virtuell treffen will, um eine Nachbarschaftsfeier zu organisieren, der nutzt es auch.<\/p>\t\t\t\t\t\t\t\t<\/div>\n\t\t\t\t<\/div>\n\t\t\t\t<div class=\"elementor-element elementor-element-df66d37 elementor-widget elementor-widget-spacer\" data-id=\"df66d37\" data-element_type=\"widget\" data-e-type=\"widget\" data-widget_type=\"spacer.default\">\n\t\t\t\t<div class=\"elementor-widget-container\">\n\t\t\t\t\t\t\t<div class=\"elementor-spacer\">\n\t\t\t<div class=\"elementor-spacer-inner\"><\/div>\n\t\t<\/div>\n\t\t\t\t\t\t<\/div>\n\t\t\t\t<\/div>\n\t\t\t\t<div class=\"elementor-element elementor-element-b81b52e elementor-widget elementor-widget-heading\" data-id=\"b81b52e\" data-element_type=\"widget\" data-e-type=\"widget\" data-widget_type=\"heading.default\">\n\t\t\t\t<div class=\"elementor-widget-container\">\n\t\t\t\t\t<h2 class=\"elementor-heading-title elementor-size-xl\">Instagram: mit \u00c4sthetik und Inspiration \u00fcberzeugen<\/h2>\t\t\t\t<\/div>\n\t\t\t\t<\/div>\n\t\t\t\t<div class=\"elementor-element elementor-element-49659f5 elementor-widget elementor-widget-spacer\" data-id=\"49659f5\" data-element_type=\"widget\" data-e-type=\"widget\" data-widget_type=\"spacer.default\">\n\t\t\t\t<div class=\"elementor-widget-container\">\n\t\t\t\t\t\t\t<div class=\"elementor-spacer\">\n\t\t\t<div class=\"elementor-spacer-inner\"><\/div>\n\t\t<\/div>\n\t\t\t\t\t\t<\/div>\n\t\t\t\t<\/div>\n\t\t\t\t<div class=\"elementor-element elementor-element-f07b7f8 elementor-widget elementor-widget-text-editor\" data-id=\"f07b7f8\" data-element_type=\"widget\" data-e-type=\"widget\" data-widget_type=\"text-editor.default\">\n\t\t\t\t<div class=\"elementor-widget-container\">\n\t\t\t\t\t\t\t\t\t<p>Foto oder Video mit dem Handy machen, einmal klicken und schon kann die Welt erfahren, was wir gerade sehen und erleben. <strong>Instagram setzt voll auf das Smartphone<\/strong> und visuelle Reize.<\/p><p>Kein Wunder, dass das Social-Media-Netzwerk mittlerweile eine beachtliche Nutzeranzahl auf sich vereint: Rund <strong>500 Millionen Menschen<\/strong> nutzen die App weltweit. Sie tauschen sich zu ihren Hobbys aus und zeigen Bilder von ihrem Garten, ihrem Urlaub, ihrer Mode. Die Fotos oder Kurzvideos lassen sich mit Filtern optisch anpassen oder mit Musik unterlegen. Das geht schnell, ist unterhaltsam und wertet viele Schnappsch\u00fcsse enorm auf.<\/p><p>Aber Instagram eignet sich auch f\u00fcr die professionelle Vermarktung von Dienstleistungen und Produkten, die <strong>\u201esehenswert\u201c<\/strong> sind. Gro\u00dfe Museen nutzen Instagram, um Besucher auf aktuelle Ausstellungen aufmerksam zu machen. Traktorenhersteller zeigen ihre schweren Maschinen im Einsatz und Nachrichtenportale visualisieren mit <strong>Infografiken<\/strong> spannendes Wissen. Ein guter Instagram-Kanal findet immer einen Weg, die wichtigsten Neuigkeiten <strong>gut aussehen<\/strong> zu lassen!<\/p><p>Nicht zuletzt: Das Wort <strong>\u201eInfluencer\u201c<\/strong> ist untrennbar mit Instagram verbunden. Was so einfach aussieht, verlangt Zeit und eine kluge Strategie, um gen\u00fcgend Follower und Reichweite aufzubauen \u2013 oder gut dotierte Vertr\u00e4ge von Firmen zu bekommen. F\u00fcr Unternehmen sind die <strong>Social-Media-Profis ein echter Zugewinn<\/strong> und k\u00f6nnen f\u00fcr einen echten Bekanntheits-Boost und steigende Ums\u00e4tze sorgen.<\/p><p>Grunds\u00e4tzlich ist das Publikum bei Instagram etwas j\u00fcnger als bei Facebook. Beispielsweise gaben in der Onlinestudie von ARD und ZDF <strong>73 Prozent der 14- bis 29-j\u00e4hrigen<\/strong> <strong>Befragten<\/strong> an, Instagram w\u00f6chentlich oder t\u00e4glich zu nutzen. <\/p>\t\t\t\t\t\t\t\t<\/div>\n\t\t\t\t<\/div>\n\t\t\t\t<div class=\"elementor-element elementor-element-8fa8ac8 elementor-widget elementor-widget-spacer\" data-id=\"8fa8ac8\" data-element_type=\"widget\" data-e-type=\"widget\" data-widget_type=\"spacer.default\">\n\t\t\t\t<div class=\"elementor-widget-container\">\n\t\t\t\t\t\t\t<div class=\"elementor-spacer\">\n\t\t\t<div class=\"elementor-spacer-inner\"><\/div>\n\t\t<\/div>\n\t\t\t\t\t\t<\/div>\n\t\t\t\t<\/div>\n\t\t\t\t<div class=\"elementor-element elementor-element-3901461 elementor-widget elementor-widget-image\" data-id=\"3901461\" data-element_type=\"widget\" data-e-type=\"widget\" data-widget_type=\"image.default\">\n\t\t\t\t<div class=\"elementor-widget-container\">\n\t\t\t\t\t\t\t\t\t\t\t\t\t\t\t<img fetchpriority=\"high\" decoding=\"async\" width=\"768\" height=\"513\" src=\"https:\/\/www.deutsche-glasfaser.de\/blog\/wp-content\/uploads\/2022\/12\/Social_Media_beitragsbild2-768x513.jpg\" class=\"attachment-medium_large size-medium_large wp-image-11028\" alt=\"\" srcset=\"https:\/\/www.deutsche-glasfaser.de\/blog\/wp-content\/uploads\/2022\/12\/Social_Media_beitragsbild2-768x513.jpg 768w, https:\/\/www.deutsche-glasfaser.de\/blog\/wp-content\/uploads\/2022\/12\/Social_Media_beitragsbild2-300x200.jpg 300w, https:\/\/www.deutsche-glasfaser.de\/blog\/wp-content\/uploads\/2022\/12\/Social_Media_beitragsbild2.jpg 800w\" sizes=\"(max-width: 768px) 100vw, 768px\" \/>\t\t\t\t\t\t\t\t\t\t\t\t\t\t\t<\/div>\n\t\t\t\t<\/div>\n\t\t\t\t<div class=\"elementor-element elementor-element-2e5bb6d elementor-widget elementor-widget-spacer\" data-id=\"2e5bb6d\" data-element_type=\"widget\" data-e-type=\"widget\" data-widget_type=\"spacer.default\">\n\t\t\t\t<div class=\"elementor-widget-container\">\n\t\t\t\t\t\t\t<div class=\"elementor-spacer\">\n\t\t\t<div class=\"elementor-spacer-inner\"><\/div>\n\t\t<\/div>\n\t\t\t\t\t\t<\/div>\n\t\t\t\t<\/div>\n\t\t\t\t<div class=\"elementor-element elementor-element-49b4912 elementor-widget elementor-widget-heading\" data-id=\"49b4912\" data-element_type=\"widget\" data-e-type=\"widget\" data-widget_type=\"heading.default\">\n\t\t\t\t<div class=\"elementor-widget-container\">\n\t\t\t\t\t<h2 class=\"elementor-heading-title elementor-size-xl\">TikTok: junges Publikum, schnelles Wachstum<\/h2>\t\t\t\t<\/div>\n\t\t\t\t<\/div>\n\t\t\t\t<div class=\"elementor-element elementor-element-37cd5be elementor-widget elementor-widget-spacer\" data-id=\"37cd5be\" data-element_type=\"widget\" data-e-type=\"widget\" data-widget_type=\"spacer.default\">\n\t\t\t\t<div class=\"elementor-widget-container\">\n\t\t\t\t\t\t\t<div class=\"elementor-spacer\">\n\t\t\t<div class=\"elementor-spacer-inner\"><\/div>\n\t\t<\/div>\n\t\t\t\t\t\t<\/div>\n\t\t\t\t<\/div>\n\t\t\t\t<div class=\"elementor-element elementor-element-658597f elementor-widget elementor-widget-text-editor\" data-id=\"658597f\" data-element_type=\"widget\" data-e-type=\"widget\" data-widget_type=\"text-editor.default\">\n\t\t\t\t<div class=\"elementor-widget-container\">\n\t\t\t\t\t\t\t\t\t<p>Wer kreative Videos und Musik als Teil seines Marketings einsetzen will oder einfach Spa\u00df an der Sache hat, ist bei TikTok genau richtig \u2013 und die <strong>Nutzerzahlen boomen<\/strong>: <a href=\"https:\/\/www.futurebiz.de\/artikel\/tiktok-statistiken-2019\/\" target=\"_blank\" rel=\"noopener\">Mehr als 100 Millionen Menschen<\/a> in Europa nutzen die Social-Media-Plattform monatlich.<\/p><p>Beliebt sind die kreativen Videos vor allem bei der j\u00fcngeren Zielgruppe. <a href=\"https:\/\/www.ard-zdf-onlinestudie.de\/social-media-und-messenger\/social-media\/\">19 Prozent der <strong>14- bis 29-J\u00e4hrigen<\/strong><\/a> gaben gegen\u00fcber ARD und ZDF an, TikTok t\u00e4glich zu nutzen, im Gegensatz dazu nutzen nur 17 Prozent dieser Gruppe t\u00e4glich Facebook. Auch oberhalb dieser Altersgrenze hat die chinesische Plattform mittlerweile eine beachtliche Reichweite erlangt. <a href=\"https:\/\/de.statista.com\/statistik\/daten\/studie\/1318937\/umfrage\/nutzung-von-tiktok-nach-altersgruppen-in-deutschland\/\">Laut Statista<\/a> nutzen immerhin 13 Prozent 50- bis 59-J\u00e4hrigen die App.<\/p><p>Dennoch: Den gr\u00f6\u00dften Anteil machen nun einmal <strong>Jugendliche und junge Erwachsene<\/strong> aus. Das j\u00fcngste Mitglied in der Familie der sozialen Netzwerke d\u00fcrfte daher vor allem f\u00fcr jene interessant sein, die eine sehr <strong>junge Zielgruppe ansprechen<\/strong> wollen. Nicht immer m\u00fcssen dabei Produkte im Vordergrund stehen. Auch wer beispielsweise junge Mitarbeiter oder Auszubildende sucht, kann hier mit einem <strong>witzigen Musikvideo<\/strong> die richtige Zielgruppe erreichen. Wichtig ist dabei jedoch, die junge Zielgruppe wirklich zu verstehen und authentischen Content zu produzieren.<\/p>\t\t\t\t\t\t\t\t<\/div>\n\t\t\t\t<\/div>\n\t\t\t\t<div class=\"elementor-element elementor-element-a1bee13 elementor-widget elementor-widget-spacer\" data-id=\"a1bee13\" data-element_type=\"widget\" data-e-type=\"widget\" data-widget_type=\"spacer.default\">\n\t\t\t\t<div class=\"elementor-widget-container\">\n\t\t\t\t\t\t\t<div class=\"elementor-spacer\">\n\t\t\t<div class=\"elementor-spacer-inner\"><\/div>\n\t\t<\/div>\n\t\t\t\t\t\t<\/div>\n\t\t\t\t<\/div>\n\t\t\t\t<div class=\"elementor-element elementor-element-57ddde5 elementor-widget elementor-widget-heading\" data-id=\"57ddde5\" data-element_type=\"widget\" data-e-type=\"widget\" data-widget_type=\"heading.default\">\n\t\t\t\t<div class=\"elementor-widget-container\">\n\t\t\t\t\t<h2 class=\"elementor-heading-title elementor-size-xl\">Twitter: kurz, schnell, nachrichtlich<\/h2>\t\t\t\t<\/div>\n\t\t\t\t<\/div>\n\t\t\t\t<div class=\"elementor-element elementor-element-21a5ca5 elementor-widget elementor-widget-spacer\" data-id=\"21a5ca5\" data-element_type=\"widget\" data-e-type=\"widget\" data-widget_type=\"spacer.default\">\n\t\t\t\t<div class=\"elementor-widget-container\">\n\t\t\t\t\t\t\t<div class=\"elementor-spacer\">\n\t\t\t<div class=\"elementor-spacer-inner\"><\/div>\n\t\t<\/div>\n\t\t\t\t\t\t<\/div>\n\t\t\t\t<\/div>\n\t\t\t\t<div class=\"elementor-element elementor-element-e34bd88 elementor-widget elementor-widget-text-editor\" data-id=\"e34bd88\" data-element_type=\"widget\" data-e-type=\"widget\" data-widget_type=\"text-editor.default\">\n\t\t\t\t<div class=\"elementor-widget-container\">\n\t\t\t\t\t\t\t\t\t<p>Auf eine Nutzerzahl von rund <a href=\"https:\/\/www.futurebiz.de\/artikel\/twitter-statistiken-nutzerzahlen\/\"><strong>229 Millionen aktiven<\/strong> Usern pro Tag<\/a> bringt es <strong>Twitter<\/strong>, das oft auch als Microblogging-Dienst bezeichnet wird. Hier liegt die W\u00fcrze in der K\u00fcrze: Wer etwas zu sagen hat, muss das in <strong>280 Zeichen<\/strong> erledigen und kann daf\u00fcr auch Bild, Ton oder Hashtags nutzen. Der bekannteste Twitter-Nutzer ist \u00fcbrigens ein amerikanischer Ex-Pr\u00e4sident: Mit \u00fcber 130 Millionen Followern f\u00fchrt Barack Obama die Statistik an.<\/p><p>Viele Unternehmen verwenden Twitter als <strong>Online-Newsletter<\/strong> und informieren und binden so ihre Kunden. Zeitungs- und Magazinredaktionen nutzen es, um Kurznachrichten zu verbreiten und auf <strong>Beitr\u00e4ge in ihren Bl\u00e4ttern<\/strong> hinzuweisen. Mit anderen Worten: Twitter lebt von Aktualit\u00e4t und Geschwindigkeit. Wer hier einen Anteil am Geschehen haben und pr\u00e4sent sein will, tut gut daran, <strong>schnell zu reagieren<\/strong>: Gesch\u00e4tzt werden jede Sekunde rund 7.600 Tweets ver\u00f6ffentlicht. Kein Wunder, dass Nachrichten 15 Minuten nach dem Posten kaum noch gelesen werden.<\/p><p><strong>Tipp:<\/strong> Auch wenn sogenannte Threads es den Nutzern erlauben, mehrere Tweets zu einer Kette zusammenzuh\u00e4ngen und sich ausf\u00fchrlicher zu \u00e4u\u00dfern, ist die Social-Media-Plattform nicht der beste Ort f\u00fcr lange Anleitungen und detaillierte Erkl\u00e4rungen. Stattdessen besser <strong>per Tweet auf entsprechende Blog-Artikel oder Videobeitr\u00e4ge hinweisen<\/strong>.<\/p>\t\t\t\t\t\t\t\t<\/div>\n\t\t\t\t<\/div>\n\t\t\t\t<div class=\"elementor-element elementor-element-07f418a elementor-widget elementor-widget-spacer\" data-id=\"07f418a\" data-element_type=\"widget\" data-e-type=\"widget\" data-widget_type=\"spacer.default\">\n\t\t\t\t<div class=\"elementor-widget-container\">\n\t\t\t\t\t\t\t<div class=\"elementor-spacer\">\n\t\t\t<div class=\"elementor-spacer-inner\"><\/div>\n\t\t<\/div>\n\t\t\t\t\t\t<\/div>\n\t\t\t\t<\/div>\n\t\t\t\t<div class=\"elementor-element elementor-element-0739d63 elementor-widget elementor-widget-heading\" data-id=\"0739d63\" data-element_type=\"widget\" data-e-type=\"widget\" data-widget_type=\"heading.default\">\n\t\t\t\t<div class=\"elementor-widget-container\">\n\t\t\t\t\t<h2 class=\"elementor-heading-title elementor-size-xl\">YouTube: ausf\u00fchrlich die Welt erkl\u00e4ren<\/h2>\t\t\t\t<\/div>\n\t\t\t\t<\/div>\n\t\t\t\t<div class=\"elementor-element elementor-element-42349f7 elementor-widget elementor-widget-spacer\" data-id=\"42349f7\" data-element_type=\"widget\" data-e-type=\"widget\" data-widget_type=\"spacer.default\">\n\t\t\t\t<div class=\"elementor-widget-container\">\n\t\t\t\t\t\t\t<div class=\"elementor-spacer\">\n\t\t\t<div class=\"elementor-spacer-inner\"><\/div>\n\t\t<\/div>\n\t\t\t\t\t\t<\/div>\n\t\t\t\t<\/div>\n\t\t\t\t<div class=\"elementor-element elementor-element-2868bad elementor-widget elementor-widget-text-editor\" data-id=\"2868bad\" data-element_type=\"widget\" data-e-type=\"widget\" data-widget_type=\"text-editor.default\">\n\t\t\t\t<div class=\"elementor-widget-container\">\n\t\t\t\t\t\t\t\t\t<p>Mit einem ersten Upload im Jahr 2005, z\u00e4hlt YouTube mittlerweile zu den \u201ealten Hasen\u201c unter den Social-Media-Plattformen. Heute bev\u00f6lkern rund <a href=\"https:\/\/de.statista.com\/themen\/162\/youtube\/#:~:text=Das%20Online%2DVideoportal%20YouTube%20wurde,(Stand%3A%20Januar%202021)\"><strong>2,56 Milliarden monatliche Nutzer<\/strong> das Portal<\/a>. Das Netzwerk beherbergt eine gigantische Videosammlung, die nat\u00fcrlich kontinuierlich w\u00e4chst: Jede Minute werden \u00fcber <a href=\"https:\/\/www.statista.com\/statistics\/259477\/hours-of-video-uploaded-to-youtube-every-minute\/#:~:text=As%20of%20February%202020%2C%20more,newly%20uploaded%20content%20per%20hour.\">500 Stunden Videomaterial<\/a> hochgeladen.<\/p><p>Wer sich da von der Masse abheben und gefunden werden will, muss gute Ideen und <strong>individuelle Inhalte liefern<\/strong>. Ganz vorne auf der Beliebtheitsskale rangieren noch immer Musikvideos, aber YouTube ist viel mehr als lockere Unterhaltung.<\/p><p>Es bietet Lebenshilfe, Testberichte, Tipp-Videos und ist Fernseh-Ersatz. Vor allem hat es sich zum <strong>Alltagslernmedium<\/strong> entwickelt. Ob jemand sehen m\u00f6chte, wie man Kuchen backt, einen neuen Rasen anlegt oder wissen will, wie die Verlegung von Glasfaser-Kabeln funktioniert \u2013 es gibt ein <strong>Erkl\u00e4rvideo<\/strong> dazu, das zeigt, wie es geht.<\/p><p>YouTube bietet f\u00fcr das Marketing von kleinen Unternehmen wirkliche Potenziale. <strong>Produkte und Dienstleistungen<\/strong> k\u00f6nnen dem Kunden nahegebracht und kostenpflichtig beworben werden. Auf Unternehmensseite eignen sich vor allem Tutorials zum Einsatz der eigenen Produktpalette, aber auch Blicke hinter die Kulissen oder Experteninterviews.<\/p><p><strong>Ein gro\u00dfes Plus:<\/strong> Die hochgeladenen Videos lassen sich auch gut in andere Kan\u00e4le einbinden \u2013 etwa in den eigenen Blog oder die Facebookseite.<\/p>\t\t\t\t\t\t\t\t<\/div>\n\t\t\t\t<\/div>\n\t\t\t\t<div class=\"elementor-element elementor-element-8a034e7 elementor-widget elementor-widget-spacer\" data-id=\"8a034e7\" data-element_type=\"widget\" data-e-type=\"widget\" data-widget_type=\"spacer.default\">\n\t\t\t\t<div class=\"elementor-widget-container\">\n\t\t\t\t\t\t\t<div class=\"elementor-spacer\">\n\t\t\t<div class=\"elementor-spacer-inner\"><\/div>\n\t\t<\/div>\n\t\t\t\t\t\t<\/div>\n\t\t\t\t<\/div>\n\t\t\t\t<div class=\"elementor-element elementor-element-42c1a3f elementor-widget elementor-widget-image\" data-id=\"42c1a3f\" data-element_type=\"widget\" data-e-type=\"widget\" data-widget_type=\"image.default\">\n\t\t\t\t<div class=\"elementor-widget-container\">\n\t\t\t\t\t\t\t\t\t\t\t\t\t\t\t<img decoding=\"async\" width=\"768\" height=\"512\" src=\"https:\/\/www.deutsche-glasfaser.de\/blog\/wp-content\/uploads\/2022\/12\/Social_Medi_beitragsbild1-768x512.jpg\" class=\"attachment-medium_large size-medium_large wp-image-11029\" alt=\"\" srcset=\"https:\/\/www.deutsche-glasfaser.de\/blog\/wp-content\/uploads\/2022\/12\/Social_Medi_beitragsbild1-768x512.jpg 768w, https:\/\/www.deutsche-glasfaser.de\/blog\/wp-content\/uploads\/2022\/12\/Social_Medi_beitragsbild1-300x200.jpg 300w, https:\/\/www.deutsche-glasfaser.de\/blog\/wp-content\/uploads\/2022\/12\/Social_Medi_beitragsbild1.jpg 800w\" sizes=\"(max-width: 768px) 100vw, 768px\" \/>\t\t\t\t\t\t\t\t\t\t\t\t\t\t\t<\/div>\n\t\t\t\t<\/div>\n\t\t\t\t<div class=\"elementor-element elementor-element-98e65d7 elementor-widget elementor-widget-spacer\" data-id=\"98e65d7\" data-element_type=\"widget\" data-e-type=\"widget\" data-widget_type=\"spacer.default\">\n\t\t\t\t<div class=\"elementor-widget-container\">\n\t\t\t\t\t\t\t<div class=\"elementor-spacer\">\n\t\t\t<div class=\"elementor-spacer-inner\"><\/div>\n\t\t<\/div>\n\t\t\t\t\t\t<\/div>\n\t\t\t\t<\/div>\n\t\t\t\t<div class=\"elementor-element elementor-element-b525b6a elementor-widget elementor-widget-heading\" data-id=\"b525b6a\" data-element_type=\"widget\" data-e-type=\"widget\" data-widget_type=\"heading.default\">\n\t\t\t\t<div class=\"elementor-widget-container\">\n\t\t\t\t\t<h2 class=\"elementor-heading-title elementor-size-xl\">Der Blog: Plattform f\u00fcr alle Vielschreiber<\/h2>\t\t\t\t<\/div>\n\t\t\t\t<\/div>\n\t\t\t\t<div class=\"elementor-element elementor-element-cc0f21d elementor-widget elementor-widget-spacer\" data-id=\"cc0f21d\" data-element_type=\"widget\" data-e-type=\"widget\" data-widget_type=\"spacer.default\">\n\t\t\t\t<div class=\"elementor-widget-container\">\n\t\t\t\t\t\t\t<div class=\"elementor-spacer\">\n\t\t\t<div class=\"elementor-spacer-inner\"><\/div>\n\t\t<\/div>\n\t\t\t\t\t\t<\/div>\n\t\t\t\t<\/div>\n\t\t\t\t<div class=\"elementor-element elementor-element-0fbb2ac elementor-widget elementor-widget-text-editor\" data-id=\"0fbb2ac\" data-element_type=\"widget\" data-e-type=\"widget\" data-widget_type=\"text-editor.default\">\n\t\t\t\t<div class=\"elementor-widget-container\">\n\t\t\t\t\t\t\t\t\t<p>Gut, streng genommen z\u00e4hlen Blogs nicht zu Social-Media-Plattformen, da die einzelnen Blogs eben nicht gesamte Netzwerke bilden, sondern f\u00fcr sich existieren. Dennoch: Wer der Welt als Unternehmen oder Privatpersonen etwas mitzuteilen hat, findet auf einem Blog eine <strong>gro\u00dfe B\u00fchne f\u00fcr viele ausf\u00fchrliche Beitr\u00e4ge<\/strong>.<\/p><p>Ein Blog ist ebenso einfach anzulegen wie mit Inhalten zu f\u00fcllen. Seien es <strong>Texte beliebiger L\u00e4nge, Fotos oder Videos<\/strong> \u2013 alles geht, alles ist machbar. Blogs gibt es zu jedem Thema, von Ern\u00e4hrung \u00fcber Gesundheit und Mode bis Reise und Haustiere. Dank <strong>Blogbauk\u00e4sten und vorgefertigter Templates<\/strong> k\u00f6nnen vom Laien bis zum Profi alle schnell und komfortabel eine Internetpr\u00e4senz gestalten. Was immer jemand f\u00fcr wissenswert h\u00e4lt, kann er der Welt mitteilen \u2013 seien es professionelle Ratschl\u00e4ge, lockere Unterhaltung oder inspirativer Content.<\/p><p>Firmen nutzen <strong>Corporate Blogs<\/strong>, um von sich ihren Mitarbeitern oder ihren Produkten zu berichten und \u00fcber Neuigkeiten zu informieren. Und so mancher Blogger hat aus der reinen <strong>Freizeitbesch\u00e4ftigung ein Gesch\u00e4ft<\/strong> gemacht und generiert \u00fcber Affiliate-Marketing oder bezahlte Werbepl\u00e4tze Einnahmen.<\/p><p>Welche Vorteile haben Blogs? Sie demonstrieren Expertise zu einem bestimmten Thema. Sie erzeugen damit Vertrauen und Kaufbereitschaft bei Kunden. Ein Blog ist nicht statisch, sondern lebt von immer neuen Beitr\u00e4gen, Informationen, Themen, Texten und Bildern. Das hei\u00dft aber auch, <strong>regelm\u00e4\u00dfig Neues zu ver\u00f6ffentlichen<\/strong> \u2013 dranbleiben ist alles. Hier hilft es, von Beginn an mit einem Redaktionsplan zu arbeiten und rechtzeitig zu schauen, welches Thema welche Tiefe bietet.<\/p>\t\t\t\t\t\t\t\t<\/div>\n\t\t\t\t<\/div>\n\t\t\t\t<div class=\"elementor-element elementor-element-4807dfe elementor-widget elementor-widget-spacer\" data-id=\"4807dfe\" data-element_type=\"widget\" data-e-type=\"widget\" data-widget_type=\"spacer.default\">\n\t\t\t\t<div class=\"elementor-widget-container\">\n\t\t\t\t\t\t\t<div class=\"elementor-spacer\">\n\t\t\t<div class=\"elementor-spacer-inner\"><\/div>\n\t\t<\/div>\n\t\t\t\t\t\t<\/div>\n\t\t\t\t<\/div>\n\t\t\t\t<div class=\"elementor-element elementor-element-96f05eb elementor-widget elementor-widget-heading\" data-id=\"96f05eb\" data-element_type=\"widget\" data-e-type=\"widget\" data-widget_type=\"heading.default\">\n\t\t\t\t<div class=\"elementor-widget-container\">\n\t\t\t\t\t<h2 class=\"elementor-heading-title elementor-size-xl\">Der Podcast: Spannendes f\u00fcr die Ohren<\/h2>\t\t\t\t<\/div>\n\t\t\t\t<\/div>\n\t\t\t\t<div class=\"elementor-element elementor-element-46ef0af elementor-widget elementor-widget-spacer\" data-id=\"46ef0af\" data-element_type=\"widget\" data-e-type=\"widget\" data-widget_type=\"spacer.default\">\n\t\t\t\t<div class=\"elementor-widget-container\">\n\t\t\t\t\t\t\t<div class=\"elementor-spacer\">\n\t\t\t<div class=\"elementor-spacer-inner\"><\/div>\n\t\t<\/div>\n\t\t\t\t\t\t<\/div>\n\t\t\t\t<\/div>\n\t\t\t\t<div class=\"elementor-element elementor-element-3eb2416 elementor-widget elementor-widget-text-editor\" data-id=\"3eb2416\" data-element_type=\"widget\" data-e-type=\"widget\" data-widget_type=\"text-editor.default\">\n\t\t\t\t<div class=\"elementor-widget-container\">\n\t\t\t\t\t\t\t\t\t<p>Auch Podcasts sind nicht direkt Social-Media-Plattformen, aber durchaus geeignete Sprachrohre, um sich einem bestimmten Publikum mitzuteilen. Sie sind untrennbar mit den Personen verkn\u00fcpft, die sie erschaffen. Jenseits aller gesch\u00f6nten Werbebotschaften wirken sie dadurch <strong>echt und authentisch<\/strong>.<\/p><p>Sie kommen dem Empf\u00e4nger der Botschaften so nahe, wie sonst kein Medium, weil sie sich entspannt <strong>in der Badewanne, beim Joggen oder im Lieblingssessel<\/strong> anh\u00f6ren lassen. Da Podcasts oftmals Gespr\u00e4chsformate von zwei oder mehr Personen nutzen, f\u00fchlen sich Zuh\u00f6rer oftmals als Teil dieser Gruppe und der emotionalen Dynamik. Das schafft eine besondere <strong>Bindung und Publikumstreue<\/strong>.<\/p><p>Podcasts lassen sich daher gut als zus\u00e4tzliche Ma\u00dfnahmen nutzen, um nah an die eigene Zielgruppe zu kommen. Hier steht die Pers\u00f6nlichkeit des Sprechers im Mittelpunkt, eigene <strong>Erfahrungen, Meinungen, Hinweise<\/strong>. Nicht umsonst sind sie bei Beratern, Trainern, Politikern und Virologen so beliebt.<\/p><p>Bei der Vielzahl der Kan\u00e4le sorgen Podcasts als \u201eear-catcher\u201c f\u00fcr mehr Aufmerksamkeit. Technisch sind die H\u00f6rst\u00fccke heute <strong>einfach zu realisieren<\/strong> und dank \u201ePodcast-Hoster\u201c auch professionell an die Zuh\u00f6rer zu bringen.<\/p>\t\t\t\t\t\t\t\t<\/div>\n\t\t\t\t<\/div>\n\t\t\t\t<div class=\"elementor-element elementor-element-80f5114 elementor-widget elementor-widget-spacer\" data-id=\"80f5114\" data-element_type=\"widget\" data-e-type=\"widget\" data-widget_type=\"spacer.default\">\n\t\t\t\t<div class=\"elementor-widget-container\">\n\t\t\t\t\t\t\t<div class=\"elementor-spacer\">\n\t\t\t<div class=\"elementor-spacer-inner\"><\/div>\n\t\t<\/div>\n\t\t\t\t\t\t<\/div>\n\t\t\t\t<\/div>\n\t\t\t\t<div class=\"elementor-element elementor-element-8a66f28 elementor-widget elementor-widget-image\" data-id=\"8a66f28\" data-element_type=\"widget\" data-e-type=\"widget\" data-widget_type=\"image.default\">\n\t\t\t\t<div class=\"elementor-widget-container\">\n\t\t\t\t\t\t\t\t\t\t\t\t\t\t\t<img decoding=\"async\" width=\"768\" height=\"512\" src=\"https:\/\/www.deutsche-glasfaser.de\/blog\/wp-content\/uploads\/2022\/12\/Social_Media_beitragsbild3-768x512.jpg\" class=\"attachment-medium_large size-medium_large wp-image-11027\" alt=\"\" srcset=\"https:\/\/www.deutsche-glasfaser.de\/blog\/wp-content\/uploads\/2022\/12\/Social_Media_beitragsbild3-768x512.jpg 768w, https:\/\/www.deutsche-glasfaser.de\/blog\/wp-content\/uploads\/2022\/12\/Social_Media_beitragsbild3-300x200.jpg 300w, https:\/\/www.deutsche-glasfaser.de\/blog\/wp-content\/uploads\/2022\/12\/Social_Media_beitragsbild3.jpg 800w\" sizes=\"(max-width: 768px) 100vw, 768px\" \/>\t\t\t\t\t\t\t\t\t\t\t\t\t\t\t<\/div>\n\t\t\t\t<\/div>\n\t\t\t\t<div class=\"elementor-element elementor-element-a1e8c2c elementor-widget elementor-widget-spacer\" data-id=\"a1e8c2c\" data-element_type=\"widget\" data-e-type=\"widget\" data-widget_type=\"spacer.default\">\n\t\t\t\t<div class=\"elementor-widget-container\">\n\t\t\t\t\t\t\t<div class=\"elementor-spacer\">\n\t\t\t<div class=\"elementor-spacer-inner\"><\/div>\n\t\t<\/div>\n\t\t\t\t\t\t<\/div>\n\t\t\t\t<\/div>\n\t\t\t\t<div class=\"elementor-element elementor-element-7fb7f74 elementor-widget elementor-widget-heading\" data-id=\"7fb7f74\" data-element_type=\"widget\" data-e-type=\"widget\" data-widget_type=\"heading.default\">\n\t\t\t\t<div class=\"elementor-widget-container\">\n\t\t\t\t\t<h2 class=\"elementor-heading-title elementor-size-xl\">Ihre Inhalte, Ihre Social-Media-Plattform<\/h2>\t\t\t\t<\/div>\n\t\t\t\t<\/div>\n\t\t\t\t<div class=\"elementor-element elementor-element-c6b6f4e elementor-widget elementor-widget-spacer\" data-id=\"c6b6f4e\" data-element_type=\"widget\" data-e-type=\"widget\" data-widget_type=\"spacer.default\">\n\t\t\t\t<div class=\"elementor-widget-container\">\n\t\t\t\t\t\t\t<div class=\"elementor-spacer\">\n\t\t\t<div class=\"elementor-spacer-inner\"><\/div>\n\t\t<\/div>\n\t\t\t\t\t\t<\/div>\n\t\t\t\t<\/div>\n\t\t\t\t<div class=\"elementor-element elementor-element-566c485 elementor-widget elementor-widget-text-editor\" data-id=\"566c485\" data-element_type=\"widget\" data-e-type=\"widget\" data-widget_type=\"text-editor.default\">\n\t\t\t\t<div class=\"elementor-widget-container\">\n\t\t\t\t\t\t\t\t\t<p>Wer sich einmal mit den verschiedenen Netzwerken auseinandersetzt, merkt schnell, dass die verschiedenen Plattformen und die dortigen Internetnutzer mit ebenso verschiedenen Formaten bedient werden m\u00f6chten. Wer den <strong>passenden Content<\/strong> f\u00fcr die anzutreffende Zielgruppe liefert, kann daf\u00fcr mit jeder Menge Aufmerksamkeit rechnen. Mit dem richtigen Inhalt finden kommunikationsfreudige Hobbybastler ein <strong>gleichgesinntes Publikum<\/strong> und Unternehmen erreichen potenziell <strong>neue Kunden<\/strong>. Zentral ist lediglich, sich im Vorhinein ausf\u00fchrlich zu informieren und die spezifischen Erwartungen und Funktionen der Social-Media-Plattformen zu verinnerlichen \u2013 und nat\u00fcrlich die entsprechenden Inhalte zu produzieren.<\/p>\t\t\t\t\t\t\t\t<\/div>\n\t\t\t\t<\/div>\n\t\t\t\t\t<\/div>\n\t\t<\/div>\n\t\t\t\t\t<\/div>\n\t\t<\/section>\n\t\t\t\t<\/div>\n\t\t","protected":false},"excerpt":{"rendered":"<p>Wer sich in der digitalen Welt Aufmerksamkeit verschaffen m\u00f6chte, ben\u00f6tigt das richtige Sprachrohr. Verschiedene Plattformen bieten zahlreiche M\u00f6glichkeiten, um zu kommunizieren, mit Nutzern in Interaktion mit anderen zu treten und regelm\u00e4\u00dfig von sich h\u00f6ren zu machen. Ob passionierter Hobbybastler, frischgebackene Gr\u00fcnderin oder Kommunikationsspezialist eines Unternehmens \u2013 Menschen und Organisationen waren noch sie so frei in ihrer Kommunikation und in der Lage, auf ihre individuellen Anliegen aufmerksam zu machen.<\/p>\n","protected":false},"author":5,"featured_media":11030,"comment_status":"open","ping_status":"open","sticky":false,"template":"","format":"standard","meta":{"footnotes":""},"categories":[1],"tags":[],"class_list":["post-11026","post","type-post","status-publish","format-standard","has-post-thumbnail","hentry","category-service"],"yoast_head":"<!-- This site is optimized with the Yoast SEO plugin v27.5 - https:\/\/yoast.com\/product\/yoast-seo-wordpress\/ -->\n<title>Welche Social-Media-Plattformen gibt es? | Deutsche Glasfaser<\/title>\n<meta name=\"description\" content=\"Welche Social-Media-Plattformen gibt es und wo erreicht man das richtige Publikum? Wir stellen die Vorteile von \u2713Instagram \u2713Facebook und Co vor. Jetzt entdecken!\" \/>\n<meta name=\"robots\" content=\"index, follow, max-snippet:-1, max-image-preview:large, max-video-preview:-1\" \/>\n<link rel=\"canonical\" href=\"https:\/\/www.deutsche-glasfaser.de\/blog\/welche-social-media-plattformen-gibt-es\/\" \/>\n<meta property=\"og:locale\" content=\"de_DE\" \/>\n<meta property=\"og:type\" content=\"article\" \/>\n<meta property=\"og:title\" content=\"Welche Social-Media-Plattformen gibt es? | Deutsche Glasfaser\" \/>\n<meta property=\"og:description\" content=\"Welche Social-Media-Plattformen gibt es und wo erreicht man das richtige Publikum? Wir stellen die Vorteile von \u2713Instagram \u2713Facebook und Co vor. Jetzt entdecken!\" \/>\n<meta property=\"og:url\" content=\"https:\/\/www.deutsche-glasfaser.de\/blog\/welche-social-media-plattformen-gibt-es\/\" \/>\n<meta property=\"og:site_name\" content=\"Digitales B\u00fcrgernetz\" \/>\n<meta property=\"article:published_time\" content=\"2022-12-07T08:11:30+00:00\" \/>\n<meta property=\"article:modified_time\" content=\"2022-12-07T08:11:32+00:00\" \/>\n<meta property=\"og:image\" content=\"https:\/\/www.deutsche-glasfaser.de\/blog\/wp-content\/uploads\/2022\/12\/Social_Media_header.jpg\" \/>\n\t<meta property=\"og:image:width\" content=\"1500\" \/>\n\t<meta property=\"og:image:height\" content=\"705\" \/>\n\t<meta property=\"og:image:type\" content=\"image\/jpeg\" \/>\n<meta name=\"author\" content=\"Deutsche Glasfaser\" \/>\n<meta name=\"twitter:card\" content=\"summary_large_image\" \/>\n<meta name=\"twitter:label1\" content=\"Verfasst von\" \/>\n\t<meta name=\"twitter:data1\" content=\"Deutsche Glasfaser\" \/>\n\t<meta name=\"twitter:label2\" content=\"Gesch\u00e4tzte Lesezeit\" \/>\n\t<meta name=\"twitter:data2\" content=\"12\u00a0Minuten\" \/>\n<script type=\"application\/ld+json\" class=\"yoast-schema-graph\">{\"@context\":\"https:\\\/\\\/schema.org\",\"@graph\":[{\"@type\":\"Article\",\"@id\":\"https:\\\/\\\/www.deutsche-glasfaser.de\\\/blog\\\/welche-social-media-plattformen-gibt-es\\\/#article\",\"isPartOf\":{\"@id\":\"https:\\\/\\\/www.deutsche-glasfaser.de\\\/blog\\\/welche-social-media-plattformen-gibt-es\\\/\"},\"author\":{\"name\":\"Deutsche Glasfaser\",\"@id\":\"https:\\\/\\\/www.deutsche-glasfaser.de\\\/blog\\\/#\\\/schema\\\/person\\\/9380a6dc7443d77143d0c66c409f574b\"},\"headline\":\"Welche Social-Media-Plattformen gibt es?\",\"datePublished\":\"2022-12-07T08:11:30+00:00\",\"dateModified\":\"2022-12-07T08:11:32+00:00\",\"mainEntityOfPage\":{\"@id\":\"https:\\\/\\\/www.deutsche-glasfaser.de\\\/blog\\\/welche-social-media-plattformen-gibt-es\\\/\"},\"wordCount\":2016,\"commentCount\":0,\"publisher\":{\"@id\":\"https:\\\/\\\/www.deutsche-glasfaser.de\\\/blog\\\/#organization\"},\"image\":{\"@id\":\"https:\\\/\\\/www.deutsche-glasfaser.de\\\/blog\\\/welche-social-media-plattformen-gibt-es\\\/#primaryimage\"},\"thumbnailUrl\":\"https:\\\/\\\/www.deutsche-glasfaser.de\\\/blog\\\/wp-content\\\/uploads\\\/2022\\\/12\\\/Social_Media_header.jpg\",\"articleSection\":[\"Service\"],\"inLanguage\":\"de\",\"potentialAction\":[{\"@type\":\"CommentAction\",\"name\":\"Comment\",\"target\":[\"https:\\\/\\\/www.deutsche-glasfaser.de\\\/blog\\\/welche-social-media-plattformen-gibt-es\\\/#respond\"]}]},{\"@type\":\"WebPage\",\"@id\":\"https:\\\/\\\/www.deutsche-glasfaser.de\\\/blog\\\/welche-social-media-plattformen-gibt-es\\\/\",\"url\":\"https:\\\/\\\/www.deutsche-glasfaser.de\\\/blog\\\/welche-social-media-plattformen-gibt-es\\\/\",\"name\":\"Welche Social-Media-Plattformen gibt es? | Deutsche Glasfaser\",\"isPartOf\":{\"@id\":\"https:\\\/\\\/www.deutsche-glasfaser.de\\\/blog\\\/#website\"},\"primaryImageOfPage\":{\"@id\":\"https:\\\/\\\/www.deutsche-glasfaser.de\\\/blog\\\/welche-social-media-plattformen-gibt-es\\\/#primaryimage\"},\"image\":{\"@id\":\"https:\\\/\\\/www.deutsche-glasfaser.de\\\/blog\\\/welche-social-media-plattformen-gibt-es\\\/#primaryimage\"},\"thumbnailUrl\":\"https:\\\/\\\/www.deutsche-glasfaser.de\\\/blog\\\/wp-content\\\/uploads\\\/2022\\\/12\\\/Social_Media_header.jpg\",\"datePublished\":\"2022-12-07T08:11:30+00:00\",\"dateModified\":\"2022-12-07T08:11:32+00:00\",\"description\":\"Welche Social-Media-Plattformen gibt es und wo erreicht man das richtige Publikum? Wir stellen die Vorteile von \u2713Instagram \u2713Facebook und Co vor. Jetzt entdecken!\",\"inLanguage\":\"de\",\"potentialAction\":[{\"@type\":\"ReadAction\",\"target\":[\"https:\\\/\\\/www.deutsche-glasfaser.de\\\/blog\\\/welche-social-media-plattformen-gibt-es\\\/\"]}]},{\"@type\":\"ImageObject\",\"inLanguage\":\"de\",\"@id\":\"https:\\\/\\\/www.deutsche-glasfaser.de\\\/blog\\\/welche-social-media-plattformen-gibt-es\\\/#primaryimage\",\"url\":\"https:\\\/\\\/www.deutsche-glasfaser.de\\\/blog\\\/wp-content\\\/uploads\\\/2022\\\/12\\\/Social_Media_header.jpg\",\"contentUrl\":\"https:\\\/\\\/www.deutsche-glasfaser.de\\\/blog\\\/wp-content\\\/uploads\\\/2022\\\/12\\\/Social_Media_header.jpg\",\"width\":1500,\"height\":705},{\"@type\":\"WebSite\",\"@id\":\"https:\\\/\\\/www.deutsche-glasfaser.de\\\/blog\\\/#website\",\"url\":\"https:\\\/\\\/www.deutsche-glasfaser.de\\\/blog\\\/\",\"name\":\"Digitales B\u00fcrgernetz\",\"description\":\"Deutsche Glasfaser Blog\",\"publisher\":{\"@id\":\"https:\\\/\\\/www.deutsche-glasfaser.de\\\/blog\\\/#organization\"},\"potentialAction\":[{\"@type\":\"SearchAction\",\"target\":{\"@type\":\"EntryPoint\",\"urlTemplate\":\"https:\\\/\\\/www.deutsche-glasfaser.de\\\/blog\\\/?s={search_term_string}\"},\"query-input\":{\"@type\":\"PropertyValueSpecification\",\"valueRequired\":true,\"valueName\":\"search_term_string\"}}],\"inLanguage\":\"de\"},{\"@type\":\"Organization\",\"@id\":\"https:\\\/\\\/www.deutsche-glasfaser.de\\\/blog\\\/#organization\",\"name\":\"Digitales B\u00fcrgernetz\",\"url\":\"https:\\\/\\\/www.deutsche-glasfaser.de\\\/blog\\\/\",\"logo\":{\"@type\":\"ImageObject\",\"inLanguage\":\"de\",\"@id\":\"https:\\\/\\\/www.deutsche-glasfaser.de\\\/blog\\\/#\\\/schema\\\/logo\\\/image\\\/\",\"url\":\"https:\\\/\\\/www.deutsche-glasfaser.de\\\/blog\\\/wp-content\\\/uploads\\\/2021\\\/08\\\/DGF_Logo_Basis_RGB-Large@2x.png\",\"contentUrl\":\"https:\\\/\\\/www.deutsche-glasfaser.de\\\/blog\\\/wp-content\\\/uploads\\\/2021\\\/08\\\/DGF_Logo_Basis_RGB-Large@2x.png\",\"width\":312,\"height\":104,\"caption\":\"Digitales B\u00fcrgernetz\"},\"image\":{\"@id\":\"https:\\\/\\\/www.deutsche-glasfaser.de\\\/blog\\\/#\\\/schema\\\/logo\\\/image\\\/\"}},{\"@type\":\"Person\",\"@id\":\"https:\\\/\\\/www.deutsche-glasfaser.de\\\/blog\\\/#\\\/schema\\\/person\\\/9380a6dc7443d77143d0c66c409f574b\",\"name\":\"Deutsche Glasfaser\"}]}<\/script>\n<!-- \/ Yoast SEO plugin. -->","yoast_head_json":{"title":"Welche Social-Media-Plattformen gibt es? | Deutsche Glasfaser","description":"Welche Social-Media-Plattformen gibt es und wo erreicht man das richtige Publikum? Wir stellen die Vorteile von \u2713Instagram \u2713Facebook und Co vor. Jetzt entdecken!","robots":{"index":"index","follow":"follow","max-snippet":"max-snippet:-1","max-image-preview":"max-image-preview:large","max-video-preview":"max-video-preview:-1"},"canonical":"https:\/\/www.deutsche-glasfaser.de\/blog\/welche-social-media-plattformen-gibt-es\/","og_locale":"de_DE","og_type":"article","og_title":"Welche Social-Media-Plattformen gibt es? | Deutsche Glasfaser","og_description":"Welche Social-Media-Plattformen gibt es und wo erreicht man das richtige Publikum? Wir stellen die Vorteile von \u2713Instagram \u2713Facebook und Co vor. Jetzt entdecken!","og_url":"https:\/\/www.deutsche-glasfaser.de\/blog\/welche-social-media-plattformen-gibt-es\/","og_site_name":"Digitales B\u00fcrgernetz","article_published_time":"2022-12-07T08:11:30+00:00","article_modified_time":"2022-12-07T08:11:32+00:00","og_image":[{"width":1500,"height":705,"url":"https:\/\/www.deutsche-glasfaser.de\/blog\/wp-content\/uploads\/2022\/12\/Social_Media_header.jpg","type":"image\/jpeg"}],"author":"Deutsche Glasfaser","twitter_card":"summary_large_image","twitter_misc":{"Verfasst von":"Deutsche Glasfaser","Gesch\u00e4tzte Lesezeit":"12\u00a0Minuten"},"schema":{"@context":"https:\/\/schema.org","@graph":[{"@type":"Article","@id":"https:\/\/www.deutsche-glasfaser.de\/blog\/welche-social-media-plattformen-gibt-es\/#article","isPartOf":{"@id":"https:\/\/www.deutsche-glasfaser.de\/blog\/welche-social-media-plattformen-gibt-es\/"},"author":{"name":"Deutsche Glasfaser","@id":"https:\/\/www.deutsche-glasfaser.de\/blog\/#\/schema\/person\/9380a6dc7443d77143d0c66c409f574b"},"headline":"Welche Social-Media-Plattformen gibt es?","datePublished":"2022-12-07T08:11:30+00:00","dateModified":"2022-12-07T08:11:32+00:00","mainEntityOfPage":{"@id":"https:\/\/www.deutsche-glasfaser.de\/blog\/welche-social-media-plattformen-gibt-es\/"},"wordCount":2016,"commentCount":0,"publisher":{"@id":"https:\/\/www.deutsche-glasfaser.de\/blog\/#organization"},"image":{"@id":"https:\/\/www.deutsche-glasfaser.de\/blog\/welche-social-media-plattformen-gibt-es\/#primaryimage"},"thumbnailUrl":"https:\/\/www.deutsche-glasfaser.de\/blog\/wp-content\/uploads\/2022\/12\/Social_Media_header.jpg","articleSection":["Service"],"inLanguage":"de","potentialAction":[{"@type":"CommentAction","name":"Comment","target":["https:\/\/www.deutsche-glasfaser.de\/blog\/welche-social-media-plattformen-gibt-es\/#respond"]}]},{"@type":"WebPage","@id":"https:\/\/www.deutsche-glasfaser.de\/blog\/welche-social-media-plattformen-gibt-es\/","url":"https:\/\/www.deutsche-glasfaser.de\/blog\/welche-social-media-plattformen-gibt-es\/","name":"Welche Social-Media-Plattformen gibt es? | Deutsche Glasfaser","isPartOf":{"@id":"https:\/\/www.deutsche-glasfaser.de\/blog\/#website"},"primaryImageOfPage":{"@id":"https:\/\/www.deutsche-glasfaser.de\/blog\/welche-social-media-plattformen-gibt-es\/#primaryimage"},"image":{"@id":"https:\/\/www.deutsche-glasfaser.de\/blog\/welche-social-media-plattformen-gibt-es\/#primaryimage"},"thumbnailUrl":"https:\/\/www.deutsche-glasfaser.de\/blog\/wp-content\/uploads\/2022\/12\/Social_Media_header.jpg","datePublished":"2022-12-07T08:11:30+00:00","dateModified":"2022-12-07T08:11:32+00:00","description":"Welche Social-Media-Plattformen gibt es und wo erreicht man das richtige Publikum? Wir stellen die Vorteile von \u2713Instagram \u2713Facebook und Co vor. Jetzt entdecken!","inLanguage":"de","potentialAction":[{"@type":"ReadAction","target":["https:\/\/www.deutsche-glasfaser.de\/blog\/welche-social-media-plattformen-gibt-es\/"]}]},{"@type":"ImageObject","inLanguage":"de","@id":"https:\/\/www.deutsche-glasfaser.de\/blog\/welche-social-media-plattformen-gibt-es\/#primaryimage","url":"https:\/\/www.deutsche-glasfaser.de\/blog\/wp-content\/uploads\/2022\/12\/Social_Media_header.jpg","contentUrl":"https:\/\/www.deutsche-glasfaser.de\/blog\/wp-content\/uploads\/2022\/12\/Social_Media_header.jpg","width":1500,"height":705},{"@type":"WebSite","@id":"https:\/\/www.deutsche-glasfaser.de\/blog\/#website","url":"https:\/\/www.deutsche-glasfaser.de\/blog\/","name":"Digitales B\u00fcrgernetz","description":"Deutsche Glasfaser Blog","publisher":{"@id":"https:\/\/www.deutsche-glasfaser.de\/blog\/#organization"},"potentialAction":[{"@type":"SearchAction","target":{"@type":"EntryPoint","urlTemplate":"https:\/\/www.deutsche-glasfaser.de\/blog\/?s={search_term_string}"},"query-input":{"@type":"PropertyValueSpecification","valueRequired":true,"valueName":"search_term_string"}}],"inLanguage":"de"},{"@type":"Organization","@id":"https:\/\/www.deutsche-glasfaser.de\/blog\/#organization","name":"Digitales B\u00fcrgernetz","url":"https:\/\/www.deutsche-glasfaser.de\/blog\/","logo":{"@type":"ImageObject","inLanguage":"de","@id":"https:\/\/www.deutsche-glasfaser.de\/blog\/#\/schema\/logo\/image\/","url":"https:\/\/www.deutsche-glasfaser.de\/blog\/wp-content\/uploads\/2021\/08\/DGF_Logo_Basis_RGB-Large@2x.png","contentUrl":"https:\/\/www.deutsche-glasfaser.de\/blog\/wp-content\/uploads\/2021\/08\/DGF_Logo_Basis_RGB-Large@2x.png","width":312,"height":104,"caption":"Digitales B\u00fcrgernetz"},"image":{"@id":"https:\/\/www.deutsche-glasfaser.de\/blog\/#\/schema\/logo\/image\/"}},{"@type":"Person","@id":"https:\/\/www.deutsche-glasfaser.de\/blog\/#\/schema\/person\/9380a6dc7443d77143d0c66c409f574b","name":"Deutsche Glasfaser"}]}},"_links":{"self":[{"href":"https:\/\/www.deutsche-glasfaser.de\/blog\/wp-json\/wp\/v2\/posts\/11026","targetHints":{"allow":["GET"]}}],"collection":[{"href":"https:\/\/www.deutsche-glasfaser.de\/blog\/wp-json\/wp\/v2\/posts"}],"about":[{"href":"https:\/\/www.deutsche-glasfaser.de\/blog\/wp-json\/wp\/v2\/types\/post"}],"author":[{"embeddable":true,"href":"https:\/\/www.deutsche-glasfaser.de\/blog\/wp-json\/wp\/v2\/users\/5"}],"replies":[{"embeddable":true,"href":"https:\/\/www.deutsche-glasfaser.de\/blog\/wp-json\/wp\/v2\/comments?post=11026"}],"version-history":[{"count":8,"href":"https:\/\/www.deutsche-glasfaser.de\/blog\/wp-json\/wp\/v2\/posts\/11026\/revisions"}],"predecessor-version":[{"id":11038,"href":"https:\/\/www.deutsche-glasfaser.de\/blog\/wp-json\/wp\/v2\/posts\/11026\/revisions\/11038"}],"wp:featuredmedia":[{"embeddable":true,"href":"https:\/\/www.deutsche-glasfaser.de\/blog\/wp-json\/wp\/v2\/media\/11030"}],"wp:attachment":[{"href":"https:\/\/www.deutsche-glasfaser.de\/blog\/wp-json\/wp\/v2\/media?parent=11026"}],"wp:term":[{"taxonomy":"category","embeddable":true,"href":"https:\/\/www.deutsche-glasfaser.de\/blog\/wp-json\/wp\/v2\/categories?post=11026"},{"taxonomy":"post_tag","embeddable":true,"href":"https:\/\/www.deutsche-glasfaser.de\/blog\/wp-json\/wp\/v2\/tags?post=11026"}],"curies":[{"name":"wp","href":"https:\/\/api.w.org\/{rel}","templated":true}]}}