{"id":10939,"date":"2022-11-23T09:00:00","date_gmt":"2022-11-23T08:00:00","guid":{"rendered":"https:\/\/www.deutsche-glasfaser.de\/blog\/?p=10939"},"modified":"2024-11-11T14:59:09","modified_gmt":"2024-11-11T13:59:09","slug":"vorteile-der-digitalisierung-wie-moderne-loesungen-die-stadt-aufs-land-bringen","status":"publish","type":"post","link":"https:\/\/www.deutsche-glasfaser.de\/blog\/vorteile-der-digitalisierung-wie-moderne-loesungen-die-stadt-aufs-land-bringen\/","title":{"rendered":"Vorteile der Digitalisierung \u2013 wie moderne L\u00f6sungen die Stadt aufs Land bringen"},"content":{"rendered":"\t\t<div data-elementor-type=\"wp-post\" data-elementor-id=\"10939\" class=\"elementor elementor-10939\">\n\t\t\t\t\t\t<section class=\"elementor-section elementor-top-section elementor-element elementor-element-c17b94c elementor-section-boxed elementor-section-height-default elementor-section-height-default\" data-id=\"c17b94c\" data-element_type=\"section\" data-e-type=\"section\">\n\t\t\t\t\t\t<div class=\"elementor-container elementor-column-gap-default\">\n\t\t\t\t\t<div class=\"elementor-column elementor-col-100 elementor-top-column elementor-element elementor-element-63fa557\" data-id=\"63fa557\" data-element_type=\"column\" data-e-type=\"column\">\n\t\t\t<div class=\"elementor-widget-wrap elementor-element-populated\">\n\t\t\t\t\t\t<div class=\"elementor-element elementor-element-c25d83b elementor-widget elementor-widget-text-editor\" data-id=\"c25d83b\" data-element_type=\"widget\" data-e-type=\"widget\" data-widget_type=\"text-editor.default\">\n\t\t\t\t<div class=\"elementor-widget-container\">\n\t\t\t\t\t\t\t\t\t<p>Eine dynamische Arbeitswelt, kulturelle Teilhabe und gesellschaftliche Mitwirkung: F\u00fcr viele Bereiche des t\u00e4glichen Lebens verspricht die Digitalisierung enorme Vorteile. Damit sie diese Versprechen auch im l\u00e4ndlichen Raum halten kann, ist der Glasfaser-Ausbau in den entsprechenden Regionen entscheidend. Eine starke digitale Infrastruktur ist die Basis der Gesellschaft von morgen und kann kleineren Orten erm\u00f6glichen, in vielen Bereichen \u00fcber sich hinauszuwachsen. Der Breitbandausbau st\u00e4rkt die junge Generation, schafft Unternehmen sowie Handel ein attraktives Umfeld und verbessert die medizinische Versorgung.<\/p>\t\t\t\t\t\t\t\t<\/div>\n\t\t\t\t<\/div>\n\t\t\t\t<div class=\"elementor-element elementor-element-ed7ff81 elementor-widget elementor-widget-spacer\" data-id=\"ed7ff81\" data-element_type=\"widget\" data-e-type=\"widget\" data-widget_type=\"spacer.default\">\n\t\t\t\t<div class=\"elementor-widget-container\">\n\t\t\t\t\t\t\t<div class=\"elementor-spacer\">\n\t\t\t<div class=\"elementor-spacer-inner\"><\/div>\n\t\t<\/div>\n\t\t\t\t\t\t<\/div>\n\t\t\t\t<\/div>\n\t\t\t\t<div class=\"elementor-element elementor-element-6d42876 elementor-widget elementor-widget-heading\" data-id=\"6d42876\" data-element_type=\"widget\" data-e-type=\"widget\" data-widget_type=\"heading.default\">\n\t\t\t\t<div class=\"elementor-widget-container\">\n\t\t\t\t\t<h2 class=\"elementor-heading-title elementor-size-xl\">Junge Ideen \u2013 die Digitalisierung ver\u00e4ndert die Arbeitswelt <\/h2>\t\t\t\t<\/div>\n\t\t\t\t<\/div>\n\t\t\t\t<div class=\"elementor-element elementor-element-2a91313 elementor-widget elementor-widget-spacer\" data-id=\"2a91313\" data-element_type=\"widget\" data-e-type=\"widget\" data-widget_type=\"spacer.default\">\n\t\t\t\t<div class=\"elementor-widget-container\">\n\t\t\t\t\t\t\t<div class=\"elementor-spacer\">\n\t\t\t<div class=\"elementor-spacer-inner\"><\/div>\n\t\t<\/div>\n\t\t\t\t\t\t<\/div>\n\t\t\t\t<\/div>\n\t\t\t\t<div class=\"elementor-element elementor-element-0816c76 elementor-widget elementor-widget-text-editor\" data-id=\"0816c76\" data-element_type=\"widget\" data-e-type=\"widget\" data-widget_type=\"text-editor.default\">\n\t\t\t\t<div class=\"elementor-widget-container\">\n\t\t\t\t\t\t\t\t\t<p>Die <strong>Arbeitswelt ver\u00e4ndert sich <\/strong>und bringt Bewegung in die Bev\u00f6lkerung. Durch die Digitalisierung ist es vielen Branchen m\u00f6glich geworden, dezentral zu arbeiten, und immer mehr <strong>Unternehmen bieten ihren Mitarbeitern das Homeoffice an. <\/strong><\/p><p>Das bringt sowohl den Firmen als auch den Arbeitnehmern enorme Freiheiten, denn beide Parteien sind nicht mehr auf die Anwesenheit des anderen angewiesen. <strong>Wegstrecken werden irrelevant.<\/strong> Gerade f\u00fcr den Vertrieb, die IT und die Kreativarbeit bieten sich die Modelle an, da auf die Anwesenheit der Arbeitnehmer dank digitaler Kommunikation oftmals verzichtet werden kann. Wer sich das Pendeln sparen m\u00f6chte, nimmt die Gelegenheit gern wahr \u2013 sehr zum Vorteil der Umwelt. Landstra\u00dfen werden entlastet und die hohe Luftqualit\u00e4t in der Region bleibt erhalten.<\/p><p><strong>Voraussetzung<\/strong> f\u00fcr die flexiblen Arbeitsabl\u00e4ufe ist allerdings <strong>eine entsprechende Internetverbindung<\/strong> \u2013 auf Firmen- wie auf Mitarbeiterseite. Wer im Homeoffice \u00fcber die Bandbreite f\u00fcr seine t\u00e4gliche Arbeit verf\u00fcgt, hat auch langfristig gute Chancen beruflich zu \u00fcberzeugen. Ein <a href=\"https:\/\/www.deutsche-glasfaser.de\/glasfaser\/hausanschluss\" target=\"_blank\" rel=\"noopener\"><strong>blitzschneller Glasfaser-Anschluss <\/strong><\/a>erm\u00f6glicht die reibungslose Nutzung von digitalen Services wie Videochats, Clouds und den Fernzugriff auf den Rechner beim Unternehmen.<\/p><p>Dank der Digitalisierung k\u00f6nnen die Menschen ihren Beruf dort ausf\u00fchren, wo sie sich wohlf\u00fchlen. Auf diese Weise macht der <strong>Ausbau der digitalen Infrastruktur <\/strong>das Landleben gerade f\u00fcr junge Generationen und Gesch\u00e4ftsmodelle attraktiv. Um als Gr\u00fcnder eines IT-Start-ups durchzustarten, f\u00fcr ein Magazin zu schreiben oder ein neues Unternehmen zu er\u00f6ffnen, muss man in der heutigen Berufswelt nicht mehr in die Gro\u00dfstadt ziehen. Dynamische Kreative k\u00f6nnen <strong>ihr Potenzial in der eigenen Region entfalten<\/strong> und bringen mit ihren F\u00e4higkeiten frischen Wind in die Gemeinden.<\/p>\t\t\t\t\t\t\t\t<\/div>\n\t\t\t\t<\/div>\n\t\t\t\t<div class=\"elementor-element elementor-element-ff3bc73 elementor-widget elementor-widget-spacer\" data-id=\"ff3bc73\" data-element_type=\"widget\" data-e-type=\"widget\" data-widget_type=\"spacer.default\">\n\t\t\t\t<div class=\"elementor-widget-container\">\n\t\t\t\t\t\t\t<div class=\"elementor-spacer\">\n\t\t\t<div class=\"elementor-spacer-inner\"><\/div>\n\t\t<\/div>\n\t\t\t\t\t\t<\/div>\n\t\t\t\t<\/div>\n\t\t\t\t<div class=\"elementor-element elementor-element-cc1dde9 elementor-widget elementor-widget-heading\" data-id=\"cc1dde9\" data-element_type=\"widget\" data-e-type=\"widget\" data-widget_type=\"heading.default\">\n\t\t\t\t<div class=\"elementor-widget-container\">\n\t\t\t\t\t<h2 class=\"elementor-heading-title elementor-size-xl\">Online-Shopping \u2013 Breitbandausbau bringt breite Auswahl<\/h2>\t\t\t\t<\/div>\n\t\t\t\t<\/div>\n\t\t\t\t<div class=\"elementor-element elementor-element-046f357 elementor-widget elementor-widget-spacer\" data-id=\"046f357\" data-element_type=\"widget\" data-e-type=\"widget\" data-widget_type=\"spacer.default\">\n\t\t\t\t<div class=\"elementor-widget-container\">\n\t\t\t\t\t\t\t<div class=\"elementor-spacer\">\n\t\t\t<div class=\"elementor-spacer-inner\"><\/div>\n\t\t<\/div>\n\t\t\t\t\t\t<\/div>\n\t\t\t\t<\/div>\n\t\t\t\t<div class=\"elementor-element elementor-element-2502f4f elementor-widget elementor-widget-text-editor\" data-id=\"2502f4f\" data-element_type=\"widget\" data-e-type=\"widget\" data-widget_type=\"text-editor.default\">\n\t\t\t\t<div class=\"elementor-widget-container\">\n\t\t\t\t\t\t\t\t\t<p><strong>Online-Shops<\/strong> sind f\u00fcr viele Menschen l\u00e4ngst Teil ihres Alltags geworden und haben <strong>Abwechslung in die Shopping-Landschaft<\/strong> gebracht. Ein gebrauchtes Fahrrad, eine neue Sporthose oder eine elektrische Zahnb\u00fcrste \u2013 f\u00fcr jeden Bedarf gibt es den passenden Online-Handel.<\/p><p>Das erm\u00f6glicht, <strong>sich nicht l\u00e4nger zwischen dem idyllischen Landleben und dem Trubel der Gro\u00dfstadt entscheiden<\/strong> zu m\u00fcssen. Ein modischer Blazer l\u00e4sst sich aus dem heimischen Einfamilienhaus ebenso gut bestellen, wie aus der kleinen Wohnung im vierten Stock. Die Fahrt in die volle Innenstadt des n\u00e4chsten Ortes kann man sich sparen und es bleibt mehr Zeit f\u00fcr die sch\u00f6nen Dinge im Leben \u2013 die Digitalisierung macht\u2019s m\u00f6glich.<\/p><p>Der <strong>Internethandel befindet sich noch immer im Wandel <\/strong>und wird zunehmend interaktiv. Es entstehen Plattformen, welche die Aspekte sozialer Netzwerke mit klassischen Online-Shops verbinden. So ist man beispielsweise nicht l\u00e4nger darauf angewiesen, Kleidungsst\u00fccke anhand der professionellen Produktbildern von Unternehmen bewerten. Stattdessen kann man unmittelbar im Shop <strong>Videos authentischer Personen<\/strong> ansehen, die ihren Stil und den tats\u00e4chlichen Sitz der Kleidung pr\u00e4sentieren.<\/p><p><strong>Augmented-Reality (dt. erweiterte Realit\u00e4t) verbindet die digitale mit der realen Welt<\/strong>. Das erm\u00f6glicht es, ein neues Brillenmodell oder eine neue M\u00fctze mithilfe der Front-Kamera des Smartphones \u201eanzuprobieren\u201c. Mit <strong>3D-Modellen<\/strong> l\u00e4sst sich testen, ob der gew\u00fcnschte Sessel auch wirklich ins Wohnzimmer passt und Kleinanzeigen-Portale erm\u00f6glichen die <strong>virtuelle Begutachtung<\/strong> des gebrauchten Fernsehers der Wahl. Videos und \u00e4hnliche Formate sind allerdings besonders datenintensiv und ben\u00f6tigen die entsprechende Bandbreite \u2013 die liefert der <strong>Glasfaser-Ausbau der Region<\/strong> im Handumdrehen.<\/p>\t\t\t\t\t\t\t\t<\/div>\n\t\t\t\t<\/div>\n\t\t\t\t<div class=\"elementor-element elementor-element-10d9351 elementor-widget elementor-widget-spacer\" data-id=\"10d9351\" data-element_type=\"widget\" data-e-type=\"widget\" data-widget_type=\"spacer.default\">\n\t\t\t\t<div class=\"elementor-widget-container\">\n\t\t\t\t\t\t\t<div class=\"elementor-spacer\">\n\t\t\t<div class=\"elementor-spacer-inner\"><\/div>\n\t\t<\/div>\n\t\t\t\t\t\t<\/div>\n\t\t\t\t<\/div>\n\t\t\t\t<div class=\"elementor-element elementor-element-029078d elementor-widget elementor-widget-heading\" data-id=\"029078d\" data-element_type=\"widget\" data-e-type=\"widget\" data-widget_type=\"heading.default\">\n\t\t\t\t<div class=\"elementor-widget-container\">\n\t\t\t\t\t<h2 class=\"elementor-heading-title elementor-size-xl\">Einzelhandel, Dienstleistungen, Agrarwirtschaft \u2013 gro\u00dfe Chancen dank Digitalisierung<\/h2>\t\t\t\t<\/div>\n\t\t\t\t<\/div>\n\t\t\t\t<div class=\"elementor-element elementor-element-f4d7159 elementor-widget elementor-widget-spacer\" data-id=\"f4d7159\" data-element_type=\"widget\" data-e-type=\"widget\" data-widget_type=\"spacer.default\">\n\t\t\t\t<div class=\"elementor-widget-container\">\n\t\t\t\t\t\t\t<div class=\"elementor-spacer\">\n\t\t\t<div class=\"elementor-spacer-inner\"><\/div>\n\t\t<\/div>\n\t\t\t\t\t\t<\/div>\n\t\t\t\t<\/div>\n\t\t\t\t<div class=\"elementor-element elementor-element-96018b3 elementor-widget elementor-widget-text-editor\" data-id=\"96018b3\" data-element_type=\"widget\" data-e-type=\"widget\" data-widget_type=\"text-editor.default\">\n\t\t\t\t<div class=\"elementor-widget-container\">\n\t\t\t\t\t\t\t\t\t<p>Die Verbesserung der <strong>digitalen Anbindung<\/strong> dient aber l\u00e4ngst nicht nur dem digitalen Einkauf \u2013 auch verkaufende Unternehmen und Einzelh\u00e4ndler <strong>ziehen daraus einen Vorteil<\/strong>. Vom traditionellen Ladengesch\u00e4ft \u00fcber Start-up-Gr\u00fcnder bis zum gro\u00dfen Landwirtschaftsbetrieb: Die unsichtbare Highspeed-Leitung bietet vielen Branchen die Gelegenheit, sich f\u00fcr <strong>die neue Gesch\u00e4ftswelt zu wappnen<\/strong>, ohne die eigenen Wurzeln zur\u00fcckzulassen \u2013 <strong>Landleben 4.0 <\/strong>eben.<\/p><p>Die \u00f6rtlichen L\u00e4den bekommen durch die Digitalisierung die M\u00f6glichkeit ihre <strong>Schaufenster auch digital zu pr\u00e4sentieren<\/strong>, einen kleinen Online-Handel aufziehen und <strong>neue Kunden<\/strong> zu gewinnen.<\/p><p>Ob Handgemachtes oder Feinkost: In unserer schnelllebigen Welt haben nachhaltige <strong>Qualit\u00e4tsprodukte wieder Konjunktur<\/strong> und erfreuen sich gro\u00dfer Beliebtheit. F\u00fcr kleine Gesch\u00e4fte entstehen im Zuge der Digitalisierung also nicht unbedingt Nachteile. Im Gegenteil stellt sie f\u00fcr viele eine gute M\u00f6glichkeit dar, die eigene Reichweite zu erh\u00f6hen, ohne daf\u00fcr die Gesch\u00e4ftsprozesse grundlegend umstellen oder gar die Stammkundschaft aufgeben zu m\u00fcssen.<\/p><p>Auch Dienstleistungsunternehmen profitieren vom neuen Tor zur Welt, schlie\u00dflich endet Expertise nicht an der Ortsgrenze. Ob Reise-, Versicherungs- oder Rechtsberatung \u2013 der Glasfaser-Ausbau macht auch das online m\u00f6glich. <strong>Mit Video-Konferenzen<\/strong> k\u00f6nnen Interessenten <strong>passgenau beraten<\/strong> werden und vom Fachwissen der ans\u00e4ssigen Profis profitieren. F\u00fcr viele Kunden und Berater ist die <strong>pers\u00f6nliche Kommunikation <\/strong>gleicherma\u00dfen von hoher Bedeutung. Eine Lichtgeschwindigkeitsleitung sorgt f\u00fcr die kristallklare \u00dcbertragung bei der direkten Kundenkommunikation.<\/p><p>Abseits des Dorfkerns, in gro\u00dfen agrarwirtschaftlichen Betrieben, laufen t\u00e4glich komplexe Prozesse ab. Um erfahrene Landwirte bei der Arbeit zu unterst\u00fctzen, bietet die <strong>Digitalisierung eine Vielzahl von M\u00f6glichkeiten<\/strong>. Mithilfe von Datenmanagementsystemen und der passenden Sensorik lassen sich Bodenbearbeitung und Ernte automatisch protokollieren und optimieren. <strong>Intelligente Steuerungen zur D\u00fcngung, Klimaf\u00fchrung und F\u00fctterung <\/strong>erleichtern es Pflanzen und Tiere zu versorgen. So sorgt <strong>\u201eSmart Farming\u201c<\/strong> vor allem f\u00fcr Arbeitserleichterungen und Lebensqualit\u00e4t im Landwirtschaftsalltag.<\/p>\t\t\t\t\t\t\t\t<\/div>\n\t\t\t\t<\/div>\n\t\t\t\t<div class=\"elementor-element elementor-element-87a8d45 elementor-widget elementor-widget-spacer\" data-id=\"87a8d45\" data-element_type=\"widget\" data-e-type=\"widget\" data-widget_type=\"spacer.default\">\n\t\t\t\t<div class=\"elementor-widget-container\">\n\t\t\t\t\t\t\t<div class=\"elementor-spacer\">\n\t\t\t<div class=\"elementor-spacer-inner\"><\/div>\n\t\t<\/div>\n\t\t\t\t\t\t<\/div>\n\t\t\t\t<\/div>\n\t\t\t\t<div class=\"elementor-element elementor-element-2c5ab25 elementor-widget elementor-widget-image\" data-id=\"2c5ab25\" data-element_type=\"widget\" data-e-type=\"widget\" data-widget_type=\"image.default\">\n\t\t\t\t<div class=\"elementor-widget-container\">\n\t\t\t\t\t\t\t\t\t\t\t\t\t\t\t<img fetchpriority=\"high\" decoding=\"async\" width=\"768\" height=\"512\" src=\"https:\/\/www.deutsche-glasfaser.de\/blog\/wp-content\/uploads\/2022\/11\/vorteile-digitalisierung_beitragsbild_2-768x512.jpg\" class=\"attachment-medium_large size-medium_large wp-image-10940\" alt=\"\" srcset=\"https:\/\/www.deutsche-glasfaser.de\/blog\/wp-content\/uploads\/2022\/11\/vorteile-digitalisierung_beitragsbild_2-768x512.jpg 768w, https:\/\/www.deutsche-glasfaser.de\/blog\/wp-content\/uploads\/2022\/11\/vorteile-digitalisierung_beitragsbild_2-300x200.jpg 300w, https:\/\/www.deutsche-glasfaser.de\/blog\/wp-content\/uploads\/2022\/11\/vorteile-digitalisierung_beitragsbild_2.jpg 800w\" sizes=\"(max-width: 768px) 100vw, 768px\" \/>\t\t\t\t\t\t\t\t\t\t\t\t\t\t\t<\/div>\n\t\t\t\t<\/div>\n\t\t\t\t<div class=\"elementor-element elementor-element-6427439 elementor-widget elementor-widget-spacer\" data-id=\"6427439\" data-element_type=\"widget\" data-e-type=\"widget\" data-widget_type=\"spacer.default\">\n\t\t\t\t<div class=\"elementor-widget-container\">\n\t\t\t\t\t\t\t<div class=\"elementor-spacer\">\n\t\t\t<div class=\"elementor-spacer-inner\"><\/div>\n\t\t<\/div>\n\t\t\t\t\t\t<\/div>\n\t\t\t\t<\/div>\n\t\t\t\t<div class=\"elementor-element elementor-element-f6f9571 elementor-widget elementor-widget-heading\" data-id=\"f6f9571\" data-element_type=\"widget\" data-e-type=\"widget\" data-widget_type=\"heading.default\">\n\t\t\t\t<div class=\"elementor-widget-container\">\n\t\t\t\t\t<h2 class=\"elementor-heading-title elementor-size-xl\">Volkssport Vernetzung \u2013 ein reiches Gemeindeleben<\/h2>\t\t\t\t<\/div>\n\t\t\t\t<\/div>\n\t\t\t\t<div class=\"elementor-element elementor-element-3dd6306 elementor-widget elementor-widget-spacer\" data-id=\"3dd6306\" data-element_type=\"widget\" data-e-type=\"widget\" data-widget_type=\"spacer.default\">\n\t\t\t\t<div class=\"elementor-widget-container\">\n\t\t\t\t\t\t\t<div class=\"elementor-spacer\">\n\t\t\t<div class=\"elementor-spacer-inner\"><\/div>\n\t\t<\/div>\n\t\t\t\t\t\t<\/div>\n\t\t\t\t<\/div>\n\t\t\t\t<div class=\"elementor-element elementor-element-5caff24 elementor-widget elementor-widget-text-editor\" data-id=\"5caff24\" data-element_type=\"widget\" data-e-type=\"widget\" data-widget_type=\"text-editor.default\">\n\t\t\t\t<div class=\"elementor-widget-container\">\n\t\t\t\t\t\t\t\t\t<p>Die leistungsstarken Glasfaser-Leitungen erm\u00f6glichen es damit Einzelhandel, Dienstleistern und ans\u00e4ssiger Industrie auch zuk\u00fcnftig profitabel zu wirtschaften \u2013 Ortsbild und Kulturlandschaft bl\u00fchen auf. Denn mit ihrem zweiten Standbein bleiben die ans\u00e4ssigen Gesch\u00e4fte und <strong>das Leben im Dorfkern erhalten<\/strong>.<\/p><p>Davon profitiert beispielsweise die Gastronomie, die ihren Teil zur lebenswerten Ortsmitte beitr\u00e4gt: <strong>Caf\u00e9s und Restaurants<\/strong> laden w\u00e4hrend des Wochenendbummels zu einer kleinen Pause ein. Dank Breitbandausbau und Digitalisierung gibt es hier nicht nur Kaffee und Kuchen, sondern auch einen flotten WLAN-Hotspot.<\/p><p>Der Marktplatz des 21. Jahrhundert besteht schlie\u00dflich l\u00e4ngst nicht mehr nur aus Pflastersteinen \u2013 vernetzen kann man sich \u00fcberall. Speziell f\u00fcr <strong>die Kommunikation in kleinen Gemeinden <\/strong>gibt es besondere Apps, die beim <strong>Kennenlernen und Organisieren<\/strong> unterst\u00fctzen. Hier findet man einen Tennispartner, fragt nach Werkzeug f\u00fcr die Fahrradreparatur oder verabredet den n\u00e4chsten Flohmarkt f\u00fcr Jung und Alt.<\/p><p>In der Gro\u00dfstadt findet sich f\u00fcr jedes Interesse der passende Verein oder eine spannende Veranstaltung. Doch dank der Digitalisierung und entsprechenden Apps kann man auch in weitl\u00e4ufigen Gegenden leicht Gleichgesinnte finden. So tr\u00e4gt der Wandel zum digitalen Marktplatz <strong>zur Partizipation der B\u00fcrgerinnen und B\u00fcrger <\/strong>bei und baut das starke Gemeinschaftsgef\u00fchl des Ortes weiter aus.<\/p>\t\t\t\t\t\t\t\t<\/div>\n\t\t\t\t<\/div>\n\t\t\t\t<div class=\"elementor-element elementor-element-a4fae4f elementor-widget elementor-widget-spacer\" data-id=\"a4fae4f\" data-element_type=\"widget\" data-e-type=\"widget\" data-widget_type=\"spacer.default\">\n\t\t\t\t<div class=\"elementor-widget-container\">\n\t\t\t\t\t\t\t<div class=\"elementor-spacer\">\n\t\t\t<div class=\"elementor-spacer-inner\"><\/div>\n\t\t<\/div>\n\t\t\t\t\t\t<\/div>\n\t\t\t\t<\/div>\n\t\t\t\t<div class=\"elementor-element elementor-element-7aa72be elementor-widget elementor-widget-heading\" data-id=\"7aa72be\" data-element_type=\"widget\" data-e-type=\"widget\" data-widget_type=\"heading.default\">\n\t\t\t\t<div class=\"elementor-widget-container\">\n\t\t\t\t\t<h2 class=\"elementor-heading-title elementor-size-xl\">Digitales Kulturerlebnis \u2013 der Louvre auf dem Land<\/h2>\t\t\t\t<\/div>\n\t\t\t\t<\/div>\n\t\t\t\t<div class=\"elementor-element elementor-element-c41e579 elementor-widget elementor-widget-spacer\" data-id=\"c41e579\" data-element_type=\"widget\" data-e-type=\"widget\" data-widget_type=\"spacer.default\">\n\t\t\t\t<div class=\"elementor-widget-container\">\n\t\t\t\t\t\t\t<div class=\"elementor-spacer\">\n\t\t\t<div class=\"elementor-spacer-inner\"><\/div>\n\t\t<\/div>\n\t\t\t\t\t\t<\/div>\n\t\t\t\t<\/div>\n\t\t\t\t<div class=\"elementor-element elementor-element-ab69760 elementor-widget elementor-widget-text-editor\" data-id=\"ab69760\" data-element_type=\"widget\" data-e-type=\"widget\" data-widget_type=\"text-editor.default\">\n\t\t\t\t<div class=\"elementor-widget-container\">\n\t\t\t\t\t\t\t\t\t<p>Geht es ums Kulturangebot, waren l\u00e4ndliche Regionen gegen\u00fcber den gro\u00dfen Metropolen meist im Nachteil, doch auch hier sorgt die Digitalisierung f\u00fcr frischen Wind und den n\u00f6tigen Wandel.<\/p><p>Wer in seinem Heimatort dann und wann etwas kulturelle Abwechslung sucht, findet online genau das richtige Programm. <strong>Namhafte Kulturbetriebe bieten Live-Streams<\/strong> ihrer Inszenierungen, das On-Demand-Programm gro\u00dfer Mediatheken l\u00e4sst keine W\u00fcnsche offen. So wirft man einen Blick hinter die Kulissen der Mail\u00e4nder Scala, genie\u00dft Schwanensee in Moskau oder wirft sich in Wacken ins Get\u00fcmmel \u2013 alles <strong>vom heimischen Sofa<\/strong> aus.<\/p><p>Mittels <strong>Augmented-Reality<\/strong> ist es m\u00f6glich, im eigenen Tempo durch die <strong>Museen der Welt<\/strong> zu schlendern, Skulpturen von allen Seiten zu bestaunen oder mit der Mona Lisa auf Tuchf\u00fchlung zu gehen. Hier kommt man den <strong>gro\u00dfen Werken der Kunstgeschichte<\/strong> n\u00e4her, als man es vor Ort je k\u00f6nnte.<\/p><p>Doch das <strong>digitale Kulturerlebnis<\/strong> besteht l\u00e4ngst nicht mehr aus Staunen und Schweigen. Immer mehr Events laden zum <strong>Kennenlernen und Experimentieren<\/strong> ein. Online Klavier lernen? Kein Problem. Einen Mal-Kurs besuchen und sich mit anderen austauschen? Geht. Per Video-Konferenz im Chor singen? Gibt es!<\/p><p>Ob mutiges Selbstexperiment oder <strong>gro\u00dfe<\/strong> <strong>Kulturmomente<\/strong>, der Breitbandausbau rollt den roten Teppich aus und sorgt daf\u00fcr, dass alles fl\u00fcssig l\u00e4uft. Dank der blitzschnellen Leitung erklingt die Lieblingsoper in <strong>bester Stream-Qualit\u00e4t<\/strong>.<\/p>\t\t\t\t\t\t\t\t<\/div>\n\t\t\t\t<\/div>\n\t\t\t\t<div class=\"elementor-element elementor-element-82314de elementor-widget elementor-widget-spacer\" data-id=\"82314de\" data-element_type=\"widget\" data-e-type=\"widget\" data-widget_type=\"spacer.default\">\n\t\t\t\t<div class=\"elementor-widget-container\">\n\t\t\t\t\t\t\t<div class=\"elementor-spacer\">\n\t\t\t<div class=\"elementor-spacer-inner\"><\/div>\n\t\t<\/div>\n\t\t\t\t\t\t<\/div>\n\t\t\t\t<\/div>\n\t\t\t\t<div class=\"elementor-element elementor-element-a8129e8 elementor-widget elementor-widget-heading\" data-id=\"a8129e8\" data-element_type=\"widget\" data-e-type=\"widget\" data-widget_type=\"heading.default\">\n\t\t\t\t<div class=\"elementor-widget-container\">\n\t\t\t\t\t<h2 class=\"elementor-heading-title elementor-size-xl\">Mobilit\u00e4t \u2013 bedarfsgerechter Personennahverkehr <\/h2>\t\t\t\t<\/div>\n\t\t\t\t<\/div>\n\t\t\t\t<div class=\"elementor-element elementor-element-8bc75e4 elementor-widget elementor-widget-spacer\" data-id=\"8bc75e4\" data-element_type=\"widget\" data-e-type=\"widget\" data-widget_type=\"spacer.default\">\n\t\t\t\t<div class=\"elementor-widget-container\">\n\t\t\t\t\t\t\t<div class=\"elementor-spacer\">\n\t\t\t<div class=\"elementor-spacer-inner\"><\/div>\n\t\t<\/div>\n\t\t\t\t\t\t<\/div>\n\t\t\t\t<\/div>\n\t\t\t\t<div class=\"elementor-element elementor-element-b9f1fbc elementor-widget elementor-widget-text-editor\" data-id=\"b9f1fbc\" data-element_type=\"widget\" data-e-type=\"widget\" data-widget_type=\"text-editor.default\">\n\t\t\t\t<div class=\"elementor-widget-container\">\n\t\t\t\t\t\t\t\t\t<p>Falls es aber doch wieder einmal ins n\u00e4chstgelegene Theater oder ins Kino gehen soll, l\u00e4sst sich auch das m\u00fchelos realisieren. Denn <strong>von der Digitalisierung profitiert auch der \u00f6ffentliche Raum<\/strong>. So kann die Gemeinde \u00fcberall dort WLAN-Hotspots einrichten, wo die Menschen darauf angewiesen sind, beispielsweise an Bushaltestellen.<\/p><p>Mit den passenden Apps k\u00f6nnen bedarfsgesteuerte Fahrten organisiert werden, die den Anwohnern eine neue Mobilit\u00e4t bringen \u2013 auch ohne den Verkehrsl\u00e4rm der Gro\u00dfstadt. <strong>B\u00fcrgerbusse oder Fahrgemeinschaftsdienste <\/strong>spezialisierter Anbieter werden effizient koordiniert und richten sich nach den Bed\u00fcrfnissen der Gemeinschaft. So k\u00f6nnen die Fahrten automatisiert geplant und die Fahrzeuge live verfolgt werden.<\/p><p>Damit das <strong>digital und in Echtzeit<\/strong> erfolgen kann, ist der regionale Glasfaser-Ausbau unabdinglich, insbesondere da das Mobilfunknetz vielerorts noch immer zu w\u00fcnschen \u00fcbrigl\u00e4sst. Ein <strong>Upgrade der digitalen Infrastruktur<\/strong> bietet somit auch Vorteile f\u00fcr die Bereiche der \u201eklassischen\u201c Infrastruktur, wie den Personennahverkehr. Das macht spontane Shopping-Trips und abendliche Theater-Besuche m\u00f6glich. L\u00e4ndliche Gegenden k\u00f6nnen hier leicht zu den St\u00e4dten aufschlie\u00dfen und das <strong>Landleben noch lebenswerter<\/strong> machen.<\/p><p>Die <a href=\"https:\/\/www.deutsche-glasfaser.de\/blog\/verkehrswende-innovative-konzepte-machen-mobil\/\" target=\"_blank\" rel=\"noopener\">Innovationen smarter Verkehrsangebote<\/a> <strong>verbinden kleine Gemeinden<\/strong> <strong>in doppelter Hinsicht<\/strong>: Zum einen werden benachbarte Orte leichter erreicht, was das Angebot kultureller Veranstaltungen und Freizeitaktivit\u00e4ten deutlich vergr\u00f6\u00dfert. Zum anderen profitieren deutschlandweit andere Gemeinden von den Erfahrungen der erfolgreichen Projekte. So werden die <strong>Regionen<\/strong> untereinander vernetzt und <strong>wachsen gemeinsam in Richtung Zukunft<\/strong> \u2013 ohne dabei zu verschmelzen und die eigene Identit\u00e4t einzub\u00fc\u00dfen.<\/p>\t\t\t\t\t\t\t\t<\/div>\n\t\t\t\t<\/div>\n\t\t\t\t<div class=\"elementor-element elementor-element-59e8571 elementor-widget elementor-widget-spacer\" data-id=\"59e8571\" data-element_type=\"widget\" data-e-type=\"widget\" data-widget_type=\"spacer.default\">\n\t\t\t\t<div class=\"elementor-widget-container\">\n\t\t\t\t\t\t\t<div class=\"elementor-spacer\">\n\t\t\t<div class=\"elementor-spacer-inner\"><\/div>\n\t\t<\/div>\n\t\t\t\t\t\t<\/div>\n\t\t\t\t<\/div>\n\t\t\t\t<div class=\"elementor-element elementor-element-d27f490 elementor-widget elementor-widget-heading\" data-id=\"d27f490\" data-element_type=\"widget\" data-e-type=\"widget\" data-widget_type=\"heading.default\">\n\t\t\t\t<div class=\"elementor-widget-container\">\n\t\t\t\t\t<h2 class=\"elementor-heading-title elementor-size-xl\">Telemedizin \u2013 pr\u00e4zise Distanz-Diagnosen <\/h2>\t\t\t\t<\/div>\n\t\t\t\t<\/div>\n\t\t\t\t<div class=\"elementor-element elementor-element-52f7885 elementor-widget elementor-widget-spacer\" data-id=\"52f7885\" data-element_type=\"widget\" data-e-type=\"widget\" data-widget_type=\"spacer.default\">\n\t\t\t\t<div class=\"elementor-widget-container\">\n\t\t\t\t\t\t\t<div class=\"elementor-spacer\">\n\t\t\t<div class=\"elementor-spacer-inner\"><\/div>\n\t\t<\/div>\n\t\t\t\t\t\t<\/div>\n\t\t\t\t<\/div>\n\t\t\t\t<div class=\"elementor-element elementor-element-3c63f53 elementor-widget elementor-widget-image\" data-id=\"3c63f53\" data-element_type=\"widget\" data-e-type=\"widget\" data-widget_type=\"image.default\">\n\t\t\t\t<div class=\"elementor-widget-container\">\n\t\t\t\t\t\t\t\t\t\t\t\t\t\t\t<img decoding=\"async\" width=\"768\" height=\"512\" src=\"https:\/\/www.deutsche-glasfaser.de\/blog\/wp-content\/uploads\/2022\/11\/vorteile-digitalisierung_beitragsbild_1-768x512.jpg\" class=\"attachment-medium_large size-medium_large wp-image-10941\" alt=\"\" srcset=\"https:\/\/www.deutsche-glasfaser.de\/blog\/wp-content\/uploads\/2022\/11\/vorteile-digitalisierung_beitragsbild_1-768x512.jpg 768w, https:\/\/www.deutsche-glasfaser.de\/blog\/wp-content\/uploads\/2022\/11\/vorteile-digitalisierung_beitragsbild_1-300x200.jpg 300w, https:\/\/www.deutsche-glasfaser.de\/blog\/wp-content\/uploads\/2022\/11\/vorteile-digitalisierung_beitragsbild_1.jpg 800w\" sizes=\"(max-width: 768px) 100vw, 768px\" \/>\t\t\t\t\t\t\t\t\t\t\t\t\t\t\t<\/div>\n\t\t\t\t<\/div>\n\t\t\t\t<div class=\"elementor-element elementor-element-e1f16c7 elementor-widget elementor-widget-spacer\" data-id=\"e1f16c7\" data-element_type=\"widget\" data-e-type=\"widget\" data-widget_type=\"spacer.default\">\n\t\t\t\t<div class=\"elementor-widget-container\">\n\t\t\t\t\t\t\t<div class=\"elementor-spacer\">\n\t\t\t<div class=\"elementor-spacer-inner\"><\/div>\n\t\t<\/div>\n\t\t\t\t\t\t<\/div>\n\t\t\t\t<\/div>\n\t\t\t\t<div class=\"elementor-element elementor-element-10ae3be elementor-widget elementor-widget-text-editor\" data-id=\"10ae3be\" data-element_type=\"widget\" data-e-type=\"widget\" data-widget_type=\"text-editor.default\">\n\t\t\t\t<div class=\"elementor-widget-container\">\n\t\t\t\t\t\t\t\t\t<p>Umfragen zeigen, dass neben verf\u00fcgbaren Arbeitspl\u00e4tzen, einem breiten kulturellen Angebot und einem gut ausgebauten Telekommunikationsnetz auch die <strong>medizinische Versorgung<\/strong> \u00fcber die Attraktivit\u00e4t eines Ortes entscheidet. Doch oftmals fahren die Patienten weite Strecken, um sich vom Arzt ihres Vertrauens behandeln zu lassen.<\/p><p>Auch hier sorgt der Breitbandausbau f\u00fcr einen Lichtblick: <strong>Telemedizin<\/strong>. Immer mehr \u00c4rzte bieten <strong>digitale<\/strong> <strong>Sprechstunden<\/strong> an und ersparen ihren Patienten damit die Anreise \u2013 gerade auf dem Land ein echter Gewinn. Mithilfe ausgebildeten Personals vor Ort sind sie in der Lage, eine erste Diagnose zu stellen und die Behandlung einzuleiten.<\/p><p>Dank des leistungsstarken Glasfaser-Netzes k\u00f6nnen die Mediziner auch <strong>in der<\/strong> <strong>Videosprechstunde detailliert erkennen<\/strong>, wo das Problem liegt und st\u00f6rungsfrei R\u00fcckfragen stellen. Die notwendigen Dokumente der Patienten k\u00f6nnen sie dazu schnell und sicher abrufen.<\/p><p>Gerade f\u00fcr <strong>Beratungen eines Facharztes<\/strong> ist das ein unsch\u00e4tzbarer Vorteil, denn die Sitze der Spezialisten befinden sich meist weit entfernt in den St\u00e4dten. <strong>Die Digitalisierung des Gesundheitswesens <\/strong>schafft insbesondere \u00e4lteren Menschen neue Chancen auf eine regelm\u00e4\u00dfige Behandlung und nimmt ihnen anstrengende Fahrten ab. Arbeitnehmer und Firmen interessant, die dann ihrerseits an der gemeinsamen Zukunft bauen \u2013 <strong>eine echte Erfolgsspirale.<\/strong><\/p>\t\t\t\t\t\t\t\t<\/div>\n\t\t\t\t<\/div>\n\t\t\t\t\t<\/div>\n\t\t<\/div>\n\t\t\t\t\t<\/div>\n\t\t<\/section>\n\t\t\t\t<\/div>\n\t\t","protected":false},"excerpt":{"rendered":"<p>Eine starke digitale Infrastruktur ist die Basis der Gesellschaft von morgen und kann kleineren Orten erm\u00f6glichen, in vielen Bereichen \u00fcber sich hinauszuwachsen. Der Breitbandausbau st\u00e4rkt die junge Generation, schafft Unternehmen sowie Handel ein attraktives Umfeld und verbessert die medizinische Versorgung.<\/p>\n","protected":false},"author":5,"featured_media":10942,"comment_status":"open","ping_status":"open","sticky":false,"template":"","format":"standard","meta":{"footnotes":""},"categories":[1],"tags":[],"class_list":["post-10939","post","type-post","status-publish","format-standard","has-post-thumbnail","hentry","category-service"],"yoast_head":"<!-- This site is optimized with the Yoast SEO plugin v27.5 - https:\/\/yoast.com\/product\/yoast-seo-wordpress\/ -->\n<title>Vorteile der Digitalisierung | Deutsche Glasfaser<\/title>\n<meta name=\"description\" content=\"Die Vorteile der Digitalisierung bringen Ver\u00e4nderungen in l\u00e4ndliche Regionen. \u2713Arbeitswelt \u2713Gemeinschaft \u2713Medizin und \u2713Kultur profitieren. \u25b8Jetzt informieren!\" \/>\n<meta name=\"robots\" content=\"index, follow, max-snippet:-1, max-image-preview:large, max-video-preview:-1\" \/>\n<link rel=\"canonical\" href=\"https:\/\/www.deutsche-glasfaser.de\/blog\/vorteile-der-digitalisierung-wie-moderne-loesungen-die-stadt-aufs-land-bringen\/\" \/>\n<meta property=\"og:locale\" content=\"de_DE\" \/>\n<meta property=\"og:type\" content=\"article\" \/>\n<meta property=\"og:title\" content=\"Vorteile der Digitalisierung | Deutsche Glasfaser\" \/>\n<meta property=\"og:description\" content=\"Die Vorteile der Digitalisierung bringen Ver\u00e4nderungen in l\u00e4ndliche Regionen. \u2713Arbeitswelt \u2713Gemeinschaft \u2713Medizin und \u2713Kultur profitieren. \u25b8Jetzt informieren!\" \/>\n<meta property=\"og:url\" content=\"https:\/\/www.deutsche-glasfaser.de\/blog\/vorteile-der-digitalisierung-wie-moderne-loesungen-die-stadt-aufs-land-bringen\/\" \/>\n<meta property=\"og:site_name\" content=\"Digitales B\u00fcrgernetz\" \/>\n<meta property=\"article:published_time\" content=\"2022-11-23T08:00:00+00:00\" \/>\n<meta property=\"article:modified_time\" content=\"2024-11-11T13:59:09+00:00\" \/>\n<meta property=\"og:image\" content=\"https:\/\/www.deutsche-glasfaser.de\/blog\/wp-content\/uploads\/2022\/11\/vorteile-digitalisierung_header.jpg\" \/>\n\t<meta property=\"og:image:width\" content=\"1500\" \/>\n\t<meta property=\"og:image:height\" content=\"706\" \/>\n\t<meta property=\"og:image:type\" content=\"image\/jpeg\" \/>\n<meta name=\"author\" content=\"Deutsche Glasfaser\" \/>\n<meta name=\"twitter:card\" content=\"summary_large_image\" \/>\n<meta name=\"twitter:label1\" content=\"Verfasst von\" \/>\n\t<meta name=\"twitter:data1\" content=\"Deutsche Glasfaser\" \/>\n\t<meta name=\"twitter:label2\" content=\"Gesch\u00e4tzte Lesezeit\" \/>\n\t<meta name=\"twitter:data2\" content=\"10\u00a0Minuten\" \/>\n<script type=\"application\/ld+json\" class=\"yoast-schema-graph\">{\"@context\":\"https:\\\/\\\/schema.org\",\"@graph\":[{\"@type\":\"Article\",\"@id\":\"https:\\\/\\\/www.deutsche-glasfaser.de\\\/blog\\\/vorteile-der-digitalisierung-wie-moderne-loesungen-die-stadt-aufs-land-bringen\\\/#article\",\"isPartOf\":{\"@id\":\"https:\\\/\\\/www.deutsche-glasfaser.de\\\/blog\\\/vorteile-der-digitalisierung-wie-moderne-loesungen-die-stadt-aufs-land-bringen\\\/\"},\"author\":{\"name\":\"Deutsche Glasfaser\",\"@id\":\"https:\\\/\\\/www.deutsche-glasfaser.de\\\/blog\\\/#\\\/schema\\\/person\\\/9380a6dc7443d77143d0c66c409f574b\"},\"headline\":\"Vorteile der Digitalisierung \u2013 wie moderne L\u00f6sungen die Stadt aufs Land bringen\",\"datePublished\":\"2022-11-23T08:00:00+00:00\",\"dateModified\":\"2024-11-11T13:59:09+00:00\",\"mainEntityOfPage\":{\"@id\":\"https:\\\/\\\/www.deutsche-glasfaser.de\\\/blog\\\/vorteile-der-digitalisierung-wie-moderne-loesungen-die-stadt-aufs-land-bringen\\\/\"},\"wordCount\":1840,\"commentCount\":0,\"publisher\":{\"@id\":\"https:\\\/\\\/www.deutsche-glasfaser.de\\\/blog\\\/#organization\"},\"image\":{\"@id\":\"https:\\\/\\\/www.deutsche-glasfaser.de\\\/blog\\\/vorteile-der-digitalisierung-wie-moderne-loesungen-die-stadt-aufs-land-bringen\\\/#primaryimage\"},\"thumbnailUrl\":\"https:\\\/\\\/www.deutsche-glasfaser.de\\\/blog\\\/wp-content\\\/uploads\\\/2022\\\/11\\\/vorteile-digitalisierung_header.jpg\",\"articleSection\":[\"Service\"],\"inLanguage\":\"de\",\"potentialAction\":[{\"@type\":\"CommentAction\",\"name\":\"Comment\",\"target\":[\"https:\\\/\\\/www.deutsche-glasfaser.de\\\/blog\\\/vorteile-der-digitalisierung-wie-moderne-loesungen-die-stadt-aufs-land-bringen\\\/#respond\"]}]},{\"@type\":\"WebPage\",\"@id\":\"https:\\\/\\\/www.deutsche-glasfaser.de\\\/blog\\\/vorteile-der-digitalisierung-wie-moderne-loesungen-die-stadt-aufs-land-bringen\\\/\",\"url\":\"https:\\\/\\\/www.deutsche-glasfaser.de\\\/blog\\\/vorteile-der-digitalisierung-wie-moderne-loesungen-die-stadt-aufs-land-bringen\\\/\",\"name\":\"Vorteile der Digitalisierung | Deutsche Glasfaser\",\"isPartOf\":{\"@id\":\"https:\\\/\\\/www.deutsche-glasfaser.de\\\/blog\\\/#website\"},\"primaryImageOfPage\":{\"@id\":\"https:\\\/\\\/www.deutsche-glasfaser.de\\\/blog\\\/vorteile-der-digitalisierung-wie-moderne-loesungen-die-stadt-aufs-land-bringen\\\/#primaryimage\"},\"image\":{\"@id\":\"https:\\\/\\\/www.deutsche-glasfaser.de\\\/blog\\\/vorteile-der-digitalisierung-wie-moderne-loesungen-die-stadt-aufs-land-bringen\\\/#primaryimage\"},\"thumbnailUrl\":\"https:\\\/\\\/www.deutsche-glasfaser.de\\\/blog\\\/wp-content\\\/uploads\\\/2022\\\/11\\\/vorteile-digitalisierung_header.jpg\",\"datePublished\":\"2022-11-23T08:00:00+00:00\",\"dateModified\":\"2024-11-11T13:59:09+00:00\",\"description\":\"Die Vorteile der Digitalisierung bringen Ver\u00e4nderungen in l\u00e4ndliche Regionen. \u2713Arbeitswelt \u2713Gemeinschaft \u2713Medizin und \u2713Kultur profitieren. \u25b8Jetzt informieren!\",\"inLanguage\":\"de\",\"potentialAction\":[{\"@type\":\"ReadAction\",\"target\":[\"https:\\\/\\\/www.deutsche-glasfaser.de\\\/blog\\\/vorteile-der-digitalisierung-wie-moderne-loesungen-die-stadt-aufs-land-bringen\\\/\"]}]},{\"@type\":\"ImageObject\",\"inLanguage\":\"de\",\"@id\":\"https:\\\/\\\/www.deutsche-glasfaser.de\\\/blog\\\/vorteile-der-digitalisierung-wie-moderne-loesungen-die-stadt-aufs-land-bringen\\\/#primaryimage\",\"url\":\"https:\\\/\\\/www.deutsche-glasfaser.de\\\/blog\\\/wp-content\\\/uploads\\\/2022\\\/11\\\/vorteile-digitalisierung_header.jpg\",\"contentUrl\":\"https:\\\/\\\/www.deutsche-glasfaser.de\\\/blog\\\/wp-content\\\/uploads\\\/2022\\\/11\\\/vorteile-digitalisierung_header.jpg\",\"width\":1500,\"height\":706},{\"@type\":\"WebSite\",\"@id\":\"https:\\\/\\\/www.deutsche-glasfaser.de\\\/blog\\\/#website\",\"url\":\"https:\\\/\\\/www.deutsche-glasfaser.de\\\/blog\\\/\",\"name\":\"Digitales B\u00fcrgernetz\",\"description\":\"Deutsche Glasfaser Blog\",\"publisher\":{\"@id\":\"https:\\\/\\\/www.deutsche-glasfaser.de\\\/blog\\\/#organization\"},\"potentialAction\":[{\"@type\":\"SearchAction\",\"target\":{\"@type\":\"EntryPoint\",\"urlTemplate\":\"https:\\\/\\\/www.deutsche-glasfaser.de\\\/blog\\\/?s={search_term_string}\"},\"query-input\":{\"@type\":\"PropertyValueSpecification\",\"valueRequired\":true,\"valueName\":\"search_term_string\"}}],\"inLanguage\":\"de\"},{\"@type\":\"Organization\",\"@id\":\"https:\\\/\\\/www.deutsche-glasfaser.de\\\/blog\\\/#organization\",\"name\":\"Digitales B\u00fcrgernetz\",\"url\":\"https:\\\/\\\/www.deutsche-glasfaser.de\\\/blog\\\/\",\"logo\":{\"@type\":\"ImageObject\",\"inLanguage\":\"de\",\"@id\":\"https:\\\/\\\/www.deutsche-glasfaser.de\\\/blog\\\/#\\\/schema\\\/logo\\\/image\\\/\",\"url\":\"https:\\\/\\\/www.deutsche-glasfaser.de\\\/blog\\\/wp-content\\\/uploads\\\/2021\\\/08\\\/DGF_Logo_Basis_RGB-Large@2x.png\",\"contentUrl\":\"https:\\\/\\\/www.deutsche-glasfaser.de\\\/blog\\\/wp-content\\\/uploads\\\/2021\\\/08\\\/DGF_Logo_Basis_RGB-Large@2x.png\",\"width\":312,\"height\":104,\"caption\":\"Digitales B\u00fcrgernetz\"},\"image\":{\"@id\":\"https:\\\/\\\/www.deutsche-glasfaser.de\\\/blog\\\/#\\\/schema\\\/logo\\\/image\\\/\"}},{\"@type\":\"Person\",\"@id\":\"https:\\\/\\\/www.deutsche-glasfaser.de\\\/blog\\\/#\\\/schema\\\/person\\\/9380a6dc7443d77143d0c66c409f574b\",\"name\":\"Deutsche Glasfaser\"}]}<\/script>\n<!-- \/ Yoast SEO plugin. -->","yoast_head_json":{"title":"Vorteile der Digitalisierung | Deutsche Glasfaser","description":"Die Vorteile der Digitalisierung bringen Ver\u00e4nderungen in l\u00e4ndliche Regionen. \u2713Arbeitswelt \u2713Gemeinschaft \u2713Medizin und \u2713Kultur profitieren. \u25b8Jetzt informieren!","robots":{"index":"index","follow":"follow","max-snippet":"max-snippet:-1","max-image-preview":"max-image-preview:large","max-video-preview":"max-video-preview:-1"},"canonical":"https:\/\/www.deutsche-glasfaser.de\/blog\/vorteile-der-digitalisierung-wie-moderne-loesungen-die-stadt-aufs-land-bringen\/","og_locale":"de_DE","og_type":"article","og_title":"Vorteile der Digitalisierung | Deutsche Glasfaser","og_description":"Die Vorteile der Digitalisierung bringen Ver\u00e4nderungen in l\u00e4ndliche Regionen. \u2713Arbeitswelt \u2713Gemeinschaft \u2713Medizin und \u2713Kultur profitieren. \u25b8Jetzt informieren!","og_url":"https:\/\/www.deutsche-glasfaser.de\/blog\/vorteile-der-digitalisierung-wie-moderne-loesungen-die-stadt-aufs-land-bringen\/","og_site_name":"Digitales B\u00fcrgernetz","article_published_time":"2022-11-23T08:00:00+00:00","article_modified_time":"2024-11-11T13:59:09+00:00","og_image":[{"width":1500,"height":706,"url":"https:\/\/www.deutsche-glasfaser.de\/blog\/wp-content\/uploads\/2022\/11\/vorteile-digitalisierung_header.jpg","type":"image\/jpeg"}],"author":"Deutsche Glasfaser","twitter_card":"summary_large_image","twitter_misc":{"Verfasst von":"Deutsche Glasfaser","Gesch\u00e4tzte Lesezeit":"10\u00a0Minuten"},"schema":{"@context":"https:\/\/schema.org","@graph":[{"@type":"Article","@id":"https:\/\/www.deutsche-glasfaser.de\/blog\/vorteile-der-digitalisierung-wie-moderne-loesungen-die-stadt-aufs-land-bringen\/#article","isPartOf":{"@id":"https:\/\/www.deutsche-glasfaser.de\/blog\/vorteile-der-digitalisierung-wie-moderne-loesungen-die-stadt-aufs-land-bringen\/"},"author":{"name":"Deutsche Glasfaser","@id":"https:\/\/www.deutsche-glasfaser.de\/blog\/#\/schema\/person\/9380a6dc7443d77143d0c66c409f574b"},"headline":"Vorteile der Digitalisierung \u2013 wie moderne L\u00f6sungen die Stadt aufs Land bringen","datePublished":"2022-11-23T08:00:00+00:00","dateModified":"2024-11-11T13:59:09+00:00","mainEntityOfPage":{"@id":"https:\/\/www.deutsche-glasfaser.de\/blog\/vorteile-der-digitalisierung-wie-moderne-loesungen-die-stadt-aufs-land-bringen\/"},"wordCount":1840,"commentCount":0,"publisher":{"@id":"https:\/\/www.deutsche-glasfaser.de\/blog\/#organization"},"image":{"@id":"https:\/\/www.deutsche-glasfaser.de\/blog\/vorteile-der-digitalisierung-wie-moderne-loesungen-die-stadt-aufs-land-bringen\/#primaryimage"},"thumbnailUrl":"https:\/\/www.deutsche-glasfaser.de\/blog\/wp-content\/uploads\/2022\/11\/vorteile-digitalisierung_header.jpg","articleSection":["Service"],"inLanguage":"de","potentialAction":[{"@type":"CommentAction","name":"Comment","target":["https:\/\/www.deutsche-glasfaser.de\/blog\/vorteile-der-digitalisierung-wie-moderne-loesungen-die-stadt-aufs-land-bringen\/#respond"]}]},{"@type":"WebPage","@id":"https:\/\/www.deutsche-glasfaser.de\/blog\/vorteile-der-digitalisierung-wie-moderne-loesungen-die-stadt-aufs-land-bringen\/","url":"https:\/\/www.deutsche-glasfaser.de\/blog\/vorteile-der-digitalisierung-wie-moderne-loesungen-die-stadt-aufs-land-bringen\/","name":"Vorteile der Digitalisierung | Deutsche Glasfaser","isPartOf":{"@id":"https:\/\/www.deutsche-glasfaser.de\/blog\/#website"},"primaryImageOfPage":{"@id":"https:\/\/www.deutsche-glasfaser.de\/blog\/vorteile-der-digitalisierung-wie-moderne-loesungen-die-stadt-aufs-land-bringen\/#primaryimage"},"image":{"@id":"https:\/\/www.deutsche-glasfaser.de\/blog\/vorteile-der-digitalisierung-wie-moderne-loesungen-die-stadt-aufs-land-bringen\/#primaryimage"},"thumbnailUrl":"https:\/\/www.deutsche-glasfaser.de\/blog\/wp-content\/uploads\/2022\/11\/vorteile-digitalisierung_header.jpg","datePublished":"2022-11-23T08:00:00+00:00","dateModified":"2024-11-11T13:59:09+00:00","description":"Die Vorteile der Digitalisierung bringen Ver\u00e4nderungen in l\u00e4ndliche Regionen. \u2713Arbeitswelt \u2713Gemeinschaft \u2713Medizin und \u2713Kultur profitieren. \u25b8Jetzt informieren!","inLanguage":"de","potentialAction":[{"@type":"ReadAction","target":["https:\/\/www.deutsche-glasfaser.de\/blog\/vorteile-der-digitalisierung-wie-moderne-loesungen-die-stadt-aufs-land-bringen\/"]}]},{"@type":"ImageObject","inLanguage":"de","@id":"https:\/\/www.deutsche-glasfaser.de\/blog\/vorteile-der-digitalisierung-wie-moderne-loesungen-die-stadt-aufs-land-bringen\/#primaryimage","url":"https:\/\/www.deutsche-glasfaser.de\/blog\/wp-content\/uploads\/2022\/11\/vorteile-digitalisierung_header.jpg","contentUrl":"https:\/\/www.deutsche-glasfaser.de\/blog\/wp-content\/uploads\/2022\/11\/vorteile-digitalisierung_header.jpg","width":1500,"height":706},{"@type":"WebSite","@id":"https:\/\/www.deutsche-glasfaser.de\/blog\/#website","url":"https:\/\/www.deutsche-glasfaser.de\/blog\/","name":"Digitales B\u00fcrgernetz","description":"Deutsche Glasfaser Blog","publisher":{"@id":"https:\/\/www.deutsche-glasfaser.de\/blog\/#organization"},"potentialAction":[{"@type":"SearchAction","target":{"@type":"EntryPoint","urlTemplate":"https:\/\/www.deutsche-glasfaser.de\/blog\/?s={search_term_string}"},"query-input":{"@type":"PropertyValueSpecification","valueRequired":true,"valueName":"search_term_string"}}],"inLanguage":"de"},{"@type":"Organization","@id":"https:\/\/www.deutsche-glasfaser.de\/blog\/#organization","name":"Digitales B\u00fcrgernetz","url":"https:\/\/www.deutsche-glasfaser.de\/blog\/","logo":{"@type":"ImageObject","inLanguage":"de","@id":"https:\/\/www.deutsche-glasfaser.de\/blog\/#\/schema\/logo\/image\/","url":"https:\/\/www.deutsche-glasfaser.de\/blog\/wp-content\/uploads\/2021\/08\/DGF_Logo_Basis_RGB-Large@2x.png","contentUrl":"https:\/\/www.deutsche-glasfaser.de\/blog\/wp-content\/uploads\/2021\/08\/DGF_Logo_Basis_RGB-Large@2x.png","width":312,"height":104,"caption":"Digitales B\u00fcrgernetz"},"image":{"@id":"https:\/\/www.deutsche-glasfaser.de\/blog\/#\/schema\/logo\/image\/"}},{"@type":"Person","@id":"https:\/\/www.deutsche-glasfaser.de\/blog\/#\/schema\/person\/9380a6dc7443d77143d0c66c409f574b","name":"Deutsche Glasfaser"}]}},"_links":{"self":[{"href":"https:\/\/www.deutsche-glasfaser.de\/blog\/wp-json\/wp\/v2\/posts\/10939","targetHints":{"allow":["GET"]}}],"collection":[{"href":"https:\/\/www.deutsche-glasfaser.de\/blog\/wp-json\/wp\/v2\/posts"}],"about":[{"href":"https:\/\/www.deutsche-glasfaser.de\/blog\/wp-json\/wp\/v2\/types\/post"}],"author":[{"embeddable":true,"href":"https:\/\/www.deutsche-glasfaser.de\/blog\/wp-json\/wp\/v2\/users\/5"}],"replies":[{"embeddable":true,"href":"https:\/\/www.deutsche-glasfaser.de\/blog\/wp-json\/wp\/v2\/comments?post=10939"}],"version-history":[{"count":12,"href":"https:\/\/www.deutsche-glasfaser.de\/blog\/wp-json\/wp\/v2\/posts\/10939\/revisions"}],"predecessor-version":[{"id":14958,"href":"https:\/\/www.deutsche-glasfaser.de\/blog\/wp-json\/wp\/v2\/posts\/10939\/revisions\/14958"}],"wp:featuredmedia":[{"embeddable":true,"href":"https:\/\/www.deutsche-glasfaser.de\/blog\/wp-json\/wp\/v2\/media\/10942"}],"wp:attachment":[{"href":"https:\/\/www.deutsche-glasfaser.de\/blog\/wp-json\/wp\/v2\/media?parent=10939"}],"wp:term":[{"taxonomy":"category","embeddable":true,"href":"https:\/\/www.deutsche-glasfaser.de\/blog\/wp-json\/wp\/v2\/categories?post=10939"},{"taxonomy":"post_tag","embeddable":true,"href":"https:\/\/www.deutsche-glasfaser.de\/blog\/wp-json\/wp\/v2\/tags?post=10939"}],"curies":[{"name":"wp","href":"https:\/\/api.w.org\/{rel}","templated":true}]}}