{"id":10897,"date":"2022-11-11T10:02:13","date_gmt":"2022-11-11T09:02:13","guid":{"rendered":"https:\/\/www.deutsche-glasfaser.de\/blog\/?p=10897"},"modified":"2022-12-05T09:10:40","modified_gmt":"2022-12-05T08:10:40","slug":"jederzeit-und-ueberall-die-bestmoegliche-versorgung-sichern-telemedizin-in-deutschland","status":"publish","type":"post","link":"https:\/\/www.deutsche-glasfaser.de\/blog\/jederzeit-und-ueberall-die-bestmoegliche-versorgung-sichern-telemedizin-in-deutschland\/","title":{"rendered":"\u201eJederzeit und \u00fcberall die bestm\u00f6gliche Versorgung sichern\u201c &#8211; Telemedizin in Deutschland"},"content":{"rendered":"\t\t<div data-elementor-type=\"wp-post\" data-elementor-id=\"10897\" class=\"elementor elementor-10897\">\n\t\t\t\t\t\t<section class=\"elementor-section elementor-top-section elementor-element elementor-element-9e1a783 elementor-section-boxed elementor-section-height-default elementor-section-height-default\" data-id=\"9e1a783\" data-element_type=\"section\" data-e-type=\"section\">\n\t\t\t\t\t\t<div class=\"elementor-container elementor-column-gap-default\">\n\t\t\t\t\t<div class=\"elementor-column elementor-col-100 elementor-top-column elementor-element elementor-element-92685ee\" data-id=\"92685ee\" data-element_type=\"column\" data-e-type=\"column\">\n\t\t\t<div class=\"elementor-widget-wrap elementor-element-populated\">\n\t\t\t\t\t\t<div class=\"elementor-element elementor-element-1143325 elementor-widget elementor-widget-text-editor\" data-id=\"1143325\" data-element_type=\"widget\" data-e-type=\"widget\" data-widget_type=\"text-editor.default\">\n\t\t\t\t<div class=\"elementor-widget-container\">\n\t\t\t\t\t\t\t\t\t<p>Nadja Pecquet, Gesch\u00e4ftsf\u00fchrerin des VkH.NRW \u00a9 VkH.NRW<\/p>\t\t\t\t\t\t\t\t<\/div>\n\t\t\t\t<\/div>\n\t\t\t\t\t<\/div>\n\t\t<\/div>\n\t\t\t\t\t<\/div>\n\t\t<\/section>\n\t\t\t\t<section class=\"elementor-section elementor-top-section elementor-element elementor-element-7a2e22a elementor-section-boxed elementor-section-height-default elementor-section-height-default\" data-id=\"7a2e22a\" data-element_type=\"section\" data-e-type=\"section\">\n\t\t\t\t\t\t<div class=\"elementor-container elementor-column-gap-default\">\n\t\t\t\t\t<div class=\"elementor-column elementor-col-100 elementor-top-column elementor-element elementor-element-8182b54\" data-id=\"8182b54\" data-element_type=\"column\" data-e-type=\"column\">\n\t\t\t<div class=\"elementor-widget-wrap elementor-element-populated\">\n\t\t\t\t\t\t<div class=\"elementor-element elementor-element-a604905 elementor-widget elementor-widget-text-editor\" data-id=\"a604905\" data-element_type=\"widget\" data-e-type=\"widget\" data-widget_type=\"text-editor.default\">\n\t\t\t\t<div class=\"elementor-widget-container\">\n\t\t\t\t\t\t\t\t\t<p><strong>Frau Pecquet, was bietet das Virtuelle Krankenhaus NRW?<\/strong><\/p><p>\u00dcber unsere Telekonsil-Plattform bieten wir in ausgew\u00e4hlten Indikationen medizinische Expertise aus derzeit sechs hochspezialisierten Zentren den \u00fcber 100 bereits angeschlossenen Krankenh\u00e4usern an.<\/p><p>Das bedeutet, dass sich behandelnde \u00c4rztinnen und \u00c4rzte in Bereichen, in denen spezielles Fachwissen in solchen ausgewiesenen Zentren geb\u00fcndelt ist, dort auf digitalem Wege Unterst\u00fctzung holen k\u00f6nnen, wenn sie Patienten mit den entsprechenden Erkrankungen behandeln. Aktuell umfasst das Konsilangebot die Bereiche COVID-19 im Fall von intensivpflichtig Erkrankten, resektable Lebertumore, seltene Erkrankungen und therapierefrakt\u00e4re Herzinsuffizienz. Ziel ist es, unser Angebot mit weiteren Indikationen und Zentren zu erweitern und weitere Kliniken als Nutzer zu gewinnen. K\u00fcnftig m\u00f6chten wir auch verst\u00e4rkt Nutzer aus dem ambulanten Sektor f\u00fcr unser Netzwerk gewinnen.<\/p>\t\t\t\t\t\t\t\t<\/div>\n\t\t\t\t<\/div>\n\t\t\t\t<div class=\"elementor-element elementor-element-e646bee elementor-widget elementor-widget-spacer\" data-id=\"e646bee\" data-element_type=\"widget\" data-e-type=\"widget\" data-widget_type=\"spacer.default\">\n\t\t\t\t<div class=\"elementor-widget-container\">\n\t\t\t\t\t\t\t<div class=\"elementor-spacer\">\n\t\t\t<div class=\"elementor-spacer-inner\"><\/div>\n\t\t<\/div>\n\t\t\t\t\t\t<\/div>\n\t\t\t\t<\/div>\n\t\t\t\t<div class=\"elementor-element elementor-element-566ceae elementor-widget elementor-widget-text-editor\" data-id=\"566ceae\" data-element_type=\"widget\" data-e-type=\"widget\" data-widget_type=\"text-editor.default\">\n\t\t\t\t<div class=\"elementor-widget-container\">\n\t\t\t\t\t\t\t\t\t<p><strong>Ein Konsil an sich ist in der Medizin nichts Neues. Was ist das Besondere am Virtuellen Krankenhaus?<\/strong><\/p><p>Das NRW Gesundheitsministerium hat das Virtuelle Krankenhaus ins Leben gerufen, um ein Netzwerk aus Experten und regionalen medizinischen Einrichtungen aufzubauen. Fach\u00e4rztliches Spezialwissen soll damit allen Patientinnen und Patienten wohnortunabh\u00e4ngig zur Verf\u00fcgung stehen. Menschen d\u00fcrfen nicht aufgrund regionaler Unterschiede in den Versorgungsstrukturen an einem Ort Telemedizin profitieren, w\u00e4hrend andere abgeh\u00e4ngt sind.<\/p><p>Das Besondere ist sicherlich die zentrale, strukturierte, digitale Plattform. Wir schaffen die n\u00f6tige Infrastruktur und beraten die Teilnehmer bei der technischen und organisatorischen Anbindung. Wir arbeiten mit Standards, die eine Vernetzung und Austausch unter Ber\u00fccksichtigung der Datenschutzbestimmungen erm\u00f6glichen.<\/p><p>Viele Innovationen in der medizinischen Versorgung schaffen es nie in die Fl\u00e4che, weil mit dem Ende des Pilotprojekts auch die Finanzierung ausl\u00e4uft. Das Virtuelle Krankenhaus setzt daher von Beginn an auf Instrumente der Regelversorgung, das hei\u00dft die Leistungen der \u00c4rztinnen und \u00c4rzte werden von den Krankenkessen \u00fcbernommen. F\u00fcr alle Indikationen wird die Expertise qualit\u00e4tsgesichert und bedarfsorientiert von den vom nordrhein-westf\u00e4lischen Gesundheitsministerium im Rahmen der Krankenhausplanung ausgewiesenen Zentren zur Verf\u00fcgung stellt.<\/p>\t\t\t\t\t\t\t\t<\/div>\n\t\t\t\t<\/div>\n\t\t\t\t<div class=\"elementor-element elementor-element-a9cc8b5 elementor-widget elementor-widget-spacer\" data-id=\"a9cc8b5\" data-element_type=\"widget\" data-e-type=\"widget\" data-widget_type=\"spacer.default\">\n\t\t\t\t<div class=\"elementor-widget-container\">\n\t\t\t\t\t\t\t<div class=\"elementor-spacer\">\n\t\t\t<div class=\"elementor-spacer-inner\"><\/div>\n\t\t<\/div>\n\t\t\t\t\t\t<\/div>\n\t\t\t\t<\/div>\n\t\t\t\t<div class=\"elementor-element elementor-element-90fb0e2 elementor-widget elementor-widget-text-editor\" data-id=\"90fb0e2\" data-element_type=\"widget\" data-e-type=\"widget\" data-widget_type=\"text-editor.default\">\n\t\t\t\t<div class=\"elementor-widget-container\">\n\t\t\t\t\t\t\t\t\t<p><strong>Wie kam es zu dieser erfolgreichen Entwicklung?<\/strong><\/p><p>Das haben wir \u2013 wenn man dem etwas Positives abgewinnen darf \u2013 zum Teil der Pandemie zu verdanken. Ein Projekt zur F\u00f6rderung neuer Versorgungsformen an den Unikliniken Aachen und M\u00fcnster, TELnet@NRW, war gerade zum Abschluss gekommen. Es war aus dem Innovationsfonds der Krankenkassen finanziert worden und h\u00e4tte nun eigentlich keine weitere F\u00f6rderung mehr erhalten. Dann kam Corona. Das Land hat sofort erkannt, welch ein Gl\u00fccksfall es war, dass durch dieses Projekt die n\u00f6tigen Strukturen f\u00fcr Telekonsile vorhanden waren. Es gab sofort Geld aus dem Pandemietopf.<\/p><p>Die Unikliniken in Aachen und M\u00fcnster starteten mit Telekonsilen zu schwer erkrankten Covid-19-Patienten. Der Ansatz war ein gro\u00dfer Erfolg. Eine Studie hat im Nachgang gezeigt, dass die Sterblichkeit bei intensivpflichtigen, beatmeten Patienten mit Covid-19 bei denen, die im Rahmen dieser Konsile behandelt wurden, um 20 Prozent niedriger war als im Bundesdurchschnitt. Knapp 4.000 Konsile f\u00fcr 600 Covid-Patienten haben die Zentren mittlerweile durchgef\u00fchrt.<\/p><p>Dadurch konnten sich die Telekonsile etablieren und wir haben das Virtuelle Krankenhaus ins Leben gerufen und im Rahmen des Pilotbetriebs nach und nach um drei geeignete Therapiegebiete erweitert. Insgesamt ist durch die Pandemie das Vertrauen in digitale Technologien und die Bereitschaft, die Digitalisierung als Mittel in der medizinischen Versorgung und dar\u00fcber hinaus zu nutzen enorm gestiegen \u2013 sowohl bei \u00c4rzten als auch bei der allgemeinen Bev\u00f6lkerung.<\/p>\t\t\t\t\t\t\t\t<\/div>\n\t\t\t\t<\/div>\n\t\t\t\t<div class=\"elementor-element elementor-element-607fb56 elementor-widget elementor-widget-spacer\" data-id=\"607fb56\" data-element_type=\"widget\" data-e-type=\"widget\" data-widget_type=\"spacer.default\">\n\t\t\t\t<div class=\"elementor-widget-container\">\n\t\t\t\t\t\t\t<div class=\"elementor-spacer\">\n\t\t\t<div class=\"elementor-spacer-inner\"><\/div>\n\t\t<\/div>\n\t\t\t\t\t\t<\/div>\n\t\t\t\t<\/div>\n\t\t\t\t<div class=\"elementor-element elementor-element-8aa436c elementor-widget elementor-widget-image\" data-id=\"8aa436c\" data-element_type=\"widget\" data-e-type=\"widget\" data-widget_type=\"image.default\">\n\t\t\t\t<div class=\"elementor-widget-container\">\n\t\t\t\t\t\t\t\t\t\t\t\t<figure class=\"wp-caption\">\n\t\t\t\t\t\t\t\t\t\t<img fetchpriority=\"high\" decoding=\"async\" width=\"768\" height=\"663\" src=\"https:\/\/www.deutsche-glasfaser.de\/blog\/wp-content\/uploads\/2022\/11\/image001-768x663.jpg\" class=\"attachment-medium_large size-medium_large wp-image-10911\" alt=\"Eine \u00c4rztin spricht per Tablet mit einer Patientin.\" srcset=\"https:\/\/www.deutsche-glasfaser.de\/blog\/wp-content\/uploads\/2022\/11\/image001-768x663.jpg 768w, https:\/\/www.deutsche-glasfaser.de\/blog\/wp-content\/uploads\/2022\/11\/image001-300x259.jpg 300w, https:\/\/www.deutsche-glasfaser.de\/blog\/wp-content\/uploads\/2022\/11\/image001.jpg 788w\" sizes=\"(max-width: 768px) 100vw, 768px\" \/>\t\t\t\t\t\t\t\t\t\t\t<figcaption class=\"widget-image-caption wp-caption-text\">Mithilfe von Telekonsilen k\u00f6nnen Krankenh\u00e4user auf Fachwissen zur\u00fcckgreifen, das zur Verf\u00fcgung gestellt wird. Sie k\u00f6nnen dabei helfen zu entscheiden, ob ein Patient verlegt werden muss und verbessern dar\u00fcber hinaus auch die Behandlung vor Ort. \u00a9 Westend61 | getty images<\/figcaption>\n\t\t\t\t\t\t\t\t\t\t<\/figure>\n\t\t\t\t\t\t\t\t\t<\/div>\n\t\t\t\t<\/div>\n\t\t\t\t<div class=\"elementor-element elementor-element-6f77e89 elementor-widget elementor-widget-spacer\" data-id=\"6f77e89\" data-element_type=\"widget\" data-e-type=\"widget\" data-widget_type=\"spacer.default\">\n\t\t\t\t<div class=\"elementor-widget-container\">\n\t\t\t\t\t\t\t<div class=\"elementor-spacer\">\n\t\t\t<div class=\"elementor-spacer-inner\"><\/div>\n\t\t<\/div>\n\t\t\t\t\t\t<\/div>\n\t\t\t\t<\/div>\n\t\t\t\t<div class=\"elementor-element elementor-element-dfbc2c5 elementor-widget elementor-widget-text-editor\" data-id=\"dfbc2c5\" data-element_type=\"widget\" data-e-type=\"widget\" data-widget_type=\"text-editor.default\">\n\t\t\t\t<div class=\"elementor-widget-container\">\n\t\t\t\t\t\t\t\t\t<p><strong>Wie verbessert das Virtuelle Krankenhaus die medizinische Versorgung unabh\u00e4ngig von den Herausforderungen der Pandemie?<\/strong><\/p><p>Corona ist ja nur ein Beispiel daf\u00fcr, wie wichtig es sein kann, dass \u00c4rzte sich gegenseitig unterst\u00fctzen, sich Rat bei Spezialisten holen und dabei durch den digitalen Weg Zeit und Aufwand sparen. Bei vielen Erkrankungen ist die Thematik zu speziell, um fl\u00e4chendeckend \u00fcber ausreichende Fachexpertise zu verf\u00fcgen. In der Pandemie gab es beispielsweise viel zu wenige Infektiologen. Deren Wissen digital fl\u00e4chendeckend verf\u00fcgbar zu machen, war daher ein wichtiger Schritt.<\/p><p>Das gilt aber eben auch f\u00fcr andere Bereiche. So gibt es zum Beispiel nur ganz wenige Zentren f\u00fcr schwere F\u00e4lle von Herzinsuffizienz. Durch Telekonsile k\u00f6nnen andere Krankenh\u00e4user auf dieses Spezialwissen zugreifen. Das hilft auch, zu entscheiden, ob ein Patient wirklich verlegt werden sollte \u2013 ohne dass er sich pers\u00f6nlich in einem weit entfernten Zentrum vorstellen muss. Zudem verbessern Telekonsile aber auch die Behandlung vor Ort und k\u00f6nnen so nicht nur Wege und Kosten einsparen, sondern auch dazu beitragen, Leben zu retten.<\/p><p>Langfristig ist es f\u00fcr uns wichtig, auch solche Indikationen \u00fcber das Virtuelle Krankenhaus abzudecken, die h\u00e4ufig genug vorkommen, damit sich die Krankenh\u00e4user und \u00c4rzte an die Abl\u00e4ufe unserer Plattform gew\u00f6hnen. Die Hemmschwelle muss sinken, damit die Anfrage von Telekonsilen zur Normalit\u00e4t wird. Damit tragen wir auch insofern zur Sicherung der medizinischen Versorgung bei, als dass wir die T\u00e4tigkeit von \u00c4rzten im l\u00e4ndlichen Raum wieder attraktiver machen. Denn wenn \u00c4rzte auch in entlegenen Regionen die M\u00f6glichkeit haben, mit Fachzentren und Top-Spezialisten zusammen zu arbeiten, kann das ein Anreiz sein, sich im l\u00e4ndlichen Raum niederzulassen. Damit st\u00fctzt das Virtuelle Krankenhaus die regionalen Strukturen.<\/p><p>\u00a0<\/p><p><strong>Man h\u00f6rt immer wieder, dass Deutschland im Bereich Telemedizin hinterherhinkt. Worin bestehen die H\u00fcrden?<\/strong><\/p><p>Es ist richtig, dass viele Studien zur Digitalisierung Deutschland relativ weit hinten sehen, vor allem im Vergleich zu den skandinavischen L\u00e4ndern. Der Vergleich hinkt aber, denn wir m\u00fcssen bedenken, dass dort ganz andere Gegebenheiten herrschen. Durch die gro\u00dfen Distanzen und geringere Bev\u00f6lkerungsdichte ist die medizinische Versorgung in einigen Regionen nicht so engmaschig vorhanden, wie wir es gl\u00fccklicherweise in Deutschland gewohnt sind. Diese L\u00e4nder waren also seit Langem darauf angewiesen, digitale Wege st\u00e4rker zu nutzen.<\/p><p>Eine gro\u00dfe H\u00fcrde stellt die Interoperabilit\u00e4t der Systeme dar. In Deutschland stehen viele Systemanbieter miteinander im Wettbewerb, wollen ihr Gesch\u00e4ft sichern und blockieren daher die Kompatibilit\u00e4t mit anderen Systemen. Das erschwert die Vernetzung enorm und ist auch der Grund, warum wir beim Virtuellen Krankenhaus auf Standards und offene Schnittstellen setzen.<\/p><p>\u00c4ndern muss sich in Deutschland aber auch die Einstellung. Der Arztberuf an sich ist hier noch nicht stark genug auf Kooperation ausgelegt. Ein gut ausgebildeter Arzt mit hohem Ansehen muss davon \u00fcberzeugt werden, welche Vorteile die Zusammenarbeit mit anderen Kollegen hat. Gl\u00fccklicherweise sehen wir aber hier ein Umdenken bei der j\u00fcngeren Generation, die sich im Arztberuf st\u00e4rker vernetzen und kooperieren m\u00f6chte. Deshalb m\u00fcssen die Telemedizin, die Modelle am Markt und die verf\u00fcgbaren digitalen Tools auch Teil der medizinischen Ausbildung werden.<\/p><p>\u00a0<\/p><p><strong>Welche Vision haben Sie f\u00fcr die Telemedizin?<\/strong><\/p><p>Meine Vision lautet, jederzeit und wohnortunabh\u00e4ngig die bestm\u00f6gliche Versorgung zu garantieren. Dazu m\u00fcssen wir \u00fcber Plattformen qualit\u00e4tsgesicherte Angebote und Technologien zur Verf\u00fcgung stellen. Ich w\u00fcrde mir w\u00fcnschen, dass diese Plattformen langfristig auch andere Anbieter im Gesundheitswesen miteinbezieht, beispielsweise aus der Geburtshilfe, der Palliativmedizin oder der Physiotherapie.<\/p><p>Vor allem m\u00fcssen wir erreichen, dass \u00c4rzte und Patienten um die vielf\u00e4ltigen M\u00f6glichkeiten der digitalen Vernetzung wissen. Ich sollte mich als Patient informieren k\u00f6nnen, welcher Arzt digital vernetzt ist und mir damit mehr bieten kann. Und wir m\u00fcssen Vertrauen aufbauen \u2013 vor allem in die Sicherheit der Daten. F\u00fcr viele ist der Datenschutz immer noch das Totschlagargument gegen die Telemedizin. Nat\u00fcrlich stellt er eine Herausforderung dar, aber gelebter Datenschutz im Netzwerk ist machbar!<\/p>\t\t\t\t\t\t\t\t<\/div>\n\t\t\t\t<\/div>\n\t\t\t\t\t<\/div>\n\t\t<\/div>\n\t\t\t\t\t<\/div>\n\t\t<\/section>\n\t\t\t\t<\/div>\n\t\t","protected":false},"excerpt":{"rendered":"<p>Das Virtuelle Krankenhaus NRW sorgt mit digitalen Konsilen daf\u00fcr, dass medizinische Expertise fl\u00e4chendeckend zur Verf\u00fcgung steht. Gesch\u00e4ftsf\u00fchrerin Nadja Pecquet spricht im Interview \u00fcber Chancen und H\u00fcrden der Telemedizin in Deutschland.<\/p>\n","protected":false},"author":5,"featured_media":10898,"comment_status":"open","ping_status":"open","sticky":false,"template":"","format":"standard","meta":{"footnotes":""},"categories":[66],"tags":[],"class_list":["post-10897","post","type-post","status-publish","format-standard","has-post-thumbnail","hentry","category-gesundheit"],"yoast_head":"<!-- This site is optimized with the Yoast SEO plugin v27.5 - https:\/\/yoast.com\/product\/yoast-seo-wordpress\/ -->\n<title>Fl\u00e4chendeckende medizinische Versorgung durch Telemedizin - Digitales B\u00fcrgernetz<\/title>\n<meta name=\"description\" content=\"Das Virtuelle Krankenhaus sorgt mit digitalen Konsilen daf\u00fcr, dass medizinische Expertise fl\u00e4chendeckend zur Verf\u00fcgung steht. Gesch\u00e4ftsf\u00fchrerin Nadja Pecquet erkl\u00e4rt, wie das funktioniert.\" \/>\n<meta name=\"robots\" content=\"index, follow, max-snippet:-1, max-image-preview:large, max-video-preview:-1\" \/>\n<link rel=\"canonical\" href=\"https:\/\/www.deutsche-glasfaser.de\/blog\/jederzeit-und-ueberall-die-bestmoegliche-versorgung-sichern-telemedizin-in-deutschland\/\" \/>\n<meta property=\"og:locale\" content=\"de_DE\" \/>\n<meta property=\"og:type\" content=\"article\" \/>\n<meta property=\"og:title\" content=\"Fl\u00e4chendeckende medizinische Versorgung durch Telemedizin - Digitales B\u00fcrgernetz\" \/>\n<meta property=\"og:description\" content=\"Das Virtuelle Krankenhaus sorgt mit digitalen Konsilen daf\u00fcr, dass medizinische Expertise fl\u00e4chendeckend zur Verf\u00fcgung steht. Gesch\u00e4ftsf\u00fchrerin Nadja Pecquet erkl\u00e4rt, wie das funktioniert.\" \/>\n<meta property=\"og:url\" content=\"https:\/\/www.deutsche-glasfaser.de\/blog\/jederzeit-und-ueberall-die-bestmoegliche-versorgung-sichern-telemedizin-in-deutschland\/\" \/>\n<meta property=\"og:site_name\" content=\"Digitales B\u00fcrgernetz\" \/>\n<meta property=\"article:published_time\" content=\"2022-11-11T09:02:13+00:00\" \/>\n<meta property=\"article:modified_time\" content=\"2022-12-05T08:10:40+00:00\" \/>\n<meta property=\"og:image\" content=\"https:\/\/www.deutsche-glasfaser.de\/blog\/wp-content\/uploads\/2022\/11\/TITELBILD_20220225_Foto_Pecquet.png\" \/>\n\t<meta property=\"og:image:width\" content=\"1500\" \/>\n\t<meta property=\"og:image:height\" content=\"705\" \/>\n\t<meta property=\"og:image:type\" content=\"image\/png\" \/>\n<meta name=\"author\" content=\"Deutsche Glasfaser\" \/>\n<meta name=\"twitter:card\" content=\"summary_large_image\" \/>\n<meta name=\"twitter:label1\" content=\"Verfasst von\" \/>\n\t<meta name=\"twitter:data1\" content=\"Deutsche Glasfaser\" \/>\n\t<meta name=\"twitter:label2\" content=\"Gesch\u00e4tzte Lesezeit\" \/>\n\t<meta name=\"twitter:data2\" content=\"7\u00a0Minuten\" \/>\n<script type=\"application\/ld+json\" class=\"yoast-schema-graph\">{\"@context\":\"https:\\\/\\\/schema.org\",\"@graph\":[{\"@type\":\"Article\",\"@id\":\"https:\\\/\\\/www.deutsche-glasfaser.de\\\/blog\\\/jederzeit-und-ueberall-die-bestmoegliche-versorgung-sichern-telemedizin-in-deutschland\\\/#article\",\"isPartOf\":{\"@id\":\"https:\\\/\\\/www.deutsche-glasfaser.de\\\/blog\\\/jederzeit-und-ueberall-die-bestmoegliche-versorgung-sichern-telemedizin-in-deutschland\\\/\"},\"author\":{\"name\":\"Deutsche Glasfaser\",\"@id\":\"https:\\\/\\\/www.deutsche-glasfaser.de\\\/blog\\\/#\\\/schema\\\/person\\\/9380a6dc7443d77143d0c66c409f574b\"},\"headline\":\"\u201eJederzeit und \u00fcberall die bestm\u00f6gliche Versorgung sichern\u201c &#8211; Telemedizin in Deutschland\",\"datePublished\":\"2022-11-11T09:02:13+00:00\",\"dateModified\":\"2022-12-05T08:10:40+00:00\",\"mainEntityOfPage\":{\"@id\":\"https:\\\/\\\/www.deutsche-glasfaser.de\\\/blog\\\/jederzeit-und-ueberall-die-bestmoegliche-versorgung-sichern-telemedizin-in-deutschland\\\/\"},\"wordCount\":1278,\"commentCount\":0,\"publisher\":{\"@id\":\"https:\\\/\\\/www.deutsche-glasfaser.de\\\/blog\\\/#organization\"},\"image\":{\"@id\":\"https:\\\/\\\/www.deutsche-glasfaser.de\\\/blog\\\/jederzeit-und-ueberall-die-bestmoegliche-versorgung-sichern-telemedizin-in-deutschland\\\/#primaryimage\"},\"thumbnailUrl\":\"https:\\\/\\\/www.deutsche-glasfaser.de\\\/blog\\\/wp-content\\\/uploads\\\/2022\\\/11\\\/TITELBILD_20220225_Foto_Pecquet.png\",\"articleSection\":[\"#Gesundheit\"],\"inLanguage\":\"de\",\"potentialAction\":[{\"@type\":\"CommentAction\",\"name\":\"Comment\",\"target\":[\"https:\\\/\\\/www.deutsche-glasfaser.de\\\/blog\\\/jederzeit-und-ueberall-die-bestmoegliche-versorgung-sichern-telemedizin-in-deutschland\\\/#respond\"]}]},{\"@type\":\"WebPage\",\"@id\":\"https:\\\/\\\/www.deutsche-glasfaser.de\\\/blog\\\/jederzeit-und-ueberall-die-bestmoegliche-versorgung-sichern-telemedizin-in-deutschland\\\/\",\"url\":\"https:\\\/\\\/www.deutsche-glasfaser.de\\\/blog\\\/jederzeit-und-ueberall-die-bestmoegliche-versorgung-sichern-telemedizin-in-deutschland\\\/\",\"name\":\"Fl\u00e4chendeckende medizinische Versorgung durch Telemedizin - Digitales B\u00fcrgernetz\",\"isPartOf\":{\"@id\":\"https:\\\/\\\/www.deutsche-glasfaser.de\\\/blog\\\/#website\"},\"primaryImageOfPage\":{\"@id\":\"https:\\\/\\\/www.deutsche-glasfaser.de\\\/blog\\\/jederzeit-und-ueberall-die-bestmoegliche-versorgung-sichern-telemedizin-in-deutschland\\\/#primaryimage\"},\"image\":{\"@id\":\"https:\\\/\\\/www.deutsche-glasfaser.de\\\/blog\\\/jederzeit-und-ueberall-die-bestmoegliche-versorgung-sichern-telemedizin-in-deutschland\\\/#primaryimage\"},\"thumbnailUrl\":\"https:\\\/\\\/www.deutsche-glasfaser.de\\\/blog\\\/wp-content\\\/uploads\\\/2022\\\/11\\\/TITELBILD_20220225_Foto_Pecquet.png\",\"datePublished\":\"2022-11-11T09:02:13+00:00\",\"dateModified\":\"2022-12-05T08:10:40+00:00\",\"description\":\"Das Virtuelle Krankenhaus sorgt mit digitalen Konsilen daf\u00fcr, dass medizinische Expertise fl\u00e4chendeckend zur Verf\u00fcgung steht. Gesch\u00e4ftsf\u00fchrerin Nadja Pecquet erkl\u00e4rt, wie das funktioniert.\",\"inLanguage\":\"de\",\"potentialAction\":[{\"@type\":\"ReadAction\",\"target\":[\"https:\\\/\\\/www.deutsche-glasfaser.de\\\/blog\\\/jederzeit-und-ueberall-die-bestmoegliche-versorgung-sichern-telemedizin-in-deutschland\\\/\"]}]},{\"@type\":\"ImageObject\",\"inLanguage\":\"de\",\"@id\":\"https:\\\/\\\/www.deutsche-glasfaser.de\\\/blog\\\/jederzeit-und-ueberall-die-bestmoegliche-versorgung-sichern-telemedizin-in-deutschland\\\/#primaryimage\",\"url\":\"https:\\\/\\\/www.deutsche-glasfaser.de\\\/blog\\\/wp-content\\\/uploads\\\/2022\\\/11\\\/TITELBILD_20220225_Foto_Pecquet.png\",\"contentUrl\":\"https:\\\/\\\/www.deutsche-glasfaser.de\\\/blog\\\/wp-content\\\/uploads\\\/2022\\\/11\\\/TITELBILD_20220225_Foto_Pecquet.png\",\"width\":1500,\"height\":705,\"caption\":\"Nadja Pecquet, Gesch\u00e4ftsf\u00fchrerin des VkH.NRW \u2013 Mit dem Virtuellen Krankenhaus NRW soll ein Netzwerk aus Expertinnen und Experten sowie regionalen medizinischen Einrichtungen aufgebaut werden, um fach\u00e4rztliches Spezialwissen fl\u00e4chendeckend zug\u00e4nglich zu machen. \u00a9 VkH.NRW\"},{\"@type\":\"WebSite\",\"@id\":\"https:\\\/\\\/www.deutsche-glasfaser.de\\\/blog\\\/#website\",\"url\":\"https:\\\/\\\/www.deutsche-glasfaser.de\\\/blog\\\/\",\"name\":\"Digitales B\u00fcrgernetz\",\"description\":\"Deutsche Glasfaser Blog\",\"publisher\":{\"@id\":\"https:\\\/\\\/www.deutsche-glasfaser.de\\\/blog\\\/#organization\"},\"potentialAction\":[{\"@type\":\"SearchAction\",\"target\":{\"@type\":\"EntryPoint\",\"urlTemplate\":\"https:\\\/\\\/www.deutsche-glasfaser.de\\\/blog\\\/?s={search_term_string}\"},\"query-input\":{\"@type\":\"PropertyValueSpecification\",\"valueRequired\":true,\"valueName\":\"search_term_string\"}}],\"inLanguage\":\"de\"},{\"@type\":\"Organization\",\"@id\":\"https:\\\/\\\/www.deutsche-glasfaser.de\\\/blog\\\/#organization\",\"name\":\"Digitales B\u00fcrgernetz\",\"url\":\"https:\\\/\\\/www.deutsche-glasfaser.de\\\/blog\\\/\",\"logo\":{\"@type\":\"ImageObject\",\"inLanguage\":\"de\",\"@id\":\"https:\\\/\\\/www.deutsche-glasfaser.de\\\/blog\\\/#\\\/schema\\\/logo\\\/image\\\/\",\"url\":\"https:\\\/\\\/www.deutsche-glasfaser.de\\\/blog\\\/wp-content\\\/uploads\\\/2021\\\/08\\\/DGF_Logo_Basis_RGB-Large@2x.png\",\"contentUrl\":\"https:\\\/\\\/www.deutsche-glasfaser.de\\\/blog\\\/wp-content\\\/uploads\\\/2021\\\/08\\\/DGF_Logo_Basis_RGB-Large@2x.png\",\"width\":312,\"height\":104,\"caption\":\"Digitales B\u00fcrgernetz\"},\"image\":{\"@id\":\"https:\\\/\\\/www.deutsche-glasfaser.de\\\/blog\\\/#\\\/schema\\\/logo\\\/image\\\/\"}},{\"@type\":\"Person\",\"@id\":\"https:\\\/\\\/www.deutsche-glasfaser.de\\\/blog\\\/#\\\/schema\\\/person\\\/9380a6dc7443d77143d0c66c409f574b\",\"name\":\"Deutsche Glasfaser\"}]}<\/script>\n<!-- \/ Yoast SEO plugin. -->","yoast_head_json":{"title":"Fl\u00e4chendeckende medizinische Versorgung durch Telemedizin - Digitales B\u00fcrgernetz","description":"Das Virtuelle Krankenhaus sorgt mit digitalen Konsilen daf\u00fcr, dass medizinische Expertise fl\u00e4chendeckend zur Verf\u00fcgung steht. Gesch\u00e4ftsf\u00fchrerin Nadja Pecquet erkl\u00e4rt, wie das funktioniert.","robots":{"index":"index","follow":"follow","max-snippet":"max-snippet:-1","max-image-preview":"max-image-preview:large","max-video-preview":"max-video-preview:-1"},"canonical":"https:\/\/www.deutsche-glasfaser.de\/blog\/jederzeit-und-ueberall-die-bestmoegliche-versorgung-sichern-telemedizin-in-deutschland\/","og_locale":"de_DE","og_type":"article","og_title":"Fl\u00e4chendeckende medizinische Versorgung durch Telemedizin - Digitales B\u00fcrgernetz","og_description":"Das Virtuelle Krankenhaus sorgt mit digitalen Konsilen daf\u00fcr, dass medizinische Expertise fl\u00e4chendeckend zur Verf\u00fcgung steht. Gesch\u00e4ftsf\u00fchrerin Nadja Pecquet erkl\u00e4rt, wie das funktioniert.","og_url":"https:\/\/www.deutsche-glasfaser.de\/blog\/jederzeit-und-ueberall-die-bestmoegliche-versorgung-sichern-telemedizin-in-deutschland\/","og_site_name":"Digitales B\u00fcrgernetz","article_published_time":"2022-11-11T09:02:13+00:00","article_modified_time":"2022-12-05T08:10:40+00:00","og_image":[{"width":1500,"height":705,"url":"https:\/\/www.deutsche-glasfaser.de\/blog\/wp-content\/uploads\/2022\/11\/TITELBILD_20220225_Foto_Pecquet.png","type":"image\/png"}],"author":"Deutsche Glasfaser","twitter_card":"summary_large_image","twitter_misc":{"Verfasst von":"Deutsche Glasfaser","Gesch\u00e4tzte Lesezeit":"7\u00a0Minuten"},"schema":{"@context":"https:\/\/schema.org","@graph":[{"@type":"Article","@id":"https:\/\/www.deutsche-glasfaser.de\/blog\/jederzeit-und-ueberall-die-bestmoegliche-versorgung-sichern-telemedizin-in-deutschland\/#article","isPartOf":{"@id":"https:\/\/www.deutsche-glasfaser.de\/blog\/jederzeit-und-ueberall-die-bestmoegliche-versorgung-sichern-telemedizin-in-deutschland\/"},"author":{"name":"Deutsche Glasfaser","@id":"https:\/\/www.deutsche-glasfaser.de\/blog\/#\/schema\/person\/9380a6dc7443d77143d0c66c409f574b"},"headline":"\u201eJederzeit und \u00fcberall die bestm\u00f6gliche Versorgung sichern\u201c &#8211; Telemedizin in Deutschland","datePublished":"2022-11-11T09:02:13+00:00","dateModified":"2022-12-05T08:10:40+00:00","mainEntityOfPage":{"@id":"https:\/\/www.deutsche-glasfaser.de\/blog\/jederzeit-und-ueberall-die-bestmoegliche-versorgung-sichern-telemedizin-in-deutschland\/"},"wordCount":1278,"commentCount":0,"publisher":{"@id":"https:\/\/www.deutsche-glasfaser.de\/blog\/#organization"},"image":{"@id":"https:\/\/www.deutsche-glasfaser.de\/blog\/jederzeit-und-ueberall-die-bestmoegliche-versorgung-sichern-telemedizin-in-deutschland\/#primaryimage"},"thumbnailUrl":"https:\/\/www.deutsche-glasfaser.de\/blog\/wp-content\/uploads\/2022\/11\/TITELBILD_20220225_Foto_Pecquet.png","articleSection":["#Gesundheit"],"inLanguage":"de","potentialAction":[{"@type":"CommentAction","name":"Comment","target":["https:\/\/www.deutsche-glasfaser.de\/blog\/jederzeit-und-ueberall-die-bestmoegliche-versorgung-sichern-telemedizin-in-deutschland\/#respond"]}]},{"@type":"WebPage","@id":"https:\/\/www.deutsche-glasfaser.de\/blog\/jederzeit-und-ueberall-die-bestmoegliche-versorgung-sichern-telemedizin-in-deutschland\/","url":"https:\/\/www.deutsche-glasfaser.de\/blog\/jederzeit-und-ueberall-die-bestmoegliche-versorgung-sichern-telemedizin-in-deutschland\/","name":"Fl\u00e4chendeckende medizinische Versorgung durch Telemedizin - Digitales B\u00fcrgernetz","isPartOf":{"@id":"https:\/\/www.deutsche-glasfaser.de\/blog\/#website"},"primaryImageOfPage":{"@id":"https:\/\/www.deutsche-glasfaser.de\/blog\/jederzeit-und-ueberall-die-bestmoegliche-versorgung-sichern-telemedizin-in-deutschland\/#primaryimage"},"image":{"@id":"https:\/\/www.deutsche-glasfaser.de\/blog\/jederzeit-und-ueberall-die-bestmoegliche-versorgung-sichern-telemedizin-in-deutschland\/#primaryimage"},"thumbnailUrl":"https:\/\/www.deutsche-glasfaser.de\/blog\/wp-content\/uploads\/2022\/11\/TITELBILD_20220225_Foto_Pecquet.png","datePublished":"2022-11-11T09:02:13+00:00","dateModified":"2022-12-05T08:10:40+00:00","description":"Das Virtuelle Krankenhaus sorgt mit digitalen Konsilen daf\u00fcr, dass medizinische Expertise fl\u00e4chendeckend zur Verf\u00fcgung steht. Gesch\u00e4ftsf\u00fchrerin Nadja Pecquet erkl\u00e4rt, wie das funktioniert.","inLanguage":"de","potentialAction":[{"@type":"ReadAction","target":["https:\/\/www.deutsche-glasfaser.de\/blog\/jederzeit-und-ueberall-die-bestmoegliche-versorgung-sichern-telemedizin-in-deutschland\/"]}]},{"@type":"ImageObject","inLanguage":"de","@id":"https:\/\/www.deutsche-glasfaser.de\/blog\/jederzeit-und-ueberall-die-bestmoegliche-versorgung-sichern-telemedizin-in-deutschland\/#primaryimage","url":"https:\/\/www.deutsche-glasfaser.de\/blog\/wp-content\/uploads\/2022\/11\/TITELBILD_20220225_Foto_Pecquet.png","contentUrl":"https:\/\/www.deutsche-glasfaser.de\/blog\/wp-content\/uploads\/2022\/11\/TITELBILD_20220225_Foto_Pecquet.png","width":1500,"height":705,"caption":"Nadja Pecquet, Gesch\u00e4ftsf\u00fchrerin des VkH.NRW \u2013 Mit dem Virtuellen Krankenhaus NRW soll ein Netzwerk aus Expertinnen und Experten sowie regionalen medizinischen Einrichtungen aufgebaut werden, um fach\u00e4rztliches Spezialwissen fl\u00e4chendeckend zug\u00e4nglich zu machen. \u00a9 VkH.NRW"},{"@type":"WebSite","@id":"https:\/\/www.deutsche-glasfaser.de\/blog\/#website","url":"https:\/\/www.deutsche-glasfaser.de\/blog\/","name":"Digitales B\u00fcrgernetz","description":"Deutsche Glasfaser Blog","publisher":{"@id":"https:\/\/www.deutsche-glasfaser.de\/blog\/#organization"},"potentialAction":[{"@type":"SearchAction","target":{"@type":"EntryPoint","urlTemplate":"https:\/\/www.deutsche-glasfaser.de\/blog\/?s={search_term_string}"},"query-input":{"@type":"PropertyValueSpecification","valueRequired":true,"valueName":"search_term_string"}}],"inLanguage":"de"},{"@type":"Organization","@id":"https:\/\/www.deutsche-glasfaser.de\/blog\/#organization","name":"Digitales B\u00fcrgernetz","url":"https:\/\/www.deutsche-glasfaser.de\/blog\/","logo":{"@type":"ImageObject","inLanguage":"de","@id":"https:\/\/www.deutsche-glasfaser.de\/blog\/#\/schema\/logo\/image\/","url":"https:\/\/www.deutsche-glasfaser.de\/blog\/wp-content\/uploads\/2021\/08\/DGF_Logo_Basis_RGB-Large@2x.png","contentUrl":"https:\/\/www.deutsche-glasfaser.de\/blog\/wp-content\/uploads\/2021\/08\/DGF_Logo_Basis_RGB-Large@2x.png","width":312,"height":104,"caption":"Digitales B\u00fcrgernetz"},"image":{"@id":"https:\/\/www.deutsche-glasfaser.de\/blog\/#\/schema\/logo\/image\/"}},{"@type":"Person","@id":"https:\/\/www.deutsche-glasfaser.de\/blog\/#\/schema\/person\/9380a6dc7443d77143d0c66c409f574b","name":"Deutsche Glasfaser"}]}},"_links":{"self":[{"href":"https:\/\/www.deutsche-glasfaser.de\/blog\/wp-json\/wp\/v2\/posts\/10897","targetHints":{"allow":["GET"]}}],"collection":[{"href":"https:\/\/www.deutsche-glasfaser.de\/blog\/wp-json\/wp\/v2\/posts"}],"about":[{"href":"https:\/\/www.deutsche-glasfaser.de\/blog\/wp-json\/wp\/v2\/types\/post"}],"author":[{"embeddable":true,"href":"https:\/\/www.deutsche-glasfaser.de\/blog\/wp-json\/wp\/v2\/users\/5"}],"replies":[{"embeddable":true,"href":"https:\/\/www.deutsche-glasfaser.de\/blog\/wp-json\/wp\/v2\/comments?post=10897"}],"version-history":[{"count":20,"href":"https:\/\/www.deutsche-glasfaser.de\/blog\/wp-json\/wp\/v2\/posts\/10897\/revisions"}],"predecessor-version":[{"id":11024,"href":"https:\/\/www.deutsche-glasfaser.de\/blog\/wp-json\/wp\/v2\/posts\/10897\/revisions\/11024"}],"wp:featuredmedia":[{"embeddable":true,"href":"https:\/\/www.deutsche-glasfaser.de\/blog\/wp-json\/wp\/v2\/media\/10898"}],"wp:attachment":[{"href":"https:\/\/www.deutsche-glasfaser.de\/blog\/wp-json\/wp\/v2\/media?parent=10897"}],"wp:term":[{"taxonomy":"category","embeddable":true,"href":"https:\/\/www.deutsche-glasfaser.de\/blog\/wp-json\/wp\/v2\/categories?post=10897"},{"taxonomy":"post_tag","embeddable":true,"href":"https:\/\/www.deutsche-glasfaser.de\/blog\/wp-json\/wp\/v2\/tags?post=10897"}],"curies":[{"name":"wp","href":"https:\/\/api.w.org\/{rel}","templated":true}]}}