{"id":10840,"date":"2022-11-04T11:30:02","date_gmt":"2022-11-04T10:30:02","guid":{"rendered":"https:\/\/www.deutsche-glasfaser.de\/blog\/?p=10840"},"modified":"2022-11-23T10:22:36","modified_gmt":"2022-11-23T09:22:36","slug":"wie-digital-kompetent-sind-unsere-kinder","status":"publish","type":"post","link":"https:\/\/www.deutsche-glasfaser.de\/blog\/wie-digital-kompetent-sind-unsere-kinder\/","title":{"rendered":"<strong>Wie digital kompetent sind unsere Kinder?<\/strong>"},"content":{"rendered":"\t\t<div data-elementor-type=\"wp-post\" data-elementor-id=\"10840\" class=\"elementor elementor-10840\">\n\t\t\t\t\t\t<section class=\"elementor-section elementor-top-section elementor-element elementor-element-95668bb elementor-section-boxed elementor-section-height-default elementor-section-height-default\" data-id=\"95668bb\" data-element_type=\"section\" data-e-type=\"section\">\n\t\t\t\t\t\t<div class=\"elementor-container elementor-column-gap-default\">\n\t\t\t\t\t<div class=\"elementor-column elementor-col-100 elementor-top-column elementor-element elementor-element-29fdaac\" data-id=\"29fdaac\" data-element_type=\"column\" data-e-type=\"column\">\n\t\t\t<div class=\"elementor-widget-wrap elementor-element-populated\">\n\t\t\t\t\t\t<div class=\"elementor-element elementor-element-4937643 elementor-widget elementor-widget-text-editor\" data-id=\"4937643\" data-element_type=\"widget\" data-e-type=\"widget\" data-widget_type=\"text-editor.default\">\n\t\t\t\t<div class=\"elementor-widget-container\">\n\t\t\t\t\t\t\t\t\t<p>Fr\u00fch \u00fcbt sich:\u00a0Der sachgem\u00e4\u00dfe, kritische und umsichtige Umgang mit digitalen Medien muss ge\u00fcbt und kontrolliert werden. \u00a9 stem.T4L | Unsplash\u00a0<\/p>\t\t\t\t\t\t\t\t<\/div>\n\t\t\t\t<\/div>\n\t\t\t\t\t<\/div>\n\t\t<\/div>\n\t\t\t\t\t<\/div>\n\t\t<\/section>\n\t\t\t\t<section class=\"elementor-section elementor-top-section elementor-element elementor-element-50a74b9 elementor-section-boxed elementor-section-height-default elementor-section-height-default\" data-id=\"50a74b9\" data-element_type=\"section\" data-e-type=\"section\">\n\t\t\t\t\t\t<div class=\"elementor-container elementor-column-gap-default\">\n\t\t\t\t\t<div class=\"elementor-column elementor-col-100 elementor-top-column elementor-element elementor-element-0466a43\" data-id=\"0466a43\" data-element_type=\"column\" data-e-type=\"column\">\n\t\t\t<div class=\"elementor-widget-wrap elementor-element-populated\">\n\t\t\t\t\t\t<div class=\"elementor-element elementor-element-279e429 elementor-widget elementor-widget-text-editor\" data-id=\"279e429\" data-element_type=\"widget\" data-e-type=\"widget\" data-widget_type=\"text-editor.default\">\n\t\t\t\t<div class=\"elementor-widget-container\">\n\t\t\t\t\t\t\t\t\t<p>Schon im Grundschulalter besitzen ein F\u00fcnftel der Kinder ein eigenes Smartphone. Bei den 10- bis 12-J\u00e4hrigen schnellt der Anteil auf 86 Prozent hoch und ab 13 Jahren besitzt so gut wie jeder ein smartes Handy. Das besagt die <strong><a href=\"https:\/\/www.bitkom.org\/sites\/main\/files\/2022-06\/Bitkom-Charts_Kinder_Jugendliche_09.06.2022_0.pdf\">aktuelle Kinder &amp; Jugendstudie 2022 des Verbands Bitkom<\/a>. <\/strong>Der Trend ist eindeutig: W\u00e4hrend 2014 noch 20 Prozent der 6- und 7-J\u00e4hrigen angaben, zumindest ab und zu ein Smartphone zu nutzen, waren es 2022 bereits 64 Prozent. Auch in allen anderen Altersklassen steigt die Nutzung stetig; bei den 12- und 13-J\u00e4hrigen hat sie 2022 die Hundert-Prozent-Marke erreicht.<\/p><p>Keine Frage also: Das Internet ist f\u00fcr Kinder und Jugendliche allgegenw\u00e4rtig. Fast 60 Prozent geben in der Studie an, sich \u201enicht vorstellen zu k\u00f6nnen, nie wieder online zu sein.\u201c Sp\u00e4testens seit der Corona-Pandemie wissen wir aber auch, dass der Zugang zu digitalen Ger\u00e4ten und Inhalten f\u00fcr die Jugend nicht nur Fluch, sondern auch unabdingbar ist. Quasi \u00fcber Nacht waren digitale Endger\u00e4te und ein versierter Umgang mit digitalen Plattformen Grundvoraussetzung daf\u00fcr, weiter an der Schulbildung teilnehmen zu k\u00f6nnen.<\/p>\t\t\t\t\t\t\t\t<\/div>\n\t\t\t\t<\/div>\n\t\t\t\t<div class=\"elementor-element elementor-element-e2cb14c elementor-widget elementor-widget-spacer\" data-id=\"e2cb14c\" data-element_type=\"widget\" data-e-type=\"widget\" data-widget_type=\"spacer.default\">\n\t\t\t\t<div class=\"elementor-widget-container\">\n\t\t\t\t\t\t\t<div class=\"elementor-spacer\">\n\t\t\t<div class=\"elementor-spacer-inner\"><\/div>\n\t\t<\/div>\n\t\t\t\t\t\t<\/div>\n\t\t\t\t<\/div>\n\t\t\t\t<div class=\"elementor-element elementor-element-233fe96 elementor-widget elementor-widget-heading\" data-id=\"233fe96\" data-element_type=\"widget\" data-e-type=\"widget\" data-widget_type=\"heading.default\">\n\t\t\t\t<div class=\"elementor-widget-container\">\n\t\t\t\t\t<h2 class=\"elementor-heading-title elementor-size-xl\">Digitale Lernformen allgegenw\u00e4rtig machen<\/h2>\t\t\t\t<\/div>\n\t\t\t\t<\/div>\n\t\t\t\t<div class=\"elementor-element elementor-element-c50b001 elementor-widget elementor-widget-spacer\" data-id=\"c50b001\" data-element_type=\"widget\" data-e-type=\"widget\" data-widget_type=\"spacer.default\">\n\t\t\t\t<div class=\"elementor-widget-container\">\n\t\t\t\t\t\t\t<div class=\"elementor-spacer\">\n\t\t\t<div class=\"elementor-spacer-inner\"><\/div>\n\t\t<\/div>\n\t\t\t\t\t\t<\/div>\n\t\t\t\t<\/div>\n\t\t\t\t<div class=\"elementor-element elementor-element-ca796da elementor-widget elementor-widget-text-editor\" data-id=\"ca796da\" data-element_type=\"widget\" data-e-type=\"widget\" data-widget_type=\"text-editor.default\">\n\t\t\t\t<div class=\"elementor-widget-container\">\n\t\t\t\t\t\t\t\t\t<p>Experten fordern seit Langem, dass die Grundlagen der Informationstechnik und Datenverarbeitung auf den Lehrplan kommen. Sie sind mittlerweile nicht nur berufs- oder studienvorbereitend erforderlich, sondern geh\u00f6ren zur Allgemeinbildung. Doch wie stark das Schulfach \u201eInformatik\u201c in den Lehrpl\u00e4nen verankert ist, variiert stark von Bundesland zu Bundesland. Mal ist es nur als Wahlfach im Angebot, aber nicht verpflichtend; mal der gymnasialen Oberstufe vorbehalten. Die Gesellschaft f\u00fcr Informatik ver\u00f6ffentlichte j\u00fcngst den <a href=\"https:\/\/informatik-monitor.de\"><strong>aktuellen Informatik-Monitor<\/strong><\/a>, einen Bericht zum Stand und zu den Auswirkungen des Informatikunterrichts in Deutschland. Er \u201euntermauere den akuten Handlungsbedarf, um eine zeitgem\u00e4\u00dfe Bildung in der digitalen Welt zu erm\u00f6glichen\u201c, so die Gesellschaft. Demnach arbeiten zwar mehrere Bundesl\u00e4nder aktuell daran, Informatik als Pflichtfach einzuf\u00fchren; in sechs Bundesl\u00e4ndern steht das Fach aber weiterhin nur zur Wahl.<\/p><p>Die Gesellschaft f\u00fcr Informatik erarbeitet regelm\u00e4\u00dfig Standards, was im Rahmen des Unterrichts vermittelt werden sollte. Der Monitor offenbart, dass Sch\u00fcler:innen, f\u00fcr die Informatik zum Pflichtprogramm geh\u00f6rt, h\u00f6here Kompetenzen in Informations- und Kommunikationstechnologie an den Tag legen und die Kompetenzl\u00fccke zwischen Jungen und M\u00e4dchen dar\u00fcber hinaus mit verpflichtendem Unterricht schrumpft. Daher pl\u00e4diert die Gesellschaft f\u00fcr eine verpflichtende Einf\u00fchrung als Schulfach, auch wenn mittlerweile digitale Lernformen in allen F\u00e4chern mehr oder minder eine Rolle spielen. Somit kommen auch Sch\u00fcler:innen mit digitalen Lernformen in Kontakt, die keinen gesonderten Informatikunterricht haben.<\/p><p>\u00a0<\/p><p>Der <a href=\"https:\/\/www.digitalpaktschule.de\/de\/was-ist-der-digitalpakt-schule-1701.html\"><strong>DigitalPakt Schule<\/strong><\/a>\u00a0des Bundesministeriums f\u00fcr Bildung und Forschung will das mit einer besseren Ausstattung der Schulen und dem fl\u00e4chendeckenden Aufbau einer zeitgem\u00e4\u00dfen, digitalen Bildungsinfrastruktur erreichen. Die digitale Bildung soll auch durch Anpassung der Lernpl\u00e4ne st\u00e4rker ber\u00fccksichtigt werden. W\u00e4hrend der Corona-Pandemie wurden im Rahmen des DigitalPakts Sofortprogramme gestartet, beispielsweise um benachteiligte Kinder mit Endger\u00e4ten zu versorgen.<\/p>\t\t\t\t\t\t\t\t<\/div>\n\t\t\t\t<\/div>\n\t\t\t\t<div class=\"elementor-element elementor-element-3d7782e elementor-widget elementor-widget-spacer\" data-id=\"3d7782e\" data-element_type=\"widget\" data-e-type=\"widget\" data-widget_type=\"spacer.default\">\n\t\t\t\t<div class=\"elementor-widget-container\">\n\t\t\t\t\t\t\t<div class=\"elementor-spacer\">\n\t\t\t<div class=\"elementor-spacer-inner\"><\/div>\n\t\t<\/div>\n\t\t\t\t\t\t<\/div>\n\t\t\t\t<\/div>\n\t\t\t\t<div class=\"elementor-element elementor-element-4d0df76 elementor-widget elementor-widget-image\" data-id=\"4d0df76\" data-element_type=\"widget\" data-e-type=\"widget\" data-widget_type=\"image.default\">\n\t\t\t\t<div class=\"elementor-widget-container\">\n\t\t\t\t\t\t\t\t\t\t\t\t<figure class=\"wp-caption\">\n\t\t\t\t\t\t\t\t\t\t<img fetchpriority=\"high\" decoding=\"async\" width=\"768\" height=\"512\" src=\"https:\/\/www.deutsche-glasfaser.de\/blog\/wp-content\/uploads\/2022\/11\/Beitragsbild_robin-worrall-FPt10LXK0cg-unsplash-768x512.jpg\" class=\"attachment-medium_large size-medium_large wp-image-10841\" alt=\"Mehrere junge Menschen halten Smartphones in den H\u00e4nden.\" srcset=\"https:\/\/www.deutsche-glasfaser.de\/blog\/wp-content\/uploads\/2022\/11\/Beitragsbild_robin-worrall-FPt10LXK0cg-unsplash-768x512.jpg 768w, https:\/\/www.deutsche-glasfaser.de\/blog\/wp-content\/uploads\/2022\/11\/Beitragsbild_robin-worrall-FPt10LXK0cg-unsplash-300x200.jpg 300w, https:\/\/www.deutsche-glasfaser.de\/blog\/wp-content\/uploads\/2022\/11\/Beitragsbild_robin-worrall-FPt10LXK0cg-unsplash-1024x683.jpg 1024w, https:\/\/www.deutsche-glasfaser.de\/blog\/wp-content\/uploads\/2022\/11\/Beitragsbild_robin-worrall-FPt10LXK0cg-unsplash-1536x1024.jpg 1536w, https:\/\/www.deutsche-glasfaser.de\/blog\/wp-content\/uploads\/2022\/11\/Beitragsbild_robin-worrall-FPt10LXK0cg-unsplash-2048x1365.jpg 2048w\" sizes=\"(max-width: 768px) 100vw, 768px\" \/>\t\t\t\t\t\t\t\t\t\t\t<figcaption class=\"widget-image-caption wp-caption-text\">Smartphone, Tablet, immer zu jeder Zeit online \u2013 ganz selbstverst\u00e4ndlich f\u00fcr die junge Generation. \u00a9 Robin Worrall | Unsplash <\/figcaption>\n\t\t\t\t\t\t\t\t\t\t<\/figure>\n\t\t\t\t\t\t\t\t\t<\/div>\n\t\t\t\t<\/div>\n\t\t\t\t<div class=\"elementor-element elementor-element-b8df726 elementor-widget elementor-widget-spacer\" data-id=\"b8df726\" data-element_type=\"widget\" data-e-type=\"widget\" data-widget_type=\"spacer.default\">\n\t\t\t\t<div class=\"elementor-widget-container\">\n\t\t\t\t\t\t\t<div class=\"elementor-spacer\">\n\t\t\t<div class=\"elementor-spacer-inner\"><\/div>\n\t\t<\/div>\n\t\t\t\t\t\t<\/div>\n\t\t\t\t<\/div>\n\t\t\t\t<div class=\"elementor-element elementor-element-df0a4b9 elementor-widget elementor-widget-heading\" data-id=\"df0a4b9\" data-element_type=\"widget\" data-e-type=\"widget\" data-widget_type=\"heading.default\">\n\t\t\t\t<div class=\"elementor-widget-container\">\n\t\t\t\t\t<h2 class=\"elementor-heading-title elementor-size-xl\">Nicht nur Zugang, sondern richtiger Umgang<\/h2>\t\t\t\t<\/div>\n\t\t\t\t<\/div>\n\t\t\t\t<div class=\"elementor-element elementor-element-a50f861 elementor-widget elementor-widget-spacer\" data-id=\"a50f861\" data-element_type=\"widget\" data-e-type=\"widget\" data-widget_type=\"spacer.default\">\n\t\t\t\t<div class=\"elementor-widget-container\">\n\t\t\t\t\t\t\t<div class=\"elementor-spacer\">\n\t\t\t<div class=\"elementor-spacer-inner\"><\/div>\n\t\t<\/div>\n\t\t\t\t\t\t<\/div>\n\t\t\t\t<\/div>\n\t\t\t\t<div class=\"elementor-element elementor-element-a649a97 elementor-widget elementor-widget-text-editor\" data-id=\"a649a97\" data-element_type=\"widget\" data-e-type=\"widget\" data-widget_type=\"text-editor.default\">\n\t\t\t\t<div class=\"elementor-widget-container\">\n\t\t\t\t\t\t\t\t\t<p>Allerdings hat es sich die Politik nicht nur zur Aufgabe gemacht, die Versorgung mit digitaler Infrastruktur zu sichern, sondern auch die Aufkl\u00e4rung \u00fcber einen verantwortungsbewussten Umgang mit den M\u00f6glichkeiten der Digitalisierung zu unterst\u00fctzen. Denn w\u00e4hrend Studien belegen, dass es in den Familien in der Regel nicht am Zugang zum Smartphone mangelt, ist es schwieriger zu untersuchen, ob im Elternhaus der sachgem\u00e4\u00dfe, kritische, vorsichtige und umsichtige Umgang mit digitalen Inhalten ge\u00fcbt und kontrolliert wird.<\/p><p>Die technische Medienkompetenz evaluieren regelm\u00e4\u00dfig die <strong><a href=\"https:\/\/www.mpfs.de\/studien\/kim-studie\/2020\/\">Studien des Medienp\u00e4dagogischen Forschungsverbunds S\u00fcdwest<\/a>.<\/strong>\u00a0Darin wird untersucht, ob Kinder und Jugendliche beispielsweise selbstst\u00e4ndig in der Lage sind, Apps herunterzuladen, Beitr\u00e4ge zu kommentieren, Dateien aus dem Internet herunterzuladen oder Videos und Bilder zu posten. Die Zahlen haben sich zwischen 2018 und 2020 kaum ver\u00e4ndert. Ab etwa 10 Jahren k\u00f6nnen die Mehrheit der Kinder solche Aufgaben selbstst\u00e4ndig erledigen.<\/p><p>Das <a href=\"https:\/\/wirtschaftslexikon.gabler.de\/definition\/medienkompetenz-122191\"><strong>Gabler Wirtschaftslexikon<\/strong><\/a>\u00a0definiert allerdings Medienkompetenz als \u201eF\u00e4higkeit, sowohl die verschiedenen Medienkan\u00e4le als auch deren Inhalte kompetent und vor allem kritisch zu nutzen sowie mit und in diesen Kan\u00e4len zu agieren.\u201c Es geht also nicht nur um die technischen F\u00e4higkeiten, sondern um den Umgang mit den Inhalten. Auf politischer Ebene liegt hier die Verantwortung nicht im Bildungs- sondern im Familienministerium, das verschiedene Projekte unterst\u00fctzt, die Eltern und Kinder dabei helfen sollen, digitale Medien sinnvoll zu nutzen und einzuordnen. Dabei geht es einerseits auch um den Schutz vor gef\u00e4hrdenden Inhalten und andererseits darum, Kinder und Jugendliche davon abzuhalten, die Medien zu missbrauchen. Aus der ehemaligen \u201eBundespr\u00fcfstelle f\u00fcr jugendgef\u00e4hrdende Schriften\u201c ist im digitalen Zeitalter l\u00e4ngst die \u201eBundeszentrale f\u00fcr Kinder- und Jugendmedienschutz\u201c geworden, die die Aufgabe hat, gegen jugendgef\u00e4hrdende Medien vorzugehen.<\/p>\t\t\t\t\t\t\t\t<\/div>\n\t\t\t\t<\/div>\n\t\t\t\t<div class=\"elementor-element elementor-element-fe41923 elementor-widget elementor-widget-spacer\" data-id=\"fe41923\" data-element_type=\"widget\" data-e-type=\"widget\" data-widget_type=\"spacer.default\">\n\t\t\t\t<div class=\"elementor-widget-container\">\n\t\t\t\t\t\t\t<div class=\"elementor-spacer\">\n\t\t\t<div class=\"elementor-spacer-inner\"><\/div>\n\t\t<\/div>\n\t\t\t\t\t\t<\/div>\n\t\t\t\t<\/div>\n\t\t\t\t<div class=\"elementor-element elementor-element-a68458e elementor-widget elementor-widget-heading\" data-id=\"a68458e\" data-element_type=\"widget\" data-e-type=\"widget\" data-widget_type=\"heading.default\">\n\t\t\t\t<div class=\"elementor-widget-container\">\n\t\t\t\t\t<h2 class=\"elementor-heading-title elementor-size-xl\">Hilfe im Dschungel digitaler Angebote<\/h2>\t\t\t\t<\/div>\n\t\t\t\t<\/div>\n\t\t\t\t<div class=\"elementor-element elementor-element-916dd25 elementor-widget elementor-widget-spacer\" data-id=\"916dd25\" data-element_type=\"widget\" data-e-type=\"widget\" data-widget_type=\"spacer.default\">\n\t\t\t\t<div class=\"elementor-widget-container\">\n\t\t\t\t\t\t\t<div class=\"elementor-spacer\">\n\t\t\t<div class=\"elementor-spacer-inner\"><\/div>\n\t\t<\/div>\n\t\t\t\t\t\t<\/div>\n\t\t\t\t<\/div>\n\t\t\t\t<div class=\"elementor-element elementor-element-548e2fb elementor-widget elementor-widget-text-editor\" data-id=\"548e2fb\" data-element_type=\"widget\" data-e-type=\"widget\" data-widget_type=\"text-editor.default\">\n\t\t\t\t<div class=\"elementor-widget-container\">\n\t\t\t\t\t\t\t\t\t<p>Doch selbst, wenn Angebote nicht gef\u00e4hrdend oder verboten sind, ist es f\u00fcr Eltern oft schwierig einzusch\u00e4tzen, welche Medien f\u00fcr ihre Kinder geeignet sind und wo Gefahren lauern. Aufkl\u00e4rung dazu gibt es bei vielen \u00f6ffentlichen und privaten Stellen. Medienp\u00e4dagog:innen besuchen heute bereits Kinderg\u00e4rten, um mit Eltern dar\u00fcber zu sprechen, ab welchem Alter und in welchem Umfang die Nutzung digitaler Medien sinnvoll ist. Bei kleineren Kindern haben P\u00e4dagog:innen und Eltern in der Regel noch vielf\u00e4ltige M\u00f6glichkeiten, die Nutzung zu steuern und zu beschr\u00e4nken. Anders sieht es aus, wenn die Kinder \u00e4lter werden und zunehmend Angebote nutzen, die den Eltern v\u00f6llig unbekannt sind.<\/p><p>Die \u00f6ffentlich gef\u00f6rderte <a href=\"https:\/\/www.schau-hin.info\/\"><strong>Initiative \u201eSCHAU HIN! &#8211; Was Dein Kind mit Medien macht\u201c<\/strong><\/a>\u00a0informiert auf ihrer Website, \u00fcber Newsletter und auf digitalen Elternabenden dar\u00fcber, welche Apps, Spiele und soziale Medien gerade im Trend sind, wie sie funktionieren und welche Risiken sie bergen k\u00f6nnen. Mit zunehmendem Alter schwindet allerdings der Einfluss der Eltern und die Frage, inwiefern Kinder und Jugendliche selbst bereits angemessen kritisch mit den Inhalten umgehen k\u00f6nnen, r\u00fcckt immer st\u00e4rker in den Vordergrund.<\/p><p>Dazu gibt es vergleichsweise wenige Erhebungen. Doch die JIM-Studien des Medienp\u00e4dagogischen Forschungsverbunds S\u00fcdwest geben einige Anhaltspunkte. In der <a href=\"https:\/\/www.mpfs.de\/studien\/jim-studie\/2021\/\"><strong>neuesten Erhebung von 2021<\/strong><\/a>\u00a0geben 72 Prozent der 12- bis 19-J\u00e4hrigen an, h\u00e4ufig mehr Zeit am Handy zu verbringen als geplant \u2013 sprich die Selbstkontrolle l\u00e4sst zu w\u00fcnschen \u00fcbrig. \u00dcber 20 Prozent f\u00fchlen sich von den vielen M\u00f6glichkeiten der sozialen Medien \u00fcberfordert. Lediglich ein Drittel der Jugendlichen ist f\u00fcr Datenschutzfragen im Zusammenhang mit Social Media sensibilisiert. Die Mehrheit ist davon \u00fcberzeugt, dass ihre Daten auf WhatsApp, TikTok, Instagram und Snapchat sicher sind.<\/p>\t\t\t\t\t\t\t\t<\/div>\n\t\t\t\t<\/div>\n\t\t\t\t<div class=\"elementor-element elementor-element-ded7de7 elementor-widget elementor-widget-spacer\" data-id=\"ded7de7\" data-element_type=\"widget\" data-e-type=\"widget\" data-widget_type=\"spacer.default\">\n\t\t\t\t<div class=\"elementor-widget-container\">\n\t\t\t\t\t\t\t<div class=\"elementor-spacer\">\n\t\t\t<div class=\"elementor-spacer-inner\"><\/div>\n\t\t<\/div>\n\t\t\t\t\t\t<\/div>\n\t\t\t\t<\/div>\n\t\t\t\t<div class=\"elementor-element elementor-element-890f495 elementor-widget elementor-widget-heading\" data-id=\"890f495\" data-element_type=\"widget\" data-e-type=\"widget\" data-widget_type=\"heading.default\">\n\t\t\t\t<div class=\"elementor-widget-container\">\n\t\t\t\t\t<h2 class=\"elementor-heading-title elementor-size-xl\">Erkennen ja \u2013 handeln nein<\/h2>\t\t\t\t<\/div>\n\t\t\t\t<\/div>\n\t\t\t\t<div class=\"elementor-element elementor-element-81ac70c elementor-widget elementor-widget-spacer\" data-id=\"81ac70c\" data-element_type=\"widget\" data-e-type=\"widget\" data-widget_type=\"spacer.default\">\n\t\t\t\t<div class=\"elementor-widget-container\">\n\t\t\t\t\t\t\t<div class=\"elementor-spacer\">\n\t\t\t<div class=\"elementor-spacer-inner\"><\/div>\n\t\t<\/div>\n\t\t\t\t\t\t<\/div>\n\t\t\t\t<\/div>\n\t\t\t\t<div class=\"elementor-element elementor-element-d9b11d2 elementor-widget elementor-widget-text-editor\" data-id=\"d9b11d2\" data-element_type=\"widget\" data-e-type=\"widget\" data-widget_type=\"text-editor.default\">\n\t\t\t\t<div class=\"elementor-widget-container\">\n\t\t\t\t\t\t\t\t\t<p>Anlass zum Nachdenken gibt auch eine <a href=\"https:\/\/www.mpfs.de\/studien\/jim-studie\/jimplus-2022\/\"><strong>aktuelle Zusatzergebung zum Thema Fake News und Hate Speech<\/strong><\/a>. Darin konnten nur 4 Prozent der Befragten zehn Aussagen korrekt in \u201erichtig\u201c und \u201efalsch\u201c einordnen. Zwar sto\u00dfen die Jugendlichen regelm\u00e4\u00dfig im Internet auf Fake News und nehmen diese auch als solche wahr, unternommen wird laut der Studie allerdings selten etwas dagegen. \u201eIgnorieren sei die verbeiteste Handlungsstrategie\u201c, hei\u00dft es dort. Um die 60 Prozent \u00fcberpr\u00fcfen allerdings h\u00e4ufig oder gelegentlich Fake News, auf die sie im Internet sto\u00dfen. Ob eine Nachricht stimmt oder nicht, wird vor allem daran gemessen, ob auch andere Quellen daru\u0308ber berichten. Jede\/-r Zweite fragt im Zweifel seine Eltern, ob fragwu\u0308rdige Inhalte stimmen ko\u0308nnen.<\/p><p>Ein \u00e4hnliches Bild zeigt sich bei Hass im Netz. Vor allem auf Instagram, TikTok, YouTube und WhatsApp nehmen Jugendliche Hate Speech wahr; in der Regel wird sie aber ignoriert. Jeder f\u00fcnfte gibt zu, bereits selbst schon einmal einen abwertenden oder beleidigenden Post abgesetzt zu haben. Trotz der Relevanz wurde laut der Studie bei einem Viertel der Jugendlichen das Thema Hate Speech bisher in der Schule nicht behandelt. \u201eAngesichts der hohen Alltagsrelevanz dieser Probleme zeigt die vertiefende Untersuchung einerseits die Bedeutung eines kompetenten Umgangs mit problematischen Inhalten im Netz sowie die Fo\u0308rderung von Medienkompetenz bei Jugendlichen und jungen Erwachsenen. Andererseits aber auch die Verantwortung der Anbieter, Meldestellen und altersgerechte Kommunikationsplattformen einzurichten und selbst aktiv gegen Fake News und Hassrede vorzugehen und deren Verbreitung einzuda\u0308mmen\u201c, lautet das Fazit der Studienmacher.<\/p>\t\t\t\t\t\t\t\t<\/div>\n\t\t\t\t<\/div>\n\t\t\t\t<div class=\"elementor-element elementor-element-237ef1f elementor-widget elementor-widget-spacer\" data-id=\"237ef1f\" data-element_type=\"widget\" data-e-type=\"widget\" data-widget_type=\"spacer.default\">\n\t\t\t\t<div class=\"elementor-widget-container\">\n\t\t\t\t\t\t\t<div class=\"elementor-spacer\">\n\t\t\t<div class=\"elementor-spacer-inner\"><\/div>\n\t\t<\/div>\n\t\t\t\t\t\t<\/div>\n\t\t\t\t<\/div>\n\t\t\t\t<div class=\"elementor-element elementor-element-a5bc6da elementor-widget elementor-widget-heading\" data-id=\"a5bc6da\" data-element_type=\"widget\" data-e-type=\"widget\" data-widget_type=\"heading.default\">\n\t\t\t\t<div class=\"elementor-widget-container\">\n\t\t\t\t\t<h2 class=\"elementor-heading-title elementor-size-xl\">Aufkl\u00e4rung an Schulen muss ausgebaut werden<\/h2>\t\t\t\t<\/div>\n\t\t\t\t<\/div>\n\t\t\t\t<div class=\"elementor-element elementor-element-df8ecec elementor-widget elementor-widget-spacer\" data-id=\"df8ecec\" data-element_type=\"widget\" data-e-type=\"widget\" data-widget_type=\"spacer.default\">\n\t\t\t\t<div class=\"elementor-widget-container\">\n\t\t\t\t\t\t\t<div class=\"elementor-spacer\">\n\t\t\t<div class=\"elementor-spacer-inner\"><\/div>\n\t\t<\/div>\n\t\t\t\t\t\t<\/div>\n\t\t\t\t<\/div>\n\t\t\t\t<div class=\"elementor-element elementor-element-32b1bf0 elementor-widget elementor-widget-text-editor\" data-id=\"32b1bf0\" data-element_type=\"widget\" data-e-type=\"widget\" data-widget_type=\"text-editor.default\">\n\t\t\t\t<div class=\"elementor-widget-container\">\n\t\t\t\t\t\t\t\t\t<p>Dass digitale Kompetenzen st\u00e4rker in den Schulen vermittelt werden muss, hat die Kultusministerkonferenz der L\u00e4nder bereits 2016 mit der Strategie <a href=\"https:\/\/www.kmk.org\/fileadmin\/Dateien\/veroeffentlichungen_beschluesse\/2018\/Strategie_Bildung_in_der_digitalen_Welt_idF._vom_07.12.2017.pdf\"><strong>\u201eBildung in der digitalen Welt\u201c<\/strong><\/a>\u00a0festgeschrieben. Auch das kritische Reflektieren soll demnach integraler Bestandteil des Bildungsauftrags sein. Damit wurden die Schulen verpflichtet, Medienbildungskonzepte zu erarbeiten. Fortbildungen wurden entwickelt und zahlreiche \u00f6ffentliche und private Plattformen stellen Unterrichtsmaterial f\u00fcr Lehrkr\u00e4fte zur Verf\u00fcgung. Als Schulfach hat sich Medienkompetenz aber bisher nicht durchgesetzt. \u201eIch sehe es auf der einen Seite schon richtig, dass hier auch ein Fach gefordert wird, aber ich finde es eigentlich noch viel wichtiger, dass wir diese Kompetenzvermittlung in jedes Unterrichtsfach einbauen\u201c, sagte Tobias Frischholz, medienp\u00e4dagogischer Berater f\u00fcr digitale Bildung und Leiter des Medienzentrums in Dachau, 2020 im Gespr\u00e4ch mit dem <a href=\"https:\/\/www.deutschlandfunk.de\/medienkompetenz-in-der-schule-das-sollte-jedem-fach-als-100.html#:~:text=Tobias%20Frischholz%3A%20Ich%20sehe%20es,Kompetenzvermittlung%20in%20jedes%20Unterrichtsfach%20einbauen\"><strong>Deutschlandfunk<\/strong><\/a>. \u201eDa braucht es nat\u00fcrlich auch einiges an Fortbildung f\u00fcr die Lehrkr\u00e4fte, aber wir m\u00fcssen mit den Medien, die zum Alltag der Sch\u00fclerinnen und Sch\u00fcler geh\u00f6ren, im Unterricht arbeiten, und dann vermitteln wir damit auch gleichzeitig Medienkompetenz, verantwortungsbewusstes Handeln damit und auch eine gewisse Medienkritik.\u201c<\/p><p>\u201eWir merken, dass die Lehrer sich manchmal gar nicht an diesen Stoff herantrauen\u201c, sagte dazu <a href=\"https:\/\/www.deutschlandfunk.de\/digitale-analphabeten-warum-schueler-in-deutschland-auf-100.html\"><strong>Juliane von Reppert-Bismarck, Journalistin und Gr\u00fcnderin des Schulprojektes \u201eLie detectors\u201c<\/strong><\/a>, ebenfalls gegen\u00fcber dem Deutschlandfunk. Die Organisation will digitale Desinformation bek\u00e4mpfen und bietet unter anderem Klassenbesuche, Fortbildungen f\u00fcr Lehrkr\u00e4fte und weitere Veranstaltungen an. Ziel ist es, ehrliche Gespr\u00e4che zwischen der Zivilgesellschaft (Sch\u00fcler, Lehrer, Eltern) und Journalisten zu erm\u00f6glichen und die bestehende europ\u00e4ische Medienkompetenzinitiativen besser zu vernetzen und die besten Ans\u00e4tze f\u00fcr den Unterricht nutzbar zu machen.<\/p><p>W\u00e4hrend die politischen Grundlagen also geschaffen sind, ist die Umsetzung der Medienbildung an den Schulen noch in vollem Gange. Einig sind sich alle Experten, dass es sich dabei aber um eine gesamtgesellschaftliche Aufgabe handelt. Das hei\u00dft, Schulen, Verb\u00e4nde aber eben auch Eltern und Familien m\u00fcssen an einem Strang ziehen und dazu \u00fcber die n\u00f6tige Unterst\u00fctzung verf\u00fcgen.<\/p>\t\t\t\t\t\t\t\t<\/div>\n\t\t\t\t<\/div>\n\t\t\t\t\t<\/div>\n\t\t<\/div>\n\t\t\t\t\t<\/div>\n\t\t<\/section>\n\t\t\t\t<\/div>\n\t\t","protected":false},"excerpt":{"rendered":"<p>Kinder wachsen heute ganz selbstverst\u00e4ndlich mit digitalen Medien auf. Das birgt Chancen und Gefahren. Auf der einen Seite m\u00fcssen sie gesch\u00fctzt werden; auf der anderen Seite steht ihnen das Berufsleben und die Welt nur dann offen, wenn sie im Umgang mit Computer, Internet und Co. versiert sind. <\/p>\n","protected":false},"author":5,"featured_media":10842,"comment_status":"open","ping_status":"open","sticky":false,"template":"","format":"standard","meta":{"footnotes":""},"categories":[70],"tags":[],"class_list":["post-10840","post","type-post","status-publish","format-standard","has-post-thumbnail","hentry","category-bildung"],"yoast_head":"<!-- This site is optimized with the Yoast SEO plugin v27.5 - https:\/\/yoast.com\/product\/yoast-seo-wordpress\/ -->\n<title>Medienkompetenz \u2013 wo steht die junge Generation heute? - Digitales B\u00fcrgernetz<\/title>\n<meta name=\"description\" content=\"Die junge Generation w\u00e4chst mit digitalen Medien auf. Wie wird daf\u00fcr gesorgt, dass sie damit richtig und verantwortungsvoll umgehen?\" \/>\n<meta name=\"robots\" content=\"index, follow, max-snippet:-1, max-image-preview:large, max-video-preview:-1\" \/>\n<link rel=\"canonical\" href=\"https:\/\/www.deutsche-glasfaser.de\/blog\/wie-digital-kompetent-sind-unsere-kinder\/\" \/>\n<meta property=\"og:locale\" content=\"de_DE\" \/>\n<meta property=\"og:type\" content=\"article\" \/>\n<meta property=\"og:title\" content=\"Medienkompetenz \u2013 wo steht die junge Generation heute? - Digitales B\u00fcrgernetz\" \/>\n<meta property=\"og:description\" content=\"Die junge Generation w\u00e4chst mit digitalen Medien auf. Wie wird daf\u00fcr gesorgt, dass sie damit richtig und verantwortungsvoll umgehen?\" \/>\n<meta property=\"og:url\" content=\"https:\/\/www.deutsche-glasfaser.de\/blog\/wie-digital-kompetent-sind-unsere-kinder\/\" \/>\n<meta property=\"og:site_name\" content=\"Digitales B\u00fcrgernetz\" \/>\n<meta property=\"article:published_time\" content=\"2022-11-04T10:30:02+00:00\" \/>\n<meta property=\"article:modified_time\" content=\"2022-11-23T09:22:36+00:00\" \/>\n<meta property=\"og:image\" content=\"https:\/\/www.deutsche-glasfaser.de\/blog\/wp-content\/uploads\/2022\/11\/TITELBILD_stem-t4l-PnSpCHYKsw-unsplash-scaled.jpg\" \/>\n\t<meta property=\"og:image:width\" content=\"2560\" \/>\n\t<meta property=\"og:image:height\" content=\"1709\" \/>\n\t<meta property=\"og:image:type\" content=\"image\/jpeg\" \/>\n<meta name=\"author\" content=\"Deutsche Glasfaser\" \/>\n<meta name=\"twitter:card\" content=\"summary_large_image\" \/>\n<meta name=\"twitter:label1\" content=\"Verfasst von\" \/>\n\t<meta name=\"twitter:data1\" content=\"Deutsche Glasfaser\" \/>\n\t<meta name=\"twitter:label2\" content=\"Gesch\u00e4tzte Lesezeit\" \/>\n\t<meta name=\"twitter:data2\" content=\"9\u00a0Minuten\" \/>\n<script type=\"application\/ld+json\" class=\"yoast-schema-graph\">{\"@context\":\"https:\\\/\\\/schema.org\",\"@graph\":[{\"@type\":\"Article\",\"@id\":\"https:\\\/\\\/www.deutsche-glasfaser.de\\\/blog\\\/wie-digital-kompetent-sind-unsere-kinder\\\/#article\",\"isPartOf\":{\"@id\":\"https:\\\/\\\/www.deutsche-glasfaser.de\\\/blog\\\/wie-digital-kompetent-sind-unsere-kinder\\\/\"},\"author\":{\"name\":\"Deutsche Glasfaser\",\"@id\":\"https:\\\/\\\/www.deutsche-glasfaser.de\\\/blog\\\/#\\\/schema\\\/person\\\/9380a6dc7443d77143d0c66c409f574b\"},\"headline\":\"Wie digital kompetent sind unsere Kinder?\",\"datePublished\":\"2022-11-04T10:30:02+00:00\",\"dateModified\":\"2022-11-23T09:22:36+00:00\",\"mainEntityOfPage\":{\"@id\":\"https:\\\/\\\/www.deutsche-glasfaser.de\\\/blog\\\/wie-digital-kompetent-sind-unsere-kinder\\\/\"},\"wordCount\":1716,\"commentCount\":0,\"publisher\":{\"@id\":\"https:\\\/\\\/www.deutsche-glasfaser.de\\\/blog\\\/#organization\"},\"image\":{\"@id\":\"https:\\\/\\\/www.deutsche-glasfaser.de\\\/blog\\\/wie-digital-kompetent-sind-unsere-kinder\\\/#primaryimage\"},\"thumbnailUrl\":\"https:\\\/\\\/www.deutsche-glasfaser.de\\\/blog\\\/wp-content\\\/uploads\\\/2022\\\/11\\\/TITELBILD_stem-t4l-PnSpCHYKsw-unsplash-scaled.jpg\",\"articleSection\":[\"#Bildung\"],\"inLanguage\":\"de\",\"potentialAction\":[{\"@type\":\"CommentAction\",\"name\":\"Comment\",\"target\":[\"https:\\\/\\\/www.deutsche-glasfaser.de\\\/blog\\\/wie-digital-kompetent-sind-unsere-kinder\\\/#respond\"]}]},{\"@type\":\"WebPage\",\"@id\":\"https:\\\/\\\/www.deutsche-glasfaser.de\\\/blog\\\/wie-digital-kompetent-sind-unsere-kinder\\\/\",\"url\":\"https:\\\/\\\/www.deutsche-glasfaser.de\\\/blog\\\/wie-digital-kompetent-sind-unsere-kinder\\\/\",\"name\":\"Medienkompetenz \u2013 wo steht die junge Generation heute? - Digitales B\u00fcrgernetz\",\"isPartOf\":{\"@id\":\"https:\\\/\\\/www.deutsche-glasfaser.de\\\/blog\\\/#website\"},\"primaryImageOfPage\":{\"@id\":\"https:\\\/\\\/www.deutsche-glasfaser.de\\\/blog\\\/wie-digital-kompetent-sind-unsere-kinder\\\/#primaryimage\"},\"image\":{\"@id\":\"https:\\\/\\\/www.deutsche-glasfaser.de\\\/blog\\\/wie-digital-kompetent-sind-unsere-kinder\\\/#primaryimage\"},\"thumbnailUrl\":\"https:\\\/\\\/www.deutsche-glasfaser.de\\\/blog\\\/wp-content\\\/uploads\\\/2022\\\/11\\\/TITELBILD_stem-t4l-PnSpCHYKsw-unsplash-scaled.jpg\",\"datePublished\":\"2022-11-04T10:30:02+00:00\",\"dateModified\":\"2022-11-23T09:22:36+00:00\",\"description\":\"Die junge Generation w\u00e4chst mit digitalen Medien auf. Wie wird daf\u00fcr gesorgt, dass sie damit richtig und verantwortungsvoll umgehen?\",\"inLanguage\":\"de\",\"potentialAction\":[{\"@type\":\"ReadAction\",\"target\":[\"https:\\\/\\\/www.deutsche-glasfaser.de\\\/blog\\\/wie-digital-kompetent-sind-unsere-kinder\\\/\"]}]},{\"@type\":\"ImageObject\",\"inLanguage\":\"de\",\"@id\":\"https:\\\/\\\/www.deutsche-glasfaser.de\\\/blog\\\/wie-digital-kompetent-sind-unsere-kinder\\\/#primaryimage\",\"url\":\"https:\\\/\\\/www.deutsche-glasfaser.de\\\/blog\\\/wp-content\\\/uploads\\\/2022\\\/11\\\/TITELBILD_stem-t4l-PnSpCHYKsw-unsplash-scaled.jpg\",\"contentUrl\":\"https:\\\/\\\/www.deutsche-glasfaser.de\\\/blog\\\/wp-content\\\/uploads\\\/2022\\\/11\\\/TITELBILD_stem-t4l-PnSpCHYKsw-unsplash-scaled.jpg\",\"width\":2560,\"height\":1709,\"caption\":\"Fr\u00fch \u00fcbt sich: Der sachgem\u00e4\u00dfe, kritische und umsichtige Umgang mit digitalen Medien muss ge\u00fcbt und kontrolliert werden. \u00a9 stem.T4L | Unsplash\"},{\"@type\":\"WebSite\",\"@id\":\"https:\\\/\\\/www.deutsche-glasfaser.de\\\/blog\\\/#website\",\"url\":\"https:\\\/\\\/www.deutsche-glasfaser.de\\\/blog\\\/\",\"name\":\"Digitales B\u00fcrgernetz\",\"description\":\"Deutsche Glasfaser Blog\",\"publisher\":{\"@id\":\"https:\\\/\\\/www.deutsche-glasfaser.de\\\/blog\\\/#organization\"},\"potentialAction\":[{\"@type\":\"SearchAction\",\"target\":{\"@type\":\"EntryPoint\",\"urlTemplate\":\"https:\\\/\\\/www.deutsche-glasfaser.de\\\/blog\\\/?s={search_term_string}\"},\"query-input\":{\"@type\":\"PropertyValueSpecification\",\"valueRequired\":true,\"valueName\":\"search_term_string\"}}],\"inLanguage\":\"de\"},{\"@type\":\"Organization\",\"@id\":\"https:\\\/\\\/www.deutsche-glasfaser.de\\\/blog\\\/#organization\",\"name\":\"Digitales B\u00fcrgernetz\",\"url\":\"https:\\\/\\\/www.deutsche-glasfaser.de\\\/blog\\\/\",\"logo\":{\"@type\":\"ImageObject\",\"inLanguage\":\"de\",\"@id\":\"https:\\\/\\\/www.deutsche-glasfaser.de\\\/blog\\\/#\\\/schema\\\/logo\\\/image\\\/\",\"url\":\"https:\\\/\\\/www.deutsche-glasfaser.de\\\/blog\\\/wp-content\\\/uploads\\\/2021\\\/08\\\/DGF_Logo_Basis_RGB-Large@2x.png\",\"contentUrl\":\"https:\\\/\\\/www.deutsche-glasfaser.de\\\/blog\\\/wp-content\\\/uploads\\\/2021\\\/08\\\/DGF_Logo_Basis_RGB-Large@2x.png\",\"width\":312,\"height\":104,\"caption\":\"Digitales B\u00fcrgernetz\"},\"image\":{\"@id\":\"https:\\\/\\\/www.deutsche-glasfaser.de\\\/blog\\\/#\\\/schema\\\/logo\\\/image\\\/\"}},{\"@type\":\"Person\",\"@id\":\"https:\\\/\\\/www.deutsche-glasfaser.de\\\/blog\\\/#\\\/schema\\\/person\\\/9380a6dc7443d77143d0c66c409f574b\",\"name\":\"Deutsche Glasfaser\"}]}<\/script>\n<!-- \/ Yoast SEO plugin. -->","yoast_head_json":{"title":"Medienkompetenz \u2013 wo steht die junge Generation heute? - Digitales B\u00fcrgernetz","description":"Die junge Generation w\u00e4chst mit digitalen Medien auf. Wie wird daf\u00fcr gesorgt, dass sie damit richtig und verantwortungsvoll umgehen?","robots":{"index":"index","follow":"follow","max-snippet":"max-snippet:-1","max-image-preview":"max-image-preview:large","max-video-preview":"max-video-preview:-1"},"canonical":"https:\/\/www.deutsche-glasfaser.de\/blog\/wie-digital-kompetent-sind-unsere-kinder\/","og_locale":"de_DE","og_type":"article","og_title":"Medienkompetenz \u2013 wo steht die junge Generation heute? - Digitales B\u00fcrgernetz","og_description":"Die junge Generation w\u00e4chst mit digitalen Medien auf. Wie wird daf\u00fcr gesorgt, dass sie damit richtig und verantwortungsvoll umgehen?","og_url":"https:\/\/www.deutsche-glasfaser.de\/blog\/wie-digital-kompetent-sind-unsere-kinder\/","og_site_name":"Digitales B\u00fcrgernetz","article_published_time":"2022-11-04T10:30:02+00:00","article_modified_time":"2022-11-23T09:22:36+00:00","og_image":[{"width":2560,"height":1709,"url":"https:\/\/www.deutsche-glasfaser.de\/blog\/wp-content\/uploads\/2022\/11\/TITELBILD_stem-t4l-PnSpCHYKsw-unsplash-scaled.jpg","type":"image\/jpeg"}],"author":"Deutsche Glasfaser","twitter_card":"summary_large_image","twitter_misc":{"Verfasst von":"Deutsche Glasfaser","Gesch\u00e4tzte Lesezeit":"9\u00a0Minuten"},"schema":{"@context":"https:\/\/schema.org","@graph":[{"@type":"Article","@id":"https:\/\/www.deutsche-glasfaser.de\/blog\/wie-digital-kompetent-sind-unsere-kinder\/#article","isPartOf":{"@id":"https:\/\/www.deutsche-glasfaser.de\/blog\/wie-digital-kompetent-sind-unsere-kinder\/"},"author":{"name":"Deutsche Glasfaser","@id":"https:\/\/www.deutsche-glasfaser.de\/blog\/#\/schema\/person\/9380a6dc7443d77143d0c66c409f574b"},"headline":"Wie digital kompetent sind unsere Kinder?","datePublished":"2022-11-04T10:30:02+00:00","dateModified":"2022-11-23T09:22:36+00:00","mainEntityOfPage":{"@id":"https:\/\/www.deutsche-glasfaser.de\/blog\/wie-digital-kompetent-sind-unsere-kinder\/"},"wordCount":1716,"commentCount":0,"publisher":{"@id":"https:\/\/www.deutsche-glasfaser.de\/blog\/#organization"},"image":{"@id":"https:\/\/www.deutsche-glasfaser.de\/blog\/wie-digital-kompetent-sind-unsere-kinder\/#primaryimage"},"thumbnailUrl":"https:\/\/www.deutsche-glasfaser.de\/blog\/wp-content\/uploads\/2022\/11\/TITELBILD_stem-t4l-PnSpCHYKsw-unsplash-scaled.jpg","articleSection":["#Bildung"],"inLanguage":"de","potentialAction":[{"@type":"CommentAction","name":"Comment","target":["https:\/\/www.deutsche-glasfaser.de\/blog\/wie-digital-kompetent-sind-unsere-kinder\/#respond"]}]},{"@type":"WebPage","@id":"https:\/\/www.deutsche-glasfaser.de\/blog\/wie-digital-kompetent-sind-unsere-kinder\/","url":"https:\/\/www.deutsche-glasfaser.de\/blog\/wie-digital-kompetent-sind-unsere-kinder\/","name":"Medienkompetenz \u2013 wo steht die junge Generation heute? - Digitales B\u00fcrgernetz","isPartOf":{"@id":"https:\/\/www.deutsche-glasfaser.de\/blog\/#website"},"primaryImageOfPage":{"@id":"https:\/\/www.deutsche-glasfaser.de\/blog\/wie-digital-kompetent-sind-unsere-kinder\/#primaryimage"},"image":{"@id":"https:\/\/www.deutsche-glasfaser.de\/blog\/wie-digital-kompetent-sind-unsere-kinder\/#primaryimage"},"thumbnailUrl":"https:\/\/www.deutsche-glasfaser.de\/blog\/wp-content\/uploads\/2022\/11\/TITELBILD_stem-t4l-PnSpCHYKsw-unsplash-scaled.jpg","datePublished":"2022-11-04T10:30:02+00:00","dateModified":"2022-11-23T09:22:36+00:00","description":"Die junge Generation w\u00e4chst mit digitalen Medien auf. Wie wird daf\u00fcr gesorgt, dass sie damit richtig und verantwortungsvoll umgehen?","inLanguage":"de","potentialAction":[{"@type":"ReadAction","target":["https:\/\/www.deutsche-glasfaser.de\/blog\/wie-digital-kompetent-sind-unsere-kinder\/"]}]},{"@type":"ImageObject","inLanguage":"de","@id":"https:\/\/www.deutsche-glasfaser.de\/blog\/wie-digital-kompetent-sind-unsere-kinder\/#primaryimage","url":"https:\/\/www.deutsche-glasfaser.de\/blog\/wp-content\/uploads\/2022\/11\/TITELBILD_stem-t4l-PnSpCHYKsw-unsplash-scaled.jpg","contentUrl":"https:\/\/www.deutsche-glasfaser.de\/blog\/wp-content\/uploads\/2022\/11\/TITELBILD_stem-t4l-PnSpCHYKsw-unsplash-scaled.jpg","width":2560,"height":1709,"caption":"Fr\u00fch \u00fcbt sich: Der sachgem\u00e4\u00dfe, kritische und umsichtige Umgang mit digitalen Medien muss ge\u00fcbt und kontrolliert werden. \u00a9 stem.T4L | Unsplash"},{"@type":"WebSite","@id":"https:\/\/www.deutsche-glasfaser.de\/blog\/#website","url":"https:\/\/www.deutsche-glasfaser.de\/blog\/","name":"Digitales B\u00fcrgernetz","description":"Deutsche Glasfaser Blog","publisher":{"@id":"https:\/\/www.deutsche-glasfaser.de\/blog\/#organization"},"potentialAction":[{"@type":"SearchAction","target":{"@type":"EntryPoint","urlTemplate":"https:\/\/www.deutsche-glasfaser.de\/blog\/?s={search_term_string}"},"query-input":{"@type":"PropertyValueSpecification","valueRequired":true,"valueName":"search_term_string"}}],"inLanguage":"de"},{"@type":"Organization","@id":"https:\/\/www.deutsche-glasfaser.de\/blog\/#organization","name":"Digitales B\u00fcrgernetz","url":"https:\/\/www.deutsche-glasfaser.de\/blog\/","logo":{"@type":"ImageObject","inLanguage":"de","@id":"https:\/\/www.deutsche-glasfaser.de\/blog\/#\/schema\/logo\/image\/","url":"https:\/\/www.deutsche-glasfaser.de\/blog\/wp-content\/uploads\/2021\/08\/DGF_Logo_Basis_RGB-Large@2x.png","contentUrl":"https:\/\/www.deutsche-glasfaser.de\/blog\/wp-content\/uploads\/2021\/08\/DGF_Logo_Basis_RGB-Large@2x.png","width":312,"height":104,"caption":"Digitales B\u00fcrgernetz"},"image":{"@id":"https:\/\/www.deutsche-glasfaser.de\/blog\/#\/schema\/logo\/image\/"}},{"@type":"Person","@id":"https:\/\/www.deutsche-glasfaser.de\/blog\/#\/schema\/person\/9380a6dc7443d77143d0c66c409f574b","name":"Deutsche Glasfaser"}]}},"_links":{"self":[{"href":"https:\/\/www.deutsche-glasfaser.de\/blog\/wp-json\/wp\/v2\/posts\/10840","targetHints":{"allow":["GET"]}}],"collection":[{"href":"https:\/\/www.deutsche-glasfaser.de\/blog\/wp-json\/wp\/v2\/posts"}],"about":[{"href":"https:\/\/www.deutsche-glasfaser.de\/blog\/wp-json\/wp\/v2\/types\/post"}],"author":[{"embeddable":true,"href":"https:\/\/www.deutsche-glasfaser.de\/blog\/wp-json\/wp\/v2\/users\/5"}],"replies":[{"embeddable":true,"href":"https:\/\/www.deutsche-glasfaser.de\/blog\/wp-json\/wp\/v2\/comments?post=10840"}],"version-history":[{"count":24,"href":"https:\/\/www.deutsche-glasfaser.de\/blog\/wp-json\/wp\/v2\/posts\/10840\/revisions"}],"predecessor-version":[{"id":10866,"href":"https:\/\/www.deutsche-glasfaser.de\/blog\/wp-json\/wp\/v2\/posts\/10840\/revisions\/10866"}],"wp:featuredmedia":[{"embeddable":true,"href":"https:\/\/www.deutsche-glasfaser.de\/blog\/wp-json\/wp\/v2\/media\/10842"}],"wp:attachment":[{"href":"https:\/\/www.deutsche-glasfaser.de\/blog\/wp-json\/wp\/v2\/media?parent=10840"}],"wp:term":[{"taxonomy":"category","embeddable":true,"href":"https:\/\/www.deutsche-glasfaser.de\/blog\/wp-json\/wp\/v2\/categories?post=10840"},{"taxonomy":"post_tag","embeddable":true,"href":"https:\/\/www.deutsche-glasfaser.de\/blog\/wp-json\/wp\/v2\/tags?post=10840"}],"curies":[{"name":"wp","href":"https:\/\/api.w.org\/{rel}","templated":true}]}}