{"id":10815,"date":"2022-11-02T11:42:58","date_gmt":"2022-11-02T10:42:58","guid":{"rendered":"https:\/\/www.deutsche-glasfaser.de\/blog\/?p=10815"},"modified":"2025-12-11T13:06:24","modified_gmt":"2025-12-11T12:06:24","slug":"ok-google-was-sind-sprachassistenten","status":"publish","type":"post","link":"https:\/\/www.deutsche-glasfaser.de\/blog\/ok-google-was-sind-sprachassistenten\/","title":{"rendered":"\u201eOK Google, was sind Sprachassistenten?\u201c"},"content":{"rendered":"\n<p>Alexa, Siri, Cortana, Google Assistant oder Bixby \u2013 mit unseren Smartphones oder Elektroger\u00e4ten per Sprachbefehl zu kommunizieren ist inzwischen Alltag geworden und wird uns auch in Zukunft weiter begleiten. Sprachassistenten nehmen uns Aufgaben ab, erinnern uns an Termine oder verwalten f\u00fcr uns den Einkaufszettel. Doch wie kam es eigentlich dazu, dass uns eine digitale Stimme aus dem Off im Alltag hilft?<\/p>\n\n\n\n<hr class=\"wp-block-separator has-alpha-channel-opacity\"\/>\n\n\n\n<p style=\"font-size: 24px\">Inhaltsverzeichnis<\/p>\n<p><a href=\"#Siri\" style=\"color: black; font-weight: bold;\">1. Informationen auf Zuruf: \u201eSiri, wann wurdest du erfunden?\u201c<\/a><\/p>\n<p><a href=\"#Sprachassistenten\" style=\"color: black; font-weight: bold;\">2. Wer hat den Sprachassistenten erfunden?<\/a><\/p>\n<p><a href=\"#K\u00f6nnen-Sprachassistenten\" style=\"color: black; font-weight: bold;\">3. Was k\u00f6nnen die Sprachassistenten?<\/a><\/p>\n<p><a href=\"#Zukunft\" style=\"color: black; font-weight: bold;\">4. Was werden Sprachassistenten in Zukunft k\u00f6nnen?<\/a><\/p>\n\n\n\n<hr class=\"wp-block-separator has-alpha-channel-opacity\"\/>\n\n\n\n<div style=\"height:48px\" aria-hidden=\"true\" class=\"wp-block-spacer\"><\/div>\n\n\n\n<h2 class=\"wp-block-heading\" id=\"Siri\">Informationen auf Zuruf: \u201eSiri, wann wurdest du erfunden?\u201c<\/h2>\n\n\n\n<p>\u201eNa ja, ich entstand allm\u00e4hlich. Aber mein erster Arbeitstag war der 4. Oktober 2011.\u201c \u2013 diese Antwort erh\u00e4lt man von dem Assistenzsystem, das eine neue \u00c4ra auf dem <strong>Smartphone-Markt einl\u00e4utete: Siri<\/strong>. Apple legte in Sachen Sprachsteuerung vor, andere zogen nach. Drei Jahre sp\u00e4ter, im Jahr 2014, brachten Windows und Amazon ihre eigenen Sprachassistenten namens <strong>Cortana und Alexa<\/strong> auf den Markt.<\/p>\n\n\n\n<p>Anschlie\u00dfend folgte 2016 Google mit dem <strong>Google Assistant<\/strong> und im Jahr darauf <strong>Samsung mit Bixby<\/strong>. Huawei brachte als Schlusslicht im Jahr 2020 den Assistenten Celia an Bord der hauseigenen Smartphones. Am h\u00e4ufigsten von ihnen genutzt wird aber der Google Assistant \u2013 er besitzt rund eine <strong>halbe Milliarde monatliche Nutzer<\/strong> und l\u00e4sst sich nicht nur f\u00fcr die Websuche, sondern beispielsweise auch zur Steuerung des Smart Homes nutzen.<\/p>\n\n\n<div class=\"wp-block-image\">\n<figure class=\"aligncenter is-resized\"><img decoding=\"async\" src=\"https:\/\/www.deutsche-glasfaser.de\/blog\/wp-content\/uploads\/2022\/11\/sprachassistent_1-768x512.jpg\" alt=\"\" style=\"width:662px\"\/><\/figure>\n<\/div>\n\n\n<div style=\"height:48px\" aria-hidden=\"true\" class=\"wp-block-spacer\"><\/div>\n\n\n\n<h2 class=\"wp-block-heading\" id=\"Sprachassistenten\">Wer hat den Sprachassistenten erfunden?<\/h2>\n\n\n\n<p>Wer intuitiv an Google, Amazon oder Apple denkt, liegt in diesem Fall leider daneben. Zwar war Apple das Unternehmen, das Sprachassistenten erstmals in Smartphones eingebunden und somit einer breiten Masse zug\u00e4ngig gemacht hat, die Firma hat das Prinzip hinter den Assistenten aber nicht erfunden.<\/p>\n\n\n\n<p>Die ersten Prototypen intelligenter Sprachassistenten entstanden n\u00e4mlich schon in den <strong>1960er Jahren<\/strong>. Damals stellte <strong>IBM<\/strong> ein Ger\u00e4t mit dem Namen \u201eShoebox\u201c vor, das zehn gesprochene Zahlen und 16 verschiedene W\u00f6rter erkennen konnte. Zugegeben: Zu dem Zeitpunkt steckte die Erfindung noch in den Kinderschuhen, war aber ein gro\u00dfer technologischer Fortschritt. In den 70er Jahren konnte das Programm <strong>\u201eHarpy\u201c dann bereits 1.000 W\u00f6rter<\/strong> verstehen \u2013 also etwa den Umfang des Wortschatzes eines dreij\u00e4hrigen Kindes.<\/p>\n\n\n\n<p>Heutzutage sind Assistenten wie Alexa und Siri deutlich wortgewandter, werden stets von ihren Anbietern weiterentwickelt und kontinuierlich <strong>mit neuen Funktionen ausgestattet<\/strong>. Sie suchen sich die Antworten auf Fragen aus dem eigenen Antworten-Pool oder bedienen sich an den <a href=\"https:\/\/www.deutsche-glasfaser.de\/blog\/mehr-wissen-durch-online-bildung\/\" target=\"_blank\" rel=\"noopener\">grenzenlosen Daten des World Wide Webs.<\/a><\/p>\n\n\n\n<div style=\"height:48px\" aria-hidden=\"true\" class=\"wp-block-spacer\"><\/div>\n\n\n\n<h2 class=\"wp-block-heading\" id=\"K\u00f6nnen-Sprachassistenten\">Was k\u00f6nnen die Sprachassistenten?<\/h2>\n\n\n\n<p>Sprachassistenten fungieren inzwischen als schnelle M\u00f6glichkeit, <strong>Aufgaben zu erledigen oder Infos einzuholen<\/strong>. Ob man nun das Licht ausmachen m\u00f6chte, ohne daf\u00fcr aufstehen zu m\u00fcssen oder schnellstm\u00f6glich eine Antwort auf eine Frage finden will, die einen brennend interessiert: Alexa und Co. stehen als Alltagshelfer jeder Zeit parat. Gerade die \u00dcbernahme von kleinen Alltagsaufgaben erweist sich f\u00fcr Personen, die in ihrer Mobilit\u00e4t eingeschr\u00e4nkt sind, als gro\u00dfer Nutzen.<\/p>\n\n\n\n<p>Auch f\u00fcr die <strong>eigene Organisation<\/strong> k\u00f6nnen die digitalen Assistenten hilfreich sein \u2013 sie erinnern auf Wunsch an Termine, Kalendereintr\u00e4ge oder sonstige Ereignisse. Per Sprachbefehl k\u00f6nnen sie Nachrichten an die im Smartphone abgespeicherten Kontakte schicken oder Anrufe t\u00e4tigen.<\/p>\n\n\n\n<p>Sie sind au\u00dferdem schon lange nicht mehr nur in Smartphones oder Tablets vertreten \u2013 auch Laptops, Fernseher, Autos und teilweise sogar Haushaltsger\u00e4te k\u00f6nnen auf Zuruf gesteuert werden. Ganze H\u00e4user lassen sich inzwischen mithilfe von <strong>sprachgesteuerten Smart Home Systemen<\/strong> bedienen und der Funktionsumfang w\u00e4chst kontinuierlich weiter.<\/p>\n\n\n\n<p>Zudem haben diverse Anbieter smarte Lautsprecher im Angebot, sodass Sie die Sprachsteuerung in jedem Raum nutzen und weitere Ger\u00e4te einbinden k\u00f6nnen. Nicht immer ist dabei sofort ersichtlich, welcher Produktname das Ger\u00e4t und welcher den Sprachassistenten bezeichnet. Wir zeigen es Ihnen.<\/p>\n\n\n\n<div style=\"height:48px\" aria-hidden=\"true\" class=\"wp-block-spacer\"><\/div>\n\n\n\n<h3 class=\"wp-block-heading\" id=\"Bekanntesten-Sprachassistenten\">Die bekanntesten Sprachassistenten und zugeh\u00f6rige Lautsprecher:<\/h3>\n\n\n\n<div style=\"height:30px\" aria-hidden=\"true\" class=\"wp-block-spacer\"><\/div>\n\n\n\n<p><strong>Amazon<\/strong><\/p>\n\n\n\n<ul class=\"wp-block-list\">\n<li>Alexa<\/li>\n\n\n\n<li>Echo Dot, Echo Studio, Echo Show<\/li>\n<\/ul>\n\n\n\n<div style=\"height:30px\" aria-hidden=\"true\" class=\"wp-block-spacer\"><\/div>\n\n\n\n<p><strong>Google<\/strong><\/p>\n\n\n\n<ul class=\"wp-block-list\">\n<li>Google Assistant<\/li>\n\n\n\n<li>Nest Audio, Nest Mini<\/li>\n<\/ul>\n\n\n\n<div style=\"height:30px\" aria-hidden=\"true\" class=\"wp-block-spacer\"><\/div>\n\n\n\n<p><strong>Apple<\/strong><\/p>\n\n\n\n<ul class=\"wp-block-list\">\n<li>Siri<\/li>\n\n\n\n<li>Homepod, Homepod Mini<\/li>\n<\/ul>\n\n\n\n<div style=\"height:30px\" aria-hidden=\"true\" class=\"wp-block-spacer\"><\/div>\n\n\n\n<p>Sind die Ger\u00e4te erst einmal mit dem Sprachassistenten verbunden, l\u00e4sst sich so gut wie alles steuern: <strong>von Sprinkleranlagen \u00fcber Rolll\u00e4den bis hin zur Alarmanlage.<\/strong> Voraussetzung daf\u00fcr ist jedoch eine intakte WLAN-Verbindung, denn ohne eine drahtlose Verbindung k\u00f6nnen die Sprachassistenten nicht mit den Ger\u00e4ten im Haus kommunizieren.<\/p>\n\n\n\n<p><strong>\u00dcbrigens: <\/strong>Sowohl Apple als auch Google haben noch einmal eigene Bezeichnungen f\u00fcr ihre Smart-Home-Systeme als Ganzes \u2013 Apple HomeKit und Google Home. Dabei handelt es sich also nicht um spezielle Ger\u00e4te, sondern vielmehr die dahinterstehende Verbindungstechnologie.<\/p>\n\n\n\n<div style=\"height:48px\" aria-hidden=\"true\" class=\"wp-block-spacer\"><\/div>\n\n\n\n<h2 class=\"wp-block-heading\" id=\"Zukunft\">Was werden Sprachassistenten in Zukunft k\u00f6nnen?<\/h2>\n\n\n\n<p>Wohin die Reise der Sprachassistenten noch geht, l\u00e4sst sich schwer sagen. Sicher ist aber, dass <strong>immer mehr Alltagsger\u00e4te mit digitalen Assistenten<\/strong> ausgestattet werden, um das t\u00e4gliche Leben so komfortabel wie m\u00f6glich zu gestalten.<\/p>\n\n\n\n<p>Es ist au\u00dferdem wahrscheinlich, dass <strong>Fahrzeuge zunehmend mit den Assistenten<\/strong> ausgestattet werden, um das Risiko im Stra\u00dfenverkehr zu senken. Per Spracheingabe wechselt das Auto den Radiosender, berechnet das Navigationsziel neu oder ruft eine Person der Wahl \u00fcber die Freisprechanlage an. So werden kurze Momente der Unaufmerksamkeit vermieden. Bis die Systeme tats\u00e4chlich zur <strong>Serienausstattung<\/strong> geh\u00f6ren, k\u00f6nnen entsprechende Ger\u00e4te auch unkompliziert nachger\u00fcstet werden. Mit Amazons Echo Auto k\u00f6nnen Sie sich beispielsweise im Handumdrehen Alexa ins Cockpit holen.<\/p>\n\n\n\n<p>Eine Zukunftsvision ist zudem, dass die Alltagshelfer noch schlauer werden und ihre <strong>Spracherkennung weiter an Pr\u00e4zision gewinnt<\/strong>. So k\u00f6nnen Sie m\u00f6glicherweise verschiedene Personen auseinanderhalten, anhand ihrer Stimme verschiedene Eigenschaften wahrnehmen oder ihre emotionale Verfassung einordnen. Auch ob sich die Person alleine oder in Gesellschaft aufh\u00e4lt, werden <strong>digitale<\/strong> <strong>Assistenten<\/strong> voraussichtlich irgendwann erkennen k\u00f6nnen \u2013 so wird vermieden, dass private oder sensible Daten laut ausgegeben werden, wenn der Besitzer nicht alleine ist.<\/p>\n\n\n\n<p>Wann es wirklich soweit ist und welche <strong>Funktionen die Assistenten<\/strong> dar\u00fcber hinaus noch haben werden, k\u00f6nnen jedoch selbst die Sprachassistenten auf Nachfrage noch nicht beantworten \u2013 die zuk\u00fcnftige Entwicklung bleibt also spannend.<\/p>\n","protected":false},"excerpt":{"rendered":"<p>Alexa, Siri, Cortana, Google Assistant oder Bixby \u2013 mit unseren Smartphones oder Elektroger\u00e4ten per Sprachbefehl zu kommunizieren ist inzwischen Alltag geworden und wird uns auch in Zukunft weiter begleiten. Sprachassistenten nehmen uns Aufgaben ab, erinnern uns an Termine oder verwalten f\u00fcr uns den Einkaufszettel. Doch wie kam es eigentlich dazu, dass uns eine digitale Stimme aus dem Off im Alltag hilft?<\/p>\n","protected":false},"author":5,"featured_media":10818,"comment_status":"open","ping_status":"open","sticky":false,"template":"","format":"standard","meta":{"footnotes":""},"categories":[1],"tags":[],"class_list":["post-10815","post","type-post","status-publish","format-standard","has-post-thumbnail","hentry","category-service"],"yoast_head":"<!-- This site is optimized with the Yoast SEO plugin v27.5 - https:\/\/yoast.com\/product\/yoast-seo-wordpress\/ -->\n<title>Sprachassistenten: Funktionen und Vorteile erkl\u00e4rt<\/title>\n<meta name=\"description\" content=\"Sprachassistenten beantworten jederzeit unsere Fragen \u2013 doch wer hat die Alltagshelfer erfunden und welche weiteren Funktionen bieten sie? Jetzt informieren!\" \/>\n<meta name=\"robots\" content=\"index, follow, max-snippet:-1, max-image-preview:large, max-video-preview:-1\" \/>\n<link rel=\"canonical\" href=\"https:\/\/www.deutsche-glasfaser.de\/blog\/ok-google-was-sind-sprachassistenten\/\" \/>\n<meta property=\"og:locale\" content=\"de_DE\" \/>\n<meta property=\"og:type\" content=\"article\" \/>\n<meta property=\"og:title\" content=\"Sprachassistenten: Funktionen und Vorteile erkl\u00e4rt\" \/>\n<meta property=\"og:description\" content=\"Sprachassistenten beantworten jederzeit unsere Fragen \u2013 doch wer hat die Alltagshelfer erfunden und welche weiteren Funktionen bieten sie? Jetzt informieren!\" \/>\n<meta property=\"og:url\" content=\"https:\/\/www.deutsche-glasfaser.de\/blog\/ok-google-was-sind-sprachassistenten\/\" \/>\n<meta property=\"og:site_name\" content=\"Digitales B\u00fcrgernetz\" \/>\n<meta property=\"article:published_time\" content=\"2022-11-02T10:42:58+00:00\" \/>\n<meta property=\"article:modified_time\" content=\"2025-12-11T12:06:24+00:00\" \/>\n<meta property=\"og:image\" content=\"https:\/\/www.deutsche-glasfaser.de\/blog\/wp-content\/uploads\/2022\/11\/Sprachassistent_header.jpg\" \/>\n\t<meta property=\"og:image:width\" content=\"1500\" \/>\n\t<meta property=\"og:image:height\" content=\"705\" \/>\n\t<meta property=\"og:image:type\" content=\"image\/jpeg\" \/>\n<meta name=\"author\" content=\"Deutsche Glasfaser\" \/>\n<meta name=\"twitter:card\" content=\"summary_large_image\" \/>\n<meta name=\"twitter:label1\" content=\"Verfasst von\" \/>\n\t<meta name=\"twitter:data1\" content=\"Deutsche Glasfaser\" \/>\n\t<meta name=\"twitter:label2\" content=\"Gesch\u00e4tzte Lesezeit\" \/>\n\t<meta name=\"twitter:data2\" content=\"6\u00a0Minuten\" \/>\n<script type=\"application\/ld+json\" class=\"yoast-schema-graph\">{\"@context\":\"https:\\\/\\\/schema.org\",\"@graph\":[{\"@type\":\"Article\",\"@id\":\"https:\\\/\\\/www.deutsche-glasfaser.de\\\/blog\\\/ok-google-was-sind-sprachassistenten\\\/#article\",\"isPartOf\":{\"@id\":\"https:\\\/\\\/www.deutsche-glasfaser.de\\\/blog\\\/ok-google-was-sind-sprachassistenten\\\/\"},\"author\":{\"name\":\"Deutsche Glasfaser\",\"@id\":\"https:\\\/\\\/www.deutsche-glasfaser.de\\\/blog\\\/#\\\/schema\\\/person\\\/9380a6dc7443d77143d0c66c409f574b\"},\"headline\":\"\u201eOK Google, was sind Sprachassistenten?\u201c\",\"datePublished\":\"2022-11-02T10:42:58+00:00\",\"dateModified\":\"2025-12-11T12:06:24+00:00\",\"mainEntityOfPage\":{\"@id\":\"https:\\\/\\\/www.deutsche-glasfaser.de\\\/blog\\\/ok-google-was-sind-sprachassistenten\\\/\"},\"wordCount\":959,\"commentCount\":0,\"publisher\":{\"@id\":\"https:\\\/\\\/www.deutsche-glasfaser.de\\\/blog\\\/#organization\"},\"image\":{\"@id\":\"https:\\\/\\\/www.deutsche-glasfaser.de\\\/blog\\\/ok-google-was-sind-sprachassistenten\\\/#primaryimage\"},\"thumbnailUrl\":\"https:\\\/\\\/www.deutsche-glasfaser.de\\\/blog\\\/wp-content\\\/uploads\\\/2022\\\/11\\\/Sprachassistent_header.jpg\",\"articleSection\":[\"Service\"],\"inLanguage\":\"de\",\"potentialAction\":[{\"@type\":\"CommentAction\",\"name\":\"Comment\",\"target\":[\"https:\\\/\\\/www.deutsche-glasfaser.de\\\/blog\\\/ok-google-was-sind-sprachassistenten\\\/#respond\"]}]},{\"@type\":\"WebPage\",\"@id\":\"https:\\\/\\\/www.deutsche-glasfaser.de\\\/blog\\\/ok-google-was-sind-sprachassistenten\\\/\",\"url\":\"https:\\\/\\\/www.deutsche-glasfaser.de\\\/blog\\\/ok-google-was-sind-sprachassistenten\\\/\",\"name\":\"Sprachassistenten: Funktionen und Vorteile erkl\u00e4rt\",\"isPartOf\":{\"@id\":\"https:\\\/\\\/www.deutsche-glasfaser.de\\\/blog\\\/#website\"},\"primaryImageOfPage\":{\"@id\":\"https:\\\/\\\/www.deutsche-glasfaser.de\\\/blog\\\/ok-google-was-sind-sprachassistenten\\\/#primaryimage\"},\"image\":{\"@id\":\"https:\\\/\\\/www.deutsche-glasfaser.de\\\/blog\\\/ok-google-was-sind-sprachassistenten\\\/#primaryimage\"},\"thumbnailUrl\":\"https:\\\/\\\/www.deutsche-glasfaser.de\\\/blog\\\/wp-content\\\/uploads\\\/2022\\\/11\\\/Sprachassistent_header.jpg\",\"datePublished\":\"2022-11-02T10:42:58+00:00\",\"dateModified\":\"2025-12-11T12:06:24+00:00\",\"description\":\"Sprachassistenten beantworten jederzeit unsere Fragen \u2013 doch wer hat die Alltagshelfer erfunden und welche weiteren Funktionen bieten sie? Jetzt informieren!\",\"inLanguage\":\"de\",\"potentialAction\":[{\"@type\":\"ReadAction\",\"target\":[\"https:\\\/\\\/www.deutsche-glasfaser.de\\\/blog\\\/ok-google-was-sind-sprachassistenten\\\/\"]}]},{\"@type\":\"ImageObject\",\"inLanguage\":\"de\",\"@id\":\"https:\\\/\\\/www.deutsche-glasfaser.de\\\/blog\\\/ok-google-was-sind-sprachassistenten\\\/#primaryimage\",\"url\":\"https:\\\/\\\/www.deutsche-glasfaser.de\\\/blog\\\/wp-content\\\/uploads\\\/2022\\\/11\\\/Sprachassistent_header.jpg\",\"contentUrl\":\"https:\\\/\\\/www.deutsche-glasfaser.de\\\/blog\\\/wp-content\\\/uploads\\\/2022\\\/11\\\/Sprachassistent_header.jpg\",\"width\":1500,\"height\":705},{\"@type\":\"WebSite\",\"@id\":\"https:\\\/\\\/www.deutsche-glasfaser.de\\\/blog\\\/#website\",\"url\":\"https:\\\/\\\/www.deutsche-glasfaser.de\\\/blog\\\/\",\"name\":\"Digitales B\u00fcrgernetz\",\"description\":\"Deutsche Glasfaser Blog\",\"publisher\":{\"@id\":\"https:\\\/\\\/www.deutsche-glasfaser.de\\\/blog\\\/#organization\"},\"potentialAction\":[{\"@type\":\"SearchAction\",\"target\":{\"@type\":\"EntryPoint\",\"urlTemplate\":\"https:\\\/\\\/www.deutsche-glasfaser.de\\\/blog\\\/?s={search_term_string}\"},\"query-input\":{\"@type\":\"PropertyValueSpecification\",\"valueRequired\":true,\"valueName\":\"search_term_string\"}}],\"inLanguage\":\"de\"},{\"@type\":\"Organization\",\"@id\":\"https:\\\/\\\/www.deutsche-glasfaser.de\\\/blog\\\/#organization\",\"name\":\"Digitales B\u00fcrgernetz\",\"url\":\"https:\\\/\\\/www.deutsche-glasfaser.de\\\/blog\\\/\",\"logo\":{\"@type\":\"ImageObject\",\"inLanguage\":\"de\",\"@id\":\"https:\\\/\\\/www.deutsche-glasfaser.de\\\/blog\\\/#\\\/schema\\\/logo\\\/image\\\/\",\"url\":\"https:\\\/\\\/www.deutsche-glasfaser.de\\\/blog\\\/wp-content\\\/uploads\\\/2021\\\/08\\\/DGF_Logo_Basis_RGB-Large@2x.png\",\"contentUrl\":\"https:\\\/\\\/www.deutsche-glasfaser.de\\\/blog\\\/wp-content\\\/uploads\\\/2021\\\/08\\\/DGF_Logo_Basis_RGB-Large@2x.png\",\"width\":312,\"height\":104,\"caption\":\"Digitales B\u00fcrgernetz\"},\"image\":{\"@id\":\"https:\\\/\\\/www.deutsche-glasfaser.de\\\/blog\\\/#\\\/schema\\\/logo\\\/image\\\/\"}},{\"@type\":\"Person\",\"@id\":\"https:\\\/\\\/www.deutsche-glasfaser.de\\\/blog\\\/#\\\/schema\\\/person\\\/9380a6dc7443d77143d0c66c409f574b\",\"name\":\"Deutsche Glasfaser\"}]}<\/script>\n<!-- \/ Yoast SEO plugin. -->","yoast_head_json":{"title":"Sprachassistenten: Funktionen und Vorteile erkl\u00e4rt","description":"Sprachassistenten beantworten jederzeit unsere Fragen \u2013 doch wer hat die Alltagshelfer erfunden und welche weiteren Funktionen bieten sie? Jetzt informieren!","robots":{"index":"index","follow":"follow","max-snippet":"max-snippet:-1","max-image-preview":"max-image-preview:large","max-video-preview":"max-video-preview:-1"},"canonical":"https:\/\/www.deutsche-glasfaser.de\/blog\/ok-google-was-sind-sprachassistenten\/","og_locale":"de_DE","og_type":"article","og_title":"Sprachassistenten: Funktionen und Vorteile erkl\u00e4rt","og_description":"Sprachassistenten beantworten jederzeit unsere Fragen \u2013 doch wer hat die Alltagshelfer erfunden und welche weiteren Funktionen bieten sie? Jetzt informieren!","og_url":"https:\/\/www.deutsche-glasfaser.de\/blog\/ok-google-was-sind-sprachassistenten\/","og_site_name":"Digitales B\u00fcrgernetz","article_published_time":"2022-11-02T10:42:58+00:00","article_modified_time":"2025-12-11T12:06:24+00:00","og_image":[{"width":1500,"height":705,"url":"https:\/\/www.deutsche-glasfaser.de\/blog\/wp-content\/uploads\/2022\/11\/Sprachassistent_header.jpg","type":"image\/jpeg"}],"author":"Deutsche Glasfaser","twitter_card":"summary_large_image","twitter_misc":{"Verfasst von":"Deutsche Glasfaser","Gesch\u00e4tzte Lesezeit":"6\u00a0Minuten"},"schema":{"@context":"https:\/\/schema.org","@graph":[{"@type":"Article","@id":"https:\/\/www.deutsche-glasfaser.de\/blog\/ok-google-was-sind-sprachassistenten\/#article","isPartOf":{"@id":"https:\/\/www.deutsche-glasfaser.de\/blog\/ok-google-was-sind-sprachassistenten\/"},"author":{"name":"Deutsche Glasfaser","@id":"https:\/\/www.deutsche-glasfaser.de\/blog\/#\/schema\/person\/9380a6dc7443d77143d0c66c409f574b"},"headline":"\u201eOK Google, was sind Sprachassistenten?\u201c","datePublished":"2022-11-02T10:42:58+00:00","dateModified":"2025-12-11T12:06:24+00:00","mainEntityOfPage":{"@id":"https:\/\/www.deutsche-glasfaser.de\/blog\/ok-google-was-sind-sprachassistenten\/"},"wordCount":959,"commentCount":0,"publisher":{"@id":"https:\/\/www.deutsche-glasfaser.de\/blog\/#organization"},"image":{"@id":"https:\/\/www.deutsche-glasfaser.de\/blog\/ok-google-was-sind-sprachassistenten\/#primaryimage"},"thumbnailUrl":"https:\/\/www.deutsche-glasfaser.de\/blog\/wp-content\/uploads\/2022\/11\/Sprachassistent_header.jpg","articleSection":["Service"],"inLanguage":"de","potentialAction":[{"@type":"CommentAction","name":"Comment","target":["https:\/\/www.deutsche-glasfaser.de\/blog\/ok-google-was-sind-sprachassistenten\/#respond"]}]},{"@type":"WebPage","@id":"https:\/\/www.deutsche-glasfaser.de\/blog\/ok-google-was-sind-sprachassistenten\/","url":"https:\/\/www.deutsche-glasfaser.de\/blog\/ok-google-was-sind-sprachassistenten\/","name":"Sprachassistenten: Funktionen und Vorteile erkl\u00e4rt","isPartOf":{"@id":"https:\/\/www.deutsche-glasfaser.de\/blog\/#website"},"primaryImageOfPage":{"@id":"https:\/\/www.deutsche-glasfaser.de\/blog\/ok-google-was-sind-sprachassistenten\/#primaryimage"},"image":{"@id":"https:\/\/www.deutsche-glasfaser.de\/blog\/ok-google-was-sind-sprachassistenten\/#primaryimage"},"thumbnailUrl":"https:\/\/www.deutsche-glasfaser.de\/blog\/wp-content\/uploads\/2022\/11\/Sprachassistent_header.jpg","datePublished":"2022-11-02T10:42:58+00:00","dateModified":"2025-12-11T12:06:24+00:00","description":"Sprachassistenten beantworten jederzeit unsere Fragen \u2013 doch wer hat die Alltagshelfer erfunden und welche weiteren Funktionen bieten sie? Jetzt informieren!","inLanguage":"de","potentialAction":[{"@type":"ReadAction","target":["https:\/\/www.deutsche-glasfaser.de\/blog\/ok-google-was-sind-sprachassistenten\/"]}]},{"@type":"ImageObject","inLanguage":"de","@id":"https:\/\/www.deutsche-glasfaser.de\/blog\/ok-google-was-sind-sprachassistenten\/#primaryimage","url":"https:\/\/www.deutsche-glasfaser.de\/blog\/wp-content\/uploads\/2022\/11\/Sprachassistent_header.jpg","contentUrl":"https:\/\/www.deutsche-glasfaser.de\/blog\/wp-content\/uploads\/2022\/11\/Sprachassistent_header.jpg","width":1500,"height":705},{"@type":"WebSite","@id":"https:\/\/www.deutsche-glasfaser.de\/blog\/#website","url":"https:\/\/www.deutsche-glasfaser.de\/blog\/","name":"Digitales B\u00fcrgernetz","description":"Deutsche Glasfaser Blog","publisher":{"@id":"https:\/\/www.deutsche-glasfaser.de\/blog\/#organization"},"potentialAction":[{"@type":"SearchAction","target":{"@type":"EntryPoint","urlTemplate":"https:\/\/www.deutsche-glasfaser.de\/blog\/?s={search_term_string}"},"query-input":{"@type":"PropertyValueSpecification","valueRequired":true,"valueName":"search_term_string"}}],"inLanguage":"de"},{"@type":"Organization","@id":"https:\/\/www.deutsche-glasfaser.de\/blog\/#organization","name":"Digitales B\u00fcrgernetz","url":"https:\/\/www.deutsche-glasfaser.de\/blog\/","logo":{"@type":"ImageObject","inLanguage":"de","@id":"https:\/\/www.deutsche-glasfaser.de\/blog\/#\/schema\/logo\/image\/","url":"https:\/\/www.deutsche-glasfaser.de\/blog\/wp-content\/uploads\/2021\/08\/DGF_Logo_Basis_RGB-Large@2x.png","contentUrl":"https:\/\/www.deutsche-glasfaser.de\/blog\/wp-content\/uploads\/2021\/08\/DGF_Logo_Basis_RGB-Large@2x.png","width":312,"height":104,"caption":"Digitales B\u00fcrgernetz"},"image":{"@id":"https:\/\/www.deutsche-glasfaser.de\/blog\/#\/schema\/logo\/image\/"}},{"@type":"Person","@id":"https:\/\/www.deutsche-glasfaser.de\/blog\/#\/schema\/person\/9380a6dc7443d77143d0c66c409f574b","name":"Deutsche Glasfaser"}]}},"_links":{"self":[{"href":"https:\/\/www.deutsche-glasfaser.de\/blog\/wp-json\/wp\/v2\/posts\/10815","targetHints":{"allow":["GET"]}}],"collection":[{"href":"https:\/\/www.deutsche-glasfaser.de\/blog\/wp-json\/wp\/v2\/posts"}],"about":[{"href":"https:\/\/www.deutsche-glasfaser.de\/blog\/wp-json\/wp\/v2\/types\/post"}],"author":[{"embeddable":true,"href":"https:\/\/www.deutsche-glasfaser.de\/blog\/wp-json\/wp\/v2\/users\/5"}],"replies":[{"embeddable":true,"href":"https:\/\/www.deutsche-glasfaser.de\/blog\/wp-json\/wp\/v2\/comments?post=10815"}],"version-history":[{"count":22,"href":"https:\/\/www.deutsche-glasfaser.de\/blog\/wp-json\/wp\/v2\/posts\/10815\/revisions"}],"predecessor-version":[{"id":14520,"href":"https:\/\/www.deutsche-glasfaser.de\/blog\/wp-json\/wp\/v2\/posts\/10815\/revisions\/14520"}],"wp:featuredmedia":[{"embeddable":true,"href":"https:\/\/www.deutsche-glasfaser.de\/blog\/wp-json\/wp\/v2\/media\/10818"}],"wp:attachment":[{"href":"https:\/\/www.deutsche-glasfaser.de\/blog\/wp-json\/wp\/v2\/media?parent=10815"}],"wp:term":[{"taxonomy":"category","embeddable":true,"href":"https:\/\/www.deutsche-glasfaser.de\/blog\/wp-json\/wp\/v2\/categories?post=10815"},{"taxonomy":"post_tag","embeddable":true,"href":"https:\/\/www.deutsche-glasfaser.de\/blog\/wp-json\/wp\/v2\/tags?post=10815"}],"curies":[{"name":"wp","href":"https:\/\/api.w.org\/{rel}","templated":true}]}}