{"id":10694,"date":"2022-10-17T11:22:45","date_gmt":"2022-10-17T10:22:45","guid":{"rendered":"https:\/\/www.deutsche-glasfaser.de\/blog\/?p=10694"},"modified":"2022-11-23T10:22:38","modified_gmt":"2022-11-23T09:22:38","slug":"kita-hub-bayern-online-plattform-fuer-e-learning-austausch-und-ideen-rund-um-fruehkindliche-bildung","status":"publish","type":"post","link":"https:\/\/www.deutsche-glasfaser.de\/blog\/kita-hub-bayern-online-plattform-fuer-e-learning-austausch-und-ideen-rund-um-fruehkindliche-bildung\/","title":{"rendered":"Kita Hub Bayern: Online-Plattform f\u00fcr E-Learning, Austausch und Ideen rund um fr\u00fchkindliche Bildung"},"content":{"rendered":"\t\t<div data-elementor-type=\"wp-post\" data-elementor-id=\"10694\" class=\"elementor elementor-10694\">\n\t\t\t\t\t\t<section class=\"elementor-section elementor-top-section elementor-element elementor-element-4ddf958 elementor-section-boxed elementor-section-height-default elementor-section-height-default\" data-id=\"4ddf958\" data-element_type=\"section\" data-e-type=\"section\">\n\t\t\t\t\t\t<div class=\"elementor-container elementor-column-gap-default\">\n\t\t\t\t\t<div class=\"elementor-column elementor-col-100 elementor-top-column elementor-element elementor-element-5852426\" data-id=\"5852426\" data-element_type=\"column\" data-e-type=\"column\">\n\t\t\t<div class=\"elementor-widget-wrap elementor-element-populated\">\n\t\t\t\t\t\t<div class=\"elementor-element elementor-element-e8ec1f3 elementor-widget elementor-widget-text-editor\" data-id=\"e8ec1f3\" data-element_type=\"widget\" data-e-type=\"widget\" data-widget_type=\"text-editor.default\">\n\t\t\t\t<div class=\"elementor-widget-container\">\n\t\t\t\t\t\t\t\t\t<p>Mit dem Kita Hub Bayern ist eine bayernweite Kita-Community entstanden, in der sich p\u00e4dagogische Fachkr\u00e4fte in Bayern austauschen, weiterbilden und Unterrichtsmaterialien miteinander teilen k\u00f6nnen. \u00a9 Kita Hub Bayern. Screenshot: <strong><a href=\"http:\/\/www.kita.bayern\">www.kita.bayern<\/a> <\/strong><\/p>\t\t\t\t\t\t\t\t<\/div>\n\t\t\t\t<\/div>\n\t\t\t\t\t<\/div>\n\t\t<\/div>\n\t\t\t\t\t<\/div>\n\t\t<\/section>\n\t\t\t\t<section class=\"elementor-section elementor-top-section elementor-element elementor-element-2985e46 elementor-section-boxed elementor-section-height-default elementor-section-height-default\" data-id=\"2985e46\" data-element_type=\"section\" data-e-type=\"section\">\n\t\t\t\t\t\t<div class=\"elementor-container elementor-column-gap-default\">\n\t\t\t\t\t<div class=\"elementor-column elementor-col-100 elementor-top-column elementor-element elementor-element-643a55f\" data-id=\"643a55f\" data-element_type=\"column\" data-e-type=\"column\">\n\t\t\t<div class=\"elementor-widget-wrap elementor-element-populated\">\n\t\t\t\t\t\t<div class=\"elementor-element elementor-element-01837f4 elementor-widget elementor-widget-text-editor\" data-id=\"01837f4\" data-element_type=\"widget\" data-e-type=\"widget\" data-widget_type=\"text-editor.default\">\n\t\t\t\t<div class=\"elementor-widget-container\">\n\t\t\t\t\t\t\t\t\t<p>Die Aufgaben von Erzieherinnen und Erziehern haben sich in den vergangenen Jahrzehnten gewandelt: weg von der reinen Betreuung hin zur gezielten F\u00f6rderung der Kinder. Ihr Bildungsauftrag ist in den Kitagesetzen der Bundesl\u00e4nder festgeschrieben.<\/p><p>Kinder wachsen heute in einer Welt auf, in der digitale Medien Teil des Alltags sind. Deshalb geht es in Kitas auch darum, Kinder in ihrer Kompetenz zu st\u00e4rken, mit digitalen Medien sinnvoll, kreativ und kritisch umzugehen. Im September 2021 startete die Bayerische Staatsregierung die Kampagne <strong><a href=\"https:\/\/www.ifp.bayern.de\/projekte\/qualitaet\/startchancekitadigital.php#\">\u201eStartchance kita.digital\u201c.<\/a><\/strong> Damit unterst\u00fctzt sie die Kindertageseinrichtungen des Landes, ihren digitalen Bildungsauftrag optimal umzusetzen und Kinder fr\u00fchzeitig in Medienkompetenz zu schulen, wie Familienministerin <strong><a href=\"https:\/\/www.ifp.bayern.de\/imperia\/md\/images\/stmas\/ifp\/pm_stmas_kampagne_20211011.pdf\">Carolina Trautner<\/a><\/strong> erkl\u00e4rt: \u201eWir machen unsere Kitas fit f\u00fcr die Zukunft und sorgen daf\u00fcr, dass unsere J\u00fcngsten lernen, verantwortungsvoll mit digitalen Medien umzugehen.\u201c<\/p><p>Der Kita <strong><a href=\"https:\/\/www.kita.bayern\">Hub Bayern<\/a>\u00a0<\/strong>ist ein wichtiger Baustein im Rahmen der Kampagne: als zentrale, virtuelle Anlaufstelle f\u00fcr E-Learning, Kommunikation und Materialien f\u00fcr den Kitaalltag. Mit der digitalen Infrastruktur der Kampagne schaffen die Initiator:innen die Voraussetzung daf\u00fcr, dass das Wissen rund um digitale Bildung alle bayerischen Kitas erreicht. Aufgebaut wird der Kita Hub Bayern vom Staatsinstitut f\u00fcr Fr\u00fchp\u00e4dagogik und Medienkompetenz (IFP) und dem Bayerischen Staatsministerium f\u00fcr Familie, Arbeit und Soziales (StMAS).<\/p>\t\t\t\t\t\t\t\t<\/div>\n\t\t\t\t<\/div>\n\t\t\t\t<div class=\"elementor-element elementor-element-ebded6e elementor-widget elementor-widget-spacer\" data-id=\"ebded6e\" data-element_type=\"widget\" data-e-type=\"widget\" data-widget_type=\"spacer.default\">\n\t\t\t\t<div class=\"elementor-widget-container\">\n\t\t\t\t\t\t\t<div class=\"elementor-spacer\">\n\t\t\t<div class=\"elementor-spacer-inner\"><\/div>\n\t\t<\/div>\n\t\t\t\t\t\t<\/div>\n\t\t\t\t<\/div>\n\t\t\t\t<div class=\"elementor-element elementor-element-a23298f elementor-widget elementor-widget-image\" data-id=\"a23298f\" data-element_type=\"widget\" data-e-type=\"widget\" data-widget_type=\"image.default\">\n\t\t\t\t<div class=\"elementor-widget-container\">\n\t\t\t\t\t\t\t\t\t\t\t\t<figure class=\"wp-caption\">\n\t\t\t\t\t\t\t\t\t\t<img fetchpriority=\"high\" decoding=\"async\" width=\"768\" height=\"388\" src=\"https:\/\/www.deutsche-glasfaser.de\/blog\/wp-content\/uploads\/2022\/10\/Beitragsbild_Kita-Hub_Bayern_Screenshot--768x388.png\" class=\"attachment-medium_large size-medium_large wp-image-10696\" alt=\"Startseite der Unterseite medien.kita.bayern\/home\/\" srcset=\"https:\/\/www.deutsche-glasfaser.de\/blog\/wp-content\/uploads\/2022\/10\/Beitragsbild_Kita-Hub_Bayern_Screenshot--768x388.png 768w, https:\/\/www.deutsche-glasfaser.de\/blog\/wp-content\/uploads\/2022\/10\/Beitragsbild_Kita-Hub_Bayern_Screenshot--300x152.png 300w, https:\/\/www.deutsche-glasfaser.de\/blog\/wp-content\/uploads\/2022\/10\/Beitragsbild_Kita-Hub_Bayern_Screenshot--1024x518.png 1024w, https:\/\/www.deutsche-glasfaser.de\/blog\/wp-content\/uploads\/2022\/10\/Beitragsbild_Kita-Hub_Bayern_Screenshot--1536x777.png 1536w, https:\/\/www.deutsche-glasfaser.de\/blog\/wp-content\/uploads\/2022\/10\/Beitragsbild_Kita-Hub_Bayern_Screenshot-.png 1900w\" sizes=\"(max-width: 768px) 100vw, 768px\" \/>\t\t\t\t\t\t\t\t\t\t\t<figcaption class=\"widget-image-caption wp-caption-text\">Die bayernweite Vernetzung und der Austausch untereinander sind zwei zentrale Aspekte des Kita Hubs. Neben Chat- und Meetingm\u00f6glichkeiten stehen Nutzer:innen und Nutzern zudem Bildungsmaterialien zur Verf\u00fcgung. \u00a9 Kita Hub Bayern<\/figcaption>\n\t\t\t\t\t\t\t\t\t\t<\/figure>\n\t\t\t\t\t\t\t\t\t<\/div>\n\t\t\t\t<\/div>\n\t\t\t\t<div class=\"elementor-element elementor-element-64c2738 elementor-widget elementor-widget-spacer\" data-id=\"64c2738\" data-element_type=\"widget\" data-e-type=\"widget\" data-widget_type=\"spacer.default\">\n\t\t\t\t<div class=\"elementor-widget-container\">\n\t\t\t\t\t\t\t<div class=\"elementor-spacer\">\n\t\t\t<div class=\"elementor-spacer-inner\"><\/div>\n\t\t<\/div>\n\t\t\t\t\t\t<\/div>\n\t\t\t\t<\/div>\n\t\t\t\t<div class=\"elementor-element elementor-element-ea8eb27 elementor-widget elementor-widget-heading\" data-id=\"ea8eb27\" data-element_type=\"widget\" data-e-type=\"widget\" data-widget_type=\"heading.default\">\n\t\t\t\t<div class=\"elementor-widget-container\">\n\t\t\t\t\t<h2 class=\"elementor-heading-title elementor-size-xl\">Digitale Bildung f\u00fcr die Praxis<\/h2>\t\t\t\t<\/div>\n\t\t\t\t<\/div>\n\t\t\t\t<div class=\"elementor-element elementor-element-67d12ca elementor-widget elementor-widget-spacer\" data-id=\"67d12ca\" data-element_type=\"widget\" data-e-type=\"widget\" data-widget_type=\"spacer.default\">\n\t\t\t\t<div class=\"elementor-widget-container\">\n\t\t\t\t\t\t\t<div class=\"elementor-spacer\">\n\t\t\t<div class=\"elementor-spacer-inner\"><\/div>\n\t\t<\/div>\n\t\t\t\t\t\t<\/div>\n\t\t\t\t<\/div>\n\t\t\t\t<div class=\"elementor-element elementor-element-7a3d51a elementor-widget elementor-widget-text-editor\" data-id=\"7a3d51a\" data-element_type=\"widget\" data-e-type=\"widget\" data-widget_type=\"text-editor.default\">\n\t\t\t\t<div class=\"elementor-widget-container\">\n\t\t\t\t\t\t\t\t\t<p>Der Kita Hub Bayern teilt sich in einen offenen und einen geschlossenen Bereich. Zu den Angeboten, auf die alle Interessierten frei zugreifen k\u00f6nnen, geh\u00f6rt der Onlinekurs <strong><a href=\"https:\/\/www.kurse.kita.bayern\/course\/view.php?id=14\">\u201eStartchance kita.digital&#8220;<\/a><\/strong>\u00a0zum Einstieg in die digitale Bildungsarbeit in der Kita. Er m\u00f6chte vor allem Lust darauf machen, Methoden und Werkzeuge in der Praxis auszuprobieren. Der Kurs besteht aus acht Lerneinheiten und kann vielf\u00e4ltig genutzt werden: allein zum Selbststudium, f\u00fcr gemeinsame Kita-Teamsitzungen, f\u00fcr die Fachberatung oder zur Aus- und Weiterbildung. Beispiele aus dem Kitaalltag zeigen, wie digitale Bildungsaktivit\u00e4ten gelingen und wie p\u00e4dagogische Fachkr\u00e4fte Eltern aktiv einbeziehen k\u00f6nnen.<\/p><p>Zu den offenen Angeboten geh\u00f6rt dar\u00fcber hinaus eine<strong> \u201e<a href=\"https:\/\/medien.kita.bayern\/home\/\">Medienecke<\/a>\u201c<\/strong>. Dort gibt es Ideen, Anleitungen, Tipps und Materialien zu den Themen \u201eDigitalisierung und Medienkompetenz\u201c sowie \u201eSprache und Literacy\u201c. Alle Inhalte sind kostenfrei, bevor sie ins Netz gelangen, werden sie von Fachredaktionen ausgew\u00e4hlt und gepr\u00fcft.<\/p>\t\t\t\t\t\t\t\t<\/div>\n\t\t\t\t<\/div>\n\t\t\t\t<div class=\"elementor-element elementor-element-2335af3 elementor-widget elementor-widget-spacer\" data-id=\"2335af3\" data-element_type=\"widget\" data-e-type=\"widget\" data-widget_type=\"spacer.default\">\n\t\t\t\t<div class=\"elementor-widget-container\">\n\t\t\t\t\t\t\t<div class=\"elementor-spacer\">\n\t\t\t<div class=\"elementor-spacer-inner\"><\/div>\n\t\t<\/div>\n\t\t\t\t\t\t<\/div>\n\t\t\t\t<\/div>\n\t\t\t\t<div class=\"elementor-element elementor-element-6890ed7 elementor-widget elementor-widget-heading\" data-id=\"6890ed7\" data-element_type=\"widget\" data-e-type=\"widget\" data-widget_type=\"heading.default\">\n\t\t\t\t<div class=\"elementor-widget-container\">\n\t\t\t\t\t<h2 class=\"elementor-heading-title elementor-size-xl\">Landesweite Vernetzung<\/h2>\t\t\t\t<\/div>\n\t\t\t\t<\/div>\n\t\t\t\t<div class=\"elementor-element elementor-element-c281e2f elementor-widget elementor-widget-spacer\" data-id=\"c281e2f\" data-element_type=\"widget\" data-e-type=\"widget\" data-widget_type=\"spacer.default\">\n\t\t\t\t<div class=\"elementor-widget-container\">\n\t\t\t\t\t\t\t<div class=\"elementor-spacer\">\n\t\t\t<div class=\"elementor-spacer-inner\"><\/div>\n\t\t<\/div>\n\t\t\t\t\t\t<\/div>\n\t\t\t\t<\/div>\n\t\t\t\t<div class=\"elementor-element elementor-element-15ec7f7 elementor-widget elementor-widget-text-editor\" data-id=\"15ec7f7\" data-element_type=\"widget\" data-e-type=\"widget\" data-widget_type=\"text-editor.default\">\n\t\t\t\t<div class=\"elementor-widget-container\">\n\t\t\t\t\t\t\t\t\t<p>Ein zentraler Aspekt des Kita Hub Bayern ist die Vernetzung und der Austausch. Hierf\u00fcr gibt es die datenschutzkonformen Services<strong> \u201e<a href=\"https:\/\/www.chat.kita.bayern\/home\">Chat<\/a>\u201c<\/strong>\u00a0und <strong>\u201e<a href=\"https:\/\/www.meeting.kita.bayern\">Meeting<\/a>\u201c<\/strong>. F\u00fcr beide ist eine Anmeldung erforderlich. Zugang erhalten derzeit Kita-Mitarbeitende, die an der Kampagne \u201eStartchance kita.digital\u201c oder anderen online-basierten Fortbildungsangeboten des IFP oder StMAS teilnehmen. Nutzer k\u00f6nnen mit einzelnen Personen chatten oder in geschlossenen Gruppen kommunizieren. Dar\u00fcber hinaus k\u00f6nnen sie sich \u00fcber einen Videokonferenzdienst austauschen und haben die M\u00f6glichkeit, virtuell in Gruppen zu arbeiten, digitale Fortbildungen durchzuf\u00fchren oder Eltern zum Online-Gespr\u00e4ch einzuladen. So bieten beide Services vielf\u00e4ltige M\u00f6glichkeiten, neue Kontakte zu kn\u00fcpfen, Erfahrungen auszutauschen und voneinander zu lernen \u2013 insbesondere f\u00fcr Einrichtungen in l\u00e4ndlichen Regionen, in denen der direkte Austausch mit anderen Kitas aufgrund der Entfernungen nicht immer ohne Weiteres m\u00f6glich ist.<\/p>\t\t\t\t\t\t\t\t<\/div>\n\t\t\t\t<\/div>\n\t\t\t\t\t<\/div>\n\t\t<\/div>\n\t\t\t\t\t<\/div>\n\t\t<\/section>\n\t\t\t\t<\/div>\n\t\t","protected":false},"excerpt":{"rendered":"<p>Wissen teilen, \u00fcber lokale Grenzen hinweg \u2013 das erm\u00f6glicht der Kita Hub Bayern. P\u00e4dagogische Fachkr\u00e4fte in Bayern k\u00f6nnen sich \u00fcber die Online-Plattform austauschen, weiterbilden und nach Material f\u00fcr die t\u00e4gliche Arbeit suchen.<\/p>\n","protected":false},"author":5,"featured_media":10695,"comment_status":"open","ping_status":"open","sticky":false,"template":"","format":"standard","meta":{"footnotes":""},"categories":[70],"tags":[],"class_list":["post-10694","post","type-post","status-publish","format-standard","has-post-thumbnail","hentry","category-bildung"],"yoast_head":"<!-- This site is optimized with the Yoast SEO plugin v27.5 - https:\/\/yoast.com\/product\/yoast-seo-wordpress\/ -->\n<title>Kita-Hub Bayern vernetzt Fachkr\u00e4fte - Digitales B\u00fcrgernetz<\/title>\n<meta name=\"description\" content=\"Die Online-Plattform unterst\u00fctzt Kitas mit digitalen Tools und Services bei der t\u00e4glichen Arbeit.\" \/>\n<meta name=\"robots\" content=\"index, follow, max-snippet:-1, max-image-preview:large, max-video-preview:-1\" \/>\n<link rel=\"canonical\" href=\"https:\/\/www.deutsche-glasfaser.de\/blog\/kita-hub-bayern-online-plattform-fuer-e-learning-austausch-und-ideen-rund-um-fruehkindliche-bildung\/\" \/>\n<meta property=\"og:locale\" content=\"de_DE\" \/>\n<meta property=\"og:type\" content=\"article\" \/>\n<meta property=\"og:title\" content=\"Kita-Hub Bayern vernetzt Fachkr\u00e4fte - Digitales B\u00fcrgernetz\" \/>\n<meta property=\"og:description\" content=\"Die Online-Plattform unterst\u00fctzt Kitas mit digitalen Tools und Services bei der t\u00e4glichen Arbeit.\" \/>\n<meta property=\"og:url\" content=\"https:\/\/www.deutsche-glasfaser.de\/blog\/kita-hub-bayern-online-plattform-fuer-e-learning-austausch-und-ideen-rund-um-fruehkindliche-bildung\/\" \/>\n<meta property=\"og:site_name\" content=\"Digitales B\u00fcrgernetz\" \/>\n<meta property=\"article:published_time\" content=\"2022-10-17T10:22:45+00:00\" \/>\n<meta property=\"article:modified_time\" content=\"2022-11-23T09:22:38+00:00\" \/>\n<meta property=\"og:image\" content=\"https:\/\/www.deutsche-glasfaser.de\/blog\/wp-content\/uploads\/2022\/10\/Titelbild_Kita-Hub-Bayern_Screenshot_final.jpg\" \/>\n\t<meta property=\"og:image:width\" content=\"1500\" \/>\n\t<meta property=\"og:image:height\" content=\"705\" \/>\n\t<meta property=\"og:image:type\" content=\"image\/jpeg\" \/>\n<meta name=\"author\" content=\"Deutsche Glasfaser\" \/>\n<meta name=\"twitter:card\" content=\"summary_large_image\" \/>\n<meta name=\"twitter:label1\" content=\"Verfasst von\" \/>\n\t<meta name=\"twitter:data1\" content=\"Deutsche Glasfaser\" \/>\n\t<meta name=\"twitter:label2\" content=\"Gesch\u00e4tzte Lesezeit\" \/>\n\t<meta name=\"twitter:data2\" content=\"4\u00a0Minuten\" \/>\n<script type=\"application\/ld+json\" class=\"yoast-schema-graph\">{\"@context\":\"https:\\\/\\\/schema.org\",\"@graph\":[{\"@type\":\"Article\",\"@id\":\"https:\\\/\\\/www.deutsche-glasfaser.de\\\/blog\\\/kita-hub-bayern-online-plattform-fuer-e-learning-austausch-und-ideen-rund-um-fruehkindliche-bildung\\\/#article\",\"isPartOf\":{\"@id\":\"https:\\\/\\\/www.deutsche-glasfaser.de\\\/blog\\\/kita-hub-bayern-online-plattform-fuer-e-learning-austausch-und-ideen-rund-um-fruehkindliche-bildung\\\/\"},\"author\":{\"name\":\"Deutsche Glasfaser\",\"@id\":\"https:\\\/\\\/www.deutsche-glasfaser.de\\\/blog\\\/#\\\/schema\\\/person\\\/9380a6dc7443d77143d0c66c409f574b\"},\"headline\":\"Kita Hub Bayern: Online-Plattform f\u00fcr E-Learning, Austausch und Ideen rund um fr\u00fchkindliche Bildung\",\"datePublished\":\"2022-10-17T10:22:45+00:00\",\"dateModified\":\"2022-11-23T09:22:38+00:00\",\"mainEntityOfPage\":{\"@id\":\"https:\\\/\\\/www.deutsche-glasfaser.de\\\/blog\\\/kita-hub-bayern-online-plattform-fuer-e-learning-austausch-und-ideen-rund-um-fruehkindliche-bildung\\\/\"},\"wordCount\":592,\"commentCount\":0,\"publisher\":{\"@id\":\"https:\\\/\\\/www.deutsche-glasfaser.de\\\/blog\\\/#organization\"},\"image\":{\"@id\":\"https:\\\/\\\/www.deutsche-glasfaser.de\\\/blog\\\/kita-hub-bayern-online-plattform-fuer-e-learning-austausch-und-ideen-rund-um-fruehkindliche-bildung\\\/#primaryimage\"},\"thumbnailUrl\":\"https:\\\/\\\/www.deutsche-glasfaser.de\\\/blog\\\/wp-content\\\/uploads\\\/2022\\\/10\\\/Titelbild_Kita-Hub-Bayern_Screenshot_final.jpg\",\"articleSection\":[\"#Bildung\"],\"inLanguage\":\"de\",\"potentialAction\":[{\"@type\":\"CommentAction\",\"name\":\"Comment\",\"target\":[\"https:\\\/\\\/www.deutsche-glasfaser.de\\\/blog\\\/kita-hub-bayern-online-plattform-fuer-e-learning-austausch-und-ideen-rund-um-fruehkindliche-bildung\\\/#respond\"]}]},{\"@type\":\"WebPage\",\"@id\":\"https:\\\/\\\/www.deutsche-glasfaser.de\\\/blog\\\/kita-hub-bayern-online-plattform-fuer-e-learning-austausch-und-ideen-rund-um-fruehkindliche-bildung\\\/\",\"url\":\"https:\\\/\\\/www.deutsche-glasfaser.de\\\/blog\\\/kita-hub-bayern-online-plattform-fuer-e-learning-austausch-und-ideen-rund-um-fruehkindliche-bildung\\\/\",\"name\":\"Kita-Hub Bayern vernetzt Fachkr\u00e4fte - Digitales B\u00fcrgernetz\",\"isPartOf\":{\"@id\":\"https:\\\/\\\/www.deutsche-glasfaser.de\\\/blog\\\/#website\"},\"primaryImageOfPage\":{\"@id\":\"https:\\\/\\\/www.deutsche-glasfaser.de\\\/blog\\\/kita-hub-bayern-online-plattform-fuer-e-learning-austausch-und-ideen-rund-um-fruehkindliche-bildung\\\/#primaryimage\"},\"image\":{\"@id\":\"https:\\\/\\\/www.deutsche-glasfaser.de\\\/blog\\\/kita-hub-bayern-online-plattform-fuer-e-learning-austausch-und-ideen-rund-um-fruehkindliche-bildung\\\/#primaryimage\"},\"thumbnailUrl\":\"https:\\\/\\\/www.deutsche-glasfaser.de\\\/blog\\\/wp-content\\\/uploads\\\/2022\\\/10\\\/Titelbild_Kita-Hub-Bayern_Screenshot_final.jpg\",\"datePublished\":\"2022-10-17T10:22:45+00:00\",\"dateModified\":\"2022-11-23T09:22:38+00:00\",\"description\":\"Die Online-Plattform unterst\u00fctzt Kitas mit digitalen Tools und Services bei der t\u00e4glichen Arbeit.\",\"inLanguage\":\"de\",\"potentialAction\":[{\"@type\":\"ReadAction\",\"target\":[\"https:\\\/\\\/www.deutsche-glasfaser.de\\\/blog\\\/kita-hub-bayern-online-plattform-fuer-e-learning-austausch-und-ideen-rund-um-fruehkindliche-bildung\\\/\"]}]},{\"@type\":\"ImageObject\",\"inLanguage\":\"de\",\"@id\":\"https:\\\/\\\/www.deutsche-glasfaser.de\\\/blog\\\/kita-hub-bayern-online-plattform-fuer-e-learning-austausch-und-ideen-rund-um-fruehkindliche-bildung\\\/#primaryimage\",\"url\":\"https:\\\/\\\/www.deutsche-glasfaser.de\\\/blog\\\/wp-content\\\/uploads\\\/2022\\\/10\\\/Titelbild_Kita-Hub-Bayern_Screenshot_final.jpg\",\"contentUrl\":\"https:\\\/\\\/www.deutsche-glasfaser.de\\\/blog\\\/wp-content\\\/uploads\\\/2022\\\/10\\\/Titelbild_Kita-Hub-Bayern_Screenshot_final.jpg\",\"width\":1500,\"height\":705,\"caption\":\"Mit dem Kita Hub Bayern ist eine bayernweite Kita-Community entstanden, in der sich p\u00e4dagogische Fachkr\u00e4fte in Bayern austauschen, weiterbilden und Unterrichtsmaterialien miteinander teilen k\u00f6nnen. \u00a9 Kita Hub Bayern. Screenshot: www.kita.bayern\"},{\"@type\":\"WebSite\",\"@id\":\"https:\\\/\\\/www.deutsche-glasfaser.de\\\/blog\\\/#website\",\"url\":\"https:\\\/\\\/www.deutsche-glasfaser.de\\\/blog\\\/\",\"name\":\"Digitales B\u00fcrgernetz\",\"description\":\"Deutsche Glasfaser Blog\",\"publisher\":{\"@id\":\"https:\\\/\\\/www.deutsche-glasfaser.de\\\/blog\\\/#organization\"},\"potentialAction\":[{\"@type\":\"SearchAction\",\"target\":{\"@type\":\"EntryPoint\",\"urlTemplate\":\"https:\\\/\\\/www.deutsche-glasfaser.de\\\/blog\\\/?s={search_term_string}\"},\"query-input\":{\"@type\":\"PropertyValueSpecification\",\"valueRequired\":true,\"valueName\":\"search_term_string\"}}],\"inLanguage\":\"de\"},{\"@type\":\"Organization\",\"@id\":\"https:\\\/\\\/www.deutsche-glasfaser.de\\\/blog\\\/#organization\",\"name\":\"Digitales B\u00fcrgernetz\",\"url\":\"https:\\\/\\\/www.deutsche-glasfaser.de\\\/blog\\\/\",\"logo\":{\"@type\":\"ImageObject\",\"inLanguage\":\"de\",\"@id\":\"https:\\\/\\\/www.deutsche-glasfaser.de\\\/blog\\\/#\\\/schema\\\/logo\\\/image\\\/\",\"url\":\"https:\\\/\\\/www.deutsche-glasfaser.de\\\/blog\\\/wp-content\\\/uploads\\\/2021\\\/08\\\/DGF_Logo_Basis_RGB-Large@2x.png\",\"contentUrl\":\"https:\\\/\\\/www.deutsche-glasfaser.de\\\/blog\\\/wp-content\\\/uploads\\\/2021\\\/08\\\/DGF_Logo_Basis_RGB-Large@2x.png\",\"width\":312,\"height\":104,\"caption\":\"Digitales B\u00fcrgernetz\"},\"image\":{\"@id\":\"https:\\\/\\\/www.deutsche-glasfaser.de\\\/blog\\\/#\\\/schema\\\/logo\\\/image\\\/\"}},{\"@type\":\"Person\",\"@id\":\"https:\\\/\\\/www.deutsche-glasfaser.de\\\/blog\\\/#\\\/schema\\\/person\\\/9380a6dc7443d77143d0c66c409f574b\",\"name\":\"Deutsche Glasfaser\"}]}<\/script>\n<!-- \/ Yoast SEO plugin. -->","yoast_head_json":{"title":"Kita-Hub Bayern vernetzt Fachkr\u00e4fte - Digitales B\u00fcrgernetz","description":"Die Online-Plattform unterst\u00fctzt Kitas mit digitalen Tools und Services bei der t\u00e4glichen Arbeit.","robots":{"index":"index","follow":"follow","max-snippet":"max-snippet:-1","max-image-preview":"max-image-preview:large","max-video-preview":"max-video-preview:-1"},"canonical":"https:\/\/www.deutsche-glasfaser.de\/blog\/kita-hub-bayern-online-plattform-fuer-e-learning-austausch-und-ideen-rund-um-fruehkindliche-bildung\/","og_locale":"de_DE","og_type":"article","og_title":"Kita-Hub Bayern vernetzt Fachkr\u00e4fte - Digitales B\u00fcrgernetz","og_description":"Die Online-Plattform unterst\u00fctzt Kitas mit digitalen Tools und Services bei der t\u00e4glichen Arbeit.","og_url":"https:\/\/www.deutsche-glasfaser.de\/blog\/kita-hub-bayern-online-plattform-fuer-e-learning-austausch-und-ideen-rund-um-fruehkindliche-bildung\/","og_site_name":"Digitales B\u00fcrgernetz","article_published_time":"2022-10-17T10:22:45+00:00","article_modified_time":"2022-11-23T09:22:38+00:00","og_image":[{"width":1500,"height":705,"url":"https:\/\/www.deutsche-glasfaser.de\/blog\/wp-content\/uploads\/2022\/10\/Titelbild_Kita-Hub-Bayern_Screenshot_final.jpg","type":"image\/jpeg"}],"author":"Deutsche Glasfaser","twitter_card":"summary_large_image","twitter_misc":{"Verfasst von":"Deutsche Glasfaser","Gesch\u00e4tzte Lesezeit":"4\u00a0Minuten"},"schema":{"@context":"https:\/\/schema.org","@graph":[{"@type":"Article","@id":"https:\/\/www.deutsche-glasfaser.de\/blog\/kita-hub-bayern-online-plattform-fuer-e-learning-austausch-und-ideen-rund-um-fruehkindliche-bildung\/#article","isPartOf":{"@id":"https:\/\/www.deutsche-glasfaser.de\/blog\/kita-hub-bayern-online-plattform-fuer-e-learning-austausch-und-ideen-rund-um-fruehkindliche-bildung\/"},"author":{"name":"Deutsche Glasfaser","@id":"https:\/\/www.deutsche-glasfaser.de\/blog\/#\/schema\/person\/9380a6dc7443d77143d0c66c409f574b"},"headline":"Kita Hub Bayern: Online-Plattform f\u00fcr E-Learning, Austausch und Ideen rund um fr\u00fchkindliche Bildung","datePublished":"2022-10-17T10:22:45+00:00","dateModified":"2022-11-23T09:22:38+00:00","mainEntityOfPage":{"@id":"https:\/\/www.deutsche-glasfaser.de\/blog\/kita-hub-bayern-online-plattform-fuer-e-learning-austausch-und-ideen-rund-um-fruehkindliche-bildung\/"},"wordCount":592,"commentCount":0,"publisher":{"@id":"https:\/\/www.deutsche-glasfaser.de\/blog\/#organization"},"image":{"@id":"https:\/\/www.deutsche-glasfaser.de\/blog\/kita-hub-bayern-online-plattform-fuer-e-learning-austausch-und-ideen-rund-um-fruehkindliche-bildung\/#primaryimage"},"thumbnailUrl":"https:\/\/www.deutsche-glasfaser.de\/blog\/wp-content\/uploads\/2022\/10\/Titelbild_Kita-Hub-Bayern_Screenshot_final.jpg","articleSection":["#Bildung"],"inLanguage":"de","potentialAction":[{"@type":"CommentAction","name":"Comment","target":["https:\/\/www.deutsche-glasfaser.de\/blog\/kita-hub-bayern-online-plattform-fuer-e-learning-austausch-und-ideen-rund-um-fruehkindliche-bildung\/#respond"]}]},{"@type":"WebPage","@id":"https:\/\/www.deutsche-glasfaser.de\/blog\/kita-hub-bayern-online-plattform-fuer-e-learning-austausch-und-ideen-rund-um-fruehkindliche-bildung\/","url":"https:\/\/www.deutsche-glasfaser.de\/blog\/kita-hub-bayern-online-plattform-fuer-e-learning-austausch-und-ideen-rund-um-fruehkindliche-bildung\/","name":"Kita-Hub Bayern vernetzt Fachkr\u00e4fte - Digitales B\u00fcrgernetz","isPartOf":{"@id":"https:\/\/www.deutsche-glasfaser.de\/blog\/#website"},"primaryImageOfPage":{"@id":"https:\/\/www.deutsche-glasfaser.de\/blog\/kita-hub-bayern-online-plattform-fuer-e-learning-austausch-und-ideen-rund-um-fruehkindliche-bildung\/#primaryimage"},"image":{"@id":"https:\/\/www.deutsche-glasfaser.de\/blog\/kita-hub-bayern-online-plattform-fuer-e-learning-austausch-und-ideen-rund-um-fruehkindliche-bildung\/#primaryimage"},"thumbnailUrl":"https:\/\/www.deutsche-glasfaser.de\/blog\/wp-content\/uploads\/2022\/10\/Titelbild_Kita-Hub-Bayern_Screenshot_final.jpg","datePublished":"2022-10-17T10:22:45+00:00","dateModified":"2022-11-23T09:22:38+00:00","description":"Die Online-Plattform unterst\u00fctzt Kitas mit digitalen Tools und Services bei der t\u00e4glichen Arbeit.","inLanguage":"de","potentialAction":[{"@type":"ReadAction","target":["https:\/\/www.deutsche-glasfaser.de\/blog\/kita-hub-bayern-online-plattform-fuer-e-learning-austausch-und-ideen-rund-um-fruehkindliche-bildung\/"]}]},{"@type":"ImageObject","inLanguage":"de","@id":"https:\/\/www.deutsche-glasfaser.de\/blog\/kita-hub-bayern-online-plattform-fuer-e-learning-austausch-und-ideen-rund-um-fruehkindliche-bildung\/#primaryimage","url":"https:\/\/www.deutsche-glasfaser.de\/blog\/wp-content\/uploads\/2022\/10\/Titelbild_Kita-Hub-Bayern_Screenshot_final.jpg","contentUrl":"https:\/\/www.deutsche-glasfaser.de\/blog\/wp-content\/uploads\/2022\/10\/Titelbild_Kita-Hub-Bayern_Screenshot_final.jpg","width":1500,"height":705,"caption":"Mit dem Kita Hub Bayern ist eine bayernweite Kita-Community entstanden, in der sich p\u00e4dagogische Fachkr\u00e4fte in Bayern austauschen, weiterbilden und Unterrichtsmaterialien miteinander teilen k\u00f6nnen. \u00a9 Kita Hub Bayern. Screenshot: www.kita.bayern"},{"@type":"WebSite","@id":"https:\/\/www.deutsche-glasfaser.de\/blog\/#website","url":"https:\/\/www.deutsche-glasfaser.de\/blog\/","name":"Digitales B\u00fcrgernetz","description":"Deutsche Glasfaser Blog","publisher":{"@id":"https:\/\/www.deutsche-glasfaser.de\/blog\/#organization"},"potentialAction":[{"@type":"SearchAction","target":{"@type":"EntryPoint","urlTemplate":"https:\/\/www.deutsche-glasfaser.de\/blog\/?s={search_term_string}"},"query-input":{"@type":"PropertyValueSpecification","valueRequired":true,"valueName":"search_term_string"}}],"inLanguage":"de"},{"@type":"Organization","@id":"https:\/\/www.deutsche-glasfaser.de\/blog\/#organization","name":"Digitales B\u00fcrgernetz","url":"https:\/\/www.deutsche-glasfaser.de\/blog\/","logo":{"@type":"ImageObject","inLanguage":"de","@id":"https:\/\/www.deutsche-glasfaser.de\/blog\/#\/schema\/logo\/image\/","url":"https:\/\/www.deutsche-glasfaser.de\/blog\/wp-content\/uploads\/2021\/08\/DGF_Logo_Basis_RGB-Large@2x.png","contentUrl":"https:\/\/www.deutsche-glasfaser.de\/blog\/wp-content\/uploads\/2021\/08\/DGF_Logo_Basis_RGB-Large@2x.png","width":312,"height":104,"caption":"Digitales B\u00fcrgernetz"},"image":{"@id":"https:\/\/www.deutsche-glasfaser.de\/blog\/#\/schema\/logo\/image\/"}},{"@type":"Person","@id":"https:\/\/www.deutsche-glasfaser.de\/blog\/#\/schema\/person\/9380a6dc7443d77143d0c66c409f574b","name":"Deutsche Glasfaser"}]}},"_links":{"self":[{"href":"https:\/\/www.deutsche-glasfaser.de\/blog\/wp-json\/wp\/v2\/posts\/10694","targetHints":{"allow":["GET"]}}],"collection":[{"href":"https:\/\/www.deutsche-glasfaser.de\/blog\/wp-json\/wp\/v2\/posts"}],"about":[{"href":"https:\/\/www.deutsche-glasfaser.de\/blog\/wp-json\/wp\/v2\/types\/post"}],"author":[{"embeddable":true,"href":"https:\/\/www.deutsche-glasfaser.de\/blog\/wp-json\/wp\/v2\/users\/5"}],"replies":[{"embeddable":true,"href":"https:\/\/www.deutsche-glasfaser.de\/blog\/wp-json\/wp\/v2\/comments?post=10694"}],"version-history":[{"count":11,"href":"https:\/\/www.deutsche-glasfaser.de\/blog\/wp-json\/wp\/v2\/posts\/10694\/revisions"}],"predecessor-version":[{"id":10708,"href":"https:\/\/www.deutsche-glasfaser.de\/blog\/wp-json\/wp\/v2\/posts\/10694\/revisions\/10708"}],"wp:featuredmedia":[{"embeddable":true,"href":"https:\/\/www.deutsche-glasfaser.de\/blog\/wp-json\/wp\/v2\/media\/10695"}],"wp:attachment":[{"href":"https:\/\/www.deutsche-glasfaser.de\/blog\/wp-json\/wp\/v2\/media?parent=10694"}],"wp:term":[{"taxonomy":"category","embeddable":true,"href":"https:\/\/www.deutsche-glasfaser.de\/blog\/wp-json\/wp\/v2\/categories?post=10694"},{"taxonomy":"post_tag","embeddable":true,"href":"https:\/\/www.deutsche-glasfaser.de\/blog\/wp-json\/wp\/v2\/tags?post=10694"}],"curies":[{"name":"wp","href":"https:\/\/api.w.org\/{rel}","templated":true}]}}