{"id":1065,"date":"2020-10-28T16:12:20","date_gmt":"2020-10-28T16:12:20","guid":{"rendered":"https:\/\/www.deutsche-glasfaser.de\/blog\/dgblog-snapshot-20190819123943\/?p=1065"},"modified":"2025-12-09T09:49:45","modified_gmt":"2025-12-09T08:49:45","slug":"zurueck-in-die-zukunft","status":"publish","type":"post","link":"https:\/\/www.deutsche-glasfaser.de\/blog\/zurueck-in-die-zukunft\/","title":{"rendered":"Zur\u00fcck in die Zukunft"},"content":{"rendered":"\t\t<div data-elementor-type=\"wp-post\" data-elementor-id=\"1065\" class=\"elementor elementor-1065\">\n\t\t\t\t\t\t<section class=\"elementor-section elementor-top-section elementor-element elementor-element-4424bef elementor-section-boxed elementor-section-height-default elementor-section-height-default\" data-id=\"4424bef\" data-element_type=\"section\" data-e-type=\"section\">\n\t\t\t\t\t\t<div class=\"elementor-container elementor-column-gap-default\">\n\t\t\t\t\t<div class=\"elementor-column elementor-col-100 elementor-top-column elementor-element elementor-element-7473681\" data-id=\"7473681\" data-element_type=\"column\" data-e-type=\"column\">\n\t\t\t<div class=\"elementor-widget-wrap elementor-element-populated\">\n\t\t\t\t\t\t<div class=\"elementor-element elementor-element-bea4ef2 elementor-widget elementor-widget-text-editor\" data-id=\"bea4ef2\" data-element_type=\"widget\" data-e-type=\"widget\" data-widget_type=\"text-editor.default\">\n\t\t\t\t<div class=\"elementor-widget-container\">\n\t\t\t\t\t\t\t\t\t<h3><span style=\"color: #00aef8;\">Wir nehmen Sie mit auf eine Zeitreise durchs Netz<\/span><\/h3>\t\t\t\t\t\t\t\t<\/div>\n\t\t\t\t<\/div>\n\t\t\t\t<div class=\"elementor-element elementor-element-fc03b38 elementor-widget elementor-widget-text-editor\" data-id=\"fc03b38\" data-element_type=\"widget\" data-e-type=\"widget\" data-widget_type=\"text-editor.default\">\n\t\t\t\t<div class=\"elementor-widget-container\">\n\t\t\t\t\t\t\t\t\t<p>Schnelllebig, weitreichend und immer topaktuell: Das ist das Internet. In den 1960er Jahren noch ausschlie\u00dflich f\u00fcr Forschungszwecke genutzt, ist es heute aus unserem Alltag kaum wegzudenken. Suchmaschinen, Einkaufsplattformen und soziale Medien erleichtern unser Leben und erm\u00f6glichen eine 24\/7 Kommunikation.<\/p><p>Entdecken Sie mit uns die <a href=\"https:\/\/www.deutsche-glasfaser.de\/blog\/wozu-wird-schon-heute-ein-ftth-anschluss-benoetigt\/\" target=\"_blank\" rel=\"noopener\">Entwicklungen des Internets<\/a>. Lassen Sie eine Minute im Jahr 2020 im Netz auf sich wirken. An welche Meilensteine erinnern Sie sich noch und was nutzen Sie im Internet am meisten?<\/p>\t\t\t\t\t\t\t\t<\/div>\n\t\t\t\t<\/div>\n\t\t\t\t<div class=\"elementor-element elementor-element-debcb32 elementor-widget elementor-widget-heading\" data-id=\"debcb32\" data-element_type=\"widget\" data-e-type=\"widget\" data-widget_type=\"heading.default\">\n\t\t\t\t<div class=\"elementor-widget-container\">\n\t\t\t\t\t<h2 class=\"elementor-heading-title elementor-size-default\">Die bedeutendsten Entwicklungen im Internet:<\/h2>\t\t\t\t<\/div>\n\t\t\t\t<\/div>\n\t\t\t\t<div class=\"elementor-element elementor-element-d24b73c elementor-widget elementor-widget-timeline-widget-addon\" data-id=\"d24b73c\" data-element_type=\"widget\" data-e-type=\"widget\" data-widget_type=\"timeline-widget-addon.default\">\n\t\t\t\t<div class=\"elementor-widget-container\">\n\t\t\t\t\t<!-- ========= Timeline Widget  Addon For Elementor 1.6.24 ========= -->\n<div id=\"twae-wrapper-d24b73c\" class=\"twae-wrapper twae-horizontal-timeline\">\n<div class=\"twae-wrapper-inside\">\n <div id=\"twae-slider-container-d24b73c\" data-dir=\"\" data-slidestoshow=\"3\" data-autoplay=\"false\" data-auto-height=\"true\" class=\"twae-slider-container swiper-container\">\n <div  class=\"twae-slider-wrapper swiper-wrapper no-height\"><!-- Start of Story Repeater Content --><div id=\"twae-article-2211a92\" class=\"twae-repeater-item twae-story swiper-slide twae-story-no-icon\"><!-- Story Icon --><div class=\"twae-icon\"><i aria-hidden=\"true\" class=\"fas fa-rocket\"><\/i><\/div><!-- Story Arrow --><div class=\"twae-arrow\"><\/div><!-- Start of Story Content --><div class=\"twae-content\"><!-- Story Title --><div class=\"twae-title\">1957<\/div><!-- Story Description --><div class=\"twae-description\"><p>UdSSR startet Sputnik, eine weltweit t\u00e4tige Nachrichtenagentur. Die USA gr\u00fcnden daraufhin die ARPA.<\/p><\/div><\/div><\/div><!-- Start of Story Repeater Content --><div id=\"twae-article-5acdfd6\" class=\"twae-repeater-item twae-story swiper-slide twae-story-no-icon\"><!-- Story Icon --><div class=\"twae-icon\"><i aria-hidden=\"true\" class=\"fas fa-share-alt\"><\/i><\/div><!-- Story Arrow --><div class=\"twae-arrow\"><\/div><!-- Start of Story Content --><div class=\"twae-content\"><!-- Story Title --><div class=\"twae-title twae-title\">1965<\/div><!-- Story Description --><div class=\"twae-description twae-description\"><p>Das erste fl\u00e4chendeckende Computer-Netzwerk zum Zweck der Forschungskommunikation entsteht.<\/p><\/div><\/div><\/div><!-- Start of Story Repeater Content --><div id=\"twae-article-5f1e0af\" class=\"twae-repeater-item twae-story swiper-slide twae-story-no-icon\"><!-- Story Icon --><div class=\"twae-icon\"><i aria-hidden=\"true\" class=\"fas fa-link\"><\/i><\/div><!-- Story Arrow --><div class=\"twae-arrow\"><\/div><!-- Start of Story Content --><div class=\"twae-content\"><!-- Story Title --><div class=\"twae-title twae-title twae-title\">1969<\/div><!-- Story Description --><div class=\"twae-description twae-description twae-description\"><p>Als weltweit erstes dezentrales Computernetzwerk wird das ARPANET (Advanced Research Projects Agency Network) aufgebaut.<\/p><\/div><\/div><\/div><!-- Start of Story Repeater Content --><div id=\"twae-article-44879eb\" class=\"twae-repeater-item twae-story swiper-slide twae-story-no-icon\"><!-- Story Icon --><div class=\"twae-icon\"><i aria-hidden=\"true\" class=\"fas fa-envelope\"><\/i><\/div><!-- Story Arrow --><div class=\"twae-arrow\"><\/div><!-- Start of Story Content --><div class=\"twae-content\"><!-- Story Title --><div class=\"twae-title twae-title twae-title twae-title\">1971<\/div><!-- Story Description --><div class=\"twae-description twae-description twae-description twae-description\"><p>Ray Romlinson versendet die erste E-Mail. Dazu verwendet er das @-Zeichen, um die Domain von dem lokalen Teil zu trennen.<\/p><\/div><\/div><\/div><!-- Start of Story Repeater Content --><div id=\"twae-article-587257b\" class=\"twae-repeater-item twae-story swiper-slide twae-story-no-icon\"><!-- Story Icon --><div class=\"twae-icon\"><i aria-hidden=\"true\" class=\"fas fa-desktop\"><\/i><\/div><!-- Story Arrow --><div class=\"twae-arrow\"><\/div><!-- Start of Story Content --><div class=\"twae-content\"><!-- Story Title --><div class=\"twae-title twae-title twae-title twae-title twae-title\">1976<\/div><!-- Story Description --><div class=\"twae-description twae-description twae-description twae-description twae-description\"><p>Der erste PC ist auf dem Markt erh\u00e4ltlich.<\/p><\/div><\/div><\/div><!-- Start of Story Repeater Content --><div id=\"twae-article-705fd22\" class=\"twae-repeater-item twae-story swiper-slide twae-story-no-icon\"><!-- Story Icon --><div class=\"twae-icon\"><i aria-hidden=\"true\" class=\"far fa-smile\"><\/i><\/div><!-- Story Arrow --><div class=\"twae-arrow\"><\/div><!-- Start of Story Content --><div class=\"twae-content\"><!-- Story Title --><div class=\"twae-title twae-title twae-title twae-title twae-title twae-title\">1982<\/div><!-- Story Description --><div class=\"twae-description twae-description twae-description twae-description twae-description twae-description\"><p>Die ersten Smileys (Emoticons) werden zum Ausdruck von Emotionen verwendet.\u00a0<br \/>\ud83d\ude42 Freude<br \/>\ud83d\ude41 Trauer<\/p><\/div><\/div><\/div><!-- Start of Story Repeater Content --><div id=\"twae-article-fb00719\" class=\"twae-repeater-item twae-story swiper-slide twae-story-no-icon\"><!-- Story Icon --><div class=\"twae-icon\"><i aria-hidden=\"true\" class=\"fas fa-mobile-alt\"><\/i><\/div><!-- Story Arrow --><div class=\"twae-arrow\"><\/div><!-- Start of Story Content --><div class=\"twae-content\"><!-- Story Title --><div class=\"twae-title twae-title twae-title twae-title twae-title twae-title twae-title\">1983<\/div><!-- Story Description --><div class=\"twae-description twae-description twae-description twae-description twae-description twae-description twae-description\"><p>Das erste tragbare Handy (Motorola Dynatac 8000) kommt auf den Markt.<\/p><\/div><\/div><\/div><!-- Start of Story Repeater Content --><div id=\"twae-article-1dcb7b2\" class=\"twae-repeater-item twae-story swiper-slide twae-story-no-icon\"><!-- Story Icon --><div class=\"twae-icon\"><i aria-hidden=\"true\" class=\"fas fa-globe-europe\"><\/i><\/div><!-- Story Arrow --><div class=\"twae-arrow\"><\/div><!-- Start of Story Content --><div class=\"twae-content\"><!-- Story Title --><div class=\"twae-title twae-title twae-title twae-title twae-title twae-title twae-title twae-title\">1889<\/div><!-- Story Description --><div class=\"twae-description twae-description twae-description twae-description twae-description twae-description twae-description twae-description\"><p>Der Informatiker Tim Berners Lee und die Forschungseinrichtung CERN entwickeln das World Wide Web. Ziel ist es Informationen einfacher zu ver\u00f6ffentlichen und abzurufen.<\/p><\/div><\/div><\/div><!-- Start of Story Repeater Content --><div id=\"twae-article-5c21c9e\" class=\"twae-repeater-item twae-story swiper-slide twae-story-no-icon\"><!-- Story Icon --><div class=\"twae-icon\"><i aria-hidden=\"true\" class=\"far fa-clock\"><\/i><\/div><!-- Story Arrow --><div class=\"twae-arrow\"><\/div><!-- Start of Story Content --><div class=\"twae-content\"><!-- Story Title --><div class=\"twae-title twae-title twae-title twae-title twae-title twae-title twae-title twae-title twae-title\">1995<\/div><!-- Story Description --><div class=\"twae-description twae-description twae-description twae-description twae-description twae-description twae-description twae-description twae-description\"><p>Amazon geht online.<\/p><\/div><\/div><\/div><!-- Start of Story Repeater Content --><div id=\"twae-article-b6b1c73\" class=\"twae-repeater-item twae-story swiper-slide twae-story-no-icon\"><!-- Story Icon --><div class=\"twae-icon\"><i aria-hidden=\"true\" class=\"fas fa-cart-arrow-down\"><\/i><\/div><!-- Story Arrow --><div class=\"twae-arrow\"><\/div><!-- Start of Story Content --><div class=\"twae-content\"><!-- Story Title --><div class=\"twae-title twae-title twae-title twae-title twae-title twae-title twae-title twae-title twae-title twae-title\">1996<\/div><!-- Story Description --><div class=\"twae-description twae-description twae-description twae-description twae-description twae-description twae-description twae-description twae-description twae-description\"><p>Der Online-Marktplatz eBay gibt Internetnutzern die M\u00f6glichkeit, untereinander zu handeln.<\/p><\/div><\/div><\/div><!-- Start of Story Repeater Content --><div id=\"twae-article-f77768d\" class=\"twae-repeater-item twae-story swiper-slide twae-story-no-icon\"><!-- Story Icon --><div class=\"twae-icon\"><i aria-hidden=\"true\" class=\"fas fa-desktop\"><\/i><\/div><!-- Story Arrow --><div class=\"twae-arrow\"><\/div><!-- Start of Story Content --><div class=\"twae-content\"><!-- Story Title --><div class=\"twae-title twae-title twae-title twae-title twae-title twae-title twae-title twae-title twae-title twae-title twae-title\">1998<\/div><!-- Story Description --><div class=\"twae-description twae-description twae-description twae-description twae-description twae-description twae-description twae-description twae-description twae-description twae-description\"><p>Google wird gegr\u00fcndet. Gleichzeitig erfolgt der Start der gleichnamigen Suchmaschine.<\/p><\/div><\/div><\/div><!-- Start of Story Repeater Content --><div id=\"twae-article-cf98db3\" class=\"twae-repeater-item twae-story swiper-slide twae-story-no-icon\"><!-- Story Icon --><div class=\"twae-icon\"><i aria-hidden=\"true\" class=\"fas fa-music\"><\/i><\/div><!-- Story Arrow --><div class=\"twae-arrow\"><\/div><!-- Start of Story Content --><div class=\"twae-content\"><!-- Story Title --><div class=\"twae-title twae-title twae-title twae-title twae-title twae-title twae-title twae-title twae-title twae-title twae-title twae-title\">1999<\/div><!-- Story Description --><div class=\"twae-description twae-description twae-description twae-description twae-description twae-description twae-description twae-description twae-description twae-description twae-description twae-description\"><p>Die Musiktauschb\u00f6rse napster kommt auf den Markt.<\/p><\/div><\/div><\/div><!-- Start of Story Repeater Content --><div id=\"twae-article-5dd2d80\" class=\"twae-repeater-item twae-story swiper-slide twae-story-no-icon\"><!-- Story Icon --><div class=\"twae-icon\"><i aria-hidden=\"true\" class=\"fas fa-book\"><\/i><\/div><!-- Story Arrow --><div class=\"twae-arrow\"><\/div><!-- Start of Story Content --><div class=\"twae-content\"><!-- Story Title --><div class=\"twae-title twae-title twae-title twae-title twae-title twae-title twae-title twae-title twae-title twae-title twae-title twae-title twae-title\">2001<\/div><!-- Story Description --><div class=\"twae-description twae-description twae-description twae-description twae-description twae-description twae-description twae-description twae-description twae-description twae-description twae-description twae-description\"><p>Die Online-Enzyklop\u00e4die Wikipedia entsteht. Internetnutzer formulieren Inhalte und ver\u00f6ffentlichen diese selbst.<\/p><\/div><\/div><\/div><!-- Start of Story Repeater Content --><div id=\"twae-article-06e6603\" class=\"twae-repeater-item twae-story swiper-slide twae-story-no-icon\"><!-- Story Icon --><div class=\"twae-icon\"><i aria-hidden=\"true\" class=\"fas fa-desktop\"><\/i><\/div><!-- Story Arrow --><div class=\"twae-arrow\"><\/div><!-- Start of Story Content --><div class=\"twae-content\"><!-- Story Title --><div class=\"twae-title twae-title twae-title twae-title twae-title twae-title twae-title twae-title twae-title twae-title twae-title twae-title twae-title twae-title\">2003<\/div><!-- Story Description --><div class=\"twae-description twae-description twae-description twae-description twae-description twae-description twae-description twae-description twae-description twae-description twae-description twae-description twae-description twae-description\"><p>Skype und Myspace starten ihr Business. Skype bietet die erste Schnittstelle f\u00fcr Voice over IP (VoIP) Telefonie. Myspace ist zu dieser Zeit die bekannteste soziale Website.<\/p><\/div><\/div><\/div><!-- Start of Story Repeater Content --><div id=\"twae-article-3f75a1f\" class=\"twae-repeater-item twae-story swiper-slide twae-story-no-icon\"><!-- Story Icon --><div class=\"twae-icon\"><i aria-hidden=\"true\" class=\"fas fa-laptop\"><\/i><\/div><!-- Story Arrow --><div class=\"twae-arrow\"><\/div><!-- Start of Story Content --><div class=\"twae-content\"><!-- Story Title --><div class=\"twae-title twae-title twae-title twae-title twae-title twae-title twae-title twae-title twae-title twae-title twae-title twae-title twae-title twae-title twae-title\">2004<\/div><!-- Story Description --><div class=\"twae-description twae-description twae-description twae-description twae-description twae-description twae-description twae-description twae-description twae-description twae-description twae-description twae-description twae-description twae-description\"><p>Mark Zuckerberg gr\u00fcndet Facebook.<\/p><\/div><\/div><\/div><!-- Start of Story Repeater Content --><div id=\"twae-article-7a887e3\" class=\"twae-repeater-item twae-story swiper-slide twae-story-no-icon\"><!-- Story Icon --><div class=\"twae-icon\"><i aria-hidden=\"true\" class=\"fas fa-tablet-alt\"><\/i><\/div><!-- Story Arrow --><div class=\"twae-arrow\"><\/div><!-- Start of Story Content --><div class=\"twae-content\"><!-- Story Title --><div class=\"twae-title twae-title twae-title twae-title twae-title twae-title twae-title twae-title twae-title twae-title twae-title twae-title twae-title twae-title twae-title twae-title\">2005<\/div><!-- Story Description --><div class=\"twae-description twae-description twae-description twae-description twae-description twae-description twae-description twae-description twae-description twae-description twae-description twae-description twae-description twae-description twae-description twae-description\"><p>YouTube geht mit seiner Online-Video-Plattform live. Nutzer k\u00f6nnen Videos einstellen und mit anderen teilen.<\/p><\/div><\/div><\/div><!-- Start of Story Repeater Content --><div id=\"twae-article-436b523\" class=\"twae-repeater-item twae-story swiper-slide twae-story-no-icon\"><!-- Story Icon --><div class=\"twae-icon\"><i aria-hidden=\"true\" class=\"fab fa-twitter\"><\/i><\/div><!-- Story Arrow --><div class=\"twae-arrow\"><\/div><!-- Start of Story Content --><div class=\"twae-content\"><!-- Story Title --><div class=\"twae-title twae-title twae-title twae-title twae-title twae-title twae-title twae-title twae-title twae-title twae-title twae-title twae-title twae-title twae-title twae-title twae-title\">2006<\/div><!-- Story Description --><div class=\"twae-description twae-description twae-description twae-description twae-description twae-description twae-description twae-description twae-description twae-description twae-description twae-description twae-description twae-description twae-description twae-description twae-description\"><p>Der Mikroblogging-Dienst Twitter kommt auf den Markt.<\/p><\/div><\/div><\/div><!-- Start of Story Repeater Content --><div id=\"twae-article-9b5c496\" class=\"twae-repeater-item twae-story swiper-slide twae-story-no-icon\"><!-- Story Icon --><div class=\"twae-icon\"><i aria-hidden=\"true\" class=\"fas fa-mobile-alt\"><\/i><\/div><!-- Story Arrow --><div class=\"twae-arrow\"><\/div><!-- Start of Story Content --><div class=\"twae-content\"><!-- Story Title --><div class=\"twae-title twae-title twae-title twae-title twae-title twae-title twae-title twae-title twae-title twae-title twae-title twae-title twae-title twae-title twae-title twae-title twae-title twae-title\">2007<\/div><!-- Story Description --><div class=\"twae-description twae-description twae-description twae-description twae-description twae-description twae-description twae-description twae-description twae-description twae-description twae-description twae-description twae-description twae-description twae-description twae-description twae-description\"><p>Apple lanciert das erste iPhone. Mobiles Surfen wird mit dem Betriebssystem iOS komfortabel.<\/p><\/div><\/div><\/div><!-- Start of Story Repeater Content --><div id=\"twae-article-6c96db0\" class=\"twae-repeater-item twae-story swiper-slide twae-story-no-icon\"><!-- Story Icon --><div class=\"twae-icon\"><i aria-hidden=\"true\" class=\"fas fa-mobile-alt\"><\/i><\/div><!-- Story Arrow --><div class=\"twae-arrow\"><\/div><!-- Start of Story Content --><div class=\"twae-content\"><!-- Story Title --><div class=\"twae-title twae-title twae-title twae-title twae-title twae-title twae-title twae-title twae-title twae-title twae-title twae-title twae-title twae-title twae-title twae-title twae-title twae-title twae-title\">2008<\/div><!-- Story Description --><div class=\"twae-description twae-description twae-description twae-description twae-description twae-description twae-description twae-description twae-description twae-description twae-description twae-description twae-description twae-description twae-description twae-description twae-description twae-description twae-description\"><p>Google kontert iOS mit dem Betriebssystem Android.<\/p><\/div><\/div><\/div><!-- Start of Story Repeater Content --><div id=\"twae-article-1440050\" class=\"twae-repeater-item twae-story swiper-slide twae-story-no-icon\"><!-- Story Icon --><div class=\"twae-icon\"><i aria-hidden=\"true\" class=\"far fa-comments\"><\/i><\/div><!-- Story Arrow --><div class=\"twae-arrow\"><\/div><!-- Start of Story Content --><div class=\"twae-content\"><!-- Story Title --><div class=\"twae-title twae-title twae-title twae-title twae-title twae-title twae-title twae-title twae-title twae-title twae-title twae-title twae-title twae-title twae-title twae-title twae-title twae-title twae-title twae-title\">2009<\/div><!-- Story Description --><div class=\"twae-description twae-description twae-description twae-description twae-description twae-description twae-description twae-description twae-description twae-description twae-description twae-description twae-description twae-description twae-description twae-description twae-description twae-description twae-description twae-description\"><p>WhatsApp startet seine Erfolgsgeschichte mit dem Instant Messaging von Texten, Bildern, Videos und Sprachnachrichten.<\/p><\/div><\/div><\/div><!-- Start of Story Repeater Content --><div id=\"twae-article-c832554\" class=\"twae-repeater-item twae-story swiper-slide twae-story-no-icon\"><!-- Story Icon --><div class=\"twae-icon\"><i aria-hidden=\"true\" class=\"far fa-star\"><\/i><\/div><!-- Story Arrow --><div class=\"twae-arrow\"><\/div><!-- Start of Story Content --><div class=\"twae-content\"><!-- Story Image --><div class=\"twae-media large\"><img decoding=\"async\" width=\"240\" height=\"115\" src=\"https:\/\/www.deutsche-glasfaser.de\/blog\/wp-content\/uploads\/2021\/08\/Logo_Blog-240.png\" class=\"attachment-large size-large\" alt=\"\" \/><\/div><!-- Story Title --><div class=\"twae-title twae-title twae-title twae-title twae-title twae-title twae-title twae-title twae-title twae-title twae-title twae-title twae-title twae-title twae-title twae-title twae-title twae-title twae-title twae-title twae-title\">2011<\/div><!-- Story Description --><div class=\"twae-description twae-description twae-description twae-description twae-description twae-description twae-description twae-description twae-description twae-description twae-description twae-description twae-description twae-description twae-description twae-description twae-description twae-description twae-description twae-description twae-description\"><p>Deutsche Glasfaser wird gegr\u00fcndet.<\/p><\/div><\/div><\/div><!-- Start of Story Repeater Content --><div id=\"twae-article-e8e2bc8\" class=\"twae-repeater-item twae-story swiper-slide twae-story-no-icon\"><!-- Story Icon --><div class=\"twae-icon\"><i aria-hidden=\"true\" class=\"far fa-star\"><\/i><\/div><!-- Story Arrow --><div class=\"twae-arrow\"><\/div><!-- Start of Story Content --><div class=\"twae-content\"><!-- Story Image --><div class=\"twae-media large\"><img decoding=\"async\" width=\"240\" height=\"115\" src=\"https:\/\/www.deutsche-glasfaser.de\/blog\/wp-content\/uploads\/2021\/08\/Logo_Blog-240.png\" class=\"attachment-large size-large\" alt=\"\" \/><\/div><!-- Story Title --><div class=\"twae-title twae-title twae-title twae-title twae-title twae-title twae-title twae-title twae-title twae-title twae-title twae-title twae-title twae-title twae-title twae-title twae-title twae-title twae-title twae-title twae-title twae-title\">2013<\/div><!-- Story Description --><div class=\"twae-description twae-description twae-description twae-description twae-description twae-description twae-description twae-description twae-description twae-description twae-description twae-description twae-description twae-description twae-description twae-description twae-description twae-description twae-description twae-description twae-description twae-description\"><p>Deutsche Glasfaser hat 35.000 Kunden an das eigene Glasfasernetz angeschlossen.<\/p><\/div><\/div><\/div><!-- Start of Story Repeater Content --><div id=\"twae-article-750e1ac\" class=\"twae-repeater-item twae-story swiper-slide twae-story-no-icon\"><!-- Story Icon --><div class=\"twae-icon\"><i aria-hidden=\"true\" class=\"fas fa-gamepad\"><\/i><\/div><!-- Story Arrow --><div class=\"twae-arrow\"><\/div><!-- Start of Story Content --><div class=\"twae-content\"><!-- Story Title --><div class=\"twae-title twae-title twae-title twae-title twae-title twae-title twae-title twae-title twae-title twae-title twae-title twae-title twae-title twae-title twae-title twae-title twae-title twae-title twae-title twae-title twae-title twae-title twae-title\">2013<\/div><!-- Story Description --><div class=\"twae-description twae-description twae-description twae-description twae-description twae-description twae-description twae-description twae-description twae-description twae-description twae-description twae-description twae-description twae-description twae-description twae-description twae-description twae-description twae-description twae-description twae-description twae-description\"><p>Google Glasses kommen auf den Markt. Scheinbar zu fr\u00fch, da Virtual und Augmented Reality noch am Anfang stehen.<\/p><\/div><\/div><\/div><!-- Start of Story Repeater Content --><div id=\"twae-article-3c0ae44\" class=\"twae-repeater-item twae-story swiper-slide twae-story-no-icon\"><!-- Story Icon --><div class=\"twae-icon\"><i aria-hidden=\"true\" class=\"far fa-clock\"><\/i><\/div><!-- Story Arrow --><div class=\"twae-arrow\"><\/div><!-- Start of Story Content --><div class=\"twae-content\"><!-- Story Title --><div class=\"twae-title twae-title twae-title twae-title twae-title twae-title twae-title twae-title twae-title twae-title twae-title twae-title twae-title twae-title twae-title twae-title twae-title twae-title twae-title twae-title twae-title twae-title twae-title twae-title\">2014<\/div><!-- Story Description --><div class=\"twae-description twae-description twae-description twae-description twae-description twae-description twae-description twae-description twae-description twae-description twae-description twae-description twae-description twae-description twae-description twae-description twae-description twae-description twae-description twae-description twae-description twae-description twae-description twae-description\"><p>Amazon entwickelt den Echo Lautsprecher. Smart-Home wird zu einem der Kotenpunktthemen am Markt.<\/p><\/div><\/div><\/div><!-- Start of Story Repeater Content --><div id=\"twae-article-1cdd634\" class=\"twae-repeater-item twae-story swiper-slide twae-story-no-icon\"><!-- Story Icon --><div class=\"twae-icon\"><i aria-hidden=\"true\" class=\"far fa-star\"><\/i><\/div><!-- Story Arrow --><div class=\"twae-arrow\"><\/div><!-- Start of Story Content --><div class=\"twae-content\"><!-- Story Image --><div class=\"twae-media large\"><img decoding=\"async\" width=\"240\" height=\"115\" src=\"https:\/\/www.deutsche-glasfaser.de\/blog\/wp-content\/uploads\/2021\/08\/Logo_Blog-240.png\" class=\"attachment-large size-large\" alt=\"\" \/><\/div><!-- Story Title --><div class=\"twae-title twae-title twae-title twae-title twae-title twae-title twae-title twae-title twae-title twae-title twae-title twae-title twae-title twae-title twae-title twae-title twae-title twae-title twae-title twae-title twae-title twae-title twae-title twae-title twae-title\">2017<\/div><!-- Story Description --><div class=\"twae-description twae-description twae-description twae-description twae-description twae-description twae-description twae-description twae-description twae-description twae-description twae-description twae-description twae-description twae-description twae-description twae-description twae-description twae-description twae-description twae-description twae-description twae-description twae-description twae-description\"><p>Deutsche Glasfaser expandiert und hat neun Standorte in ganz Deutschland.<\/p><\/div><\/div><\/div><!-- Start of Story Repeater Content --><div id=\"twae-article-a7a1a94\" class=\"twae-repeater-item twae-story swiper-slide twae-story-no-icon\"><!-- Story Icon --><div class=\"twae-icon\"><i aria-hidden=\"true\" class=\"far fa-star\"><\/i><\/div><!-- Story Arrow --><div class=\"twae-arrow\"><\/div><!-- Start of Story Content --><div class=\"twae-content\"><!-- Story Image --><div class=\"twae-media large\"><img decoding=\"async\" width=\"240\" height=\"115\" src=\"https:\/\/www.deutsche-glasfaser.de\/blog\/wp-content\/uploads\/2021\/08\/Logo_Blog-240.png\" class=\"attachment-large size-large\" alt=\"\" \/><\/div><!-- Story Title --><div class=\"twae-title twae-title twae-title twae-title twae-title twae-title twae-title twae-title twae-title twae-title twae-title twae-title twae-title twae-title twae-title twae-title twae-title twae-title twae-title twae-title twae-title twae-title twae-title twae-title twae-title twae-title\">2018<\/div><!-- Story Description --><div class=\"twae-description twae-description twae-description twae-description twae-description twae-description twae-description twae-description twae-description twae-description twae-description twae-description twae-description twae-description twae-description twae-description twae-description twae-description twae-description twae-description twae-description twae-description twae-description twae-description twae-description twae-description\"><p>Deutsche Glasfaser wird Pionier im Bereich FTTH-Anbieter in Deutschland.<\/p><\/div><\/div><\/div><!-- Start of Story Repeater Content --><div id=\"twae-article-a616b9e\" class=\"twae-repeater-item twae-story swiper-slide twae-story-no-icon\"><!-- Story Icon --><div class=\"twae-icon\"><i aria-hidden=\"true\" class=\"fas fa-arrows-alt-v\"><\/i><\/div><!-- Story Arrow --><div class=\"twae-arrow\"><\/div><!-- Start of Story Content --><div class=\"twae-content\"><!-- Story Title --><div class=\"twae-title twae-title twae-title twae-title twae-title twae-title twae-title twae-title twae-title twae-title twae-title twae-title twae-title twae-title twae-title twae-title twae-title twae-title twae-title twae-title twae-title twae-title twae-title twae-title twae-title twae-title twae-title\">2017-2019<\/div><!-- Story Description --><div class=\"twae-description twae-description twae-description twae-description twae-description twae-description twae-description twae-description twae-description twae-description twae-description twae-description twae-description twae-description twae-description twae-description twae-description twae-description twae-description twae-description twae-description twae-description twae-description twae-description twae-description twae-description twae-description\"><p>Das Internet of Things w\u00e4chst weiter. Genauso wie Artifical Intelligence, Blockchain und smarte Endger\u00e4te, die dank Glasfaser zuk\u00fcnftig miteinander kommunizieren.<\/p><\/div><\/div><\/div><!-- Start of Story Repeater Content --><div id=\"twae-article-30f39d7\" class=\"twae-repeater-item twae-story swiper-slide twae-story-no-icon\"><!-- Story Icon --><div class=\"twae-icon\"><i aria-hidden=\"true\" class=\"far fa-star\"><\/i><\/div><!-- Story Arrow --><div class=\"twae-arrow\"><\/div><!-- Start of Story Content --><div class=\"twae-content\"><!-- Story Image --><div class=\"twae-media large\"><img decoding=\"async\" width=\"240\" height=\"115\" src=\"https:\/\/www.deutsche-glasfaser.de\/blog\/wp-content\/uploads\/2021\/08\/Logo_Blog-240.png\" class=\"attachment-large size-large\" alt=\"\" \/><\/div><!-- Story Title --><div class=\"twae-title twae-title twae-title twae-title twae-title twae-title twae-title twae-title twae-title twae-title twae-title twae-title twae-title twae-title twae-title twae-title twae-title twae-title twae-title twae-title twae-title twae-title twae-title twae-title twae-title twae-title twae-title twae-title\">2019<\/div><!-- Story Description --><div class=\"twae-description twae-description twae-description twae-description twae-description twae-description twae-description twae-description twae-description twae-description twae-description twae-description twae-description twae-description twae-description twae-description twae-description twae-description twae-description twae-description twae-description twae-description twae-description twae-description twae-description twae-description twae-description twae-description\"><p>Deutsche Glasfaser feiert 500.000 erfolgreiche FTTH-Anschl\u00fcsse.<\/p><\/div><\/div><\/div><!-- Start of Story Repeater Content --><div id=\"twae-article-def28f3\" class=\"twae-repeater-item twae-story swiper-slide twae-story-no-icon\"><!-- Story Icon --><div class=\"twae-icon\"><i aria-hidden=\"true\" class=\"far fa-star\"><\/i><\/div><!-- Story Arrow --><div class=\"twae-arrow\"><\/div><!-- Start of Story Content --><div class=\"twae-content\"><!-- Story Image --><div class=\"twae-media large\"><img decoding=\"async\" width=\"240\" height=\"115\" src=\"https:\/\/www.deutsche-glasfaser.de\/blog\/wp-content\/uploads\/2021\/08\/Logo_Blog-240.png\" class=\"attachment-large size-large\" alt=\"\" \/><\/div><!-- Story Title --><div class=\"twae-title twae-title twae-title twae-title twae-title twae-title twae-title twae-title twae-title twae-title twae-title twae-title twae-title twae-title twae-title twae-title twae-title twae-title twae-title twae-title twae-title twae-title twae-title twae-title twae-title twae-title twae-title twae-title twae-title\">2020<\/div><!-- Story Description --><div class=\"twae-description twae-description twae-description twae-description twae-description twae-description twae-description twae-description twae-description twae-description twae-description twae-description twae-description twae-description twae-description twae-description twae-description twae-description twae-description twae-description twae-description twae-description twae-description twae-description twae-description twae-description twae-description twae-description twae-description\"><p>Deutsche Glasfaser gelingt es, neue Investoren zu gewinnen. Deutsche Glasfaser und inexio wachsen zu einer Unternehmensgruppe zusammen.<\/p><\/div><\/div><\/div><\/div><\/div><\/div> <!-- Add Arrows -->\n       <div class=\"twae-button-prev\"><i class=\"fas fa-chevron-left\"><\/i><\/div>\n       <div class=\"twae-button-next\"><i class=\"fas fa-chevron-right\"><\/i><\/div>\n       <div class=\"twae-h-line\"><\/div>\n       <div class=\"twae-line-fill\"><\/div>\n    <\/div><style type=\"text\/css\">@media (max-width: 1024px){ .twae-wrapper{--tw-ybx-size: 75px !important;}}@media (max-width: 767px){ .twae-wrapper{--tw-ybx-size: 75px !important}}<\/style>\t\t\t\t<\/div>\n\t\t\t\t<\/div>\n\t\t\t\t<div class=\"elementor-element elementor-element-0d9d227 elementor-widget elementor-widget-heading\" data-id=\"0d9d227\" data-element_type=\"widget\" data-e-type=\"widget\" data-widget_type=\"heading.default\">\n\t\t\t\t<div class=\"elementor-widget-container\">\n\t\t\t\t\t<h2 class=\"elementor-heading-title elementor-size-default\">Das passiert in einer Minute im Internet:<\/h2>\t\t\t\t<\/div>\n\t\t\t\t<\/div>\n\t\t\t\t<div class=\"elementor-element elementor-element-6d64e88 elementor-widget elementor-widget-image\" data-id=\"6d64e88\" data-element_type=\"widget\" data-e-type=\"widget\" data-widget_type=\"image.default\">\n\t\t\t\t<div class=\"elementor-widget-container\">\n\t\t\t\t\t\t\t\t\t\t\t\t\t\t\t<img fetchpriority=\"high\" decoding=\"async\" width=\"768\" height=\"768\" src=\"https:\/\/www.deutsche-glasfaser.de\/blog\/wp-content\/uploads\/2021\/08\/DG073_Grafik_60_Sekunden_R1_03-Kopie.jpg\" class=\"attachment-medium_large size-medium_large wp-image-6580\" alt=\"\" \/>\t\t\t\t\t\t\t\t\t\t\t\t\t\t\t<\/div>\n\t\t\t\t<\/div>\n\t\t\t\t\t<\/div>\n\t\t<\/div>\n\t\t\t\t\t<\/div>\n\t\t<\/section>\n\t\t\t\t<\/div>\n\t\t","protected":false},"excerpt":{"rendered":"<p>Wir nehmen Sie mit auf eine Zeitreise durchs Netz Schnelllebig, weitreichend und immer topaktuell: Das ist das Internet. In den 1960er Jahren noch ausschlie\u00dflich f\u00fcr Forschungszwecke genutzt, ist es heute aus unserem Alltag kaum wegzudenken. Suchmaschinen, Einkaufsplattformen und soziale Medien [&hellip;]<\/p>\n","protected":false},"author":5,"featured_media":6411,"comment_status":"closed","ping_status":"open","sticky":false,"template":"","format":"standard","meta":{"footnotes":""},"categories":[1],"tags":[],"class_list":["post-1065","post","type-post","status-publish","format-standard","has-post-thumbnail","hentry","category-service"],"yoast_head":"<!-- This site is optimized with the Yoast SEO plugin v27.5 - https:\/\/yoast.com\/product\/yoast-seo-wordpress\/ -->\n<title>Internet-Geschichte: Wichtige Meilensteine im \u00dcberblick<\/title>\n<meta name=\"description\" content=\"Erfahren Sie mehr \u00fcber die Internet-Geschichte und die wichtigsten Meilensteine der Technologie.\" \/>\n<meta name=\"robots\" content=\"index, follow, max-snippet:-1, max-image-preview:large, max-video-preview:-1\" \/>\n<link rel=\"canonical\" href=\"https:\/\/www.deutsche-glasfaser.de\/blog\/zurueck-in-die-zukunft\/\" \/>\n<meta property=\"og:locale\" content=\"de_DE\" \/>\n<meta property=\"og:type\" content=\"article\" \/>\n<meta property=\"og:title\" content=\"Internet-Geschichte: Wichtige Meilensteine im \u00dcberblick\" \/>\n<meta property=\"og:description\" content=\"Erfahren Sie mehr \u00fcber die Internet-Geschichte und die wichtigsten Meilensteine der Technologie.\" \/>\n<meta property=\"og:url\" content=\"https:\/\/www.deutsche-glasfaser.de\/blog\/zurueck-in-die-zukunft\/\" \/>\n<meta property=\"og:site_name\" content=\"Digitales B\u00fcrgernetz\" \/>\n<meta property=\"article:published_time\" content=\"2020-10-28T16:12:20+00:00\" \/>\n<meta property=\"article:modified_time\" content=\"2025-12-09T08:49:45+00:00\" \/>\n<meta property=\"og:image\" content=\"https:\/\/www.deutsche-glasfaser.de\/blog\/wp-content\/uploads\/2021\/08\/Zeitreise-scaled-e1604317110597_CS.jpg\" \/>\n\t<meta property=\"og:image:width\" content=\"1500\" \/>\n\t<meta property=\"og:image:height\" content=\"705\" \/>\n\t<meta property=\"og:image:type\" content=\"image\/jpeg\" \/>\n<meta name=\"author\" content=\"Deutsche Glasfaser\" \/>\n<meta name=\"twitter:card\" content=\"summary_large_image\" \/>\n<meta name=\"twitter:label1\" content=\"Verfasst von\" \/>\n\t<meta name=\"twitter:data1\" content=\"Deutsche Glasfaser\" \/>\n\t<meta name=\"twitter:label2\" content=\"Gesch\u00e4tzte Lesezeit\" \/>\n\t<meta name=\"twitter:data2\" content=\"5\u00a0Minuten\" \/>\n<script type=\"application\/ld+json\" class=\"yoast-schema-graph\">{\"@context\":\"https:\\\/\\\/schema.org\",\"@graph\":[{\"@type\":\"Article\",\"@id\":\"https:\\\/\\\/www.deutsche-glasfaser.de\\\/blog\\\/zurueck-in-die-zukunft\\\/#article\",\"isPartOf\":{\"@id\":\"https:\\\/\\\/www.deutsche-glasfaser.de\\\/blog\\\/zurueck-in-die-zukunft\\\/\"},\"author\":{\"name\":\"Deutsche Glasfaser\",\"@id\":\"https:\\\/\\\/www.deutsche-glasfaser.de\\\/blog\\\/#\\\/schema\\\/person\\\/9380a6dc7443d77143d0c66c409f574b\"},\"headline\":\"Zur\u00fcck in die Zukunft\",\"datePublished\":\"2020-10-28T16:12:20+00:00\",\"dateModified\":\"2025-12-09T08:49:45+00:00\",\"mainEntityOfPage\":{\"@id\":\"https:\\\/\\\/www.deutsche-glasfaser.de\\\/blog\\\/zurueck-in-die-zukunft\\\/\"},\"wordCount\":463,\"publisher\":{\"@id\":\"https:\\\/\\\/www.deutsche-glasfaser.de\\\/blog\\\/#organization\"},\"image\":{\"@id\":\"https:\\\/\\\/www.deutsche-glasfaser.de\\\/blog\\\/zurueck-in-die-zukunft\\\/#primaryimage\"},\"thumbnailUrl\":\"https:\\\/\\\/www.deutsche-glasfaser.de\\\/blog\\\/wp-content\\\/uploads\\\/2021\\\/08\\\/Zeitreise-scaled-e1604317110597_CS.jpg\",\"articleSection\":[\"Service\"],\"inLanguage\":\"de\"},{\"@type\":\"WebPage\",\"@id\":\"https:\\\/\\\/www.deutsche-glasfaser.de\\\/blog\\\/zurueck-in-die-zukunft\\\/\",\"url\":\"https:\\\/\\\/www.deutsche-glasfaser.de\\\/blog\\\/zurueck-in-die-zukunft\\\/\",\"name\":\"Internet-Geschichte: Wichtige Meilensteine im \u00dcberblick\",\"isPartOf\":{\"@id\":\"https:\\\/\\\/www.deutsche-glasfaser.de\\\/blog\\\/#website\"},\"primaryImageOfPage\":{\"@id\":\"https:\\\/\\\/www.deutsche-glasfaser.de\\\/blog\\\/zurueck-in-die-zukunft\\\/#primaryimage\"},\"image\":{\"@id\":\"https:\\\/\\\/www.deutsche-glasfaser.de\\\/blog\\\/zurueck-in-die-zukunft\\\/#primaryimage\"},\"thumbnailUrl\":\"https:\\\/\\\/www.deutsche-glasfaser.de\\\/blog\\\/wp-content\\\/uploads\\\/2021\\\/08\\\/Zeitreise-scaled-e1604317110597_CS.jpg\",\"datePublished\":\"2020-10-28T16:12:20+00:00\",\"dateModified\":\"2025-12-09T08:49:45+00:00\",\"description\":\"Erfahren Sie mehr \u00fcber die Internet-Geschichte und die wichtigsten Meilensteine der Technologie.\",\"inLanguage\":\"de\",\"potentialAction\":[{\"@type\":\"ReadAction\",\"target\":[\"https:\\\/\\\/www.deutsche-glasfaser.de\\\/blog\\\/zurueck-in-die-zukunft\\\/\"]}]},{\"@type\":\"ImageObject\",\"inLanguage\":\"de\",\"@id\":\"https:\\\/\\\/www.deutsche-glasfaser.de\\\/blog\\\/zurueck-in-die-zukunft\\\/#primaryimage\",\"url\":\"https:\\\/\\\/www.deutsche-glasfaser.de\\\/blog\\\/wp-content\\\/uploads\\\/2021\\\/08\\\/Zeitreise-scaled-e1604317110597_CS.jpg\",\"contentUrl\":\"https:\\\/\\\/www.deutsche-glasfaser.de\\\/blog\\\/wp-content\\\/uploads\\\/2021\\\/08\\\/Zeitreise-scaled-e1604317110597_CS.jpg\",\"width\":1500,\"height\":705},{\"@type\":\"WebSite\",\"@id\":\"https:\\\/\\\/www.deutsche-glasfaser.de\\\/blog\\\/#website\",\"url\":\"https:\\\/\\\/www.deutsche-glasfaser.de\\\/blog\\\/\",\"name\":\"Digitales B\u00fcrgernetz\",\"description\":\"Deutsche Glasfaser Blog\",\"publisher\":{\"@id\":\"https:\\\/\\\/www.deutsche-glasfaser.de\\\/blog\\\/#organization\"},\"potentialAction\":[{\"@type\":\"SearchAction\",\"target\":{\"@type\":\"EntryPoint\",\"urlTemplate\":\"https:\\\/\\\/www.deutsche-glasfaser.de\\\/blog\\\/?s={search_term_string}\"},\"query-input\":{\"@type\":\"PropertyValueSpecification\",\"valueRequired\":true,\"valueName\":\"search_term_string\"}}],\"inLanguage\":\"de\"},{\"@type\":\"Organization\",\"@id\":\"https:\\\/\\\/www.deutsche-glasfaser.de\\\/blog\\\/#organization\",\"name\":\"Digitales B\u00fcrgernetz\",\"url\":\"https:\\\/\\\/www.deutsche-glasfaser.de\\\/blog\\\/\",\"logo\":{\"@type\":\"ImageObject\",\"inLanguage\":\"de\",\"@id\":\"https:\\\/\\\/www.deutsche-glasfaser.de\\\/blog\\\/#\\\/schema\\\/logo\\\/image\\\/\",\"url\":\"https:\\\/\\\/www.deutsche-glasfaser.de\\\/blog\\\/wp-content\\\/uploads\\\/2021\\\/08\\\/DGF_Logo_Basis_RGB-Large@2x.png\",\"contentUrl\":\"https:\\\/\\\/www.deutsche-glasfaser.de\\\/blog\\\/wp-content\\\/uploads\\\/2021\\\/08\\\/DGF_Logo_Basis_RGB-Large@2x.png\",\"width\":312,\"height\":104,\"caption\":\"Digitales B\u00fcrgernetz\"},\"image\":{\"@id\":\"https:\\\/\\\/www.deutsche-glasfaser.de\\\/blog\\\/#\\\/schema\\\/logo\\\/image\\\/\"}},{\"@type\":\"Person\",\"@id\":\"https:\\\/\\\/www.deutsche-glasfaser.de\\\/blog\\\/#\\\/schema\\\/person\\\/9380a6dc7443d77143d0c66c409f574b\",\"name\":\"Deutsche Glasfaser\"}]}<\/script>\n<!-- \/ Yoast SEO plugin. -->","yoast_head_json":{"title":"Internet-Geschichte: Wichtige Meilensteine im \u00dcberblick","description":"Erfahren Sie mehr \u00fcber die Internet-Geschichte und die wichtigsten Meilensteine der Technologie.","robots":{"index":"index","follow":"follow","max-snippet":"max-snippet:-1","max-image-preview":"max-image-preview:large","max-video-preview":"max-video-preview:-1"},"canonical":"https:\/\/www.deutsche-glasfaser.de\/blog\/zurueck-in-die-zukunft\/","og_locale":"de_DE","og_type":"article","og_title":"Internet-Geschichte: Wichtige Meilensteine im \u00dcberblick","og_description":"Erfahren Sie mehr \u00fcber die Internet-Geschichte und die wichtigsten Meilensteine der Technologie.","og_url":"https:\/\/www.deutsche-glasfaser.de\/blog\/zurueck-in-die-zukunft\/","og_site_name":"Digitales B\u00fcrgernetz","article_published_time":"2020-10-28T16:12:20+00:00","article_modified_time":"2025-12-09T08:49:45+00:00","og_image":[{"width":1500,"height":705,"url":"https:\/\/www.deutsche-glasfaser.de\/blog\/wp-content\/uploads\/2021\/08\/Zeitreise-scaled-e1604317110597_CS.jpg","type":"image\/jpeg"}],"author":"Deutsche Glasfaser","twitter_card":"summary_large_image","twitter_misc":{"Verfasst von":"Deutsche Glasfaser","Gesch\u00e4tzte Lesezeit":"5\u00a0Minuten"},"schema":{"@context":"https:\/\/schema.org","@graph":[{"@type":"Article","@id":"https:\/\/www.deutsche-glasfaser.de\/blog\/zurueck-in-die-zukunft\/#article","isPartOf":{"@id":"https:\/\/www.deutsche-glasfaser.de\/blog\/zurueck-in-die-zukunft\/"},"author":{"name":"Deutsche Glasfaser","@id":"https:\/\/www.deutsche-glasfaser.de\/blog\/#\/schema\/person\/9380a6dc7443d77143d0c66c409f574b"},"headline":"Zur\u00fcck in die Zukunft","datePublished":"2020-10-28T16:12:20+00:00","dateModified":"2025-12-09T08:49:45+00:00","mainEntityOfPage":{"@id":"https:\/\/www.deutsche-glasfaser.de\/blog\/zurueck-in-die-zukunft\/"},"wordCount":463,"publisher":{"@id":"https:\/\/www.deutsche-glasfaser.de\/blog\/#organization"},"image":{"@id":"https:\/\/www.deutsche-glasfaser.de\/blog\/zurueck-in-die-zukunft\/#primaryimage"},"thumbnailUrl":"https:\/\/www.deutsche-glasfaser.de\/blog\/wp-content\/uploads\/2021\/08\/Zeitreise-scaled-e1604317110597_CS.jpg","articleSection":["Service"],"inLanguage":"de"},{"@type":"WebPage","@id":"https:\/\/www.deutsche-glasfaser.de\/blog\/zurueck-in-die-zukunft\/","url":"https:\/\/www.deutsche-glasfaser.de\/blog\/zurueck-in-die-zukunft\/","name":"Internet-Geschichte: Wichtige Meilensteine im \u00dcberblick","isPartOf":{"@id":"https:\/\/www.deutsche-glasfaser.de\/blog\/#website"},"primaryImageOfPage":{"@id":"https:\/\/www.deutsche-glasfaser.de\/blog\/zurueck-in-die-zukunft\/#primaryimage"},"image":{"@id":"https:\/\/www.deutsche-glasfaser.de\/blog\/zurueck-in-die-zukunft\/#primaryimage"},"thumbnailUrl":"https:\/\/www.deutsche-glasfaser.de\/blog\/wp-content\/uploads\/2021\/08\/Zeitreise-scaled-e1604317110597_CS.jpg","datePublished":"2020-10-28T16:12:20+00:00","dateModified":"2025-12-09T08:49:45+00:00","description":"Erfahren Sie mehr \u00fcber die Internet-Geschichte und die wichtigsten Meilensteine der Technologie.","inLanguage":"de","potentialAction":[{"@type":"ReadAction","target":["https:\/\/www.deutsche-glasfaser.de\/blog\/zurueck-in-die-zukunft\/"]}]},{"@type":"ImageObject","inLanguage":"de","@id":"https:\/\/www.deutsche-glasfaser.de\/blog\/zurueck-in-die-zukunft\/#primaryimage","url":"https:\/\/www.deutsche-glasfaser.de\/blog\/wp-content\/uploads\/2021\/08\/Zeitreise-scaled-e1604317110597_CS.jpg","contentUrl":"https:\/\/www.deutsche-glasfaser.de\/blog\/wp-content\/uploads\/2021\/08\/Zeitreise-scaled-e1604317110597_CS.jpg","width":1500,"height":705},{"@type":"WebSite","@id":"https:\/\/www.deutsche-glasfaser.de\/blog\/#website","url":"https:\/\/www.deutsche-glasfaser.de\/blog\/","name":"Digitales B\u00fcrgernetz","description":"Deutsche Glasfaser Blog","publisher":{"@id":"https:\/\/www.deutsche-glasfaser.de\/blog\/#organization"},"potentialAction":[{"@type":"SearchAction","target":{"@type":"EntryPoint","urlTemplate":"https:\/\/www.deutsche-glasfaser.de\/blog\/?s={search_term_string}"},"query-input":{"@type":"PropertyValueSpecification","valueRequired":true,"valueName":"search_term_string"}}],"inLanguage":"de"},{"@type":"Organization","@id":"https:\/\/www.deutsche-glasfaser.de\/blog\/#organization","name":"Digitales B\u00fcrgernetz","url":"https:\/\/www.deutsche-glasfaser.de\/blog\/","logo":{"@type":"ImageObject","inLanguage":"de","@id":"https:\/\/www.deutsche-glasfaser.de\/blog\/#\/schema\/logo\/image\/","url":"https:\/\/www.deutsche-glasfaser.de\/blog\/wp-content\/uploads\/2021\/08\/DGF_Logo_Basis_RGB-Large@2x.png","contentUrl":"https:\/\/www.deutsche-glasfaser.de\/blog\/wp-content\/uploads\/2021\/08\/DGF_Logo_Basis_RGB-Large@2x.png","width":312,"height":104,"caption":"Digitales B\u00fcrgernetz"},"image":{"@id":"https:\/\/www.deutsche-glasfaser.de\/blog\/#\/schema\/logo\/image\/"}},{"@type":"Person","@id":"https:\/\/www.deutsche-glasfaser.de\/blog\/#\/schema\/person\/9380a6dc7443d77143d0c66c409f574b","name":"Deutsche Glasfaser"}]}},"_links":{"self":[{"href":"https:\/\/www.deutsche-glasfaser.de\/blog\/wp-json\/wp\/v2\/posts\/1065","targetHints":{"allow":["GET"]}}],"collection":[{"href":"https:\/\/www.deutsche-glasfaser.de\/blog\/wp-json\/wp\/v2\/posts"}],"about":[{"href":"https:\/\/www.deutsche-glasfaser.de\/blog\/wp-json\/wp\/v2\/types\/post"}],"author":[{"embeddable":true,"href":"https:\/\/www.deutsche-glasfaser.de\/blog\/wp-json\/wp\/v2\/users\/5"}],"replies":[{"embeddable":true,"href":"https:\/\/www.deutsche-glasfaser.de\/blog\/wp-json\/wp\/v2\/comments?post=1065"}],"version-history":[{"count":22,"href":"https:\/\/www.deutsche-glasfaser.de\/blog\/wp-json\/wp\/v2\/posts\/1065\/revisions"}],"predecessor-version":[{"id":15492,"href":"https:\/\/www.deutsche-glasfaser.de\/blog\/wp-json\/wp\/v2\/posts\/1065\/revisions\/15492"}],"wp:featuredmedia":[{"embeddable":true,"href":"https:\/\/www.deutsche-glasfaser.de\/blog\/wp-json\/wp\/v2\/media\/6411"}],"wp:attachment":[{"href":"https:\/\/www.deutsche-glasfaser.de\/blog\/wp-json\/wp\/v2\/media?parent=1065"}],"wp:term":[{"taxonomy":"category","embeddable":true,"href":"https:\/\/www.deutsche-glasfaser.de\/blog\/wp-json\/wp\/v2\/categories?post=1065"},{"taxonomy":"post_tag","embeddable":true,"href":"https:\/\/www.deutsche-glasfaser.de\/blog\/wp-json\/wp\/v2\/tags?post=1065"}],"curies":[{"name":"wp","href":"https:\/\/api.w.org\/{rel}","templated":true}]}}