{"id":10580,"date":"2022-09-27T13:34:14","date_gmt":"2022-09-27T12:34:14","guid":{"rendered":"https:\/\/www.deutsche-glasfaser.de\/blog\/?p=10580"},"modified":"2022-09-27T13:35:47","modified_gmt":"2022-09-27T12:35:47","slug":"naturkatastrophen-koennen-digitale-tools-ihnen-den-schrecken-nehmen","status":"publish","type":"post","link":"https:\/\/www.deutsche-glasfaser.de\/blog\/naturkatastrophen-koennen-digitale-tools-ihnen-den-schrecken-nehmen\/","title":{"rendered":"Naturkatastrophen \u2013 k\u00f6nnen digitale Tools ihnen den Schrecken nehmen?"},"content":{"rendered":"\t\t<div data-elementor-type=\"wp-post\" data-elementor-id=\"10580\" class=\"elementor elementor-10580\">\n\t\t\t\t\t\t<section class=\"elementor-section elementor-top-section elementor-element elementor-element-981c5c6 elementor-section-boxed elementor-section-height-default elementor-section-height-default\" data-id=\"981c5c6\" data-element_type=\"section\" data-e-type=\"section\">\n\t\t\t\t\t\t<div class=\"elementor-container elementor-column-gap-default\">\n\t\t\t\t\t<div class=\"elementor-column elementor-col-100 elementor-top-column elementor-element elementor-element-c42a4b8\" data-id=\"c42a4b8\" data-element_type=\"column\" data-e-type=\"column\">\n\t\t\t<div class=\"elementor-widget-wrap elementor-element-populated\">\n\t\t\t\t\t\t<div class=\"elementor-element elementor-element-5cd8967 elementor-widget elementor-widget-text-editor\" data-id=\"5cd8967\" data-element_type=\"widget\" data-e-type=\"widget\" data-widget_type=\"text-editor.default\">\n\t\t\t\t<div class=\"elementor-widget-container\">\n\t\t\t\t\t\t\t\t\t<p>Katastrophen k\u00f6nnen mit Apps wie z. B. NINA nicht verhindert werden. Doch kann der Einsatz digitaler Tools helfen, fr\u00fchzeitig Vorkehrungen zu treffen und Menschen in Sicherheit zu bringen. \u00a9 <a href=\"https:\/\/unsplash.com\/@epicantus?utm_source=unsplash&amp;utm_medium=referral&amp;utm_content=creditCopyText\">Daria Nepriakhina\/Unsplash <\/a><\/p>\t\t\t\t\t\t\t\t<\/div>\n\t\t\t\t<\/div>\n\t\t\t\t\t<\/div>\n\t\t<\/div>\n\t\t\t\t\t<\/div>\n\t\t<\/section>\n\t\t\t\t<section class=\"elementor-section elementor-top-section elementor-element elementor-element-39cc32d elementor-section-boxed elementor-section-height-default elementor-section-height-default\" data-id=\"39cc32d\" data-element_type=\"section\" data-e-type=\"section\">\n\t\t\t\t\t\t<div class=\"elementor-container elementor-column-gap-default\">\n\t\t\t\t\t<div class=\"elementor-column elementor-col-100 elementor-top-column elementor-element elementor-element-eca89f8\" data-id=\"eca89f8\" data-element_type=\"column\" data-e-type=\"column\">\n\t\t\t<div class=\"elementor-widget-wrap elementor-element-populated\">\n\t\t\t\t\t\t<div class=\"elementor-element elementor-element-5c8daa9 elementor-widget elementor-widget-text-editor\" data-id=\"5c8daa9\" data-element_type=\"widget\" data-e-type=\"widget\" data-widget_type=\"text-editor.default\">\n\t\t\t\t<div class=\"elementor-widget-container\">\n\t\t\t\t\t\t\t\t\t<p>Die Nachrichten \u00fcber Naturkatastrophen scheinen seit Jahren nicht abrei\u00dfen zu wollen: Waren die Schlagzeilen im Sommer 2021 vom Hochwasser in Rheinland-Pfalz und Nordrhein-Westfalen gepr\u00e4gt, dominierten ein Jahr sp\u00e4ter Berichte \u00fcber ausufernde Waldbr\u00e4nde, beispielsweise in der S\u00e4chsischen Schweiz und in Brandenburg.<\/p><p>Trotz Warnungen des Wetterdienstes und Medienberichten kam das Hochwasser 2021 f\u00fcr viele wie aus dem Nichts: In der Nacht vom 14. auf den 15. Juli verloren mehr als 180 Menschen ihr Leben, mehr als 800 wurden zum Teil schwer verletzt. In Zeiten, in denen sich Videos, Bilder und Nachrichten \u00fcber soziale Medien und Apps rasant verbreiten, dr\u00e4ngt sich somit die Frage auf, wie digitale Werkzeuge besser genutzt werden k\u00f6nnen, um Menschen vor Naturkatastrophen zu warnen.<\/p>\t\t\t\t\t\t\t\t<\/div>\n\t\t\t\t<\/div>\n\t\t\t\t<div class=\"elementor-element elementor-element-51303cd elementor-widget elementor-widget-spacer\" data-id=\"51303cd\" data-element_type=\"widget\" data-e-type=\"widget\" data-widget_type=\"spacer.default\">\n\t\t\t\t<div class=\"elementor-widget-container\">\n\t\t\t\t\t\t\t<div class=\"elementor-spacer\">\n\t\t\t<div class=\"elementor-spacer-inner\"><\/div>\n\t\t<\/div>\n\t\t\t\t\t\t<\/div>\n\t\t\t\t<\/div>\n\t\t\t\t<div class=\"elementor-element elementor-element-5b82ffc elementor-widget elementor-widget-heading\" data-id=\"5b82ffc\" data-element_type=\"widget\" data-e-type=\"widget\" data-widget_type=\"heading.default\">\n\t\t\t\t<div class=\"elementor-widget-container\">\n\t\t\t\t\t<h2 class=\"elementor-heading-title elementor-size-xl\">Wie hilft uns NINA?<\/h2>\t\t\t\t<\/div>\n\t\t\t\t<\/div>\n\t\t\t\t<div class=\"elementor-element elementor-element-3d9c24b elementor-widget elementor-widget-spacer\" data-id=\"3d9c24b\" data-element_type=\"widget\" data-e-type=\"widget\" data-widget_type=\"spacer.default\">\n\t\t\t\t<div class=\"elementor-widget-container\">\n\t\t\t\t\t\t\t<div class=\"elementor-spacer\">\n\t\t\t<div class=\"elementor-spacer-inner\"><\/div>\n\t\t<\/div>\n\t\t\t\t\t\t<\/div>\n\t\t\t\t<\/div>\n\t\t\t\t<div class=\"elementor-element elementor-element-beed2ab elementor-widget elementor-widget-text-editor\" data-id=\"beed2ab\" data-element_type=\"widget\" data-e-type=\"widget\" data-widget_type=\"text-editor.default\">\n\t\t\t\t<div class=\"elementor-widget-container\">\n\t\t\t\t\t\t\t\t\t<p>Um sich die immer st\u00e4rkere digitale Vernetzung der Menschen \u00fcber Smartphones zunutze zu machen, hat der BUND die <strong><a href=\"https:\/\/www.bbk.bund.de\/DE\/Warnung-Vorsorge\/Warn-App-NINA\/warn-app-nina_node.html\">Warn-App NINA<\/a><\/strong> entwickelt. NINA steht f\u00fcr Notfall-Informations- und Nachrichten-App. Sie ist Teil des Modularen Warnsystems MoWaS, das Bund, L\u00e4nder und Kommunen gemeinsam nutzen. Jede Beh\u00f6rde kann hier Warnmeldungen einstellen, die \u00fcber verschiedene Kan\u00e4le wie Fernsehen, Radio und Internet verbreitet werden.<\/p><p>Das Problem: Vor der Flutkatastrophe war NINA kaum bekannt. Dabei lohnt sich die Installation, weil die App die unterschiedlichen Gefahren zusammenfasst: von austretenden Gefahrstoffen, Gro\u00dfbr\u00e4nden, Terroranschl\u00e4gen bis hin zu den aktuellsten Corona-Informationen. Wetterwarnungen des Deutschen Wetterdienstes und Hochwasserinformationen der zust\u00e4ndigen Stellen der Bundesl\u00e4nder sind ebenfalls integriert. Der Nutzer abonniert die St\u00e4dte und Regionen, f\u00fcr die er gewarnt werden m\u00f6chte, und erh\u00e4lt im Falle einer Gefahrenlage auch Handlungs- und Verhaltensempfehlungen. Dabei funktioniert die Lokalisierung nur \u00fcber GPS.<\/p>\t\t\t\t\t\t\t\t<\/div>\n\t\t\t\t<\/div>\n\t\t\t\t<div class=\"elementor-element elementor-element-9ba49b5 elementor-widget elementor-widget-spacer\" data-id=\"9ba49b5\" data-element_type=\"widget\" data-e-type=\"widget\" data-widget_type=\"spacer.default\">\n\t\t\t\t<div class=\"elementor-widget-container\">\n\t\t\t\t\t\t\t<div class=\"elementor-spacer\">\n\t\t\t<div class=\"elementor-spacer-inner\"><\/div>\n\t\t<\/div>\n\t\t\t\t\t\t<\/div>\n\t\t\t\t<\/div>\n\t\t\t\t<div class=\"elementor-element elementor-element-2fa94fa elementor-widget elementor-widget-heading\" data-id=\"2fa94fa\" data-element_type=\"widget\" data-e-type=\"widget\" data-widget_type=\"heading.default\">\n\t\t\t\t<div class=\"elementor-widget-container\">\n\t\t\t\t\t<h2 class=\"elementor-heading-title elementor-size-xl\">Was k\u00f6nnen andere Warn-Apps?<\/h2>\t\t\t\t<\/div>\n\t\t\t\t<\/div>\n\t\t\t\t<div class=\"elementor-element elementor-element-6235162 elementor-widget elementor-widget-spacer\" data-id=\"6235162\" data-element_type=\"widget\" data-e-type=\"widget\" data-widget_type=\"spacer.default\">\n\t\t\t\t<div class=\"elementor-widget-container\">\n\t\t\t\t\t\t\t<div class=\"elementor-spacer\">\n\t\t\t<div class=\"elementor-spacer-inner\"><\/div>\n\t\t<\/div>\n\t\t\t\t\t\t<\/div>\n\t\t\t\t<\/div>\n\t\t\t\t<div class=\"elementor-element elementor-element-78247c9 elementor-widget elementor-widget-text-editor\" data-id=\"78247c9\" data-element_type=\"widget\" data-e-type=\"widget\" data-widget_type=\"text-editor.default\">\n\t\t\t\t<div class=\"elementor-widget-container\">\n\t\t\t\t\t\t\t\t\t<p>Zus\u00e4tzlich zu der offiziellen Warn-App des Bundes gibt es zahlreiche weitere Apps, privater und \u00f6ffentlicher Natur, die vor Katastrophenf\u00e4llen warnen.<\/p><p>Bei <a href=\"https:\/\/katwarn.de\/anmeldung-app.php\"><strong>KATWARN<\/strong> <\/a>\u00a0kann der Nutzer auch ohne GPS lokalisiert werden, weil sich die App am WLAN-Zugangspunkt und Mobilfunkbasisstationen orientiert. Zus\u00e4tzlich zu seinem Aufenthaltsort kann man sieben weitere Regionen ausw\u00e4hlen. Quellen der Benachrichtigungen sind die Leitstellen der Feuerwehr, der Katastrophenschutz und der Deutsche Wetterdienst.<\/p><p><strong><a href=\"https:\/\/www.biwapp.de\/\">BIWAPP<\/a><\/strong>\u00a0verschickt Meldungen f\u00fcr den aktuellen Standort und eine unbeschr\u00e4nkte Anzahl zuvor ausgew\u00e4hlter Orte. Auch hier sind die Absender offizielle Stellen wie Institutionen, Beh\u00f6rden, Kommunen und St\u00e4dte. Die App meldet auch Schulausf\u00e4lle, Verkehrsunf\u00e4lle und Fahndungsaufrufe.<\/p><p>Des Weiteren gibt es zahlreiche Info-Apps, die sich auf bestimmte Themen spezialisieren wie die Warnapp des Deutschen Wetterdienstes <strong><a href=\"https:\/\/www.dwd.de\/DE\/service\/dwd-apps\/dwdapps_node.html\">DWD WarnWetter<\/a><\/strong> oder die App <a href=\"https:\/\/www.hochwasserzentralen.info\/meinepegel\/\"><strong>Meine Pegel<\/strong><\/a>\u00a0des l\u00e4nder\u00fcbergreifenden Hochwasserportals hochwasserzentralen.de. Au\u00dferdem bieten L\u00e4nder und Regionen eigene L\u00f6sungen an, beispielsweise hessenWARN oder HochwassergefahrST f\u00fcr Pegelst\u00e4nde in Sachsen-Anhalt.<\/p><p>Wer die Gefahrenlage global im Blick haben will, ist wie Apps wie <a href=\"https:\/\/www.data.ai\/en\/apps\/google-play\/app\/disasterAlert.PDC\/\"><strong>Disaster Alert<\/strong><\/a> oder <strong><a href=\"https:\/\/www.global-monitoring.com\/corporate\/b2b-app\/\">GlobalMonitorin<\/a>g<\/strong> gut bedient. Damit hat man auch auf Auslandreisen von Tsunamis und Erdbeben \u00fcber bewaffnete Konflikte und Demonstrationen bis hin zu Infektionsraten alles im Blick.<\/p>\t\t\t\t\t\t\t\t<\/div>\n\t\t\t\t<\/div>\n\t\t\t\t<div class=\"elementor-element elementor-element-9d74a95 elementor-widget elementor-widget-image\" data-id=\"9d74a95\" data-element_type=\"widget\" data-e-type=\"widget\" data-widget_type=\"image.default\">\n\t\t\t\t<div class=\"elementor-widget-container\">\n\t\t\t\t\t\t\t\t\t\t\t\t<figure class=\"wp-caption\">\n\t\t\t\t\t\t\t\t\t\t<img fetchpriority=\"high\" decoding=\"async\" width=\"768\" height=\"663\" src=\"https:\/\/www.deutsche-glasfaser.de\/blog\/wp-content\/uploads\/2022\/09\/BEITRAGSBILD_guillaume-coue-0y0Zh_-Rhe8-unsplash_final-768x663.jpg\" class=\"attachment-medium_large size-medium_large wp-image-10593\" alt=\"Warnsirenen auf dem Dach eines Hauses\" srcset=\"https:\/\/www.deutsche-glasfaser.de\/blog\/wp-content\/uploads\/2022\/09\/BEITRAGSBILD_guillaume-coue-0y0Zh_-Rhe8-unsplash_final-768x663.jpg 768w, https:\/\/www.deutsche-glasfaser.de\/blog\/wp-content\/uploads\/2022\/09\/BEITRAGSBILD_guillaume-coue-0y0Zh_-Rhe8-unsplash_final-300x259.jpg 300w, https:\/\/www.deutsche-glasfaser.de\/blog\/wp-content\/uploads\/2022\/09\/BEITRAGSBILD_guillaume-coue-0y0Zh_-Rhe8-unsplash_final.jpg 788w\" sizes=\"(max-width: 768px) 100vw, 768px\" \/>\t\t\t\t\t\t\t\t\t\t\t<figcaption class=\"widget-image-caption wp-caption-text\">Sirenen gelten weiterhin als das zuverl\u00e4ssigste Warnsystem. In Deutschland soll das Netz der Warnsirenen ausgebaut und modernisiert werden. \u00a9 Guillaume Cou\u00e9\/Unsplash<\/figcaption>\n\t\t\t\t\t\t\t\t\t\t<\/figure>\n\t\t\t\t\t\t\t\t\t<\/div>\n\t\t\t\t<\/div>\n\t\t\t\t<div class=\"elementor-element elementor-element-7d44821 elementor-widget elementor-widget-spacer\" data-id=\"7d44821\" data-element_type=\"widget\" data-e-type=\"widget\" data-widget_type=\"spacer.default\">\n\t\t\t\t<div class=\"elementor-widget-container\">\n\t\t\t\t\t\t\t<div class=\"elementor-spacer\">\n\t\t\t<div class=\"elementor-spacer-inner\"><\/div>\n\t\t<\/div>\n\t\t\t\t\t\t<\/div>\n\t\t\t\t<\/div>\n\t\t\t\t<div class=\"elementor-element elementor-element-bb28557 elementor-widget elementor-widget-heading\" data-id=\"bb28557\" data-element_type=\"widget\" data-e-type=\"widget\" data-widget_type=\"heading.default\">\n\t\t\t\t<div class=\"elementor-widget-container\">\n\t\t\t\t\t<h2 class=\"elementor-heading-title elementor-size-xl\">Cell Broadcast soll 2023 in Deutschland starten<\/h2>\t\t\t\t<\/div>\n\t\t\t\t<\/div>\n\t\t\t\t<div class=\"elementor-element elementor-element-99ce287 elementor-widget elementor-widget-spacer\" data-id=\"99ce287\" data-element_type=\"widget\" data-e-type=\"widget\" data-widget_type=\"spacer.default\">\n\t\t\t\t<div class=\"elementor-widget-container\">\n\t\t\t\t\t\t\t<div class=\"elementor-spacer\">\n\t\t\t<div class=\"elementor-spacer-inner\"><\/div>\n\t\t<\/div>\n\t\t\t\t\t\t<\/div>\n\t\t\t\t<\/div>\n\t\t\t\t<div class=\"elementor-element elementor-element-d0c78b5 elementor-widget elementor-widget-text-editor\" data-id=\"d0c78b5\" data-element_type=\"widget\" data-e-type=\"widget\" data-widget_type=\"text-editor.default\">\n\t\t\t\t<div class=\"elementor-widget-container\">\n\t\t\t\t\t\t\t\t\t<p>Nach der Hochwasserkatastrophe 2021 wurden schnell Stimmen laut, die die Einf\u00fchrung des <a href=\"https:\/\/www.bundesregierung.de\/breg-de\/themen\/hochwasser-deutschland\"><strong>\u201eCell Broadcasting\u201c<\/strong><\/a> in Deutschland forderten. Diese Warntechnologie wird beispielsweise bereits in den USA, Japan aber auch Europ\u00e4ischen L\u00e4ndern wie den Niederlanden, Litauen und Rum\u00e4nien eingesetzt. Doch in Deutschland fehlten bisher die technischen und rechtlichen Voraussetzungen f\u00fcr die Einf\u00fchrung der Technologie.<\/p><p>Bei Cell Broadcasting erscheint eine Push-Nachricht samt Hinweiston auf dem Bildschirm des Handys. So sollen besonders viele Menschen erreicht werden, da kein Smartphone und keine Internetverbindung n\u00f6tig sind. Die Push-Nachricht wird \u00fcber das Mobilnetz automatisch an alle versendet, die sich mit einem geeigneten Handy in einem bestimmten Funkzelle des Mobilfunknetzes befinden.<\/p><p>Die rechtlichen Voraussetzungen hat die Bundesregierung geschaffen und die Mobilfunknetzanbieter verpflichtet, Cell Broadcast einzurichten und f\u00fcr den Versand von Warnungen bereitzuhalten. Die <a href=\"https:\/\/www.bbk.bund.de\/DE\/Warnung-Vorsorge\/Warnung-in-Deutschland\/Warnmittel\/Cell-Broadcast\/cell-broadcast_node.html\"><strong>Freischaltung des Dienstes ist f\u00fcr Februar 2023<\/strong><\/a>\u00a0geplant, nach einer intensiven Testphase, die Ende 2022 starten soll.<\/p><p>\u00a0<\/p><p>Ausschlie\u00dflich auf Warn-Apps oder Push-Nachrichten verlassen sollte man sich nicht. Sie k\u00f6nnen allenfalls als Erg\u00e4nzung gesehen werden. Sirenen gelten in Deutschland immer noch als das zuverl\u00e4ssigste Warnsystem. Weil sie auch funktionieren, wenn Internetverbindungen oder Mobilfunknetze zusammenbrechen, hat das <a href=\"https:\/\/www.bbk.bund.de\/SharedDocs\/Pressemitteilungen\/DE\/2021\/09\/pm-cellbroadcast-kommt-bbk-ist-vorbereitet.html?nn=85578\"><strong>Bundesamt f\u00fcr Bev\u00f6lkerungsschutz und Katastrophenhilfe<\/strong><\/a>\u00a0nach dem Jahrhundertwasser 2021 den Ausbau und die Modernisierung des seit den 1990er-Jaren massiv ausged\u00fcnnten Netzes an Warnsirenen ins Spiel gebracht.<\/p>\t\t\t\t\t\t\t\t<\/div>\n\t\t\t\t<\/div>\n\t\t\t\t\t<\/div>\n\t\t<\/div>\n\t\t\t\t\t<\/div>\n\t\t<\/section>\n\t\t\t\t<\/div>\n\t\t","protected":false},"excerpt":{"rendered":"<p>Warnsysteme k\u00f6nnen Katastrophen nicht verhindern. Aber wenn sie schnell erkannt werden und sich Warnungen rasant verbreiten, k\u00f6nnen Menschen rechtzeitig gewarnt und in Sicherheit gebracht werden. Sp\u00e4testens seit der Hochwasserkatastrophe 2021 steht der Einsatz digitaler Tools dabei wieder st\u00e4rker im Fokus.<\/p>\n","protected":false},"author":5,"featured_media":10592,"comment_status":"open","ping_status":"open","sticky":false,"template":"","format":"standard","meta":{"footnotes":""},"categories":[71],"tags":[],"class_list":["post-10580","post","type-post","status-publish","format-standard","has-post-thumbnail","hentry","category-gemeinschaft"],"yoast_head":"<!-- This site is optimized with the Yoast SEO plugin v27.5 - https:\/\/yoast.com\/product\/yoast-seo-wordpress\/ -->\n<title>Wie k\u00f6nnen digitale Tools den Katastrophenschutz unterst\u00fctzen? - Digitales B\u00fcrgernetz<\/title>\n<meta name=\"description\" content=\"Wenn Katastrophen drohen, k\u00f6nnen Apps Leben retten. Sie warnen vor Gefahren und sagen, was zu tun ist. Offizielle Warnungen kommen \u00fcber die App NINA.\" \/>\n<meta name=\"robots\" content=\"index, follow, max-snippet:-1, max-image-preview:large, max-video-preview:-1\" \/>\n<link rel=\"canonical\" href=\"https:\/\/www.deutsche-glasfaser.de\/blog\/naturkatastrophen-koennen-digitale-tools-ihnen-den-schrecken-nehmen\/\" \/>\n<meta property=\"og:locale\" content=\"de_DE\" \/>\n<meta property=\"og:type\" content=\"article\" \/>\n<meta property=\"og:title\" content=\"Wie k\u00f6nnen digitale Tools den Katastrophenschutz unterst\u00fctzen? - Digitales B\u00fcrgernetz\" \/>\n<meta property=\"og:description\" content=\"Wenn Katastrophen drohen, k\u00f6nnen Apps Leben retten. Sie warnen vor Gefahren und sagen, was zu tun ist. Offizielle Warnungen kommen \u00fcber die App NINA.\" \/>\n<meta property=\"og:url\" content=\"https:\/\/www.deutsche-glasfaser.de\/blog\/naturkatastrophen-koennen-digitale-tools-ihnen-den-schrecken-nehmen\/\" \/>\n<meta property=\"og:site_name\" content=\"Digitales B\u00fcrgernetz\" \/>\n<meta property=\"article:published_time\" content=\"2022-09-27T12:34:14+00:00\" \/>\n<meta property=\"article:modified_time\" content=\"2022-09-27T12:35:47+00:00\" \/>\n<meta property=\"og:image\" content=\"https:\/\/www.deutsche-glasfaser.de\/blog\/wp-content\/uploads\/2022\/09\/TITELBILD_daria-nepriakhina-_XR5rkprHQU-unsplash_final.jpg\" \/>\n\t<meta property=\"og:image:width\" content=\"1500\" \/>\n\t<meta property=\"og:image:height\" content=\"705\" \/>\n\t<meta property=\"og:image:type\" content=\"image\/jpeg\" \/>\n<meta name=\"author\" content=\"Deutsche Glasfaser\" \/>\n<meta name=\"twitter:card\" content=\"summary_large_image\" \/>\n<meta name=\"twitter:label1\" content=\"Verfasst von\" \/>\n\t<meta name=\"twitter:data1\" content=\"Deutsche Glasfaser\" \/>\n\t<meta name=\"twitter:label2\" content=\"Gesch\u00e4tzte Lesezeit\" \/>\n\t<meta name=\"twitter:data2\" content=\"4\u00a0Minuten\" \/>\n<script type=\"application\/ld+json\" class=\"yoast-schema-graph\">{\"@context\":\"https:\\\/\\\/schema.org\",\"@graph\":[{\"@type\":\"Article\",\"@id\":\"https:\\\/\\\/www.deutsche-glasfaser.de\\\/blog\\\/naturkatastrophen-koennen-digitale-tools-ihnen-den-schrecken-nehmen\\\/#article\",\"isPartOf\":{\"@id\":\"https:\\\/\\\/www.deutsche-glasfaser.de\\\/blog\\\/naturkatastrophen-koennen-digitale-tools-ihnen-den-schrecken-nehmen\\\/\"},\"author\":{\"name\":\"Deutsche Glasfaser\",\"@id\":\"https:\\\/\\\/www.deutsche-glasfaser.de\\\/blog\\\/#\\\/schema\\\/person\\\/9380a6dc7443d77143d0c66c409f574b\"},\"headline\":\"Naturkatastrophen \u2013 k\u00f6nnen digitale Tools ihnen den Schrecken nehmen?\",\"datePublished\":\"2022-09-27T12:34:14+00:00\",\"dateModified\":\"2022-09-27T12:35:47+00:00\",\"mainEntityOfPage\":{\"@id\":\"https:\\\/\\\/www.deutsche-glasfaser.de\\\/blog\\\/naturkatastrophen-koennen-digitale-tools-ihnen-den-schrecken-nehmen\\\/\"},\"wordCount\":764,\"commentCount\":0,\"publisher\":{\"@id\":\"https:\\\/\\\/www.deutsche-glasfaser.de\\\/blog\\\/#organization\"},\"image\":{\"@id\":\"https:\\\/\\\/www.deutsche-glasfaser.de\\\/blog\\\/naturkatastrophen-koennen-digitale-tools-ihnen-den-schrecken-nehmen\\\/#primaryimage\"},\"thumbnailUrl\":\"https:\\\/\\\/www.deutsche-glasfaser.de\\\/blog\\\/wp-content\\\/uploads\\\/2022\\\/09\\\/TITELBILD_daria-nepriakhina-_XR5rkprHQU-unsplash_final.jpg\",\"articleSection\":[\"#Gemeinschaft\"],\"inLanguage\":\"de\",\"potentialAction\":[{\"@type\":\"CommentAction\",\"name\":\"Comment\",\"target\":[\"https:\\\/\\\/www.deutsche-glasfaser.de\\\/blog\\\/naturkatastrophen-koennen-digitale-tools-ihnen-den-schrecken-nehmen\\\/#respond\"]}]},{\"@type\":\"WebPage\",\"@id\":\"https:\\\/\\\/www.deutsche-glasfaser.de\\\/blog\\\/naturkatastrophen-koennen-digitale-tools-ihnen-den-schrecken-nehmen\\\/\",\"url\":\"https:\\\/\\\/www.deutsche-glasfaser.de\\\/blog\\\/naturkatastrophen-koennen-digitale-tools-ihnen-den-schrecken-nehmen\\\/\",\"name\":\"Wie k\u00f6nnen digitale Tools den Katastrophenschutz unterst\u00fctzen? - Digitales B\u00fcrgernetz\",\"isPartOf\":{\"@id\":\"https:\\\/\\\/www.deutsche-glasfaser.de\\\/blog\\\/#website\"},\"primaryImageOfPage\":{\"@id\":\"https:\\\/\\\/www.deutsche-glasfaser.de\\\/blog\\\/naturkatastrophen-koennen-digitale-tools-ihnen-den-schrecken-nehmen\\\/#primaryimage\"},\"image\":{\"@id\":\"https:\\\/\\\/www.deutsche-glasfaser.de\\\/blog\\\/naturkatastrophen-koennen-digitale-tools-ihnen-den-schrecken-nehmen\\\/#primaryimage\"},\"thumbnailUrl\":\"https:\\\/\\\/www.deutsche-glasfaser.de\\\/blog\\\/wp-content\\\/uploads\\\/2022\\\/09\\\/TITELBILD_daria-nepriakhina-_XR5rkprHQU-unsplash_final.jpg\",\"datePublished\":\"2022-09-27T12:34:14+00:00\",\"dateModified\":\"2022-09-27T12:35:47+00:00\",\"description\":\"Wenn Katastrophen drohen, k\u00f6nnen Apps Leben retten. Sie warnen vor Gefahren und sagen, was zu tun ist. Offizielle Warnungen kommen \u00fcber die App NINA.\",\"inLanguage\":\"de\",\"potentialAction\":[{\"@type\":\"ReadAction\",\"target\":[\"https:\\\/\\\/www.deutsche-glasfaser.de\\\/blog\\\/naturkatastrophen-koennen-digitale-tools-ihnen-den-schrecken-nehmen\\\/\"]}]},{\"@type\":\"ImageObject\",\"inLanguage\":\"de\",\"@id\":\"https:\\\/\\\/www.deutsche-glasfaser.de\\\/blog\\\/naturkatastrophen-koennen-digitale-tools-ihnen-den-schrecken-nehmen\\\/#primaryimage\",\"url\":\"https:\\\/\\\/www.deutsche-glasfaser.de\\\/blog\\\/wp-content\\\/uploads\\\/2022\\\/09\\\/TITELBILD_daria-nepriakhina-_XR5rkprHQU-unsplash_final.jpg\",\"contentUrl\":\"https:\\\/\\\/www.deutsche-glasfaser.de\\\/blog\\\/wp-content\\\/uploads\\\/2022\\\/09\\\/TITELBILD_daria-nepriakhina-_XR5rkprHQU-unsplash_final.jpg\",\"width\":1500,\"height\":705,\"caption\":\"Katastrophen k\u00f6nnen mit Apps wie z. B. NINA nicht verhindert werden. Doch kann der Einsatz digitaler Tools helfen, fr\u00fchzeitig Vorkehrungen zu treffen und Menschen in Sicherheit zu bringen.\"},{\"@type\":\"WebSite\",\"@id\":\"https:\\\/\\\/www.deutsche-glasfaser.de\\\/blog\\\/#website\",\"url\":\"https:\\\/\\\/www.deutsche-glasfaser.de\\\/blog\\\/\",\"name\":\"Digitales B\u00fcrgernetz\",\"description\":\"Deutsche Glasfaser Blog\",\"publisher\":{\"@id\":\"https:\\\/\\\/www.deutsche-glasfaser.de\\\/blog\\\/#organization\"},\"potentialAction\":[{\"@type\":\"SearchAction\",\"target\":{\"@type\":\"EntryPoint\",\"urlTemplate\":\"https:\\\/\\\/www.deutsche-glasfaser.de\\\/blog\\\/?s={search_term_string}\"},\"query-input\":{\"@type\":\"PropertyValueSpecification\",\"valueRequired\":true,\"valueName\":\"search_term_string\"}}],\"inLanguage\":\"de\"},{\"@type\":\"Organization\",\"@id\":\"https:\\\/\\\/www.deutsche-glasfaser.de\\\/blog\\\/#organization\",\"name\":\"Digitales B\u00fcrgernetz\",\"url\":\"https:\\\/\\\/www.deutsche-glasfaser.de\\\/blog\\\/\",\"logo\":{\"@type\":\"ImageObject\",\"inLanguage\":\"de\",\"@id\":\"https:\\\/\\\/www.deutsche-glasfaser.de\\\/blog\\\/#\\\/schema\\\/logo\\\/image\\\/\",\"url\":\"https:\\\/\\\/www.deutsche-glasfaser.de\\\/blog\\\/wp-content\\\/uploads\\\/2021\\\/08\\\/DGF_Logo_Basis_RGB-Large@2x.png\",\"contentUrl\":\"https:\\\/\\\/www.deutsche-glasfaser.de\\\/blog\\\/wp-content\\\/uploads\\\/2021\\\/08\\\/DGF_Logo_Basis_RGB-Large@2x.png\",\"width\":312,\"height\":104,\"caption\":\"Digitales B\u00fcrgernetz\"},\"image\":{\"@id\":\"https:\\\/\\\/www.deutsche-glasfaser.de\\\/blog\\\/#\\\/schema\\\/logo\\\/image\\\/\"}},{\"@type\":\"Person\",\"@id\":\"https:\\\/\\\/www.deutsche-glasfaser.de\\\/blog\\\/#\\\/schema\\\/person\\\/9380a6dc7443d77143d0c66c409f574b\",\"name\":\"Deutsche Glasfaser\"}]}<\/script>\n<!-- \/ Yoast SEO plugin. -->","yoast_head_json":{"title":"Wie k\u00f6nnen digitale Tools den Katastrophenschutz unterst\u00fctzen? - Digitales B\u00fcrgernetz","description":"Wenn Katastrophen drohen, k\u00f6nnen Apps Leben retten. Sie warnen vor Gefahren und sagen, was zu tun ist. Offizielle Warnungen kommen \u00fcber die App NINA.","robots":{"index":"index","follow":"follow","max-snippet":"max-snippet:-1","max-image-preview":"max-image-preview:large","max-video-preview":"max-video-preview:-1"},"canonical":"https:\/\/www.deutsche-glasfaser.de\/blog\/naturkatastrophen-koennen-digitale-tools-ihnen-den-schrecken-nehmen\/","og_locale":"de_DE","og_type":"article","og_title":"Wie k\u00f6nnen digitale Tools den Katastrophenschutz unterst\u00fctzen? - Digitales B\u00fcrgernetz","og_description":"Wenn Katastrophen drohen, k\u00f6nnen Apps Leben retten. Sie warnen vor Gefahren und sagen, was zu tun ist. Offizielle Warnungen kommen \u00fcber die App NINA.","og_url":"https:\/\/www.deutsche-glasfaser.de\/blog\/naturkatastrophen-koennen-digitale-tools-ihnen-den-schrecken-nehmen\/","og_site_name":"Digitales B\u00fcrgernetz","article_published_time":"2022-09-27T12:34:14+00:00","article_modified_time":"2022-09-27T12:35:47+00:00","og_image":[{"width":1500,"height":705,"url":"https:\/\/www.deutsche-glasfaser.de\/blog\/wp-content\/uploads\/2022\/09\/TITELBILD_daria-nepriakhina-_XR5rkprHQU-unsplash_final.jpg","type":"image\/jpeg"}],"author":"Deutsche Glasfaser","twitter_card":"summary_large_image","twitter_misc":{"Verfasst von":"Deutsche Glasfaser","Gesch\u00e4tzte Lesezeit":"4\u00a0Minuten"},"schema":{"@context":"https:\/\/schema.org","@graph":[{"@type":"Article","@id":"https:\/\/www.deutsche-glasfaser.de\/blog\/naturkatastrophen-koennen-digitale-tools-ihnen-den-schrecken-nehmen\/#article","isPartOf":{"@id":"https:\/\/www.deutsche-glasfaser.de\/blog\/naturkatastrophen-koennen-digitale-tools-ihnen-den-schrecken-nehmen\/"},"author":{"name":"Deutsche Glasfaser","@id":"https:\/\/www.deutsche-glasfaser.de\/blog\/#\/schema\/person\/9380a6dc7443d77143d0c66c409f574b"},"headline":"Naturkatastrophen \u2013 k\u00f6nnen digitale Tools ihnen den Schrecken nehmen?","datePublished":"2022-09-27T12:34:14+00:00","dateModified":"2022-09-27T12:35:47+00:00","mainEntityOfPage":{"@id":"https:\/\/www.deutsche-glasfaser.de\/blog\/naturkatastrophen-koennen-digitale-tools-ihnen-den-schrecken-nehmen\/"},"wordCount":764,"commentCount":0,"publisher":{"@id":"https:\/\/www.deutsche-glasfaser.de\/blog\/#organization"},"image":{"@id":"https:\/\/www.deutsche-glasfaser.de\/blog\/naturkatastrophen-koennen-digitale-tools-ihnen-den-schrecken-nehmen\/#primaryimage"},"thumbnailUrl":"https:\/\/www.deutsche-glasfaser.de\/blog\/wp-content\/uploads\/2022\/09\/TITELBILD_daria-nepriakhina-_XR5rkprHQU-unsplash_final.jpg","articleSection":["#Gemeinschaft"],"inLanguage":"de","potentialAction":[{"@type":"CommentAction","name":"Comment","target":["https:\/\/www.deutsche-glasfaser.de\/blog\/naturkatastrophen-koennen-digitale-tools-ihnen-den-schrecken-nehmen\/#respond"]}]},{"@type":"WebPage","@id":"https:\/\/www.deutsche-glasfaser.de\/blog\/naturkatastrophen-koennen-digitale-tools-ihnen-den-schrecken-nehmen\/","url":"https:\/\/www.deutsche-glasfaser.de\/blog\/naturkatastrophen-koennen-digitale-tools-ihnen-den-schrecken-nehmen\/","name":"Wie k\u00f6nnen digitale Tools den Katastrophenschutz unterst\u00fctzen? - Digitales B\u00fcrgernetz","isPartOf":{"@id":"https:\/\/www.deutsche-glasfaser.de\/blog\/#website"},"primaryImageOfPage":{"@id":"https:\/\/www.deutsche-glasfaser.de\/blog\/naturkatastrophen-koennen-digitale-tools-ihnen-den-schrecken-nehmen\/#primaryimage"},"image":{"@id":"https:\/\/www.deutsche-glasfaser.de\/blog\/naturkatastrophen-koennen-digitale-tools-ihnen-den-schrecken-nehmen\/#primaryimage"},"thumbnailUrl":"https:\/\/www.deutsche-glasfaser.de\/blog\/wp-content\/uploads\/2022\/09\/TITELBILD_daria-nepriakhina-_XR5rkprHQU-unsplash_final.jpg","datePublished":"2022-09-27T12:34:14+00:00","dateModified":"2022-09-27T12:35:47+00:00","description":"Wenn Katastrophen drohen, k\u00f6nnen Apps Leben retten. Sie warnen vor Gefahren und sagen, was zu tun ist. Offizielle Warnungen kommen \u00fcber die App NINA.","inLanguage":"de","potentialAction":[{"@type":"ReadAction","target":["https:\/\/www.deutsche-glasfaser.de\/blog\/naturkatastrophen-koennen-digitale-tools-ihnen-den-schrecken-nehmen\/"]}]},{"@type":"ImageObject","inLanguage":"de","@id":"https:\/\/www.deutsche-glasfaser.de\/blog\/naturkatastrophen-koennen-digitale-tools-ihnen-den-schrecken-nehmen\/#primaryimage","url":"https:\/\/www.deutsche-glasfaser.de\/blog\/wp-content\/uploads\/2022\/09\/TITELBILD_daria-nepriakhina-_XR5rkprHQU-unsplash_final.jpg","contentUrl":"https:\/\/www.deutsche-glasfaser.de\/blog\/wp-content\/uploads\/2022\/09\/TITELBILD_daria-nepriakhina-_XR5rkprHQU-unsplash_final.jpg","width":1500,"height":705,"caption":"Katastrophen k\u00f6nnen mit Apps wie z. B. NINA nicht verhindert werden. Doch kann der Einsatz digitaler Tools helfen, fr\u00fchzeitig Vorkehrungen zu treffen und Menschen in Sicherheit zu bringen."},{"@type":"WebSite","@id":"https:\/\/www.deutsche-glasfaser.de\/blog\/#website","url":"https:\/\/www.deutsche-glasfaser.de\/blog\/","name":"Digitales B\u00fcrgernetz","description":"Deutsche Glasfaser Blog","publisher":{"@id":"https:\/\/www.deutsche-glasfaser.de\/blog\/#organization"},"potentialAction":[{"@type":"SearchAction","target":{"@type":"EntryPoint","urlTemplate":"https:\/\/www.deutsche-glasfaser.de\/blog\/?s={search_term_string}"},"query-input":{"@type":"PropertyValueSpecification","valueRequired":true,"valueName":"search_term_string"}}],"inLanguage":"de"},{"@type":"Organization","@id":"https:\/\/www.deutsche-glasfaser.de\/blog\/#organization","name":"Digitales B\u00fcrgernetz","url":"https:\/\/www.deutsche-glasfaser.de\/blog\/","logo":{"@type":"ImageObject","inLanguage":"de","@id":"https:\/\/www.deutsche-glasfaser.de\/blog\/#\/schema\/logo\/image\/","url":"https:\/\/www.deutsche-glasfaser.de\/blog\/wp-content\/uploads\/2021\/08\/DGF_Logo_Basis_RGB-Large@2x.png","contentUrl":"https:\/\/www.deutsche-glasfaser.de\/blog\/wp-content\/uploads\/2021\/08\/DGF_Logo_Basis_RGB-Large@2x.png","width":312,"height":104,"caption":"Digitales B\u00fcrgernetz"},"image":{"@id":"https:\/\/www.deutsche-glasfaser.de\/blog\/#\/schema\/logo\/image\/"}},{"@type":"Person","@id":"https:\/\/www.deutsche-glasfaser.de\/blog\/#\/schema\/person\/9380a6dc7443d77143d0c66c409f574b","name":"Deutsche Glasfaser"}]}},"_links":{"self":[{"href":"https:\/\/www.deutsche-glasfaser.de\/blog\/wp-json\/wp\/v2\/posts\/10580","targetHints":{"allow":["GET"]}}],"collection":[{"href":"https:\/\/www.deutsche-glasfaser.de\/blog\/wp-json\/wp\/v2\/posts"}],"about":[{"href":"https:\/\/www.deutsche-glasfaser.de\/blog\/wp-json\/wp\/v2\/types\/post"}],"author":[{"embeddable":true,"href":"https:\/\/www.deutsche-glasfaser.de\/blog\/wp-json\/wp\/v2\/users\/5"}],"replies":[{"embeddable":true,"href":"https:\/\/www.deutsche-glasfaser.de\/blog\/wp-json\/wp\/v2\/comments?post=10580"}],"version-history":[{"count":14,"href":"https:\/\/www.deutsche-glasfaser.de\/blog\/wp-json\/wp\/v2\/posts\/10580\/revisions"}],"predecessor-version":[{"id":10600,"href":"https:\/\/www.deutsche-glasfaser.de\/blog\/wp-json\/wp\/v2\/posts\/10580\/revisions\/10600"}],"wp:featuredmedia":[{"embeddable":true,"href":"https:\/\/www.deutsche-glasfaser.de\/blog\/wp-json\/wp\/v2\/media\/10592"}],"wp:attachment":[{"href":"https:\/\/www.deutsche-glasfaser.de\/blog\/wp-json\/wp\/v2\/media?parent=10580"}],"wp:term":[{"taxonomy":"category","embeddable":true,"href":"https:\/\/www.deutsche-glasfaser.de\/blog\/wp-json\/wp\/v2\/categories?post=10580"},{"taxonomy":"post_tag","embeddable":true,"href":"https:\/\/www.deutsche-glasfaser.de\/blog\/wp-json\/wp\/v2\/tags?post=10580"}],"curies":[{"name":"wp","href":"https:\/\/api.w.org\/{rel}","templated":true}]}}