{"id":10405,"date":"2022-09-01T16:06:10","date_gmt":"2022-09-01T15:06:10","guid":{"rendered":"https:\/\/www.deutsche-glasfaser.de\/blog\/?p=10405"},"modified":"2022-09-02T09:14:53","modified_gmt":"2022-09-02T08:14:53","slug":"rettet-die-schlei-hochwasserschutz-dank-digitalem-fruehwarnsystem","status":"publish","type":"post","link":"https:\/\/www.deutsche-glasfaser.de\/blog\/rettet-die-schlei-hochwasserschutz-dank-digitalem-fruehwarnsystem\/","title":{"rendered":"Rettet die Schlei: Hochwasserschutz dank digitalem Fr\u00fchwarnsystem"},"content":{"rendered":"\t\t<div data-elementor-type=\"wp-post\" data-elementor-id=\"10405\" class=\"elementor elementor-10405\">\n\t\t\t\t\t\t<section class=\"elementor-section elementor-top-section elementor-element elementor-element-71f9b34 elementor-section-boxed elementor-section-height-default elementor-section-height-default\" data-id=\"71f9b34\" data-element_type=\"section\" data-e-type=\"section\">\n\t\t\t\t\t\t<div class=\"elementor-container elementor-column-gap-default\">\n\t\t\t\t\t<div class=\"elementor-column elementor-col-100 elementor-top-column elementor-element elementor-element-c8c3d30\" data-id=\"c8c3d30\" data-element_type=\"column\" data-e-type=\"column\">\n\t\t\t<div class=\"elementor-widget-wrap elementor-element-populated\">\n\t\t\t\t\t\t<div class=\"elementor-element elementor-element-20b5a08 elementor-widget elementor-widget-text-editor\" data-id=\"20b5a08\" data-element_type=\"widget\" data-e-type=\"widget\" data-widget_type=\"text-editor.default\">\n\t\t\t\t<div class=\"elementor-widget-container\">\n\t\t\t\t\t\t\t\t\t<p><span style=\"font-weight: 400;\">Blick auf die Schlei. \u00a9 nucleon e. V.\/Rettet die Schlei <\/span><\/p>\t\t\t\t\t\t\t\t<\/div>\n\t\t\t\t<\/div>\n\t\t\t\t\t<\/div>\n\t\t<\/div>\n\t\t\t\t\t<\/div>\n\t\t<\/section>\n\t\t\t\t<section class=\"elementor-section elementor-top-section elementor-element elementor-element-a11751e elementor-section-boxed elementor-section-height-default elementor-section-height-default\" data-id=\"a11751e\" data-element_type=\"section\" data-e-type=\"section\">\n\t\t\t\t\t\t<div class=\"elementor-container elementor-column-gap-default\">\n\t\t\t\t\t<div class=\"elementor-column elementor-col-100 elementor-top-column elementor-element elementor-element-8021a88\" data-id=\"8021a88\" data-element_type=\"column\" data-e-type=\"column\">\n\t\t\t<div class=\"elementor-widget-wrap elementor-element-populated\">\n\t\t\t\t\t\t<div class=\"elementor-element elementor-element-cba5461 elementor-widget elementor-widget-spacer\" data-id=\"cba5461\" data-element_type=\"widget\" data-e-type=\"widget\" data-widget_type=\"spacer.default\">\n\t\t\t\t<div class=\"elementor-widget-container\">\n\t\t\t\t\t\t\t<div class=\"elementor-spacer\">\n\t\t\t<div class=\"elementor-spacer-inner\"><\/div>\n\t\t<\/div>\n\t\t\t\t\t\t<\/div>\n\t\t\t\t<\/div>\n\t\t\t\t<div class=\"elementor-element elementor-element-c327429 elementor-widget elementor-widget-text-editor\" data-id=\"c327429\" data-element_type=\"widget\" data-e-type=\"widget\" data-widget_type=\"text-editor.default\">\n\t\t\t\t<div class=\"elementor-widget-container\">\n\t\t\t\t\t\t\t\t\t<p><span style=\"font-weight: 400;\">Rettet die Schlei \u2013 und sch\u00fctzt die Menschen, die dort leben und wohnen. Und zwar mithilfe digitaler Technologien: Das ist die Idee, die nucleon e. V. seit 2019 verfolgt. In kurzer Zeit haben die Macher des Vereins damals ein erstes Hochwasser-Warnsystem mit Sensoren und LoRaWAN-Funktechnologie auf Open Data Basis installiert. Jede und jeder kann seither online und in Echtzeit einsehen, wo und wie an der Schlei die Pegel steigen, ein digitales Warnsystem ist implementiert. Doch damit nicht genug: Nun ist ein noch umfassenderes Monitoring geplant, die Stufe zwei. \u201eBei der ersten Projektstufe geht es darum, die Menschen an der Schlei vor drohendem Hochwasser zu retten\u201c, sagt Heinrich Rode, zust\u00e4ndig f\u00fcr die \u00d6ffentlichkeitsarbeit des Vereins und gemeinsam mit dem Vorsitzenden Frank Radzio die treibende Kraft hinter dem Projekt. \u201eIn Zukunft wollen wir nicht mehr nur die Pegel messen, sondern uns direkt mit der Qualit\u00e4t des Wassers besch\u00e4ftigen. Wir wollen uns also wirklich um den Zustand der Schlei k\u00fcmmern.\u201c Wassertemperatur, Flie\u00dfgeschwindigkeit und Nitratbelastung sind Parameter, die daf\u00fcr mithilfe von Sensoren gemessen und mithilfe digitaler \u00dcbertragungstechnologien ausgewertet werden k\u00f6nnten.\u00a0<\/span><\/p>\t\t\t\t\t\t\t\t<\/div>\n\t\t\t\t<\/div>\n\t\t\t\t<div class=\"elementor-element elementor-element-940846e elementor-widget elementor-widget-spacer\" data-id=\"940846e\" data-element_type=\"widget\" data-e-type=\"widget\" data-widget_type=\"spacer.default\">\n\t\t\t\t<div class=\"elementor-widget-container\">\n\t\t\t\t\t\t\t<div class=\"elementor-spacer\">\n\t\t\t<div class=\"elementor-spacer-inner\"><\/div>\n\t\t<\/div>\n\t\t\t\t\t\t<\/div>\n\t\t\t\t<\/div>\n\t\t\t\t<div class=\"elementor-element elementor-element-b031aa2 elementor-widget elementor-widget-heading\" data-id=\"b031aa2\" data-element_type=\"widget\" data-e-type=\"widget\" data-widget_type=\"heading.default\">\n\t\t\t\t<div class=\"elementor-widget-container\">\n\t\t\t\t\t<h2 class=\"elementor-heading-title elementor-size-xl\">Wenn auf der Halbinsel die Pegel steigen...<\/h2>\t\t\t\t<\/div>\n\t\t\t\t<\/div>\n\t\t\t\t<div class=\"elementor-element elementor-element-4848636 elementor-widget elementor-widget-spacer\" data-id=\"4848636\" data-element_type=\"widget\" data-e-type=\"widget\" data-widget_type=\"spacer.default\">\n\t\t\t\t<div class=\"elementor-widget-container\">\n\t\t\t\t\t\t\t<div class=\"elementor-spacer\">\n\t\t\t<div class=\"elementor-spacer-inner\"><\/div>\n\t\t<\/div>\n\t\t\t\t\t\t<\/div>\n\t\t\t\t<\/div>\n\t\t\t\t<div class=\"elementor-element elementor-element-911a190 elementor-widget elementor-widget-text-editor\" data-id=\"911a190\" data-element_type=\"widget\" data-e-type=\"widget\" data-widget_type=\"text-editor.default\">\n\t\t\t\t<div class=\"elementor-widget-container\">\n\t\t\t\t\t\t\t\t\t<p><span style=\"font-weight: 400;\">Die Schlei im Norden Schleswig-Holsteins wird auch als F\u00f6rde bezeichnet, also ein in der Eiszeit entstandener, ins Binnenland ragender Meeresarm. Von Schleswig im Binnenland bis zur Ostsee bei Schleim\u00fcnde sind es rund 42 Kilometer, dazwischen liegen malerische Orte wie Kappeln, wo das ZDF \u00fcber Jahrzehnte die Serie \u201eDer Landarzt\u201c drehte, und die Jahr f\u00fcr Jahr Tausende von Touristinnen und Touristen anziehen. \u201eDie Schlei hat einen Zugang zur Ostsee bei Schleim\u00fcnde \u2013 aber keinen anderen Ausgang. Das Wasser, das bei Schleim\u00fcnde reinkommt, muss dort also auch wieder raus\u201c, sagt Heinrich Rode. Das kann bei einer Sturmflut zum Risiko werden, wenn das Ostseewasser in die Schlei gedr\u00fcckt wird und sich vor allem an Engstellen aufstaut. Arnis, mit 300 Einwohnerinnen und Einwohnern die kleinste Stadt Deutschlands, liegt an einer solchen Engstelle \u2013 und zudem auf einer Halbinsel, zu der es nur einen Zugangsweg gibt. 2019 lebten auch Heinrich Rode und seine Frau hier. \u201eAnfang des Jahres gab es eine leichte Sturmflut. Durch einen Wasserdurchbruch bei Schleim\u00fcnde ist der Pegel st\u00fcndlich gestiegen\u201c, erinnert er sich. Viele G\u00e4rten standen unter Wasser, gro\u00dfe Teile der Ortschaft waren \u00fcberflutet. \u201eDie Halbinsel ist aber nur so lange Halbinsel, wie das Hochwasser nicht bis zu einer bestimmten Stelle steigt. Danach kommt man ohne Boot nicht mehr weg\u201c, schildert Rode die drohende Gefahr. Zwar ging 2019 in Arnis alles insgesamt glimpflich aus. Dennoch schlossen sich damals einige Anwohner zusammen und beratschlagten, wie sich der Hochwasserschutz verbessern l\u00e4sst<\/span><span style=\"font-weight: 400;\">. \u201eDa kam uns die Idee, die neue LoRaWAN-Technologie, mit der wir uns gerade besch\u00e4ftigt hatten, auch zu diesem Zweck einzusetzen.\u201c <\/span><\/p>\t\t\t\t\t\t\t\t<\/div>\n\t\t\t\t<\/div>\n\t\t\t\t<div class=\"elementor-element elementor-element-2505abc elementor-widget elementor-widget-spacer\" data-id=\"2505abc\" data-element_type=\"widget\" data-e-type=\"widget\" data-widget_type=\"spacer.default\">\n\t\t\t\t<div class=\"elementor-widget-container\">\n\t\t\t\t\t\t\t<div class=\"elementor-spacer\">\n\t\t\t<div class=\"elementor-spacer-inner\"><\/div>\n\t\t<\/div>\n\t\t\t\t\t\t<\/div>\n\t\t\t\t<\/div>\n\t\t\t\t<div class=\"elementor-element elementor-element-22e5619 elementor-widget elementor-widget-image\" data-id=\"22e5619\" data-element_type=\"widget\" data-e-type=\"widget\" data-widget_type=\"image.default\">\n\t\t\t\t<div class=\"elementor-widget-container\">\n\t\t\t\t\t\t\t\t\t\t\t\t<figure class=\"wp-caption\">\n\t\t\t\t\t\t\t\t\t\t<img fetchpriority=\"high\" decoding=\"async\" width=\"768\" height=\"557\" src=\"https:\/\/www.deutsche-glasfaser.de\/blog\/wp-content\/uploads\/2022\/09\/rettet_schlei_blog-768x557.jpg\" class=\"attachment-medium_large size-medium_large wp-image-10408\" alt=\"Neben einem bemoosten Steg steht ein Pfahl. Hier sind Hochwasserst\u00e4nde mit Datum verzeichnet.\" srcset=\"https:\/\/www.deutsche-glasfaser.de\/blog\/wp-content\/uploads\/2022\/09\/rettet_schlei_blog-768x557.jpg 768w, https:\/\/www.deutsche-glasfaser.de\/blog\/wp-content\/uploads\/2022\/09\/rettet_schlei_blog-300x218.jpg 300w, https:\/\/www.deutsche-glasfaser.de\/blog\/wp-content\/uploads\/2022\/09\/rettet_schlei_blog.jpg 788w\" sizes=\"(max-width: 768px) 100vw, 768px\" \/>\t\t\t\t\t\t\t\t\t\t\t<figcaption class=\"widget-image-caption wp-caption-text\">Pegelstand bei Arnis. Die Jahrtausendflut von 1872 hat hier wie an der gesamten Ostseek\u00fcste immense Sch\u00e4den angerichtet. \u00a9 nucleon e. V.\/ Rettet die Schlei<\/figcaption>\n\t\t\t\t\t\t\t\t\t\t<\/figure>\n\t\t\t\t\t\t\t\t\t<\/div>\n\t\t\t\t<\/div>\n\t\t\t\t<div class=\"elementor-element elementor-element-06157f8 elementor-widget elementor-widget-spacer\" data-id=\"06157f8\" data-element_type=\"widget\" data-e-type=\"widget\" data-widget_type=\"spacer.default\">\n\t\t\t\t<div class=\"elementor-widget-container\">\n\t\t\t\t\t\t\t<div class=\"elementor-spacer\">\n\t\t\t<div class=\"elementor-spacer-inner\"><\/div>\n\t\t<\/div>\n\t\t\t\t\t\t<\/div>\n\t\t\t\t<\/div>\n\t\t\t\t<div class=\"elementor-element elementor-element-345d8c2 elementor-widget elementor-widget-heading\" data-id=\"345d8c2\" data-element_type=\"widget\" data-e-type=\"widget\" data-widget_type=\"heading.default\">\n\t\t\t\t<div class=\"elementor-widget-container\">\n\t\t\t\t\t<h2 class=\"elementor-heading-title elementor-size-xl\">Von B\u00fcrgern, f\u00fcr B\u00fcrger <\/h2>\t\t\t\t<\/div>\n\t\t\t\t<\/div>\n\t\t\t\t<div class=\"elementor-element elementor-element-035e49f elementor-widget elementor-widget-spacer\" data-id=\"035e49f\" data-element_type=\"widget\" data-e-type=\"widget\" data-widget_type=\"spacer.default\">\n\t\t\t\t<div class=\"elementor-widget-container\">\n\t\t\t\t\t\t\t<div class=\"elementor-spacer\">\n\t\t\t<div class=\"elementor-spacer-inner\"><\/div>\n\t\t<\/div>\n\t\t\t\t\t\t<\/div>\n\t\t\t\t<\/div>\n\t\t\t\t<div class=\"elementor-element elementor-element-a4a55a9 elementor-widget elementor-widget-text-editor\" data-id=\"a4a55a9\" data-element_type=\"widget\" data-e-type=\"widget\" data-widget_type=\"text-editor.default\">\n\t\t\t\t<div class=\"elementor-widget-container\">\n\t\t\t\t\t\t\t\t\t<p><span style=\"font-weight: 400;\">Die Motivation dahinter kann Rode kurz und knapp auf den Punkt bringen: \u201eDie Menschen haben Angst um ihr Hab und Gut.\u201c Noch immer seien \u00dcberlieferungen \u00fcber die \u201eJahrtausendflut\u201c 1872 pr\u00e4sent, die an der Schlei wie an der gesamten Ostseek\u00fcste immense Sch\u00e4den anrichtete. Au\u00dferdem sei infolge des Klimawandels damit zu rechnen, dass schwere Sturmfluten in Zukunft noch h\u00e4ufiger auftreten, Prognosen zufolge k\u00f6nnte der Wasserspiegel bis zum Jahr 2100 um einen bis 1,5 Meter steigen. Die Menschen rechtzeitig zu warnen, wird daher zunehmend wichtiger. Technisch funktioniert das so: Ultraschallsensoren zwei Meter \u00fcber der Wasseroberfl\u00e4che messen an acht verschiedenen Standorten den Pegel der Schlei. Mithilfe der LoRaWAN-Technologie werden diese Informationen \u00fcber Gateways quasi in Echtzeit an einen Server \u00fcbertragen, der diese auswertet und grafisch darstellt. \u201eWenn das Wasser steigt, kann man dadurch Menschen im Vorfeld warnen \u2013 rechtzeitig warnen\u201c, sagt Rode. Auf <\/span><strong><a href=\"https:\/\/rettet-die-schlei.de\/aktuelle-pegel\/\">rettet-die-schlei.de<\/a><\/strong><span style=\"font-weight: 400;\"> sind die Daten der Sensoren live abrufbar. \u201eDas Einzigartige an unserem System ist, dass es von B\u00fcrgern f\u00fcr B\u00fcrger gebaut ist und dass wir auf offene, freie Technologie zugreifen. Wir haben keinen gro\u00dfen Apparat dahinter, der erst diskutieren muss, sondern k\u00f6nnen schnell agieren\u201c, erg\u00e4nzt Frank Radzio. Seit Beginn arbeite man aber mit der Schleswig-Holstein Netz AG zusammen, deren Gateways f\u00fcr das Projekt mitgenutzt werden.<\/span><\/p>\t\t\t\t\t\t\t\t<\/div>\n\t\t\t\t<\/div>\n\t\t\t\t<div class=\"elementor-element elementor-element-6353ef8 elementor-widget elementor-widget-blockquote\" data-id=\"6353ef8\" data-element_type=\"widget\" data-e-type=\"widget\" data-widget_type=\"blockquote.default\">\n\t\t\t\t<div class=\"elementor-widget-container\">\n\t\t\t\t\t \t\t\t\t<\/div>\n\t\t\t\t<\/div>\n\t\t\t\t<div class=\"elementor-element elementor-element-1da0fdf elementor-widget elementor-widget-spacer\" data-id=\"1da0fdf\" data-element_type=\"widget\" data-e-type=\"widget\" data-widget_type=\"spacer.default\">\n\t\t\t\t<div class=\"elementor-widget-container\">\n\t\t\t\t\t\t\t<div class=\"elementor-spacer\">\n\t\t\t<div class=\"elementor-spacer-inner\"><\/div>\n\t\t<\/div>\n\t\t\t\t\t\t<\/div>\n\t\t\t\t<\/div>\n\t\t\t\t<div class=\"elementor-element elementor-element-5d8b64f elementor-widget elementor-widget-heading\" data-id=\"5d8b64f\" data-element_type=\"widget\" data-e-type=\"widget\" data-widget_type=\"heading.default\">\n\t\t\t\t<div class=\"elementor-widget-container\">\n\t\t\t\t\t<h2 class=\"elementor-heading-title elementor-size-xl\">Ausgezeichnet als \u201eDigitaler Ort im Land der Ideen\u201c<\/h2>\t\t\t\t<\/div>\n\t\t\t\t<\/div>\n\t\t\t\t<div class=\"elementor-element elementor-element-c806ab6 elementor-widget elementor-widget-spacer\" data-id=\"c806ab6\" data-element_type=\"widget\" data-e-type=\"widget\" data-widget_type=\"spacer.default\">\n\t\t\t\t<div class=\"elementor-widget-container\">\n\t\t\t\t\t\t\t<div class=\"elementor-spacer\">\n\t\t\t<div class=\"elementor-spacer-inner\"><\/div>\n\t\t<\/div>\n\t\t\t\t\t\t<\/div>\n\t\t\t\t<\/div>\n\t\t\t\t<div class=\"elementor-element elementor-element-9a669c9 elementor-widget elementor-widget-text-editor\" data-id=\"9a669c9\" data-element_type=\"widget\" data-e-type=\"widget\" data-widget_type=\"text-editor.default\">\n\t\t\t\t<div class=\"elementor-widget-container\">\n\t\t\t\t\t\t\t\t\t<p><span style=\"font-weight: 400;\">Ob Konzeption, Installation, Betrieb oder selbst die Wartung der Sensoren, die Reinigung und der Austausch der Akkus: All das \u00fcbernehmen die aktiven Mitglieder des nucleon e. V. ehrenamtlich. Nat\u00fcrlich geht das nicht ohne die entsprechende Expertise. Heinrich Rode selbst hat vor seiner Pensionierung 30 Jahre in der IT gearbeitet und sich regelm\u00e4\u00dfig in neue Anwendungen eingearbeitet \u2013 so wie jetzt in die Vorteile und M\u00f6glichkeiten von LoRaWAN. Das steht kurz f\u00fcr Low Power Wide Area Network, eine Funktechnologie, die das energieeffiziente Senden von Datenpaketen auch \u00fcber weitere Entfernungen erm\u00f6glicht. So kann er Beispiele aufz\u00e4hlen, wie etwa Viehhalter mittels LoRaWAN Gesundheitszustand und Aufenthaltsort ihrer Rinder auf einer gro\u00dfen Weide monitoren, oder wie Stadtwerke mithilfe von Sensoren den F\u00fcllstand von M\u00fcllcontainern messen und die Routen der M\u00fcllautos entsprechend optimieren. Vorbilder aus dem Bereich Hochwasserschutz gibt es in der Form aber nicht. \u201eEs gibt wohl Installationen an kleineren B\u00e4chen. Aber wir sind meines Wissens die ersten, die LoRaWAN in dieser Gr\u00f6\u00dfenordnung f\u00fcrs Gew\u00e4ssermonitoring einsetzen\u201c, erz\u00e4hlt er. Im Juni 2022 wurde Rettet die Schlei daf\u00fcr <\/span><a href=\"https:\/\/www.deutsche-glasfaser.de\/blog\/digitale-orte-im-land-der-ideen-gewinner-2022\/\"><span style=\"font-weight: 400;\"><strong>als<\/strong> <strong>\u201eDigitaler Ort im Land der Ideen\u201c ausgezeichnet<\/strong><\/span><\/a><span style=\"font-weight: 400;\"><strong>.<\/strong>\u00a0<\/span><\/p>\t\t\t\t\t\t\t\t<\/div>\n\t\t\t\t<\/div>\n\t\t\t\t<div class=\"elementor-element elementor-element-98a5190 elementor-widget elementor-widget-spacer\" data-id=\"98a5190\" data-element_type=\"widget\" data-e-type=\"widget\" data-widget_type=\"spacer.default\">\n\t\t\t\t<div class=\"elementor-widget-container\">\n\t\t\t\t\t\t\t<div class=\"elementor-spacer\">\n\t\t\t<div class=\"elementor-spacer-inner\"><\/div>\n\t\t<\/div>\n\t\t\t\t\t\t<\/div>\n\t\t\t\t<\/div>\n\t\t\t\t<div class=\"elementor-element elementor-element-05f9e0a elementor-widget elementor-widget-image\" data-id=\"05f9e0a\" data-element_type=\"widget\" data-e-type=\"widget\" data-widget_type=\"image.default\">\n\t\t\t\t<div class=\"elementor-widget-container\">\n\t\t\t\t\t\t\t\t\t\t\t\t<figure class=\"wp-caption\">\n\t\t\t\t\t\t\t\t\t\t<img decoding=\"async\" width=\"768\" height=\"559\" src=\"https:\/\/www.deutsche-glasfaser.de\/blog\/wp-content\/uploads\/2022\/09\/schlei_Blog2-768x559.jpg\" class=\"attachment-medium_large size-medium_large wp-image-10407\" alt=\"Auf einer B\u00fchne stehen f\u00fcnf Personen vor einem bunten Hintergrund. Der Mann Heinrich Rode h\u00e4lt eine Urkunde.\" srcset=\"https:\/\/www.deutsche-glasfaser.de\/blog\/wp-content\/uploads\/2022\/09\/schlei_Blog2-768x559.jpg 768w, https:\/\/www.deutsche-glasfaser.de\/blog\/wp-content\/uploads\/2022\/09\/schlei_Blog2-300x219.jpg 300w, https:\/\/www.deutsche-glasfaser.de\/blog\/wp-content\/uploads\/2022\/09\/schlei_Blog2.jpg 788w\" sizes=\"(max-width: 768px) 100vw, 768px\" \/>\t\t\t\t\t\t\t\t\t\t\t<figcaption class=\"widget-image-caption wp-caption-text\">Preisverleihung in Berlin: Hier wird Rettet die Schlei als \u201eDigitaler Ort im Land der Ideen\u201d ausgezeichnet. Im Bild (v.l.n.r.): Thorsten Dirks, CEO Deutsche Glasfaser, Ute Weiland, Gesch\u00e4ftsf\u00fchrerin \u201eDeutschland - Land der Ideen\u201d, Frank Radzio und Heinrich Rode vom nucleon e. V. sowie Staatssekret\u00e4rin Susanne Henckel (BMDV). \u00a9 Bernd Brundert\/ Deutschland - Land der Ideen<\/figcaption>\n\t\t\t\t\t\t\t\t\t\t<\/figure>\n\t\t\t\t\t\t\t\t\t<\/div>\n\t\t\t\t<\/div>\n\t\t\t\t<div class=\"elementor-element elementor-element-e5cfac9 elementor-widget elementor-widget-spacer\" data-id=\"e5cfac9\" data-element_type=\"widget\" data-e-type=\"widget\" data-widget_type=\"spacer.default\">\n\t\t\t\t<div class=\"elementor-widget-container\">\n\t\t\t\t\t\t\t<div class=\"elementor-spacer\">\n\t\t\t<div class=\"elementor-spacer-inner\"><\/div>\n\t\t<\/div>\n\t\t\t\t\t\t<\/div>\n\t\t\t\t<\/div>\n\t\t\t\t<div class=\"elementor-element elementor-element-9059b14 elementor-widget elementor-widget-heading\" data-id=\"9059b14\" data-element_type=\"widget\" data-e-type=\"widget\" data-widget_type=\"heading.default\">\n\t\t\t\t<div class=\"elementor-widget-container\">\n\t\t\t\t\t<h2 class=\"elementor-heading-title elementor-size-xl\">\u201eDamit es der Schlei gutgeht\u201c<\/h2>\t\t\t\t<\/div>\n\t\t\t\t<\/div>\n\t\t\t\t<div class=\"elementor-element elementor-element-f1fd7ea elementor-widget elementor-widget-spacer\" data-id=\"f1fd7ea\" data-element_type=\"widget\" data-e-type=\"widget\" data-widget_type=\"spacer.default\">\n\t\t\t\t<div class=\"elementor-widget-container\">\n\t\t\t\t\t\t\t<div class=\"elementor-spacer\">\n\t\t\t<div class=\"elementor-spacer-inner\"><\/div>\n\t\t<\/div>\n\t\t\t\t\t\t<\/div>\n\t\t\t\t<\/div>\n\t\t\t\t<div class=\"elementor-element elementor-element-ea4a70d elementor-widget elementor-widget-text-editor\" data-id=\"ea4a70d\" data-element_type=\"widget\" data-e-type=\"widget\" data-widget_type=\"text-editor.default\">\n\t\t\t\t<div class=\"elementor-widget-container\">\n\t\t\t\t\t\t\t\t\t<p><span style=\"font-weight: 400;\">Doch das soll noch lange nicht der Schlusspunkt sein. Ganz im Gegenteil ist die Auszeichnung f\u00fcr die Macher eher ein Ansporn, das Projekt weiter voranzutreiben und das Monitoring der Schlei auch auf die Wasserqualit\u00e4t und damit verbundene Parameter auszubauen. Haupts\u00e4chlich gehe es dabei zur Zeit um drei gro\u00dfe Themen, fasst Rode zusammen: \u00dcberd\u00fcngen die Landwirte ihre \u00c4cker und gelangen dadurch zu viele Nitrate ins Gew\u00e4sser? Was ist aus dem Plastikskandal geworden, als vor einigen Jahren <\/span><a href=\"https:\/\/www.ndr.de\/nachrichten\/schleswig-holstein\/Plastik-Skandal-an-der-Schlei-Neue-Anklagen-erhoben,plastikschlei114.html\"><span style=\"font-weight: 400;\"><strong>\u00fcber eine Kl\u00e4ranlage geh\u00e4ckselte Plastikschnitzel in die Schlei<\/strong><\/span><\/a><span style=\"font-weight: 400;\"> gerieten? Und wie sch\u00e4digen <\/span><a href=\"https:\/\/www.ndr.de\/nachrichten\/schleswig-holstein\/Wikingeck-Sanierung-Wieder-alles-offen,wikingeck130.html\"><span style=\"font-weight: 400;\"><strong>die R\u00fcckst\u00e4nde einer bereits in den 1950er Jahren geschlossenen Teerpappenfabrik<\/strong><\/span><\/a><span style=\"font-weight: 400;\"> bis heute die Schlei? Die Messergebnisse sollen \u2013 wie aktuell beim Hochwassermonitoring \u2013 gesammelt, ausgewertet und nach dem Open-Data-Prinzip \u00fcber definierte Schnittstellen Partnern wie Technischen Hochschulen, Universit\u00e4ten, Kommunen, dem Kreis oder auch Landesprojekten zur Verf\u00fcgung gestellt werden. Noch h\u00e4ngt das aber vor allem an der Finanzierung. W\u00e4hrend alle aktuell installierten Sensoren plus die zur Auswertung n\u00f6tige Hardware zusammen nicht mehr als 3.000 Euro gekostet haben, schlagen die geplanten neuen Messvorrichtungen mit 25.000 Euro pro St\u00fcck plus Mehrwertsteuer zu Buche. \u201eWir wollen zum Anfang an f\u00fcnf Punkten sogenannte Messtationen, kleine schwimmende Inseln kleiner als ein Quadratmeter, installieren, die ihre Sensoren unterhalb dieser Plattform ins Wasser halten. Das k\u00f6nnen wir nicht alles selbst entwickeln. Wir brauchen also professionelle Hardware in Industriequalit\u00e4t\u201c, schildert Heinrich Rode die Pl\u00e4ne. \u201eDas k\u00f6nnen wir als Verein mit unter 20 Mitgliedern nicht stemmen.\u201c Dabei geht es beim Vorhaben ums gro\u00dfe Ganze: \u201eWenn es der Schlei besser geht, geht es auch den Anrainern und Urlaubern, den Pflanzen und den Tieren hier gut.\u201c<\/span><\/p>\t\t\t\t\t\t\t\t<\/div>\n\t\t\t\t<\/div>\n\t\t\t\t<div class=\"elementor-element elementor-element-9327a6f elementor-widget elementor-widget-spacer\" data-id=\"9327a6f\" data-element_type=\"widget\" data-e-type=\"widget\" data-widget_type=\"spacer.default\">\n\t\t\t\t<div class=\"elementor-widget-container\">\n\t\t\t\t\t\t\t<div class=\"elementor-spacer\">\n\t\t\t<div class=\"elementor-spacer-inner\"><\/div>\n\t\t<\/div>\n\t\t\t\t\t\t<\/div>\n\t\t\t\t<\/div>\n\t\t\t\t<div class=\"elementor-element elementor-element-f0c6515 elementor-widget elementor-widget-video\" data-id=\"f0c6515\" data-element_type=\"widget\" data-e-type=\"widget\" data-settings=\"{&quot;youtube_url&quot;:&quot;https:\\\/\\\/www.youtube.com\\\/watch?v=fL_Zcr1hHq8&quot;,&quot;video_type&quot;:&quot;youtube&quot;,&quot;controls&quot;:&quot;yes&quot;}\" data-widget_type=\"video.default\">\n\t\t\t\t<div class=\"elementor-widget-container\">\n\t\t\t\t\t\t\t<div class=\"elementor-wrapper elementor-open-inline\">\n\t\t\t<div class=\"elementor-video\"><\/div>\t\t<\/div>\n\t\t\t\t\t\t<\/div>\n\t\t\t\t<\/div>\n\t\t\t\t<div class=\"elementor-element elementor-element-aa9b949 elementor-widget elementor-widget-spacer\" data-id=\"aa9b949\" data-element_type=\"widget\" data-e-type=\"widget\" data-widget_type=\"spacer.default\">\n\t\t\t\t<div class=\"elementor-widget-container\">\n\t\t\t\t\t\t\t<div class=\"elementor-spacer\">\n\t\t\t<div class=\"elementor-spacer-inner\"><\/div>\n\t\t<\/div>\n\t\t\t\t\t\t<\/div>\n\t\t\t\t<\/div>\n\t\t\t\t<div class=\"elementor-element elementor-element-0327344 elementor-widget elementor-widget-heading\" data-id=\"0327344\" data-element_type=\"widget\" data-e-type=\"widget\" data-widget_type=\"heading.default\">\n\t\t\t\t<div class=\"elementor-widget-container\">\n\t\t\t\t\t<h2 class=\"elementor-heading-title elementor-size-xl\">\u00dcber den Wettbewerb<\/h2>\t\t\t\t<\/div>\n\t\t\t\t<\/div>\n\t\t\t\t<div class=\"elementor-element elementor-element-9026e36 elementor-widget elementor-widget-spacer\" data-id=\"9026e36\" data-element_type=\"widget\" data-e-type=\"widget\" data-widget_type=\"spacer.default\">\n\t\t\t\t<div class=\"elementor-widget-container\">\n\t\t\t\t\t\t\t<div class=\"elementor-spacer\">\n\t\t\t<div class=\"elementor-spacer-inner\"><\/div>\n\t\t<\/div>\n\t\t\t\t\t\t<\/div>\n\t\t\t\t<\/div>\n\t\t\t\t<div class=\"elementor-element elementor-element-c74d3a1 elementor-widget elementor-widget-text-editor\" data-id=\"c74d3a1\" data-element_type=\"widget\" data-e-type=\"widget\" data-widget_type=\"text-editor.default\">\n\t\t\t\t<div class=\"elementor-widget-container\">\n\t\t\t\t\t\t\t\t\t<p><span style=\"font-weight: 400;\">Digitale Projekte auf dem Land sichtbar machen und die K\u00f6pfe dahinter untereinander vernetzen \u2013 das sind die gemeinsamen Ziele von Deutscher Glasfaser und der Initiative \u201eDeutschland \u2013 Land der Ideen\u201c. Daher wurde dieses Jahr erstmalig der Innovationswettbewerb \u201eDigitale Orte im Land der Ideen\u201c ausgerufen. Aus 200 Einreichungen wurden im Juni 2022 die Gewinnerprojekte geehrt \u2013 Rettet die Schlei ist eines der zehn Projekte, die dabei ausgezeichnet wurden. Mehr Informationen zum Wettbewerb \u2013 etwa zur Ausschreibung, zur hochkar\u00e4tigen Jury und zu den Preistr\u00e4gern \u2013 finden Sie <\/span><strong><a href=\"https:\/\/land-der-ideen.de\/wettbewerbe\/digitale-orte\">hier<\/a><\/strong><span style=\"font-weight: 400;\">. <\/span><\/p>\t\t\t\t\t\t\t\t<\/div>\n\t\t\t\t<\/div>\n\t\t\t\t\t<\/div>\n\t\t<\/div>\n\t\t\t\t\t<\/div>\n\t\t<\/section>\n\t\t\t\t<\/div>\n\t\t","protected":false},"excerpt":{"rendered":"<p>Wenn eine Sturmflut das Ostseewasser in die Schlei dr\u00fcckt, m\u00fcssen Anwohnerinnen und Anwohner rechtzeitig vor steigenden Pegeln gewarnt werden. Der nucleon e.V. hat daf\u00fcr ehrenamtlich ein digitales System installiert. Ausgezeichnet als \u201eDigitaler Ort im Land der Ideen\u201d!<\/p>\n","protected":false},"author":5,"featured_media":10406,"comment_status":"open","ping_status":"open","sticky":false,"template":"","format":"standard","meta":{"footnotes":""},"categories":[71],"tags":[],"class_list":["post-10405","post","type-post","status-publish","format-standard","has-post-thumbnail","hentry","category-gemeinschaft"],"yoast_head":"<!-- This site is optimized with the Yoast SEO plugin v27.5 - https:\/\/yoast.com\/product\/yoast-seo-wordpress\/ -->\n<title>Rettet die Schlei \u2013 digitaler Hochwasserschutz per Sensor - Digitales B\u00fcrgernetz<\/title>\n<meta name=\"description\" content=\"Vor Hochwasser warnen, dank digitaler Technologien: So funktioniert der Hochwasserschutz des nucleon e. V. per Sensor und LoRaWAN an der Schlei\" \/>\n<meta name=\"robots\" content=\"index, follow, max-snippet:-1, max-image-preview:large, max-video-preview:-1\" \/>\n<link rel=\"canonical\" href=\"https:\/\/www.deutsche-glasfaser.de\/blog\/rettet-die-schlei-hochwasserschutz-dank-digitalem-fruehwarnsystem\/\" \/>\n<meta property=\"og:locale\" content=\"de_DE\" \/>\n<meta property=\"og:type\" content=\"article\" \/>\n<meta property=\"og:title\" content=\"Rettet die Schlei \u2013 digitaler Hochwasserschutz per Sensor - Digitales B\u00fcrgernetz\" \/>\n<meta property=\"og:description\" content=\"Vor Hochwasser warnen, dank digitaler Technologien: So funktioniert der Hochwasserschutz des nucleon e. V. per Sensor und LoRaWAN an der Schlei\" \/>\n<meta property=\"og:url\" content=\"https:\/\/www.deutsche-glasfaser.de\/blog\/rettet-die-schlei-hochwasserschutz-dank-digitalem-fruehwarnsystem\/\" \/>\n<meta property=\"og:site_name\" content=\"Digitales B\u00fcrgernetz\" \/>\n<meta property=\"article:published_time\" content=\"2022-09-01T15:06:10+00:00\" \/>\n<meta property=\"article:modified_time\" content=\"2022-09-02T08:14:53+00:00\" \/>\n<meta property=\"og:image\" content=\"https:\/\/www.deutsche-glasfaser.de\/blog\/wp-content\/uploads\/2022\/09\/rettet_schlei_header-1.jpg\" \/>\n\t<meta property=\"og:image:width\" content=\"1500\" \/>\n\t<meta property=\"og:image:height\" content=\"705\" \/>\n\t<meta property=\"og:image:type\" content=\"image\/jpeg\" \/>\n<meta name=\"author\" content=\"Deutsche Glasfaser\" \/>\n<meta name=\"twitter:card\" content=\"summary_large_image\" \/>\n<meta name=\"twitter:label1\" content=\"Verfasst von\" \/>\n\t<meta name=\"twitter:data1\" content=\"Deutsche Glasfaser\" \/>\n<script type=\"application\/ld+json\" class=\"yoast-schema-graph\">{\"@context\":\"https:\\\/\\\/schema.org\",\"@graph\":[{\"@type\":\"Article\",\"@id\":\"https:\\\/\\\/www.deutsche-glasfaser.de\\\/blog\\\/rettet-die-schlei-hochwasserschutz-dank-digitalem-fruehwarnsystem\\\/#article\",\"isPartOf\":{\"@id\":\"https:\\\/\\\/www.deutsche-glasfaser.de\\\/blog\\\/rettet-die-schlei-hochwasserschutz-dank-digitalem-fruehwarnsystem\\\/\"},\"author\":{\"name\":\"Deutsche Glasfaser\",\"@id\":\"https:\\\/\\\/www.deutsche-glasfaser.de\\\/blog\\\/#\\\/schema\\\/person\\\/9380a6dc7443d77143d0c66c409f574b\"},\"headline\":\"Rettet die Schlei: Hochwasserschutz dank digitalem Fr\u00fchwarnsystem\",\"datePublished\":\"2022-09-01T15:06:10+00:00\",\"dateModified\":\"2022-09-02T08:14:53+00:00\",\"mainEntityOfPage\":{\"@id\":\"https:\\\/\\\/www.deutsche-glasfaser.de\\\/blog\\\/rettet-die-schlei-hochwasserschutz-dank-digitalem-fruehwarnsystem\\\/\"},\"wordCount\":1372,\"commentCount\":0,\"publisher\":{\"@id\":\"https:\\\/\\\/www.deutsche-glasfaser.de\\\/blog\\\/#organization\"},\"image\":{\"@id\":\"https:\\\/\\\/www.deutsche-glasfaser.de\\\/blog\\\/rettet-die-schlei-hochwasserschutz-dank-digitalem-fruehwarnsystem\\\/#primaryimage\"},\"thumbnailUrl\":\"https:\\\/\\\/www.deutsche-glasfaser.de\\\/blog\\\/wp-content\\\/uploads\\\/2022\\\/09\\\/rettet_schlei_header-1.jpg\",\"articleSection\":[\"#Gemeinschaft\"],\"inLanguage\":\"de\",\"potentialAction\":[{\"@type\":\"CommentAction\",\"name\":\"Comment\",\"target\":[\"https:\\\/\\\/www.deutsche-glasfaser.de\\\/blog\\\/rettet-die-schlei-hochwasserschutz-dank-digitalem-fruehwarnsystem\\\/#respond\"]}]},{\"@type\":\"WebPage\",\"@id\":\"https:\\\/\\\/www.deutsche-glasfaser.de\\\/blog\\\/rettet-die-schlei-hochwasserschutz-dank-digitalem-fruehwarnsystem\\\/\",\"url\":\"https:\\\/\\\/www.deutsche-glasfaser.de\\\/blog\\\/rettet-die-schlei-hochwasserschutz-dank-digitalem-fruehwarnsystem\\\/\",\"name\":\"Rettet die Schlei \u2013 digitaler Hochwasserschutz per Sensor - Digitales B\u00fcrgernetz\",\"isPartOf\":{\"@id\":\"https:\\\/\\\/www.deutsche-glasfaser.de\\\/blog\\\/#website\"},\"primaryImageOfPage\":{\"@id\":\"https:\\\/\\\/www.deutsche-glasfaser.de\\\/blog\\\/rettet-die-schlei-hochwasserschutz-dank-digitalem-fruehwarnsystem\\\/#primaryimage\"},\"image\":{\"@id\":\"https:\\\/\\\/www.deutsche-glasfaser.de\\\/blog\\\/rettet-die-schlei-hochwasserschutz-dank-digitalem-fruehwarnsystem\\\/#primaryimage\"},\"thumbnailUrl\":\"https:\\\/\\\/www.deutsche-glasfaser.de\\\/blog\\\/wp-content\\\/uploads\\\/2022\\\/09\\\/rettet_schlei_header-1.jpg\",\"datePublished\":\"2022-09-01T15:06:10+00:00\",\"dateModified\":\"2022-09-02T08:14:53+00:00\",\"description\":\"Vor Hochwasser warnen, dank digitaler Technologien: So funktioniert der Hochwasserschutz des nucleon e. V. per Sensor und LoRaWAN an der Schlei\",\"inLanguage\":\"de\",\"potentialAction\":[{\"@type\":\"ReadAction\",\"target\":[\"https:\\\/\\\/www.deutsche-glasfaser.de\\\/blog\\\/rettet-die-schlei-hochwasserschutz-dank-digitalem-fruehwarnsystem\\\/\"]}]},{\"@type\":\"ImageObject\",\"inLanguage\":\"de\",\"@id\":\"https:\\\/\\\/www.deutsche-glasfaser.de\\\/blog\\\/rettet-die-schlei-hochwasserschutz-dank-digitalem-fruehwarnsystem\\\/#primaryimage\",\"url\":\"https:\\\/\\\/www.deutsche-glasfaser.de\\\/blog\\\/wp-content\\\/uploads\\\/2022\\\/09\\\/rettet_schlei_header-1.jpg\",\"contentUrl\":\"https:\\\/\\\/www.deutsche-glasfaser.de\\\/blog\\\/wp-content\\\/uploads\\\/2022\\\/09\\\/rettet_schlei_header-1.jpg\",\"width\":1500,\"height\":705,\"caption\":\"Pegelstand bei Arnis. Die Jahrtausendflut von 1872 hat hier wie an der gesamten Ostseek\u00fcste immense Sch\u00e4den angerichtet. \u00a9 nucleon e. V.\\\/ Rettet die Schlei\"},{\"@type\":\"WebSite\",\"@id\":\"https:\\\/\\\/www.deutsche-glasfaser.de\\\/blog\\\/#website\",\"url\":\"https:\\\/\\\/www.deutsche-glasfaser.de\\\/blog\\\/\",\"name\":\"Digitales B\u00fcrgernetz\",\"description\":\"Deutsche Glasfaser Blog\",\"publisher\":{\"@id\":\"https:\\\/\\\/www.deutsche-glasfaser.de\\\/blog\\\/#organization\"},\"potentialAction\":[{\"@type\":\"SearchAction\",\"target\":{\"@type\":\"EntryPoint\",\"urlTemplate\":\"https:\\\/\\\/www.deutsche-glasfaser.de\\\/blog\\\/?s={search_term_string}\"},\"query-input\":{\"@type\":\"PropertyValueSpecification\",\"valueRequired\":true,\"valueName\":\"search_term_string\"}}],\"inLanguage\":\"de\"},{\"@type\":\"Organization\",\"@id\":\"https:\\\/\\\/www.deutsche-glasfaser.de\\\/blog\\\/#organization\",\"name\":\"Digitales B\u00fcrgernetz\",\"url\":\"https:\\\/\\\/www.deutsche-glasfaser.de\\\/blog\\\/\",\"logo\":{\"@type\":\"ImageObject\",\"inLanguage\":\"de\",\"@id\":\"https:\\\/\\\/www.deutsche-glasfaser.de\\\/blog\\\/#\\\/schema\\\/logo\\\/image\\\/\",\"url\":\"https:\\\/\\\/www.deutsche-glasfaser.de\\\/blog\\\/wp-content\\\/uploads\\\/2021\\\/08\\\/DGF_Logo_Basis_RGB-Large@2x.png\",\"contentUrl\":\"https:\\\/\\\/www.deutsche-glasfaser.de\\\/blog\\\/wp-content\\\/uploads\\\/2021\\\/08\\\/DGF_Logo_Basis_RGB-Large@2x.png\",\"width\":312,\"height\":104,\"caption\":\"Digitales B\u00fcrgernetz\"},\"image\":{\"@id\":\"https:\\\/\\\/www.deutsche-glasfaser.de\\\/blog\\\/#\\\/schema\\\/logo\\\/image\\\/\"}},{\"@type\":\"Person\",\"@id\":\"https:\\\/\\\/www.deutsche-glasfaser.de\\\/blog\\\/#\\\/schema\\\/person\\\/9380a6dc7443d77143d0c66c409f574b\",\"name\":\"Deutsche Glasfaser\"}]}<\/script>\n<!-- \/ Yoast SEO plugin. -->","yoast_head_json":{"title":"Rettet die Schlei \u2013 digitaler Hochwasserschutz per Sensor - Digitales B\u00fcrgernetz","description":"Vor Hochwasser warnen, dank digitaler Technologien: So funktioniert der Hochwasserschutz des nucleon e. V. per Sensor und LoRaWAN an der Schlei","robots":{"index":"index","follow":"follow","max-snippet":"max-snippet:-1","max-image-preview":"max-image-preview:large","max-video-preview":"max-video-preview:-1"},"canonical":"https:\/\/www.deutsche-glasfaser.de\/blog\/rettet-die-schlei-hochwasserschutz-dank-digitalem-fruehwarnsystem\/","og_locale":"de_DE","og_type":"article","og_title":"Rettet die Schlei \u2013 digitaler Hochwasserschutz per Sensor - Digitales B\u00fcrgernetz","og_description":"Vor Hochwasser warnen, dank digitaler Technologien: So funktioniert der Hochwasserschutz des nucleon e. V. per Sensor und LoRaWAN an der Schlei","og_url":"https:\/\/www.deutsche-glasfaser.de\/blog\/rettet-die-schlei-hochwasserschutz-dank-digitalem-fruehwarnsystem\/","og_site_name":"Digitales B\u00fcrgernetz","article_published_time":"2022-09-01T15:06:10+00:00","article_modified_time":"2022-09-02T08:14:53+00:00","og_image":[{"width":1500,"height":705,"url":"https:\/\/www.deutsche-glasfaser.de\/blog\/wp-content\/uploads\/2022\/09\/rettet_schlei_header-1.jpg","type":"image\/jpeg"}],"author":"Deutsche Glasfaser","twitter_card":"summary_large_image","twitter_misc":{"Verfasst von":"Deutsche Glasfaser"},"schema":{"@context":"https:\/\/schema.org","@graph":[{"@type":"Article","@id":"https:\/\/www.deutsche-glasfaser.de\/blog\/rettet-die-schlei-hochwasserschutz-dank-digitalem-fruehwarnsystem\/#article","isPartOf":{"@id":"https:\/\/www.deutsche-glasfaser.de\/blog\/rettet-die-schlei-hochwasserschutz-dank-digitalem-fruehwarnsystem\/"},"author":{"name":"Deutsche Glasfaser","@id":"https:\/\/www.deutsche-glasfaser.de\/blog\/#\/schema\/person\/9380a6dc7443d77143d0c66c409f574b"},"headline":"Rettet die Schlei: Hochwasserschutz dank digitalem Fr\u00fchwarnsystem","datePublished":"2022-09-01T15:06:10+00:00","dateModified":"2022-09-02T08:14:53+00:00","mainEntityOfPage":{"@id":"https:\/\/www.deutsche-glasfaser.de\/blog\/rettet-die-schlei-hochwasserschutz-dank-digitalem-fruehwarnsystem\/"},"wordCount":1372,"commentCount":0,"publisher":{"@id":"https:\/\/www.deutsche-glasfaser.de\/blog\/#organization"},"image":{"@id":"https:\/\/www.deutsche-glasfaser.de\/blog\/rettet-die-schlei-hochwasserschutz-dank-digitalem-fruehwarnsystem\/#primaryimage"},"thumbnailUrl":"https:\/\/www.deutsche-glasfaser.de\/blog\/wp-content\/uploads\/2022\/09\/rettet_schlei_header-1.jpg","articleSection":["#Gemeinschaft"],"inLanguage":"de","potentialAction":[{"@type":"CommentAction","name":"Comment","target":["https:\/\/www.deutsche-glasfaser.de\/blog\/rettet-die-schlei-hochwasserschutz-dank-digitalem-fruehwarnsystem\/#respond"]}]},{"@type":"WebPage","@id":"https:\/\/www.deutsche-glasfaser.de\/blog\/rettet-die-schlei-hochwasserschutz-dank-digitalem-fruehwarnsystem\/","url":"https:\/\/www.deutsche-glasfaser.de\/blog\/rettet-die-schlei-hochwasserschutz-dank-digitalem-fruehwarnsystem\/","name":"Rettet die Schlei \u2013 digitaler Hochwasserschutz per Sensor - Digitales B\u00fcrgernetz","isPartOf":{"@id":"https:\/\/www.deutsche-glasfaser.de\/blog\/#website"},"primaryImageOfPage":{"@id":"https:\/\/www.deutsche-glasfaser.de\/blog\/rettet-die-schlei-hochwasserschutz-dank-digitalem-fruehwarnsystem\/#primaryimage"},"image":{"@id":"https:\/\/www.deutsche-glasfaser.de\/blog\/rettet-die-schlei-hochwasserschutz-dank-digitalem-fruehwarnsystem\/#primaryimage"},"thumbnailUrl":"https:\/\/www.deutsche-glasfaser.de\/blog\/wp-content\/uploads\/2022\/09\/rettet_schlei_header-1.jpg","datePublished":"2022-09-01T15:06:10+00:00","dateModified":"2022-09-02T08:14:53+00:00","description":"Vor Hochwasser warnen, dank digitaler Technologien: So funktioniert der Hochwasserschutz des nucleon e. V. per Sensor und LoRaWAN an der Schlei","inLanguage":"de","potentialAction":[{"@type":"ReadAction","target":["https:\/\/www.deutsche-glasfaser.de\/blog\/rettet-die-schlei-hochwasserschutz-dank-digitalem-fruehwarnsystem\/"]}]},{"@type":"ImageObject","inLanguage":"de","@id":"https:\/\/www.deutsche-glasfaser.de\/blog\/rettet-die-schlei-hochwasserschutz-dank-digitalem-fruehwarnsystem\/#primaryimage","url":"https:\/\/www.deutsche-glasfaser.de\/blog\/wp-content\/uploads\/2022\/09\/rettet_schlei_header-1.jpg","contentUrl":"https:\/\/www.deutsche-glasfaser.de\/blog\/wp-content\/uploads\/2022\/09\/rettet_schlei_header-1.jpg","width":1500,"height":705,"caption":"Pegelstand bei Arnis. Die Jahrtausendflut von 1872 hat hier wie an der gesamten Ostseek\u00fcste immense Sch\u00e4den angerichtet. \u00a9 nucleon e. V.\/ Rettet die Schlei"},{"@type":"WebSite","@id":"https:\/\/www.deutsche-glasfaser.de\/blog\/#website","url":"https:\/\/www.deutsche-glasfaser.de\/blog\/","name":"Digitales B\u00fcrgernetz","description":"Deutsche Glasfaser Blog","publisher":{"@id":"https:\/\/www.deutsche-glasfaser.de\/blog\/#organization"},"potentialAction":[{"@type":"SearchAction","target":{"@type":"EntryPoint","urlTemplate":"https:\/\/www.deutsche-glasfaser.de\/blog\/?s={search_term_string}"},"query-input":{"@type":"PropertyValueSpecification","valueRequired":true,"valueName":"search_term_string"}}],"inLanguage":"de"},{"@type":"Organization","@id":"https:\/\/www.deutsche-glasfaser.de\/blog\/#organization","name":"Digitales B\u00fcrgernetz","url":"https:\/\/www.deutsche-glasfaser.de\/blog\/","logo":{"@type":"ImageObject","inLanguage":"de","@id":"https:\/\/www.deutsche-glasfaser.de\/blog\/#\/schema\/logo\/image\/","url":"https:\/\/www.deutsche-glasfaser.de\/blog\/wp-content\/uploads\/2021\/08\/DGF_Logo_Basis_RGB-Large@2x.png","contentUrl":"https:\/\/www.deutsche-glasfaser.de\/blog\/wp-content\/uploads\/2021\/08\/DGF_Logo_Basis_RGB-Large@2x.png","width":312,"height":104,"caption":"Digitales B\u00fcrgernetz"},"image":{"@id":"https:\/\/www.deutsche-glasfaser.de\/blog\/#\/schema\/logo\/image\/"}},{"@type":"Person","@id":"https:\/\/www.deutsche-glasfaser.de\/blog\/#\/schema\/person\/9380a6dc7443d77143d0c66c409f574b","name":"Deutsche Glasfaser"}]}},"_links":{"self":[{"href":"https:\/\/www.deutsche-glasfaser.de\/blog\/wp-json\/wp\/v2\/posts\/10405","targetHints":{"allow":["GET"]}}],"collection":[{"href":"https:\/\/www.deutsche-glasfaser.de\/blog\/wp-json\/wp\/v2\/posts"}],"about":[{"href":"https:\/\/www.deutsche-glasfaser.de\/blog\/wp-json\/wp\/v2\/types\/post"}],"author":[{"embeddable":true,"href":"https:\/\/www.deutsche-glasfaser.de\/blog\/wp-json\/wp\/v2\/users\/5"}],"replies":[{"embeddable":true,"href":"https:\/\/www.deutsche-glasfaser.de\/blog\/wp-json\/wp\/v2\/comments?post=10405"}],"version-history":[{"count":15,"href":"https:\/\/www.deutsche-glasfaser.de\/blog\/wp-json\/wp\/v2\/posts\/10405\/revisions"}],"predecessor-version":[{"id":10424,"href":"https:\/\/www.deutsche-glasfaser.de\/blog\/wp-json\/wp\/v2\/posts\/10405\/revisions\/10424"}],"wp:featuredmedia":[{"embeddable":true,"href":"https:\/\/www.deutsche-glasfaser.de\/blog\/wp-json\/wp\/v2\/media\/10406"}],"wp:attachment":[{"href":"https:\/\/www.deutsche-glasfaser.de\/blog\/wp-json\/wp\/v2\/media?parent=10405"}],"wp:term":[{"taxonomy":"category","embeddable":true,"href":"https:\/\/www.deutsche-glasfaser.de\/blog\/wp-json\/wp\/v2\/categories?post=10405"},{"taxonomy":"post_tag","embeddable":true,"href":"https:\/\/www.deutsche-glasfaser.de\/blog\/wp-json\/wp\/v2\/tags?post=10405"}],"curies":[{"name":"wp","href":"https:\/\/api.w.org\/{rel}","templated":true}]}}