{"id":10291,"date":"2022-08-09T07:00:00","date_gmt":"2022-08-09T07:00:00","guid":{"rendered":"https:\/\/www.deutsche-glasfaser.de\/blog\/?p=10291"},"modified":"2022-08-08T16:08:08","modified_gmt":"2022-08-08T16:08:08","slug":"buergermeister-andreas-brohm-ueber-das-digitale-rathaus-tangerhuette","status":"publish","type":"post","link":"https:\/\/www.deutsche-glasfaser.de\/blog\/buergermeister-andreas-brohm-ueber-das-digitale-rathaus-tangerhuette\/","title":{"rendered":"B\u00fcrgermeister Andreas Brohm: \u201eEnde 2022 wollen wir alle Verwaltungsdienste digital anbieten\u201c"},"content":{"rendered":"\t\t<div data-elementor-type=\"wp-post\" data-elementor-id=\"10291\" class=\"elementor elementor-10291\">\n\t\t\t\t\t\t<section class=\"elementor-section elementor-top-section elementor-element elementor-element-bc9d58f elementor-section-boxed elementor-section-height-default elementor-section-height-default\" data-id=\"bc9d58f\" data-element_type=\"section\" data-e-type=\"section\">\n\t\t\t\t\t\t<div class=\"elementor-container elementor-column-gap-default\">\n\t\t\t\t\t<div class=\"elementor-column elementor-col-100 elementor-top-column elementor-element elementor-element-6be29fc\" data-id=\"6be29fc\" data-element_type=\"column\" data-e-type=\"column\">\n\t\t\t<div class=\"elementor-widget-wrap elementor-element-populated\">\n\t\t\t\t\t\t<div class=\"elementor-element elementor-element-10182bb elementor-widget elementor-widget-text-editor\" data-id=\"10182bb\" data-element_type=\"widget\" data-e-type=\"widget\" data-widget_type=\"text-editor.default\">\n\t\t\t\t<div class=\"elementor-widget-container\">\n\t\t\t\t\t\t\t\t\t<p><span style=\"font-weight: 400;\">Die Einheitsgemeinde Stadt Tangerh\u00fctte in der Altmark. \u00a9 Stadt Tangerh\u00fctte<\/span><\/p>\t\t\t\t\t\t\t\t<\/div>\n\t\t\t\t<\/div>\n\t\t\t\t\t<\/div>\n\t\t<\/div>\n\t\t\t\t\t<\/div>\n\t\t<\/section>\n\t\t\t\t<section class=\"elementor-section elementor-top-section elementor-element elementor-element-f2e7095 elementor-section-boxed elementor-section-height-default elementor-section-height-default\" data-id=\"f2e7095\" data-element_type=\"section\" data-e-type=\"section\">\n\t\t\t\t\t\t<div class=\"elementor-container elementor-column-gap-default\">\n\t\t\t\t\t<div class=\"elementor-column elementor-col-100 elementor-top-column elementor-element elementor-element-746b488\" data-id=\"746b488\" data-element_type=\"column\" data-e-type=\"column\">\n\t\t\t<div class=\"elementor-widget-wrap elementor-element-populated\">\n\t\t\t\t\t\t<div class=\"elementor-element elementor-element-027fd7a elementor-widget elementor-widget-text-editor\" data-id=\"027fd7a\" data-element_type=\"widget\" data-e-type=\"widget\" data-widget_type=\"text-editor.default\">\n\t\t\t\t<div class=\"elementor-widget-container\">\n\t\t\t\t\t\t\t\t\t<p>\u00a0<\/p><p><b>Herr B\u00fcrgermeister Brohm, Sie haben in Ihrer Einheitsgemeinde Stadt Tangerh\u00fctte das digitale Rathaus ausgerollt. Welche Dienste k\u00f6nnen die B\u00fcrgerinnen und B\u00fcrger online in Anspruch nehmen?<\/b><\/p><p><span style=\"font-weight: 400;\">Das reicht von der Anmeldung eines Gewerbes \u00fcber den verlorenen Personalausweis und die Anh\u00f6rung in einem Ordnungswidrigkeitsverfahren bis zur Beantragung von Brauchtumsfeuern \u2013 also die gesamte Breite unserer Aufgabenbereiche und zu viele, um sie im Einzelnen aufzuz\u00e4hlen. Auch interne Dienste f\u00fcr meine Mitarbeiterinnen und Mitarbeiter wie Reisekostenabrechnungen funktionieren bei uns digital. Ziel ist es, am Ende des Jahres 2022 alle Dienste online anzubieten. \u00dcbrigens haben wir einen absoluten \u201eVerkaufsschlager\u201c: die Online-Terminvereinbarung.<\/span><\/p>\t\t\t\t\t\t\t\t<\/div>\n\t\t\t\t<\/div>\n\t\t\t\t<div class=\"elementor-element elementor-element-d4a2a88 elementor-widget elementor-widget-spacer\" data-id=\"d4a2a88\" data-element_type=\"widget\" data-e-type=\"widget\" data-widget_type=\"spacer.default\">\n\t\t\t\t<div class=\"elementor-widget-container\">\n\t\t\t\t\t\t\t<div class=\"elementor-spacer\">\n\t\t\t<div class=\"elementor-spacer-inner\"><\/div>\n\t\t<\/div>\n\t\t\t\t\t\t<\/div>\n\t\t\t\t<\/div>\n\t\t\t\t<div class=\"elementor-element elementor-element-4344bc1 elementor-widget elementor-widget-text-editor\" data-id=\"4344bc1\" data-element_type=\"widget\" data-e-type=\"widget\" data-widget_type=\"text-editor.default\">\n\t\t\t\t<div class=\"elementor-widget-container\">\n\t\t\t\t\t\t\t\t\t<p><b>Was war ihr Antrieb, diesen Digitalisierungsprozess anzugehen?<\/b><\/p><p><span style=\"font-weight: 400;\">Im Grunde geht es uns um zwei Fragen: Erstens: Wie wollen wir als Verwaltung in Zukunft arbeiten? Und wie k\u00f6nnen wir unsere vielf\u00e4ltigen Aufgaben mit weniger Personal erledigen? Nicht, weil wir Leute entlassen wollen, sondern weil es in Zeiten des Fachkr\u00e4ftemangels immer schwieriger wird, Menschen f\u00fcr die Arbeit in einer kleinen Kommune zu gewinnen. Und zweitens: Wie k\u00f6nnen wir es f\u00fcr die B\u00fcrgerinnen und B\u00fcrger so angenehm wie m\u00f6glich machen? Wir sind eine Fl\u00e4chenkommune, hier f\u00e4hrt man gerne mal eine halbe Stunde von A nach B. Da hilft es, wenn man f\u00fcr bestimmte Sachen nicht mehr ins Rathaus gehen muss.<\/span><\/p>\t\t\t\t\t\t\t\t<\/div>\n\t\t\t\t<\/div>\n\t\t\t\t<div class=\"elementor-element elementor-element-a51b1b0 elementor-widget elementor-widget-spacer\" data-id=\"a51b1b0\" data-element_type=\"widget\" data-e-type=\"widget\" data-widget_type=\"spacer.default\">\n\t\t\t\t<div class=\"elementor-widget-container\">\n\t\t\t\t\t\t\t<div class=\"elementor-spacer\">\n\t\t\t<div class=\"elementor-spacer-inner\"><\/div>\n\t\t<\/div>\n\t\t\t\t\t\t<\/div>\n\t\t\t\t<\/div>\n\t\t\t\t<div class=\"elementor-element elementor-element-5029779 elementor-widget elementor-widget-text-editor\" data-id=\"5029779\" data-element_type=\"widget\" data-e-type=\"widget\" data-widget_type=\"text-editor.default\">\n\t\t\t\t<div class=\"elementor-widget-container\">\n\t\t\t\t\t\t\t\t\t<p><b>Wenn sie alle Dienste und Leistungen anbieten, erf\u00fcllen Sie die Anforderungen des Online-Zugangsgesetzes quasi im Vorbeigehen?<\/b><\/p><p><span style=\"font-weight: 400;\">Genau. Das ist quasi nur ein Nebenprodukt.<\/span><\/p>\t\t\t\t\t\t\t\t<\/div>\n\t\t\t\t<\/div>\n\t\t\t\t<div class=\"elementor-element elementor-element-df47a97 elementor-widget elementor-widget-spacer\" data-id=\"df47a97\" data-element_type=\"widget\" data-e-type=\"widget\" data-widget_type=\"spacer.default\">\n\t\t\t\t<div class=\"elementor-widget-container\">\n\t\t\t\t\t\t\t<div class=\"elementor-spacer\">\n\t\t\t<div class=\"elementor-spacer-inner\"><\/div>\n\t\t<\/div>\n\t\t\t\t\t\t<\/div>\n\t\t\t\t<\/div>\n\t\t\t\t<div class=\"elementor-element elementor-element-383d3bd elementor-widget elementor-widget-image\" data-id=\"383d3bd\" data-element_type=\"widget\" data-e-type=\"widget\" data-widget_type=\"image.default\">\n\t\t\t\t<div class=\"elementor-widget-container\">\n\t\t\t\t\t\t\t\t\t\t\t\t<figure class=\"wp-caption\">\n\t\t\t\t\t\t\t\t\t\t<img fetchpriority=\"high\" decoding=\"async\" width=\"768\" height=\"797\" src=\"https:\/\/www.deutsche-glasfaser.de\/blog\/wp-content\/uploads\/2022\/08\/tangerhuette_blog-768x797.jpg\" class=\"attachment-medium_large size-medium_large wp-image-10294\" alt=\"Ein Mann im Hemd mit Anzug h\u00e4lt ein Smartphone hoch. Im Hintergrund ist ein Backsteingeb\u00e4ude mit der Aufschrift Rathaus zu sehen.\" srcset=\"https:\/\/www.deutsche-glasfaser.de\/blog\/wp-content\/uploads\/2022\/08\/tangerhuette_blog-768x797.jpg 768w, https:\/\/www.deutsche-glasfaser.de\/blog\/wp-content\/uploads\/2022\/08\/tangerhuette_blog-289x300.jpg 289w, https:\/\/www.deutsche-glasfaser.de\/blog\/wp-content\/uploads\/2022\/08\/tangerhuette_blog.jpg 788w\" sizes=\"(max-width: 768px) 100vw, 768px\" \/>\t\t\t\t\t\t\t\t\t\t\t<figcaption class=\"widget-image-caption wp-caption-text\">B\u00fcrgermeister Andreas Brohm treibt die Digitalisierung voran. \u00a9 Stadt Tangerh\u00fctte\n<\/figcaption>\n\t\t\t\t\t\t\t\t\t\t<\/figure>\n\t\t\t\t\t\t\t\t\t<\/div>\n\t\t\t\t<\/div>\n\t\t\t\t<div class=\"elementor-element elementor-element-e29a669 elementor-widget elementor-widget-spacer\" data-id=\"e29a669\" data-element_type=\"widget\" data-e-type=\"widget\" data-widget_type=\"spacer.default\">\n\t\t\t\t<div class=\"elementor-widget-container\">\n\t\t\t\t\t\t\t<div class=\"elementor-spacer\">\n\t\t\t<div class=\"elementor-spacer-inner\"><\/div>\n\t\t<\/div>\n\t\t\t\t\t\t<\/div>\n\t\t\t\t<\/div>\n\t\t\t\t<div class=\"elementor-element elementor-element-16dc322 elementor-widget elementor-widget-text-editor\" data-id=\"16dc322\" data-element_type=\"widget\" data-e-type=\"widget\" data-widget_type=\"text-editor.default\">\n\t\t\t\t<div class=\"elementor-widget-container\">\n\t\t\t\t\t\t\t\t\t<p><b>Das digitale Rathaus in Tangerh\u00fctte ging im Fr\u00fchjahr 2020 an den Start. Wie wird das Angebot mittlerweile angenommen?<\/b><\/p><p><span style=\"font-weight: 400;\">Wir haben inzwischen \u00fcber 2.000 angemeldete B\u00fcrgerinnen und B\u00fcrger im System, der Abo-Informationsservice der Verwaltung hat fast 600 Leserinnen und Leser \u2013 ich w\u00fcrde daher sagen, unser Angebot hat seine Kunden gefunden, zumal wir es noch weiter ausbauen und entwickeln werden. Aber nat\u00fcrlich w\u00fcnsche ich mir, dass noch mehr Menschen das digitale Rathaus nutzen. Am Ende soll sich jeder aussuchen k\u00f6nnen, welche Dienste er wie in Anspruch nimmt. Nat\u00fcrlich gibt es weiterhin Menschen, die gerne zu uns ins Rathaus kommen, mal ein Wort loswerden wollen.\u00a0<\/span><\/p><p>\u00a0<\/p><p><b>Ein digitales Rathaus zu er\u00f6ffnen, ist f\u00fcr eine kleine Kommune ein Kraftakt. Wie haben Sie den bew\u00e4ltigt? Wer ist Ihr Partner?<\/b><\/p><p><span style=\"font-weight: 400;\">Das ist in unserem Fall die Innocon Systems GmbH, die hier in Tangerm\u00fcnde sitzt \u2013 ein gro\u00dfer Player im Gesundheitsbereich. Deren Softwarel\u00f6sungen laufen in Krankenh\u00e4usern in der ganzen Welt. Dort werden sehr viele sehr sensible Daten verarbeitet, sodass sich niemand Sorgen um die Sicherheit unserer Daten machen muss.\u00a0<\/span><\/p><p>\u00a0<\/p><p><b>Wie ging es los mit Ihrer Zusammenarbeit?<\/b><\/p><p><span style=\"font-weight: 400;\">Vor drei Jahren sind wir erstmals ins Gespr\u00e4ch gekommen. Der Gesch\u00e4ftsf\u00fchrer meinte: \u201eIrgendwie ist das, was Ihr da an Verwaltungssoftware habt, komisch. Im Grunde \u00e4hneln sich doch die Verwaltungen von Kliniken und Kommunen. Und f\u00fcr erstere haben wir gute und umfassende L\u00f6sungen.\u201c Und so kamen wir darauf, einfach mal zu versuchen, das zusammenzubringen. Am Ende hatten wir eine echte Win-win-Situation: Wir als Kommunalverwaltung erkl\u00e4ren unserem Softwarepartner, was wir wie brauchen \u2013 und der passt Systeme und Portale an unsere Bed\u00fcrfnisse an. Gerade letzte Woche haben wir aus diesem Portal 3.000 Bescheide per E-Post versandt. Ein Alleinstellungsmerkmal von mehreren ist unsere App, wo ich mich mit meinem Fingerprint autorisieren und dann nachvollziehen kann, was ich gestern mit der Verwaltung geschnackt habe. Ist es nicht erstaunlich, dass eine solche L\u00f6sung aus dem medizinischen Bereich kommt und nicht von den \u00fcblichen Verd\u00e4chtigen, die sich seit Jahrzehnten mit Verwaltungssoftware auseinandersetzen?<\/span><\/p>\t\t\t\t\t\t\t\t<\/div>\n\t\t\t\t<\/div>\n\t\t\t\t<div class=\"elementor-element elementor-element-cbd82d5 elementor-widget elementor-widget-spacer\" data-id=\"cbd82d5\" data-element_type=\"widget\" data-e-type=\"widget\" data-widget_type=\"spacer.default\">\n\t\t\t\t<div class=\"elementor-widget-container\">\n\t\t\t\t\t\t\t<div class=\"elementor-spacer\">\n\t\t\t<div class=\"elementor-spacer-inner\"><\/div>\n\t\t<\/div>\n\t\t\t\t\t\t<\/div>\n\t\t\t\t<\/div>\n\t\t\t\t<div class=\"elementor-element elementor-element-4df0d51 elementor-widget elementor-widget-blockquote\" data-id=\"4df0d51\" data-element_type=\"widget\" data-e-type=\"widget\" data-widget_type=\"blockquote.default\">\n\t\t\t\t<div class=\"elementor-widget-container\">\n\t\t\t\t\t \t\t\t\t<\/div>\n\t\t\t\t<\/div>\n\t\t\t\t<div class=\"elementor-element elementor-element-b690a1e elementor-widget elementor-widget-spacer\" data-id=\"b690a1e\" data-element_type=\"widget\" data-e-type=\"widget\" data-widget_type=\"spacer.default\">\n\t\t\t\t<div class=\"elementor-widget-container\">\n\t\t\t\t\t\t\t<div class=\"elementor-spacer\">\n\t\t\t<div class=\"elementor-spacer-inner\"><\/div>\n\t\t<\/div>\n\t\t\t\t\t\t<\/div>\n\t\t\t\t<\/div>\n\t\t\t\t<div class=\"elementor-element elementor-element-bccc682 elementor-widget elementor-widget-text-editor\" data-id=\"bccc682\" data-element_type=\"widget\" data-e-type=\"widget\" data-widget_type=\"text-editor.default\">\n\t\t\t\t<div class=\"elementor-widget-container\">\n\t\t\t\t\t\t\t\t\t<p><b>Nutzen auch andere Kommunen das von Tangerh\u00fctte und Innocon Systems entwickelte System?<\/b><\/p><p><span style=\"font-weight: 400;\">Soweit ich wei\u00df, hat die Kommune Thale das erworben und ist gerade dabei, das System zu implementieren. Hier in der Altmark macht die Stadt Stendal schon die Terminvergabe dar\u00fcber, Arneburg-Goldbeck hat es ebenfalls auf seiner Homepage eingebunden. Das sind Nutzungen in unterschiedlichem Umfang und Reifegrad.\u00a0<\/span><\/p><p>\u00a0<\/p><p><b>Welche Perspektive sehen Sie?<\/b><\/p><p><span style=\"font-weight: 400;\">Im Grunde k\u00f6nnte jede Kommune in Sachsen-Anhalt morgen das digitale Rathaus ausrollen. Zurzeit gibt es aber ein grunds\u00e4tzliches Problem: Das Land hat noch keine Digitalisierungsstrategie f\u00fcr Kommunen. Theoretisch k\u00f6nnte morgen aus Magdeburg die Ansage kommen: \u201aAlle Kommunen in Sachsen-Anhalt machen das mit der Verwaltungsdigitalisierung jetzt bitte so. Wir stellen daf\u00fcr eine einheitliche Software zur Verf\u00fcgung.\u2018 In dem Fall h\u00e4tten wir mit unserem System mit Zitronen gehandelt, und insofern ist man andernorts auch noch ein bisschen zaghaft. Ich glaube aber, dass wir auf einem guten Weg sind, dass das digitale Rathaus aus Tangerh\u00fctte der Standard wird \u2013 weil es einfach nichts Besseres gibt.<\/span><\/p><p>\u00a0<\/p><p><b>Was w\u00e4re aus Ihrer Sicht wichtig, wenn Sie eine Digitalisierungsstrategie f\u00fcr Kommunen mitentwerfen k\u00f6nnten?<\/b><\/p><p><span style=\"font-weight: 400;\">Wir m\u00fcssen meiner Meinung nach die gesamte Verwaltung in und f\u00fcr Deutschland aus der Perspektive der Kommune denken. Denn hier werden die B\u00fcrgerinnen und B\u00fcrger geboren, hier leben und sterben sie. \u00dcber B\u00fcrgerportale m\u00fcssen daher alle Verwaltungsleistungen Deutschlands abgewickelt werden k\u00f6nnen. Ich denke, dass wir daf\u00fcr auch die Ressourcenverteilung \u00e4ndern m\u00fcssen: Kommunen brauchen bessere Ressourcen, damit sie ihre Leistungen auch erbringen k\u00f6nnen. Wir m\u00fcssen in Deutschland lernen, ganzheitlich zu denken, und den Mut aufbringen, Dinge zu \u00e4ndern. Bestimmte Fragen sollten wir uns daher mit Nachdruck stellen: Braucht der Bund diese Kompetenzen? Brauchen die L\u00e4nder jene Kompetenzen? Warum geben wir nicht mehr Kompetenzen an die Kommunen? F\u00fcr mich ist klar: Wenn wir so weitermachen wie bisher, b\u00fcrokratisieren wir uns in den n\u00e4chsten Jahren zu Tode.<\/span><\/p>\t\t\t\t\t\t\t\t<\/div>\n\t\t\t\t<\/div>\n\t\t\t\t<div class=\"elementor-element elementor-element-f6e95a7 elementor-widget elementor-widget-spacer\" data-id=\"f6e95a7\" data-element_type=\"widget\" data-e-type=\"widget\" data-widget_type=\"spacer.default\">\n\t\t\t\t<div class=\"elementor-widget-container\">\n\t\t\t\t\t\t\t<div class=\"elementor-spacer\">\n\t\t\t<div class=\"elementor-spacer-inner\"><\/div>\n\t\t<\/div>\n\t\t\t\t\t\t<\/div>\n\t\t\t\t<\/div>\n\t\t\t\t<section class=\"elementor-section elementor-inner-section elementor-element elementor-element-ddac20c elementor-section-boxed elementor-section-height-default elementor-section-height-default\" data-id=\"ddac20c\" data-element_type=\"section\" data-e-type=\"section\">\n\t\t\t\t\t\t<div class=\"elementor-container elementor-column-gap-default\">\n\t\t\t\t\t<div class=\"elementor-column elementor-col-50 elementor-inner-column elementor-element elementor-element-3545172\" data-id=\"3545172\" data-element_type=\"column\" data-e-type=\"column\">\n\t\t\t<div class=\"elementor-widget-wrap elementor-element-populated\">\n\t\t\t\t\t\t<div class=\"elementor-element elementor-element-822052d elementor-widget elementor-widget-image\" data-id=\"822052d\" data-element_type=\"widget\" data-e-type=\"widget\" data-widget_type=\"image.default\">\n\t\t\t\t<div class=\"elementor-widget-container\">\n\t\t\t\t\t\t\t\t\t\t\t\t<figure class=\"wp-caption\">\n\t\t\t\t\t\t\t\t\t\t<img decoding=\"async\" width=\"768\" height=\"688\" src=\"https:\/\/www.deutsche-glasfaser.de\/blog\/wp-content\/uploads\/2022\/08\/tangerhuette_blog2-768x688.jpg\" class=\"attachment-medium_large size-medium_large wp-image-10292\" alt=\"Ein Mann spricht gestikulierend. Er tr\u00e4gt einen blauen Anzug und ein hellblaues Hemd.\" srcset=\"https:\/\/www.deutsche-glasfaser.de\/blog\/wp-content\/uploads\/2022\/08\/tangerhuette_blog2-768x688.jpg 768w, https:\/\/www.deutsche-glasfaser.de\/blog\/wp-content\/uploads\/2022\/08\/tangerhuette_blog2-300x269.jpg 300w, https:\/\/www.deutsche-glasfaser.de\/blog\/wp-content\/uploads\/2022\/08\/tangerhuette_blog2.jpg 788w\" sizes=\"(max-width: 768px) 100vw, 768px\" \/>\t\t\t\t\t\t\t\t\t\t\t<figcaption class=\"widget-image-caption wp-caption-text\">B\u00fcrgermeister Andreas Brohm \u00a9 Stadt Tangerh\u00fctte<\/figcaption>\n\t\t\t\t\t\t\t\t\t\t<\/figure>\n\t\t\t\t\t\t\t\t\t<\/div>\n\t\t\t\t<\/div>\n\t\t\t\t\t<\/div>\n\t\t<\/div>\n\t\t\t\t<div class=\"elementor-column elementor-col-50 elementor-inner-column elementor-element elementor-element-0e386ad\" data-id=\"0e386ad\" data-element_type=\"column\" data-e-type=\"column\">\n\t\t\t<div class=\"elementor-widget-wrap elementor-element-populated\">\n\t\t\t\t\t\t<div class=\"elementor-element elementor-element-7fe43b9 elementor-widget elementor-widget-text-editor\" data-id=\"7fe43b9\" data-element_type=\"widget\" data-e-type=\"widget\" data-widget_type=\"text-editor.default\">\n\t\t\t\t<div class=\"elementor-widget-container\">\n\t\t\t\t\t\t\t\t\t<p><b>Zur Person<\/b><\/p><p><span style=\"font-weight: 400;\">Andreas Brohm (parteilos) ist seit 2014 B\u00fcrgermeister der Einheitsgemeinde Stadt Tangerh\u00fctte. Brohm ist in Tangerh\u00fctte geboren, studierte sp\u00e4ter Betriebswirtschaftslehre und war mehrere Jahre in der Musikbranche t\u00e4tig, zuletzt als Europa-Tour-Manager des Musicals West Side Story. Die Einheitsgemeinde Stadt Tangerh\u00fctte hat rund 10.000 Einwohnerinnen und Einwohner und 19 Ortschaften und liegt zwischen Magdeburg und Stendal in der Altmark (Sachsen-Anhalt). <\/span><\/p><p><span style=\"font-weight: 400;\">Erfahren Sie mehr \u00fcber das <\/span><a href=\"https:\/\/digitalesrathaus.info\/wnf\/navbar\/wnf.php\"><span style=\"font-weight: 400;\"><strong>digitale Rathaus<\/strong><\/span><\/a><span style=\"font-weight: 400;\">, oder informieren Sie sich \u00fcber das <\/span><strong><a href=\"https:\/\/rathaus.tangerhuette.de:8443\/?\">Digitale Rathaus von Tangerh\u00fctte<\/a>. <\/strong><\/p>\t\t\t\t\t\t\t\t<\/div>\n\t\t\t\t<\/div>\n\t\t\t\t\t<\/div>\n\t\t<\/div>\n\t\t\t\t\t<\/div>\n\t\t<\/section>\n\t\t\t\t<div class=\"elementor-element elementor-element-1b6da7b elementor-widget elementor-widget-spacer\" data-id=\"1b6da7b\" data-element_type=\"widget\" data-e-type=\"widget\" data-widget_type=\"spacer.default\">\n\t\t\t\t<div class=\"elementor-widget-container\">\n\t\t\t\t\t\t\t<div class=\"elementor-spacer\">\n\t\t\t<div class=\"elementor-spacer-inner\"><\/div>\n\t\t<\/div>\n\t\t\t\t\t\t<\/div>\n\t\t\t\t<\/div>\n\t\t\t\t\t<\/div>\n\t\t<\/div>\n\t\t\t\t\t<\/div>\n\t\t<\/section>\n\t\t\t\t<\/div>\n\t\t","protected":false},"excerpt":{"rendered":"<p>2020 hat die Einheitsgemeinde Stadt Tangerh\u00fctte in Sachsen-Anhalt (rd. 10.000 Einwohner) ihr digitales Rathaus er\u00f6ffnet. \u201eWir sind auf einem guten Weg, dass das auch anderswo Standard wird\u201c, sagt B\u00fcrgermeister Andreas Brohm. Im Interview berichtet er von seinen Erfahrungen.<\/p>\n","protected":false},"author":5,"featured_media":10293,"comment_status":"open","ping_status":"open","sticky":false,"template":"","format":"standard","meta":{"footnotes":""},"categories":[69],"tags":[],"class_list":["post-10291","post","type-post","status-publish","format-standard","has-post-thumbnail","hentry","category-arbeit"],"yoast_head":"<!-- This site is optimized with the Yoast SEO plugin v27.5 - https:\/\/yoast.com\/product\/yoast-seo-wordpress\/ -->\n<title>- Digitales B\u00fcrgernetz<\/title>\n<meta name=\"description\" content=\"Tangerh\u00fctte hat 2020 das digitale Rathaus eingef\u00fchrt. Interview mit B\u00fcrgermeister Andreas Brohm \u00fcber die Digitalisierung der Kommunalverwaltung.\" \/>\n<meta name=\"robots\" content=\"index, follow, max-snippet:-1, max-image-preview:large, max-video-preview:-1\" \/>\n<link rel=\"canonical\" href=\"https:\/\/www.deutsche-glasfaser.de\/blog\/buergermeister-andreas-brohm-ueber-das-digitale-rathaus-tangerhuette\/\" \/>\n<meta property=\"og:locale\" content=\"de_DE\" \/>\n<meta property=\"og:type\" content=\"article\" \/>\n<meta property=\"og:title\" content=\"- Digitales B\u00fcrgernetz\" \/>\n<meta property=\"og:description\" content=\"Tangerh\u00fctte hat 2020 das digitale Rathaus eingef\u00fchrt. Interview mit B\u00fcrgermeister Andreas Brohm \u00fcber die Digitalisierung der Kommunalverwaltung.\" \/>\n<meta property=\"og:url\" content=\"https:\/\/www.deutsche-glasfaser.de\/blog\/buergermeister-andreas-brohm-ueber-das-digitale-rathaus-tangerhuette\/\" \/>\n<meta property=\"og:site_name\" content=\"Digitales B\u00fcrgernetz\" \/>\n<meta property=\"article:published_time\" content=\"2022-08-09T07:00:00+00:00\" \/>\n<meta property=\"og:image\" content=\"https:\/\/www.deutsche-glasfaser.de\/blog\/wp-content\/uploads\/2022\/08\/tangerhuette_header.jpg\" \/>\n\t<meta property=\"og:image:width\" content=\"1500\" \/>\n\t<meta property=\"og:image:height\" content=\"705\" \/>\n\t<meta property=\"og:image:type\" content=\"image\/jpeg\" \/>\n<meta name=\"author\" content=\"Deutsche Glasfaser\" \/>\n<meta name=\"twitter:card\" content=\"summary_large_image\" \/>\n<meta name=\"twitter:label1\" content=\"Verfasst von\" \/>\n\t<meta name=\"twitter:data1\" content=\"Deutsche Glasfaser\" \/>\n\t<meta name=\"twitter:label2\" content=\"Gesch\u00e4tzte Lesezeit\" \/>\n\t<meta name=\"twitter:data2\" content=\"7\u00a0Minuten\" \/>\n<script type=\"application\/ld+json\" class=\"yoast-schema-graph\">{\"@context\":\"https:\\\/\\\/schema.org\",\"@graph\":[{\"@type\":\"Article\",\"@id\":\"https:\\\/\\\/www.deutsche-glasfaser.de\\\/blog\\\/buergermeister-andreas-brohm-ueber-das-digitale-rathaus-tangerhuette\\\/#article\",\"isPartOf\":{\"@id\":\"https:\\\/\\\/www.deutsche-glasfaser.de\\\/blog\\\/buergermeister-andreas-brohm-ueber-das-digitale-rathaus-tangerhuette\\\/\"},\"author\":{\"name\":\"Deutsche Glasfaser\",\"@id\":\"https:\\\/\\\/www.deutsche-glasfaser.de\\\/blog\\\/#\\\/schema\\\/person\\\/9380a6dc7443d77143d0c66c409f574b\"},\"headline\":\"B\u00fcrgermeister Andreas Brohm: \u201eEnde 2022 wollen wir alle Verwaltungsdienste digital anbieten\u201c\",\"datePublished\":\"2022-08-09T07:00:00+00:00\",\"mainEntityOfPage\":{\"@id\":\"https:\\\/\\\/www.deutsche-glasfaser.de\\\/blog\\\/buergermeister-andreas-brohm-ueber-das-digitale-rathaus-tangerhuette\\\/\"},\"wordCount\":1058,\"commentCount\":0,\"publisher\":{\"@id\":\"https:\\\/\\\/www.deutsche-glasfaser.de\\\/blog\\\/#organization\"},\"image\":{\"@id\":\"https:\\\/\\\/www.deutsche-glasfaser.de\\\/blog\\\/buergermeister-andreas-brohm-ueber-das-digitale-rathaus-tangerhuette\\\/#primaryimage\"},\"thumbnailUrl\":\"https:\\\/\\\/www.deutsche-glasfaser.de\\\/blog\\\/wp-content\\\/uploads\\\/2022\\\/08\\\/tangerhuette_header.jpg\",\"articleSection\":[\"#Arbeit\"],\"inLanguage\":\"de\",\"potentialAction\":[{\"@type\":\"CommentAction\",\"name\":\"Comment\",\"target\":[\"https:\\\/\\\/www.deutsche-glasfaser.de\\\/blog\\\/buergermeister-andreas-brohm-ueber-das-digitale-rathaus-tangerhuette\\\/#respond\"]}]},{\"@type\":\"WebPage\",\"@id\":\"https:\\\/\\\/www.deutsche-glasfaser.de\\\/blog\\\/buergermeister-andreas-brohm-ueber-das-digitale-rathaus-tangerhuette\\\/\",\"url\":\"https:\\\/\\\/www.deutsche-glasfaser.de\\\/blog\\\/buergermeister-andreas-brohm-ueber-das-digitale-rathaus-tangerhuette\\\/\",\"name\":\"- Digitales B\u00fcrgernetz\",\"isPartOf\":{\"@id\":\"https:\\\/\\\/www.deutsche-glasfaser.de\\\/blog\\\/#website\"},\"primaryImageOfPage\":{\"@id\":\"https:\\\/\\\/www.deutsche-glasfaser.de\\\/blog\\\/buergermeister-andreas-brohm-ueber-das-digitale-rathaus-tangerhuette\\\/#primaryimage\"},\"image\":{\"@id\":\"https:\\\/\\\/www.deutsche-glasfaser.de\\\/blog\\\/buergermeister-andreas-brohm-ueber-das-digitale-rathaus-tangerhuette\\\/#primaryimage\"},\"thumbnailUrl\":\"https:\\\/\\\/www.deutsche-glasfaser.de\\\/blog\\\/wp-content\\\/uploads\\\/2022\\\/08\\\/tangerhuette_header.jpg\",\"datePublished\":\"2022-08-09T07:00:00+00:00\",\"description\":\"Tangerh\u00fctte hat 2020 das digitale Rathaus eingef\u00fchrt. Interview mit B\u00fcrgermeister Andreas Brohm \u00fcber die Digitalisierung der Kommunalverwaltung.\",\"inLanguage\":\"de\",\"potentialAction\":[{\"@type\":\"ReadAction\",\"target\":[\"https:\\\/\\\/www.deutsche-glasfaser.de\\\/blog\\\/buergermeister-andreas-brohm-ueber-das-digitale-rathaus-tangerhuette\\\/\"]}]},{\"@type\":\"ImageObject\",\"inLanguage\":\"de\",\"@id\":\"https:\\\/\\\/www.deutsche-glasfaser.de\\\/blog\\\/buergermeister-andreas-brohm-ueber-das-digitale-rathaus-tangerhuette\\\/#primaryimage\",\"url\":\"https:\\\/\\\/www.deutsche-glasfaser.de\\\/blog\\\/wp-content\\\/uploads\\\/2022\\\/08\\\/tangerhuette_header.jpg\",\"contentUrl\":\"https:\\\/\\\/www.deutsche-glasfaser.de\\\/blog\\\/wp-content\\\/uploads\\\/2022\\\/08\\\/tangerhuette_header.jpg\",\"width\":1500,\"height\":705,\"caption\":\"Die Einheitsgemeinde Stadt Tangerh\u00fctte in der Altmark. \u00a9 Stadt Tangerh\u00fctte\"},{\"@type\":\"WebSite\",\"@id\":\"https:\\\/\\\/www.deutsche-glasfaser.de\\\/blog\\\/#website\",\"url\":\"https:\\\/\\\/www.deutsche-glasfaser.de\\\/blog\\\/\",\"name\":\"Digitales B\u00fcrgernetz\",\"description\":\"Deutsche Glasfaser Blog\",\"publisher\":{\"@id\":\"https:\\\/\\\/www.deutsche-glasfaser.de\\\/blog\\\/#organization\"},\"potentialAction\":[{\"@type\":\"SearchAction\",\"target\":{\"@type\":\"EntryPoint\",\"urlTemplate\":\"https:\\\/\\\/www.deutsche-glasfaser.de\\\/blog\\\/?s={search_term_string}\"},\"query-input\":{\"@type\":\"PropertyValueSpecification\",\"valueRequired\":true,\"valueName\":\"search_term_string\"}}],\"inLanguage\":\"de\"},{\"@type\":\"Organization\",\"@id\":\"https:\\\/\\\/www.deutsche-glasfaser.de\\\/blog\\\/#organization\",\"name\":\"Digitales B\u00fcrgernetz\",\"url\":\"https:\\\/\\\/www.deutsche-glasfaser.de\\\/blog\\\/\",\"logo\":{\"@type\":\"ImageObject\",\"inLanguage\":\"de\",\"@id\":\"https:\\\/\\\/www.deutsche-glasfaser.de\\\/blog\\\/#\\\/schema\\\/logo\\\/image\\\/\",\"url\":\"https:\\\/\\\/www.deutsche-glasfaser.de\\\/blog\\\/wp-content\\\/uploads\\\/2021\\\/08\\\/DGF_Logo_Basis_RGB-Large@2x.png\",\"contentUrl\":\"https:\\\/\\\/www.deutsche-glasfaser.de\\\/blog\\\/wp-content\\\/uploads\\\/2021\\\/08\\\/DGF_Logo_Basis_RGB-Large@2x.png\",\"width\":312,\"height\":104,\"caption\":\"Digitales B\u00fcrgernetz\"},\"image\":{\"@id\":\"https:\\\/\\\/www.deutsche-glasfaser.de\\\/blog\\\/#\\\/schema\\\/logo\\\/image\\\/\"}},{\"@type\":\"Person\",\"@id\":\"https:\\\/\\\/www.deutsche-glasfaser.de\\\/blog\\\/#\\\/schema\\\/person\\\/9380a6dc7443d77143d0c66c409f574b\",\"name\":\"Deutsche Glasfaser\"}]}<\/script>\n<!-- \/ Yoast SEO plugin. -->","yoast_head_json":{"title":"- Digitales B\u00fcrgernetz","description":"Tangerh\u00fctte hat 2020 das digitale Rathaus eingef\u00fchrt. Interview mit B\u00fcrgermeister Andreas Brohm \u00fcber die Digitalisierung der Kommunalverwaltung.","robots":{"index":"index","follow":"follow","max-snippet":"max-snippet:-1","max-image-preview":"max-image-preview:large","max-video-preview":"max-video-preview:-1"},"canonical":"https:\/\/www.deutsche-glasfaser.de\/blog\/buergermeister-andreas-brohm-ueber-das-digitale-rathaus-tangerhuette\/","og_locale":"de_DE","og_type":"article","og_title":"- Digitales B\u00fcrgernetz","og_description":"Tangerh\u00fctte hat 2020 das digitale Rathaus eingef\u00fchrt. Interview mit B\u00fcrgermeister Andreas Brohm \u00fcber die Digitalisierung der Kommunalverwaltung.","og_url":"https:\/\/www.deutsche-glasfaser.de\/blog\/buergermeister-andreas-brohm-ueber-das-digitale-rathaus-tangerhuette\/","og_site_name":"Digitales B\u00fcrgernetz","article_published_time":"2022-08-09T07:00:00+00:00","og_image":[{"width":1500,"height":705,"url":"https:\/\/www.deutsche-glasfaser.de\/blog\/wp-content\/uploads\/2022\/08\/tangerhuette_header.jpg","type":"image\/jpeg"}],"author":"Deutsche Glasfaser","twitter_card":"summary_large_image","twitter_misc":{"Verfasst von":"Deutsche Glasfaser","Gesch\u00e4tzte Lesezeit":"7\u00a0Minuten"},"schema":{"@context":"https:\/\/schema.org","@graph":[{"@type":"Article","@id":"https:\/\/www.deutsche-glasfaser.de\/blog\/buergermeister-andreas-brohm-ueber-das-digitale-rathaus-tangerhuette\/#article","isPartOf":{"@id":"https:\/\/www.deutsche-glasfaser.de\/blog\/buergermeister-andreas-brohm-ueber-das-digitale-rathaus-tangerhuette\/"},"author":{"name":"Deutsche Glasfaser","@id":"https:\/\/www.deutsche-glasfaser.de\/blog\/#\/schema\/person\/9380a6dc7443d77143d0c66c409f574b"},"headline":"B\u00fcrgermeister Andreas Brohm: \u201eEnde 2022 wollen wir alle Verwaltungsdienste digital anbieten\u201c","datePublished":"2022-08-09T07:00:00+00:00","mainEntityOfPage":{"@id":"https:\/\/www.deutsche-glasfaser.de\/blog\/buergermeister-andreas-brohm-ueber-das-digitale-rathaus-tangerhuette\/"},"wordCount":1058,"commentCount":0,"publisher":{"@id":"https:\/\/www.deutsche-glasfaser.de\/blog\/#organization"},"image":{"@id":"https:\/\/www.deutsche-glasfaser.de\/blog\/buergermeister-andreas-brohm-ueber-das-digitale-rathaus-tangerhuette\/#primaryimage"},"thumbnailUrl":"https:\/\/www.deutsche-glasfaser.de\/blog\/wp-content\/uploads\/2022\/08\/tangerhuette_header.jpg","articleSection":["#Arbeit"],"inLanguage":"de","potentialAction":[{"@type":"CommentAction","name":"Comment","target":["https:\/\/www.deutsche-glasfaser.de\/blog\/buergermeister-andreas-brohm-ueber-das-digitale-rathaus-tangerhuette\/#respond"]}]},{"@type":"WebPage","@id":"https:\/\/www.deutsche-glasfaser.de\/blog\/buergermeister-andreas-brohm-ueber-das-digitale-rathaus-tangerhuette\/","url":"https:\/\/www.deutsche-glasfaser.de\/blog\/buergermeister-andreas-brohm-ueber-das-digitale-rathaus-tangerhuette\/","name":"- Digitales B\u00fcrgernetz","isPartOf":{"@id":"https:\/\/www.deutsche-glasfaser.de\/blog\/#website"},"primaryImageOfPage":{"@id":"https:\/\/www.deutsche-glasfaser.de\/blog\/buergermeister-andreas-brohm-ueber-das-digitale-rathaus-tangerhuette\/#primaryimage"},"image":{"@id":"https:\/\/www.deutsche-glasfaser.de\/blog\/buergermeister-andreas-brohm-ueber-das-digitale-rathaus-tangerhuette\/#primaryimage"},"thumbnailUrl":"https:\/\/www.deutsche-glasfaser.de\/blog\/wp-content\/uploads\/2022\/08\/tangerhuette_header.jpg","datePublished":"2022-08-09T07:00:00+00:00","description":"Tangerh\u00fctte hat 2020 das digitale Rathaus eingef\u00fchrt. Interview mit B\u00fcrgermeister Andreas Brohm \u00fcber die Digitalisierung der Kommunalverwaltung.","inLanguage":"de","potentialAction":[{"@type":"ReadAction","target":["https:\/\/www.deutsche-glasfaser.de\/blog\/buergermeister-andreas-brohm-ueber-das-digitale-rathaus-tangerhuette\/"]}]},{"@type":"ImageObject","inLanguage":"de","@id":"https:\/\/www.deutsche-glasfaser.de\/blog\/buergermeister-andreas-brohm-ueber-das-digitale-rathaus-tangerhuette\/#primaryimage","url":"https:\/\/www.deutsche-glasfaser.de\/blog\/wp-content\/uploads\/2022\/08\/tangerhuette_header.jpg","contentUrl":"https:\/\/www.deutsche-glasfaser.de\/blog\/wp-content\/uploads\/2022\/08\/tangerhuette_header.jpg","width":1500,"height":705,"caption":"Die Einheitsgemeinde Stadt Tangerh\u00fctte in der Altmark. \u00a9 Stadt Tangerh\u00fctte"},{"@type":"WebSite","@id":"https:\/\/www.deutsche-glasfaser.de\/blog\/#website","url":"https:\/\/www.deutsche-glasfaser.de\/blog\/","name":"Digitales B\u00fcrgernetz","description":"Deutsche Glasfaser Blog","publisher":{"@id":"https:\/\/www.deutsche-glasfaser.de\/blog\/#organization"},"potentialAction":[{"@type":"SearchAction","target":{"@type":"EntryPoint","urlTemplate":"https:\/\/www.deutsche-glasfaser.de\/blog\/?s={search_term_string}"},"query-input":{"@type":"PropertyValueSpecification","valueRequired":true,"valueName":"search_term_string"}}],"inLanguage":"de"},{"@type":"Organization","@id":"https:\/\/www.deutsche-glasfaser.de\/blog\/#organization","name":"Digitales B\u00fcrgernetz","url":"https:\/\/www.deutsche-glasfaser.de\/blog\/","logo":{"@type":"ImageObject","inLanguage":"de","@id":"https:\/\/www.deutsche-glasfaser.de\/blog\/#\/schema\/logo\/image\/","url":"https:\/\/www.deutsche-glasfaser.de\/blog\/wp-content\/uploads\/2021\/08\/DGF_Logo_Basis_RGB-Large@2x.png","contentUrl":"https:\/\/www.deutsche-glasfaser.de\/blog\/wp-content\/uploads\/2021\/08\/DGF_Logo_Basis_RGB-Large@2x.png","width":312,"height":104,"caption":"Digitales B\u00fcrgernetz"},"image":{"@id":"https:\/\/www.deutsche-glasfaser.de\/blog\/#\/schema\/logo\/image\/"}},{"@type":"Person","@id":"https:\/\/www.deutsche-glasfaser.de\/blog\/#\/schema\/person\/9380a6dc7443d77143d0c66c409f574b","name":"Deutsche Glasfaser"}]}},"_links":{"self":[{"href":"https:\/\/www.deutsche-glasfaser.de\/blog\/wp-json\/wp\/v2\/posts\/10291","targetHints":{"allow":["GET"]}}],"collection":[{"href":"https:\/\/www.deutsche-glasfaser.de\/blog\/wp-json\/wp\/v2\/posts"}],"about":[{"href":"https:\/\/www.deutsche-glasfaser.de\/blog\/wp-json\/wp\/v2\/types\/post"}],"author":[{"embeddable":true,"href":"https:\/\/www.deutsche-glasfaser.de\/blog\/wp-json\/wp\/v2\/users\/5"}],"replies":[{"embeddable":true,"href":"https:\/\/www.deutsche-glasfaser.de\/blog\/wp-json\/wp\/v2\/comments?post=10291"}],"version-history":[{"count":13,"href":"https:\/\/www.deutsche-glasfaser.de\/blog\/wp-json\/wp\/v2\/posts\/10291\/revisions"}],"predecessor-version":[{"id":10309,"href":"https:\/\/www.deutsche-glasfaser.de\/blog\/wp-json\/wp\/v2\/posts\/10291\/revisions\/10309"}],"wp:featuredmedia":[{"embeddable":true,"href":"https:\/\/www.deutsche-glasfaser.de\/blog\/wp-json\/wp\/v2\/media\/10293"}],"wp:attachment":[{"href":"https:\/\/www.deutsche-glasfaser.de\/blog\/wp-json\/wp\/v2\/media?parent=10291"}],"wp:term":[{"taxonomy":"category","embeddable":true,"href":"https:\/\/www.deutsche-glasfaser.de\/blog\/wp-json\/wp\/v2\/categories?post=10291"},{"taxonomy":"post_tag","embeddable":true,"href":"https:\/\/www.deutsche-glasfaser.de\/blog\/wp-json\/wp\/v2\/tags?post=10291"}],"curies":[{"name":"wp","href":"https:\/\/api.w.org\/{rel}","templated":true}]}}