{"id":10230,"date":"2022-07-25T13:23:45","date_gmt":"2022-07-25T13:23:45","guid":{"rendered":"https:\/\/www.deutsche-glasfaser.de\/blog\/?p=10230"},"modified":"2022-07-26T08:12:51","modified_gmt":"2022-07-26T08:12:51","slug":"der-influencer-vom-bau-gipserfelix-wirbt-fuers-handwerk","status":"publish","type":"post","link":"https:\/\/www.deutsche-glasfaser.de\/blog\/der-influencer-vom-bau-gipserfelix-wirbt-fuers-handwerk\/","title":{"rendered":"Der Influencer vom Bau: Gipserfelix wirbt f\u00fcrs Handwerk"},"content":{"rendered":"\t\t<div data-elementor-type=\"wp-post\" data-elementor-id=\"10230\" class=\"elementor elementor-10230\">\n\t\t\t\t\t\t<section class=\"elementor-section elementor-top-section elementor-element elementor-element-035654b elementor-section-boxed elementor-section-height-default elementor-section-height-default\" data-id=\"035654b\" data-element_type=\"section\" data-e-type=\"section\">\n\t\t\t\t\t\t<div class=\"elementor-container elementor-column-gap-default\">\n\t\t\t\t\t<div class=\"elementor-column elementor-col-100 elementor-top-column elementor-element elementor-element-1fdd6d2\" data-id=\"1fdd6d2\" data-element_type=\"column\" data-e-type=\"column\">\n\t\t\t<div class=\"elementor-widget-wrap elementor-element-populated\">\n\t\t\t\t\t\t<div class=\"elementor-element elementor-element-cd6223a elementor-widget elementor-widget-text-editor\" data-id=\"cd6223a\" data-element_type=\"widget\" data-e-type=\"widget\" data-widget_type=\"text-editor.default\">\n\t\t\t\t<div class=\"elementor-widget-container\">\n\t\t\t\t\t\t\t\t\t<p><span style=\"font-weight: 400;\">Felix Schr\u00f6der ist Gipser und Stuckateur und erfolgreich auf Instagram unterwegs <\/span><span style=\"font-weight: 400;\">\u00a9 Gipserfelix<\/span><\/p>\t\t\t\t\t\t\t\t<\/div>\n\t\t\t\t<\/div>\n\t\t\t\t\t<\/div>\n\t\t<\/div>\n\t\t\t\t\t<\/div>\n\t\t<\/section>\n\t\t\t\t<section class=\"elementor-section elementor-top-section elementor-element elementor-element-e3cb080 elementor-section-boxed elementor-section-height-default elementor-section-height-default\" data-id=\"e3cb080\" data-element_type=\"section\" data-e-type=\"section\">\n\t\t\t\t\t\t<div class=\"elementor-container elementor-column-gap-default\">\n\t\t\t\t\t<div class=\"elementor-column elementor-col-100 elementor-top-column elementor-element elementor-element-7f380aa\" data-id=\"7f380aa\" data-element_type=\"column\" data-e-type=\"column\">\n\t\t\t<div class=\"elementor-widget-wrap elementor-element-populated\">\n\t\t\t\t\t\t<div class=\"elementor-element elementor-element-93e0da1 elementor-widget elementor-widget-text-editor\" data-id=\"93e0da1\" data-element_type=\"widget\" data-e-type=\"widget\" data-widget_type=\"text-editor.default\">\n\t\t\t\t<div class=\"elementor-widget-container\">\n\t\t\t\t\t\t\t\t\t<p><span style=\"font-weight: 400;\">Mal verputzt er eine Wand oder bessert einen Stuckbogen aus, mal sitzt er lachend auf einem Cargobike und stemmt zwei Farbeimer in die H\u00f6he \u2013 wie in einem Fitnessstudio. Felix Schr\u00f6der ist von Beruf Gipser und Stuckateur und seit f\u00fcnf Jahren auf Social Media aktiv. Und das ziemlich erfolgreich. 27.000 Follower hat er allein auf <\/span><a href=\"https:\/\/www.instagram.com\/GIPSERFELIX\/\"><span style=\"font-weight: 400;\">Instagram<\/span><\/a><span style=\"font-weight: 400;\">. Wie er so viele Fans gewonnen hat, wei\u00df er selbst nicht so genau. \u201eIch lade Videos oder Inhalte hoch, die mir Spa\u00df machen und zeigen, was auf der Baustelle los ist. Manchmal sind auch Gags dabei. Wenn die Inhalte stimmen, kommen die Follower ganz automatisch\u201c, sagt der 25-J\u00e4hrige. Als GipserFelix ist er auch auf Facebook, <\/span><strong><a href=\"https:\/\/www.youtube.com\/channel\/UCqRNbVoqVR2uRytwxLFNcYg\">YouTube<\/a><\/strong><span style=\"font-weight: 400;\"> und <\/span><a href=\"https:\/\/www.tiktok.com\/@gipserfelixx\"><span style=\"font-weight: 400;\"><strong>TikTok<\/strong><\/span><\/a><span style=\"font-weight: 400;\"> unterwegs und betreibt einen eigenen <\/span><strong><a href=\"https:\/\/www.handwerk-magazin.de\/kategorie\/social-handwerk\/\">Podcast: Social Handwerk<\/a>.<\/strong><\/p>\t\t\t\t\t\t\t\t<\/div>\n\t\t\t\t<\/div>\n\t\t\t\t<div class=\"elementor-element elementor-element-bac6047 elementor-widget elementor-widget-spacer\" data-id=\"bac6047\" data-element_type=\"widget\" data-e-type=\"widget\" data-widget_type=\"spacer.default\">\n\t\t\t\t<div class=\"elementor-widget-container\">\n\t\t\t\t\t\t\t<div class=\"elementor-spacer\">\n\t\t\t<div class=\"elementor-spacer-inner\"><\/div>\n\t\t<\/div>\n\t\t\t\t\t\t<\/div>\n\t\t\t\t<\/div>\n\t\t\t\t<div class=\"elementor-element elementor-element-0c9eb4d elementor-widget elementor-widget-blockquote\" data-id=\"0c9eb4d\" data-element_type=\"widget\" data-e-type=\"widget\" data-widget_type=\"blockquote.default\">\n\t\t\t\t<div class=\"elementor-widget-container\">\n\t\t\t\t\t \t\t\t\t<\/div>\n\t\t\t\t<\/div>\n\t\t\t\t<div class=\"elementor-element elementor-element-c73ac30 elementor-widget elementor-widget-spacer\" data-id=\"c73ac30\" data-element_type=\"widget\" data-e-type=\"widget\" data-widget_type=\"spacer.default\">\n\t\t\t\t<div class=\"elementor-widget-container\">\n\t\t\t\t\t\t\t<div class=\"elementor-spacer\">\n\t\t\t<div class=\"elementor-spacer-inner\"><\/div>\n\t\t<\/div>\n\t\t\t\t\t\t<\/div>\n\t\t\t\t<\/div>\n\t\t\t\t<div class=\"elementor-element elementor-element-3a0c2ca elementor-widget elementor-widget-heading\" data-id=\"3a0c2ca\" data-element_type=\"widget\" data-e-type=\"widget\" data-widget_type=\"heading.default\">\n\t\t\t\t<div class=\"elementor-widget-container\">\n\t\t\t\t\t<h2 class=\"elementor-heading-title elementor-size-xl\">F\u00fcr das Handwerk werben<\/h2>\t\t\t\t<\/div>\n\t\t\t\t<\/div>\n\t\t\t\t<div class=\"elementor-element elementor-element-00ecfbb elementor-widget elementor-widget-spacer\" data-id=\"00ecfbb\" data-element_type=\"widget\" data-e-type=\"widget\" data-widget_type=\"spacer.default\">\n\t\t\t\t<div class=\"elementor-widget-container\">\n\t\t\t\t\t\t\t<div class=\"elementor-spacer\">\n\t\t\t<div class=\"elementor-spacer-inner\"><\/div>\n\t\t<\/div>\n\t\t\t\t\t\t<\/div>\n\t\t\t\t<\/div>\n\t\t\t\t<div class=\"elementor-element elementor-element-d1e14cc elementor-widget elementor-widget-text-editor\" data-id=\"d1e14cc\" data-element_type=\"widget\" data-e-type=\"widget\" data-widget_type=\"text-editor.default\">\n\t\t\t\t<div class=\"elementor-widget-container\">\n\t\t\t\t\t\t\t\t\t<p><span style=\"font-weight: 400;\">Die Botschaft, die er vermittelt: Auf dem Bau gibt es coole und lustige Typen und die Arbeit macht Spa\u00df. Mit seinen Social Media-Beitr\u00e4gen m\u00f6chte er auch f\u00fcr eine Ausbildung im Handwerk werben, gerade auf dem Land. Immerhin gibt es mehr als 130 Berufe in dem Bereich. Und wie in vielen Branchen fehlt es dort an Nachwuchs \u2013 der Zentralverband des Deutschen Handwerks geht sogar davon aus, dass bundesweit etwa <\/span><a href=\"https:\/\/www.zdh.de\/presse\/veroeffentlichungen\/interviews-und-statements\/mehr-wertschaetzung-fuer-das-handwerk-1\/\"><span style=\"font-weight: 400;\">250.000 Handwerker fehlen<\/span><\/a><span style=\"font-weight: 400;\">. Felix Schr\u00f6der sieht daf\u00fcr mehrere Gr\u00fcnde. \u201eBetriebe und Schulen haben lange Zeit vers\u00e4umt, \u00fcber eine Ausbildung im Handwerk zu informieren. Und viele junge Leute wollen sich heute nicht mehr die H\u00e4nde schmutzig machen, sondern streben eine akademische Karriere an. Es gibt auch diesen sozialen Druck, ein Studium zu beginnen statt einer Ausbildung\u201c, sagt der Influencer. Die Resonanz in den sozialen Medien ist riesig. Und f\u00fcr junge Leute, die ihm auf Instagram folgen, ist der 25-J\u00e4hrige durchaus ein Vorbild. Manche schreiben ihm sogar, dass sie eine Lehre auf dem Bau begonnen haben.\u00a0<\/span><\/p>\t\t\t\t\t\t\t\t<\/div>\n\t\t\t\t<\/div>\n\t\t\t\t<div class=\"elementor-element elementor-element-d58bbaf elementor-widget elementor-widget-spacer\" data-id=\"d58bbaf\" data-element_type=\"widget\" data-e-type=\"widget\" data-widget_type=\"spacer.default\">\n\t\t\t\t<div class=\"elementor-widget-container\">\n\t\t\t\t\t\t\t<div class=\"elementor-spacer\">\n\t\t\t<div class=\"elementor-spacer-inner\"><\/div>\n\t\t<\/div>\n\t\t\t\t\t\t<\/div>\n\t\t\t\t<\/div>\n\t\t\t\t<div class=\"elementor-element elementor-element-0e51a04 elementor-widget elementor-widget-image\" data-id=\"0e51a04\" data-element_type=\"widget\" data-e-type=\"widget\" data-widget_type=\"image.default\">\n\t\t\t\t<div class=\"elementor-widget-container\">\n\t\t\t\t\t\t\t\t\t\t\t\t<figure class=\"wp-caption\">\n\t\t\t\t\t\t\t\t\t\t<img fetchpriority=\"high\" decoding=\"async\" width=\"768\" height=\"963\" src=\"https:\/\/www.deutsche-glasfaser.de\/blog\/wp-content\/uploads\/2022\/07\/blog_gipser-768x963.jpg\" class=\"attachment-medium_large size-medium_large wp-image-10232\" alt=\"ein Mann im wei\u00dfen T-Shirt zieht einen Handschuh an.\" srcset=\"https:\/\/www.deutsche-glasfaser.de\/blog\/wp-content\/uploads\/2022\/07\/blog_gipser-768x963.jpg 768w, https:\/\/www.deutsche-glasfaser.de\/blog\/wp-content\/uploads\/2022\/07\/blog_gipser-239x300.jpg 239w, https:\/\/www.deutsche-glasfaser.de\/blog\/wp-content\/uploads\/2022\/07\/blog_gipser.jpg 788w\" sizes=\"(max-width: 768px) 100vw, 768px\" \/>\t\t\t\t\t\t\t\t\t\t\t<figcaption class=\"widget-image-caption wp-caption-text\">Felix Schr\u00f6der aka @Gipserfelix: Auf Instagram postet er regelm\u00e4\u00dfig Fotos aus seinem Alltag auf der Baustelle.  \u00a9 Gipserfelix<\/figcaption>\n\t\t\t\t\t\t\t\t\t\t<\/figure>\n\t\t\t\t\t\t\t\t\t<\/div>\n\t\t\t\t<\/div>\n\t\t\t\t<div class=\"elementor-element elementor-element-0598c78 elementor-widget elementor-widget-spacer\" data-id=\"0598c78\" data-element_type=\"widget\" data-e-type=\"widget\" data-widget_type=\"spacer.default\">\n\t\t\t\t<div class=\"elementor-widget-container\">\n\t\t\t\t\t\t\t<div class=\"elementor-spacer\">\n\t\t\t<div class=\"elementor-spacer-inner\"><\/div>\n\t\t<\/div>\n\t\t\t\t\t\t<\/div>\n\t\t\t\t<\/div>\n\t\t\t\t<div class=\"elementor-element elementor-element-bf307d5 elementor-widget elementor-widget-heading\" data-id=\"bf307d5\" data-element_type=\"widget\" data-e-type=\"widget\" data-widget_type=\"heading.default\">\n\t\t\t\t<div class=\"elementor-widget-container\">\n\t\t\t\t\t<h2 class=\"elementor-heading-title elementor-size-xl\">Vorurteile aufs Korn nehmen<\/h2>\t\t\t\t<\/div>\n\t\t\t\t<\/div>\n\t\t\t\t<div class=\"elementor-element elementor-element-2c27f1a elementor-widget elementor-widget-spacer\" data-id=\"2c27f1a\" data-element_type=\"widget\" data-e-type=\"widget\" data-widget_type=\"spacer.default\">\n\t\t\t\t<div class=\"elementor-widget-container\">\n\t\t\t\t\t\t\t<div class=\"elementor-spacer\">\n\t\t\t<div class=\"elementor-spacer-inner\"><\/div>\n\t\t<\/div>\n\t\t\t\t\t\t<\/div>\n\t\t\t\t<\/div>\n\t\t\t\t<div class=\"elementor-element elementor-element-073a974 elementor-widget elementor-widget-text-editor\" data-id=\"073a974\" data-element_type=\"widget\" data-e-type=\"widget\" data-widget_type=\"text-editor.default\">\n\t\t\t\t<div class=\"elementor-widget-container\">\n\t\t\t\t\t\t\t\t\t<p><span style=\"font-weight: 400;\">Das Handwerk hat aber nicht nur Nachwuchssorgen, sondern auch ein Image-Problem. \u201eManche glauben, Handwerker seien dumm oder k\u00f6nnten nicht von ihrem Job leben. Diese Vorurteile nehme ich in meinen Beitr\u00e4gen aufs Korn\u201c, sagt Felix Schr\u00f6der. 2013 hat er nach der Mittleren Reife\u00a0 eine Ausbildung bei der Willi Schr\u00f6der GmbH begonnen. Sein Gro\u00dfvater gr\u00fcndete den Stuckateurbetrieb 1962 in Bad D\u00fcrkheim, einer Stadt mit etwa 18.000 Einwohnerinnen und Einwohnern am Rande des Pf\u00e4lzer Waldes. \u201eWir verputzen Fassaden und geben dem Haus von au\u00dfen ein Gesicht. Innen verputzen wir die W\u00e4nde, \u00fcbernehmen Stuck- und Trockenbauarbeiten\u201c, erz\u00e4hlt er. Ob der 25-J\u00e4hrige den kleinen Familienbetrieb einmal von seinem Vater \u00fcbernehmen wird, wei\u00df er noch nicht. Aber er lebt gerne in der l\u00e4ndlich gepr\u00e4gten Region und m\u00f6chte nicht wegziehen, die Arbeit bereitet ihm Freude. \u201eSie ist sehr abwechslungsreich. Ich komme mit vielen Menschen zusammen, bin in der Stadt und auf dem Land unterwegs und arbeite st\u00e4ndig woanders\u201c, sagt er.<\/span><\/p>\t\t\t\t\t\t\t\t<\/div>\n\t\t\t\t<\/div>\n\t\t\t\t<div class=\"elementor-element elementor-element-ad237a7 elementor-widget elementor-widget-spacer\" data-id=\"ad237a7\" data-element_type=\"widget\" data-e-type=\"widget\" data-widget_type=\"spacer.default\">\n\t\t\t\t<div class=\"elementor-widget-container\">\n\t\t\t\t\t\t\t<div class=\"elementor-spacer\">\n\t\t\t<div class=\"elementor-spacer-inner\"><\/div>\n\t\t<\/div>\n\t\t\t\t\t\t<\/div>\n\t\t\t\t<\/div>\n\t\t\t\t<div class=\"elementor-element elementor-element-d5c6943 elementor-widget elementor-widget-heading\" data-id=\"d5c6943\" data-element_type=\"widget\" data-e-type=\"widget\" data-widget_type=\"heading.default\">\n\t\t\t\t<div class=\"elementor-widget-container\">\n\t\t\t\t\t<h2 class=\"elementor-heading-title elementor-size-xl\">Neue Auftr\u00e4ge durch Social Media <\/h2>\t\t\t\t<\/div>\n\t\t\t\t<\/div>\n\t\t\t\t<div class=\"elementor-element elementor-element-c475b69 elementor-widget elementor-widget-spacer\" data-id=\"c475b69\" data-element_type=\"widget\" data-e-type=\"widget\" data-widget_type=\"spacer.default\">\n\t\t\t\t<div class=\"elementor-widget-container\">\n\t\t\t\t\t\t\t<div class=\"elementor-spacer\">\n\t\t\t<div class=\"elementor-spacer-inner\"><\/div>\n\t\t<\/div>\n\t\t\t\t\t\t<\/div>\n\t\t\t\t<\/div>\n\t\t\t\t<div class=\"elementor-element elementor-element-0ae0081 elementor-widget elementor-widget-text-editor\" data-id=\"0ae0081\" data-element_type=\"widget\" data-e-type=\"widget\" data-widget_type=\"text-editor.default\">\n\t\t\t\t<div class=\"elementor-widget-container\">\n\t\t\t\t\t\t\t\t\t<p><span style=\"font-weight: 400;\">In seinen Posts und Videos nimmt Felix Schr\u00f6der sich und seinen Beruf auch gern selbst auf die Schippe. Er rennt auf einem Laufband immer schneller, weil er kurz vor Feierabend noch von einer Baustelle zur anderen hetzen muss oder parodiert eine Polizeikontrolle bei einem Handwerker. \u201eIch habe mir alles selbst beigebracht. Und einfach angefangen\u201c, erz\u00e4hlt der 25-J\u00e4hrige. Allen Zweiflern, die behaupten, das bringe doch nichts, entgegnet er: \u201eDie Reichweite ist enorm. Und man muss nicht viel Geld investieren. Es ergeben sich viele neue Kontakte und sch\u00f6ne neue Auftr\u00e4ge. Wer auf Social Media gut aufgestellt ist, hat auf jeden Fall einen Vorteil.\u201c Sein Engagement sieht er auch als Motivation und als Wertsch\u00e4tzung f\u00fcr die Besch\u00e4ftigten im Betrieb seines Vaters \u2013 immerhin werden sie von ihren Freunden und Bekannten immer wieder darauf angesprochen. <\/span><\/p>\t\t\t\t\t\t\t\t<\/div>\n\t\t\t\t<\/div>\n\t\t\t\t\t<\/div>\n\t\t<\/div>\n\t\t\t\t\t<\/div>\n\t\t<\/section>\n\t\t\t\t<\/div>\n\t\t","protected":false},"excerpt":{"rendered":"<p>Dem Handwerk fehlt es an Nachwuchs und viele Ausbildungspl\u00e4tze k\u00f6nnen nicht besetzt werden. Um f\u00fcr einen Beruf im Handwerk zu werben, nutzt #GipserFelix Social Media. Dort stellt er seine Arbeit auf der Baustelle vor \u2013 oft mit einem Augenzwinkern.<\/p>\n","protected":false},"author":5,"featured_media":10231,"comment_status":"open","ping_status":"open","sticky":false,"template":"","format":"standard","meta":{"footnotes":""},"categories":[69],"tags":[],"class_list":["post-10230","post","type-post","status-publish","format-standard","has-post-thumbnail","hentry","category-arbeit"],"yoast_head":"<!-- This site is optimized with the Yoast SEO plugin v27.5 - https:\/\/yoast.com\/product\/yoast-seo-wordpress\/ -->\n<title>Felix Schr\u00f6der: der Influencer vom Bau - Digitales B\u00fcrgernetz<\/title>\n<meta name=\"description\" content=\"Dem Handwerk fehlt es an Nachwuchs und viele Ausbildungspl\u00e4tze k\u00f6nnen nicht besetzt werden. Um f\u00fcr einen Beruf im Handwerk zu werben, nutzt #GipserFelix Social Media. Dort stellt er seine Arbeit auf der Baustelle vor \u2013 oft mit einem Augenzwinkern.\" \/>\n<meta name=\"robots\" content=\"index, follow, max-snippet:-1, max-image-preview:large, max-video-preview:-1\" \/>\n<link rel=\"canonical\" href=\"https:\/\/www.deutsche-glasfaser.de\/blog\/der-influencer-vom-bau-gipserfelix-wirbt-fuers-handwerk\/\" \/>\n<meta property=\"og:locale\" content=\"de_DE\" \/>\n<meta property=\"og:type\" content=\"article\" \/>\n<meta property=\"og:title\" content=\"Felix Schr\u00f6der: der Influencer vom Bau - Digitales B\u00fcrgernetz\" \/>\n<meta property=\"og:description\" content=\"Dem Handwerk fehlt es an Nachwuchs und viele Ausbildungspl\u00e4tze k\u00f6nnen nicht besetzt werden. Um f\u00fcr einen Beruf im Handwerk zu werben, nutzt #GipserFelix Social Media. Dort stellt er seine Arbeit auf der Baustelle vor \u2013 oft mit einem Augenzwinkern.\" \/>\n<meta property=\"og:url\" content=\"https:\/\/www.deutsche-glasfaser.de\/blog\/der-influencer-vom-bau-gipserfelix-wirbt-fuers-handwerk\/\" \/>\n<meta property=\"og:site_name\" content=\"Digitales B\u00fcrgernetz\" \/>\n<meta property=\"article:published_time\" content=\"2022-07-25T13:23:45+00:00\" \/>\n<meta property=\"article:modified_time\" content=\"2022-07-26T08:12:51+00:00\" \/>\n<meta property=\"og:image\" content=\"https:\/\/www.deutsche-glasfaser.de\/blog\/wp-content\/uploads\/2022\/07\/header_gipser.jpg\" \/>\n\t<meta property=\"og:image:width\" content=\"1500\" \/>\n\t<meta property=\"og:image:height\" content=\"705\" \/>\n\t<meta property=\"og:image:type\" content=\"image\/jpeg\" \/>\n<meta name=\"author\" content=\"Deutsche Glasfaser\" \/>\n<meta name=\"twitter:card\" content=\"summary_large_image\" \/>\n<meta name=\"twitter:label1\" content=\"Verfasst von\" \/>\n\t<meta name=\"twitter:data1\" content=\"Deutsche Glasfaser\" \/>\n\t<meta name=\"twitter:label2\" content=\"Gesch\u00e4tzte Lesezeit\" \/>\n\t<meta name=\"twitter:data2\" content=\"4\u00a0Minuten\" \/>\n<script type=\"application\/ld+json\" class=\"yoast-schema-graph\">{\"@context\":\"https:\\\/\\\/schema.org\",\"@graph\":[{\"@type\":\"Article\",\"@id\":\"https:\\\/\\\/www.deutsche-glasfaser.de\\\/blog\\\/der-influencer-vom-bau-gipserfelix-wirbt-fuers-handwerk\\\/#article\",\"isPartOf\":{\"@id\":\"https:\\\/\\\/www.deutsche-glasfaser.de\\\/blog\\\/der-influencer-vom-bau-gipserfelix-wirbt-fuers-handwerk\\\/\"},\"author\":{\"name\":\"Deutsche Glasfaser\",\"@id\":\"https:\\\/\\\/www.deutsche-glasfaser.de\\\/blog\\\/#\\\/schema\\\/person\\\/9380a6dc7443d77143d0c66c409f574b\"},\"headline\":\"Der Influencer vom Bau: Gipserfelix wirbt f\u00fcrs Handwerk\",\"datePublished\":\"2022-07-25T13:23:45+00:00\",\"dateModified\":\"2022-07-26T08:12:51+00:00\",\"mainEntityOfPage\":{\"@id\":\"https:\\\/\\\/www.deutsche-glasfaser.de\\\/blog\\\/der-influencer-vom-bau-gipserfelix-wirbt-fuers-handwerk\\\/\"},\"wordCount\":691,\"commentCount\":0,\"publisher\":{\"@id\":\"https:\\\/\\\/www.deutsche-glasfaser.de\\\/blog\\\/#organization\"},\"image\":{\"@id\":\"https:\\\/\\\/www.deutsche-glasfaser.de\\\/blog\\\/der-influencer-vom-bau-gipserfelix-wirbt-fuers-handwerk\\\/#primaryimage\"},\"thumbnailUrl\":\"https:\\\/\\\/www.deutsche-glasfaser.de\\\/blog\\\/wp-content\\\/uploads\\\/2022\\\/07\\\/header_gipser.jpg\",\"articleSection\":[\"#Arbeit\"],\"inLanguage\":\"de\",\"potentialAction\":[{\"@type\":\"CommentAction\",\"name\":\"Comment\",\"target\":[\"https:\\\/\\\/www.deutsche-glasfaser.de\\\/blog\\\/der-influencer-vom-bau-gipserfelix-wirbt-fuers-handwerk\\\/#respond\"]}]},{\"@type\":\"WebPage\",\"@id\":\"https:\\\/\\\/www.deutsche-glasfaser.de\\\/blog\\\/der-influencer-vom-bau-gipserfelix-wirbt-fuers-handwerk\\\/\",\"url\":\"https:\\\/\\\/www.deutsche-glasfaser.de\\\/blog\\\/der-influencer-vom-bau-gipserfelix-wirbt-fuers-handwerk\\\/\",\"name\":\"Felix Schr\u00f6der: der Influencer vom Bau - Digitales B\u00fcrgernetz\",\"isPartOf\":{\"@id\":\"https:\\\/\\\/www.deutsche-glasfaser.de\\\/blog\\\/#website\"},\"primaryImageOfPage\":{\"@id\":\"https:\\\/\\\/www.deutsche-glasfaser.de\\\/blog\\\/der-influencer-vom-bau-gipserfelix-wirbt-fuers-handwerk\\\/#primaryimage\"},\"image\":{\"@id\":\"https:\\\/\\\/www.deutsche-glasfaser.de\\\/blog\\\/der-influencer-vom-bau-gipserfelix-wirbt-fuers-handwerk\\\/#primaryimage\"},\"thumbnailUrl\":\"https:\\\/\\\/www.deutsche-glasfaser.de\\\/blog\\\/wp-content\\\/uploads\\\/2022\\\/07\\\/header_gipser.jpg\",\"datePublished\":\"2022-07-25T13:23:45+00:00\",\"dateModified\":\"2022-07-26T08:12:51+00:00\",\"description\":\"Dem Handwerk fehlt es an Nachwuchs und viele Ausbildungspl\u00e4tze k\u00f6nnen nicht besetzt werden. Um f\u00fcr einen Beruf im Handwerk zu werben, nutzt #GipserFelix Social Media. Dort stellt er seine Arbeit auf der Baustelle vor \u2013 oft mit einem Augenzwinkern.\",\"inLanguage\":\"de\",\"potentialAction\":[{\"@type\":\"ReadAction\",\"target\":[\"https:\\\/\\\/www.deutsche-glasfaser.de\\\/blog\\\/der-influencer-vom-bau-gipserfelix-wirbt-fuers-handwerk\\\/\"]}]},{\"@type\":\"ImageObject\",\"inLanguage\":\"de\",\"@id\":\"https:\\\/\\\/www.deutsche-glasfaser.de\\\/blog\\\/der-influencer-vom-bau-gipserfelix-wirbt-fuers-handwerk\\\/#primaryimage\",\"url\":\"https:\\\/\\\/www.deutsche-glasfaser.de\\\/blog\\\/wp-content\\\/uploads\\\/2022\\\/07\\\/header_gipser.jpg\",\"contentUrl\":\"https:\\\/\\\/www.deutsche-glasfaser.de\\\/blog\\\/wp-content\\\/uploads\\\/2022\\\/07\\\/header_gipser.jpg\",\"width\":1500,\"height\":705,\"caption\":\"Felix Schr\u00f6der ist Gipser und Stuckateur und erfolgreich auf Instagram unterwegs \u00a9 Gipserfelix\"},{\"@type\":\"WebSite\",\"@id\":\"https:\\\/\\\/www.deutsche-glasfaser.de\\\/blog\\\/#website\",\"url\":\"https:\\\/\\\/www.deutsche-glasfaser.de\\\/blog\\\/\",\"name\":\"Digitales B\u00fcrgernetz\",\"description\":\"Deutsche Glasfaser Blog\",\"publisher\":{\"@id\":\"https:\\\/\\\/www.deutsche-glasfaser.de\\\/blog\\\/#organization\"},\"potentialAction\":[{\"@type\":\"SearchAction\",\"target\":{\"@type\":\"EntryPoint\",\"urlTemplate\":\"https:\\\/\\\/www.deutsche-glasfaser.de\\\/blog\\\/?s={search_term_string}\"},\"query-input\":{\"@type\":\"PropertyValueSpecification\",\"valueRequired\":true,\"valueName\":\"search_term_string\"}}],\"inLanguage\":\"de\"},{\"@type\":\"Organization\",\"@id\":\"https:\\\/\\\/www.deutsche-glasfaser.de\\\/blog\\\/#organization\",\"name\":\"Digitales B\u00fcrgernetz\",\"url\":\"https:\\\/\\\/www.deutsche-glasfaser.de\\\/blog\\\/\",\"logo\":{\"@type\":\"ImageObject\",\"inLanguage\":\"de\",\"@id\":\"https:\\\/\\\/www.deutsche-glasfaser.de\\\/blog\\\/#\\\/schema\\\/logo\\\/image\\\/\",\"url\":\"https:\\\/\\\/www.deutsche-glasfaser.de\\\/blog\\\/wp-content\\\/uploads\\\/2021\\\/08\\\/DGF_Logo_Basis_RGB-Large@2x.png\",\"contentUrl\":\"https:\\\/\\\/www.deutsche-glasfaser.de\\\/blog\\\/wp-content\\\/uploads\\\/2021\\\/08\\\/DGF_Logo_Basis_RGB-Large@2x.png\",\"width\":312,\"height\":104,\"caption\":\"Digitales B\u00fcrgernetz\"},\"image\":{\"@id\":\"https:\\\/\\\/www.deutsche-glasfaser.de\\\/blog\\\/#\\\/schema\\\/logo\\\/image\\\/\"}},{\"@type\":\"Person\",\"@id\":\"https:\\\/\\\/www.deutsche-glasfaser.de\\\/blog\\\/#\\\/schema\\\/person\\\/9380a6dc7443d77143d0c66c409f574b\",\"name\":\"Deutsche Glasfaser\"}]}<\/script>\n<!-- \/ Yoast SEO plugin. -->","yoast_head_json":{"title":"Felix Schr\u00f6der: der Influencer vom Bau - Digitales B\u00fcrgernetz","description":"Dem Handwerk fehlt es an Nachwuchs und viele Ausbildungspl\u00e4tze k\u00f6nnen nicht besetzt werden. Um f\u00fcr einen Beruf im Handwerk zu werben, nutzt #GipserFelix Social Media. Dort stellt er seine Arbeit auf der Baustelle vor \u2013 oft mit einem Augenzwinkern.","robots":{"index":"index","follow":"follow","max-snippet":"max-snippet:-1","max-image-preview":"max-image-preview:large","max-video-preview":"max-video-preview:-1"},"canonical":"https:\/\/www.deutsche-glasfaser.de\/blog\/der-influencer-vom-bau-gipserfelix-wirbt-fuers-handwerk\/","og_locale":"de_DE","og_type":"article","og_title":"Felix Schr\u00f6der: der Influencer vom Bau - Digitales B\u00fcrgernetz","og_description":"Dem Handwerk fehlt es an Nachwuchs und viele Ausbildungspl\u00e4tze k\u00f6nnen nicht besetzt werden. Um f\u00fcr einen Beruf im Handwerk zu werben, nutzt #GipserFelix Social Media. Dort stellt er seine Arbeit auf der Baustelle vor \u2013 oft mit einem Augenzwinkern.","og_url":"https:\/\/www.deutsche-glasfaser.de\/blog\/der-influencer-vom-bau-gipserfelix-wirbt-fuers-handwerk\/","og_site_name":"Digitales B\u00fcrgernetz","article_published_time":"2022-07-25T13:23:45+00:00","article_modified_time":"2022-07-26T08:12:51+00:00","og_image":[{"width":1500,"height":705,"url":"https:\/\/www.deutsche-glasfaser.de\/blog\/wp-content\/uploads\/2022\/07\/header_gipser.jpg","type":"image\/jpeg"}],"author":"Deutsche Glasfaser","twitter_card":"summary_large_image","twitter_misc":{"Verfasst von":"Deutsche Glasfaser","Gesch\u00e4tzte Lesezeit":"4\u00a0Minuten"},"schema":{"@context":"https:\/\/schema.org","@graph":[{"@type":"Article","@id":"https:\/\/www.deutsche-glasfaser.de\/blog\/der-influencer-vom-bau-gipserfelix-wirbt-fuers-handwerk\/#article","isPartOf":{"@id":"https:\/\/www.deutsche-glasfaser.de\/blog\/der-influencer-vom-bau-gipserfelix-wirbt-fuers-handwerk\/"},"author":{"name":"Deutsche Glasfaser","@id":"https:\/\/www.deutsche-glasfaser.de\/blog\/#\/schema\/person\/9380a6dc7443d77143d0c66c409f574b"},"headline":"Der Influencer vom Bau: Gipserfelix wirbt f\u00fcrs Handwerk","datePublished":"2022-07-25T13:23:45+00:00","dateModified":"2022-07-26T08:12:51+00:00","mainEntityOfPage":{"@id":"https:\/\/www.deutsche-glasfaser.de\/blog\/der-influencer-vom-bau-gipserfelix-wirbt-fuers-handwerk\/"},"wordCount":691,"commentCount":0,"publisher":{"@id":"https:\/\/www.deutsche-glasfaser.de\/blog\/#organization"},"image":{"@id":"https:\/\/www.deutsche-glasfaser.de\/blog\/der-influencer-vom-bau-gipserfelix-wirbt-fuers-handwerk\/#primaryimage"},"thumbnailUrl":"https:\/\/www.deutsche-glasfaser.de\/blog\/wp-content\/uploads\/2022\/07\/header_gipser.jpg","articleSection":["#Arbeit"],"inLanguage":"de","potentialAction":[{"@type":"CommentAction","name":"Comment","target":["https:\/\/www.deutsche-glasfaser.de\/blog\/der-influencer-vom-bau-gipserfelix-wirbt-fuers-handwerk\/#respond"]}]},{"@type":"WebPage","@id":"https:\/\/www.deutsche-glasfaser.de\/blog\/der-influencer-vom-bau-gipserfelix-wirbt-fuers-handwerk\/","url":"https:\/\/www.deutsche-glasfaser.de\/blog\/der-influencer-vom-bau-gipserfelix-wirbt-fuers-handwerk\/","name":"Felix Schr\u00f6der: der Influencer vom Bau - Digitales B\u00fcrgernetz","isPartOf":{"@id":"https:\/\/www.deutsche-glasfaser.de\/blog\/#website"},"primaryImageOfPage":{"@id":"https:\/\/www.deutsche-glasfaser.de\/blog\/der-influencer-vom-bau-gipserfelix-wirbt-fuers-handwerk\/#primaryimage"},"image":{"@id":"https:\/\/www.deutsche-glasfaser.de\/blog\/der-influencer-vom-bau-gipserfelix-wirbt-fuers-handwerk\/#primaryimage"},"thumbnailUrl":"https:\/\/www.deutsche-glasfaser.de\/blog\/wp-content\/uploads\/2022\/07\/header_gipser.jpg","datePublished":"2022-07-25T13:23:45+00:00","dateModified":"2022-07-26T08:12:51+00:00","description":"Dem Handwerk fehlt es an Nachwuchs und viele Ausbildungspl\u00e4tze k\u00f6nnen nicht besetzt werden. Um f\u00fcr einen Beruf im Handwerk zu werben, nutzt #GipserFelix Social Media. Dort stellt er seine Arbeit auf der Baustelle vor \u2013 oft mit einem Augenzwinkern.","inLanguage":"de","potentialAction":[{"@type":"ReadAction","target":["https:\/\/www.deutsche-glasfaser.de\/blog\/der-influencer-vom-bau-gipserfelix-wirbt-fuers-handwerk\/"]}]},{"@type":"ImageObject","inLanguage":"de","@id":"https:\/\/www.deutsche-glasfaser.de\/blog\/der-influencer-vom-bau-gipserfelix-wirbt-fuers-handwerk\/#primaryimage","url":"https:\/\/www.deutsche-glasfaser.de\/blog\/wp-content\/uploads\/2022\/07\/header_gipser.jpg","contentUrl":"https:\/\/www.deutsche-glasfaser.de\/blog\/wp-content\/uploads\/2022\/07\/header_gipser.jpg","width":1500,"height":705,"caption":"Felix Schr\u00f6der ist Gipser und Stuckateur und erfolgreich auf Instagram unterwegs \u00a9 Gipserfelix"},{"@type":"WebSite","@id":"https:\/\/www.deutsche-glasfaser.de\/blog\/#website","url":"https:\/\/www.deutsche-glasfaser.de\/blog\/","name":"Digitales B\u00fcrgernetz","description":"Deutsche Glasfaser Blog","publisher":{"@id":"https:\/\/www.deutsche-glasfaser.de\/blog\/#organization"},"potentialAction":[{"@type":"SearchAction","target":{"@type":"EntryPoint","urlTemplate":"https:\/\/www.deutsche-glasfaser.de\/blog\/?s={search_term_string}"},"query-input":{"@type":"PropertyValueSpecification","valueRequired":true,"valueName":"search_term_string"}}],"inLanguage":"de"},{"@type":"Organization","@id":"https:\/\/www.deutsche-glasfaser.de\/blog\/#organization","name":"Digitales B\u00fcrgernetz","url":"https:\/\/www.deutsche-glasfaser.de\/blog\/","logo":{"@type":"ImageObject","inLanguage":"de","@id":"https:\/\/www.deutsche-glasfaser.de\/blog\/#\/schema\/logo\/image\/","url":"https:\/\/www.deutsche-glasfaser.de\/blog\/wp-content\/uploads\/2021\/08\/DGF_Logo_Basis_RGB-Large@2x.png","contentUrl":"https:\/\/www.deutsche-glasfaser.de\/blog\/wp-content\/uploads\/2021\/08\/DGF_Logo_Basis_RGB-Large@2x.png","width":312,"height":104,"caption":"Digitales B\u00fcrgernetz"},"image":{"@id":"https:\/\/www.deutsche-glasfaser.de\/blog\/#\/schema\/logo\/image\/"}},{"@type":"Person","@id":"https:\/\/www.deutsche-glasfaser.de\/blog\/#\/schema\/person\/9380a6dc7443d77143d0c66c409f574b","name":"Deutsche Glasfaser"}]}},"_links":{"self":[{"href":"https:\/\/www.deutsche-glasfaser.de\/blog\/wp-json\/wp\/v2\/posts\/10230","targetHints":{"allow":["GET"]}}],"collection":[{"href":"https:\/\/www.deutsche-glasfaser.de\/blog\/wp-json\/wp\/v2\/posts"}],"about":[{"href":"https:\/\/www.deutsche-glasfaser.de\/blog\/wp-json\/wp\/v2\/types\/post"}],"author":[{"embeddable":true,"href":"https:\/\/www.deutsche-glasfaser.de\/blog\/wp-json\/wp\/v2\/users\/5"}],"replies":[{"embeddable":true,"href":"https:\/\/www.deutsche-glasfaser.de\/blog\/wp-json\/wp\/v2\/comments?post=10230"}],"version-history":[{"count":14,"href":"https:\/\/www.deutsche-glasfaser.de\/blog\/wp-json\/wp\/v2\/posts\/10230\/revisions"}],"predecessor-version":[{"id":10249,"href":"https:\/\/www.deutsche-glasfaser.de\/blog\/wp-json\/wp\/v2\/posts\/10230\/revisions\/10249"}],"wp:featuredmedia":[{"embeddable":true,"href":"https:\/\/www.deutsche-glasfaser.de\/blog\/wp-json\/wp\/v2\/media\/10231"}],"wp:attachment":[{"href":"https:\/\/www.deutsche-glasfaser.de\/blog\/wp-json\/wp\/v2\/media?parent=10230"}],"wp:term":[{"taxonomy":"category","embeddable":true,"href":"https:\/\/www.deutsche-glasfaser.de\/blog\/wp-json\/wp\/v2\/categories?post=10230"},{"taxonomy":"post_tag","embeddable":true,"href":"https:\/\/www.deutsche-glasfaser.de\/blog\/wp-json\/wp\/v2\/tags?post=10230"}],"curies":[{"name":"wp","href":"https:\/\/api.w.org\/{rel}","templated":true}]}}