{"id":10182,"date":"2022-07-19T09:59:45","date_gmt":"2022-07-19T09:59:45","guid":{"rendered":"https:\/\/www.deutsche-glasfaser.de\/blog\/?p=10182"},"modified":"2022-07-20T09:44:06","modified_gmt":"2022-07-20T09:44:06","slug":"ausflugsticker-2-0-digitales-angebot-fuer-ausfluege-aufs-land","status":"publish","type":"post","link":"https:\/\/www.deutsche-glasfaser.de\/blog\/ausflugsticker-2-0-digitales-angebot-fuer-ausfluege-aufs-land\/","title":{"rendered":"Digitaler Ausflugsticker 2.0: Ohne Stau zum Badesee"},"content":{"rendered":"\t\t<div data-elementor-type=\"wp-post\" data-elementor-id=\"10182\" class=\"elementor elementor-10182\">\n\t\t\t\t\t\t<section class=\"elementor-section elementor-top-section elementor-element elementor-element-f5ec94c elementor-section-boxed elementor-section-height-default elementor-section-height-default\" data-id=\"f5ec94c\" data-element_type=\"section\" data-e-type=\"section\">\n\t\t\t\t\t\t<div class=\"elementor-container elementor-column-gap-default\">\n\t\t\t\t\t<div class=\"elementor-column elementor-col-100 elementor-top-column elementor-element elementor-element-38e5c30\" data-id=\"38e5c30\" data-element_type=\"column\" data-e-type=\"column\">\n\t\t\t<div class=\"elementor-widget-wrap elementor-element-populated\">\n\t\t\t\t\t\t<div class=\"elementor-element elementor-element-e9864a4 elementor-widget elementor-widget-text-editor\" data-id=\"e9864a4\" data-element_type=\"widget\" data-e-type=\"widget\" data-widget_type=\"text-editor.default\">\n\t\t\t\t<div class=\"elementor-widget-container\">\n\t\t\t\t\t\t\t\t\t<p><span style=\"font-weight: 400;\">Abk\u00fchlung gesucht: Im Sommer zieht es viele St\u00e4dter in die Natur. <\/span><span style=\"font-weight: 400;\">\u00a9 erlebe.bayern \u2013 Peter Felbert<\/span><\/p>\t\t\t\t\t\t\t\t<\/div>\n\t\t\t\t<\/div>\n\t\t\t\t\t<\/div>\n\t\t<\/div>\n\t\t\t\t\t<\/div>\n\t\t<\/section>\n\t\t\t\t<section class=\"elementor-section elementor-top-section elementor-element elementor-element-7e48a04 elementor-section-boxed elementor-section-height-default elementor-section-height-default\" data-id=\"7e48a04\" data-element_type=\"section\" data-e-type=\"section\">\n\t\t\t\t\t\t<div class=\"elementor-container elementor-column-gap-default\">\n\t\t\t\t\t<div class=\"elementor-column elementor-col-100 elementor-top-column elementor-element elementor-element-06a26e0\" data-id=\"06a26e0\" data-element_type=\"column\" data-e-type=\"column\">\n\t\t\t<div class=\"elementor-widget-wrap elementor-element-populated\">\n\t\t\t\t\t\t<div class=\"elementor-element elementor-element-b3392b2 elementor-widget elementor-widget-text-editor\" data-id=\"b3392b2\" data-element_type=\"widget\" data-e-type=\"widget\" data-widget_type=\"text-editor.default\">\n\t\t\t\t<div class=\"elementor-widget-container\">\n\t\t\t\t\t\t\t\t\t<p><span style=\"font-weight: 400;\">Die Sonne scheint, Kinder und Eltern haben frei und die Tasche f\u00fcr den Tag am See ist gepackt. Doch wenn alle Parkpl\u00e4tze belegt, die Anwohnerstra\u00dfen zugeparkt und die Liegewiese \u00fcberf\u00fcllt ist, war es das mit dem sch\u00f6nen Ausflug. \u201eDas l\u00e4ndliche Bayern ist eine sehr beliebte Ausflugsregion. Mit dem digitalen Ausflugsticker 2.0 informieren wir tagesaktuell \u00fcber G\u00e4stestr\u00f6me, Wartezeiten und Alternativen. So wollen wir \u00dcberlastungen und Staus vermeiden\u201c, sagt Sylvia Freund, Sprecherin der Bayern Tourismus Marketing GmbH (BayTM). Gerade an Wochenenden und in den Sommerferien zieht es Menschen in die bayerischen Urlaubsregionen. Im Jahr 2021 kamen laut Statistischem Landesamt fast 20 Millionen \u00dcbernachtungsg\u00e4ste \u2013\u00a0mit der Corona-Pandemie und den damit verbundenen Einschr\u00e4nkungen im Reiseverkehr hatten gerade die G\u00e4stezahlen aus Deutschland noch einmal zugenommen. Dazu kommen die vielen Tagesausfl\u00fcgler, die es aus den St\u00e4dten ins gr\u00fcne Umland lockt. Das f\u00fchrt zu starkem Andrang an beliebten Zielen, oft zum Leidwesen von G\u00e4sten, Einheimischen und Natur. Um Bayern auch in Zukunft als attraktive Reisedestination zu erhalten, startete 2020 daher das Pilotprojekt \u201eAusflugsticker Bayern\u201c f\u00fcr die Alpenregion Tegernsee-Schliersee. Seit M\u00e4rz 2021 ist der Service unter der Neuauflage \u201eAusflugsticker 2.0\u201c f\u00fcr ganz Bayern verf\u00fcgbar und wird in enger Zusammenarbeit mit den regionalen Tourismusverb\u00e4nden in Bayern sukzessive weiterentwickelt<\/span><i><span style=\"font-weight: 400;\">.<\/span><\/i><\/p>\t\t\t\t\t\t\t\t<\/div>\n\t\t\t\t<\/div>\n\t\t\t\t<div class=\"elementor-element elementor-element-78f617d elementor-widget elementor-widget-spacer\" data-id=\"78f617d\" data-element_type=\"widget\" data-e-type=\"widget\" data-widget_type=\"spacer.default\">\n\t\t\t\t<div class=\"elementor-widget-container\">\n\t\t\t\t\t\t\t<div class=\"elementor-spacer\">\n\t\t\t<div class=\"elementor-spacer-inner\"><\/div>\n\t\t<\/div>\n\t\t\t\t\t\t<\/div>\n\t\t\t\t<\/div>\n\t\t\t\t<div class=\"elementor-element elementor-element-8c57be5 elementor-widget elementor-widget-heading\" data-id=\"8c57be5\" data-element_type=\"widget\" data-e-type=\"widget\" data-widget_type=\"heading.default\">\n\t\t\t\t<div class=\"elementor-widget-container\">\n\t\t\t\t\t<h2 class=\"elementor-heading-title elementor-size-xl\">Auslastung und Alternativen auf einen Blick <\/h2>\t\t\t\t<\/div>\n\t\t\t\t<\/div>\n\t\t\t\t<div class=\"elementor-element elementor-element-d35c41a elementor-widget elementor-widget-spacer\" data-id=\"d35c41a\" data-element_type=\"widget\" data-e-type=\"widget\" data-widget_type=\"spacer.default\">\n\t\t\t\t<div class=\"elementor-widget-container\">\n\t\t\t\t\t\t\t<div class=\"elementor-spacer\">\n\t\t\t<div class=\"elementor-spacer-inner\"><\/div>\n\t\t<\/div>\n\t\t\t\t\t\t<\/div>\n\t\t\t\t<\/div>\n\t\t\t\t<div class=\"elementor-element elementor-element-094c20e elementor-widget elementor-widget-text-editor\" data-id=\"094c20e\" data-element_type=\"widget\" data-e-type=\"widget\" data-widget_type=\"text-editor.default\">\n\t\t\t\t<div class=\"elementor-widget-container\">\n\t\t\t\t\t\t\t\t\t<p><span style=\"font-weight: 400;\">Der Ausflugsticker hilft bei der Planung, aber auch beim Besuch vor Ort: \u00dcber das Onlineangebot k\u00f6nnen G\u00e4ste ganz klassisch die Anfahrtsroute per Pkw oder Bus und Bahn berechnen; <\/span><span style=\"font-weight: 400;\">sie bekommen Meldungen und Warnungen zur Verkehrslage sowie zu Stra\u00dfensperrungen und allgemeine Reisehinweise. Zus\u00e4tzlich informiert der Ausflugsticker <\/span><span style=\"font-weight: 400;\">tagesaktuell \u00fcber den Andrang vor Ort: Unter <\/span><strong><a href=\"https:\/\/www.ausflugsticker.bayern\/\">www.ausflugsticker.bayern<\/a><\/strong><span style=\"font-weight: 400;\"><strong>\u00a0<\/strong>zeigt eine interaktive Karte die Auslastung beispielsweise von Parkpl\u00e4tzen an und gibt Hinweise zu \u00d6ffnungs- und Schlie\u00dfzeiten. Interessierte k\u00f6nnen die Suchfunktion nutzen und sehen auf einen Blick, ob sie mit Warteschlangen rechnen m\u00fcssen. Au\u00dferdem bekommen sie Tipps und Alternativen, wenn das Ursprungsziel schon ausgelastet ist. So k\u00f6nnen Ausfl\u00fcgler gegebenenfalls noch rechtzeitig umplanen. \u201eWir wollen unseren G\u00e4sten mit dem Tool auch zeigen, dass wir noch andere sch\u00f6ne Ausflugsziele haben, abseits der Hotspots\u201c, sagt Sylvia Freund. <\/span><span style=\"font-weight: 400;\">Insgesamt beruht der Ausflugsticker derzeit auf rund 300 Meldungen, die regelm\u00e4\u00dfig aktualisiert werden, darunter Auslastungs-, Mobilit\u00e4ts-, \u00d6PNV- und Wetter-Daten sowie alternative Ausflugstipps.\u00a0<\/span><\/p>\t\t\t\t\t\t\t\t<\/div>\n\t\t\t\t<\/div>\n\t\t\t\t<div class=\"elementor-element elementor-element-136f550 elementor-widget elementor-widget-spacer\" data-id=\"136f550\" data-element_type=\"widget\" data-e-type=\"widget\" data-widget_type=\"spacer.default\">\n\t\t\t\t<div class=\"elementor-widget-container\">\n\t\t\t\t\t\t\t<div class=\"elementor-spacer\">\n\t\t\t<div class=\"elementor-spacer-inner\"><\/div>\n\t\t<\/div>\n\t\t\t\t\t\t<\/div>\n\t\t\t\t<\/div>\n\t\t\t\t<div class=\"elementor-element elementor-element-da258fe elementor-widget elementor-widget-image\" data-id=\"da258fe\" data-element_type=\"widget\" data-e-type=\"widget\" data-widget_type=\"image.default\">\n\t\t\t\t<div class=\"elementor-widget-container\">\n\t\t\t\t\t\t\t\t\t\t\t\t<figure class=\"wp-caption\">\n\t\t\t\t\t\t\t\t\t\t<img fetchpriority=\"high\" decoding=\"async\" width=\"768\" height=\"347\" src=\"https:\/\/www.deutsche-glasfaser.de\/blog\/wp-content\/uploads\/2022\/07\/Blog_Bayern-768x347.jpg\" class=\"attachment-medium_large size-medium_large wp-image-10184\" alt=\"Kartenausschnitt des Ausflugstickers\" srcset=\"https:\/\/www.deutsche-glasfaser.de\/blog\/wp-content\/uploads\/2022\/07\/Blog_Bayern-768x347.jpg 768w, https:\/\/www.deutsche-glasfaser.de\/blog\/wp-content\/uploads\/2022\/07\/Blog_Bayern-300x136.jpg 300w, https:\/\/www.deutsche-glasfaser.de\/blog\/wp-content\/uploads\/2022\/07\/Blog_Bayern.jpg 788w\" sizes=\"(max-width: 768px) 100vw, 768px\" \/>\t\t\t\t\t\t\t\t\t\t\t<figcaption class=\"widget-image-caption wp-caption-text\">Der Ausflugsticker informiert in Echtzeit \u00fcber die Auslastung der touristischen Ziele. \u00a9 BayTM<\/figcaption>\n\t\t\t\t\t\t\t\t\t\t<\/figure>\n\t\t\t\t\t\t\t\t\t<\/div>\n\t\t\t\t<\/div>\n\t\t\t\t<div class=\"elementor-element elementor-element-db7d655 elementor-widget elementor-widget-spacer\" data-id=\"db7d655\" data-element_type=\"widget\" data-e-type=\"widget\" data-widget_type=\"spacer.default\">\n\t\t\t\t<div class=\"elementor-widget-container\">\n\t\t\t\t\t\t\t<div class=\"elementor-spacer\">\n\t\t\t<div class=\"elementor-spacer-inner\"><\/div>\n\t\t<\/div>\n\t\t\t\t\t\t<\/div>\n\t\t\t\t<\/div>\n\t\t\t\t<div class=\"elementor-element elementor-element-7a825a5 elementor-widget elementor-widget-heading\" data-id=\"7a825a5\" data-element_type=\"widget\" data-e-type=\"widget\" data-widget_type=\"heading.default\">\n\t\t\t\t<div class=\"elementor-widget-container\">\n\t\t\t\t\t<h2 class=\"elementor-heading-title elementor-size-xl\">Miteinander vor Ort st\u00e4rken<\/h2>\t\t\t\t<\/div>\n\t\t\t\t<\/div>\n\t\t\t\t<div class=\"elementor-element elementor-element-7f0f144 elementor-widget elementor-widget-spacer\" data-id=\"7f0f144\" data-element_type=\"widget\" data-e-type=\"widget\" data-widget_type=\"spacer.default\">\n\t\t\t\t<div class=\"elementor-widget-container\">\n\t\t\t\t\t\t\t<div class=\"elementor-spacer\">\n\t\t\t<div class=\"elementor-spacer-inner\"><\/div>\n\t\t<\/div>\n\t\t\t\t\t\t<\/div>\n\t\t\t\t<\/div>\n\t\t\t\t<div class=\"elementor-element elementor-element-eaaeaf9 elementor-widget elementor-widget-text-editor\" data-id=\"eaaeaf9\" data-element_type=\"widget\" data-e-type=\"widget\" data-widget_type=\"text-editor.default\">\n\t\t\t\t<div class=\"elementor-widget-container\">\n\t\t\t\t\t\t\t\t\t<p><span style=\"font-weight: 400;\">\u201eMit dem digitalen Angebot wollen wir nicht nur das G\u00e4steerlebnis verbessern, sondern auch das Miteinander zwischen Urlaubern und Einheimischen st\u00e4rken\u201c, sagt Freund. Im Idealfall verteilen sich die Besucher besser auf die Ausflugsziele und kommen gezielt, wenn wenig los ist. Die Macherinnen und Macher hoffen, so den intensiven Ausflugsverkehr und Menschenansammlungen zu vermeiden. Denn nat\u00fcrlich f\u00fchren zugeparkte Wiesen und blockierte Ufer, R\u00fcckstaus durch sonst ruhige Ortskerne oder zur\u00fcckgelassener M\u00fcll auch zu Frust. Doch nur wenn die einheimische Bev\u00f6lkerung mit der Situation vor Ort zufrieden ist und sich nicht von Touristen \u00fcberrannt sieht, f\u00fchlen sich auch die G\u00e4ste wohl. \u201eWir haben hier ein sehr wirksames digitales Angebot. Aber es funktioniert nat\u00fcrlich nur, wenn die Hinweise auch umgesetzt werden\u201c, betont Sylvia Freund. Dabei zeigen die Zahlen, wie gut das Tool bisher angenommen wird: Seit M\u00e4rz wurden ca. 810.000 Nutzerinnen und Nutzer gez\u00e4hlt, wobei damit nur diejenigen abgebildet sind, die z. B. in die Cookie-Nutzung einwilligen. <\/span><\/p>\t\t\t\t\t\t\t\t<\/div>\n\t\t\t\t<\/div>\n\t\t\t\t<div class=\"elementor-element elementor-element-60ca2a9 elementor-widget elementor-widget-spacer\" data-id=\"60ca2a9\" data-element_type=\"widget\" data-e-type=\"widget\" data-widget_type=\"spacer.default\">\n\t\t\t\t<div class=\"elementor-widget-container\">\n\t\t\t\t\t\t\t<div class=\"elementor-spacer\">\n\t\t\t<div class=\"elementor-spacer-inner\"><\/div>\n\t\t<\/div>\n\t\t\t\t\t\t<\/div>\n\t\t\t\t<\/div>\n\t\t\t\t<div class=\"elementor-element elementor-element-63a0383 elementor-widget elementor-widget-heading\" data-id=\"63a0383\" data-element_type=\"widget\" data-e-type=\"widget\" data-widget_type=\"heading.default\">\n\t\t\t\t<div class=\"elementor-widget-container\">\n\t\t\t\t\t<h2 class=\"elementor-heading-title elementor-size-xl\">Service f\u00fcr Urlauber<\/h2>\t\t\t\t<\/div>\n\t\t\t\t<\/div>\n\t\t\t\t<div class=\"elementor-element elementor-element-dec0ec0 elementor-widget elementor-widget-spacer\" data-id=\"dec0ec0\" data-element_type=\"widget\" data-e-type=\"widget\" data-widget_type=\"spacer.default\">\n\t\t\t\t<div class=\"elementor-widget-container\">\n\t\t\t\t\t\t\t<div class=\"elementor-spacer\">\n\t\t\t<div class=\"elementor-spacer-inner\"><\/div>\n\t\t<\/div>\n\t\t\t\t\t\t<\/div>\n\t\t\t\t<\/div>\n\t\t\t\t<div class=\"elementor-element elementor-element-7ece6eb elementor-widget elementor-widget-text-editor\" data-id=\"7ece6eb\" data-element_type=\"widget\" data-e-type=\"widget\" data-widget_type=\"text-editor.default\">\n\t\t\t\t<div class=\"elementor-widget-container\">\n\t\t\t\t\t\t\t\t\t<p><span style=\"font-weight: 400;\">Damit alle an einem Strang ziehen, binden mittlerweile auch etliche regionale und lokale touristische Online-Portale im Freistaat den Service als Widget auf ihren eigenen Seiten ein. So lenken sie die Aufmerksamkeit auf die vielen M\u00f6glichkeiten in ihrer Region. <\/span><span style=\"font-weight: 400;\">\u201eAuf diese Weise k\u00f6nnen die Regionen und Destinationen ihre G\u00e4ste direkt an Ort und Stelle mit allem Wissenswerten zur Region abholen und ersparen ihnen die Suche \u00fcber verschiedene Websites\u201c, sagt Freund. Und sie k\u00f6nnen dazu beitragen, das Miteinander zu verbessern, indem sie die Besucherstr\u00f6me lenken und Einschr\u00e4nkungen f\u00fcr Anwohnerinnen und Anwohner reduzieren.<\/span><\/p>\t\t\t\t\t\t\t\t<\/div>\n\t\t\t\t<\/div>\n\t\t\t\t<div class=\"elementor-element elementor-element-b6b1990 elementor-widget elementor-widget-blockquote\" data-id=\"b6b1990\" data-element_type=\"widget\" data-e-type=\"widget\" data-widget_type=\"blockquote.default\">\n\t\t\t\t<div class=\"elementor-widget-container\">\n\t\t\t\t\t \t\t\t\t<\/div>\n\t\t\t\t<\/div>\n\t\t\t\t<div class=\"elementor-element elementor-element-808d3d2 elementor-widget elementor-widget-spacer\" data-id=\"808d3d2\" data-element_type=\"widget\" data-e-type=\"widget\" data-widget_type=\"spacer.default\">\n\t\t\t\t<div class=\"elementor-widget-container\">\n\t\t\t\t\t\t\t<div class=\"elementor-spacer\">\n\t\t\t<div class=\"elementor-spacer-inner\"><\/div>\n\t\t<\/div>\n\t\t\t\t\t\t<\/div>\n\t\t\t\t<\/div>\n\t\t\t\t<div class=\"elementor-element elementor-element-f47d8c2 elementor-widget elementor-widget-heading\" data-id=\"f47d8c2\" data-element_type=\"widget\" data-e-type=\"widget\" data-widget_type=\"heading.default\">\n\t\t\t\t<div class=\"elementor-widget-container\">\n\t\t\t\t\t<h2 class=\"elementor-heading-title elementor-size-xl\">Daher kommen die Daten<\/h2>\t\t\t\t<\/div>\n\t\t\t\t<\/div>\n\t\t\t\t<div class=\"elementor-element elementor-element-2b440a7 elementor-widget elementor-widget-spacer\" data-id=\"2b440a7\" data-element_type=\"widget\" data-e-type=\"widget\" data-widget_type=\"spacer.default\">\n\t\t\t\t<div class=\"elementor-widget-container\">\n\t\t\t\t\t\t\t<div class=\"elementor-spacer\">\n\t\t\t<div class=\"elementor-spacer-inner\"><\/div>\n\t\t<\/div>\n\t\t\t\t\t\t<\/div>\n\t\t\t\t<\/div>\n\t\t\t\t<div class=\"elementor-element elementor-element-549d246 elementor-widget elementor-widget-text-editor\" data-id=\"549d246\" data-element_type=\"widget\" data-e-type=\"widget\" data-widget_type=\"text-editor.default\">\n\t\t\t\t<div class=\"elementor-widget-container\">\n\t\t\t\t\t\t\t\t\t<p><span style=\"font-weight: 400;\">Die Inhalte des Ausflugstickers pflegen die Tourismusverb\u00e4nde, die Destinationsmanagementorganisationen (DMO) der Kommunen und deren Meldepartner-Netzwerke vor Ort derzeit noch manuell ein. \u201eAuch wenn es mit hohem Aufwand verbunden ist, ziehen alle mit und sind unglaublich engagiert\u201c, sagt Sylvia Freund. Vereinfachte und halbautomatisierte Meldem\u00f6glichkeiten vereinfachen das Ganze: So k\u00f6nnen lokale Partner und Mitarbeiterinnen und Mitarbeiter des Destinationsmanagements bereits \u00fcber mobile QR-Codes schnell und unkompliziert aktuelle Auslastungen best\u00e4tigen und bearbeiten. In Zukunft k\u00f6nnte der Aufwand weiter sinken. Als n\u00e4chster Schritt ist geplant, die Daten voll automatisiert und in digitaler Echtzeit in den Ticker zu integrieren und auch KI-basierte Prognosen anzubieten. Das Bayerische Wirtschaftsministerium unterst\u00fctzte mit einem F\u00f6rderprogramm die Investition in die daf\u00fcr n\u00f6tigen smarten Technologien. So k\u00f6nnen in Bodenmais, am Alatsee in F\u00fcssen und in Bad Hindelang bereits heute mittels sensorischer Erfassung gewonnene Echtzeitdaten in den \u201eAusflugsticker Bayern\u201c eingespeist werden. Damit zahlt der Ausflugsticker auf ein weiteres Ziel ein: die <\/span><span style=\"font-weight: 400;\">digitale Transformation des Bayerntourismus durch eine st\u00e4rker vernetzte Dateninfrastruktur voranzutreiben.<\/span><\/p><p><span style=\"font-weight: 400;\">Parallel dazu arbeitet die Kompetenzstelle Digitalisierung der BayTM mit der BayernCloud Tourismus an einem zentralen Daten-Hub f\u00fcr touristische Daten in Bayern. Dieser soll zuk\u00fcnftig eine noch bessere Datengrundlage f\u00fcr den Ausflugsticker und weitere innovative Services bieten.<\/span><\/p><p><a href=\"https:\/\/ruecksichtsvoll.erlebe.bayern\/\"><span style=\"font-weight: 400;\"><strong>Bayern entdecken \u2013 r\u00fccksichtsvoll!<\/strong>:<\/span><\/a><span style=\"font-weight: 400;\"> Online finden Sie praktische Tipps zum verantwortungsbewussten Reisen<\/span><\/p>\t\t\t\t\t\t\t\t<\/div>\n\t\t\t\t<\/div>\n\t\t\t\t\t<\/div>\n\t\t<\/div>\n\t\t\t\t\t<\/div>\n\t\t<\/section>\n\t\t\t\t<\/div>\n\t\t","protected":false},"excerpt":{"rendered":"<p>Sommer, Sonne, Ausflugszeit \u2013 in stark frequentierten Urlaubsregionen ist das oft eine Herausforderung f\u00fcr G\u00e4ste, Einheimische und die Natur. Die Bayern Tourismus Marketing GmbH setzt daher auf ein digitales Tool, um G\u00e4stestr\u00f6me zu entzerren: den Ausflugsticker 2.0.  <\/p>\n","protected":false},"author":5,"featured_media":10183,"comment_status":"open","ping_status":"open","sticky":false,"template":"","format":"standard","meta":{"footnotes":""},"categories":[67],"tags":[],"class_list":["post-10182","post","type-post","status-publish","format-standard","has-post-thumbnail","hentry","category-mobilitaet"],"yoast_head":"<!-- This site is optimized with the Yoast SEO plugin v27.5 - https:\/\/yoast.com\/product\/yoast-seo-wordpress\/ -->\n<title>- Digitales B\u00fcrgernetz<\/title>\n<meta name=\"description\" content=\"Ausflug an den Badesee: Die Bayern Tourismus Marketing GmbH setzt auf ein digitales Tool, um den Andrang zu entzerren \u2013 den Ausflugsticker 2.0.\" \/>\n<meta name=\"robots\" content=\"index, follow, max-snippet:-1, max-image-preview:large, max-video-preview:-1\" \/>\n<link rel=\"canonical\" href=\"https:\/\/www.deutsche-glasfaser.de\/blog\/ausflugsticker-2-0-digitales-angebot-fuer-ausfluege-aufs-land\/\" \/>\n<meta property=\"og:locale\" content=\"de_DE\" \/>\n<meta property=\"og:type\" content=\"article\" \/>\n<meta property=\"og:title\" content=\"- Digitales B\u00fcrgernetz\" \/>\n<meta property=\"og:description\" content=\"Ausflug an den Badesee: Die Bayern Tourismus Marketing GmbH setzt auf ein digitales Tool, um den Andrang zu entzerren \u2013 den Ausflugsticker 2.0.\" \/>\n<meta property=\"og:url\" content=\"https:\/\/www.deutsche-glasfaser.de\/blog\/ausflugsticker-2-0-digitales-angebot-fuer-ausfluege-aufs-land\/\" \/>\n<meta property=\"og:site_name\" content=\"Digitales B\u00fcrgernetz\" \/>\n<meta property=\"article:published_time\" content=\"2022-07-19T09:59:45+00:00\" \/>\n<meta property=\"article:modified_time\" content=\"2022-07-20T09:44:06+00:00\" \/>\n<meta property=\"og:image\" content=\"https:\/\/www.deutsche-glasfaser.de\/blog\/wp-content\/uploads\/2022\/07\/header_bayern.jpg\" \/>\n\t<meta property=\"og:image:width\" content=\"1500\" \/>\n\t<meta property=\"og:image:height\" content=\"705\" \/>\n\t<meta property=\"og:image:type\" content=\"image\/jpeg\" \/>\n<meta name=\"author\" content=\"Deutsche Glasfaser\" \/>\n<meta name=\"twitter:card\" content=\"summary_large_image\" \/>\n<meta name=\"twitter:label1\" content=\"Verfasst von\" \/>\n\t<meta name=\"twitter:data1\" content=\"Deutsche Glasfaser\" \/>\n<script type=\"application\/ld+json\" class=\"yoast-schema-graph\">{\"@context\":\"https:\\\/\\\/schema.org\",\"@graph\":[{\"@type\":\"Article\",\"@id\":\"https:\\\/\\\/www.deutsche-glasfaser.de\\\/blog\\\/ausflugsticker-2-0-digitales-angebot-fuer-ausfluege-aufs-land\\\/#article\",\"isPartOf\":{\"@id\":\"https:\\\/\\\/www.deutsche-glasfaser.de\\\/blog\\\/ausflugsticker-2-0-digitales-angebot-fuer-ausfluege-aufs-land\\\/\"},\"author\":{\"name\":\"Deutsche Glasfaser\",\"@id\":\"https:\\\/\\\/www.deutsche-glasfaser.de\\\/blog\\\/#\\\/schema\\\/person\\\/9380a6dc7443d77143d0c66c409f574b\"},\"headline\":\"Digitaler Ausflugsticker 2.0: Ohne Stau zum Badesee\",\"datePublished\":\"2022-07-19T09:59:45+00:00\",\"dateModified\":\"2022-07-20T09:44:06+00:00\",\"mainEntityOfPage\":{\"@id\":\"https:\\\/\\\/www.deutsche-glasfaser.de\\\/blog\\\/ausflugsticker-2-0-digitales-angebot-fuer-ausfluege-aufs-land\\\/\"},\"wordCount\":950,\"commentCount\":0,\"publisher\":{\"@id\":\"https:\\\/\\\/www.deutsche-glasfaser.de\\\/blog\\\/#organization\"},\"image\":{\"@id\":\"https:\\\/\\\/www.deutsche-glasfaser.de\\\/blog\\\/ausflugsticker-2-0-digitales-angebot-fuer-ausfluege-aufs-land\\\/#primaryimage\"},\"thumbnailUrl\":\"https:\\\/\\\/www.deutsche-glasfaser.de\\\/blog\\\/wp-content\\\/uploads\\\/2022\\\/07\\\/header_bayern.jpg\",\"articleSection\":[\"#Mobilit\u00e4t\"],\"inLanguage\":\"de\",\"potentialAction\":[{\"@type\":\"CommentAction\",\"name\":\"Comment\",\"target\":[\"https:\\\/\\\/www.deutsche-glasfaser.de\\\/blog\\\/ausflugsticker-2-0-digitales-angebot-fuer-ausfluege-aufs-land\\\/#respond\"]}]},{\"@type\":\"WebPage\",\"@id\":\"https:\\\/\\\/www.deutsche-glasfaser.de\\\/blog\\\/ausflugsticker-2-0-digitales-angebot-fuer-ausfluege-aufs-land\\\/\",\"url\":\"https:\\\/\\\/www.deutsche-glasfaser.de\\\/blog\\\/ausflugsticker-2-0-digitales-angebot-fuer-ausfluege-aufs-land\\\/\",\"name\":\"- Digitales B\u00fcrgernetz\",\"isPartOf\":{\"@id\":\"https:\\\/\\\/www.deutsche-glasfaser.de\\\/blog\\\/#website\"},\"primaryImageOfPage\":{\"@id\":\"https:\\\/\\\/www.deutsche-glasfaser.de\\\/blog\\\/ausflugsticker-2-0-digitales-angebot-fuer-ausfluege-aufs-land\\\/#primaryimage\"},\"image\":{\"@id\":\"https:\\\/\\\/www.deutsche-glasfaser.de\\\/blog\\\/ausflugsticker-2-0-digitales-angebot-fuer-ausfluege-aufs-land\\\/#primaryimage\"},\"thumbnailUrl\":\"https:\\\/\\\/www.deutsche-glasfaser.de\\\/blog\\\/wp-content\\\/uploads\\\/2022\\\/07\\\/header_bayern.jpg\",\"datePublished\":\"2022-07-19T09:59:45+00:00\",\"dateModified\":\"2022-07-20T09:44:06+00:00\",\"description\":\"Ausflug an den Badesee: Die Bayern Tourismus Marketing GmbH setzt auf ein digitales Tool, um den Andrang zu entzerren \u2013 den Ausflugsticker 2.0.\",\"inLanguage\":\"de\",\"potentialAction\":[{\"@type\":\"ReadAction\",\"target\":[\"https:\\\/\\\/www.deutsche-glasfaser.de\\\/blog\\\/ausflugsticker-2-0-digitales-angebot-fuer-ausfluege-aufs-land\\\/\"]}]},{\"@type\":\"ImageObject\",\"inLanguage\":\"de\",\"@id\":\"https:\\\/\\\/www.deutsche-glasfaser.de\\\/blog\\\/ausflugsticker-2-0-digitales-angebot-fuer-ausfluege-aufs-land\\\/#primaryimage\",\"url\":\"https:\\\/\\\/www.deutsche-glasfaser.de\\\/blog\\\/wp-content\\\/uploads\\\/2022\\\/07\\\/header_bayern.jpg\",\"contentUrl\":\"https:\\\/\\\/www.deutsche-glasfaser.de\\\/blog\\\/wp-content\\\/uploads\\\/2022\\\/07\\\/header_bayern.jpg\",\"width\":1500,\"height\":705,\"caption\":\"Abk\u00fchlung gesucht: Im Sommer zieht es viele St\u00e4dter in die Natur. \u00a9 erlebe.bayern \u2013 Peter Felbert\"},{\"@type\":\"WebSite\",\"@id\":\"https:\\\/\\\/www.deutsche-glasfaser.de\\\/blog\\\/#website\",\"url\":\"https:\\\/\\\/www.deutsche-glasfaser.de\\\/blog\\\/\",\"name\":\"Digitales B\u00fcrgernetz\",\"description\":\"Deutsche Glasfaser Blog\",\"publisher\":{\"@id\":\"https:\\\/\\\/www.deutsche-glasfaser.de\\\/blog\\\/#organization\"},\"potentialAction\":[{\"@type\":\"SearchAction\",\"target\":{\"@type\":\"EntryPoint\",\"urlTemplate\":\"https:\\\/\\\/www.deutsche-glasfaser.de\\\/blog\\\/?s={search_term_string}\"},\"query-input\":{\"@type\":\"PropertyValueSpecification\",\"valueRequired\":true,\"valueName\":\"search_term_string\"}}],\"inLanguage\":\"de\"},{\"@type\":\"Organization\",\"@id\":\"https:\\\/\\\/www.deutsche-glasfaser.de\\\/blog\\\/#organization\",\"name\":\"Digitales B\u00fcrgernetz\",\"url\":\"https:\\\/\\\/www.deutsche-glasfaser.de\\\/blog\\\/\",\"logo\":{\"@type\":\"ImageObject\",\"inLanguage\":\"de\",\"@id\":\"https:\\\/\\\/www.deutsche-glasfaser.de\\\/blog\\\/#\\\/schema\\\/logo\\\/image\\\/\",\"url\":\"https:\\\/\\\/www.deutsche-glasfaser.de\\\/blog\\\/wp-content\\\/uploads\\\/2021\\\/08\\\/DGF_Logo_Basis_RGB-Large@2x.png\",\"contentUrl\":\"https:\\\/\\\/www.deutsche-glasfaser.de\\\/blog\\\/wp-content\\\/uploads\\\/2021\\\/08\\\/DGF_Logo_Basis_RGB-Large@2x.png\",\"width\":312,\"height\":104,\"caption\":\"Digitales B\u00fcrgernetz\"},\"image\":{\"@id\":\"https:\\\/\\\/www.deutsche-glasfaser.de\\\/blog\\\/#\\\/schema\\\/logo\\\/image\\\/\"}},{\"@type\":\"Person\",\"@id\":\"https:\\\/\\\/www.deutsche-glasfaser.de\\\/blog\\\/#\\\/schema\\\/person\\\/9380a6dc7443d77143d0c66c409f574b\",\"name\":\"Deutsche Glasfaser\"}]}<\/script>\n<!-- \/ Yoast SEO plugin. -->","yoast_head_json":{"title":"- Digitales B\u00fcrgernetz","description":"Ausflug an den Badesee: Die Bayern Tourismus Marketing GmbH setzt auf ein digitales Tool, um den Andrang zu entzerren \u2013 den Ausflugsticker 2.0.","robots":{"index":"index","follow":"follow","max-snippet":"max-snippet:-1","max-image-preview":"max-image-preview:large","max-video-preview":"max-video-preview:-1"},"canonical":"https:\/\/www.deutsche-glasfaser.de\/blog\/ausflugsticker-2-0-digitales-angebot-fuer-ausfluege-aufs-land\/","og_locale":"de_DE","og_type":"article","og_title":"- Digitales B\u00fcrgernetz","og_description":"Ausflug an den Badesee: Die Bayern Tourismus Marketing GmbH setzt auf ein digitales Tool, um den Andrang zu entzerren \u2013 den Ausflugsticker 2.0.","og_url":"https:\/\/www.deutsche-glasfaser.de\/blog\/ausflugsticker-2-0-digitales-angebot-fuer-ausfluege-aufs-land\/","og_site_name":"Digitales B\u00fcrgernetz","article_published_time":"2022-07-19T09:59:45+00:00","article_modified_time":"2022-07-20T09:44:06+00:00","og_image":[{"width":1500,"height":705,"url":"https:\/\/www.deutsche-glasfaser.de\/blog\/wp-content\/uploads\/2022\/07\/header_bayern.jpg","type":"image\/jpeg"}],"author":"Deutsche Glasfaser","twitter_card":"summary_large_image","twitter_misc":{"Verfasst von":"Deutsche Glasfaser"},"schema":{"@context":"https:\/\/schema.org","@graph":[{"@type":"Article","@id":"https:\/\/www.deutsche-glasfaser.de\/blog\/ausflugsticker-2-0-digitales-angebot-fuer-ausfluege-aufs-land\/#article","isPartOf":{"@id":"https:\/\/www.deutsche-glasfaser.de\/blog\/ausflugsticker-2-0-digitales-angebot-fuer-ausfluege-aufs-land\/"},"author":{"name":"Deutsche Glasfaser","@id":"https:\/\/www.deutsche-glasfaser.de\/blog\/#\/schema\/person\/9380a6dc7443d77143d0c66c409f574b"},"headline":"Digitaler Ausflugsticker 2.0: Ohne Stau zum Badesee","datePublished":"2022-07-19T09:59:45+00:00","dateModified":"2022-07-20T09:44:06+00:00","mainEntityOfPage":{"@id":"https:\/\/www.deutsche-glasfaser.de\/blog\/ausflugsticker-2-0-digitales-angebot-fuer-ausfluege-aufs-land\/"},"wordCount":950,"commentCount":0,"publisher":{"@id":"https:\/\/www.deutsche-glasfaser.de\/blog\/#organization"},"image":{"@id":"https:\/\/www.deutsche-glasfaser.de\/blog\/ausflugsticker-2-0-digitales-angebot-fuer-ausfluege-aufs-land\/#primaryimage"},"thumbnailUrl":"https:\/\/www.deutsche-glasfaser.de\/blog\/wp-content\/uploads\/2022\/07\/header_bayern.jpg","articleSection":["#Mobilit\u00e4t"],"inLanguage":"de","potentialAction":[{"@type":"CommentAction","name":"Comment","target":["https:\/\/www.deutsche-glasfaser.de\/blog\/ausflugsticker-2-0-digitales-angebot-fuer-ausfluege-aufs-land\/#respond"]}]},{"@type":"WebPage","@id":"https:\/\/www.deutsche-glasfaser.de\/blog\/ausflugsticker-2-0-digitales-angebot-fuer-ausfluege-aufs-land\/","url":"https:\/\/www.deutsche-glasfaser.de\/blog\/ausflugsticker-2-0-digitales-angebot-fuer-ausfluege-aufs-land\/","name":"- Digitales B\u00fcrgernetz","isPartOf":{"@id":"https:\/\/www.deutsche-glasfaser.de\/blog\/#website"},"primaryImageOfPage":{"@id":"https:\/\/www.deutsche-glasfaser.de\/blog\/ausflugsticker-2-0-digitales-angebot-fuer-ausfluege-aufs-land\/#primaryimage"},"image":{"@id":"https:\/\/www.deutsche-glasfaser.de\/blog\/ausflugsticker-2-0-digitales-angebot-fuer-ausfluege-aufs-land\/#primaryimage"},"thumbnailUrl":"https:\/\/www.deutsche-glasfaser.de\/blog\/wp-content\/uploads\/2022\/07\/header_bayern.jpg","datePublished":"2022-07-19T09:59:45+00:00","dateModified":"2022-07-20T09:44:06+00:00","description":"Ausflug an den Badesee: Die Bayern Tourismus Marketing GmbH setzt auf ein digitales Tool, um den Andrang zu entzerren \u2013 den Ausflugsticker 2.0.","inLanguage":"de","potentialAction":[{"@type":"ReadAction","target":["https:\/\/www.deutsche-glasfaser.de\/blog\/ausflugsticker-2-0-digitales-angebot-fuer-ausfluege-aufs-land\/"]}]},{"@type":"ImageObject","inLanguage":"de","@id":"https:\/\/www.deutsche-glasfaser.de\/blog\/ausflugsticker-2-0-digitales-angebot-fuer-ausfluege-aufs-land\/#primaryimage","url":"https:\/\/www.deutsche-glasfaser.de\/blog\/wp-content\/uploads\/2022\/07\/header_bayern.jpg","contentUrl":"https:\/\/www.deutsche-glasfaser.de\/blog\/wp-content\/uploads\/2022\/07\/header_bayern.jpg","width":1500,"height":705,"caption":"Abk\u00fchlung gesucht: Im Sommer zieht es viele St\u00e4dter in die Natur. \u00a9 erlebe.bayern \u2013 Peter Felbert"},{"@type":"WebSite","@id":"https:\/\/www.deutsche-glasfaser.de\/blog\/#website","url":"https:\/\/www.deutsche-glasfaser.de\/blog\/","name":"Digitales B\u00fcrgernetz","description":"Deutsche Glasfaser Blog","publisher":{"@id":"https:\/\/www.deutsche-glasfaser.de\/blog\/#organization"},"potentialAction":[{"@type":"SearchAction","target":{"@type":"EntryPoint","urlTemplate":"https:\/\/www.deutsche-glasfaser.de\/blog\/?s={search_term_string}"},"query-input":{"@type":"PropertyValueSpecification","valueRequired":true,"valueName":"search_term_string"}}],"inLanguage":"de"},{"@type":"Organization","@id":"https:\/\/www.deutsche-glasfaser.de\/blog\/#organization","name":"Digitales B\u00fcrgernetz","url":"https:\/\/www.deutsche-glasfaser.de\/blog\/","logo":{"@type":"ImageObject","inLanguage":"de","@id":"https:\/\/www.deutsche-glasfaser.de\/blog\/#\/schema\/logo\/image\/","url":"https:\/\/www.deutsche-glasfaser.de\/blog\/wp-content\/uploads\/2021\/08\/DGF_Logo_Basis_RGB-Large@2x.png","contentUrl":"https:\/\/www.deutsche-glasfaser.de\/blog\/wp-content\/uploads\/2021\/08\/DGF_Logo_Basis_RGB-Large@2x.png","width":312,"height":104,"caption":"Digitales B\u00fcrgernetz"},"image":{"@id":"https:\/\/www.deutsche-glasfaser.de\/blog\/#\/schema\/logo\/image\/"}},{"@type":"Person","@id":"https:\/\/www.deutsche-glasfaser.de\/blog\/#\/schema\/person\/9380a6dc7443d77143d0c66c409f574b","name":"Deutsche Glasfaser"}]}},"_links":{"self":[{"href":"https:\/\/www.deutsche-glasfaser.de\/blog\/wp-json\/wp\/v2\/posts\/10182","targetHints":{"allow":["GET"]}}],"collection":[{"href":"https:\/\/www.deutsche-glasfaser.de\/blog\/wp-json\/wp\/v2\/posts"}],"about":[{"href":"https:\/\/www.deutsche-glasfaser.de\/blog\/wp-json\/wp\/v2\/types\/post"}],"author":[{"embeddable":true,"href":"https:\/\/www.deutsche-glasfaser.de\/blog\/wp-json\/wp\/v2\/users\/5"}],"replies":[{"embeddable":true,"href":"https:\/\/www.deutsche-glasfaser.de\/blog\/wp-json\/wp\/v2\/comments?post=10182"}],"version-history":[{"count":21,"href":"https:\/\/www.deutsche-glasfaser.de\/blog\/wp-json\/wp\/v2\/posts\/10182\/revisions"}],"predecessor-version":[{"id":10207,"href":"https:\/\/www.deutsche-glasfaser.de\/blog\/wp-json\/wp\/v2\/posts\/10182\/revisions\/10207"}],"wp:featuredmedia":[{"embeddable":true,"href":"https:\/\/www.deutsche-glasfaser.de\/blog\/wp-json\/wp\/v2\/media\/10183"}],"wp:attachment":[{"href":"https:\/\/www.deutsche-glasfaser.de\/blog\/wp-json\/wp\/v2\/media?parent=10182"}],"wp:term":[{"taxonomy":"category","embeddable":true,"href":"https:\/\/www.deutsche-glasfaser.de\/blog\/wp-json\/wp\/v2\/categories?post=10182"},{"taxonomy":"post_tag","embeddable":true,"href":"https:\/\/www.deutsche-glasfaser.de\/blog\/wp-json\/wp\/v2\/tags?post=10182"}],"curies":[{"name":"wp","href":"https:\/\/api.w.org\/{rel}","templated":true}]}}