{"id":10167,"date":"2022-10-12T08:00:00","date_gmt":"2022-10-12T07:00:00","guid":{"rendered":"https:\/\/www.deutsche-glasfaser.de\/blog\/?p=10167"},"modified":"2025-12-11T11:45:02","modified_gmt":"2025-12-11T10:45:02","slug":"verkehrswende-innovative-konzepte-machen-mobil","status":"publish","type":"post","link":"https:\/\/www.deutsche-glasfaser.de\/blog\/verkehrswende-innovative-konzepte-machen-mobil\/","title":{"rendered":"Verkehrswende: Innovative Konzepte machen mobil"},"content":{"rendered":"\t\t<div data-elementor-type=\"wp-post\" data-elementor-id=\"10167\" class=\"elementor elementor-10167\">\n\t\t\t\t\t\t<section class=\"elementor-section elementor-top-section elementor-element elementor-element-5a3b56e elementor-section-boxed elementor-section-height-default elementor-section-height-default\" data-id=\"5a3b56e\" data-element_type=\"section\" data-e-type=\"section\">\n\t\t\t\t\t\t<div class=\"elementor-container elementor-column-gap-default\">\n\t\t\t\t\t<div class=\"elementor-column elementor-col-100 elementor-top-column elementor-element elementor-element-0eb7b16\" data-id=\"0eb7b16\" data-element_type=\"column\" data-e-type=\"column\">\n\t\t\t<div class=\"elementor-widget-wrap elementor-element-populated\">\n\t\t\t\t\t\t<div class=\"elementor-element elementor-element-bc5827d elementor-widget elementor-widget-text-editor\" data-id=\"bc5827d\" data-element_type=\"widget\" data-e-type=\"widget\" data-widget_type=\"text-editor.default\">\n\t\t\t\t<div class=\"elementor-widget-container\">\n\t\t\t\t\t\t\t\t\t<p>Wer in l\u00e4ndlichen Regionen von einem Ort zum anderen kommen will, nutzt meist das eigene Auto \u2013 besonders, weil das Netz der \u00f6ffentlichen Verkehrsmittel bei Weitem nicht so gut ausgebaut ist wie in gr\u00f6\u00dferen St\u00e4dten. Aber es geht auch anders: Viele kleine Gemeinden und Landkreise setzen auf intelligent vernetzte Gesamtverkehrskonzepte, um einen Beitrag zur Verkehrswende und somit auch zum Klimaschutz zu leisten.<\/p>\t\t\t\t\t\t\t\t<\/div>\n\t\t\t\t<\/div>\n\t\t\t\t<div class=\"elementor-element elementor-element-f588f07 elementor-widget elementor-widget-spacer\" data-id=\"f588f07\" data-element_type=\"widget\" data-e-type=\"widget\" data-widget_type=\"spacer.default\">\n\t\t\t\t<div class=\"elementor-widget-container\">\n\t\t\t\t\t\t\t<div class=\"elementor-spacer\">\n\t\t\t<div class=\"elementor-spacer-inner\"><\/div>\n\t\t<\/div>\n\t\t\t\t\t\t<\/div>\n\t\t\t\t<\/div>\n\t\t\t\t<div class=\"elementor-element elementor-element-9deecb0 elementor-widget elementor-widget-heading\" data-id=\"9deecb0\" data-element_type=\"widget\" data-e-type=\"widget\" data-widget_type=\"heading.default\">\n\t\t\t\t<div class=\"elementor-widget-container\">\n\t\t\t\t\t<h2 class=\"elementor-heading-title elementor-size-xl\">Mobilit\u00e4t im Alltag<\/h2>\t\t\t\t<\/div>\n\t\t\t\t<\/div>\n\t\t\t\t<div class=\"elementor-element elementor-element-c4ee214 elementor-widget elementor-widget-spacer\" data-id=\"c4ee214\" data-element_type=\"widget\" data-e-type=\"widget\" data-widget_type=\"spacer.default\">\n\t\t\t\t<div class=\"elementor-widget-container\">\n\t\t\t\t\t\t\t<div class=\"elementor-spacer\">\n\t\t\t<div class=\"elementor-spacer-inner\"><\/div>\n\t\t<\/div>\n\t\t\t\t\t\t<\/div>\n\t\t\t\t<\/div>\n\t\t\t\t<div class=\"elementor-element elementor-element-2f4492e elementor-widget elementor-widget-text-editor\" data-id=\"2f4492e\" data-element_type=\"widget\" data-e-type=\"widget\" data-widget_type=\"text-editor.default\">\n\t\t\t\t<div class=\"elementor-widget-container\">\n\t\t\t\t\t\t\t\t\t<p>In manchen l\u00e4ndlichen Regionen schaffen allt\u00e4gliche Fragen der Mobilit\u00e4t gro\u00dfe Probleme. Ohne ein gut ausgebautes Nahverkehrsangebot haben viele Menschen Schwierigkeiten, am \u00f6ffentlichen Leben teilzunehmen. Neue Superm\u00e4rkte entstehen vermehrt auf gr\u00fcnen Wiesen am Rande der St\u00e4dte. Ohne Auto ist das Einkaufen f\u00fcr den t\u00e4glichen Bedarf schwierig. Ob Volkshochschule oder Kino \u2013 sie sind oft nicht zu allen Tageszeiten mit dem Bus zu erreichen. Die Probleme l\u00e4ndlicher Mobilit\u00e4t sind in allen Regionen Deutschlands \u00e4hnlich. Es gibt zu wenige Verbindungen im \u00f6ffentlichen Verkehr. Das Angebot passt nicht zu den Fahrtw\u00fcnschen und -zeiten. Die Tarife sind zu un\u00fcbersichtlich.<\/p><p>Ein Kreislauf beginnt: Der \u00d6PNV verzeichnet nicht genug Nachfrage und Fahrg\u00e4ste. Das Angebot wird reduziert und damit immer unattraktiver, also fahren noch weniger Menschen mit Bus und Bahn. Auf dem Land nutzen fast alle Menschen zwischen 18 und 80 Jahren den Pkw, um mobil zu sein. Aber nicht jeder ist damit zufrieden. Das sind vor allem die, die das Auto noch nicht oder nicht mehr nutzen k\u00f6nnen.\u00a0 Umso wichtiger ist ein zukunftsgerichteter Ausbau des Verkehrs mit innovativen Mobilit\u00e4tskonzepten f\u00fcr St\u00e4dte und Kommunen.<\/p>\t\t\t\t\t\t\t\t<\/div>\n\t\t\t\t<\/div>\n\t\t\t\t<div class=\"elementor-element elementor-element-6e8a419 elementor-widget elementor-widget-spacer\" data-id=\"6e8a419\" data-element_type=\"widget\" data-e-type=\"widget\" data-widget_type=\"spacer.default\">\n\t\t\t\t<div class=\"elementor-widget-container\">\n\t\t\t\t\t\t\t<div class=\"elementor-spacer\">\n\t\t\t<div class=\"elementor-spacer-inner\"><\/div>\n\t\t<\/div>\n\t\t\t\t\t\t<\/div>\n\t\t\t\t<\/div>\n\t\t\t\t<div class=\"elementor-element elementor-element-3651f1e elementor-widget elementor-widget-heading\" data-id=\"3651f1e\" data-element_type=\"widget\" data-e-type=\"widget\" data-widget_type=\"heading.default\">\n\t\t\t\t<div class=\"elementor-widget-container\">\n\t\t\t\t\t<h2 class=\"elementor-heading-title elementor-size-xl\">Kluge L\u00f6sungen f\u00fcr das Land sind gefragt<\/h2>\t\t\t\t<\/div>\n\t\t\t\t<\/div>\n\t\t\t\t<div class=\"elementor-element elementor-element-f9c6f40 elementor-widget elementor-widget-spacer\" data-id=\"f9c6f40\" data-element_type=\"widget\" data-e-type=\"widget\" data-widget_type=\"spacer.default\">\n\t\t\t\t<div class=\"elementor-widget-container\">\n\t\t\t\t\t\t\t<div class=\"elementor-spacer\">\n\t\t\t<div class=\"elementor-spacer-inner\"><\/div>\n\t\t<\/div>\n\t\t\t\t\t\t<\/div>\n\t\t\t\t<\/div>\n\t\t\t\t<div class=\"elementor-element elementor-element-ac488ee elementor-widget elementor-widget-text-editor\" data-id=\"ac488ee\" data-element_type=\"widget\" data-e-type=\"widget\" data-widget_type=\"text-editor.default\">\n\t\t\t\t<div class=\"elementor-widget-container\">\n\t\t\t\t\t\t\t\t\t<p>Nicht nur der Arztbesuch, auch Sport, Kultur oder Einkauf geh\u00f6ren zum Alltagsleben und m\u00fcssen f\u00fcr die Bewohner l\u00e4ndlicher Regionen erreichbar sein \u2013 auch ohne fahrbaren Untersatz. Das hat auch die Politik erkannt und entsprechende Ma\u00dfnahmen eingeleitet. Das Bundesministerium f\u00fcr Ern\u00e4hrung und Landwirtschaft (BMEL) hat ein Bundesprogramm \u201eL\u00e4ndliche Entwicklung\u201c (BULE) aufgelegt, das Projekte f\u00f6rdert, die innovativen und zukunftssicheren Verkehr in den Fokus r\u00fccken.<\/p><p>Ein Teil davon ist \u201eLandMobil \u2013 unterwegs in l\u00e4ndlichen R\u00e4umen\u201c. Hier geht es um Erfahrungen f\u00fcr die Praxis. 41 gerade gestartete Modellvorhaben sollen die Mobilit\u00e4t der Menschen auf dem Land in Zukunft verbessern. Noch bis zum Jahr 2023 testen sie verschiedene Ideen und Konzepte, um einen Fahrplan f\u00fcr die Verkehrswende zu entwickeln.<\/p><p>Es geht etwa um Mitfahrgelegenheiten, das sogenannte Ridesharing. Erprobt werden aber auch flexible Rufbusse oder Vernetzung von Auto mit Bus und Schiene. Die Ergebnisse k\u00f6nnen andere Gemeinden anregen, eigene L\u00f6sungen f\u00fcr ihre B\u00fcrger zu entwickeln.<\/p><p>Wenn schon mit dem Auto pendeln, muss dann wirklich jeder seinen eigenen Pkw benutzen? Das geht doch auch anders. Das hat sich eines der 41 Projekte bei LandMobil auf die Fahnen geschrieben.<\/p><p>Zum Beispiel nehmen viele Menschen aus eher l\u00e4ndlichen Gegenden in Mecklenburg-Vorpommern lange Anfahrtswege \u00fcber die Landesgrenze in Kauf, um zu ihrem Arbeitsplatz zu kommen. Ein Pendlerparkplatz an der Bundesautobahn 24 im Landkreis Ludwigslust-Parchim dient oft als Zwischenstopp. Aus dem Parkplatz wird nun ein Mobilit\u00e4tszentrum auf dem Land. Dazu gibt es dort eine Lade- und Mietstation f\u00fcr Elektrofahrzeuge. Eine Mobilit\u00e4tsapp zeigt den Bewohnern des Landkreises \u00fcberregionale Mitfahrgelegenheiten von hier aus auf. Drei Menschen haben ein gemeinsames Ziel? Eine Mitfahrstation in alle vier Himmelsrichtungen erm\u00f6glicht es, sich zusammenzutun und gemeinsam zu starten \u2013 das spart Spritgeld und leistet einen Beitrag zum Klimaschutz.<\/p>\t\t\t\t\t\t\t\t<\/div>\n\t\t\t\t<\/div>\n\t\t\t\t<div class=\"elementor-element elementor-element-d013334 elementor-widget elementor-widget-spacer\" data-id=\"d013334\" data-element_type=\"widget\" data-e-type=\"widget\" data-widget_type=\"spacer.default\">\n\t\t\t\t<div class=\"elementor-widget-container\">\n\t\t\t\t\t\t\t<div class=\"elementor-spacer\">\n\t\t\t<div class=\"elementor-spacer-inner\"><\/div>\n\t\t<\/div>\n\t\t\t\t\t\t<\/div>\n\t\t\t\t<\/div>\n\t\t\t\t<div class=\"elementor-element elementor-element-4232aaa elementor-widget elementor-widget-heading\" data-id=\"4232aaa\" data-element_type=\"widget\" data-e-type=\"widget\" data-widget_type=\"heading.default\">\n\t\t\t\t<div class=\"elementor-widget-container\">\n\t\t\t\t\t<h2 class=\"elementor-heading-title elementor-size-xl\">Projekte zugunsten der Verkehrswende \u2013 von Mitfahrb\u00e4nken bis Nachbarschaftsauto <\/h2>\t\t\t\t<\/div>\n\t\t\t\t<\/div>\n\t\t\t\t<div class=\"elementor-element elementor-element-f2f23d8 elementor-widget elementor-widget-spacer\" data-id=\"f2f23d8\" data-element_type=\"widget\" data-e-type=\"widget\" data-widget_type=\"spacer.default\">\n\t\t\t\t<div class=\"elementor-widget-container\">\n\t\t\t\t\t\t\t<div class=\"elementor-spacer\">\n\t\t\t<div class=\"elementor-spacer-inner\"><\/div>\n\t\t<\/div>\n\t\t\t\t\t\t<\/div>\n\t\t\t\t<\/div>\n\t\t\t\t<div class=\"elementor-element elementor-element-bf7bd3c elementor-widget elementor-widget-text-editor\" data-id=\"bf7bd3c\" data-element_type=\"widget\" data-e-type=\"widget\" data-widget_type=\"text-editor.default\">\n\t\t\t\t<div class=\"elementor-widget-container\">\n\t\t\t\t\t\t\t\t\t<p>B\u00fcrgernahe Verkehrs- und Mobilit\u00e4tsangebote sind wichtig, um l\u00e4ndliche R\u00e4ume und ihre Gemeinden f\u00fcr Menschen und Unternehmen attraktiv zu gestalten. Ideen, die das Land mobil machen, gibt es schon viele. Sie setzen auf Tugenden, die hier noch immer stark vertreten sind, etwa Gemeinsinn und Hilfsbereitschaft. Ein Beispiel daf\u00fcr sind besonders gekennzeichnete Mitfahrb\u00e4nke, auf der Menschen sitzen und von anderen mitgenommen werden k\u00f6nnen.<\/p><p>Eine andere Idee nennt sich Nachbarschaftsauto. Bei dieser besonderen Form des Carsharings geht es um den privaten Verleih von Fahrzeugen unter Nachbarn. Wer ein Auto besitzt, aber gerade nicht benutzt, kann es gegen eine Geb\u00fchr verleihen. All das funktioniert rasch, einfach und bequem \u00fcber eine webbasierte Anwendung, die die Menschen zusammenbringt.<\/p><p>Doch diese t\u00e4tige Nachbarschaftshilfe reicht oft nicht aus. Gefragt sind leicht zu bedienende Informations- und Buchungsangebote f\u00fcr alle Altersstufen und alle Verkehrsmittel.<\/p><p>Hier kommt die Digitalisierung ins Spiel. Sie bietet neue Chancen, verschiedene Verkehrsmittel intelligent zu kombinieren. Nur eine schnelle, bequeme Fahrtplanung und ein passgenaues Angebot l\u00f6sen die individuellen Mobilit\u00e4tsprobleme der Bewohner. Das macht umso deutlicher, wie wichtig der fl\u00e4chendeckende Ausbau des Breitbandnetzes mit Glasfaser auch auf dem Land ist. Denn ohne schellen Zugang zum Internet und ein komfortables Auskunftsmedium geht, besser gesagt \u201ef\u00e4hrt\u201c nichts.<\/p>\t\t\t\t\t\t\t\t<\/div>\n\t\t\t\t<\/div>\n\t\t\t\t<div class=\"elementor-element elementor-element-c7c1cd2 elementor-widget elementor-widget-spacer\" data-id=\"c7c1cd2\" data-element_type=\"widget\" data-e-type=\"widget\" data-widget_type=\"spacer.default\">\n\t\t\t\t<div class=\"elementor-widget-container\">\n\t\t\t\t\t\t\t<div class=\"elementor-spacer\">\n\t\t\t<div class=\"elementor-spacer-inner\"><\/div>\n\t\t<\/div>\n\t\t\t\t\t\t<\/div>\n\t\t\t\t<\/div>\n\t\t\t\t<div class=\"elementor-element elementor-element-675c7df elementor-widget elementor-widget-image\" data-id=\"675c7df\" data-element_type=\"widget\" data-e-type=\"widget\" data-widget_type=\"image.default\">\n\t\t\t\t<div class=\"elementor-widget-container\">\n\t\t\t\t\t\t\t\t\t\t\t\t\t\t\t<img fetchpriority=\"high\" decoding=\"async\" width=\"768\" height=\"512\" src=\"https:\/\/www.deutsche-glasfaser.de\/blog\/wp-content\/uploads\/2022\/07\/bild_verkehrswende_2-768x512.jpg\" class=\"attachment-medium_large size-medium_large wp-image-10170\" alt=\"\" srcset=\"https:\/\/www.deutsche-glasfaser.de\/blog\/wp-content\/uploads\/2022\/07\/bild_verkehrswende_2-768x512.jpg 768w, https:\/\/www.deutsche-glasfaser.de\/blog\/wp-content\/uploads\/2022\/07\/bild_verkehrswende_2-300x200.jpg 300w, https:\/\/www.deutsche-glasfaser.de\/blog\/wp-content\/uploads\/2022\/07\/bild_verkehrswende_2.jpg 800w\" sizes=\"(max-width: 768px) 100vw, 768px\" \/>\t\t\t\t\t\t\t\t\t\t\t\t\t\t\t<\/div>\n\t\t\t\t<\/div>\n\t\t\t\t<div class=\"elementor-element elementor-element-3071205 elementor-widget elementor-widget-spacer\" data-id=\"3071205\" data-element_type=\"widget\" data-e-type=\"widget\" data-widget_type=\"spacer.default\">\n\t\t\t\t<div class=\"elementor-widget-container\">\n\t\t\t\t\t\t\t<div class=\"elementor-spacer\">\n\t\t\t<div class=\"elementor-spacer-inner\"><\/div>\n\t\t<\/div>\n\t\t\t\t\t\t<\/div>\n\t\t\t\t<\/div>\n\t\t\t\t<div class=\"elementor-element elementor-element-dc5e4f7 elementor-widget elementor-widget-heading\" data-id=\"dc5e4f7\" data-element_type=\"widget\" data-e-type=\"widget\" data-widget_type=\"heading.default\">\n\t\t\t\t<div class=\"elementor-widget-container\">\n\t\t\t\t\t<h2 class=\"elementor-heading-title elementor-size-xl\">Garantiert mobile Vielfalt von Bahn bis B\u00fcrgerbus<\/h2>\t\t\t\t<\/div>\n\t\t\t\t<\/div>\n\t\t\t\t<div class=\"elementor-element elementor-element-058b540 elementor-widget elementor-widget-spacer\" data-id=\"058b540\" data-element_type=\"widget\" data-e-type=\"widget\" data-widget_type=\"spacer.default\">\n\t\t\t\t<div class=\"elementor-widget-container\">\n\t\t\t\t\t\t\t<div class=\"elementor-spacer\">\n\t\t\t<div class=\"elementor-spacer-inner\"><\/div>\n\t\t<\/div>\n\t\t\t\t\t\t<\/div>\n\t\t\t\t<\/div>\n\t\t\t\t<div class=\"elementor-element elementor-element-a7d83a0 elementor-widget elementor-widget-text-editor\" data-id=\"a7d83a0\" data-element_type=\"widget\" data-e-type=\"widget\" data-widget_type=\"text-editor.default\">\n\t\t\t\t<div class=\"elementor-widget-container\">\n\t\t\t\t\t\t\t\t\t<p>Zwei Projekte, \u201eMobilfalt\u201c und \u201eGarantiert mobil!\u201c tragen ihre Mission im Namen. Auch sie setzen auf digitale und leicht zu bedienende Anwendungen, um die Verkehrswende voranzutreiben. \u201eMobilfalt\u201c, ein Angebot des Nordhessischen VerkehrsVerbundes (NVV) ist der Versuch, ein Ridesharing-System in den \u00d6PNV zu integrieren.<\/p><p>In sechs Gemeinden im Werra-Mei\u00dfner-Kreis k\u00f6nnen privat fahrende Menschen Fahrtw\u00fcnsche von anderen B\u00fcrgern annehmen. Auf ausgew\u00e4hlten \u00d6PNV-Strecken bringen sie ihre Nachbarn ans gew\u00fcnschte Ziel. Daf\u00fcr bekommt der Fahrer eine Verg\u00fctung und der Fahrgast zahlt eine geringe Pauschale. Nette Kontakte sind dabei inklusive. Findet sich kein Fahrer, werden die Fahrten von einem Taxi auf Kosten des NVV durchgef\u00fchrt. Treffpunkte sind immer die Haltestellen des \u00d6PNV. M\u00f6glich macht das alles ein neues webbasiertes Buchungssystem. Es ist mit der regul\u00e4ren Fahrplanauskunft verbunden und nennt den Gesamtpreis f\u00fcr die Fahrt.<\/p><p>Garantiert mobil! will die Bewohner des Odenwaldkreises n\u00e4her zusammenbringen. Es zeigt beispielhaft, wie moderne Verkehrskonzepte und -ma\u00dfnahmen in Regionen au\u00dferhalb der Stadt aussehen k\u00f6nnen \u2013 dank digitaler Vernetzung. Das Ziel ist es, das \u00d6PNV-Angebot zwischen den Ortschaften und den jeweiligen Zentren des Kreises zu verbessern. \u201eInformieren, buchen, bezahlen\u201c. So ist kurz und knapp das Buchungssystem beschrieben, das als Web-Anwendung oder App angeboten wird.<\/p><p>Im Hintergrund steht die Verbindungssuche des Rhein-Main-Verkehrsverbundes (RMV). Sie liefert dem Fahrgast alle Informationen, die er braucht. Lange Suche und m\u00fchsame \u00dcberlegung, wie sich welche Verkehrsmittel kombinieren lassen, haben damit ein Ende.<\/p><p>Einmal registriert, meldet sich der Fahrgast immer wieder schnell an und gibt seinen Fahrtwunsch ein. Dann bekommt er ein \u00d6PNV-Angebot zu Regel- oder Rufbus. Angezeigt werden aber auch Mitnahmefahrten, die private oder gewerbliche Anbieter im Buchungsportal hinterlegt haben. Und vor allem: Vom ersten bis zum letzten Kilometer gilt f\u00fcr alle Bef\u00f6rderungsmittel der gleiche Fahrpreis, egal ob Bus, Bahn oder Mitnahmeangebot.<\/p>\t\t\t\t\t\t\t\t<\/div>\n\t\t\t\t<\/div>\n\t\t\t\t<div class=\"elementor-element elementor-element-da58375 elementor-widget elementor-widget-spacer\" data-id=\"da58375\" data-element_type=\"widget\" data-e-type=\"widget\" data-widget_type=\"spacer.default\">\n\t\t\t\t<div class=\"elementor-widget-container\">\n\t\t\t\t\t\t\t<div class=\"elementor-spacer\">\n\t\t\t<div class=\"elementor-spacer-inner\"><\/div>\n\t\t<\/div>\n\t\t\t\t\t\t<\/div>\n\t\t\t\t<\/div>\n\t\t\t\t<div class=\"elementor-element elementor-element-08959d0 elementor-widget elementor-widget-heading\" data-id=\"08959d0\" data-element_type=\"widget\" data-e-type=\"widget\" data-widget_type=\"heading.default\">\n\t\t\t\t<div class=\"elementor-widget-container\">\n\t\t\t\t\t<h2 class=\"elementor-heading-title elementor-size-xl\">Autonomes Fahren \u2013 bald nicht nur Zukunft, sondern Realit\u00e4t?<\/h2>\t\t\t\t<\/div>\n\t\t\t\t<\/div>\n\t\t\t\t<div class=\"elementor-element elementor-element-ab1940b elementor-widget elementor-widget-spacer\" data-id=\"ab1940b\" data-element_type=\"widget\" data-e-type=\"widget\" data-widget_type=\"spacer.default\">\n\t\t\t\t<div class=\"elementor-widget-container\">\n\t\t\t\t\t\t\t<div class=\"elementor-spacer\">\n\t\t\t<div class=\"elementor-spacer-inner\"><\/div>\n\t\t<\/div>\n\t\t\t\t\t\t<\/div>\n\t\t\t\t<\/div>\n\t\t\t\t<div class=\"elementor-element elementor-element-bf5309d elementor-widget elementor-widget-text-editor\" data-id=\"bf5309d\" data-element_type=\"widget\" data-e-type=\"widget\" data-widget_type=\"text-editor.default\">\n\t\t\t\t<div class=\"elementor-widget-container\">\n\t\t\t\t\t\t\t\t\t<p>\u00dcber selbst lenkende fahrbare Unters\u00e4tze wird schon seit Jahren diskutiert und viel geforscht. Noch war das meist Zukunftsmusik. Monheim, eine Stadt im Rheinland, macht vor, wie es heute schon geht. Und was hier funktioniert, k\u00f6nnte auch f\u00fcr Landbewohner attraktiv sein.<\/p><p>Ein autonom fahrender Kleinbus bringt in Monheim die B\u00fcrger alle 15 Minuten vom Busbahnhof zur Altstadt. Der Bus ist ein behindertengerechtes E-Mobil und hat f\u00fcr Notf\u00e4lle einen menschlichen Operator. Der Vorteil ist, dass er auf Strecken unterwegs sein kann, die f\u00fcr Linienbusse nicht befahrbar oder nicht rentabel sind.<\/p><p>Solche autonom fahrenden Kleinbusse k\u00f6nnten regelm\u00e4\u00dfig auch abgelegene Ortsteile auf dem Land ansteuern und als Zubringer zum \u00d6PNV innerhalb der Kommune oder der n\u00e4chsten Stadt dienen. Diese Angebote, die auf die Unterst\u00fctzung durch k\u00fcnstliche Intelligenz in Echtzeit angewiesen sind, erzeugen riesige Datenmengen, die blitzschnell verarbeitet werden m\u00fcssen. Ohne eine leistungsf\u00e4hige digitale Infrastruktur ist das nicht zu schaffen. Ein Beispiel mehr daf\u00fcr, wie wichtig Digitalisierung f\u00fcr l\u00e4ndliche Regionen ist.<\/p>\t\t\t\t\t\t\t\t<\/div>\n\t\t\t\t<\/div>\n\t\t\t\t<div class=\"elementor-element elementor-element-7d9e215 elementor-widget elementor-widget-spacer\" data-id=\"7d9e215\" data-element_type=\"widget\" data-e-type=\"widget\" data-widget_type=\"spacer.default\">\n\t\t\t\t<div class=\"elementor-widget-container\">\n\t\t\t\t\t\t\t<div class=\"elementor-spacer\">\n\t\t\t<div class=\"elementor-spacer-inner\"><\/div>\n\t\t<\/div>\n\t\t\t\t\t\t<\/div>\n\t\t\t\t<\/div>\n\t\t\t\t<div class=\"elementor-element elementor-element-6a889b9 elementor-widget elementor-widget-image\" data-id=\"6a889b9\" data-element_type=\"widget\" data-e-type=\"widget\" data-widget_type=\"image.default\">\n\t\t\t\t<div class=\"elementor-widget-container\">\n\t\t\t\t\t\t\t\t\t\t\t\t\t\t\t<img decoding=\"async\" width=\"768\" height=\"512\" src=\"https:\/\/www.deutsche-glasfaser.de\/blog\/wp-content\/uploads\/2022\/07\/bild_verkehrswende-768x512.jpg\" class=\"attachment-medium_large size-medium_large wp-image-10169\" alt=\"\" srcset=\"https:\/\/www.deutsche-glasfaser.de\/blog\/wp-content\/uploads\/2022\/07\/bild_verkehrswende-768x512.jpg 768w, https:\/\/www.deutsche-glasfaser.de\/blog\/wp-content\/uploads\/2022\/07\/bild_verkehrswende-300x200.jpg 300w, https:\/\/www.deutsche-glasfaser.de\/blog\/wp-content\/uploads\/2022\/07\/bild_verkehrswende.jpg 800w\" sizes=\"(max-width: 768px) 100vw, 768px\" \/>\t\t\t\t\t\t\t\t\t\t\t\t\t\t\t<\/div>\n\t\t\t\t<\/div>\n\t\t\t\t<div class=\"elementor-element elementor-element-f77f19e elementor-widget elementor-widget-spacer\" data-id=\"f77f19e\" data-element_type=\"widget\" data-e-type=\"widget\" data-widget_type=\"spacer.default\">\n\t\t\t\t<div class=\"elementor-widget-container\">\n\t\t\t\t\t\t\t<div class=\"elementor-spacer\">\n\t\t\t<div class=\"elementor-spacer-inner\"><\/div>\n\t\t<\/div>\n\t\t\t\t\t\t<\/div>\n\t\t\t\t<\/div>\n\t\t\t\t<div class=\"elementor-element elementor-element-86b4d0c elementor-widget elementor-widget-heading\" data-id=\"86b4d0c\" data-element_type=\"widget\" data-e-type=\"widget\" data-widget_type=\"heading.default\">\n\t\t\t\t<div class=\"elementor-widget-container\">\n\t\t\t\t\t<h2 class=\"elementor-heading-title elementor-size-xl\">Zeit f\u00fcr die Verkehrswende<\/h2>\t\t\t\t<\/div>\n\t\t\t\t<\/div>\n\t\t\t\t<div class=\"elementor-element elementor-element-507e1bb elementor-widget elementor-widget-spacer\" data-id=\"507e1bb\" data-element_type=\"widget\" data-e-type=\"widget\" data-widget_type=\"spacer.default\">\n\t\t\t\t<div class=\"elementor-widget-container\">\n\t\t\t\t\t\t\t<div class=\"elementor-spacer\">\n\t\t\t<div class=\"elementor-spacer-inner\"><\/div>\n\t\t<\/div>\n\t\t\t\t\t\t<\/div>\n\t\t\t\t<\/div>\n\t\t\t\t<div class=\"elementor-element elementor-element-df512c6 elementor-widget elementor-widget-text-editor\" data-id=\"df512c6\" data-element_type=\"widget\" data-e-type=\"widget\" data-widget_type=\"text-editor.default\">\n\t\t\t\t<div class=\"elementor-widget-container\">\n\t\t\t\t\t\t\t\t\t<p>Alle diese Projekte zeigen: Es gibt neue, intelligente L\u00f6sungen f\u00fcr die Menschen auf dem Land, die mehr und anders mobil sein wollen. Die Ideen zur Verkehrswende sind da und mit einem entsprechenden Zugang zur Datenautobahn k\u00f6nnen die echten Schnellstra\u00dfen wirkungsvoll entlastet werden. Mehr als das: Menschen in allen Altersgruppen k\u00f6nnen komfortabel, sicher und zuverl\u00e4ssig unterwegs sein.<\/p>\t\t\t\t\t\t\t\t<\/div>\n\t\t\t\t<\/div>\n\t\t\t\t\t<\/div>\n\t\t<\/div>\n\t\t\t\t\t<\/div>\n\t\t<\/section>\n\t\t\t\t<\/div>\n\t\t","protected":false},"excerpt":{"rendered":"<p>Wer in l\u00e4ndlichen Regionen von einem Ort zum anderen kommen will, nutzt meist das eigene Auto \u2013 besonders, weil das Netz der \u00f6ffentlichen Verkehrsmittel bei Weitem nicht so gut ausgebaut ist wie in gr\u00f6\u00dferen St\u00e4dten. Aber es geht auch anders: Viele kleine Gemeinden und Landkreise setzen auf intelligent vernetzte Gesamtverkehrskonzepte, um einen Beitrag zur Verkehrswende und somit auch zum Klimaschutz zu leisten. <\/p>\n","protected":false},"author":5,"featured_media":10168,"comment_status":"open","ping_status":"open","sticky":false,"template":"","format":"standard","meta":{"footnotes":""},"categories":[1],"tags":[],"class_list":["post-10167","post","type-post","status-publish","format-standard","has-post-thumbnail","hentry","category-service"],"yoast_head":"<!-- This site is optimized with the Yoast SEO plugin v27.5 - https:\/\/yoast.com\/product\/yoast-seo-wordpress\/ -->\n<title>Verkehrswende: Mobilit\u00e4tskonzepte f\u00fcr l\u00e4ndliche Regionen<\/title>\n<meta name=\"description\" content=\"Zeit f\u00fcr die Verkehrswende: Wir stellen innovative Mobilit\u00e4tskonzepte f\u00fcr l\u00e4ndliche Regionen vor. Erfahren Sie hier mehr.\" \/>\n<meta name=\"robots\" content=\"index, follow, max-snippet:-1, max-image-preview:large, max-video-preview:-1\" \/>\n<link rel=\"canonical\" href=\"https:\/\/www.deutsche-glasfaser.de\/blog\/verkehrswende-innovative-konzepte-machen-mobil\/\" \/>\n<meta property=\"og:locale\" content=\"de_DE\" \/>\n<meta property=\"og:type\" content=\"article\" \/>\n<meta property=\"og:title\" content=\"Verkehrswende: Mobilit\u00e4tskonzepte f\u00fcr l\u00e4ndliche Regionen\" \/>\n<meta property=\"og:description\" content=\"Zeit f\u00fcr die Verkehrswende: Wir stellen innovative Mobilit\u00e4tskonzepte f\u00fcr l\u00e4ndliche Regionen vor. Erfahren Sie hier mehr.\" \/>\n<meta property=\"og:url\" content=\"https:\/\/www.deutsche-glasfaser.de\/blog\/verkehrswende-innovative-konzepte-machen-mobil\/\" \/>\n<meta property=\"og:site_name\" content=\"Digitales B\u00fcrgernetz\" \/>\n<meta property=\"article:published_time\" content=\"2022-10-12T07:00:00+00:00\" \/>\n<meta property=\"article:modified_time\" content=\"2025-12-11T10:45:02+00:00\" \/>\n<meta property=\"og:image\" content=\"https:\/\/www.deutsche-glasfaser.de\/blog\/wp-content\/uploads\/2022\/07\/header_verkehrswende.jpg\" \/>\n\t<meta property=\"og:image:width\" content=\"1500\" \/>\n\t<meta property=\"og:image:height\" content=\"705\" \/>\n\t<meta property=\"og:image:type\" content=\"image\/jpeg\" \/>\n<meta name=\"author\" content=\"Deutsche Glasfaser\" \/>\n<meta name=\"twitter:card\" content=\"summary_large_image\" \/>\n<meta name=\"twitter:label1\" content=\"Verfasst von\" \/>\n\t<meta name=\"twitter:data1\" content=\"Deutsche Glasfaser\" \/>\n\t<meta name=\"twitter:label2\" content=\"Gesch\u00e4tzte Lesezeit\" \/>\n\t<meta name=\"twitter:data2\" content=\"8\u00a0Minuten\" \/>\n<script type=\"application\/ld+json\" class=\"yoast-schema-graph\">{\"@context\":\"https:\\\/\\\/schema.org\",\"@graph\":[{\"@type\":\"Article\",\"@id\":\"https:\\\/\\\/www.deutsche-glasfaser.de\\\/blog\\\/verkehrswende-innovative-konzepte-machen-mobil\\\/#article\",\"isPartOf\":{\"@id\":\"https:\\\/\\\/www.deutsche-glasfaser.de\\\/blog\\\/verkehrswende-innovative-konzepte-machen-mobil\\\/\"},\"author\":{\"name\":\"Deutsche Glasfaser\",\"@id\":\"https:\\\/\\\/www.deutsche-glasfaser.de\\\/blog\\\/#\\\/schema\\\/person\\\/9380a6dc7443d77143d0c66c409f574b\"},\"headline\":\"Verkehrswende: Innovative Konzepte machen mobil\",\"datePublished\":\"2022-10-12T07:00:00+00:00\",\"dateModified\":\"2025-12-11T10:45:02+00:00\",\"mainEntityOfPage\":{\"@id\":\"https:\\\/\\\/www.deutsche-glasfaser.de\\\/blog\\\/verkehrswende-innovative-konzepte-machen-mobil\\\/\"},\"wordCount\":1350,\"commentCount\":0,\"publisher\":{\"@id\":\"https:\\\/\\\/www.deutsche-glasfaser.de\\\/blog\\\/#organization\"},\"image\":{\"@id\":\"https:\\\/\\\/www.deutsche-glasfaser.de\\\/blog\\\/verkehrswende-innovative-konzepte-machen-mobil\\\/#primaryimage\"},\"thumbnailUrl\":\"https:\\\/\\\/www.deutsche-glasfaser.de\\\/blog\\\/wp-content\\\/uploads\\\/2022\\\/07\\\/header_verkehrswende.jpg\",\"articleSection\":[\"Service\"],\"inLanguage\":\"de\",\"potentialAction\":[{\"@type\":\"CommentAction\",\"name\":\"Comment\",\"target\":[\"https:\\\/\\\/www.deutsche-glasfaser.de\\\/blog\\\/verkehrswende-innovative-konzepte-machen-mobil\\\/#respond\"]}]},{\"@type\":\"WebPage\",\"@id\":\"https:\\\/\\\/www.deutsche-glasfaser.de\\\/blog\\\/verkehrswende-innovative-konzepte-machen-mobil\\\/\",\"url\":\"https:\\\/\\\/www.deutsche-glasfaser.de\\\/blog\\\/verkehrswende-innovative-konzepte-machen-mobil\\\/\",\"name\":\"Verkehrswende: Mobilit\u00e4tskonzepte f\u00fcr l\u00e4ndliche Regionen\",\"isPartOf\":{\"@id\":\"https:\\\/\\\/www.deutsche-glasfaser.de\\\/blog\\\/#website\"},\"primaryImageOfPage\":{\"@id\":\"https:\\\/\\\/www.deutsche-glasfaser.de\\\/blog\\\/verkehrswende-innovative-konzepte-machen-mobil\\\/#primaryimage\"},\"image\":{\"@id\":\"https:\\\/\\\/www.deutsche-glasfaser.de\\\/blog\\\/verkehrswende-innovative-konzepte-machen-mobil\\\/#primaryimage\"},\"thumbnailUrl\":\"https:\\\/\\\/www.deutsche-glasfaser.de\\\/blog\\\/wp-content\\\/uploads\\\/2022\\\/07\\\/header_verkehrswende.jpg\",\"datePublished\":\"2022-10-12T07:00:00+00:00\",\"dateModified\":\"2025-12-11T10:45:02+00:00\",\"description\":\"Zeit f\u00fcr die Verkehrswende: Wir stellen innovative Mobilit\u00e4tskonzepte f\u00fcr l\u00e4ndliche Regionen vor. Erfahren Sie hier mehr.\",\"inLanguage\":\"de\",\"potentialAction\":[{\"@type\":\"ReadAction\",\"target\":[\"https:\\\/\\\/www.deutsche-glasfaser.de\\\/blog\\\/verkehrswende-innovative-konzepte-machen-mobil\\\/\"]}]},{\"@type\":\"ImageObject\",\"inLanguage\":\"de\",\"@id\":\"https:\\\/\\\/www.deutsche-glasfaser.de\\\/blog\\\/verkehrswende-innovative-konzepte-machen-mobil\\\/#primaryimage\",\"url\":\"https:\\\/\\\/www.deutsche-glasfaser.de\\\/blog\\\/wp-content\\\/uploads\\\/2022\\\/07\\\/header_verkehrswende.jpg\",\"contentUrl\":\"https:\\\/\\\/www.deutsche-glasfaser.de\\\/blog\\\/wp-content\\\/uploads\\\/2022\\\/07\\\/header_verkehrswende.jpg\",\"width\":1500,\"height\":705},{\"@type\":\"WebSite\",\"@id\":\"https:\\\/\\\/www.deutsche-glasfaser.de\\\/blog\\\/#website\",\"url\":\"https:\\\/\\\/www.deutsche-glasfaser.de\\\/blog\\\/\",\"name\":\"Digitales B\u00fcrgernetz\",\"description\":\"Deutsche Glasfaser Blog\",\"publisher\":{\"@id\":\"https:\\\/\\\/www.deutsche-glasfaser.de\\\/blog\\\/#organization\"},\"potentialAction\":[{\"@type\":\"SearchAction\",\"target\":{\"@type\":\"EntryPoint\",\"urlTemplate\":\"https:\\\/\\\/www.deutsche-glasfaser.de\\\/blog\\\/?s={search_term_string}\"},\"query-input\":{\"@type\":\"PropertyValueSpecification\",\"valueRequired\":true,\"valueName\":\"search_term_string\"}}],\"inLanguage\":\"de\"},{\"@type\":\"Organization\",\"@id\":\"https:\\\/\\\/www.deutsche-glasfaser.de\\\/blog\\\/#organization\",\"name\":\"Digitales B\u00fcrgernetz\",\"url\":\"https:\\\/\\\/www.deutsche-glasfaser.de\\\/blog\\\/\",\"logo\":{\"@type\":\"ImageObject\",\"inLanguage\":\"de\",\"@id\":\"https:\\\/\\\/www.deutsche-glasfaser.de\\\/blog\\\/#\\\/schema\\\/logo\\\/image\\\/\",\"url\":\"https:\\\/\\\/www.deutsche-glasfaser.de\\\/blog\\\/wp-content\\\/uploads\\\/2021\\\/08\\\/DGF_Logo_Basis_RGB-Large@2x.png\",\"contentUrl\":\"https:\\\/\\\/www.deutsche-glasfaser.de\\\/blog\\\/wp-content\\\/uploads\\\/2021\\\/08\\\/DGF_Logo_Basis_RGB-Large@2x.png\",\"width\":312,\"height\":104,\"caption\":\"Digitales B\u00fcrgernetz\"},\"image\":{\"@id\":\"https:\\\/\\\/www.deutsche-glasfaser.de\\\/blog\\\/#\\\/schema\\\/logo\\\/image\\\/\"}},{\"@type\":\"Person\",\"@id\":\"https:\\\/\\\/www.deutsche-glasfaser.de\\\/blog\\\/#\\\/schema\\\/person\\\/9380a6dc7443d77143d0c66c409f574b\",\"name\":\"Deutsche Glasfaser\"}]}<\/script>\n<!-- \/ Yoast SEO plugin. -->","yoast_head_json":{"title":"Verkehrswende: Mobilit\u00e4tskonzepte f\u00fcr l\u00e4ndliche Regionen","description":"Zeit f\u00fcr die Verkehrswende: Wir stellen innovative Mobilit\u00e4tskonzepte f\u00fcr l\u00e4ndliche Regionen vor. Erfahren Sie hier mehr.","robots":{"index":"index","follow":"follow","max-snippet":"max-snippet:-1","max-image-preview":"max-image-preview:large","max-video-preview":"max-video-preview:-1"},"canonical":"https:\/\/www.deutsche-glasfaser.de\/blog\/verkehrswende-innovative-konzepte-machen-mobil\/","og_locale":"de_DE","og_type":"article","og_title":"Verkehrswende: Mobilit\u00e4tskonzepte f\u00fcr l\u00e4ndliche Regionen","og_description":"Zeit f\u00fcr die Verkehrswende: Wir stellen innovative Mobilit\u00e4tskonzepte f\u00fcr l\u00e4ndliche Regionen vor. Erfahren Sie hier mehr.","og_url":"https:\/\/www.deutsche-glasfaser.de\/blog\/verkehrswende-innovative-konzepte-machen-mobil\/","og_site_name":"Digitales B\u00fcrgernetz","article_published_time":"2022-10-12T07:00:00+00:00","article_modified_time":"2025-12-11T10:45:02+00:00","og_image":[{"width":1500,"height":705,"url":"https:\/\/www.deutsche-glasfaser.de\/blog\/wp-content\/uploads\/2022\/07\/header_verkehrswende.jpg","type":"image\/jpeg"}],"author":"Deutsche Glasfaser","twitter_card":"summary_large_image","twitter_misc":{"Verfasst von":"Deutsche Glasfaser","Gesch\u00e4tzte Lesezeit":"8\u00a0Minuten"},"schema":{"@context":"https:\/\/schema.org","@graph":[{"@type":"Article","@id":"https:\/\/www.deutsche-glasfaser.de\/blog\/verkehrswende-innovative-konzepte-machen-mobil\/#article","isPartOf":{"@id":"https:\/\/www.deutsche-glasfaser.de\/blog\/verkehrswende-innovative-konzepte-machen-mobil\/"},"author":{"name":"Deutsche Glasfaser","@id":"https:\/\/www.deutsche-glasfaser.de\/blog\/#\/schema\/person\/9380a6dc7443d77143d0c66c409f574b"},"headline":"Verkehrswende: Innovative Konzepte machen mobil","datePublished":"2022-10-12T07:00:00+00:00","dateModified":"2025-12-11T10:45:02+00:00","mainEntityOfPage":{"@id":"https:\/\/www.deutsche-glasfaser.de\/blog\/verkehrswende-innovative-konzepte-machen-mobil\/"},"wordCount":1350,"commentCount":0,"publisher":{"@id":"https:\/\/www.deutsche-glasfaser.de\/blog\/#organization"},"image":{"@id":"https:\/\/www.deutsche-glasfaser.de\/blog\/verkehrswende-innovative-konzepte-machen-mobil\/#primaryimage"},"thumbnailUrl":"https:\/\/www.deutsche-glasfaser.de\/blog\/wp-content\/uploads\/2022\/07\/header_verkehrswende.jpg","articleSection":["Service"],"inLanguage":"de","potentialAction":[{"@type":"CommentAction","name":"Comment","target":["https:\/\/www.deutsche-glasfaser.de\/blog\/verkehrswende-innovative-konzepte-machen-mobil\/#respond"]}]},{"@type":"WebPage","@id":"https:\/\/www.deutsche-glasfaser.de\/blog\/verkehrswende-innovative-konzepte-machen-mobil\/","url":"https:\/\/www.deutsche-glasfaser.de\/blog\/verkehrswende-innovative-konzepte-machen-mobil\/","name":"Verkehrswende: Mobilit\u00e4tskonzepte f\u00fcr l\u00e4ndliche Regionen","isPartOf":{"@id":"https:\/\/www.deutsche-glasfaser.de\/blog\/#website"},"primaryImageOfPage":{"@id":"https:\/\/www.deutsche-glasfaser.de\/blog\/verkehrswende-innovative-konzepte-machen-mobil\/#primaryimage"},"image":{"@id":"https:\/\/www.deutsche-glasfaser.de\/blog\/verkehrswende-innovative-konzepte-machen-mobil\/#primaryimage"},"thumbnailUrl":"https:\/\/www.deutsche-glasfaser.de\/blog\/wp-content\/uploads\/2022\/07\/header_verkehrswende.jpg","datePublished":"2022-10-12T07:00:00+00:00","dateModified":"2025-12-11T10:45:02+00:00","description":"Zeit f\u00fcr die Verkehrswende: Wir stellen innovative Mobilit\u00e4tskonzepte f\u00fcr l\u00e4ndliche Regionen vor. Erfahren Sie hier mehr.","inLanguage":"de","potentialAction":[{"@type":"ReadAction","target":["https:\/\/www.deutsche-glasfaser.de\/blog\/verkehrswende-innovative-konzepte-machen-mobil\/"]}]},{"@type":"ImageObject","inLanguage":"de","@id":"https:\/\/www.deutsche-glasfaser.de\/blog\/verkehrswende-innovative-konzepte-machen-mobil\/#primaryimage","url":"https:\/\/www.deutsche-glasfaser.de\/blog\/wp-content\/uploads\/2022\/07\/header_verkehrswende.jpg","contentUrl":"https:\/\/www.deutsche-glasfaser.de\/blog\/wp-content\/uploads\/2022\/07\/header_verkehrswende.jpg","width":1500,"height":705},{"@type":"WebSite","@id":"https:\/\/www.deutsche-glasfaser.de\/blog\/#website","url":"https:\/\/www.deutsche-glasfaser.de\/blog\/","name":"Digitales B\u00fcrgernetz","description":"Deutsche Glasfaser Blog","publisher":{"@id":"https:\/\/www.deutsche-glasfaser.de\/blog\/#organization"},"potentialAction":[{"@type":"SearchAction","target":{"@type":"EntryPoint","urlTemplate":"https:\/\/www.deutsche-glasfaser.de\/blog\/?s={search_term_string}"},"query-input":{"@type":"PropertyValueSpecification","valueRequired":true,"valueName":"search_term_string"}}],"inLanguage":"de"},{"@type":"Organization","@id":"https:\/\/www.deutsche-glasfaser.de\/blog\/#organization","name":"Digitales B\u00fcrgernetz","url":"https:\/\/www.deutsche-glasfaser.de\/blog\/","logo":{"@type":"ImageObject","inLanguage":"de","@id":"https:\/\/www.deutsche-glasfaser.de\/blog\/#\/schema\/logo\/image\/","url":"https:\/\/www.deutsche-glasfaser.de\/blog\/wp-content\/uploads\/2021\/08\/DGF_Logo_Basis_RGB-Large@2x.png","contentUrl":"https:\/\/www.deutsche-glasfaser.de\/blog\/wp-content\/uploads\/2021\/08\/DGF_Logo_Basis_RGB-Large@2x.png","width":312,"height":104,"caption":"Digitales B\u00fcrgernetz"},"image":{"@id":"https:\/\/www.deutsche-glasfaser.de\/blog\/#\/schema\/logo\/image\/"}},{"@type":"Person","@id":"https:\/\/www.deutsche-glasfaser.de\/blog\/#\/schema\/person\/9380a6dc7443d77143d0c66c409f574b","name":"Deutsche Glasfaser"}]}},"_links":{"self":[{"href":"https:\/\/www.deutsche-glasfaser.de\/blog\/wp-json\/wp\/v2\/posts\/10167","targetHints":{"allow":["GET"]}}],"collection":[{"href":"https:\/\/www.deutsche-glasfaser.de\/blog\/wp-json\/wp\/v2\/posts"}],"about":[{"href":"https:\/\/www.deutsche-glasfaser.de\/blog\/wp-json\/wp\/v2\/types\/post"}],"author":[{"embeddable":true,"href":"https:\/\/www.deutsche-glasfaser.de\/blog\/wp-json\/wp\/v2\/users\/5"}],"replies":[{"embeddable":true,"href":"https:\/\/www.deutsche-glasfaser.de\/blog\/wp-json\/wp\/v2\/comments?post=10167"}],"version-history":[{"count":5,"href":"https:\/\/www.deutsche-glasfaser.de\/blog\/wp-json\/wp\/v2\/posts\/10167\/revisions"}],"predecessor-version":[{"id":10579,"href":"https:\/\/www.deutsche-glasfaser.de\/blog\/wp-json\/wp\/v2\/posts\/10167\/revisions\/10579"}],"wp:featuredmedia":[{"embeddable":true,"href":"https:\/\/www.deutsche-glasfaser.de\/blog\/wp-json\/wp\/v2\/media\/10168"}],"wp:attachment":[{"href":"https:\/\/www.deutsche-glasfaser.de\/blog\/wp-json\/wp\/v2\/media?parent=10167"}],"wp:term":[{"taxonomy":"category","embeddable":true,"href":"https:\/\/www.deutsche-glasfaser.de\/blog\/wp-json\/wp\/v2\/categories?post=10167"},{"taxonomy":"post_tag","embeddable":true,"href":"https:\/\/www.deutsche-glasfaser.de\/blog\/wp-json\/wp\/v2\/tags?post=10167"}],"curies":[{"name":"wp","href":"https:\/\/api.w.org\/{rel}","templated":true}]}}