{"id":10156,"date":"2022-10-05T08:00:00","date_gmt":"2022-10-05T07:00:00","guid":{"rendered":"https:\/\/www.deutsche-glasfaser.de\/blog\/?p=10156"},"modified":"2025-12-09T09:24:31","modified_gmt":"2025-12-09T08:24:31","slug":"mehr-wissen-durch-online-bildung","status":"publish","type":"post","link":"https:\/\/www.deutsche-glasfaser.de\/blog\/mehr-wissen-durch-online-bildung\/","title":{"rendered":"Digitale Kulturangebote &#8211; Mehr Wissen durch Online-Bildung"},"content":{"rendered":"\t\t<div data-elementor-type=\"wp-post\" data-elementor-id=\"10156\" class=\"elementor elementor-10156\">\n\t\t\t\t\t\t<section class=\"elementor-section elementor-top-section elementor-element elementor-element-02cb01e elementor-section-boxed elementor-section-height-default elementor-section-height-default\" data-id=\"02cb01e\" data-element_type=\"section\" data-e-type=\"section\">\n\t\t\t\t\t\t<div class=\"elementor-container elementor-column-gap-default\">\n\t\t\t\t\t<div class=\"elementor-column elementor-col-100 elementor-top-column elementor-element elementor-element-816d35e\" data-id=\"816d35e\" data-element_type=\"column\" data-e-type=\"column\">\n\t\t\t<div class=\"elementor-widget-wrap elementor-element-populated\">\n\t\t\t\t\t\t<div class=\"elementor-element elementor-element-48bd019 elementor-widget elementor-widget-text-editor\" data-id=\"48bd019\" data-element_type=\"widget\" data-e-type=\"widget\" data-widget_type=\"text-editor.default\">\n\t\t\t\t<div class=\"elementor-widget-container\">\n\t\t\t\t\t\t\t\t\t<p>Wer schon immer eine Auff\u00fchrung des Globe Theatres live verfolgen oder der Mona Lisa einmal tief in die Augen blicken wollte, kann das ganz bequem tun \u2013 vom Sofa aus. Ob Vorf\u00fchrungen namhafter Theater, Rundg\u00e4nge durch beeindruckende Ausstellungen oder Lesungen des Lieblingsautors \u2013 immer mehr Kultureinrichtungen stellen ihrem Publikum diverse Formate auf digitalem Wege zur Verf\u00fcgung. Auch Naturbegeisterte und Reiseenthusiasten kommen mittlerweile durch Streams und Co. auf ihre Kosten. Sp\u00e4testens seit der Corona-Pandemie wurde vielerorts das digitale Angebot aufgestockt und steht nun jederzeit zur Verf\u00fcgung.<\/p><p>Heute kann jeder blitzschnell auf das Wissen der Welt zugreifen, indem er einfach nur klickt. Eine schnelle Internetverbindung sorgt daf\u00fcr, dass bewegte Bilder, virtuelle Realit\u00e4t oder gro\u00dfe Datenbanken auf Knopfdruck zur Verf\u00fcgung stehen. Das k\u00f6nnen Bildungshungrige nutzen \u2013 ob nun f\u00fcr pers\u00f6nliche Hobbys und Interessen oder das berufliche Vorankommen.<\/p>\t\t\t\t\t\t\t\t<\/div>\n\t\t\t\t<\/div>\n\t\t\t\t<div class=\"elementor-element elementor-element-e269f70 elementor-widget elementor-widget-spacer\" data-id=\"e269f70\" data-element_type=\"widget\" data-e-type=\"widget\" data-widget_type=\"spacer.default\">\n\t\t\t\t<div class=\"elementor-widget-container\">\n\t\t\t\t\t\t\t<div class=\"elementor-spacer\">\n\t\t\t<div class=\"elementor-spacer-inner\"><\/div>\n\t\t<\/div>\n\t\t\t\t\t\t<\/div>\n\t\t\t\t<\/div>\n\t\t\t\t<div class=\"elementor-element elementor-element-9a8a800 elementor-widget elementor-widget-heading\" data-id=\"9a8a800\" data-element_type=\"widget\" data-e-type=\"widget\" data-widget_type=\"heading.default\">\n\t\t\t\t<div class=\"elementor-widget-container\">\n\t\t\t\t\t<h2 class=\"elementor-heading-title elementor-size-xl\">Sprache und Kultur kennenlernen \u2013 so komfortabel wie nie zuvor<\/h2>\t\t\t\t<\/div>\n\t\t\t\t<\/div>\n\t\t\t\t<div class=\"elementor-element elementor-element-50334ad elementor-widget elementor-widget-spacer\" data-id=\"50334ad\" data-element_type=\"widget\" data-e-type=\"widget\" data-widget_type=\"spacer.default\">\n\t\t\t\t<div class=\"elementor-widget-container\">\n\t\t\t\t\t\t\t<div class=\"elementor-spacer\">\n\t\t\t<div class=\"elementor-spacer-inner\"><\/div>\n\t\t<\/div>\n\t\t\t\t\t\t<\/div>\n\t\t\t\t<\/div>\n\t\t\t\t<div class=\"elementor-element elementor-element-96f1bf4 elementor-widget elementor-widget-text-editor\" data-id=\"96f1bf4\" data-element_type=\"widget\" data-e-type=\"widget\" data-widget_type=\"text-editor.default\">\n\t\t\t\t<div class=\"elementor-widget-container\">\n\t\t\t\t\t\t\t\t\t<p>Wer einen Franz\u00f6sischkurs besucht, um die Sprache neu zu lernen oder sein Wissen wieder aufzupolieren, kann das klassisch im Pr\u00e4senzunterricht tun. Er kann aber auch einen Online-Sprachkurs belegen oder zu praktischen Sprachlern-Apps wie <a href=\"https:\/\/de.babbel.com\/\" target=\"_blank\" rel=\"noopener\">Babbel<\/a> oder <a href=\"https:\/\/de.duolingo.com\/\">Duolingo<\/a> greifen. Ein Vorteil dieser Formate ist zweifellos, dass jeder im eigenen Tempo und zur eigenen Zeit lernen kann. Aber wenn es schon um Frankreich und die franz\u00f6sische Kultur geht, w\u00e4re es da nicht sch\u00f6n, einen Ausflug nach Paris zu machen? Eine tolle Idee, die nicht einmal zu einem aufwendig geplanten Projekt werden muss.<\/p><p>Ein Bummel \u00fcber die Champs-\u00c9lys\u00e9es, ein Besuch im Centre Pompidou: Das geht blitzschnell. Mit der App <a href=\"https:\/\/www.360cities.net\" target=\"_blank\" rel=\"noopener\">360cities<\/a> lassen sich ausgew\u00e4hlte Sehensw\u00fcrdigkeiten mit Rundumblick in der franz\u00f6sischen Hauptstadt anschauen. Notre Dame, Sacr\u00e9-C\u0153ur, Place Vend\u00f4me \u2013 es gibt rund hundert Videos und \u00fcber 3000 Panoramabilder allein zu Paris.<\/p><p>Jetzt noch einen Besuch im Louvre machen, um einmal ganz allein das wohl ber\u00fchmteste Gem\u00e4lde der Welt zu betrachten. Ganz nah, ohne l\u00e4stiges Gedr\u00e4ngel, so lange, wie man m\u00f6chte? Aber ja, das geht. Mit <a href=\"https:\/\/artsandculture.google.com\" target=\"_blank\" rel=\"noopener\">Google Arts&amp;Culture<\/a> kann man versuchen, das Geheimnis der Mona Lisa zu entr\u00e4tseln. Wer will, kann hier aber auch noch der Farbe Blau in der Kunst nachsp\u00fcren, sich die Sammlungen ber\u00fchmter Museen anschauen und bekannte historische Pers\u00f6nlichkeiten treffen. Die F\u00fclle an Kulturangeboten im digitalen Raum ist mittlerweile wirklich riesig und bietet f\u00fcr jedes Interesse die richtigen Inhalte.<\/p>\t\t\t\t\t\t\t\t<\/div>\n\t\t\t\t<\/div>\n\t\t\t\t<div class=\"elementor-element elementor-element-28cdb43 elementor-widget elementor-widget-spacer\" data-id=\"28cdb43\" data-element_type=\"widget\" data-e-type=\"widget\" data-widget_type=\"spacer.default\">\n\t\t\t\t<div class=\"elementor-widget-container\">\n\t\t\t\t\t\t\t<div class=\"elementor-spacer\">\n\t\t\t<div class=\"elementor-spacer-inner\"><\/div>\n\t\t<\/div>\n\t\t\t\t\t\t<\/div>\n\t\t\t\t<\/div>\n\t\t\t\t<div class=\"elementor-element elementor-element-f749f98 elementor-widget elementor-widget-heading\" data-id=\"f749f98\" data-element_type=\"widget\" data-e-type=\"widget\" data-widget_type=\"heading.default\">\n\t\t\t\t<div class=\"elementor-widget-container\">\n\t\t\t\t\t<h2 class=\"elementor-heading-title elementor-size-xl\">Virtuelle Reise rund um die Welt in 80 Minuten<\/h2>\t\t\t\t<\/div>\n\t\t\t\t<\/div>\n\t\t\t\t<div class=\"elementor-element elementor-element-0706665 elementor-widget elementor-widget-spacer\" data-id=\"0706665\" data-element_type=\"widget\" data-e-type=\"widget\" data-widget_type=\"spacer.default\">\n\t\t\t\t<div class=\"elementor-widget-container\">\n\t\t\t\t\t\t\t<div class=\"elementor-spacer\">\n\t\t\t<div class=\"elementor-spacer-inner\"><\/div>\n\t\t<\/div>\n\t\t\t\t\t\t<\/div>\n\t\t\t\t<\/div>\n\t\t\t\t<div class=\"elementor-element elementor-element-d8e8425 elementor-widget elementor-widget-text-editor\" data-id=\"d8e8425\" data-element_type=\"widget\" data-e-type=\"widget\" data-widget_type=\"text-editor.default\">\n\t\t\t\t<div class=\"elementor-widget-container\">\n\t\t\t\t\t\t\t\t\t<p>In Jules Vernes Roman mussten die Protagonisten sich beeilen, um in 80 Tagen um die Welt zu reisen. Wir k\u00f6nnen heute blitzschnell von einem Erdteil zum anderen wechseln. Wer sich etwa f\u00fcr Natur- oder Abenteuerurlaub begeistert und sein Wissen \u00fcber Australien erweitern m\u00f6chte, kann das \u00fcber den Videodienst Zoom tun. Einige <a href=\"https:\/\/www.eberhardt-travel.de\/reise\/virtuelle-reisen\/australien\/sydney\/tf-tasta\">Reiseveranstalter<\/a> bieten das als zus\u00e4tzlichen Service f\u00fcr alle an, die gerade nicht selbst reisen k\u00f6nnen oder wollen. Der Clou: F\u00fcr den Zoom-Abend gibt es ein \u00dcberraschungspaket mit typischen Lebensmitteln aus Australien.<\/p><p>Andere Kontinente, andere Sehensw\u00fcrdigkeiten: Ein paar Klicks erm\u00f6glichen eine Online-Tour entlang der <a href=\"https:\/\/www.thechinaguide.com\/de\/destination\/great-wall-of-china\">Chinesischen Mauer<\/a>. Wer ganz nah an gro\u00dfen Tieren dran sein m\u00f6chte, der kann per Webcam das Geschehen im s\u00fcdafrikanischen Addo Elephant National Park live im Stream verfolgen. Bei der virtuellen Safari k\u00f6nnen die Betrachter viel \u00fcber die <a href=\"https:\/\/www.sanparks.org\/webcams\/cams.php?cam=addo\">Tiere Afrikas und ihr Verhalten<\/a> erfahren.<\/p>\t\t\t\t\t\t\t\t<\/div>\n\t\t\t\t<\/div>\n\t\t\t\t<div class=\"elementor-element elementor-element-39a4b33 elementor-widget elementor-widget-spacer\" data-id=\"39a4b33\" data-element_type=\"widget\" data-e-type=\"widget\" data-widget_type=\"spacer.default\">\n\t\t\t\t<div class=\"elementor-widget-container\">\n\t\t\t\t\t\t\t<div class=\"elementor-spacer\">\n\t\t\t<div class=\"elementor-spacer-inner\"><\/div>\n\t\t<\/div>\n\t\t\t\t\t\t<\/div>\n\t\t\t\t<\/div>\n\t\t\t\t<div class=\"elementor-element elementor-element-2576dc5 elementor-widget elementor-widget-image\" data-id=\"2576dc5\" data-element_type=\"widget\" data-e-type=\"widget\" data-widget_type=\"image.default\">\n\t\t\t\t<div class=\"elementor-widget-container\">\n\t\t\t\t\t\t\t\t\t\t\t\t\t\t\t<img fetchpriority=\"high\" decoding=\"async\" width=\"768\" height=\"512\" src=\"https:\/\/www.deutsche-glasfaser.de\/blog\/wp-content\/uploads\/2022\/07\/bild_mehr_wissen_der_welt-768x512.jpg\" class=\"attachment-medium_large size-medium_large wp-image-10158\" alt=\"\" srcset=\"https:\/\/www.deutsche-glasfaser.de\/blog\/wp-content\/uploads\/2022\/07\/bild_mehr_wissen_der_welt-768x512.jpg 768w, https:\/\/www.deutsche-glasfaser.de\/blog\/wp-content\/uploads\/2022\/07\/bild_mehr_wissen_der_welt-300x200.jpg 300w, https:\/\/www.deutsche-glasfaser.de\/blog\/wp-content\/uploads\/2022\/07\/bild_mehr_wissen_der_welt.jpg 800w\" sizes=\"(max-width: 768px) 100vw, 768px\" \/>\t\t\t\t\t\t\t\t\t\t\t\t\t\t\t<\/div>\n\t\t\t\t<\/div>\n\t\t\t\t<div class=\"elementor-element elementor-element-34ccb51 elementor-widget elementor-widget-spacer\" data-id=\"34ccb51\" data-element_type=\"widget\" data-e-type=\"widget\" data-widget_type=\"spacer.default\">\n\t\t\t\t<div class=\"elementor-widget-container\">\n\t\t\t\t\t\t\t<div class=\"elementor-spacer\">\n\t\t\t<div class=\"elementor-spacer-inner\"><\/div>\n\t\t<\/div>\n\t\t\t\t\t\t<\/div>\n\t\t\t\t<\/div>\n\t\t\t\t<div class=\"elementor-element elementor-element-7a2ac47 elementor-widget elementor-widget-heading\" data-id=\"7a2ac47\" data-element_type=\"widget\" data-e-type=\"widget\" data-widget_type=\"heading.default\">\n\t\t\t\t<div class=\"elementor-widget-container\">\n\t\t\t\t\t<h2 class=\"elementor-heading-title elementor-size-xl\">THEATER UND OPER DER SPITZENKLASSE \u2013 LOGE, PARKETT ODER COUCH?\u200b<\/h2>\t\t\t\t<\/div>\n\t\t\t\t<\/div>\n\t\t\t\t<div class=\"elementor-element elementor-element-3e9be50 elementor-widget elementor-widget-spacer\" data-id=\"3e9be50\" data-element_type=\"widget\" data-e-type=\"widget\" data-widget_type=\"spacer.default\">\n\t\t\t\t<div class=\"elementor-widget-container\">\n\t\t\t\t\t\t\t<div class=\"elementor-spacer\">\n\t\t\t<div class=\"elementor-spacer-inner\"><\/div>\n\t\t<\/div>\n\t\t\t\t\t\t<\/div>\n\t\t\t\t<\/div>\n\t\t\t\t<div class=\"elementor-element elementor-element-27f024f elementor-widget elementor-widget-text-editor\" data-id=\"27f024f\" data-element_type=\"widget\" data-e-type=\"widget\" data-widget_type=\"text-editor.default\">\n\t\t\t\t<div class=\"elementor-widget-container\">\n\t\t\t\t\t\t\t\t\t<p>Liebhaber der B\u00fchnenkunst m\u00fcssen f\u00fcr Auff\u00fchrungen an den gr\u00f6\u00dften H\u00e4usern der Kulturszene heute nicht mehr zwangsl\u00e4ufig verreisen. Theaterst\u00fccke und Opern sind in gro\u00dfer F\u00fclle digital als Stream verfolgbar \u2013 sowohl live als auch auf Abruf. Nat\u00fcrlich bleibt ein Besuch der namhaften Spielorte etwas ganz Besonderes, doch sp\u00e4testens seit der Corona-Pandemie steht fest, dass digitale Versionen der Kulturangebote durchaus Vorz\u00fcge bieten. Wer zwischendurch noch einmal eine Inszenierung bekannter Opern und Theaterst\u00fccke genie\u00dfen m\u00f6chte, hat in der Online-Welt eine Menge M\u00f6glichkeiten.<\/p><p>So bietet beispielweise das weltbekannte Globe Theatre mit dem\u00a0<a href=\"https:\/\/player.shakespearesglobe.com\/\">Globe Player<\/a>\u00a0einen eigenen Service, \u00fcber den eine Vielzahl von Shakespeare-St\u00fccken jederzeit und \u00fcberall in bester Qualit\u00e4t abgerufen werden kann. Auch das\u00a0<a href=\"https:\/\/www.sydneyoperahouse.com\/digital\/stream.html\">Sydney Operahouse<\/a>, die\u00a0<a href=\"https:\/\/www.metopera.org\/season\/on-demand\/\">Metropolitan Opera<\/a>\u00a0in New York und viele weitere Kultureinrichtungen bieten ihre Auff\u00fchrungen mittlerweile einem digitalen Publikum an und bereichern die Online-Kulturlandschaft.<\/p>\t\t\t\t\t\t\t\t<\/div>\n\t\t\t\t<\/div>\n\t\t\t\t<div class=\"elementor-element elementor-element-1c7a22c elementor-widget elementor-widget-spacer\" data-id=\"1c7a22c\" data-element_type=\"widget\" data-e-type=\"widget\" data-widget_type=\"spacer.default\">\n\t\t\t\t<div class=\"elementor-widget-container\">\n\t\t\t\t\t\t\t<div class=\"elementor-spacer\">\n\t\t\t<div class=\"elementor-spacer-inner\"><\/div>\n\t\t<\/div>\n\t\t\t\t\t\t<\/div>\n\t\t\t\t<\/div>\n\t\t\t\t<div class=\"elementor-element elementor-element-7c3bd7b elementor-widget elementor-widget-heading\" data-id=\"7c3bd7b\" data-element_type=\"widget\" data-e-type=\"widget\" data-widget_type=\"heading.default\">\n\t\t\t\t<div class=\"elementor-widget-container\">\n\t\t\t\t\t<h2 class=\"elementor-heading-title elementor-size-xl\">Lernen f\u00fcr die Pers\u00f6nlichkeitsentwicklung<\/h2>\t\t\t\t<\/div>\n\t\t\t\t<\/div>\n\t\t\t\t<div class=\"elementor-element elementor-element-e32d0e4 elementor-widget elementor-widget-spacer\" data-id=\"e32d0e4\" data-element_type=\"widget\" data-e-type=\"widget\" data-widget_type=\"spacer.default\">\n\t\t\t\t<div class=\"elementor-widget-container\">\n\t\t\t\t\t\t\t<div class=\"elementor-spacer\">\n\t\t\t<div class=\"elementor-spacer-inner\"><\/div>\n\t\t<\/div>\n\t\t\t\t\t\t<\/div>\n\t\t\t\t<\/div>\n\t\t\t\t<div class=\"elementor-element elementor-element-edfefb4 elementor-widget elementor-widget-text-editor\" data-id=\"edfefb4\" data-element_type=\"widget\" data-e-type=\"widget\" data-widget_type=\"text-editor.default\">\n\t\t\t\t<div class=\"elementor-widget-container\">\n\t\t\t\t\t\t\t\t\t<p>Vielleicht liegt der eigene Fokus aber auch weniger auf Kultur und eher auf dem Thema pers\u00f6nliche Weiterbildung und Entwicklung? Themen wie Zeitmanagement oder Resilienztraining sind gefragt und es gibt sie als Online-Seminare beim <a href=\"https:\/\/www.tuev-nord.de\">T\u00dcV Nord<\/a>.<\/p><p>Sehr beliebt sind Kurse auch zum Thema Kommunikation und Rhetorik. Schlagfertiger sein, besser pr\u00e4sentieren und sich selbst besser darstellen k\u00f6nnen \u2013 wer m\u00f6chte das nicht? Da hilft nur eines: Das Projekt Self-Improvement in die Hand nehmen!<\/p><p>Ob live oder im Online-Meeting \u2013 Pr\u00e4sentationen sollen \u00fcberzeugen, Verhandlungen erfolgreich sein. Das Kursangebot reicht von \u201edigitaler Rhetorik\u201c \u00fcber \u201eauthentische Rhetorik\u201c bis zu \u201eschwarze Rhetorik \u2013 mit Sprache manipulieren\u201c. Auch alles rund um Kommunikation erfreut sich gro\u00dfer Beliebtheit, wie \u201eSelbstbewusst kommunizieren und \u00fcberzeugen.\u201c Solche und viele andere Kurse etwa werden auf der Lernplattform <a href=\"http:\/\/www.udemy.com\">Udemy<\/a> angeboten<\/p>\t\t\t\t\t\t\t\t<\/div>\n\t\t\t\t<\/div>\n\t\t\t\t<div class=\"elementor-element elementor-element-420dd8a elementor-widget elementor-widget-spacer\" data-id=\"420dd8a\" data-element_type=\"widget\" data-e-type=\"widget\" data-widget_type=\"spacer.default\">\n\t\t\t\t<div class=\"elementor-widget-container\">\n\t\t\t\t\t\t\t<div class=\"elementor-spacer\">\n\t\t\t<div class=\"elementor-spacer-inner\"><\/div>\n\t\t<\/div>\n\t\t\t\t\t\t<\/div>\n\t\t\t\t<\/div>\n\t\t\t\t<div class=\"elementor-element elementor-element-a67d24a elementor-widget elementor-widget-heading\" data-id=\"a67d24a\" data-element_type=\"widget\" data-e-type=\"widget\" data-widget_type=\"heading.default\">\n\t\t\t\t<div class=\"elementor-widget-container\">\n\t\t\t\t\t<h2 class=\"elementor-heading-title elementor-size-xl\">Weiterbildung f\u00fcr die Karriere \u2013 mit anerkanntem Abschluss<\/h2>\t\t\t\t<\/div>\n\t\t\t\t<\/div>\n\t\t\t\t<div class=\"elementor-element elementor-element-64696a1 elementor-widget elementor-widget-spacer\" data-id=\"64696a1\" data-element_type=\"widget\" data-e-type=\"widget\" data-widget_type=\"spacer.default\">\n\t\t\t\t<div class=\"elementor-widget-container\">\n\t\t\t\t\t\t\t<div class=\"elementor-spacer\">\n\t\t\t<div class=\"elementor-spacer-inner\"><\/div>\n\t\t<\/div>\n\t\t\t\t\t\t<\/div>\n\t\t\t\t<\/div>\n\t\t\t\t<div class=\"elementor-element elementor-element-c15e8cb elementor-widget elementor-widget-text-editor\" data-id=\"c15e8cb\" data-element_type=\"widget\" data-e-type=\"widget\" data-widget_type=\"text-editor.default\">\n\t\t\t\t<div class=\"elementor-widget-container\">\n\t\t\t\t\t\t\t\t\t<p>Aber auch wer eine Weiterbildung absolvieren will, um beruflich weiterzukommen, kann leicht f\u00fcndig werden. Da es in der Regel um einen Nachweis, ein Zertifikat oder eine Pr\u00fcfung geht, kommen hier die klassischen Weiterbildungsinstitute oder Anbieter von Fernstudieng\u00e4ngen ins Spiel. Sie bieten oft Blended-Learning-Formate an und setzen auf die Kombination von Lesungen in Pr\u00e4senz und E-Learning.<\/p><p>Wer will, kann nach Thema und Lernform in der Datenbank der Staatlichen <a href=\"http:\/\/www.zfu.de\">Zentralstelle f\u00fcr Fernunterricht<\/a> (ZFU) nach solchen Lehrg\u00e4ngen suchen. Aber auch die <a href=\"https:\/\/wis.ihk.de\/nc\/seminare\/seminarsuche.html\">Industrie- und Handelskammern<\/a> bieten entweder reine E-Learning oder Blended-Learning-Formate je nach der gew\u00fcnschten Weiterbildung und dem Abschluss an. Die Auswahl ist gro\u00df und reicht vom Zertifikat f\u00fcr einen Kurs wie dem Online-Marketing-Manager bis hin zum Abschluss als Handelsfachwirt.<\/p><p>Schnell und einfach auf das Wissen der Welt zugreifen und lernen, was immer man m\u00f6chte, war noch nie so einfach wie heute. Mit wenigen Klicks tun sich neue Welten auf. Das Einzige, was n\u00f6tig ist? Ein schneller Internetzugang.<\/p>\t\t\t\t\t\t\t\t<\/div>\n\t\t\t\t<\/div>\n\t\t\t\t\t<\/div>\n\t\t<\/div>\n\t\t\t\t\t<\/div>\n\t\t<\/section>\n\t\t\t\t<\/div>\n\t\t","protected":false},"excerpt":{"rendered":"<p>Wer schon immer mal auf einem isl\u00e4ndischen Gletscher herumklettern oder der Mona Lisa einmal tief in die Augen blicken wollte, kann das ganz bequem tun \u2013 vom Sofa aus.<\/p>\n","protected":false},"author":5,"featured_media":10157,"comment_status":"open","ping_status":"open","sticky":false,"template":"","format":"standard","meta":{"footnotes":""},"categories":[1],"tags":[],"class_list":["post-10156","post","type-post","status-publish","format-standard","has-post-thumbnail","hentry","category-service"],"yoast_head":"<!-- This site is optimized with the Yoast SEO plugin v27.5 - https:\/\/yoast.com\/product\/yoast-seo-wordpress\/ -->\n<title>Digitale Bildung: Online lernen und Kultur entdecken<\/title>\n<meta name=\"description\" content=\"Ob Sprachen, virtuelle Reisen oder Zeitmanagement: Online-Angebote erm\u00f6glichen uns, das Wissen der Welt zu nutzen. Welche Chancen das bietet, erfahren Sie hier!\" \/>\n<meta name=\"robots\" content=\"index, follow, max-snippet:-1, max-image-preview:large, max-video-preview:-1\" \/>\n<link rel=\"canonical\" href=\"https:\/\/www.deutsche-glasfaser.de\/blog\/mehr-wissen-durch-online-bildung\/\" \/>\n<meta property=\"og:locale\" content=\"de_DE\" \/>\n<meta property=\"og:type\" content=\"article\" \/>\n<meta property=\"og:title\" content=\"Digitale Bildung: Online lernen und Kultur entdecken\" \/>\n<meta property=\"og:description\" content=\"Ob Sprachen, virtuelle Reisen oder Zeitmanagement: Online-Angebote erm\u00f6glichen uns, das Wissen der Welt zu nutzen. Welche Chancen das bietet, erfahren Sie hier!\" \/>\n<meta property=\"og:url\" content=\"https:\/\/www.deutsche-glasfaser.de\/blog\/mehr-wissen-durch-online-bildung\/\" \/>\n<meta property=\"og:site_name\" content=\"Digitales B\u00fcrgernetz\" \/>\n<meta property=\"article:published_time\" content=\"2022-10-05T07:00:00+00:00\" \/>\n<meta property=\"article:modified_time\" content=\"2025-12-09T08:24:31+00:00\" \/>\n<meta property=\"og:image\" content=\"https:\/\/www.deutsche-glasfaser.de\/blog\/wp-content\/uploads\/2022\/07\/header_mehr_wissen_der_welt.jpg\" \/>\n\t<meta property=\"og:image:width\" content=\"1500\" \/>\n\t<meta property=\"og:image:height\" content=\"705\" \/>\n\t<meta property=\"og:image:type\" content=\"image\/jpeg\" \/>\n<meta name=\"author\" content=\"Deutsche Glasfaser\" \/>\n<meta name=\"twitter:card\" content=\"summary_large_image\" \/>\n<meta name=\"twitter:label1\" content=\"Verfasst von\" \/>\n\t<meta name=\"twitter:data1\" content=\"Deutsche Glasfaser\" \/>\n\t<meta name=\"twitter:label2\" content=\"Gesch\u00e4tzte Lesezeit\" \/>\n\t<meta name=\"twitter:data2\" content=\"6\u00a0Minuten\" \/>\n<script type=\"application\/ld+json\" class=\"yoast-schema-graph\">{\"@context\":\"https:\\\/\\\/schema.org\",\"@graph\":[{\"@type\":\"Article\",\"@id\":\"https:\\\/\\\/www.deutsche-glasfaser.de\\\/blog\\\/mehr-wissen-durch-online-bildung\\\/#article\",\"isPartOf\":{\"@id\":\"https:\\\/\\\/www.deutsche-glasfaser.de\\\/blog\\\/mehr-wissen-durch-online-bildung\\\/\"},\"author\":{\"name\":\"Deutsche Glasfaser\",\"@id\":\"https:\\\/\\\/www.deutsche-glasfaser.de\\\/blog\\\/#\\\/schema\\\/person\\\/9380a6dc7443d77143d0c66c409f574b\"},\"headline\":\"Digitale Kulturangebote &#8211; Mehr Wissen durch Online-Bildung\",\"datePublished\":\"2022-10-05T07:00:00+00:00\",\"dateModified\":\"2025-12-09T08:24:31+00:00\",\"mainEntityOfPage\":{\"@id\":\"https:\\\/\\\/www.deutsche-glasfaser.de\\\/blog\\\/mehr-wissen-durch-online-bildung\\\/\"},\"wordCount\":1041,\"commentCount\":0,\"publisher\":{\"@id\":\"https:\\\/\\\/www.deutsche-glasfaser.de\\\/blog\\\/#organization\"},\"image\":{\"@id\":\"https:\\\/\\\/www.deutsche-glasfaser.de\\\/blog\\\/mehr-wissen-durch-online-bildung\\\/#primaryimage\"},\"thumbnailUrl\":\"https:\\\/\\\/www.deutsche-glasfaser.de\\\/blog\\\/wp-content\\\/uploads\\\/2022\\\/07\\\/header_mehr_wissen_der_welt.jpg\",\"articleSection\":[\"Service\"],\"inLanguage\":\"de\",\"potentialAction\":[{\"@type\":\"CommentAction\",\"name\":\"Comment\",\"target\":[\"https:\\\/\\\/www.deutsche-glasfaser.de\\\/blog\\\/mehr-wissen-durch-online-bildung\\\/#respond\"]}]},{\"@type\":\"WebPage\",\"@id\":\"https:\\\/\\\/www.deutsche-glasfaser.de\\\/blog\\\/mehr-wissen-durch-online-bildung\\\/\",\"url\":\"https:\\\/\\\/www.deutsche-glasfaser.de\\\/blog\\\/mehr-wissen-durch-online-bildung\\\/\",\"name\":\"Digitale Bildung: Online lernen und Kultur entdecken\",\"isPartOf\":{\"@id\":\"https:\\\/\\\/www.deutsche-glasfaser.de\\\/blog\\\/#website\"},\"primaryImageOfPage\":{\"@id\":\"https:\\\/\\\/www.deutsche-glasfaser.de\\\/blog\\\/mehr-wissen-durch-online-bildung\\\/#primaryimage\"},\"image\":{\"@id\":\"https:\\\/\\\/www.deutsche-glasfaser.de\\\/blog\\\/mehr-wissen-durch-online-bildung\\\/#primaryimage\"},\"thumbnailUrl\":\"https:\\\/\\\/www.deutsche-glasfaser.de\\\/blog\\\/wp-content\\\/uploads\\\/2022\\\/07\\\/header_mehr_wissen_der_welt.jpg\",\"datePublished\":\"2022-10-05T07:00:00+00:00\",\"dateModified\":\"2025-12-09T08:24:31+00:00\",\"description\":\"Ob Sprachen, virtuelle Reisen oder Zeitmanagement: Online-Angebote erm\u00f6glichen uns, das Wissen der Welt zu nutzen. Welche Chancen das bietet, erfahren Sie hier!\",\"inLanguage\":\"de\",\"potentialAction\":[{\"@type\":\"ReadAction\",\"target\":[\"https:\\\/\\\/www.deutsche-glasfaser.de\\\/blog\\\/mehr-wissen-durch-online-bildung\\\/\"]}]},{\"@type\":\"ImageObject\",\"inLanguage\":\"de\",\"@id\":\"https:\\\/\\\/www.deutsche-glasfaser.de\\\/blog\\\/mehr-wissen-durch-online-bildung\\\/#primaryimage\",\"url\":\"https:\\\/\\\/www.deutsche-glasfaser.de\\\/blog\\\/wp-content\\\/uploads\\\/2022\\\/07\\\/header_mehr_wissen_der_welt.jpg\",\"contentUrl\":\"https:\\\/\\\/www.deutsche-glasfaser.de\\\/blog\\\/wp-content\\\/uploads\\\/2022\\\/07\\\/header_mehr_wissen_der_welt.jpg\",\"width\":1500,\"height\":705},{\"@type\":\"WebSite\",\"@id\":\"https:\\\/\\\/www.deutsche-glasfaser.de\\\/blog\\\/#website\",\"url\":\"https:\\\/\\\/www.deutsche-glasfaser.de\\\/blog\\\/\",\"name\":\"Digitales B\u00fcrgernetz\",\"description\":\"Deutsche Glasfaser Blog\",\"publisher\":{\"@id\":\"https:\\\/\\\/www.deutsche-glasfaser.de\\\/blog\\\/#organization\"},\"potentialAction\":[{\"@type\":\"SearchAction\",\"target\":{\"@type\":\"EntryPoint\",\"urlTemplate\":\"https:\\\/\\\/www.deutsche-glasfaser.de\\\/blog\\\/?s={search_term_string}\"},\"query-input\":{\"@type\":\"PropertyValueSpecification\",\"valueRequired\":true,\"valueName\":\"search_term_string\"}}],\"inLanguage\":\"de\"},{\"@type\":\"Organization\",\"@id\":\"https:\\\/\\\/www.deutsche-glasfaser.de\\\/blog\\\/#organization\",\"name\":\"Digitales B\u00fcrgernetz\",\"url\":\"https:\\\/\\\/www.deutsche-glasfaser.de\\\/blog\\\/\",\"logo\":{\"@type\":\"ImageObject\",\"inLanguage\":\"de\",\"@id\":\"https:\\\/\\\/www.deutsche-glasfaser.de\\\/blog\\\/#\\\/schema\\\/logo\\\/image\\\/\",\"url\":\"https:\\\/\\\/www.deutsche-glasfaser.de\\\/blog\\\/wp-content\\\/uploads\\\/2021\\\/08\\\/DGF_Logo_Basis_RGB-Large@2x.png\",\"contentUrl\":\"https:\\\/\\\/www.deutsche-glasfaser.de\\\/blog\\\/wp-content\\\/uploads\\\/2021\\\/08\\\/DGF_Logo_Basis_RGB-Large@2x.png\",\"width\":312,\"height\":104,\"caption\":\"Digitales B\u00fcrgernetz\"},\"image\":{\"@id\":\"https:\\\/\\\/www.deutsche-glasfaser.de\\\/blog\\\/#\\\/schema\\\/logo\\\/image\\\/\"}},{\"@type\":\"Person\",\"@id\":\"https:\\\/\\\/www.deutsche-glasfaser.de\\\/blog\\\/#\\\/schema\\\/person\\\/9380a6dc7443d77143d0c66c409f574b\",\"name\":\"Deutsche Glasfaser\"}]}<\/script>\n<!-- \/ Yoast SEO plugin. -->","yoast_head_json":{"title":"Digitale Bildung: Online lernen und Kultur entdecken","description":"Ob Sprachen, virtuelle Reisen oder Zeitmanagement: Online-Angebote erm\u00f6glichen uns, das Wissen der Welt zu nutzen. Welche Chancen das bietet, erfahren Sie hier!","robots":{"index":"index","follow":"follow","max-snippet":"max-snippet:-1","max-image-preview":"max-image-preview:large","max-video-preview":"max-video-preview:-1"},"canonical":"https:\/\/www.deutsche-glasfaser.de\/blog\/mehr-wissen-durch-online-bildung\/","og_locale":"de_DE","og_type":"article","og_title":"Digitale Bildung: Online lernen und Kultur entdecken","og_description":"Ob Sprachen, virtuelle Reisen oder Zeitmanagement: Online-Angebote erm\u00f6glichen uns, das Wissen der Welt zu nutzen. Welche Chancen das bietet, erfahren Sie hier!","og_url":"https:\/\/www.deutsche-glasfaser.de\/blog\/mehr-wissen-durch-online-bildung\/","og_site_name":"Digitales B\u00fcrgernetz","article_published_time":"2022-10-05T07:00:00+00:00","article_modified_time":"2025-12-09T08:24:31+00:00","og_image":[{"width":1500,"height":705,"url":"https:\/\/www.deutsche-glasfaser.de\/blog\/wp-content\/uploads\/2022\/07\/header_mehr_wissen_der_welt.jpg","type":"image\/jpeg"}],"author":"Deutsche Glasfaser","twitter_card":"summary_large_image","twitter_misc":{"Verfasst von":"Deutsche Glasfaser","Gesch\u00e4tzte Lesezeit":"6\u00a0Minuten"},"schema":{"@context":"https:\/\/schema.org","@graph":[{"@type":"Article","@id":"https:\/\/www.deutsche-glasfaser.de\/blog\/mehr-wissen-durch-online-bildung\/#article","isPartOf":{"@id":"https:\/\/www.deutsche-glasfaser.de\/blog\/mehr-wissen-durch-online-bildung\/"},"author":{"name":"Deutsche Glasfaser","@id":"https:\/\/www.deutsche-glasfaser.de\/blog\/#\/schema\/person\/9380a6dc7443d77143d0c66c409f574b"},"headline":"Digitale Kulturangebote &#8211; Mehr Wissen durch Online-Bildung","datePublished":"2022-10-05T07:00:00+00:00","dateModified":"2025-12-09T08:24:31+00:00","mainEntityOfPage":{"@id":"https:\/\/www.deutsche-glasfaser.de\/blog\/mehr-wissen-durch-online-bildung\/"},"wordCount":1041,"commentCount":0,"publisher":{"@id":"https:\/\/www.deutsche-glasfaser.de\/blog\/#organization"},"image":{"@id":"https:\/\/www.deutsche-glasfaser.de\/blog\/mehr-wissen-durch-online-bildung\/#primaryimage"},"thumbnailUrl":"https:\/\/www.deutsche-glasfaser.de\/blog\/wp-content\/uploads\/2022\/07\/header_mehr_wissen_der_welt.jpg","articleSection":["Service"],"inLanguage":"de","potentialAction":[{"@type":"CommentAction","name":"Comment","target":["https:\/\/www.deutsche-glasfaser.de\/blog\/mehr-wissen-durch-online-bildung\/#respond"]}]},{"@type":"WebPage","@id":"https:\/\/www.deutsche-glasfaser.de\/blog\/mehr-wissen-durch-online-bildung\/","url":"https:\/\/www.deutsche-glasfaser.de\/blog\/mehr-wissen-durch-online-bildung\/","name":"Digitale Bildung: Online lernen und Kultur entdecken","isPartOf":{"@id":"https:\/\/www.deutsche-glasfaser.de\/blog\/#website"},"primaryImageOfPage":{"@id":"https:\/\/www.deutsche-glasfaser.de\/blog\/mehr-wissen-durch-online-bildung\/#primaryimage"},"image":{"@id":"https:\/\/www.deutsche-glasfaser.de\/blog\/mehr-wissen-durch-online-bildung\/#primaryimage"},"thumbnailUrl":"https:\/\/www.deutsche-glasfaser.de\/blog\/wp-content\/uploads\/2022\/07\/header_mehr_wissen_der_welt.jpg","datePublished":"2022-10-05T07:00:00+00:00","dateModified":"2025-12-09T08:24:31+00:00","description":"Ob Sprachen, virtuelle Reisen oder Zeitmanagement: Online-Angebote erm\u00f6glichen uns, das Wissen der Welt zu nutzen. Welche Chancen das bietet, erfahren Sie hier!","inLanguage":"de","potentialAction":[{"@type":"ReadAction","target":["https:\/\/www.deutsche-glasfaser.de\/blog\/mehr-wissen-durch-online-bildung\/"]}]},{"@type":"ImageObject","inLanguage":"de","@id":"https:\/\/www.deutsche-glasfaser.de\/blog\/mehr-wissen-durch-online-bildung\/#primaryimage","url":"https:\/\/www.deutsche-glasfaser.de\/blog\/wp-content\/uploads\/2022\/07\/header_mehr_wissen_der_welt.jpg","contentUrl":"https:\/\/www.deutsche-glasfaser.de\/blog\/wp-content\/uploads\/2022\/07\/header_mehr_wissen_der_welt.jpg","width":1500,"height":705},{"@type":"WebSite","@id":"https:\/\/www.deutsche-glasfaser.de\/blog\/#website","url":"https:\/\/www.deutsche-glasfaser.de\/blog\/","name":"Digitales B\u00fcrgernetz","description":"Deutsche Glasfaser Blog","publisher":{"@id":"https:\/\/www.deutsche-glasfaser.de\/blog\/#organization"},"potentialAction":[{"@type":"SearchAction","target":{"@type":"EntryPoint","urlTemplate":"https:\/\/www.deutsche-glasfaser.de\/blog\/?s={search_term_string}"},"query-input":{"@type":"PropertyValueSpecification","valueRequired":true,"valueName":"search_term_string"}}],"inLanguage":"de"},{"@type":"Organization","@id":"https:\/\/www.deutsche-glasfaser.de\/blog\/#organization","name":"Digitales B\u00fcrgernetz","url":"https:\/\/www.deutsche-glasfaser.de\/blog\/","logo":{"@type":"ImageObject","inLanguage":"de","@id":"https:\/\/www.deutsche-glasfaser.de\/blog\/#\/schema\/logo\/image\/","url":"https:\/\/www.deutsche-glasfaser.de\/blog\/wp-content\/uploads\/2021\/08\/DGF_Logo_Basis_RGB-Large@2x.png","contentUrl":"https:\/\/www.deutsche-glasfaser.de\/blog\/wp-content\/uploads\/2021\/08\/DGF_Logo_Basis_RGB-Large@2x.png","width":312,"height":104,"caption":"Digitales B\u00fcrgernetz"},"image":{"@id":"https:\/\/www.deutsche-glasfaser.de\/blog\/#\/schema\/logo\/image\/"}},{"@type":"Person","@id":"https:\/\/www.deutsche-glasfaser.de\/blog\/#\/schema\/person\/9380a6dc7443d77143d0c66c409f574b","name":"Deutsche Glasfaser"}]}},"_links":{"self":[{"href":"https:\/\/www.deutsche-glasfaser.de\/blog\/wp-json\/wp\/v2\/posts\/10156","targetHints":{"allow":["GET"]}}],"collection":[{"href":"https:\/\/www.deutsche-glasfaser.de\/blog\/wp-json\/wp\/v2\/posts"}],"about":[{"href":"https:\/\/www.deutsche-glasfaser.de\/blog\/wp-json\/wp\/v2\/types\/post"}],"author":[{"embeddable":true,"href":"https:\/\/www.deutsche-glasfaser.de\/blog\/wp-json\/wp\/v2\/users\/5"}],"replies":[{"embeddable":true,"href":"https:\/\/www.deutsche-glasfaser.de\/blog\/wp-json\/wp\/v2\/comments?post=10156"}],"version-history":[{"count":12,"href":"https:\/\/www.deutsche-glasfaser.de\/blog\/wp-json\/wp\/v2\/posts\/10156\/revisions"}],"predecessor-version":[{"id":10578,"href":"https:\/\/www.deutsche-glasfaser.de\/blog\/wp-json\/wp\/v2\/posts\/10156\/revisions\/10578"}],"wp:featuredmedia":[{"embeddable":true,"href":"https:\/\/www.deutsche-glasfaser.de\/blog\/wp-json\/wp\/v2\/media\/10157"}],"wp:attachment":[{"href":"https:\/\/www.deutsche-glasfaser.de\/blog\/wp-json\/wp\/v2\/media?parent=10156"}],"wp:term":[{"taxonomy":"category","embeddable":true,"href":"https:\/\/www.deutsche-glasfaser.de\/blog\/wp-json\/wp\/v2\/categories?post=10156"},{"taxonomy":"post_tag","embeddable":true,"href":"https:\/\/www.deutsche-glasfaser.de\/blog\/wp-json\/wp\/v2\/tags?post=10156"}],"curies":[{"name":"wp","href":"https:\/\/api.w.org\/{rel}","templated":true}]}}