{"id":10144,"date":"2022-09-27T08:00:00","date_gmt":"2022-09-27T07:00:00","guid":{"rendered":"https:\/\/www.deutsche-glasfaser.de\/blog\/?p=10144"},"modified":"2022-09-26T09:28:55","modified_gmt":"2022-09-26T08:28:55","slug":"mit-lichtgeschwindigkeit-unterwegs-im-internet","status":"publish","type":"post","link":"https:\/\/www.deutsche-glasfaser.de\/blog\/mit-lichtgeschwindigkeit-unterwegs-im-internet\/","title":{"rendered":"Mit Lichtgeschwindigkeit unterwegs im Internet"},"content":{"rendered":"\t\t<div data-elementor-type=\"wp-post\" data-elementor-id=\"10144\" class=\"elementor elementor-10144\">\n\t\t\t\t\t\t<section class=\"elementor-section elementor-top-section elementor-element elementor-element-cc2c0d9 elementor-section-boxed elementor-section-height-default elementor-section-height-default\" data-id=\"cc2c0d9\" data-element_type=\"section\" data-e-type=\"section\">\n\t\t\t\t\t\t<div class=\"elementor-container elementor-column-gap-default\">\n\t\t\t\t\t<div class=\"elementor-column elementor-col-100 elementor-top-column elementor-element elementor-element-959cf8b\" data-id=\"959cf8b\" data-element_type=\"column\" data-e-type=\"column\">\n\t\t\t<div class=\"elementor-widget-wrap elementor-element-populated\">\n\t\t\t\t\t\t<div class=\"elementor-element elementor-element-8ed123a elementor-widget elementor-widget-text-editor\" data-id=\"8ed123a\" data-element_type=\"widget\" data-e-type=\"widget\" data-widget_type=\"text-editor.default\">\n\t\t\t\t<div class=\"elementor-widget-container\">\n\t\t\t\t\t\t\t\t\t<p>Morgens um sieben Uhr muss es bei den Bergers immer schnell gehen. Die ganze Familie trifft sich in der K\u00fcche zum Fr\u00fchst\u00fcck, weil die drei Kinder gleich zur Schule und Uni m\u00fcssen und f\u00fcr die Eltern der Arbeitstag beginnt. Dass alles klappt wie am laufenden Band, dazu tr\u00e4gt die intelligente Haustechnik bei Bergers bei. \u201eWir sind zwar alle f\u00fcnf keine Technikexperten, aber offen und neugierig. Au\u00dferdem haben wir viel Spa\u00df daran, auszuprobieren, was m\u00f6glich ist\u201c, schmunzelt Bernd Berger.<\/p><p>Im Haus der Familie wird automatisch die Heizungstemperatur geregelt. Gegen 6.30 Uhr ist es bereits \u00fcberall wohlig warm, auch im Bad.<\/p><p>Die Rolll\u00e4den fahren selbstt\u00e4tig hoch, die Beleuchtung in den Badezimmern, im Flur, der K\u00fcche und \u00fcber dem Esstisch geht automatisch an, sobald jemand den Raum betritt. Auch Kaffeemaschine und Backofen laufen automatisch gesteuert, bevor die \u00fcbrigen Fr\u00fchst\u00fccksvorbereitungen beginnen. Deshalb duftet es in der K\u00fcche schon fr\u00fch appetitlich nach Kaffee und frischem Brot. Drau\u00dfen beginnt der M\u00e4hroboter auf dem Rasen wie von Zauberhand sein Tagwerk.<\/p><p>\u201eMama, Mama, meine Haut juckt ganz furchtbar\u201c. Als der zehnj\u00e4hrige Tommy am Fr\u00fchst\u00fcckstisch erscheint, ist er ziemlich aufgeregt. Und ein Blick seiner Mutter Julia best\u00e4tigt: Ihr Sohn hat \u00fcber Nacht Ausschlag bekommen. Was tun? Der n\u00e4chste Hautarzt hat seine Praxis in der Kreisstadt.<\/p>\t\t\t\t\t\t\t\t<\/div>\n\t\t\t\t<\/div>\n\t\t\t\t<div class=\"elementor-element elementor-element-8b287df elementor-widget elementor-widget-spacer\" data-id=\"8b287df\" data-element_type=\"widget\" data-e-type=\"widget\" data-widget_type=\"spacer.default\">\n\t\t\t\t<div class=\"elementor-widget-container\">\n\t\t\t\t\t\t\t<div class=\"elementor-spacer\">\n\t\t\t<div class=\"elementor-spacer-inner\"><\/div>\n\t\t<\/div>\n\t\t\t\t\t\t<\/div>\n\t\t\t\t<\/div>\n\t\t\t\t<div class=\"elementor-element elementor-element-d8cfb7f elementor-widget elementor-widget-heading\" data-id=\"d8cfb7f\" data-element_type=\"widget\" data-e-type=\"widget\" data-widget_type=\"heading.default\">\n\t\t\t\t<div class=\"elementor-widget-container\">\n\t\t\t\t\t<h2 class=\"elementor-heading-title elementor-size-xl\">Telemedizin macht den Alltag leichter<\/h2>\t\t\t\t<\/div>\n\t\t\t\t<\/div>\n\t\t\t\t<div class=\"elementor-element elementor-element-11e7695 elementor-widget elementor-widget-spacer\" data-id=\"11e7695\" data-element_type=\"widget\" data-e-type=\"widget\" data-widget_type=\"spacer.default\">\n\t\t\t\t<div class=\"elementor-widget-container\">\n\t\t\t\t\t\t\t<div class=\"elementor-spacer\">\n\t\t\t<div class=\"elementor-spacer-inner\"><\/div>\n\t\t<\/div>\n\t\t\t\t\t\t<\/div>\n\t\t\t\t<\/div>\n\t\t\t\t<div class=\"elementor-element elementor-element-eb8a75b elementor-widget elementor-widget-text-editor\" data-id=\"eb8a75b\" data-element_type=\"widget\" data-e-type=\"widget\" data-widget_type=\"text-editor.default\">\n\t\t\t\t<div class=\"elementor-widget-container\">\n\t\t\t\t\t\t\t\t\t<p>Der Dermatologe bietet t\u00e4glich um acht Uhr eine offene Video-Sprechstunde an und Julia Berger reserviert sofort f\u00fcr heute per Mail einen Termin. Damit der Arzt sich schon vorher ein Bild von Tommys Erkrankung machen kann, schie\u00dft sie noch schnell mit dem Handy einige Fotos. Die sind in wenigen Sekunden \u00fcber das Drahtlos-Netz im Haus in die Praxis versendet. Ein schneller und sicherer Internetzugang per Glasfaser-Anschluss sorgt dabei f\u00fcr Lichtgeschwindigkeit bei der \u00dcbertragung. \u201eDass wir so f\u00fcr Tommy ohne lange Wartezeit fach\u00e4rztlichen Rat bekommen, ist eine gro\u00dfe Erleichterung und Beruhigung f\u00fcr mich\u201c, sagt Julia Berger. \u201eFr\u00fcher war es immer so umst\u00e4ndlich, einen Termin auszumachen und dann auch noch bis in die Stadt zu fahren.\u201c<\/p><p>Unterdessen sind auch Nele und Linus am Fr\u00fchst\u00fcckstisch erschienen und Vater Bernd kontrolliert auf seinem Tablet, das \u00fcber WLAN mit der Haustechnik verbunden ist, ob mit der Heizung alles in Ordnung ist. \u201eEin toller Fortschritt, dass wir das alles so schnell, bequem und flexibel mit ein paar Klicks machen k\u00f6nnen\u201c, freut er sich.<\/p><p>Punkt 7.45 Uhr sind dann alle zu Schule und Arbeit unterwegs, wenn auch nur ein paar Schritte weit. Der 15-j\u00e4hrige Linus verl\u00e4sst heute wirklich das Haus. Die anderen arbeiten digital und starten online \u2013 von Zuhause. Bernd Berger, von Beruf Architekt, arbeitet heute, wie an drei Tagen in der Woche, im Homeoffice. An seiner Workstation im Arbeitszimmer entwirft er komplexe dreidimensionale Modelle von zuk\u00fcnftigen Wohnh\u00e4usern. \u201eDabei entstehen ziemlich gro\u00dfe Datenmengen, die ich st\u00e4ndig mit meinen Kollegen im B\u00fcro austauschen muss\u201c, berichtet Berger. Auch hier w\u00e4re ohne den schnellen Glasfaser-Zugang ins Internet im Haus der Familie kein Arbeiten m\u00f6glich.<\/p>\t\t\t\t\t\t\t\t<\/div>\n\t\t\t\t<\/div>\n\t\t\t\t<div class=\"elementor-element elementor-element-97e5bb1 elementor-widget elementor-widget-spacer\" data-id=\"97e5bb1\" data-element_type=\"widget\" data-e-type=\"widget\" data-widget_type=\"spacer.default\">\n\t\t\t\t<div class=\"elementor-widget-container\">\n\t\t\t\t\t\t\t<div class=\"elementor-spacer\">\n\t\t\t<div class=\"elementor-spacer-inner\"><\/div>\n\t\t<\/div>\n\t\t\t\t\t\t<\/div>\n\t\t\t\t<\/div>\n\t\t\t\t<div class=\"elementor-element elementor-element-3ac3590 elementor-widget elementor-widget-heading\" data-id=\"3ac3590\" data-element_type=\"widget\" data-e-type=\"widget\" data-widget_type=\"heading.default\">\n\t\t\t\t<div class=\"elementor-widget-container\">\n\t\t\t\t\t<h2 class=\"elementor-heading-title elementor-size-xl\">Homeoffice: endlich produktiv arbeiten <\/h2>\t\t\t\t<\/div>\n\t\t\t\t<\/div>\n\t\t\t\t<div class=\"elementor-element elementor-element-8b07023 elementor-widget elementor-widget-spacer\" data-id=\"8b07023\" data-element_type=\"widget\" data-e-type=\"widget\" data-widget_type=\"spacer.default\">\n\t\t\t\t<div class=\"elementor-widget-container\">\n\t\t\t\t\t\t\t<div class=\"elementor-spacer\">\n\t\t\t<div class=\"elementor-spacer-inner\"><\/div>\n\t\t<\/div>\n\t\t\t\t\t\t<\/div>\n\t\t\t\t<\/div>\n\t\t\t\t<div class=\"elementor-element elementor-element-cb91405 elementor-widget elementor-widget-text-editor\" data-id=\"cb91405\" data-element_type=\"widget\" data-e-type=\"widget\" data-widget_type=\"text-editor.default\">\n\t\t\t\t<div class=\"elementor-widget-container\">\n\t\t\t\t\t\t\t\t\t<p>Das gilt erst recht, seitdem im Bauwesen die virtuelle Realit\u00e4t Einzug h\u00e4lt. Noch bevor der erste Stein gelegt wird, k\u00f6nnen damit beispielsweise Bauherren mithilfe von Brillen und Headsets ihr k\u00fcnftiges Geb\u00e4ude realit\u00e4tsnah betreten und einen echten Eindruck davon bekommen, wie es einmal aussehen wird. \u201eWie ihr zuk\u00fcnftiges Haus einmal aussehen wird, das bewegt Menschen nat\u00fcrlich\u201c, plaudert der Architekt. \u201eModerne Technik macht es uns m\u00f6glich, ihnen das realistisch zu zeigen.\u201c Welcher Bauherr und welche Familie m\u00f6chten schlie\u00dflich nicht wissen, wie sie einmal leben werden? \u201eSo k\u00f6nnen wir alle viel besser gemeinsam beratschlagen.\u201c<\/p><p>W\u00e4hrend Bernd Berger die H\u00e4user der Zukunft entwirft, ist seine Tochter Nele in der Gegenwart unterwegs. Sie studiert Lehramt und muss deshalb viel lesen, schreiben und mit Kommilitonen zusammenarbeiten. Dabei ist sie auf schnelles Internet angewiesen. Mit dem Glasfaser-Anschluss der Familie kann sie von zu Hause aus gleichzeitig in der Online-Bibliothek ihrer Universit\u00e4t recherchieren, w\u00e4hrend sie sich den Video-Mitschnitt der letzten Vorlesung anschaut.<\/p><p>Unterdessen ist es f\u00fcr Julia und Tommy Zeit, sich zum vereinbarten Telemedizin-Termin mit dem Hautarzt vor der Webcam einzufinden. Der hat sich schon die Fotos angeschaut und vermutet eine Nesselsucht. Im Gespr\u00e4ch stellt sich heraus, dass Berger Junior seit drei Tagen ein Medikament einnimmt. Das k\u00f6nnte die allergische Reaktion ausgel\u00f6st haben. Der Arzt empfiehlt, das neue Mittel erst einmal abzusetzen und zu schauen, was dann passiert. An Schule ist f\u00fcr Tommy heute auf jeden Fall nicht zu denken. Er wird heute von Zuhause aus lernen.<\/p>\t\t\t\t\t\t\t\t<\/div>\n\t\t\t\t<\/div>\n\t\t\t\t<div class=\"elementor-element elementor-element-7a34210 elementor-widget elementor-widget-spacer\" data-id=\"7a34210\" data-element_type=\"widget\" data-e-type=\"widget\" data-widget_type=\"spacer.default\">\n\t\t\t\t<div class=\"elementor-widget-container\">\n\t\t\t\t\t\t\t<div class=\"elementor-spacer\">\n\t\t\t<div class=\"elementor-spacer-inner\"><\/div>\n\t\t<\/div>\n\t\t\t\t\t\t<\/div>\n\t\t\t\t<\/div>\n\t\t\t\t<div class=\"elementor-element elementor-element-2e59ad6 elementor-widget elementor-widget-heading\" data-id=\"2e59ad6\" data-element_type=\"widget\" data-e-type=\"widget\" data-widget_type=\"heading.default\">\n\t\t\t\t<div class=\"elementor-widget-container\">\n\t\t\t\t\t<h2 class=\"elementor-heading-title elementor-size-xl\">Bilder, Filme, Informationen \u2013 alles mit Blitzgeschwindigkeit<\/h2>\t\t\t\t<\/div>\n\t\t\t\t<\/div>\n\t\t\t\t<div class=\"elementor-element elementor-element-8fb61e1 elementor-widget elementor-widget-spacer\" data-id=\"8fb61e1\" data-element_type=\"widget\" data-e-type=\"widget\" data-widget_type=\"spacer.default\">\n\t\t\t\t<div class=\"elementor-widget-container\">\n\t\t\t\t\t\t\t<div class=\"elementor-spacer\">\n\t\t\t<div class=\"elementor-spacer-inner\"><\/div>\n\t\t<\/div>\n\t\t\t\t\t\t<\/div>\n\t\t\t\t<\/div>\n\t\t\t\t<div class=\"elementor-element elementor-element-78f4828 elementor-widget elementor-widget-text-editor\" data-id=\"78f4828\" data-element_type=\"widget\" data-e-type=\"widget\" data-widget_type=\"text-editor.default\">\n\t\t\t\t<div class=\"elementor-widget-container\">\n\t\t\t\t\t\t\t\t\t<p>Julia Berger hat nun jede Menge Arbeit auf dem Schreibtisch in ihrem Arbeitszimmer liegen. Gemeinsam mit ihrem Bruder hat sie den Familienbauernhof geerbt. Der ist seit Generationen im Familienbesitz. Bruder Timo hat ihn von traditioneller Landwirtschaft und Viehhaltung auf modernen biologischen Anbau von Gem\u00fcse umgestellt. Und w\u00e4hrend Timo sich um den Anbau k\u00fcmmert, hat Julia als ausgebildete Kauffrau die Aufgabe \u00fcbernommen, die heimischen Produkte zu vermarkten.<\/p><p>\u201eIch habe vor drei Jahren einen gut florierenden Onlineshop aufgebaut\u201c, erz\u00e4hlt sie mit leuchtenden Augen von ihrem Herzensprojekt. Hier werden nicht nur die eigenen Produkte angeboten. \u201eWir haben uns mit rund 20 Erzeugern zusammengeschlossen, die alle eine gemeinsame Philosophie verfolgen\u201c, berichtet sie. Die Kunden k\u00f6nnen unterschiedliche Bioprodukte, die alle aus der Region stammen, online bestellen und bekommen ihre Ware gebracht. Oder sie reservieren ihre Wunschartikel und holen sie im eigenen Hofladen der Bergers ab. Den ganzen Vormittag \u00fcber telefoniert Julia Berger, liest und beantwortet Mails, schreibt Rechnungen, fotografiert neue Produkte und stellt sie in den Shop ein.<\/p><p>Die Kunden sind anspruchsvoll, wollen gute Beratung und Information \u00fcber die \u201egr\u00fcnen\u201c Angebote aus ihrer Gegend. Deshalb sind viele Fotos und Videos wichtig, die den Geschmack der K\u00e4ufer treffen und Lust auf den Einkauf und den Genuss wecken. Das geht heute mit gro\u00dfer Geschwindigkeit und vor allem zuverl\u00e4ssig und sicher. \u201eDas war zu den Anfangszeiten noch ohne schnelles Internet oft ein Abenteuer\u201c, erinnert sie sich. \u201eImmer ruckelte irgendwas und ich musste lange warten, bis ich gro\u00dfe Dateien hochladen konnte.\u201c Letztlich war das auch der Antrieb, warum die Familie auf Glasfaser umgestiegen ist: mehr Bandbreite, blitzschneller Zugang zum Web. \u201eF\u00fcr uns als Familie, aber auch f\u00fcr meine Selbstst\u00e4ndigkeit kann ich mir ein Leben ohne schnelles Internet nicht mehr vorstellen. F\u00fcr uns war die Umstellung auf Glasfaser in vielen Lebensbereichen eine gro\u00dfe Erleichterung\u201c, strahlt Julia Berger.<\/p><p>Die Zeit vergeht wie im Flug, aber ihre Smartwatch erinnert Julia daran, dass in einer dreiviertel Stunde \u2013 etwa gegen 14.30 Uhr \u2013 Linus aus der Schule zur\u00fcckkommt. Kochb\u00fccher? \u201eBei uns alles digital, das geht schneller und ist einfacher\u201c, meint sie. Das Rezept l\u00e4sst sie sich vom Sprachassistenten in der K\u00fcche vorlesen. Daf\u00fcr, dass alle notwendigen Zutaten vorhanden sind, sorgt der K\u00fchlschrank selbst. Per Smartphone-App kann Julia jederzeit den Inhalt \u00fcberpr\u00fcfen, den sie \u00fcber die Kamera im Inneren des Ger\u00e4tes einsehen kann. \u201eDa packt man wirklich nur noch das ein, was n\u00f6tig und nicht vorhanden ist\u201c, schw\u00e4rmt Julia Berger f\u00fcr diese neue nachhaltigere Form des Einkaufens.<\/p><p>Um 15 Uhr sind alle f\u00fcnf Bergers zwar Zuhause, aber dennoch schnell unterwegs \u2013 digital n\u00e4mlich. \u201eDas war fr\u00fcher immer der Zeitpunkt, an dem wirklich gar nichts mehr ging\u201c, wei\u00df Studentin Nele noch. Gerade arbeitet die 20-j\u00e4hrige mit Kommilitonen an einem Semester-Projekt und verfolgt deshalb ein Live-Seminar auf dem Bildschirm in ihrem Zimmer. Bruder Linus muss in zwei Tagen ein Referat f\u00fcr seinen Deutschkurs halten. Deshalb klickt er sich in gerade in ein YouTube-Video \u00fcber Kurt Tucholsky. Und auch er findet: \u201eDas zu h\u00f6ren und zu sehen hilft mir super beim Lernen. In dem Video finde ich noch viele Dinge, die mich neugierig machen, mehr zu erfahren.\u201c<\/p>\t\t\t\t\t\t\t\t<\/div>\n\t\t\t\t<\/div>\n\t\t\t\t<div class=\"elementor-element elementor-element-7e1570c elementor-widget elementor-widget-spacer\" data-id=\"7e1570c\" data-element_type=\"widget\" data-e-type=\"widget\" data-widget_type=\"spacer.default\">\n\t\t\t\t<div class=\"elementor-widget-container\">\n\t\t\t\t\t\t\t<div class=\"elementor-spacer\">\n\t\t\t<div class=\"elementor-spacer-inner\"><\/div>\n\t\t<\/div>\n\t\t\t\t\t\t<\/div>\n\t\t\t\t<\/div>\n\t\t\t\t<div class=\"elementor-element elementor-element-ce3c66b elementor-widget elementor-widget-image\" data-id=\"ce3c66b\" data-element_type=\"widget\" data-e-type=\"widget\" data-widget_type=\"image.default\">\n\t\t\t\t<div class=\"elementor-widget-container\">\n\t\t\t\t\t\t\t\t\t\t\t\t\t\t\t<img fetchpriority=\"high\" decoding=\"async\" width=\"768\" height=\"432\" src=\"https:\/\/www.deutsche-glasfaser.de\/blog\/wp-content\/uploads\/2022\/07\/bild_alltag_glasfaser-768x432.jpg\" class=\"attachment-medium_large size-medium_large wp-image-10146\" alt=\"\" srcset=\"https:\/\/www.deutsche-glasfaser.de\/blog\/wp-content\/uploads\/2022\/07\/bild_alltag_glasfaser-768x432.jpg 768w, https:\/\/www.deutsche-glasfaser.de\/blog\/wp-content\/uploads\/2022\/07\/bild_alltag_glasfaser-300x169.jpg 300w, https:\/\/www.deutsche-glasfaser.de\/blog\/wp-content\/uploads\/2022\/07\/bild_alltag_glasfaser.jpg 800w\" sizes=\"(max-width: 768px) 100vw, 768px\" \/>\t\t\t\t\t\t\t\t\t\t\t\t\t\t\t<\/div>\n\t\t\t\t<\/div>\n\t\t\t\t<div class=\"elementor-element elementor-element-4756526 elementor-widget elementor-widget-spacer\" data-id=\"4756526\" data-element_type=\"widget\" data-e-type=\"widget\" data-widget_type=\"spacer.default\">\n\t\t\t\t<div class=\"elementor-widget-container\">\n\t\t\t\t\t\t\t<div class=\"elementor-spacer\">\n\t\t\t<div class=\"elementor-spacer-inner\"><\/div>\n\t\t<\/div>\n\t\t\t\t\t\t<\/div>\n\t\t\t\t<\/div>\n\t\t\t\t<div class=\"elementor-element elementor-element-cf927ac elementor-widget elementor-widget-heading\" data-id=\"cf927ac\" data-element_type=\"widget\" data-e-type=\"widget\" data-widget_type=\"heading.default\">\n\t\t\t\t<div class=\"elementor-widget-container\">\n\t\t\t\t\t<h2 class=\"elementor-heading-title elementor-size-xl\">Spiel, Spa\u00df, Spannung \u2013 auch die J\u00fcngsten freuen sich <\/h2>\t\t\t\t<\/div>\n\t\t\t\t<\/div>\n\t\t\t\t<div class=\"elementor-element elementor-element-c8234a1 elementor-widget elementor-widget-spacer\" data-id=\"c8234a1\" data-element_type=\"widget\" data-e-type=\"widget\" data-widget_type=\"spacer.default\">\n\t\t\t\t<div class=\"elementor-widget-container\">\n\t\t\t\t\t\t\t<div class=\"elementor-spacer\">\n\t\t\t<div class=\"elementor-spacer-inner\"><\/div>\n\t\t<\/div>\n\t\t\t\t\t\t<\/div>\n\t\t\t\t<\/div>\n\t\t\t\t<div class=\"elementor-element elementor-element-51931d3 elementor-widget elementor-widget-text-editor\" data-id=\"51931d3\" data-element_type=\"widget\" data-e-type=\"widget\" data-widget_type=\"text-editor.default\">\n\t\t\t\t<div class=\"elementor-widget-container\">\n\t\t\t\t\t\t\t\t\t<p>W\u00e4hrend es drau\u00dfen regnet, macht es sich Tommy ein Zimmer weiter gem\u00fctlich. Mit seiner Playstation und seinem Headset taucht er in virtuelle Spielwelten ein. Sein aktuelles Lieblingsgame ist \u201eVader Immortal\u201c aus der Star Wars-Serie, das er gerne gemeinsam mit seinem Freund Leon spielt. Der ist inzwischen zu Besuch gekommen und gemeinsam perfektionieren die beiden Helden ihre Lichtschwertk\u00fcnste in der virtuellen Realit\u00e4t.<\/p><p>Wenn das Wetter mal nicht so sch\u00f6n ist, verbringen die beiden ihren Nachmittag gerne gemeinsam beim Streamen. Tommy liebt Disney-Zeichentrickfilme und Leon, der mal Tierarzt werden m\u00f6chte, Tierdokumentationen. Deshalb verabreden sich die beiden auch bei Tommy. \u201eDa k\u00f6nnen wir einen ganzen Film von Anfang bis Ende sehen.\u201c Dass Bild und Ton ausgerechnet immer dann abbrachen, wenn es gerade besonders spannend war, geh\u00f6rt inzwischen der Vergangenheit an. Schnelles Internet sorgt f\u00fcr guten Empfang. \u201eDas war total doof, wenn wir nicht zu Ende gucken konnten\u201c, ist Tommys knapper Kommentar, bevor er sich wieder ins spannende Geschehen auf dem Bildschirm vertieft.<\/p>\t\t\t\t\t\t\t\t<\/div>\n\t\t\t\t<\/div>\n\t\t\t\t<div class=\"elementor-element elementor-element-6c7d3fe elementor-widget elementor-widget-spacer\" data-id=\"6c7d3fe\" data-element_type=\"widget\" data-e-type=\"widget\" data-widget_type=\"spacer.default\">\n\t\t\t\t<div class=\"elementor-widget-container\">\n\t\t\t\t\t\t\t<div class=\"elementor-spacer\">\n\t\t\t<div class=\"elementor-spacer-inner\"><\/div>\n\t\t<\/div>\n\t\t\t\t\t\t<\/div>\n\t\t\t\t<\/div>\n\t\t\t\t<div class=\"elementor-element elementor-element-bed2718 elementor-widget elementor-widget-heading\" data-id=\"bed2718\" data-element_type=\"widget\" data-e-type=\"widget\" data-widget_type=\"heading.default\">\n\t\t\t\t<div class=\"elementor-widget-container\">\n\t\t\t\t\t<h2 class=\"elementor-heading-title elementor-size-xl\">Oma und Opa chatten mit den Enkeln<\/h2>\t\t\t\t<\/div>\n\t\t\t\t<\/div>\n\t\t\t\t<div class=\"elementor-element elementor-element-94d0ee2 elementor-widget elementor-widget-spacer\" data-id=\"94d0ee2\" data-element_type=\"widget\" data-e-type=\"widget\" data-widget_type=\"spacer.default\">\n\t\t\t\t<div class=\"elementor-widget-container\">\n\t\t\t\t\t\t\t<div class=\"elementor-spacer\">\n\t\t\t<div class=\"elementor-spacer-inner\"><\/div>\n\t\t<\/div>\n\t\t\t\t\t\t<\/div>\n\t\t\t\t<\/div>\n\t\t\t\t<div class=\"elementor-element elementor-element-f98bd2c elementor-widget elementor-widget-image\" data-id=\"f98bd2c\" data-element_type=\"widget\" data-e-type=\"widget\" data-widget_type=\"image.default\">\n\t\t\t\t<div class=\"elementor-widget-container\">\n\t\t\t\t\t\t\t\t\t\t\t\t\t\t\t<img decoding=\"async\" width=\"768\" height=\"553\" src=\"https:\/\/www.deutsche-glasfaser.de\/blog\/wp-content\/uploads\/2022\/07\/bild_alltag_glasfaser_2-768x553.jpg\" class=\"attachment-medium_large size-medium_large wp-image-10147\" alt=\"\" srcset=\"https:\/\/www.deutsche-glasfaser.de\/blog\/wp-content\/uploads\/2022\/07\/bild_alltag_glasfaser_2-768x553.jpg 768w, https:\/\/www.deutsche-glasfaser.de\/blog\/wp-content\/uploads\/2022\/07\/bild_alltag_glasfaser_2-300x216.jpg 300w, https:\/\/www.deutsche-glasfaser.de\/blog\/wp-content\/uploads\/2022\/07\/bild_alltag_glasfaser_2.jpg 800w\" sizes=\"(max-width: 768px) 100vw, 768px\" \/>\t\t\t\t\t\t\t\t\t\t\t\t\t\t\t<\/div>\n\t\t\t\t<\/div>\n\t\t\t\t<div class=\"elementor-element elementor-element-44200e9 elementor-widget elementor-widget-spacer\" data-id=\"44200e9\" data-element_type=\"widget\" data-e-type=\"widget\" data-widget_type=\"spacer.default\">\n\t\t\t\t<div class=\"elementor-widget-container\">\n\t\t\t\t\t\t\t<div class=\"elementor-spacer\">\n\t\t\t<div class=\"elementor-spacer-inner\"><\/div>\n\t\t<\/div>\n\t\t\t\t\t\t<\/div>\n\t\t\t\t<\/div>\n\t\t\t\t<div class=\"elementor-element elementor-element-08aab86 elementor-widget elementor-widget-text-editor\" data-id=\"08aab86\" data-element_type=\"widget\" data-e-type=\"widget\" data-widget_type=\"text-editor.default\">\n\t\t\t\t<div class=\"elementor-widget-container\">\n\t\t\t\t\t\t\t\t\t<p>Es ist 20 Uhr und Bernd und Julia Berger haben es sich mit N\u00fcssen zum Knabbern, leckeren Gem\u00fcsesnacks und einem Glas Rotwein auf der Couch gem\u00fctlich gemacht. Sie wollen entspannt zusammen eine Kom\u00f6die auf einem der vielen Kabel-TV-Kan\u00e4le anschauen. Nele streamt noch ein paar Episoden ihre Lieblingsserie bei Netflix. Und Tommy fiebert bei der Live\u00fcbertragung eines Champions-League-Spiels mit. Linus dagegen verfolgt hingerissen den Konzertmitschnitt einer Band mit, deren gro\u00dfer Fan er ist.<\/p><p>Ein Leben ohne schnelles und zuverl\u00e4ssiges Internet? F\u00fcr die Bergers nicht mehr vorstellbar. \u201eUnser Leben ist leichter und komfortabler geworden und wir k\u00f6nnen alle f\u00fcnf unserer Arbeit und unseren Hobbys nachgehen, ohne dass immer einer auf den anderen warten muss\u201c, sind sie sich einig.<\/p><p>Mit ihrer Begeisterung hat die Familie auch gleich noch die Gro\u00dfeltern \u00fcberzeugt. Die wohnen einige hundert Kilometer entfernt und alle Generationen kommen eher selten zusammen. Aber da Oma und Opa zwei fitte und aufgeschlossene Senioren sind, waren sie offen f\u00fcr das Thema Videochat. \u201eUnd nun zoomen oder skypen wir eben regelm\u00e4\u00dfig und k\u00f6nnen uns auf diese Art und Weise viel \u00f6fter sehen.\u201c Tommy sprudelt nur so beim Erz\u00e4hlen, schlie\u00dflich hat er f\u00fcr seinen Fu\u00dfballverein beim letzten Spiel gegen die Mannschaft aus dem Nachbarort das alles entscheidende Tor gemacht. Und das bei einem richtig starken Gegner. Oma Luise lobt ihn \u00fcberschw\u00e4nglich. \u201eToller Erfolg, Gro\u00dfer. Ich bin so stolz auf Dich\u201c. Enkel und Gro\u00dfmutter strahlen um die Wette, wenn die Kinder von Schule, Alltag und Studium berichten. Oder wenn Opa seine neueste Bastelarbeit in die Kamera h\u00e4lt und Julia den Schwiegereltern neue Produkte aus dem Shop zeigt. Alltag bei Familie Berger eben \u2013 digital normal.<\/p>\t\t\t\t\t\t\t\t<\/div>\n\t\t\t\t<\/div>\n\t\t\t\t\t<\/div>\n\t\t<\/div>\n\t\t\t\t\t<\/div>\n\t\t<\/section>\n\t\t\t\t<\/div>\n\t\t","protected":false},"excerpt":{"rendered":"<p>Ein normaler Tag bei Familie Berger. Ob Freizeit, Arbeit, Arztbesuch oder intelligente Haustechnik: Ohne schnelles Internet w\u00e4re bei den Bergers manches nicht so einfach. <\/p>\n","protected":false},"author":5,"featured_media":10145,"comment_status":"open","ping_status":"open","sticky":false,"template":"","format":"standard","meta":{"footnotes":""},"categories":[1],"tags":[],"class_list":["post-10144","post","type-post","status-publish","format-standard","has-post-thumbnail","hentry","category-service"],"yoast_head":"<!-- This site is optimized with the Yoast SEO plugin v27.5 - https:\/\/yoast.com\/product\/yoast-seo-wordpress\/ -->\n<title>Mit Lichtgeschwindigkeit unterwegs im Internet - Deutsche Glasfaser<\/title>\n<meta name=\"description\" content=\"Wie k\u00f6nnte der Alltag mit Glasfaser aussehen? Hier erfahren Sie warum ein lichtschneller FTTH-Anschluss auch das t\u00e4gliche Leben komfortabler macht.\" \/>\n<meta name=\"robots\" content=\"index, follow, max-snippet:-1, max-image-preview:large, max-video-preview:-1\" \/>\n<link rel=\"canonical\" href=\"https:\/\/www.deutsche-glasfaser.de\/blog\/mit-lichtgeschwindigkeit-unterwegs-im-internet\/\" \/>\n<meta property=\"og:locale\" content=\"de_DE\" \/>\n<meta property=\"og:type\" content=\"article\" \/>\n<meta property=\"og:title\" content=\"Mit Lichtgeschwindigkeit unterwegs im Internet - Deutsche Glasfaser\" \/>\n<meta property=\"og:description\" content=\"Wie k\u00f6nnte der Alltag mit Glasfaser aussehen? Hier erfahren Sie warum ein lichtschneller FTTH-Anschluss auch das t\u00e4gliche Leben komfortabler macht.\" \/>\n<meta property=\"og:url\" content=\"https:\/\/www.deutsche-glasfaser.de\/blog\/mit-lichtgeschwindigkeit-unterwegs-im-internet\/\" \/>\n<meta property=\"og:site_name\" content=\"Digitales B\u00fcrgernetz\" \/>\n<meta property=\"article:published_time\" content=\"2022-09-27T07:00:00+00:00\" \/>\n<meta property=\"og:image\" content=\"https:\/\/www.deutsche-glasfaser.de\/blog\/wp-content\/uploads\/2022\/07\/header_alltag_mit_glasfaser.jpg\" \/>\n\t<meta property=\"og:image:width\" content=\"1500\" \/>\n\t<meta property=\"og:image:height\" content=\"705\" \/>\n\t<meta property=\"og:image:type\" content=\"image\/jpeg\" \/>\n<meta name=\"author\" content=\"Deutsche Glasfaser\" \/>\n<meta name=\"twitter:card\" content=\"summary_large_image\" \/>\n<meta name=\"twitter:label1\" content=\"Verfasst von\" \/>\n\t<meta name=\"twitter:data1\" content=\"Deutsche Glasfaser\" \/>\n\t<meta name=\"twitter:label2\" content=\"Gesch\u00e4tzte Lesezeit\" \/>\n\t<meta name=\"twitter:data2\" content=\"10\u00a0Minuten\" \/>\n<script type=\"application\/ld+json\" class=\"yoast-schema-graph\">{\"@context\":\"https:\\\/\\\/schema.org\",\"@graph\":[{\"@type\":\"Article\",\"@id\":\"https:\\\/\\\/www.deutsche-glasfaser.de\\\/blog\\\/mit-lichtgeschwindigkeit-unterwegs-im-internet\\\/#article\",\"isPartOf\":{\"@id\":\"https:\\\/\\\/www.deutsche-glasfaser.de\\\/blog\\\/mit-lichtgeschwindigkeit-unterwegs-im-internet\\\/\"},\"author\":{\"name\":\"Deutsche Glasfaser\",\"@id\":\"https:\\\/\\\/www.deutsche-glasfaser.de\\\/blog\\\/#\\\/schema\\\/person\\\/9380a6dc7443d77143d0c66c409f574b\"},\"headline\":\"Mit Lichtgeschwindigkeit unterwegs im Internet\",\"datePublished\":\"2022-09-27T07:00:00+00:00\",\"mainEntityOfPage\":{\"@id\":\"https:\\\/\\\/www.deutsche-glasfaser.de\\\/blog\\\/mit-lichtgeschwindigkeit-unterwegs-im-internet\\\/\"},\"wordCount\":1803,\"commentCount\":0,\"publisher\":{\"@id\":\"https:\\\/\\\/www.deutsche-glasfaser.de\\\/blog\\\/#organization\"},\"image\":{\"@id\":\"https:\\\/\\\/www.deutsche-glasfaser.de\\\/blog\\\/mit-lichtgeschwindigkeit-unterwegs-im-internet\\\/#primaryimage\"},\"thumbnailUrl\":\"https:\\\/\\\/www.deutsche-glasfaser.de\\\/blog\\\/wp-content\\\/uploads\\\/2022\\\/07\\\/header_alltag_mit_glasfaser.jpg\",\"articleSection\":[\"Service\"],\"inLanguage\":\"de\",\"potentialAction\":[{\"@type\":\"CommentAction\",\"name\":\"Comment\",\"target\":[\"https:\\\/\\\/www.deutsche-glasfaser.de\\\/blog\\\/mit-lichtgeschwindigkeit-unterwegs-im-internet\\\/#respond\"]}]},{\"@type\":\"WebPage\",\"@id\":\"https:\\\/\\\/www.deutsche-glasfaser.de\\\/blog\\\/mit-lichtgeschwindigkeit-unterwegs-im-internet\\\/\",\"url\":\"https:\\\/\\\/www.deutsche-glasfaser.de\\\/blog\\\/mit-lichtgeschwindigkeit-unterwegs-im-internet\\\/\",\"name\":\"Mit Lichtgeschwindigkeit unterwegs im Internet - Deutsche Glasfaser\",\"isPartOf\":{\"@id\":\"https:\\\/\\\/www.deutsche-glasfaser.de\\\/blog\\\/#website\"},\"primaryImageOfPage\":{\"@id\":\"https:\\\/\\\/www.deutsche-glasfaser.de\\\/blog\\\/mit-lichtgeschwindigkeit-unterwegs-im-internet\\\/#primaryimage\"},\"image\":{\"@id\":\"https:\\\/\\\/www.deutsche-glasfaser.de\\\/blog\\\/mit-lichtgeschwindigkeit-unterwegs-im-internet\\\/#primaryimage\"},\"thumbnailUrl\":\"https:\\\/\\\/www.deutsche-glasfaser.de\\\/blog\\\/wp-content\\\/uploads\\\/2022\\\/07\\\/header_alltag_mit_glasfaser.jpg\",\"datePublished\":\"2022-09-27T07:00:00+00:00\",\"description\":\"Wie k\u00f6nnte der Alltag mit Glasfaser aussehen? Hier erfahren Sie warum ein lichtschneller FTTH-Anschluss auch das t\u00e4gliche Leben komfortabler macht.\",\"inLanguage\":\"de\",\"potentialAction\":[{\"@type\":\"ReadAction\",\"target\":[\"https:\\\/\\\/www.deutsche-glasfaser.de\\\/blog\\\/mit-lichtgeschwindigkeit-unterwegs-im-internet\\\/\"]}]},{\"@type\":\"ImageObject\",\"inLanguage\":\"de\",\"@id\":\"https:\\\/\\\/www.deutsche-glasfaser.de\\\/blog\\\/mit-lichtgeschwindigkeit-unterwegs-im-internet\\\/#primaryimage\",\"url\":\"https:\\\/\\\/www.deutsche-glasfaser.de\\\/blog\\\/wp-content\\\/uploads\\\/2022\\\/07\\\/header_alltag_mit_glasfaser.jpg\",\"contentUrl\":\"https:\\\/\\\/www.deutsche-glasfaser.de\\\/blog\\\/wp-content\\\/uploads\\\/2022\\\/07\\\/header_alltag_mit_glasfaser.jpg\",\"width\":1500,\"height\":705},{\"@type\":\"WebSite\",\"@id\":\"https:\\\/\\\/www.deutsche-glasfaser.de\\\/blog\\\/#website\",\"url\":\"https:\\\/\\\/www.deutsche-glasfaser.de\\\/blog\\\/\",\"name\":\"Digitales B\u00fcrgernetz\",\"description\":\"Deutsche Glasfaser Blog\",\"publisher\":{\"@id\":\"https:\\\/\\\/www.deutsche-glasfaser.de\\\/blog\\\/#organization\"},\"potentialAction\":[{\"@type\":\"SearchAction\",\"target\":{\"@type\":\"EntryPoint\",\"urlTemplate\":\"https:\\\/\\\/www.deutsche-glasfaser.de\\\/blog\\\/?s={search_term_string}\"},\"query-input\":{\"@type\":\"PropertyValueSpecification\",\"valueRequired\":true,\"valueName\":\"search_term_string\"}}],\"inLanguage\":\"de\"},{\"@type\":\"Organization\",\"@id\":\"https:\\\/\\\/www.deutsche-glasfaser.de\\\/blog\\\/#organization\",\"name\":\"Digitales B\u00fcrgernetz\",\"url\":\"https:\\\/\\\/www.deutsche-glasfaser.de\\\/blog\\\/\",\"logo\":{\"@type\":\"ImageObject\",\"inLanguage\":\"de\",\"@id\":\"https:\\\/\\\/www.deutsche-glasfaser.de\\\/blog\\\/#\\\/schema\\\/logo\\\/image\\\/\",\"url\":\"https:\\\/\\\/www.deutsche-glasfaser.de\\\/blog\\\/wp-content\\\/uploads\\\/2021\\\/08\\\/DGF_Logo_Basis_RGB-Large@2x.png\",\"contentUrl\":\"https:\\\/\\\/www.deutsche-glasfaser.de\\\/blog\\\/wp-content\\\/uploads\\\/2021\\\/08\\\/DGF_Logo_Basis_RGB-Large@2x.png\",\"width\":312,\"height\":104,\"caption\":\"Digitales B\u00fcrgernetz\"},\"image\":{\"@id\":\"https:\\\/\\\/www.deutsche-glasfaser.de\\\/blog\\\/#\\\/schema\\\/logo\\\/image\\\/\"}},{\"@type\":\"Person\",\"@id\":\"https:\\\/\\\/www.deutsche-glasfaser.de\\\/blog\\\/#\\\/schema\\\/person\\\/9380a6dc7443d77143d0c66c409f574b\",\"name\":\"Deutsche Glasfaser\"}]}<\/script>\n<!-- \/ Yoast SEO plugin. -->","yoast_head_json":{"title":"Mit Lichtgeschwindigkeit unterwegs im Internet - Deutsche Glasfaser","description":"Wie k\u00f6nnte der Alltag mit Glasfaser aussehen? Hier erfahren Sie warum ein lichtschneller FTTH-Anschluss auch das t\u00e4gliche Leben komfortabler macht.","robots":{"index":"index","follow":"follow","max-snippet":"max-snippet:-1","max-image-preview":"max-image-preview:large","max-video-preview":"max-video-preview:-1"},"canonical":"https:\/\/www.deutsche-glasfaser.de\/blog\/mit-lichtgeschwindigkeit-unterwegs-im-internet\/","og_locale":"de_DE","og_type":"article","og_title":"Mit Lichtgeschwindigkeit unterwegs im Internet - Deutsche Glasfaser","og_description":"Wie k\u00f6nnte der Alltag mit Glasfaser aussehen? Hier erfahren Sie warum ein lichtschneller FTTH-Anschluss auch das t\u00e4gliche Leben komfortabler macht.","og_url":"https:\/\/www.deutsche-glasfaser.de\/blog\/mit-lichtgeschwindigkeit-unterwegs-im-internet\/","og_site_name":"Digitales B\u00fcrgernetz","article_published_time":"2022-09-27T07:00:00+00:00","og_image":[{"width":1500,"height":705,"url":"https:\/\/www.deutsche-glasfaser.de\/blog\/wp-content\/uploads\/2022\/07\/header_alltag_mit_glasfaser.jpg","type":"image\/jpeg"}],"author":"Deutsche Glasfaser","twitter_card":"summary_large_image","twitter_misc":{"Verfasst von":"Deutsche Glasfaser","Gesch\u00e4tzte Lesezeit":"10\u00a0Minuten"},"schema":{"@context":"https:\/\/schema.org","@graph":[{"@type":"Article","@id":"https:\/\/www.deutsche-glasfaser.de\/blog\/mit-lichtgeschwindigkeit-unterwegs-im-internet\/#article","isPartOf":{"@id":"https:\/\/www.deutsche-glasfaser.de\/blog\/mit-lichtgeschwindigkeit-unterwegs-im-internet\/"},"author":{"name":"Deutsche Glasfaser","@id":"https:\/\/www.deutsche-glasfaser.de\/blog\/#\/schema\/person\/9380a6dc7443d77143d0c66c409f574b"},"headline":"Mit Lichtgeschwindigkeit unterwegs im Internet","datePublished":"2022-09-27T07:00:00+00:00","mainEntityOfPage":{"@id":"https:\/\/www.deutsche-glasfaser.de\/blog\/mit-lichtgeschwindigkeit-unterwegs-im-internet\/"},"wordCount":1803,"commentCount":0,"publisher":{"@id":"https:\/\/www.deutsche-glasfaser.de\/blog\/#organization"},"image":{"@id":"https:\/\/www.deutsche-glasfaser.de\/blog\/mit-lichtgeschwindigkeit-unterwegs-im-internet\/#primaryimage"},"thumbnailUrl":"https:\/\/www.deutsche-glasfaser.de\/blog\/wp-content\/uploads\/2022\/07\/header_alltag_mit_glasfaser.jpg","articleSection":["Service"],"inLanguage":"de","potentialAction":[{"@type":"CommentAction","name":"Comment","target":["https:\/\/www.deutsche-glasfaser.de\/blog\/mit-lichtgeschwindigkeit-unterwegs-im-internet\/#respond"]}]},{"@type":"WebPage","@id":"https:\/\/www.deutsche-glasfaser.de\/blog\/mit-lichtgeschwindigkeit-unterwegs-im-internet\/","url":"https:\/\/www.deutsche-glasfaser.de\/blog\/mit-lichtgeschwindigkeit-unterwegs-im-internet\/","name":"Mit Lichtgeschwindigkeit unterwegs im Internet - Deutsche Glasfaser","isPartOf":{"@id":"https:\/\/www.deutsche-glasfaser.de\/blog\/#website"},"primaryImageOfPage":{"@id":"https:\/\/www.deutsche-glasfaser.de\/blog\/mit-lichtgeschwindigkeit-unterwegs-im-internet\/#primaryimage"},"image":{"@id":"https:\/\/www.deutsche-glasfaser.de\/blog\/mit-lichtgeschwindigkeit-unterwegs-im-internet\/#primaryimage"},"thumbnailUrl":"https:\/\/www.deutsche-glasfaser.de\/blog\/wp-content\/uploads\/2022\/07\/header_alltag_mit_glasfaser.jpg","datePublished":"2022-09-27T07:00:00+00:00","description":"Wie k\u00f6nnte der Alltag mit Glasfaser aussehen? Hier erfahren Sie warum ein lichtschneller FTTH-Anschluss auch das t\u00e4gliche Leben komfortabler macht.","inLanguage":"de","potentialAction":[{"@type":"ReadAction","target":["https:\/\/www.deutsche-glasfaser.de\/blog\/mit-lichtgeschwindigkeit-unterwegs-im-internet\/"]}]},{"@type":"ImageObject","inLanguage":"de","@id":"https:\/\/www.deutsche-glasfaser.de\/blog\/mit-lichtgeschwindigkeit-unterwegs-im-internet\/#primaryimage","url":"https:\/\/www.deutsche-glasfaser.de\/blog\/wp-content\/uploads\/2022\/07\/header_alltag_mit_glasfaser.jpg","contentUrl":"https:\/\/www.deutsche-glasfaser.de\/blog\/wp-content\/uploads\/2022\/07\/header_alltag_mit_glasfaser.jpg","width":1500,"height":705},{"@type":"WebSite","@id":"https:\/\/www.deutsche-glasfaser.de\/blog\/#website","url":"https:\/\/www.deutsche-glasfaser.de\/blog\/","name":"Digitales B\u00fcrgernetz","description":"Deutsche Glasfaser Blog","publisher":{"@id":"https:\/\/www.deutsche-glasfaser.de\/blog\/#organization"},"potentialAction":[{"@type":"SearchAction","target":{"@type":"EntryPoint","urlTemplate":"https:\/\/www.deutsche-glasfaser.de\/blog\/?s={search_term_string}"},"query-input":{"@type":"PropertyValueSpecification","valueRequired":true,"valueName":"search_term_string"}}],"inLanguage":"de"},{"@type":"Organization","@id":"https:\/\/www.deutsche-glasfaser.de\/blog\/#organization","name":"Digitales B\u00fcrgernetz","url":"https:\/\/www.deutsche-glasfaser.de\/blog\/","logo":{"@type":"ImageObject","inLanguage":"de","@id":"https:\/\/www.deutsche-glasfaser.de\/blog\/#\/schema\/logo\/image\/","url":"https:\/\/www.deutsche-glasfaser.de\/blog\/wp-content\/uploads\/2021\/08\/DGF_Logo_Basis_RGB-Large@2x.png","contentUrl":"https:\/\/www.deutsche-glasfaser.de\/blog\/wp-content\/uploads\/2021\/08\/DGF_Logo_Basis_RGB-Large@2x.png","width":312,"height":104,"caption":"Digitales B\u00fcrgernetz"},"image":{"@id":"https:\/\/www.deutsche-glasfaser.de\/blog\/#\/schema\/logo\/image\/"}},{"@type":"Person","@id":"https:\/\/www.deutsche-glasfaser.de\/blog\/#\/schema\/person\/9380a6dc7443d77143d0c66c409f574b","name":"Deutsche Glasfaser"}]}},"_links":{"self":[{"href":"https:\/\/www.deutsche-glasfaser.de\/blog\/wp-json\/wp\/v2\/posts\/10144","targetHints":{"allow":["GET"]}}],"collection":[{"href":"https:\/\/www.deutsche-glasfaser.de\/blog\/wp-json\/wp\/v2\/posts"}],"about":[{"href":"https:\/\/www.deutsche-glasfaser.de\/blog\/wp-json\/wp\/v2\/types\/post"}],"author":[{"embeddable":true,"href":"https:\/\/www.deutsche-glasfaser.de\/blog\/wp-json\/wp\/v2\/users\/5"}],"replies":[{"embeddable":true,"href":"https:\/\/www.deutsche-glasfaser.de\/blog\/wp-json\/wp\/v2\/comments?post=10144"}],"version-history":[{"count":10,"href":"https:\/\/www.deutsche-glasfaser.de\/blog\/wp-json\/wp\/v2\/posts\/10144\/revisions"}],"predecessor-version":[{"id":10726,"href":"https:\/\/www.deutsche-glasfaser.de\/blog\/wp-json\/wp\/v2\/posts\/10144\/revisions\/10726"}],"wp:featuredmedia":[{"embeddable":true,"href":"https:\/\/www.deutsche-glasfaser.de\/blog\/wp-json\/wp\/v2\/media\/10145"}],"wp:attachment":[{"href":"https:\/\/www.deutsche-glasfaser.de\/blog\/wp-json\/wp\/v2\/media?parent=10144"}],"wp:term":[{"taxonomy":"category","embeddable":true,"href":"https:\/\/www.deutsche-glasfaser.de\/blog\/wp-json\/wp\/v2\/categories?post=10144"},{"taxonomy":"post_tag","embeddable":true,"href":"https:\/\/www.deutsche-glasfaser.de\/blog\/wp-json\/wp\/v2\/tags?post=10144"}],"curies":[{"name":"wp","href":"https:\/\/api.w.org\/{rel}","templated":true}]}}