{"id":10079,"date":"2022-07-05T09:02:53","date_gmt":"2022-07-05T09:02:53","guid":{"rendered":"https:\/\/www.deutsche-glasfaser.de\/blog\/?p=10079"},"modified":"2022-07-05T09:02:54","modified_gmt":"2022-07-05T09:02:54","slug":"datensicherheit-in-kommunen-taeter-haben-nicht-nur-die-grossstaedte-im-visier","status":"publish","type":"post","link":"https:\/\/www.deutsche-glasfaser.de\/blog\/datensicherheit-in-kommunen-taeter-haben-nicht-nur-die-grossstaedte-im-visier\/","title":{"rendered":"Datensicherheit in Kommunen: \u201eT\u00e4ter haben nicht nur die Gro\u00dfst\u00e4dte im Visier\u201c"},"content":{"rendered":"\t\t<div data-elementor-type=\"wp-post\" data-elementor-id=\"10079\" class=\"elementor elementor-10079\">\n\t\t\t\t\t\t<section class=\"elementor-section elementor-top-section elementor-element elementor-element-c447676 elementor-section-boxed elementor-section-height-default elementor-section-height-default\" data-id=\"c447676\" data-element_type=\"section\" data-e-type=\"section\">\n\t\t\t\t\t\t<div class=\"elementor-container elementor-column-gap-default\">\n\t\t\t\t\t<div class=\"elementor-column elementor-col-100 elementor-top-column elementor-element elementor-element-bd3764c\" data-id=\"bd3764c\" data-element_type=\"column\" data-e-type=\"column\">\n\t\t\t<div class=\"elementor-widget-wrap elementor-element-populated\">\n\t\t\t\t\t\t<div class=\"elementor-element elementor-element-9cd9d7c elementor-widget elementor-widget-text-editor\" data-id=\"9cd9d7c\" data-element_type=\"widget\" data-e-type=\"widget\" data-widget_type=\"text-editor.default\">\n\t\t\t\t<div class=\"elementor-widget-container\">\n\t\t\t\t\t\t\t\t\t<p><span style=\"font-weight: 400;\">Wie sch\u00fctzen Kommunen ihre digitale Infrastruktur? \u00a9 Lars Kienle\/ Unsplash<\/span><\/p>\t\t\t\t\t\t\t\t<\/div>\n\t\t\t\t<\/div>\n\t\t\t\t\t<\/div>\n\t\t<\/div>\n\t\t\t\t\t<\/div>\n\t\t<\/section>\n\t\t\t\t<section class=\"elementor-section elementor-top-section elementor-element elementor-element-a5b5e90 elementor-section-boxed elementor-section-height-default elementor-section-height-default\" data-id=\"a5b5e90\" data-element_type=\"section\" data-e-type=\"section\">\n\t\t\t\t\t\t<div class=\"elementor-container elementor-column-gap-default\">\n\t\t\t\t\t<div class=\"elementor-column elementor-col-100 elementor-top-column elementor-element elementor-element-84b2a49\" data-id=\"84b2a49\" data-element_type=\"column\" data-e-type=\"column\">\n\t\t\t<div class=\"elementor-widget-wrap elementor-element-populated\">\n\t\t\t\t\t\t<div class=\"elementor-element elementor-element-689f4c9 elementor-widget elementor-widget-text-editor\" data-id=\"689f4c9\" data-element_type=\"widget\" data-e-type=\"widget\" data-widget_type=\"text-editor.default\">\n\t\t\t\t<div class=\"elementor-widget-container\">\n\t\t\t\t\t\t\t\t\t<p><b>Herr Professor Detken, von Ihnen und Ihrem Kollegen Prof. Dr. Eren stammt das 2020 ver\u00f6ffentlichte \u201eHandbuch Datensicherheit\u201c. Zur Begriffskl\u00e4rung: Was unterscheidet Datensicherheit und Datenschutz?<\/b><\/p><p><span style=\"font-weight: 400;\">Beide Begriffe werden gemeinhin oft gleich verwendet. Richtigerweise ist Datenschutz jedoch der rechtliche Teilaspekt von Datensicherheit, w\u00e4hrend IT-Sicherheit den technischen Aspekt darstellt. Datensicherheit ist sozusagen das gro\u00dfe Ganze, das \u00fcbergeordnete Ziel. Es wird erreicht, wenn mit Daten sorgf\u00e4ltig umgegangen wird und die technischen Voraussetzungen stimmen.<\/span><\/p><p><span style=\"font-weight: 400;\">Bei ersterem ist Deutschland vorbildlich, teils \u00fcberkorrekt, bei letzterem gibt es noch Nachholbedarf \u2013 besonders in l\u00e4ndlichen Kommunen.<\/span><\/p><p>\u00a0<\/p><p><b>An die sich Ihr Buch im Speziellen richtet?<\/b><\/p><p><span style=\"font-weight: 400;\">Kommunen sind in der Tat eine wesentliche Zielgruppe. In gleichem Ma\u00dfe ist es aber auch f\u00fcr Unternehmen geeignet. Da gibt es eine interessante Analogie: Eine Stadt- oder Dorfgemeinschaft ist, rein technisch betrachtet, ganz \u00e4hnlich organisiert wie ein Unternehmen. Bei beiden besteht ein innerer Kreis des Wissens und Vertrauens. Und beide m\u00fcssen ihre Mitglieder und Geheimnisse vor Angriffen von au\u00dfen sch\u00fctzen \u2013 eben auch digitaler Art.<\/span><\/p><p>\u00a0<\/p><p><b>Ist das in D\u00f6rfern denn ein gr\u00f6\u00dferes Problem als in St\u00e4dten?<\/b><\/p><p><span style=\"font-weight: 400;\">Es mag zwar hier und da Ausnahmen geben, aber im Gro\u00dfen und Ganzen schon.<\/span><\/p><p>\u00a0<\/p><p><b>Woran liegt das?<\/b><\/p><p><span style=\"font-weight: 400;\">Das ist zun\u00e4chst einmal eine Budgetfrage. Datensicherheit ist nicht gratis zu bekommen, denn es m\u00fcssen IT-Berater bezahlt werden, Softwarelizenzen gekauft werden und so weiter. Da haben gr\u00f6\u00dfere St\u00e4dte einfach mehr finanzielle M\u00f6glichkeiten. Wenn da Ressourcen geschaffen werden, dann lieber f\u00fcr etwas Sichtbares wie eine neue Stra\u00dfenbeleuchtung und nicht unbedingt einen unsichtbaren Verteidigungswall gegen m\u00f6gliche digitale Attacken. Generell kommt die Digitalisierung, mit der ja auch bessere Schutzma\u00dfnahmen verbunden sind, in Kommunen langsamer voran als in den St\u00e4dten. Daher sind sie oft f\u00fcr Hacker die leichteren Opfer.<\/span><\/p><p>\u00a0<\/p><p><b>Wie steht es um das Problembewusstsein?<\/b><\/p><p><span style=\"font-weight: 400;\">Man geht ja irgendwie davon aus, ob bewusst oder unbewusst, dass sich Cyberangriffe eher gegen Gro\u00dfstadtnetzwerke richten, weil da mehr zu holen ist, und dass so ein beschauliches Dorf gar nicht im Visier der T\u00e4ter ist. Dem ist aber nicht so, weil die Angriffe nicht mehr zielgerichtet, sondern automatisiert durchgef\u00fchrt werden. Hinzu kommt die besagte mangelnde PR-Wirksamkeit von Vorsichtsma\u00dfnahmen: Mit einer neuen digitalen Dorf-Plattform beispielsweise k\u00f6nnen B\u00fcrgermeister nat\u00fcrlich viel besser bei ihren Einwohnern punkten als mit verbesserter Datensicherheit, weil der praktische Nutzen sofort jedem klar wird. Bei der Datensicherheit erst, wenn es schon zu sp\u00e4t ist. <\/span><\/p>\t\t\t\t\t\t\t\t<\/div>\n\t\t\t\t<\/div>\n\t\t\t\t<div class=\"elementor-element elementor-element-b9d3280 elementor-widget elementor-widget-blockquote\" data-id=\"b9d3280\" data-element_type=\"widget\" data-e-type=\"widget\" data-widget_type=\"blockquote.default\">\n\t\t\t\t<div class=\"elementor-widget-container\">\n\t\t\t\t\t \t\t\t\t<\/div>\n\t\t\t\t<\/div>\n\t\t\t\t<div class=\"elementor-element elementor-element-402fcfe elementor-widget elementor-widget-spacer\" data-id=\"402fcfe\" data-element_type=\"widget\" data-e-type=\"widget\" data-widget_type=\"spacer.default\">\n\t\t\t\t<div class=\"elementor-widget-container\">\n\t\t\t\t\t\t\t<div class=\"elementor-spacer\">\n\t\t\t<div class=\"elementor-spacer-inner\"><\/div>\n\t\t<\/div>\n\t\t\t\t\t\t<\/div>\n\t\t\t\t<\/div>\n\t\t\t\t<div class=\"elementor-element elementor-element-b0c9f22 elementor-widget elementor-widget-text-editor\" data-id=\"b0c9f22\" data-element_type=\"widget\" data-e-type=\"widget\" data-widget_type=\"text-editor.default\">\n\t\t\t\t<div class=\"elementor-widget-container\">\n\t\t\t\t\t\t\t\t\t<p><b>Was kann denn schlimmstenfalls passieren?<\/b><\/p><p><span style=\"font-weight: 400;\">Genau dasselbe, was auch in gro\u00dfen Unternehmen, Organisationen und St\u00e4dten immer h\u00e4ufiger passiert. Sensible Daten gelangen in die H\u00e4nde von Kriminellen. Menschen k\u00f6nnen ausspioniert, bestohlen oder erpresst werden, Netzwerke k\u00f6nnen sabotiert und lahmgelegt werden, bis zum v\u00f6lligen Zusammenbruch der digitalen Infrastruktur. Mit immensen Folgekosten, die man nicht h\u00e4tte, wenn man rechtzeitig solchen Angriffen vorgebeugt h\u00e4tte.<\/span><\/p><p>\u00a0<\/p><p><b>Angenommen, ich bin B\u00fcrgermeisterin oder B\u00fcrgermeister und will die Datensicherheit in meiner Kommune verbessern. Wie sollte ich dabei vorgehen?<\/b><\/p><p><span style=\"font-weight: 400;\">Nach Plan und in der richtigen Reihenfolge. Zuerst m\u00fcssen Sie ein Budget freimachen, ohne das geht es nicht. Anhand der tats\u00e4chlich m\u00f6glichen H\u00f6he kann man dann ableiten, was sich damit erreichen l\u00e4sst und was nicht, wo man also Priorit\u00e4ten setzen muss. Daraufhin sollten Sie ein Konzept erstellen bzw. erstellen lassen: Es sollte den Ist-Zustand analysieren und den Soll-Zustand formulieren. Es orientiert sich am \u201eStand der Technik\u201c, dessen Sicherstellung und regelm\u00e4\u00dfige Aktualisierung jede Kommune beachten sollte. Darunter fallen folgende Bereiche: Anti-Viren\/Anti-Spam-L\u00f6sungen, Firewall-Systeme, VPN-Einwahl und VPN-Direktverbindungen zu anderen Au\u00dfenstellen sowie Proxy-Systeme. Zus\u00e4tzlich sollten ein Zugangskontrollsystem (Network Access Control) und Endpoint Protection heute eigentlich dazugeh\u00f6ren. Auf Basis dieses Konzepts erfolgt dann die Umsetzung, Schritt f\u00fcr Schritt und in einem festgelegten Zeitrahmen. Im Anschluss wird im Rahmen einer Evaluierung der Erfolg der ergriffenen Ma\u00dfnahmen beurteilt.<\/span><\/p><p>\u00a0<\/p><p><b>Wie ist die aktuelle Bedrohungslage und was hat sich in den letzten Jahren ge\u00e4ndert?<\/b><\/p><p><span style=\"font-weight: 400;\">Wir haben das Handbuch Datensicherheit Ende 2020 ver\u00f6ffentlicht. In den Jahren davor konnten wir weltweit einen starken Anstieg in der Cyberkriminalit\u00e4t beobachten, der sich bis heute fortsetzt. W\u00e4hrend es fr\u00fcher, dem Klischee entsprechend, oftmals Einzelt\u00e4ter auf fernen karibischen Inseln oder Osteuropa waren, ist seitdem eine gro\u00dfe organisatorische Ausweitung und Professionalisierung erfolgt. Zun\u00e4chst vor allem in bestimmten Staaten wie etwa China oder Russland, dann aber auch zunehmend vor unserer Haust\u00fcr \u2013 und auch in Deutschland selbst. Es kann also gut sein, dass die n\u00e4chste Hackergruppe im Nachbardorf sitzt und genau wei\u00df, was sie von Ihnen will und wie sie es bekommen kann. Mit anderen Worten: Die Gefahr ist realer denn je \u2013 auch in l\u00e4ndlichen Kommunen. Darauf muss man vorbereitet sein.<\/span><\/p>\t\t\t\t\t\t\t\t<\/div>\n\t\t\t\t<\/div>\n\t\t\t\t<div class=\"elementor-element elementor-element-eb84e16 elementor-widget elementor-widget-spacer\" data-id=\"eb84e16\" data-element_type=\"widget\" data-e-type=\"widget\" data-widget_type=\"spacer.default\">\n\t\t\t\t<div class=\"elementor-widget-container\">\n\t\t\t\t\t\t\t<div class=\"elementor-spacer\">\n\t\t\t<div class=\"elementor-spacer-inner\"><\/div>\n\t\t<\/div>\n\t\t\t\t\t\t<\/div>\n\t\t\t\t<\/div>\n\t\t\t\t<section class=\"elementor-section elementor-inner-section elementor-element elementor-element-bf53657 elementor-section-boxed elementor-section-height-default elementor-section-height-default\" data-id=\"bf53657\" data-element_type=\"section\" data-e-type=\"section\">\n\t\t\t\t\t\t<div class=\"elementor-container elementor-column-gap-default\">\n\t\t\t\t\t<div class=\"elementor-column elementor-col-50 elementor-inner-column elementor-element elementor-element-4264828\" data-id=\"4264828\" data-element_type=\"column\" data-e-type=\"column\">\n\t\t\t<div class=\"elementor-widget-wrap elementor-element-populated\">\n\t\t\t\t\t\t<div class=\"elementor-element elementor-element-88ce9d6 elementor-widget elementor-widget-image\" data-id=\"88ce9d6\" data-element_type=\"widget\" data-e-type=\"widget\" data-widget_type=\"image.default\">\n\t\t\t\t<div class=\"elementor-widget-container\">\n\t\t\t\t\t\t\t\t\t\t\t\t<figure class=\"wp-caption\">\n\t\t\t\t\t\t\t\t\t\t<img fetchpriority=\"high\" decoding=\"async\" width=\"788\" height=\"635\" src=\"https:\/\/www.deutsche-glasfaser.de\/blog\/wp-content\/uploads\/2022\/07\/Blog_Datensicherheit.jpg\" class=\"attachment-large size-large wp-image-10081\" alt=\"\" srcset=\"https:\/\/www.deutsche-glasfaser.de\/blog\/wp-content\/uploads\/2022\/07\/Blog_Datensicherheit.jpg 788w, https:\/\/www.deutsche-glasfaser.de\/blog\/wp-content\/uploads\/2022\/07\/Blog_Datensicherheit-300x242.jpg 300w, https:\/\/www.deutsche-glasfaser.de\/blog\/wp-content\/uploads\/2022\/07\/Blog_Datensicherheit-768x619.jpg 768w\" sizes=\"(max-width: 788px) 100vw, 788px\" \/>\t\t\t\t\t\t\t\t\t\t\t<figcaption class=\"widget-image-caption wp-caption-text\">Prof. Dr.-Ing. Kai-Oliver Detken \u00a9 Detken<\/figcaption>\n\t\t\t\t\t\t\t\t\t\t<\/figure>\n\t\t\t\t\t\t\t\t\t<\/div>\n\t\t\t\t<\/div>\n\t\t\t\t\t<\/div>\n\t\t<\/div>\n\t\t\t\t<div class=\"elementor-column elementor-col-50 elementor-inner-column elementor-element elementor-element-9ce3b8c\" data-id=\"9ce3b8c\" data-element_type=\"column\" data-e-type=\"column\">\n\t\t\t<div class=\"elementor-widget-wrap elementor-element-populated\">\n\t\t\t\t\t\t<div class=\"elementor-element elementor-element-ed23bec elementor-widget elementor-widget-heading\" data-id=\"ed23bec\" data-element_type=\"widget\" data-e-type=\"widget\" data-widget_type=\"heading.default\">\n\t\t\t\t<div class=\"elementor-widget-container\">\n\t\t\t\t\t<h2 class=\"elementor-heading-title elementor-size-xl\">Zur Person <\/h2>\t\t\t\t<\/div>\n\t\t\t\t<\/div>\n\t\t\t\t<div class=\"elementor-element elementor-element-74eb67e elementor-widget elementor-widget-spacer\" data-id=\"74eb67e\" data-element_type=\"widget\" data-e-type=\"widget\" data-widget_type=\"spacer.default\">\n\t\t\t\t<div class=\"elementor-widget-container\">\n\t\t\t\t\t\t\t<div class=\"elementor-spacer\">\n\t\t\t<div class=\"elementor-spacer-inner\"><\/div>\n\t\t<\/div>\n\t\t\t\t\t\t<\/div>\n\t\t\t\t<\/div>\n\t\t\t\t<div class=\"elementor-element elementor-element-5b84dc3 elementor-widget elementor-widget-text-editor\" data-id=\"5b84dc3\" data-element_type=\"widget\" data-e-type=\"widget\" data-widget_type=\"text-editor.default\">\n\t\t\t\t<div class=\"elementor-widget-container\">\n\t\t\t\t\t\t\t\t\t<p><span style=\"font-weight: 400;\">Kai-Oliver Detken (*21. Februar 1968 in Hamburg) ist ein deutscher Fachbuchautor, IT-Unternehmensberater, Hochschuldozent und Unternehmer. Bei seiner Lehrt\u00e4tigkeit konzentriert er sich seit 2017 auf den Internationalen Studiengang Medieninformatik (ISM) an der Hochschule Bremen. Dar\u00fcber hinaus ist er begeisterter Hobby-Astronom.\u00a0<\/span><\/p><p>\u00a0<\/p><p><span style=\"font-weight: 400;\">Weitere Infos \u00fcber sein <\/span><strong><a href=\"https:\/\/www.ksv-medien.de\/themen\/verwaltung\/handbuch-datensicherheit\">\u201eHandbuch Datensicherheit\u201c<\/a>\u00a0<\/strong><\/p>\t\t\t\t\t\t\t\t<\/div>\n\t\t\t\t<\/div>\n\t\t\t\t\t<\/div>\n\t\t<\/div>\n\t\t\t\t\t<\/div>\n\t\t<\/section>\n\t\t\t\t\t<\/div>\n\t\t<\/div>\n\t\t\t\t\t<\/div>\n\t\t<\/section>\n\t\t\t\t<\/div>\n\t\t","protected":false},"excerpt":{"rendered":"<p>Vom Aktenschrank zur Datenbank: Im digitalen Zeitalter m\u00fcssen sich Kommunen vermehrt mit dem Thema Datensicherheit befassen. Warum das niemand auf die leichte Schulter nehmen sollte und wie man in den Rath\u00e4usern am besten damit loslegt, erkl\u00e4rt Prof. Dr.-Ing. Kai-Oliver Detken.<\/p>\n","protected":false},"author":5,"featured_media":10080,"comment_status":"open","ping_status":"open","sticky":false,"template":"","format":"standard","meta":{"footnotes":""},"categories":[69],"tags":[],"class_list":["post-10079","post","type-post","status-publish","format-standard","has-post-thumbnail","hentry","category-arbeit"],"yoast_head":"<!-- This site is optimized with the Yoast SEO plugin v27.5 - https:\/\/yoast.com\/product\/yoast-seo-wordpress\/ -->\n<title>Interview: Datensicherheit und Datenschutz in Kommunen - Digitales B\u00fcrgernetz<\/title>\n<meta name=\"description\" content=\"Interview mit dem IT-Experten Prof. Kai-Oliver Detken: Warum Datensicherheit auch in l\u00e4ndlichen Kommunen wichtig ist und wie man am besten anf\u00e4ngt.\" \/>\n<meta name=\"robots\" content=\"index, follow, max-snippet:-1, max-image-preview:large, max-video-preview:-1\" \/>\n<link rel=\"canonical\" href=\"https:\/\/www.deutsche-glasfaser.de\/blog\/datensicherheit-in-kommunen-taeter-haben-nicht-nur-die-grossstaedte-im-visier\/\" \/>\n<meta property=\"og:locale\" content=\"de_DE\" \/>\n<meta property=\"og:type\" content=\"article\" \/>\n<meta property=\"og:title\" content=\"Interview: Datensicherheit und Datenschutz in Kommunen - Digitales B\u00fcrgernetz\" \/>\n<meta property=\"og:description\" content=\"Interview mit dem IT-Experten Prof. Kai-Oliver Detken: Warum Datensicherheit auch in l\u00e4ndlichen Kommunen wichtig ist und wie man am besten anf\u00e4ngt.\" \/>\n<meta property=\"og:url\" content=\"https:\/\/www.deutsche-glasfaser.de\/blog\/datensicherheit-in-kommunen-taeter-haben-nicht-nur-die-grossstaedte-im-visier\/\" \/>\n<meta property=\"og:site_name\" content=\"Digitales B\u00fcrgernetz\" \/>\n<meta property=\"article:published_time\" content=\"2022-07-05T09:02:53+00:00\" \/>\n<meta property=\"article:modified_time\" content=\"2022-07-05T09:02:54+00:00\" \/>\n<meta property=\"og:image\" content=\"https:\/\/www.deutsche-glasfaser.de\/blog\/wp-content\/uploads\/2022\/07\/lars-kienle-IlxX7xnbRF8-unsplash-1-scaled.jpg\" \/>\n\t<meta property=\"og:image:width\" content=\"2560\" \/>\n\t<meta property=\"og:image:height\" content=\"1707\" \/>\n\t<meta property=\"og:image:type\" content=\"image\/jpeg\" \/>\n<meta name=\"author\" content=\"Deutsche Glasfaser\" \/>\n<meta name=\"twitter:card\" content=\"summary_large_image\" \/>\n<meta name=\"twitter:label1\" content=\"Verfasst von\" \/>\n\t<meta name=\"twitter:data1\" content=\"Deutsche Glasfaser\" \/>\n\t<meta name=\"twitter:label2\" content=\"Gesch\u00e4tzte Lesezeit\" \/>\n\t<meta name=\"twitter:data2\" content=\"5\u00a0Minuten\" \/>\n<script type=\"application\/ld+json\" class=\"yoast-schema-graph\">{\"@context\":\"https:\\\/\\\/schema.org\",\"@graph\":[{\"@type\":\"Article\",\"@id\":\"https:\\\/\\\/www.deutsche-glasfaser.de\\\/blog\\\/datensicherheit-in-kommunen-taeter-haben-nicht-nur-die-grossstaedte-im-visier\\\/#article\",\"isPartOf\":{\"@id\":\"https:\\\/\\\/www.deutsche-glasfaser.de\\\/blog\\\/datensicherheit-in-kommunen-taeter-haben-nicht-nur-die-grossstaedte-im-visier\\\/\"},\"author\":{\"name\":\"Deutsche Glasfaser\",\"@id\":\"https:\\\/\\\/www.deutsche-glasfaser.de\\\/blog\\\/#\\\/schema\\\/person\\\/9380a6dc7443d77143d0c66c409f574b\"},\"headline\":\"Datensicherheit in Kommunen: \u201eT\u00e4ter haben nicht nur die Gro\u00dfst\u00e4dte im Visier\u201c\",\"datePublished\":\"2022-07-05T09:02:53+00:00\",\"dateModified\":\"2022-07-05T09:02:54+00:00\",\"mainEntityOfPage\":{\"@id\":\"https:\\\/\\\/www.deutsche-glasfaser.de\\\/blog\\\/datensicherheit-in-kommunen-taeter-haben-nicht-nur-die-grossstaedte-im-visier\\\/\"},\"wordCount\":879,\"commentCount\":0,\"publisher\":{\"@id\":\"https:\\\/\\\/www.deutsche-glasfaser.de\\\/blog\\\/#organization\"},\"image\":{\"@id\":\"https:\\\/\\\/www.deutsche-glasfaser.de\\\/blog\\\/datensicherheit-in-kommunen-taeter-haben-nicht-nur-die-grossstaedte-im-visier\\\/#primaryimage\"},\"thumbnailUrl\":\"https:\\\/\\\/www.deutsche-glasfaser.de\\\/blog\\\/wp-content\\\/uploads\\\/2022\\\/07\\\/lars-kienle-IlxX7xnbRF8-unsplash-1-scaled.jpg\",\"articleSection\":[\"#Arbeit\"],\"inLanguage\":\"de\",\"potentialAction\":[{\"@type\":\"CommentAction\",\"name\":\"Comment\",\"target\":[\"https:\\\/\\\/www.deutsche-glasfaser.de\\\/blog\\\/datensicherheit-in-kommunen-taeter-haben-nicht-nur-die-grossstaedte-im-visier\\\/#respond\"]}]},{\"@type\":\"WebPage\",\"@id\":\"https:\\\/\\\/www.deutsche-glasfaser.de\\\/blog\\\/datensicherheit-in-kommunen-taeter-haben-nicht-nur-die-grossstaedte-im-visier\\\/\",\"url\":\"https:\\\/\\\/www.deutsche-glasfaser.de\\\/blog\\\/datensicherheit-in-kommunen-taeter-haben-nicht-nur-die-grossstaedte-im-visier\\\/\",\"name\":\"Interview: Datensicherheit und Datenschutz in Kommunen - Digitales B\u00fcrgernetz\",\"isPartOf\":{\"@id\":\"https:\\\/\\\/www.deutsche-glasfaser.de\\\/blog\\\/#website\"},\"primaryImageOfPage\":{\"@id\":\"https:\\\/\\\/www.deutsche-glasfaser.de\\\/blog\\\/datensicherheit-in-kommunen-taeter-haben-nicht-nur-die-grossstaedte-im-visier\\\/#primaryimage\"},\"image\":{\"@id\":\"https:\\\/\\\/www.deutsche-glasfaser.de\\\/blog\\\/datensicherheit-in-kommunen-taeter-haben-nicht-nur-die-grossstaedte-im-visier\\\/#primaryimage\"},\"thumbnailUrl\":\"https:\\\/\\\/www.deutsche-glasfaser.de\\\/blog\\\/wp-content\\\/uploads\\\/2022\\\/07\\\/lars-kienle-IlxX7xnbRF8-unsplash-1-scaled.jpg\",\"datePublished\":\"2022-07-05T09:02:53+00:00\",\"dateModified\":\"2022-07-05T09:02:54+00:00\",\"description\":\"Interview mit dem IT-Experten Prof. Kai-Oliver Detken: Warum Datensicherheit auch in l\u00e4ndlichen Kommunen wichtig ist und wie man am besten anf\u00e4ngt.\",\"inLanguage\":\"de\",\"potentialAction\":[{\"@type\":\"ReadAction\",\"target\":[\"https:\\\/\\\/www.deutsche-glasfaser.de\\\/blog\\\/datensicherheit-in-kommunen-taeter-haben-nicht-nur-die-grossstaedte-im-visier\\\/\"]}]},{\"@type\":\"ImageObject\",\"inLanguage\":\"de\",\"@id\":\"https:\\\/\\\/www.deutsche-glasfaser.de\\\/blog\\\/datensicherheit-in-kommunen-taeter-haben-nicht-nur-die-grossstaedte-im-visier\\\/#primaryimage\",\"url\":\"https:\\\/\\\/www.deutsche-glasfaser.de\\\/blog\\\/wp-content\\\/uploads\\\/2022\\\/07\\\/lars-kienle-IlxX7xnbRF8-unsplash-1-scaled.jpg\",\"contentUrl\":\"https:\\\/\\\/www.deutsche-glasfaser.de\\\/blog\\\/wp-content\\\/uploads\\\/2022\\\/07\\\/lars-kienle-IlxX7xnbRF8-unsplash-1-scaled.jpg\",\"width\":2560,\"height\":1707,\"caption\":\"Wie sch\u00fctzen Kommunen ihre digitale Infrastruktur? \u00a9 Lars Kienle\\\/ Unsplash\"},{\"@type\":\"WebSite\",\"@id\":\"https:\\\/\\\/www.deutsche-glasfaser.de\\\/blog\\\/#website\",\"url\":\"https:\\\/\\\/www.deutsche-glasfaser.de\\\/blog\\\/\",\"name\":\"Digitales B\u00fcrgernetz\",\"description\":\"Deutsche Glasfaser Blog\",\"publisher\":{\"@id\":\"https:\\\/\\\/www.deutsche-glasfaser.de\\\/blog\\\/#organization\"},\"potentialAction\":[{\"@type\":\"SearchAction\",\"target\":{\"@type\":\"EntryPoint\",\"urlTemplate\":\"https:\\\/\\\/www.deutsche-glasfaser.de\\\/blog\\\/?s={search_term_string}\"},\"query-input\":{\"@type\":\"PropertyValueSpecification\",\"valueRequired\":true,\"valueName\":\"search_term_string\"}}],\"inLanguage\":\"de\"},{\"@type\":\"Organization\",\"@id\":\"https:\\\/\\\/www.deutsche-glasfaser.de\\\/blog\\\/#organization\",\"name\":\"Digitales B\u00fcrgernetz\",\"url\":\"https:\\\/\\\/www.deutsche-glasfaser.de\\\/blog\\\/\",\"logo\":{\"@type\":\"ImageObject\",\"inLanguage\":\"de\",\"@id\":\"https:\\\/\\\/www.deutsche-glasfaser.de\\\/blog\\\/#\\\/schema\\\/logo\\\/image\\\/\",\"url\":\"https:\\\/\\\/www.deutsche-glasfaser.de\\\/blog\\\/wp-content\\\/uploads\\\/2021\\\/08\\\/DGF_Logo_Basis_RGB-Large@2x.png\",\"contentUrl\":\"https:\\\/\\\/www.deutsche-glasfaser.de\\\/blog\\\/wp-content\\\/uploads\\\/2021\\\/08\\\/DGF_Logo_Basis_RGB-Large@2x.png\",\"width\":312,\"height\":104,\"caption\":\"Digitales B\u00fcrgernetz\"},\"image\":{\"@id\":\"https:\\\/\\\/www.deutsche-glasfaser.de\\\/blog\\\/#\\\/schema\\\/logo\\\/image\\\/\"}},{\"@type\":\"Person\",\"@id\":\"https:\\\/\\\/www.deutsche-glasfaser.de\\\/blog\\\/#\\\/schema\\\/person\\\/9380a6dc7443d77143d0c66c409f574b\",\"name\":\"Deutsche Glasfaser\"}]}<\/script>\n<!-- \/ Yoast SEO plugin. -->","yoast_head_json":{"title":"Interview: Datensicherheit und Datenschutz in Kommunen - Digitales B\u00fcrgernetz","description":"Interview mit dem IT-Experten Prof. Kai-Oliver Detken: Warum Datensicherheit auch in l\u00e4ndlichen Kommunen wichtig ist und wie man am besten anf\u00e4ngt.","robots":{"index":"index","follow":"follow","max-snippet":"max-snippet:-1","max-image-preview":"max-image-preview:large","max-video-preview":"max-video-preview:-1"},"canonical":"https:\/\/www.deutsche-glasfaser.de\/blog\/datensicherheit-in-kommunen-taeter-haben-nicht-nur-die-grossstaedte-im-visier\/","og_locale":"de_DE","og_type":"article","og_title":"Interview: Datensicherheit und Datenschutz in Kommunen - Digitales B\u00fcrgernetz","og_description":"Interview mit dem IT-Experten Prof. Kai-Oliver Detken: Warum Datensicherheit auch in l\u00e4ndlichen Kommunen wichtig ist und wie man am besten anf\u00e4ngt.","og_url":"https:\/\/www.deutsche-glasfaser.de\/blog\/datensicherheit-in-kommunen-taeter-haben-nicht-nur-die-grossstaedte-im-visier\/","og_site_name":"Digitales B\u00fcrgernetz","article_published_time":"2022-07-05T09:02:53+00:00","article_modified_time":"2022-07-05T09:02:54+00:00","og_image":[{"width":2560,"height":1707,"url":"https:\/\/www.deutsche-glasfaser.de\/blog\/wp-content\/uploads\/2022\/07\/lars-kienle-IlxX7xnbRF8-unsplash-1-scaled.jpg","type":"image\/jpeg"}],"author":"Deutsche Glasfaser","twitter_card":"summary_large_image","twitter_misc":{"Verfasst von":"Deutsche Glasfaser","Gesch\u00e4tzte Lesezeit":"5\u00a0Minuten"},"schema":{"@context":"https:\/\/schema.org","@graph":[{"@type":"Article","@id":"https:\/\/www.deutsche-glasfaser.de\/blog\/datensicherheit-in-kommunen-taeter-haben-nicht-nur-die-grossstaedte-im-visier\/#article","isPartOf":{"@id":"https:\/\/www.deutsche-glasfaser.de\/blog\/datensicherheit-in-kommunen-taeter-haben-nicht-nur-die-grossstaedte-im-visier\/"},"author":{"name":"Deutsche Glasfaser","@id":"https:\/\/www.deutsche-glasfaser.de\/blog\/#\/schema\/person\/9380a6dc7443d77143d0c66c409f574b"},"headline":"Datensicherheit in Kommunen: \u201eT\u00e4ter haben nicht nur die Gro\u00dfst\u00e4dte im Visier\u201c","datePublished":"2022-07-05T09:02:53+00:00","dateModified":"2022-07-05T09:02:54+00:00","mainEntityOfPage":{"@id":"https:\/\/www.deutsche-glasfaser.de\/blog\/datensicherheit-in-kommunen-taeter-haben-nicht-nur-die-grossstaedte-im-visier\/"},"wordCount":879,"commentCount":0,"publisher":{"@id":"https:\/\/www.deutsche-glasfaser.de\/blog\/#organization"},"image":{"@id":"https:\/\/www.deutsche-glasfaser.de\/blog\/datensicherheit-in-kommunen-taeter-haben-nicht-nur-die-grossstaedte-im-visier\/#primaryimage"},"thumbnailUrl":"https:\/\/www.deutsche-glasfaser.de\/blog\/wp-content\/uploads\/2022\/07\/lars-kienle-IlxX7xnbRF8-unsplash-1-scaled.jpg","articleSection":["#Arbeit"],"inLanguage":"de","potentialAction":[{"@type":"CommentAction","name":"Comment","target":["https:\/\/www.deutsche-glasfaser.de\/blog\/datensicherheit-in-kommunen-taeter-haben-nicht-nur-die-grossstaedte-im-visier\/#respond"]}]},{"@type":"WebPage","@id":"https:\/\/www.deutsche-glasfaser.de\/blog\/datensicherheit-in-kommunen-taeter-haben-nicht-nur-die-grossstaedte-im-visier\/","url":"https:\/\/www.deutsche-glasfaser.de\/blog\/datensicherheit-in-kommunen-taeter-haben-nicht-nur-die-grossstaedte-im-visier\/","name":"Interview: Datensicherheit und Datenschutz in Kommunen - Digitales B\u00fcrgernetz","isPartOf":{"@id":"https:\/\/www.deutsche-glasfaser.de\/blog\/#website"},"primaryImageOfPage":{"@id":"https:\/\/www.deutsche-glasfaser.de\/blog\/datensicherheit-in-kommunen-taeter-haben-nicht-nur-die-grossstaedte-im-visier\/#primaryimage"},"image":{"@id":"https:\/\/www.deutsche-glasfaser.de\/blog\/datensicherheit-in-kommunen-taeter-haben-nicht-nur-die-grossstaedte-im-visier\/#primaryimage"},"thumbnailUrl":"https:\/\/www.deutsche-glasfaser.de\/blog\/wp-content\/uploads\/2022\/07\/lars-kienle-IlxX7xnbRF8-unsplash-1-scaled.jpg","datePublished":"2022-07-05T09:02:53+00:00","dateModified":"2022-07-05T09:02:54+00:00","description":"Interview mit dem IT-Experten Prof. Kai-Oliver Detken: Warum Datensicherheit auch in l\u00e4ndlichen Kommunen wichtig ist und wie man am besten anf\u00e4ngt.","inLanguage":"de","potentialAction":[{"@type":"ReadAction","target":["https:\/\/www.deutsche-glasfaser.de\/blog\/datensicherheit-in-kommunen-taeter-haben-nicht-nur-die-grossstaedte-im-visier\/"]}]},{"@type":"ImageObject","inLanguage":"de","@id":"https:\/\/www.deutsche-glasfaser.de\/blog\/datensicherheit-in-kommunen-taeter-haben-nicht-nur-die-grossstaedte-im-visier\/#primaryimage","url":"https:\/\/www.deutsche-glasfaser.de\/blog\/wp-content\/uploads\/2022\/07\/lars-kienle-IlxX7xnbRF8-unsplash-1-scaled.jpg","contentUrl":"https:\/\/www.deutsche-glasfaser.de\/blog\/wp-content\/uploads\/2022\/07\/lars-kienle-IlxX7xnbRF8-unsplash-1-scaled.jpg","width":2560,"height":1707,"caption":"Wie sch\u00fctzen Kommunen ihre digitale Infrastruktur? \u00a9 Lars Kienle\/ Unsplash"},{"@type":"WebSite","@id":"https:\/\/www.deutsche-glasfaser.de\/blog\/#website","url":"https:\/\/www.deutsche-glasfaser.de\/blog\/","name":"Digitales B\u00fcrgernetz","description":"Deutsche Glasfaser Blog","publisher":{"@id":"https:\/\/www.deutsche-glasfaser.de\/blog\/#organization"},"potentialAction":[{"@type":"SearchAction","target":{"@type":"EntryPoint","urlTemplate":"https:\/\/www.deutsche-glasfaser.de\/blog\/?s={search_term_string}"},"query-input":{"@type":"PropertyValueSpecification","valueRequired":true,"valueName":"search_term_string"}}],"inLanguage":"de"},{"@type":"Organization","@id":"https:\/\/www.deutsche-glasfaser.de\/blog\/#organization","name":"Digitales B\u00fcrgernetz","url":"https:\/\/www.deutsche-glasfaser.de\/blog\/","logo":{"@type":"ImageObject","inLanguage":"de","@id":"https:\/\/www.deutsche-glasfaser.de\/blog\/#\/schema\/logo\/image\/","url":"https:\/\/www.deutsche-glasfaser.de\/blog\/wp-content\/uploads\/2021\/08\/DGF_Logo_Basis_RGB-Large@2x.png","contentUrl":"https:\/\/www.deutsche-glasfaser.de\/blog\/wp-content\/uploads\/2021\/08\/DGF_Logo_Basis_RGB-Large@2x.png","width":312,"height":104,"caption":"Digitales B\u00fcrgernetz"},"image":{"@id":"https:\/\/www.deutsche-glasfaser.de\/blog\/#\/schema\/logo\/image\/"}},{"@type":"Person","@id":"https:\/\/www.deutsche-glasfaser.de\/blog\/#\/schema\/person\/9380a6dc7443d77143d0c66c409f574b","name":"Deutsche Glasfaser"}]}},"_links":{"self":[{"href":"https:\/\/www.deutsche-glasfaser.de\/blog\/wp-json\/wp\/v2\/posts\/10079","targetHints":{"allow":["GET"]}}],"collection":[{"href":"https:\/\/www.deutsche-glasfaser.de\/blog\/wp-json\/wp\/v2\/posts"}],"about":[{"href":"https:\/\/www.deutsche-glasfaser.de\/blog\/wp-json\/wp\/v2\/types\/post"}],"author":[{"embeddable":true,"href":"https:\/\/www.deutsche-glasfaser.de\/blog\/wp-json\/wp\/v2\/users\/5"}],"replies":[{"embeddable":true,"href":"https:\/\/www.deutsche-glasfaser.de\/blog\/wp-json\/wp\/v2\/comments?post=10079"}],"version-history":[{"count":8,"href":"https:\/\/www.deutsche-glasfaser.de\/blog\/wp-json\/wp\/v2\/posts\/10079\/revisions"}],"predecessor-version":[{"id":10089,"href":"https:\/\/www.deutsche-glasfaser.de\/blog\/wp-json\/wp\/v2\/posts\/10079\/revisions\/10089"}],"wp:featuredmedia":[{"embeddable":true,"href":"https:\/\/www.deutsche-glasfaser.de\/blog\/wp-json\/wp\/v2\/media\/10080"}],"wp:attachment":[{"href":"https:\/\/www.deutsche-glasfaser.de\/blog\/wp-json\/wp\/v2\/media?parent=10079"}],"wp:term":[{"taxonomy":"category","embeddable":true,"href":"https:\/\/www.deutsche-glasfaser.de\/blog\/wp-json\/wp\/v2\/categories?post=10079"},{"taxonomy":"post_tag","embeddable":true,"href":"https:\/\/www.deutsche-glasfaser.de\/blog\/wp-json\/wp\/v2\/tags?post=10079"}],"curies":[{"name":"wp","href":"https:\/\/api.w.org\/{rel}","templated":true}]}}